{"id":72801,"date":"2023-03-08T03:11:36","date_gmt":"2023-03-08T03:11:36","guid":{"rendered":"https:\/\/elregionalvm.com.ar\/noticias-villa-maria\/?p=72801"},"modified":"2023-03-09T03:37:22","modified_gmt":"2023-03-09T03:37:22","slug":"grahovac-los-gremios-deberian-pedirle-al-gobierno-nacional-que-pare-de-generar-inflacion","status":"publish","type":"post","link":"https:\/\/elregionalvm.com.ar\/noticias-villa-maria\/grahovac-los-gremios-deberian-pedirle-al-gobierno-nacional-que-pare-de-generar-inflacion\/","title":{"rendered":"Grahovac: \u00abLos gremios deber\u00edan pedirle al Gobierno nacional que pare de generar inflaci\u00f3n\u00bb"},"content":{"rendered":"\n<p>\u00abSeguimos con la voluntad de dialogar y tratando de encontrar un resultado\u00bb, manifest\u00f3 el ministro de Educaci\u00f3n de la provincia, Walter Grahovac, en relaci\u00f3n con el rechazo del gremio docente a la propuesta salarial y la convocatoria a un nuevo paro este viernes 10 de marzo.<\/p>\n\n\n\n<p>El funcionario provincial dialog\u00f3 con Germ\u00e1n Giacchero en Canal 20 Noticias y se refiri\u00f3 a la posici\u00f3n oficial respecto del conflicto con el gremio docente. <\/p>\n\n\n\n<p><\/p>\n\n\n\n<figure class=\"wp-block-image size-full is-resized\"><img data-recalc-dims=\"1\" fetchpriority=\"high\" decoding=\"async\" src=\"https:\/\/i0.wp.com\/elregionalvm.com.ar\/noticias-villa-maria\/wp-content\/uploads\/2022\/09\/UEPC.jpg?resize=908%2C575&#038;ssl=1\" alt=\"\" class=\"wp-image-64015\" width=\"908\" height=\"575\" srcset=\"https:\/\/i0.wp.com\/elregionalvm.com.ar\/noticias-villa-maria\/wp-content\/uploads\/2022\/09\/UEPC.jpg?w=640&amp;ssl=1 640w, https:\/\/i0.wp.com\/elregionalvm.com.ar\/noticias-villa-maria\/wp-content\/uploads\/2022\/09\/UEPC.jpg?resize=300%2C190&amp;ssl=1 300w\" sizes=\"(max-width: 908px) 100vw, 908px\" \/><\/figure>\n\n\n\n<p><\/p>\n\n\n\n<p>El gobierno provincial ofreci\u00f3 un incremento del 40% en cuatro tramos para el primer semestre del a\u00f1o, con cl\u00e1usulas de revisi\u00f3n en mayo y julio, propuesta que result\u00f3 rechazada por la Uni\u00f3n de Educadores de la Provincia de C\u00f3rdoba (UEPC).<\/p>\n\n\n\n<p>\u00abEs muy dif\u00edcil hacer una propuesta superadora, primero porque no se construye solos. Adem\u00e1s, hemos ofrecido por encima de lo que ya han acordado los gremios con la Naci\u00f3n\u00bb, remarc\u00f3 Grahovac.<\/p>\n\n\n\n<p>\u00abSon las posibilidades reales, no es un capricho de si queremos o no dar un aumento\u00bb, aclar\u00f3.<\/p>\n\n\n\n<p>Consultado respecto de si consideraba que los salarios docentes eran justos y adecuados al contexto econ\u00f3mico actual, el ministro respondi\u00f3: \u00abPor supuesto que no, pero lo que tendr\u00edan que hacer los gremios es pedirle al gobierno nacional que pare de generar inflaci\u00f3n\u00bb.<\/p>\n\n\n\n<p>\u00abEn ese marco vamos a poder conversar con mayor racionalidad\u00bb, acot\u00f3.<\/p>\n\n\n\n<p><\/p>\n\n\n\n<p><\/p>\n\n\n\n<h3 class=\"wp-block-heading\"><strong>Mir\u00e1 el video de la entrevista completa: <\/strong><\/h3>\n\n\n\n<p><\/p>\n\n\n\n<p><\/p>\n\n\n\n<figure class=\"wp-block-embed is-type-video is-provider-youtube wp-block-embed-youtube wp-embed-aspect-16-9 wp-has-aspect-ratio\"><div class=\"wp-block-embed__wrapper\">\n<iframe title=\"C20N WALTER GRAHOVAC - CONFLICTO DOCENTE\" width=\"500\" height=\"281\" src=\"https:\/\/www.youtube.com\/embed\/QZlp_mo1g5k?feature=oembed\" frameborder=\"0\" allow=\"accelerometer; autoplay; clipboard-write; encrypted-media; gyroscope; picture-in-picture; web-share\" referrerpolicy=\"strict-origin-when-cross-origin\" allowfullscreen><\/iframe>\n<\/div><\/figure>\n","protected":false},"excerpt":{"rendered":"<p>\u00abSeguimos con la voluntad de dialogar y tratando de encontrar un resultado\u00bb, manifest\u00f3 el ministro de Educaci\u00f3n de la provincia, Walter Grahovac, en relaci\u00f3n con el rechazo del gremio docente a la propuesta salarial y la convocatoria a un nuevo paro este viernes 10 de marzo. El funcionario provincial dialog\u00f3 con Germ\u00e1n Giacchero en Canal [&hellip;]<\/p>\n","protected":false},"author":6,"featured_media":18820,"comment_status":"open","ping_status":"open","sticky":false,"template":"","format":"standard","meta":{"site-sidebar-layout":"default","site-content-layout":"","ast-site-content-layout":"default","site-content-style":"default","site-sidebar-style":"default","ast-global-header-display":"","ast-banner-title-visibility":"","ast-main-header-display":"","ast-hfb-above-header-display":"","ast-hfb-below-header-display":"","ast-hfb-mobile-header-display":"","site-post-title":"","ast-breadcrumbs-content":"","ast-featured-img":"","footer-sml-layout":"","ast-disable-related-posts":"","theme-transparent-header-meta":"","adv-header-id-meta":"","stick-header-meta":"","header-above-stick-meta":"","header-main-stick-meta":"","header-below-stick-meta":"","astra-migrate-meta-layouts":"default","ast-page-background-enabled":"default","ast-page-background-meta":{"desktop":{"background-color":"","background-image":"","background-repeat":"repeat","background-position":"center center","background-size":"auto","background-attachment":"scroll","background-type":"","background-media":"","overlay-type":"","overlay-color":"","overlay-opacity":"","overlay-gradient":""},"tablet":{"background-color":"","background-image":"","background-repeat":"repeat","background-position":"center center","background-size":"auto","background-attachment":"scroll","background-type":"","background-media":"","overlay-type":"","overlay-color":"","overlay-opacity":"","overlay-gradient":""},"mobile":{"background-color":"","background-image":"","background-repeat":"repeat","background-position":"center center","background-size":"auto","background-attachment":"scroll","background-type":"","background-media":"","overlay-type":"","overlay-color":"","overlay-opacity":"","overlay-gradient":""}},"ast-content-background-meta":{"desktop":{"background-color":"var(--ast-global-color-5)","background-image":"","background-repeat":"repeat","background-position":"center center","background-size":"auto","background-attachment":"scroll","background-type":"","background-media":"","overlay-type":"","overlay-color":"","overlay-opacity":"","overlay-gradient":""},"tablet":{"background-color":"var(--ast-global-color-5)","background-image":"","background-repeat":"repeat","background-position":"center center","background-size":"auto","background-attachment":"scroll","background-type":"","background-media":"","overlay-type":"","overlay-color":"","overlay-opacity":"","overlay-gradient":""},"mobile":{"background-color":"var(--ast-global-color-5)","background-image":"","background-repeat":"repeat","background-position":"center center","background-size":"auto","background-attachment":"scroll","background-type":"","background-media":"","overlay-type":"","overlay-color":"","overlay-opacity":"","overlay-gradient":""}},"_jetpack_memberships_contains_paid_content":false,"_joinchat":[],"footnotes":""},"categories":[16095,3557,2074],"tags":[2157,3734,21883,2467,20628,17827,18271,12539,3689,3059],"class_list":["post-72801","post","type-post","status-publish","format-standard","has-post-thumbnail","hentry","category-provinciales","category-tercera","category-videos","tag-educacion","tag-gobierno-nacional","tag-gremio-docente","tag-inflacion","tag-ministerio-de-educacion-de-la-provincia","tag-paro-docente","tag-propuesta","tag-reclamo-salarial","tag-uepc","tag-walter-grahovac"],"yoast_head":"<!-- This site is optimized with the Yoast SEO plugin v26.8 - https:\/\/yoast.com\/product\/yoast-seo-wordpress\/ -->\n<title>Grahovac: &quot;Los gremios deber\u00edan pedirle al Gobierno nacional que pare de generar inflaci\u00f3n&quot; - El Regional<\/title>\n<meta name=\"robots\" content=\"index, follow, max-snippet:-1, max-image-preview:large, max-video-preview:-1\" \/>\n<link rel=\"canonical\" href=\"http:\/\/elregionalvm.com.ar\/noticias-villa-maria\/grahovac-los-gremios-deberian-pedirle-al-gobierno-nacional-que-pare-de-generar-inflacion\/\" \/>\n<meta property=\"og:locale\" content=\"es_ES\" \/>\n<meta property=\"og:type\" content=\"article\" \/>\n<meta property=\"og:title\" content=\"Grahovac: &quot;Los gremios deber\u00edan pedirle al Gobierno nacional que pare de generar inflaci\u00f3n&quot; - El Regional\" \/>\n<meta property=\"og:description\" content=\"\u00abSeguimos con la voluntad de dialogar y tratando de encontrar un resultado\u00bb, manifest\u00f3 el ministro de Educaci\u00f3n de la provincia, Walter Grahovac, en relaci\u00f3n con el rechazo del gremio docente a la propuesta salarial y la convocatoria a un nuevo paro este viernes 10 de marzo. El funcionario provincial dialog\u00f3 con Germ\u00e1n Giacchero en Canal [&hellip;]\" \/>\n<meta property=\"og:url\" content=\"http:\/\/elregionalvm.com.ar\/noticias-villa-maria\/grahovac-los-gremios-deberian-pedirle-al-gobierno-nacional-que-pare-de-generar-inflacion\/\" \/>\n<meta property=\"og:site_name\" content=\"El Regional\" \/>\n<meta property=\"article:publisher\" content=\"https:\/\/www.facebook.com\/elregionalvm\" \/>\n<meta property=\"article:published_time\" content=\"2023-03-08T03:11:36+00:00\" \/>\n<meta property=\"article:modified_time\" content=\"2023-03-09T03:37:22+00:00\" \/>\n<meta property=\"og:image\" content=\"http:\/\/elregionalvm.com.ar\/noticias-villa-maria\/wp-content\/uploads\/2020\/06\/Grahovac-e1678245019979.jpg\" \/>\n\t<meta property=\"og:image:width\" content=\"1200\" \/>\n\t<meta property=\"og:image:height\" content=\"800\" \/>\n\t<meta property=\"og:image:type\" content=\"image\/jpeg\" \/>\n<meta name=\"author\" content=\"Germ\u00e1n Giacchero\" \/>\n<meta name=\"twitter:card\" content=\"summary_large_image\" \/>\n<meta name=\"twitter:creator\" content=\"@elregionalvm1\" \/>\n<meta name=\"twitter:site\" content=\"@elregionalvm1\" \/>\n<meta name=\"twitter:label1\" content=\"Escrito por\" \/>\n\t<meta name=\"twitter:data1\" content=\"Germ\u00e1n Giacchero\" \/>\n\t<meta name=\"twitter:label2\" content=\"Tiempo de lectura\" \/>\n\t<meta name=\"twitter:data2\" content=\"2 minutos\" \/>\n<script type=\"application\/ld+json\" class=\"yoast-schema-graph\">{\"@context\":\"https:\/\/schema.org\",\"@graph\":[{\"@type\":\"Article\",\"@id\":\"http:\/\/elregionalvm.com.ar\/noticias-villa-maria\/grahovac-los-gremios-deberian-pedirle-al-gobierno-nacional-que-pare-de-generar-inflacion\/#article\",\"isPartOf\":{\"@id\":\"http:\/\/elregionalvm.com.ar\/noticias-villa-maria\/grahovac-los-gremios-deberian-pedirle-al-gobierno-nacional-que-pare-de-generar-inflacion\/\"},\"author\":{\"name\":\"Germ\u00e1n Giacchero\",\"@id\":\"http:\/\/elregionalvm.com.ar\/noticias-villa-maria\/#\/schema\/person\/d5e4b04966154131701e52c45d3efec9\"},\"headline\":\"Grahovac: \u00abLos gremios deber\u00edan pedirle al Gobierno nacional que pare de generar inflaci\u00f3n\u00bb\",\"datePublished\":\"2023-03-08T03:11:36+00:00\",\"dateModified\":\"2023-03-09T03:37:22+00:00\",\"mainEntityOfPage\":{\"@id\":\"http:\/\/elregionalvm.com.ar\/noticias-villa-maria\/grahovac-los-gremios-deberian-pedirle-al-gobierno-nacional-que-pare-de-generar-inflacion\/\"},\"wordCount\":253,\"commentCount\":0,\"image\":{\"@id\":\"http:\/\/elregionalvm.com.ar\/noticias-villa-maria\/grahovac-los-gremios-deberian-pedirle-al-gobierno-nacional-que-pare-de-generar-inflacion\/#primaryimage\"},\"thumbnailUrl\":\"https:\/\/i0.wp.com\/elregionalvm.com.ar\/noticias-villa-maria\/wp-content\/uploads\/2020\/06\/Grahovac-e1678245019979.jpg?fit=1200%2C800&ssl=1\",\"keywords\":[\"Educaci\u00f3n\",\"Gobierno Nacional\",\"gremio docente\",\"Inflaci\u00f3n\",\"Ministerio de Educaci\u00f3n de la Provincia\",\"paro docente\",\"propuesta\",\"reclamo salarial\",\"UEPC\",\"Walter Grahovac\"],\"articleSection\":[\"Provinciales\",\"tercera\",\"Videos\"],\"inLanguage\":\"es\",\"potentialAction\":[{\"@type\":\"CommentAction\",\"name\":\"Comment\",\"target\":[\"http:\/\/elregionalvm.com.ar\/noticias-villa-maria\/grahovac-los-gremios-deberian-pedirle-al-gobierno-nacional-que-pare-de-generar-inflacion\/#respond\"]}]},{\"@type\":\"WebPage\",\"@id\":\"http:\/\/elregionalvm.com.ar\/noticias-villa-maria\/grahovac-los-gremios-deberian-pedirle-al-gobierno-nacional-que-pare-de-generar-inflacion\/\",\"url\":\"http:\/\/elregionalvm.com.ar\/noticias-villa-maria\/grahovac-los-gremios-deberian-pedirle-al-gobierno-nacional-que-pare-de-generar-inflacion\/\",\"name\":\"Grahovac: \\\"Los gremios deber\u00edan pedirle al Gobierno nacional que pare de generar inflaci\u00f3n\\\" - El Regional\",\"isPartOf\":{\"@id\":\"http:\/\/elregionalvm.com.ar\/noticias-villa-maria\/#website\"},\"primaryImageOfPage\":{\"@id\":\"http:\/\/elregionalvm.com.ar\/noticias-villa-maria\/grahovac-los-gremios-deberian-pedirle-al-gobierno-nacional-que-pare-de-generar-inflacion\/#primaryimage\"},\"image\":{\"@id\":\"http:\/\/elregionalvm.com.ar\/noticias-villa-maria\/grahovac-los-gremios-deberian-pedirle-al-gobierno-nacional-que-pare-de-generar-inflacion\/#primaryimage\"},\"thumbnailUrl\":\"https:\/\/i0.wp.com\/elregionalvm.com.ar\/noticias-villa-maria\/wp-content\/uploads\/2020\/06\/Grahovac-e1678245019979.jpg?fit=1200%2C800&ssl=1\",\"datePublished\":\"2023-03-08T03:11:36+00:00\",\"dateModified\":\"2023-03-09T03:37:22+00:00\",\"author\":{\"@id\":\"http:\/\/elregionalvm.com.ar\/noticias-villa-maria\/#\/schema\/person\/d5e4b04966154131701e52c45d3efec9\"},\"breadcrumb\":{\"@id\":\"http:\/\/elregionalvm.com.ar\/noticias-villa-maria\/grahovac-los-gremios-deberian-pedirle-al-gobierno-nacional-que-pare-de-generar-inflacion\/#breadcrumb\"},\"inLanguage\":\"es\",\"potentialAction\":[{\"@type\":\"ReadAction\",\"target\":[\"http:\/\/elregionalvm.com.ar\/noticias-villa-maria\/grahovac-los-gremios-deberian-pedirle-al-gobierno-nacional-que-pare-de-generar-inflacion\/\"]}]},{\"@type\":\"ImageObject\",\"inLanguage\":\"es\",\"@id\":\"http:\/\/elregionalvm.com.ar\/noticias-villa-maria\/grahovac-los-gremios-deberian-pedirle-al-gobierno-nacional-que-pare-de-generar-inflacion\/#primaryimage\",\"url\":\"https:\/\/i0.wp.com\/elregionalvm.com.ar\/noticias-villa-maria\/wp-content\/uploads\/2020\/06\/Grahovac-e1678245019979.jpg?fit=1200%2C800&ssl=1\",\"contentUrl\":\"https:\/\/i0.wp.com\/elregionalvm.com.ar\/noticias-villa-maria\/wp-content\/uploads\/2020\/06\/Grahovac-e1678245019979.jpg?fit=1200%2C800&ssl=1\",\"width\":1200,\"height\":800},{\"@type\":\"BreadcrumbList\",\"@id\":\"http:\/\/elregionalvm.com.ar\/noticias-villa-maria\/grahovac-los-gremios-deberian-pedirle-al-gobierno-nacional-que-pare-de-generar-inflacion\/#breadcrumb\",\"itemListElement\":[{\"@type\":\"ListItem\",\"position\":1,\"name\":\"Portada\",\"item\":\"https:\/\/elregionalvm.com.ar\/noticias-villa-maria\/\"},{\"@type\":\"ListItem\",\"position\":2,\"name\":\"Grahovac: \u00abLos gremios deber\u00edan pedirle al Gobierno nacional que pare de generar inflaci\u00f3n\u00bb\"}]},{\"@type\":\"WebSite\",\"@id\":\"http:\/\/elregionalvm.com.ar\/noticias-villa-maria\/#website\",\"url\":\"http:\/\/elregionalvm.com.ar\/noticias-villa-maria\/\",\"name\":\"El Regional\",\"description\":\"Mucho m\u00e1s que informaci\u00f3n\",\"potentialAction\":[{\"@type\":\"SearchAction\",\"target\":{\"@type\":\"EntryPoint\",\"urlTemplate\":\"http:\/\/elregionalvm.com.ar\/noticias-villa-maria\/?s={search_term_string}\"},\"query-input\":{\"@type\":\"PropertyValueSpecification\",\"valueRequired\":true,\"valueName\":\"search_term_string\"}}],\"inLanguage\":\"es\"},{\"@type\":\"Person\",\"@id\":\"http:\/\/elregionalvm.com.ar\/noticias-villa-maria\/#\/schema\/person\/d5e4b04966154131701e52c45d3efec9\",\"name\":\"Germ\u00e1n Giacchero\",\"image\":{\"@type\":\"ImageObject\",\"inLanguage\":\"es\",\"@id\":\"http:\/\/elregionalvm.com.ar\/noticias-villa-maria\/#\/schema\/person\/image\/\",\"url\":\"https:\/\/secure.gravatar.com\/avatar\/fda163ba5ef0307ee5be9846e10f83b6e83d0cfb260d3b2464830318894c6b04?s=96&d=mm&r=g\",\"contentUrl\":\"https:\/\/secure.gravatar.com\/avatar\/fda163ba5ef0307ee5be9846e10f83b6e83d0cfb260d3b2464830318894c6b04?s=96&d=mm&r=g\",\"caption\":\"Germ\u00e1n Giacchero\"},\"url\":\"https:\/\/elregionalvm.com.ar\/noticias-villa-maria\/author\/germangiacchero\/\"}]}<\/script>\n<!-- \/ Yoast SEO plugin. -->","yoast_head_json":{"title":"Grahovac: \"Los gremios deber\u00edan pedirle al Gobierno nacional que pare de generar inflaci\u00f3n\" - El Regional","robots":{"index":"index","follow":"follow","max-snippet":"max-snippet:-1","max-image-preview":"max-image-preview:large","max-video-preview":"max-video-preview:-1"},"canonical":"http:\/\/elregionalvm.com.ar\/noticias-villa-maria\/grahovac-los-gremios-deberian-pedirle-al-gobierno-nacional-que-pare-de-generar-inflacion\/","og_locale":"es_ES","og_type":"article","og_title":"Grahovac: \"Los gremios deber\u00edan pedirle al Gobierno nacional que pare de generar inflaci\u00f3n\" - El Regional","og_description":"\u00abSeguimos con la voluntad de dialogar y tratando de encontrar un resultado\u00bb, manifest\u00f3 el ministro de Educaci\u00f3n de la provincia, Walter Grahovac, en relaci\u00f3n con el rechazo del gremio docente a la propuesta salarial y la convocatoria a un nuevo paro este viernes 10 de marzo. El funcionario provincial dialog\u00f3 con Germ\u00e1n Giacchero en Canal [&hellip;]","og_url":"http:\/\/elregionalvm.com.ar\/noticias-villa-maria\/grahovac-los-gremios-deberian-pedirle-al-gobierno-nacional-que-pare-de-generar-inflacion\/","og_site_name":"El Regional","article_publisher":"https:\/\/www.facebook.com\/elregionalvm","article_published_time":"2023-03-08T03:11:36+00:00","article_modified_time":"2023-03-09T03:37:22+00:00","og_image":[{"width":1200,"height":800,"url":"http:\/\/elregionalvm.com.ar\/noticias-villa-maria\/wp-content\/uploads\/2020\/06\/Grahovac-e1678245019979.jpg","type":"image\/jpeg"}],"author":"Germ\u00e1n Giacchero","twitter_card":"summary_large_image","twitter_creator":"@elregionalvm1","twitter_site":"@elregionalvm1","twitter_misc":{"Escrito por":"Germ\u00e1n Giacchero","Tiempo de lectura":"2 minutos"},"schema":{"@context":"https:\/\/schema.org","@graph":[{"@type":"Article","@id":"http:\/\/elregionalvm.com.ar\/noticias-villa-maria\/grahovac-los-gremios-deberian-pedirle-al-gobierno-nacional-que-pare-de-generar-inflacion\/#article","isPartOf":{"@id":"http:\/\/elregionalvm.com.ar\/noticias-villa-maria\/grahovac-los-gremios-deberian-pedirle-al-gobierno-nacional-que-pare-de-generar-inflacion\/"},"author":{"name":"Germ\u00e1n Giacchero","@id":"http:\/\/elregionalvm.com.ar\/noticias-villa-maria\/#\/schema\/person\/d5e4b04966154131701e52c45d3efec9"},"headline":"Grahovac: \u00abLos gremios deber\u00edan pedirle al Gobierno nacional que pare de generar inflaci\u00f3n\u00bb","datePublished":"2023-03-08T03:11:36+00:00","dateModified":"2023-03-09T03:37:22+00:00","mainEntityOfPage":{"@id":"http:\/\/elregionalvm.com.ar\/noticias-villa-maria\/grahovac-los-gremios-deberian-pedirle-al-gobierno-nacional-que-pare-de-generar-inflacion\/"},"wordCount":253,"commentCount":0,"image":{"@id":"http:\/\/elregionalvm.com.ar\/noticias-villa-maria\/grahovac-los-gremios-deberian-pedirle-al-gobierno-nacional-que-pare-de-generar-inflacion\/#primaryimage"},"thumbnailUrl":"https:\/\/i0.wp.com\/elregionalvm.com.ar\/noticias-villa-maria\/wp-content\/uploads\/2020\/06\/Grahovac-e1678245019979.jpg?fit=1200%2C800&ssl=1","keywords":["Educaci\u00f3n","Gobierno Nacional","gremio docente","Inflaci\u00f3n","Ministerio de Educaci\u00f3n de la Provincia","paro docente","propuesta","reclamo salarial","UEPC","Walter Grahovac"],"articleSection":["Provinciales","tercera","Videos"],"inLanguage":"es","potentialAction":[{"@type":"CommentAction","name":"Comment","target":["http:\/\/elregionalvm.com.ar\/noticias-villa-maria\/grahovac-los-gremios-deberian-pedirle-al-gobierno-nacional-que-pare-de-generar-inflacion\/#respond"]}]},{"@type":"WebPage","@id":"http:\/\/elregionalvm.com.ar\/noticias-villa-maria\/grahovac-los-gremios-deberian-pedirle-al-gobierno-nacional-que-pare-de-generar-inflacion\/","url":"http:\/\/elregionalvm.com.ar\/noticias-villa-maria\/grahovac-los-gremios-deberian-pedirle-al-gobierno-nacional-que-pare-de-generar-inflacion\/","name":"Grahovac: \"Los gremios deber\u00edan pedirle al Gobierno nacional que pare de generar inflaci\u00f3n\" - El Regional","isPartOf":{"@id":"http:\/\/elregionalvm.com.ar\/noticias-villa-maria\/#website"},"primaryImageOfPage":{"@id":"http:\/\/elregionalvm.com.ar\/noticias-villa-maria\/grahovac-los-gremios-deberian-pedirle-al-gobierno-nacional-que-pare-de-generar-inflacion\/#primaryimage"},"image":{"@id":"http:\/\/elregionalvm.com.ar\/noticias-villa-maria\/grahovac-los-gremios-deberian-pedirle-al-gobierno-nacional-que-pare-de-generar-inflacion\/#primaryimage"},"thumbnailUrl":"https:\/\/i0.wp.com\/elregionalvm.com.ar\/noticias-villa-maria\/wp-content\/uploads\/2020\/06\/Grahovac-e1678245019979.jpg?fit=1200%2C800&ssl=1","datePublished":"2023-03-08T03:11:36+00:00","dateModified":"2023-03-09T03:37:22+00:00","author":{"@id":"http:\/\/elregionalvm.com.ar\/noticias-villa-maria\/#\/schema\/person\/d5e4b04966154131701e52c45d3efec9"},"breadcrumb":{"@id":"http:\/\/elregionalvm.com.ar\/noticias-villa-maria\/grahovac-los-gremios-deberian-pedirle-al-gobierno-nacional-que-pare-de-generar-inflacion\/#breadcrumb"},"inLanguage":"es","potentialAction":[{"@type":"ReadAction","target":["http:\/\/elregionalvm.com.ar\/noticias-villa-maria\/grahovac-los-gremios-deberian-pedirle-al-gobierno-nacional-que-pare-de-generar-inflacion\/"]}]},{"@type":"ImageObject","inLanguage":"es","@id":"http:\/\/elregionalvm.com.ar\/noticias-villa-maria\/grahovac-los-gremios-deberian-pedirle-al-gobierno-nacional-que-pare-de-generar-inflacion\/#primaryimage","url":"https:\/\/i0.wp.com\/elregionalvm.com.ar\/noticias-villa-maria\/wp-content\/uploads\/2020\/06\/Grahovac-e1678245019979.jpg?fit=1200%2C800&ssl=1","contentUrl":"https:\/\/i0.wp.com\/elregionalvm.com.ar\/noticias-villa-maria\/wp-content\/uploads\/2020\/06\/Grahovac-e1678245019979.jpg?fit=1200%2C800&ssl=1","width":1200,"height":800},{"@type":"BreadcrumbList","@id":"http:\/\/elregionalvm.com.ar\/noticias-villa-maria\/grahovac-los-gremios-deberian-pedirle-al-gobierno-nacional-que-pare-de-generar-inflacion\/#breadcrumb","itemListElement":[{"@type":"ListItem","position":1,"name":"Portada","item":"https:\/\/elregionalvm.com.ar\/noticias-villa-maria\/"},{"@type":"ListItem","position":2,"name":"Grahovac: \u00abLos gremios deber\u00edan pedirle al Gobierno nacional que pare de generar inflaci\u00f3n\u00bb"}]},{"@type":"WebSite","@id":"http:\/\/elregionalvm.com.ar\/noticias-villa-maria\/#website","url":"http:\/\/elregionalvm.com.ar\/noticias-villa-maria\/","name":"El Regional","description":"Mucho m\u00e1s que informaci\u00f3n","potentialAction":[{"@type":"SearchAction","target":{"@type":"EntryPoint","urlTemplate":"http:\/\/elregionalvm.com.ar\/noticias-villa-maria\/?s={search_term_string}"},"query-input":{"@type":"PropertyValueSpecification","valueRequired":true,"valueName":"search_term_string"}}],"inLanguage":"es"},{"@type":"Person","@id":"http:\/\/elregionalvm.com.ar\/noticias-villa-maria\/#\/schema\/person\/d5e4b04966154131701e52c45d3efec9","name":"Germ\u00e1n Giacchero","image":{"@type":"ImageObject","inLanguage":"es","@id":"http:\/\/elregionalvm.com.ar\/noticias-villa-maria\/#\/schema\/person\/image\/","url":"https:\/\/secure.gravatar.com\/avatar\/fda163ba5ef0307ee5be9846e10f83b6e83d0cfb260d3b2464830318894c6b04?s=96&d=mm&r=g","contentUrl":"https:\/\/secure.gravatar.com\/avatar\/fda163ba5ef0307ee5be9846e10f83b6e83d0cfb260d3b2464830318894c6b04?s=96&d=mm&r=g","caption":"Germ\u00e1n Giacchero"},"url":"https:\/\/elregionalvm.com.ar\/noticias-villa-maria\/author\/germangiacchero\/"}]}},"jetpack_featured_media_url":"https:\/\/i0.wp.com\/elregionalvm.com.ar\/noticias-villa-maria\/wp-content\/uploads\/2020\/06\/Grahovac-e1678245019979.jpg?fit=1200%2C800&ssl=1","jetpack_sharing_enabled":true,"_links":{"self":[{"href":"https:\/\/elregionalvm.com.ar\/noticias-villa-maria\/wp-json\/wp\/v2\/posts\/72801","targetHints":{"allow":["GET"]}}],"collection":[{"href":"https:\/\/elregionalvm.com.ar\/noticias-villa-maria\/wp-json\/wp\/v2\/posts"}],"about":[{"href":"https:\/\/elregionalvm.com.ar\/noticias-villa-maria\/wp-json\/wp\/v2\/types\/post"}],"author":[{"embeddable":true,"href":"https:\/\/elregionalvm.com.ar\/noticias-villa-maria\/wp-json\/wp\/v2\/users\/6"}],"replies":[{"embeddable":true,"href":"https:\/\/elregionalvm.com.ar\/noticias-villa-maria\/wp-json\/wp\/v2\/comments?post=72801"}],"version-history":[{"count":1,"href":"https:\/\/elregionalvm.com.ar\/noticias-villa-maria\/wp-json\/wp\/v2\/posts\/72801\/revisions"}],"predecessor-version":[{"id":72802,"href":"https:\/\/elregionalvm.com.ar\/noticias-villa-maria\/wp-json\/wp\/v2\/posts\/72801\/revisions\/72802"}],"wp:featuredmedia":[{"embeddable":true,"href":"https:\/\/elregionalvm.com.ar\/noticias-villa-maria\/wp-json\/wp\/v2\/media\/18820"}],"wp:attachment":[{"href":"https:\/\/elregionalvm.com.ar\/noticias-villa-maria\/wp-json\/wp\/v2\/media?parent=72801"}],"wp:term":[{"taxonomy":"category","embeddable":true,"href":"https:\/\/elregionalvm.com.ar\/noticias-villa-maria\/wp-json\/wp\/v2\/categories?post=72801"},{"taxonomy":"post_tag","embeddable":true,"href":"https:\/\/elregionalvm.com.ar\/noticias-villa-maria\/wp-json\/wp\/v2\/tags?post=72801"}],"curies":[{"name":"wp","href":"https:\/\/api.w.org\/{rel}","templated":true}]}}