{"id":73036,"date":"2023-03-13T22:09:46","date_gmt":"2023-03-13T22:09:46","guid":{"rendered":"https:\/\/elregionalvm.com.ar\/noticias-villa-maria\/?p=73036"},"modified":"2023-03-14T02:19:12","modified_gmt":"2023-03-14T02:19:12","slug":"la-feria-de-arte-contemporaneo-villa-maria-2023-abre-sus-puertas-el-viernes-con-33-artistas-y-280-obras-en-exhibicion","status":"publish","type":"post","link":"https:\/\/elregionalvm.com.ar\/noticias-villa-maria\/la-feria-de-arte-contemporaneo-villa-maria-2023-abre-sus-puertas-el-viernes-con-33-artistas-y-280-obras-en-exhibicion\/","title":{"rendered":"La Feria de Arte Contempor\u00e1neo abre sus puertas el viernes con 33 artistas y 280 obras"},"content":{"rendered":"\n<p>Desde el viernes 17 hasta el 26 de marzo, el Museo Municipal de Bellas Artes Fernando Bonfiglioli abrir\u00e1 sus puertas para la nueva edici\u00f3n de la Feria de Arte Contempor\u00e1neo Villa Mar\u00eda. <\/p>\n\n\n\n<p>La propuesta se sucede tras el per\u00edodo de inscripci\u00f3n, en el que artistas locales y de la regi\u00f3n se postularon para formar parte de una instancia que invita a conocer y apreciar el arte contempor\u00e1neo, y a aprovechar el espacio de comercializaci\u00f3n para adquirir diversas piezas art\u00edsticas.<\/p>\n\n\n\n<p>Entre los objetivos de esta iniciativa de la Secretar\u00eda de Educaci\u00f3n, Cultura y Promoci\u00f3n de la Ciencia, est\u00e1 el de promover un espacio donde se lleve a cabo la venta directa entre el autor de la obra y el comprador. <\/p>\n\n\n\n<p>Adem\u00e1s, apunta a generar un momento de reflexi\u00f3n en torno al arte y el rol de los museos en las comunidades, con formaciones y talleres disponibles en el transcurso de la feria.<\/p>\n\n\n\n<p>Al respecto, el titular de la cartera cultural, Rafael Sachetto, brind\u00f3 unas palabras en torno a la importancia de este evento: \u201cEs una oportunidad m\u00e1s donde se brinda el espacio no s\u00f3lo para impulsar el circuito de comercializaci\u00f3n de obras, sino tambi\u00e9n promover la formaci\u00f3n y capacitaci\u00f3n de artistas y del p\u00fablico que asiste a la galer\u00eda\u201d.<\/p>\n\n\n\n<p>Por su parte la directora de Museos y Patrimonio, Anal\u00eda Godoy, destac\u00f3 \u201cla necesidad de poner el Museo a disposici\u00f3n\u201d, ya que es un facilitador para la venta de obras, \u201cconsiderando que no existen otros espacios en la ciudad para que esto suceda\u201d. <\/p>\n\n\n\n<p>Adem\u00e1s aclar\u00f3 que \u201cla galer\u00eda no participa de las ventas\u201d, ya que s\u00f3lo brinda el espacio para concretar la comercializaci\u00f3n.<\/p>\n\n\n\n<p>Luego le sigui\u00f3 el turno a la representante de los artistas participantes, Valeria Luna, qui\u00e9n asegur\u00f3 que \u201clos artistas necesitan trabajar y vender sus obras\u201d, por lo que la feria ser\u00e1 una gran oportunidad \u201cpara crear e intercambiar m\u00e1s arte\u201d.<\/p>\n\n\n\n<p>La Feria de Arte contar\u00e1 con la participaci\u00f3n de 33 artistas de la ciudad y regi\u00f3n, quienes fueron seleccionados mediante la convocatoria. <\/p>\n\n\n\n<p>En total, ser\u00e1n 280 las obras presentes, que se podr\u00e1n visitar y adquirir entre el 17 y 26 de marzo en el horario de 9:00 a 21:00 horas. <\/p>\n\n\n\n<p>Es importante destacar que de 17:00 a 21:00 horas estar\u00e1 presente una asesora de ventas, para brindar orientaci\u00f3n a quienes deseen adquirir algunas de las piezas en exhibici\u00f3n. <\/p>\n\n\n\n<p>Un dato relevante corresponde a los precios accesibles de las obras, ya que aquellos trabajos enmarcados tienen un valor que comienza en 8.000 pesos y las obras en papel sin enmarcar, a partir de 2.000 pesos.<\/p>\n\n\n\n<p>En cuanto al eje formativo de la iniciativa, la feria contar\u00e1 con tres talleres destinados a los artistas y a quienes se acerquen al museo. <\/p>\n\n\n\n<p>El primero ser\u00e1 el viernes 17 de marzo a las 19:00 horas, con eje tem\u00e1tico en g\u00e9nero y coleccionismo, a cargo de la curadora Kekena Corval\u00e1n y Alejandra Portela. <\/p>\n\n\n\n<p>Luego, el s\u00e1bado 18 a las 15:00 horas, ambas brindar\u00e1n un taller te\u00f3rico-pr\u00e1ctico, en torno a los nuevos escenarios del mercado de arte local. <\/p>\n\n\n\n<p>Por \u00faltimo, el mi\u00e9rcoles 22 a las 19:30 horas, Gabriela Manfredi vuelve a la galer\u00eda para abrir el debate en torno al arte contempor\u00e1neo en Villa Mar\u00eda.<\/p>\n","protected":false},"excerpt":{"rendered":"<p>Desde el viernes 17 hasta el 26 de marzo, el Museo Municipal de Bellas Artes Fernando Bonfiglioli abrir\u00e1 sus puertas para la nueva edici\u00f3n de la Feria de Arte Contempor\u00e1neo Villa Mar\u00eda. La propuesta se sucede tras el per\u00edodo de inscripci\u00f3n, en el que artistas locales y de la regi\u00f3n se postularon para formar parte [&hellip;]<\/p>\n","protected":false},"author":4,"featured_media":73037,"comment_status":"open","ping_status":"open","sticky":false,"template":"","format":"standard","meta":{"site-sidebar-layout":"default","site-content-layout":"","ast-site-content-layout":"default","site-content-style":"default","site-sidebar-style":"default","ast-global-header-display":"","ast-banner-title-visibility":"","ast-main-header-display":"","ast-hfb-above-header-display":"","ast-hfb-below-header-display":"","ast-hfb-mobile-header-display":"","site-post-title":"","ast-breadcrumbs-content":"","ast-featured-img":"","footer-sml-layout":"","ast-disable-related-posts":"","theme-transparent-header-meta":"","adv-header-id-meta":"","stick-header-meta":"","header-above-stick-meta":"","header-main-stick-meta":"","header-below-stick-meta":"","astra-migrate-meta-layouts":"default","ast-page-background-enabled":"default","ast-page-background-meta":{"desktop":{"background-color":"","background-image":"","background-repeat":"repeat","background-position":"center center","background-size":"auto","background-attachment":"scroll","background-type":"","background-media":"","overlay-type":"","overlay-color":"","overlay-opacity":"","overlay-gradient":""},"tablet":{"background-color":"","background-image":"","background-repeat":"repeat","background-position":"center center","background-size":"auto","background-attachment":"scroll","background-type":"","background-media":"","overlay-type":"","overlay-color":"","overlay-opacity":"","overlay-gradient":""},"mobile":{"background-color":"","background-image":"","background-repeat":"repeat","background-position":"center center","background-size":"auto","background-attachment":"scroll","background-type":"","background-media":"","overlay-type":"","overlay-color":"","overlay-opacity":"","overlay-gradient":""}},"ast-content-background-meta":{"desktop":{"background-color":"var(--ast-global-color-5)","background-image":"","background-repeat":"repeat","background-position":"center center","background-size":"auto","background-attachment":"scroll","background-type":"","background-media":"","overlay-type":"","overlay-color":"","overlay-opacity":"","overlay-gradient":""},"tablet":{"background-color":"var(--ast-global-color-5)","background-image":"","background-repeat":"repeat","background-position":"center center","background-size":"auto","background-attachment":"scroll","background-type":"","background-media":"","overlay-type":"","overlay-color":"","overlay-opacity":"","overlay-gradient":""},"mobile":{"background-color":"var(--ast-global-color-5)","background-image":"","background-repeat":"repeat","background-position":"center center","background-size":"auto","background-attachment":"scroll","background-type":"","background-media":"","overlay-type":"","overlay-color":"","overlay-opacity":"","overlay-gradient":""}},"_jetpack_memberships_contains_paid_content":false,"_joinchat":[],"footnotes":""},"categories":[2068,15302,5,2],"tags":[],"class_list":["post-73036","post","type-post","status-publish","format-standard","has-post-thumbnail","hentry","category-cultura-deporte","category-destacado","category-sociedad","category-villa-maria"],"yoast_head":"<!-- This site is optimized with the Yoast SEO plugin v26.8 - https:\/\/yoast.com\/product\/yoast-seo-wordpress\/ -->\n<title>La Feria de Arte Contempor\u00e1neo abre sus puertas el viernes con 33 artistas y 280 obras - El Regional<\/title>\n<meta name=\"robots\" content=\"index, follow, max-snippet:-1, max-image-preview:large, max-video-preview:-1\" \/>\n<link rel=\"canonical\" href=\"http:\/\/elregionalvm.com.ar\/noticias-villa-maria\/la-feria-de-arte-contemporaneo-villa-maria-2023-abre-sus-puertas-el-viernes-con-33-artistas-y-280-obras-en-exhibicion\/\" \/>\n<meta property=\"og:locale\" content=\"es_ES\" \/>\n<meta property=\"og:type\" content=\"article\" \/>\n<meta property=\"og:title\" content=\"La Feria de Arte Contempor\u00e1neo abre sus puertas el viernes con 33 artistas y 280 obras - El Regional\" \/>\n<meta property=\"og:description\" content=\"Desde el viernes 17 hasta el 26 de marzo, el Museo Municipal de Bellas Artes Fernando Bonfiglioli abrir\u00e1 sus puertas para la nueva edici\u00f3n de la Feria de Arte Contempor\u00e1neo Villa Mar\u00eda. La propuesta se sucede tras el per\u00edodo de inscripci\u00f3n, en el que artistas locales y de la regi\u00f3n se postularon para formar parte [&hellip;]\" \/>\n<meta property=\"og:url\" content=\"http:\/\/elregionalvm.com.ar\/noticias-villa-maria\/la-feria-de-arte-contemporaneo-villa-maria-2023-abre-sus-puertas-el-viernes-con-33-artistas-y-280-obras-en-exhibicion\/\" \/>\n<meta property=\"og:site_name\" content=\"El Regional\" \/>\n<meta property=\"article:publisher\" content=\"https:\/\/www.facebook.com\/elregionalvm\" \/>\n<meta property=\"article:published_time\" content=\"2023-03-13T22:09:46+00:00\" \/>\n<meta property=\"article:modified_time\" content=\"2023-03-14T02:19:12+00:00\" \/>\n<meta property=\"og:image\" content=\"http:\/\/elregionalvm.com.ar\/noticias-villa-maria\/wp-content\/uploads\/2023\/03\/WhatsApp-Image-2023-03-13-at-13.07.09.jpeg\" \/>\n\t<meta property=\"og:image:width\" content=\"1600\" \/>\n\t<meta property=\"og:image:height\" content=\"1066\" \/>\n\t<meta property=\"og:image:type\" content=\"image\/jpeg\" \/>\n<meta name=\"author\" content=\"Contenidos El Regional\" \/>\n<meta name=\"twitter:card\" content=\"summary_large_image\" \/>\n<meta name=\"twitter:creator\" content=\"@elregionalvm1\" \/>\n<meta name=\"twitter:site\" content=\"@elregionalvm1\" \/>\n<meta name=\"twitter:label1\" content=\"Escrito por\" \/>\n\t<meta name=\"twitter:data1\" content=\"Contenidos El Regional\" \/>\n\t<meta name=\"twitter:label2\" content=\"Tiempo de lectura\" \/>\n\t<meta name=\"twitter:data2\" content=\"3 minutos\" \/>\n<script type=\"application\/ld+json\" class=\"yoast-schema-graph\">{\"@context\":\"https:\/\/schema.org\",\"@graph\":[{\"@type\":\"Article\",\"@id\":\"http:\/\/elregionalvm.com.ar\/noticias-villa-maria\/la-feria-de-arte-contemporaneo-villa-maria-2023-abre-sus-puertas-el-viernes-con-33-artistas-y-280-obras-en-exhibicion\/#article\",\"isPartOf\":{\"@id\":\"http:\/\/elregionalvm.com.ar\/noticias-villa-maria\/la-feria-de-arte-contemporaneo-villa-maria-2023-abre-sus-puertas-el-viernes-con-33-artistas-y-280-obras-en-exhibicion\/\"},\"author\":{\"name\":\"Contenidos El Regional\",\"@id\":\"http:\/\/elregionalvm.com.ar\/noticias-villa-maria\/#\/schema\/person\/a0fb9c422317faca23d50163151bc354\"},\"headline\":\"La Feria de Arte Contempor\u00e1neo abre sus puertas el viernes con 33 artistas y 280 obras\",\"datePublished\":\"2023-03-13T22:09:46+00:00\",\"dateModified\":\"2023-03-14T02:19:12+00:00\",\"mainEntityOfPage\":{\"@id\":\"http:\/\/elregionalvm.com.ar\/noticias-villa-maria\/la-feria-de-arte-contemporaneo-villa-maria-2023-abre-sus-puertas-el-viernes-con-33-artistas-y-280-obras-en-exhibicion\/\"},\"wordCount\":574,\"commentCount\":0,\"image\":{\"@id\":\"http:\/\/elregionalvm.com.ar\/noticias-villa-maria\/la-feria-de-arte-contemporaneo-villa-maria-2023-abre-sus-puertas-el-viernes-con-33-artistas-y-280-obras-en-exhibicion\/#primaryimage\"},\"thumbnailUrl\":\"https:\/\/i0.wp.com\/elregionalvm.com.ar\/noticias-villa-maria\/wp-content\/uploads\/2023\/03\/WhatsApp-Image-2023-03-13-at-13.07.09.jpeg?fit=1600%2C1066&ssl=1\",\"articleSection\":[\"Cultura\",\"destacado\",\"Sociedad\",\"Villa Mar\u00eda\"],\"inLanguage\":\"es\",\"potentialAction\":[{\"@type\":\"CommentAction\",\"name\":\"Comment\",\"target\":[\"http:\/\/elregionalvm.com.ar\/noticias-villa-maria\/la-feria-de-arte-contemporaneo-villa-maria-2023-abre-sus-puertas-el-viernes-con-33-artistas-y-280-obras-en-exhibicion\/#respond\"]}]},{\"@type\":\"WebPage\",\"@id\":\"http:\/\/elregionalvm.com.ar\/noticias-villa-maria\/la-feria-de-arte-contemporaneo-villa-maria-2023-abre-sus-puertas-el-viernes-con-33-artistas-y-280-obras-en-exhibicion\/\",\"url\":\"http:\/\/elregionalvm.com.ar\/noticias-villa-maria\/la-feria-de-arte-contemporaneo-villa-maria-2023-abre-sus-puertas-el-viernes-con-33-artistas-y-280-obras-en-exhibicion\/\",\"name\":\"La Feria de Arte Contempor\u00e1neo abre sus puertas el viernes con 33 artistas y 280 obras - El Regional\",\"isPartOf\":{\"@id\":\"http:\/\/elregionalvm.com.ar\/noticias-villa-maria\/#website\"},\"primaryImageOfPage\":{\"@id\":\"http:\/\/elregionalvm.com.ar\/noticias-villa-maria\/la-feria-de-arte-contemporaneo-villa-maria-2023-abre-sus-puertas-el-viernes-con-33-artistas-y-280-obras-en-exhibicion\/#primaryimage\"},\"image\":{\"@id\":\"http:\/\/elregionalvm.com.ar\/noticias-villa-maria\/la-feria-de-arte-contemporaneo-villa-maria-2023-abre-sus-puertas-el-viernes-con-33-artistas-y-280-obras-en-exhibicion\/#primaryimage\"},\"thumbnailUrl\":\"https:\/\/i0.wp.com\/elregionalvm.com.ar\/noticias-villa-maria\/wp-content\/uploads\/2023\/03\/WhatsApp-Image-2023-03-13-at-13.07.09.jpeg?fit=1600%2C1066&ssl=1\",\"datePublished\":\"2023-03-13T22:09:46+00:00\",\"dateModified\":\"2023-03-14T02:19:12+00:00\",\"author\":{\"@id\":\"http:\/\/elregionalvm.com.ar\/noticias-villa-maria\/#\/schema\/person\/a0fb9c422317faca23d50163151bc354\"},\"breadcrumb\":{\"@id\":\"http:\/\/elregionalvm.com.ar\/noticias-villa-maria\/la-feria-de-arte-contemporaneo-villa-maria-2023-abre-sus-puertas-el-viernes-con-33-artistas-y-280-obras-en-exhibicion\/#breadcrumb\"},\"inLanguage\":\"es\",\"potentialAction\":[{\"@type\":\"ReadAction\",\"target\":[\"http:\/\/elregionalvm.com.ar\/noticias-villa-maria\/la-feria-de-arte-contemporaneo-villa-maria-2023-abre-sus-puertas-el-viernes-con-33-artistas-y-280-obras-en-exhibicion\/\"]}]},{\"@type\":\"ImageObject\",\"inLanguage\":\"es\",\"@id\":\"http:\/\/elregionalvm.com.ar\/noticias-villa-maria\/la-feria-de-arte-contemporaneo-villa-maria-2023-abre-sus-puertas-el-viernes-con-33-artistas-y-280-obras-en-exhibicion\/#primaryimage\",\"url\":\"https:\/\/i0.wp.com\/elregionalvm.com.ar\/noticias-villa-maria\/wp-content\/uploads\/2023\/03\/WhatsApp-Image-2023-03-13-at-13.07.09.jpeg?fit=1600%2C1066&ssl=1\",\"contentUrl\":\"https:\/\/i0.wp.com\/elregionalvm.com.ar\/noticias-villa-maria\/wp-content\/uploads\/2023\/03\/WhatsApp-Image-2023-03-13-at-13.07.09.jpeg?fit=1600%2C1066&ssl=1\",\"width\":1600,\"height\":1066},{\"@type\":\"BreadcrumbList\",\"@id\":\"http:\/\/elregionalvm.com.ar\/noticias-villa-maria\/la-feria-de-arte-contemporaneo-villa-maria-2023-abre-sus-puertas-el-viernes-con-33-artistas-y-280-obras-en-exhibicion\/#breadcrumb\",\"itemListElement\":[{\"@type\":\"ListItem\",\"position\":1,\"name\":\"Portada\",\"item\":\"https:\/\/elregionalvm.com.ar\/noticias-villa-maria\/\"},{\"@type\":\"ListItem\",\"position\":2,\"name\":\"La Feria de Arte Contempor\u00e1neo abre sus puertas el viernes con 33 artistas y 280 obras\"}]},{\"@type\":\"WebSite\",\"@id\":\"http:\/\/elregionalvm.com.ar\/noticias-villa-maria\/#website\",\"url\":\"http:\/\/elregionalvm.com.ar\/noticias-villa-maria\/\",\"name\":\"El Regional\",\"description\":\"Mucho m\u00e1s que informaci\u00f3n\",\"potentialAction\":[{\"@type\":\"SearchAction\",\"target\":{\"@type\":\"EntryPoint\",\"urlTemplate\":\"http:\/\/elregionalvm.com.ar\/noticias-villa-maria\/?s={search_term_string}\"},\"query-input\":{\"@type\":\"PropertyValueSpecification\",\"valueRequired\":true,\"valueName\":\"search_term_string\"}}],\"inLanguage\":\"es\"},{\"@type\":\"Person\",\"@id\":\"http:\/\/elregionalvm.com.ar\/noticias-villa-maria\/#\/schema\/person\/a0fb9c422317faca23d50163151bc354\",\"name\":\"Contenidos El Regional\",\"image\":{\"@type\":\"ImageObject\",\"inLanguage\":\"es\",\"@id\":\"http:\/\/elregionalvm.com.ar\/noticias-villa-maria\/#\/schema\/person\/image\/\",\"url\":\"https:\/\/secure.gravatar.com\/avatar\/265b27cb2209af7bb3a1318f03305787d7981a5cc6e6cd08fe5a4ecdf99d4b48?s=96&d=mm&r=g\",\"contentUrl\":\"https:\/\/secure.gravatar.com\/avatar\/265b27cb2209af7bb3a1318f03305787d7981a5cc6e6cd08fe5a4ecdf99d4b48?s=96&d=mm&r=g\",\"caption\":\"Contenidos El Regional\"},\"url\":\"https:\/\/elregionalvm.com.ar\/noticias-villa-maria\/author\/contenido\/\"}]}<\/script>\n<!-- \/ Yoast SEO plugin. -->","yoast_head_json":{"title":"La Feria de Arte Contempor\u00e1neo abre sus puertas el viernes con 33 artistas y 280 obras - El Regional","robots":{"index":"index","follow":"follow","max-snippet":"max-snippet:-1","max-image-preview":"max-image-preview:large","max-video-preview":"max-video-preview:-1"},"canonical":"http:\/\/elregionalvm.com.ar\/noticias-villa-maria\/la-feria-de-arte-contemporaneo-villa-maria-2023-abre-sus-puertas-el-viernes-con-33-artistas-y-280-obras-en-exhibicion\/","og_locale":"es_ES","og_type":"article","og_title":"La Feria de Arte Contempor\u00e1neo abre sus puertas el viernes con 33 artistas y 280 obras - El Regional","og_description":"Desde el viernes 17 hasta el 26 de marzo, el Museo Municipal de Bellas Artes Fernando Bonfiglioli abrir\u00e1 sus puertas para la nueva edici\u00f3n de la Feria de Arte Contempor\u00e1neo Villa Mar\u00eda. La propuesta se sucede tras el per\u00edodo de inscripci\u00f3n, en el que artistas locales y de la regi\u00f3n se postularon para formar parte [&hellip;]","og_url":"http:\/\/elregionalvm.com.ar\/noticias-villa-maria\/la-feria-de-arte-contemporaneo-villa-maria-2023-abre-sus-puertas-el-viernes-con-33-artistas-y-280-obras-en-exhibicion\/","og_site_name":"El Regional","article_publisher":"https:\/\/www.facebook.com\/elregionalvm","article_published_time":"2023-03-13T22:09:46+00:00","article_modified_time":"2023-03-14T02:19:12+00:00","og_image":[{"width":1600,"height":1066,"url":"http:\/\/elregionalvm.com.ar\/noticias-villa-maria\/wp-content\/uploads\/2023\/03\/WhatsApp-Image-2023-03-13-at-13.07.09.jpeg","type":"image\/jpeg"}],"author":"Contenidos El Regional","twitter_card":"summary_large_image","twitter_creator":"@elregionalvm1","twitter_site":"@elregionalvm1","twitter_misc":{"Escrito por":"Contenidos El Regional","Tiempo de lectura":"3 minutos"},"schema":{"@context":"https:\/\/schema.org","@graph":[{"@type":"Article","@id":"http:\/\/elregionalvm.com.ar\/noticias-villa-maria\/la-feria-de-arte-contemporaneo-villa-maria-2023-abre-sus-puertas-el-viernes-con-33-artistas-y-280-obras-en-exhibicion\/#article","isPartOf":{"@id":"http:\/\/elregionalvm.com.ar\/noticias-villa-maria\/la-feria-de-arte-contemporaneo-villa-maria-2023-abre-sus-puertas-el-viernes-con-33-artistas-y-280-obras-en-exhibicion\/"},"author":{"name":"Contenidos El Regional","@id":"http:\/\/elregionalvm.com.ar\/noticias-villa-maria\/#\/schema\/person\/a0fb9c422317faca23d50163151bc354"},"headline":"La Feria de Arte Contempor\u00e1neo abre sus puertas el viernes con 33 artistas y 280 obras","datePublished":"2023-03-13T22:09:46+00:00","dateModified":"2023-03-14T02:19:12+00:00","mainEntityOfPage":{"@id":"http:\/\/elregionalvm.com.ar\/noticias-villa-maria\/la-feria-de-arte-contemporaneo-villa-maria-2023-abre-sus-puertas-el-viernes-con-33-artistas-y-280-obras-en-exhibicion\/"},"wordCount":574,"commentCount":0,"image":{"@id":"http:\/\/elregionalvm.com.ar\/noticias-villa-maria\/la-feria-de-arte-contemporaneo-villa-maria-2023-abre-sus-puertas-el-viernes-con-33-artistas-y-280-obras-en-exhibicion\/#primaryimage"},"thumbnailUrl":"https:\/\/i0.wp.com\/elregionalvm.com.ar\/noticias-villa-maria\/wp-content\/uploads\/2023\/03\/WhatsApp-Image-2023-03-13-at-13.07.09.jpeg?fit=1600%2C1066&ssl=1","articleSection":["Cultura","destacado","Sociedad","Villa Mar\u00eda"],"inLanguage":"es","potentialAction":[{"@type":"CommentAction","name":"Comment","target":["http:\/\/elregionalvm.com.ar\/noticias-villa-maria\/la-feria-de-arte-contemporaneo-villa-maria-2023-abre-sus-puertas-el-viernes-con-33-artistas-y-280-obras-en-exhibicion\/#respond"]}]},{"@type":"WebPage","@id":"http:\/\/elregionalvm.com.ar\/noticias-villa-maria\/la-feria-de-arte-contemporaneo-villa-maria-2023-abre-sus-puertas-el-viernes-con-33-artistas-y-280-obras-en-exhibicion\/","url":"http:\/\/elregionalvm.com.ar\/noticias-villa-maria\/la-feria-de-arte-contemporaneo-villa-maria-2023-abre-sus-puertas-el-viernes-con-33-artistas-y-280-obras-en-exhibicion\/","name":"La Feria de Arte Contempor\u00e1neo abre sus puertas el viernes con 33 artistas y 280 obras - El Regional","isPartOf":{"@id":"http:\/\/elregionalvm.com.ar\/noticias-villa-maria\/#website"},"primaryImageOfPage":{"@id":"http:\/\/elregionalvm.com.ar\/noticias-villa-maria\/la-feria-de-arte-contemporaneo-villa-maria-2023-abre-sus-puertas-el-viernes-con-33-artistas-y-280-obras-en-exhibicion\/#primaryimage"},"image":{"@id":"http:\/\/elregionalvm.com.ar\/noticias-villa-maria\/la-feria-de-arte-contemporaneo-villa-maria-2023-abre-sus-puertas-el-viernes-con-33-artistas-y-280-obras-en-exhibicion\/#primaryimage"},"thumbnailUrl":"https:\/\/i0.wp.com\/elregionalvm.com.ar\/noticias-villa-maria\/wp-content\/uploads\/2023\/03\/WhatsApp-Image-2023-03-13-at-13.07.09.jpeg?fit=1600%2C1066&ssl=1","datePublished":"2023-03-13T22:09:46+00:00","dateModified":"2023-03-14T02:19:12+00:00","author":{"@id":"http:\/\/elregionalvm.com.ar\/noticias-villa-maria\/#\/schema\/person\/a0fb9c422317faca23d50163151bc354"},"breadcrumb":{"@id":"http:\/\/elregionalvm.com.ar\/noticias-villa-maria\/la-feria-de-arte-contemporaneo-villa-maria-2023-abre-sus-puertas-el-viernes-con-33-artistas-y-280-obras-en-exhibicion\/#breadcrumb"},"inLanguage":"es","potentialAction":[{"@type":"ReadAction","target":["http:\/\/elregionalvm.com.ar\/noticias-villa-maria\/la-feria-de-arte-contemporaneo-villa-maria-2023-abre-sus-puertas-el-viernes-con-33-artistas-y-280-obras-en-exhibicion\/"]}]},{"@type":"ImageObject","inLanguage":"es","@id":"http:\/\/elregionalvm.com.ar\/noticias-villa-maria\/la-feria-de-arte-contemporaneo-villa-maria-2023-abre-sus-puertas-el-viernes-con-33-artistas-y-280-obras-en-exhibicion\/#primaryimage","url":"https:\/\/i0.wp.com\/elregionalvm.com.ar\/noticias-villa-maria\/wp-content\/uploads\/2023\/03\/WhatsApp-Image-2023-03-13-at-13.07.09.jpeg?fit=1600%2C1066&ssl=1","contentUrl":"https:\/\/i0.wp.com\/elregionalvm.com.ar\/noticias-villa-maria\/wp-content\/uploads\/2023\/03\/WhatsApp-Image-2023-03-13-at-13.07.09.jpeg?fit=1600%2C1066&ssl=1","width":1600,"height":1066},{"@type":"BreadcrumbList","@id":"http:\/\/elregionalvm.com.ar\/noticias-villa-maria\/la-feria-de-arte-contemporaneo-villa-maria-2023-abre-sus-puertas-el-viernes-con-33-artistas-y-280-obras-en-exhibicion\/#breadcrumb","itemListElement":[{"@type":"ListItem","position":1,"name":"Portada","item":"https:\/\/elregionalvm.com.ar\/noticias-villa-maria\/"},{"@type":"ListItem","position":2,"name":"La Feria de Arte Contempor\u00e1neo abre sus puertas el viernes con 33 artistas y 280 obras"}]},{"@type":"WebSite","@id":"http:\/\/elregionalvm.com.ar\/noticias-villa-maria\/#website","url":"http:\/\/elregionalvm.com.ar\/noticias-villa-maria\/","name":"El Regional","description":"Mucho m\u00e1s que informaci\u00f3n","potentialAction":[{"@type":"SearchAction","target":{"@type":"EntryPoint","urlTemplate":"http:\/\/elregionalvm.com.ar\/noticias-villa-maria\/?s={search_term_string}"},"query-input":{"@type":"PropertyValueSpecification","valueRequired":true,"valueName":"search_term_string"}}],"inLanguage":"es"},{"@type":"Person","@id":"http:\/\/elregionalvm.com.ar\/noticias-villa-maria\/#\/schema\/person\/a0fb9c422317faca23d50163151bc354","name":"Contenidos El Regional","image":{"@type":"ImageObject","inLanguage":"es","@id":"http:\/\/elregionalvm.com.ar\/noticias-villa-maria\/#\/schema\/person\/image\/","url":"https:\/\/secure.gravatar.com\/avatar\/265b27cb2209af7bb3a1318f03305787d7981a5cc6e6cd08fe5a4ecdf99d4b48?s=96&d=mm&r=g","contentUrl":"https:\/\/secure.gravatar.com\/avatar\/265b27cb2209af7bb3a1318f03305787d7981a5cc6e6cd08fe5a4ecdf99d4b48?s=96&d=mm&r=g","caption":"Contenidos El Regional"},"url":"https:\/\/elregionalvm.com.ar\/noticias-villa-maria\/author\/contenido\/"}]}},"jetpack_featured_media_url":"https:\/\/i0.wp.com\/elregionalvm.com.ar\/noticias-villa-maria\/wp-content\/uploads\/2023\/03\/WhatsApp-Image-2023-03-13-at-13.07.09.jpeg?fit=1600%2C1066&ssl=1","jetpack_sharing_enabled":true,"_links":{"self":[{"href":"https:\/\/elregionalvm.com.ar\/noticias-villa-maria\/wp-json\/wp\/v2\/posts\/73036","targetHints":{"allow":["GET"]}}],"collection":[{"href":"https:\/\/elregionalvm.com.ar\/noticias-villa-maria\/wp-json\/wp\/v2\/posts"}],"about":[{"href":"https:\/\/elregionalvm.com.ar\/noticias-villa-maria\/wp-json\/wp\/v2\/types\/post"}],"author":[{"embeddable":true,"href":"https:\/\/elregionalvm.com.ar\/noticias-villa-maria\/wp-json\/wp\/v2\/users\/4"}],"replies":[{"embeddable":true,"href":"https:\/\/elregionalvm.com.ar\/noticias-villa-maria\/wp-json\/wp\/v2\/comments?post=73036"}],"version-history":[{"count":2,"href":"https:\/\/elregionalvm.com.ar\/noticias-villa-maria\/wp-json\/wp\/v2\/posts\/73036\/revisions"}],"predecessor-version":[{"id":73096,"href":"https:\/\/elregionalvm.com.ar\/noticias-villa-maria\/wp-json\/wp\/v2\/posts\/73036\/revisions\/73096"}],"wp:featuredmedia":[{"embeddable":true,"href":"https:\/\/elregionalvm.com.ar\/noticias-villa-maria\/wp-json\/wp\/v2\/media\/73037"}],"wp:attachment":[{"href":"https:\/\/elregionalvm.com.ar\/noticias-villa-maria\/wp-json\/wp\/v2\/media?parent=73036"}],"wp:term":[{"taxonomy":"category","embeddable":true,"href":"https:\/\/elregionalvm.com.ar\/noticias-villa-maria\/wp-json\/wp\/v2\/categories?post=73036"},{"taxonomy":"post_tag","embeddable":true,"href":"https:\/\/elregionalvm.com.ar\/noticias-villa-maria\/wp-json\/wp\/v2\/tags?post=73036"}],"curies":[{"name":"wp","href":"https:\/\/api.w.org\/{rel}","templated":true}]}}