{"id":73039,"date":"2023-03-13T22:14:24","date_gmt":"2023-03-13T22:14:24","guid":{"rendered":"https:\/\/elregionalvm.com.ar\/noticias-villa-maria\/?p=73039"},"modified":"2023-03-14T02:18:44","modified_gmt":"2023-03-14T02:18:44","slug":"el-municipio-presento-el-programa-el-deporte-sos-vos-que-acompanara-a-profesionales-y-aficionados-con-becas-de-30-mil-pesos-mensuales","status":"publish","type":"post","link":"https:\/\/elregionalvm.com.ar\/noticias-villa-maria\/el-municipio-presento-el-programa-el-deporte-sos-vos-que-acompanara-a-profesionales-y-aficionados-con-becas-de-30-mil-pesos-mensuales\/","title":{"rendered":"El Deporte Sos Vos, el programa de becas que acompa\u00f1ar\u00e1 a profesionales y aficionados"},"content":{"rendered":"\n<p>El intendente Mart\u00edn Gill encabez\u00f3 la presentaci\u00f3n del programa El Deporte Sos Vos, que acompa\u00f1ar\u00e1 a profesionales de alto rendimiento y amateurs con becas de 30 mil pesos mensuales. <\/p>\n\n\n\n<figure class=\"wp-block-image size-large\"><img data-recalc-dims=\"1\" fetchpriority=\"high\" decoding=\"async\" width=\"1024\" height=\"576\" src=\"https:\/\/i0.wp.com\/elregionalvm.com.ar\/noticias-villa-maria\/wp-content\/uploads\/2023\/03\/WhatsApp-Image-2023-03-13-at-14.40.31.jpeg?resize=1024%2C576&#038;ssl=1\" alt=\"\" class=\"wp-image-73040\" srcset=\"https:\/\/i0.wp.com\/elregionalvm.com.ar\/noticias-villa-maria\/wp-content\/uploads\/2023\/03\/WhatsApp-Image-2023-03-13-at-14.40.31.jpeg?resize=1024%2C576&amp;ssl=1 1024w, https:\/\/i0.wp.com\/elregionalvm.com.ar\/noticias-villa-maria\/wp-content\/uploads\/2023\/03\/WhatsApp-Image-2023-03-13-at-14.40.31.jpeg?resize=300%2C169&amp;ssl=1 300w, https:\/\/i0.wp.com\/elregionalvm.com.ar\/noticias-villa-maria\/wp-content\/uploads\/2023\/03\/WhatsApp-Image-2023-03-13-at-14.40.31.jpeg?resize=768%2C432&amp;ssl=1 768w, https:\/\/i0.wp.com\/elregionalvm.com.ar\/noticias-villa-maria\/wp-content\/uploads\/2023\/03\/WhatsApp-Image-2023-03-13-at-14.40.31.jpeg?resize=1536%2C864&amp;ssl=1 1536w, https:\/\/i0.wp.com\/elregionalvm.com.ar\/noticias-villa-maria\/wp-content\/uploads\/2023\/03\/WhatsApp-Image-2023-03-13-at-14.40.31.jpeg?w=1599&amp;ssl=1 1599w\" sizes=\"(max-width: 1000px) 100vw, 1000px\" \/><\/figure>\n\n\n\n<p>Lo hizo a la par del presidente del Ente Villa Mar\u00eda Deporte y Turismo, Sebasti\u00e1n Panero, titular del organismo a trav\u00e9s del cual se articula la propuesta impulsada por el municipio, cuyas inscripciones estar\u00e1n abiertas desde hoy y hasta el lunes 27 de marzo.<\/p>\n\n\n\n<p>Durante el acto que tuvo lugar en el Sal\u00f3n Blanco del Palacio Municipal, el jefe comunal expres\u00f3: \u201cEl lanzamiento de este programa tiene por objetivo brindar el apoyo institucional de la ciudad durante el plazo de un a\u00f1o a deportistas villamarienses de todas las disciplinas existentes, mediante acompa\u00f1amiento econ\u00f3mico para el desarrollo individual o colectivo\u201d.<\/p>\n\n\n\n<figure class=\"wp-block-image size-large\"><img data-recalc-dims=\"1\" decoding=\"async\" width=\"1024\" height=\"576\" src=\"https:\/\/i0.wp.com\/elregionalvm.com.ar\/noticias-villa-maria\/wp-content\/uploads\/2023\/03\/WhatsApp-Image-2023-03-13-at-14.40.30.jpeg?resize=1024%2C576&#038;ssl=1\" alt=\"\" class=\"wp-image-73042\" srcset=\"https:\/\/i0.wp.com\/elregionalvm.com.ar\/noticias-villa-maria\/wp-content\/uploads\/2023\/03\/WhatsApp-Image-2023-03-13-at-14.40.30.jpeg?resize=1024%2C576&amp;ssl=1 1024w, https:\/\/i0.wp.com\/elregionalvm.com.ar\/noticias-villa-maria\/wp-content\/uploads\/2023\/03\/WhatsApp-Image-2023-03-13-at-14.40.30.jpeg?resize=300%2C169&amp;ssl=1 300w, https:\/\/i0.wp.com\/elregionalvm.com.ar\/noticias-villa-maria\/wp-content\/uploads\/2023\/03\/WhatsApp-Image-2023-03-13-at-14.40.30.jpeg?resize=768%2C432&amp;ssl=1 768w, https:\/\/i0.wp.com\/elregionalvm.com.ar\/noticias-villa-maria\/wp-content\/uploads\/2023\/03\/WhatsApp-Image-2023-03-13-at-14.40.30.jpeg?resize=1536%2C864&amp;ssl=1 1536w, https:\/\/i0.wp.com\/elregionalvm.com.ar\/noticias-villa-maria\/wp-content\/uploads\/2023\/03\/WhatsApp-Image-2023-03-13-at-14.40.30.jpeg?w=1599&amp;ssl=1 1599w\" sizes=\"(max-width: 1000px) 100vw, 1000px\" \/><\/figure>\n\n\n\n<p>Al mismo tiempo, el mandatario local destac\u00f3 \u201cel compromiso del municipio para llevar adelante pol\u00edticas deportivas, tales como el significativo avance en materia de infraestructura comunitaria\u201d. <\/p>\n\n\n\n<p>En este sentido, resalt\u00f3 que \u201ccon presencia territorial hemos llegado a 17 barrios de la ciudad con la creaci\u00f3n de espacios deportivos para el uso y disfrute de vecinos y vecinas\u201d.<\/p>\n\n\n\n<p>Por su parte, Panero se\u00f1al\u00f3 que \u201cestamos muy contentos de retomar la puesta en marcha de becas destinadas a la promoci\u00f3n y est\u00edmulo de los deportistas de nuestra ciudad\u201d. <\/p>\n\n\n\n<p>\u201cDesde hoy, y por 15 d\u00edas, estar\u00e1 abierta la convocatoria, que se suma a los distintos programas que el municipio tiene previsto desarrollar en la ciudad, de la mano de federaciones deportivas, clubes y entidades\u201d.<\/p>\n\n\n\n<p>Es oportuno destacar que adem\u00e1s del aporte econ\u00f3mico, los beneficiarios recibir\u00e1n indumentaria deportiva oficial, como as\u00ed tambi\u00e9n difusi\u00f3n de sus actividades y desempe\u00f1o a trav\u00e9s de las redes social del Ente municipal.<\/p>\n\n\n\n<p>En cuanto a la convocatoria, cabe destacar que quienes deseen apuntarse a la beca deber\u00e1n completar la correspondiente inscripci\u00f3n en la sede del Ente Villa Mar\u00eda Deporte y Turismo con direcci\u00f3n en calle Costanera y Buenos Aires. <\/p>\n\n\n\n<p>All\u00ed, se solicitar\u00e1 la entrega de una carpeta que contenga curr\u00edculum deportivo; objetivos y proyecci\u00f3n durante el corriente per\u00edodo; constancia y recomendaci\u00f3n por parte de la federaci\u00f3n en la que compite; ranking o categor\u00eda en la disciplina; y cronograma anual de competencias. <\/p>\n\n\n\n<p>De este modo, una vez concluido el llamado, la comisi\u00f3n evaluadora a cargo proceder\u00e1 a revisar el cumplimiento de requisitos y definir a los beneficiarios.<\/p>\n\n\n\n<p>M\u00e1s est\u00edmulos deportivos en la ciudad<\/p>\n\n\n\n<p>Durante el acto, las autoridades hicieron referencia a distintos programas que llegar\u00e1n a lo largo del a\u00f1o a la ciudad con el objetivo de reforzar las disciplinas deportivas, mediante diversos est\u00edmulos y pol\u00edticas.<\/p>\n\n\n\n<p>En este sentido, anunciaron la inminente puesta en marcha de Doble Carrera, la iniciativa impulsada a nivel nacional por la Federaci\u00f3n del Deporte Universitario Argentino (FEDUA), con el prop\u00f3sito de fortalecer y acompa\u00f1ar las trayectorias educativas de estudiantes deportistas de mediano y alto rendimiento, para garantizar su desarrollo acad\u00e9mico y deportivo a trav\u00e9s de pol\u00edticas universitarias creadas para tal fin.<\/p>\n\n\n\n<p>Tambi\u00e9n, adelantaron que se avanza en tratativas para el relanzamiento del programa Clubes en Obras, con aportes de alrededor de 2 millones de pesos destinados a refacciones de infraestructura en entidades deportivas locales con financiamiento del Gobierno nacional.<\/p>\n\n\n\n<p>Del mismo modo, hicieron alusi\u00f3n al programa Hay Equipo, que busca garantizar el acceso de chicas y chicos, de entre 5 y 17 a\u00f1os, a instituciones deportivas, consideradas espacios de pertenencia, recreaci\u00f3n y desarrollo. <\/p>\n\n\n\n<p>De este modo, el Estado nacional ofrecer\u00e1 un pase libre a ni\u00f1as, ni\u00f1os y adolescentes cuya madre, padre o tutor\/a perciba la Asignaci\u00f3n Universal por Hijo (AUH), cubriendo el costo de las pr\u00e1cticas deportivas con aportes a las instituciones que se inscriban en la iniciativa.<\/p>\n\n\n\n<p>De la presentaci\u00f3n de la actividad, tambi\u00e9n formaron parte la coordinadora de El Deporte Sos Vos, Lucrecia Falco, junto al director de Deportes, Adri\u00e1n G\u00f3mez Nellar, y el futbolista villamariense Mauro Rosales.<\/p>\n","protected":false},"excerpt":{"rendered":"<p>El intendente Mart\u00edn Gill encabez\u00f3 la presentaci\u00f3n del programa El Deporte Sos Vos, que acompa\u00f1ar\u00e1 a profesionales de alto rendimiento y amateurs con becas de 30 mil pesos mensuales. Lo hizo a la par del presidente del Ente Villa Mar\u00eda Deporte y Turismo, Sebasti\u00e1n Panero, titular del organismo a trav\u00e9s del cual se articula la [&hellip;]<\/p>\n","protected":false},"author":4,"featured_media":73041,"comment_status":"open","ping_status":"open","sticky":false,"template":"","format":"standard","meta":{"site-sidebar-layout":"default","site-content-layout":"","ast-site-content-layout":"default","site-content-style":"default","site-sidebar-style":"default","ast-global-header-display":"","ast-banner-title-visibility":"","ast-main-header-display":"","ast-hfb-above-header-display":"","ast-hfb-below-header-display":"","ast-hfb-mobile-header-display":"","site-post-title":"","ast-breadcrumbs-content":"","ast-featured-img":"","footer-sml-layout":"","ast-disable-related-posts":"","theme-transparent-header-meta":"","adv-header-id-meta":"","stick-header-meta":"","header-above-stick-meta":"","header-main-stick-meta":"","header-below-stick-meta":"","astra-migrate-meta-layouts":"default","ast-page-background-enabled":"default","ast-page-background-meta":{"desktop":{"background-color":"","background-image":"","background-repeat":"repeat","background-position":"center center","background-size":"auto","background-attachment":"scroll","background-type":"","background-media":"","overlay-type":"","overlay-color":"","overlay-opacity":"","overlay-gradient":""},"tablet":{"background-color":"","background-image":"","background-repeat":"repeat","background-position":"center center","background-size":"auto","background-attachment":"scroll","background-type":"","background-media":"","overlay-type":"","overlay-color":"","overlay-opacity":"","overlay-gradient":""},"mobile":{"background-color":"","background-image":"","background-repeat":"repeat","background-position":"center center","background-size":"auto","background-attachment":"scroll","background-type":"","background-media":"","overlay-type":"","overlay-color":"","overlay-opacity":"","overlay-gradient":""}},"ast-content-background-meta":{"desktop":{"background-color":"var(--ast-global-color-5)","background-image":"","background-repeat":"repeat","background-position":"center center","background-size":"auto","background-attachment":"scroll","background-type":"","background-media":"","overlay-type":"","overlay-color":"","overlay-opacity":"","overlay-gradient":""},"tablet":{"background-color":"var(--ast-global-color-5)","background-image":"","background-repeat":"repeat","background-position":"center center","background-size":"auto","background-attachment":"scroll","background-type":"","background-media":"","overlay-type":"","overlay-color":"","overlay-opacity":"","overlay-gradient":""},"mobile":{"background-color":"var(--ast-global-color-5)","background-image":"","background-repeat":"repeat","background-position":"center center","background-size":"auto","background-attachment":"scroll","background-type":"","background-media":"","overlay-type":"","overlay-color":"","overlay-opacity":"","overlay-gradient":""}},"_jetpack_memberships_contains_paid_content":false,"_joinchat":[],"footnotes":""},"categories":[15158,15302,365,5,2],"tags":[],"class_list":["post-73039","post","type-post","status-publish","format-standard","has-post-thumbnail","hentry","category-deporte","category-destacado","category-opinion","category-sociedad","category-villa-maria"],"yoast_head":"<!-- This site is optimized with the Yoast SEO plugin v26.8 - https:\/\/yoast.com\/product\/yoast-seo-wordpress\/ -->\n<title>El Deporte Sos Vos, el programa de becas que acompa\u00f1ar\u00e1 a profesionales y aficionados - El Regional<\/title>\n<meta name=\"robots\" content=\"index, follow, max-snippet:-1, max-image-preview:large, max-video-preview:-1\" \/>\n<link rel=\"canonical\" href=\"http:\/\/elregionalvm.com.ar\/noticias-villa-maria\/el-municipio-presento-el-programa-el-deporte-sos-vos-que-acompanara-a-profesionales-y-aficionados-con-becas-de-30-mil-pesos-mensuales\/\" \/>\n<meta property=\"og:locale\" content=\"es_ES\" \/>\n<meta property=\"og:type\" content=\"article\" \/>\n<meta property=\"og:title\" content=\"El Deporte Sos Vos, el programa de becas que acompa\u00f1ar\u00e1 a profesionales y aficionados - El Regional\" \/>\n<meta property=\"og:description\" content=\"El intendente Mart\u00edn Gill encabez\u00f3 la presentaci\u00f3n del programa El Deporte Sos Vos, que acompa\u00f1ar\u00e1 a profesionales de alto rendimiento y amateurs con becas de 30 mil pesos mensuales. Lo hizo a la par del presidente del Ente Villa Mar\u00eda Deporte y Turismo, Sebasti\u00e1n Panero, titular del organismo a trav\u00e9s del cual se articula la [&hellip;]\" \/>\n<meta property=\"og:url\" content=\"http:\/\/elregionalvm.com.ar\/noticias-villa-maria\/el-municipio-presento-el-programa-el-deporte-sos-vos-que-acompanara-a-profesionales-y-aficionados-con-becas-de-30-mil-pesos-mensuales\/\" \/>\n<meta property=\"og:site_name\" content=\"El Regional\" \/>\n<meta property=\"article:publisher\" content=\"https:\/\/www.facebook.com\/elregionalvm\" \/>\n<meta property=\"article:published_time\" content=\"2023-03-13T22:14:24+00:00\" \/>\n<meta property=\"article:modified_time\" content=\"2023-03-14T02:18:44+00:00\" \/>\n<meta property=\"og:image\" content=\"http:\/\/elregionalvm.com.ar\/noticias-villa-maria\/wp-content\/uploads\/2023\/03\/WhatsApp-Image-2023-03-13-at-14.40.30-1.jpeg\" \/>\n\t<meta property=\"og:image:width\" content=\"1599\" \/>\n\t<meta property=\"og:image:height\" content=\"899\" \/>\n\t<meta property=\"og:image:type\" content=\"image\/jpeg\" \/>\n<meta name=\"author\" content=\"Contenidos El Regional\" \/>\n<meta name=\"twitter:card\" content=\"summary_large_image\" \/>\n<meta name=\"twitter:creator\" content=\"@elregionalvm1\" \/>\n<meta name=\"twitter:site\" content=\"@elregionalvm1\" \/>\n<meta name=\"twitter:label1\" content=\"Escrito por\" \/>\n\t<meta name=\"twitter:data1\" content=\"Contenidos El Regional\" \/>\n\t<meta name=\"twitter:label2\" content=\"Tiempo de lectura\" \/>\n\t<meta name=\"twitter:data2\" content=\"4 minutos\" \/>\n<script type=\"application\/ld+json\" class=\"yoast-schema-graph\">{\"@context\":\"https:\/\/schema.org\",\"@graph\":[{\"@type\":\"Article\",\"@id\":\"http:\/\/elregionalvm.com.ar\/noticias-villa-maria\/el-municipio-presento-el-programa-el-deporte-sos-vos-que-acompanara-a-profesionales-y-aficionados-con-becas-de-30-mil-pesos-mensuales\/#article\",\"isPartOf\":{\"@id\":\"http:\/\/elregionalvm.com.ar\/noticias-villa-maria\/el-municipio-presento-el-programa-el-deporte-sos-vos-que-acompanara-a-profesionales-y-aficionados-con-becas-de-30-mil-pesos-mensuales\/\"},\"author\":{\"name\":\"Contenidos El Regional\",\"@id\":\"http:\/\/elregionalvm.com.ar\/noticias-villa-maria\/#\/schema\/person\/a0fb9c422317faca23d50163151bc354\"},\"headline\":\"El Deporte Sos Vos, el programa de becas que acompa\u00f1ar\u00e1 a profesionales y aficionados\",\"datePublished\":\"2023-03-13T22:14:24+00:00\",\"dateModified\":\"2023-03-14T02:18:44+00:00\",\"mainEntityOfPage\":{\"@id\":\"http:\/\/elregionalvm.com.ar\/noticias-villa-maria\/el-municipio-presento-el-programa-el-deporte-sos-vos-que-acompanara-a-profesionales-y-aficionados-con-becas-de-30-mil-pesos-mensuales\/\"},\"wordCount\":701,\"commentCount\":0,\"image\":{\"@id\":\"http:\/\/elregionalvm.com.ar\/noticias-villa-maria\/el-municipio-presento-el-programa-el-deporte-sos-vos-que-acompanara-a-profesionales-y-aficionados-con-becas-de-30-mil-pesos-mensuales\/#primaryimage\"},\"thumbnailUrl\":\"https:\/\/i0.wp.com\/elregionalvm.com.ar\/noticias-villa-maria\/wp-content\/uploads\/2023\/03\/WhatsApp-Image-2023-03-13-at-14.40.30-1.jpeg?fit=1599%2C899&ssl=1\",\"articleSection\":[\"Deporte\",\"destacado\",\"Opini\u00f3n\",\"Sociedad\",\"Villa Mar\u00eda\"],\"inLanguage\":\"es\",\"potentialAction\":[{\"@type\":\"CommentAction\",\"name\":\"Comment\",\"target\":[\"http:\/\/elregionalvm.com.ar\/noticias-villa-maria\/el-municipio-presento-el-programa-el-deporte-sos-vos-que-acompanara-a-profesionales-y-aficionados-con-becas-de-30-mil-pesos-mensuales\/#respond\"]}]},{\"@type\":\"WebPage\",\"@id\":\"http:\/\/elregionalvm.com.ar\/noticias-villa-maria\/el-municipio-presento-el-programa-el-deporte-sos-vos-que-acompanara-a-profesionales-y-aficionados-con-becas-de-30-mil-pesos-mensuales\/\",\"url\":\"http:\/\/elregionalvm.com.ar\/noticias-villa-maria\/el-municipio-presento-el-programa-el-deporte-sos-vos-que-acompanara-a-profesionales-y-aficionados-con-becas-de-30-mil-pesos-mensuales\/\",\"name\":\"El Deporte Sos Vos, el programa de becas que acompa\u00f1ar\u00e1 a profesionales y aficionados - El Regional\",\"isPartOf\":{\"@id\":\"http:\/\/elregionalvm.com.ar\/noticias-villa-maria\/#website\"},\"primaryImageOfPage\":{\"@id\":\"http:\/\/elregionalvm.com.ar\/noticias-villa-maria\/el-municipio-presento-el-programa-el-deporte-sos-vos-que-acompanara-a-profesionales-y-aficionados-con-becas-de-30-mil-pesos-mensuales\/#primaryimage\"},\"image\":{\"@id\":\"http:\/\/elregionalvm.com.ar\/noticias-villa-maria\/el-municipio-presento-el-programa-el-deporte-sos-vos-que-acompanara-a-profesionales-y-aficionados-con-becas-de-30-mil-pesos-mensuales\/#primaryimage\"},\"thumbnailUrl\":\"https:\/\/i0.wp.com\/elregionalvm.com.ar\/noticias-villa-maria\/wp-content\/uploads\/2023\/03\/WhatsApp-Image-2023-03-13-at-14.40.30-1.jpeg?fit=1599%2C899&ssl=1\",\"datePublished\":\"2023-03-13T22:14:24+00:00\",\"dateModified\":\"2023-03-14T02:18:44+00:00\",\"author\":{\"@id\":\"http:\/\/elregionalvm.com.ar\/noticias-villa-maria\/#\/schema\/person\/a0fb9c422317faca23d50163151bc354\"},\"breadcrumb\":{\"@id\":\"http:\/\/elregionalvm.com.ar\/noticias-villa-maria\/el-municipio-presento-el-programa-el-deporte-sos-vos-que-acompanara-a-profesionales-y-aficionados-con-becas-de-30-mil-pesos-mensuales\/#breadcrumb\"},\"inLanguage\":\"es\",\"potentialAction\":[{\"@type\":\"ReadAction\",\"target\":[\"http:\/\/elregionalvm.com.ar\/noticias-villa-maria\/el-municipio-presento-el-programa-el-deporte-sos-vos-que-acompanara-a-profesionales-y-aficionados-con-becas-de-30-mil-pesos-mensuales\/\"]}]},{\"@type\":\"ImageObject\",\"inLanguage\":\"es\",\"@id\":\"http:\/\/elregionalvm.com.ar\/noticias-villa-maria\/el-municipio-presento-el-programa-el-deporte-sos-vos-que-acompanara-a-profesionales-y-aficionados-con-becas-de-30-mil-pesos-mensuales\/#primaryimage\",\"url\":\"https:\/\/i0.wp.com\/elregionalvm.com.ar\/noticias-villa-maria\/wp-content\/uploads\/2023\/03\/WhatsApp-Image-2023-03-13-at-14.40.30-1.jpeg?fit=1599%2C899&ssl=1\",\"contentUrl\":\"https:\/\/i0.wp.com\/elregionalvm.com.ar\/noticias-villa-maria\/wp-content\/uploads\/2023\/03\/WhatsApp-Image-2023-03-13-at-14.40.30-1.jpeg?fit=1599%2C899&ssl=1\",\"width\":1599,\"height\":899},{\"@type\":\"BreadcrumbList\",\"@id\":\"http:\/\/elregionalvm.com.ar\/noticias-villa-maria\/el-municipio-presento-el-programa-el-deporte-sos-vos-que-acompanara-a-profesionales-y-aficionados-con-becas-de-30-mil-pesos-mensuales\/#breadcrumb\",\"itemListElement\":[{\"@type\":\"ListItem\",\"position\":1,\"name\":\"Portada\",\"item\":\"https:\/\/elregionalvm.com.ar\/noticias-villa-maria\/\"},{\"@type\":\"ListItem\",\"position\":2,\"name\":\"El Deporte Sos Vos, el programa de becas que acompa\u00f1ar\u00e1 a profesionales y aficionados\"}]},{\"@type\":\"WebSite\",\"@id\":\"http:\/\/elregionalvm.com.ar\/noticias-villa-maria\/#website\",\"url\":\"http:\/\/elregionalvm.com.ar\/noticias-villa-maria\/\",\"name\":\"El Regional\",\"description\":\"Mucho m\u00e1s que informaci\u00f3n\",\"potentialAction\":[{\"@type\":\"SearchAction\",\"target\":{\"@type\":\"EntryPoint\",\"urlTemplate\":\"http:\/\/elregionalvm.com.ar\/noticias-villa-maria\/?s={search_term_string}\"},\"query-input\":{\"@type\":\"PropertyValueSpecification\",\"valueRequired\":true,\"valueName\":\"search_term_string\"}}],\"inLanguage\":\"es\"},{\"@type\":\"Person\",\"@id\":\"http:\/\/elregionalvm.com.ar\/noticias-villa-maria\/#\/schema\/person\/a0fb9c422317faca23d50163151bc354\",\"name\":\"Contenidos El Regional\",\"image\":{\"@type\":\"ImageObject\",\"inLanguage\":\"es\",\"@id\":\"http:\/\/elregionalvm.com.ar\/noticias-villa-maria\/#\/schema\/person\/image\/\",\"url\":\"https:\/\/secure.gravatar.com\/avatar\/265b27cb2209af7bb3a1318f03305787d7981a5cc6e6cd08fe5a4ecdf99d4b48?s=96&d=mm&r=g\",\"contentUrl\":\"https:\/\/secure.gravatar.com\/avatar\/265b27cb2209af7bb3a1318f03305787d7981a5cc6e6cd08fe5a4ecdf99d4b48?s=96&d=mm&r=g\",\"caption\":\"Contenidos El Regional\"},\"url\":\"https:\/\/elregionalvm.com.ar\/noticias-villa-maria\/author\/contenido\/\"}]}<\/script>\n<!-- \/ Yoast SEO plugin. -->","yoast_head_json":{"title":"El Deporte Sos Vos, el programa de becas que acompa\u00f1ar\u00e1 a profesionales y aficionados - El Regional","robots":{"index":"index","follow":"follow","max-snippet":"max-snippet:-1","max-image-preview":"max-image-preview:large","max-video-preview":"max-video-preview:-1"},"canonical":"http:\/\/elregionalvm.com.ar\/noticias-villa-maria\/el-municipio-presento-el-programa-el-deporte-sos-vos-que-acompanara-a-profesionales-y-aficionados-con-becas-de-30-mil-pesos-mensuales\/","og_locale":"es_ES","og_type":"article","og_title":"El Deporte Sos Vos, el programa de becas que acompa\u00f1ar\u00e1 a profesionales y aficionados - El Regional","og_description":"El intendente Mart\u00edn Gill encabez\u00f3 la presentaci\u00f3n del programa El Deporte Sos Vos, que acompa\u00f1ar\u00e1 a profesionales de alto rendimiento y amateurs con becas de 30 mil pesos mensuales. Lo hizo a la par del presidente del Ente Villa Mar\u00eda Deporte y Turismo, Sebasti\u00e1n Panero, titular del organismo a trav\u00e9s del cual se articula la [&hellip;]","og_url":"http:\/\/elregionalvm.com.ar\/noticias-villa-maria\/el-municipio-presento-el-programa-el-deporte-sos-vos-que-acompanara-a-profesionales-y-aficionados-con-becas-de-30-mil-pesos-mensuales\/","og_site_name":"El Regional","article_publisher":"https:\/\/www.facebook.com\/elregionalvm","article_published_time":"2023-03-13T22:14:24+00:00","article_modified_time":"2023-03-14T02:18:44+00:00","og_image":[{"width":1599,"height":899,"url":"http:\/\/elregionalvm.com.ar\/noticias-villa-maria\/wp-content\/uploads\/2023\/03\/WhatsApp-Image-2023-03-13-at-14.40.30-1.jpeg","type":"image\/jpeg"}],"author":"Contenidos El Regional","twitter_card":"summary_large_image","twitter_creator":"@elregionalvm1","twitter_site":"@elregionalvm1","twitter_misc":{"Escrito por":"Contenidos El Regional","Tiempo de lectura":"4 minutos"},"schema":{"@context":"https:\/\/schema.org","@graph":[{"@type":"Article","@id":"http:\/\/elregionalvm.com.ar\/noticias-villa-maria\/el-municipio-presento-el-programa-el-deporte-sos-vos-que-acompanara-a-profesionales-y-aficionados-con-becas-de-30-mil-pesos-mensuales\/#article","isPartOf":{"@id":"http:\/\/elregionalvm.com.ar\/noticias-villa-maria\/el-municipio-presento-el-programa-el-deporte-sos-vos-que-acompanara-a-profesionales-y-aficionados-con-becas-de-30-mil-pesos-mensuales\/"},"author":{"name":"Contenidos El Regional","@id":"http:\/\/elregionalvm.com.ar\/noticias-villa-maria\/#\/schema\/person\/a0fb9c422317faca23d50163151bc354"},"headline":"El Deporte Sos Vos, el programa de becas que acompa\u00f1ar\u00e1 a profesionales y aficionados","datePublished":"2023-03-13T22:14:24+00:00","dateModified":"2023-03-14T02:18:44+00:00","mainEntityOfPage":{"@id":"http:\/\/elregionalvm.com.ar\/noticias-villa-maria\/el-municipio-presento-el-programa-el-deporte-sos-vos-que-acompanara-a-profesionales-y-aficionados-con-becas-de-30-mil-pesos-mensuales\/"},"wordCount":701,"commentCount":0,"image":{"@id":"http:\/\/elregionalvm.com.ar\/noticias-villa-maria\/el-municipio-presento-el-programa-el-deporte-sos-vos-que-acompanara-a-profesionales-y-aficionados-con-becas-de-30-mil-pesos-mensuales\/#primaryimage"},"thumbnailUrl":"https:\/\/i0.wp.com\/elregionalvm.com.ar\/noticias-villa-maria\/wp-content\/uploads\/2023\/03\/WhatsApp-Image-2023-03-13-at-14.40.30-1.jpeg?fit=1599%2C899&ssl=1","articleSection":["Deporte","destacado","Opini\u00f3n","Sociedad","Villa Mar\u00eda"],"inLanguage":"es","potentialAction":[{"@type":"CommentAction","name":"Comment","target":["http:\/\/elregionalvm.com.ar\/noticias-villa-maria\/el-municipio-presento-el-programa-el-deporte-sos-vos-que-acompanara-a-profesionales-y-aficionados-con-becas-de-30-mil-pesos-mensuales\/#respond"]}]},{"@type":"WebPage","@id":"http:\/\/elregionalvm.com.ar\/noticias-villa-maria\/el-municipio-presento-el-programa-el-deporte-sos-vos-que-acompanara-a-profesionales-y-aficionados-con-becas-de-30-mil-pesos-mensuales\/","url":"http:\/\/elregionalvm.com.ar\/noticias-villa-maria\/el-municipio-presento-el-programa-el-deporte-sos-vos-que-acompanara-a-profesionales-y-aficionados-con-becas-de-30-mil-pesos-mensuales\/","name":"El Deporte Sos Vos, el programa de becas que acompa\u00f1ar\u00e1 a profesionales y aficionados - El Regional","isPartOf":{"@id":"http:\/\/elregionalvm.com.ar\/noticias-villa-maria\/#website"},"primaryImageOfPage":{"@id":"http:\/\/elregionalvm.com.ar\/noticias-villa-maria\/el-municipio-presento-el-programa-el-deporte-sos-vos-que-acompanara-a-profesionales-y-aficionados-con-becas-de-30-mil-pesos-mensuales\/#primaryimage"},"image":{"@id":"http:\/\/elregionalvm.com.ar\/noticias-villa-maria\/el-municipio-presento-el-programa-el-deporte-sos-vos-que-acompanara-a-profesionales-y-aficionados-con-becas-de-30-mil-pesos-mensuales\/#primaryimage"},"thumbnailUrl":"https:\/\/i0.wp.com\/elregionalvm.com.ar\/noticias-villa-maria\/wp-content\/uploads\/2023\/03\/WhatsApp-Image-2023-03-13-at-14.40.30-1.jpeg?fit=1599%2C899&ssl=1","datePublished":"2023-03-13T22:14:24+00:00","dateModified":"2023-03-14T02:18:44+00:00","author":{"@id":"http:\/\/elregionalvm.com.ar\/noticias-villa-maria\/#\/schema\/person\/a0fb9c422317faca23d50163151bc354"},"breadcrumb":{"@id":"http:\/\/elregionalvm.com.ar\/noticias-villa-maria\/el-municipio-presento-el-programa-el-deporte-sos-vos-que-acompanara-a-profesionales-y-aficionados-con-becas-de-30-mil-pesos-mensuales\/#breadcrumb"},"inLanguage":"es","potentialAction":[{"@type":"ReadAction","target":["http:\/\/elregionalvm.com.ar\/noticias-villa-maria\/el-municipio-presento-el-programa-el-deporte-sos-vos-que-acompanara-a-profesionales-y-aficionados-con-becas-de-30-mil-pesos-mensuales\/"]}]},{"@type":"ImageObject","inLanguage":"es","@id":"http:\/\/elregionalvm.com.ar\/noticias-villa-maria\/el-municipio-presento-el-programa-el-deporte-sos-vos-que-acompanara-a-profesionales-y-aficionados-con-becas-de-30-mil-pesos-mensuales\/#primaryimage","url":"https:\/\/i0.wp.com\/elregionalvm.com.ar\/noticias-villa-maria\/wp-content\/uploads\/2023\/03\/WhatsApp-Image-2023-03-13-at-14.40.30-1.jpeg?fit=1599%2C899&ssl=1","contentUrl":"https:\/\/i0.wp.com\/elregionalvm.com.ar\/noticias-villa-maria\/wp-content\/uploads\/2023\/03\/WhatsApp-Image-2023-03-13-at-14.40.30-1.jpeg?fit=1599%2C899&ssl=1","width":1599,"height":899},{"@type":"BreadcrumbList","@id":"http:\/\/elregionalvm.com.ar\/noticias-villa-maria\/el-municipio-presento-el-programa-el-deporte-sos-vos-que-acompanara-a-profesionales-y-aficionados-con-becas-de-30-mil-pesos-mensuales\/#breadcrumb","itemListElement":[{"@type":"ListItem","position":1,"name":"Portada","item":"https:\/\/elregionalvm.com.ar\/noticias-villa-maria\/"},{"@type":"ListItem","position":2,"name":"El Deporte Sos Vos, el programa de becas que acompa\u00f1ar\u00e1 a profesionales y aficionados"}]},{"@type":"WebSite","@id":"http:\/\/elregionalvm.com.ar\/noticias-villa-maria\/#website","url":"http:\/\/elregionalvm.com.ar\/noticias-villa-maria\/","name":"El Regional","description":"Mucho m\u00e1s que informaci\u00f3n","potentialAction":[{"@type":"SearchAction","target":{"@type":"EntryPoint","urlTemplate":"http:\/\/elregionalvm.com.ar\/noticias-villa-maria\/?s={search_term_string}"},"query-input":{"@type":"PropertyValueSpecification","valueRequired":true,"valueName":"search_term_string"}}],"inLanguage":"es"},{"@type":"Person","@id":"http:\/\/elregionalvm.com.ar\/noticias-villa-maria\/#\/schema\/person\/a0fb9c422317faca23d50163151bc354","name":"Contenidos El Regional","image":{"@type":"ImageObject","inLanguage":"es","@id":"http:\/\/elregionalvm.com.ar\/noticias-villa-maria\/#\/schema\/person\/image\/","url":"https:\/\/secure.gravatar.com\/avatar\/265b27cb2209af7bb3a1318f03305787d7981a5cc6e6cd08fe5a4ecdf99d4b48?s=96&d=mm&r=g","contentUrl":"https:\/\/secure.gravatar.com\/avatar\/265b27cb2209af7bb3a1318f03305787d7981a5cc6e6cd08fe5a4ecdf99d4b48?s=96&d=mm&r=g","caption":"Contenidos El Regional"},"url":"https:\/\/elregionalvm.com.ar\/noticias-villa-maria\/author\/contenido\/"}]}},"jetpack_featured_media_url":"https:\/\/i0.wp.com\/elregionalvm.com.ar\/noticias-villa-maria\/wp-content\/uploads\/2023\/03\/WhatsApp-Image-2023-03-13-at-14.40.30-1.jpeg?fit=1599%2C899&ssl=1","jetpack_sharing_enabled":true,"_links":{"self":[{"href":"https:\/\/elregionalvm.com.ar\/noticias-villa-maria\/wp-json\/wp\/v2\/posts\/73039","targetHints":{"allow":["GET"]}}],"collection":[{"href":"https:\/\/elregionalvm.com.ar\/noticias-villa-maria\/wp-json\/wp\/v2\/posts"}],"about":[{"href":"https:\/\/elregionalvm.com.ar\/noticias-villa-maria\/wp-json\/wp\/v2\/types\/post"}],"author":[{"embeddable":true,"href":"https:\/\/elregionalvm.com.ar\/noticias-villa-maria\/wp-json\/wp\/v2\/users\/4"}],"replies":[{"embeddable":true,"href":"https:\/\/elregionalvm.com.ar\/noticias-villa-maria\/wp-json\/wp\/v2\/comments?post=73039"}],"version-history":[{"count":2,"href":"https:\/\/elregionalvm.com.ar\/noticias-villa-maria\/wp-json\/wp\/v2\/posts\/73039\/revisions"}],"predecessor-version":[{"id":73095,"href":"https:\/\/elregionalvm.com.ar\/noticias-villa-maria\/wp-json\/wp\/v2\/posts\/73039\/revisions\/73095"}],"wp:featuredmedia":[{"embeddable":true,"href":"https:\/\/elregionalvm.com.ar\/noticias-villa-maria\/wp-json\/wp\/v2\/media\/73041"}],"wp:attachment":[{"href":"https:\/\/elregionalvm.com.ar\/noticias-villa-maria\/wp-json\/wp\/v2\/media?parent=73039"}],"wp:term":[{"taxonomy":"category","embeddable":true,"href":"https:\/\/elregionalvm.com.ar\/noticias-villa-maria\/wp-json\/wp\/v2\/categories?post=73039"},{"taxonomy":"post_tag","embeddable":true,"href":"https:\/\/elregionalvm.com.ar\/noticias-villa-maria\/wp-json\/wp\/v2\/tags?post=73039"}],"curies":[{"name":"wp","href":"https:\/\/api.w.org\/{rel}","templated":true}]}}