{"id":73049,"date":"2023-03-13T22:25:06","date_gmt":"2023-03-13T22:25:06","guid":{"rendered":"https:\/\/elregionalvm.com.ar\/noticias-villa-maria\/?p=73049"},"modified":"2023-03-13T22:25:12","modified_gmt":"2023-03-13T22:25:12","slug":"el-funesil-recibio-el-reconocimiento-oficial-como-laboratorio-de-alimentos-libres-de-gluten","status":"publish","type":"post","link":"https:\/\/elregionalvm.com.ar\/noticias-villa-maria\/el-funesil-recibio-el-reconocimiento-oficial-como-laboratorio-de-alimentos-libres-de-gluten\/","title":{"rendered":"El FUNESIL recibi\u00f3 el reconocimiento oficial como laboratorio de alimentos libres de gluten"},"content":{"rendered":"\n<p>FUNESIL, recibi\u00f3 este lunes, el reconocimiento oficial como de Alimentos Libres de Gluten (ALG), por parte del Ministerio de Industria, Comercio y Miner\u00eda de la Provincia, a trav\u00e9s de la Direcci\u00f3n General de Control de la Industria Alimenticia dependiente de la Secretar\u00eda de Industria.<\/p>\n\n\n\n<p>De esta manera, pasa a ser el sexto laboratorio que realiza el ensayo oficial de cuantificaci\u00f3n de Gluten en la Provincia, junto al laboratorio&nbsp; MARC de R\u00edo Cuarto y los cuatro de la ciudad de C\u00f3rdoba: Laboratorios de Calidad Alimentaria de la Municipalidad de C\u00f3rdoba, el CEPROCOR, LENOR S.R.L y CEQUIMAP.<\/p>\n\n\n\n<p>Beneficiando a las 25 establecimientos elaboradores de ALG en el departamento General San Mart\u00edn, las que a partir de ahora podr\u00e1n realizar los an\u00e1lisis de los mismos en Villa Mar\u00eda. <\/p>\n\n\n\n<figure class=\"wp-block-image size-full\"><img data-recalc-dims=\"1\" fetchpriority=\"high\" decoding=\"async\" width=\"990\" height=\"660\" src=\"https:\/\/i0.wp.com\/elregionalvm.com.ar\/noticias-villa-maria\/wp-content\/uploads\/2023\/03\/WhatsApp-Image-2023-03-13-at-19.15.46-1.jpeg?resize=990%2C660&#038;ssl=1\" alt=\"\" class=\"wp-image-73050\" srcset=\"https:\/\/i0.wp.com\/elregionalvm.com.ar\/noticias-villa-maria\/wp-content\/uploads\/2023\/03\/WhatsApp-Image-2023-03-13-at-19.15.46-1.jpeg?w=990&amp;ssl=1 990w, https:\/\/i0.wp.com\/elregionalvm.com.ar\/noticias-villa-maria\/wp-content\/uploads\/2023\/03\/WhatsApp-Image-2023-03-13-at-19.15.46-1.jpeg?resize=300%2C200&amp;ssl=1 300w, https:\/\/i0.wp.com\/elregionalvm.com.ar\/noticias-villa-maria\/wp-content\/uploads\/2023\/03\/WhatsApp-Image-2023-03-13-at-19.15.46-1.jpeg?resize=768%2C512&amp;ssl=1 768w\" sizes=\"(max-width: 990px) 100vw, 990px\" \/><\/figure>\n\n\n\n<p>Cabe se\u00f1alar que la Direcci\u00f3n General de Control de la Industria Alimenticia es la que autoriza a las empresas a que se declaren total o parcialmente libres de gluten en sus productos.<\/p>\n\n\n\n<p>El reconocimiento fue entregado por el ministro Eduardo Accastello, al Presidente de FUNESIL, Alfredo Gadara. Tambi\u00e9n estuvieron presentes, el secretario Fernando Sibilla, el director General, Germ\u00e1n Tenedini, y el gerente de FUNESIL,&nbsp; Gustavo Cherubini.<\/p>\n\n\n\n<p>El C\u00f3digo Alimentario Argentino define un ALG \u00a0a\u00a0 aquel preparado \u00fanicamente con ingredientes que, por su origen natural y por la aplicaci\u00f3n de buenas pr\u00e1cticas de elaboraci\u00f3n, no contiene gluten. <\/p>\n\n\n\n<p>Tambi\u00e9n establece un l\u00edmite m\u00e1ximo de tolerancia de 10 mg. de gluten por kg. de alimento, para asegurar que la salud de las personas que padecen celiaqu\u00eda, no se vea afectada.<\/p>\n\n\n\n<p>Al hacer uso de la palabra, el ministro Accastello expres\u00f3; <strong>\u201cEl hecho de que estemos aprobando a FUNESIL como uno de los dos laboratorios del interior provincia para estos an\u00e1lisis, es fortalecer la idea que tenemos de que la innovaci\u00f3n de los procesos y \u00a0la calidad de la certificaci\u00f3n tienen que ver con el desarrollo territorial que significa que en cada pueblo haya un desarrollo productivo\u201d.<\/strong><\/p>\n\n\n\n<p><strong><em>\u201cEl FUNESIL es un orgullo para C\u00f3rdoba y Villa Mar\u00eda, porque es la \u00fanica escuela de lecher\u00eda de Argentina que se destaca a nivel profesional en cuanto a la industria lechera del pa\u00eds\u201d, <\/em><\/strong>manifest\u00f3.<\/p>\n\n\n\n<p>Luego, expres\u00f3 que <strong><em>\u201cC\u00f3rdoba es distinta por el proyecto productivista que tiene el gobernador Schiaretti, que marca tendencia en materia del desarrollo productivo y la creaci\u00f3n de empleo genuino\u201d <\/em><\/strong>y se refiri\u00f3 a los objetivos del modelo productivo de C\u00f3rdoba, que el FUNESIL expresa acabadamente, como son la competitividad y la internacionalizaci\u00f3n de las PyMEs.<\/p>\n\n\n\n<p>Para concluir, el Ministro indic\u00f3 la importancia de que los productos que se fabrican y a los que se les agregan valor en C\u00f3rdoba puedan tener las certificaciones de calidad en origen, con sentido com\u00fan, de acuerdo a la necesidad de la salud de las personas <strong>\u201ccon industrias ocupadas no s\u00f3lo en crear trabajo sino en que los alimentos que producen sean con en base a la calidad que las personas requieren. <\/strong><\/p>\n\n\n\n<p>\u00ab<strong>Teniendo en cuenta que la alimentaci\u00f3n saludable es central en los procesos de la educaci\u00f3n y la formaci\u00f3n de nuestros ni\u00f1os y j\u00f3venes\u00bb.<\/strong><\/p>\n\n\n\n<p>Por su parte, el presidente de FUNESIL se\u00f1al\u00f3 que <strong><em>\u201ceste es un nuevo servicio que ofrecemos al sector y a la comunidad en la misi\u00f3n que tenemos como instituci\u00f3n y nos abre las puertas a seguir pensando en nuevos proyectos en el mismo sentido\u201d, <\/em><\/strong>para desde el an\u00e1lisis tratar de asegurar un alimento saludable para el consumidor y para la formaci\u00f3n de sus egresados.<\/p>\n\n\n\n<p>Asimismo, Alfredo Gadara dijo que la importancia es que la industria puede contar con un lugar donde poder hacer los an\u00e1lisis de estos al\u00e9rgenos &nbsp;con la certificaci\u00f3n de la Provincia como respaldo, beneficiando a la comunidad.<\/p>\n\n\n\n<p>La <strong>celiaqu\u00eda<\/strong> es una intolerancia permanente a las prote\u00ednas del trigo, avena, cebada y centeno (<strong>TACC)<\/strong>, com\u00fanmente llamadas <strong>gluten<\/strong>, que afecta al intestino delgado de las personas con predisposici\u00f3n gen\u00e9tica. <\/p>\n\n\n\n<p>La enfermedad puede aparecer en cualquier momento de la vida. El consumo de gluten por una persona con celiaqu\u00eda\u00a0afecta la mucosa del intestino y disminuye la capacidad de absorber nutrientes.<\/p>\n\n\n\n<p>Es considerada la enfermedad intestinal cr\u00f3nica m\u00e1s frecuente. En Argentina, se estima que 1 de cada 167 personas adultas son cel\u00edacas, mientras que en la ni\u00f1ez la prevalencia es a\u00fan mayor (1 de cada 79). El \u00fanico tratamiento efectivo para la celiaqu\u00eda es mantener una Alimentaci\u00f3n Libre de Gluten (ALG) de por vida, para lo cual resulta fundamental contar con disponibilidad de estos alimentos.<\/p>\n\n\n\n<p>El Sistema de Alimentos de la provincia de C\u00f3rdoba cuenta con <strong>170 establecimientos elaboradores de ALG<\/strong>, con <strong>3.883 productos alimenticios con la condici\u00f3n libre de gluten.<\/strong><\/p>\n\n\n\n<p>En tanto en el resto del pa\u00eds, hay 18.694 establecimientos elaboradores de ALG y el total de productos alimenticios con la condici\u00f3n libre de gluten en el listado ANMAT son&nbsp; 225.777.<\/p>\n","protected":false},"excerpt":{"rendered":"<p>FUNESIL, recibi\u00f3 este lunes, el reconocimiento oficial como de Alimentos Libres de Gluten (ALG), por parte del Ministerio de Industria, Comercio y Miner\u00eda de la Provincia, a trav\u00e9s de la Direcci\u00f3n General de Control de la Industria Alimenticia dependiente de la Secretar\u00eda de Industria. De esta manera, pasa a ser el sexto laboratorio que realiza [&hellip;]<\/p>\n","protected":false},"author":4,"featured_media":73051,"comment_status":"open","ping_status":"open","sticky":false,"template":"","format":"standard","meta":{"site-sidebar-layout":"default","site-content-layout":"","ast-site-content-layout":"default","site-content-style":"default","site-sidebar-style":"default","ast-global-header-display":"","ast-banner-title-visibility":"","ast-main-header-display":"","ast-hfb-above-header-display":"","ast-hfb-below-header-display":"","ast-hfb-mobile-header-display":"","site-post-title":"","ast-breadcrumbs-content":"","ast-featured-img":"","footer-sml-layout":"","ast-disable-related-posts":"","theme-transparent-header-meta":"","adv-header-id-meta":"","stick-header-meta":"","header-above-stick-meta":"","header-main-stick-meta":"","header-below-stick-meta":"","astra-migrate-meta-layouts":"default","ast-page-background-enabled":"default","ast-page-background-meta":{"desktop":{"background-color":"","background-image":"","background-repeat":"repeat","background-position":"center center","background-size":"auto","background-attachment":"scroll","background-type":"","background-media":"","overlay-type":"","overlay-color":"","overlay-opacity":"","overlay-gradient":""},"tablet":{"background-color":"","background-image":"","background-repeat":"repeat","background-position":"center center","background-size":"auto","background-attachment":"scroll","background-type":"","background-media":"","overlay-type":"","overlay-color":"","overlay-opacity":"","overlay-gradient":""},"mobile":{"background-color":"","background-image":"","background-repeat":"repeat","background-position":"center center","background-size":"auto","background-attachment":"scroll","background-type":"","background-media":"","overlay-type":"","overlay-color":"","overlay-opacity":"","overlay-gradient":""}},"ast-content-background-meta":{"desktop":{"background-color":"var(--ast-global-color-5)","background-image":"","background-repeat":"repeat","background-position":"center center","background-size":"auto","background-attachment":"scroll","background-type":"","background-media":"","overlay-type":"","overlay-color":"","overlay-opacity":"","overlay-gradient":""},"tablet":{"background-color":"var(--ast-global-color-5)","background-image":"","background-repeat":"repeat","background-position":"center center","background-size":"auto","background-attachment":"scroll","background-type":"","background-media":"","overlay-type":"","overlay-color":"","overlay-opacity":"","overlay-gradient":""},"mobile":{"background-color":"var(--ast-global-color-5)","background-image":"","background-repeat":"repeat","background-position":"center center","background-size":"auto","background-attachment":"scroll","background-type":"","background-media":"","overlay-type":"","overlay-color":"","overlay-opacity":"","overlay-gradient":""}},"_jetpack_memberships_contains_paid_content":false,"_joinchat":[],"footnotes":""},"categories":[15302,365,5,2],"tags":[],"class_list":["post-73049","post","type-post","status-publish","format-standard","has-post-thumbnail","hentry","category-destacado","category-opinion","category-sociedad","category-villa-maria"],"yoast_head":"<!-- This site is optimized with the Yoast SEO plugin v26.8 - https:\/\/yoast.com\/product\/yoast-seo-wordpress\/ -->\n<title>El FUNESIL recibi\u00f3 el reconocimiento oficial como laboratorio de alimentos libres de gluten - El Regional<\/title>\n<meta name=\"robots\" content=\"index, follow, max-snippet:-1, max-image-preview:large, max-video-preview:-1\" \/>\n<link rel=\"canonical\" href=\"http:\/\/elregionalvm.com.ar\/noticias-villa-maria\/el-funesil-recibio-el-reconocimiento-oficial-como-laboratorio-de-alimentos-libres-de-gluten\/\" \/>\n<meta property=\"og:locale\" content=\"es_ES\" \/>\n<meta property=\"og:type\" content=\"article\" \/>\n<meta property=\"og:title\" content=\"El FUNESIL recibi\u00f3 el reconocimiento oficial como laboratorio de alimentos libres de gluten - El Regional\" \/>\n<meta property=\"og:description\" content=\"FUNESIL, recibi\u00f3 este lunes, el reconocimiento oficial como de Alimentos Libres de Gluten (ALG), por parte del Ministerio de Industria, Comercio y Miner\u00eda de la Provincia, a trav\u00e9s de la Direcci\u00f3n General de Control de la Industria Alimenticia dependiente de la Secretar\u00eda de Industria. De esta manera, pasa a ser el sexto laboratorio que realiza [&hellip;]\" \/>\n<meta property=\"og:url\" content=\"http:\/\/elregionalvm.com.ar\/noticias-villa-maria\/el-funesil-recibio-el-reconocimiento-oficial-como-laboratorio-de-alimentos-libres-de-gluten\/\" \/>\n<meta property=\"og:site_name\" content=\"El Regional\" \/>\n<meta property=\"article:publisher\" content=\"https:\/\/www.facebook.com\/elregionalvm\" \/>\n<meta property=\"article:published_time\" content=\"2023-03-13T22:25:06+00:00\" \/>\n<meta property=\"article:modified_time\" content=\"2023-03-13T22:25:12+00:00\" \/>\n<meta property=\"og:image\" content=\"http:\/\/elregionalvm.com.ar\/noticias-villa-maria\/wp-content\/uploads\/2023\/03\/WhatsApp-Image-2023-03-13-at-19.15.46.jpeg\" \/>\n\t<meta property=\"og:image:width\" content=\"990\" \/>\n\t<meta property=\"og:image:height\" content=\"660\" \/>\n\t<meta property=\"og:image:type\" content=\"image\/jpeg\" \/>\n<meta name=\"author\" content=\"Contenidos El Regional\" \/>\n<meta name=\"twitter:card\" content=\"summary_large_image\" \/>\n<meta name=\"twitter:creator\" content=\"@elregionalvm1\" \/>\n<meta name=\"twitter:site\" content=\"@elregionalvm1\" \/>\n<meta name=\"twitter:label1\" content=\"Escrito por\" \/>\n\t<meta name=\"twitter:data1\" content=\"Contenidos El Regional\" \/>\n\t<meta name=\"twitter:label2\" content=\"Tiempo de lectura\" \/>\n\t<meta name=\"twitter:data2\" content=\"4 minutos\" \/>\n<script type=\"application\/ld+json\" class=\"yoast-schema-graph\">{\"@context\":\"https:\/\/schema.org\",\"@graph\":[{\"@type\":\"Article\",\"@id\":\"http:\/\/elregionalvm.com.ar\/noticias-villa-maria\/el-funesil-recibio-el-reconocimiento-oficial-como-laboratorio-de-alimentos-libres-de-gluten\/#article\",\"isPartOf\":{\"@id\":\"http:\/\/elregionalvm.com.ar\/noticias-villa-maria\/el-funesil-recibio-el-reconocimiento-oficial-como-laboratorio-de-alimentos-libres-de-gluten\/\"},\"author\":{\"name\":\"Contenidos El Regional\",\"@id\":\"http:\/\/elregionalvm.com.ar\/noticias-villa-maria\/#\/schema\/person\/a0fb9c422317faca23d50163151bc354\"},\"headline\":\"El FUNESIL recibi\u00f3 el reconocimiento oficial como laboratorio de alimentos libres de gluten\",\"datePublished\":\"2023-03-13T22:25:06+00:00\",\"dateModified\":\"2023-03-13T22:25:12+00:00\",\"mainEntityOfPage\":{\"@id\":\"http:\/\/elregionalvm.com.ar\/noticias-villa-maria\/el-funesil-recibio-el-reconocimiento-oficial-como-laboratorio-de-alimentos-libres-de-gluten\/\"},\"wordCount\":861,\"commentCount\":0,\"image\":{\"@id\":\"http:\/\/elregionalvm.com.ar\/noticias-villa-maria\/el-funesil-recibio-el-reconocimiento-oficial-como-laboratorio-de-alimentos-libres-de-gluten\/#primaryimage\"},\"thumbnailUrl\":\"https:\/\/i0.wp.com\/elregionalvm.com.ar\/noticias-villa-maria\/wp-content\/uploads\/2023\/03\/WhatsApp-Image-2023-03-13-at-19.15.46.jpeg?fit=990%2C660&ssl=1\",\"articleSection\":[\"destacado\",\"Opini\u00f3n\",\"Sociedad\",\"Villa Mar\u00eda\"],\"inLanguage\":\"es\",\"potentialAction\":[{\"@type\":\"CommentAction\",\"name\":\"Comment\",\"target\":[\"http:\/\/elregionalvm.com.ar\/noticias-villa-maria\/el-funesil-recibio-el-reconocimiento-oficial-como-laboratorio-de-alimentos-libres-de-gluten\/#respond\"]}]},{\"@type\":\"WebPage\",\"@id\":\"http:\/\/elregionalvm.com.ar\/noticias-villa-maria\/el-funesil-recibio-el-reconocimiento-oficial-como-laboratorio-de-alimentos-libres-de-gluten\/\",\"url\":\"http:\/\/elregionalvm.com.ar\/noticias-villa-maria\/el-funesil-recibio-el-reconocimiento-oficial-como-laboratorio-de-alimentos-libres-de-gluten\/\",\"name\":\"El FUNESIL recibi\u00f3 el reconocimiento oficial como laboratorio de alimentos libres de gluten - El Regional\",\"isPartOf\":{\"@id\":\"http:\/\/elregionalvm.com.ar\/noticias-villa-maria\/#website\"},\"primaryImageOfPage\":{\"@id\":\"http:\/\/elregionalvm.com.ar\/noticias-villa-maria\/el-funesil-recibio-el-reconocimiento-oficial-como-laboratorio-de-alimentos-libres-de-gluten\/#primaryimage\"},\"image\":{\"@id\":\"http:\/\/elregionalvm.com.ar\/noticias-villa-maria\/el-funesil-recibio-el-reconocimiento-oficial-como-laboratorio-de-alimentos-libres-de-gluten\/#primaryimage\"},\"thumbnailUrl\":\"https:\/\/i0.wp.com\/elregionalvm.com.ar\/noticias-villa-maria\/wp-content\/uploads\/2023\/03\/WhatsApp-Image-2023-03-13-at-19.15.46.jpeg?fit=990%2C660&ssl=1\",\"datePublished\":\"2023-03-13T22:25:06+00:00\",\"dateModified\":\"2023-03-13T22:25:12+00:00\",\"author\":{\"@id\":\"http:\/\/elregionalvm.com.ar\/noticias-villa-maria\/#\/schema\/person\/a0fb9c422317faca23d50163151bc354\"},\"breadcrumb\":{\"@id\":\"http:\/\/elregionalvm.com.ar\/noticias-villa-maria\/el-funesil-recibio-el-reconocimiento-oficial-como-laboratorio-de-alimentos-libres-de-gluten\/#breadcrumb\"},\"inLanguage\":\"es\",\"potentialAction\":[{\"@type\":\"ReadAction\",\"target\":[\"http:\/\/elregionalvm.com.ar\/noticias-villa-maria\/el-funesil-recibio-el-reconocimiento-oficial-como-laboratorio-de-alimentos-libres-de-gluten\/\"]}]},{\"@type\":\"ImageObject\",\"inLanguage\":\"es\",\"@id\":\"http:\/\/elregionalvm.com.ar\/noticias-villa-maria\/el-funesil-recibio-el-reconocimiento-oficial-como-laboratorio-de-alimentos-libres-de-gluten\/#primaryimage\",\"url\":\"https:\/\/i0.wp.com\/elregionalvm.com.ar\/noticias-villa-maria\/wp-content\/uploads\/2023\/03\/WhatsApp-Image-2023-03-13-at-19.15.46.jpeg?fit=990%2C660&ssl=1\",\"contentUrl\":\"https:\/\/i0.wp.com\/elregionalvm.com.ar\/noticias-villa-maria\/wp-content\/uploads\/2023\/03\/WhatsApp-Image-2023-03-13-at-19.15.46.jpeg?fit=990%2C660&ssl=1\",\"width\":990,\"height\":660},{\"@type\":\"BreadcrumbList\",\"@id\":\"http:\/\/elregionalvm.com.ar\/noticias-villa-maria\/el-funesil-recibio-el-reconocimiento-oficial-como-laboratorio-de-alimentos-libres-de-gluten\/#breadcrumb\",\"itemListElement\":[{\"@type\":\"ListItem\",\"position\":1,\"name\":\"Portada\",\"item\":\"https:\/\/elregionalvm.com.ar\/noticias-villa-maria\/\"},{\"@type\":\"ListItem\",\"position\":2,\"name\":\"El FUNESIL recibi\u00f3 el reconocimiento oficial como laboratorio de alimentos libres de gluten\"}]},{\"@type\":\"WebSite\",\"@id\":\"http:\/\/elregionalvm.com.ar\/noticias-villa-maria\/#website\",\"url\":\"http:\/\/elregionalvm.com.ar\/noticias-villa-maria\/\",\"name\":\"El Regional\",\"description\":\"Mucho m\u00e1s que informaci\u00f3n\",\"potentialAction\":[{\"@type\":\"SearchAction\",\"target\":{\"@type\":\"EntryPoint\",\"urlTemplate\":\"http:\/\/elregionalvm.com.ar\/noticias-villa-maria\/?s={search_term_string}\"},\"query-input\":{\"@type\":\"PropertyValueSpecification\",\"valueRequired\":true,\"valueName\":\"search_term_string\"}}],\"inLanguage\":\"es\"},{\"@type\":\"Person\",\"@id\":\"http:\/\/elregionalvm.com.ar\/noticias-villa-maria\/#\/schema\/person\/a0fb9c422317faca23d50163151bc354\",\"name\":\"Contenidos El Regional\",\"image\":{\"@type\":\"ImageObject\",\"inLanguage\":\"es\",\"@id\":\"http:\/\/elregionalvm.com.ar\/noticias-villa-maria\/#\/schema\/person\/image\/\",\"url\":\"https:\/\/secure.gravatar.com\/avatar\/265b27cb2209af7bb3a1318f03305787d7981a5cc6e6cd08fe5a4ecdf99d4b48?s=96&d=mm&r=g\",\"contentUrl\":\"https:\/\/secure.gravatar.com\/avatar\/265b27cb2209af7bb3a1318f03305787d7981a5cc6e6cd08fe5a4ecdf99d4b48?s=96&d=mm&r=g\",\"caption\":\"Contenidos El Regional\"},\"url\":\"https:\/\/elregionalvm.com.ar\/noticias-villa-maria\/author\/contenido\/\"}]}<\/script>\n<!-- \/ Yoast SEO plugin. -->","yoast_head_json":{"title":"El FUNESIL recibi\u00f3 el reconocimiento oficial como laboratorio de alimentos libres de gluten - El Regional","robots":{"index":"index","follow":"follow","max-snippet":"max-snippet:-1","max-image-preview":"max-image-preview:large","max-video-preview":"max-video-preview:-1"},"canonical":"http:\/\/elregionalvm.com.ar\/noticias-villa-maria\/el-funesil-recibio-el-reconocimiento-oficial-como-laboratorio-de-alimentos-libres-de-gluten\/","og_locale":"es_ES","og_type":"article","og_title":"El FUNESIL recibi\u00f3 el reconocimiento oficial como laboratorio de alimentos libres de gluten - El Regional","og_description":"FUNESIL, recibi\u00f3 este lunes, el reconocimiento oficial como de Alimentos Libres de Gluten (ALG), por parte del Ministerio de Industria, Comercio y Miner\u00eda de la Provincia, a trav\u00e9s de la Direcci\u00f3n General de Control de la Industria Alimenticia dependiente de la Secretar\u00eda de Industria. De esta manera, pasa a ser el sexto laboratorio que realiza [&hellip;]","og_url":"http:\/\/elregionalvm.com.ar\/noticias-villa-maria\/el-funesil-recibio-el-reconocimiento-oficial-como-laboratorio-de-alimentos-libres-de-gluten\/","og_site_name":"El Regional","article_publisher":"https:\/\/www.facebook.com\/elregionalvm","article_published_time":"2023-03-13T22:25:06+00:00","article_modified_time":"2023-03-13T22:25:12+00:00","og_image":[{"width":990,"height":660,"url":"http:\/\/elregionalvm.com.ar\/noticias-villa-maria\/wp-content\/uploads\/2023\/03\/WhatsApp-Image-2023-03-13-at-19.15.46.jpeg","type":"image\/jpeg"}],"author":"Contenidos El Regional","twitter_card":"summary_large_image","twitter_creator":"@elregionalvm1","twitter_site":"@elregionalvm1","twitter_misc":{"Escrito por":"Contenidos El Regional","Tiempo de lectura":"4 minutos"},"schema":{"@context":"https:\/\/schema.org","@graph":[{"@type":"Article","@id":"http:\/\/elregionalvm.com.ar\/noticias-villa-maria\/el-funesil-recibio-el-reconocimiento-oficial-como-laboratorio-de-alimentos-libres-de-gluten\/#article","isPartOf":{"@id":"http:\/\/elregionalvm.com.ar\/noticias-villa-maria\/el-funesil-recibio-el-reconocimiento-oficial-como-laboratorio-de-alimentos-libres-de-gluten\/"},"author":{"name":"Contenidos El Regional","@id":"http:\/\/elregionalvm.com.ar\/noticias-villa-maria\/#\/schema\/person\/a0fb9c422317faca23d50163151bc354"},"headline":"El FUNESIL recibi\u00f3 el reconocimiento oficial como laboratorio de alimentos libres de gluten","datePublished":"2023-03-13T22:25:06+00:00","dateModified":"2023-03-13T22:25:12+00:00","mainEntityOfPage":{"@id":"http:\/\/elregionalvm.com.ar\/noticias-villa-maria\/el-funesil-recibio-el-reconocimiento-oficial-como-laboratorio-de-alimentos-libres-de-gluten\/"},"wordCount":861,"commentCount":0,"image":{"@id":"http:\/\/elregionalvm.com.ar\/noticias-villa-maria\/el-funesil-recibio-el-reconocimiento-oficial-como-laboratorio-de-alimentos-libres-de-gluten\/#primaryimage"},"thumbnailUrl":"https:\/\/i0.wp.com\/elregionalvm.com.ar\/noticias-villa-maria\/wp-content\/uploads\/2023\/03\/WhatsApp-Image-2023-03-13-at-19.15.46.jpeg?fit=990%2C660&ssl=1","articleSection":["destacado","Opini\u00f3n","Sociedad","Villa Mar\u00eda"],"inLanguage":"es","potentialAction":[{"@type":"CommentAction","name":"Comment","target":["http:\/\/elregionalvm.com.ar\/noticias-villa-maria\/el-funesil-recibio-el-reconocimiento-oficial-como-laboratorio-de-alimentos-libres-de-gluten\/#respond"]}]},{"@type":"WebPage","@id":"http:\/\/elregionalvm.com.ar\/noticias-villa-maria\/el-funesil-recibio-el-reconocimiento-oficial-como-laboratorio-de-alimentos-libres-de-gluten\/","url":"http:\/\/elregionalvm.com.ar\/noticias-villa-maria\/el-funesil-recibio-el-reconocimiento-oficial-como-laboratorio-de-alimentos-libres-de-gluten\/","name":"El FUNESIL recibi\u00f3 el reconocimiento oficial como laboratorio de alimentos libres de gluten - El Regional","isPartOf":{"@id":"http:\/\/elregionalvm.com.ar\/noticias-villa-maria\/#website"},"primaryImageOfPage":{"@id":"http:\/\/elregionalvm.com.ar\/noticias-villa-maria\/el-funesil-recibio-el-reconocimiento-oficial-como-laboratorio-de-alimentos-libres-de-gluten\/#primaryimage"},"image":{"@id":"http:\/\/elregionalvm.com.ar\/noticias-villa-maria\/el-funesil-recibio-el-reconocimiento-oficial-como-laboratorio-de-alimentos-libres-de-gluten\/#primaryimage"},"thumbnailUrl":"https:\/\/i0.wp.com\/elregionalvm.com.ar\/noticias-villa-maria\/wp-content\/uploads\/2023\/03\/WhatsApp-Image-2023-03-13-at-19.15.46.jpeg?fit=990%2C660&ssl=1","datePublished":"2023-03-13T22:25:06+00:00","dateModified":"2023-03-13T22:25:12+00:00","author":{"@id":"http:\/\/elregionalvm.com.ar\/noticias-villa-maria\/#\/schema\/person\/a0fb9c422317faca23d50163151bc354"},"breadcrumb":{"@id":"http:\/\/elregionalvm.com.ar\/noticias-villa-maria\/el-funesil-recibio-el-reconocimiento-oficial-como-laboratorio-de-alimentos-libres-de-gluten\/#breadcrumb"},"inLanguage":"es","potentialAction":[{"@type":"ReadAction","target":["http:\/\/elregionalvm.com.ar\/noticias-villa-maria\/el-funesil-recibio-el-reconocimiento-oficial-como-laboratorio-de-alimentos-libres-de-gluten\/"]}]},{"@type":"ImageObject","inLanguage":"es","@id":"http:\/\/elregionalvm.com.ar\/noticias-villa-maria\/el-funesil-recibio-el-reconocimiento-oficial-como-laboratorio-de-alimentos-libres-de-gluten\/#primaryimage","url":"https:\/\/i0.wp.com\/elregionalvm.com.ar\/noticias-villa-maria\/wp-content\/uploads\/2023\/03\/WhatsApp-Image-2023-03-13-at-19.15.46.jpeg?fit=990%2C660&ssl=1","contentUrl":"https:\/\/i0.wp.com\/elregionalvm.com.ar\/noticias-villa-maria\/wp-content\/uploads\/2023\/03\/WhatsApp-Image-2023-03-13-at-19.15.46.jpeg?fit=990%2C660&ssl=1","width":990,"height":660},{"@type":"BreadcrumbList","@id":"http:\/\/elregionalvm.com.ar\/noticias-villa-maria\/el-funesil-recibio-el-reconocimiento-oficial-como-laboratorio-de-alimentos-libres-de-gluten\/#breadcrumb","itemListElement":[{"@type":"ListItem","position":1,"name":"Portada","item":"https:\/\/elregionalvm.com.ar\/noticias-villa-maria\/"},{"@type":"ListItem","position":2,"name":"El FUNESIL recibi\u00f3 el reconocimiento oficial como laboratorio de alimentos libres de gluten"}]},{"@type":"WebSite","@id":"http:\/\/elregionalvm.com.ar\/noticias-villa-maria\/#website","url":"http:\/\/elregionalvm.com.ar\/noticias-villa-maria\/","name":"El Regional","description":"Mucho m\u00e1s que informaci\u00f3n","potentialAction":[{"@type":"SearchAction","target":{"@type":"EntryPoint","urlTemplate":"http:\/\/elregionalvm.com.ar\/noticias-villa-maria\/?s={search_term_string}"},"query-input":{"@type":"PropertyValueSpecification","valueRequired":true,"valueName":"search_term_string"}}],"inLanguage":"es"},{"@type":"Person","@id":"http:\/\/elregionalvm.com.ar\/noticias-villa-maria\/#\/schema\/person\/a0fb9c422317faca23d50163151bc354","name":"Contenidos El Regional","image":{"@type":"ImageObject","inLanguage":"es","@id":"http:\/\/elregionalvm.com.ar\/noticias-villa-maria\/#\/schema\/person\/image\/","url":"https:\/\/secure.gravatar.com\/avatar\/265b27cb2209af7bb3a1318f03305787d7981a5cc6e6cd08fe5a4ecdf99d4b48?s=96&d=mm&r=g","contentUrl":"https:\/\/secure.gravatar.com\/avatar\/265b27cb2209af7bb3a1318f03305787d7981a5cc6e6cd08fe5a4ecdf99d4b48?s=96&d=mm&r=g","caption":"Contenidos El Regional"},"url":"https:\/\/elregionalvm.com.ar\/noticias-villa-maria\/author\/contenido\/"}]}},"jetpack_featured_media_url":"https:\/\/i0.wp.com\/elregionalvm.com.ar\/noticias-villa-maria\/wp-content\/uploads\/2023\/03\/WhatsApp-Image-2023-03-13-at-19.15.46.jpeg?fit=990%2C660&ssl=1","jetpack_sharing_enabled":true,"_links":{"self":[{"href":"https:\/\/elregionalvm.com.ar\/noticias-villa-maria\/wp-json\/wp\/v2\/posts\/73049","targetHints":{"allow":["GET"]}}],"collection":[{"href":"https:\/\/elregionalvm.com.ar\/noticias-villa-maria\/wp-json\/wp\/v2\/posts"}],"about":[{"href":"https:\/\/elregionalvm.com.ar\/noticias-villa-maria\/wp-json\/wp\/v2\/types\/post"}],"author":[{"embeddable":true,"href":"https:\/\/elregionalvm.com.ar\/noticias-villa-maria\/wp-json\/wp\/v2\/users\/4"}],"replies":[{"embeddable":true,"href":"https:\/\/elregionalvm.com.ar\/noticias-villa-maria\/wp-json\/wp\/v2\/comments?post=73049"}],"version-history":[{"count":1,"href":"https:\/\/elregionalvm.com.ar\/noticias-villa-maria\/wp-json\/wp\/v2\/posts\/73049\/revisions"}],"predecessor-version":[{"id":73052,"href":"https:\/\/elregionalvm.com.ar\/noticias-villa-maria\/wp-json\/wp\/v2\/posts\/73049\/revisions\/73052"}],"wp:featuredmedia":[{"embeddable":true,"href":"https:\/\/elregionalvm.com.ar\/noticias-villa-maria\/wp-json\/wp\/v2\/media\/73051"}],"wp:attachment":[{"href":"https:\/\/elregionalvm.com.ar\/noticias-villa-maria\/wp-json\/wp\/v2\/media?parent=73049"}],"wp:term":[{"taxonomy":"category","embeddable":true,"href":"https:\/\/elregionalvm.com.ar\/noticias-villa-maria\/wp-json\/wp\/v2\/categories?post=73049"},{"taxonomy":"post_tag","embeddable":true,"href":"https:\/\/elregionalvm.com.ar\/noticias-villa-maria\/wp-json\/wp\/v2\/tags?post=73049"}],"curies":[{"name":"wp","href":"https:\/\/api.w.org\/{rel}","templated":true}]}}