{"id":73053,"date":"2023-03-13T22:35:40","date_gmt":"2023-03-13T22:35:40","guid":{"rendered":"https:\/\/elregionalvm.com.ar\/noticias-villa-maria\/?p=73053"},"modified":"2023-03-14T02:20:18","modified_gmt":"2023-03-14T02:20:18","slug":"en-la-sede-del-pro-organizaron-una-charla-sobre-mujer-y-salud","status":"publish","type":"post","link":"https:\/\/elregionalvm.com.ar\/noticias-villa-maria\/en-la-sede-del-pro-organizaron-una-charla-sobre-mujer-y-salud\/","title":{"rendered":"En la sede del PRO, organizaron una charla sobre Mujer y Salud"},"content":{"rendered":"\n<p>Desde el PRO, en el marco del D\u00eda Internacional de la Mujer, organizaron una charla en su sede este s\u00e1bado 11 sobre Mujer y Salud donde invitaron a profesionales y referentes de la ciudad en el \u00e1rea.<\/p>\n\n\n\n<p>Entre las trabajadoras de la salud que disertaron se encuentran la ginec\u00f3loga <strong>Ximena Salezzi<\/strong>, y la odont\u00f3loga <strong>Fernanda Sandrino<\/strong>. Adem\u00e1s, el evento cont\u00f3 con la presencia de <strong>Lorena D\u00edaz<\/strong>, fundadora de Pa\u00f1uelos Solidarios, quien manifest\u00f3 c\u00f3mo a trav\u00e9s de su experiencia teniendo c\u00e1ncer de mama logr\u00f3 sobreponerse y llevar a cabo este proyecto para otras mujeres.<\/p>\n\n\n\n<p>El espacio pol\u00edtico viene ejecutando diversas actividades desde hace varios meses, convocando a la comunidad interesada. En esta ocasi\u00f3n y en el marco del D\u00eda de la Mujer, adelantaron que se abordar\u00e1n durante todo el mes aristas que las afecten.<\/p>\n\n\n\n<p>Con la presencia de vecinas de la ciudad que se reunieron en 25 de Mayo 40, explicaron que:: \u201c<u>La idea central de este proyecto es que las mujeres en todos los \u00e1mbitos puedan sentirse protagonistas y ponerle voz a lo que desean en la ciudad, su barrio, o en una tem\u00e1tica determinada<\/u>\u201d.<\/p>\n\n\n\n<p>Y agregaron desde el PRO: \u201c<u>el derecho a la salud debe ser inclusivo, comprendiendo diversidad de factores que contribuyan a que las mujeres de Villa Mar\u00eda tengan calidad de vida y acceso a consultas m\u00e9dicas para asegurar el bienestar f\u00edsico, mental y social, o tener el tratamiento correspondiente<\/u>.<em><u> <\/u><\/em><\/p>\n\n\n\n<p><u>En la ciudad hace falta mucho en materia de salud p\u00fablica. Los recursos y los profesionales est\u00e1n. Solo faltan las decisiones por parte del municipio<\/u>\u201d.<\/p>\n\n\n\n<p>\u201c<em><u>Consideramos que es esencial un modelo de atenci\u00f3n integral donde la Secretar\u00eda de Salud de Villa Mar\u00eda pueda prestar servicios ginecol\u00f3gicos y psicol\u00f3gicos sobre todo, logrando un seguimiento eficaz de cada vecina en particular<\/u><\/em>\u201d, afirmaron desde el partido.<\/p>\n\n\n\n<p>\u201c<em><u>A trav\u00e9s de esta iniciativa, buscamos poner en agenda el derecho a la salud en mujeres desde un abordaje de g\u00e9nero, que necesariamente implica que haya una atenci\u00f3n diferencial empezando por las bases del Estado, y que se replique tambi\u00e9n en los centros privados<\/u><\/em>\u201d, manifestaron desde el PRO.<\/p>\n\n\n\n<p>Y tambi\u00e9n mencionaron que \u201c<u>es necesario sancionar leyes y generar pol\u00edticas p\u00fablicas que contemplen la educaci\u00f3n y que afiancen la responsabilidad del Estado, y la participaci\u00f3n de la sociedad, para promover igualdad de oportunidades sin que haya ning\u00fan tipo de discriminaci\u00f3n<\/u>\u201d.<\/p>\n\n\n\n<p>\u201c<u>Se trata del derecho de gozar de una buena calidad de vida para lo que el Estado, ya sea municipal, provincial o nacional, debe dise\u00f1ar y ejecutar pol\u00edticas p\u00fablicas que logren disminuir y acabar con la situaci\u00f3n de exclusi\u00f3n y desigualdad en la que se encuentran las mujeres, sobre todo en condiciones de pobreza, en todos los puntos del pa\u00eds<\/u>\u201d, declararon desde el PRO. <\/p>\n\n\n\n<p>Se deben garantizar las condiciones de salud en igualdad que el hombre, teniendo en cuenta que las son m\u00e1s propensas mujeres a sufrir variables de pobreza y dependencia econ\u00f3mica, violencia, discriminaci\u00f3n, falta de poder y libertad en su toma de desiciones, afectando de manera directa en su salud.<\/p>\n\n\n\n<p>\u201c<u>El gasto p\u00fablico en materia de salud es una inversi\u00f3n social prioritaria que no debe recortarse<\/u>\u201d, aseveraron. \u201c<u>Por eso resulta primordial la presencia del Estado con pol\u00edticas p\u00fablicas, para que se efectivicen los derechos y haya un cambio en la conciencia social. Que se pueda asegurar la atenci\u00f3n m\u00e9dica sin discriminaci\u00f3n en todas las mujeres, es el \u00fanico objetivo que debemos lograr<\/u>\u201d, sentenciaron.<\/p>\n\n\n\n<p>Estuvieron presentes en la reuni\u00f3n los concejales <strong>Natalia Gonz\u00e1lez<\/strong> y <strong>Carlos Primo<\/strong> quienes dieron la bienvenida a las participantes y estuvieron presentes durante el desarrollo de la charla.<\/p>\n\n\n\n<p><strong>Las mujeres protagonistas<\/strong><\/p>\n\n\n\n<p>Ximena Salezzi, ginec\u00f3loga especialista en Tocoginecolog\u00eda y Ginecolog\u00eda infanto-juvenil comenz\u00f3 tomando la palabra en el encuentro \u201cMujer y Salud\u201d. La profesional con 25 a\u00f1os de trayectoria hizo \u00e9nfasis en los controles preventivos a lo largo de la vida reproductiva.<\/p>\n\n\n\n<p>\u201cEstamos al servicio de ustedes. En todo momento los m\u00e9dicos estamos para ayudar e informar. Estoy predispuesta a acompa\u00f1ar y ense\u00f1ar a mis pacientes. Lo m\u00e1s importante es que la mujer con el ginec\u00f3logo logre tener un acercamiento mayor y generar confianza\u201d. <\/p>\n\n\n\n<p>Adem\u00e1s, Salezzi respondi\u00f3 preguntas de las participantes, interactuando con ellas sobre los temas de inter\u00e9s, haciendo hincapi\u00e9 en la higiene, la alimentaci\u00f3n y los chequeos.<\/p>\n\n\n\n<p>Por su parte, se present\u00f3 a la odont\u00f3loga y especialista en Salud P\u00fablica, Fernanda Zandrino. Ella viaj\u00f3 a Chaco durante 4 a\u00f1os, y recorri\u00f3 escuelas rurales del sur de C\u00f3rdoba. Colabor\u00f3 en fundaciones de acci\u00f3n de salud y durante varios a\u00f1os estuvo a cargo de la Comisi\u00f3n de Acci\u00f3n Comunitaria del Colegio Odontol\u00f3gico de la Provincia de C\u00f3rdoba.<\/p>\n\n\n\n<p>La profesional explic\u00f3 c\u00f3mo las diferentes etapas de la vida y los acontecimientos importantes repercuten en la salud bucal, como as\u00ed tambi\u00e9n la influencia de medicaci\u00f3n, tener enfermedades y la alimentaci\u00f3n<\/p>\n\n\n\n<p>Para dar cierre a la jornada, Lorena D\u00edaz de Pa\u00f1uelos Solidarios, hizo uso de la palabra para dar testimonio sobre la superaci\u00f3n de su enfermedad y contar su historia. Ella tuvo c\u00e1ncer de mama y lleva adelante desde hace un par de a\u00f1os, un proyecto social que consta en realizar pelucas para mujeres que est\u00e9n pasando por un proceso oncol\u00f3gico.<\/p>\n\n\n\n<p>De manera totalmente gratuita dona pelucas, pa\u00f1uelos y turbantes para que ninguna mujer se sienta sola, adem\u00e1s de dar mensajes de concientizaci\u00f3n sobre la enfermedad, apoyando a distintas causas desde sus redes sociales y comprometi\u00e9ndose por el bienestar emocional<\/p>\n\n\n\n<p>Su historia y sus ganas de ayudar sobrepasan sus palabras. D\u00edaz destac\u00f3 que \u201cel autocontrol es lo principal, el poder tocarnos nosotros mismos para detectar cuando algo no est\u00e1 bien, y apoyarlo desde los controles ginecol\u00f3gicos\u201d.<\/p>\n","protected":false},"excerpt":{"rendered":"<p>Desde el PRO, en el marco del D\u00eda Internacional de la Mujer, organizaron una charla en su sede este s\u00e1bado 11 sobre Mujer y Salud donde invitaron a profesionales y referentes de la ciudad en el \u00e1rea. Entre las trabajadoras de la salud que disertaron se encuentran la ginec\u00f3loga Ximena Salezzi, y la odont\u00f3loga Fernanda [&hellip;]<\/p>\n","protected":false},"author":4,"featured_media":73054,"comment_status":"open","ping_status":"open","sticky":false,"template":"","format":"standard","meta":{"site-sidebar-layout":"default","site-content-layout":"","ast-site-content-layout":"default","site-content-style":"default","site-sidebar-style":"default","ast-global-header-display":"","ast-banner-title-visibility":"","ast-main-header-display":"","ast-hfb-above-header-display":"","ast-hfb-below-header-display":"","ast-hfb-mobile-header-display":"","site-post-title":"","ast-breadcrumbs-content":"","ast-featured-img":"","footer-sml-layout":"","ast-disable-related-posts":"","theme-transparent-header-meta":"","adv-header-id-meta":"","stick-header-meta":"","header-above-stick-meta":"","header-main-stick-meta":"","header-below-stick-meta":"","astra-migrate-meta-layouts":"default","ast-page-background-enabled":"default","ast-page-background-meta":{"desktop":{"background-color":"","background-image":"","background-repeat":"repeat","background-position":"center center","background-size":"auto","background-attachment":"scroll","background-type":"","background-media":"","overlay-type":"","overlay-color":"","overlay-opacity":"","overlay-gradient":""},"tablet":{"background-color":"","background-image":"","background-repeat":"repeat","background-position":"center center","background-size":"auto","background-attachment":"scroll","background-type":"","background-media":"","overlay-type":"","overlay-color":"","overlay-opacity":"","overlay-gradient":""},"mobile":{"background-color":"","background-image":"","background-repeat":"repeat","background-position":"center center","background-size":"auto","background-attachment":"scroll","background-type":"","background-media":"","overlay-type":"","overlay-color":"","overlay-opacity":"","overlay-gradient":""}},"ast-content-background-meta":{"desktop":{"background-color":"var(--ast-global-color-5)","background-image":"","background-repeat":"repeat","background-position":"center center","background-size":"auto","background-attachment":"scroll","background-type":"","background-media":"","overlay-type":"","overlay-color":"","overlay-opacity":"","overlay-gradient":""},"tablet":{"background-color":"var(--ast-global-color-5)","background-image":"","background-repeat":"repeat","background-position":"center center","background-size":"auto","background-attachment":"scroll","background-type":"","background-media":"","overlay-type":"","overlay-color":"","overlay-opacity":"","overlay-gradient":""},"mobile":{"background-color":"var(--ast-global-color-5)","background-image":"","background-repeat":"repeat","background-position":"center center","background-size":"auto","background-attachment":"scroll","background-type":"","background-media":"","overlay-type":"","overlay-color":"","overlay-opacity":"","overlay-gradient":""}},"_jetpack_memberships_contains_paid_content":false,"_joinchat":[],"footnotes":""},"categories":[365,5,2],"tags":[],"class_list":["post-73053","post","type-post","status-publish","format-standard","has-post-thumbnail","hentry","category-opinion","category-sociedad","category-villa-maria"],"yoast_head":"<!-- This site is optimized with the Yoast SEO plugin v26.8 - https:\/\/yoast.com\/product\/yoast-seo-wordpress\/ -->\n<title>En la sede del PRO, organizaron una charla sobre Mujer y Salud - El Regional<\/title>\n<meta name=\"robots\" content=\"index, follow, max-snippet:-1, max-image-preview:large, max-video-preview:-1\" \/>\n<link rel=\"canonical\" href=\"http:\/\/elregionalvm.com.ar\/noticias-villa-maria\/en-la-sede-del-pro-organizaron-una-charla-sobre-mujer-y-salud\/\" \/>\n<meta property=\"og:locale\" content=\"es_ES\" \/>\n<meta property=\"og:type\" content=\"article\" \/>\n<meta property=\"og:title\" content=\"En la sede del PRO, organizaron una charla sobre Mujer y Salud - El Regional\" \/>\n<meta property=\"og:description\" content=\"Desde el PRO, en el marco del D\u00eda Internacional de la Mujer, organizaron una charla en su sede este s\u00e1bado 11 sobre Mujer y Salud donde invitaron a profesionales y referentes de la ciudad en el \u00e1rea. Entre las trabajadoras de la salud que disertaron se encuentran la ginec\u00f3loga Ximena Salezzi, y la odont\u00f3loga Fernanda [&hellip;]\" \/>\n<meta property=\"og:url\" content=\"http:\/\/elregionalvm.com.ar\/noticias-villa-maria\/en-la-sede-del-pro-organizaron-una-charla-sobre-mujer-y-salud\/\" \/>\n<meta property=\"og:site_name\" content=\"El Regional\" \/>\n<meta property=\"article:publisher\" content=\"https:\/\/www.facebook.com\/elregionalvm\" \/>\n<meta property=\"article:published_time\" content=\"2023-03-13T22:35:40+00:00\" \/>\n<meta property=\"article:modified_time\" content=\"2023-03-14T02:20:18+00:00\" \/>\n<meta property=\"og:image\" content=\"http:\/\/elregionalvm.com.ar\/noticias-villa-maria\/wp-content\/uploads\/2023\/03\/WhatsApp-Image-2023-03-13-at-17.53.17.jpeg\" \/>\n\t<meta property=\"og:image:width\" content=\"1600\" \/>\n\t<meta property=\"og:image:height\" content=\"1232\" \/>\n\t<meta property=\"og:image:type\" content=\"image\/jpeg\" \/>\n<meta name=\"author\" content=\"Contenidos El Regional\" \/>\n<meta name=\"twitter:card\" content=\"summary_large_image\" \/>\n<meta name=\"twitter:creator\" content=\"@elregionalvm1\" \/>\n<meta name=\"twitter:site\" content=\"@elregionalvm1\" \/>\n<meta name=\"twitter:label1\" content=\"Escrito por\" \/>\n\t<meta name=\"twitter:data1\" content=\"Contenidos El Regional\" \/>\n\t<meta name=\"twitter:label2\" content=\"Tiempo de lectura\" \/>\n\t<meta name=\"twitter:data2\" content=\"5 minutos\" \/>\n<script type=\"application\/ld+json\" class=\"yoast-schema-graph\">{\"@context\":\"https:\/\/schema.org\",\"@graph\":[{\"@type\":\"Article\",\"@id\":\"http:\/\/elregionalvm.com.ar\/noticias-villa-maria\/en-la-sede-del-pro-organizaron-una-charla-sobre-mujer-y-salud\/#article\",\"isPartOf\":{\"@id\":\"http:\/\/elregionalvm.com.ar\/noticias-villa-maria\/en-la-sede-del-pro-organizaron-una-charla-sobre-mujer-y-salud\/\"},\"author\":{\"name\":\"Contenidos El Regional\",\"@id\":\"http:\/\/elregionalvm.com.ar\/noticias-villa-maria\/#\/schema\/person\/a0fb9c422317faca23d50163151bc354\"},\"headline\":\"En la sede del PRO, organizaron una charla sobre Mujer y Salud\",\"datePublished\":\"2023-03-13T22:35:40+00:00\",\"dateModified\":\"2023-03-14T02:20:18+00:00\",\"mainEntityOfPage\":{\"@id\":\"http:\/\/elregionalvm.com.ar\/noticias-villa-maria\/en-la-sede-del-pro-organizaron-una-charla-sobre-mujer-y-salud\/\"},\"wordCount\":1021,\"commentCount\":0,\"image\":{\"@id\":\"http:\/\/elregionalvm.com.ar\/noticias-villa-maria\/en-la-sede-del-pro-organizaron-una-charla-sobre-mujer-y-salud\/#primaryimage\"},\"thumbnailUrl\":\"https:\/\/i0.wp.com\/elregionalvm.com.ar\/noticias-villa-maria\/wp-content\/uploads\/2023\/03\/WhatsApp-Image-2023-03-13-at-17.53.17.jpeg?fit=1600%2C1232&ssl=1\",\"articleSection\":[\"Opini\u00f3n\",\"Sociedad\",\"Villa Mar\u00eda\"],\"inLanguage\":\"es\",\"potentialAction\":[{\"@type\":\"CommentAction\",\"name\":\"Comment\",\"target\":[\"http:\/\/elregionalvm.com.ar\/noticias-villa-maria\/en-la-sede-del-pro-organizaron-una-charla-sobre-mujer-y-salud\/#respond\"]}]},{\"@type\":\"WebPage\",\"@id\":\"http:\/\/elregionalvm.com.ar\/noticias-villa-maria\/en-la-sede-del-pro-organizaron-una-charla-sobre-mujer-y-salud\/\",\"url\":\"http:\/\/elregionalvm.com.ar\/noticias-villa-maria\/en-la-sede-del-pro-organizaron-una-charla-sobre-mujer-y-salud\/\",\"name\":\"En la sede del PRO, organizaron una charla sobre Mujer y Salud - El Regional\",\"isPartOf\":{\"@id\":\"http:\/\/elregionalvm.com.ar\/noticias-villa-maria\/#website\"},\"primaryImageOfPage\":{\"@id\":\"http:\/\/elregionalvm.com.ar\/noticias-villa-maria\/en-la-sede-del-pro-organizaron-una-charla-sobre-mujer-y-salud\/#primaryimage\"},\"image\":{\"@id\":\"http:\/\/elregionalvm.com.ar\/noticias-villa-maria\/en-la-sede-del-pro-organizaron-una-charla-sobre-mujer-y-salud\/#primaryimage\"},\"thumbnailUrl\":\"https:\/\/i0.wp.com\/elregionalvm.com.ar\/noticias-villa-maria\/wp-content\/uploads\/2023\/03\/WhatsApp-Image-2023-03-13-at-17.53.17.jpeg?fit=1600%2C1232&ssl=1\",\"datePublished\":\"2023-03-13T22:35:40+00:00\",\"dateModified\":\"2023-03-14T02:20:18+00:00\",\"author\":{\"@id\":\"http:\/\/elregionalvm.com.ar\/noticias-villa-maria\/#\/schema\/person\/a0fb9c422317faca23d50163151bc354\"},\"breadcrumb\":{\"@id\":\"http:\/\/elregionalvm.com.ar\/noticias-villa-maria\/en-la-sede-del-pro-organizaron-una-charla-sobre-mujer-y-salud\/#breadcrumb\"},\"inLanguage\":\"es\",\"potentialAction\":[{\"@type\":\"ReadAction\",\"target\":[\"http:\/\/elregionalvm.com.ar\/noticias-villa-maria\/en-la-sede-del-pro-organizaron-una-charla-sobre-mujer-y-salud\/\"]}]},{\"@type\":\"ImageObject\",\"inLanguage\":\"es\",\"@id\":\"http:\/\/elregionalvm.com.ar\/noticias-villa-maria\/en-la-sede-del-pro-organizaron-una-charla-sobre-mujer-y-salud\/#primaryimage\",\"url\":\"https:\/\/i0.wp.com\/elregionalvm.com.ar\/noticias-villa-maria\/wp-content\/uploads\/2023\/03\/WhatsApp-Image-2023-03-13-at-17.53.17.jpeg?fit=1600%2C1232&ssl=1\",\"contentUrl\":\"https:\/\/i0.wp.com\/elregionalvm.com.ar\/noticias-villa-maria\/wp-content\/uploads\/2023\/03\/WhatsApp-Image-2023-03-13-at-17.53.17.jpeg?fit=1600%2C1232&ssl=1\",\"width\":1600,\"height\":1232},{\"@type\":\"BreadcrumbList\",\"@id\":\"http:\/\/elregionalvm.com.ar\/noticias-villa-maria\/en-la-sede-del-pro-organizaron-una-charla-sobre-mujer-y-salud\/#breadcrumb\",\"itemListElement\":[{\"@type\":\"ListItem\",\"position\":1,\"name\":\"Portada\",\"item\":\"https:\/\/elregionalvm.com.ar\/noticias-villa-maria\/\"},{\"@type\":\"ListItem\",\"position\":2,\"name\":\"En la sede del PRO, organizaron una charla sobre Mujer y Salud\"}]},{\"@type\":\"WebSite\",\"@id\":\"http:\/\/elregionalvm.com.ar\/noticias-villa-maria\/#website\",\"url\":\"http:\/\/elregionalvm.com.ar\/noticias-villa-maria\/\",\"name\":\"El Regional\",\"description\":\"Mucho m\u00e1s que informaci\u00f3n\",\"potentialAction\":[{\"@type\":\"SearchAction\",\"target\":{\"@type\":\"EntryPoint\",\"urlTemplate\":\"http:\/\/elregionalvm.com.ar\/noticias-villa-maria\/?s={search_term_string}\"},\"query-input\":{\"@type\":\"PropertyValueSpecification\",\"valueRequired\":true,\"valueName\":\"search_term_string\"}}],\"inLanguage\":\"es\"},{\"@type\":\"Person\",\"@id\":\"http:\/\/elregionalvm.com.ar\/noticias-villa-maria\/#\/schema\/person\/a0fb9c422317faca23d50163151bc354\",\"name\":\"Contenidos El Regional\",\"image\":{\"@type\":\"ImageObject\",\"inLanguage\":\"es\",\"@id\":\"http:\/\/elregionalvm.com.ar\/noticias-villa-maria\/#\/schema\/person\/image\/\",\"url\":\"https:\/\/secure.gravatar.com\/avatar\/265b27cb2209af7bb3a1318f03305787d7981a5cc6e6cd08fe5a4ecdf99d4b48?s=96&d=mm&r=g\",\"contentUrl\":\"https:\/\/secure.gravatar.com\/avatar\/265b27cb2209af7bb3a1318f03305787d7981a5cc6e6cd08fe5a4ecdf99d4b48?s=96&d=mm&r=g\",\"caption\":\"Contenidos El Regional\"},\"url\":\"https:\/\/elregionalvm.com.ar\/noticias-villa-maria\/author\/contenido\/\"}]}<\/script>\n<!-- \/ Yoast SEO plugin. -->","yoast_head_json":{"title":"En la sede del PRO, organizaron una charla sobre Mujer y Salud - El Regional","robots":{"index":"index","follow":"follow","max-snippet":"max-snippet:-1","max-image-preview":"max-image-preview:large","max-video-preview":"max-video-preview:-1"},"canonical":"http:\/\/elregionalvm.com.ar\/noticias-villa-maria\/en-la-sede-del-pro-organizaron-una-charla-sobre-mujer-y-salud\/","og_locale":"es_ES","og_type":"article","og_title":"En la sede del PRO, organizaron una charla sobre Mujer y Salud - El Regional","og_description":"Desde el PRO, en el marco del D\u00eda Internacional de la Mujer, organizaron una charla en su sede este s\u00e1bado 11 sobre Mujer y Salud donde invitaron a profesionales y referentes de la ciudad en el \u00e1rea. Entre las trabajadoras de la salud que disertaron se encuentran la ginec\u00f3loga Ximena Salezzi, y la odont\u00f3loga Fernanda [&hellip;]","og_url":"http:\/\/elregionalvm.com.ar\/noticias-villa-maria\/en-la-sede-del-pro-organizaron-una-charla-sobre-mujer-y-salud\/","og_site_name":"El Regional","article_publisher":"https:\/\/www.facebook.com\/elregionalvm","article_published_time":"2023-03-13T22:35:40+00:00","article_modified_time":"2023-03-14T02:20:18+00:00","og_image":[{"width":1600,"height":1232,"url":"http:\/\/elregionalvm.com.ar\/noticias-villa-maria\/wp-content\/uploads\/2023\/03\/WhatsApp-Image-2023-03-13-at-17.53.17.jpeg","type":"image\/jpeg"}],"author":"Contenidos El Regional","twitter_card":"summary_large_image","twitter_creator":"@elregionalvm1","twitter_site":"@elregionalvm1","twitter_misc":{"Escrito por":"Contenidos El Regional","Tiempo de lectura":"5 minutos"},"schema":{"@context":"https:\/\/schema.org","@graph":[{"@type":"Article","@id":"http:\/\/elregionalvm.com.ar\/noticias-villa-maria\/en-la-sede-del-pro-organizaron-una-charla-sobre-mujer-y-salud\/#article","isPartOf":{"@id":"http:\/\/elregionalvm.com.ar\/noticias-villa-maria\/en-la-sede-del-pro-organizaron-una-charla-sobre-mujer-y-salud\/"},"author":{"name":"Contenidos El Regional","@id":"http:\/\/elregionalvm.com.ar\/noticias-villa-maria\/#\/schema\/person\/a0fb9c422317faca23d50163151bc354"},"headline":"En la sede del PRO, organizaron una charla sobre Mujer y Salud","datePublished":"2023-03-13T22:35:40+00:00","dateModified":"2023-03-14T02:20:18+00:00","mainEntityOfPage":{"@id":"http:\/\/elregionalvm.com.ar\/noticias-villa-maria\/en-la-sede-del-pro-organizaron-una-charla-sobre-mujer-y-salud\/"},"wordCount":1021,"commentCount":0,"image":{"@id":"http:\/\/elregionalvm.com.ar\/noticias-villa-maria\/en-la-sede-del-pro-organizaron-una-charla-sobre-mujer-y-salud\/#primaryimage"},"thumbnailUrl":"https:\/\/i0.wp.com\/elregionalvm.com.ar\/noticias-villa-maria\/wp-content\/uploads\/2023\/03\/WhatsApp-Image-2023-03-13-at-17.53.17.jpeg?fit=1600%2C1232&ssl=1","articleSection":["Opini\u00f3n","Sociedad","Villa Mar\u00eda"],"inLanguage":"es","potentialAction":[{"@type":"CommentAction","name":"Comment","target":["http:\/\/elregionalvm.com.ar\/noticias-villa-maria\/en-la-sede-del-pro-organizaron-una-charla-sobre-mujer-y-salud\/#respond"]}]},{"@type":"WebPage","@id":"http:\/\/elregionalvm.com.ar\/noticias-villa-maria\/en-la-sede-del-pro-organizaron-una-charla-sobre-mujer-y-salud\/","url":"http:\/\/elregionalvm.com.ar\/noticias-villa-maria\/en-la-sede-del-pro-organizaron-una-charla-sobre-mujer-y-salud\/","name":"En la sede del PRO, organizaron una charla sobre Mujer y Salud - El Regional","isPartOf":{"@id":"http:\/\/elregionalvm.com.ar\/noticias-villa-maria\/#website"},"primaryImageOfPage":{"@id":"http:\/\/elregionalvm.com.ar\/noticias-villa-maria\/en-la-sede-del-pro-organizaron-una-charla-sobre-mujer-y-salud\/#primaryimage"},"image":{"@id":"http:\/\/elregionalvm.com.ar\/noticias-villa-maria\/en-la-sede-del-pro-organizaron-una-charla-sobre-mujer-y-salud\/#primaryimage"},"thumbnailUrl":"https:\/\/i0.wp.com\/elregionalvm.com.ar\/noticias-villa-maria\/wp-content\/uploads\/2023\/03\/WhatsApp-Image-2023-03-13-at-17.53.17.jpeg?fit=1600%2C1232&ssl=1","datePublished":"2023-03-13T22:35:40+00:00","dateModified":"2023-03-14T02:20:18+00:00","author":{"@id":"http:\/\/elregionalvm.com.ar\/noticias-villa-maria\/#\/schema\/person\/a0fb9c422317faca23d50163151bc354"},"breadcrumb":{"@id":"http:\/\/elregionalvm.com.ar\/noticias-villa-maria\/en-la-sede-del-pro-organizaron-una-charla-sobre-mujer-y-salud\/#breadcrumb"},"inLanguage":"es","potentialAction":[{"@type":"ReadAction","target":["http:\/\/elregionalvm.com.ar\/noticias-villa-maria\/en-la-sede-del-pro-organizaron-una-charla-sobre-mujer-y-salud\/"]}]},{"@type":"ImageObject","inLanguage":"es","@id":"http:\/\/elregionalvm.com.ar\/noticias-villa-maria\/en-la-sede-del-pro-organizaron-una-charla-sobre-mujer-y-salud\/#primaryimage","url":"https:\/\/i0.wp.com\/elregionalvm.com.ar\/noticias-villa-maria\/wp-content\/uploads\/2023\/03\/WhatsApp-Image-2023-03-13-at-17.53.17.jpeg?fit=1600%2C1232&ssl=1","contentUrl":"https:\/\/i0.wp.com\/elregionalvm.com.ar\/noticias-villa-maria\/wp-content\/uploads\/2023\/03\/WhatsApp-Image-2023-03-13-at-17.53.17.jpeg?fit=1600%2C1232&ssl=1","width":1600,"height":1232},{"@type":"BreadcrumbList","@id":"http:\/\/elregionalvm.com.ar\/noticias-villa-maria\/en-la-sede-del-pro-organizaron-una-charla-sobre-mujer-y-salud\/#breadcrumb","itemListElement":[{"@type":"ListItem","position":1,"name":"Portada","item":"https:\/\/elregionalvm.com.ar\/noticias-villa-maria\/"},{"@type":"ListItem","position":2,"name":"En la sede del PRO, organizaron una charla sobre Mujer y Salud"}]},{"@type":"WebSite","@id":"http:\/\/elregionalvm.com.ar\/noticias-villa-maria\/#website","url":"http:\/\/elregionalvm.com.ar\/noticias-villa-maria\/","name":"El Regional","description":"Mucho m\u00e1s que informaci\u00f3n","potentialAction":[{"@type":"SearchAction","target":{"@type":"EntryPoint","urlTemplate":"http:\/\/elregionalvm.com.ar\/noticias-villa-maria\/?s={search_term_string}"},"query-input":{"@type":"PropertyValueSpecification","valueRequired":true,"valueName":"search_term_string"}}],"inLanguage":"es"},{"@type":"Person","@id":"http:\/\/elregionalvm.com.ar\/noticias-villa-maria\/#\/schema\/person\/a0fb9c422317faca23d50163151bc354","name":"Contenidos El Regional","image":{"@type":"ImageObject","inLanguage":"es","@id":"http:\/\/elregionalvm.com.ar\/noticias-villa-maria\/#\/schema\/person\/image\/","url":"https:\/\/secure.gravatar.com\/avatar\/265b27cb2209af7bb3a1318f03305787d7981a5cc6e6cd08fe5a4ecdf99d4b48?s=96&d=mm&r=g","contentUrl":"https:\/\/secure.gravatar.com\/avatar\/265b27cb2209af7bb3a1318f03305787d7981a5cc6e6cd08fe5a4ecdf99d4b48?s=96&d=mm&r=g","caption":"Contenidos El Regional"},"url":"https:\/\/elregionalvm.com.ar\/noticias-villa-maria\/author\/contenido\/"}]}},"jetpack_featured_media_url":"https:\/\/i0.wp.com\/elregionalvm.com.ar\/noticias-villa-maria\/wp-content\/uploads\/2023\/03\/WhatsApp-Image-2023-03-13-at-17.53.17.jpeg?fit=1600%2C1232&ssl=1","jetpack_sharing_enabled":true,"_links":{"self":[{"href":"https:\/\/elregionalvm.com.ar\/noticias-villa-maria\/wp-json\/wp\/v2\/posts\/73053","targetHints":{"allow":["GET"]}}],"collection":[{"href":"https:\/\/elregionalvm.com.ar\/noticias-villa-maria\/wp-json\/wp\/v2\/posts"}],"about":[{"href":"https:\/\/elregionalvm.com.ar\/noticias-villa-maria\/wp-json\/wp\/v2\/types\/post"}],"author":[{"embeddable":true,"href":"https:\/\/elregionalvm.com.ar\/noticias-villa-maria\/wp-json\/wp\/v2\/users\/4"}],"replies":[{"embeddable":true,"href":"https:\/\/elregionalvm.com.ar\/noticias-villa-maria\/wp-json\/wp\/v2\/comments?post=73053"}],"version-history":[{"count":1,"href":"https:\/\/elregionalvm.com.ar\/noticias-villa-maria\/wp-json\/wp\/v2\/posts\/73053\/revisions"}],"predecessor-version":[{"id":73055,"href":"https:\/\/elregionalvm.com.ar\/noticias-villa-maria\/wp-json\/wp\/v2\/posts\/73053\/revisions\/73055"}],"wp:featuredmedia":[{"embeddable":true,"href":"https:\/\/elregionalvm.com.ar\/noticias-villa-maria\/wp-json\/wp\/v2\/media\/73054"}],"wp:attachment":[{"href":"https:\/\/elregionalvm.com.ar\/noticias-villa-maria\/wp-json\/wp\/v2\/media?parent=73053"}],"wp:term":[{"taxonomy":"category","embeddable":true,"href":"https:\/\/elregionalvm.com.ar\/noticias-villa-maria\/wp-json\/wp\/v2\/categories?post=73053"},{"taxonomy":"post_tag","embeddable":true,"href":"https:\/\/elregionalvm.com.ar\/noticias-villa-maria\/wp-json\/wp\/v2\/tags?post=73053"}],"curies":[{"name":"wp","href":"https:\/\/api.w.org\/{rel}","templated":true}]}}