{"id":73063,"date":"2023-03-13T22:49:34","date_gmt":"2023-03-13T22:49:34","guid":{"rendered":"https:\/\/elregionalvm.com.ar\/noticias-villa-maria\/?p=73063"},"modified":"2023-03-13T22:49:36","modified_gmt":"2023-03-13T22:49:36","slug":"se-constituyo-el-primer-club-y-centro-deportivo-de-futbol-femenino","status":"publish","type":"post","link":"https:\/\/elregionalvm.com.ar\/noticias-villa-maria\/se-constituyo-el-primer-club-y-centro-deportivo-de-futbol-femenino\/","title":{"rendered":"Se constituy\u00f3 el primer club y Centro Deportivo de F\u00fatbol Femenino"},"content":{"rendered":"\n<p>El secretario de Comunicaciones de la Provincia de C\u00f3rdoba entreg\u00f3 la personer\u00eda jur\u00eddica a la Asociaci\u00f3n Civil \u201cLo Mejor est\u00e1 por Venir\u201d y destac\u00f3 este hecho como trascendental en pos de una sociedad con m\u00e1s equidad.<\/p>\n\n\n\n<p>En las \u00faltimas horas, el titular de Red Ciudadana Marcos Bovo junto a Alicia Gonz\u00e1lez integrante de la citada ONG, entregaron el documento de la Direcci\u00f3n de Inspecci\u00f3n de Personas Jur\u00eddicas a Silvia Antonucci y Franco Ortiz de la flamante entidad deportiva.<\/p>\n\n\n\n<figure class=\"wp-block-image size-large\"><img data-recalc-dims=\"1\" fetchpriority=\"high\" decoding=\"async\" width=\"1024\" height=\"576\" src=\"https:\/\/i0.wp.com\/elregionalvm.com.ar\/noticias-villa-maria\/wp-content\/uploads\/2023\/03\/DSC9719.jpg?resize=1024%2C576&#038;ssl=1\" alt=\"\" class=\"wp-image-73065\" srcset=\"https:\/\/i0.wp.com\/elregionalvm.com.ar\/noticias-villa-maria\/wp-content\/uploads\/2023\/03\/DSC9719-scaled.jpg?resize=1024%2C576&amp;ssl=1 1024w, https:\/\/i0.wp.com\/elregionalvm.com.ar\/noticias-villa-maria\/wp-content\/uploads\/2023\/03\/DSC9719-scaled.jpg?resize=300%2C169&amp;ssl=1 300w, https:\/\/i0.wp.com\/elregionalvm.com.ar\/noticias-villa-maria\/wp-content\/uploads\/2023\/03\/DSC9719-scaled.jpg?resize=768%2C432&amp;ssl=1 768w, https:\/\/i0.wp.com\/elregionalvm.com.ar\/noticias-villa-maria\/wp-content\/uploads\/2023\/03\/DSC9719-scaled.jpg?resize=1536%2C864&amp;ssl=1 1536w, https:\/\/i0.wp.com\/elregionalvm.com.ar\/noticias-villa-maria\/wp-content\/uploads\/2023\/03\/DSC9719-scaled.jpg?resize=2048%2C1152&amp;ssl=1 2048w\" sizes=\"(max-width: 1000px) 100vw, 1000px\" \/><\/figure>\n\n\n\n<p>Se trata del primer club y Centro Deportivo constituido legalmente con el objetivo de promover la pr\u00e1ctica del f\u00fatbol femenino, ubicado en Calle Sucre y Chile, frente al Parque Pereyra y Dom\u00ednguez.<\/p>\n\n\n\n<p>Vale recordar, que, en los \u00faltimos a\u00f1os, la participaci\u00f3n de las mujeres en el deporte en general, y en el f\u00fatbol en particular, va creciendo y, con ella, la necesidad de que exista una sociedad m\u00e1s igualitaria y justa, e instituciones donde puedan practicar la disciplina.<\/p>\n\n\n\n<p>En esta instituci\u00f3n \u2013 recientemente constituida -, participan m\u00e1s 50 mujeres que finalizaron su etapa en el baby f\u00fatbol y que ahora pueden continuar realizando pr\u00e1cticas gracias al compromiso ciudadano de quienes llevan adelante la asociaci\u00f3n.<\/p>\n\n\n\n<figure class=\"wp-block-image size-large\"><img data-recalc-dims=\"1\" decoding=\"async\" width=\"1024\" height=\"576\" src=\"https:\/\/i0.wp.com\/elregionalvm.com.ar\/noticias-villa-maria\/wp-content\/uploads\/2023\/03\/DSC9711.jpg?resize=1024%2C576&#038;ssl=1\" alt=\"\" class=\"wp-image-73066\" srcset=\"https:\/\/i0.wp.com\/elregionalvm.com.ar\/noticias-villa-maria\/wp-content\/uploads\/2023\/03\/DSC9711-scaled.jpg?resize=1024%2C576&amp;ssl=1 1024w, https:\/\/i0.wp.com\/elregionalvm.com.ar\/noticias-villa-maria\/wp-content\/uploads\/2023\/03\/DSC9711-scaled.jpg?resize=300%2C169&amp;ssl=1 300w, https:\/\/i0.wp.com\/elregionalvm.com.ar\/noticias-villa-maria\/wp-content\/uploads\/2023\/03\/DSC9711-scaled.jpg?resize=768%2C432&amp;ssl=1 768w, https:\/\/i0.wp.com\/elregionalvm.com.ar\/noticias-villa-maria\/wp-content\/uploads\/2023\/03\/DSC9711-scaled.jpg?resize=1536%2C864&amp;ssl=1 1536w, https:\/\/i0.wp.com\/elregionalvm.com.ar\/noticias-villa-maria\/wp-content\/uploads\/2023\/03\/DSC9711-scaled.jpg?resize=2048%2C1152&amp;ssl=1 2048w\" sizes=\"(max-width: 1000px) 100vw, 1000px\" \/><\/figure>\n\n\n\n<p>En ese sentido, Bovo sostuvo: \u201cEn el mes de la mujer, celebro la iniciativa de la Asociaci\u00f3n Civil \u00abLo Mejor Est\u00e1 Por Venir\u00bb, que promueve el deporte y estimula un desarrollo integral de las mujeres y estimula a la equidad en nuestra sociedad a partir de este club.\u201d<\/p>\n\n\n\n<p>\u201cLa inclusi\u00f3n en el f\u00fatbol viene siendo cada vez m\u00e1s evidente. Sentirnos acompa\u00f1ados nos motiva a seguir trabajando en nuestros objetivos, en una formaci\u00f3n integral, no s\u00f3lo desde lo futbol\u00edstico\u201d expres\u00f3 Silvia Antonucci, integrante de la comisi\u00f3n directiva y agreg\u00f3: \u201cGracias a la fundaci\u00f3n que preside Marcos (Bovo) pudimos obtener en tiempo record nuestra personer\u00eda jur\u00eddica\u201d.<\/p>\n","protected":false},"excerpt":{"rendered":"<p>El secretario de Comunicaciones de la Provincia de C\u00f3rdoba entreg\u00f3 la personer\u00eda jur\u00eddica a la Asociaci\u00f3n Civil \u201cLo Mejor est\u00e1 por Venir\u201d y destac\u00f3 este hecho como trascendental en pos de una sociedad con m\u00e1s equidad. En las \u00faltimas horas, el titular de Red Ciudadana Marcos Bovo junto a Alicia Gonz\u00e1lez integrante de la citada [&hellip;]<\/p>\n","protected":false},"author":4,"featured_media":73064,"comment_status":"open","ping_status":"open","sticky":false,"template":"","format":"standard","meta":{"site-sidebar-layout":"default","site-content-layout":"","ast-site-content-layout":"default","site-content-style":"default","site-sidebar-style":"default","ast-global-header-display":"","ast-banner-title-visibility":"","ast-main-header-display":"","ast-hfb-above-header-display":"","ast-hfb-below-header-display":"","ast-hfb-mobile-header-display":"","site-post-title":"","ast-breadcrumbs-content":"","ast-featured-img":"","footer-sml-layout":"","ast-disable-related-posts":"","theme-transparent-header-meta":"","adv-header-id-meta":"","stick-header-meta":"","header-above-stick-meta":"","header-main-stick-meta":"","header-below-stick-meta":"","astra-migrate-meta-layouts":"default","ast-page-background-enabled":"default","ast-page-background-meta":{"desktop":{"background-color":"","background-image":"","background-repeat":"repeat","background-position":"center center","background-size":"auto","background-attachment":"scroll","background-type":"","background-media":"","overlay-type":"","overlay-color":"","overlay-opacity":"","overlay-gradient":""},"tablet":{"background-color":"","background-image":"","background-repeat":"repeat","background-position":"center center","background-size":"auto","background-attachment":"scroll","background-type":"","background-media":"","overlay-type":"","overlay-color":"","overlay-opacity":"","overlay-gradient":""},"mobile":{"background-color":"","background-image":"","background-repeat":"repeat","background-position":"center center","background-size":"auto","background-attachment":"scroll","background-type":"","background-media":"","overlay-type":"","overlay-color":"","overlay-opacity":"","overlay-gradient":""}},"ast-content-background-meta":{"desktop":{"background-color":"var(--ast-global-color-5)","background-image":"","background-repeat":"repeat","background-position":"center center","background-size":"auto","background-attachment":"scroll","background-type":"","background-media":"","overlay-type":"","overlay-color":"","overlay-opacity":"","overlay-gradient":""},"tablet":{"background-color":"var(--ast-global-color-5)","background-image":"","background-repeat":"repeat","background-position":"center center","background-size":"auto","background-attachment":"scroll","background-type":"","background-media":"","overlay-type":"","overlay-color":"","overlay-opacity":"","overlay-gradient":""},"mobile":{"background-color":"var(--ast-global-color-5)","background-image":"","background-repeat":"repeat","background-position":"center center","background-size":"auto","background-attachment":"scroll","background-type":"","background-media":"","overlay-type":"","overlay-color":"","overlay-opacity":"","overlay-gradient":""}},"_jetpack_memberships_contains_paid_content":false,"_joinchat":[],"footnotes":""},"categories":[15158,15302,365,5,2,1408],"tags":[],"class_list":["post-73063","post","type-post","status-publish","format-standard","has-post-thumbnail","hentry","category-deporte","category-destacado","category-opinion","category-sociedad","category-villa-maria","category-villa-nueva"],"yoast_head":"<!-- This site is optimized with the Yoast SEO plugin v26.8 - https:\/\/yoast.com\/product\/yoast-seo-wordpress\/ -->\n<title>Se constituy\u00f3 el primer club y Centro Deportivo de F\u00fatbol Femenino - El Regional<\/title>\n<meta name=\"robots\" content=\"index, follow, max-snippet:-1, max-image-preview:large, max-video-preview:-1\" \/>\n<link rel=\"canonical\" href=\"http:\/\/elregionalvm.com.ar\/noticias-villa-maria\/se-constituyo-el-primer-club-y-centro-deportivo-de-futbol-femenino\/\" \/>\n<meta property=\"og:locale\" content=\"es_ES\" \/>\n<meta property=\"og:type\" content=\"article\" \/>\n<meta property=\"og:title\" content=\"Se constituy\u00f3 el primer club y Centro Deportivo de F\u00fatbol Femenino - El Regional\" \/>\n<meta property=\"og:description\" content=\"El secretario de Comunicaciones de la Provincia de C\u00f3rdoba entreg\u00f3 la personer\u00eda jur\u00eddica a la Asociaci\u00f3n Civil \u201cLo Mejor est\u00e1 por Venir\u201d y destac\u00f3 este hecho como trascendental en pos de una sociedad con m\u00e1s equidad. En las \u00faltimas horas, el titular de Red Ciudadana Marcos Bovo junto a Alicia Gonz\u00e1lez integrante de la citada [&hellip;]\" \/>\n<meta property=\"og:url\" content=\"http:\/\/elregionalvm.com.ar\/noticias-villa-maria\/se-constituyo-el-primer-club-y-centro-deportivo-de-futbol-femenino\/\" \/>\n<meta property=\"og:site_name\" content=\"El Regional\" \/>\n<meta property=\"article:publisher\" content=\"https:\/\/www.facebook.com\/elregionalvm\" \/>\n<meta property=\"article:published_time\" content=\"2023-03-13T22:49:34+00:00\" \/>\n<meta property=\"article:modified_time\" content=\"2023-03-13T22:49:36+00:00\" \/>\n<meta property=\"og:image\" content=\"http:\/\/elregionalvm.com.ar\/noticias-villa-maria\/wp-content\/uploads\/2023\/03\/DSC9713-scaled.jpg\" \/>\n\t<meta property=\"og:image:width\" content=\"2560\" \/>\n\t<meta property=\"og:image:height\" content=\"1440\" \/>\n\t<meta property=\"og:image:type\" content=\"image\/jpeg\" \/>\n<meta name=\"author\" content=\"Contenidos El Regional\" \/>\n<meta name=\"twitter:card\" content=\"summary_large_image\" \/>\n<meta name=\"twitter:creator\" content=\"@elregionalvm1\" \/>\n<meta name=\"twitter:site\" content=\"@elregionalvm1\" \/>\n<meta name=\"twitter:label1\" content=\"Escrito por\" \/>\n\t<meta name=\"twitter:data1\" content=\"Contenidos El Regional\" \/>\n\t<meta name=\"twitter:label2\" content=\"Tiempo de lectura\" \/>\n\t<meta name=\"twitter:data2\" content=\"2 minutos\" \/>\n<script type=\"application\/ld+json\" class=\"yoast-schema-graph\">{\"@context\":\"https:\/\/schema.org\",\"@graph\":[{\"@type\":\"Article\",\"@id\":\"http:\/\/elregionalvm.com.ar\/noticias-villa-maria\/se-constituyo-el-primer-club-y-centro-deportivo-de-futbol-femenino\/#article\",\"isPartOf\":{\"@id\":\"http:\/\/elregionalvm.com.ar\/noticias-villa-maria\/se-constituyo-el-primer-club-y-centro-deportivo-de-futbol-femenino\/\"},\"author\":{\"name\":\"Contenidos El Regional\",\"@id\":\"http:\/\/elregionalvm.com.ar\/noticias-villa-maria\/#\/schema\/person\/a0fb9c422317faca23d50163151bc354\"},\"headline\":\"Se constituy\u00f3 el primer club y Centro Deportivo de F\u00fatbol Femenino\",\"datePublished\":\"2023-03-13T22:49:34+00:00\",\"dateModified\":\"2023-03-13T22:49:36+00:00\",\"mainEntityOfPage\":{\"@id\":\"http:\/\/elregionalvm.com.ar\/noticias-villa-maria\/se-constituyo-el-primer-club-y-centro-deportivo-de-futbol-femenino\/\"},\"wordCount\":339,\"commentCount\":0,\"image\":{\"@id\":\"http:\/\/elregionalvm.com.ar\/noticias-villa-maria\/se-constituyo-el-primer-club-y-centro-deportivo-de-futbol-femenino\/#primaryimage\"},\"thumbnailUrl\":\"https:\/\/i0.wp.com\/elregionalvm.com.ar\/noticias-villa-maria\/wp-content\/uploads\/2023\/03\/DSC9713-scaled.jpg?fit=2560%2C1440&ssl=1\",\"articleSection\":[\"Deporte\",\"destacado\",\"Opini\u00f3n\",\"Sociedad\",\"Villa Mar\u00eda\",\"Villa Nueva\"],\"inLanguage\":\"es\",\"potentialAction\":[{\"@type\":\"CommentAction\",\"name\":\"Comment\",\"target\":[\"http:\/\/elregionalvm.com.ar\/noticias-villa-maria\/se-constituyo-el-primer-club-y-centro-deportivo-de-futbol-femenino\/#respond\"]}]},{\"@type\":\"WebPage\",\"@id\":\"http:\/\/elregionalvm.com.ar\/noticias-villa-maria\/se-constituyo-el-primer-club-y-centro-deportivo-de-futbol-femenino\/\",\"url\":\"http:\/\/elregionalvm.com.ar\/noticias-villa-maria\/se-constituyo-el-primer-club-y-centro-deportivo-de-futbol-femenino\/\",\"name\":\"Se constituy\u00f3 el primer club y Centro Deportivo de F\u00fatbol Femenino - El Regional\",\"isPartOf\":{\"@id\":\"http:\/\/elregionalvm.com.ar\/noticias-villa-maria\/#website\"},\"primaryImageOfPage\":{\"@id\":\"http:\/\/elregionalvm.com.ar\/noticias-villa-maria\/se-constituyo-el-primer-club-y-centro-deportivo-de-futbol-femenino\/#primaryimage\"},\"image\":{\"@id\":\"http:\/\/elregionalvm.com.ar\/noticias-villa-maria\/se-constituyo-el-primer-club-y-centro-deportivo-de-futbol-femenino\/#primaryimage\"},\"thumbnailUrl\":\"https:\/\/i0.wp.com\/elregionalvm.com.ar\/noticias-villa-maria\/wp-content\/uploads\/2023\/03\/DSC9713-scaled.jpg?fit=2560%2C1440&ssl=1\",\"datePublished\":\"2023-03-13T22:49:34+00:00\",\"dateModified\":\"2023-03-13T22:49:36+00:00\",\"author\":{\"@id\":\"http:\/\/elregionalvm.com.ar\/noticias-villa-maria\/#\/schema\/person\/a0fb9c422317faca23d50163151bc354\"},\"breadcrumb\":{\"@id\":\"http:\/\/elregionalvm.com.ar\/noticias-villa-maria\/se-constituyo-el-primer-club-y-centro-deportivo-de-futbol-femenino\/#breadcrumb\"},\"inLanguage\":\"es\",\"potentialAction\":[{\"@type\":\"ReadAction\",\"target\":[\"http:\/\/elregionalvm.com.ar\/noticias-villa-maria\/se-constituyo-el-primer-club-y-centro-deportivo-de-futbol-femenino\/\"]}]},{\"@type\":\"ImageObject\",\"inLanguage\":\"es\",\"@id\":\"http:\/\/elregionalvm.com.ar\/noticias-villa-maria\/se-constituyo-el-primer-club-y-centro-deportivo-de-futbol-femenino\/#primaryimage\",\"url\":\"https:\/\/i0.wp.com\/elregionalvm.com.ar\/noticias-villa-maria\/wp-content\/uploads\/2023\/03\/DSC9713-scaled.jpg?fit=2560%2C1440&ssl=1\",\"contentUrl\":\"https:\/\/i0.wp.com\/elregionalvm.com.ar\/noticias-villa-maria\/wp-content\/uploads\/2023\/03\/DSC9713-scaled.jpg?fit=2560%2C1440&ssl=1\",\"width\":2560,\"height\":1440},{\"@type\":\"BreadcrumbList\",\"@id\":\"http:\/\/elregionalvm.com.ar\/noticias-villa-maria\/se-constituyo-el-primer-club-y-centro-deportivo-de-futbol-femenino\/#breadcrumb\",\"itemListElement\":[{\"@type\":\"ListItem\",\"position\":1,\"name\":\"Portada\",\"item\":\"https:\/\/elregionalvm.com.ar\/noticias-villa-maria\/\"},{\"@type\":\"ListItem\",\"position\":2,\"name\":\"Se constituy\u00f3 el primer club y Centro Deportivo de F\u00fatbol Femenino\"}]},{\"@type\":\"WebSite\",\"@id\":\"http:\/\/elregionalvm.com.ar\/noticias-villa-maria\/#website\",\"url\":\"http:\/\/elregionalvm.com.ar\/noticias-villa-maria\/\",\"name\":\"El Regional\",\"description\":\"Mucho m\u00e1s que informaci\u00f3n\",\"potentialAction\":[{\"@type\":\"SearchAction\",\"target\":{\"@type\":\"EntryPoint\",\"urlTemplate\":\"http:\/\/elregionalvm.com.ar\/noticias-villa-maria\/?s={search_term_string}\"},\"query-input\":{\"@type\":\"PropertyValueSpecification\",\"valueRequired\":true,\"valueName\":\"search_term_string\"}}],\"inLanguage\":\"es\"},{\"@type\":\"Person\",\"@id\":\"http:\/\/elregionalvm.com.ar\/noticias-villa-maria\/#\/schema\/person\/a0fb9c422317faca23d50163151bc354\",\"name\":\"Contenidos El Regional\",\"image\":{\"@type\":\"ImageObject\",\"inLanguage\":\"es\",\"@id\":\"http:\/\/elregionalvm.com.ar\/noticias-villa-maria\/#\/schema\/person\/image\/\",\"url\":\"https:\/\/secure.gravatar.com\/avatar\/265b27cb2209af7bb3a1318f03305787d7981a5cc6e6cd08fe5a4ecdf99d4b48?s=96&d=mm&r=g\",\"contentUrl\":\"https:\/\/secure.gravatar.com\/avatar\/265b27cb2209af7bb3a1318f03305787d7981a5cc6e6cd08fe5a4ecdf99d4b48?s=96&d=mm&r=g\",\"caption\":\"Contenidos El Regional\"},\"url\":\"https:\/\/elregionalvm.com.ar\/noticias-villa-maria\/author\/contenido\/\"}]}<\/script>\n<!-- \/ Yoast SEO plugin. -->","yoast_head_json":{"title":"Se constituy\u00f3 el primer club y Centro Deportivo de F\u00fatbol Femenino - El Regional","robots":{"index":"index","follow":"follow","max-snippet":"max-snippet:-1","max-image-preview":"max-image-preview:large","max-video-preview":"max-video-preview:-1"},"canonical":"http:\/\/elregionalvm.com.ar\/noticias-villa-maria\/se-constituyo-el-primer-club-y-centro-deportivo-de-futbol-femenino\/","og_locale":"es_ES","og_type":"article","og_title":"Se constituy\u00f3 el primer club y Centro Deportivo de F\u00fatbol Femenino - El Regional","og_description":"El secretario de Comunicaciones de la Provincia de C\u00f3rdoba entreg\u00f3 la personer\u00eda jur\u00eddica a la Asociaci\u00f3n Civil \u201cLo Mejor est\u00e1 por Venir\u201d y destac\u00f3 este hecho como trascendental en pos de una sociedad con m\u00e1s equidad. En las \u00faltimas horas, el titular de Red Ciudadana Marcos Bovo junto a Alicia Gonz\u00e1lez integrante de la citada [&hellip;]","og_url":"http:\/\/elregionalvm.com.ar\/noticias-villa-maria\/se-constituyo-el-primer-club-y-centro-deportivo-de-futbol-femenino\/","og_site_name":"El Regional","article_publisher":"https:\/\/www.facebook.com\/elregionalvm","article_published_time":"2023-03-13T22:49:34+00:00","article_modified_time":"2023-03-13T22:49:36+00:00","og_image":[{"width":2560,"height":1440,"url":"http:\/\/elregionalvm.com.ar\/noticias-villa-maria\/wp-content\/uploads\/2023\/03\/DSC9713-scaled.jpg","type":"image\/jpeg"}],"author":"Contenidos El Regional","twitter_card":"summary_large_image","twitter_creator":"@elregionalvm1","twitter_site":"@elregionalvm1","twitter_misc":{"Escrito por":"Contenidos El Regional","Tiempo de lectura":"2 minutos"},"schema":{"@context":"https:\/\/schema.org","@graph":[{"@type":"Article","@id":"http:\/\/elregionalvm.com.ar\/noticias-villa-maria\/se-constituyo-el-primer-club-y-centro-deportivo-de-futbol-femenino\/#article","isPartOf":{"@id":"http:\/\/elregionalvm.com.ar\/noticias-villa-maria\/se-constituyo-el-primer-club-y-centro-deportivo-de-futbol-femenino\/"},"author":{"name":"Contenidos El Regional","@id":"http:\/\/elregionalvm.com.ar\/noticias-villa-maria\/#\/schema\/person\/a0fb9c422317faca23d50163151bc354"},"headline":"Se constituy\u00f3 el primer club y Centro Deportivo de F\u00fatbol Femenino","datePublished":"2023-03-13T22:49:34+00:00","dateModified":"2023-03-13T22:49:36+00:00","mainEntityOfPage":{"@id":"http:\/\/elregionalvm.com.ar\/noticias-villa-maria\/se-constituyo-el-primer-club-y-centro-deportivo-de-futbol-femenino\/"},"wordCount":339,"commentCount":0,"image":{"@id":"http:\/\/elregionalvm.com.ar\/noticias-villa-maria\/se-constituyo-el-primer-club-y-centro-deportivo-de-futbol-femenino\/#primaryimage"},"thumbnailUrl":"https:\/\/i0.wp.com\/elregionalvm.com.ar\/noticias-villa-maria\/wp-content\/uploads\/2023\/03\/DSC9713-scaled.jpg?fit=2560%2C1440&ssl=1","articleSection":["Deporte","destacado","Opini\u00f3n","Sociedad","Villa Mar\u00eda","Villa Nueva"],"inLanguage":"es","potentialAction":[{"@type":"CommentAction","name":"Comment","target":["http:\/\/elregionalvm.com.ar\/noticias-villa-maria\/se-constituyo-el-primer-club-y-centro-deportivo-de-futbol-femenino\/#respond"]}]},{"@type":"WebPage","@id":"http:\/\/elregionalvm.com.ar\/noticias-villa-maria\/se-constituyo-el-primer-club-y-centro-deportivo-de-futbol-femenino\/","url":"http:\/\/elregionalvm.com.ar\/noticias-villa-maria\/se-constituyo-el-primer-club-y-centro-deportivo-de-futbol-femenino\/","name":"Se constituy\u00f3 el primer club y Centro Deportivo de F\u00fatbol Femenino - El Regional","isPartOf":{"@id":"http:\/\/elregionalvm.com.ar\/noticias-villa-maria\/#website"},"primaryImageOfPage":{"@id":"http:\/\/elregionalvm.com.ar\/noticias-villa-maria\/se-constituyo-el-primer-club-y-centro-deportivo-de-futbol-femenino\/#primaryimage"},"image":{"@id":"http:\/\/elregionalvm.com.ar\/noticias-villa-maria\/se-constituyo-el-primer-club-y-centro-deportivo-de-futbol-femenino\/#primaryimage"},"thumbnailUrl":"https:\/\/i0.wp.com\/elregionalvm.com.ar\/noticias-villa-maria\/wp-content\/uploads\/2023\/03\/DSC9713-scaled.jpg?fit=2560%2C1440&ssl=1","datePublished":"2023-03-13T22:49:34+00:00","dateModified":"2023-03-13T22:49:36+00:00","author":{"@id":"http:\/\/elregionalvm.com.ar\/noticias-villa-maria\/#\/schema\/person\/a0fb9c422317faca23d50163151bc354"},"breadcrumb":{"@id":"http:\/\/elregionalvm.com.ar\/noticias-villa-maria\/se-constituyo-el-primer-club-y-centro-deportivo-de-futbol-femenino\/#breadcrumb"},"inLanguage":"es","potentialAction":[{"@type":"ReadAction","target":["http:\/\/elregionalvm.com.ar\/noticias-villa-maria\/se-constituyo-el-primer-club-y-centro-deportivo-de-futbol-femenino\/"]}]},{"@type":"ImageObject","inLanguage":"es","@id":"http:\/\/elregionalvm.com.ar\/noticias-villa-maria\/se-constituyo-el-primer-club-y-centro-deportivo-de-futbol-femenino\/#primaryimage","url":"https:\/\/i0.wp.com\/elregionalvm.com.ar\/noticias-villa-maria\/wp-content\/uploads\/2023\/03\/DSC9713-scaled.jpg?fit=2560%2C1440&ssl=1","contentUrl":"https:\/\/i0.wp.com\/elregionalvm.com.ar\/noticias-villa-maria\/wp-content\/uploads\/2023\/03\/DSC9713-scaled.jpg?fit=2560%2C1440&ssl=1","width":2560,"height":1440},{"@type":"BreadcrumbList","@id":"http:\/\/elregionalvm.com.ar\/noticias-villa-maria\/se-constituyo-el-primer-club-y-centro-deportivo-de-futbol-femenino\/#breadcrumb","itemListElement":[{"@type":"ListItem","position":1,"name":"Portada","item":"https:\/\/elregionalvm.com.ar\/noticias-villa-maria\/"},{"@type":"ListItem","position":2,"name":"Se constituy\u00f3 el primer club y Centro Deportivo de F\u00fatbol Femenino"}]},{"@type":"WebSite","@id":"http:\/\/elregionalvm.com.ar\/noticias-villa-maria\/#website","url":"http:\/\/elregionalvm.com.ar\/noticias-villa-maria\/","name":"El Regional","description":"Mucho m\u00e1s que informaci\u00f3n","potentialAction":[{"@type":"SearchAction","target":{"@type":"EntryPoint","urlTemplate":"http:\/\/elregionalvm.com.ar\/noticias-villa-maria\/?s={search_term_string}"},"query-input":{"@type":"PropertyValueSpecification","valueRequired":true,"valueName":"search_term_string"}}],"inLanguage":"es"},{"@type":"Person","@id":"http:\/\/elregionalvm.com.ar\/noticias-villa-maria\/#\/schema\/person\/a0fb9c422317faca23d50163151bc354","name":"Contenidos El Regional","image":{"@type":"ImageObject","inLanguage":"es","@id":"http:\/\/elregionalvm.com.ar\/noticias-villa-maria\/#\/schema\/person\/image\/","url":"https:\/\/secure.gravatar.com\/avatar\/265b27cb2209af7bb3a1318f03305787d7981a5cc6e6cd08fe5a4ecdf99d4b48?s=96&d=mm&r=g","contentUrl":"https:\/\/secure.gravatar.com\/avatar\/265b27cb2209af7bb3a1318f03305787d7981a5cc6e6cd08fe5a4ecdf99d4b48?s=96&d=mm&r=g","caption":"Contenidos El Regional"},"url":"https:\/\/elregionalvm.com.ar\/noticias-villa-maria\/author\/contenido\/"}]}},"jetpack_featured_media_url":"https:\/\/i0.wp.com\/elregionalvm.com.ar\/noticias-villa-maria\/wp-content\/uploads\/2023\/03\/DSC9713-scaled.jpg?fit=2560%2C1440&ssl=1","jetpack_sharing_enabled":true,"_links":{"self":[{"href":"https:\/\/elregionalvm.com.ar\/noticias-villa-maria\/wp-json\/wp\/v2\/posts\/73063","targetHints":{"allow":["GET"]}}],"collection":[{"href":"https:\/\/elregionalvm.com.ar\/noticias-villa-maria\/wp-json\/wp\/v2\/posts"}],"about":[{"href":"https:\/\/elregionalvm.com.ar\/noticias-villa-maria\/wp-json\/wp\/v2\/types\/post"}],"author":[{"embeddable":true,"href":"https:\/\/elregionalvm.com.ar\/noticias-villa-maria\/wp-json\/wp\/v2\/users\/4"}],"replies":[{"embeddable":true,"href":"https:\/\/elregionalvm.com.ar\/noticias-villa-maria\/wp-json\/wp\/v2\/comments?post=73063"}],"version-history":[{"count":1,"href":"https:\/\/elregionalvm.com.ar\/noticias-villa-maria\/wp-json\/wp\/v2\/posts\/73063\/revisions"}],"predecessor-version":[{"id":73067,"href":"https:\/\/elregionalvm.com.ar\/noticias-villa-maria\/wp-json\/wp\/v2\/posts\/73063\/revisions\/73067"}],"wp:featuredmedia":[{"embeddable":true,"href":"https:\/\/elregionalvm.com.ar\/noticias-villa-maria\/wp-json\/wp\/v2\/media\/73064"}],"wp:attachment":[{"href":"https:\/\/elregionalvm.com.ar\/noticias-villa-maria\/wp-json\/wp\/v2\/media?parent=73063"}],"wp:term":[{"taxonomy":"category","embeddable":true,"href":"https:\/\/elregionalvm.com.ar\/noticias-villa-maria\/wp-json\/wp\/v2\/categories?post=73063"},{"taxonomy":"post_tag","embeddable":true,"href":"https:\/\/elregionalvm.com.ar\/noticias-villa-maria\/wp-json\/wp\/v2\/tags?post=73063"}],"curies":[{"name":"wp","href":"https:\/\/api.w.org\/{rel}","templated":true}]}}