{"id":73068,"date":"2023-03-13T22:54:06","date_gmt":"2023-03-13T22:54:06","guid":{"rendered":"https:\/\/elregionalvm.com.ar\/noticias-villa-maria\/?p=73068"},"modified":"2023-03-14T02:17:09","modified_gmt":"2023-03-14T02:17:09","slug":"epec-informo-que-manana-haran-trabajos-de-readecuacion-en-el-microcentro","status":"publish","type":"post","link":"https:\/\/elregionalvm.com.ar\/noticias-villa-maria\/epec-informo-que-manana-haran-trabajos-de-readecuacion-en-el-microcentro\/","title":{"rendered":"Epec: Este martes habr\u00e1 numerosos cortes en el centro por tareas de mantenimiento"},"content":{"rendered":"\n<p>La Empresa Provincial de Energ\u00eda de C\u00f3rdoba informa que, en la madrugada de<br>ma\u00f1ana martes 14 de marzo, se comenzar\u00e1 con las tareas de readecuaci\u00f3n en<br>subestaciones transformadoras subterr\u00e1neas ubicadas en el microcentro de la ciudad<br>de Villa Mar\u00eda. <\/p>\n\n\n\n<p>Los trabajos se desarrollar\u00e1n en los cuadrantes detallados a<br>continuaci\u00f3n, y los horarios para dichas maniobras fueron establecidos para evitar<br>restricciones en los momentos de mayor actividad laboral, comercial, industrial y<br>educativa.<\/p>\n\n\n\n<p>MICROCENTRO (Villa Mar\u00eda)<br>Horario: de 01:00 a 05:00 hs.<br>Zona afectada: cuadrante ubicado entre las calles Buenos Aires, Catamarca, Jos\u00e9<br>Ingenieros y Lisandro de la Torre, y edificio comercial de la empresaTelecom.<br>Horario: de 05:00 a 09:00 hs.<br>Zona afectada: cuadrante ubicado entre las calles: Catamarca, La Rioja, Jos\u00e9<br>Ingenieros y Leandro N. Alem.<\/p>\n","protected":false},"excerpt":{"rendered":"<p>La Empresa Provincial de Energ\u00eda de C\u00f3rdoba informa que, en la madrugada dema\u00f1ana martes 14 de marzo, se comenzar\u00e1 con las tareas de readecuaci\u00f3n ensubestaciones transformadoras subterr\u00e1neas ubicadas en el microcentro de la ciudadde Villa Mar\u00eda. Los trabajos se desarrollar\u00e1n en los cuadrantes detallados acontinuaci\u00f3n, y los horarios para dichas maniobras fueron establecidos para evitarrestricciones [&hellip;]<\/p>\n","protected":false},"author":4,"featured_media":0,"comment_status":"open","ping_status":"open","sticky":false,"template":"","format":"standard","meta":{"site-sidebar-layout":"default","site-content-layout":"","ast-site-content-layout":"default","site-content-style":"default","site-sidebar-style":"default","ast-global-header-display":"","ast-banner-title-visibility":"","ast-main-header-display":"","ast-hfb-above-header-display":"","ast-hfb-below-header-display":"","ast-hfb-mobile-header-display":"","site-post-title":"","ast-breadcrumbs-content":"","ast-featured-img":"","footer-sml-layout":"","ast-disable-related-posts":"","theme-transparent-header-meta":"","adv-header-id-meta":"","stick-header-meta":"","header-above-stick-meta":"","header-main-stick-meta":"","header-below-stick-meta":"","astra-migrate-meta-layouts":"default","ast-page-background-enabled":"default","ast-page-background-meta":{"desktop":{"background-color":"","background-image":"","background-repeat":"repeat","background-position":"center center","background-size":"auto","background-attachment":"scroll","background-type":"","background-media":"","overlay-type":"","overlay-color":"","overlay-opacity":"","overlay-gradient":""},"tablet":{"background-color":"","background-image":"","background-repeat":"repeat","background-position":"center center","background-size":"auto","background-attachment":"scroll","background-type":"","background-media":"","overlay-type":"","overlay-color":"","overlay-opacity":"","overlay-gradient":""},"mobile":{"background-color":"","background-image":"","background-repeat":"repeat","background-position":"center center","background-size":"auto","background-attachment":"scroll","background-type":"","background-media":"","overlay-type":"","overlay-color":"","overlay-opacity":"","overlay-gradient":""}},"ast-content-background-meta":{"desktop":{"background-color":"var(--ast-global-color-5)","background-image":"","background-repeat":"repeat","background-position":"center center","background-size":"auto","background-attachment":"scroll","background-type":"","background-media":"","overlay-type":"","overlay-color":"","overlay-opacity":"","overlay-gradient":""},"tablet":{"background-color":"var(--ast-global-color-5)","background-image":"","background-repeat":"repeat","background-position":"center center","background-size":"auto","background-attachment":"scroll","background-type":"","background-media":"","overlay-type":"","overlay-color":"","overlay-opacity":"","overlay-gradient":""},"mobile":{"background-color":"var(--ast-global-color-5)","background-image":"","background-repeat":"repeat","background-position":"center center","background-size":"auto","background-attachment":"scroll","background-type":"","background-media":"","overlay-type":"","overlay-color":"","overlay-opacity":"","overlay-gradient":""}},"_jetpack_memberships_contains_paid_content":false,"_joinchat":[],"footnotes":""},"categories":[15302,5,2],"tags":[],"class_list":["post-73068","post","type-post","status-publish","format-standard","hentry","category-destacado","category-sociedad","category-villa-maria"],"yoast_head":"<!-- This site is optimized with the Yoast SEO plugin v26.8 - https:\/\/yoast.com\/product\/yoast-seo-wordpress\/ -->\n<title>Epec: Este martes habr\u00e1 numerosos cortes en el centro por tareas de mantenimiento - El Regional<\/title>\n<meta name=\"robots\" content=\"index, follow, max-snippet:-1, max-image-preview:large, max-video-preview:-1\" \/>\n<link rel=\"canonical\" href=\"http:\/\/elregionalvm.com.ar\/noticias-villa-maria\/epec-informo-que-manana-haran-trabajos-de-readecuacion-en-el-microcentro\/\" \/>\n<meta property=\"og:locale\" content=\"es_ES\" \/>\n<meta property=\"og:type\" content=\"article\" \/>\n<meta property=\"og:title\" content=\"Epec: Este martes habr\u00e1 numerosos cortes en el centro por tareas de mantenimiento - El Regional\" \/>\n<meta property=\"og:description\" content=\"La Empresa Provincial de Energ\u00eda de C\u00f3rdoba informa que, en la madrugada dema\u00f1ana martes 14 de marzo, se comenzar\u00e1 con las tareas de readecuaci\u00f3n ensubestaciones transformadoras subterr\u00e1neas ubicadas en el microcentro de la ciudadde Villa Mar\u00eda. Los trabajos se desarrollar\u00e1n en los cuadrantes detallados acontinuaci\u00f3n, y los horarios para dichas maniobras fueron establecidos para evitarrestricciones [&hellip;]\" \/>\n<meta property=\"og:url\" content=\"http:\/\/elregionalvm.com.ar\/noticias-villa-maria\/epec-informo-que-manana-haran-trabajos-de-readecuacion-en-el-microcentro\/\" \/>\n<meta property=\"og:site_name\" content=\"El Regional\" \/>\n<meta property=\"article:publisher\" content=\"https:\/\/www.facebook.com\/elregionalvm\" \/>\n<meta property=\"article:published_time\" content=\"2023-03-13T22:54:06+00:00\" \/>\n<meta property=\"article:modified_time\" content=\"2023-03-14T02:17:09+00:00\" \/>\n<meta property=\"og:image\" content=\"http:\/\/elregionalvm.com.ar\/noticias-villa-maria\/wp-content\/uploads\/2022\/02\/operarios-epec.jpg\" \/>\n\t<meta property=\"og:image:width\" content=\"280\" \/>\n\t<meta property=\"og:image:height\" content=\"180\" \/>\n\t<meta property=\"og:image:type\" content=\"image\/jpeg\" \/>\n<meta name=\"author\" content=\"Contenidos El Regional\" \/>\n<meta name=\"twitter:card\" content=\"summary_large_image\" \/>\n<meta name=\"twitter:creator\" content=\"@elregionalvm1\" \/>\n<meta name=\"twitter:site\" content=\"@elregionalvm1\" \/>\n<meta name=\"twitter:label1\" content=\"Escrito por\" \/>\n\t<meta name=\"twitter:data1\" content=\"Contenidos El Regional\" \/>\n\t<meta name=\"twitter:label2\" content=\"Tiempo de lectura\" \/>\n\t<meta name=\"twitter:data2\" content=\"1 minuto\" \/>\n<script type=\"application\/ld+json\" class=\"yoast-schema-graph\">{\"@context\":\"https:\/\/schema.org\",\"@graph\":[{\"@type\":\"Article\",\"@id\":\"http:\/\/elregionalvm.com.ar\/noticias-villa-maria\/epec-informo-que-manana-haran-trabajos-de-readecuacion-en-el-microcentro\/#article\",\"isPartOf\":{\"@id\":\"http:\/\/elregionalvm.com.ar\/noticias-villa-maria\/epec-informo-que-manana-haran-trabajos-de-readecuacion-en-el-microcentro\/\"},\"author\":{\"name\":\"Contenidos El Regional\",\"@id\":\"http:\/\/elregionalvm.com.ar\/noticias-villa-maria\/#\/schema\/person\/a0fb9c422317faca23d50163151bc354\"},\"headline\":\"Epec: Este martes habr\u00e1 numerosos cortes en el centro por tareas de mantenimiento\",\"datePublished\":\"2023-03-13T22:54:06+00:00\",\"dateModified\":\"2023-03-14T02:17:09+00:00\",\"mainEntityOfPage\":{\"@id\":\"http:\/\/elregionalvm.com.ar\/noticias-villa-maria\/epec-informo-que-manana-haran-trabajos-de-readecuacion-en-el-microcentro\/\"},\"wordCount\":136,\"commentCount\":0,\"articleSection\":[\"destacado\",\"Sociedad\",\"Villa Mar\u00eda\"],\"inLanguage\":\"es\",\"potentialAction\":[{\"@type\":\"CommentAction\",\"name\":\"Comment\",\"target\":[\"http:\/\/elregionalvm.com.ar\/noticias-villa-maria\/epec-informo-que-manana-haran-trabajos-de-readecuacion-en-el-microcentro\/#respond\"]}]},{\"@type\":\"WebPage\",\"@id\":\"http:\/\/elregionalvm.com.ar\/noticias-villa-maria\/epec-informo-que-manana-haran-trabajos-de-readecuacion-en-el-microcentro\/\",\"url\":\"http:\/\/elregionalvm.com.ar\/noticias-villa-maria\/epec-informo-que-manana-haran-trabajos-de-readecuacion-en-el-microcentro\/\",\"name\":\"Epec: Este martes habr\u00e1 numerosos cortes en el centro por tareas de mantenimiento - El Regional\",\"isPartOf\":{\"@id\":\"http:\/\/elregionalvm.com.ar\/noticias-villa-maria\/#website\"},\"datePublished\":\"2023-03-13T22:54:06+00:00\",\"dateModified\":\"2023-03-14T02:17:09+00:00\",\"author\":{\"@id\":\"http:\/\/elregionalvm.com.ar\/noticias-villa-maria\/#\/schema\/person\/a0fb9c422317faca23d50163151bc354\"},\"breadcrumb\":{\"@id\":\"http:\/\/elregionalvm.com.ar\/noticias-villa-maria\/epec-informo-que-manana-haran-trabajos-de-readecuacion-en-el-microcentro\/#breadcrumb\"},\"inLanguage\":\"es\",\"potentialAction\":[{\"@type\":\"ReadAction\",\"target\":[\"http:\/\/elregionalvm.com.ar\/noticias-villa-maria\/epec-informo-que-manana-haran-trabajos-de-readecuacion-en-el-microcentro\/\"]}]},{\"@type\":\"BreadcrumbList\",\"@id\":\"http:\/\/elregionalvm.com.ar\/noticias-villa-maria\/epec-informo-que-manana-haran-trabajos-de-readecuacion-en-el-microcentro\/#breadcrumb\",\"itemListElement\":[{\"@type\":\"ListItem\",\"position\":1,\"name\":\"Portada\",\"item\":\"https:\/\/elregionalvm.com.ar\/noticias-villa-maria\/\"},{\"@type\":\"ListItem\",\"position\":2,\"name\":\"Epec: Este martes habr\u00e1 numerosos cortes en el centro por tareas de mantenimiento\"}]},{\"@type\":\"WebSite\",\"@id\":\"http:\/\/elregionalvm.com.ar\/noticias-villa-maria\/#website\",\"url\":\"http:\/\/elregionalvm.com.ar\/noticias-villa-maria\/\",\"name\":\"El Regional\",\"description\":\"Mucho m\u00e1s que informaci\u00f3n\",\"potentialAction\":[{\"@type\":\"SearchAction\",\"target\":{\"@type\":\"EntryPoint\",\"urlTemplate\":\"http:\/\/elregionalvm.com.ar\/noticias-villa-maria\/?s={search_term_string}\"},\"query-input\":{\"@type\":\"PropertyValueSpecification\",\"valueRequired\":true,\"valueName\":\"search_term_string\"}}],\"inLanguage\":\"es\"},{\"@type\":\"Person\",\"@id\":\"http:\/\/elregionalvm.com.ar\/noticias-villa-maria\/#\/schema\/person\/a0fb9c422317faca23d50163151bc354\",\"name\":\"Contenidos El Regional\",\"image\":{\"@type\":\"ImageObject\",\"inLanguage\":\"es\",\"@id\":\"http:\/\/elregionalvm.com.ar\/noticias-villa-maria\/#\/schema\/person\/image\/\",\"url\":\"https:\/\/secure.gravatar.com\/avatar\/265b27cb2209af7bb3a1318f03305787d7981a5cc6e6cd08fe5a4ecdf99d4b48?s=96&d=mm&r=g\",\"contentUrl\":\"https:\/\/secure.gravatar.com\/avatar\/265b27cb2209af7bb3a1318f03305787d7981a5cc6e6cd08fe5a4ecdf99d4b48?s=96&d=mm&r=g\",\"caption\":\"Contenidos El Regional\"},\"url\":\"https:\/\/elregionalvm.com.ar\/noticias-villa-maria\/author\/contenido\/\"}]}<\/script>\n<!-- \/ Yoast SEO plugin. -->","yoast_head_json":{"title":"Epec: Este martes habr\u00e1 numerosos cortes en el centro por tareas de mantenimiento - El Regional","robots":{"index":"index","follow":"follow","max-snippet":"max-snippet:-1","max-image-preview":"max-image-preview:large","max-video-preview":"max-video-preview:-1"},"canonical":"http:\/\/elregionalvm.com.ar\/noticias-villa-maria\/epec-informo-que-manana-haran-trabajos-de-readecuacion-en-el-microcentro\/","og_locale":"es_ES","og_type":"article","og_title":"Epec: Este martes habr\u00e1 numerosos cortes en el centro por tareas de mantenimiento - El Regional","og_description":"La Empresa Provincial de Energ\u00eda de C\u00f3rdoba informa que, en la madrugada dema\u00f1ana martes 14 de marzo, se comenzar\u00e1 con las tareas de readecuaci\u00f3n ensubestaciones transformadoras subterr\u00e1neas ubicadas en el microcentro de la ciudadde Villa Mar\u00eda. Los trabajos se desarrollar\u00e1n en los cuadrantes detallados acontinuaci\u00f3n, y los horarios para dichas maniobras fueron establecidos para evitarrestricciones [&hellip;]","og_url":"http:\/\/elregionalvm.com.ar\/noticias-villa-maria\/epec-informo-que-manana-haran-trabajos-de-readecuacion-en-el-microcentro\/","og_site_name":"El Regional","article_publisher":"https:\/\/www.facebook.com\/elregionalvm","article_published_time":"2023-03-13T22:54:06+00:00","article_modified_time":"2023-03-14T02:17:09+00:00","og_image":[{"width":280,"height":180,"url":"http:\/\/elregionalvm.com.ar\/noticias-villa-maria\/wp-content\/uploads\/2022\/02\/operarios-epec.jpg","type":"image\/jpeg"}],"author":"Contenidos El Regional","twitter_card":"summary_large_image","twitter_creator":"@elregionalvm1","twitter_site":"@elregionalvm1","twitter_misc":{"Escrito por":"Contenidos El Regional","Tiempo de lectura":"1 minuto"},"schema":{"@context":"https:\/\/schema.org","@graph":[{"@type":"Article","@id":"http:\/\/elregionalvm.com.ar\/noticias-villa-maria\/epec-informo-que-manana-haran-trabajos-de-readecuacion-en-el-microcentro\/#article","isPartOf":{"@id":"http:\/\/elregionalvm.com.ar\/noticias-villa-maria\/epec-informo-que-manana-haran-trabajos-de-readecuacion-en-el-microcentro\/"},"author":{"name":"Contenidos El Regional","@id":"http:\/\/elregionalvm.com.ar\/noticias-villa-maria\/#\/schema\/person\/a0fb9c422317faca23d50163151bc354"},"headline":"Epec: Este martes habr\u00e1 numerosos cortes en el centro por tareas de mantenimiento","datePublished":"2023-03-13T22:54:06+00:00","dateModified":"2023-03-14T02:17:09+00:00","mainEntityOfPage":{"@id":"http:\/\/elregionalvm.com.ar\/noticias-villa-maria\/epec-informo-que-manana-haran-trabajos-de-readecuacion-en-el-microcentro\/"},"wordCount":136,"commentCount":0,"articleSection":["destacado","Sociedad","Villa Mar\u00eda"],"inLanguage":"es","potentialAction":[{"@type":"CommentAction","name":"Comment","target":["http:\/\/elregionalvm.com.ar\/noticias-villa-maria\/epec-informo-que-manana-haran-trabajos-de-readecuacion-en-el-microcentro\/#respond"]}]},{"@type":"WebPage","@id":"http:\/\/elregionalvm.com.ar\/noticias-villa-maria\/epec-informo-que-manana-haran-trabajos-de-readecuacion-en-el-microcentro\/","url":"http:\/\/elregionalvm.com.ar\/noticias-villa-maria\/epec-informo-que-manana-haran-trabajos-de-readecuacion-en-el-microcentro\/","name":"Epec: Este martes habr\u00e1 numerosos cortes en el centro por tareas de mantenimiento - El Regional","isPartOf":{"@id":"http:\/\/elregionalvm.com.ar\/noticias-villa-maria\/#website"},"datePublished":"2023-03-13T22:54:06+00:00","dateModified":"2023-03-14T02:17:09+00:00","author":{"@id":"http:\/\/elregionalvm.com.ar\/noticias-villa-maria\/#\/schema\/person\/a0fb9c422317faca23d50163151bc354"},"breadcrumb":{"@id":"http:\/\/elregionalvm.com.ar\/noticias-villa-maria\/epec-informo-que-manana-haran-trabajos-de-readecuacion-en-el-microcentro\/#breadcrumb"},"inLanguage":"es","potentialAction":[{"@type":"ReadAction","target":["http:\/\/elregionalvm.com.ar\/noticias-villa-maria\/epec-informo-que-manana-haran-trabajos-de-readecuacion-en-el-microcentro\/"]}]},{"@type":"BreadcrumbList","@id":"http:\/\/elregionalvm.com.ar\/noticias-villa-maria\/epec-informo-que-manana-haran-trabajos-de-readecuacion-en-el-microcentro\/#breadcrumb","itemListElement":[{"@type":"ListItem","position":1,"name":"Portada","item":"https:\/\/elregionalvm.com.ar\/noticias-villa-maria\/"},{"@type":"ListItem","position":2,"name":"Epec: Este martes habr\u00e1 numerosos cortes en el centro por tareas de mantenimiento"}]},{"@type":"WebSite","@id":"http:\/\/elregionalvm.com.ar\/noticias-villa-maria\/#website","url":"http:\/\/elregionalvm.com.ar\/noticias-villa-maria\/","name":"El Regional","description":"Mucho m\u00e1s que informaci\u00f3n","potentialAction":[{"@type":"SearchAction","target":{"@type":"EntryPoint","urlTemplate":"http:\/\/elregionalvm.com.ar\/noticias-villa-maria\/?s={search_term_string}"},"query-input":{"@type":"PropertyValueSpecification","valueRequired":true,"valueName":"search_term_string"}}],"inLanguage":"es"},{"@type":"Person","@id":"http:\/\/elregionalvm.com.ar\/noticias-villa-maria\/#\/schema\/person\/a0fb9c422317faca23d50163151bc354","name":"Contenidos El Regional","image":{"@type":"ImageObject","inLanguage":"es","@id":"http:\/\/elregionalvm.com.ar\/noticias-villa-maria\/#\/schema\/person\/image\/","url":"https:\/\/secure.gravatar.com\/avatar\/265b27cb2209af7bb3a1318f03305787d7981a5cc6e6cd08fe5a4ecdf99d4b48?s=96&d=mm&r=g","contentUrl":"https:\/\/secure.gravatar.com\/avatar\/265b27cb2209af7bb3a1318f03305787d7981a5cc6e6cd08fe5a4ecdf99d4b48?s=96&d=mm&r=g","caption":"Contenidos El Regional"},"url":"https:\/\/elregionalvm.com.ar\/noticias-villa-maria\/author\/contenido\/"}]}},"jetpack_featured_media_url":"","jetpack_sharing_enabled":true,"_links":{"self":[{"href":"https:\/\/elregionalvm.com.ar\/noticias-villa-maria\/wp-json\/wp\/v2\/posts\/73068","targetHints":{"allow":["GET"]}}],"collection":[{"href":"https:\/\/elregionalvm.com.ar\/noticias-villa-maria\/wp-json\/wp\/v2\/posts"}],"about":[{"href":"https:\/\/elregionalvm.com.ar\/noticias-villa-maria\/wp-json\/wp\/v2\/types\/post"}],"author":[{"embeddable":true,"href":"https:\/\/elregionalvm.com.ar\/noticias-villa-maria\/wp-json\/wp\/v2\/users\/4"}],"replies":[{"embeddable":true,"href":"https:\/\/elregionalvm.com.ar\/noticias-villa-maria\/wp-json\/wp\/v2\/comments?post=73068"}],"version-history":[{"count":2,"href":"https:\/\/elregionalvm.com.ar\/noticias-villa-maria\/wp-json\/wp\/v2\/posts\/73068\/revisions"}],"predecessor-version":[{"id":73094,"href":"https:\/\/elregionalvm.com.ar\/noticias-villa-maria\/wp-json\/wp\/v2\/posts\/73068\/revisions\/73094"}],"wp:attachment":[{"href":"https:\/\/elregionalvm.com.ar\/noticias-villa-maria\/wp-json\/wp\/v2\/media?parent=73068"}],"wp:term":[{"taxonomy":"category","embeddable":true,"href":"https:\/\/elregionalvm.com.ar\/noticias-villa-maria\/wp-json\/wp\/v2\/categories?post=73068"},{"taxonomy":"post_tag","embeddable":true,"href":"https:\/\/elregionalvm.com.ar\/noticias-villa-maria\/wp-json\/wp\/v2\/tags?post=73068"}],"curies":[{"name":"wp","href":"https:\/\/api.w.org\/{rel}","templated":true}]}}