{"id":73280,"date":"2023-03-17T01:39:40","date_gmt":"2023-03-17T01:39:40","guid":{"rendered":"https:\/\/elregionalvm.com.ar\/noticias-villa-maria\/?p=73280"},"modified":"2023-03-17T01:39:43","modified_gmt":"2023-03-17T01:39:43","slug":"por-el-calor-y-la-falta-de-condiciones-edilicias-adecuadas-el-nacional-no-dictara-clases-este-viernes","status":"publish","type":"post","link":"https:\/\/elregionalvm.com.ar\/noticias-villa-maria\/por-el-calor-y-la-falta-de-condiciones-edilicias-adecuadas-el-nacional-no-dictara-clases-este-viernes\/","title":{"rendered":"Por el calor y la falta de condiciones edilicias adecuadas, el Nacional no dictar\u00e1 clases este viernes"},"content":{"rendered":"\n<p><\/p>\n\n\n\n<p>El IPEM 275 \u00abColegio Nacional de Villa Mar\u00eda\u00bb no tendr\u00e1 clases este viernes 17 de marzo. Tras una asamblea de docentes en la que participaron dirigentes gremiales, se decidi\u00f3 que debido a la intensa ola de calor y a la falta de instalaciones adecuadas para hacer frente a las elevadas temperaturas el colegio permanecer\u00e1 cerrado.<\/p>\n\n\n\n<p>\u201cDebido a la ola intensa de calor que venimos padeciendo y las condiciones edilicias que nuestra Instituci\u00f3n tiene (aulas separadas por durlock donde la aglomeraci\u00f3n de estudiantes genera malestar ya que excede al n\u00famero correspondiente, falta de ventilaci\u00f3n, ventiladores que no funcionan) hace que la tarea de ense\u00f1ar y aprender se dificulte\u201d, explicaron en un comunicado a las familias.<\/p>\n\n\n\n<p>\u201cPor este motivo, se decidi\u00f3 en asamblea docente, debido a la alta temperatura pronosticada para ma\u00f1ana viernes 17 de marzo, suspender las actividades escolares\u201d, continu\u00f3 el mensaje.<\/p>\n\n\n\n<p>\u201cConsideramos que condiciones dignas de ense\u00f1ar y aprender, garantizan una Educaci\u00f3n P\u00fablica y de calidad\u201d, finaliz\u00f3 el texto firmado por personal del Nacional.<\/p>\n\n\n\n<p><\/p>\n\n\n\n<p><\/p>\n\n\n\n<figure class=\"wp-block-image size-full\"><img data-recalc-dims=\"1\" fetchpriority=\"high\" decoding=\"async\" width=\"774\" height=\"362\" src=\"https:\/\/i0.wp.com\/elregionalvm.com.ar\/noticias-villa-maria\/wp-content\/uploads\/2023\/03\/WhatsApp-Image-2023-03-16-at-21.53.04.jpeg?resize=774%2C362&#038;ssl=1\" alt=\"\" class=\"wp-image-73281\" srcset=\"https:\/\/i0.wp.com\/elregionalvm.com.ar\/noticias-villa-maria\/wp-content\/uploads\/2023\/03\/WhatsApp-Image-2023-03-16-at-21.53.04.jpeg?w=774&amp;ssl=1 774w, https:\/\/i0.wp.com\/elregionalvm.com.ar\/noticias-villa-maria\/wp-content\/uploads\/2023\/03\/WhatsApp-Image-2023-03-16-at-21.53.04.jpeg?resize=300%2C140&amp;ssl=1 300w, https:\/\/i0.wp.com\/elregionalvm.com.ar\/noticias-villa-maria\/wp-content\/uploads\/2023\/03\/WhatsApp-Image-2023-03-16-at-21.53.04.jpeg?resize=768%2C359&amp;ssl=1 768w\" sizes=\"(max-width: 774px) 100vw, 774px\" \/><\/figure>\n","protected":false},"excerpt":{"rendered":"<p>El IPEM 275 \u00abColegio Nacional de Villa Mar\u00eda\u00bb no tendr\u00e1 clases este viernes 17 de marzo. Tras una asamblea de docentes en la que participaron dirigentes gremiales, se decidi\u00f3 que debido a la intensa ola de calor y a la falta de instalaciones adecuadas para hacer frente a las elevadas temperaturas el colegio permanecer\u00e1 cerrado. [&hellip;]<\/p>\n","protected":false},"author":4,"featured_media":44601,"comment_status":"open","ping_status":"open","sticky":false,"template":"","format":"standard","meta":{"site-sidebar-layout":"default","site-content-layout":"","ast-site-content-layout":"default","site-content-style":"default","site-sidebar-style":"default","ast-global-header-display":"","ast-banner-title-visibility":"","ast-main-header-display":"","ast-hfb-above-header-display":"","ast-hfb-below-header-display":"","ast-hfb-mobile-header-display":"","site-post-title":"","ast-breadcrumbs-content":"","ast-featured-img":"","footer-sml-layout":"","ast-disable-related-posts":"","theme-transparent-header-meta":"","adv-header-id-meta":"","stick-header-meta":"","header-above-stick-meta":"","header-main-stick-meta":"","header-below-stick-meta":"","astra-migrate-meta-layouts":"default","ast-page-background-enabled":"default","ast-page-background-meta":{"desktop":{"background-color":"","background-image":"","background-repeat":"repeat","background-position":"center center","background-size":"auto","background-attachment":"scroll","background-type":"","background-media":"","overlay-type":"","overlay-color":"","overlay-opacity":"","overlay-gradient":""},"tablet":{"background-color":"","background-image":"","background-repeat":"repeat","background-position":"center center","background-size":"auto","background-attachment":"scroll","background-type":"","background-media":"","overlay-type":"","overlay-color":"","overlay-opacity":"","overlay-gradient":""},"mobile":{"background-color":"","background-image":"","background-repeat":"repeat","background-position":"center center","background-size":"auto","background-attachment":"scroll","background-type":"","background-media":"","overlay-type":"","overlay-color":"","overlay-opacity":"","overlay-gradient":""}},"ast-content-background-meta":{"desktop":{"background-color":"var(--ast-global-color-5)","background-image":"","background-repeat":"repeat","background-position":"center center","background-size":"auto","background-attachment":"scroll","background-type":"","background-media":"","overlay-type":"","overlay-color":"","overlay-opacity":"","overlay-gradient":""},"tablet":{"background-color":"var(--ast-global-color-5)","background-image":"","background-repeat":"repeat","background-position":"center center","background-size":"auto","background-attachment":"scroll","background-type":"","background-media":"","overlay-type":"","overlay-color":"","overlay-opacity":"","overlay-gradient":""},"mobile":{"background-color":"var(--ast-global-color-5)","background-image":"","background-repeat":"repeat","background-position":"center center","background-size":"auto","background-attachment":"scroll","background-type":"","background-media":"","overlay-type":"","overlay-color":"","overlay-opacity":"","overlay-gradient":""}},"_jetpack_memberships_contains_paid_content":false,"_joinchat":[],"footnotes":""},"categories":[15302,2],"tags":[21933,2156,7179,21932,21930,11867,21931,3689],"class_list":["post-73280","post","type-post","status-publish","format-standard","has-post-thumbnail","hentry","category-destacado","category-villa-maria","tag-asamblea-docente","tag-clases","tag-colegio-nacional","tag-instalaciones-escolares","tag-ipem-colegio-nacional","tag-ola-de-calor","tag-sin-clases","tag-uepc"],"yoast_head":"<!-- This site is optimized with the Yoast SEO plugin v26.8 - https:\/\/yoast.com\/product\/yoast-seo-wordpress\/ -->\n<title>Por el calor y la falta de condiciones edilicias adecuadas, el Nacional no dictar\u00e1 clases este viernes - El Regional<\/title>\n<meta name=\"robots\" content=\"index, follow, max-snippet:-1, max-image-preview:large, max-video-preview:-1\" \/>\n<link rel=\"canonical\" href=\"http:\/\/elregionalvm.com.ar\/noticias-villa-maria\/por-el-calor-y-la-falta-de-condiciones-edilicias-adecuadas-el-nacional-no-dictara-clases-este-viernes\/\" \/>\n<meta property=\"og:locale\" content=\"es_ES\" \/>\n<meta property=\"og:type\" content=\"article\" \/>\n<meta property=\"og:title\" content=\"Por el calor y la falta de condiciones edilicias adecuadas, el Nacional no dictar\u00e1 clases este viernes - El Regional\" \/>\n<meta property=\"og:description\" content=\"El IPEM 275 \u00abColegio Nacional de Villa Mar\u00eda\u00bb no tendr\u00e1 clases este viernes 17 de marzo. Tras una asamblea de docentes en la que participaron dirigentes gremiales, se decidi\u00f3 que debido a la intensa ola de calor y a la falta de instalaciones adecuadas para hacer frente a las elevadas temperaturas el colegio permanecer\u00e1 cerrado. [&hellip;]\" \/>\n<meta property=\"og:url\" content=\"http:\/\/elregionalvm.com.ar\/noticias-villa-maria\/por-el-calor-y-la-falta-de-condiciones-edilicias-adecuadas-el-nacional-no-dictara-clases-este-viernes\/\" \/>\n<meta property=\"og:site_name\" content=\"El Regional\" \/>\n<meta property=\"article:publisher\" content=\"https:\/\/www.facebook.com\/elregionalvm\" \/>\n<meta property=\"article:published_time\" content=\"2023-03-17T01:39:40+00:00\" \/>\n<meta property=\"article:modified_time\" content=\"2023-03-17T01:39:43+00:00\" \/>\n<meta property=\"og:image\" content=\"http:\/\/elregionalvm.com.ar\/noticias-villa-maria\/wp-content\/uploads\/2021\/09\/Elecciones-colegio-nacional.jpg\" \/>\n\t<meta property=\"og:image:width\" content=\"800\" \/>\n\t<meta property=\"og:image:height\" content=\"535\" \/>\n\t<meta property=\"og:image:type\" content=\"image\/jpeg\" \/>\n<meta name=\"author\" content=\"Contenidos El Regional\" \/>\n<meta name=\"twitter:card\" content=\"summary_large_image\" \/>\n<meta name=\"twitter:creator\" content=\"@elregionalvm1\" \/>\n<meta name=\"twitter:site\" content=\"@elregionalvm1\" \/>\n<meta name=\"twitter:label1\" content=\"Escrito por\" \/>\n\t<meta name=\"twitter:data1\" content=\"Contenidos El Regional\" \/>\n\t<meta name=\"twitter:label2\" content=\"Tiempo de lectura\" \/>\n\t<meta name=\"twitter:data2\" content=\"1 minuto\" \/>\n<script type=\"application\/ld+json\" class=\"yoast-schema-graph\">{\"@context\":\"https:\/\/schema.org\",\"@graph\":[{\"@type\":\"Article\",\"@id\":\"http:\/\/elregionalvm.com.ar\/noticias-villa-maria\/por-el-calor-y-la-falta-de-condiciones-edilicias-adecuadas-el-nacional-no-dictara-clases-este-viernes\/#article\",\"isPartOf\":{\"@id\":\"http:\/\/elregionalvm.com.ar\/noticias-villa-maria\/por-el-calor-y-la-falta-de-condiciones-edilicias-adecuadas-el-nacional-no-dictara-clases-este-viernes\/\"},\"author\":{\"name\":\"Contenidos El Regional\",\"@id\":\"http:\/\/elregionalvm.com.ar\/noticias-villa-maria\/#\/schema\/person\/a0fb9c422317faca23d50163151bc354\"},\"headline\":\"Por el calor y la falta de condiciones edilicias adecuadas, el Nacional no dictar\u00e1 clases este viernes\",\"datePublished\":\"2023-03-17T01:39:40+00:00\",\"dateModified\":\"2023-03-17T01:39:43+00:00\",\"mainEntityOfPage\":{\"@id\":\"http:\/\/elregionalvm.com.ar\/noticias-villa-maria\/por-el-calor-y-la-falta-de-condiciones-edilicias-adecuadas-el-nacional-no-dictara-clases-este-viernes\/\"},\"wordCount\":188,\"commentCount\":0,\"image\":{\"@id\":\"http:\/\/elregionalvm.com.ar\/noticias-villa-maria\/por-el-calor-y-la-falta-de-condiciones-edilicias-adecuadas-el-nacional-no-dictara-clases-este-viernes\/#primaryimage\"},\"thumbnailUrl\":\"https:\/\/i0.wp.com\/elregionalvm.com.ar\/noticias-villa-maria\/wp-content\/uploads\/2021\/09\/Elecciones-colegio-nacional.jpg?fit=800%2C535&ssl=1\",\"keywords\":[\"asamblea docente\",\"Clases\",\"Colegio Nacional\",\"instalaciones escolares\",\"Ipem Colegio Nacional\",\"ola de calor\",\"sin clases\",\"UEPC\"],\"articleSection\":[\"destacado\",\"Villa Mar\u00eda\"],\"inLanguage\":\"es\",\"potentialAction\":[{\"@type\":\"CommentAction\",\"name\":\"Comment\",\"target\":[\"http:\/\/elregionalvm.com.ar\/noticias-villa-maria\/por-el-calor-y-la-falta-de-condiciones-edilicias-adecuadas-el-nacional-no-dictara-clases-este-viernes\/#respond\"]}]},{\"@type\":\"WebPage\",\"@id\":\"http:\/\/elregionalvm.com.ar\/noticias-villa-maria\/por-el-calor-y-la-falta-de-condiciones-edilicias-adecuadas-el-nacional-no-dictara-clases-este-viernes\/\",\"url\":\"http:\/\/elregionalvm.com.ar\/noticias-villa-maria\/por-el-calor-y-la-falta-de-condiciones-edilicias-adecuadas-el-nacional-no-dictara-clases-este-viernes\/\",\"name\":\"Por el calor y la falta de condiciones edilicias adecuadas, el Nacional no dictar\u00e1 clases este viernes - El Regional\",\"isPartOf\":{\"@id\":\"http:\/\/elregionalvm.com.ar\/noticias-villa-maria\/#website\"},\"primaryImageOfPage\":{\"@id\":\"http:\/\/elregionalvm.com.ar\/noticias-villa-maria\/por-el-calor-y-la-falta-de-condiciones-edilicias-adecuadas-el-nacional-no-dictara-clases-este-viernes\/#primaryimage\"},\"image\":{\"@id\":\"http:\/\/elregionalvm.com.ar\/noticias-villa-maria\/por-el-calor-y-la-falta-de-condiciones-edilicias-adecuadas-el-nacional-no-dictara-clases-este-viernes\/#primaryimage\"},\"thumbnailUrl\":\"https:\/\/i0.wp.com\/elregionalvm.com.ar\/noticias-villa-maria\/wp-content\/uploads\/2021\/09\/Elecciones-colegio-nacional.jpg?fit=800%2C535&ssl=1\",\"datePublished\":\"2023-03-17T01:39:40+00:00\",\"dateModified\":\"2023-03-17T01:39:43+00:00\",\"author\":{\"@id\":\"http:\/\/elregionalvm.com.ar\/noticias-villa-maria\/#\/schema\/person\/a0fb9c422317faca23d50163151bc354\"},\"breadcrumb\":{\"@id\":\"http:\/\/elregionalvm.com.ar\/noticias-villa-maria\/por-el-calor-y-la-falta-de-condiciones-edilicias-adecuadas-el-nacional-no-dictara-clases-este-viernes\/#breadcrumb\"},\"inLanguage\":\"es\",\"potentialAction\":[{\"@type\":\"ReadAction\",\"target\":[\"http:\/\/elregionalvm.com.ar\/noticias-villa-maria\/por-el-calor-y-la-falta-de-condiciones-edilicias-adecuadas-el-nacional-no-dictara-clases-este-viernes\/\"]}]},{\"@type\":\"ImageObject\",\"inLanguage\":\"es\",\"@id\":\"http:\/\/elregionalvm.com.ar\/noticias-villa-maria\/por-el-calor-y-la-falta-de-condiciones-edilicias-adecuadas-el-nacional-no-dictara-clases-este-viernes\/#primaryimage\",\"url\":\"https:\/\/i0.wp.com\/elregionalvm.com.ar\/noticias-villa-maria\/wp-content\/uploads\/2021\/09\/Elecciones-colegio-nacional.jpg?fit=800%2C535&ssl=1\",\"contentUrl\":\"https:\/\/i0.wp.com\/elregionalvm.com.ar\/noticias-villa-maria\/wp-content\/uploads\/2021\/09\/Elecciones-colegio-nacional.jpg?fit=800%2C535&ssl=1\",\"width\":800,\"height\":535},{\"@type\":\"BreadcrumbList\",\"@id\":\"http:\/\/elregionalvm.com.ar\/noticias-villa-maria\/por-el-calor-y-la-falta-de-condiciones-edilicias-adecuadas-el-nacional-no-dictara-clases-este-viernes\/#breadcrumb\",\"itemListElement\":[{\"@type\":\"ListItem\",\"position\":1,\"name\":\"Portada\",\"item\":\"https:\/\/elregionalvm.com.ar\/noticias-villa-maria\/\"},{\"@type\":\"ListItem\",\"position\":2,\"name\":\"Por el calor y la falta de condiciones edilicias adecuadas, el Nacional no dictar\u00e1 clases este viernes\"}]},{\"@type\":\"WebSite\",\"@id\":\"http:\/\/elregionalvm.com.ar\/noticias-villa-maria\/#website\",\"url\":\"http:\/\/elregionalvm.com.ar\/noticias-villa-maria\/\",\"name\":\"El Regional\",\"description\":\"Mucho m\u00e1s que informaci\u00f3n\",\"potentialAction\":[{\"@type\":\"SearchAction\",\"target\":{\"@type\":\"EntryPoint\",\"urlTemplate\":\"http:\/\/elregionalvm.com.ar\/noticias-villa-maria\/?s={search_term_string}\"},\"query-input\":{\"@type\":\"PropertyValueSpecification\",\"valueRequired\":true,\"valueName\":\"search_term_string\"}}],\"inLanguage\":\"es\"},{\"@type\":\"Person\",\"@id\":\"http:\/\/elregionalvm.com.ar\/noticias-villa-maria\/#\/schema\/person\/a0fb9c422317faca23d50163151bc354\",\"name\":\"Contenidos El Regional\",\"image\":{\"@type\":\"ImageObject\",\"inLanguage\":\"es\",\"@id\":\"http:\/\/elregionalvm.com.ar\/noticias-villa-maria\/#\/schema\/person\/image\/\",\"url\":\"https:\/\/secure.gravatar.com\/avatar\/265b27cb2209af7bb3a1318f03305787d7981a5cc6e6cd08fe5a4ecdf99d4b48?s=96&d=mm&r=g\",\"contentUrl\":\"https:\/\/secure.gravatar.com\/avatar\/265b27cb2209af7bb3a1318f03305787d7981a5cc6e6cd08fe5a4ecdf99d4b48?s=96&d=mm&r=g\",\"caption\":\"Contenidos El Regional\"},\"url\":\"https:\/\/elregionalvm.com.ar\/noticias-villa-maria\/author\/contenido\/\"}]}<\/script>\n<!-- \/ Yoast SEO plugin. -->","yoast_head_json":{"title":"Por el calor y la falta de condiciones edilicias adecuadas, el Nacional no dictar\u00e1 clases este viernes - El Regional","robots":{"index":"index","follow":"follow","max-snippet":"max-snippet:-1","max-image-preview":"max-image-preview:large","max-video-preview":"max-video-preview:-1"},"canonical":"http:\/\/elregionalvm.com.ar\/noticias-villa-maria\/por-el-calor-y-la-falta-de-condiciones-edilicias-adecuadas-el-nacional-no-dictara-clases-este-viernes\/","og_locale":"es_ES","og_type":"article","og_title":"Por el calor y la falta de condiciones edilicias adecuadas, el Nacional no dictar\u00e1 clases este viernes - El Regional","og_description":"El IPEM 275 \u00abColegio Nacional de Villa Mar\u00eda\u00bb no tendr\u00e1 clases este viernes 17 de marzo. Tras una asamblea de docentes en la que participaron dirigentes gremiales, se decidi\u00f3 que debido a la intensa ola de calor y a la falta de instalaciones adecuadas para hacer frente a las elevadas temperaturas el colegio permanecer\u00e1 cerrado. [&hellip;]","og_url":"http:\/\/elregionalvm.com.ar\/noticias-villa-maria\/por-el-calor-y-la-falta-de-condiciones-edilicias-adecuadas-el-nacional-no-dictara-clases-este-viernes\/","og_site_name":"El Regional","article_publisher":"https:\/\/www.facebook.com\/elregionalvm","article_published_time":"2023-03-17T01:39:40+00:00","article_modified_time":"2023-03-17T01:39:43+00:00","og_image":[{"width":800,"height":535,"url":"http:\/\/elregionalvm.com.ar\/noticias-villa-maria\/wp-content\/uploads\/2021\/09\/Elecciones-colegio-nacional.jpg","type":"image\/jpeg"}],"author":"Contenidos El Regional","twitter_card":"summary_large_image","twitter_creator":"@elregionalvm1","twitter_site":"@elregionalvm1","twitter_misc":{"Escrito por":"Contenidos El Regional","Tiempo de lectura":"1 minuto"},"schema":{"@context":"https:\/\/schema.org","@graph":[{"@type":"Article","@id":"http:\/\/elregionalvm.com.ar\/noticias-villa-maria\/por-el-calor-y-la-falta-de-condiciones-edilicias-adecuadas-el-nacional-no-dictara-clases-este-viernes\/#article","isPartOf":{"@id":"http:\/\/elregionalvm.com.ar\/noticias-villa-maria\/por-el-calor-y-la-falta-de-condiciones-edilicias-adecuadas-el-nacional-no-dictara-clases-este-viernes\/"},"author":{"name":"Contenidos El Regional","@id":"http:\/\/elregionalvm.com.ar\/noticias-villa-maria\/#\/schema\/person\/a0fb9c422317faca23d50163151bc354"},"headline":"Por el calor y la falta de condiciones edilicias adecuadas, el Nacional no dictar\u00e1 clases este viernes","datePublished":"2023-03-17T01:39:40+00:00","dateModified":"2023-03-17T01:39:43+00:00","mainEntityOfPage":{"@id":"http:\/\/elregionalvm.com.ar\/noticias-villa-maria\/por-el-calor-y-la-falta-de-condiciones-edilicias-adecuadas-el-nacional-no-dictara-clases-este-viernes\/"},"wordCount":188,"commentCount":0,"image":{"@id":"http:\/\/elregionalvm.com.ar\/noticias-villa-maria\/por-el-calor-y-la-falta-de-condiciones-edilicias-adecuadas-el-nacional-no-dictara-clases-este-viernes\/#primaryimage"},"thumbnailUrl":"https:\/\/i0.wp.com\/elregionalvm.com.ar\/noticias-villa-maria\/wp-content\/uploads\/2021\/09\/Elecciones-colegio-nacional.jpg?fit=800%2C535&ssl=1","keywords":["asamblea docente","Clases","Colegio Nacional","instalaciones escolares","Ipem Colegio Nacional","ola de calor","sin clases","UEPC"],"articleSection":["destacado","Villa Mar\u00eda"],"inLanguage":"es","potentialAction":[{"@type":"CommentAction","name":"Comment","target":["http:\/\/elregionalvm.com.ar\/noticias-villa-maria\/por-el-calor-y-la-falta-de-condiciones-edilicias-adecuadas-el-nacional-no-dictara-clases-este-viernes\/#respond"]}]},{"@type":"WebPage","@id":"http:\/\/elregionalvm.com.ar\/noticias-villa-maria\/por-el-calor-y-la-falta-de-condiciones-edilicias-adecuadas-el-nacional-no-dictara-clases-este-viernes\/","url":"http:\/\/elregionalvm.com.ar\/noticias-villa-maria\/por-el-calor-y-la-falta-de-condiciones-edilicias-adecuadas-el-nacional-no-dictara-clases-este-viernes\/","name":"Por el calor y la falta de condiciones edilicias adecuadas, el Nacional no dictar\u00e1 clases este viernes - El Regional","isPartOf":{"@id":"http:\/\/elregionalvm.com.ar\/noticias-villa-maria\/#website"},"primaryImageOfPage":{"@id":"http:\/\/elregionalvm.com.ar\/noticias-villa-maria\/por-el-calor-y-la-falta-de-condiciones-edilicias-adecuadas-el-nacional-no-dictara-clases-este-viernes\/#primaryimage"},"image":{"@id":"http:\/\/elregionalvm.com.ar\/noticias-villa-maria\/por-el-calor-y-la-falta-de-condiciones-edilicias-adecuadas-el-nacional-no-dictara-clases-este-viernes\/#primaryimage"},"thumbnailUrl":"https:\/\/i0.wp.com\/elregionalvm.com.ar\/noticias-villa-maria\/wp-content\/uploads\/2021\/09\/Elecciones-colegio-nacional.jpg?fit=800%2C535&ssl=1","datePublished":"2023-03-17T01:39:40+00:00","dateModified":"2023-03-17T01:39:43+00:00","author":{"@id":"http:\/\/elregionalvm.com.ar\/noticias-villa-maria\/#\/schema\/person\/a0fb9c422317faca23d50163151bc354"},"breadcrumb":{"@id":"http:\/\/elregionalvm.com.ar\/noticias-villa-maria\/por-el-calor-y-la-falta-de-condiciones-edilicias-adecuadas-el-nacional-no-dictara-clases-este-viernes\/#breadcrumb"},"inLanguage":"es","potentialAction":[{"@type":"ReadAction","target":["http:\/\/elregionalvm.com.ar\/noticias-villa-maria\/por-el-calor-y-la-falta-de-condiciones-edilicias-adecuadas-el-nacional-no-dictara-clases-este-viernes\/"]}]},{"@type":"ImageObject","inLanguage":"es","@id":"http:\/\/elregionalvm.com.ar\/noticias-villa-maria\/por-el-calor-y-la-falta-de-condiciones-edilicias-adecuadas-el-nacional-no-dictara-clases-este-viernes\/#primaryimage","url":"https:\/\/i0.wp.com\/elregionalvm.com.ar\/noticias-villa-maria\/wp-content\/uploads\/2021\/09\/Elecciones-colegio-nacional.jpg?fit=800%2C535&ssl=1","contentUrl":"https:\/\/i0.wp.com\/elregionalvm.com.ar\/noticias-villa-maria\/wp-content\/uploads\/2021\/09\/Elecciones-colegio-nacional.jpg?fit=800%2C535&ssl=1","width":800,"height":535},{"@type":"BreadcrumbList","@id":"http:\/\/elregionalvm.com.ar\/noticias-villa-maria\/por-el-calor-y-la-falta-de-condiciones-edilicias-adecuadas-el-nacional-no-dictara-clases-este-viernes\/#breadcrumb","itemListElement":[{"@type":"ListItem","position":1,"name":"Portada","item":"https:\/\/elregionalvm.com.ar\/noticias-villa-maria\/"},{"@type":"ListItem","position":2,"name":"Por el calor y la falta de condiciones edilicias adecuadas, el Nacional no dictar\u00e1 clases este viernes"}]},{"@type":"WebSite","@id":"http:\/\/elregionalvm.com.ar\/noticias-villa-maria\/#website","url":"http:\/\/elregionalvm.com.ar\/noticias-villa-maria\/","name":"El Regional","description":"Mucho m\u00e1s que informaci\u00f3n","potentialAction":[{"@type":"SearchAction","target":{"@type":"EntryPoint","urlTemplate":"http:\/\/elregionalvm.com.ar\/noticias-villa-maria\/?s={search_term_string}"},"query-input":{"@type":"PropertyValueSpecification","valueRequired":true,"valueName":"search_term_string"}}],"inLanguage":"es"},{"@type":"Person","@id":"http:\/\/elregionalvm.com.ar\/noticias-villa-maria\/#\/schema\/person\/a0fb9c422317faca23d50163151bc354","name":"Contenidos El Regional","image":{"@type":"ImageObject","inLanguage":"es","@id":"http:\/\/elregionalvm.com.ar\/noticias-villa-maria\/#\/schema\/person\/image\/","url":"https:\/\/secure.gravatar.com\/avatar\/265b27cb2209af7bb3a1318f03305787d7981a5cc6e6cd08fe5a4ecdf99d4b48?s=96&d=mm&r=g","contentUrl":"https:\/\/secure.gravatar.com\/avatar\/265b27cb2209af7bb3a1318f03305787d7981a5cc6e6cd08fe5a4ecdf99d4b48?s=96&d=mm&r=g","caption":"Contenidos El Regional"},"url":"https:\/\/elregionalvm.com.ar\/noticias-villa-maria\/author\/contenido\/"}]}},"jetpack_featured_media_url":"https:\/\/i0.wp.com\/elregionalvm.com.ar\/noticias-villa-maria\/wp-content\/uploads\/2021\/09\/Elecciones-colegio-nacional.jpg?fit=800%2C535&ssl=1","jetpack_sharing_enabled":true,"_links":{"self":[{"href":"https:\/\/elregionalvm.com.ar\/noticias-villa-maria\/wp-json\/wp\/v2\/posts\/73280","targetHints":{"allow":["GET"]}}],"collection":[{"href":"https:\/\/elregionalvm.com.ar\/noticias-villa-maria\/wp-json\/wp\/v2\/posts"}],"about":[{"href":"https:\/\/elregionalvm.com.ar\/noticias-villa-maria\/wp-json\/wp\/v2\/types\/post"}],"author":[{"embeddable":true,"href":"https:\/\/elregionalvm.com.ar\/noticias-villa-maria\/wp-json\/wp\/v2\/users\/4"}],"replies":[{"embeddable":true,"href":"https:\/\/elregionalvm.com.ar\/noticias-villa-maria\/wp-json\/wp\/v2\/comments?post=73280"}],"version-history":[{"count":1,"href":"https:\/\/elregionalvm.com.ar\/noticias-villa-maria\/wp-json\/wp\/v2\/posts\/73280\/revisions"}],"predecessor-version":[{"id":73282,"href":"https:\/\/elregionalvm.com.ar\/noticias-villa-maria\/wp-json\/wp\/v2\/posts\/73280\/revisions\/73282"}],"wp:featuredmedia":[{"embeddable":true,"href":"https:\/\/elregionalvm.com.ar\/noticias-villa-maria\/wp-json\/wp\/v2\/media\/44601"}],"wp:attachment":[{"href":"https:\/\/elregionalvm.com.ar\/noticias-villa-maria\/wp-json\/wp\/v2\/media?parent=73280"}],"wp:term":[{"taxonomy":"category","embeddable":true,"href":"https:\/\/elregionalvm.com.ar\/noticias-villa-maria\/wp-json\/wp\/v2\/categories?post=73280"},{"taxonomy":"post_tag","embeddable":true,"href":"https:\/\/elregionalvm.com.ar\/noticias-villa-maria\/wp-json\/wp\/v2\/tags?post=73280"}],"curies":[{"name":"wp","href":"https:\/\/api.w.org\/{rel}","templated":true}]}}