{"id":73288,"date":"2023-03-17T21:18:34","date_gmt":"2023-03-17T21:18:34","guid":{"rendered":"https:\/\/elregionalvm.com.ar\/noticias-villa-maria\/?p=73288"},"modified":"2023-03-17T21:18:36","modified_gmt":"2023-03-17T21:18:36","slug":"en-la-sede-del-pro-brindaron-una-charla-sobre-el-deporte-como-herramienta-para-promover-el-desarrollo","status":"publish","type":"post","link":"https:\/\/elregionalvm.com.ar\/noticias-villa-maria\/en-la-sede-del-pro-brindaron-una-charla-sobre-el-deporte-como-herramienta-para-promover-el-desarrollo\/","title":{"rendered":"En la sede del PRO brindaron una charla sobre el deporte como herramienta para promover el desarrollo"},"content":{"rendered":"\n<p>As\u00ed lo afirmaron desde el equipo del PRO en el evento que realizaron este jueves 16 por la noche en su sede, en el marco de las charlas por el Mes de la Mujer.<\/p>\n\n\n\n<p>La actividad fue en el local que encabeza el legislador y referente local, Dar\u00edo Capitani. All\u00ed estuvieron presentes los concejales Karina Bruno, Natalia Gonz\u00e1lez y Carlos Primo, adem\u00e1s de las invitadas especiales a disertar, Marcela Karmalita y Micaela Puebla.<\/p>\n\n\n\n<p>La charla que tuvo lugar en 25 de Mayo 40 trat\u00f3 sobre la accesibilidad al deporte y su importancia, en especial para mujeres, abordando incluso la experiencia personal de la atleta triatlonista local.<\/p>\n\n\n\n<p>\u201cA pesar de las innumerables obras que se ponen en marcha en Villa Mar\u00eda buscando incluir actividades recreativas y profesionales, contin\u00faa la desigualdad para poder acceder, ya sea para practicantes como para espectadores\u201d, aseguraron desde el PRO.<\/p>\n\n\n\n<p>El deporte, m\u00e1s all\u00e1 de formar parte de los h\u00e1bitos saludables, es considerado un espacio de observaci\u00f3n para estudiar c\u00f3mo se piensan, ven y resuelven las desigualdades en el interior de los barrios, sostuvieron desde el espacio partidario.<\/p>\n\n\n\n<p>\u201cEstamos convencidos de que se deben crear proyectos que promuevan el acceso de los sectores perif\u00e9ricos, con herramientas, materiales, indumentaria, elementos did\u00e1cticos y profesores destinados a las distintas pr\u00e1cticas\u201d, indicaron.<\/p>\n\n\n\n<p>Adem\u00e1s, desde el PRO manifestaron: \u201cEl sentido y valor que le estamos asignando al deporte dice mucho de nosotros. <\/p>\n\n\n\n<p>Como funcionarios p\u00fablicos queremos revalorizarlo, d\u00e1ndole lugar a cada actor social que forma parte del \u00e1rea, y reconociendo la expertise de nuestros campeones locales\u201d.<\/p>\n\n\n\n<p>\u201cCreemos tambi\u00e9n necesario que debemos dirigirnos hacia pr\u00e1cticas igualitarias donde la mujer sea protagonista, tanto a nivel amateur como profesional, y haya espacios p\u00fablicos para que todos puedan entrenar en las distintas disciplinas, sin que el factor econ\u00f3mico sea un impedimento para desarrollar el talento\u201d.<\/p>\n\n\n\n<p>\u201cReci\u00e9n cobra entidad en nuestra comunidad cuando el Estado le da ese rol y se pueden atender las distintas tem\u00e1ticas. Concretar una Secretar\u00eda de Deporte habla de la importancia que tendr\u00eda para el municipio promocionar las actividades, masificarlas para llegar a todos los sectores, y estudiarlas para mantenerlas vigentes y pr\u00f3speras, siempre con la misi\u00f3n de incluir\u201d, expresaron.<\/p>\n\n\n\n<p>\u201cNo se trata s\u00f3lo de una excusa para entretenerse un rato. El deporte tiene un verdadero significado social\u201d, sentenciaron desde el PRO. <\/p>\n\n\n\n<p>Y agregaron: \u201cEs un engranaje que interact\u00faa de manera directa con el trabajo y la educaci\u00f3n, la salud y el tiempo libre. Se trata de una actividad central en la vida de toda persona, y no debemos verlo como un compartimento estanco. Forma parte de nuestra cultura como sociedad\u201d.<\/p>\n\n\n\n<p>Adem\u00e1s, los referentes del PRO a\u00f1adieron: \u201cQueremos destacar que pensamos en que se deben aumentar la cantidad de recursos que el Estado destina a las pr\u00e1cticas deportivas, para que no quede s\u00f3lo en obras, sino que los villamarienses puedan apropiarse de ellas y ser los protagonistas del cambio cultural que estamos buscando.<\/p>\n\n\n\n<p> Hoy el deporte no est\u00e1 en agenda, no existen las pol\u00edticas p\u00fablicas para desarrollarlo\u201d.<\/p>\n\n\n\n<p>\u201cLos espacios sociales que se ofrecen para realizar actividades f\u00edsicas tienen que estar cubiertos en todos los barrios, no s\u00f3lo en los de f\u00e1cil acceso para las mayor\u00edas. Eso significa incluir, hasta al \u00faltimo vecino de la ciudad\u201d, se\u00f1alaron. <\/p>\n\n\n\n<p>\u201cIncluso para que mujeres y hombres puedan desempe\u00f1arse de manera profesional y cubrir sus expectativas de tener una ciudad ejemplo y un verdadero polo deportivo\u201d, dijeron de manera contundente luego de conocer a varios deportistas que presentaron la misma \u201cqueja\u201d.<\/p>\n\n\n\n<p><strong>El deporte como forma de vida<\/strong><\/p>\n\n\n\n<p>Entre las dos invitadas a participar de esta charla, comentaron que la competidora de triatl\u00f3n fue conocida en las visitas diarias que realiza Dar\u00edo Capitani por los barrios.<\/p>\n\n\n\n<p> Adem\u00e1s de empresas y vecinos, el legislador destina el tiempo de su agenda local para tomar contacto con j\u00f3venes destacados en distintas \u00e1reas; y as\u00ed es como conoci\u00f3 a los hermanos Puebla.<\/p>\n\n\n\n<p>Por su parte, la atleta cont\u00f3 al p\u00fablico presente c\u00f3mo empez\u00f3 a andar su camino en los triatlones y competencias, destacando que su objetivo siempre es seguir trabajando para tener m\u00e1s logros y estar entre las mejores deportistas del podio.<\/p>\n\n\n\n<p>La joven Micaela Puebla, particip\u00f3 en competencias de gran envergadura. <\/p>\n\n\n\n<p>Empez\u00f3 entrenando con su padre y hermano, y desde chica consigui\u00f3 su propio protagonismo. <\/p>\n\n\n\n<p>Hoy sigue desafi\u00e1ndose a s\u00ed misma para mejorar sus habilidades y desempe\u00f1arse mejor en los campeonatos, siendo una inspiraci\u00f3n para j\u00f3venes que quieren seguir su mismo recorrido. \u201cLas mujeres hacemos mucho esfuerzo para hacer lo que hacemos\u201d, remarc\u00f3.<\/p>\n\n\n\n<p>\u201cSer mujer y tener semejantes reconocimientos en un deporte en el que generalmente vemos a hombres, es doblemente meritorio. Pone en lo m\u00e1s alto a Villa Mar\u00eda represent\u00e1ndonos en toda la regi\u00f3n frente a cientos de deportistas\u201d, destacaron desde el PRO.<\/p>\n\n\n\n<p>Por otro lado, Marcela Karmalita, con sus m\u00e1s de 30 a\u00f1os de trayectoria como docente en los distintos niveles educativos, habl\u00f3 sobre la importancia del deporte en las etapas de la vida: ni\u00f1ez, juventud, adultez y adultos mayores.<\/p>\n\n\n\n<p>La tambi\u00e9n licenciada, asegur\u00f3 que la actividad f\u00edsica acompa\u00f1a a las personas durante toda la vida y que lo importante es hacer algo que se disfrute, pero mantener el cuerpo en movimiento. \u201cEs una forma de cuidarnos y demostrarnos amor a nosotros mismos. Nadie lo va a cuidar mejor\u201d, expres\u00f3.<\/p>\n\n\n\n<p>\u201cLos chicos tienen que aprender a no estar solos, a trabajar con el otro. El trabajo es en equipo. El deporte ayuda a aprender a solidarizarse, a levantar su autoestima\u201d, indic\u00f3.<\/p>\n\n\n\n<p>Entre su discurso profesional, apel\u00f3 a lo emotivo, remarcando que \u201cel deporte puede traer muchas victorias, pero m\u00e1s all\u00e1 de los premios y trofeos ganados, lo m\u00e1s importante es la satisfacci\u00f3n propia\u201d, expres\u00f3 orgullosa Karmalita frente a los oyentes.<\/p>\n","protected":false},"excerpt":{"rendered":"<p>As\u00ed lo afirmaron desde el equipo del PRO en el evento que realizaron este jueves 16 por la noche en su sede, en el marco de las charlas por el Mes de la Mujer. La actividad fue en el local que encabeza el legislador y referente local, Dar\u00edo Capitani. All\u00ed estuvieron presentes los concejales Karina [&hellip;]<\/p>\n","protected":false},"author":4,"featured_media":73289,"comment_status":"open","ping_status":"open","sticky":false,"template":"","format":"standard","meta":{"site-sidebar-layout":"default","site-content-layout":"","ast-site-content-layout":"default","site-content-style":"default","site-sidebar-style":"default","ast-global-header-display":"","ast-banner-title-visibility":"","ast-main-header-display":"","ast-hfb-above-header-display":"","ast-hfb-below-header-display":"","ast-hfb-mobile-header-display":"","site-post-title":"","ast-breadcrumbs-content":"","ast-featured-img":"","footer-sml-layout":"","ast-disable-related-posts":"","theme-transparent-header-meta":"","adv-header-id-meta":"","stick-header-meta":"","header-above-stick-meta":"","header-main-stick-meta":"","header-below-stick-meta":"","astra-migrate-meta-layouts":"default","ast-page-background-enabled":"default","ast-page-background-meta":{"desktop":{"background-color":"","background-image":"","background-repeat":"repeat","background-position":"center center","background-size":"auto","background-attachment":"scroll","background-type":"","background-media":"","overlay-type":"","overlay-color":"","overlay-opacity":"","overlay-gradient":""},"tablet":{"background-color":"","background-image":"","background-repeat":"repeat","background-position":"center center","background-size":"auto","background-attachment":"scroll","background-type":"","background-media":"","overlay-type":"","overlay-color":"","overlay-opacity":"","overlay-gradient":""},"mobile":{"background-color":"","background-image":"","background-repeat":"repeat","background-position":"center center","background-size":"auto","background-attachment":"scroll","background-type":"","background-media":"","overlay-type":"","overlay-color":"","overlay-opacity":"","overlay-gradient":""}},"ast-content-background-meta":{"desktop":{"background-color":"var(--ast-global-color-5)","background-image":"","background-repeat":"repeat","background-position":"center center","background-size":"auto","background-attachment":"scroll","background-type":"","background-media":"","overlay-type":"","overlay-color":"","overlay-opacity":"","overlay-gradient":""},"tablet":{"background-color":"var(--ast-global-color-5)","background-image":"","background-repeat":"repeat","background-position":"center center","background-size":"auto","background-attachment":"scroll","background-type":"","background-media":"","overlay-type":"","overlay-color":"","overlay-opacity":"","overlay-gradient":""},"mobile":{"background-color":"var(--ast-global-color-5)","background-image":"","background-repeat":"repeat","background-position":"center center","background-size":"auto","background-attachment":"scroll","background-type":"","background-media":"","overlay-type":"","overlay-color":"","overlay-opacity":"","overlay-gradient":""}},"_jetpack_memberships_contains_paid_content":false,"_joinchat":[],"footnotes":""},"categories":[15158,15302,5,2],"tags":[],"class_list":["post-73288","post","type-post","status-publish","format-standard","has-post-thumbnail","hentry","category-deporte","category-destacado","category-sociedad","category-villa-maria"],"yoast_head":"<!-- This site is optimized with the Yoast SEO plugin v26.8 - https:\/\/yoast.com\/product\/yoast-seo-wordpress\/ -->\n<title>En la sede del PRO brindaron una charla sobre el deporte como herramienta para promover el desarrollo - El Regional<\/title>\n<meta name=\"robots\" content=\"index, follow, max-snippet:-1, max-image-preview:large, max-video-preview:-1\" \/>\n<link rel=\"canonical\" href=\"http:\/\/elregionalvm.com.ar\/noticias-villa-maria\/en-la-sede-del-pro-brindaron-una-charla-sobre-el-deporte-como-herramienta-para-promover-el-desarrollo\/\" \/>\n<meta property=\"og:locale\" content=\"es_ES\" \/>\n<meta property=\"og:type\" content=\"article\" \/>\n<meta property=\"og:title\" content=\"En la sede del PRO brindaron una charla sobre el deporte como herramienta para promover el desarrollo - El Regional\" \/>\n<meta property=\"og:description\" content=\"As\u00ed lo afirmaron desde el equipo del PRO en el evento que realizaron este jueves 16 por la noche en su sede, en el marco de las charlas por el Mes de la Mujer. La actividad fue en el local que encabeza el legislador y referente local, Dar\u00edo Capitani. All\u00ed estuvieron presentes los concejales Karina [&hellip;]\" \/>\n<meta property=\"og:url\" content=\"http:\/\/elregionalvm.com.ar\/noticias-villa-maria\/en-la-sede-del-pro-brindaron-una-charla-sobre-el-deporte-como-herramienta-para-promover-el-desarrollo\/\" \/>\n<meta property=\"og:site_name\" content=\"El Regional\" \/>\n<meta property=\"article:publisher\" content=\"https:\/\/www.facebook.com\/elregionalvm\" \/>\n<meta property=\"article:published_time\" content=\"2023-03-17T21:18:34+00:00\" \/>\n<meta property=\"article:modified_time\" content=\"2023-03-17T21:18:36+00:00\" \/>\n<meta property=\"og:image\" content=\"http:\/\/elregionalvm.com.ar\/noticias-villa-maria\/wp-content\/uploads\/2023\/03\/WhatsApp-Image-2023-03-17-at-12.23.00.jpeg\" \/>\n\t<meta property=\"og:image:width\" content=\"1200\" \/>\n\t<meta property=\"og:image:height\" content=\"1600\" \/>\n\t<meta property=\"og:image:type\" content=\"image\/jpeg\" \/>\n<meta name=\"author\" content=\"Contenidos El Regional\" \/>\n<meta name=\"twitter:card\" content=\"summary_large_image\" \/>\n<meta name=\"twitter:creator\" content=\"@elregionalvm1\" \/>\n<meta name=\"twitter:site\" content=\"@elregionalvm1\" \/>\n<meta name=\"twitter:label1\" content=\"Escrito por\" \/>\n\t<meta name=\"twitter:data1\" content=\"Contenidos El Regional\" \/>\n\t<meta name=\"twitter:label2\" content=\"Tiempo de lectura\" \/>\n\t<meta name=\"twitter:data2\" content=\"5 minutos\" \/>\n<script type=\"application\/ld+json\" class=\"yoast-schema-graph\">{\"@context\":\"https:\/\/schema.org\",\"@graph\":[{\"@type\":\"Article\",\"@id\":\"http:\/\/elregionalvm.com.ar\/noticias-villa-maria\/en-la-sede-del-pro-brindaron-una-charla-sobre-el-deporte-como-herramienta-para-promover-el-desarrollo\/#article\",\"isPartOf\":{\"@id\":\"http:\/\/elregionalvm.com.ar\/noticias-villa-maria\/en-la-sede-del-pro-brindaron-una-charla-sobre-el-deporte-como-herramienta-para-promover-el-desarrollo\/\"},\"author\":{\"name\":\"Contenidos El Regional\",\"@id\":\"http:\/\/elregionalvm.com.ar\/noticias-villa-maria\/#\/schema\/person\/a0fb9c422317faca23d50163151bc354\"},\"headline\":\"En la sede del PRO brindaron una charla sobre el deporte como herramienta para promover el desarrollo\",\"datePublished\":\"2023-03-17T21:18:34+00:00\",\"dateModified\":\"2023-03-17T21:18:36+00:00\",\"mainEntityOfPage\":{\"@id\":\"http:\/\/elregionalvm.com.ar\/noticias-villa-maria\/en-la-sede-del-pro-brindaron-una-charla-sobre-el-deporte-como-herramienta-para-promover-el-desarrollo\/\"},\"wordCount\":1017,\"commentCount\":0,\"image\":{\"@id\":\"http:\/\/elregionalvm.com.ar\/noticias-villa-maria\/en-la-sede-del-pro-brindaron-una-charla-sobre-el-deporte-como-herramienta-para-promover-el-desarrollo\/#primaryimage\"},\"thumbnailUrl\":\"https:\/\/i0.wp.com\/elregionalvm.com.ar\/noticias-villa-maria\/wp-content\/uploads\/2023\/03\/WhatsApp-Image-2023-03-17-at-12.23.00.jpeg?fit=1200%2C1600&ssl=1\",\"articleSection\":[\"Deporte\",\"destacado\",\"Sociedad\",\"Villa Mar\u00eda\"],\"inLanguage\":\"es\",\"potentialAction\":[{\"@type\":\"CommentAction\",\"name\":\"Comment\",\"target\":[\"http:\/\/elregionalvm.com.ar\/noticias-villa-maria\/en-la-sede-del-pro-brindaron-una-charla-sobre-el-deporte-como-herramienta-para-promover-el-desarrollo\/#respond\"]}]},{\"@type\":\"WebPage\",\"@id\":\"http:\/\/elregionalvm.com.ar\/noticias-villa-maria\/en-la-sede-del-pro-brindaron-una-charla-sobre-el-deporte-como-herramienta-para-promover-el-desarrollo\/\",\"url\":\"http:\/\/elregionalvm.com.ar\/noticias-villa-maria\/en-la-sede-del-pro-brindaron-una-charla-sobre-el-deporte-como-herramienta-para-promover-el-desarrollo\/\",\"name\":\"En la sede del PRO brindaron una charla sobre el deporte como herramienta para promover el desarrollo - El Regional\",\"isPartOf\":{\"@id\":\"http:\/\/elregionalvm.com.ar\/noticias-villa-maria\/#website\"},\"primaryImageOfPage\":{\"@id\":\"http:\/\/elregionalvm.com.ar\/noticias-villa-maria\/en-la-sede-del-pro-brindaron-una-charla-sobre-el-deporte-como-herramienta-para-promover-el-desarrollo\/#primaryimage\"},\"image\":{\"@id\":\"http:\/\/elregionalvm.com.ar\/noticias-villa-maria\/en-la-sede-del-pro-brindaron-una-charla-sobre-el-deporte-como-herramienta-para-promover-el-desarrollo\/#primaryimage\"},\"thumbnailUrl\":\"https:\/\/i0.wp.com\/elregionalvm.com.ar\/noticias-villa-maria\/wp-content\/uploads\/2023\/03\/WhatsApp-Image-2023-03-17-at-12.23.00.jpeg?fit=1200%2C1600&ssl=1\",\"datePublished\":\"2023-03-17T21:18:34+00:00\",\"dateModified\":\"2023-03-17T21:18:36+00:00\",\"author\":{\"@id\":\"http:\/\/elregionalvm.com.ar\/noticias-villa-maria\/#\/schema\/person\/a0fb9c422317faca23d50163151bc354\"},\"breadcrumb\":{\"@id\":\"http:\/\/elregionalvm.com.ar\/noticias-villa-maria\/en-la-sede-del-pro-brindaron-una-charla-sobre-el-deporte-como-herramienta-para-promover-el-desarrollo\/#breadcrumb\"},\"inLanguage\":\"es\",\"potentialAction\":[{\"@type\":\"ReadAction\",\"target\":[\"http:\/\/elregionalvm.com.ar\/noticias-villa-maria\/en-la-sede-del-pro-brindaron-una-charla-sobre-el-deporte-como-herramienta-para-promover-el-desarrollo\/\"]}]},{\"@type\":\"ImageObject\",\"inLanguage\":\"es\",\"@id\":\"http:\/\/elregionalvm.com.ar\/noticias-villa-maria\/en-la-sede-del-pro-brindaron-una-charla-sobre-el-deporte-como-herramienta-para-promover-el-desarrollo\/#primaryimage\",\"url\":\"https:\/\/i0.wp.com\/elregionalvm.com.ar\/noticias-villa-maria\/wp-content\/uploads\/2023\/03\/WhatsApp-Image-2023-03-17-at-12.23.00.jpeg?fit=1200%2C1600&ssl=1\",\"contentUrl\":\"https:\/\/i0.wp.com\/elregionalvm.com.ar\/noticias-villa-maria\/wp-content\/uploads\/2023\/03\/WhatsApp-Image-2023-03-17-at-12.23.00.jpeg?fit=1200%2C1600&ssl=1\",\"width\":1200,\"height\":1600},{\"@type\":\"BreadcrumbList\",\"@id\":\"http:\/\/elregionalvm.com.ar\/noticias-villa-maria\/en-la-sede-del-pro-brindaron-una-charla-sobre-el-deporte-como-herramienta-para-promover-el-desarrollo\/#breadcrumb\",\"itemListElement\":[{\"@type\":\"ListItem\",\"position\":1,\"name\":\"Portada\",\"item\":\"https:\/\/elregionalvm.com.ar\/noticias-villa-maria\/\"},{\"@type\":\"ListItem\",\"position\":2,\"name\":\"En la sede del PRO brindaron una charla sobre el deporte como herramienta para promover el desarrollo\"}]},{\"@type\":\"WebSite\",\"@id\":\"http:\/\/elregionalvm.com.ar\/noticias-villa-maria\/#website\",\"url\":\"http:\/\/elregionalvm.com.ar\/noticias-villa-maria\/\",\"name\":\"El Regional\",\"description\":\"Mucho m\u00e1s que informaci\u00f3n\",\"potentialAction\":[{\"@type\":\"SearchAction\",\"target\":{\"@type\":\"EntryPoint\",\"urlTemplate\":\"http:\/\/elregionalvm.com.ar\/noticias-villa-maria\/?s={search_term_string}\"},\"query-input\":{\"@type\":\"PropertyValueSpecification\",\"valueRequired\":true,\"valueName\":\"search_term_string\"}}],\"inLanguage\":\"es\"},{\"@type\":\"Person\",\"@id\":\"http:\/\/elregionalvm.com.ar\/noticias-villa-maria\/#\/schema\/person\/a0fb9c422317faca23d50163151bc354\",\"name\":\"Contenidos El Regional\",\"image\":{\"@type\":\"ImageObject\",\"inLanguage\":\"es\",\"@id\":\"http:\/\/elregionalvm.com.ar\/noticias-villa-maria\/#\/schema\/person\/image\/\",\"url\":\"https:\/\/secure.gravatar.com\/avatar\/265b27cb2209af7bb3a1318f03305787d7981a5cc6e6cd08fe5a4ecdf99d4b48?s=96&d=mm&r=g\",\"contentUrl\":\"https:\/\/secure.gravatar.com\/avatar\/265b27cb2209af7bb3a1318f03305787d7981a5cc6e6cd08fe5a4ecdf99d4b48?s=96&d=mm&r=g\",\"caption\":\"Contenidos El Regional\"},\"url\":\"https:\/\/elregionalvm.com.ar\/noticias-villa-maria\/author\/contenido\/\"}]}<\/script>\n<!-- \/ Yoast SEO plugin. -->","yoast_head_json":{"title":"En la sede del PRO brindaron una charla sobre el deporte como herramienta para promover el desarrollo - El Regional","robots":{"index":"index","follow":"follow","max-snippet":"max-snippet:-1","max-image-preview":"max-image-preview:large","max-video-preview":"max-video-preview:-1"},"canonical":"http:\/\/elregionalvm.com.ar\/noticias-villa-maria\/en-la-sede-del-pro-brindaron-una-charla-sobre-el-deporte-como-herramienta-para-promover-el-desarrollo\/","og_locale":"es_ES","og_type":"article","og_title":"En la sede del PRO brindaron una charla sobre el deporte como herramienta para promover el desarrollo - El Regional","og_description":"As\u00ed lo afirmaron desde el equipo del PRO en el evento que realizaron este jueves 16 por la noche en su sede, en el marco de las charlas por el Mes de la Mujer. La actividad fue en el local que encabeza el legislador y referente local, Dar\u00edo Capitani. All\u00ed estuvieron presentes los concejales Karina [&hellip;]","og_url":"http:\/\/elregionalvm.com.ar\/noticias-villa-maria\/en-la-sede-del-pro-brindaron-una-charla-sobre-el-deporte-como-herramienta-para-promover-el-desarrollo\/","og_site_name":"El Regional","article_publisher":"https:\/\/www.facebook.com\/elregionalvm","article_published_time":"2023-03-17T21:18:34+00:00","article_modified_time":"2023-03-17T21:18:36+00:00","og_image":[{"width":1200,"height":1600,"url":"http:\/\/elregionalvm.com.ar\/noticias-villa-maria\/wp-content\/uploads\/2023\/03\/WhatsApp-Image-2023-03-17-at-12.23.00.jpeg","type":"image\/jpeg"}],"author":"Contenidos El Regional","twitter_card":"summary_large_image","twitter_creator":"@elregionalvm1","twitter_site":"@elregionalvm1","twitter_misc":{"Escrito por":"Contenidos El Regional","Tiempo de lectura":"5 minutos"},"schema":{"@context":"https:\/\/schema.org","@graph":[{"@type":"Article","@id":"http:\/\/elregionalvm.com.ar\/noticias-villa-maria\/en-la-sede-del-pro-brindaron-una-charla-sobre-el-deporte-como-herramienta-para-promover-el-desarrollo\/#article","isPartOf":{"@id":"http:\/\/elregionalvm.com.ar\/noticias-villa-maria\/en-la-sede-del-pro-brindaron-una-charla-sobre-el-deporte-como-herramienta-para-promover-el-desarrollo\/"},"author":{"name":"Contenidos El Regional","@id":"http:\/\/elregionalvm.com.ar\/noticias-villa-maria\/#\/schema\/person\/a0fb9c422317faca23d50163151bc354"},"headline":"En la sede del PRO brindaron una charla sobre el deporte como herramienta para promover el desarrollo","datePublished":"2023-03-17T21:18:34+00:00","dateModified":"2023-03-17T21:18:36+00:00","mainEntityOfPage":{"@id":"http:\/\/elregionalvm.com.ar\/noticias-villa-maria\/en-la-sede-del-pro-brindaron-una-charla-sobre-el-deporte-como-herramienta-para-promover-el-desarrollo\/"},"wordCount":1017,"commentCount":0,"image":{"@id":"http:\/\/elregionalvm.com.ar\/noticias-villa-maria\/en-la-sede-del-pro-brindaron-una-charla-sobre-el-deporte-como-herramienta-para-promover-el-desarrollo\/#primaryimage"},"thumbnailUrl":"https:\/\/i0.wp.com\/elregionalvm.com.ar\/noticias-villa-maria\/wp-content\/uploads\/2023\/03\/WhatsApp-Image-2023-03-17-at-12.23.00.jpeg?fit=1200%2C1600&ssl=1","articleSection":["Deporte","destacado","Sociedad","Villa Mar\u00eda"],"inLanguage":"es","potentialAction":[{"@type":"CommentAction","name":"Comment","target":["http:\/\/elregionalvm.com.ar\/noticias-villa-maria\/en-la-sede-del-pro-brindaron-una-charla-sobre-el-deporte-como-herramienta-para-promover-el-desarrollo\/#respond"]}]},{"@type":"WebPage","@id":"http:\/\/elregionalvm.com.ar\/noticias-villa-maria\/en-la-sede-del-pro-brindaron-una-charla-sobre-el-deporte-como-herramienta-para-promover-el-desarrollo\/","url":"http:\/\/elregionalvm.com.ar\/noticias-villa-maria\/en-la-sede-del-pro-brindaron-una-charla-sobre-el-deporte-como-herramienta-para-promover-el-desarrollo\/","name":"En la sede del PRO brindaron una charla sobre el deporte como herramienta para promover el desarrollo - El Regional","isPartOf":{"@id":"http:\/\/elregionalvm.com.ar\/noticias-villa-maria\/#website"},"primaryImageOfPage":{"@id":"http:\/\/elregionalvm.com.ar\/noticias-villa-maria\/en-la-sede-del-pro-brindaron-una-charla-sobre-el-deporte-como-herramienta-para-promover-el-desarrollo\/#primaryimage"},"image":{"@id":"http:\/\/elregionalvm.com.ar\/noticias-villa-maria\/en-la-sede-del-pro-brindaron-una-charla-sobre-el-deporte-como-herramienta-para-promover-el-desarrollo\/#primaryimage"},"thumbnailUrl":"https:\/\/i0.wp.com\/elregionalvm.com.ar\/noticias-villa-maria\/wp-content\/uploads\/2023\/03\/WhatsApp-Image-2023-03-17-at-12.23.00.jpeg?fit=1200%2C1600&ssl=1","datePublished":"2023-03-17T21:18:34+00:00","dateModified":"2023-03-17T21:18:36+00:00","author":{"@id":"http:\/\/elregionalvm.com.ar\/noticias-villa-maria\/#\/schema\/person\/a0fb9c422317faca23d50163151bc354"},"breadcrumb":{"@id":"http:\/\/elregionalvm.com.ar\/noticias-villa-maria\/en-la-sede-del-pro-brindaron-una-charla-sobre-el-deporte-como-herramienta-para-promover-el-desarrollo\/#breadcrumb"},"inLanguage":"es","potentialAction":[{"@type":"ReadAction","target":["http:\/\/elregionalvm.com.ar\/noticias-villa-maria\/en-la-sede-del-pro-brindaron-una-charla-sobre-el-deporte-como-herramienta-para-promover-el-desarrollo\/"]}]},{"@type":"ImageObject","inLanguage":"es","@id":"http:\/\/elregionalvm.com.ar\/noticias-villa-maria\/en-la-sede-del-pro-brindaron-una-charla-sobre-el-deporte-como-herramienta-para-promover-el-desarrollo\/#primaryimage","url":"https:\/\/i0.wp.com\/elregionalvm.com.ar\/noticias-villa-maria\/wp-content\/uploads\/2023\/03\/WhatsApp-Image-2023-03-17-at-12.23.00.jpeg?fit=1200%2C1600&ssl=1","contentUrl":"https:\/\/i0.wp.com\/elregionalvm.com.ar\/noticias-villa-maria\/wp-content\/uploads\/2023\/03\/WhatsApp-Image-2023-03-17-at-12.23.00.jpeg?fit=1200%2C1600&ssl=1","width":1200,"height":1600},{"@type":"BreadcrumbList","@id":"http:\/\/elregionalvm.com.ar\/noticias-villa-maria\/en-la-sede-del-pro-brindaron-una-charla-sobre-el-deporte-como-herramienta-para-promover-el-desarrollo\/#breadcrumb","itemListElement":[{"@type":"ListItem","position":1,"name":"Portada","item":"https:\/\/elregionalvm.com.ar\/noticias-villa-maria\/"},{"@type":"ListItem","position":2,"name":"En la sede del PRO brindaron una charla sobre el deporte como herramienta para promover el desarrollo"}]},{"@type":"WebSite","@id":"http:\/\/elregionalvm.com.ar\/noticias-villa-maria\/#website","url":"http:\/\/elregionalvm.com.ar\/noticias-villa-maria\/","name":"El Regional","description":"Mucho m\u00e1s que informaci\u00f3n","potentialAction":[{"@type":"SearchAction","target":{"@type":"EntryPoint","urlTemplate":"http:\/\/elregionalvm.com.ar\/noticias-villa-maria\/?s={search_term_string}"},"query-input":{"@type":"PropertyValueSpecification","valueRequired":true,"valueName":"search_term_string"}}],"inLanguage":"es"},{"@type":"Person","@id":"http:\/\/elregionalvm.com.ar\/noticias-villa-maria\/#\/schema\/person\/a0fb9c422317faca23d50163151bc354","name":"Contenidos El Regional","image":{"@type":"ImageObject","inLanguage":"es","@id":"http:\/\/elregionalvm.com.ar\/noticias-villa-maria\/#\/schema\/person\/image\/","url":"https:\/\/secure.gravatar.com\/avatar\/265b27cb2209af7bb3a1318f03305787d7981a5cc6e6cd08fe5a4ecdf99d4b48?s=96&d=mm&r=g","contentUrl":"https:\/\/secure.gravatar.com\/avatar\/265b27cb2209af7bb3a1318f03305787d7981a5cc6e6cd08fe5a4ecdf99d4b48?s=96&d=mm&r=g","caption":"Contenidos El Regional"},"url":"https:\/\/elregionalvm.com.ar\/noticias-villa-maria\/author\/contenido\/"}]}},"jetpack_featured_media_url":"https:\/\/i0.wp.com\/elregionalvm.com.ar\/noticias-villa-maria\/wp-content\/uploads\/2023\/03\/WhatsApp-Image-2023-03-17-at-12.23.00.jpeg?fit=1200%2C1600&ssl=1","jetpack_sharing_enabled":true,"_links":{"self":[{"href":"https:\/\/elregionalvm.com.ar\/noticias-villa-maria\/wp-json\/wp\/v2\/posts\/73288","targetHints":{"allow":["GET"]}}],"collection":[{"href":"https:\/\/elregionalvm.com.ar\/noticias-villa-maria\/wp-json\/wp\/v2\/posts"}],"about":[{"href":"https:\/\/elregionalvm.com.ar\/noticias-villa-maria\/wp-json\/wp\/v2\/types\/post"}],"author":[{"embeddable":true,"href":"https:\/\/elregionalvm.com.ar\/noticias-villa-maria\/wp-json\/wp\/v2\/users\/4"}],"replies":[{"embeddable":true,"href":"https:\/\/elregionalvm.com.ar\/noticias-villa-maria\/wp-json\/wp\/v2\/comments?post=73288"}],"version-history":[{"count":1,"href":"https:\/\/elregionalvm.com.ar\/noticias-villa-maria\/wp-json\/wp\/v2\/posts\/73288\/revisions"}],"predecessor-version":[{"id":73290,"href":"https:\/\/elregionalvm.com.ar\/noticias-villa-maria\/wp-json\/wp\/v2\/posts\/73288\/revisions\/73290"}],"wp:featuredmedia":[{"embeddable":true,"href":"https:\/\/elregionalvm.com.ar\/noticias-villa-maria\/wp-json\/wp\/v2\/media\/73289"}],"wp:attachment":[{"href":"https:\/\/elregionalvm.com.ar\/noticias-villa-maria\/wp-json\/wp\/v2\/media?parent=73288"}],"wp:term":[{"taxonomy":"category","embeddable":true,"href":"https:\/\/elregionalvm.com.ar\/noticias-villa-maria\/wp-json\/wp\/v2\/categories?post=73288"},{"taxonomy":"post_tag","embeddable":true,"href":"https:\/\/elregionalvm.com.ar\/noticias-villa-maria\/wp-json\/wp\/v2\/tags?post=73288"}],"curies":[{"name":"wp","href":"https:\/\/api.w.org\/{rel}","templated":true}]}}