{"id":73297,"date":"2023-03-17T21:29:19","date_gmt":"2023-03-17T21:29:19","guid":{"rendered":"https:\/\/elregionalvm.com.ar\/noticias-villa-maria\/?p=73297"},"modified":"2023-03-17T21:29:21","modified_gmt":"2023-03-17T21:29:21","slug":"continua-la-maraton-de-fichas-medicas-este-sabado-sera-en-la-asistencia-publica-y-en-los-caps-de-las-acacias-los-olmos-y-la-calera","status":"publish","type":"post","link":"https:\/\/elregionalvm.com.ar\/noticias-villa-maria\/continua-la-maraton-de-fichas-medicas-este-sabado-sera-en-la-asistencia-publica-y-en-los-caps-de-las-acacias-los-olmos-y-la-calera\/","title":{"rendered":"Contin\u00faa la Marat\u00f3n de Fichas M\u00e9dicas: Este s\u00e1bado ser\u00e1 en la Asistencia P\u00fablica y en los CAPS de Las Acacias, Los Olmos y La Calera"},"content":{"rendered":"\n<p>Ma\u00f1ana tendr\u00e1 lugar la tercera edici\u00f3n de la Marat\u00f3n de Fichas M\u00e9dicas, y al igual que en las instancias anteriores, tiene por finalidad brindar una atenci\u00f3n integral e interdisciplinaria para ni\u00f1os, ni\u00f1as y adolescentes, para completar el Certificado \u00danico de Salud (CUS) requerido por las instituciones educativas. <\/p>\n\n\n\n<p>En esta oportunidad, se brindar\u00e1 atenci\u00f3n en la Asistencia P\u00fablica y en los centros de Atenci\u00f3n Primaria de la Salud (CAPS) de barrios Las Acacias, La Calera y Los Olmos.<\/p>\n\n\n\n<p>Una nueva jornada marat\u00f3nica se llevar\u00e1 a cabo este s\u00e1bado, como parte de las pol\u00edticas sanitarias que el municipio impulsa para acompa\u00f1ar el crecimiento del ni\u00f1o y adolescente, y abordar un an\u00e1lisis global y transdisciplinario sobre el entorno donde se desarrolla.<\/p>\n\n\n\n<p>En esta oportunidad, la actividad se desarrollar\u00e1 de manera descentralizada en los siguientes horarios y con turno previo:<\/p>\n\n\n\n<p>Asistencia P\u00fablica: 8:00 a 16:00 horas<br>CAPS Los Olmos: 7:00 a 15:00 horas<br>CAPS La Calera: 8:00 a 12:00 horas<br>CAPS Las Acacias: 8:00 a 14:00 horas<\/p>\n\n\n\n<p>De esta manera, las dependencias sanitarias participar\u00e1n de la marat\u00f3n para reforzar la labor de la Asistencia P\u00fablica, frente a la importante demanda de turnos. En el caso de barrio La Calera, la atenci\u00f3n se realizar\u00e1 por orden de llegada sin necesidad de reservar un turno previamente.<\/p>\n\n\n\n<p>En cuanto a la actividad, se respetar\u00e1 el mismo formato en circuito que se viene desarrollando, donde los ni\u00f1os y adolescentes pasar\u00e1n por los distintos consultorios en los que ser\u00e1n examinados por m\u00e9dicos cl\u00ednicos, odont\u00f3logos y nutricionistas. <\/p>\n\n\n\n<p>Asimismo habr\u00e1 enfermeros encargados de constatar la actualizaci\u00f3n del calendario de vacunaci\u00f3n y aplicar las dosis faltantes, como tambi\u00e9n pasar\u00e1n por una entrevista interdisciplinaria para el an\u00e1lisis integral de los peque\u00f1os y j\u00f3venes.<\/p>\n\n\n\n<p>Cada ni\u00f1o, ni\u00f1a y adolecente deber\u00e1 acercarse junto a un adulto responsable, llevando consigo el CUS con los datos personales completados, carnet de vacunaci\u00f3n y DNI.<\/p>\n","protected":false},"excerpt":{"rendered":"<p>Ma\u00f1ana tendr\u00e1 lugar la tercera edici\u00f3n de la Marat\u00f3n de Fichas M\u00e9dicas, y al igual que en las instancias anteriores, tiene por finalidad brindar una atenci\u00f3n integral e interdisciplinaria para ni\u00f1os, ni\u00f1as y adolescentes, para completar el Certificado \u00danico de Salud (CUS) requerido por las instituciones educativas. En esta oportunidad, se brindar\u00e1 atenci\u00f3n en la [&hellip;]<\/p>\n","protected":false},"author":4,"featured_media":73298,"comment_status":"open","ping_status":"open","sticky":false,"template":"","format":"standard","meta":{"site-sidebar-layout":"default","site-content-layout":"","ast-site-content-layout":"default","site-content-style":"default","site-sidebar-style":"default","ast-global-header-display":"","ast-banner-title-visibility":"","ast-main-header-display":"","ast-hfb-above-header-display":"","ast-hfb-below-header-display":"","ast-hfb-mobile-header-display":"","site-post-title":"","ast-breadcrumbs-content":"","ast-featured-img":"","footer-sml-layout":"","ast-disable-related-posts":"","theme-transparent-header-meta":"","adv-header-id-meta":"","stick-header-meta":"","header-above-stick-meta":"","header-main-stick-meta":"","header-below-stick-meta":"","astra-migrate-meta-layouts":"default","ast-page-background-enabled":"default","ast-page-background-meta":{"desktop":{"background-color":"","background-image":"","background-repeat":"repeat","background-position":"center center","background-size":"auto","background-attachment":"scroll","background-type":"","background-media":"","overlay-type":"","overlay-color":"","overlay-opacity":"","overlay-gradient":""},"tablet":{"background-color":"","background-image":"","background-repeat":"repeat","background-position":"center center","background-size":"auto","background-attachment":"scroll","background-type":"","background-media":"","overlay-type":"","overlay-color":"","overlay-opacity":"","overlay-gradient":""},"mobile":{"background-color":"","background-image":"","background-repeat":"repeat","background-position":"center center","background-size":"auto","background-attachment":"scroll","background-type":"","background-media":"","overlay-type":"","overlay-color":"","overlay-opacity":"","overlay-gradient":""}},"ast-content-background-meta":{"desktop":{"background-color":"var(--ast-global-color-5)","background-image":"","background-repeat":"repeat","background-position":"center center","background-size":"auto","background-attachment":"scroll","background-type":"","background-media":"","overlay-type":"","overlay-color":"","overlay-opacity":"","overlay-gradient":""},"tablet":{"background-color":"var(--ast-global-color-5)","background-image":"","background-repeat":"repeat","background-position":"center center","background-size":"auto","background-attachment":"scroll","background-type":"","background-media":"","overlay-type":"","overlay-color":"","overlay-opacity":"","overlay-gradient":""},"mobile":{"background-color":"var(--ast-global-color-5)","background-image":"","background-repeat":"repeat","background-position":"center center","background-size":"auto","background-attachment":"scroll","background-type":"","background-media":"","overlay-type":"","overlay-color":"","overlay-opacity":"","overlay-gradient":""}},"_jetpack_memberships_contains_paid_content":false,"_joinchat":[],"footnotes":""},"categories":[9869,15302,5,2],"tags":[],"class_list":["post-73297","post","type-post","status-publish","format-standard","has-post-thumbnail","hentry","category-buena-vida","category-destacado","category-sociedad","category-villa-maria"],"yoast_head":"<!-- This site is optimized with the Yoast SEO plugin v26.8 - https:\/\/yoast.com\/product\/yoast-seo-wordpress\/ -->\n<title>Contin\u00faa la Marat\u00f3n de Fichas M\u00e9dicas: Este s\u00e1bado ser\u00e1 en la Asistencia P\u00fablica y en los CAPS de Las Acacias, Los Olmos y La Calera - El Regional<\/title>\n<meta name=\"robots\" content=\"index, follow, max-snippet:-1, max-image-preview:large, max-video-preview:-1\" \/>\n<link rel=\"canonical\" href=\"http:\/\/elregionalvm.com.ar\/noticias-villa-maria\/continua-la-maraton-de-fichas-medicas-este-sabado-sera-en-la-asistencia-publica-y-en-los-caps-de-las-acacias-los-olmos-y-la-calera\/\" \/>\n<meta property=\"og:locale\" content=\"es_ES\" \/>\n<meta property=\"og:type\" content=\"article\" \/>\n<meta property=\"og:title\" content=\"Contin\u00faa la Marat\u00f3n de Fichas M\u00e9dicas: Este s\u00e1bado ser\u00e1 en la Asistencia P\u00fablica y en los CAPS de Las Acacias, Los Olmos y La Calera - El Regional\" \/>\n<meta property=\"og:description\" content=\"Ma\u00f1ana tendr\u00e1 lugar la tercera edici\u00f3n de la Marat\u00f3n de Fichas M\u00e9dicas, y al igual que en las instancias anteriores, tiene por finalidad brindar una atenci\u00f3n integral e interdisciplinaria para ni\u00f1os, ni\u00f1as y adolescentes, para completar el Certificado \u00danico de Salud (CUS) requerido por las instituciones educativas. En esta oportunidad, se brindar\u00e1 atenci\u00f3n en la [&hellip;]\" \/>\n<meta property=\"og:url\" content=\"http:\/\/elregionalvm.com.ar\/noticias-villa-maria\/continua-la-maraton-de-fichas-medicas-este-sabado-sera-en-la-asistencia-publica-y-en-los-caps-de-las-acacias-los-olmos-y-la-calera\/\" \/>\n<meta property=\"og:site_name\" content=\"El Regional\" \/>\n<meta property=\"article:publisher\" content=\"https:\/\/www.facebook.com\/elregionalvm\" \/>\n<meta property=\"article:published_time\" content=\"2023-03-17T21:29:19+00:00\" \/>\n<meta property=\"article:modified_time\" content=\"2023-03-17T21:29:21+00:00\" \/>\n<meta property=\"og:image\" content=\"http:\/\/elregionalvm.com.ar\/noticias-villa-maria\/wp-content\/uploads\/2023\/03\/WhatsApp-Image-2023-03-17-at-11.59.39.jpeg\" \/>\n\t<meta property=\"og:image:width\" content=\"1600\" \/>\n\t<meta property=\"og:image:height\" content=\"1066\" \/>\n\t<meta property=\"og:image:type\" content=\"image\/jpeg\" \/>\n<meta name=\"author\" content=\"Contenidos El Regional\" \/>\n<meta name=\"twitter:card\" content=\"summary_large_image\" \/>\n<meta name=\"twitter:creator\" content=\"@elregionalvm1\" \/>\n<meta name=\"twitter:site\" content=\"@elregionalvm1\" \/>\n<meta name=\"twitter:label1\" content=\"Escrito por\" \/>\n\t<meta name=\"twitter:data1\" content=\"Contenidos El Regional\" \/>\n\t<meta name=\"twitter:label2\" content=\"Tiempo de lectura\" \/>\n\t<meta name=\"twitter:data2\" content=\"2 minutos\" \/>\n<script type=\"application\/ld+json\" class=\"yoast-schema-graph\">{\"@context\":\"https:\/\/schema.org\",\"@graph\":[{\"@type\":\"Article\",\"@id\":\"http:\/\/elregionalvm.com.ar\/noticias-villa-maria\/continua-la-maraton-de-fichas-medicas-este-sabado-sera-en-la-asistencia-publica-y-en-los-caps-de-las-acacias-los-olmos-y-la-calera\/#article\",\"isPartOf\":{\"@id\":\"http:\/\/elregionalvm.com.ar\/noticias-villa-maria\/continua-la-maraton-de-fichas-medicas-este-sabado-sera-en-la-asistencia-publica-y-en-los-caps-de-las-acacias-los-olmos-y-la-calera\/\"},\"author\":{\"name\":\"Contenidos El Regional\",\"@id\":\"http:\/\/elregionalvm.com.ar\/noticias-villa-maria\/#\/schema\/person\/a0fb9c422317faca23d50163151bc354\"},\"headline\":\"Contin\u00faa la Marat\u00f3n de Fichas M\u00e9dicas: Este s\u00e1bado ser\u00e1 en la Asistencia P\u00fablica y en los CAPS de Las Acacias, Los Olmos y La Calera\",\"datePublished\":\"2023-03-17T21:29:19+00:00\",\"dateModified\":\"2023-03-17T21:29:21+00:00\",\"mainEntityOfPage\":{\"@id\":\"http:\/\/elregionalvm.com.ar\/noticias-villa-maria\/continua-la-maraton-de-fichas-medicas-este-sabado-sera-en-la-asistencia-publica-y-en-los-caps-de-las-acacias-los-olmos-y-la-calera\/\"},\"wordCount\":362,\"commentCount\":0,\"image\":{\"@id\":\"http:\/\/elregionalvm.com.ar\/noticias-villa-maria\/continua-la-maraton-de-fichas-medicas-este-sabado-sera-en-la-asistencia-publica-y-en-los-caps-de-las-acacias-los-olmos-y-la-calera\/#primaryimage\"},\"thumbnailUrl\":\"https:\/\/i0.wp.com\/elregionalvm.com.ar\/noticias-villa-maria\/wp-content\/uploads\/2023\/03\/WhatsApp-Image-2023-03-17-at-11.59.39.jpeg?fit=1600%2C1066&ssl=1\",\"articleSection\":[\"Buena vida\",\"destacado\",\"Sociedad\",\"Villa Mar\u00eda\"],\"inLanguage\":\"es\",\"potentialAction\":[{\"@type\":\"CommentAction\",\"name\":\"Comment\",\"target\":[\"http:\/\/elregionalvm.com.ar\/noticias-villa-maria\/continua-la-maraton-de-fichas-medicas-este-sabado-sera-en-la-asistencia-publica-y-en-los-caps-de-las-acacias-los-olmos-y-la-calera\/#respond\"]}]},{\"@type\":\"WebPage\",\"@id\":\"http:\/\/elregionalvm.com.ar\/noticias-villa-maria\/continua-la-maraton-de-fichas-medicas-este-sabado-sera-en-la-asistencia-publica-y-en-los-caps-de-las-acacias-los-olmos-y-la-calera\/\",\"url\":\"http:\/\/elregionalvm.com.ar\/noticias-villa-maria\/continua-la-maraton-de-fichas-medicas-este-sabado-sera-en-la-asistencia-publica-y-en-los-caps-de-las-acacias-los-olmos-y-la-calera\/\",\"name\":\"Contin\u00faa la Marat\u00f3n de Fichas M\u00e9dicas: Este s\u00e1bado ser\u00e1 en la Asistencia P\u00fablica y en los CAPS de Las Acacias, Los Olmos y La Calera - El Regional\",\"isPartOf\":{\"@id\":\"http:\/\/elregionalvm.com.ar\/noticias-villa-maria\/#website\"},\"primaryImageOfPage\":{\"@id\":\"http:\/\/elregionalvm.com.ar\/noticias-villa-maria\/continua-la-maraton-de-fichas-medicas-este-sabado-sera-en-la-asistencia-publica-y-en-los-caps-de-las-acacias-los-olmos-y-la-calera\/#primaryimage\"},\"image\":{\"@id\":\"http:\/\/elregionalvm.com.ar\/noticias-villa-maria\/continua-la-maraton-de-fichas-medicas-este-sabado-sera-en-la-asistencia-publica-y-en-los-caps-de-las-acacias-los-olmos-y-la-calera\/#primaryimage\"},\"thumbnailUrl\":\"https:\/\/i0.wp.com\/elregionalvm.com.ar\/noticias-villa-maria\/wp-content\/uploads\/2023\/03\/WhatsApp-Image-2023-03-17-at-11.59.39.jpeg?fit=1600%2C1066&ssl=1\",\"datePublished\":\"2023-03-17T21:29:19+00:00\",\"dateModified\":\"2023-03-17T21:29:21+00:00\",\"author\":{\"@id\":\"http:\/\/elregionalvm.com.ar\/noticias-villa-maria\/#\/schema\/person\/a0fb9c422317faca23d50163151bc354\"},\"breadcrumb\":{\"@id\":\"http:\/\/elregionalvm.com.ar\/noticias-villa-maria\/continua-la-maraton-de-fichas-medicas-este-sabado-sera-en-la-asistencia-publica-y-en-los-caps-de-las-acacias-los-olmos-y-la-calera\/#breadcrumb\"},\"inLanguage\":\"es\",\"potentialAction\":[{\"@type\":\"ReadAction\",\"target\":[\"http:\/\/elregionalvm.com.ar\/noticias-villa-maria\/continua-la-maraton-de-fichas-medicas-este-sabado-sera-en-la-asistencia-publica-y-en-los-caps-de-las-acacias-los-olmos-y-la-calera\/\"]}]},{\"@type\":\"ImageObject\",\"inLanguage\":\"es\",\"@id\":\"http:\/\/elregionalvm.com.ar\/noticias-villa-maria\/continua-la-maraton-de-fichas-medicas-este-sabado-sera-en-la-asistencia-publica-y-en-los-caps-de-las-acacias-los-olmos-y-la-calera\/#primaryimage\",\"url\":\"https:\/\/i0.wp.com\/elregionalvm.com.ar\/noticias-villa-maria\/wp-content\/uploads\/2023\/03\/WhatsApp-Image-2023-03-17-at-11.59.39.jpeg?fit=1600%2C1066&ssl=1\",\"contentUrl\":\"https:\/\/i0.wp.com\/elregionalvm.com.ar\/noticias-villa-maria\/wp-content\/uploads\/2023\/03\/WhatsApp-Image-2023-03-17-at-11.59.39.jpeg?fit=1600%2C1066&ssl=1\",\"width\":1600,\"height\":1066},{\"@type\":\"BreadcrumbList\",\"@id\":\"http:\/\/elregionalvm.com.ar\/noticias-villa-maria\/continua-la-maraton-de-fichas-medicas-este-sabado-sera-en-la-asistencia-publica-y-en-los-caps-de-las-acacias-los-olmos-y-la-calera\/#breadcrumb\",\"itemListElement\":[{\"@type\":\"ListItem\",\"position\":1,\"name\":\"Portada\",\"item\":\"https:\/\/elregionalvm.com.ar\/noticias-villa-maria\/\"},{\"@type\":\"ListItem\",\"position\":2,\"name\":\"Contin\u00faa la Marat\u00f3n de Fichas M\u00e9dicas: Este s\u00e1bado ser\u00e1 en la Asistencia P\u00fablica y en los CAPS de Las Acacias, Los Olmos y La Calera\"}]},{\"@type\":\"WebSite\",\"@id\":\"http:\/\/elregionalvm.com.ar\/noticias-villa-maria\/#website\",\"url\":\"http:\/\/elregionalvm.com.ar\/noticias-villa-maria\/\",\"name\":\"El Regional\",\"description\":\"Mucho m\u00e1s que informaci\u00f3n\",\"potentialAction\":[{\"@type\":\"SearchAction\",\"target\":{\"@type\":\"EntryPoint\",\"urlTemplate\":\"http:\/\/elregionalvm.com.ar\/noticias-villa-maria\/?s={search_term_string}\"},\"query-input\":{\"@type\":\"PropertyValueSpecification\",\"valueRequired\":true,\"valueName\":\"search_term_string\"}}],\"inLanguage\":\"es\"},{\"@type\":\"Person\",\"@id\":\"http:\/\/elregionalvm.com.ar\/noticias-villa-maria\/#\/schema\/person\/a0fb9c422317faca23d50163151bc354\",\"name\":\"Contenidos El Regional\",\"image\":{\"@type\":\"ImageObject\",\"inLanguage\":\"es\",\"@id\":\"http:\/\/elregionalvm.com.ar\/noticias-villa-maria\/#\/schema\/person\/image\/\",\"url\":\"https:\/\/secure.gravatar.com\/avatar\/265b27cb2209af7bb3a1318f03305787d7981a5cc6e6cd08fe5a4ecdf99d4b48?s=96&d=mm&r=g\",\"contentUrl\":\"https:\/\/secure.gravatar.com\/avatar\/265b27cb2209af7bb3a1318f03305787d7981a5cc6e6cd08fe5a4ecdf99d4b48?s=96&d=mm&r=g\",\"caption\":\"Contenidos El Regional\"},\"url\":\"https:\/\/elregionalvm.com.ar\/noticias-villa-maria\/author\/contenido\/\"}]}<\/script>\n<!-- \/ Yoast SEO plugin. -->","yoast_head_json":{"title":"Contin\u00faa la Marat\u00f3n de Fichas M\u00e9dicas: Este s\u00e1bado ser\u00e1 en la Asistencia P\u00fablica y en los CAPS de Las Acacias, Los Olmos y La Calera - El Regional","robots":{"index":"index","follow":"follow","max-snippet":"max-snippet:-1","max-image-preview":"max-image-preview:large","max-video-preview":"max-video-preview:-1"},"canonical":"http:\/\/elregionalvm.com.ar\/noticias-villa-maria\/continua-la-maraton-de-fichas-medicas-este-sabado-sera-en-la-asistencia-publica-y-en-los-caps-de-las-acacias-los-olmos-y-la-calera\/","og_locale":"es_ES","og_type":"article","og_title":"Contin\u00faa la Marat\u00f3n de Fichas M\u00e9dicas: Este s\u00e1bado ser\u00e1 en la Asistencia P\u00fablica y en los CAPS de Las Acacias, Los Olmos y La Calera - El Regional","og_description":"Ma\u00f1ana tendr\u00e1 lugar la tercera edici\u00f3n de la Marat\u00f3n de Fichas M\u00e9dicas, y al igual que en las instancias anteriores, tiene por finalidad brindar una atenci\u00f3n integral e interdisciplinaria para ni\u00f1os, ni\u00f1as y adolescentes, para completar el Certificado \u00danico de Salud (CUS) requerido por las instituciones educativas. En esta oportunidad, se brindar\u00e1 atenci\u00f3n en la [&hellip;]","og_url":"http:\/\/elregionalvm.com.ar\/noticias-villa-maria\/continua-la-maraton-de-fichas-medicas-este-sabado-sera-en-la-asistencia-publica-y-en-los-caps-de-las-acacias-los-olmos-y-la-calera\/","og_site_name":"El Regional","article_publisher":"https:\/\/www.facebook.com\/elregionalvm","article_published_time":"2023-03-17T21:29:19+00:00","article_modified_time":"2023-03-17T21:29:21+00:00","og_image":[{"width":1600,"height":1066,"url":"http:\/\/elregionalvm.com.ar\/noticias-villa-maria\/wp-content\/uploads\/2023\/03\/WhatsApp-Image-2023-03-17-at-11.59.39.jpeg","type":"image\/jpeg"}],"author":"Contenidos El Regional","twitter_card":"summary_large_image","twitter_creator":"@elregionalvm1","twitter_site":"@elregionalvm1","twitter_misc":{"Escrito por":"Contenidos El Regional","Tiempo de lectura":"2 minutos"},"schema":{"@context":"https:\/\/schema.org","@graph":[{"@type":"Article","@id":"http:\/\/elregionalvm.com.ar\/noticias-villa-maria\/continua-la-maraton-de-fichas-medicas-este-sabado-sera-en-la-asistencia-publica-y-en-los-caps-de-las-acacias-los-olmos-y-la-calera\/#article","isPartOf":{"@id":"http:\/\/elregionalvm.com.ar\/noticias-villa-maria\/continua-la-maraton-de-fichas-medicas-este-sabado-sera-en-la-asistencia-publica-y-en-los-caps-de-las-acacias-los-olmos-y-la-calera\/"},"author":{"name":"Contenidos El Regional","@id":"http:\/\/elregionalvm.com.ar\/noticias-villa-maria\/#\/schema\/person\/a0fb9c422317faca23d50163151bc354"},"headline":"Contin\u00faa la Marat\u00f3n de Fichas M\u00e9dicas: Este s\u00e1bado ser\u00e1 en la Asistencia P\u00fablica y en los CAPS de Las Acacias, Los Olmos y La Calera","datePublished":"2023-03-17T21:29:19+00:00","dateModified":"2023-03-17T21:29:21+00:00","mainEntityOfPage":{"@id":"http:\/\/elregionalvm.com.ar\/noticias-villa-maria\/continua-la-maraton-de-fichas-medicas-este-sabado-sera-en-la-asistencia-publica-y-en-los-caps-de-las-acacias-los-olmos-y-la-calera\/"},"wordCount":362,"commentCount":0,"image":{"@id":"http:\/\/elregionalvm.com.ar\/noticias-villa-maria\/continua-la-maraton-de-fichas-medicas-este-sabado-sera-en-la-asistencia-publica-y-en-los-caps-de-las-acacias-los-olmos-y-la-calera\/#primaryimage"},"thumbnailUrl":"https:\/\/i0.wp.com\/elregionalvm.com.ar\/noticias-villa-maria\/wp-content\/uploads\/2023\/03\/WhatsApp-Image-2023-03-17-at-11.59.39.jpeg?fit=1600%2C1066&ssl=1","articleSection":["Buena vida","destacado","Sociedad","Villa Mar\u00eda"],"inLanguage":"es","potentialAction":[{"@type":"CommentAction","name":"Comment","target":["http:\/\/elregionalvm.com.ar\/noticias-villa-maria\/continua-la-maraton-de-fichas-medicas-este-sabado-sera-en-la-asistencia-publica-y-en-los-caps-de-las-acacias-los-olmos-y-la-calera\/#respond"]}]},{"@type":"WebPage","@id":"http:\/\/elregionalvm.com.ar\/noticias-villa-maria\/continua-la-maraton-de-fichas-medicas-este-sabado-sera-en-la-asistencia-publica-y-en-los-caps-de-las-acacias-los-olmos-y-la-calera\/","url":"http:\/\/elregionalvm.com.ar\/noticias-villa-maria\/continua-la-maraton-de-fichas-medicas-este-sabado-sera-en-la-asistencia-publica-y-en-los-caps-de-las-acacias-los-olmos-y-la-calera\/","name":"Contin\u00faa la Marat\u00f3n de Fichas M\u00e9dicas: Este s\u00e1bado ser\u00e1 en la Asistencia P\u00fablica y en los CAPS de Las Acacias, Los Olmos y La Calera - El Regional","isPartOf":{"@id":"http:\/\/elregionalvm.com.ar\/noticias-villa-maria\/#website"},"primaryImageOfPage":{"@id":"http:\/\/elregionalvm.com.ar\/noticias-villa-maria\/continua-la-maraton-de-fichas-medicas-este-sabado-sera-en-la-asistencia-publica-y-en-los-caps-de-las-acacias-los-olmos-y-la-calera\/#primaryimage"},"image":{"@id":"http:\/\/elregionalvm.com.ar\/noticias-villa-maria\/continua-la-maraton-de-fichas-medicas-este-sabado-sera-en-la-asistencia-publica-y-en-los-caps-de-las-acacias-los-olmos-y-la-calera\/#primaryimage"},"thumbnailUrl":"https:\/\/i0.wp.com\/elregionalvm.com.ar\/noticias-villa-maria\/wp-content\/uploads\/2023\/03\/WhatsApp-Image-2023-03-17-at-11.59.39.jpeg?fit=1600%2C1066&ssl=1","datePublished":"2023-03-17T21:29:19+00:00","dateModified":"2023-03-17T21:29:21+00:00","author":{"@id":"http:\/\/elregionalvm.com.ar\/noticias-villa-maria\/#\/schema\/person\/a0fb9c422317faca23d50163151bc354"},"breadcrumb":{"@id":"http:\/\/elregionalvm.com.ar\/noticias-villa-maria\/continua-la-maraton-de-fichas-medicas-este-sabado-sera-en-la-asistencia-publica-y-en-los-caps-de-las-acacias-los-olmos-y-la-calera\/#breadcrumb"},"inLanguage":"es","potentialAction":[{"@type":"ReadAction","target":["http:\/\/elregionalvm.com.ar\/noticias-villa-maria\/continua-la-maraton-de-fichas-medicas-este-sabado-sera-en-la-asistencia-publica-y-en-los-caps-de-las-acacias-los-olmos-y-la-calera\/"]}]},{"@type":"ImageObject","inLanguage":"es","@id":"http:\/\/elregionalvm.com.ar\/noticias-villa-maria\/continua-la-maraton-de-fichas-medicas-este-sabado-sera-en-la-asistencia-publica-y-en-los-caps-de-las-acacias-los-olmos-y-la-calera\/#primaryimage","url":"https:\/\/i0.wp.com\/elregionalvm.com.ar\/noticias-villa-maria\/wp-content\/uploads\/2023\/03\/WhatsApp-Image-2023-03-17-at-11.59.39.jpeg?fit=1600%2C1066&ssl=1","contentUrl":"https:\/\/i0.wp.com\/elregionalvm.com.ar\/noticias-villa-maria\/wp-content\/uploads\/2023\/03\/WhatsApp-Image-2023-03-17-at-11.59.39.jpeg?fit=1600%2C1066&ssl=1","width":1600,"height":1066},{"@type":"BreadcrumbList","@id":"http:\/\/elregionalvm.com.ar\/noticias-villa-maria\/continua-la-maraton-de-fichas-medicas-este-sabado-sera-en-la-asistencia-publica-y-en-los-caps-de-las-acacias-los-olmos-y-la-calera\/#breadcrumb","itemListElement":[{"@type":"ListItem","position":1,"name":"Portada","item":"https:\/\/elregionalvm.com.ar\/noticias-villa-maria\/"},{"@type":"ListItem","position":2,"name":"Contin\u00faa la Marat\u00f3n de Fichas M\u00e9dicas: Este s\u00e1bado ser\u00e1 en la Asistencia P\u00fablica y en los CAPS de Las Acacias, Los Olmos y La Calera"}]},{"@type":"WebSite","@id":"http:\/\/elregionalvm.com.ar\/noticias-villa-maria\/#website","url":"http:\/\/elregionalvm.com.ar\/noticias-villa-maria\/","name":"El Regional","description":"Mucho m\u00e1s que informaci\u00f3n","potentialAction":[{"@type":"SearchAction","target":{"@type":"EntryPoint","urlTemplate":"http:\/\/elregionalvm.com.ar\/noticias-villa-maria\/?s={search_term_string}"},"query-input":{"@type":"PropertyValueSpecification","valueRequired":true,"valueName":"search_term_string"}}],"inLanguage":"es"},{"@type":"Person","@id":"http:\/\/elregionalvm.com.ar\/noticias-villa-maria\/#\/schema\/person\/a0fb9c422317faca23d50163151bc354","name":"Contenidos El Regional","image":{"@type":"ImageObject","inLanguage":"es","@id":"http:\/\/elregionalvm.com.ar\/noticias-villa-maria\/#\/schema\/person\/image\/","url":"https:\/\/secure.gravatar.com\/avatar\/265b27cb2209af7bb3a1318f03305787d7981a5cc6e6cd08fe5a4ecdf99d4b48?s=96&d=mm&r=g","contentUrl":"https:\/\/secure.gravatar.com\/avatar\/265b27cb2209af7bb3a1318f03305787d7981a5cc6e6cd08fe5a4ecdf99d4b48?s=96&d=mm&r=g","caption":"Contenidos El Regional"},"url":"https:\/\/elregionalvm.com.ar\/noticias-villa-maria\/author\/contenido\/"}]}},"jetpack_featured_media_url":"https:\/\/i0.wp.com\/elregionalvm.com.ar\/noticias-villa-maria\/wp-content\/uploads\/2023\/03\/WhatsApp-Image-2023-03-17-at-11.59.39.jpeg?fit=1600%2C1066&ssl=1","jetpack_sharing_enabled":true,"_links":{"self":[{"href":"https:\/\/elregionalvm.com.ar\/noticias-villa-maria\/wp-json\/wp\/v2\/posts\/73297","targetHints":{"allow":["GET"]}}],"collection":[{"href":"https:\/\/elregionalvm.com.ar\/noticias-villa-maria\/wp-json\/wp\/v2\/posts"}],"about":[{"href":"https:\/\/elregionalvm.com.ar\/noticias-villa-maria\/wp-json\/wp\/v2\/types\/post"}],"author":[{"embeddable":true,"href":"https:\/\/elregionalvm.com.ar\/noticias-villa-maria\/wp-json\/wp\/v2\/users\/4"}],"replies":[{"embeddable":true,"href":"https:\/\/elregionalvm.com.ar\/noticias-villa-maria\/wp-json\/wp\/v2\/comments?post=73297"}],"version-history":[{"count":1,"href":"https:\/\/elregionalvm.com.ar\/noticias-villa-maria\/wp-json\/wp\/v2\/posts\/73297\/revisions"}],"predecessor-version":[{"id":73299,"href":"https:\/\/elregionalvm.com.ar\/noticias-villa-maria\/wp-json\/wp\/v2\/posts\/73297\/revisions\/73299"}],"wp:featuredmedia":[{"embeddable":true,"href":"https:\/\/elregionalvm.com.ar\/noticias-villa-maria\/wp-json\/wp\/v2\/media\/73298"}],"wp:attachment":[{"href":"https:\/\/elregionalvm.com.ar\/noticias-villa-maria\/wp-json\/wp\/v2\/media?parent=73297"}],"wp:term":[{"taxonomy":"category","embeddable":true,"href":"https:\/\/elregionalvm.com.ar\/noticias-villa-maria\/wp-json\/wp\/v2\/categories?post=73297"},{"taxonomy":"post_tag","embeddable":true,"href":"https:\/\/elregionalvm.com.ar\/noticias-villa-maria\/wp-json\/wp\/v2\/tags?post=73297"}],"curies":[{"name":"wp","href":"https:\/\/api.w.org\/{rel}","templated":true}]}}