{"id":73307,"date":"2023-03-17T21:49:00","date_gmt":"2023-03-17T21:49:00","guid":{"rendered":"https:\/\/elregionalvm.com.ar\/noticias-villa-maria\/?p=73307"},"modified":"2023-03-18T02:22:59","modified_gmt":"2023-03-18T02:22:59","slug":"un-hombre-resulto-detenido-por-haber-cometido-varios-hechos-de-robos-en-distintos-barrios-de-las-dos-villas","status":"publish","type":"post","link":"https:\/\/elregionalvm.com.ar\/noticias-villa-maria\/un-hombre-resulto-detenido-por-haber-cometido-varios-hechos-de-robos-en-distintos-barrios-de-las-dos-villas\/","title":{"rendered":"Un hombre result\u00f3 detenido por haber cometido varios robos en las dos villas"},"content":{"rendered":"\n<p>En horas de la ma\u00f1ana de la fecha, personal de la Divisi\u00f3n Investigaciones de esta Unidad Departamental cumpliment\u00f3 Orden Judicial de Allanamiento en una vivienda de barrio San Antonio de la ciudad de Villa Nueva, en calle Chacabuco al 1200, de acuerdo a lo solicitado por la Fiscal\u00eda de Instrucci\u00f3n de Segundo Turno a cargo de la Dra. Juliana Companys, Sec. Dra. Evelyn Lione.<\/p>\n\n\n\n<p>En la ocasi\u00f3n se obtuvo resultado positivo ya que se procedi\u00f3 a materializar la detenci\u00f3n de un hombre de 30 a\u00f1os de edad por supuesto autor de los delitos de \u201cRobo Calificado por el uso de arma de fuego en grado de Tentativa\u201d (tres hechos), y \u201cRobo\u201d (un hecho); y adem\u00e1s se procedi\u00f3 al secuestro de diferentes prendas de vestir.<\/p>\n\n\n\n<p>Todo ello relacionado a que este hombre, junto a otro que ya se encuentra privado de su libertad por haber resultado detenido en procedimiento policial anterior de acuerdo a lo dispuesto por directivas de la autoridad judicial correspondiente.<\/p>\n\n\n\n<p> Cometieron cuatro hechos delictivos ocurridos el pasado 6 de Febrero del corriente a\u00f1o, en un raid consumado entre las ciudades de Villa Mar\u00eda y Villa Nueva, en el que resultaron damnificados vecinos de los barrios Las Playas, San Juan Bautista, Zona Rural y Master-Plan Villa Nueva.<\/p>\n\n\n\n<p>Se labran actuaciones con intervenci\u00f3n de la Fiscal\u00eda de Instrucci\u00f3n interviniente.<\/p>\n","protected":false},"excerpt":{"rendered":"<p>En horas de la ma\u00f1ana de la fecha, personal de la Divisi\u00f3n Investigaciones de esta Unidad Departamental cumpliment\u00f3 Orden Judicial de Allanamiento en una vivienda de barrio San Antonio de la ciudad de Villa Nueva, en calle Chacabuco al 1200, de acuerdo a lo solicitado por la Fiscal\u00eda de Instrucci\u00f3n de Segundo Turno a cargo [&hellip;]<\/p>\n","protected":false},"author":4,"featured_media":73308,"comment_status":"open","ping_status":"open","sticky":false,"template":"","format":"standard","meta":{"site-sidebar-layout":"default","site-content-layout":"","ast-site-content-layout":"default","site-content-style":"default","site-sidebar-style":"default","ast-global-header-display":"","ast-banner-title-visibility":"","ast-main-header-display":"","ast-hfb-above-header-display":"","ast-hfb-below-header-display":"","ast-hfb-mobile-header-display":"","site-post-title":"","ast-breadcrumbs-content":"","ast-featured-img":"","footer-sml-layout":"","ast-disable-related-posts":"","theme-transparent-header-meta":"","adv-header-id-meta":"","stick-header-meta":"","header-above-stick-meta":"","header-main-stick-meta":"","header-below-stick-meta":"","astra-migrate-meta-layouts":"default","ast-page-background-enabled":"default","ast-page-background-meta":{"desktop":{"background-color":"","background-image":"","background-repeat":"repeat","background-position":"center center","background-size":"auto","background-attachment":"scroll","background-type":"","background-media":"","overlay-type":"","overlay-color":"","overlay-opacity":"","overlay-gradient":""},"tablet":{"background-color":"","background-image":"","background-repeat":"repeat","background-position":"center center","background-size":"auto","background-attachment":"scroll","background-type":"","background-media":"","overlay-type":"","overlay-color":"","overlay-opacity":"","overlay-gradient":""},"mobile":{"background-color":"","background-image":"","background-repeat":"repeat","background-position":"center center","background-size":"auto","background-attachment":"scroll","background-type":"","background-media":"","overlay-type":"","overlay-color":"","overlay-opacity":"","overlay-gradient":""}},"ast-content-background-meta":{"desktop":{"background-color":"var(--ast-global-color-5)","background-image":"","background-repeat":"repeat","background-position":"center center","background-size":"auto","background-attachment":"scroll","background-type":"","background-media":"","overlay-type":"","overlay-color":"","overlay-opacity":"","overlay-gradient":""},"tablet":{"background-color":"var(--ast-global-color-5)","background-image":"","background-repeat":"repeat","background-position":"center center","background-size":"auto","background-attachment":"scroll","background-type":"","background-media":"","overlay-type":"","overlay-color":"","overlay-opacity":"","overlay-gradient":""},"mobile":{"background-color":"var(--ast-global-color-5)","background-image":"","background-repeat":"repeat","background-position":"center center","background-size":"auto","background-attachment":"scroll","background-type":"","background-media":"","overlay-type":"","overlay-color":"","overlay-opacity":"","overlay-gradient":""}},"_jetpack_memberships_contains_paid_content":false,"_joinchat":[],"footnotes":""},"categories":[2234,2,1408],"tags":[],"class_list":["post-73307","post","type-post","status-publish","format-standard","has-post-thumbnail","hentry","category-policiales","category-villa-maria","category-villa-nueva"],"yoast_head":"<!-- This site is optimized with the Yoast SEO plugin v26.8 - https:\/\/yoast.com\/product\/yoast-seo-wordpress\/ -->\n<title>Un hombre result\u00f3 detenido por haber cometido varios robos en las dos villas - El Regional<\/title>\n<meta name=\"robots\" content=\"index, follow, max-snippet:-1, max-image-preview:large, max-video-preview:-1\" \/>\n<link rel=\"canonical\" href=\"http:\/\/elregionalvm.com.ar\/noticias-villa-maria\/un-hombre-resulto-detenido-por-haber-cometido-varios-hechos-de-robos-en-distintos-barrios-de-las-dos-villas\/\" \/>\n<meta property=\"og:locale\" content=\"es_ES\" \/>\n<meta property=\"og:type\" content=\"article\" \/>\n<meta property=\"og:title\" content=\"Un hombre result\u00f3 detenido por haber cometido varios robos en las dos villas - El Regional\" \/>\n<meta property=\"og:description\" content=\"En horas de la ma\u00f1ana de la fecha, personal de la Divisi\u00f3n Investigaciones de esta Unidad Departamental cumpliment\u00f3 Orden Judicial de Allanamiento en una vivienda de barrio San Antonio de la ciudad de Villa Nueva, en calle Chacabuco al 1200, de acuerdo a lo solicitado por la Fiscal\u00eda de Instrucci\u00f3n de Segundo Turno a cargo [&hellip;]\" \/>\n<meta property=\"og:url\" content=\"http:\/\/elregionalvm.com.ar\/noticias-villa-maria\/un-hombre-resulto-detenido-por-haber-cometido-varios-hechos-de-robos-en-distintos-barrios-de-las-dos-villas\/\" \/>\n<meta property=\"og:site_name\" content=\"El Regional\" \/>\n<meta property=\"article:publisher\" content=\"https:\/\/www.facebook.com\/elregionalvm\" \/>\n<meta property=\"article:published_time\" content=\"2023-03-17T21:49:00+00:00\" \/>\n<meta property=\"article:modified_time\" content=\"2023-03-18T02:22:59+00:00\" \/>\n<meta property=\"og:image\" content=\"http:\/\/elregionalvm.com.ar\/noticias-villa-maria\/wp-content\/uploads\/2023\/03\/WhatsApp-Image-2023-03-17-at-16.24.32.jpeg\" \/>\n\t<meta property=\"og:image:width\" content=\"575\" \/>\n\t<meta property=\"og:image:height\" content=\"1280\" \/>\n\t<meta property=\"og:image:type\" content=\"image\/jpeg\" \/>\n<meta name=\"author\" content=\"Contenidos El Regional\" \/>\n<meta name=\"twitter:card\" content=\"summary_large_image\" \/>\n<meta name=\"twitter:creator\" content=\"@elregionalvm1\" \/>\n<meta name=\"twitter:site\" content=\"@elregionalvm1\" \/>\n<meta name=\"twitter:label1\" content=\"Escrito por\" \/>\n\t<meta name=\"twitter:data1\" content=\"Contenidos El Regional\" \/>\n\t<meta name=\"twitter:label2\" content=\"Tiempo de lectura\" \/>\n\t<meta name=\"twitter:data2\" content=\"2 minutos\" \/>\n<script type=\"application\/ld+json\" class=\"yoast-schema-graph\">{\"@context\":\"https:\/\/schema.org\",\"@graph\":[{\"@type\":\"Article\",\"@id\":\"http:\/\/elregionalvm.com.ar\/noticias-villa-maria\/un-hombre-resulto-detenido-por-haber-cometido-varios-hechos-de-robos-en-distintos-barrios-de-las-dos-villas\/#article\",\"isPartOf\":{\"@id\":\"http:\/\/elregionalvm.com.ar\/noticias-villa-maria\/un-hombre-resulto-detenido-por-haber-cometido-varios-hechos-de-robos-en-distintos-barrios-de-las-dos-villas\/\"},\"author\":{\"name\":\"Contenidos El Regional\",\"@id\":\"http:\/\/elregionalvm.com.ar\/noticias-villa-maria\/#\/schema\/person\/a0fb9c422317faca23d50163151bc354\"},\"headline\":\"Un hombre result\u00f3 detenido por haber cometido varios robos en las dos villas\",\"datePublished\":\"2023-03-17T21:49:00+00:00\",\"dateModified\":\"2023-03-18T02:22:59+00:00\",\"mainEntityOfPage\":{\"@id\":\"http:\/\/elregionalvm.com.ar\/noticias-villa-maria\/un-hombre-resulto-detenido-por-haber-cometido-varios-hechos-de-robos-en-distintos-barrios-de-las-dos-villas\/\"},\"wordCount\":242,\"commentCount\":0,\"image\":{\"@id\":\"http:\/\/elregionalvm.com.ar\/noticias-villa-maria\/un-hombre-resulto-detenido-por-haber-cometido-varios-hechos-de-robos-en-distintos-barrios-de-las-dos-villas\/#primaryimage\"},\"thumbnailUrl\":\"https:\/\/i0.wp.com\/elregionalvm.com.ar\/noticias-villa-maria\/wp-content\/uploads\/2023\/03\/WhatsApp-Image-2023-03-17-at-16.24.32.jpeg?fit=575%2C1280&ssl=1\",\"articleSection\":[\"Policiales\",\"Villa Mar\u00eda\",\"Villa Nueva\"],\"inLanguage\":\"es\",\"potentialAction\":[{\"@type\":\"CommentAction\",\"name\":\"Comment\",\"target\":[\"http:\/\/elregionalvm.com.ar\/noticias-villa-maria\/un-hombre-resulto-detenido-por-haber-cometido-varios-hechos-de-robos-en-distintos-barrios-de-las-dos-villas\/#respond\"]}]},{\"@type\":\"WebPage\",\"@id\":\"http:\/\/elregionalvm.com.ar\/noticias-villa-maria\/un-hombre-resulto-detenido-por-haber-cometido-varios-hechos-de-robos-en-distintos-barrios-de-las-dos-villas\/\",\"url\":\"http:\/\/elregionalvm.com.ar\/noticias-villa-maria\/un-hombre-resulto-detenido-por-haber-cometido-varios-hechos-de-robos-en-distintos-barrios-de-las-dos-villas\/\",\"name\":\"Un hombre result\u00f3 detenido por haber cometido varios robos en las dos villas - El Regional\",\"isPartOf\":{\"@id\":\"http:\/\/elregionalvm.com.ar\/noticias-villa-maria\/#website\"},\"primaryImageOfPage\":{\"@id\":\"http:\/\/elregionalvm.com.ar\/noticias-villa-maria\/un-hombre-resulto-detenido-por-haber-cometido-varios-hechos-de-robos-en-distintos-barrios-de-las-dos-villas\/#primaryimage\"},\"image\":{\"@id\":\"http:\/\/elregionalvm.com.ar\/noticias-villa-maria\/un-hombre-resulto-detenido-por-haber-cometido-varios-hechos-de-robos-en-distintos-barrios-de-las-dos-villas\/#primaryimage\"},\"thumbnailUrl\":\"https:\/\/i0.wp.com\/elregionalvm.com.ar\/noticias-villa-maria\/wp-content\/uploads\/2023\/03\/WhatsApp-Image-2023-03-17-at-16.24.32.jpeg?fit=575%2C1280&ssl=1\",\"datePublished\":\"2023-03-17T21:49:00+00:00\",\"dateModified\":\"2023-03-18T02:22:59+00:00\",\"author\":{\"@id\":\"http:\/\/elregionalvm.com.ar\/noticias-villa-maria\/#\/schema\/person\/a0fb9c422317faca23d50163151bc354\"},\"breadcrumb\":{\"@id\":\"http:\/\/elregionalvm.com.ar\/noticias-villa-maria\/un-hombre-resulto-detenido-por-haber-cometido-varios-hechos-de-robos-en-distintos-barrios-de-las-dos-villas\/#breadcrumb\"},\"inLanguage\":\"es\",\"potentialAction\":[{\"@type\":\"ReadAction\",\"target\":[\"http:\/\/elregionalvm.com.ar\/noticias-villa-maria\/un-hombre-resulto-detenido-por-haber-cometido-varios-hechos-de-robos-en-distintos-barrios-de-las-dos-villas\/\"]}]},{\"@type\":\"ImageObject\",\"inLanguage\":\"es\",\"@id\":\"http:\/\/elregionalvm.com.ar\/noticias-villa-maria\/un-hombre-resulto-detenido-por-haber-cometido-varios-hechos-de-robos-en-distintos-barrios-de-las-dos-villas\/#primaryimage\",\"url\":\"https:\/\/i0.wp.com\/elregionalvm.com.ar\/noticias-villa-maria\/wp-content\/uploads\/2023\/03\/WhatsApp-Image-2023-03-17-at-16.24.32.jpeg?fit=575%2C1280&ssl=1\",\"contentUrl\":\"https:\/\/i0.wp.com\/elregionalvm.com.ar\/noticias-villa-maria\/wp-content\/uploads\/2023\/03\/WhatsApp-Image-2023-03-17-at-16.24.32.jpeg?fit=575%2C1280&ssl=1\",\"width\":575,\"height\":1280},{\"@type\":\"BreadcrumbList\",\"@id\":\"http:\/\/elregionalvm.com.ar\/noticias-villa-maria\/un-hombre-resulto-detenido-por-haber-cometido-varios-hechos-de-robos-en-distintos-barrios-de-las-dos-villas\/#breadcrumb\",\"itemListElement\":[{\"@type\":\"ListItem\",\"position\":1,\"name\":\"Portada\",\"item\":\"https:\/\/elregionalvm.com.ar\/noticias-villa-maria\/\"},{\"@type\":\"ListItem\",\"position\":2,\"name\":\"Un hombre result\u00f3 detenido por haber cometido varios robos en las dos villas\"}]},{\"@type\":\"WebSite\",\"@id\":\"http:\/\/elregionalvm.com.ar\/noticias-villa-maria\/#website\",\"url\":\"http:\/\/elregionalvm.com.ar\/noticias-villa-maria\/\",\"name\":\"El Regional\",\"description\":\"Mucho m\u00e1s que informaci\u00f3n\",\"potentialAction\":[{\"@type\":\"SearchAction\",\"target\":{\"@type\":\"EntryPoint\",\"urlTemplate\":\"http:\/\/elregionalvm.com.ar\/noticias-villa-maria\/?s={search_term_string}\"},\"query-input\":{\"@type\":\"PropertyValueSpecification\",\"valueRequired\":true,\"valueName\":\"search_term_string\"}}],\"inLanguage\":\"es\"},{\"@type\":\"Person\",\"@id\":\"http:\/\/elregionalvm.com.ar\/noticias-villa-maria\/#\/schema\/person\/a0fb9c422317faca23d50163151bc354\",\"name\":\"Contenidos El Regional\",\"image\":{\"@type\":\"ImageObject\",\"inLanguage\":\"es\",\"@id\":\"http:\/\/elregionalvm.com.ar\/noticias-villa-maria\/#\/schema\/person\/image\/\",\"url\":\"https:\/\/secure.gravatar.com\/avatar\/265b27cb2209af7bb3a1318f03305787d7981a5cc6e6cd08fe5a4ecdf99d4b48?s=96&d=mm&r=g\",\"contentUrl\":\"https:\/\/secure.gravatar.com\/avatar\/265b27cb2209af7bb3a1318f03305787d7981a5cc6e6cd08fe5a4ecdf99d4b48?s=96&d=mm&r=g\",\"caption\":\"Contenidos El Regional\"},\"url\":\"https:\/\/elregionalvm.com.ar\/noticias-villa-maria\/author\/contenido\/\"}]}<\/script>\n<!-- \/ Yoast SEO plugin. -->","yoast_head_json":{"title":"Un hombre result\u00f3 detenido por haber cometido varios robos en las dos villas - El Regional","robots":{"index":"index","follow":"follow","max-snippet":"max-snippet:-1","max-image-preview":"max-image-preview:large","max-video-preview":"max-video-preview:-1"},"canonical":"http:\/\/elregionalvm.com.ar\/noticias-villa-maria\/un-hombre-resulto-detenido-por-haber-cometido-varios-hechos-de-robos-en-distintos-barrios-de-las-dos-villas\/","og_locale":"es_ES","og_type":"article","og_title":"Un hombre result\u00f3 detenido por haber cometido varios robos en las dos villas - El Regional","og_description":"En horas de la ma\u00f1ana de la fecha, personal de la Divisi\u00f3n Investigaciones de esta Unidad Departamental cumpliment\u00f3 Orden Judicial de Allanamiento en una vivienda de barrio San Antonio de la ciudad de Villa Nueva, en calle Chacabuco al 1200, de acuerdo a lo solicitado por la Fiscal\u00eda de Instrucci\u00f3n de Segundo Turno a cargo [&hellip;]","og_url":"http:\/\/elregionalvm.com.ar\/noticias-villa-maria\/un-hombre-resulto-detenido-por-haber-cometido-varios-hechos-de-robos-en-distintos-barrios-de-las-dos-villas\/","og_site_name":"El Regional","article_publisher":"https:\/\/www.facebook.com\/elregionalvm","article_published_time":"2023-03-17T21:49:00+00:00","article_modified_time":"2023-03-18T02:22:59+00:00","og_image":[{"width":575,"height":1280,"url":"http:\/\/elregionalvm.com.ar\/noticias-villa-maria\/wp-content\/uploads\/2023\/03\/WhatsApp-Image-2023-03-17-at-16.24.32.jpeg","type":"image\/jpeg"}],"author":"Contenidos El Regional","twitter_card":"summary_large_image","twitter_creator":"@elregionalvm1","twitter_site":"@elregionalvm1","twitter_misc":{"Escrito por":"Contenidos El Regional","Tiempo de lectura":"2 minutos"},"schema":{"@context":"https:\/\/schema.org","@graph":[{"@type":"Article","@id":"http:\/\/elregionalvm.com.ar\/noticias-villa-maria\/un-hombre-resulto-detenido-por-haber-cometido-varios-hechos-de-robos-en-distintos-barrios-de-las-dos-villas\/#article","isPartOf":{"@id":"http:\/\/elregionalvm.com.ar\/noticias-villa-maria\/un-hombre-resulto-detenido-por-haber-cometido-varios-hechos-de-robos-en-distintos-barrios-de-las-dos-villas\/"},"author":{"name":"Contenidos El Regional","@id":"http:\/\/elregionalvm.com.ar\/noticias-villa-maria\/#\/schema\/person\/a0fb9c422317faca23d50163151bc354"},"headline":"Un hombre result\u00f3 detenido por haber cometido varios robos en las dos villas","datePublished":"2023-03-17T21:49:00+00:00","dateModified":"2023-03-18T02:22:59+00:00","mainEntityOfPage":{"@id":"http:\/\/elregionalvm.com.ar\/noticias-villa-maria\/un-hombre-resulto-detenido-por-haber-cometido-varios-hechos-de-robos-en-distintos-barrios-de-las-dos-villas\/"},"wordCount":242,"commentCount":0,"image":{"@id":"http:\/\/elregionalvm.com.ar\/noticias-villa-maria\/un-hombre-resulto-detenido-por-haber-cometido-varios-hechos-de-robos-en-distintos-barrios-de-las-dos-villas\/#primaryimage"},"thumbnailUrl":"https:\/\/i0.wp.com\/elregionalvm.com.ar\/noticias-villa-maria\/wp-content\/uploads\/2023\/03\/WhatsApp-Image-2023-03-17-at-16.24.32.jpeg?fit=575%2C1280&ssl=1","articleSection":["Policiales","Villa Mar\u00eda","Villa Nueva"],"inLanguage":"es","potentialAction":[{"@type":"CommentAction","name":"Comment","target":["http:\/\/elregionalvm.com.ar\/noticias-villa-maria\/un-hombre-resulto-detenido-por-haber-cometido-varios-hechos-de-robos-en-distintos-barrios-de-las-dos-villas\/#respond"]}]},{"@type":"WebPage","@id":"http:\/\/elregionalvm.com.ar\/noticias-villa-maria\/un-hombre-resulto-detenido-por-haber-cometido-varios-hechos-de-robos-en-distintos-barrios-de-las-dos-villas\/","url":"http:\/\/elregionalvm.com.ar\/noticias-villa-maria\/un-hombre-resulto-detenido-por-haber-cometido-varios-hechos-de-robos-en-distintos-barrios-de-las-dos-villas\/","name":"Un hombre result\u00f3 detenido por haber cometido varios robos en las dos villas - El Regional","isPartOf":{"@id":"http:\/\/elregionalvm.com.ar\/noticias-villa-maria\/#website"},"primaryImageOfPage":{"@id":"http:\/\/elregionalvm.com.ar\/noticias-villa-maria\/un-hombre-resulto-detenido-por-haber-cometido-varios-hechos-de-robos-en-distintos-barrios-de-las-dos-villas\/#primaryimage"},"image":{"@id":"http:\/\/elregionalvm.com.ar\/noticias-villa-maria\/un-hombre-resulto-detenido-por-haber-cometido-varios-hechos-de-robos-en-distintos-barrios-de-las-dos-villas\/#primaryimage"},"thumbnailUrl":"https:\/\/i0.wp.com\/elregionalvm.com.ar\/noticias-villa-maria\/wp-content\/uploads\/2023\/03\/WhatsApp-Image-2023-03-17-at-16.24.32.jpeg?fit=575%2C1280&ssl=1","datePublished":"2023-03-17T21:49:00+00:00","dateModified":"2023-03-18T02:22:59+00:00","author":{"@id":"http:\/\/elregionalvm.com.ar\/noticias-villa-maria\/#\/schema\/person\/a0fb9c422317faca23d50163151bc354"},"breadcrumb":{"@id":"http:\/\/elregionalvm.com.ar\/noticias-villa-maria\/un-hombre-resulto-detenido-por-haber-cometido-varios-hechos-de-robos-en-distintos-barrios-de-las-dos-villas\/#breadcrumb"},"inLanguage":"es","potentialAction":[{"@type":"ReadAction","target":["http:\/\/elregionalvm.com.ar\/noticias-villa-maria\/un-hombre-resulto-detenido-por-haber-cometido-varios-hechos-de-robos-en-distintos-barrios-de-las-dos-villas\/"]}]},{"@type":"ImageObject","inLanguage":"es","@id":"http:\/\/elregionalvm.com.ar\/noticias-villa-maria\/un-hombre-resulto-detenido-por-haber-cometido-varios-hechos-de-robos-en-distintos-barrios-de-las-dos-villas\/#primaryimage","url":"https:\/\/i0.wp.com\/elregionalvm.com.ar\/noticias-villa-maria\/wp-content\/uploads\/2023\/03\/WhatsApp-Image-2023-03-17-at-16.24.32.jpeg?fit=575%2C1280&ssl=1","contentUrl":"https:\/\/i0.wp.com\/elregionalvm.com.ar\/noticias-villa-maria\/wp-content\/uploads\/2023\/03\/WhatsApp-Image-2023-03-17-at-16.24.32.jpeg?fit=575%2C1280&ssl=1","width":575,"height":1280},{"@type":"BreadcrumbList","@id":"http:\/\/elregionalvm.com.ar\/noticias-villa-maria\/un-hombre-resulto-detenido-por-haber-cometido-varios-hechos-de-robos-en-distintos-barrios-de-las-dos-villas\/#breadcrumb","itemListElement":[{"@type":"ListItem","position":1,"name":"Portada","item":"https:\/\/elregionalvm.com.ar\/noticias-villa-maria\/"},{"@type":"ListItem","position":2,"name":"Un hombre result\u00f3 detenido por haber cometido varios robos en las dos villas"}]},{"@type":"WebSite","@id":"http:\/\/elregionalvm.com.ar\/noticias-villa-maria\/#website","url":"http:\/\/elregionalvm.com.ar\/noticias-villa-maria\/","name":"El Regional","description":"Mucho m\u00e1s que informaci\u00f3n","potentialAction":[{"@type":"SearchAction","target":{"@type":"EntryPoint","urlTemplate":"http:\/\/elregionalvm.com.ar\/noticias-villa-maria\/?s={search_term_string}"},"query-input":{"@type":"PropertyValueSpecification","valueRequired":true,"valueName":"search_term_string"}}],"inLanguage":"es"},{"@type":"Person","@id":"http:\/\/elregionalvm.com.ar\/noticias-villa-maria\/#\/schema\/person\/a0fb9c422317faca23d50163151bc354","name":"Contenidos El Regional","image":{"@type":"ImageObject","inLanguage":"es","@id":"http:\/\/elregionalvm.com.ar\/noticias-villa-maria\/#\/schema\/person\/image\/","url":"https:\/\/secure.gravatar.com\/avatar\/265b27cb2209af7bb3a1318f03305787d7981a5cc6e6cd08fe5a4ecdf99d4b48?s=96&d=mm&r=g","contentUrl":"https:\/\/secure.gravatar.com\/avatar\/265b27cb2209af7bb3a1318f03305787d7981a5cc6e6cd08fe5a4ecdf99d4b48?s=96&d=mm&r=g","caption":"Contenidos El Regional"},"url":"https:\/\/elregionalvm.com.ar\/noticias-villa-maria\/author\/contenido\/"}]}},"jetpack_featured_media_url":"https:\/\/i0.wp.com\/elregionalvm.com.ar\/noticias-villa-maria\/wp-content\/uploads\/2023\/03\/WhatsApp-Image-2023-03-17-at-16.24.32.jpeg?fit=575%2C1280&ssl=1","jetpack_sharing_enabled":true,"_links":{"self":[{"href":"https:\/\/elregionalvm.com.ar\/noticias-villa-maria\/wp-json\/wp\/v2\/posts\/73307","targetHints":{"allow":["GET"]}}],"collection":[{"href":"https:\/\/elregionalvm.com.ar\/noticias-villa-maria\/wp-json\/wp\/v2\/posts"}],"about":[{"href":"https:\/\/elregionalvm.com.ar\/noticias-villa-maria\/wp-json\/wp\/v2\/types\/post"}],"author":[{"embeddable":true,"href":"https:\/\/elregionalvm.com.ar\/noticias-villa-maria\/wp-json\/wp\/v2\/users\/4"}],"replies":[{"embeddable":true,"href":"https:\/\/elregionalvm.com.ar\/noticias-villa-maria\/wp-json\/wp\/v2\/comments?post=73307"}],"version-history":[{"count":2,"href":"https:\/\/elregionalvm.com.ar\/noticias-villa-maria\/wp-json\/wp\/v2\/posts\/73307\/revisions"}],"predecessor-version":[{"id":73319,"href":"https:\/\/elregionalvm.com.ar\/noticias-villa-maria\/wp-json\/wp\/v2\/posts\/73307\/revisions\/73319"}],"wp:featuredmedia":[{"embeddable":true,"href":"https:\/\/elregionalvm.com.ar\/noticias-villa-maria\/wp-json\/wp\/v2\/media\/73308"}],"wp:attachment":[{"href":"https:\/\/elregionalvm.com.ar\/noticias-villa-maria\/wp-json\/wp\/v2\/media?parent=73307"}],"wp:term":[{"taxonomy":"category","embeddable":true,"href":"https:\/\/elregionalvm.com.ar\/noticias-villa-maria\/wp-json\/wp\/v2\/categories?post=73307"},{"taxonomy":"post_tag","embeddable":true,"href":"https:\/\/elregionalvm.com.ar\/noticias-villa-maria\/wp-json\/wp\/v2\/tags?post=73307"}],"curies":[{"name":"wp","href":"https:\/\/api.w.org\/{rel}","templated":true}]}}