{"id":73326,"date":"2023-03-18T13:36:06","date_gmt":"2023-03-18T13:36:06","guid":{"rendered":"https:\/\/elregionalvm.com.ar\/noticias-villa-maria\/?p=73326"},"modified":"2023-03-18T18:27:40","modified_gmt":"2023-03-18T18:27:40","slug":"mas-de-60-vecinos-recibieron-creditos-del-banco-de-la-gente","status":"publish","type":"post","link":"https:\/\/elregionalvm.com.ar\/noticias-villa-maria\/mas-de-60-vecinos-recibieron-creditos-del-banco-de-la-gente\/","title":{"rendered":"M\u00e1s de 60 vecinos recibieron cr\u00e9ditos del Banco de la Gente en Villa Nueva"},"content":{"rendered":"\n<p>El intendente Natalio Graglia encabez\u00f3 la entrega de certificados a villanovenses que accedieron a los cr\u00e9ditos del Banco de la Gente. <\/p>\n\n\n\n<p>Cabe aclarar que estas l\u00edneas de financiaci\u00f3n son otorgadas por el Gobierno de C\u00f3rdoba a trav\u00e9s del Ministerio de H\u00e1bitat y Econom\u00eda Familiar.<\/p>\n\n\n\n<figure class=\"wp-block-image size-large\"><img data-recalc-dims=\"1\" fetchpriority=\"high\" decoding=\"async\" width=\"1024\" height=\"1024\" src=\"https:\/\/i0.wp.com\/elregionalvm.com.ar\/noticias-villa-maria\/wp-content\/uploads\/2023\/03\/WhatsApp-Image-2023-03-18-at-10.26.15-1.jpeg?resize=1024%2C1024&#038;ssl=1\" alt=\"\" class=\"wp-image-73329\" srcset=\"https:\/\/i0.wp.com\/elregionalvm.com.ar\/noticias-villa-maria\/wp-content\/uploads\/2023\/03\/WhatsApp-Image-2023-03-18-at-10.26.15-1.jpeg?resize=1024%2C1024&amp;ssl=1 1024w, https:\/\/i0.wp.com\/elregionalvm.com.ar\/noticias-villa-maria\/wp-content\/uploads\/2023\/03\/WhatsApp-Image-2023-03-18-at-10.26.15-1.jpeg?resize=300%2C300&amp;ssl=1 300w, https:\/\/i0.wp.com\/elregionalvm.com.ar\/noticias-villa-maria\/wp-content\/uploads\/2023\/03\/WhatsApp-Image-2023-03-18-at-10.26.15-1.jpeg?resize=768%2C768&amp;ssl=1 768w, https:\/\/i0.wp.com\/elregionalvm.com.ar\/noticias-villa-maria\/wp-content\/uploads\/2023\/03\/WhatsApp-Image-2023-03-18-at-10.26.15-1.jpeg?w=1280&amp;ssl=1 1280w\" sizes=\"(max-width: 1000px) 100vw, 1000px\" \/><\/figure>\n\n\n\n<p>Son 69 los beneficiarios que recibieron estos cr\u00e9ditos que destinar\u00e1n a inversi\u00f3n en un emprendimiento productivo. <\/p>\n\n\n\n<p>En la entrega el intendente Natalio Graglia destac\u00f3 el trabajo de manera articulada que se viene realizando con el Gobierno Provincial. \u201cSon herramientas que ayudan en estos momentos. Tenemos un Gobernador que piense en las familias a las que acerca estos beneficios tan importantes. <\/p>\n\n\n\n<figure class=\"wp-block-image size-large\"><img data-recalc-dims=\"1\" decoding=\"async\" width=\"1024\" height=\"1024\" src=\"https:\/\/i0.wp.com\/elregionalvm.com.ar\/noticias-villa-maria\/wp-content\/uploads\/2023\/03\/WhatsApp-Image-2023-03-18-at-10.26.16.jpeg?resize=1024%2C1024&#038;ssl=1\" alt=\"\" class=\"wp-image-73328\" srcset=\"https:\/\/i0.wp.com\/elregionalvm.com.ar\/noticias-villa-maria\/wp-content\/uploads\/2023\/03\/WhatsApp-Image-2023-03-18-at-10.26.16.jpeg?resize=1024%2C1024&amp;ssl=1 1024w, https:\/\/i0.wp.com\/elregionalvm.com.ar\/noticias-villa-maria\/wp-content\/uploads\/2023\/03\/WhatsApp-Image-2023-03-18-at-10.26.16.jpeg?resize=300%2C300&amp;ssl=1 300w, https:\/\/i0.wp.com\/elregionalvm.com.ar\/noticias-villa-maria\/wp-content\/uploads\/2023\/03\/WhatsApp-Image-2023-03-18-at-10.26.16.jpeg?resize=768%2C768&amp;ssl=1 768w, https:\/\/i0.wp.com\/elregionalvm.com.ar\/noticias-villa-maria\/wp-content\/uploads\/2023\/03\/WhatsApp-Image-2023-03-18-at-10.26.16.jpeg?w=1496&amp;ssl=1 1496w\" sizes=\"(max-width: 1000px) 100vw, 1000px\" \/><\/figure>\n\n\n\n<p>Queremos decirle a la gente que aparte del estado provincial cuenten siempre con el municipio para ayudarlos en todo lo que necesiten. Siempre decimos que en momentos complejos hay que estar m\u00e1s unidos que nunca y trabajar de manera articulada y en cercan\u00eda con los vecinos\u201d.<\/p>\n\n\n\n<p>Agradeci\u00f3 adem\u00e1s a su equipo de trabajo indicando: \u201cGracias al trabajo de todos se ha podido avanzar y se puede seguir con la transformaci\u00f3n de la ciudad. No nos quedamos con lo que hemos hecho, al contrario tenemos en claro el desaf\u00edo de ir por mucho m\u00e1s, de trabajar por mucho m\u00e1s y seguir transformando a Villa Nueva\u201d, puntualiz\u00f3.<\/p>\n\n\n\n<p>Estuvieron presentes el Secretario de Comunicaciones de la Provincia, Marcos Bovo, las Legisladoras Provinciales, Nora Bedano y Liliana Abraham. <\/p>\n\n\n\n<figure class=\"wp-block-image size-large\"><img data-recalc-dims=\"1\" decoding=\"async\" width=\"1024\" height=\"1024\" src=\"https:\/\/i0.wp.com\/elregionalvm.com.ar\/noticias-villa-maria\/wp-content\/uploads\/2023\/03\/WhatsApp-Image-2023-03-18-at-10.26.16-1.jpeg?resize=1024%2C1024&#038;ssl=1\" alt=\"\" class=\"wp-image-73327\" srcset=\"https:\/\/i0.wp.com\/elregionalvm.com.ar\/noticias-villa-maria\/wp-content\/uploads\/2023\/03\/WhatsApp-Image-2023-03-18-at-10.26.16-1.jpeg?resize=1024%2C1024&amp;ssl=1 1024w, https:\/\/i0.wp.com\/elregionalvm.com.ar\/noticias-villa-maria\/wp-content\/uploads\/2023\/03\/WhatsApp-Image-2023-03-18-at-10.26.16-1.jpeg?resize=300%2C300&amp;ssl=1 300w, https:\/\/i0.wp.com\/elregionalvm.com.ar\/noticias-villa-maria\/wp-content\/uploads\/2023\/03\/WhatsApp-Image-2023-03-18-at-10.26.16-1.jpeg?resize=768%2C768&amp;ssl=1 768w, https:\/\/i0.wp.com\/elregionalvm.com.ar\/noticias-villa-maria\/wp-content\/uploads\/2023\/03\/WhatsApp-Image-2023-03-18-at-10.26.16-1.jpeg?w=1496&amp;ssl=1 1496w\" sizes=\"(max-width: 1000px) 100vw, 1000px\" \/><\/figure>\n\n\n\n<p>El presidente del Consejo de Seguridad Deportiva de la Provincia, Marcelo Frossasco, el Secretario de Relaciones Institucionales y Pol\u00edticas Sociales del municipio, Mauro Bizzarri y el Subsecretario del \u00e1rea, Franco Graglia, la Secretar\u00eda de Educaci\u00f3n y Cultura del Municipio, Marcela Unzueta y el Subsecretario de Deporte, Turismo y Recreaci\u00f3n, Yamil Elhall<\/p>\n","protected":false},"excerpt":{"rendered":"<p>El intendente Natalio Graglia encabez\u00f3 la entrega de certificados a villanovenses que accedieron a los cr\u00e9ditos del Banco de la Gente. Cabe aclarar que estas l\u00edneas de financiaci\u00f3n son otorgadas por el Gobierno de C\u00f3rdoba a trav\u00e9s del Ministerio de H\u00e1bitat y Econom\u00eda Familiar. Son 69 los beneficiarios que recibieron estos cr\u00e9ditos que destinar\u00e1n a [&hellip;]<\/p>\n","protected":false},"author":4,"featured_media":73330,"comment_status":"open","ping_status":"open","sticky":false,"template":"","format":"standard","meta":{"site-sidebar-layout":"default","site-content-layout":"","ast-site-content-layout":"default","site-content-style":"default","site-sidebar-style":"default","ast-global-header-display":"","ast-banner-title-visibility":"","ast-main-header-display":"","ast-hfb-above-header-display":"","ast-hfb-below-header-display":"","ast-hfb-mobile-header-display":"","site-post-title":"","ast-breadcrumbs-content":"","ast-featured-img":"","footer-sml-layout":"","ast-disable-related-posts":"","theme-transparent-header-meta":"","adv-header-id-meta":"","stick-header-meta":"","header-above-stick-meta":"","header-main-stick-meta":"","header-below-stick-meta":"","astra-migrate-meta-layouts":"default","ast-page-background-enabled":"default","ast-page-background-meta":{"desktop":{"background-color":"","background-image":"","background-repeat":"repeat","background-position":"center center","background-size":"auto","background-attachment":"scroll","background-type":"","background-media":"","overlay-type":"","overlay-color":"","overlay-opacity":"","overlay-gradient":""},"tablet":{"background-color":"","background-image":"","background-repeat":"repeat","background-position":"center center","background-size":"auto","background-attachment":"scroll","background-type":"","background-media":"","overlay-type":"","overlay-color":"","overlay-opacity":"","overlay-gradient":""},"mobile":{"background-color":"","background-image":"","background-repeat":"repeat","background-position":"center center","background-size":"auto","background-attachment":"scroll","background-type":"","background-media":"","overlay-type":"","overlay-color":"","overlay-opacity":"","overlay-gradient":""}},"ast-content-background-meta":{"desktop":{"background-color":"var(--ast-global-color-5)","background-image":"","background-repeat":"repeat","background-position":"center center","background-size":"auto","background-attachment":"scroll","background-type":"","background-media":"","overlay-type":"","overlay-color":"","overlay-opacity":"","overlay-gradient":""},"tablet":{"background-color":"var(--ast-global-color-5)","background-image":"","background-repeat":"repeat","background-position":"center center","background-size":"auto","background-attachment":"scroll","background-type":"","background-media":"","overlay-type":"","overlay-color":"","overlay-opacity":"","overlay-gradient":""},"mobile":{"background-color":"var(--ast-global-color-5)","background-image":"","background-repeat":"repeat","background-position":"center center","background-size":"auto","background-attachment":"scroll","background-type":"","background-media":"","overlay-type":"","overlay-color":"","overlay-opacity":"","overlay-gradient":""}},"_jetpack_memberships_contains_paid_content":false,"_joinchat":[],"footnotes":""},"categories":[15302,5,1408],"tags":[],"class_list":["post-73326","post","type-post","status-publish","format-standard","has-post-thumbnail","hentry","category-destacado","category-sociedad","category-villa-nueva"],"yoast_head":"<!-- This site is optimized with the Yoast SEO plugin v26.8 - https:\/\/yoast.com\/product\/yoast-seo-wordpress\/ -->\n<title>M\u00e1s de 60 vecinos recibieron cr\u00e9ditos del Banco de la Gente en Villa Nueva - El Regional<\/title>\n<meta name=\"robots\" content=\"index, follow, max-snippet:-1, max-image-preview:large, max-video-preview:-1\" \/>\n<link rel=\"canonical\" href=\"http:\/\/elregionalvm.com.ar\/noticias-villa-maria\/mas-de-60-vecinos-recibieron-creditos-del-banco-de-la-gente\/\" \/>\n<meta property=\"og:locale\" content=\"es_ES\" \/>\n<meta property=\"og:type\" content=\"article\" \/>\n<meta property=\"og:title\" content=\"M\u00e1s de 60 vecinos recibieron cr\u00e9ditos del Banco de la Gente en Villa Nueva - El Regional\" \/>\n<meta property=\"og:description\" content=\"El intendente Natalio Graglia encabez\u00f3 la entrega de certificados a villanovenses que accedieron a los cr\u00e9ditos del Banco de la Gente. Cabe aclarar que estas l\u00edneas de financiaci\u00f3n son otorgadas por el Gobierno de C\u00f3rdoba a trav\u00e9s del Ministerio de H\u00e1bitat y Econom\u00eda Familiar. Son 69 los beneficiarios que recibieron estos cr\u00e9ditos que destinar\u00e1n a [&hellip;]\" \/>\n<meta property=\"og:url\" content=\"http:\/\/elregionalvm.com.ar\/noticias-villa-maria\/mas-de-60-vecinos-recibieron-creditos-del-banco-de-la-gente\/\" \/>\n<meta property=\"og:site_name\" content=\"El Regional\" \/>\n<meta property=\"article:publisher\" content=\"https:\/\/www.facebook.com\/elregionalvm\" \/>\n<meta property=\"article:published_time\" content=\"2023-03-18T13:36:06+00:00\" \/>\n<meta property=\"article:modified_time\" content=\"2023-03-18T18:27:40+00:00\" \/>\n<meta property=\"og:image\" content=\"http:\/\/elregionalvm.com.ar\/noticias-villa-maria\/wp-content\/uploads\/2023\/03\/WhatsApp-Image-2023-03-18-at-10.26.15.jpeg\" \/>\n\t<meta property=\"og:image:width\" content=\"1280\" \/>\n\t<meta property=\"og:image:height\" content=\"1280\" \/>\n\t<meta property=\"og:image:type\" content=\"image\/jpeg\" \/>\n<meta name=\"author\" content=\"Contenidos El Regional\" \/>\n<meta name=\"twitter:card\" content=\"summary_large_image\" \/>\n<meta name=\"twitter:creator\" content=\"@elregionalvm1\" \/>\n<meta name=\"twitter:site\" content=\"@elregionalvm1\" \/>\n<meta name=\"twitter:label1\" content=\"Escrito por\" \/>\n\t<meta name=\"twitter:data1\" content=\"Contenidos El Regional\" \/>\n\t<meta name=\"twitter:label2\" content=\"Tiempo de lectura\" \/>\n\t<meta name=\"twitter:data2\" content=\"2 minutos\" \/>\n<script type=\"application\/ld+json\" class=\"yoast-schema-graph\">{\"@context\":\"https:\/\/schema.org\",\"@graph\":[{\"@type\":\"Article\",\"@id\":\"http:\/\/elregionalvm.com.ar\/noticias-villa-maria\/mas-de-60-vecinos-recibieron-creditos-del-banco-de-la-gente\/#article\",\"isPartOf\":{\"@id\":\"http:\/\/elregionalvm.com.ar\/noticias-villa-maria\/mas-de-60-vecinos-recibieron-creditos-del-banco-de-la-gente\/\"},\"author\":{\"name\":\"Contenidos El Regional\",\"@id\":\"http:\/\/elregionalvm.com.ar\/noticias-villa-maria\/#\/schema\/person\/a0fb9c422317faca23d50163151bc354\"},\"headline\":\"M\u00e1s de 60 vecinos recibieron cr\u00e9ditos del Banco de la Gente en Villa Nueva\",\"datePublished\":\"2023-03-18T13:36:06+00:00\",\"dateModified\":\"2023-03-18T18:27:40+00:00\",\"mainEntityOfPage\":{\"@id\":\"http:\/\/elregionalvm.com.ar\/noticias-villa-maria\/mas-de-60-vecinos-recibieron-creditos-del-banco-de-la-gente\/\"},\"wordCount\":314,\"commentCount\":0,\"image\":{\"@id\":\"http:\/\/elregionalvm.com.ar\/noticias-villa-maria\/mas-de-60-vecinos-recibieron-creditos-del-banco-de-la-gente\/#primaryimage\"},\"thumbnailUrl\":\"https:\/\/i0.wp.com\/elregionalvm.com.ar\/noticias-villa-maria\/wp-content\/uploads\/2023\/03\/WhatsApp-Image-2023-03-18-at-10.26.15.jpeg?fit=1280%2C1280&ssl=1\",\"articleSection\":[\"destacado\",\"Sociedad\",\"Villa Nueva\"],\"inLanguage\":\"es\",\"potentialAction\":[{\"@type\":\"CommentAction\",\"name\":\"Comment\",\"target\":[\"http:\/\/elregionalvm.com.ar\/noticias-villa-maria\/mas-de-60-vecinos-recibieron-creditos-del-banco-de-la-gente\/#respond\"]}]},{\"@type\":\"WebPage\",\"@id\":\"http:\/\/elregionalvm.com.ar\/noticias-villa-maria\/mas-de-60-vecinos-recibieron-creditos-del-banco-de-la-gente\/\",\"url\":\"http:\/\/elregionalvm.com.ar\/noticias-villa-maria\/mas-de-60-vecinos-recibieron-creditos-del-banco-de-la-gente\/\",\"name\":\"M\u00e1s de 60 vecinos recibieron cr\u00e9ditos del Banco de la Gente en Villa Nueva - El Regional\",\"isPartOf\":{\"@id\":\"http:\/\/elregionalvm.com.ar\/noticias-villa-maria\/#website\"},\"primaryImageOfPage\":{\"@id\":\"http:\/\/elregionalvm.com.ar\/noticias-villa-maria\/mas-de-60-vecinos-recibieron-creditos-del-banco-de-la-gente\/#primaryimage\"},\"image\":{\"@id\":\"http:\/\/elregionalvm.com.ar\/noticias-villa-maria\/mas-de-60-vecinos-recibieron-creditos-del-banco-de-la-gente\/#primaryimage\"},\"thumbnailUrl\":\"https:\/\/i0.wp.com\/elregionalvm.com.ar\/noticias-villa-maria\/wp-content\/uploads\/2023\/03\/WhatsApp-Image-2023-03-18-at-10.26.15.jpeg?fit=1280%2C1280&ssl=1\",\"datePublished\":\"2023-03-18T13:36:06+00:00\",\"dateModified\":\"2023-03-18T18:27:40+00:00\",\"author\":{\"@id\":\"http:\/\/elregionalvm.com.ar\/noticias-villa-maria\/#\/schema\/person\/a0fb9c422317faca23d50163151bc354\"},\"breadcrumb\":{\"@id\":\"http:\/\/elregionalvm.com.ar\/noticias-villa-maria\/mas-de-60-vecinos-recibieron-creditos-del-banco-de-la-gente\/#breadcrumb\"},\"inLanguage\":\"es\",\"potentialAction\":[{\"@type\":\"ReadAction\",\"target\":[\"http:\/\/elregionalvm.com.ar\/noticias-villa-maria\/mas-de-60-vecinos-recibieron-creditos-del-banco-de-la-gente\/\"]}]},{\"@type\":\"ImageObject\",\"inLanguage\":\"es\",\"@id\":\"http:\/\/elregionalvm.com.ar\/noticias-villa-maria\/mas-de-60-vecinos-recibieron-creditos-del-banco-de-la-gente\/#primaryimage\",\"url\":\"https:\/\/i0.wp.com\/elregionalvm.com.ar\/noticias-villa-maria\/wp-content\/uploads\/2023\/03\/WhatsApp-Image-2023-03-18-at-10.26.15.jpeg?fit=1280%2C1280&ssl=1\",\"contentUrl\":\"https:\/\/i0.wp.com\/elregionalvm.com.ar\/noticias-villa-maria\/wp-content\/uploads\/2023\/03\/WhatsApp-Image-2023-03-18-at-10.26.15.jpeg?fit=1280%2C1280&ssl=1\",\"width\":1280,\"height\":1280},{\"@type\":\"BreadcrumbList\",\"@id\":\"http:\/\/elregionalvm.com.ar\/noticias-villa-maria\/mas-de-60-vecinos-recibieron-creditos-del-banco-de-la-gente\/#breadcrumb\",\"itemListElement\":[{\"@type\":\"ListItem\",\"position\":1,\"name\":\"Portada\",\"item\":\"https:\/\/elregionalvm.com.ar\/noticias-villa-maria\/\"},{\"@type\":\"ListItem\",\"position\":2,\"name\":\"M\u00e1s de 60 vecinos recibieron cr\u00e9ditos del Banco de la Gente en Villa Nueva\"}]},{\"@type\":\"WebSite\",\"@id\":\"http:\/\/elregionalvm.com.ar\/noticias-villa-maria\/#website\",\"url\":\"http:\/\/elregionalvm.com.ar\/noticias-villa-maria\/\",\"name\":\"El Regional\",\"description\":\"Mucho m\u00e1s que informaci\u00f3n\",\"potentialAction\":[{\"@type\":\"SearchAction\",\"target\":{\"@type\":\"EntryPoint\",\"urlTemplate\":\"http:\/\/elregionalvm.com.ar\/noticias-villa-maria\/?s={search_term_string}\"},\"query-input\":{\"@type\":\"PropertyValueSpecification\",\"valueRequired\":true,\"valueName\":\"search_term_string\"}}],\"inLanguage\":\"es\"},{\"@type\":\"Person\",\"@id\":\"http:\/\/elregionalvm.com.ar\/noticias-villa-maria\/#\/schema\/person\/a0fb9c422317faca23d50163151bc354\",\"name\":\"Contenidos El Regional\",\"image\":{\"@type\":\"ImageObject\",\"inLanguage\":\"es\",\"@id\":\"http:\/\/elregionalvm.com.ar\/noticias-villa-maria\/#\/schema\/person\/image\/\",\"url\":\"https:\/\/secure.gravatar.com\/avatar\/265b27cb2209af7bb3a1318f03305787d7981a5cc6e6cd08fe5a4ecdf99d4b48?s=96&d=mm&r=g\",\"contentUrl\":\"https:\/\/secure.gravatar.com\/avatar\/265b27cb2209af7bb3a1318f03305787d7981a5cc6e6cd08fe5a4ecdf99d4b48?s=96&d=mm&r=g\",\"caption\":\"Contenidos El Regional\"},\"url\":\"https:\/\/elregionalvm.com.ar\/noticias-villa-maria\/author\/contenido\/\"}]}<\/script>\n<!-- \/ Yoast SEO plugin. -->","yoast_head_json":{"title":"M\u00e1s de 60 vecinos recibieron cr\u00e9ditos del Banco de la Gente en Villa Nueva - El Regional","robots":{"index":"index","follow":"follow","max-snippet":"max-snippet:-1","max-image-preview":"max-image-preview:large","max-video-preview":"max-video-preview:-1"},"canonical":"http:\/\/elregionalvm.com.ar\/noticias-villa-maria\/mas-de-60-vecinos-recibieron-creditos-del-banco-de-la-gente\/","og_locale":"es_ES","og_type":"article","og_title":"M\u00e1s de 60 vecinos recibieron cr\u00e9ditos del Banco de la Gente en Villa Nueva - El Regional","og_description":"El intendente Natalio Graglia encabez\u00f3 la entrega de certificados a villanovenses que accedieron a los cr\u00e9ditos del Banco de la Gente. Cabe aclarar que estas l\u00edneas de financiaci\u00f3n son otorgadas por el Gobierno de C\u00f3rdoba a trav\u00e9s del Ministerio de H\u00e1bitat y Econom\u00eda Familiar. Son 69 los beneficiarios que recibieron estos cr\u00e9ditos que destinar\u00e1n a [&hellip;]","og_url":"http:\/\/elregionalvm.com.ar\/noticias-villa-maria\/mas-de-60-vecinos-recibieron-creditos-del-banco-de-la-gente\/","og_site_name":"El Regional","article_publisher":"https:\/\/www.facebook.com\/elregionalvm","article_published_time":"2023-03-18T13:36:06+00:00","article_modified_time":"2023-03-18T18:27:40+00:00","og_image":[{"width":1280,"height":1280,"url":"http:\/\/elregionalvm.com.ar\/noticias-villa-maria\/wp-content\/uploads\/2023\/03\/WhatsApp-Image-2023-03-18-at-10.26.15.jpeg","type":"image\/jpeg"}],"author":"Contenidos El Regional","twitter_card":"summary_large_image","twitter_creator":"@elregionalvm1","twitter_site":"@elregionalvm1","twitter_misc":{"Escrito por":"Contenidos El Regional","Tiempo de lectura":"2 minutos"},"schema":{"@context":"https:\/\/schema.org","@graph":[{"@type":"Article","@id":"http:\/\/elregionalvm.com.ar\/noticias-villa-maria\/mas-de-60-vecinos-recibieron-creditos-del-banco-de-la-gente\/#article","isPartOf":{"@id":"http:\/\/elregionalvm.com.ar\/noticias-villa-maria\/mas-de-60-vecinos-recibieron-creditos-del-banco-de-la-gente\/"},"author":{"name":"Contenidos El Regional","@id":"http:\/\/elregionalvm.com.ar\/noticias-villa-maria\/#\/schema\/person\/a0fb9c422317faca23d50163151bc354"},"headline":"M\u00e1s de 60 vecinos recibieron cr\u00e9ditos del Banco de la Gente en Villa Nueva","datePublished":"2023-03-18T13:36:06+00:00","dateModified":"2023-03-18T18:27:40+00:00","mainEntityOfPage":{"@id":"http:\/\/elregionalvm.com.ar\/noticias-villa-maria\/mas-de-60-vecinos-recibieron-creditos-del-banco-de-la-gente\/"},"wordCount":314,"commentCount":0,"image":{"@id":"http:\/\/elregionalvm.com.ar\/noticias-villa-maria\/mas-de-60-vecinos-recibieron-creditos-del-banco-de-la-gente\/#primaryimage"},"thumbnailUrl":"https:\/\/i0.wp.com\/elregionalvm.com.ar\/noticias-villa-maria\/wp-content\/uploads\/2023\/03\/WhatsApp-Image-2023-03-18-at-10.26.15.jpeg?fit=1280%2C1280&ssl=1","articleSection":["destacado","Sociedad","Villa Nueva"],"inLanguage":"es","potentialAction":[{"@type":"CommentAction","name":"Comment","target":["http:\/\/elregionalvm.com.ar\/noticias-villa-maria\/mas-de-60-vecinos-recibieron-creditos-del-banco-de-la-gente\/#respond"]}]},{"@type":"WebPage","@id":"http:\/\/elregionalvm.com.ar\/noticias-villa-maria\/mas-de-60-vecinos-recibieron-creditos-del-banco-de-la-gente\/","url":"http:\/\/elregionalvm.com.ar\/noticias-villa-maria\/mas-de-60-vecinos-recibieron-creditos-del-banco-de-la-gente\/","name":"M\u00e1s de 60 vecinos recibieron cr\u00e9ditos del Banco de la Gente en Villa Nueva - El Regional","isPartOf":{"@id":"http:\/\/elregionalvm.com.ar\/noticias-villa-maria\/#website"},"primaryImageOfPage":{"@id":"http:\/\/elregionalvm.com.ar\/noticias-villa-maria\/mas-de-60-vecinos-recibieron-creditos-del-banco-de-la-gente\/#primaryimage"},"image":{"@id":"http:\/\/elregionalvm.com.ar\/noticias-villa-maria\/mas-de-60-vecinos-recibieron-creditos-del-banco-de-la-gente\/#primaryimage"},"thumbnailUrl":"https:\/\/i0.wp.com\/elregionalvm.com.ar\/noticias-villa-maria\/wp-content\/uploads\/2023\/03\/WhatsApp-Image-2023-03-18-at-10.26.15.jpeg?fit=1280%2C1280&ssl=1","datePublished":"2023-03-18T13:36:06+00:00","dateModified":"2023-03-18T18:27:40+00:00","author":{"@id":"http:\/\/elregionalvm.com.ar\/noticias-villa-maria\/#\/schema\/person\/a0fb9c422317faca23d50163151bc354"},"breadcrumb":{"@id":"http:\/\/elregionalvm.com.ar\/noticias-villa-maria\/mas-de-60-vecinos-recibieron-creditos-del-banco-de-la-gente\/#breadcrumb"},"inLanguage":"es","potentialAction":[{"@type":"ReadAction","target":["http:\/\/elregionalvm.com.ar\/noticias-villa-maria\/mas-de-60-vecinos-recibieron-creditos-del-banco-de-la-gente\/"]}]},{"@type":"ImageObject","inLanguage":"es","@id":"http:\/\/elregionalvm.com.ar\/noticias-villa-maria\/mas-de-60-vecinos-recibieron-creditos-del-banco-de-la-gente\/#primaryimage","url":"https:\/\/i0.wp.com\/elregionalvm.com.ar\/noticias-villa-maria\/wp-content\/uploads\/2023\/03\/WhatsApp-Image-2023-03-18-at-10.26.15.jpeg?fit=1280%2C1280&ssl=1","contentUrl":"https:\/\/i0.wp.com\/elregionalvm.com.ar\/noticias-villa-maria\/wp-content\/uploads\/2023\/03\/WhatsApp-Image-2023-03-18-at-10.26.15.jpeg?fit=1280%2C1280&ssl=1","width":1280,"height":1280},{"@type":"BreadcrumbList","@id":"http:\/\/elregionalvm.com.ar\/noticias-villa-maria\/mas-de-60-vecinos-recibieron-creditos-del-banco-de-la-gente\/#breadcrumb","itemListElement":[{"@type":"ListItem","position":1,"name":"Portada","item":"https:\/\/elregionalvm.com.ar\/noticias-villa-maria\/"},{"@type":"ListItem","position":2,"name":"M\u00e1s de 60 vecinos recibieron cr\u00e9ditos del Banco de la Gente en Villa Nueva"}]},{"@type":"WebSite","@id":"http:\/\/elregionalvm.com.ar\/noticias-villa-maria\/#website","url":"http:\/\/elregionalvm.com.ar\/noticias-villa-maria\/","name":"El Regional","description":"Mucho m\u00e1s que informaci\u00f3n","potentialAction":[{"@type":"SearchAction","target":{"@type":"EntryPoint","urlTemplate":"http:\/\/elregionalvm.com.ar\/noticias-villa-maria\/?s={search_term_string}"},"query-input":{"@type":"PropertyValueSpecification","valueRequired":true,"valueName":"search_term_string"}}],"inLanguage":"es"},{"@type":"Person","@id":"http:\/\/elregionalvm.com.ar\/noticias-villa-maria\/#\/schema\/person\/a0fb9c422317faca23d50163151bc354","name":"Contenidos El Regional","image":{"@type":"ImageObject","inLanguage":"es","@id":"http:\/\/elregionalvm.com.ar\/noticias-villa-maria\/#\/schema\/person\/image\/","url":"https:\/\/secure.gravatar.com\/avatar\/265b27cb2209af7bb3a1318f03305787d7981a5cc6e6cd08fe5a4ecdf99d4b48?s=96&d=mm&r=g","contentUrl":"https:\/\/secure.gravatar.com\/avatar\/265b27cb2209af7bb3a1318f03305787d7981a5cc6e6cd08fe5a4ecdf99d4b48?s=96&d=mm&r=g","caption":"Contenidos El Regional"},"url":"https:\/\/elregionalvm.com.ar\/noticias-villa-maria\/author\/contenido\/"}]}},"jetpack_featured_media_url":"https:\/\/i0.wp.com\/elregionalvm.com.ar\/noticias-villa-maria\/wp-content\/uploads\/2023\/03\/WhatsApp-Image-2023-03-18-at-10.26.15.jpeg?fit=1280%2C1280&ssl=1","jetpack_sharing_enabled":true,"_links":{"self":[{"href":"https:\/\/elregionalvm.com.ar\/noticias-villa-maria\/wp-json\/wp\/v2\/posts\/73326","targetHints":{"allow":["GET"]}}],"collection":[{"href":"https:\/\/elregionalvm.com.ar\/noticias-villa-maria\/wp-json\/wp\/v2\/posts"}],"about":[{"href":"https:\/\/elregionalvm.com.ar\/noticias-villa-maria\/wp-json\/wp\/v2\/types\/post"}],"author":[{"embeddable":true,"href":"https:\/\/elregionalvm.com.ar\/noticias-villa-maria\/wp-json\/wp\/v2\/users\/4"}],"replies":[{"embeddable":true,"href":"https:\/\/elregionalvm.com.ar\/noticias-villa-maria\/wp-json\/wp\/v2\/comments?post=73326"}],"version-history":[{"count":2,"href":"https:\/\/elregionalvm.com.ar\/noticias-villa-maria\/wp-json\/wp\/v2\/posts\/73326\/revisions"}],"predecessor-version":[{"id":73359,"href":"https:\/\/elregionalvm.com.ar\/noticias-villa-maria\/wp-json\/wp\/v2\/posts\/73326\/revisions\/73359"}],"wp:featuredmedia":[{"embeddable":true,"href":"https:\/\/elregionalvm.com.ar\/noticias-villa-maria\/wp-json\/wp\/v2\/media\/73330"}],"wp:attachment":[{"href":"https:\/\/elregionalvm.com.ar\/noticias-villa-maria\/wp-json\/wp\/v2\/media?parent=73326"}],"wp:term":[{"taxonomy":"category","embeddable":true,"href":"https:\/\/elregionalvm.com.ar\/noticias-villa-maria\/wp-json\/wp\/v2\/categories?post=73326"},{"taxonomy":"post_tag","embeddable":true,"href":"https:\/\/elregionalvm.com.ar\/noticias-villa-maria\/wp-json\/wp\/v2\/tags?post=73326"}],"curies":[{"name":"wp","href":"https:\/\/api.w.org\/{rel}","templated":true}]}}