{"id":73332,"date":"2023-03-18T13:49:12","date_gmt":"2023-03-18T13:49:12","guid":{"rendered":"https:\/\/elregionalvm.com.ar\/noticias-villa-maria\/?p=73332"},"modified":"2023-03-18T13:49:14","modified_gmt":"2023-03-18T13:49:14","slug":"alumni-sumo-un-refuerzo-que-tuvo-paso-por-boca-juniors","status":"publish","type":"post","link":"https:\/\/elregionalvm.com.ar\/noticias-villa-maria\/alumni-sumo-un-refuerzo-que-tuvo-paso-por-boca-juniors\/","title":{"rendered":"Alumni sum\u00f3 un refuerzo que tuvo paso por Boca Juniors"},"content":{"rendered":"\n<p>Desde la instituci\u00f3n fortinera lo anunciaron con el siguiente comunicado: <\/p>\n\n\n\n<p>El Club Atl\u00e9tico Alumni anuncia que el defensor Dino Castagno (29) se convirti\u00f3 en un nuevo jugador de la instituci\u00f3n.<\/p>\n\n\n\n<p>El futbolista, nacido en Pozo del Molle y de \u00faltimo paso en FADEP de Mendoza, jugar\u00e1 los campeonatos de la Liga Villamariense y el pr\u00f3ximo torneo Regional, aunque no podr\u00e1 desempe\u00f1arse en el actual Provincial.<\/p>\n\n\n\n<p>Castagno debut\u00f3 como futbolista nada m\u00e1s y nada menos que en Boca Juniors. Luego, milit\u00f3 en clubes como Gimnasia de Jujuy, Deportivo Espa\u00f1ol y San Mart\u00edn de Mendoza.<\/p>\n\n\n\n<p>\u00a1Bienvenido al Fortinero, Dino!<\/p>\n\n\n\n<figure class=\"wp-block-image size-full\"><img data-recalc-dims=\"1\" fetchpriority=\"high\" decoding=\"async\" width=\"960\" height=\"623\" src=\"https:\/\/i0.wp.com\/elregionalvm.com.ar\/noticias-villa-maria\/wp-content\/uploads\/2023\/03\/WhatsApp-Image-2023-03-17-at-22.24.16.jpeg?resize=960%2C623&#038;ssl=1\" alt=\"\" class=\"wp-image-73334\" srcset=\"https:\/\/i0.wp.com\/elregionalvm.com.ar\/noticias-villa-maria\/wp-content\/uploads\/2023\/03\/WhatsApp-Image-2023-03-17-at-22.24.16.jpeg?w=960&amp;ssl=1 960w, https:\/\/i0.wp.com\/elregionalvm.com.ar\/noticias-villa-maria\/wp-content\/uploads\/2023\/03\/WhatsApp-Image-2023-03-17-at-22.24.16.jpeg?resize=300%2C195&amp;ssl=1 300w, https:\/\/i0.wp.com\/elregionalvm.com.ar\/noticias-villa-maria\/wp-content\/uploads\/2023\/03\/WhatsApp-Image-2023-03-17-at-22.24.16.jpeg?resize=768%2C498&amp;ssl=1 768w\" sizes=\"(max-width: 960px) 100vw, 960px\" \/><\/figure>\n\n\n\n<figure class=\"wp-block-image size-full\"><img data-recalc-dims=\"1\" decoding=\"async\" width=\"368\" height=\"340\" src=\"https:\/\/i0.wp.com\/elregionalvm.com.ar\/noticias-villa-maria\/wp-content\/uploads\/2023\/03\/WhatsApp-Image-2023-03-17-at-22.24.17.jpeg?resize=368%2C340&#038;ssl=1\" alt=\"\" class=\"wp-image-73333\" srcset=\"https:\/\/i0.wp.com\/elregionalvm.com.ar\/noticias-villa-maria\/wp-content\/uploads\/2023\/03\/WhatsApp-Image-2023-03-17-at-22.24.17.jpeg?w=368&amp;ssl=1 368w, https:\/\/i0.wp.com\/elregionalvm.com.ar\/noticias-villa-maria\/wp-content\/uploads\/2023\/03\/WhatsApp-Image-2023-03-17-at-22.24.17.jpeg?resize=300%2C277&amp;ssl=1 300w\" sizes=\"(max-width: 368px) 100vw, 368px\" \/><\/figure>\n","protected":false},"excerpt":{"rendered":"<p>Desde la instituci\u00f3n fortinera lo anunciaron con el siguiente comunicado: El Club Atl\u00e9tico Alumni anuncia que el defensor Dino Castagno (29) se convirti\u00f3 en un nuevo jugador de la instituci\u00f3n. El futbolista, nacido en Pozo del Molle y de \u00faltimo paso en FADEP de Mendoza, jugar\u00e1 los campeonatos de la Liga Villamariense y el pr\u00f3ximo [&hellip;]<\/p>\n","protected":false},"author":4,"featured_media":73335,"comment_status":"open","ping_status":"open","sticky":false,"template":"","format":"standard","meta":{"site-sidebar-layout":"default","site-content-layout":"","ast-site-content-layout":"default","site-content-style":"default","site-sidebar-style":"default","ast-global-header-display":"","ast-banner-title-visibility":"","ast-main-header-display":"","ast-hfb-above-header-display":"","ast-hfb-below-header-display":"","ast-hfb-mobile-header-display":"","site-post-title":"","ast-breadcrumbs-content":"","ast-featured-img":"","footer-sml-layout":"","ast-disable-related-posts":"","theme-transparent-header-meta":"","adv-header-id-meta":"","stick-header-meta":"","header-above-stick-meta":"","header-main-stick-meta":"","header-below-stick-meta":"","astra-migrate-meta-layouts":"default","ast-page-background-enabled":"default","ast-page-background-meta":{"desktop":{"background-color":"","background-image":"","background-repeat":"repeat","background-position":"center center","background-size":"auto","background-attachment":"scroll","background-type":"","background-media":"","overlay-type":"","overlay-color":"","overlay-opacity":"","overlay-gradient":""},"tablet":{"background-color":"","background-image":"","background-repeat":"repeat","background-position":"center center","background-size":"auto","background-attachment":"scroll","background-type":"","background-media":"","overlay-type":"","overlay-color":"","overlay-opacity":"","overlay-gradient":""},"mobile":{"background-color":"","background-image":"","background-repeat":"repeat","background-position":"center center","background-size":"auto","background-attachment":"scroll","background-type":"","background-media":"","overlay-type":"","overlay-color":"","overlay-opacity":"","overlay-gradient":""}},"ast-content-background-meta":{"desktop":{"background-color":"var(--ast-global-color-5)","background-image":"","background-repeat":"repeat","background-position":"center center","background-size":"auto","background-attachment":"scroll","background-type":"","background-media":"","overlay-type":"","overlay-color":"","overlay-opacity":"","overlay-gradient":""},"tablet":{"background-color":"var(--ast-global-color-5)","background-image":"","background-repeat":"repeat","background-position":"center center","background-size":"auto","background-attachment":"scroll","background-type":"","background-media":"","overlay-type":"","overlay-color":"","overlay-opacity":"","overlay-gradient":""},"mobile":{"background-color":"var(--ast-global-color-5)","background-image":"","background-repeat":"repeat","background-position":"center center","background-size":"auto","background-attachment":"scroll","background-type":"","background-media":"","overlay-type":"","overlay-color":"","overlay-opacity":"","overlay-gradient":""}},"_jetpack_memberships_contains_paid_content":false,"_joinchat":[],"footnotes":""},"categories":[15158,15302,2],"tags":[],"class_list":["post-73332","post","type-post","status-publish","format-standard","has-post-thumbnail","hentry","category-deporte","category-destacado","category-villa-maria"],"yoast_head":"<!-- This site is optimized with the Yoast SEO plugin v26.8 - https:\/\/yoast.com\/product\/yoast-seo-wordpress\/ -->\n<title>Alumni sum\u00f3 un refuerzo que tuvo paso por Boca Juniors - El Regional<\/title>\n<meta name=\"robots\" content=\"index, follow, max-snippet:-1, max-image-preview:large, max-video-preview:-1\" \/>\n<link rel=\"canonical\" href=\"http:\/\/elregionalvm.com.ar\/noticias-villa-maria\/alumni-sumo-un-refuerzo-que-tuvo-paso-por-boca-juniors\/\" \/>\n<meta property=\"og:locale\" content=\"es_ES\" \/>\n<meta property=\"og:type\" content=\"article\" \/>\n<meta property=\"og:title\" content=\"Alumni sum\u00f3 un refuerzo que tuvo paso por Boca Juniors - El Regional\" \/>\n<meta property=\"og:description\" content=\"Desde la instituci\u00f3n fortinera lo anunciaron con el siguiente comunicado: El Club Atl\u00e9tico Alumni anuncia que el defensor Dino Castagno (29) se convirti\u00f3 en un nuevo jugador de la instituci\u00f3n. El futbolista, nacido en Pozo del Molle y de \u00faltimo paso en FADEP de Mendoza, jugar\u00e1 los campeonatos de la Liga Villamariense y el pr\u00f3ximo [&hellip;]\" \/>\n<meta property=\"og:url\" content=\"http:\/\/elregionalvm.com.ar\/noticias-villa-maria\/alumni-sumo-un-refuerzo-que-tuvo-paso-por-boca-juniors\/\" \/>\n<meta property=\"og:site_name\" content=\"El Regional\" \/>\n<meta property=\"article:publisher\" content=\"https:\/\/www.facebook.com\/elregionalvm\" \/>\n<meta property=\"article:published_time\" content=\"2023-03-18T13:49:12+00:00\" \/>\n<meta property=\"article:modified_time\" content=\"2023-03-18T13:49:14+00:00\" \/>\n<meta property=\"og:image\" content=\"http:\/\/elregionalvm.com.ar\/noticias-villa-maria\/wp-content\/uploads\/2023\/03\/WhatsApp-Image-2023-03-17-at-22.23.43.jpeg\" \/>\n\t<meta property=\"og:image:width\" content=\"480\" \/>\n\t<meta property=\"og:image:height\" content=\"355\" \/>\n\t<meta property=\"og:image:type\" content=\"image\/jpeg\" \/>\n<meta name=\"author\" content=\"Contenidos El Regional\" \/>\n<meta name=\"twitter:card\" content=\"summary_large_image\" \/>\n<meta name=\"twitter:creator\" content=\"@elregionalvm1\" \/>\n<meta name=\"twitter:site\" content=\"@elregionalvm1\" \/>\n<meta name=\"twitter:label1\" content=\"Escrito por\" \/>\n\t<meta name=\"twitter:data1\" content=\"Contenidos El Regional\" \/>\n\t<meta name=\"twitter:label2\" content=\"Tiempo de lectura\" \/>\n\t<meta name=\"twitter:data2\" content=\"1 minuto\" \/>\n<script type=\"application\/ld+json\" class=\"yoast-schema-graph\">{\"@context\":\"https:\/\/schema.org\",\"@graph\":[{\"@type\":\"Article\",\"@id\":\"http:\/\/elregionalvm.com.ar\/noticias-villa-maria\/alumni-sumo-un-refuerzo-que-tuvo-paso-por-boca-juniors\/#article\",\"isPartOf\":{\"@id\":\"http:\/\/elregionalvm.com.ar\/noticias-villa-maria\/alumni-sumo-un-refuerzo-que-tuvo-paso-por-boca-juniors\/\"},\"author\":{\"name\":\"Contenidos El Regional\",\"@id\":\"http:\/\/elregionalvm.com.ar\/noticias-villa-maria\/#\/schema\/person\/a0fb9c422317faca23d50163151bc354\"},\"headline\":\"Alumni sum\u00f3 un refuerzo que tuvo paso por Boca Juniors\",\"datePublished\":\"2023-03-18T13:49:12+00:00\",\"dateModified\":\"2023-03-18T13:49:14+00:00\",\"mainEntityOfPage\":{\"@id\":\"http:\/\/elregionalvm.com.ar\/noticias-villa-maria\/alumni-sumo-un-refuerzo-que-tuvo-paso-por-boca-juniors\/\"},\"wordCount\":114,\"commentCount\":0,\"image\":{\"@id\":\"http:\/\/elregionalvm.com.ar\/noticias-villa-maria\/alumni-sumo-un-refuerzo-que-tuvo-paso-por-boca-juniors\/#primaryimage\"},\"thumbnailUrl\":\"https:\/\/i0.wp.com\/elregionalvm.com.ar\/noticias-villa-maria\/wp-content\/uploads\/2023\/03\/WhatsApp-Image-2023-03-17-at-22.23.43.jpeg?fit=480%2C355&ssl=1\",\"articleSection\":[\"Deporte\",\"destacado\",\"Villa Mar\u00eda\"],\"inLanguage\":\"es\",\"potentialAction\":[{\"@type\":\"CommentAction\",\"name\":\"Comment\",\"target\":[\"http:\/\/elregionalvm.com.ar\/noticias-villa-maria\/alumni-sumo-un-refuerzo-que-tuvo-paso-por-boca-juniors\/#respond\"]}]},{\"@type\":\"WebPage\",\"@id\":\"http:\/\/elregionalvm.com.ar\/noticias-villa-maria\/alumni-sumo-un-refuerzo-que-tuvo-paso-por-boca-juniors\/\",\"url\":\"http:\/\/elregionalvm.com.ar\/noticias-villa-maria\/alumni-sumo-un-refuerzo-que-tuvo-paso-por-boca-juniors\/\",\"name\":\"Alumni sum\u00f3 un refuerzo que tuvo paso por Boca Juniors - El Regional\",\"isPartOf\":{\"@id\":\"http:\/\/elregionalvm.com.ar\/noticias-villa-maria\/#website\"},\"primaryImageOfPage\":{\"@id\":\"http:\/\/elregionalvm.com.ar\/noticias-villa-maria\/alumni-sumo-un-refuerzo-que-tuvo-paso-por-boca-juniors\/#primaryimage\"},\"image\":{\"@id\":\"http:\/\/elregionalvm.com.ar\/noticias-villa-maria\/alumni-sumo-un-refuerzo-que-tuvo-paso-por-boca-juniors\/#primaryimage\"},\"thumbnailUrl\":\"https:\/\/i0.wp.com\/elregionalvm.com.ar\/noticias-villa-maria\/wp-content\/uploads\/2023\/03\/WhatsApp-Image-2023-03-17-at-22.23.43.jpeg?fit=480%2C355&ssl=1\",\"datePublished\":\"2023-03-18T13:49:12+00:00\",\"dateModified\":\"2023-03-18T13:49:14+00:00\",\"author\":{\"@id\":\"http:\/\/elregionalvm.com.ar\/noticias-villa-maria\/#\/schema\/person\/a0fb9c422317faca23d50163151bc354\"},\"breadcrumb\":{\"@id\":\"http:\/\/elregionalvm.com.ar\/noticias-villa-maria\/alumni-sumo-un-refuerzo-que-tuvo-paso-por-boca-juniors\/#breadcrumb\"},\"inLanguage\":\"es\",\"potentialAction\":[{\"@type\":\"ReadAction\",\"target\":[\"http:\/\/elregionalvm.com.ar\/noticias-villa-maria\/alumni-sumo-un-refuerzo-que-tuvo-paso-por-boca-juniors\/\"]}]},{\"@type\":\"ImageObject\",\"inLanguage\":\"es\",\"@id\":\"http:\/\/elregionalvm.com.ar\/noticias-villa-maria\/alumni-sumo-un-refuerzo-que-tuvo-paso-por-boca-juniors\/#primaryimage\",\"url\":\"https:\/\/i0.wp.com\/elregionalvm.com.ar\/noticias-villa-maria\/wp-content\/uploads\/2023\/03\/WhatsApp-Image-2023-03-17-at-22.23.43.jpeg?fit=480%2C355&ssl=1\",\"contentUrl\":\"https:\/\/i0.wp.com\/elregionalvm.com.ar\/noticias-villa-maria\/wp-content\/uploads\/2023\/03\/WhatsApp-Image-2023-03-17-at-22.23.43.jpeg?fit=480%2C355&ssl=1\",\"width\":480,\"height\":355},{\"@type\":\"BreadcrumbList\",\"@id\":\"http:\/\/elregionalvm.com.ar\/noticias-villa-maria\/alumni-sumo-un-refuerzo-que-tuvo-paso-por-boca-juniors\/#breadcrumb\",\"itemListElement\":[{\"@type\":\"ListItem\",\"position\":1,\"name\":\"Portada\",\"item\":\"https:\/\/elregionalvm.com.ar\/noticias-villa-maria\/\"},{\"@type\":\"ListItem\",\"position\":2,\"name\":\"Alumni sum\u00f3 un refuerzo que tuvo paso por Boca Juniors\"}]},{\"@type\":\"WebSite\",\"@id\":\"http:\/\/elregionalvm.com.ar\/noticias-villa-maria\/#website\",\"url\":\"http:\/\/elregionalvm.com.ar\/noticias-villa-maria\/\",\"name\":\"El Regional\",\"description\":\"Mucho m\u00e1s que informaci\u00f3n\",\"potentialAction\":[{\"@type\":\"SearchAction\",\"target\":{\"@type\":\"EntryPoint\",\"urlTemplate\":\"http:\/\/elregionalvm.com.ar\/noticias-villa-maria\/?s={search_term_string}\"},\"query-input\":{\"@type\":\"PropertyValueSpecification\",\"valueRequired\":true,\"valueName\":\"search_term_string\"}}],\"inLanguage\":\"es\"},{\"@type\":\"Person\",\"@id\":\"http:\/\/elregionalvm.com.ar\/noticias-villa-maria\/#\/schema\/person\/a0fb9c422317faca23d50163151bc354\",\"name\":\"Contenidos El Regional\",\"image\":{\"@type\":\"ImageObject\",\"inLanguage\":\"es\",\"@id\":\"http:\/\/elregionalvm.com.ar\/noticias-villa-maria\/#\/schema\/person\/image\/\",\"url\":\"https:\/\/secure.gravatar.com\/avatar\/265b27cb2209af7bb3a1318f03305787d7981a5cc6e6cd08fe5a4ecdf99d4b48?s=96&d=mm&r=g\",\"contentUrl\":\"https:\/\/secure.gravatar.com\/avatar\/265b27cb2209af7bb3a1318f03305787d7981a5cc6e6cd08fe5a4ecdf99d4b48?s=96&d=mm&r=g\",\"caption\":\"Contenidos El Regional\"},\"url\":\"https:\/\/elregionalvm.com.ar\/noticias-villa-maria\/author\/contenido\/\"}]}<\/script>\n<!-- \/ Yoast SEO plugin. -->","yoast_head_json":{"title":"Alumni sum\u00f3 un refuerzo que tuvo paso por Boca Juniors - El Regional","robots":{"index":"index","follow":"follow","max-snippet":"max-snippet:-1","max-image-preview":"max-image-preview:large","max-video-preview":"max-video-preview:-1"},"canonical":"http:\/\/elregionalvm.com.ar\/noticias-villa-maria\/alumni-sumo-un-refuerzo-que-tuvo-paso-por-boca-juniors\/","og_locale":"es_ES","og_type":"article","og_title":"Alumni sum\u00f3 un refuerzo que tuvo paso por Boca Juniors - El Regional","og_description":"Desde la instituci\u00f3n fortinera lo anunciaron con el siguiente comunicado: El Club Atl\u00e9tico Alumni anuncia que el defensor Dino Castagno (29) se convirti\u00f3 en un nuevo jugador de la instituci\u00f3n. El futbolista, nacido en Pozo del Molle y de \u00faltimo paso en FADEP de Mendoza, jugar\u00e1 los campeonatos de la Liga Villamariense y el pr\u00f3ximo [&hellip;]","og_url":"http:\/\/elregionalvm.com.ar\/noticias-villa-maria\/alumni-sumo-un-refuerzo-que-tuvo-paso-por-boca-juniors\/","og_site_name":"El Regional","article_publisher":"https:\/\/www.facebook.com\/elregionalvm","article_published_time":"2023-03-18T13:49:12+00:00","article_modified_time":"2023-03-18T13:49:14+00:00","og_image":[{"width":480,"height":355,"url":"http:\/\/elregionalvm.com.ar\/noticias-villa-maria\/wp-content\/uploads\/2023\/03\/WhatsApp-Image-2023-03-17-at-22.23.43.jpeg","type":"image\/jpeg"}],"author":"Contenidos El Regional","twitter_card":"summary_large_image","twitter_creator":"@elregionalvm1","twitter_site":"@elregionalvm1","twitter_misc":{"Escrito por":"Contenidos El Regional","Tiempo de lectura":"1 minuto"},"schema":{"@context":"https:\/\/schema.org","@graph":[{"@type":"Article","@id":"http:\/\/elregionalvm.com.ar\/noticias-villa-maria\/alumni-sumo-un-refuerzo-que-tuvo-paso-por-boca-juniors\/#article","isPartOf":{"@id":"http:\/\/elregionalvm.com.ar\/noticias-villa-maria\/alumni-sumo-un-refuerzo-que-tuvo-paso-por-boca-juniors\/"},"author":{"name":"Contenidos El Regional","@id":"http:\/\/elregionalvm.com.ar\/noticias-villa-maria\/#\/schema\/person\/a0fb9c422317faca23d50163151bc354"},"headline":"Alumni sum\u00f3 un refuerzo que tuvo paso por Boca Juniors","datePublished":"2023-03-18T13:49:12+00:00","dateModified":"2023-03-18T13:49:14+00:00","mainEntityOfPage":{"@id":"http:\/\/elregionalvm.com.ar\/noticias-villa-maria\/alumni-sumo-un-refuerzo-que-tuvo-paso-por-boca-juniors\/"},"wordCount":114,"commentCount":0,"image":{"@id":"http:\/\/elregionalvm.com.ar\/noticias-villa-maria\/alumni-sumo-un-refuerzo-que-tuvo-paso-por-boca-juniors\/#primaryimage"},"thumbnailUrl":"https:\/\/i0.wp.com\/elregionalvm.com.ar\/noticias-villa-maria\/wp-content\/uploads\/2023\/03\/WhatsApp-Image-2023-03-17-at-22.23.43.jpeg?fit=480%2C355&ssl=1","articleSection":["Deporte","destacado","Villa Mar\u00eda"],"inLanguage":"es","potentialAction":[{"@type":"CommentAction","name":"Comment","target":["http:\/\/elregionalvm.com.ar\/noticias-villa-maria\/alumni-sumo-un-refuerzo-que-tuvo-paso-por-boca-juniors\/#respond"]}]},{"@type":"WebPage","@id":"http:\/\/elregionalvm.com.ar\/noticias-villa-maria\/alumni-sumo-un-refuerzo-que-tuvo-paso-por-boca-juniors\/","url":"http:\/\/elregionalvm.com.ar\/noticias-villa-maria\/alumni-sumo-un-refuerzo-que-tuvo-paso-por-boca-juniors\/","name":"Alumni sum\u00f3 un refuerzo que tuvo paso por Boca Juniors - El Regional","isPartOf":{"@id":"http:\/\/elregionalvm.com.ar\/noticias-villa-maria\/#website"},"primaryImageOfPage":{"@id":"http:\/\/elregionalvm.com.ar\/noticias-villa-maria\/alumni-sumo-un-refuerzo-que-tuvo-paso-por-boca-juniors\/#primaryimage"},"image":{"@id":"http:\/\/elregionalvm.com.ar\/noticias-villa-maria\/alumni-sumo-un-refuerzo-que-tuvo-paso-por-boca-juniors\/#primaryimage"},"thumbnailUrl":"https:\/\/i0.wp.com\/elregionalvm.com.ar\/noticias-villa-maria\/wp-content\/uploads\/2023\/03\/WhatsApp-Image-2023-03-17-at-22.23.43.jpeg?fit=480%2C355&ssl=1","datePublished":"2023-03-18T13:49:12+00:00","dateModified":"2023-03-18T13:49:14+00:00","author":{"@id":"http:\/\/elregionalvm.com.ar\/noticias-villa-maria\/#\/schema\/person\/a0fb9c422317faca23d50163151bc354"},"breadcrumb":{"@id":"http:\/\/elregionalvm.com.ar\/noticias-villa-maria\/alumni-sumo-un-refuerzo-que-tuvo-paso-por-boca-juniors\/#breadcrumb"},"inLanguage":"es","potentialAction":[{"@type":"ReadAction","target":["http:\/\/elregionalvm.com.ar\/noticias-villa-maria\/alumni-sumo-un-refuerzo-que-tuvo-paso-por-boca-juniors\/"]}]},{"@type":"ImageObject","inLanguage":"es","@id":"http:\/\/elregionalvm.com.ar\/noticias-villa-maria\/alumni-sumo-un-refuerzo-que-tuvo-paso-por-boca-juniors\/#primaryimage","url":"https:\/\/i0.wp.com\/elregionalvm.com.ar\/noticias-villa-maria\/wp-content\/uploads\/2023\/03\/WhatsApp-Image-2023-03-17-at-22.23.43.jpeg?fit=480%2C355&ssl=1","contentUrl":"https:\/\/i0.wp.com\/elregionalvm.com.ar\/noticias-villa-maria\/wp-content\/uploads\/2023\/03\/WhatsApp-Image-2023-03-17-at-22.23.43.jpeg?fit=480%2C355&ssl=1","width":480,"height":355},{"@type":"BreadcrumbList","@id":"http:\/\/elregionalvm.com.ar\/noticias-villa-maria\/alumni-sumo-un-refuerzo-que-tuvo-paso-por-boca-juniors\/#breadcrumb","itemListElement":[{"@type":"ListItem","position":1,"name":"Portada","item":"https:\/\/elregionalvm.com.ar\/noticias-villa-maria\/"},{"@type":"ListItem","position":2,"name":"Alumni sum\u00f3 un refuerzo que tuvo paso por Boca Juniors"}]},{"@type":"WebSite","@id":"http:\/\/elregionalvm.com.ar\/noticias-villa-maria\/#website","url":"http:\/\/elregionalvm.com.ar\/noticias-villa-maria\/","name":"El Regional","description":"Mucho m\u00e1s que informaci\u00f3n","potentialAction":[{"@type":"SearchAction","target":{"@type":"EntryPoint","urlTemplate":"http:\/\/elregionalvm.com.ar\/noticias-villa-maria\/?s={search_term_string}"},"query-input":{"@type":"PropertyValueSpecification","valueRequired":true,"valueName":"search_term_string"}}],"inLanguage":"es"},{"@type":"Person","@id":"http:\/\/elregionalvm.com.ar\/noticias-villa-maria\/#\/schema\/person\/a0fb9c422317faca23d50163151bc354","name":"Contenidos El Regional","image":{"@type":"ImageObject","inLanguage":"es","@id":"http:\/\/elregionalvm.com.ar\/noticias-villa-maria\/#\/schema\/person\/image\/","url":"https:\/\/secure.gravatar.com\/avatar\/265b27cb2209af7bb3a1318f03305787d7981a5cc6e6cd08fe5a4ecdf99d4b48?s=96&d=mm&r=g","contentUrl":"https:\/\/secure.gravatar.com\/avatar\/265b27cb2209af7bb3a1318f03305787d7981a5cc6e6cd08fe5a4ecdf99d4b48?s=96&d=mm&r=g","caption":"Contenidos El Regional"},"url":"https:\/\/elregionalvm.com.ar\/noticias-villa-maria\/author\/contenido\/"}]}},"jetpack_featured_media_url":"https:\/\/i0.wp.com\/elregionalvm.com.ar\/noticias-villa-maria\/wp-content\/uploads\/2023\/03\/WhatsApp-Image-2023-03-17-at-22.23.43.jpeg?fit=480%2C355&ssl=1","jetpack_sharing_enabled":true,"_links":{"self":[{"href":"https:\/\/elregionalvm.com.ar\/noticias-villa-maria\/wp-json\/wp\/v2\/posts\/73332","targetHints":{"allow":["GET"]}}],"collection":[{"href":"https:\/\/elregionalvm.com.ar\/noticias-villa-maria\/wp-json\/wp\/v2\/posts"}],"about":[{"href":"https:\/\/elregionalvm.com.ar\/noticias-villa-maria\/wp-json\/wp\/v2\/types\/post"}],"author":[{"embeddable":true,"href":"https:\/\/elregionalvm.com.ar\/noticias-villa-maria\/wp-json\/wp\/v2\/users\/4"}],"replies":[{"embeddable":true,"href":"https:\/\/elregionalvm.com.ar\/noticias-villa-maria\/wp-json\/wp\/v2\/comments?post=73332"}],"version-history":[{"count":1,"href":"https:\/\/elregionalvm.com.ar\/noticias-villa-maria\/wp-json\/wp\/v2\/posts\/73332\/revisions"}],"predecessor-version":[{"id":73336,"href":"https:\/\/elregionalvm.com.ar\/noticias-villa-maria\/wp-json\/wp\/v2\/posts\/73332\/revisions\/73336"}],"wp:featuredmedia":[{"embeddable":true,"href":"https:\/\/elregionalvm.com.ar\/noticias-villa-maria\/wp-json\/wp\/v2\/media\/73335"}],"wp:attachment":[{"href":"https:\/\/elregionalvm.com.ar\/noticias-villa-maria\/wp-json\/wp\/v2\/media?parent=73332"}],"wp:term":[{"taxonomy":"category","embeddable":true,"href":"https:\/\/elregionalvm.com.ar\/noticias-villa-maria\/wp-json\/wp\/v2\/categories?post=73332"},{"taxonomy":"post_tag","embeddable":true,"href":"https:\/\/elregionalvm.com.ar\/noticias-villa-maria\/wp-json\/wp\/v2\/tags?post=73332"}],"curies":[{"name":"wp","href":"https:\/\/api.w.org\/{rel}","templated":true}]}}