{"id":73337,"date":"2023-03-18T14:32:01","date_gmt":"2023-03-18T14:32:01","guid":{"rendered":"https:\/\/elregionalvm.com.ar\/noticias-villa-maria\/?p=73337"},"modified":"2023-03-18T14:32:03","modified_gmt":"2023-03-18T14:32:03","slug":"con-22-obras-de-arte-vendidas-la-feria-de-arte-contemporaneo-tuvo-una-exitosa-noche-de-apertura","status":"publish","type":"post","link":"https:\/\/elregionalvm.com.ar\/noticias-villa-maria\/con-22-obras-de-arte-vendidas-la-feria-de-arte-contemporaneo-tuvo-una-exitosa-noche-de-apertura\/","title":{"rendered":"Con 22 obras de arte vendidas, la Feria de Arte Contempor\u00e1neo tuvo una exitosa noche de apertura"},"content":{"rendered":"\n<p>En su noche de estreno, la Feria de Arte Contempor\u00e1neo Villa Mar\u00eda concret\u00f3 la venta de 22 piezas art\u00edsticas, generando una excelente expectativa para las jornadas restantes. <\/p>\n\n\n\n<p>La propuesta se extender\u00e1 hasta el 26 de marzo en el Museo Municipal de Bellas Artes Fernando Bonfiglioli para brindar un espacio en el que artistas locales y de la regi\u00f3n puedan exhibir y comercializar sus trabajos, a la vez que pueden participar de diversas instancias de capacitaci\u00f3n.<\/p>\n\n\n\n<figure class=\"wp-block-image size-large\"><img data-recalc-dims=\"1\" fetchpriority=\"high\" decoding=\"async\" width=\"1024\" height=\"682\" src=\"https:\/\/i0.wp.com\/elregionalvm.com.ar\/noticias-villa-maria\/wp-content\/uploads\/2023\/03\/WhatsApp-Image-2023-03-18-at-11.18.49.jpeg?resize=1024%2C682&#038;ssl=1\" alt=\"\" class=\"wp-image-73338\" srcset=\"https:\/\/i0.wp.com\/elregionalvm.com.ar\/noticias-villa-maria\/wp-content\/uploads\/2023\/03\/WhatsApp-Image-2023-03-18-at-11.18.49.jpeg?resize=1024%2C682&amp;ssl=1 1024w, https:\/\/i0.wp.com\/elregionalvm.com.ar\/noticias-villa-maria\/wp-content\/uploads\/2023\/03\/WhatsApp-Image-2023-03-18-at-11.18.49.jpeg?resize=300%2C200&amp;ssl=1 300w, https:\/\/i0.wp.com\/elregionalvm.com.ar\/noticias-villa-maria\/wp-content\/uploads\/2023\/03\/WhatsApp-Image-2023-03-18-at-11.18.49.jpeg?resize=768%2C512&amp;ssl=1 768w, https:\/\/i0.wp.com\/elregionalvm.com.ar\/noticias-villa-maria\/wp-content\/uploads\/2023\/03\/WhatsApp-Image-2023-03-18-at-11.18.49.jpeg?w=1280&amp;ssl=1 1280w\" sizes=\"(max-width: 1000px) 100vw, 1000px\" \/><\/figure>\n\n\n\n<p>La Feria de Arte di\u00f3 inicio ayer por la tarde, con la primera charla abierta con eje tem\u00e1tico en g\u00e9nero y coleccionismo. <\/p>\n\n\n\n<p>El debate, que estuvo a cargo de la curadora Kekena Corval\u00e1n y de Alejandra Portela, cont\u00f3 con una gran participaci\u00f3n del p\u00fablico.<\/p>\n\n\n\n<p>Luego se di\u00f3 lugar a la apertura oficial, con la exhibici\u00f3n de las 280 obras que 33 artistas prepararon para esta edici\u00f3n. <\/p>\n\n\n\n<p>As\u00ed la velada de apertura transcurri\u00f3 con gran \u00e9xito, alcanzando la venta de 22 piezas exclusivas. Como referencia, vale recordar que en su \u00faltima edici\u00f3n, se vendieron un total de 50 obras.<\/p>\n\n\n\n<p>La iniciativa parte de las pol\u00edticas diagramadas por la Secretar\u00eda de Educaci\u00f3n, Cultura y Promoci\u00f3n de la Ciencia, que busca promover un espacio donde se lleve a cabo la venta directa entre el autor de la obra y el comprador. <\/p>\n\n\n\n<p>En este punto vale aclarar que el Museo Municipal no participa en las ventas, ya que s\u00f3lo aporta su infraestructura para concretar el intercambio comercial y el desarrollo de los talleres y charlas.<\/p>\n\n\n\n<p>Con este puntapi\u00e9, la Feria de Arte continuar\u00e1 vigente hasta el 26 de marzo, en el horario de 9:00 a 21:00 horas. <\/p>\n\n\n\n<p>Adem\u00e1s, todos los d\u00edas de 17:00 a 21:00 horas est\u00e1 presente una asesora de ventas, para brindar orientaci\u00f3n a quienes deseen adquirir algunas de las piezas en exhibici\u00f3n. <\/p>\n\n\n\n<p>Por otra parte, algo para resaltar son los precios accesibles de las obras, ya que aquellos trabajos enmarcados tienen un valor que comienza en 8.000 pesos y las obras en papel sin enmarcar, a partir de 2.000 pesos.<\/p>\n\n\n\n<p>En cuanto al aspecto formativo de la feria, hoy tendr\u00e1 lugar a las 15:00 horas un taller te\u00f3rico-pr\u00e1ctico a cargo de la curadora Kekena Corval\u00e1n y Alejandra Portela, con eje sobre los nuevos escenarios del mercado de arte local. <\/p>\n\n\n\n<p>Aquellos interesados en participar deber\u00e1n completar el siguiente formulario web de inscripci\u00f3n:<br>https:\/\/docs.google.com\/forms\/d\/16b8pKBLdZEj-uAjTdf86Fnx2VfFpq57h3hIuOXZn0EE\/edit<\/p>\n\n\n\n<p>Por \u00faltimo, el mi\u00e9rcoles 22 a las 19:30 horas, Gabriela Manfredi vuelve a la galer\u00eda para abrir el debate en torno al arte contempor\u00e1neo en Villa Mar\u00eda.<\/p>\n","protected":false},"excerpt":{"rendered":"<p>En su noche de estreno, la Feria de Arte Contempor\u00e1neo Villa Mar\u00eda concret\u00f3 la venta de 22 piezas art\u00edsticas, generando una excelente expectativa para las jornadas restantes. La propuesta se extender\u00e1 hasta el 26 de marzo en el Museo Municipal de Bellas Artes Fernando Bonfiglioli para brindar un espacio en el que artistas locales y [&hellip;]<\/p>\n","protected":false},"author":4,"featured_media":73339,"comment_status":"open","ping_status":"open","sticky":false,"template":"","format":"standard","meta":{"site-sidebar-layout":"default","site-content-layout":"","ast-site-content-layout":"default","site-content-style":"default","site-sidebar-style":"default","ast-global-header-display":"","ast-banner-title-visibility":"","ast-main-header-display":"","ast-hfb-above-header-display":"","ast-hfb-below-header-display":"","ast-hfb-mobile-header-display":"","site-post-title":"","ast-breadcrumbs-content":"","ast-featured-img":"","footer-sml-layout":"","ast-disable-related-posts":"","theme-transparent-header-meta":"","adv-header-id-meta":"","stick-header-meta":"","header-above-stick-meta":"","header-main-stick-meta":"","header-below-stick-meta":"","astra-migrate-meta-layouts":"default","ast-page-background-enabled":"default","ast-page-background-meta":{"desktop":{"background-color":"","background-image":"","background-repeat":"repeat","background-position":"center center","background-size":"auto","background-attachment":"scroll","background-type":"","background-media":"","overlay-type":"","overlay-color":"","overlay-opacity":"","overlay-gradient":""},"tablet":{"background-color":"","background-image":"","background-repeat":"repeat","background-position":"center center","background-size":"auto","background-attachment":"scroll","background-type":"","background-media":"","overlay-type":"","overlay-color":"","overlay-opacity":"","overlay-gradient":""},"mobile":{"background-color":"","background-image":"","background-repeat":"repeat","background-position":"center center","background-size":"auto","background-attachment":"scroll","background-type":"","background-media":"","overlay-type":"","overlay-color":"","overlay-opacity":"","overlay-gradient":""}},"ast-content-background-meta":{"desktop":{"background-color":"var(--ast-global-color-5)","background-image":"","background-repeat":"repeat","background-position":"center center","background-size":"auto","background-attachment":"scroll","background-type":"","background-media":"","overlay-type":"","overlay-color":"","overlay-opacity":"","overlay-gradient":""},"tablet":{"background-color":"var(--ast-global-color-5)","background-image":"","background-repeat":"repeat","background-position":"center center","background-size":"auto","background-attachment":"scroll","background-type":"","background-media":"","overlay-type":"","overlay-color":"","overlay-opacity":"","overlay-gradient":""},"mobile":{"background-color":"var(--ast-global-color-5)","background-image":"","background-repeat":"repeat","background-position":"center center","background-size":"auto","background-attachment":"scroll","background-type":"","background-media":"","overlay-type":"","overlay-color":"","overlay-opacity":"","overlay-gradient":""}},"_jetpack_memberships_contains_paid_content":false,"_joinchat":[],"footnotes":""},"categories":[2068,15302,2],"tags":[],"class_list":["post-73337","post","type-post","status-publish","format-standard","has-post-thumbnail","hentry","category-cultura-deporte","category-destacado","category-villa-maria"],"yoast_head":"<!-- This site is optimized with the Yoast SEO plugin v26.8 - https:\/\/yoast.com\/product\/yoast-seo-wordpress\/ -->\n<title>Con 22 obras de arte vendidas, la Feria de Arte Contempor\u00e1neo tuvo una exitosa noche de apertura - El Regional<\/title>\n<meta name=\"robots\" content=\"index, follow, max-snippet:-1, max-image-preview:large, max-video-preview:-1\" \/>\n<link rel=\"canonical\" href=\"http:\/\/elregionalvm.com.ar\/noticias-villa-maria\/con-22-obras-de-arte-vendidas-la-feria-de-arte-contemporaneo-tuvo-una-exitosa-noche-de-apertura\/\" \/>\n<meta property=\"og:locale\" content=\"es_ES\" \/>\n<meta property=\"og:type\" content=\"article\" \/>\n<meta property=\"og:title\" content=\"Con 22 obras de arte vendidas, la Feria de Arte Contempor\u00e1neo tuvo una exitosa noche de apertura - El Regional\" \/>\n<meta property=\"og:description\" content=\"En su noche de estreno, la Feria de Arte Contempor\u00e1neo Villa Mar\u00eda concret\u00f3 la venta de 22 piezas art\u00edsticas, generando una excelente expectativa para las jornadas restantes. La propuesta se extender\u00e1 hasta el 26 de marzo en el Museo Municipal de Bellas Artes Fernando Bonfiglioli para brindar un espacio en el que artistas locales y [&hellip;]\" \/>\n<meta property=\"og:url\" content=\"http:\/\/elregionalvm.com.ar\/noticias-villa-maria\/con-22-obras-de-arte-vendidas-la-feria-de-arte-contemporaneo-tuvo-una-exitosa-noche-de-apertura\/\" \/>\n<meta property=\"og:site_name\" content=\"El Regional\" \/>\n<meta property=\"article:publisher\" content=\"https:\/\/www.facebook.com\/elregionalvm\" \/>\n<meta property=\"article:published_time\" content=\"2023-03-18T14:32:01+00:00\" \/>\n<meta property=\"article:modified_time\" content=\"2023-03-18T14:32:03+00:00\" \/>\n<meta property=\"og:image\" content=\"http:\/\/elregionalvm.com.ar\/noticias-villa-maria\/wp-content\/uploads\/2023\/03\/WhatsApp-Image-2023-03-18-at-11.18.19.jpeg\" \/>\n\t<meta property=\"og:image:width\" content=\"1280\" \/>\n\t<meta property=\"og:image:height\" content=\"853\" \/>\n\t<meta property=\"og:image:type\" content=\"image\/jpeg\" \/>\n<meta name=\"author\" content=\"Contenidos El Regional\" \/>\n<meta name=\"twitter:card\" content=\"summary_large_image\" \/>\n<meta name=\"twitter:creator\" content=\"@elregionalvm1\" \/>\n<meta name=\"twitter:site\" content=\"@elregionalvm1\" \/>\n<meta name=\"twitter:label1\" content=\"Escrito por\" \/>\n\t<meta name=\"twitter:data1\" content=\"Contenidos El Regional\" \/>\n\t<meta name=\"twitter:label2\" content=\"Tiempo de lectura\" \/>\n\t<meta name=\"twitter:data2\" content=\"3 minutos\" \/>\n<script type=\"application\/ld+json\" class=\"yoast-schema-graph\">{\"@context\":\"https:\/\/schema.org\",\"@graph\":[{\"@type\":\"Article\",\"@id\":\"http:\/\/elregionalvm.com.ar\/noticias-villa-maria\/con-22-obras-de-arte-vendidas-la-feria-de-arte-contemporaneo-tuvo-una-exitosa-noche-de-apertura\/#article\",\"isPartOf\":{\"@id\":\"http:\/\/elregionalvm.com.ar\/noticias-villa-maria\/con-22-obras-de-arte-vendidas-la-feria-de-arte-contemporaneo-tuvo-una-exitosa-noche-de-apertura\/\"},\"author\":{\"name\":\"Contenidos El Regional\",\"@id\":\"http:\/\/elregionalvm.com.ar\/noticias-villa-maria\/#\/schema\/person\/a0fb9c422317faca23d50163151bc354\"},\"headline\":\"Con 22 obras de arte vendidas, la Feria de Arte Contempor\u00e1neo tuvo una exitosa noche de apertura\",\"datePublished\":\"2023-03-18T14:32:01+00:00\",\"dateModified\":\"2023-03-18T14:32:03+00:00\",\"mainEntityOfPage\":{\"@id\":\"http:\/\/elregionalvm.com.ar\/noticias-villa-maria\/con-22-obras-de-arte-vendidas-la-feria-de-arte-contemporaneo-tuvo-una-exitosa-noche-de-apertura\/\"},\"wordCount\":458,\"commentCount\":0,\"image\":{\"@id\":\"http:\/\/elregionalvm.com.ar\/noticias-villa-maria\/con-22-obras-de-arte-vendidas-la-feria-de-arte-contemporaneo-tuvo-una-exitosa-noche-de-apertura\/#primaryimage\"},\"thumbnailUrl\":\"https:\/\/i0.wp.com\/elregionalvm.com.ar\/noticias-villa-maria\/wp-content\/uploads\/2023\/03\/WhatsApp-Image-2023-03-18-at-11.18.19.jpeg?fit=1280%2C853&ssl=1\",\"articleSection\":[\"Cultura\",\"destacado\",\"Villa Mar\u00eda\"],\"inLanguage\":\"es\",\"potentialAction\":[{\"@type\":\"CommentAction\",\"name\":\"Comment\",\"target\":[\"http:\/\/elregionalvm.com.ar\/noticias-villa-maria\/con-22-obras-de-arte-vendidas-la-feria-de-arte-contemporaneo-tuvo-una-exitosa-noche-de-apertura\/#respond\"]}]},{\"@type\":\"WebPage\",\"@id\":\"http:\/\/elregionalvm.com.ar\/noticias-villa-maria\/con-22-obras-de-arte-vendidas-la-feria-de-arte-contemporaneo-tuvo-una-exitosa-noche-de-apertura\/\",\"url\":\"http:\/\/elregionalvm.com.ar\/noticias-villa-maria\/con-22-obras-de-arte-vendidas-la-feria-de-arte-contemporaneo-tuvo-una-exitosa-noche-de-apertura\/\",\"name\":\"Con 22 obras de arte vendidas, la Feria de Arte Contempor\u00e1neo tuvo una exitosa noche de apertura - El Regional\",\"isPartOf\":{\"@id\":\"http:\/\/elregionalvm.com.ar\/noticias-villa-maria\/#website\"},\"primaryImageOfPage\":{\"@id\":\"http:\/\/elregionalvm.com.ar\/noticias-villa-maria\/con-22-obras-de-arte-vendidas-la-feria-de-arte-contemporaneo-tuvo-una-exitosa-noche-de-apertura\/#primaryimage\"},\"image\":{\"@id\":\"http:\/\/elregionalvm.com.ar\/noticias-villa-maria\/con-22-obras-de-arte-vendidas-la-feria-de-arte-contemporaneo-tuvo-una-exitosa-noche-de-apertura\/#primaryimage\"},\"thumbnailUrl\":\"https:\/\/i0.wp.com\/elregionalvm.com.ar\/noticias-villa-maria\/wp-content\/uploads\/2023\/03\/WhatsApp-Image-2023-03-18-at-11.18.19.jpeg?fit=1280%2C853&ssl=1\",\"datePublished\":\"2023-03-18T14:32:01+00:00\",\"dateModified\":\"2023-03-18T14:32:03+00:00\",\"author\":{\"@id\":\"http:\/\/elregionalvm.com.ar\/noticias-villa-maria\/#\/schema\/person\/a0fb9c422317faca23d50163151bc354\"},\"breadcrumb\":{\"@id\":\"http:\/\/elregionalvm.com.ar\/noticias-villa-maria\/con-22-obras-de-arte-vendidas-la-feria-de-arte-contemporaneo-tuvo-una-exitosa-noche-de-apertura\/#breadcrumb\"},\"inLanguage\":\"es\",\"potentialAction\":[{\"@type\":\"ReadAction\",\"target\":[\"http:\/\/elregionalvm.com.ar\/noticias-villa-maria\/con-22-obras-de-arte-vendidas-la-feria-de-arte-contemporaneo-tuvo-una-exitosa-noche-de-apertura\/\"]}]},{\"@type\":\"ImageObject\",\"inLanguage\":\"es\",\"@id\":\"http:\/\/elregionalvm.com.ar\/noticias-villa-maria\/con-22-obras-de-arte-vendidas-la-feria-de-arte-contemporaneo-tuvo-una-exitosa-noche-de-apertura\/#primaryimage\",\"url\":\"https:\/\/i0.wp.com\/elregionalvm.com.ar\/noticias-villa-maria\/wp-content\/uploads\/2023\/03\/WhatsApp-Image-2023-03-18-at-11.18.19.jpeg?fit=1280%2C853&ssl=1\",\"contentUrl\":\"https:\/\/i0.wp.com\/elregionalvm.com.ar\/noticias-villa-maria\/wp-content\/uploads\/2023\/03\/WhatsApp-Image-2023-03-18-at-11.18.19.jpeg?fit=1280%2C853&ssl=1\",\"width\":1280,\"height\":853},{\"@type\":\"BreadcrumbList\",\"@id\":\"http:\/\/elregionalvm.com.ar\/noticias-villa-maria\/con-22-obras-de-arte-vendidas-la-feria-de-arte-contemporaneo-tuvo-una-exitosa-noche-de-apertura\/#breadcrumb\",\"itemListElement\":[{\"@type\":\"ListItem\",\"position\":1,\"name\":\"Portada\",\"item\":\"https:\/\/elregionalvm.com.ar\/noticias-villa-maria\/\"},{\"@type\":\"ListItem\",\"position\":2,\"name\":\"Con 22 obras de arte vendidas, la Feria de Arte Contempor\u00e1neo tuvo una exitosa noche de apertura\"}]},{\"@type\":\"WebSite\",\"@id\":\"http:\/\/elregionalvm.com.ar\/noticias-villa-maria\/#website\",\"url\":\"http:\/\/elregionalvm.com.ar\/noticias-villa-maria\/\",\"name\":\"El Regional\",\"description\":\"Mucho m\u00e1s que informaci\u00f3n\",\"potentialAction\":[{\"@type\":\"SearchAction\",\"target\":{\"@type\":\"EntryPoint\",\"urlTemplate\":\"http:\/\/elregionalvm.com.ar\/noticias-villa-maria\/?s={search_term_string}\"},\"query-input\":{\"@type\":\"PropertyValueSpecification\",\"valueRequired\":true,\"valueName\":\"search_term_string\"}}],\"inLanguage\":\"es\"},{\"@type\":\"Person\",\"@id\":\"http:\/\/elregionalvm.com.ar\/noticias-villa-maria\/#\/schema\/person\/a0fb9c422317faca23d50163151bc354\",\"name\":\"Contenidos El Regional\",\"image\":{\"@type\":\"ImageObject\",\"inLanguage\":\"es\",\"@id\":\"http:\/\/elregionalvm.com.ar\/noticias-villa-maria\/#\/schema\/person\/image\/\",\"url\":\"https:\/\/secure.gravatar.com\/avatar\/265b27cb2209af7bb3a1318f03305787d7981a5cc6e6cd08fe5a4ecdf99d4b48?s=96&d=mm&r=g\",\"contentUrl\":\"https:\/\/secure.gravatar.com\/avatar\/265b27cb2209af7bb3a1318f03305787d7981a5cc6e6cd08fe5a4ecdf99d4b48?s=96&d=mm&r=g\",\"caption\":\"Contenidos El Regional\"},\"url\":\"https:\/\/elregionalvm.com.ar\/noticias-villa-maria\/author\/contenido\/\"}]}<\/script>\n<!-- \/ Yoast SEO plugin. -->","yoast_head_json":{"title":"Con 22 obras de arte vendidas, la Feria de Arte Contempor\u00e1neo tuvo una exitosa noche de apertura - El Regional","robots":{"index":"index","follow":"follow","max-snippet":"max-snippet:-1","max-image-preview":"max-image-preview:large","max-video-preview":"max-video-preview:-1"},"canonical":"http:\/\/elregionalvm.com.ar\/noticias-villa-maria\/con-22-obras-de-arte-vendidas-la-feria-de-arte-contemporaneo-tuvo-una-exitosa-noche-de-apertura\/","og_locale":"es_ES","og_type":"article","og_title":"Con 22 obras de arte vendidas, la Feria de Arte Contempor\u00e1neo tuvo una exitosa noche de apertura - El Regional","og_description":"En su noche de estreno, la Feria de Arte Contempor\u00e1neo Villa Mar\u00eda concret\u00f3 la venta de 22 piezas art\u00edsticas, generando una excelente expectativa para las jornadas restantes. La propuesta se extender\u00e1 hasta el 26 de marzo en el Museo Municipal de Bellas Artes Fernando Bonfiglioli para brindar un espacio en el que artistas locales y [&hellip;]","og_url":"http:\/\/elregionalvm.com.ar\/noticias-villa-maria\/con-22-obras-de-arte-vendidas-la-feria-de-arte-contemporaneo-tuvo-una-exitosa-noche-de-apertura\/","og_site_name":"El Regional","article_publisher":"https:\/\/www.facebook.com\/elregionalvm","article_published_time":"2023-03-18T14:32:01+00:00","article_modified_time":"2023-03-18T14:32:03+00:00","og_image":[{"width":1280,"height":853,"url":"http:\/\/elregionalvm.com.ar\/noticias-villa-maria\/wp-content\/uploads\/2023\/03\/WhatsApp-Image-2023-03-18-at-11.18.19.jpeg","type":"image\/jpeg"}],"author":"Contenidos El Regional","twitter_card":"summary_large_image","twitter_creator":"@elregionalvm1","twitter_site":"@elregionalvm1","twitter_misc":{"Escrito por":"Contenidos El Regional","Tiempo de lectura":"3 minutos"},"schema":{"@context":"https:\/\/schema.org","@graph":[{"@type":"Article","@id":"http:\/\/elregionalvm.com.ar\/noticias-villa-maria\/con-22-obras-de-arte-vendidas-la-feria-de-arte-contemporaneo-tuvo-una-exitosa-noche-de-apertura\/#article","isPartOf":{"@id":"http:\/\/elregionalvm.com.ar\/noticias-villa-maria\/con-22-obras-de-arte-vendidas-la-feria-de-arte-contemporaneo-tuvo-una-exitosa-noche-de-apertura\/"},"author":{"name":"Contenidos El Regional","@id":"http:\/\/elregionalvm.com.ar\/noticias-villa-maria\/#\/schema\/person\/a0fb9c422317faca23d50163151bc354"},"headline":"Con 22 obras de arte vendidas, la Feria de Arte Contempor\u00e1neo tuvo una exitosa noche de apertura","datePublished":"2023-03-18T14:32:01+00:00","dateModified":"2023-03-18T14:32:03+00:00","mainEntityOfPage":{"@id":"http:\/\/elregionalvm.com.ar\/noticias-villa-maria\/con-22-obras-de-arte-vendidas-la-feria-de-arte-contemporaneo-tuvo-una-exitosa-noche-de-apertura\/"},"wordCount":458,"commentCount":0,"image":{"@id":"http:\/\/elregionalvm.com.ar\/noticias-villa-maria\/con-22-obras-de-arte-vendidas-la-feria-de-arte-contemporaneo-tuvo-una-exitosa-noche-de-apertura\/#primaryimage"},"thumbnailUrl":"https:\/\/i0.wp.com\/elregionalvm.com.ar\/noticias-villa-maria\/wp-content\/uploads\/2023\/03\/WhatsApp-Image-2023-03-18-at-11.18.19.jpeg?fit=1280%2C853&ssl=1","articleSection":["Cultura","destacado","Villa Mar\u00eda"],"inLanguage":"es","potentialAction":[{"@type":"CommentAction","name":"Comment","target":["http:\/\/elregionalvm.com.ar\/noticias-villa-maria\/con-22-obras-de-arte-vendidas-la-feria-de-arte-contemporaneo-tuvo-una-exitosa-noche-de-apertura\/#respond"]}]},{"@type":"WebPage","@id":"http:\/\/elregionalvm.com.ar\/noticias-villa-maria\/con-22-obras-de-arte-vendidas-la-feria-de-arte-contemporaneo-tuvo-una-exitosa-noche-de-apertura\/","url":"http:\/\/elregionalvm.com.ar\/noticias-villa-maria\/con-22-obras-de-arte-vendidas-la-feria-de-arte-contemporaneo-tuvo-una-exitosa-noche-de-apertura\/","name":"Con 22 obras de arte vendidas, la Feria de Arte Contempor\u00e1neo tuvo una exitosa noche de apertura - El Regional","isPartOf":{"@id":"http:\/\/elregionalvm.com.ar\/noticias-villa-maria\/#website"},"primaryImageOfPage":{"@id":"http:\/\/elregionalvm.com.ar\/noticias-villa-maria\/con-22-obras-de-arte-vendidas-la-feria-de-arte-contemporaneo-tuvo-una-exitosa-noche-de-apertura\/#primaryimage"},"image":{"@id":"http:\/\/elregionalvm.com.ar\/noticias-villa-maria\/con-22-obras-de-arte-vendidas-la-feria-de-arte-contemporaneo-tuvo-una-exitosa-noche-de-apertura\/#primaryimage"},"thumbnailUrl":"https:\/\/i0.wp.com\/elregionalvm.com.ar\/noticias-villa-maria\/wp-content\/uploads\/2023\/03\/WhatsApp-Image-2023-03-18-at-11.18.19.jpeg?fit=1280%2C853&ssl=1","datePublished":"2023-03-18T14:32:01+00:00","dateModified":"2023-03-18T14:32:03+00:00","author":{"@id":"http:\/\/elregionalvm.com.ar\/noticias-villa-maria\/#\/schema\/person\/a0fb9c422317faca23d50163151bc354"},"breadcrumb":{"@id":"http:\/\/elregionalvm.com.ar\/noticias-villa-maria\/con-22-obras-de-arte-vendidas-la-feria-de-arte-contemporaneo-tuvo-una-exitosa-noche-de-apertura\/#breadcrumb"},"inLanguage":"es","potentialAction":[{"@type":"ReadAction","target":["http:\/\/elregionalvm.com.ar\/noticias-villa-maria\/con-22-obras-de-arte-vendidas-la-feria-de-arte-contemporaneo-tuvo-una-exitosa-noche-de-apertura\/"]}]},{"@type":"ImageObject","inLanguage":"es","@id":"http:\/\/elregionalvm.com.ar\/noticias-villa-maria\/con-22-obras-de-arte-vendidas-la-feria-de-arte-contemporaneo-tuvo-una-exitosa-noche-de-apertura\/#primaryimage","url":"https:\/\/i0.wp.com\/elregionalvm.com.ar\/noticias-villa-maria\/wp-content\/uploads\/2023\/03\/WhatsApp-Image-2023-03-18-at-11.18.19.jpeg?fit=1280%2C853&ssl=1","contentUrl":"https:\/\/i0.wp.com\/elregionalvm.com.ar\/noticias-villa-maria\/wp-content\/uploads\/2023\/03\/WhatsApp-Image-2023-03-18-at-11.18.19.jpeg?fit=1280%2C853&ssl=1","width":1280,"height":853},{"@type":"BreadcrumbList","@id":"http:\/\/elregionalvm.com.ar\/noticias-villa-maria\/con-22-obras-de-arte-vendidas-la-feria-de-arte-contemporaneo-tuvo-una-exitosa-noche-de-apertura\/#breadcrumb","itemListElement":[{"@type":"ListItem","position":1,"name":"Portada","item":"https:\/\/elregionalvm.com.ar\/noticias-villa-maria\/"},{"@type":"ListItem","position":2,"name":"Con 22 obras de arte vendidas, la Feria de Arte Contempor\u00e1neo tuvo una exitosa noche de apertura"}]},{"@type":"WebSite","@id":"http:\/\/elregionalvm.com.ar\/noticias-villa-maria\/#website","url":"http:\/\/elregionalvm.com.ar\/noticias-villa-maria\/","name":"El Regional","description":"Mucho m\u00e1s que informaci\u00f3n","potentialAction":[{"@type":"SearchAction","target":{"@type":"EntryPoint","urlTemplate":"http:\/\/elregionalvm.com.ar\/noticias-villa-maria\/?s={search_term_string}"},"query-input":{"@type":"PropertyValueSpecification","valueRequired":true,"valueName":"search_term_string"}}],"inLanguage":"es"},{"@type":"Person","@id":"http:\/\/elregionalvm.com.ar\/noticias-villa-maria\/#\/schema\/person\/a0fb9c422317faca23d50163151bc354","name":"Contenidos El Regional","image":{"@type":"ImageObject","inLanguage":"es","@id":"http:\/\/elregionalvm.com.ar\/noticias-villa-maria\/#\/schema\/person\/image\/","url":"https:\/\/secure.gravatar.com\/avatar\/265b27cb2209af7bb3a1318f03305787d7981a5cc6e6cd08fe5a4ecdf99d4b48?s=96&d=mm&r=g","contentUrl":"https:\/\/secure.gravatar.com\/avatar\/265b27cb2209af7bb3a1318f03305787d7981a5cc6e6cd08fe5a4ecdf99d4b48?s=96&d=mm&r=g","caption":"Contenidos El Regional"},"url":"https:\/\/elregionalvm.com.ar\/noticias-villa-maria\/author\/contenido\/"}]}},"jetpack_featured_media_url":"https:\/\/i0.wp.com\/elregionalvm.com.ar\/noticias-villa-maria\/wp-content\/uploads\/2023\/03\/WhatsApp-Image-2023-03-18-at-11.18.19.jpeg?fit=1280%2C853&ssl=1","jetpack_sharing_enabled":true,"_links":{"self":[{"href":"https:\/\/elregionalvm.com.ar\/noticias-villa-maria\/wp-json\/wp\/v2\/posts\/73337","targetHints":{"allow":["GET"]}}],"collection":[{"href":"https:\/\/elregionalvm.com.ar\/noticias-villa-maria\/wp-json\/wp\/v2\/posts"}],"about":[{"href":"https:\/\/elregionalvm.com.ar\/noticias-villa-maria\/wp-json\/wp\/v2\/types\/post"}],"author":[{"embeddable":true,"href":"https:\/\/elregionalvm.com.ar\/noticias-villa-maria\/wp-json\/wp\/v2\/users\/4"}],"replies":[{"embeddable":true,"href":"https:\/\/elregionalvm.com.ar\/noticias-villa-maria\/wp-json\/wp\/v2\/comments?post=73337"}],"version-history":[{"count":1,"href":"https:\/\/elregionalvm.com.ar\/noticias-villa-maria\/wp-json\/wp\/v2\/posts\/73337\/revisions"}],"predecessor-version":[{"id":73340,"href":"https:\/\/elregionalvm.com.ar\/noticias-villa-maria\/wp-json\/wp\/v2\/posts\/73337\/revisions\/73340"}],"wp:featuredmedia":[{"embeddable":true,"href":"https:\/\/elregionalvm.com.ar\/noticias-villa-maria\/wp-json\/wp\/v2\/media\/73339"}],"wp:attachment":[{"href":"https:\/\/elregionalvm.com.ar\/noticias-villa-maria\/wp-json\/wp\/v2\/media?parent=73337"}],"wp:term":[{"taxonomy":"category","embeddable":true,"href":"https:\/\/elregionalvm.com.ar\/noticias-villa-maria\/wp-json\/wp\/v2\/categories?post=73337"},{"taxonomy":"post_tag","embeddable":true,"href":"https:\/\/elregionalvm.com.ar\/noticias-villa-maria\/wp-json\/wp\/v2\/tags?post=73337"}],"curies":[{"name":"wp","href":"https:\/\/api.w.org\/{rel}","templated":true}]}}