{"id":73341,"date":"2023-03-18T14:55:56","date_gmt":"2023-03-18T14:55:56","guid":{"rendered":"https:\/\/elregionalvm.com.ar\/noticias-villa-maria\/?p=73341"},"modified":"2023-03-18T14:55:58","modified_gmt":"2023-03-18T14:55:58","slug":"operativo-de-seguridad-secuestro-y-retuvo-gran-cantidad-de-motos-y-autos-en-la-costanera","status":"publish","type":"post","link":"https:\/\/elregionalvm.com.ar\/noticias-villa-maria\/operativo-de-seguridad-secuestro-y-retuvo-gran-cantidad-de-motos-y-autos-en-la-costanera\/","title":{"rendered":"Operativo de Seguridad secuestr\u00f3 y retuvo gran cantidad de motos y autos en la Costanera"},"content":{"rendered":"\n<p>En horas de la madrugada de la fecha, se llev\u00f3 a cabo un operativo de seguridad conjunto denominado \u00abInterfuerzas\u201d en la zona de la costanera Villamariense, en sector conocido como \u201cla zona del Gaucho\u201d.<\/p>\n\n\n\n<p>El mismo estuvo conformado por la tarea coordinada de diferentes fuerzas de seguridad; participando personal de esta Polic\u00eda de la Provincia de C\u00f3rdoba a cargo del Director de esta Departamental Crio. My. Lic. Pedro Gustavo Maldonado, el Subdirector Crio. My. Lic. Edilberto Mart\u00ednez y el Jefe de Zona de Insp. N\u00ba 1 (Villa Mar\u00eda \u2013 Villa Nueva) Crio. Insp. Lic. Diego O. Gallo.<\/p>\n\n\n\n<p>Tambi\u00e9n junto a personal de Seguridad Ciudadana de la Municipalidad de Villa Mar\u00eda, a cargo de la Sub Secretaria Sra. Noelia Mateo y el Director de Seguridad Ciudadana Cr\u00edo. Insp. (R) Carlos Azzolini; personal de la Sub Direcci\u00f3n General de Unidades Especiales a cargo del Crio. Mariano Depetris; y personal de Gendarmer\u00eda Nacional, a cargo del Sgto. Primero V\u00edctor Manuel Fern\u00e1ndez.<\/p>\n\n\n\n<p>Como resultado del operativo se procedi\u00f3 al secuestro de 23 (veintitr\u00e9s) motocicletas (22 por infracciones de tr\u00e1nsito y una 01 por el delito de \u201cSustituci\u00f3n de Bien Registrable\u201d), c\u00f3mo as\u00ed tambi\u00e9n la retenci\u00f3n de 08 (ocho) autom\u00f3viles por infracciones de tr\u00e1nsito.<\/p>\n\n\n\n<p>En el marco del Operativo mencionado tambi\u00e9n se hizo presente en el lugar la Sra. Fiscal de Instrucci\u00f3n del Segundo Turno, Dra. Juliana Companys.<\/p>\n\n\n\n<figure class=\"wp-block-image size-full\"><img data-recalc-dims=\"1\" fetchpriority=\"high\" decoding=\"async\" width=\"1024\" height=\"768\" src=\"https:\/\/i0.wp.com\/elregionalvm.com.ar\/noticias-villa-maria\/wp-content\/uploads\/2023\/03\/WhatsApp-Image-2023-03-18-at-11.28.34.jpeg?resize=1024%2C768&#038;ssl=1\" alt=\"\" class=\"wp-image-73343\" srcset=\"https:\/\/i0.wp.com\/elregionalvm.com.ar\/noticias-villa-maria\/wp-content\/uploads\/2023\/03\/WhatsApp-Image-2023-03-18-at-11.28.34.jpeg?w=1024&amp;ssl=1 1024w, https:\/\/i0.wp.com\/elregionalvm.com.ar\/noticias-villa-maria\/wp-content\/uploads\/2023\/03\/WhatsApp-Image-2023-03-18-at-11.28.34.jpeg?resize=300%2C225&amp;ssl=1 300w, https:\/\/i0.wp.com\/elregionalvm.com.ar\/noticias-villa-maria\/wp-content\/uploads\/2023\/03\/WhatsApp-Image-2023-03-18-at-11.28.34.jpeg?resize=768%2C576&amp;ssl=1 768w\" sizes=\"(max-width: 1000px) 100vw, 1000px\" \/><\/figure>\n\n\n\n<figure class=\"wp-block-image size-large\"><img data-recalc-dims=\"1\" decoding=\"async\" width=\"1024\" height=\"768\" src=\"https:\/\/i0.wp.com\/elregionalvm.com.ar\/noticias-villa-maria\/wp-content\/uploads\/2023\/03\/WhatsApp-Image-2023-03-18-at-11.28.33-2.jpeg?resize=1024%2C768&#038;ssl=1\" alt=\"\" class=\"wp-image-73344\" srcset=\"https:\/\/i0.wp.com\/elregionalvm.com.ar\/noticias-villa-maria\/wp-content\/uploads\/2023\/03\/WhatsApp-Image-2023-03-18-at-11.28.33-2.jpeg?resize=1024%2C768&amp;ssl=1 1024w, https:\/\/i0.wp.com\/elregionalvm.com.ar\/noticias-villa-maria\/wp-content\/uploads\/2023\/03\/WhatsApp-Image-2023-03-18-at-11.28.33-2.jpeg?resize=300%2C225&amp;ssl=1 300w, https:\/\/i0.wp.com\/elregionalvm.com.ar\/noticias-villa-maria\/wp-content\/uploads\/2023\/03\/WhatsApp-Image-2023-03-18-at-11.28.33-2.jpeg?resize=768%2C576&amp;ssl=1 768w, https:\/\/i0.wp.com\/elregionalvm.com.ar\/noticias-villa-maria\/wp-content\/uploads\/2023\/03\/WhatsApp-Image-2023-03-18-at-11.28.33-2.jpeg?w=1280&amp;ssl=1 1280w\" sizes=\"(max-width: 1000px) 100vw, 1000px\" \/><\/figure>\n\n\n\n<figure class=\"wp-block-image size-full\"><img data-recalc-dims=\"1\" decoding=\"async\" width=\"1024\" height=\"768\" src=\"https:\/\/i0.wp.com\/elregionalvm.com.ar\/noticias-villa-maria\/wp-content\/uploads\/2023\/03\/WhatsApp-Image-2023-03-18-at-11.28.34-1.jpeg?resize=1024%2C768&#038;ssl=1\" alt=\"\" class=\"wp-image-73342\" srcset=\"https:\/\/i0.wp.com\/elregionalvm.com.ar\/noticias-villa-maria\/wp-content\/uploads\/2023\/03\/WhatsApp-Image-2023-03-18-at-11.28.34-1.jpeg?w=1024&amp;ssl=1 1024w, https:\/\/i0.wp.com\/elregionalvm.com.ar\/noticias-villa-maria\/wp-content\/uploads\/2023\/03\/WhatsApp-Image-2023-03-18-at-11.28.34-1.jpeg?resize=300%2C225&amp;ssl=1 300w, https:\/\/i0.wp.com\/elregionalvm.com.ar\/noticias-villa-maria\/wp-content\/uploads\/2023\/03\/WhatsApp-Image-2023-03-18-at-11.28.34-1.jpeg?resize=768%2C576&amp;ssl=1 768w\" sizes=\"(max-width: 1000px) 100vw, 1000px\" \/><\/figure>\n\n\n\n<figure class=\"wp-block-image size-full\"><img data-recalc-dims=\"1\" loading=\"lazy\" decoding=\"async\" width=\"768\" height=\"1024\" src=\"https:\/\/i0.wp.com\/elregionalvm.com.ar\/noticias-villa-maria\/wp-content\/uploads\/2023\/03\/WhatsApp-Image-2023-03-18-at-11.28.40.jpeg?resize=768%2C1024&#038;ssl=1\" alt=\"\" class=\"wp-image-73347\" srcset=\"https:\/\/i0.wp.com\/elregionalvm.com.ar\/noticias-villa-maria\/wp-content\/uploads\/2023\/03\/WhatsApp-Image-2023-03-18-at-11.28.40.jpeg?w=768&amp;ssl=1 768w, https:\/\/i0.wp.com\/elregionalvm.com.ar\/noticias-villa-maria\/wp-content\/uploads\/2023\/03\/WhatsApp-Image-2023-03-18-at-11.28.40.jpeg?resize=225%2C300&amp;ssl=1 225w\" sizes=\"(max-width: 768px) 100vw, 768px\" \/><\/figure>\n\n\n\n<figure class=\"wp-block-image size-full\"><img data-recalc-dims=\"1\" loading=\"lazy\" decoding=\"async\" width=\"768\" height=\"1024\" src=\"https:\/\/i0.wp.com\/elregionalvm.com.ar\/noticias-villa-maria\/wp-content\/uploads\/2023\/03\/WhatsApp-Image-2023-03-18-at-11.28.33.jpeg?resize=768%2C1024&#038;ssl=1\" alt=\"\" class=\"wp-image-73346\" srcset=\"https:\/\/i0.wp.com\/elregionalvm.com.ar\/noticias-villa-maria\/wp-content\/uploads\/2023\/03\/WhatsApp-Image-2023-03-18-at-11.28.33.jpeg?w=768&amp;ssl=1 768w, https:\/\/i0.wp.com\/elregionalvm.com.ar\/noticias-villa-maria\/wp-content\/uploads\/2023\/03\/WhatsApp-Image-2023-03-18-at-11.28.33.jpeg?resize=225%2C300&amp;ssl=1 225w\" sizes=\"(max-width: 768px) 100vw, 768px\" \/><\/figure>\n","protected":false},"excerpt":{"rendered":"<p>En horas de la madrugada de la fecha, se llev\u00f3 a cabo un operativo de seguridad conjunto denominado \u00abInterfuerzas\u201d en la zona de la costanera Villamariense, en sector conocido como \u201cla zona del Gaucho\u201d. El mismo estuvo conformado por la tarea coordinada de diferentes fuerzas de seguridad; participando personal de esta Polic\u00eda de la Provincia [&hellip;]<\/p>\n","protected":false},"author":4,"featured_media":73345,"comment_status":"open","ping_status":"open","sticky":false,"template":"","format":"standard","meta":{"site-sidebar-layout":"default","site-content-layout":"","ast-site-content-layout":"default","site-content-style":"default","site-sidebar-style":"default","ast-global-header-display":"","ast-banner-title-visibility":"","ast-main-header-display":"","ast-hfb-above-header-display":"","ast-hfb-below-header-display":"","ast-hfb-mobile-header-display":"","site-post-title":"","ast-breadcrumbs-content":"","ast-featured-img":"","footer-sml-layout":"","ast-disable-related-posts":"","theme-transparent-header-meta":"","adv-header-id-meta":"","stick-header-meta":"","header-above-stick-meta":"","header-main-stick-meta":"","header-below-stick-meta":"","astra-migrate-meta-layouts":"default","ast-page-background-enabled":"default","ast-page-background-meta":{"desktop":{"background-color":"","background-image":"","background-repeat":"repeat","background-position":"center center","background-size":"auto","background-attachment":"scroll","background-type":"","background-media":"","overlay-type":"","overlay-color":"","overlay-opacity":"","overlay-gradient":""},"tablet":{"background-color":"","background-image":"","background-repeat":"repeat","background-position":"center center","background-size":"auto","background-attachment":"scroll","background-type":"","background-media":"","overlay-type":"","overlay-color":"","overlay-opacity":"","overlay-gradient":""},"mobile":{"background-color":"","background-image":"","background-repeat":"repeat","background-position":"center center","background-size":"auto","background-attachment":"scroll","background-type":"","background-media":"","overlay-type":"","overlay-color":"","overlay-opacity":"","overlay-gradient":""}},"ast-content-background-meta":{"desktop":{"background-color":"var(--ast-global-color-5)","background-image":"","background-repeat":"repeat","background-position":"center center","background-size":"auto","background-attachment":"scroll","background-type":"","background-media":"","overlay-type":"","overlay-color":"","overlay-opacity":"","overlay-gradient":""},"tablet":{"background-color":"var(--ast-global-color-5)","background-image":"","background-repeat":"repeat","background-position":"center center","background-size":"auto","background-attachment":"scroll","background-type":"","background-media":"","overlay-type":"","overlay-color":"","overlay-opacity":"","overlay-gradient":""},"mobile":{"background-color":"var(--ast-global-color-5)","background-image":"","background-repeat":"repeat","background-position":"center center","background-size":"auto","background-attachment":"scroll","background-type":"","background-media":"","overlay-type":"","overlay-color":"","overlay-opacity":"","overlay-gradient":""}},"_jetpack_memberships_contains_paid_content":false,"_joinchat":[],"footnotes":""},"categories":[15302,2234,5,2],"tags":[],"class_list":["post-73341","post","type-post","status-publish","format-standard","has-post-thumbnail","hentry","category-destacado","category-policiales","category-sociedad","category-villa-maria"],"yoast_head":"<!-- This site is optimized with the Yoast SEO plugin v26.8 - https:\/\/yoast.com\/product\/yoast-seo-wordpress\/ -->\n<title>Operativo de Seguridad secuestr\u00f3 y retuvo gran cantidad de motos y autos en la Costanera - El Regional<\/title>\n<meta name=\"robots\" content=\"index, follow, max-snippet:-1, max-image-preview:large, max-video-preview:-1\" \/>\n<link rel=\"canonical\" href=\"http:\/\/elregionalvm.com.ar\/noticias-villa-maria\/operativo-de-seguridad-secuestro-y-retuvo-gran-cantidad-de-motos-y-autos-en-la-costanera\/\" \/>\n<meta property=\"og:locale\" content=\"es_ES\" \/>\n<meta property=\"og:type\" content=\"article\" \/>\n<meta property=\"og:title\" content=\"Operativo de Seguridad secuestr\u00f3 y retuvo gran cantidad de motos y autos en la Costanera - El Regional\" \/>\n<meta property=\"og:description\" content=\"En horas de la madrugada de la fecha, se llev\u00f3 a cabo un operativo de seguridad conjunto denominado \u00abInterfuerzas\u201d en la zona de la costanera Villamariense, en sector conocido como \u201cla zona del Gaucho\u201d. El mismo estuvo conformado por la tarea coordinada de diferentes fuerzas de seguridad; participando personal de esta Polic\u00eda de la Provincia [&hellip;]\" \/>\n<meta property=\"og:url\" content=\"http:\/\/elregionalvm.com.ar\/noticias-villa-maria\/operativo-de-seguridad-secuestro-y-retuvo-gran-cantidad-de-motos-y-autos-en-la-costanera\/\" \/>\n<meta property=\"og:site_name\" content=\"El Regional\" \/>\n<meta property=\"article:publisher\" content=\"https:\/\/www.facebook.com\/elregionalvm\" \/>\n<meta property=\"article:published_time\" content=\"2023-03-18T14:55:56+00:00\" \/>\n<meta property=\"article:modified_time\" content=\"2023-03-18T14:55:58+00:00\" \/>\n<meta property=\"og:image\" content=\"http:\/\/elregionalvm.com.ar\/noticias-villa-maria\/wp-content\/uploads\/2023\/03\/WhatsApp-Image-2023-03-18-at-11.28.33-1.jpeg\" \/>\n\t<meta property=\"og:image:width\" content=\"1280\" \/>\n\t<meta property=\"og:image:height\" content=\"960\" \/>\n\t<meta property=\"og:image:type\" content=\"image\/jpeg\" \/>\n<meta name=\"author\" content=\"Contenidos El Regional\" \/>\n<meta name=\"twitter:card\" content=\"summary_large_image\" \/>\n<meta name=\"twitter:creator\" content=\"@elregionalvm1\" \/>\n<meta name=\"twitter:site\" content=\"@elregionalvm1\" \/>\n<meta name=\"twitter:label1\" content=\"Escrito por\" \/>\n\t<meta name=\"twitter:data1\" content=\"Contenidos El Regional\" \/>\n\t<meta name=\"twitter:label2\" content=\"Tiempo de lectura\" \/>\n\t<meta name=\"twitter:data2\" content=\"3 minutos\" \/>\n<script type=\"application\/ld+json\" class=\"yoast-schema-graph\">{\"@context\":\"https:\/\/schema.org\",\"@graph\":[{\"@type\":\"Article\",\"@id\":\"http:\/\/elregionalvm.com.ar\/noticias-villa-maria\/operativo-de-seguridad-secuestro-y-retuvo-gran-cantidad-de-motos-y-autos-en-la-costanera\/#article\",\"isPartOf\":{\"@id\":\"http:\/\/elregionalvm.com.ar\/noticias-villa-maria\/operativo-de-seguridad-secuestro-y-retuvo-gran-cantidad-de-motos-y-autos-en-la-costanera\/\"},\"author\":{\"name\":\"Contenidos El Regional\",\"@id\":\"http:\/\/elregionalvm.com.ar\/noticias-villa-maria\/#\/schema\/person\/a0fb9c422317faca23d50163151bc354\"},\"headline\":\"Operativo de Seguridad secuestr\u00f3 y retuvo gran cantidad de motos y autos en la Costanera\",\"datePublished\":\"2023-03-18T14:55:56+00:00\",\"dateModified\":\"2023-03-18T14:55:58+00:00\",\"mainEntityOfPage\":{\"@id\":\"http:\/\/elregionalvm.com.ar\/noticias-villa-maria\/operativo-de-seguridad-secuestro-y-retuvo-gran-cantidad-de-motos-y-autos-en-la-costanera\/\"},\"wordCount\":253,\"commentCount\":0,\"image\":{\"@id\":\"http:\/\/elregionalvm.com.ar\/noticias-villa-maria\/operativo-de-seguridad-secuestro-y-retuvo-gran-cantidad-de-motos-y-autos-en-la-costanera\/#primaryimage\"},\"thumbnailUrl\":\"https:\/\/i0.wp.com\/elregionalvm.com.ar\/noticias-villa-maria\/wp-content\/uploads\/2023\/03\/WhatsApp-Image-2023-03-18-at-11.28.33-1.jpeg?fit=1280%2C960&ssl=1\",\"articleSection\":[\"destacado\",\"Policiales\",\"Sociedad\",\"Villa Mar\u00eda\"],\"inLanguage\":\"es\",\"potentialAction\":[{\"@type\":\"CommentAction\",\"name\":\"Comment\",\"target\":[\"http:\/\/elregionalvm.com.ar\/noticias-villa-maria\/operativo-de-seguridad-secuestro-y-retuvo-gran-cantidad-de-motos-y-autos-en-la-costanera\/#respond\"]}]},{\"@type\":\"WebPage\",\"@id\":\"http:\/\/elregionalvm.com.ar\/noticias-villa-maria\/operativo-de-seguridad-secuestro-y-retuvo-gran-cantidad-de-motos-y-autos-en-la-costanera\/\",\"url\":\"http:\/\/elregionalvm.com.ar\/noticias-villa-maria\/operativo-de-seguridad-secuestro-y-retuvo-gran-cantidad-de-motos-y-autos-en-la-costanera\/\",\"name\":\"Operativo de Seguridad secuestr\u00f3 y retuvo gran cantidad de motos y autos en la Costanera - El Regional\",\"isPartOf\":{\"@id\":\"http:\/\/elregionalvm.com.ar\/noticias-villa-maria\/#website\"},\"primaryImageOfPage\":{\"@id\":\"http:\/\/elregionalvm.com.ar\/noticias-villa-maria\/operativo-de-seguridad-secuestro-y-retuvo-gran-cantidad-de-motos-y-autos-en-la-costanera\/#primaryimage\"},\"image\":{\"@id\":\"http:\/\/elregionalvm.com.ar\/noticias-villa-maria\/operativo-de-seguridad-secuestro-y-retuvo-gran-cantidad-de-motos-y-autos-en-la-costanera\/#primaryimage\"},\"thumbnailUrl\":\"https:\/\/i0.wp.com\/elregionalvm.com.ar\/noticias-villa-maria\/wp-content\/uploads\/2023\/03\/WhatsApp-Image-2023-03-18-at-11.28.33-1.jpeg?fit=1280%2C960&ssl=1\",\"datePublished\":\"2023-03-18T14:55:56+00:00\",\"dateModified\":\"2023-03-18T14:55:58+00:00\",\"author\":{\"@id\":\"http:\/\/elregionalvm.com.ar\/noticias-villa-maria\/#\/schema\/person\/a0fb9c422317faca23d50163151bc354\"},\"breadcrumb\":{\"@id\":\"http:\/\/elregionalvm.com.ar\/noticias-villa-maria\/operativo-de-seguridad-secuestro-y-retuvo-gran-cantidad-de-motos-y-autos-en-la-costanera\/#breadcrumb\"},\"inLanguage\":\"es\",\"potentialAction\":[{\"@type\":\"ReadAction\",\"target\":[\"http:\/\/elregionalvm.com.ar\/noticias-villa-maria\/operativo-de-seguridad-secuestro-y-retuvo-gran-cantidad-de-motos-y-autos-en-la-costanera\/\"]}]},{\"@type\":\"ImageObject\",\"inLanguage\":\"es\",\"@id\":\"http:\/\/elregionalvm.com.ar\/noticias-villa-maria\/operativo-de-seguridad-secuestro-y-retuvo-gran-cantidad-de-motos-y-autos-en-la-costanera\/#primaryimage\",\"url\":\"https:\/\/i0.wp.com\/elregionalvm.com.ar\/noticias-villa-maria\/wp-content\/uploads\/2023\/03\/WhatsApp-Image-2023-03-18-at-11.28.33-1.jpeg?fit=1280%2C960&ssl=1\",\"contentUrl\":\"https:\/\/i0.wp.com\/elregionalvm.com.ar\/noticias-villa-maria\/wp-content\/uploads\/2023\/03\/WhatsApp-Image-2023-03-18-at-11.28.33-1.jpeg?fit=1280%2C960&ssl=1\",\"width\":1280,\"height\":960},{\"@type\":\"BreadcrumbList\",\"@id\":\"http:\/\/elregionalvm.com.ar\/noticias-villa-maria\/operativo-de-seguridad-secuestro-y-retuvo-gran-cantidad-de-motos-y-autos-en-la-costanera\/#breadcrumb\",\"itemListElement\":[{\"@type\":\"ListItem\",\"position\":1,\"name\":\"Portada\",\"item\":\"https:\/\/elregionalvm.com.ar\/noticias-villa-maria\/\"},{\"@type\":\"ListItem\",\"position\":2,\"name\":\"Operativo de Seguridad secuestr\u00f3 y retuvo gran cantidad de motos y autos en la Costanera\"}]},{\"@type\":\"WebSite\",\"@id\":\"http:\/\/elregionalvm.com.ar\/noticias-villa-maria\/#website\",\"url\":\"http:\/\/elregionalvm.com.ar\/noticias-villa-maria\/\",\"name\":\"El Regional\",\"description\":\"Mucho m\u00e1s que informaci\u00f3n\",\"potentialAction\":[{\"@type\":\"SearchAction\",\"target\":{\"@type\":\"EntryPoint\",\"urlTemplate\":\"http:\/\/elregionalvm.com.ar\/noticias-villa-maria\/?s={search_term_string}\"},\"query-input\":{\"@type\":\"PropertyValueSpecification\",\"valueRequired\":true,\"valueName\":\"search_term_string\"}}],\"inLanguage\":\"es\"},{\"@type\":\"Person\",\"@id\":\"http:\/\/elregionalvm.com.ar\/noticias-villa-maria\/#\/schema\/person\/a0fb9c422317faca23d50163151bc354\",\"name\":\"Contenidos El Regional\",\"image\":{\"@type\":\"ImageObject\",\"inLanguage\":\"es\",\"@id\":\"http:\/\/elregionalvm.com.ar\/noticias-villa-maria\/#\/schema\/person\/image\/\",\"url\":\"https:\/\/secure.gravatar.com\/avatar\/265b27cb2209af7bb3a1318f03305787d7981a5cc6e6cd08fe5a4ecdf99d4b48?s=96&d=mm&r=g\",\"contentUrl\":\"https:\/\/secure.gravatar.com\/avatar\/265b27cb2209af7bb3a1318f03305787d7981a5cc6e6cd08fe5a4ecdf99d4b48?s=96&d=mm&r=g\",\"caption\":\"Contenidos El Regional\"},\"url\":\"https:\/\/elregionalvm.com.ar\/noticias-villa-maria\/author\/contenido\/\"}]}<\/script>\n<!-- \/ Yoast SEO plugin. -->","yoast_head_json":{"title":"Operativo de Seguridad secuestr\u00f3 y retuvo gran cantidad de motos y autos en la Costanera - El Regional","robots":{"index":"index","follow":"follow","max-snippet":"max-snippet:-1","max-image-preview":"max-image-preview:large","max-video-preview":"max-video-preview:-1"},"canonical":"http:\/\/elregionalvm.com.ar\/noticias-villa-maria\/operativo-de-seguridad-secuestro-y-retuvo-gran-cantidad-de-motos-y-autos-en-la-costanera\/","og_locale":"es_ES","og_type":"article","og_title":"Operativo de Seguridad secuestr\u00f3 y retuvo gran cantidad de motos y autos en la Costanera - El Regional","og_description":"En horas de la madrugada de la fecha, se llev\u00f3 a cabo un operativo de seguridad conjunto denominado \u00abInterfuerzas\u201d en la zona de la costanera Villamariense, en sector conocido como \u201cla zona del Gaucho\u201d. El mismo estuvo conformado por la tarea coordinada de diferentes fuerzas de seguridad; participando personal de esta Polic\u00eda de la Provincia [&hellip;]","og_url":"http:\/\/elregionalvm.com.ar\/noticias-villa-maria\/operativo-de-seguridad-secuestro-y-retuvo-gran-cantidad-de-motos-y-autos-en-la-costanera\/","og_site_name":"El Regional","article_publisher":"https:\/\/www.facebook.com\/elregionalvm","article_published_time":"2023-03-18T14:55:56+00:00","article_modified_time":"2023-03-18T14:55:58+00:00","og_image":[{"width":1280,"height":960,"url":"http:\/\/elregionalvm.com.ar\/noticias-villa-maria\/wp-content\/uploads\/2023\/03\/WhatsApp-Image-2023-03-18-at-11.28.33-1.jpeg","type":"image\/jpeg"}],"author":"Contenidos El Regional","twitter_card":"summary_large_image","twitter_creator":"@elregionalvm1","twitter_site":"@elregionalvm1","twitter_misc":{"Escrito por":"Contenidos El Regional","Tiempo de lectura":"3 minutos"},"schema":{"@context":"https:\/\/schema.org","@graph":[{"@type":"Article","@id":"http:\/\/elregionalvm.com.ar\/noticias-villa-maria\/operativo-de-seguridad-secuestro-y-retuvo-gran-cantidad-de-motos-y-autos-en-la-costanera\/#article","isPartOf":{"@id":"http:\/\/elregionalvm.com.ar\/noticias-villa-maria\/operativo-de-seguridad-secuestro-y-retuvo-gran-cantidad-de-motos-y-autos-en-la-costanera\/"},"author":{"name":"Contenidos El Regional","@id":"http:\/\/elregionalvm.com.ar\/noticias-villa-maria\/#\/schema\/person\/a0fb9c422317faca23d50163151bc354"},"headline":"Operativo de Seguridad secuestr\u00f3 y retuvo gran cantidad de motos y autos en la Costanera","datePublished":"2023-03-18T14:55:56+00:00","dateModified":"2023-03-18T14:55:58+00:00","mainEntityOfPage":{"@id":"http:\/\/elregionalvm.com.ar\/noticias-villa-maria\/operativo-de-seguridad-secuestro-y-retuvo-gran-cantidad-de-motos-y-autos-en-la-costanera\/"},"wordCount":253,"commentCount":0,"image":{"@id":"http:\/\/elregionalvm.com.ar\/noticias-villa-maria\/operativo-de-seguridad-secuestro-y-retuvo-gran-cantidad-de-motos-y-autos-en-la-costanera\/#primaryimage"},"thumbnailUrl":"https:\/\/i0.wp.com\/elregionalvm.com.ar\/noticias-villa-maria\/wp-content\/uploads\/2023\/03\/WhatsApp-Image-2023-03-18-at-11.28.33-1.jpeg?fit=1280%2C960&ssl=1","articleSection":["destacado","Policiales","Sociedad","Villa Mar\u00eda"],"inLanguage":"es","potentialAction":[{"@type":"CommentAction","name":"Comment","target":["http:\/\/elregionalvm.com.ar\/noticias-villa-maria\/operativo-de-seguridad-secuestro-y-retuvo-gran-cantidad-de-motos-y-autos-en-la-costanera\/#respond"]}]},{"@type":"WebPage","@id":"http:\/\/elregionalvm.com.ar\/noticias-villa-maria\/operativo-de-seguridad-secuestro-y-retuvo-gran-cantidad-de-motos-y-autos-en-la-costanera\/","url":"http:\/\/elregionalvm.com.ar\/noticias-villa-maria\/operativo-de-seguridad-secuestro-y-retuvo-gran-cantidad-de-motos-y-autos-en-la-costanera\/","name":"Operativo de Seguridad secuestr\u00f3 y retuvo gran cantidad de motos y autos en la Costanera - El Regional","isPartOf":{"@id":"http:\/\/elregionalvm.com.ar\/noticias-villa-maria\/#website"},"primaryImageOfPage":{"@id":"http:\/\/elregionalvm.com.ar\/noticias-villa-maria\/operativo-de-seguridad-secuestro-y-retuvo-gran-cantidad-de-motos-y-autos-en-la-costanera\/#primaryimage"},"image":{"@id":"http:\/\/elregionalvm.com.ar\/noticias-villa-maria\/operativo-de-seguridad-secuestro-y-retuvo-gran-cantidad-de-motos-y-autos-en-la-costanera\/#primaryimage"},"thumbnailUrl":"https:\/\/i0.wp.com\/elregionalvm.com.ar\/noticias-villa-maria\/wp-content\/uploads\/2023\/03\/WhatsApp-Image-2023-03-18-at-11.28.33-1.jpeg?fit=1280%2C960&ssl=1","datePublished":"2023-03-18T14:55:56+00:00","dateModified":"2023-03-18T14:55:58+00:00","author":{"@id":"http:\/\/elregionalvm.com.ar\/noticias-villa-maria\/#\/schema\/person\/a0fb9c422317faca23d50163151bc354"},"breadcrumb":{"@id":"http:\/\/elregionalvm.com.ar\/noticias-villa-maria\/operativo-de-seguridad-secuestro-y-retuvo-gran-cantidad-de-motos-y-autos-en-la-costanera\/#breadcrumb"},"inLanguage":"es","potentialAction":[{"@type":"ReadAction","target":["http:\/\/elregionalvm.com.ar\/noticias-villa-maria\/operativo-de-seguridad-secuestro-y-retuvo-gran-cantidad-de-motos-y-autos-en-la-costanera\/"]}]},{"@type":"ImageObject","inLanguage":"es","@id":"http:\/\/elregionalvm.com.ar\/noticias-villa-maria\/operativo-de-seguridad-secuestro-y-retuvo-gran-cantidad-de-motos-y-autos-en-la-costanera\/#primaryimage","url":"https:\/\/i0.wp.com\/elregionalvm.com.ar\/noticias-villa-maria\/wp-content\/uploads\/2023\/03\/WhatsApp-Image-2023-03-18-at-11.28.33-1.jpeg?fit=1280%2C960&ssl=1","contentUrl":"https:\/\/i0.wp.com\/elregionalvm.com.ar\/noticias-villa-maria\/wp-content\/uploads\/2023\/03\/WhatsApp-Image-2023-03-18-at-11.28.33-1.jpeg?fit=1280%2C960&ssl=1","width":1280,"height":960},{"@type":"BreadcrumbList","@id":"http:\/\/elregionalvm.com.ar\/noticias-villa-maria\/operativo-de-seguridad-secuestro-y-retuvo-gran-cantidad-de-motos-y-autos-en-la-costanera\/#breadcrumb","itemListElement":[{"@type":"ListItem","position":1,"name":"Portada","item":"https:\/\/elregionalvm.com.ar\/noticias-villa-maria\/"},{"@type":"ListItem","position":2,"name":"Operativo de Seguridad secuestr\u00f3 y retuvo gran cantidad de motos y autos en la Costanera"}]},{"@type":"WebSite","@id":"http:\/\/elregionalvm.com.ar\/noticias-villa-maria\/#website","url":"http:\/\/elregionalvm.com.ar\/noticias-villa-maria\/","name":"El Regional","description":"Mucho m\u00e1s que informaci\u00f3n","potentialAction":[{"@type":"SearchAction","target":{"@type":"EntryPoint","urlTemplate":"http:\/\/elregionalvm.com.ar\/noticias-villa-maria\/?s={search_term_string}"},"query-input":{"@type":"PropertyValueSpecification","valueRequired":true,"valueName":"search_term_string"}}],"inLanguage":"es"},{"@type":"Person","@id":"http:\/\/elregionalvm.com.ar\/noticias-villa-maria\/#\/schema\/person\/a0fb9c422317faca23d50163151bc354","name":"Contenidos El Regional","image":{"@type":"ImageObject","inLanguage":"es","@id":"http:\/\/elregionalvm.com.ar\/noticias-villa-maria\/#\/schema\/person\/image\/","url":"https:\/\/secure.gravatar.com\/avatar\/265b27cb2209af7bb3a1318f03305787d7981a5cc6e6cd08fe5a4ecdf99d4b48?s=96&d=mm&r=g","contentUrl":"https:\/\/secure.gravatar.com\/avatar\/265b27cb2209af7bb3a1318f03305787d7981a5cc6e6cd08fe5a4ecdf99d4b48?s=96&d=mm&r=g","caption":"Contenidos El Regional"},"url":"https:\/\/elregionalvm.com.ar\/noticias-villa-maria\/author\/contenido\/"}]}},"jetpack_featured_media_url":"https:\/\/i0.wp.com\/elregionalvm.com.ar\/noticias-villa-maria\/wp-content\/uploads\/2023\/03\/WhatsApp-Image-2023-03-18-at-11.28.33-1.jpeg?fit=1280%2C960&ssl=1","jetpack_sharing_enabled":true,"_links":{"self":[{"href":"https:\/\/elregionalvm.com.ar\/noticias-villa-maria\/wp-json\/wp\/v2\/posts\/73341","targetHints":{"allow":["GET"]}}],"collection":[{"href":"https:\/\/elregionalvm.com.ar\/noticias-villa-maria\/wp-json\/wp\/v2\/posts"}],"about":[{"href":"https:\/\/elregionalvm.com.ar\/noticias-villa-maria\/wp-json\/wp\/v2\/types\/post"}],"author":[{"embeddable":true,"href":"https:\/\/elregionalvm.com.ar\/noticias-villa-maria\/wp-json\/wp\/v2\/users\/4"}],"replies":[{"embeddable":true,"href":"https:\/\/elregionalvm.com.ar\/noticias-villa-maria\/wp-json\/wp\/v2\/comments?post=73341"}],"version-history":[{"count":1,"href":"https:\/\/elregionalvm.com.ar\/noticias-villa-maria\/wp-json\/wp\/v2\/posts\/73341\/revisions"}],"predecessor-version":[{"id":73348,"href":"https:\/\/elregionalvm.com.ar\/noticias-villa-maria\/wp-json\/wp\/v2\/posts\/73341\/revisions\/73348"}],"wp:featuredmedia":[{"embeddable":true,"href":"https:\/\/elregionalvm.com.ar\/noticias-villa-maria\/wp-json\/wp\/v2\/media\/73345"}],"wp:attachment":[{"href":"https:\/\/elregionalvm.com.ar\/noticias-villa-maria\/wp-json\/wp\/v2\/media?parent=73341"}],"wp:term":[{"taxonomy":"category","embeddable":true,"href":"https:\/\/elregionalvm.com.ar\/noticias-villa-maria\/wp-json\/wp\/v2\/categories?post=73341"},{"taxonomy":"post_tag","embeddable":true,"href":"https:\/\/elregionalvm.com.ar\/noticias-villa-maria\/wp-json\/wp\/v2\/tags?post=73341"}],"curies":[{"name":"wp","href":"https:\/\/api.w.org\/{rel}","templated":true}]}}