{"id":73362,"date":"2023-03-18T18:53:19","date_gmt":"2023-03-18T18:53:19","guid":{"rendered":"https:\/\/elregionalvm.com.ar\/noticias-villa-maria\/?p=73362"},"modified":"2023-03-21T02:55:44","modified_gmt":"2023-03-21T02:55:44","slug":"sin-clases-por-la-ola-de-calor-una-polemica-decision-que-desnuda-problemas-mucho-mas-profundos","status":"publish","type":"post","link":"https:\/\/elregionalvm.com.ar\/noticias-villa-maria\/sin-clases-por-la-ola-de-calor-una-polemica-decision-que-desnuda-problemas-mucho-mas-profundos\/","title":{"rendered":"Sin clases por la ola de calor: Una pol\u00e9mica decisi\u00f3n que desnuda problemas mucho m\u00e1s profundos"},"content":{"rendered":"\n<p><\/p>\n\n\n\n<h3 class=\"wp-block-heading\"><strong>En la noche del jueves 16, reunidos en asamblea escolar, directivos, personal docente y no docente del IPEM\u00a0 275, con el aval de la Delegaci\u00f3n San Mart\u00edn de UEPC, decidieron que \u201cfrente a las temperaturas extremas que baten r\u00e9cords y la falta de acondicionamiento de las aulas, con escasa ventilaci\u00f3n y el mal funcionamiento de la mayor\u00eda de los ventiladores, se suspendan las actividades escolares presenciales durante el viernes 17\u201d. <\/strong><\/h3>\n\n\n\n<p><\/p>\n\n\n\n<p><strong>Escribe: Carolina Durand <\/strong><\/p>\n\n\n\n<p><\/p>\n\n\n\n<p>En la jornada del viernes sin clases presenciales asistieron a la instituci\u00f3n los administrativos y directivos. Las aulas del\u00a0 primer piso en el transcurso del d\u00eda tuvieron electricidad, pero la planta baja no. Las aulas no tienen luz, no tienen enchufes\u2026 \u00a1No tienen electricidad! <\/p>\n\n\n\n<p>A la hora de trabajar con computadoras, los docentes entregan las mismas con bater\u00eda para que se pueda trabajar durante la hora de clase. \u00bfCalidad educativa? Asignatura pendiente para varios. <\/p>\n\n\n\n<p>\u201cLos reclamos los venimos haciendo desde hace a\u00f1os y, las soluciones llegan como parches, pero, \u201carreglar con alambre\u201d nos lleva a tener que tomar medidas de este tipo por el bien de los alumnos y los docentes\u201d, sostuvo Alba Tortelli, directora y docente del Colegio Nacional.<\/p>\n\n\n\n<p>\u201cTuvimos adolescentes desmayados, sangrados de narices y docentes con carpetas m\u00e9dicas. Ponemos toda nuestra voluntad y defendemos la educaci\u00f3n, pero, la salud est\u00e1 primero\u201d, remarc\u00f3.<\/p>\n\n\n\n<p><\/p>\n\n\n\n<figure class=\"wp-block-image size-full\"><img data-recalc-dims=\"1\" fetchpriority=\"high\" decoding=\"async\" width=\"1000\" height=\"750\" src=\"https:\/\/i0.wp.com\/elregionalvm.com.ar\/noticias-villa-maria\/wp-content\/uploads\/2023\/03\/Colegio-Nacional-aula.jpeg?resize=1000%2C750&#038;ssl=1\" alt=\"\" class=\"wp-image-73365\" srcset=\"https:\/\/i0.wp.com\/elregionalvm.com.ar\/noticias-villa-maria\/wp-content\/uploads\/2023\/03\/Colegio-Nacional-aula.jpeg?w=1000&amp;ssl=1 1000w, https:\/\/i0.wp.com\/elregionalvm.com.ar\/noticias-villa-maria\/wp-content\/uploads\/2023\/03\/Colegio-Nacional-aula.jpeg?resize=300%2C225&amp;ssl=1 300w, https:\/\/i0.wp.com\/elregionalvm.com.ar\/noticias-villa-maria\/wp-content\/uploads\/2023\/03\/Colegio-Nacional-aula.jpeg?resize=768%2C576&amp;ssl=1 768w\" sizes=\"(max-width: 1000px) 100vw, 1000px\" \/><\/figure>\n\n\n\n<p><\/p>\n\n\n\n<p><strong>La promesa que hasta el momento no lleg\u00f3<\/strong><\/p>\n\n\n\n<p>En enero de este 2023, un equipo del \u00e1rea de Infraestructura Escolar del Ministerio de Educaci\u00f3n de la Provincia, encabezado por Jos\u00e9 Peralta, recorri\u00f3 diferentes escuelas para avanzar en la colocaci\u00f3n de aulas modulares.<\/p>\n\n\n\n<p>La visita ten\u00eda como objetivo la puesta en marcha de aulas, de r\u00e1pida ejecuci\u00f3n, que estar\u00edan para el inicio del a\u00f1o lectivo, y la tipolog\u00eda a utilizar ser\u00eda la de m\u00f3dulos que se montan con gr\u00faas sobre plataformas de hormig\u00f3n, incorporando salones de clase y bater\u00eda de ba\u00f1os. Entre los 5 establecimientos visitados, el Colegio Nacional fue uno de ellos.<\/p>\n\n\n\n<p>\u201cSe utilizar\u00eda el ala izquierda para las nuevas aulas y ba\u00f1os, nos pidieron que saquemos un \u00e1rbol que all\u00ed hab\u00eda, las clases empezaron, los salones se colmaron, el calor se intensific\u00f3, el aire se puso denso por la aglomeraci\u00f3n y, los m\u00f3dulos no llegaron\u201d, asinti\u00f3 Tortelli.<\/p>\n\n\n\n<p>Lo que dieron a conocer como \u201cla necesidad de ampliar el espacio para dar respuestas a las necesidades de crecimiento de las instituciones educativas\u201d, obedece a incorporar alumnos en un sistema p\u00fablico colapsado que, aglomera a estudiantes como &nbsp;indicadores de cantidad y no de calidad educativa.<\/p>\n\n\n\n<p>Cecilia Soisa, directora general de escuelas medias, en esa ocasi\u00f3n hab\u00eda pedido argumentar por qu\u00e9 la Direcci\u00f3n del Nacional solicitaba cuatro aulas. Solo pod\u00edan gestionarles dos. La argumentaci\u00f3n podr\u00eda d\u00e1rsela cualquier estudiante el IPEM 275, \u201caulas &nbsp;colapsadas, divididas con durlok para obtener 2 de 1\u201d.<\/p>\n\n\n\n<p>El reclamo por el exceso de alumnos que son obligados a ingresar por falta de lugar en otras escuelas, la falta de bancos y de condiciones para ense\u00f1ar, viene siendo una constante por parte de los directivos a las inspecciones (y no solamente de este establecimiento educativo).<\/p>\n\n\n\n<p><strong>\u00bfSe puede encontrar concentraci\u00f3n ante la ola de calor? <\/strong><strong><\/strong><\/p>\n\n\n\n<p>La instituci\u00f3n alberga 1.100 alumnos entre los 3 turnos, 38 divisiones, 19 aulas. Con un promedio de 25 (en aulas para 15) y 35 alumnos (en algunas unos pocos metros m\u00e1s&nbsp; grandes) que transitan el lugar entre las 7&nbsp; de la ma\u00f1ana y a media noche. <strong><\/strong><\/p>\n\n\n\n<p>\u201cEl calor en nuestra instituci\u00f3n es insostenible, estudiantes y docentes se han descompuesto en reiteradas oportunidades, debiendo asistir el servicio de emergencia 107. Nuestros j\u00f3venes ingresan a las aulas y carecen de toda predisposici\u00f3n frente al desarrollo de las clases por el calor sofocante. En reiteradas ocasiones hemos \u00a0tenido que soportar estos calores con prolongados cortes de luz y ba\u00f1os tapados\u201d, detallaron las autoridades. <\/p>\n\n\n\n<p><\/p>\n\n\n\n<figure class=\"wp-block-image size-full\"><img data-recalc-dims=\"1\" decoding=\"async\" width=\"1000\" height=\"750\" src=\"https:\/\/i0.wp.com\/elregionalvm.com.ar\/noticias-villa-maria\/wp-content\/uploads\/2023\/03\/Colegio-Nacional-aula-2.jpeg?resize=1000%2C750&#038;ssl=1\" alt=\"\" class=\"wp-image-73368\" srcset=\"https:\/\/i0.wp.com\/elregionalvm.com.ar\/noticias-villa-maria\/wp-content\/uploads\/2023\/03\/Colegio-Nacional-aula-2.jpeg?w=1000&amp;ssl=1 1000w, https:\/\/i0.wp.com\/elregionalvm.com.ar\/noticias-villa-maria\/wp-content\/uploads\/2023\/03\/Colegio-Nacional-aula-2.jpeg?resize=300%2C225&amp;ssl=1 300w, https:\/\/i0.wp.com\/elregionalvm.com.ar\/noticias-villa-maria\/wp-content\/uploads\/2023\/03\/Colegio-Nacional-aula-2.jpeg?resize=768%2C576&amp;ssl=1 768w\" sizes=\"(max-width: 1000px) 100vw, 1000px\" \/><\/figure>\n\n\n\n<p><\/p>\n\n\n\n<p>Espacios reducidos, con aulas separadas por durlock, s\u00faperpobladas y sin ventilaci\u00f3n. M\u00e1s de la mitad de los ventiladores sin funcionar y los que se prenden hacen saltar las t\u00e9rmicas por exceso de consumo. La instalaci\u00f3n obsoleta no est\u00e1 apta para soportar el consumo actual que se genera por la incorporaci\u00f3n de nuevos espacios dentro de una infraestructura colapsada.<\/p>\n\n\n\n<p>Los grandes ventanales de vidrio receptan el calor del sol sin cortinas, los ba\u00f1os en ocasiones se quedan sin agua, el ca\u00f1o mayor est\u00e1 roto por lo que la humedad brota de los techos y, en dos meses cuando llegue el fr\u00edo, la ola polar obliga a los alumnos a llevarse mantas a las aulas para aplacar el fr\u00edo cruel. <\/p>\n\n\n\n<p><strong>A la espera de respuestas <\/strong><strong><\/strong><\/p>\n\n\n\n<p>El pedido incesante de los directivos, claramente, no est\u00e1 de manera concreta en la agenda pol\u00edtica.<\/p>\n\n\n\n<p>Este a\u00f1o en el mes de mayo el establecimiento educativo cumplir\u00e1 80 a\u00f1os y seguramente las autoridades posar\u00e1n para la foto y dir\u00e1n unas palabras resaltando la \u201cciudad del aprendizaje\u201d y la historia del \u201cColegio Nacional\u201d, pero, las fallas del sistema de no bregar por la calidad educativa y las inconsistencias en la infraestructura para que los alumnos se desarrollen con comodidad en su aprendizaje en igualdad de condiciones, ser\u00e1 una hoja del discurso que nadie querr\u00e1 resaltar. <\/p>\n\n\n\n<p>La vicedirectora Gabriela Climaco, explic\u00f3 que,<strong> <\/strong>el Instituto Municipal de Inversi\u00f3n no puede intervenir en los arreglos si el FODEMEEP no autoriza. \u00bfY qu\u00e9 se est\u00e1 esperando? \u00bfNi\u00f1os deshidratados o internados?<\/p>\n\n\n\n<p>Cuando el acta firmada por los directivos y docentes el jueves por la noche tom\u00f3 estado p\u00fablico que, se suspender\u00edan las clases presenciales y se dar\u00edan de manera remota por la ola de calor, la\u00a0inspectora\u00a0de nivel medio de escuelas secundarias, Nancy Gamen, asegur\u00f3 que el pr\u00f3ximo lunes 21, los alumnos volver\u00edan a las aulas de manera obligatoria.\u00a0<\/p>\n\n\n\n<p><\/p>\n\n\n\n<figure class=\"wp-block-image size-full\"><img data-recalc-dims=\"1\" decoding=\"async\" width=\"1000\" height=\"612\" src=\"https:\/\/i0.wp.com\/elregionalvm.com.ar\/noticias-villa-maria\/wp-content\/uploads\/2023\/03\/Colegio-Nacional-patio.jpeg?resize=1000%2C612&#038;ssl=1\" alt=\"\" class=\"wp-image-73367\" srcset=\"https:\/\/i0.wp.com\/elregionalvm.com.ar\/noticias-villa-maria\/wp-content\/uploads\/2023\/03\/Colegio-Nacional-patio.jpeg?w=1000&amp;ssl=1 1000w, https:\/\/i0.wp.com\/elregionalvm.com.ar\/noticias-villa-maria\/wp-content\/uploads\/2023\/03\/Colegio-Nacional-patio.jpeg?resize=300%2C184&amp;ssl=1 300w, https:\/\/i0.wp.com\/elregionalvm.com.ar\/noticias-villa-maria\/wp-content\/uploads\/2023\/03\/Colegio-Nacional-patio.jpeg?resize=768%2C470&amp;ssl=1 768w\" sizes=\"(max-width: 1000px) 100vw, 1000px\" \/><\/figure>\n\n\n\n<p><\/p>\n\n\n\n<p>El cuerpo docente y directivo del establecimiento medio espera obtener respuestas concretas y reales en materia de arreglos edilicios, para poder retomar el ciclo lectivo para mejorar la calidad y las condiciones educativas.<\/p>\n\n\n\n<p>La decisi\u00f3n extrema de manera conjunta que ha tomado e IPEM 275 obedece a una situaci\u00f3n real, la escuela contiene m\u00e1s de 1.000 alumnos, cuerpo docente y directivos, sin tener condiciones aptas ante las condiciones clim\u00e1ticas que azotan la ciudad por el calor. &nbsp;<\/p>\n\n\n\n<p>El agua caliente que sale de algunas canillas (otras no funcionan), la falta de electricidad y de respuestas por parte de Infraestructura de la Provincia, sin destacar que en 2021 se llov\u00eda dentro de la escuela y para el crudo invierno que se advierte para este a\u00f1o, ni cuentan con calefacci\u00f3n para las aulas ni los espacios en com\u00fan del edificio. <\/p>\n\n\n\n<p><\/p>\n\n\n\n<p><\/p>\n\n\n\n<h3 class=\"wp-block-heading\"><strong>Tambi\u00e9n pod\u00e9s ver: <\/strong><\/h3>\n\n\n\n<p><\/p>\n\n\n\n<p><\/p>\n\n\n\n<figure class=\"wp-block-embed is-type-wp-embed is-provider-el-regional wp-block-embed-el-regional\"><div class=\"wp-block-embed__wrapper\">\n<blockquote class=\"wp-embedded-content\" data-secret=\"YrFkO1MzG4\"><a href=\"https:\/\/elregionalvm.com.ar\/noticias-villa-maria\/por-el-calor-y-la-falta-de-condiciones-edilicias-adecuadas-el-nacional-no-dictara-clases-este-viernes\/\">Por el calor y la falta de condiciones edilicias adecuadas, el Nacional no dictar\u00e1 clases este viernes<\/a><\/blockquote><iframe class=\"wp-embedded-content\" sandbox=\"allow-scripts\" security=\"restricted\" style=\"position: absolute; visibility: hidden;\" title=\"\u00abPor el calor y la falta de condiciones edilicias adecuadas, el Nacional no dictar\u00e1 clases este viernes\u00bb \u2014 El Regional\" src=\"https:\/\/elregionalvm.com.ar\/noticias-villa-maria\/por-el-calor-y-la-falta-de-condiciones-edilicias-adecuadas-el-nacional-no-dictara-clases-este-viernes\/embed\/#?secret=sMF7qko9Z7#?secret=YrFkO1MzG4\" data-secret=\"YrFkO1MzG4\" width=\"500\" height=\"282\" frameborder=\"0\" marginwidth=\"0\" marginheight=\"0\" scrolling=\"no\"><\/iframe>\n<\/div><\/figure>\n","protected":false},"excerpt":{"rendered":"<p>En la noche del jueves 16, reunidos en asamblea escolar, directivos, personal docente y no docente del IPEM\u00a0 275, con el aval de la Delegaci\u00f3n San Mart\u00edn de UEPC, decidieron que \u201cfrente a las temperaturas extremas que baten r\u00e9cords y la falta de acondicionamiento de las aulas, con escasa ventilaci\u00f3n y el mal funcionamiento de [&hellip;]<\/p>\n","protected":false},"author":4,"featured_media":73366,"comment_status":"open","ping_status":"open","sticky":false,"template":"","format":"standard","meta":{"site-sidebar-layout":"default","site-content-layout":"","ast-site-content-layout":"default","site-content-style":"default","site-sidebar-style":"default","ast-global-header-display":"","ast-banner-title-visibility":"","ast-main-header-display":"","ast-hfb-above-header-display":"","ast-hfb-below-header-display":"","ast-hfb-mobile-header-display":"","site-post-title":"","ast-breadcrumbs-content":"","ast-featured-img":"","footer-sml-layout":"","ast-disable-related-posts":"","theme-transparent-header-meta":"","adv-header-id-meta":"","stick-header-meta":"","header-above-stick-meta":"","header-main-stick-meta":"","header-below-stick-meta":"","astra-migrate-meta-layouts":"default","ast-page-background-enabled":"default","ast-page-background-meta":{"desktop":{"background-color":"","background-image":"","background-repeat":"repeat","background-position":"center center","background-size":"auto","background-attachment":"scroll","background-type":"","background-media":"","overlay-type":"","overlay-color":"","overlay-opacity":"","overlay-gradient":""},"tablet":{"background-color":"","background-image":"","background-repeat":"repeat","background-position":"center center","background-size":"auto","background-attachment":"scroll","background-type":"","background-media":"","overlay-type":"","overlay-color":"","overlay-opacity":"","overlay-gradient":""},"mobile":{"background-color":"","background-image":"","background-repeat":"repeat","background-position":"center center","background-size":"auto","background-attachment":"scroll","background-type":"","background-media":"","overlay-type":"","overlay-color":"","overlay-opacity":"","overlay-gradient":""}},"ast-content-background-meta":{"desktop":{"background-color":"var(--ast-global-color-5)","background-image":"","background-repeat":"repeat","background-position":"center center","background-size":"auto","background-attachment":"scroll","background-type":"","background-media":"","overlay-type":"","overlay-color":"","overlay-opacity":"","overlay-gradient":""},"tablet":{"background-color":"var(--ast-global-color-5)","background-image":"","background-repeat":"repeat","background-position":"center center","background-size":"auto","background-attachment":"scroll","background-type":"","background-media":"","overlay-type":"","overlay-color":"","overlay-opacity":"","overlay-gradient":""},"mobile":{"background-color":"var(--ast-global-color-5)","background-image":"","background-repeat":"repeat","background-position":"center center","background-size":"auto","background-attachment":"scroll","background-type":"","background-media":"","overlay-type":"","overlay-color":"","overlay-opacity":"","overlay-gradient":""}},"_jetpack_memberships_contains_paid_content":false,"_joinchat":[],"footnotes":""},"categories":[3557,2],"tags":[4742,3056,7179,5673,2008,2889,2613,11867,21938,21931,8301],"class_list":["post-73362","post","type-post","status-publish","format-standard","has-post-thumbnail","hentry","category-tercera","category-villa-maria","tag-calor","tag-clases-virtuales","tag-colegio-nacional","tag-directivos","tag-docentes","tag-estudiantes-2","tag-infraestructura","tag-ola-de-calor","tag-problemas-edilicios","tag-sin-clases","tag-suspension-de-clases"],"yoast_head":"<!-- This site is optimized with the Yoast SEO plugin v26.8 - https:\/\/yoast.com\/product\/yoast-seo-wordpress\/ -->\n<title>Sin clases por la ola de calor: Una pol\u00e9mica decisi\u00f3n que desnuda problemas mucho m\u00e1s profundos - El Regional<\/title>\n<meta name=\"robots\" content=\"index, follow, max-snippet:-1, max-image-preview:large, max-video-preview:-1\" \/>\n<link rel=\"canonical\" href=\"http:\/\/elregionalvm.com.ar\/noticias-villa-maria\/sin-clases-por-la-ola-de-calor-una-polemica-decision-que-desnuda-problemas-mucho-mas-profundos\/\" \/>\n<meta property=\"og:locale\" content=\"es_ES\" \/>\n<meta property=\"og:type\" content=\"article\" \/>\n<meta property=\"og:title\" content=\"Sin clases por la ola de calor: Una pol\u00e9mica decisi\u00f3n que desnuda problemas mucho m\u00e1s profundos - El Regional\" \/>\n<meta property=\"og:description\" content=\"En la noche del jueves 16, reunidos en asamblea escolar, directivos, personal docente y no docente del IPEM\u00a0 275, con el aval de la Delegaci\u00f3n San Mart\u00edn de UEPC, decidieron que \u201cfrente a las temperaturas extremas que baten r\u00e9cords y la falta de acondicionamiento de las aulas, con escasa ventilaci\u00f3n y el mal funcionamiento de [&hellip;]\" \/>\n<meta property=\"og:url\" content=\"http:\/\/elregionalvm.com.ar\/noticias-villa-maria\/sin-clases-por-la-ola-de-calor-una-polemica-decision-que-desnuda-problemas-mucho-mas-profundos\/\" \/>\n<meta property=\"og:site_name\" content=\"El Regional\" \/>\n<meta property=\"article:publisher\" content=\"https:\/\/www.facebook.com\/elregionalvm\" \/>\n<meta property=\"article:published_time\" content=\"2023-03-18T18:53:19+00:00\" \/>\n<meta property=\"article:modified_time\" content=\"2023-03-21T02:55:44+00:00\" \/>\n<meta property=\"og:image\" content=\"http:\/\/elregionalvm.com.ar\/noticias-villa-maria\/wp-content\/uploads\/2023\/03\/Colegio-Nacional-frente-2023.jpeg\" \/>\n\t<meta property=\"og:image:width\" content=\"1200\" \/>\n\t<meta property=\"og:image:height\" content=\"900\" \/>\n\t<meta property=\"og:image:type\" content=\"image\/jpeg\" \/>\n<meta name=\"author\" content=\"Contenidos El Regional\" \/>\n<meta name=\"twitter:card\" content=\"summary_large_image\" \/>\n<meta name=\"twitter:creator\" content=\"@elregionalvm1\" \/>\n<meta name=\"twitter:site\" content=\"@elregionalvm1\" \/>\n<meta name=\"twitter:label1\" content=\"Escrito por\" \/>\n\t<meta name=\"twitter:data1\" content=\"Contenidos El Regional\" \/>\n\t<meta name=\"twitter:label2\" content=\"Tiempo de lectura\" \/>\n\t<meta name=\"twitter:data2\" content=\"6 minutos\" \/>\n<script type=\"application\/ld+json\" class=\"yoast-schema-graph\">{\"@context\":\"https:\/\/schema.org\",\"@graph\":[{\"@type\":\"Article\",\"@id\":\"http:\/\/elregionalvm.com.ar\/noticias-villa-maria\/sin-clases-por-la-ola-de-calor-una-polemica-decision-que-desnuda-problemas-mucho-mas-profundos\/#article\",\"isPartOf\":{\"@id\":\"http:\/\/elregionalvm.com.ar\/noticias-villa-maria\/sin-clases-por-la-ola-de-calor-una-polemica-decision-que-desnuda-problemas-mucho-mas-profundos\/\"},\"author\":{\"name\":\"Contenidos El Regional\",\"@id\":\"http:\/\/elregionalvm.com.ar\/noticias-villa-maria\/#\/schema\/person\/a0fb9c422317faca23d50163151bc354\"},\"headline\":\"Sin clases por la ola de calor: Una pol\u00e9mica decisi\u00f3n que desnuda problemas mucho m\u00e1s profundos\",\"datePublished\":\"2023-03-18T18:53:19+00:00\",\"dateModified\":\"2023-03-21T02:55:44+00:00\",\"mainEntityOfPage\":{\"@id\":\"http:\/\/elregionalvm.com.ar\/noticias-villa-maria\/sin-clases-por-la-ola-de-calor-una-polemica-decision-que-desnuda-problemas-mucho-mas-profundos\/\"},\"wordCount\":1157,\"commentCount\":0,\"image\":{\"@id\":\"http:\/\/elregionalvm.com.ar\/noticias-villa-maria\/sin-clases-por-la-ola-de-calor-una-polemica-decision-que-desnuda-problemas-mucho-mas-profundos\/#primaryimage\"},\"thumbnailUrl\":\"https:\/\/i0.wp.com\/elregionalvm.com.ar\/noticias-villa-maria\/wp-content\/uploads\/2023\/03\/Colegio-Nacional-frente-2023.jpeg?fit=1200%2C900&ssl=1\",\"keywords\":[\"calor\",\"Clases virtuales\",\"Colegio Nacional\",\"directivos\",\"docentes\",\"estudiantes\",\"Infraestructura\",\"ola de calor\",\"problemas edilicios\",\"sin clases\",\"Suspensi\u00f3n de clases\"],\"articleSection\":[\"tercera\",\"Villa Mar\u00eda\"],\"inLanguage\":\"es\",\"potentialAction\":[{\"@type\":\"CommentAction\",\"name\":\"Comment\",\"target\":[\"http:\/\/elregionalvm.com.ar\/noticias-villa-maria\/sin-clases-por-la-ola-de-calor-una-polemica-decision-que-desnuda-problemas-mucho-mas-profundos\/#respond\"]}]},{\"@type\":\"WebPage\",\"@id\":\"http:\/\/elregionalvm.com.ar\/noticias-villa-maria\/sin-clases-por-la-ola-de-calor-una-polemica-decision-que-desnuda-problemas-mucho-mas-profundos\/\",\"url\":\"http:\/\/elregionalvm.com.ar\/noticias-villa-maria\/sin-clases-por-la-ola-de-calor-una-polemica-decision-que-desnuda-problemas-mucho-mas-profundos\/\",\"name\":\"Sin clases por la ola de calor: Una pol\u00e9mica decisi\u00f3n que desnuda problemas mucho m\u00e1s profundos - El Regional\",\"isPartOf\":{\"@id\":\"http:\/\/elregionalvm.com.ar\/noticias-villa-maria\/#website\"},\"primaryImageOfPage\":{\"@id\":\"http:\/\/elregionalvm.com.ar\/noticias-villa-maria\/sin-clases-por-la-ola-de-calor-una-polemica-decision-que-desnuda-problemas-mucho-mas-profundos\/#primaryimage\"},\"image\":{\"@id\":\"http:\/\/elregionalvm.com.ar\/noticias-villa-maria\/sin-clases-por-la-ola-de-calor-una-polemica-decision-que-desnuda-problemas-mucho-mas-profundos\/#primaryimage\"},\"thumbnailUrl\":\"https:\/\/i0.wp.com\/elregionalvm.com.ar\/noticias-villa-maria\/wp-content\/uploads\/2023\/03\/Colegio-Nacional-frente-2023.jpeg?fit=1200%2C900&ssl=1\",\"datePublished\":\"2023-03-18T18:53:19+00:00\",\"dateModified\":\"2023-03-21T02:55:44+00:00\",\"author\":{\"@id\":\"http:\/\/elregionalvm.com.ar\/noticias-villa-maria\/#\/schema\/person\/a0fb9c422317faca23d50163151bc354\"},\"breadcrumb\":{\"@id\":\"http:\/\/elregionalvm.com.ar\/noticias-villa-maria\/sin-clases-por-la-ola-de-calor-una-polemica-decision-que-desnuda-problemas-mucho-mas-profundos\/#breadcrumb\"},\"inLanguage\":\"es\",\"potentialAction\":[{\"@type\":\"ReadAction\",\"target\":[\"http:\/\/elregionalvm.com.ar\/noticias-villa-maria\/sin-clases-por-la-ola-de-calor-una-polemica-decision-que-desnuda-problemas-mucho-mas-profundos\/\"]}]},{\"@type\":\"ImageObject\",\"inLanguage\":\"es\",\"@id\":\"http:\/\/elregionalvm.com.ar\/noticias-villa-maria\/sin-clases-por-la-ola-de-calor-una-polemica-decision-que-desnuda-problemas-mucho-mas-profundos\/#primaryimage\",\"url\":\"https:\/\/i0.wp.com\/elregionalvm.com.ar\/noticias-villa-maria\/wp-content\/uploads\/2023\/03\/Colegio-Nacional-frente-2023.jpeg?fit=1200%2C900&ssl=1\",\"contentUrl\":\"https:\/\/i0.wp.com\/elregionalvm.com.ar\/noticias-villa-maria\/wp-content\/uploads\/2023\/03\/Colegio-Nacional-frente-2023.jpeg?fit=1200%2C900&ssl=1\",\"width\":1200,\"height\":900},{\"@type\":\"BreadcrumbList\",\"@id\":\"http:\/\/elregionalvm.com.ar\/noticias-villa-maria\/sin-clases-por-la-ola-de-calor-una-polemica-decision-que-desnuda-problemas-mucho-mas-profundos\/#breadcrumb\",\"itemListElement\":[{\"@type\":\"ListItem\",\"position\":1,\"name\":\"Portada\",\"item\":\"https:\/\/elregionalvm.com.ar\/noticias-villa-maria\/\"},{\"@type\":\"ListItem\",\"position\":2,\"name\":\"Sin clases por la ola de calor: Una pol\u00e9mica decisi\u00f3n que desnuda problemas mucho m\u00e1s profundos\"}]},{\"@type\":\"WebSite\",\"@id\":\"http:\/\/elregionalvm.com.ar\/noticias-villa-maria\/#website\",\"url\":\"http:\/\/elregionalvm.com.ar\/noticias-villa-maria\/\",\"name\":\"El Regional\",\"description\":\"Mucho m\u00e1s que informaci\u00f3n\",\"potentialAction\":[{\"@type\":\"SearchAction\",\"target\":{\"@type\":\"EntryPoint\",\"urlTemplate\":\"http:\/\/elregionalvm.com.ar\/noticias-villa-maria\/?s={search_term_string}\"},\"query-input\":{\"@type\":\"PropertyValueSpecification\",\"valueRequired\":true,\"valueName\":\"search_term_string\"}}],\"inLanguage\":\"es\"},{\"@type\":\"Person\",\"@id\":\"http:\/\/elregionalvm.com.ar\/noticias-villa-maria\/#\/schema\/person\/a0fb9c422317faca23d50163151bc354\",\"name\":\"Contenidos El Regional\",\"image\":{\"@type\":\"ImageObject\",\"inLanguage\":\"es\",\"@id\":\"http:\/\/elregionalvm.com.ar\/noticias-villa-maria\/#\/schema\/person\/image\/\",\"url\":\"https:\/\/secure.gravatar.com\/avatar\/265b27cb2209af7bb3a1318f03305787d7981a5cc6e6cd08fe5a4ecdf99d4b48?s=96&d=mm&r=g\",\"contentUrl\":\"https:\/\/secure.gravatar.com\/avatar\/265b27cb2209af7bb3a1318f03305787d7981a5cc6e6cd08fe5a4ecdf99d4b48?s=96&d=mm&r=g\",\"caption\":\"Contenidos El Regional\"},\"url\":\"https:\/\/elregionalvm.com.ar\/noticias-villa-maria\/author\/contenido\/\"}]}<\/script>\n<!-- \/ Yoast SEO plugin. -->","yoast_head_json":{"title":"Sin clases por la ola de calor: Una pol\u00e9mica decisi\u00f3n que desnuda problemas mucho m\u00e1s profundos - El Regional","robots":{"index":"index","follow":"follow","max-snippet":"max-snippet:-1","max-image-preview":"max-image-preview:large","max-video-preview":"max-video-preview:-1"},"canonical":"http:\/\/elregionalvm.com.ar\/noticias-villa-maria\/sin-clases-por-la-ola-de-calor-una-polemica-decision-que-desnuda-problemas-mucho-mas-profundos\/","og_locale":"es_ES","og_type":"article","og_title":"Sin clases por la ola de calor: Una pol\u00e9mica decisi\u00f3n que desnuda problemas mucho m\u00e1s profundos - El Regional","og_description":"En la noche del jueves 16, reunidos en asamblea escolar, directivos, personal docente y no docente del IPEM\u00a0 275, con el aval de la Delegaci\u00f3n San Mart\u00edn de UEPC, decidieron que \u201cfrente a las temperaturas extremas que baten r\u00e9cords y la falta de acondicionamiento de las aulas, con escasa ventilaci\u00f3n y el mal funcionamiento de [&hellip;]","og_url":"http:\/\/elregionalvm.com.ar\/noticias-villa-maria\/sin-clases-por-la-ola-de-calor-una-polemica-decision-que-desnuda-problemas-mucho-mas-profundos\/","og_site_name":"El Regional","article_publisher":"https:\/\/www.facebook.com\/elregionalvm","article_published_time":"2023-03-18T18:53:19+00:00","article_modified_time":"2023-03-21T02:55:44+00:00","og_image":[{"width":1200,"height":900,"url":"http:\/\/elregionalvm.com.ar\/noticias-villa-maria\/wp-content\/uploads\/2023\/03\/Colegio-Nacional-frente-2023.jpeg","type":"image\/jpeg"}],"author":"Contenidos El Regional","twitter_card":"summary_large_image","twitter_creator":"@elregionalvm1","twitter_site":"@elregionalvm1","twitter_misc":{"Escrito por":"Contenidos El Regional","Tiempo de lectura":"6 minutos"},"schema":{"@context":"https:\/\/schema.org","@graph":[{"@type":"Article","@id":"http:\/\/elregionalvm.com.ar\/noticias-villa-maria\/sin-clases-por-la-ola-de-calor-una-polemica-decision-que-desnuda-problemas-mucho-mas-profundos\/#article","isPartOf":{"@id":"http:\/\/elregionalvm.com.ar\/noticias-villa-maria\/sin-clases-por-la-ola-de-calor-una-polemica-decision-que-desnuda-problemas-mucho-mas-profundos\/"},"author":{"name":"Contenidos El Regional","@id":"http:\/\/elregionalvm.com.ar\/noticias-villa-maria\/#\/schema\/person\/a0fb9c422317faca23d50163151bc354"},"headline":"Sin clases por la ola de calor: Una pol\u00e9mica decisi\u00f3n que desnuda problemas mucho m\u00e1s profundos","datePublished":"2023-03-18T18:53:19+00:00","dateModified":"2023-03-21T02:55:44+00:00","mainEntityOfPage":{"@id":"http:\/\/elregionalvm.com.ar\/noticias-villa-maria\/sin-clases-por-la-ola-de-calor-una-polemica-decision-que-desnuda-problemas-mucho-mas-profundos\/"},"wordCount":1157,"commentCount":0,"image":{"@id":"http:\/\/elregionalvm.com.ar\/noticias-villa-maria\/sin-clases-por-la-ola-de-calor-una-polemica-decision-que-desnuda-problemas-mucho-mas-profundos\/#primaryimage"},"thumbnailUrl":"https:\/\/i0.wp.com\/elregionalvm.com.ar\/noticias-villa-maria\/wp-content\/uploads\/2023\/03\/Colegio-Nacional-frente-2023.jpeg?fit=1200%2C900&ssl=1","keywords":["calor","Clases virtuales","Colegio Nacional","directivos","docentes","estudiantes","Infraestructura","ola de calor","problemas edilicios","sin clases","Suspensi\u00f3n de clases"],"articleSection":["tercera","Villa Mar\u00eda"],"inLanguage":"es","potentialAction":[{"@type":"CommentAction","name":"Comment","target":["http:\/\/elregionalvm.com.ar\/noticias-villa-maria\/sin-clases-por-la-ola-de-calor-una-polemica-decision-que-desnuda-problemas-mucho-mas-profundos\/#respond"]}]},{"@type":"WebPage","@id":"http:\/\/elregionalvm.com.ar\/noticias-villa-maria\/sin-clases-por-la-ola-de-calor-una-polemica-decision-que-desnuda-problemas-mucho-mas-profundos\/","url":"http:\/\/elregionalvm.com.ar\/noticias-villa-maria\/sin-clases-por-la-ola-de-calor-una-polemica-decision-que-desnuda-problemas-mucho-mas-profundos\/","name":"Sin clases por la ola de calor: Una pol\u00e9mica decisi\u00f3n que desnuda problemas mucho m\u00e1s profundos - El Regional","isPartOf":{"@id":"http:\/\/elregionalvm.com.ar\/noticias-villa-maria\/#website"},"primaryImageOfPage":{"@id":"http:\/\/elregionalvm.com.ar\/noticias-villa-maria\/sin-clases-por-la-ola-de-calor-una-polemica-decision-que-desnuda-problemas-mucho-mas-profundos\/#primaryimage"},"image":{"@id":"http:\/\/elregionalvm.com.ar\/noticias-villa-maria\/sin-clases-por-la-ola-de-calor-una-polemica-decision-que-desnuda-problemas-mucho-mas-profundos\/#primaryimage"},"thumbnailUrl":"https:\/\/i0.wp.com\/elregionalvm.com.ar\/noticias-villa-maria\/wp-content\/uploads\/2023\/03\/Colegio-Nacional-frente-2023.jpeg?fit=1200%2C900&ssl=1","datePublished":"2023-03-18T18:53:19+00:00","dateModified":"2023-03-21T02:55:44+00:00","author":{"@id":"http:\/\/elregionalvm.com.ar\/noticias-villa-maria\/#\/schema\/person\/a0fb9c422317faca23d50163151bc354"},"breadcrumb":{"@id":"http:\/\/elregionalvm.com.ar\/noticias-villa-maria\/sin-clases-por-la-ola-de-calor-una-polemica-decision-que-desnuda-problemas-mucho-mas-profundos\/#breadcrumb"},"inLanguage":"es","potentialAction":[{"@type":"ReadAction","target":["http:\/\/elregionalvm.com.ar\/noticias-villa-maria\/sin-clases-por-la-ola-de-calor-una-polemica-decision-que-desnuda-problemas-mucho-mas-profundos\/"]}]},{"@type":"ImageObject","inLanguage":"es","@id":"http:\/\/elregionalvm.com.ar\/noticias-villa-maria\/sin-clases-por-la-ola-de-calor-una-polemica-decision-que-desnuda-problemas-mucho-mas-profundos\/#primaryimage","url":"https:\/\/i0.wp.com\/elregionalvm.com.ar\/noticias-villa-maria\/wp-content\/uploads\/2023\/03\/Colegio-Nacional-frente-2023.jpeg?fit=1200%2C900&ssl=1","contentUrl":"https:\/\/i0.wp.com\/elregionalvm.com.ar\/noticias-villa-maria\/wp-content\/uploads\/2023\/03\/Colegio-Nacional-frente-2023.jpeg?fit=1200%2C900&ssl=1","width":1200,"height":900},{"@type":"BreadcrumbList","@id":"http:\/\/elregionalvm.com.ar\/noticias-villa-maria\/sin-clases-por-la-ola-de-calor-una-polemica-decision-que-desnuda-problemas-mucho-mas-profundos\/#breadcrumb","itemListElement":[{"@type":"ListItem","position":1,"name":"Portada","item":"https:\/\/elregionalvm.com.ar\/noticias-villa-maria\/"},{"@type":"ListItem","position":2,"name":"Sin clases por la ola de calor: Una pol\u00e9mica decisi\u00f3n que desnuda problemas mucho m\u00e1s profundos"}]},{"@type":"WebSite","@id":"http:\/\/elregionalvm.com.ar\/noticias-villa-maria\/#website","url":"http:\/\/elregionalvm.com.ar\/noticias-villa-maria\/","name":"El Regional","description":"Mucho m\u00e1s que informaci\u00f3n","potentialAction":[{"@type":"SearchAction","target":{"@type":"EntryPoint","urlTemplate":"http:\/\/elregionalvm.com.ar\/noticias-villa-maria\/?s={search_term_string}"},"query-input":{"@type":"PropertyValueSpecification","valueRequired":true,"valueName":"search_term_string"}}],"inLanguage":"es"},{"@type":"Person","@id":"http:\/\/elregionalvm.com.ar\/noticias-villa-maria\/#\/schema\/person\/a0fb9c422317faca23d50163151bc354","name":"Contenidos El Regional","image":{"@type":"ImageObject","inLanguage":"es","@id":"http:\/\/elregionalvm.com.ar\/noticias-villa-maria\/#\/schema\/person\/image\/","url":"https:\/\/secure.gravatar.com\/avatar\/265b27cb2209af7bb3a1318f03305787d7981a5cc6e6cd08fe5a4ecdf99d4b48?s=96&d=mm&r=g","contentUrl":"https:\/\/secure.gravatar.com\/avatar\/265b27cb2209af7bb3a1318f03305787d7981a5cc6e6cd08fe5a4ecdf99d4b48?s=96&d=mm&r=g","caption":"Contenidos El Regional"},"url":"https:\/\/elregionalvm.com.ar\/noticias-villa-maria\/author\/contenido\/"}]}},"jetpack_featured_media_url":"https:\/\/i0.wp.com\/elregionalvm.com.ar\/noticias-villa-maria\/wp-content\/uploads\/2023\/03\/Colegio-Nacional-frente-2023.jpeg?fit=1200%2C900&ssl=1","jetpack_sharing_enabled":true,"_links":{"self":[{"href":"https:\/\/elregionalvm.com.ar\/noticias-villa-maria\/wp-json\/wp\/v2\/posts\/73362","targetHints":{"allow":["GET"]}}],"collection":[{"href":"https:\/\/elregionalvm.com.ar\/noticias-villa-maria\/wp-json\/wp\/v2\/posts"}],"about":[{"href":"https:\/\/elregionalvm.com.ar\/noticias-villa-maria\/wp-json\/wp\/v2\/types\/post"}],"author":[{"embeddable":true,"href":"https:\/\/elregionalvm.com.ar\/noticias-villa-maria\/wp-json\/wp\/v2\/users\/4"}],"replies":[{"embeddable":true,"href":"https:\/\/elregionalvm.com.ar\/noticias-villa-maria\/wp-json\/wp\/v2\/comments?post=73362"}],"version-history":[{"count":3,"href":"https:\/\/elregionalvm.com.ar\/noticias-villa-maria\/wp-json\/wp\/v2\/posts\/73362\/revisions"}],"predecessor-version":[{"id":73370,"href":"https:\/\/elregionalvm.com.ar\/noticias-villa-maria\/wp-json\/wp\/v2\/posts\/73362\/revisions\/73370"}],"wp:featuredmedia":[{"embeddable":true,"href":"https:\/\/elregionalvm.com.ar\/noticias-villa-maria\/wp-json\/wp\/v2\/media\/73366"}],"wp:attachment":[{"href":"https:\/\/elregionalvm.com.ar\/noticias-villa-maria\/wp-json\/wp\/v2\/media?parent=73362"}],"wp:term":[{"taxonomy":"category","embeddable":true,"href":"https:\/\/elregionalvm.com.ar\/noticias-villa-maria\/wp-json\/wp\/v2\/categories?post=73362"},{"taxonomy":"post_tag","embeddable":true,"href":"https:\/\/elregionalvm.com.ar\/noticias-villa-maria\/wp-json\/wp\/v2\/tags?post=73362"}],"curies":[{"name":"wp","href":"https:\/\/api.w.org\/{rel}","templated":true}]}}