{"id":73428,"date":"2023-03-20T22:07:48","date_gmt":"2023-03-20T22:07:48","guid":{"rendered":"https:\/\/elregionalvm.com.ar\/noticias-villa-maria\/?p=73428"},"modified":"2023-03-20T22:07:51","modified_gmt":"2023-03-20T22:07:51","slug":"gill-se-reunio-con-veteranos-para-avanzar-en-el-proyecto-del-nuevo-museo-de-malvinas","status":"publish","type":"post","link":"https:\/\/elregionalvm.com.ar\/noticias-villa-maria\/gill-se-reunio-con-veteranos-para-avanzar-en-el-proyecto-del-nuevo-museo-de-malvinas\/","title":{"rendered":"Gill se reuni\u00f3 con veteranos para avanzar en el proyecto del nuevo Museo de Malvinas"},"content":{"rendered":"\n<p>El intendente Mart\u00edn Gill recibi\u00f3 a miembros del Centro de Veteranos de Guerra Islas Malvinas para abordar el proyecto que permitir\u00e1 la ejecuci\u00f3n del Museo de Malvinas. <\/p>\n\n\n\n<p>A tal efecto la mesa de trabajo dialog\u00f3 sobre las distintas opciones de espacios existentes donde se podr\u00eda emplazar el sitio muse\u00edstico, para que la historia del conflicto b\u00e9lico trascienda las paredes e interpele, desde el registro hist\u00f3rico y local, a vecinos y vecinas de la ciudad.<\/p>\n\n\n\n<p>Gill, la directora de Museos y Patrimonio del municipio, Anal\u00eda Godoy, y los ex combatientes Elio Grandis, Erik L\u00e1nger, Guillermo Guti\u00e9rrez y Horacio Far\u00f3, coincidieron en que la exhibici\u00f3n debe contar con objetos e historias personales que representen la experiencia de quienes participaron del combate b\u00e9lico.<\/p>\n\n\n\n<p>En la misma l\u00ednea, se plante\u00f3 trabajar el museo con enfoque en la soberan\u00eda, tanto desde el relato hist\u00f3rico como desde el concepto en la actualidad. <\/p>\n\n\n\n<p>Adem\u00e1s se plante\u00f3 la posibilidad de trabajar de manera articulada con la Universidad Nacional de Villa Mar\u00eda, y desarrollar un ciclo de charlas que complementen la muestra.<\/p>\n\n\n\n<p>Puntualmente, el Museo Malvinas ser\u00e1 un espacio de memoria sobre la disputa de soberan\u00eda entre la Rep\u00fablica Argentina y el Reino Unido por las Islas Malvinas, Georgias del Sur, Sandwich del Sur y los espacios mar\u00edtimos circundantes. <\/p>\n\n\n\n<p>Adem\u00e1s ser\u00e1 el lugar que otorgue el merecido reconocimiento y memoria a los veteranos de guerra oriundos de la ciudad, reconociendo qui\u00e9nes y de qu\u00e9 manera tuvieron intervenci\u00f3n.<\/p>\n","protected":false},"excerpt":{"rendered":"<p>El intendente Mart\u00edn Gill recibi\u00f3 a miembros del Centro de Veteranos de Guerra Islas Malvinas para abordar el proyecto que permitir\u00e1 la ejecuci\u00f3n del Museo de Malvinas. A tal efecto la mesa de trabajo dialog\u00f3 sobre las distintas opciones de espacios existentes donde se podr\u00eda emplazar el sitio muse\u00edstico, para que la historia del conflicto [&hellip;]<\/p>\n","protected":false},"author":4,"featured_media":73429,"comment_status":"open","ping_status":"open","sticky":false,"template":"","format":"standard","meta":{"site-sidebar-layout":"default","site-content-layout":"","ast-site-content-layout":"default","site-content-style":"default","site-sidebar-style":"default","ast-global-header-display":"","ast-banner-title-visibility":"","ast-main-header-display":"","ast-hfb-above-header-display":"","ast-hfb-below-header-display":"","ast-hfb-mobile-header-display":"","site-post-title":"","ast-breadcrumbs-content":"","ast-featured-img":"","footer-sml-layout":"","ast-disable-related-posts":"","theme-transparent-header-meta":"","adv-header-id-meta":"","stick-header-meta":"","header-above-stick-meta":"","header-main-stick-meta":"","header-below-stick-meta":"","astra-migrate-meta-layouts":"default","ast-page-background-enabled":"default","ast-page-background-meta":{"desktop":{"background-color":"","background-image":"","background-repeat":"repeat","background-position":"center center","background-size":"auto","background-attachment":"scroll","background-type":"","background-media":"","overlay-type":"","overlay-color":"","overlay-opacity":"","overlay-gradient":""},"tablet":{"background-color":"","background-image":"","background-repeat":"repeat","background-position":"center center","background-size":"auto","background-attachment":"scroll","background-type":"","background-media":"","overlay-type":"","overlay-color":"","overlay-opacity":"","overlay-gradient":""},"mobile":{"background-color":"","background-image":"","background-repeat":"repeat","background-position":"center center","background-size":"auto","background-attachment":"scroll","background-type":"","background-media":"","overlay-type":"","overlay-color":"","overlay-opacity":"","overlay-gradient":""}},"ast-content-background-meta":{"desktop":{"background-color":"var(--ast-global-color-5)","background-image":"","background-repeat":"repeat","background-position":"center center","background-size":"auto","background-attachment":"scroll","background-type":"","background-media":"","overlay-type":"","overlay-color":"","overlay-opacity":"","overlay-gradient":""},"tablet":{"background-color":"var(--ast-global-color-5)","background-image":"","background-repeat":"repeat","background-position":"center center","background-size":"auto","background-attachment":"scroll","background-type":"","background-media":"","overlay-type":"","overlay-color":"","overlay-opacity":"","overlay-gradient":""},"mobile":{"background-color":"var(--ast-global-color-5)","background-image":"","background-repeat":"repeat","background-position":"center center","background-size":"auto","background-attachment":"scroll","background-type":"","background-media":"","overlay-type":"","overlay-color":"","overlay-opacity":"","overlay-gradient":""}},"_jetpack_memberships_contains_paid_content":false,"_joinchat":[],"footnotes":""},"categories":[15302,2],"tags":[],"class_list":["post-73428","post","type-post","status-publish","format-standard","has-post-thumbnail","hentry","category-destacado","category-villa-maria"],"yoast_head":"<!-- This site is optimized with the Yoast SEO plugin v26.8 - https:\/\/yoast.com\/product\/yoast-seo-wordpress\/ -->\n<title>Gill se reuni\u00f3 con veteranos para avanzar en el proyecto del nuevo Museo de Malvinas - El Regional<\/title>\n<meta name=\"robots\" content=\"index, follow, max-snippet:-1, max-image-preview:large, max-video-preview:-1\" \/>\n<link rel=\"canonical\" href=\"http:\/\/elregionalvm.com.ar\/noticias-villa-maria\/gill-se-reunio-con-veteranos-para-avanzar-en-el-proyecto-del-nuevo-museo-de-malvinas\/\" \/>\n<meta property=\"og:locale\" content=\"es_ES\" \/>\n<meta property=\"og:type\" content=\"article\" \/>\n<meta property=\"og:title\" content=\"Gill se reuni\u00f3 con veteranos para avanzar en el proyecto del nuevo Museo de Malvinas - El Regional\" \/>\n<meta property=\"og:description\" content=\"El intendente Mart\u00edn Gill recibi\u00f3 a miembros del Centro de Veteranos de Guerra Islas Malvinas para abordar el proyecto que permitir\u00e1 la ejecuci\u00f3n del Museo de Malvinas. A tal efecto la mesa de trabajo dialog\u00f3 sobre las distintas opciones de espacios existentes donde se podr\u00eda emplazar el sitio muse\u00edstico, para que la historia del conflicto [&hellip;]\" \/>\n<meta property=\"og:url\" content=\"http:\/\/elregionalvm.com.ar\/noticias-villa-maria\/gill-se-reunio-con-veteranos-para-avanzar-en-el-proyecto-del-nuevo-museo-de-malvinas\/\" \/>\n<meta property=\"og:site_name\" content=\"El Regional\" \/>\n<meta property=\"article:publisher\" content=\"https:\/\/www.facebook.com\/elregionalvm\" \/>\n<meta property=\"article:published_time\" content=\"2023-03-20T22:07:48+00:00\" \/>\n<meta property=\"article:modified_time\" content=\"2023-03-20T22:07:51+00:00\" \/>\n<meta property=\"og:image\" content=\"http:\/\/elregionalvm.com.ar\/noticias-villa-maria\/wp-content\/uploads\/2023\/03\/WhatsApp-Image-2023-03-20-at-14.09.09.jpeg\" \/>\n\t<meta property=\"og:image:width\" content=\"1600\" \/>\n\t<meta property=\"og:image:height\" content=\"1066\" \/>\n\t<meta property=\"og:image:type\" content=\"image\/jpeg\" \/>\n<meta name=\"author\" content=\"Contenidos El Regional\" \/>\n<meta name=\"twitter:card\" content=\"summary_large_image\" \/>\n<meta name=\"twitter:creator\" content=\"@elregionalvm1\" \/>\n<meta name=\"twitter:site\" content=\"@elregionalvm1\" \/>\n<meta name=\"twitter:label1\" content=\"Escrito por\" \/>\n\t<meta name=\"twitter:data1\" content=\"Contenidos El Regional\" \/>\n\t<meta name=\"twitter:label2\" content=\"Tiempo de lectura\" \/>\n\t<meta name=\"twitter:data2\" content=\"2 minutos\" \/>\n<script type=\"application\/ld+json\" class=\"yoast-schema-graph\">{\"@context\":\"https:\/\/schema.org\",\"@graph\":[{\"@type\":\"Article\",\"@id\":\"http:\/\/elregionalvm.com.ar\/noticias-villa-maria\/gill-se-reunio-con-veteranos-para-avanzar-en-el-proyecto-del-nuevo-museo-de-malvinas\/#article\",\"isPartOf\":{\"@id\":\"http:\/\/elregionalvm.com.ar\/noticias-villa-maria\/gill-se-reunio-con-veteranos-para-avanzar-en-el-proyecto-del-nuevo-museo-de-malvinas\/\"},\"author\":{\"name\":\"Contenidos El Regional\",\"@id\":\"http:\/\/elregionalvm.com.ar\/noticias-villa-maria\/#\/schema\/person\/a0fb9c422317faca23d50163151bc354\"},\"headline\":\"Gill se reuni\u00f3 con veteranos para avanzar en el proyecto del nuevo Museo de Malvinas\",\"datePublished\":\"2023-03-20T22:07:48+00:00\",\"dateModified\":\"2023-03-20T22:07:51+00:00\",\"mainEntityOfPage\":{\"@id\":\"http:\/\/elregionalvm.com.ar\/noticias-villa-maria\/gill-se-reunio-con-veteranos-para-avanzar-en-el-proyecto-del-nuevo-museo-de-malvinas\/\"},\"wordCount\":275,\"commentCount\":0,\"image\":{\"@id\":\"http:\/\/elregionalvm.com.ar\/noticias-villa-maria\/gill-se-reunio-con-veteranos-para-avanzar-en-el-proyecto-del-nuevo-museo-de-malvinas\/#primaryimage\"},\"thumbnailUrl\":\"https:\/\/i0.wp.com\/elregionalvm.com.ar\/noticias-villa-maria\/wp-content\/uploads\/2023\/03\/WhatsApp-Image-2023-03-20-at-14.09.09.jpeg?fit=1600%2C1066&ssl=1\",\"articleSection\":[\"destacado\",\"Villa Mar\u00eda\"],\"inLanguage\":\"es\",\"potentialAction\":[{\"@type\":\"CommentAction\",\"name\":\"Comment\",\"target\":[\"http:\/\/elregionalvm.com.ar\/noticias-villa-maria\/gill-se-reunio-con-veteranos-para-avanzar-en-el-proyecto-del-nuevo-museo-de-malvinas\/#respond\"]}]},{\"@type\":\"WebPage\",\"@id\":\"http:\/\/elregionalvm.com.ar\/noticias-villa-maria\/gill-se-reunio-con-veteranos-para-avanzar-en-el-proyecto-del-nuevo-museo-de-malvinas\/\",\"url\":\"http:\/\/elregionalvm.com.ar\/noticias-villa-maria\/gill-se-reunio-con-veteranos-para-avanzar-en-el-proyecto-del-nuevo-museo-de-malvinas\/\",\"name\":\"Gill se reuni\u00f3 con veteranos para avanzar en el proyecto del nuevo Museo de Malvinas - El Regional\",\"isPartOf\":{\"@id\":\"http:\/\/elregionalvm.com.ar\/noticias-villa-maria\/#website\"},\"primaryImageOfPage\":{\"@id\":\"http:\/\/elregionalvm.com.ar\/noticias-villa-maria\/gill-se-reunio-con-veteranos-para-avanzar-en-el-proyecto-del-nuevo-museo-de-malvinas\/#primaryimage\"},\"image\":{\"@id\":\"http:\/\/elregionalvm.com.ar\/noticias-villa-maria\/gill-se-reunio-con-veteranos-para-avanzar-en-el-proyecto-del-nuevo-museo-de-malvinas\/#primaryimage\"},\"thumbnailUrl\":\"https:\/\/i0.wp.com\/elregionalvm.com.ar\/noticias-villa-maria\/wp-content\/uploads\/2023\/03\/WhatsApp-Image-2023-03-20-at-14.09.09.jpeg?fit=1600%2C1066&ssl=1\",\"datePublished\":\"2023-03-20T22:07:48+00:00\",\"dateModified\":\"2023-03-20T22:07:51+00:00\",\"author\":{\"@id\":\"http:\/\/elregionalvm.com.ar\/noticias-villa-maria\/#\/schema\/person\/a0fb9c422317faca23d50163151bc354\"},\"breadcrumb\":{\"@id\":\"http:\/\/elregionalvm.com.ar\/noticias-villa-maria\/gill-se-reunio-con-veteranos-para-avanzar-en-el-proyecto-del-nuevo-museo-de-malvinas\/#breadcrumb\"},\"inLanguage\":\"es\",\"potentialAction\":[{\"@type\":\"ReadAction\",\"target\":[\"http:\/\/elregionalvm.com.ar\/noticias-villa-maria\/gill-se-reunio-con-veteranos-para-avanzar-en-el-proyecto-del-nuevo-museo-de-malvinas\/\"]}]},{\"@type\":\"ImageObject\",\"inLanguage\":\"es\",\"@id\":\"http:\/\/elregionalvm.com.ar\/noticias-villa-maria\/gill-se-reunio-con-veteranos-para-avanzar-en-el-proyecto-del-nuevo-museo-de-malvinas\/#primaryimage\",\"url\":\"https:\/\/i0.wp.com\/elregionalvm.com.ar\/noticias-villa-maria\/wp-content\/uploads\/2023\/03\/WhatsApp-Image-2023-03-20-at-14.09.09.jpeg?fit=1600%2C1066&ssl=1\",\"contentUrl\":\"https:\/\/i0.wp.com\/elregionalvm.com.ar\/noticias-villa-maria\/wp-content\/uploads\/2023\/03\/WhatsApp-Image-2023-03-20-at-14.09.09.jpeg?fit=1600%2C1066&ssl=1\",\"width\":1600,\"height\":1066},{\"@type\":\"BreadcrumbList\",\"@id\":\"http:\/\/elregionalvm.com.ar\/noticias-villa-maria\/gill-se-reunio-con-veteranos-para-avanzar-en-el-proyecto-del-nuevo-museo-de-malvinas\/#breadcrumb\",\"itemListElement\":[{\"@type\":\"ListItem\",\"position\":1,\"name\":\"Portada\",\"item\":\"https:\/\/elregionalvm.com.ar\/noticias-villa-maria\/\"},{\"@type\":\"ListItem\",\"position\":2,\"name\":\"Gill se reuni\u00f3 con veteranos para avanzar en el proyecto del nuevo Museo de Malvinas\"}]},{\"@type\":\"WebSite\",\"@id\":\"http:\/\/elregionalvm.com.ar\/noticias-villa-maria\/#website\",\"url\":\"http:\/\/elregionalvm.com.ar\/noticias-villa-maria\/\",\"name\":\"El Regional\",\"description\":\"Mucho m\u00e1s que informaci\u00f3n\",\"potentialAction\":[{\"@type\":\"SearchAction\",\"target\":{\"@type\":\"EntryPoint\",\"urlTemplate\":\"http:\/\/elregionalvm.com.ar\/noticias-villa-maria\/?s={search_term_string}\"},\"query-input\":{\"@type\":\"PropertyValueSpecification\",\"valueRequired\":true,\"valueName\":\"search_term_string\"}}],\"inLanguage\":\"es\"},{\"@type\":\"Person\",\"@id\":\"http:\/\/elregionalvm.com.ar\/noticias-villa-maria\/#\/schema\/person\/a0fb9c422317faca23d50163151bc354\",\"name\":\"Contenidos El Regional\",\"image\":{\"@type\":\"ImageObject\",\"inLanguage\":\"es\",\"@id\":\"http:\/\/elregionalvm.com.ar\/noticias-villa-maria\/#\/schema\/person\/image\/\",\"url\":\"https:\/\/secure.gravatar.com\/avatar\/265b27cb2209af7bb3a1318f03305787d7981a5cc6e6cd08fe5a4ecdf99d4b48?s=96&d=mm&r=g\",\"contentUrl\":\"https:\/\/secure.gravatar.com\/avatar\/265b27cb2209af7bb3a1318f03305787d7981a5cc6e6cd08fe5a4ecdf99d4b48?s=96&d=mm&r=g\",\"caption\":\"Contenidos El Regional\"},\"url\":\"https:\/\/elregionalvm.com.ar\/noticias-villa-maria\/author\/contenido\/\"}]}<\/script>\n<!-- \/ Yoast SEO plugin. -->","yoast_head_json":{"title":"Gill se reuni\u00f3 con veteranos para avanzar en el proyecto del nuevo Museo de Malvinas - El Regional","robots":{"index":"index","follow":"follow","max-snippet":"max-snippet:-1","max-image-preview":"max-image-preview:large","max-video-preview":"max-video-preview:-1"},"canonical":"http:\/\/elregionalvm.com.ar\/noticias-villa-maria\/gill-se-reunio-con-veteranos-para-avanzar-en-el-proyecto-del-nuevo-museo-de-malvinas\/","og_locale":"es_ES","og_type":"article","og_title":"Gill se reuni\u00f3 con veteranos para avanzar en el proyecto del nuevo Museo de Malvinas - El Regional","og_description":"El intendente Mart\u00edn Gill recibi\u00f3 a miembros del Centro de Veteranos de Guerra Islas Malvinas para abordar el proyecto que permitir\u00e1 la ejecuci\u00f3n del Museo de Malvinas. A tal efecto la mesa de trabajo dialog\u00f3 sobre las distintas opciones de espacios existentes donde se podr\u00eda emplazar el sitio muse\u00edstico, para que la historia del conflicto [&hellip;]","og_url":"http:\/\/elregionalvm.com.ar\/noticias-villa-maria\/gill-se-reunio-con-veteranos-para-avanzar-en-el-proyecto-del-nuevo-museo-de-malvinas\/","og_site_name":"El Regional","article_publisher":"https:\/\/www.facebook.com\/elregionalvm","article_published_time":"2023-03-20T22:07:48+00:00","article_modified_time":"2023-03-20T22:07:51+00:00","og_image":[{"width":1600,"height":1066,"url":"http:\/\/elregionalvm.com.ar\/noticias-villa-maria\/wp-content\/uploads\/2023\/03\/WhatsApp-Image-2023-03-20-at-14.09.09.jpeg","type":"image\/jpeg"}],"author":"Contenidos El Regional","twitter_card":"summary_large_image","twitter_creator":"@elregionalvm1","twitter_site":"@elregionalvm1","twitter_misc":{"Escrito por":"Contenidos El Regional","Tiempo de lectura":"2 minutos"},"schema":{"@context":"https:\/\/schema.org","@graph":[{"@type":"Article","@id":"http:\/\/elregionalvm.com.ar\/noticias-villa-maria\/gill-se-reunio-con-veteranos-para-avanzar-en-el-proyecto-del-nuevo-museo-de-malvinas\/#article","isPartOf":{"@id":"http:\/\/elregionalvm.com.ar\/noticias-villa-maria\/gill-se-reunio-con-veteranos-para-avanzar-en-el-proyecto-del-nuevo-museo-de-malvinas\/"},"author":{"name":"Contenidos El Regional","@id":"http:\/\/elregionalvm.com.ar\/noticias-villa-maria\/#\/schema\/person\/a0fb9c422317faca23d50163151bc354"},"headline":"Gill se reuni\u00f3 con veteranos para avanzar en el proyecto del nuevo Museo de Malvinas","datePublished":"2023-03-20T22:07:48+00:00","dateModified":"2023-03-20T22:07:51+00:00","mainEntityOfPage":{"@id":"http:\/\/elregionalvm.com.ar\/noticias-villa-maria\/gill-se-reunio-con-veteranos-para-avanzar-en-el-proyecto-del-nuevo-museo-de-malvinas\/"},"wordCount":275,"commentCount":0,"image":{"@id":"http:\/\/elregionalvm.com.ar\/noticias-villa-maria\/gill-se-reunio-con-veteranos-para-avanzar-en-el-proyecto-del-nuevo-museo-de-malvinas\/#primaryimage"},"thumbnailUrl":"https:\/\/i0.wp.com\/elregionalvm.com.ar\/noticias-villa-maria\/wp-content\/uploads\/2023\/03\/WhatsApp-Image-2023-03-20-at-14.09.09.jpeg?fit=1600%2C1066&ssl=1","articleSection":["destacado","Villa Mar\u00eda"],"inLanguage":"es","potentialAction":[{"@type":"CommentAction","name":"Comment","target":["http:\/\/elregionalvm.com.ar\/noticias-villa-maria\/gill-se-reunio-con-veteranos-para-avanzar-en-el-proyecto-del-nuevo-museo-de-malvinas\/#respond"]}]},{"@type":"WebPage","@id":"http:\/\/elregionalvm.com.ar\/noticias-villa-maria\/gill-se-reunio-con-veteranos-para-avanzar-en-el-proyecto-del-nuevo-museo-de-malvinas\/","url":"http:\/\/elregionalvm.com.ar\/noticias-villa-maria\/gill-se-reunio-con-veteranos-para-avanzar-en-el-proyecto-del-nuevo-museo-de-malvinas\/","name":"Gill se reuni\u00f3 con veteranos para avanzar en el proyecto del nuevo Museo de Malvinas - El Regional","isPartOf":{"@id":"http:\/\/elregionalvm.com.ar\/noticias-villa-maria\/#website"},"primaryImageOfPage":{"@id":"http:\/\/elregionalvm.com.ar\/noticias-villa-maria\/gill-se-reunio-con-veteranos-para-avanzar-en-el-proyecto-del-nuevo-museo-de-malvinas\/#primaryimage"},"image":{"@id":"http:\/\/elregionalvm.com.ar\/noticias-villa-maria\/gill-se-reunio-con-veteranos-para-avanzar-en-el-proyecto-del-nuevo-museo-de-malvinas\/#primaryimage"},"thumbnailUrl":"https:\/\/i0.wp.com\/elregionalvm.com.ar\/noticias-villa-maria\/wp-content\/uploads\/2023\/03\/WhatsApp-Image-2023-03-20-at-14.09.09.jpeg?fit=1600%2C1066&ssl=1","datePublished":"2023-03-20T22:07:48+00:00","dateModified":"2023-03-20T22:07:51+00:00","author":{"@id":"http:\/\/elregionalvm.com.ar\/noticias-villa-maria\/#\/schema\/person\/a0fb9c422317faca23d50163151bc354"},"breadcrumb":{"@id":"http:\/\/elregionalvm.com.ar\/noticias-villa-maria\/gill-se-reunio-con-veteranos-para-avanzar-en-el-proyecto-del-nuevo-museo-de-malvinas\/#breadcrumb"},"inLanguage":"es","potentialAction":[{"@type":"ReadAction","target":["http:\/\/elregionalvm.com.ar\/noticias-villa-maria\/gill-se-reunio-con-veteranos-para-avanzar-en-el-proyecto-del-nuevo-museo-de-malvinas\/"]}]},{"@type":"ImageObject","inLanguage":"es","@id":"http:\/\/elregionalvm.com.ar\/noticias-villa-maria\/gill-se-reunio-con-veteranos-para-avanzar-en-el-proyecto-del-nuevo-museo-de-malvinas\/#primaryimage","url":"https:\/\/i0.wp.com\/elregionalvm.com.ar\/noticias-villa-maria\/wp-content\/uploads\/2023\/03\/WhatsApp-Image-2023-03-20-at-14.09.09.jpeg?fit=1600%2C1066&ssl=1","contentUrl":"https:\/\/i0.wp.com\/elregionalvm.com.ar\/noticias-villa-maria\/wp-content\/uploads\/2023\/03\/WhatsApp-Image-2023-03-20-at-14.09.09.jpeg?fit=1600%2C1066&ssl=1","width":1600,"height":1066},{"@type":"BreadcrumbList","@id":"http:\/\/elregionalvm.com.ar\/noticias-villa-maria\/gill-se-reunio-con-veteranos-para-avanzar-en-el-proyecto-del-nuevo-museo-de-malvinas\/#breadcrumb","itemListElement":[{"@type":"ListItem","position":1,"name":"Portada","item":"https:\/\/elregionalvm.com.ar\/noticias-villa-maria\/"},{"@type":"ListItem","position":2,"name":"Gill se reuni\u00f3 con veteranos para avanzar en el proyecto del nuevo Museo de Malvinas"}]},{"@type":"WebSite","@id":"http:\/\/elregionalvm.com.ar\/noticias-villa-maria\/#website","url":"http:\/\/elregionalvm.com.ar\/noticias-villa-maria\/","name":"El Regional","description":"Mucho m\u00e1s que informaci\u00f3n","potentialAction":[{"@type":"SearchAction","target":{"@type":"EntryPoint","urlTemplate":"http:\/\/elregionalvm.com.ar\/noticias-villa-maria\/?s={search_term_string}"},"query-input":{"@type":"PropertyValueSpecification","valueRequired":true,"valueName":"search_term_string"}}],"inLanguage":"es"},{"@type":"Person","@id":"http:\/\/elregionalvm.com.ar\/noticias-villa-maria\/#\/schema\/person\/a0fb9c422317faca23d50163151bc354","name":"Contenidos El Regional","image":{"@type":"ImageObject","inLanguage":"es","@id":"http:\/\/elregionalvm.com.ar\/noticias-villa-maria\/#\/schema\/person\/image\/","url":"https:\/\/secure.gravatar.com\/avatar\/265b27cb2209af7bb3a1318f03305787d7981a5cc6e6cd08fe5a4ecdf99d4b48?s=96&d=mm&r=g","contentUrl":"https:\/\/secure.gravatar.com\/avatar\/265b27cb2209af7bb3a1318f03305787d7981a5cc6e6cd08fe5a4ecdf99d4b48?s=96&d=mm&r=g","caption":"Contenidos El Regional"},"url":"https:\/\/elregionalvm.com.ar\/noticias-villa-maria\/author\/contenido\/"}]}},"jetpack_featured_media_url":"https:\/\/i0.wp.com\/elregionalvm.com.ar\/noticias-villa-maria\/wp-content\/uploads\/2023\/03\/WhatsApp-Image-2023-03-20-at-14.09.09.jpeg?fit=1600%2C1066&ssl=1","jetpack_sharing_enabled":true,"_links":{"self":[{"href":"https:\/\/elregionalvm.com.ar\/noticias-villa-maria\/wp-json\/wp\/v2\/posts\/73428","targetHints":{"allow":["GET"]}}],"collection":[{"href":"https:\/\/elregionalvm.com.ar\/noticias-villa-maria\/wp-json\/wp\/v2\/posts"}],"about":[{"href":"https:\/\/elregionalvm.com.ar\/noticias-villa-maria\/wp-json\/wp\/v2\/types\/post"}],"author":[{"embeddable":true,"href":"https:\/\/elregionalvm.com.ar\/noticias-villa-maria\/wp-json\/wp\/v2\/users\/4"}],"replies":[{"embeddable":true,"href":"https:\/\/elregionalvm.com.ar\/noticias-villa-maria\/wp-json\/wp\/v2\/comments?post=73428"}],"version-history":[{"count":1,"href":"https:\/\/elregionalvm.com.ar\/noticias-villa-maria\/wp-json\/wp\/v2\/posts\/73428\/revisions"}],"predecessor-version":[{"id":73430,"href":"https:\/\/elregionalvm.com.ar\/noticias-villa-maria\/wp-json\/wp\/v2\/posts\/73428\/revisions\/73430"}],"wp:featuredmedia":[{"embeddable":true,"href":"https:\/\/elregionalvm.com.ar\/noticias-villa-maria\/wp-json\/wp\/v2\/media\/73429"}],"wp:attachment":[{"href":"https:\/\/elregionalvm.com.ar\/noticias-villa-maria\/wp-json\/wp\/v2\/media?parent=73428"}],"wp:term":[{"taxonomy":"category","embeddable":true,"href":"https:\/\/elregionalvm.com.ar\/noticias-villa-maria\/wp-json\/wp\/v2\/categories?post=73428"},{"taxonomy":"post_tag","embeddable":true,"href":"https:\/\/elregionalvm.com.ar\/noticias-villa-maria\/wp-json\/wp\/v2\/tags?post=73428"}],"curies":[{"name":"wp","href":"https:\/\/api.w.org\/{rel}","templated":true}]}}