{"id":73431,"date":"2023-03-20T22:12:07","date_gmt":"2023-03-20T22:12:07","guid":{"rendered":"https:\/\/elregionalvm.com.ar\/noticias-villa-maria\/?p=73431"},"modified":"2023-03-20T22:12:08","modified_gmt":"2023-03-20T22:12:08","slug":"el-programa-precios-justos-en-tu-barrio-comenzo-hoy-en-el-municerca-5-con-la-venta-de-pescado","status":"publish","type":"post","link":"https:\/\/elregionalvm.com.ar\/noticias-villa-maria\/el-programa-precios-justos-en-tu-barrio-comenzo-hoy-en-el-municerca-5-con-la-venta-de-pescado\/","title":{"rendered":"El programa Precios Justos en tu Barrio comenz\u00f3 hoy en el MuniCerca 5 con la venta de pescado"},"content":{"rendered":"\n<p>Con una gran respuesta de vecinos y vecinas, dio comienzo el programa Precios Justos en tu Barrio que tuvo hoy su primera jornada en la sede del MuniCerca 5. <\/p>\n\n\n\n<p>All\u00ed, desde horas de la ma\u00f1ana quienes se acercaron al lugar pudieron acceder a la compra de pescado fresco proveniente de distribuidores locales y a costos accesibles.<\/p>\n\n\n\n<p>Puntualmente, en la esquina de Costanera y avenida El Palmar fue dispuesto el cami\u00f3n con refrigeraci\u00f3n y los gazebos donde personal a cargo de la iniciativa llev\u00f3 adelante la venta de los productos. <\/p>\n\n\n\n<figure class=\"wp-block-image size-large\"><img data-recalc-dims=\"1\" fetchpriority=\"high\" decoding=\"async\" width=\"1024\" height=\"682\" src=\"https:\/\/i0.wp.com\/elregionalvm.com.ar\/noticias-villa-maria\/wp-content\/uploads\/2023\/03\/WhatsApp-Image-2023-03-20-at-13.58.17.jpeg?resize=1024%2C682&#038;ssl=1\" alt=\"\" class=\"wp-image-73432\" srcset=\"https:\/\/i0.wp.com\/elregionalvm.com.ar\/noticias-villa-maria\/wp-content\/uploads\/2023\/03\/WhatsApp-Image-2023-03-20-at-13.58.17.jpeg?resize=1024%2C682&amp;ssl=1 1024w, https:\/\/i0.wp.com\/elregionalvm.com.ar\/noticias-villa-maria\/wp-content\/uploads\/2023\/03\/WhatsApp-Image-2023-03-20-at-13.58.17.jpeg?resize=300%2C200&amp;ssl=1 300w, https:\/\/i0.wp.com\/elregionalvm.com.ar\/noticias-villa-maria\/wp-content\/uploads\/2023\/03\/WhatsApp-Image-2023-03-20-at-13.58.17.jpeg?resize=768%2C512&amp;ssl=1 768w, https:\/\/i0.wp.com\/elregionalvm.com.ar\/noticias-villa-maria\/wp-content\/uploads\/2023\/03\/WhatsApp-Image-2023-03-20-at-13.58.17.jpeg?resize=1536%2C1023&amp;ssl=1 1536w, https:\/\/i0.wp.com\/elregionalvm.com.ar\/noticias-villa-maria\/wp-content\/uploads\/2023\/03\/WhatsApp-Image-2023-03-20-at-13.58.17.jpeg?w=1600&amp;ssl=1 1600w\" sizes=\"(max-width: 1000px) 100vw, 1000px\" \/><\/figure>\n\n\n\n<p>En este marco, se destac\u00f3 el precio del filet de merluza con piel despinado a 850 pesos el kilogramo y el medall\u00f3n de merluza a 750 pesos el kilogramo.<\/p>\n\n\n\n<p>Con el objetivo de llegar gradualmente a cada barrio, la propuesta ser\u00e1 replicada el pr\u00f3ximo lunes 27 en el MuniCerca 7, tras reprogramarse la fecha prevista para ma\u00f1ana por cuestiones clim\u00e1ticas. <\/p>\n\n\n\n<p>De esta manera, la instituci\u00f3n ubicada en calle Intendente Pe\u00f1a 950 abrir\u00e1 sus puertas la pr\u00f3xima semana para ofrecer a la comunidad del barrio los productos y precios detallados, a partir de las 9:00 y hasta las 14:00 horas.<\/p>\n\n\n\n<p>Cabe recordar que la pol\u00edtica impulsada por la Secretar\u00eda de Inclusi\u00f3n Social y Territorio del municipio, a trav\u00e9s del \u00e1rea de Econom\u00eda Social, tiene por objetivo recorrer con el programa cada punto de la ciudad de manera descentralizada.<\/p>\n\n\n\n<p> Y as\u00ed garantizar el acceso de todos los vecinos a productos y precios populares. <\/p>\n\n\n\n<p>En virtud de ello, el programa continuar\u00e1 vigente hasta efectuarse en todos los MuniCerca, mediante ediciones que se realizar\u00e1n quincenalmente.<\/p>\n\n\n\n<p>En la primera jornada del programa, que se desarroll\u00f3 hoy, se comercializaron 450 kg de pescado, llegando a 200 familias villamarienses.<\/p>\n","protected":false},"excerpt":{"rendered":"<p>Con una gran respuesta de vecinos y vecinas, dio comienzo el programa Precios Justos en tu Barrio que tuvo hoy su primera jornada en la sede del MuniCerca 5. All\u00ed, desde horas de la ma\u00f1ana quienes se acercaron al lugar pudieron acceder a la compra de pescado fresco proveniente de distribuidores locales y a costos [&hellip;]<\/p>\n","protected":false},"author":4,"featured_media":73433,"comment_status":"open","ping_status":"open","sticky":false,"template":"","format":"standard","meta":{"site-sidebar-layout":"default","site-content-layout":"","ast-site-content-layout":"default","site-content-style":"default","site-sidebar-style":"default","ast-global-header-display":"","ast-banner-title-visibility":"","ast-main-header-display":"","ast-hfb-above-header-display":"","ast-hfb-below-header-display":"","ast-hfb-mobile-header-display":"","site-post-title":"","ast-breadcrumbs-content":"","ast-featured-img":"","footer-sml-layout":"","ast-disable-related-posts":"","theme-transparent-header-meta":"","adv-header-id-meta":"","stick-header-meta":"","header-above-stick-meta":"","header-main-stick-meta":"","header-below-stick-meta":"","astra-migrate-meta-layouts":"default","ast-page-background-enabled":"default","ast-page-background-meta":{"desktop":{"background-color":"","background-image":"","background-repeat":"repeat","background-position":"center center","background-size":"auto","background-attachment":"scroll","background-type":"","background-media":"","overlay-type":"","overlay-color":"","overlay-opacity":"","overlay-gradient":""},"tablet":{"background-color":"","background-image":"","background-repeat":"repeat","background-position":"center center","background-size":"auto","background-attachment":"scroll","background-type":"","background-media":"","overlay-type":"","overlay-color":"","overlay-opacity":"","overlay-gradient":""},"mobile":{"background-color":"","background-image":"","background-repeat":"repeat","background-position":"center center","background-size":"auto","background-attachment":"scroll","background-type":"","background-media":"","overlay-type":"","overlay-color":"","overlay-opacity":"","overlay-gradient":""}},"ast-content-background-meta":{"desktop":{"background-color":"var(--ast-global-color-5)","background-image":"","background-repeat":"repeat","background-position":"center center","background-size":"auto","background-attachment":"scroll","background-type":"","background-media":"","overlay-type":"","overlay-color":"","overlay-opacity":"","overlay-gradient":""},"tablet":{"background-color":"var(--ast-global-color-5)","background-image":"","background-repeat":"repeat","background-position":"center center","background-size":"auto","background-attachment":"scroll","background-type":"","background-media":"","overlay-type":"","overlay-color":"","overlay-opacity":"","overlay-gradient":""},"mobile":{"background-color":"var(--ast-global-color-5)","background-image":"","background-repeat":"repeat","background-position":"center center","background-size":"auto","background-attachment":"scroll","background-type":"","background-media":"","overlay-type":"","overlay-color":"","overlay-opacity":"","overlay-gradient":""}},"_jetpack_memberships_contains_paid_content":false,"_joinchat":[],"footnotes":""},"categories":[5,2],"tags":[],"class_list":["post-73431","post","type-post","status-publish","format-standard","has-post-thumbnail","hentry","category-sociedad","category-villa-maria"],"yoast_head":"<!-- This site is optimized with the Yoast SEO plugin v26.8 - https:\/\/yoast.com\/product\/yoast-seo-wordpress\/ -->\n<title>El programa Precios Justos en tu Barrio comenz\u00f3 hoy en el MuniCerca 5 con la venta de pescado - El Regional<\/title>\n<meta name=\"robots\" content=\"index, follow, max-snippet:-1, max-image-preview:large, max-video-preview:-1\" \/>\n<link rel=\"canonical\" href=\"http:\/\/elregionalvm.com.ar\/noticias-villa-maria\/el-programa-precios-justos-en-tu-barrio-comenzo-hoy-en-el-municerca-5-con-la-venta-de-pescado\/\" \/>\n<meta property=\"og:locale\" content=\"es_ES\" \/>\n<meta property=\"og:type\" content=\"article\" \/>\n<meta property=\"og:title\" content=\"El programa Precios Justos en tu Barrio comenz\u00f3 hoy en el MuniCerca 5 con la venta de pescado - El Regional\" \/>\n<meta property=\"og:description\" content=\"Con una gran respuesta de vecinos y vecinas, dio comienzo el programa Precios Justos en tu Barrio que tuvo hoy su primera jornada en la sede del MuniCerca 5. All\u00ed, desde horas de la ma\u00f1ana quienes se acercaron al lugar pudieron acceder a la compra de pescado fresco proveniente de distribuidores locales y a costos [&hellip;]\" \/>\n<meta property=\"og:url\" content=\"http:\/\/elregionalvm.com.ar\/noticias-villa-maria\/el-programa-precios-justos-en-tu-barrio-comenzo-hoy-en-el-municerca-5-con-la-venta-de-pescado\/\" \/>\n<meta property=\"og:site_name\" content=\"El Regional\" \/>\n<meta property=\"article:publisher\" content=\"https:\/\/www.facebook.com\/elregionalvm\" \/>\n<meta property=\"article:published_time\" content=\"2023-03-20T22:12:07+00:00\" \/>\n<meta property=\"article:modified_time\" content=\"2023-03-20T22:12:08+00:00\" \/>\n<meta property=\"og:image\" content=\"http:\/\/elregionalvm.com.ar\/noticias-villa-maria\/wp-content\/uploads\/2023\/03\/WhatsApp-Image-2023-03-20-at-13.58.16.jpeg\" \/>\n\t<meta property=\"og:image:width\" content=\"1600\" \/>\n\t<meta property=\"og:image:height\" content=\"1066\" \/>\n\t<meta property=\"og:image:type\" content=\"image\/jpeg\" \/>\n<meta name=\"author\" content=\"Contenidos El Regional\" \/>\n<meta name=\"twitter:card\" content=\"summary_large_image\" \/>\n<meta name=\"twitter:creator\" content=\"@elregionalvm1\" \/>\n<meta name=\"twitter:site\" content=\"@elregionalvm1\" \/>\n<meta name=\"twitter:label1\" content=\"Escrito por\" \/>\n\t<meta name=\"twitter:data1\" content=\"Contenidos El Regional\" \/>\n\t<meta name=\"twitter:label2\" content=\"Tiempo de lectura\" \/>\n\t<meta name=\"twitter:data2\" content=\"2 minutos\" \/>\n<script type=\"application\/ld+json\" class=\"yoast-schema-graph\">{\"@context\":\"https:\/\/schema.org\",\"@graph\":[{\"@type\":\"Article\",\"@id\":\"http:\/\/elregionalvm.com.ar\/noticias-villa-maria\/el-programa-precios-justos-en-tu-barrio-comenzo-hoy-en-el-municerca-5-con-la-venta-de-pescado\/#article\",\"isPartOf\":{\"@id\":\"http:\/\/elregionalvm.com.ar\/noticias-villa-maria\/el-programa-precios-justos-en-tu-barrio-comenzo-hoy-en-el-municerca-5-con-la-venta-de-pescado\/\"},\"author\":{\"name\":\"Contenidos El Regional\",\"@id\":\"http:\/\/elregionalvm.com.ar\/noticias-villa-maria\/#\/schema\/person\/a0fb9c422317faca23d50163151bc354\"},\"headline\":\"El programa Precios Justos en tu Barrio comenz\u00f3 hoy en el MuniCerca 5 con la venta de pescado\",\"datePublished\":\"2023-03-20T22:12:07+00:00\",\"dateModified\":\"2023-03-20T22:12:08+00:00\",\"mainEntityOfPage\":{\"@id\":\"http:\/\/elregionalvm.com.ar\/noticias-villa-maria\/el-programa-precios-justos-en-tu-barrio-comenzo-hoy-en-el-municerca-5-con-la-venta-de-pescado\/\"},\"wordCount\":304,\"commentCount\":0,\"image\":{\"@id\":\"http:\/\/elregionalvm.com.ar\/noticias-villa-maria\/el-programa-precios-justos-en-tu-barrio-comenzo-hoy-en-el-municerca-5-con-la-venta-de-pescado\/#primaryimage\"},\"thumbnailUrl\":\"https:\/\/i0.wp.com\/elregionalvm.com.ar\/noticias-villa-maria\/wp-content\/uploads\/2023\/03\/WhatsApp-Image-2023-03-20-at-13.58.16.jpeg?fit=1600%2C1066&ssl=1\",\"articleSection\":[\"Sociedad\",\"Villa Mar\u00eda\"],\"inLanguage\":\"es\",\"potentialAction\":[{\"@type\":\"CommentAction\",\"name\":\"Comment\",\"target\":[\"http:\/\/elregionalvm.com.ar\/noticias-villa-maria\/el-programa-precios-justos-en-tu-barrio-comenzo-hoy-en-el-municerca-5-con-la-venta-de-pescado\/#respond\"]}]},{\"@type\":\"WebPage\",\"@id\":\"http:\/\/elregionalvm.com.ar\/noticias-villa-maria\/el-programa-precios-justos-en-tu-barrio-comenzo-hoy-en-el-municerca-5-con-la-venta-de-pescado\/\",\"url\":\"http:\/\/elregionalvm.com.ar\/noticias-villa-maria\/el-programa-precios-justos-en-tu-barrio-comenzo-hoy-en-el-municerca-5-con-la-venta-de-pescado\/\",\"name\":\"El programa Precios Justos en tu Barrio comenz\u00f3 hoy en el MuniCerca 5 con la venta de pescado - El Regional\",\"isPartOf\":{\"@id\":\"http:\/\/elregionalvm.com.ar\/noticias-villa-maria\/#website\"},\"primaryImageOfPage\":{\"@id\":\"http:\/\/elregionalvm.com.ar\/noticias-villa-maria\/el-programa-precios-justos-en-tu-barrio-comenzo-hoy-en-el-municerca-5-con-la-venta-de-pescado\/#primaryimage\"},\"image\":{\"@id\":\"http:\/\/elregionalvm.com.ar\/noticias-villa-maria\/el-programa-precios-justos-en-tu-barrio-comenzo-hoy-en-el-municerca-5-con-la-venta-de-pescado\/#primaryimage\"},\"thumbnailUrl\":\"https:\/\/i0.wp.com\/elregionalvm.com.ar\/noticias-villa-maria\/wp-content\/uploads\/2023\/03\/WhatsApp-Image-2023-03-20-at-13.58.16.jpeg?fit=1600%2C1066&ssl=1\",\"datePublished\":\"2023-03-20T22:12:07+00:00\",\"dateModified\":\"2023-03-20T22:12:08+00:00\",\"author\":{\"@id\":\"http:\/\/elregionalvm.com.ar\/noticias-villa-maria\/#\/schema\/person\/a0fb9c422317faca23d50163151bc354\"},\"breadcrumb\":{\"@id\":\"http:\/\/elregionalvm.com.ar\/noticias-villa-maria\/el-programa-precios-justos-en-tu-barrio-comenzo-hoy-en-el-municerca-5-con-la-venta-de-pescado\/#breadcrumb\"},\"inLanguage\":\"es\",\"potentialAction\":[{\"@type\":\"ReadAction\",\"target\":[\"http:\/\/elregionalvm.com.ar\/noticias-villa-maria\/el-programa-precios-justos-en-tu-barrio-comenzo-hoy-en-el-municerca-5-con-la-venta-de-pescado\/\"]}]},{\"@type\":\"ImageObject\",\"inLanguage\":\"es\",\"@id\":\"http:\/\/elregionalvm.com.ar\/noticias-villa-maria\/el-programa-precios-justos-en-tu-barrio-comenzo-hoy-en-el-municerca-5-con-la-venta-de-pescado\/#primaryimage\",\"url\":\"https:\/\/i0.wp.com\/elregionalvm.com.ar\/noticias-villa-maria\/wp-content\/uploads\/2023\/03\/WhatsApp-Image-2023-03-20-at-13.58.16.jpeg?fit=1600%2C1066&ssl=1\",\"contentUrl\":\"https:\/\/i0.wp.com\/elregionalvm.com.ar\/noticias-villa-maria\/wp-content\/uploads\/2023\/03\/WhatsApp-Image-2023-03-20-at-13.58.16.jpeg?fit=1600%2C1066&ssl=1\",\"width\":1600,\"height\":1066},{\"@type\":\"BreadcrumbList\",\"@id\":\"http:\/\/elregionalvm.com.ar\/noticias-villa-maria\/el-programa-precios-justos-en-tu-barrio-comenzo-hoy-en-el-municerca-5-con-la-venta-de-pescado\/#breadcrumb\",\"itemListElement\":[{\"@type\":\"ListItem\",\"position\":1,\"name\":\"Portada\",\"item\":\"https:\/\/elregionalvm.com.ar\/noticias-villa-maria\/\"},{\"@type\":\"ListItem\",\"position\":2,\"name\":\"El programa Precios Justos en tu Barrio comenz\u00f3 hoy en el MuniCerca 5 con la venta de pescado\"}]},{\"@type\":\"WebSite\",\"@id\":\"http:\/\/elregionalvm.com.ar\/noticias-villa-maria\/#website\",\"url\":\"http:\/\/elregionalvm.com.ar\/noticias-villa-maria\/\",\"name\":\"El Regional\",\"description\":\"Mucho m\u00e1s que informaci\u00f3n\",\"potentialAction\":[{\"@type\":\"SearchAction\",\"target\":{\"@type\":\"EntryPoint\",\"urlTemplate\":\"http:\/\/elregionalvm.com.ar\/noticias-villa-maria\/?s={search_term_string}\"},\"query-input\":{\"@type\":\"PropertyValueSpecification\",\"valueRequired\":true,\"valueName\":\"search_term_string\"}}],\"inLanguage\":\"es\"},{\"@type\":\"Person\",\"@id\":\"http:\/\/elregionalvm.com.ar\/noticias-villa-maria\/#\/schema\/person\/a0fb9c422317faca23d50163151bc354\",\"name\":\"Contenidos El Regional\",\"image\":{\"@type\":\"ImageObject\",\"inLanguage\":\"es\",\"@id\":\"http:\/\/elregionalvm.com.ar\/noticias-villa-maria\/#\/schema\/person\/image\/\",\"url\":\"https:\/\/secure.gravatar.com\/avatar\/265b27cb2209af7bb3a1318f03305787d7981a5cc6e6cd08fe5a4ecdf99d4b48?s=96&d=mm&r=g\",\"contentUrl\":\"https:\/\/secure.gravatar.com\/avatar\/265b27cb2209af7bb3a1318f03305787d7981a5cc6e6cd08fe5a4ecdf99d4b48?s=96&d=mm&r=g\",\"caption\":\"Contenidos El Regional\"},\"url\":\"https:\/\/elregionalvm.com.ar\/noticias-villa-maria\/author\/contenido\/\"}]}<\/script>\n<!-- \/ Yoast SEO plugin. -->","yoast_head_json":{"title":"El programa Precios Justos en tu Barrio comenz\u00f3 hoy en el MuniCerca 5 con la venta de pescado - El Regional","robots":{"index":"index","follow":"follow","max-snippet":"max-snippet:-1","max-image-preview":"max-image-preview:large","max-video-preview":"max-video-preview:-1"},"canonical":"http:\/\/elregionalvm.com.ar\/noticias-villa-maria\/el-programa-precios-justos-en-tu-barrio-comenzo-hoy-en-el-municerca-5-con-la-venta-de-pescado\/","og_locale":"es_ES","og_type":"article","og_title":"El programa Precios Justos en tu Barrio comenz\u00f3 hoy en el MuniCerca 5 con la venta de pescado - El Regional","og_description":"Con una gran respuesta de vecinos y vecinas, dio comienzo el programa Precios Justos en tu Barrio que tuvo hoy su primera jornada en la sede del MuniCerca 5. All\u00ed, desde horas de la ma\u00f1ana quienes se acercaron al lugar pudieron acceder a la compra de pescado fresco proveniente de distribuidores locales y a costos [&hellip;]","og_url":"http:\/\/elregionalvm.com.ar\/noticias-villa-maria\/el-programa-precios-justos-en-tu-barrio-comenzo-hoy-en-el-municerca-5-con-la-venta-de-pescado\/","og_site_name":"El Regional","article_publisher":"https:\/\/www.facebook.com\/elregionalvm","article_published_time":"2023-03-20T22:12:07+00:00","article_modified_time":"2023-03-20T22:12:08+00:00","og_image":[{"width":1600,"height":1066,"url":"http:\/\/elregionalvm.com.ar\/noticias-villa-maria\/wp-content\/uploads\/2023\/03\/WhatsApp-Image-2023-03-20-at-13.58.16.jpeg","type":"image\/jpeg"}],"author":"Contenidos El Regional","twitter_card":"summary_large_image","twitter_creator":"@elregionalvm1","twitter_site":"@elregionalvm1","twitter_misc":{"Escrito por":"Contenidos El Regional","Tiempo de lectura":"2 minutos"},"schema":{"@context":"https:\/\/schema.org","@graph":[{"@type":"Article","@id":"http:\/\/elregionalvm.com.ar\/noticias-villa-maria\/el-programa-precios-justos-en-tu-barrio-comenzo-hoy-en-el-municerca-5-con-la-venta-de-pescado\/#article","isPartOf":{"@id":"http:\/\/elregionalvm.com.ar\/noticias-villa-maria\/el-programa-precios-justos-en-tu-barrio-comenzo-hoy-en-el-municerca-5-con-la-venta-de-pescado\/"},"author":{"name":"Contenidos El Regional","@id":"http:\/\/elregionalvm.com.ar\/noticias-villa-maria\/#\/schema\/person\/a0fb9c422317faca23d50163151bc354"},"headline":"El programa Precios Justos en tu Barrio comenz\u00f3 hoy en el MuniCerca 5 con la venta de pescado","datePublished":"2023-03-20T22:12:07+00:00","dateModified":"2023-03-20T22:12:08+00:00","mainEntityOfPage":{"@id":"http:\/\/elregionalvm.com.ar\/noticias-villa-maria\/el-programa-precios-justos-en-tu-barrio-comenzo-hoy-en-el-municerca-5-con-la-venta-de-pescado\/"},"wordCount":304,"commentCount":0,"image":{"@id":"http:\/\/elregionalvm.com.ar\/noticias-villa-maria\/el-programa-precios-justos-en-tu-barrio-comenzo-hoy-en-el-municerca-5-con-la-venta-de-pescado\/#primaryimage"},"thumbnailUrl":"https:\/\/i0.wp.com\/elregionalvm.com.ar\/noticias-villa-maria\/wp-content\/uploads\/2023\/03\/WhatsApp-Image-2023-03-20-at-13.58.16.jpeg?fit=1600%2C1066&ssl=1","articleSection":["Sociedad","Villa Mar\u00eda"],"inLanguage":"es","potentialAction":[{"@type":"CommentAction","name":"Comment","target":["http:\/\/elregionalvm.com.ar\/noticias-villa-maria\/el-programa-precios-justos-en-tu-barrio-comenzo-hoy-en-el-municerca-5-con-la-venta-de-pescado\/#respond"]}]},{"@type":"WebPage","@id":"http:\/\/elregionalvm.com.ar\/noticias-villa-maria\/el-programa-precios-justos-en-tu-barrio-comenzo-hoy-en-el-municerca-5-con-la-venta-de-pescado\/","url":"http:\/\/elregionalvm.com.ar\/noticias-villa-maria\/el-programa-precios-justos-en-tu-barrio-comenzo-hoy-en-el-municerca-5-con-la-venta-de-pescado\/","name":"El programa Precios Justos en tu Barrio comenz\u00f3 hoy en el MuniCerca 5 con la venta de pescado - El Regional","isPartOf":{"@id":"http:\/\/elregionalvm.com.ar\/noticias-villa-maria\/#website"},"primaryImageOfPage":{"@id":"http:\/\/elregionalvm.com.ar\/noticias-villa-maria\/el-programa-precios-justos-en-tu-barrio-comenzo-hoy-en-el-municerca-5-con-la-venta-de-pescado\/#primaryimage"},"image":{"@id":"http:\/\/elregionalvm.com.ar\/noticias-villa-maria\/el-programa-precios-justos-en-tu-barrio-comenzo-hoy-en-el-municerca-5-con-la-venta-de-pescado\/#primaryimage"},"thumbnailUrl":"https:\/\/i0.wp.com\/elregionalvm.com.ar\/noticias-villa-maria\/wp-content\/uploads\/2023\/03\/WhatsApp-Image-2023-03-20-at-13.58.16.jpeg?fit=1600%2C1066&ssl=1","datePublished":"2023-03-20T22:12:07+00:00","dateModified":"2023-03-20T22:12:08+00:00","author":{"@id":"http:\/\/elregionalvm.com.ar\/noticias-villa-maria\/#\/schema\/person\/a0fb9c422317faca23d50163151bc354"},"breadcrumb":{"@id":"http:\/\/elregionalvm.com.ar\/noticias-villa-maria\/el-programa-precios-justos-en-tu-barrio-comenzo-hoy-en-el-municerca-5-con-la-venta-de-pescado\/#breadcrumb"},"inLanguage":"es","potentialAction":[{"@type":"ReadAction","target":["http:\/\/elregionalvm.com.ar\/noticias-villa-maria\/el-programa-precios-justos-en-tu-barrio-comenzo-hoy-en-el-municerca-5-con-la-venta-de-pescado\/"]}]},{"@type":"ImageObject","inLanguage":"es","@id":"http:\/\/elregionalvm.com.ar\/noticias-villa-maria\/el-programa-precios-justos-en-tu-barrio-comenzo-hoy-en-el-municerca-5-con-la-venta-de-pescado\/#primaryimage","url":"https:\/\/i0.wp.com\/elregionalvm.com.ar\/noticias-villa-maria\/wp-content\/uploads\/2023\/03\/WhatsApp-Image-2023-03-20-at-13.58.16.jpeg?fit=1600%2C1066&ssl=1","contentUrl":"https:\/\/i0.wp.com\/elregionalvm.com.ar\/noticias-villa-maria\/wp-content\/uploads\/2023\/03\/WhatsApp-Image-2023-03-20-at-13.58.16.jpeg?fit=1600%2C1066&ssl=1","width":1600,"height":1066},{"@type":"BreadcrumbList","@id":"http:\/\/elregionalvm.com.ar\/noticias-villa-maria\/el-programa-precios-justos-en-tu-barrio-comenzo-hoy-en-el-municerca-5-con-la-venta-de-pescado\/#breadcrumb","itemListElement":[{"@type":"ListItem","position":1,"name":"Portada","item":"https:\/\/elregionalvm.com.ar\/noticias-villa-maria\/"},{"@type":"ListItem","position":2,"name":"El programa Precios Justos en tu Barrio comenz\u00f3 hoy en el MuniCerca 5 con la venta de pescado"}]},{"@type":"WebSite","@id":"http:\/\/elregionalvm.com.ar\/noticias-villa-maria\/#website","url":"http:\/\/elregionalvm.com.ar\/noticias-villa-maria\/","name":"El Regional","description":"Mucho m\u00e1s que informaci\u00f3n","potentialAction":[{"@type":"SearchAction","target":{"@type":"EntryPoint","urlTemplate":"http:\/\/elregionalvm.com.ar\/noticias-villa-maria\/?s={search_term_string}"},"query-input":{"@type":"PropertyValueSpecification","valueRequired":true,"valueName":"search_term_string"}}],"inLanguage":"es"},{"@type":"Person","@id":"http:\/\/elregionalvm.com.ar\/noticias-villa-maria\/#\/schema\/person\/a0fb9c422317faca23d50163151bc354","name":"Contenidos El Regional","image":{"@type":"ImageObject","inLanguage":"es","@id":"http:\/\/elregionalvm.com.ar\/noticias-villa-maria\/#\/schema\/person\/image\/","url":"https:\/\/secure.gravatar.com\/avatar\/265b27cb2209af7bb3a1318f03305787d7981a5cc6e6cd08fe5a4ecdf99d4b48?s=96&d=mm&r=g","contentUrl":"https:\/\/secure.gravatar.com\/avatar\/265b27cb2209af7bb3a1318f03305787d7981a5cc6e6cd08fe5a4ecdf99d4b48?s=96&d=mm&r=g","caption":"Contenidos El Regional"},"url":"https:\/\/elregionalvm.com.ar\/noticias-villa-maria\/author\/contenido\/"}]}},"jetpack_featured_media_url":"https:\/\/i0.wp.com\/elregionalvm.com.ar\/noticias-villa-maria\/wp-content\/uploads\/2023\/03\/WhatsApp-Image-2023-03-20-at-13.58.16.jpeg?fit=1600%2C1066&ssl=1","jetpack_sharing_enabled":true,"_links":{"self":[{"href":"https:\/\/elregionalvm.com.ar\/noticias-villa-maria\/wp-json\/wp\/v2\/posts\/73431","targetHints":{"allow":["GET"]}}],"collection":[{"href":"https:\/\/elregionalvm.com.ar\/noticias-villa-maria\/wp-json\/wp\/v2\/posts"}],"about":[{"href":"https:\/\/elregionalvm.com.ar\/noticias-villa-maria\/wp-json\/wp\/v2\/types\/post"}],"author":[{"embeddable":true,"href":"https:\/\/elregionalvm.com.ar\/noticias-villa-maria\/wp-json\/wp\/v2\/users\/4"}],"replies":[{"embeddable":true,"href":"https:\/\/elregionalvm.com.ar\/noticias-villa-maria\/wp-json\/wp\/v2\/comments?post=73431"}],"version-history":[{"count":1,"href":"https:\/\/elregionalvm.com.ar\/noticias-villa-maria\/wp-json\/wp\/v2\/posts\/73431\/revisions"}],"predecessor-version":[{"id":73434,"href":"https:\/\/elregionalvm.com.ar\/noticias-villa-maria\/wp-json\/wp\/v2\/posts\/73431\/revisions\/73434"}],"wp:featuredmedia":[{"embeddable":true,"href":"https:\/\/elregionalvm.com.ar\/noticias-villa-maria\/wp-json\/wp\/v2\/media\/73433"}],"wp:attachment":[{"href":"https:\/\/elregionalvm.com.ar\/noticias-villa-maria\/wp-json\/wp\/v2\/media?parent=73431"}],"wp:term":[{"taxonomy":"category","embeddable":true,"href":"https:\/\/elregionalvm.com.ar\/noticias-villa-maria\/wp-json\/wp\/v2\/categories?post=73431"},{"taxonomy":"post_tag","embeddable":true,"href":"https:\/\/elregionalvm.com.ar\/noticias-villa-maria\/wp-json\/wp\/v2\/tags?post=73431"}],"curies":[{"name":"wp","href":"https:\/\/api.w.org\/{rel}","templated":true}]}}