{"id":73435,"date":"2023-03-20T22:18:34","date_gmt":"2023-03-20T22:18:34","guid":{"rendered":"https:\/\/elregionalvm.com.ar\/noticias-villa-maria\/?p=73435"},"modified":"2023-03-21T02:01:59","modified_gmt":"2023-03-21T02:01:59","slug":"municipio-y-vecinos-avanzan-en-el-proyecto-para-la-creacion-de-una-reserva-autoctona-en-la-ribera-del-rio-ctalamochita-en-barrio-vista-verde","status":"publish","type":"post","link":"https:\/\/elregionalvm.com.ar\/noticias-villa-maria\/municipio-y-vecinos-avanzan-en-el-proyecto-para-la-creacion-de-una-reserva-autoctona-en-la-ribera-del-rio-ctalamochita-en-barrio-vista-verde\/","title":{"rendered":"Habr\u00e1 una reserva aut\u00f3ctona en la ribera del r\u00edo Ctalamochita, en barrio Vista Verde"},"content":{"rendered":"\n<p>El intendente Mart\u00edn Gill mantuvo una reuni\u00f3n junto a vecinos y vecinas de barrio Vista Verde con el objetivo de trabajar conjuntamente en el proyecto de ordenanza que prev\u00e9 la creaci\u00f3n de un patrimonio natural en inmediaciones del sector antiguamente conocido como El Espinal. <\/p>\n\n\n\n<p>En este sentido, el jefe comunal, a la par de miembros del Ejecutivo Municipal, presentaron la iniciativa denominada Reserva Bosque de Ribera Municipal Ctalamochita, que ser\u00e1 puesta a consideraci\u00f3n del Concejo Deliberante.<\/p>\n\n\n\n<p>Durante el encuentro que tuvo lugar en el Sal\u00f3n Blanco del Palacio Municipal, Gill encabez\u00f3 la mesa de trabajo junto al jefe de Gabinete, H\u00e9ctor Mu\u00f1oz, al titular de la cartera de Ambiente, Obras y Servicios P\u00fablicos, Omar Regueira, y al subsecretario del \u00e1rea a cargo de la propuesta, Germ\u00e1n Tissera. <\/p>\n\n\n\n<p>En este marco, las autoridades dialogaron con los vecinos y brindaron detalles sobre el corredor biol\u00f3gico cuya planificaci\u00f3n comprende la margen del r\u00edo con l\u00edmites en la intersecci\u00f3n de calles Rep\u00fablica del L\u00edbano y R\u00edo Limay, hasta 200 metros pasando el nuevo puente de Circunvalaci\u00f3n.<\/p>\n\n\n\n<p>En este marco, el mandatario local destac\u00f3 la voluntad de los vecinos convocados para trabajar articuladamente y aunar esfuerzos en pos de un mismo proyecto. <\/p>\n\n\n\n<p>En cuanto a la iniciativa, detall\u00f3 que consiste en la creaci\u00f3n de un espacio de conservaci\u00f3n ambiental en la ribera del r\u00edo, destinado a la protecci\u00f3n de especies y a la generaci\u00f3n de conciencia ambiental por parte de la comunidad.<\/p>\n\n\n\n<p>De este modo, se tendr\u00e1 por objetivo promover el mantenimiento y conservaci\u00f3n de la diversidad biol\u00f3gica, recuperar el paisaje original del espacio y proteger los recursos.<\/p>\n\n\n\n<p> Adem\u00e1s, se trabajar\u00e1 en consolidar el sector como un sitio para el goce de la naturaleza, la recreaci\u00f3n y el uso tur\u00edstico, al mismo tiempo que ser\u00e1 puesto a disposici\u00f3n para la visita de escuelas, estudiantes e investigadores.<\/p>\n\n\n\n<p>En cuanto al proyecto de ordenanza, establece que el \u00e1rea protegida funcionar\u00e1 como Reserva Municipal y que adherir\u00e1 a las leyes y decretos provinciales y nacionales vinculados a la conservaci\u00f3n de bosques nativos. <\/p>\n\n\n\n<p>En tanto, estar\u00e1 bajo la administraci\u00f3n de la Subsecretar\u00eda de Ambiente y Saneamiento, encargada del monitoreo y de llevar adelante la implementaci\u00f3n del Plan de Manejo Sobre Uso y Gesti\u00f3n de los Recursos Naturales.<\/p>\n\n\n\n<p>Como parte de los puntos detallados en el documento, se especifica la prohibici\u00f3n de captura, caza o pesca de especies silvestres nativas o ex\u00f3ticas, encendido de fuego y de toda actividad que pueda dar lugar al inicio de incendios. <\/p>\n\n\n\n<p>Asimismo, no podr\u00e1 efectuarse la liberaci\u00f3n o introducci\u00f3n de animales en todo el \u00e1mbito de la reserva, ni se permitir\u00e1 la circulaci\u00f3n de veh\u00edculos.<\/p>\n\n\n\n<p>De la mesa de trabajo, tambi\u00e9n formaron parte el secretario de Planeamiento, Relaciones Institucionales y V\u00ednculos Comunitarios, Otto Wester, la directora de Ambiente y Saneamiento, Marina Crescimbeni, y representantes vecinales de barrio Vista Verde.<\/p>\n","protected":false},"excerpt":{"rendered":"<p>El intendente Mart\u00edn Gill mantuvo una reuni\u00f3n junto a vecinos y vecinas de barrio Vista Verde con el objetivo de trabajar conjuntamente en el proyecto de ordenanza que prev\u00e9 la creaci\u00f3n de un patrimonio natural en inmediaciones del sector antiguamente conocido como El Espinal. En este sentido, el jefe comunal, a la par de miembros [&hellip;]<\/p>\n","protected":false},"author":4,"featured_media":73436,"comment_status":"open","ping_status":"open","sticky":false,"template":"","format":"standard","meta":{"site-sidebar-layout":"default","site-content-layout":"","ast-site-content-layout":"default","site-content-style":"default","site-sidebar-style":"default","ast-global-header-display":"","ast-banner-title-visibility":"","ast-main-header-display":"","ast-hfb-above-header-display":"","ast-hfb-below-header-display":"","ast-hfb-mobile-header-display":"","site-post-title":"","ast-breadcrumbs-content":"","ast-featured-img":"","footer-sml-layout":"","ast-disable-related-posts":"","theme-transparent-header-meta":"","adv-header-id-meta":"","stick-header-meta":"","header-above-stick-meta":"","header-main-stick-meta":"","header-below-stick-meta":"","astra-migrate-meta-layouts":"default","ast-page-background-enabled":"default","ast-page-background-meta":{"desktop":{"background-color":"","background-image":"","background-repeat":"repeat","background-position":"center center","background-size":"auto","background-attachment":"scroll","background-type":"","background-media":"","overlay-type":"","overlay-color":"","overlay-opacity":"","overlay-gradient":""},"tablet":{"background-color":"","background-image":"","background-repeat":"repeat","background-position":"center center","background-size":"auto","background-attachment":"scroll","background-type":"","background-media":"","overlay-type":"","overlay-color":"","overlay-opacity":"","overlay-gradient":""},"mobile":{"background-color":"","background-image":"","background-repeat":"repeat","background-position":"center center","background-size":"auto","background-attachment":"scroll","background-type":"","background-media":"","overlay-type":"","overlay-color":"","overlay-opacity":"","overlay-gradient":""}},"ast-content-background-meta":{"desktop":{"background-color":"var(--ast-global-color-5)","background-image":"","background-repeat":"repeat","background-position":"center center","background-size":"auto","background-attachment":"scroll","background-type":"","background-media":"","overlay-type":"","overlay-color":"","overlay-opacity":"","overlay-gradient":""},"tablet":{"background-color":"var(--ast-global-color-5)","background-image":"","background-repeat":"repeat","background-position":"center center","background-size":"auto","background-attachment":"scroll","background-type":"","background-media":"","overlay-type":"","overlay-color":"","overlay-opacity":"","overlay-gradient":""},"mobile":{"background-color":"var(--ast-global-color-5)","background-image":"","background-repeat":"repeat","background-position":"center center","background-size":"auto","background-attachment":"scroll","background-type":"","background-media":"","overlay-type":"","overlay-color":"","overlay-opacity":"","overlay-gradient":""}},"_jetpack_memberships_contains_paid_content":false,"_joinchat":[],"footnotes":""},"categories":[2068,15302,2],"tags":[],"class_list":["post-73435","post","type-post","status-publish","format-standard","has-post-thumbnail","hentry","category-cultura-deporte","category-destacado","category-villa-maria"],"yoast_head":"<!-- This site is optimized with the Yoast SEO plugin v26.8 - https:\/\/yoast.com\/product\/yoast-seo-wordpress\/ -->\n<title>Habr\u00e1 una reserva aut\u00f3ctona en la ribera del r\u00edo Ctalamochita, en barrio Vista Verde - El Regional<\/title>\n<meta name=\"robots\" content=\"index, follow, max-snippet:-1, max-image-preview:large, max-video-preview:-1\" \/>\n<link rel=\"canonical\" href=\"http:\/\/elregionalvm.com.ar\/noticias-villa-maria\/municipio-y-vecinos-avanzan-en-el-proyecto-para-la-creacion-de-una-reserva-autoctona-en-la-ribera-del-rio-ctalamochita-en-barrio-vista-verde\/\" \/>\n<meta property=\"og:locale\" content=\"es_ES\" \/>\n<meta property=\"og:type\" content=\"article\" \/>\n<meta property=\"og:title\" content=\"Habr\u00e1 una reserva aut\u00f3ctona en la ribera del r\u00edo Ctalamochita, en barrio Vista Verde - El Regional\" \/>\n<meta property=\"og:description\" content=\"El intendente Mart\u00edn Gill mantuvo una reuni\u00f3n junto a vecinos y vecinas de barrio Vista Verde con el objetivo de trabajar conjuntamente en el proyecto de ordenanza que prev\u00e9 la creaci\u00f3n de un patrimonio natural en inmediaciones del sector antiguamente conocido como El Espinal. En este sentido, el jefe comunal, a la par de miembros [&hellip;]\" \/>\n<meta property=\"og:url\" content=\"http:\/\/elregionalvm.com.ar\/noticias-villa-maria\/municipio-y-vecinos-avanzan-en-el-proyecto-para-la-creacion-de-una-reserva-autoctona-en-la-ribera-del-rio-ctalamochita-en-barrio-vista-verde\/\" \/>\n<meta property=\"og:site_name\" content=\"El Regional\" \/>\n<meta property=\"article:publisher\" content=\"https:\/\/www.facebook.com\/elregionalvm\" \/>\n<meta property=\"article:published_time\" content=\"2023-03-20T22:18:34+00:00\" \/>\n<meta property=\"article:modified_time\" content=\"2023-03-21T02:01:59+00:00\" \/>\n<meta property=\"og:image\" content=\"http:\/\/elregionalvm.com.ar\/noticias-villa-maria\/wp-content\/uploads\/2023\/03\/WhatsApp-Image-2023-03-20-at-13.45.31.jpeg\" \/>\n\t<meta property=\"og:image:width\" content=\"1600\" \/>\n\t<meta property=\"og:image:height\" content=\"1066\" \/>\n\t<meta property=\"og:image:type\" content=\"image\/jpeg\" \/>\n<meta name=\"author\" content=\"Contenidos El Regional\" \/>\n<meta name=\"twitter:card\" content=\"summary_large_image\" \/>\n<meta name=\"twitter:creator\" content=\"@elregionalvm1\" \/>\n<meta name=\"twitter:site\" content=\"@elregionalvm1\" \/>\n<meta name=\"twitter:label1\" content=\"Escrito por\" \/>\n\t<meta name=\"twitter:data1\" content=\"Contenidos El Regional\" \/>\n\t<meta name=\"twitter:label2\" content=\"Tiempo de lectura\" \/>\n\t<meta name=\"twitter:data2\" content=\"3 minutos\" \/>\n<script type=\"application\/ld+json\" class=\"yoast-schema-graph\">{\"@context\":\"https:\/\/schema.org\",\"@graph\":[{\"@type\":\"Article\",\"@id\":\"http:\/\/elregionalvm.com.ar\/noticias-villa-maria\/municipio-y-vecinos-avanzan-en-el-proyecto-para-la-creacion-de-una-reserva-autoctona-en-la-ribera-del-rio-ctalamochita-en-barrio-vista-verde\/#article\",\"isPartOf\":{\"@id\":\"http:\/\/elregionalvm.com.ar\/noticias-villa-maria\/municipio-y-vecinos-avanzan-en-el-proyecto-para-la-creacion-de-una-reserva-autoctona-en-la-ribera-del-rio-ctalamochita-en-barrio-vista-verde\/\"},\"author\":{\"name\":\"Contenidos El Regional\",\"@id\":\"http:\/\/elregionalvm.com.ar\/noticias-villa-maria\/#\/schema\/person\/a0fb9c422317faca23d50163151bc354\"},\"headline\":\"Habr\u00e1 una reserva aut\u00f3ctona en la ribera del r\u00edo Ctalamochita, en barrio Vista Verde\",\"datePublished\":\"2023-03-20T22:18:34+00:00\",\"dateModified\":\"2023-03-21T02:01:59+00:00\",\"mainEntityOfPage\":{\"@id\":\"http:\/\/elregionalvm.com.ar\/noticias-villa-maria\/municipio-y-vecinos-avanzan-en-el-proyecto-para-la-creacion-de-una-reserva-autoctona-en-la-ribera-del-rio-ctalamochita-en-barrio-vista-verde\/\"},\"wordCount\":522,\"commentCount\":0,\"image\":{\"@id\":\"http:\/\/elregionalvm.com.ar\/noticias-villa-maria\/municipio-y-vecinos-avanzan-en-el-proyecto-para-la-creacion-de-una-reserva-autoctona-en-la-ribera-del-rio-ctalamochita-en-barrio-vista-verde\/#primaryimage\"},\"thumbnailUrl\":\"https:\/\/i0.wp.com\/elregionalvm.com.ar\/noticias-villa-maria\/wp-content\/uploads\/2023\/03\/WhatsApp-Image-2023-03-20-at-13.45.31.jpeg?fit=1600%2C1066&ssl=1\",\"articleSection\":[\"Cultura\",\"destacado\",\"Villa Mar\u00eda\"],\"inLanguage\":\"es\",\"potentialAction\":[{\"@type\":\"CommentAction\",\"name\":\"Comment\",\"target\":[\"http:\/\/elregionalvm.com.ar\/noticias-villa-maria\/municipio-y-vecinos-avanzan-en-el-proyecto-para-la-creacion-de-una-reserva-autoctona-en-la-ribera-del-rio-ctalamochita-en-barrio-vista-verde\/#respond\"]}]},{\"@type\":\"WebPage\",\"@id\":\"http:\/\/elregionalvm.com.ar\/noticias-villa-maria\/municipio-y-vecinos-avanzan-en-el-proyecto-para-la-creacion-de-una-reserva-autoctona-en-la-ribera-del-rio-ctalamochita-en-barrio-vista-verde\/\",\"url\":\"http:\/\/elregionalvm.com.ar\/noticias-villa-maria\/municipio-y-vecinos-avanzan-en-el-proyecto-para-la-creacion-de-una-reserva-autoctona-en-la-ribera-del-rio-ctalamochita-en-barrio-vista-verde\/\",\"name\":\"Habr\u00e1 una reserva aut\u00f3ctona en la ribera del r\u00edo Ctalamochita, en barrio Vista Verde - El Regional\",\"isPartOf\":{\"@id\":\"http:\/\/elregionalvm.com.ar\/noticias-villa-maria\/#website\"},\"primaryImageOfPage\":{\"@id\":\"http:\/\/elregionalvm.com.ar\/noticias-villa-maria\/municipio-y-vecinos-avanzan-en-el-proyecto-para-la-creacion-de-una-reserva-autoctona-en-la-ribera-del-rio-ctalamochita-en-barrio-vista-verde\/#primaryimage\"},\"image\":{\"@id\":\"http:\/\/elregionalvm.com.ar\/noticias-villa-maria\/municipio-y-vecinos-avanzan-en-el-proyecto-para-la-creacion-de-una-reserva-autoctona-en-la-ribera-del-rio-ctalamochita-en-barrio-vista-verde\/#primaryimage\"},\"thumbnailUrl\":\"https:\/\/i0.wp.com\/elregionalvm.com.ar\/noticias-villa-maria\/wp-content\/uploads\/2023\/03\/WhatsApp-Image-2023-03-20-at-13.45.31.jpeg?fit=1600%2C1066&ssl=1\",\"datePublished\":\"2023-03-20T22:18:34+00:00\",\"dateModified\":\"2023-03-21T02:01:59+00:00\",\"author\":{\"@id\":\"http:\/\/elregionalvm.com.ar\/noticias-villa-maria\/#\/schema\/person\/a0fb9c422317faca23d50163151bc354\"},\"breadcrumb\":{\"@id\":\"http:\/\/elregionalvm.com.ar\/noticias-villa-maria\/municipio-y-vecinos-avanzan-en-el-proyecto-para-la-creacion-de-una-reserva-autoctona-en-la-ribera-del-rio-ctalamochita-en-barrio-vista-verde\/#breadcrumb\"},\"inLanguage\":\"es\",\"potentialAction\":[{\"@type\":\"ReadAction\",\"target\":[\"http:\/\/elregionalvm.com.ar\/noticias-villa-maria\/municipio-y-vecinos-avanzan-en-el-proyecto-para-la-creacion-de-una-reserva-autoctona-en-la-ribera-del-rio-ctalamochita-en-barrio-vista-verde\/\"]}]},{\"@type\":\"ImageObject\",\"inLanguage\":\"es\",\"@id\":\"http:\/\/elregionalvm.com.ar\/noticias-villa-maria\/municipio-y-vecinos-avanzan-en-el-proyecto-para-la-creacion-de-una-reserva-autoctona-en-la-ribera-del-rio-ctalamochita-en-barrio-vista-verde\/#primaryimage\",\"url\":\"https:\/\/i0.wp.com\/elregionalvm.com.ar\/noticias-villa-maria\/wp-content\/uploads\/2023\/03\/WhatsApp-Image-2023-03-20-at-13.45.31.jpeg?fit=1600%2C1066&ssl=1\",\"contentUrl\":\"https:\/\/i0.wp.com\/elregionalvm.com.ar\/noticias-villa-maria\/wp-content\/uploads\/2023\/03\/WhatsApp-Image-2023-03-20-at-13.45.31.jpeg?fit=1600%2C1066&ssl=1\",\"width\":1600,\"height\":1066},{\"@type\":\"BreadcrumbList\",\"@id\":\"http:\/\/elregionalvm.com.ar\/noticias-villa-maria\/municipio-y-vecinos-avanzan-en-el-proyecto-para-la-creacion-de-una-reserva-autoctona-en-la-ribera-del-rio-ctalamochita-en-barrio-vista-verde\/#breadcrumb\",\"itemListElement\":[{\"@type\":\"ListItem\",\"position\":1,\"name\":\"Portada\",\"item\":\"https:\/\/elregionalvm.com.ar\/noticias-villa-maria\/\"},{\"@type\":\"ListItem\",\"position\":2,\"name\":\"Habr\u00e1 una reserva aut\u00f3ctona en la ribera del r\u00edo Ctalamochita, en barrio Vista Verde\"}]},{\"@type\":\"WebSite\",\"@id\":\"http:\/\/elregionalvm.com.ar\/noticias-villa-maria\/#website\",\"url\":\"http:\/\/elregionalvm.com.ar\/noticias-villa-maria\/\",\"name\":\"El Regional\",\"description\":\"Mucho m\u00e1s que informaci\u00f3n\",\"potentialAction\":[{\"@type\":\"SearchAction\",\"target\":{\"@type\":\"EntryPoint\",\"urlTemplate\":\"http:\/\/elregionalvm.com.ar\/noticias-villa-maria\/?s={search_term_string}\"},\"query-input\":{\"@type\":\"PropertyValueSpecification\",\"valueRequired\":true,\"valueName\":\"search_term_string\"}}],\"inLanguage\":\"es\"},{\"@type\":\"Person\",\"@id\":\"http:\/\/elregionalvm.com.ar\/noticias-villa-maria\/#\/schema\/person\/a0fb9c422317faca23d50163151bc354\",\"name\":\"Contenidos El Regional\",\"image\":{\"@type\":\"ImageObject\",\"inLanguage\":\"es\",\"@id\":\"http:\/\/elregionalvm.com.ar\/noticias-villa-maria\/#\/schema\/person\/image\/\",\"url\":\"https:\/\/secure.gravatar.com\/avatar\/265b27cb2209af7bb3a1318f03305787d7981a5cc6e6cd08fe5a4ecdf99d4b48?s=96&d=mm&r=g\",\"contentUrl\":\"https:\/\/secure.gravatar.com\/avatar\/265b27cb2209af7bb3a1318f03305787d7981a5cc6e6cd08fe5a4ecdf99d4b48?s=96&d=mm&r=g\",\"caption\":\"Contenidos El Regional\"},\"url\":\"https:\/\/elregionalvm.com.ar\/noticias-villa-maria\/author\/contenido\/\"}]}<\/script>\n<!-- \/ Yoast SEO plugin. -->","yoast_head_json":{"title":"Habr\u00e1 una reserva aut\u00f3ctona en la ribera del r\u00edo Ctalamochita, en barrio Vista Verde - El Regional","robots":{"index":"index","follow":"follow","max-snippet":"max-snippet:-1","max-image-preview":"max-image-preview:large","max-video-preview":"max-video-preview:-1"},"canonical":"http:\/\/elregionalvm.com.ar\/noticias-villa-maria\/municipio-y-vecinos-avanzan-en-el-proyecto-para-la-creacion-de-una-reserva-autoctona-en-la-ribera-del-rio-ctalamochita-en-barrio-vista-verde\/","og_locale":"es_ES","og_type":"article","og_title":"Habr\u00e1 una reserva aut\u00f3ctona en la ribera del r\u00edo Ctalamochita, en barrio Vista Verde - El Regional","og_description":"El intendente Mart\u00edn Gill mantuvo una reuni\u00f3n junto a vecinos y vecinas de barrio Vista Verde con el objetivo de trabajar conjuntamente en el proyecto de ordenanza que prev\u00e9 la creaci\u00f3n de un patrimonio natural en inmediaciones del sector antiguamente conocido como El Espinal. En este sentido, el jefe comunal, a la par de miembros [&hellip;]","og_url":"http:\/\/elregionalvm.com.ar\/noticias-villa-maria\/municipio-y-vecinos-avanzan-en-el-proyecto-para-la-creacion-de-una-reserva-autoctona-en-la-ribera-del-rio-ctalamochita-en-barrio-vista-verde\/","og_site_name":"El Regional","article_publisher":"https:\/\/www.facebook.com\/elregionalvm","article_published_time":"2023-03-20T22:18:34+00:00","article_modified_time":"2023-03-21T02:01:59+00:00","og_image":[{"width":1600,"height":1066,"url":"http:\/\/elregionalvm.com.ar\/noticias-villa-maria\/wp-content\/uploads\/2023\/03\/WhatsApp-Image-2023-03-20-at-13.45.31.jpeg","type":"image\/jpeg"}],"author":"Contenidos El Regional","twitter_card":"summary_large_image","twitter_creator":"@elregionalvm1","twitter_site":"@elregionalvm1","twitter_misc":{"Escrito por":"Contenidos El Regional","Tiempo de lectura":"3 minutos"},"schema":{"@context":"https:\/\/schema.org","@graph":[{"@type":"Article","@id":"http:\/\/elregionalvm.com.ar\/noticias-villa-maria\/municipio-y-vecinos-avanzan-en-el-proyecto-para-la-creacion-de-una-reserva-autoctona-en-la-ribera-del-rio-ctalamochita-en-barrio-vista-verde\/#article","isPartOf":{"@id":"http:\/\/elregionalvm.com.ar\/noticias-villa-maria\/municipio-y-vecinos-avanzan-en-el-proyecto-para-la-creacion-de-una-reserva-autoctona-en-la-ribera-del-rio-ctalamochita-en-barrio-vista-verde\/"},"author":{"name":"Contenidos El Regional","@id":"http:\/\/elregionalvm.com.ar\/noticias-villa-maria\/#\/schema\/person\/a0fb9c422317faca23d50163151bc354"},"headline":"Habr\u00e1 una reserva aut\u00f3ctona en la ribera del r\u00edo Ctalamochita, en barrio Vista Verde","datePublished":"2023-03-20T22:18:34+00:00","dateModified":"2023-03-21T02:01:59+00:00","mainEntityOfPage":{"@id":"http:\/\/elregionalvm.com.ar\/noticias-villa-maria\/municipio-y-vecinos-avanzan-en-el-proyecto-para-la-creacion-de-una-reserva-autoctona-en-la-ribera-del-rio-ctalamochita-en-barrio-vista-verde\/"},"wordCount":522,"commentCount":0,"image":{"@id":"http:\/\/elregionalvm.com.ar\/noticias-villa-maria\/municipio-y-vecinos-avanzan-en-el-proyecto-para-la-creacion-de-una-reserva-autoctona-en-la-ribera-del-rio-ctalamochita-en-barrio-vista-verde\/#primaryimage"},"thumbnailUrl":"https:\/\/i0.wp.com\/elregionalvm.com.ar\/noticias-villa-maria\/wp-content\/uploads\/2023\/03\/WhatsApp-Image-2023-03-20-at-13.45.31.jpeg?fit=1600%2C1066&ssl=1","articleSection":["Cultura","destacado","Villa Mar\u00eda"],"inLanguage":"es","potentialAction":[{"@type":"CommentAction","name":"Comment","target":["http:\/\/elregionalvm.com.ar\/noticias-villa-maria\/municipio-y-vecinos-avanzan-en-el-proyecto-para-la-creacion-de-una-reserva-autoctona-en-la-ribera-del-rio-ctalamochita-en-barrio-vista-verde\/#respond"]}]},{"@type":"WebPage","@id":"http:\/\/elregionalvm.com.ar\/noticias-villa-maria\/municipio-y-vecinos-avanzan-en-el-proyecto-para-la-creacion-de-una-reserva-autoctona-en-la-ribera-del-rio-ctalamochita-en-barrio-vista-verde\/","url":"http:\/\/elregionalvm.com.ar\/noticias-villa-maria\/municipio-y-vecinos-avanzan-en-el-proyecto-para-la-creacion-de-una-reserva-autoctona-en-la-ribera-del-rio-ctalamochita-en-barrio-vista-verde\/","name":"Habr\u00e1 una reserva aut\u00f3ctona en la ribera del r\u00edo Ctalamochita, en barrio Vista Verde - El Regional","isPartOf":{"@id":"http:\/\/elregionalvm.com.ar\/noticias-villa-maria\/#website"},"primaryImageOfPage":{"@id":"http:\/\/elregionalvm.com.ar\/noticias-villa-maria\/municipio-y-vecinos-avanzan-en-el-proyecto-para-la-creacion-de-una-reserva-autoctona-en-la-ribera-del-rio-ctalamochita-en-barrio-vista-verde\/#primaryimage"},"image":{"@id":"http:\/\/elregionalvm.com.ar\/noticias-villa-maria\/municipio-y-vecinos-avanzan-en-el-proyecto-para-la-creacion-de-una-reserva-autoctona-en-la-ribera-del-rio-ctalamochita-en-barrio-vista-verde\/#primaryimage"},"thumbnailUrl":"https:\/\/i0.wp.com\/elregionalvm.com.ar\/noticias-villa-maria\/wp-content\/uploads\/2023\/03\/WhatsApp-Image-2023-03-20-at-13.45.31.jpeg?fit=1600%2C1066&ssl=1","datePublished":"2023-03-20T22:18:34+00:00","dateModified":"2023-03-21T02:01:59+00:00","author":{"@id":"http:\/\/elregionalvm.com.ar\/noticias-villa-maria\/#\/schema\/person\/a0fb9c422317faca23d50163151bc354"},"breadcrumb":{"@id":"http:\/\/elregionalvm.com.ar\/noticias-villa-maria\/municipio-y-vecinos-avanzan-en-el-proyecto-para-la-creacion-de-una-reserva-autoctona-en-la-ribera-del-rio-ctalamochita-en-barrio-vista-verde\/#breadcrumb"},"inLanguage":"es","potentialAction":[{"@type":"ReadAction","target":["http:\/\/elregionalvm.com.ar\/noticias-villa-maria\/municipio-y-vecinos-avanzan-en-el-proyecto-para-la-creacion-de-una-reserva-autoctona-en-la-ribera-del-rio-ctalamochita-en-barrio-vista-verde\/"]}]},{"@type":"ImageObject","inLanguage":"es","@id":"http:\/\/elregionalvm.com.ar\/noticias-villa-maria\/municipio-y-vecinos-avanzan-en-el-proyecto-para-la-creacion-de-una-reserva-autoctona-en-la-ribera-del-rio-ctalamochita-en-barrio-vista-verde\/#primaryimage","url":"https:\/\/i0.wp.com\/elregionalvm.com.ar\/noticias-villa-maria\/wp-content\/uploads\/2023\/03\/WhatsApp-Image-2023-03-20-at-13.45.31.jpeg?fit=1600%2C1066&ssl=1","contentUrl":"https:\/\/i0.wp.com\/elregionalvm.com.ar\/noticias-villa-maria\/wp-content\/uploads\/2023\/03\/WhatsApp-Image-2023-03-20-at-13.45.31.jpeg?fit=1600%2C1066&ssl=1","width":1600,"height":1066},{"@type":"BreadcrumbList","@id":"http:\/\/elregionalvm.com.ar\/noticias-villa-maria\/municipio-y-vecinos-avanzan-en-el-proyecto-para-la-creacion-de-una-reserva-autoctona-en-la-ribera-del-rio-ctalamochita-en-barrio-vista-verde\/#breadcrumb","itemListElement":[{"@type":"ListItem","position":1,"name":"Portada","item":"https:\/\/elregionalvm.com.ar\/noticias-villa-maria\/"},{"@type":"ListItem","position":2,"name":"Habr\u00e1 una reserva aut\u00f3ctona en la ribera del r\u00edo Ctalamochita, en barrio Vista Verde"}]},{"@type":"WebSite","@id":"http:\/\/elregionalvm.com.ar\/noticias-villa-maria\/#website","url":"http:\/\/elregionalvm.com.ar\/noticias-villa-maria\/","name":"El Regional","description":"Mucho m\u00e1s que informaci\u00f3n","potentialAction":[{"@type":"SearchAction","target":{"@type":"EntryPoint","urlTemplate":"http:\/\/elregionalvm.com.ar\/noticias-villa-maria\/?s={search_term_string}"},"query-input":{"@type":"PropertyValueSpecification","valueRequired":true,"valueName":"search_term_string"}}],"inLanguage":"es"},{"@type":"Person","@id":"http:\/\/elregionalvm.com.ar\/noticias-villa-maria\/#\/schema\/person\/a0fb9c422317faca23d50163151bc354","name":"Contenidos El Regional","image":{"@type":"ImageObject","inLanguage":"es","@id":"http:\/\/elregionalvm.com.ar\/noticias-villa-maria\/#\/schema\/person\/image\/","url":"https:\/\/secure.gravatar.com\/avatar\/265b27cb2209af7bb3a1318f03305787d7981a5cc6e6cd08fe5a4ecdf99d4b48?s=96&d=mm&r=g","contentUrl":"https:\/\/secure.gravatar.com\/avatar\/265b27cb2209af7bb3a1318f03305787d7981a5cc6e6cd08fe5a4ecdf99d4b48?s=96&d=mm&r=g","caption":"Contenidos El Regional"},"url":"https:\/\/elregionalvm.com.ar\/noticias-villa-maria\/author\/contenido\/"}]}},"jetpack_featured_media_url":"https:\/\/i0.wp.com\/elregionalvm.com.ar\/noticias-villa-maria\/wp-content\/uploads\/2023\/03\/WhatsApp-Image-2023-03-20-at-13.45.31.jpeg?fit=1600%2C1066&ssl=1","jetpack_sharing_enabled":true,"_links":{"self":[{"href":"https:\/\/elregionalvm.com.ar\/noticias-villa-maria\/wp-json\/wp\/v2\/posts\/73435","targetHints":{"allow":["GET"]}}],"collection":[{"href":"https:\/\/elregionalvm.com.ar\/noticias-villa-maria\/wp-json\/wp\/v2\/posts"}],"about":[{"href":"https:\/\/elregionalvm.com.ar\/noticias-villa-maria\/wp-json\/wp\/v2\/types\/post"}],"author":[{"embeddable":true,"href":"https:\/\/elregionalvm.com.ar\/noticias-villa-maria\/wp-json\/wp\/v2\/users\/4"}],"replies":[{"embeddable":true,"href":"https:\/\/elregionalvm.com.ar\/noticias-villa-maria\/wp-json\/wp\/v2\/comments?post=73435"}],"version-history":[{"count":2,"href":"https:\/\/elregionalvm.com.ar\/noticias-villa-maria\/wp-json\/wp\/v2\/posts\/73435\/revisions"}],"predecessor-version":[{"id":73472,"href":"https:\/\/elregionalvm.com.ar\/noticias-villa-maria\/wp-json\/wp\/v2\/posts\/73435\/revisions\/73472"}],"wp:featuredmedia":[{"embeddable":true,"href":"https:\/\/elregionalvm.com.ar\/noticias-villa-maria\/wp-json\/wp\/v2\/media\/73436"}],"wp:attachment":[{"href":"https:\/\/elregionalvm.com.ar\/noticias-villa-maria\/wp-json\/wp\/v2\/media?parent=73435"}],"wp:term":[{"taxonomy":"category","embeddable":true,"href":"https:\/\/elregionalvm.com.ar\/noticias-villa-maria\/wp-json\/wp\/v2\/categories?post=73435"},{"taxonomy":"post_tag","embeddable":true,"href":"https:\/\/elregionalvm.com.ar\/noticias-villa-maria\/wp-json\/wp\/v2\/tags?post=73435"}],"curies":[{"name":"wp","href":"https:\/\/api.w.org\/{rel}","templated":true}]}}