{"id":73438,"date":"2023-03-20T22:22:36","date_gmt":"2023-03-20T22:22:36","guid":{"rendered":"https:\/\/elregionalvm.com.ar\/noticias-villa-maria\/?p=73438"},"modified":"2023-03-21T02:01:10","modified_gmt":"2023-03-21T02:01:10","slug":"unvm-presento-agenda-de-actividades-por-el-40-d","status":"publish","type":"post","link":"https:\/\/elregionalvm.com.ar\/noticias-villa-maria\/unvm-presento-agenda-de-actividades-por-el-40-d\/","title":{"rendered":"UNVM present\u00f3 agenda de actividades por el 40 D"},"content":{"rendered":"\n<h4 class=\"wp-block-heading\">En el marco de la Semana de la Memoria y en el 40\u00ba aniversario de la recuperaci\u00f3n de la democracia, la Universidad Nacional de Villa Mar\u00eda (UNVM) realiz\u00f3 la presentaci\u00f3n oficial del cronograma de eventos que se desarrollar\u00e1n hasta el mes de diciembre.<\/h4>\n\n\n\n<p>Este a\u00f1o se cumplen 40 a\u00f1os de democracia ininterrumpida en la Argentina, &nbsp;luego de d\u00e9cadas de golpes de estado y proscripciones. <\/p>\n\n\n\n<p>Este hito reconoce y garantiza los avances logrados en materia de derechos civiles y pol\u00edticos, justicia social y afirmaci\u00f3n de la memoria popular.<\/p>\n\n\n\n<p>En consonancia con este nuevo aniversario, la casa de altos estudios local llev\u00f3 a cabo el lanzamiento de una nutrida agenda de actividades, ratificando de este modo su compromiso en pos de la sensibilizaci\u00f3n, reflexi\u00f3n y visibilizaci\u00f3n de este hecho hist\u00f3rico nacional.<\/p>\n\n\n\n<p><\/p>\n\n\n\n<figure class=\"wp-block-image size-full\"><img data-recalc-dims=\"1\" fetchpriority=\"high\" decoding=\"async\" width=\"1023\" height=\"682\" src=\"https:\/\/i0.wp.com\/elregionalvm.com.ar\/noticias-villa-maria\/wp-content\/uploads\/2022\/07\/Banderazo-argentina.jpg?resize=1023%2C682&#038;ssl=1\" alt=\"\" class=\"wp-image-60774\" srcset=\"https:\/\/i0.wp.com\/elregionalvm.com.ar\/noticias-villa-maria\/wp-content\/uploads\/2022\/07\/Banderazo-argentina.jpg?w=1023&amp;ssl=1 1023w, https:\/\/i0.wp.com\/elregionalvm.com.ar\/noticias-villa-maria\/wp-content\/uploads\/2022\/07\/Banderazo-argentina.jpg?resize=300%2C200&amp;ssl=1 300w, https:\/\/i0.wp.com\/elregionalvm.com.ar\/noticias-villa-maria\/wp-content\/uploads\/2022\/07\/Banderazo-argentina.jpg?resize=768%2C512&amp;ssl=1 768w\" sizes=\"(max-width: 1000px) 100vw, 1000px\" \/><\/figure>\n\n\n\n<p>L<\/p>\n\n\n\n<p>a presentaci\u00f3n se desarroll\u00f3 en la sede del Instituto de Extensi\u00f3n y cont\u00f3 con la presencia de la vicerrectora de la UNVM, Elizabeth Theiler; la directora del Instituto de Extensi\u00f3n, Gabriela Redondo; la secretaria de Bienestar, Marcela Pozzi; la decana del Instituto Acad\u00e9mico Pedag\u00f3gico de Ciencias Humanas (IAPCH), Daniela Dubois.<\/p>\n\n\n\n<p>Tambi\u00e9n las docentes Milena Lucero y Mariana Mussetta; junto a la titular del Consejo Social, Ana Becerra.<\/p>\n\n\n\n<p>En su discurso la vicerrectora convoc\u00f3 a la comunidad en su conjunto a participar de una \u201cagenda interactiva, inter\u00e1rea e interinstitucional\u00bb. \u201cCreemos que el 40 D se relaciona con una interpelaci\u00f3n a la universidad y a la sociedad a partir de la visibilizaci\u00f3n de lo que fueron a\u00f1os desafortunados de nuestra historia, a los cuales queremos decirles&nbsp;<em>nunca m\u00e1s,<\/em>&nbsp;manteniendo viva esta memoria y la lucha por la verdad y la justicia\u201d, reflexion\u00f3 la funcionaria. En tal sentido destac\u00f3 el trabajo articulado y el acompa\u00f1amiento entre los diferentes sectores de la Universidad y explicit\u00f3 que se trata de una \u00abagenda viva\u00bb ya que se ir\u00e1 realizando durante todo el a\u00f1o.<\/p>\n\n\n\n<p>\u201cLas Universidades nos mantenemos actualmente en los espacios de lucha, de memoria, tratando de reconocer los contextos de proximidad que las distintas generaciones tienen respecto de lo que aconteci\u00f3 hace 40 a\u00f1os. Esto no es&nbsp; s\u00f3lo tem\u00e1tica de estudio sino que se constituye tambi\u00e9n como un espacio de participaci\u00f3n y militancia social que hemos podido construir\u00bb, asever\u00f3.<\/p>\n\n\n\n<p>Por su parte la titular del Instituto de Extensi\u00f3n enumer\u00f3 algunas de las actividades que se pondr\u00e1n en marcha y que incluyen intervenciones gr\u00e1ficas espont\u00e1neas en diferentes sedes, espect\u00e1culos art\u00edsticos, conversatorios, espacios acad\u00e9micos de debate y discusi\u00f3n, presentaciones de libros, ensayos acad\u00e9micos alusivos a la tem\u00e1tica, mesas de poetas por la memoria entre otros.<\/p>\n\n\n\n<p>\u00abDesde hoy comienzan una serie de acciones surgidas desde la Secretar\u00eda de Bienestar que transversalizan a todas las \u00e1reas. <\/p>\n\n\n\n<p><\/p>\n\n\n\n<figure class=\"wp-block-image size-large\"><img data-recalc-dims=\"1\" decoding=\"async\" width=\"1024\" height=\"640\" src=\"https:\/\/i0.wp.com\/elregionalvm.com.ar\/noticias-villa-maria\/wp-content\/uploads\/2022\/09\/unvm.jpg?resize=1024%2C640&#038;ssl=1\" alt=\"\" class=\"wp-image-64462\" srcset=\"https:\/\/i0.wp.com\/elregionalvm.com.ar\/noticias-villa-maria\/wp-content\/uploads\/2022\/09\/unvm.jpg?resize=1024%2C640&amp;ssl=1 1024w, https:\/\/i0.wp.com\/elregionalvm.com.ar\/noticias-villa-maria\/wp-content\/uploads\/2022\/09\/unvm.jpg?resize=300%2C188&amp;ssl=1 300w, https:\/\/i0.wp.com\/elregionalvm.com.ar\/noticias-villa-maria\/wp-content\/uploads\/2022\/09\/unvm.jpg?resize=768%2C480&amp;ssl=1 768w, https:\/\/i0.wp.com\/elregionalvm.com.ar\/noticias-villa-maria\/wp-content\/uploads\/2022\/09\/unvm.jpg?w=1080&amp;ssl=1 1080w\" sizes=\"(max-width: 1000px) 100vw, 1000px\" \/><\/figure>\n\n\n\n<p><\/p>\n\n\n\n<p>La premisa pensada desde las\u00a0<em>\u00abpr\u00e1cticas indebidas\u00bb<\/em>\u00a0por su contenido y metodolog\u00edas va a actuar como norte para que los elencos art\u00edsticos y programas vayan creando nuevas producciones con esta modalidad\u00bb, inform\u00f3 Redondo.<\/p>\n\n\n\n<p>Por \u00faltimo, la secretaria de Bienestar mencion\u00f3 la importancia de generar&nbsp;actividades alusivas de intervenci\u00f3n para sensibilizar, visibilizar y mantener viva la memoria a trav\u00e9s de todas las generaciones.&nbsp;<\/p>\n\n\n\n<p>\u201cLa agenda apunta no s\u00f3lo a pensar conmemoraciones sino tambi\u00e9n a analizar con qu\u00e9 contenidos podemos complementar cada una de las intervenciones y acciones que se realicen en el transcurso del a\u00f1o\u00bb.<\/p>\n","protected":false},"excerpt":{"rendered":"<p>En el marco de la Semana de la Memoria y en el 40\u00ba aniversario de la recuperaci\u00f3n de la democracia, la Universidad Nacional de Villa Mar\u00eda (UNVM) realiz\u00f3 la presentaci\u00f3n oficial del cronograma de eventos que se desarrollar\u00e1n hasta el mes de diciembre. Este a\u00f1o se cumplen 40 a\u00f1os de democracia ininterrumpida en la Argentina, [&hellip;]<\/p>\n","protected":false},"author":4,"featured_media":73439,"comment_status":"open","ping_status":"open","sticky":false,"template":"","format":"standard","meta":{"site-sidebar-layout":"default","site-content-layout":"","ast-site-content-layout":"default","site-content-style":"default","site-sidebar-style":"default","ast-global-header-display":"","ast-banner-title-visibility":"","ast-main-header-display":"","ast-hfb-above-header-display":"","ast-hfb-below-header-display":"","ast-hfb-mobile-header-display":"","site-post-title":"","ast-breadcrumbs-content":"","ast-featured-img":"","footer-sml-layout":"","ast-disable-related-posts":"","theme-transparent-header-meta":"","adv-header-id-meta":"","stick-header-meta":"","header-above-stick-meta":"","header-main-stick-meta":"","header-below-stick-meta":"","astra-migrate-meta-layouts":"default","ast-page-background-enabled":"default","ast-page-background-meta":{"desktop":{"background-color":"","background-image":"","background-repeat":"repeat","background-position":"center center","background-size":"auto","background-attachment":"scroll","background-type":"","background-media":"","overlay-type":"","overlay-color":"","overlay-opacity":"","overlay-gradient":""},"tablet":{"background-color":"","background-image":"","background-repeat":"repeat","background-position":"center center","background-size":"auto","background-attachment":"scroll","background-type":"","background-media":"","overlay-type":"","overlay-color":"","overlay-opacity":"","overlay-gradient":""},"mobile":{"background-color":"","background-image":"","background-repeat":"repeat","background-position":"center center","background-size":"auto","background-attachment":"scroll","background-type":"","background-media":"","overlay-type":"","overlay-color":"","overlay-opacity":"","overlay-gradient":""}},"ast-content-background-meta":{"desktop":{"background-color":"var(--ast-global-color-5)","background-image":"","background-repeat":"repeat","background-position":"center center","background-size":"auto","background-attachment":"scroll","background-type":"","background-media":"","overlay-type":"","overlay-color":"","overlay-opacity":"","overlay-gradient":""},"tablet":{"background-color":"var(--ast-global-color-5)","background-image":"","background-repeat":"repeat","background-position":"center center","background-size":"auto","background-attachment":"scroll","background-type":"","background-media":"","overlay-type":"","overlay-color":"","overlay-opacity":"","overlay-gradient":""},"mobile":{"background-color":"var(--ast-global-color-5)","background-image":"","background-repeat":"repeat","background-position":"center center","background-size":"auto","background-attachment":"scroll","background-type":"","background-media":"","overlay-type":"","overlay-color":"","overlay-opacity":"","overlay-gradient":""}},"_jetpack_memberships_contains_paid_content":false,"_joinchat":[],"footnotes":""},"categories":[5,2],"tags":[],"class_list":["post-73438","post","type-post","status-publish","format-standard","has-post-thumbnail","hentry","category-sociedad","category-villa-maria"],"yoast_head":"<!-- This site is optimized with the Yoast SEO plugin v26.8 - https:\/\/yoast.com\/product\/yoast-seo-wordpress\/ -->\n<title>UNVM present\u00f3 agenda de actividades por el 40 D - El Regional<\/title>\n<meta name=\"robots\" content=\"index, follow, max-snippet:-1, max-image-preview:large, max-video-preview:-1\" \/>\n<link rel=\"canonical\" href=\"http:\/\/elregionalvm.com.ar\/noticias-villa-maria\/unvm-presento-agenda-de-actividades-por-el-40-d\/\" \/>\n<meta property=\"og:locale\" content=\"es_ES\" \/>\n<meta property=\"og:type\" content=\"article\" \/>\n<meta property=\"og:title\" content=\"UNVM present\u00f3 agenda de actividades por el 40 D - El Regional\" \/>\n<meta property=\"og:description\" content=\"En el marco de la Semana de la Memoria y en el 40\u00ba aniversario de la recuperaci\u00f3n de la democracia, la Universidad Nacional de Villa Mar\u00eda (UNVM) realiz\u00f3 la presentaci\u00f3n oficial del cronograma de eventos que se desarrollar\u00e1n hasta el mes de diciembre. Este a\u00f1o se cumplen 40 a\u00f1os de democracia ininterrumpida en la Argentina, [&hellip;]\" \/>\n<meta property=\"og:url\" content=\"http:\/\/elregionalvm.com.ar\/noticias-villa-maria\/unvm-presento-agenda-de-actividades-por-el-40-d\/\" \/>\n<meta property=\"og:site_name\" content=\"El Regional\" \/>\n<meta property=\"article:publisher\" content=\"https:\/\/www.facebook.com\/elregionalvm\" \/>\n<meta property=\"article:published_time\" content=\"2023-03-20T22:22:36+00:00\" \/>\n<meta property=\"article:modified_time\" content=\"2023-03-21T02:01:10+00:00\" \/>\n<meta property=\"og:image\" content=\"http:\/\/elregionalvm.com.ar\/noticias-villa-maria\/wp-content\/uploads\/2023\/03\/MG_5250-980x653-1.jpg\" \/>\n\t<meta property=\"og:image:width\" content=\"980\" \/>\n\t<meta property=\"og:image:height\" content=\"653\" \/>\n\t<meta property=\"og:image:type\" content=\"image\/jpeg\" \/>\n<meta name=\"author\" content=\"Contenidos El Regional\" \/>\n<meta name=\"twitter:card\" content=\"summary_large_image\" \/>\n<meta name=\"twitter:creator\" content=\"@elregionalvm1\" \/>\n<meta name=\"twitter:site\" content=\"@elregionalvm1\" \/>\n<meta name=\"twitter:label1\" content=\"Escrito por\" \/>\n\t<meta name=\"twitter:data1\" content=\"Contenidos El Regional\" \/>\n\t<meta name=\"twitter:label2\" content=\"Tiempo de lectura\" \/>\n\t<meta name=\"twitter:data2\" content=\"3 minutos\" \/>\n<script type=\"application\/ld+json\" class=\"yoast-schema-graph\">{\"@context\":\"https:\/\/schema.org\",\"@graph\":[{\"@type\":\"Article\",\"@id\":\"http:\/\/elregionalvm.com.ar\/noticias-villa-maria\/unvm-presento-agenda-de-actividades-por-el-40-d\/#article\",\"isPartOf\":{\"@id\":\"http:\/\/elregionalvm.com.ar\/noticias-villa-maria\/unvm-presento-agenda-de-actividades-por-el-40-d\/\"},\"author\":{\"name\":\"Contenidos El Regional\",\"@id\":\"http:\/\/elregionalvm.com.ar\/noticias-villa-maria\/#\/schema\/person\/a0fb9c422317faca23d50163151bc354\"},\"headline\":\"UNVM present\u00f3 agenda de actividades por el 40 D\",\"datePublished\":\"2023-03-20T22:22:36+00:00\",\"dateModified\":\"2023-03-21T02:01:10+00:00\",\"mainEntityOfPage\":{\"@id\":\"http:\/\/elregionalvm.com.ar\/noticias-villa-maria\/unvm-presento-agenda-de-actividades-por-el-40-d\/\"},\"wordCount\":591,\"commentCount\":0,\"image\":{\"@id\":\"http:\/\/elregionalvm.com.ar\/noticias-villa-maria\/unvm-presento-agenda-de-actividades-por-el-40-d\/#primaryimage\"},\"thumbnailUrl\":\"https:\/\/i0.wp.com\/elregionalvm.com.ar\/noticias-villa-maria\/wp-content\/uploads\/2023\/03\/MG_5250-980x653-1.jpg?fit=980%2C653&ssl=1\",\"articleSection\":[\"Sociedad\",\"Villa Mar\u00eda\"],\"inLanguage\":\"es\",\"potentialAction\":[{\"@type\":\"CommentAction\",\"name\":\"Comment\",\"target\":[\"http:\/\/elregionalvm.com.ar\/noticias-villa-maria\/unvm-presento-agenda-de-actividades-por-el-40-d\/#respond\"]}]},{\"@type\":\"WebPage\",\"@id\":\"http:\/\/elregionalvm.com.ar\/noticias-villa-maria\/unvm-presento-agenda-de-actividades-por-el-40-d\/\",\"url\":\"http:\/\/elregionalvm.com.ar\/noticias-villa-maria\/unvm-presento-agenda-de-actividades-por-el-40-d\/\",\"name\":\"UNVM present\u00f3 agenda de actividades por el 40 D - El Regional\",\"isPartOf\":{\"@id\":\"http:\/\/elregionalvm.com.ar\/noticias-villa-maria\/#website\"},\"primaryImageOfPage\":{\"@id\":\"http:\/\/elregionalvm.com.ar\/noticias-villa-maria\/unvm-presento-agenda-de-actividades-por-el-40-d\/#primaryimage\"},\"image\":{\"@id\":\"http:\/\/elregionalvm.com.ar\/noticias-villa-maria\/unvm-presento-agenda-de-actividades-por-el-40-d\/#primaryimage\"},\"thumbnailUrl\":\"https:\/\/i0.wp.com\/elregionalvm.com.ar\/noticias-villa-maria\/wp-content\/uploads\/2023\/03\/MG_5250-980x653-1.jpg?fit=980%2C653&ssl=1\",\"datePublished\":\"2023-03-20T22:22:36+00:00\",\"dateModified\":\"2023-03-21T02:01:10+00:00\",\"author\":{\"@id\":\"http:\/\/elregionalvm.com.ar\/noticias-villa-maria\/#\/schema\/person\/a0fb9c422317faca23d50163151bc354\"},\"breadcrumb\":{\"@id\":\"http:\/\/elregionalvm.com.ar\/noticias-villa-maria\/unvm-presento-agenda-de-actividades-por-el-40-d\/#breadcrumb\"},\"inLanguage\":\"es\",\"potentialAction\":[{\"@type\":\"ReadAction\",\"target\":[\"http:\/\/elregionalvm.com.ar\/noticias-villa-maria\/unvm-presento-agenda-de-actividades-por-el-40-d\/\"]}]},{\"@type\":\"ImageObject\",\"inLanguage\":\"es\",\"@id\":\"http:\/\/elregionalvm.com.ar\/noticias-villa-maria\/unvm-presento-agenda-de-actividades-por-el-40-d\/#primaryimage\",\"url\":\"https:\/\/i0.wp.com\/elregionalvm.com.ar\/noticias-villa-maria\/wp-content\/uploads\/2023\/03\/MG_5250-980x653-1.jpg?fit=980%2C653&ssl=1\",\"contentUrl\":\"https:\/\/i0.wp.com\/elregionalvm.com.ar\/noticias-villa-maria\/wp-content\/uploads\/2023\/03\/MG_5250-980x653-1.jpg?fit=980%2C653&ssl=1\",\"width\":980,\"height\":653},{\"@type\":\"BreadcrumbList\",\"@id\":\"http:\/\/elregionalvm.com.ar\/noticias-villa-maria\/unvm-presento-agenda-de-actividades-por-el-40-d\/#breadcrumb\",\"itemListElement\":[{\"@type\":\"ListItem\",\"position\":1,\"name\":\"Portada\",\"item\":\"https:\/\/elregionalvm.com.ar\/noticias-villa-maria\/\"},{\"@type\":\"ListItem\",\"position\":2,\"name\":\"UNVM present\u00f3 agenda de actividades por el 40 D\"}]},{\"@type\":\"WebSite\",\"@id\":\"http:\/\/elregionalvm.com.ar\/noticias-villa-maria\/#website\",\"url\":\"http:\/\/elregionalvm.com.ar\/noticias-villa-maria\/\",\"name\":\"El Regional\",\"description\":\"Mucho m\u00e1s que informaci\u00f3n\",\"potentialAction\":[{\"@type\":\"SearchAction\",\"target\":{\"@type\":\"EntryPoint\",\"urlTemplate\":\"http:\/\/elregionalvm.com.ar\/noticias-villa-maria\/?s={search_term_string}\"},\"query-input\":{\"@type\":\"PropertyValueSpecification\",\"valueRequired\":true,\"valueName\":\"search_term_string\"}}],\"inLanguage\":\"es\"},{\"@type\":\"Person\",\"@id\":\"http:\/\/elregionalvm.com.ar\/noticias-villa-maria\/#\/schema\/person\/a0fb9c422317faca23d50163151bc354\",\"name\":\"Contenidos El Regional\",\"image\":{\"@type\":\"ImageObject\",\"inLanguage\":\"es\",\"@id\":\"http:\/\/elregionalvm.com.ar\/noticias-villa-maria\/#\/schema\/person\/image\/\",\"url\":\"https:\/\/secure.gravatar.com\/avatar\/265b27cb2209af7bb3a1318f03305787d7981a5cc6e6cd08fe5a4ecdf99d4b48?s=96&d=mm&r=g\",\"contentUrl\":\"https:\/\/secure.gravatar.com\/avatar\/265b27cb2209af7bb3a1318f03305787d7981a5cc6e6cd08fe5a4ecdf99d4b48?s=96&d=mm&r=g\",\"caption\":\"Contenidos El Regional\"},\"url\":\"https:\/\/elregionalvm.com.ar\/noticias-villa-maria\/author\/contenido\/\"}]}<\/script>\n<!-- \/ Yoast SEO plugin. -->","yoast_head_json":{"title":"UNVM present\u00f3 agenda de actividades por el 40 D - El Regional","robots":{"index":"index","follow":"follow","max-snippet":"max-snippet:-1","max-image-preview":"max-image-preview:large","max-video-preview":"max-video-preview:-1"},"canonical":"http:\/\/elregionalvm.com.ar\/noticias-villa-maria\/unvm-presento-agenda-de-actividades-por-el-40-d\/","og_locale":"es_ES","og_type":"article","og_title":"UNVM present\u00f3 agenda de actividades por el 40 D - El Regional","og_description":"En el marco de la Semana de la Memoria y en el 40\u00ba aniversario de la recuperaci\u00f3n de la democracia, la Universidad Nacional de Villa Mar\u00eda (UNVM) realiz\u00f3 la presentaci\u00f3n oficial del cronograma de eventos que se desarrollar\u00e1n hasta el mes de diciembre. Este a\u00f1o se cumplen 40 a\u00f1os de democracia ininterrumpida en la Argentina, [&hellip;]","og_url":"http:\/\/elregionalvm.com.ar\/noticias-villa-maria\/unvm-presento-agenda-de-actividades-por-el-40-d\/","og_site_name":"El Regional","article_publisher":"https:\/\/www.facebook.com\/elregionalvm","article_published_time":"2023-03-20T22:22:36+00:00","article_modified_time":"2023-03-21T02:01:10+00:00","og_image":[{"width":980,"height":653,"url":"http:\/\/elregionalvm.com.ar\/noticias-villa-maria\/wp-content\/uploads\/2023\/03\/MG_5250-980x653-1.jpg","type":"image\/jpeg"}],"author":"Contenidos El Regional","twitter_card":"summary_large_image","twitter_creator":"@elregionalvm1","twitter_site":"@elregionalvm1","twitter_misc":{"Escrito por":"Contenidos El Regional","Tiempo de lectura":"3 minutos"},"schema":{"@context":"https:\/\/schema.org","@graph":[{"@type":"Article","@id":"http:\/\/elregionalvm.com.ar\/noticias-villa-maria\/unvm-presento-agenda-de-actividades-por-el-40-d\/#article","isPartOf":{"@id":"http:\/\/elregionalvm.com.ar\/noticias-villa-maria\/unvm-presento-agenda-de-actividades-por-el-40-d\/"},"author":{"name":"Contenidos El Regional","@id":"http:\/\/elregionalvm.com.ar\/noticias-villa-maria\/#\/schema\/person\/a0fb9c422317faca23d50163151bc354"},"headline":"UNVM present\u00f3 agenda de actividades por el 40 D","datePublished":"2023-03-20T22:22:36+00:00","dateModified":"2023-03-21T02:01:10+00:00","mainEntityOfPage":{"@id":"http:\/\/elregionalvm.com.ar\/noticias-villa-maria\/unvm-presento-agenda-de-actividades-por-el-40-d\/"},"wordCount":591,"commentCount":0,"image":{"@id":"http:\/\/elregionalvm.com.ar\/noticias-villa-maria\/unvm-presento-agenda-de-actividades-por-el-40-d\/#primaryimage"},"thumbnailUrl":"https:\/\/i0.wp.com\/elregionalvm.com.ar\/noticias-villa-maria\/wp-content\/uploads\/2023\/03\/MG_5250-980x653-1.jpg?fit=980%2C653&ssl=1","articleSection":["Sociedad","Villa Mar\u00eda"],"inLanguage":"es","potentialAction":[{"@type":"CommentAction","name":"Comment","target":["http:\/\/elregionalvm.com.ar\/noticias-villa-maria\/unvm-presento-agenda-de-actividades-por-el-40-d\/#respond"]}]},{"@type":"WebPage","@id":"http:\/\/elregionalvm.com.ar\/noticias-villa-maria\/unvm-presento-agenda-de-actividades-por-el-40-d\/","url":"http:\/\/elregionalvm.com.ar\/noticias-villa-maria\/unvm-presento-agenda-de-actividades-por-el-40-d\/","name":"UNVM present\u00f3 agenda de actividades por el 40 D - El Regional","isPartOf":{"@id":"http:\/\/elregionalvm.com.ar\/noticias-villa-maria\/#website"},"primaryImageOfPage":{"@id":"http:\/\/elregionalvm.com.ar\/noticias-villa-maria\/unvm-presento-agenda-de-actividades-por-el-40-d\/#primaryimage"},"image":{"@id":"http:\/\/elregionalvm.com.ar\/noticias-villa-maria\/unvm-presento-agenda-de-actividades-por-el-40-d\/#primaryimage"},"thumbnailUrl":"https:\/\/i0.wp.com\/elregionalvm.com.ar\/noticias-villa-maria\/wp-content\/uploads\/2023\/03\/MG_5250-980x653-1.jpg?fit=980%2C653&ssl=1","datePublished":"2023-03-20T22:22:36+00:00","dateModified":"2023-03-21T02:01:10+00:00","author":{"@id":"http:\/\/elregionalvm.com.ar\/noticias-villa-maria\/#\/schema\/person\/a0fb9c422317faca23d50163151bc354"},"breadcrumb":{"@id":"http:\/\/elregionalvm.com.ar\/noticias-villa-maria\/unvm-presento-agenda-de-actividades-por-el-40-d\/#breadcrumb"},"inLanguage":"es","potentialAction":[{"@type":"ReadAction","target":["http:\/\/elregionalvm.com.ar\/noticias-villa-maria\/unvm-presento-agenda-de-actividades-por-el-40-d\/"]}]},{"@type":"ImageObject","inLanguage":"es","@id":"http:\/\/elregionalvm.com.ar\/noticias-villa-maria\/unvm-presento-agenda-de-actividades-por-el-40-d\/#primaryimage","url":"https:\/\/i0.wp.com\/elregionalvm.com.ar\/noticias-villa-maria\/wp-content\/uploads\/2023\/03\/MG_5250-980x653-1.jpg?fit=980%2C653&ssl=1","contentUrl":"https:\/\/i0.wp.com\/elregionalvm.com.ar\/noticias-villa-maria\/wp-content\/uploads\/2023\/03\/MG_5250-980x653-1.jpg?fit=980%2C653&ssl=1","width":980,"height":653},{"@type":"BreadcrumbList","@id":"http:\/\/elregionalvm.com.ar\/noticias-villa-maria\/unvm-presento-agenda-de-actividades-por-el-40-d\/#breadcrumb","itemListElement":[{"@type":"ListItem","position":1,"name":"Portada","item":"https:\/\/elregionalvm.com.ar\/noticias-villa-maria\/"},{"@type":"ListItem","position":2,"name":"UNVM present\u00f3 agenda de actividades por el 40 D"}]},{"@type":"WebSite","@id":"http:\/\/elregionalvm.com.ar\/noticias-villa-maria\/#website","url":"http:\/\/elregionalvm.com.ar\/noticias-villa-maria\/","name":"El Regional","description":"Mucho m\u00e1s que informaci\u00f3n","potentialAction":[{"@type":"SearchAction","target":{"@type":"EntryPoint","urlTemplate":"http:\/\/elregionalvm.com.ar\/noticias-villa-maria\/?s={search_term_string}"},"query-input":{"@type":"PropertyValueSpecification","valueRequired":true,"valueName":"search_term_string"}}],"inLanguage":"es"},{"@type":"Person","@id":"http:\/\/elregionalvm.com.ar\/noticias-villa-maria\/#\/schema\/person\/a0fb9c422317faca23d50163151bc354","name":"Contenidos El Regional","image":{"@type":"ImageObject","inLanguage":"es","@id":"http:\/\/elregionalvm.com.ar\/noticias-villa-maria\/#\/schema\/person\/image\/","url":"https:\/\/secure.gravatar.com\/avatar\/265b27cb2209af7bb3a1318f03305787d7981a5cc6e6cd08fe5a4ecdf99d4b48?s=96&d=mm&r=g","contentUrl":"https:\/\/secure.gravatar.com\/avatar\/265b27cb2209af7bb3a1318f03305787d7981a5cc6e6cd08fe5a4ecdf99d4b48?s=96&d=mm&r=g","caption":"Contenidos El Regional"},"url":"https:\/\/elregionalvm.com.ar\/noticias-villa-maria\/author\/contenido\/"}]}},"jetpack_featured_media_url":"https:\/\/i0.wp.com\/elregionalvm.com.ar\/noticias-villa-maria\/wp-content\/uploads\/2023\/03\/MG_5250-980x653-1.jpg?fit=980%2C653&ssl=1","jetpack_sharing_enabled":true,"_links":{"self":[{"href":"https:\/\/elregionalvm.com.ar\/noticias-villa-maria\/wp-json\/wp\/v2\/posts\/73438","targetHints":{"allow":["GET"]}}],"collection":[{"href":"https:\/\/elregionalvm.com.ar\/noticias-villa-maria\/wp-json\/wp\/v2\/posts"}],"about":[{"href":"https:\/\/elregionalvm.com.ar\/noticias-villa-maria\/wp-json\/wp\/v2\/types\/post"}],"author":[{"embeddable":true,"href":"https:\/\/elregionalvm.com.ar\/noticias-villa-maria\/wp-json\/wp\/v2\/users\/4"}],"replies":[{"embeddable":true,"href":"https:\/\/elregionalvm.com.ar\/noticias-villa-maria\/wp-json\/wp\/v2\/comments?post=73438"}],"version-history":[{"count":3,"href":"https:\/\/elregionalvm.com.ar\/noticias-villa-maria\/wp-json\/wp\/v2\/posts\/73438\/revisions"}],"predecessor-version":[{"id":73471,"href":"https:\/\/elregionalvm.com.ar\/noticias-villa-maria\/wp-json\/wp\/v2\/posts\/73438\/revisions\/73471"}],"wp:featuredmedia":[{"embeddable":true,"href":"https:\/\/elregionalvm.com.ar\/noticias-villa-maria\/wp-json\/wp\/v2\/media\/73439"}],"wp:attachment":[{"href":"https:\/\/elregionalvm.com.ar\/noticias-villa-maria\/wp-json\/wp\/v2\/media?parent=73438"}],"wp:term":[{"taxonomy":"category","embeddable":true,"href":"https:\/\/elregionalvm.com.ar\/noticias-villa-maria\/wp-json\/wp\/v2\/categories?post=73438"},{"taxonomy":"post_tag","embeddable":true,"href":"https:\/\/elregionalvm.com.ar\/noticias-villa-maria\/wp-json\/wp\/v2\/tags?post=73438"}],"curies":[{"name":"wp","href":"https:\/\/api.w.org\/{rel}","templated":true}]}}