{"id":73451,"date":"2023-03-20T22:41:56","date_gmt":"2023-03-20T22:41:56","guid":{"rendered":"https:\/\/elregionalvm.com.ar\/noticias-villa-maria\/?p=73451"},"modified":"2023-03-21T21:05:41","modified_gmt":"2023-03-21T21:05:41","slug":"unvm-manana-contara-con-la-visita-del-ministro-de-agricultura-y-ganaderia-sergio-busso","status":"publish","type":"post","link":"https:\/\/elregionalvm.com.ar\/noticias-villa-maria\/unvm-manana-contara-con-la-visita-del-ministro-de-agricultura-y-ganaderia-sergio-busso\/","title":{"rendered":"UNVM: Este martes estar\u00e1 el ministro de Agricultura, Sergio Busso"},"content":{"rendered":"\n<p>Desde #B\u00e1sicasUNVM les recordamos que ma\u00f1ana recibiremos las visita del ministro de Agricultura y Ganaderia de la provincia, Sergio Busso.<\/p>\n\n\n\n<p>Ser\u00e1 a las 10:00 en el Consejo Directivo del Instituto de Humanas en el Campus.<\/p>\n\n\n\n<figure class=\"wp-block-image size-large\"><img data-recalc-dims=\"1\" fetchpriority=\"high\" decoding=\"async\" width=\"1024\" height=\"640\" src=\"https:\/\/i0.wp.com\/elregionalvm.com.ar\/noticias-villa-maria\/wp-content\/uploads\/2022\/09\/unvm.jpg?resize=1024%2C640&#038;ssl=1\" alt=\"\" class=\"wp-image-64462\" srcset=\"https:\/\/i0.wp.com\/elregionalvm.com.ar\/noticias-villa-maria\/wp-content\/uploads\/2022\/09\/unvm.jpg?resize=1024%2C640&amp;ssl=1 1024w, https:\/\/i0.wp.com\/elregionalvm.com.ar\/noticias-villa-maria\/wp-content\/uploads\/2022\/09\/unvm.jpg?resize=300%2C188&amp;ssl=1 300w, https:\/\/i0.wp.com\/elregionalvm.com.ar\/noticias-villa-maria\/wp-content\/uploads\/2022\/09\/unvm.jpg?resize=768%2C480&amp;ssl=1 768w, https:\/\/i0.wp.com\/elregionalvm.com.ar\/noticias-villa-maria\/wp-content\/uploads\/2022\/09\/unvm.jpg?w=1080&amp;ssl=1 1080w\" sizes=\"(max-width: 1000px) 100vw, 1000px\" \/><\/figure>\n\n\n\n<p>Busso presentar\u00e1 en la UNVM el programa Integraci\u00f3n con la comunidad, el cual es dirigido desde el Centro de Estudios de Ordenamiento Ambiental del Territorio (CEOAT) dependiente del Instituto de Ciencias B\u00e1sicas y Aplicadas.<\/p>\n","protected":false},"excerpt":{"rendered":"<p>Desde #B\u00e1sicasUNVM les recordamos que ma\u00f1ana recibiremos las visita del ministro de Agricultura y Ganaderia de la provincia, Sergio Busso. Ser\u00e1 a las 10:00 en el Consejo Directivo del Instituto de Humanas en el Campus. Busso presentar\u00e1 en la UNVM el programa Integraci\u00f3n con la comunidad, el cual es dirigido desde el Centro de Estudios [&hellip;]<\/p>\n","protected":false},"author":4,"featured_media":73452,"comment_status":"open","ping_status":"open","sticky":false,"template":"","format":"standard","meta":{"site-sidebar-layout":"default","site-content-layout":"","ast-site-content-layout":"default","site-content-style":"default","site-sidebar-style":"default","ast-global-header-display":"","ast-banner-title-visibility":"","ast-main-header-display":"","ast-hfb-above-header-display":"","ast-hfb-below-header-display":"","ast-hfb-mobile-header-display":"","site-post-title":"","ast-breadcrumbs-content":"","ast-featured-img":"","footer-sml-layout":"","ast-disable-related-posts":"","theme-transparent-header-meta":"","adv-header-id-meta":"","stick-header-meta":"","header-above-stick-meta":"","header-main-stick-meta":"","header-below-stick-meta":"","astra-migrate-meta-layouts":"default","ast-page-background-enabled":"default","ast-page-background-meta":{"desktop":{"background-color":"","background-image":"","background-repeat":"repeat","background-position":"center center","background-size":"auto","background-attachment":"scroll","background-type":"","background-media":"","overlay-type":"","overlay-color":"","overlay-opacity":"","overlay-gradient":""},"tablet":{"background-color":"","background-image":"","background-repeat":"repeat","background-position":"center center","background-size":"auto","background-attachment":"scroll","background-type":"","background-media":"","overlay-type":"","overlay-color":"","overlay-opacity":"","overlay-gradient":""},"mobile":{"background-color":"","background-image":"","background-repeat":"repeat","background-position":"center center","background-size":"auto","background-attachment":"scroll","background-type":"","background-media":"","overlay-type":"","overlay-color":"","overlay-opacity":"","overlay-gradient":""}},"ast-content-background-meta":{"desktop":{"background-color":"var(--ast-global-color-5)","background-image":"","background-repeat":"repeat","background-position":"center center","background-size":"auto","background-attachment":"scroll","background-type":"","background-media":"","overlay-type":"","overlay-color":"","overlay-opacity":"","overlay-gradient":""},"tablet":{"background-color":"var(--ast-global-color-5)","background-image":"","background-repeat":"repeat","background-position":"center center","background-size":"auto","background-attachment":"scroll","background-type":"","background-media":"","overlay-type":"","overlay-color":"","overlay-opacity":"","overlay-gradient":""},"mobile":{"background-color":"var(--ast-global-color-5)","background-image":"","background-repeat":"repeat","background-position":"center center","background-size":"auto","background-attachment":"scroll","background-type":"","background-media":"","overlay-type":"","overlay-color":"","overlay-opacity":"","overlay-gradient":""}},"_jetpack_memberships_contains_paid_content":false,"_joinchat":[],"footnotes":""},"categories":[7502,5,2],"tags":[],"class_list":["post-73451","post","type-post","status-publish","format-standard","has-post-thumbnail","hentry","category-agro","category-sociedad","category-villa-maria"],"yoast_head":"<!-- This site is optimized with the Yoast SEO plugin v26.8 - https:\/\/yoast.com\/product\/yoast-seo-wordpress\/ -->\n<title>UNVM: Este martes estar\u00e1 el ministro de Agricultura, Sergio Busso - El Regional<\/title>\n<meta name=\"robots\" content=\"index, follow, max-snippet:-1, max-image-preview:large, max-video-preview:-1\" \/>\n<link rel=\"canonical\" href=\"http:\/\/elregionalvm.com.ar\/noticias-villa-maria\/unvm-manana-contara-con-la-visita-del-ministro-de-agricultura-y-ganaderia-sergio-busso\/\" \/>\n<meta property=\"og:locale\" content=\"es_ES\" \/>\n<meta property=\"og:type\" content=\"article\" \/>\n<meta property=\"og:title\" content=\"UNVM: Este martes estar\u00e1 el ministro de Agricultura, Sergio Busso - El Regional\" \/>\n<meta property=\"og:description\" content=\"Desde #B\u00e1sicasUNVM les recordamos que ma\u00f1ana recibiremos las visita del ministro de Agricultura y Ganaderia de la provincia, Sergio Busso. Ser\u00e1 a las 10:00 en el Consejo Directivo del Instituto de Humanas en el Campus. Busso presentar\u00e1 en la UNVM el programa Integraci\u00f3n con la comunidad, el cual es dirigido desde el Centro de Estudios [&hellip;]\" \/>\n<meta property=\"og:url\" content=\"http:\/\/elregionalvm.com.ar\/noticias-villa-maria\/unvm-manana-contara-con-la-visita-del-ministro-de-agricultura-y-ganaderia-sergio-busso\/\" \/>\n<meta property=\"og:site_name\" content=\"El Regional\" \/>\n<meta property=\"article:publisher\" content=\"https:\/\/www.facebook.com\/elregionalvm\" \/>\n<meta property=\"article:published_time\" content=\"2023-03-20T22:41:56+00:00\" \/>\n<meta property=\"article:modified_time\" content=\"2023-03-21T21:05:41+00:00\" \/>\n<meta property=\"og:image\" content=\"http:\/\/elregionalvm.com.ar\/noticias-villa-maria\/wp-content\/uploads\/2023\/03\/IMG-20170412-WA00011-1.jpg\" \/>\n\t<meta property=\"og:image:width\" content=\"640\" \/>\n\t<meta property=\"og:image:height\" content=\"424\" \/>\n\t<meta property=\"og:image:type\" content=\"image\/jpeg\" \/>\n<meta name=\"author\" content=\"Contenidos El Regional\" \/>\n<meta name=\"twitter:card\" content=\"summary_large_image\" \/>\n<meta name=\"twitter:creator\" content=\"@elregionalvm1\" \/>\n<meta name=\"twitter:site\" content=\"@elregionalvm1\" \/>\n<meta name=\"twitter:label1\" content=\"Escrito por\" \/>\n\t<meta name=\"twitter:data1\" content=\"Contenidos El Regional\" \/>\n\t<meta name=\"twitter:label2\" content=\"Tiempo de lectura\" \/>\n\t<meta name=\"twitter:data2\" content=\"1 minuto\" \/>\n<script type=\"application\/ld+json\" class=\"yoast-schema-graph\">{\"@context\":\"https:\/\/schema.org\",\"@graph\":[{\"@type\":\"Article\",\"@id\":\"http:\/\/elregionalvm.com.ar\/noticias-villa-maria\/unvm-manana-contara-con-la-visita-del-ministro-de-agricultura-y-ganaderia-sergio-busso\/#article\",\"isPartOf\":{\"@id\":\"http:\/\/elregionalvm.com.ar\/noticias-villa-maria\/unvm-manana-contara-con-la-visita-del-ministro-de-agricultura-y-ganaderia-sergio-busso\/\"},\"author\":{\"name\":\"Contenidos El Regional\",\"@id\":\"http:\/\/elregionalvm.com.ar\/noticias-villa-maria\/#\/schema\/person\/a0fb9c422317faca23d50163151bc354\"},\"headline\":\"UNVM: Este martes estar\u00e1 el ministro de Agricultura, Sergio Busso\",\"datePublished\":\"2023-03-20T22:41:56+00:00\",\"dateModified\":\"2023-03-21T21:05:41+00:00\",\"mainEntityOfPage\":{\"@id\":\"http:\/\/elregionalvm.com.ar\/noticias-villa-maria\/unvm-manana-contara-con-la-visita-del-ministro-de-agricultura-y-ganaderia-sergio-busso\/\"},\"wordCount\":82,\"commentCount\":0,\"image\":{\"@id\":\"http:\/\/elregionalvm.com.ar\/noticias-villa-maria\/unvm-manana-contara-con-la-visita-del-ministro-de-agricultura-y-ganaderia-sergio-busso\/#primaryimage\"},\"thumbnailUrl\":\"https:\/\/i0.wp.com\/elregionalvm.com.ar\/noticias-villa-maria\/wp-content\/uploads\/2023\/03\/IMG-20170412-WA00011-1.jpg?fit=640%2C424&ssl=1\",\"articleSection\":[\"Agro\",\"Sociedad\",\"Villa Mar\u00eda\"],\"inLanguage\":\"es\",\"potentialAction\":[{\"@type\":\"CommentAction\",\"name\":\"Comment\",\"target\":[\"http:\/\/elregionalvm.com.ar\/noticias-villa-maria\/unvm-manana-contara-con-la-visita-del-ministro-de-agricultura-y-ganaderia-sergio-busso\/#respond\"]}]},{\"@type\":\"WebPage\",\"@id\":\"http:\/\/elregionalvm.com.ar\/noticias-villa-maria\/unvm-manana-contara-con-la-visita-del-ministro-de-agricultura-y-ganaderia-sergio-busso\/\",\"url\":\"http:\/\/elregionalvm.com.ar\/noticias-villa-maria\/unvm-manana-contara-con-la-visita-del-ministro-de-agricultura-y-ganaderia-sergio-busso\/\",\"name\":\"UNVM: Este martes estar\u00e1 el ministro de Agricultura, Sergio Busso - El Regional\",\"isPartOf\":{\"@id\":\"http:\/\/elregionalvm.com.ar\/noticias-villa-maria\/#website\"},\"primaryImageOfPage\":{\"@id\":\"http:\/\/elregionalvm.com.ar\/noticias-villa-maria\/unvm-manana-contara-con-la-visita-del-ministro-de-agricultura-y-ganaderia-sergio-busso\/#primaryimage\"},\"image\":{\"@id\":\"http:\/\/elregionalvm.com.ar\/noticias-villa-maria\/unvm-manana-contara-con-la-visita-del-ministro-de-agricultura-y-ganaderia-sergio-busso\/#primaryimage\"},\"thumbnailUrl\":\"https:\/\/i0.wp.com\/elregionalvm.com.ar\/noticias-villa-maria\/wp-content\/uploads\/2023\/03\/IMG-20170412-WA00011-1.jpg?fit=640%2C424&ssl=1\",\"datePublished\":\"2023-03-20T22:41:56+00:00\",\"dateModified\":\"2023-03-21T21:05:41+00:00\",\"author\":{\"@id\":\"http:\/\/elregionalvm.com.ar\/noticias-villa-maria\/#\/schema\/person\/a0fb9c422317faca23d50163151bc354\"},\"breadcrumb\":{\"@id\":\"http:\/\/elregionalvm.com.ar\/noticias-villa-maria\/unvm-manana-contara-con-la-visita-del-ministro-de-agricultura-y-ganaderia-sergio-busso\/#breadcrumb\"},\"inLanguage\":\"es\",\"potentialAction\":[{\"@type\":\"ReadAction\",\"target\":[\"http:\/\/elregionalvm.com.ar\/noticias-villa-maria\/unvm-manana-contara-con-la-visita-del-ministro-de-agricultura-y-ganaderia-sergio-busso\/\"]}]},{\"@type\":\"ImageObject\",\"inLanguage\":\"es\",\"@id\":\"http:\/\/elregionalvm.com.ar\/noticias-villa-maria\/unvm-manana-contara-con-la-visita-del-ministro-de-agricultura-y-ganaderia-sergio-busso\/#primaryimage\",\"url\":\"https:\/\/i0.wp.com\/elregionalvm.com.ar\/noticias-villa-maria\/wp-content\/uploads\/2023\/03\/IMG-20170412-WA00011-1.jpg?fit=640%2C424&ssl=1\",\"contentUrl\":\"https:\/\/i0.wp.com\/elregionalvm.com.ar\/noticias-villa-maria\/wp-content\/uploads\/2023\/03\/IMG-20170412-WA00011-1.jpg?fit=640%2C424&ssl=1\",\"width\":640,\"height\":424},{\"@type\":\"BreadcrumbList\",\"@id\":\"http:\/\/elregionalvm.com.ar\/noticias-villa-maria\/unvm-manana-contara-con-la-visita-del-ministro-de-agricultura-y-ganaderia-sergio-busso\/#breadcrumb\",\"itemListElement\":[{\"@type\":\"ListItem\",\"position\":1,\"name\":\"Portada\",\"item\":\"https:\/\/elregionalvm.com.ar\/noticias-villa-maria\/\"},{\"@type\":\"ListItem\",\"position\":2,\"name\":\"UNVM: Este martes estar\u00e1 el ministro de Agricultura, Sergio Busso\"}]},{\"@type\":\"WebSite\",\"@id\":\"http:\/\/elregionalvm.com.ar\/noticias-villa-maria\/#website\",\"url\":\"http:\/\/elregionalvm.com.ar\/noticias-villa-maria\/\",\"name\":\"El Regional\",\"description\":\"Mucho m\u00e1s que informaci\u00f3n\",\"potentialAction\":[{\"@type\":\"SearchAction\",\"target\":{\"@type\":\"EntryPoint\",\"urlTemplate\":\"http:\/\/elregionalvm.com.ar\/noticias-villa-maria\/?s={search_term_string}\"},\"query-input\":{\"@type\":\"PropertyValueSpecification\",\"valueRequired\":true,\"valueName\":\"search_term_string\"}}],\"inLanguage\":\"es\"},{\"@type\":\"Person\",\"@id\":\"http:\/\/elregionalvm.com.ar\/noticias-villa-maria\/#\/schema\/person\/a0fb9c422317faca23d50163151bc354\",\"name\":\"Contenidos El Regional\",\"image\":{\"@type\":\"ImageObject\",\"inLanguage\":\"es\",\"@id\":\"http:\/\/elregionalvm.com.ar\/noticias-villa-maria\/#\/schema\/person\/image\/\",\"url\":\"https:\/\/secure.gravatar.com\/avatar\/265b27cb2209af7bb3a1318f03305787d7981a5cc6e6cd08fe5a4ecdf99d4b48?s=96&d=mm&r=g\",\"contentUrl\":\"https:\/\/secure.gravatar.com\/avatar\/265b27cb2209af7bb3a1318f03305787d7981a5cc6e6cd08fe5a4ecdf99d4b48?s=96&d=mm&r=g\",\"caption\":\"Contenidos El Regional\"},\"url\":\"https:\/\/elregionalvm.com.ar\/noticias-villa-maria\/author\/contenido\/\"}]}<\/script>\n<!-- \/ Yoast SEO plugin. -->","yoast_head_json":{"title":"UNVM: Este martes estar\u00e1 el ministro de Agricultura, Sergio Busso - El Regional","robots":{"index":"index","follow":"follow","max-snippet":"max-snippet:-1","max-image-preview":"max-image-preview:large","max-video-preview":"max-video-preview:-1"},"canonical":"http:\/\/elregionalvm.com.ar\/noticias-villa-maria\/unvm-manana-contara-con-la-visita-del-ministro-de-agricultura-y-ganaderia-sergio-busso\/","og_locale":"es_ES","og_type":"article","og_title":"UNVM: Este martes estar\u00e1 el ministro de Agricultura, Sergio Busso - El Regional","og_description":"Desde #B\u00e1sicasUNVM les recordamos que ma\u00f1ana recibiremos las visita del ministro de Agricultura y Ganaderia de la provincia, Sergio Busso. Ser\u00e1 a las 10:00 en el Consejo Directivo del Instituto de Humanas en el Campus. Busso presentar\u00e1 en la UNVM el programa Integraci\u00f3n con la comunidad, el cual es dirigido desde el Centro de Estudios [&hellip;]","og_url":"http:\/\/elregionalvm.com.ar\/noticias-villa-maria\/unvm-manana-contara-con-la-visita-del-ministro-de-agricultura-y-ganaderia-sergio-busso\/","og_site_name":"El Regional","article_publisher":"https:\/\/www.facebook.com\/elregionalvm","article_published_time":"2023-03-20T22:41:56+00:00","article_modified_time":"2023-03-21T21:05:41+00:00","og_image":[{"width":640,"height":424,"url":"http:\/\/elregionalvm.com.ar\/noticias-villa-maria\/wp-content\/uploads\/2023\/03\/IMG-20170412-WA00011-1.jpg","type":"image\/jpeg"}],"author":"Contenidos El Regional","twitter_card":"summary_large_image","twitter_creator":"@elregionalvm1","twitter_site":"@elregionalvm1","twitter_misc":{"Escrito por":"Contenidos El Regional","Tiempo de lectura":"1 minuto"},"schema":{"@context":"https:\/\/schema.org","@graph":[{"@type":"Article","@id":"http:\/\/elregionalvm.com.ar\/noticias-villa-maria\/unvm-manana-contara-con-la-visita-del-ministro-de-agricultura-y-ganaderia-sergio-busso\/#article","isPartOf":{"@id":"http:\/\/elregionalvm.com.ar\/noticias-villa-maria\/unvm-manana-contara-con-la-visita-del-ministro-de-agricultura-y-ganaderia-sergio-busso\/"},"author":{"name":"Contenidos El Regional","@id":"http:\/\/elregionalvm.com.ar\/noticias-villa-maria\/#\/schema\/person\/a0fb9c422317faca23d50163151bc354"},"headline":"UNVM: Este martes estar\u00e1 el ministro de Agricultura, Sergio Busso","datePublished":"2023-03-20T22:41:56+00:00","dateModified":"2023-03-21T21:05:41+00:00","mainEntityOfPage":{"@id":"http:\/\/elregionalvm.com.ar\/noticias-villa-maria\/unvm-manana-contara-con-la-visita-del-ministro-de-agricultura-y-ganaderia-sergio-busso\/"},"wordCount":82,"commentCount":0,"image":{"@id":"http:\/\/elregionalvm.com.ar\/noticias-villa-maria\/unvm-manana-contara-con-la-visita-del-ministro-de-agricultura-y-ganaderia-sergio-busso\/#primaryimage"},"thumbnailUrl":"https:\/\/i0.wp.com\/elregionalvm.com.ar\/noticias-villa-maria\/wp-content\/uploads\/2023\/03\/IMG-20170412-WA00011-1.jpg?fit=640%2C424&ssl=1","articleSection":["Agro","Sociedad","Villa Mar\u00eda"],"inLanguage":"es","potentialAction":[{"@type":"CommentAction","name":"Comment","target":["http:\/\/elregionalvm.com.ar\/noticias-villa-maria\/unvm-manana-contara-con-la-visita-del-ministro-de-agricultura-y-ganaderia-sergio-busso\/#respond"]}]},{"@type":"WebPage","@id":"http:\/\/elregionalvm.com.ar\/noticias-villa-maria\/unvm-manana-contara-con-la-visita-del-ministro-de-agricultura-y-ganaderia-sergio-busso\/","url":"http:\/\/elregionalvm.com.ar\/noticias-villa-maria\/unvm-manana-contara-con-la-visita-del-ministro-de-agricultura-y-ganaderia-sergio-busso\/","name":"UNVM: Este martes estar\u00e1 el ministro de Agricultura, Sergio Busso - El Regional","isPartOf":{"@id":"http:\/\/elregionalvm.com.ar\/noticias-villa-maria\/#website"},"primaryImageOfPage":{"@id":"http:\/\/elregionalvm.com.ar\/noticias-villa-maria\/unvm-manana-contara-con-la-visita-del-ministro-de-agricultura-y-ganaderia-sergio-busso\/#primaryimage"},"image":{"@id":"http:\/\/elregionalvm.com.ar\/noticias-villa-maria\/unvm-manana-contara-con-la-visita-del-ministro-de-agricultura-y-ganaderia-sergio-busso\/#primaryimage"},"thumbnailUrl":"https:\/\/i0.wp.com\/elregionalvm.com.ar\/noticias-villa-maria\/wp-content\/uploads\/2023\/03\/IMG-20170412-WA00011-1.jpg?fit=640%2C424&ssl=1","datePublished":"2023-03-20T22:41:56+00:00","dateModified":"2023-03-21T21:05:41+00:00","author":{"@id":"http:\/\/elregionalvm.com.ar\/noticias-villa-maria\/#\/schema\/person\/a0fb9c422317faca23d50163151bc354"},"breadcrumb":{"@id":"http:\/\/elregionalvm.com.ar\/noticias-villa-maria\/unvm-manana-contara-con-la-visita-del-ministro-de-agricultura-y-ganaderia-sergio-busso\/#breadcrumb"},"inLanguage":"es","potentialAction":[{"@type":"ReadAction","target":["http:\/\/elregionalvm.com.ar\/noticias-villa-maria\/unvm-manana-contara-con-la-visita-del-ministro-de-agricultura-y-ganaderia-sergio-busso\/"]}]},{"@type":"ImageObject","inLanguage":"es","@id":"http:\/\/elregionalvm.com.ar\/noticias-villa-maria\/unvm-manana-contara-con-la-visita-del-ministro-de-agricultura-y-ganaderia-sergio-busso\/#primaryimage","url":"https:\/\/i0.wp.com\/elregionalvm.com.ar\/noticias-villa-maria\/wp-content\/uploads\/2023\/03\/IMG-20170412-WA00011-1.jpg?fit=640%2C424&ssl=1","contentUrl":"https:\/\/i0.wp.com\/elregionalvm.com.ar\/noticias-villa-maria\/wp-content\/uploads\/2023\/03\/IMG-20170412-WA00011-1.jpg?fit=640%2C424&ssl=1","width":640,"height":424},{"@type":"BreadcrumbList","@id":"http:\/\/elregionalvm.com.ar\/noticias-villa-maria\/unvm-manana-contara-con-la-visita-del-ministro-de-agricultura-y-ganaderia-sergio-busso\/#breadcrumb","itemListElement":[{"@type":"ListItem","position":1,"name":"Portada","item":"https:\/\/elregionalvm.com.ar\/noticias-villa-maria\/"},{"@type":"ListItem","position":2,"name":"UNVM: Este martes estar\u00e1 el ministro de Agricultura, Sergio Busso"}]},{"@type":"WebSite","@id":"http:\/\/elregionalvm.com.ar\/noticias-villa-maria\/#website","url":"http:\/\/elregionalvm.com.ar\/noticias-villa-maria\/","name":"El Regional","description":"Mucho m\u00e1s que informaci\u00f3n","potentialAction":[{"@type":"SearchAction","target":{"@type":"EntryPoint","urlTemplate":"http:\/\/elregionalvm.com.ar\/noticias-villa-maria\/?s={search_term_string}"},"query-input":{"@type":"PropertyValueSpecification","valueRequired":true,"valueName":"search_term_string"}}],"inLanguage":"es"},{"@type":"Person","@id":"http:\/\/elregionalvm.com.ar\/noticias-villa-maria\/#\/schema\/person\/a0fb9c422317faca23d50163151bc354","name":"Contenidos El Regional","image":{"@type":"ImageObject","inLanguage":"es","@id":"http:\/\/elregionalvm.com.ar\/noticias-villa-maria\/#\/schema\/person\/image\/","url":"https:\/\/secure.gravatar.com\/avatar\/265b27cb2209af7bb3a1318f03305787d7981a5cc6e6cd08fe5a4ecdf99d4b48?s=96&d=mm&r=g","contentUrl":"https:\/\/secure.gravatar.com\/avatar\/265b27cb2209af7bb3a1318f03305787d7981a5cc6e6cd08fe5a4ecdf99d4b48?s=96&d=mm&r=g","caption":"Contenidos El Regional"},"url":"https:\/\/elregionalvm.com.ar\/noticias-villa-maria\/author\/contenido\/"}]}},"jetpack_featured_media_url":"https:\/\/i0.wp.com\/elregionalvm.com.ar\/noticias-villa-maria\/wp-content\/uploads\/2023\/03\/IMG-20170412-WA00011-1.jpg?fit=640%2C424&ssl=1","jetpack_sharing_enabled":true,"_links":{"self":[{"href":"https:\/\/elregionalvm.com.ar\/noticias-villa-maria\/wp-json\/wp\/v2\/posts\/73451","targetHints":{"allow":["GET"]}}],"collection":[{"href":"https:\/\/elregionalvm.com.ar\/noticias-villa-maria\/wp-json\/wp\/v2\/posts"}],"about":[{"href":"https:\/\/elregionalvm.com.ar\/noticias-villa-maria\/wp-json\/wp\/v2\/types\/post"}],"author":[{"embeddable":true,"href":"https:\/\/elregionalvm.com.ar\/noticias-villa-maria\/wp-json\/wp\/v2\/users\/4"}],"replies":[{"embeddable":true,"href":"https:\/\/elregionalvm.com.ar\/noticias-villa-maria\/wp-json\/wp\/v2\/comments?post=73451"}],"version-history":[{"count":2,"href":"https:\/\/elregionalvm.com.ar\/noticias-villa-maria\/wp-json\/wp\/v2\/posts\/73451\/revisions"}],"predecessor-version":[{"id":73469,"href":"https:\/\/elregionalvm.com.ar\/noticias-villa-maria\/wp-json\/wp\/v2\/posts\/73451\/revisions\/73469"}],"wp:featuredmedia":[{"embeddable":true,"href":"https:\/\/elregionalvm.com.ar\/noticias-villa-maria\/wp-json\/wp\/v2\/media\/73452"}],"wp:attachment":[{"href":"https:\/\/elregionalvm.com.ar\/noticias-villa-maria\/wp-json\/wp\/v2\/media?parent=73451"}],"wp:term":[{"taxonomy":"category","embeddable":true,"href":"https:\/\/elregionalvm.com.ar\/noticias-villa-maria\/wp-json\/wp\/v2\/categories?post=73451"},{"taxonomy":"post_tag","embeddable":true,"href":"https:\/\/elregionalvm.com.ar\/noticias-villa-maria\/wp-json\/wp\/v2\/tags?post=73451"}],"curies":[{"name":"wp","href":"https:\/\/api.w.org\/{rel}","templated":true}]}}