{"id":73460,"date":"2023-03-20T22:56:52","date_gmt":"2023-03-20T22:56:52","guid":{"rendered":"https:\/\/elregionalvm.com.ar\/noticias-villa-maria\/?p=73460"},"modified":"2023-03-21T01:57:30","modified_gmt":"2023-03-21T01:57:30","slug":"ante-la-baja-de-de-loredo-se-habla-de-los-posibles-candidatos","status":"publish","type":"post","link":"https:\/\/elregionalvm.com.ar\/noticias-villa-maria\/ante-la-baja-de-de-loredo-se-habla-de-los-posibles-candidatos\/","title":{"rendered":"Ante la baja de De Loredo, Juez ser\u00e1 el candidato a gobernador de Juntos por el Cambio"},"content":{"rendered":"\n<p>El radical\u00a0Rodrigo de Loredo renunci\u00f3\u00a0a su aspiraci\u00f3n de ser el pr\u00f3ximo gobernador, el mismo d\u00eda que se oficializ\u00f3 el 25 de junio como la fecha para las elecciones provinciales.<\/p>\n\n\n\n<p>El diputado nacional se dio de baja a trav\u00e9s de un video difundido en las redes sociales,  titulado\u00a0\u201cLa alternativa est\u00e1 de pie\u201d.<\/p>\n\n\n\n<p>De esta forma, le allan\u00f3 el camino al senador nacional Luis Juez para su postulaci\u00f3n a la gobernaci\u00f3n de C\u00f3rdoba. <\/p>\n\n\n\n<p>Juez \u201ces un luchador, un tipo que se le par\u00f3 al sistema, que pele\u00f3 contra la corrupci\u00f3n y que es un perseverante de grandes batallas\u201d, expres\u00f3 De Loredo en su mensaje. <\/p>\n\n\n\n<p>\u201cLe lleg\u00f3 la hora y ser\u00e1 el pr\u00f3ximo gobernador de C\u00f3rdoba. Cuenta conmigo para ese inmenso desaf\u00edo\u201d, acot\u00f3.<\/p>\n\n\n\n<p><\/p>\n\n\n\n<p><\/p>\n\n\n\n<figure class=\"wp-block-embed is-type-video is-provider-youtube wp-block-embed-youtube wp-embed-aspect-16-9 wp-has-aspect-ratio\"><div class=\"wp-block-embed__wrapper\">\n<iframe title=\"La alternativa est\u00e1 de pie, los sue\u00f1os tambi\u00e9n.\" width=\"500\" height=\"281\" src=\"https:\/\/www.youtube.com\/embed\/xvhgPmctQVY?feature=oembed\" frameborder=\"0\" allow=\"accelerometer; autoplay; clipboard-write; encrypted-media; gyroscope; picture-in-picture; web-share\" referrerpolicy=\"strict-origin-when-cross-origin\" allowfullscreen><\/iframe>\n<\/div><\/figure>\n\n\n\n<p><\/p>\n\n\n\n<p><\/p>\n\n\n\n<p>De todas maneras, el dirigente radical nada dijo respecto de su futuro en la coalici\u00f3n en lo inmediato. <\/p>\n\n\n\n<p>No aclar\u00f3 si acompa\u00f1ar\u00e1 a Juez en la f\u00f3rmula como vicegobernador o se inclinar\u00e1 para intentar alcanzar la Intendencia de la capital provincial. <\/p>\n\n\n\n<p>La decisi\u00f3n de De Loredo lleg\u00f3 tambi\u00e9n pocos d\u00edas despu\u00e9s de conocerse los resultados de <a href=\"https:\/\/elregionalvm.com.ar\/noticias-villa-maria\/politica-la-encuesta-de-juez-y-de-loredo-dio-empate-tecnico-y-ahora\/\">la encuesta<\/a> que dio un \u00abempate t\u00e9cnico\u00bb entre ambos candidatos. <\/p>\n\n\n\n<p><\/p>\n\n\n\n<p><\/p>\n\n\n\n<h3 class=\"wp-block-heading\"><strong>Tambi\u00e9n pod\u00e9s ver: <\/strong><\/h3>\n\n\n\n<p><\/p>\n\n\n\n<p><\/p>\n\n\n\n<figure class=\"wp-block-embed is-type-wp-embed is-provider-el-regional wp-block-embed-el-regional\"><div class=\"wp-block-embed__wrapper\">\n<blockquote class=\"wp-embedded-content\" data-secret=\"z76XMKwF42\"><a href=\"https:\/\/elregionalvm.com.ar\/noticias-villa-maria\/politica-la-encuesta-de-juez-y-de-loredo-dio-empate-tecnico-y-ahora\/\">[Pol\u00edtica] La encuesta de Juez y De Loredo dio \u201cempate t\u00e9cnico\u201d: \u00bfY ahora?<\/a><\/blockquote><iframe class=\"wp-embedded-content\" sandbox=\"allow-scripts\" security=\"restricted\" style=\"position: absolute; visibility: hidden;\" title=\"\u00ab[Pol\u00edtica] La encuesta de Juez y De Loredo dio \u201cempate t\u00e9cnico\u201d: \u00bfY ahora?\u00bb \u2014 El Regional\" src=\"https:\/\/elregionalvm.com.ar\/noticias-villa-maria\/politica-la-encuesta-de-juez-y-de-loredo-dio-empate-tecnico-y-ahora\/embed\/#?secret=v9DtFybudT#?secret=z76XMKwF42\" data-secret=\"z76XMKwF42\" width=\"500\" height=\"282\" frameborder=\"0\" marginwidth=\"0\" marginheight=\"0\" scrolling=\"no\"><\/iframe>\n<\/div><\/figure>\n","protected":false},"excerpt":{"rendered":"<p>El radical\u00a0Rodrigo de Loredo renunci\u00f3\u00a0a su aspiraci\u00f3n de ser el pr\u00f3ximo gobernador, el mismo d\u00eda que se oficializ\u00f3 el 25 de junio como la fecha para las elecciones provinciales. El diputado nacional se dio de baja a trav\u00e9s de un video difundido en las redes sociales, titulado\u00a0\u201cLa alternativa est\u00e1 de pie\u201d. De esta forma, le [&hellip;]<\/p>\n","protected":false},"author":4,"featured_media":73468,"comment_status":"open","ping_status":"open","sticky":false,"template":"","format":"standard","meta":{"site-sidebar-layout":"default","site-content-layout":"","ast-site-content-layout":"default","site-content-style":"default","site-sidebar-style":"default","ast-global-header-display":"","ast-banner-title-visibility":"","ast-main-header-display":"","ast-hfb-above-header-display":"","ast-hfb-below-header-display":"","ast-hfb-mobile-header-display":"","site-post-title":"","ast-breadcrumbs-content":"","ast-featured-img":"","footer-sml-layout":"","ast-disable-related-posts":"","theme-transparent-header-meta":"","adv-header-id-meta":"","stick-header-meta":"","header-above-stick-meta":"","header-main-stick-meta":"","header-below-stick-meta":"","astra-migrate-meta-layouts":"default","ast-page-background-enabled":"default","ast-page-background-meta":{"desktop":{"background-color":"","background-image":"","background-repeat":"repeat","background-position":"center center","background-size":"auto","background-attachment":"scroll","background-type":"","background-media":"","overlay-type":"","overlay-color":"","overlay-opacity":"","overlay-gradient":""},"tablet":{"background-color":"","background-image":"","background-repeat":"repeat","background-position":"center center","background-size":"auto","background-attachment":"scroll","background-type":"","background-media":"","overlay-type":"","overlay-color":"","overlay-opacity":"","overlay-gradient":""},"mobile":{"background-color":"","background-image":"","background-repeat":"repeat","background-position":"center center","background-size":"auto","background-attachment":"scroll","background-type":"","background-media":"","overlay-type":"","overlay-color":"","overlay-opacity":"","overlay-gradient":""}},"ast-content-background-meta":{"desktop":{"background-color":"var(--ast-global-color-5)","background-image":"","background-repeat":"repeat","background-position":"center center","background-size":"auto","background-attachment":"scroll","background-type":"","background-media":"","overlay-type":"","overlay-color":"","overlay-opacity":"","overlay-gradient":""},"tablet":{"background-color":"var(--ast-global-color-5)","background-image":"","background-repeat":"repeat","background-position":"center center","background-size":"auto","background-attachment":"scroll","background-type":"","background-media":"","overlay-type":"","overlay-color":"","overlay-opacity":"","overlay-gradient":""},"mobile":{"background-color":"var(--ast-global-color-5)","background-image":"","background-repeat":"repeat","background-position":"center center","background-size":"auto","background-attachment":"scroll","background-type":"","background-media":"","overlay-type":"","overlay-color":"","overlay-opacity":"","overlay-gradient":""}},"_jetpack_memberships_contains_paid_content":false,"_joinchat":[],"footnotes":""},"categories":[15302,2089,16095],"tags":[577,7001,10040,2547,10915],"class_list":["post-73460","post","type-post","status-publish","format-standard","has-post-thumbnail","hentry","category-destacado","category-politica","category-provinciales","tag-candidatura","tag-juntos-por-el-cambio","tag-luis-juez","tag-renuncia","tag-rodrigo-de-loredo"],"yoast_head":"<!-- This site is optimized with the Yoast SEO plugin v26.8 - https:\/\/yoast.com\/product\/yoast-seo-wordpress\/ -->\n<title>Ante la baja de De Loredo, Juez ser\u00e1 el candidato a gobernador de Juntos por el Cambio - El Regional<\/title>\n<meta name=\"robots\" content=\"index, follow, max-snippet:-1, max-image-preview:large, max-video-preview:-1\" \/>\n<link rel=\"canonical\" href=\"http:\/\/elregionalvm.com.ar\/noticias-villa-maria\/ante-la-baja-de-de-loredo-se-habla-de-los-posibles-candidatos\/\" \/>\n<meta property=\"og:locale\" content=\"es_ES\" \/>\n<meta property=\"og:type\" content=\"article\" \/>\n<meta property=\"og:title\" content=\"Ante la baja de De Loredo, Juez ser\u00e1 el candidato a gobernador de Juntos por el Cambio - El Regional\" \/>\n<meta property=\"og:description\" content=\"El radical\u00a0Rodrigo de Loredo renunci\u00f3\u00a0a su aspiraci\u00f3n de ser el pr\u00f3ximo gobernador, el mismo d\u00eda que se oficializ\u00f3 el 25 de junio como la fecha para las elecciones provinciales. El diputado nacional se dio de baja a trav\u00e9s de un video difundido en las redes sociales, titulado\u00a0\u201cLa alternativa est\u00e1 de pie\u201d. De esta forma, le [&hellip;]\" \/>\n<meta property=\"og:url\" content=\"http:\/\/elregionalvm.com.ar\/noticias-villa-maria\/ante-la-baja-de-de-loredo-se-habla-de-los-posibles-candidatos\/\" \/>\n<meta property=\"og:site_name\" content=\"El Regional\" \/>\n<meta property=\"article:publisher\" content=\"https:\/\/www.facebook.com\/elregionalvm\" \/>\n<meta property=\"article:published_time\" content=\"2023-03-20T22:56:52+00:00\" \/>\n<meta property=\"article:modified_time\" content=\"2023-03-21T01:57:30+00:00\" \/>\n<meta property=\"og:image\" content=\"http:\/\/elregionalvm.com.ar\/noticias-villa-maria\/wp-content\/uploads\/2023\/03\/Rodrigo-De-Loredo-1.jpg\" \/>\n\t<meta property=\"og:image:width\" content=\"1000\" \/>\n\t<meta property=\"og:image:height\" content=\"664\" \/>\n\t<meta property=\"og:image:type\" content=\"image\/jpeg\" \/>\n<meta name=\"author\" content=\"Contenidos El Regional\" \/>\n<meta name=\"twitter:card\" content=\"summary_large_image\" \/>\n<meta name=\"twitter:creator\" content=\"@elregionalvm1\" \/>\n<meta name=\"twitter:site\" content=\"@elregionalvm1\" \/>\n<meta name=\"twitter:label1\" content=\"Escrito por\" \/>\n\t<meta name=\"twitter:data1\" content=\"Contenidos El Regional\" \/>\n\t<meta name=\"twitter:label2\" content=\"Tiempo de lectura\" \/>\n\t<meta name=\"twitter:data2\" content=\"1 minuto\" \/>\n<script type=\"application\/ld+json\" class=\"yoast-schema-graph\">{\"@context\":\"https:\/\/schema.org\",\"@graph\":[{\"@type\":\"Article\",\"@id\":\"http:\/\/elregionalvm.com.ar\/noticias-villa-maria\/ante-la-baja-de-de-loredo-se-habla-de-los-posibles-candidatos\/#article\",\"isPartOf\":{\"@id\":\"http:\/\/elregionalvm.com.ar\/noticias-villa-maria\/ante-la-baja-de-de-loredo-se-habla-de-los-posibles-candidatos\/\"},\"author\":{\"name\":\"Contenidos El Regional\",\"@id\":\"http:\/\/elregionalvm.com.ar\/noticias-villa-maria\/#\/schema\/person\/a0fb9c422317faca23d50163151bc354\"},\"headline\":\"Ante la baja de De Loredo, Juez ser\u00e1 el candidato a gobernador de Juntos por el Cambio\",\"datePublished\":\"2023-03-20T22:56:52+00:00\",\"dateModified\":\"2023-03-21T01:57:30+00:00\",\"mainEntityOfPage\":{\"@id\":\"http:\/\/elregionalvm.com.ar\/noticias-villa-maria\/ante-la-baja-de-de-loredo-se-habla-de-los-posibles-candidatos\/\"},\"wordCount\":239,\"commentCount\":0,\"image\":{\"@id\":\"http:\/\/elregionalvm.com.ar\/noticias-villa-maria\/ante-la-baja-de-de-loredo-se-habla-de-los-posibles-candidatos\/#primaryimage\"},\"thumbnailUrl\":\"https:\/\/i0.wp.com\/elregionalvm.com.ar\/noticias-villa-maria\/wp-content\/uploads\/2023\/03\/Rodrigo-De-Loredo-1.jpg?fit=1000%2C664&ssl=1\",\"keywords\":[\"Candidatura\",\"Juntos por el Cambio\",\"Luis Juez\",\"Renuncia\",\"Rodrigo de Loredo\"],\"articleSection\":[\"destacado\",\"Pol\u00edtica\",\"Provinciales\"],\"inLanguage\":\"es\",\"potentialAction\":[{\"@type\":\"CommentAction\",\"name\":\"Comment\",\"target\":[\"http:\/\/elregionalvm.com.ar\/noticias-villa-maria\/ante-la-baja-de-de-loredo-se-habla-de-los-posibles-candidatos\/#respond\"]}]},{\"@type\":\"WebPage\",\"@id\":\"http:\/\/elregionalvm.com.ar\/noticias-villa-maria\/ante-la-baja-de-de-loredo-se-habla-de-los-posibles-candidatos\/\",\"url\":\"http:\/\/elregionalvm.com.ar\/noticias-villa-maria\/ante-la-baja-de-de-loredo-se-habla-de-los-posibles-candidatos\/\",\"name\":\"Ante la baja de De Loredo, Juez ser\u00e1 el candidato a gobernador de Juntos por el Cambio - El Regional\",\"isPartOf\":{\"@id\":\"http:\/\/elregionalvm.com.ar\/noticias-villa-maria\/#website\"},\"primaryImageOfPage\":{\"@id\":\"http:\/\/elregionalvm.com.ar\/noticias-villa-maria\/ante-la-baja-de-de-loredo-se-habla-de-los-posibles-candidatos\/#primaryimage\"},\"image\":{\"@id\":\"http:\/\/elregionalvm.com.ar\/noticias-villa-maria\/ante-la-baja-de-de-loredo-se-habla-de-los-posibles-candidatos\/#primaryimage\"},\"thumbnailUrl\":\"https:\/\/i0.wp.com\/elregionalvm.com.ar\/noticias-villa-maria\/wp-content\/uploads\/2023\/03\/Rodrigo-De-Loredo-1.jpg?fit=1000%2C664&ssl=1\",\"datePublished\":\"2023-03-20T22:56:52+00:00\",\"dateModified\":\"2023-03-21T01:57:30+00:00\",\"author\":{\"@id\":\"http:\/\/elregionalvm.com.ar\/noticias-villa-maria\/#\/schema\/person\/a0fb9c422317faca23d50163151bc354\"},\"breadcrumb\":{\"@id\":\"http:\/\/elregionalvm.com.ar\/noticias-villa-maria\/ante-la-baja-de-de-loredo-se-habla-de-los-posibles-candidatos\/#breadcrumb\"},\"inLanguage\":\"es\",\"potentialAction\":[{\"@type\":\"ReadAction\",\"target\":[\"http:\/\/elregionalvm.com.ar\/noticias-villa-maria\/ante-la-baja-de-de-loredo-se-habla-de-los-posibles-candidatos\/\"]}]},{\"@type\":\"ImageObject\",\"inLanguage\":\"es\",\"@id\":\"http:\/\/elregionalvm.com.ar\/noticias-villa-maria\/ante-la-baja-de-de-loredo-se-habla-de-los-posibles-candidatos\/#primaryimage\",\"url\":\"https:\/\/i0.wp.com\/elregionalvm.com.ar\/noticias-villa-maria\/wp-content\/uploads\/2023\/03\/Rodrigo-De-Loredo-1.jpg?fit=1000%2C664&ssl=1\",\"contentUrl\":\"https:\/\/i0.wp.com\/elregionalvm.com.ar\/noticias-villa-maria\/wp-content\/uploads\/2023\/03\/Rodrigo-De-Loredo-1.jpg?fit=1000%2C664&ssl=1\",\"width\":1000,\"height\":664},{\"@type\":\"BreadcrumbList\",\"@id\":\"http:\/\/elregionalvm.com.ar\/noticias-villa-maria\/ante-la-baja-de-de-loredo-se-habla-de-los-posibles-candidatos\/#breadcrumb\",\"itemListElement\":[{\"@type\":\"ListItem\",\"position\":1,\"name\":\"Portada\",\"item\":\"https:\/\/elregionalvm.com.ar\/noticias-villa-maria\/\"},{\"@type\":\"ListItem\",\"position\":2,\"name\":\"Ante la baja de De Loredo, Juez ser\u00e1 el candidato a gobernador de Juntos por el Cambio\"}]},{\"@type\":\"WebSite\",\"@id\":\"http:\/\/elregionalvm.com.ar\/noticias-villa-maria\/#website\",\"url\":\"http:\/\/elregionalvm.com.ar\/noticias-villa-maria\/\",\"name\":\"El Regional\",\"description\":\"Mucho m\u00e1s que informaci\u00f3n\",\"potentialAction\":[{\"@type\":\"SearchAction\",\"target\":{\"@type\":\"EntryPoint\",\"urlTemplate\":\"http:\/\/elregionalvm.com.ar\/noticias-villa-maria\/?s={search_term_string}\"},\"query-input\":{\"@type\":\"PropertyValueSpecification\",\"valueRequired\":true,\"valueName\":\"search_term_string\"}}],\"inLanguage\":\"es\"},{\"@type\":\"Person\",\"@id\":\"http:\/\/elregionalvm.com.ar\/noticias-villa-maria\/#\/schema\/person\/a0fb9c422317faca23d50163151bc354\",\"name\":\"Contenidos El Regional\",\"image\":{\"@type\":\"ImageObject\",\"inLanguage\":\"es\",\"@id\":\"http:\/\/elregionalvm.com.ar\/noticias-villa-maria\/#\/schema\/person\/image\/\",\"url\":\"https:\/\/secure.gravatar.com\/avatar\/265b27cb2209af7bb3a1318f03305787d7981a5cc6e6cd08fe5a4ecdf99d4b48?s=96&d=mm&r=g\",\"contentUrl\":\"https:\/\/secure.gravatar.com\/avatar\/265b27cb2209af7bb3a1318f03305787d7981a5cc6e6cd08fe5a4ecdf99d4b48?s=96&d=mm&r=g\",\"caption\":\"Contenidos El Regional\"},\"url\":\"https:\/\/elregionalvm.com.ar\/noticias-villa-maria\/author\/contenido\/\"}]}<\/script>\n<!-- \/ Yoast SEO plugin. -->","yoast_head_json":{"title":"Ante la baja de De Loredo, Juez ser\u00e1 el candidato a gobernador de Juntos por el Cambio - El Regional","robots":{"index":"index","follow":"follow","max-snippet":"max-snippet:-1","max-image-preview":"max-image-preview:large","max-video-preview":"max-video-preview:-1"},"canonical":"http:\/\/elregionalvm.com.ar\/noticias-villa-maria\/ante-la-baja-de-de-loredo-se-habla-de-los-posibles-candidatos\/","og_locale":"es_ES","og_type":"article","og_title":"Ante la baja de De Loredo, Juez ser\u00e1 el candidato a gobernador de Juntos por el Cambio - El Regional","og_description":"El radical\u00a0Rodrigo de Loredo renunci\u00f3\u00a0a su aspiraci\u00f3n de ser el pr\u00f3ximo gobernador, el mismo d\u00eda que se oficializ\u00f3 el 25 de junio como la fecha para las elecciones provinciales. El diputado nacional se dio de baja a trav\u00e9s de un video difundido en las redes sociales, titulado\u00a0\u201cLa alternativa est\u00e1 de pie\u201d. De esta forma, le [&hellip;]","og_url":"http:\/\/elregionalvm.com.ar\/noticias-villa-maria\/ante-la-baja-de-de-loredo-se-habla-de-los-posibles-candidatos\/","og_site_name":"El Regional","article_publisher":"https:\/\/www.facebook.com\/elregionalvm","article_published_time":"2023-03-20T22:56:52+00:00","article_modified_time":"2023-03-21T01:57:30+00:00","og_image":[{"width":1000,"height":664,"url":"http:\/\/elregionalvm.com.ar\/noticias-villa-maria\/wp-content\/uploads\/2023\/03\/Rodrigo-De-Loredo-1.jpg","type":"image\/jpeg"}],"author":"Contenidos El Regional","twitter_card":"summary_large_image","twitter_creator":"@elregionalvm1","twitter_site":"@elregionalvm1","twitter_misc":{"Escrito por":"Contenidos El Regional","Tiempo de lectura":"1 minuto"},"schema":{"@context":"https:\/\/schema.org","@graph":[{"@type":"Article","@id":"http:\/\/elregionalvm.com.ar\/noticias-villa-maria\/ante-la-baja-de-de-loredo-se-habla-de-los-posibles-candidatos\/#article","isPartOf":{"@id":"http:\/\/elregionalvm.com.ar\/noticias-villa-maria\/ante-la-baja-de-de-loredo-se-habla-de-los-posibles-candidatos\/"},"author":{"name":"Contenidos El Regional","@id":"http:\/\/elregionalvm.com.ar\/noticias-villa-maria\/#\/schema\/person\/a0fb9c422317faca23d50163151bc354"},"headline":"Ante la baja de De Loredo, Juez ser\u00e1 el candidato a gobernador de Juntos por el Cambio","datePublished":"2023-03-20T22:56:52+00:00","dateModified":"2023-03-21T01:57:30+00:00","mainEntityOfPage":{"@id":"http:\/\/elregionalvm.com.ar\/noticias-villa-maria\/ante-la-baja-de-de-loredo-se-habla-de-los-posibles-candidatos\/"},"wordCount":239,"commentCount":0,"image":{"@id":"http:\/\/elregionalvm.com.ar\/noticias-villa-maria\/ante-la-baja-de-de-loredo-se-habla-de-los-posibles-candidatos\/#primaryimage"},"thumbnailUrl":"https:\/\/i0.wp.com\/elregionalvm.com.ar\/noticias-villa-maria\/wp-content\/uploads\/2023\/03\/Rodrigo-De-Loredo-1.jpg?fit=1000%2C664&ssl=1","keywords":["Candidatura","Juntos por el Cambio","Luis Juez","Renuncia","Rodrigo de Loredo"],"articleSection":["destacado","Pol\u00edtica","Provinciales"],"inLanguage":"es","potentialAction":[{"@type":"CommentAction","name":"Comment","target":["http:\/\/elregionalvm.com.ar\/noticias-villa-maria\/ante-la-baja-de-de-loredo-se-habla-de-los-posibles-candidatos\/#respond"]}]},{"@type":"WebPage","@id":"http:\/\/elregionalvm.com.ar\/noticias-villa-maria\/ante-la-baja-de-de-loredo-se-habla-de-los-posibles-candidatos\/","url":"http:\/\/elregionalvm.com.ar\/noticias-villa-maria\/ante-la-baja-de-de-loredo-se-habla-de-los-posibles-candidatos\/","name":"Ante la baja de De Loredo, Juez ser\u00e1 el candidato a gobernador de Juntos por el Cambio - El Regional","isPartOf":{"@id":"http:\/\/elregionalvm.com.ar\/noticias-villa-maria\/#website"},"primaryImageOfPage":{"@id":"http:\/\/elregionalvm.com.ar\/noticias-villa-maria\/ante-la-baja-de-de-loredo-se-habla-de-los-posibles-candidatos\/#primaryimage"},"image":{"@id":"http:\/\/elregionalvm.com.ar\/noticias-villa-maria\/ante-la-baja-de-de-loredo-se-habla-de-los-posibles-candidatos\/#primaryimage"},"thumbnailUrl":"https:\/\/i0.wp.com\/elregionalvm.com.ar\/noticias-villa-maria\/wp-content\/uploads\/2023\/03\/Rodrigo-De-Loredo-1.jpg?fit=1000%2C664&ssl=1","datePublished":"2023-03-20T22:56:52+00:00","dateModified":"2023-03-21T01:57:30+00:00","author":{"@id":"http:\/\/elregionalvm.com.ar\/noticias-villa-maria\/#\/schema\/person\/a0fb9c422317faca23d50163151bc354"},"breadcrumb":{"@id":"http:\/\/elregionalvm.com.ar\/noticias-villa-maria\/ante-la-baja-de-de-loredo-se-habla-de-los-posibles-candidatos\/#breadcrumb"},"inLanguage":"es","potentialAction":[{"@type":"ReadAction","target":["http:\/\/elregionalvm.com.ar\/noticias-villa-maria\/ante-la-baja-de-de-loredo-se-habla-de-los-posibles-candidatos\/"]}]},{"@type":"ImageObject","inLanguage":"es","@id":"http:\/\/elregionalvm.com.ar\/noticias-villa-maria\/ante-la-baja-de-de-loredo-se-habla-de-los-posibles-candidatos\/#primaryimage","url":"https:\/\/i0.wp.com\/elregionalvm.com.ar\/noticias-villa-maria\/wp-content\/uploads\/2023\/03\/Rodrigo-De-Loredo-1.jpg?fit=1000%2C664&ssl=1","contentUrl":"https:\/\/i0.wp.com\/elregionalvm.com.ar\/noticias-villa-maria\/wp-content\/uploads\/2023\/03\/Rodrigo-De-Loredo-1.jpg?fit=1000%2C664&ssl=1","width":1000,"height":664},{"@type":"BreadcrumbList","@id":"http:\/\/elregionalvm.com.ar\/noticias-villa-maria\/ante-la-baja-de-de-loredo-se-habla-de-los-posibles-candidatos\/#breadcrumb","itemListElement":[{"@type":"ListItem","position":1,"name":"Portada","item":"https:\/\/elregionalvm.com.ar\/noticias-villa-maria\/"},{"@type":"ListItem","position":2,"name":"Ante la baja de De Loredo, Juez ser\u00e1 el candidato a gobernador de Juntos por el Cambio"}]},{"@type":"WebSite","@id":"http:\/\/elregionalvm.com.ar\/noticias-villa-maria\/#website","url":"http:\/\/elregionalvm.com.ar\/noticias-villa-maria\/","name":"El Regional","description":"Mucho m\u00e1s que informaci\u00f3n","potentialAction":[{"@type":"SearchAction","target":{"@type":"EntryPoint","urlTemplate":"http:\/\/elregionalvm.com.ar\/noticias-villa-maria\/?s={search_term_string}"},"query-input":{"@type":"PropertyValueSpecification","valueRequired":true,"valueName":"search_term_string"}}],"inLanguage":"es"},{"@type":"Person","@id":"http:\/\/elregionalvm.com.ar\/noticias-villa-maria\/#\/schema\/person\/a0fb9c422317faca23d50163151bc354","name":"Contenidos El Regional","image":{"@type":"ImageObject","inLanguage":"es","@id":"http:\/\/elregionalvm.com.ar\/noticias-villa-maria\/#\/schema\/person\/image\/","url":"https:\/\/secure.gravatar.com\/avatar\/265b27cb2209af7bb3a1318f03305787d7981a5cc6e6cd08fe5a4ecdf99d4b48?s=96&d=mm&r=g","contentUrl":"https:\/\/secure.gravatar.com\/avatar\/265b27cb2209af7bb3a1318f03305787d7981a5cc6e6cd08fe5a4ecdf99d4b48?s=96&d=mm&r=g","caption":"Contenidos El Regional"},"url":"https:\/\/elregionalvm.com.ar\/noticias-villa-maria\/author\/contenido\/"}]}},"jetpack_featured_media_url":"https:\/\/i0.wp.com\/elregionalvm.com.ar\/noticias-villa-maria\/wp-content\/uploads\/2023\/03\/Rodrigo-De-Loredo-1.jpg?fit=1000%2C664&ssl=1","jetpack_sharing_enabled":true,"_links":{"self":[{"href":"https:\/\/elregionalvm.com.ar\/noticias-villa-maria\/wp-json\/wp\/v2\/posts\/73460","targetHints":{"allow":["GET"]}}],"collection":[{"href":"https:\/\/elregionalvm.com.ar\/noticias-villa-maria\/wp-json\/wp\/v2\/posts"}],"about":[{"href":"https:\/\/elregionalvm.com.ar\/noticias-villa-maria\/wp-json\/wp\/v2\/types\/post"}],"author":[{"embeddable":true,"href":"https:\/\/elregionalvm.com.ar\/noticias-villa-maria\/wp-json\/wp\/v2\/users\/4"}],"replies":[{"embeddable":true,"href":"https:\/\/elregionalvm.com.ar\/noticias-villa-maria\/wp-json\/wp\/v2\/comments?post=73460"}],"version-history":[{"count":2,"href":"https:\/\/elregionalvm.com.ar\/noticias-villa-maria\/wp-json\/wp\/v2\/posts\/73460\/revisions"}],"predecessor-version":[{"id":73467,"href":"https:\/\/elregionalvm.com.ar\/noticias-villa-maria\/wp-json\/wp\/v2\/posts\/73460\/revisions\/73467"}],"wp:featuredmedia":[{"embeddable":true,"href":"https:\/\/elregionalvm.com.ar\/noticias-villa-maria\/wp-json\/wp\/v2\/media\/73468"}],"wp:attachment":[{"href":"https:\/\/elregionalvm.com.ar\/noticias-villa-maria\/wp-json\/wp\/v2\/media?parent=73460"}],"wp:term":[{"taxonomy":"category","embeddable":true,"href":"https:\/\/elregionalvm.com.ar\/noticias-villa-maria\/wp-json\/wp\/v2\/categories?post=73460"},{"taxonomy":"post_tag","embeddable":true,"href":"https:\/\/elregionalvm.com.ar\/noticias-villa-maria\/wp-json\/wp\/v2\/tags?post=73460"}],"curies":[{"name":"wp","href":"https:\/\/api.w.org\/{rel}","templated":true}]}}