{"id":73514,"date":"2023-03-21T17:31:16","date_gmt":"2023-03-21T17:31:16","guid":{"rendered":"https:\/\/elregionalvm.com.ar\/noticias-villa-maria\/?p=73514"},"modified":"2023-03-21T17:33:22","modified_gmt":"2023-03-21T17:33:22","slug":"hospital-pasteur-habra-paro-por-tiempo-indeterminado-desde-este-jueves-23","status":"publish","type":"post","link":"https:\/\/elregionalvm.com.ar\/noticias-villa-maria\/hospital-pasteur-habra-paro-por-tiempo-indeterminado-desde-este-jueves-23\/","title":{"rendered":"Hospital Pasteur: Habr\u00e1 paro por tiempo indeterminado desde este jueves"},"content":{"rendered":"\n<p><\/p>\n\n\n\n<p>La asamblea de trabajadores del Hospital Regional Pasteur decidi\u00f3 realizar un paro por tiempo indeterminado desde este jueves 23 de marzo.<\/p>\n\n\n\n<p>En el tiempo que dure la medida de fuerza solamente habr\u00e1 atenci\u00f3n de urgencias y emergencias por guardia.<\/p>\n\n\n\n<p>El paro viene como respuesta a la falta de una propuesta \u201crazonable\u201d por parte del gobierno provincial al listado de reclamos del personal de salud.<\/p>\n\n\n\n<p>Al pedido de recomposici\u00f3n salarial, se suma el pedido de mejora en las condiciones laborales y profesionales, entre otros puntos.<\/p>\n\n\n\n<p>D\u00edas atr\u00e1s, los trabajadores se hab\u00edan movilizado hacia Plaza Centenario, que ser\u00e1 escenario este mi\u00e9rcoles 22 de un cacerolazo junto con personal de seguridad y docente.<\/p>\n\n\n\n<p><\/p>\n\n\n\n<p><\/p>\n\n\n\n<h3 class=\"wp-block-heading\"><strong>Tambi\u00e9n pod\u00e9s ver: <\/strong><\/h3>\n\n\n\n<p><\/p>\n\n\n\n<p><\/p>\n\n\n\n<figure class=\"wp-block-embed is-type-wp-embed is-provider-el-regional wp-block-embed-el-regional\"><div class=\"wp-block-embed__wrapper\">\n<blockquote class=\"wp-embedded-content\" data-secret=\"msiycTKm62\"><a href=\"https:\/\/elregionalvm.com.ar\/noticias-villa-maria\/nueva-movilizacion-de-trabajadores-del-hospital-pasteur-seguimos-igual\/\">Nueva movilizaci\u00f3n de trabajadores del Hospital Pasteur: \u00abSeguimos igual\u00bb<\/a><\/blockquote><iframe class=\"wp-embedded-content\" sandbox=\"allow-scripts\" security=\"restricted\" style=\"position: absolute; visibility: hidden;\" title=\"\u00abNueva movilizaci\u00f3n de trabajadores del Hospital Pasteur: \u00abSeguimos igual\u00bb\u00bb \u2014 El Regional\" src=\"https:\/\/elregionalvm.com.ar\/noticias-villa-maria\/nueva-movilizacion-de-trabajadores-del-hospital-pasteur-seguimos-igual\/embed\/#?secret=gOVqhf4e7w#?secret=msiycTKm62\" data-secret=\"msiycTKm62\" width=\"500\" height=\"282\" frameborder=\"0\" marginwidth=\"0\" marginheight=\"0\" scrolling=\"no\"><\/iframe>\n<\/div><\/figure>\n","protected":false},"excerpt":{"rendered":"<p>La asamblea de trabajadores del Hospital Regional Pasteur decidi\u00f3 realizar un paro por tiempo indeterminado desde este jueves 23 de marzo. En el tiempo que dure la medida de fuerza solamente habr\u00e1 atenci\u00f3n de urgencias y emergencias por guardia. El paro viene como respuesta a la falta de una propuesta \u201crazonable\u201d por parte del gobierno [&hellip;]<\/p>\n","protected":false},"author":4,"featured_media":68003,"comment_status":"open","ping_status":"open","sticky":false,"template":"","format":"standard","meta":{"site-sidebar-layout":"default","site-content-layout":"","ast-site-content-layout":"default","site-content-style":"default","site-sidebar-style":"default","ast-global-header-display":"","ast-banner-title-visibility":"","ast-main-header-display":"","ast-hfb-above-header-display":"","ast-hfb-below-header-display":"","ast-hfb-mobile-header-display":"","site-post-title":"","ast-breadcrumbs-content":"","ast-featured-img":"","footer-sml-layout":"","ast-disable-related-posts":"","theme-transparent-header-meta":"","adv-header-id-meta":"","stick-header-meta":"","header-above-stick-meta":"","header-main-stick-meta":"","header-below-stick-meta":"","astra-migrate-meta-layouts":"default","ast-page-background-enabled":"default","ast-page-background-meta":{"desktop":{"background-color":"","background-image":"","background-repeat":"repeat","background-position":"center center","background-size":"auto","background-attachment":"scroll","background-type":"","background-media":"","overlay-type":"","overlay-color":"","overlay-opacity":"","overlay-gradient":""},"tablet":{"background-color":"","background-image":"","background-repeat":"repeat","background-position":"center center","background-size":"auto","background-attachment":"scroll","background-type":"","background-media":"","overlay-type":"","overlay-color":"","overlay-opacity":"","overlay-gradient":""},"mobile":{"background-color":"","background-image":"","background-repeat":"repeat","background-position":"center center","background-size":"auto","background-attachment":"scroll","background-type":"","background-media":"","overlay-type":"","overlay-color":"","overlay-opacity":"","overlay-gradient":""}},"ast-content-background-meta":{"desktop":{"background-color":"var(--ast-global-color-5)","background-image":"","background-repeat":"repeat","background-position":"center center","background-size":"auto","background-attachment":"scroll","background-type":"","background-media":"","overlay-type":"","overlay-color":"","overlay-opacity":"","overlay-gradient":""},"tablet":{"background-color":"var(--ast-global-color-5)","background-image":"","background-repeat":"repeat","background-position":"center center","background-size":"auto","background-attachment":"scroll","background-type":"","background-media":"","overlay-type":"","overlay-color":"","overlay-opacity":"","overlay-gradient":""},"mobile":{"background-color":"var(--ast-global-color-5)","background-image":"","background-repeat":"repeat","background-position":"center center","background-size":"auto","background-attachment":"scroll","background-type":"","background-media":"","overlay-type":"","overlay-color":"","overlay-opacity":"","overlay-gradient":""}},"_jetpack_memberships_contains_paid_content":false,"_joinchat":[],"footnotes":""},"categories":[15302,2],"tags":[2130,3728,118,43,2919,2788,2758,21959,19726],"class_list":["post-73514","post","type-post","status-publish","format-standard","has-post-thumbnail","hentry","category-destacado","category-villa-maria","tag-hospital-pasteur","tag-jueves","tag-lucha","tag-paro","tag-personal-de-salud","tag-reclamo","tag-salarios","tag-tiempo-indeterminado","tag-trabajadores-de-la-salud"],"yoast_head":"<!-- This site is optimized with the Yoast SEO plugin v26.8 - https:\/\/yoast.com\/product\/yoast-seo-wordpress\/ -->\n<title>Hospital Pasteur: Habr\u00e1 paro por tiempo indeterminado desde este jueves - El Regional<\/title>\n<meta name=\"robots\" content=\"index, follow, max-snippet:-1, max-image-preview:large, max-video-preview:-1\" \/>\n<link rel=\"canonical\" href=\"http:\/\/elregionalvm.com.ar\/noticias-villa-maria\/hospital-pasteur-habra-paro-por-tiempo-indeterminado-desde-este-jueves-23\/\" \/>\n<meta property=\"og:locale\" content=\"es_ES\" \/>\n<meta property=\"og:type\" content=\"article\" \/>\n<meta property=\"og:title\" content=\"Hospital Pasteur: Habr\u00e1 paro por tiempo indeterminado desde este jueves - El Regional\" \/>\n<meta property=\"og:description\" content=\"La asamblea de trabajadores del Hospital Regional Pasteur decidi\u00f3 realizar un paro por tiempo indeterminado desde este jueves 23 de marzo. En el tiempo que dure la medida de fuerza solamente habr\u00e1 atenci\u00f3n de urgencias y emergencias por guardia. El paro viene como respuesta a la falta de una propuesta \u201crazonable\u201d por parte del gobierno [&hellip;]\" \/>\n<meta property=\"og:url\" content=\"http:\/\/elregionalvm.com.ar\/noticias-villa-maria\/hospital-pasteur-habra-paro-por-tiempo-indeterminado-desde-este-jueves-23\/\" \/>\n<meta property=\"og:site_name\" content=\"El Regional\" \/>\n<meta property=\"article:publisher\" content=\"https:\/\/www.facebook.com\/elregionalvm\" \/>\n<meta property=\"article:published_time\" content=\"2023-03-21T17:31:16+00:00\" \/>\n<meta property=\"article:modified_time\" content=\"2023-03-21T17:33:22+00:00\" \/>\n<meta property=\"og:image\" content=\"http:\/\/elregionalvm.com.ar\/noticias-villa-maria\/wp-content\/uploads\/2022\/11\/Marcha-trabajadores-de-salud-noviembre-3.jpeg\" \/>\n\t<meta property=\"og:image:width\" content=\"1200\" \/>\n\t<meta property=\"og:image:height\" content=\"1600\" \/>\n\t<meta property=\"og:image:type\" content=\"image\/jpeg\" \/>\n<meta name=\"author\" content=\"Contenidos El Regional\" \/>\n<meta name=\"twitter:card\" content=\"summary_large_image\" \/>\n<meta name=\"twitter:creator\" content=\"@elregionalvm1\" \/>\n<meta name=\"twitter:site\" content=\"@elregionalvm1\" \/>\n<meta name=\"twitter:label1\" content=\"Escrito por\" \/>\n\t<meta name=\"twitter:data1\" content=\"Contenidos El Regional\" \/>\n\t<meta name=\"twitter:label2\" content=\"Tiempo de lectura\" \/>\n\t<meta name=\"twitter:data2\" content=\"1 minuto\" \/>\n<script type=\"application\/ld+json\" class=\"yoast-schema-graph\">{\"@context\":\"https:\/\/schema.org\",\"@graph\":[{\"@type\":\"Article\",\"@id\":\"http:\/\/elregionalvm.com.ar\/noticias-villa-maria\/hospital-pasteur-habra-paro-por-tiempo-indeterminado-desde-este-jueves-23\/#article\",\"isPartOf\":{\"@id\":\"http:\/\/elregionalvm.com.ar\/noticias-villa-maria\/hospital-pasteur-habra-paro-por-tiempo-indeterminado-desde-este-jueves-23\/\"},\"author\":{\"name\":\"Contenidos El Regional\",\"@id\":\"http:\/\/elregionalvm.com.ar\/noticias-villa-maria\/#\/schema\/person\/a0fb9c422317faca23d50163151bc354\"},\"headline\":\"Hospital Pasteur: Habr\u00e1 paro por tiempo indeterminado desde este jueves\",\"datePublished\":\"2023-03-21T17:31:16+00:00\",\"dateModified\":\"2023-03-21T17:33:22+00:00\",\"mainEntityOfPage\":{\"@id\":\"http:\/\/elregionalvm.com.ar\/noticias-villa-maria\/hospital-pasteur-habra-paro-por-tiempo-indeterminado-desde-este-jueves-23\/\"},\"wordCount\":135,\"commentCount\":0,\"image\":{\"@id\":\"http:\/\/elregionalvm.com.ar\/noticias-villa-maria\/hospital-pasteur-habra-paro-por-tiempo-indeterminado-desde-este-jueves-23\/#primaryimage\"},\"thumbnailUrl\":\"https:\/\/i0.wp.com\/elregionalvm.com.ar\/noticias-villa-maria\/wp-content\/uploads\/2022\/11\/Marcha-trabajadores-de-salud-noviembre-3.jpeg?fit=1200%2C1600&ssl=1\",\"keywords\":[\"Hospital Pasteur\",\"jueves\",\"lucha\",\"paro\",\"personal de salud\",\"Reclamo\",\"salarios\",\"tiempo indeterminado\",\"trabajadores de la salud\"],\"articleSection\":[\"destacado\",\"Villa Mar\u00eda\"],\"inLanguage\":\"es\",\"potentialAction\":[{\"@type\":\"CommentAction\",\"name\":\"Comment\",\"target\":[\"http:\/\/elregionalvm.com.ar\/noticias-villa-maria\/hospital-pasteur-habra-paro-por-tiempo-indeterminado-desde-este-jueves-23\/#respond\"]}]},{\"@type\":\"WebPage\",\"@id\":\"http:\/\/elregionalvm.com.ar\/noticias-villa-maria\/hospital-pasteur-habra-paro-por-tiempo-indeterminado-desde-este-jueves-23\/\",\"url\":\"http:\/\/elregionalvm.com.ar\/noticias-villa-maria\/hospital-pasteur-habra-paro-por-tiempo-indeterminado-desde-este-jueves-23\/\",\"name\":\"Hospital Pasteur: Habr\u00e1 paro por tiempo indeterminado desde este jueves - El Regional\",\"isPartOf\":{\"@id\":\"http:\/\/elregionalvm.com.ar\/noticias-villa-maria\/#website\"},\"primaryImageOfPage\":{\"@id\":\"http:\/\/elregionalvm.com.ar\/noticias-villa-maria\/hospital-pasteur-habra-paro-por-tiempo-indeterminado-desde-este-jueves-23\/#primaryimage\"},\"image\":{\"@id\":\"http:\/\/elregionalvm.com.ar\/noticias-villa-maria\/hospital-pasteur-habra-paro-por-tiempo-indeterminado-desde-este-jueves-23\/#primaryimage\"},\"thumbnailUrl\":\"https:\/\/i0.wp.com\/elregionalvm.com.ar\/noticias-villa-maria\/wp-content\/uploads\/2022\/11\/Marcha-trabajadores-de-salud-noviembre-3.jpeg?fit=1200%2C1600&ssl=1\",\"datePublished\":\"2023-03-21T17:31:16+00:00\",\"dateModified\":\"2023-03-21T17:33:22+00:00\",\"author\":{\"@id\":\"http:\/\/elregionalvm.com.ar\/noticias-villa-maria\/#\/schema\/person\/a0fb9c422317faca23d50163151bc354\"},\"breadcrumb\":{\"@id\":\"http:\/\/elregionalvm.com.ar\/noticias-villa-maria\/hospital-pasteur-habra-paro-por-tiempo-indeterminado-desde-este-jueves-23\/#breadcrumb\"},\"inLanguage\":\"es\",\"potentialAction\":[{\"@type\":\"ReadAction\",\"target\":[\"http:\/\/elregionalvm.com.ar\/noticias-villa-maria\/hospital-pasteur-habra-paro-por-tiempo-indeterminado-desde-este-jueves-23\/\"]}]},{\"@type\":\"ImageObject\",\"inLanguage\":\"es\",\"@id\":\"http:\/\/elregionalvm.com.ar\/noticias-villa-maria\/hospital-pasteur-habra-paro-por-tiempo-indeterminado-desde-este-jueves-23\/#primaryimage\",\"url\":\"https:\/\/i0.wp.com\/elregionalvm.com.ar\/noticias-villa-maria\/wp-content\/uploads\/2022\/11\/Marcha-trabajadores-de-salud-noviembre-3.jpeg?fit=1200%2C1600&ssl=1\",\"contentUrl\":\"https:\/\/i0.wp.com\/elregionalvm.com.ar\/noticias-villa-maria\/wp-content\/uploads\/2022\/11\/Marcha-trabajadores-de-salud-noviembre-3.jpeg?fit=1200%2C1600&ssl=1\",\"width\":1200,\"height\":1600},{\"@type\":\"BreadcrumbList\",\"@id\":\"http:\/\/elregionalvm.com.ar\/noticias-villa-maria\/hospital-pasteur-habra-paro-por-tiempo-indeterminado-desde-este-jueves-23\/#breadcrumb\",\"itemListElement\":[{\"@type\":\"ListItem\",\"position\":1,\"name\":\"Portada\",\"item\":\"https:\/\/elregionalvm.com.ar\/noticias-villa-maria\/\"},{\"@type\":\"ListItem\",\"position\":2,\"name\":\"Hospital Pasteur: Habr\u00e1 paro por tiempo indeterminado desde este jueves\"}]},{\"@type\":\"WebSite\",\"@id\":\"http:\/\/elregionalvm.com.ar\/noticias-villa-maria\/#website\",\"url\":\"http:\/\/elregionalvm.com.ar\/noticias-villa-maria\/\",\"name\":\"El Regional\",\"description\":\"Mucho m\u00e1s que informaci\u00f3n\",\"potentialAction\":[{\"@type\":\"SearchAction\",\"target\":{\"@type\":\"EntryPoint\",\"urlTemplate\":\"http:\/\/elregionalvm.com.ar\/noticias-villa-maria\/?s={search_term_string}\"},\"query-input\":{\"@type\":\"PropertyValueSpecification\",\"valueRequired\":true,\"valueName\":\"search_term_string\"}}],\"inLanguage\":\"es\"},{\"@type\":\"Person\",\"@id\":\"http:\/\/elregionalvm.com.ar\/noticias-villa-maria\/#\/schema\/person\/a0fb9c422317faca23d50163151bc354\",\"name\":\"Contenidos El Regional\",\"image\":{\"@type\":\"ImageObject\",\"inLanguage\":\"es\",\"@id\":\"http:\/\/elregionalvm.com.ar\/noticias-villa-maria\/#\/schema\/person\/image\/\",\"url\":\"https:\/\/secure.gravatar.com\/avatar\/265b27cb2209af7bb3a1318f03305787d7981a5cc6e6cd08fe5a4ecdf99d4b48?s=96&d=mm&r=g\",\"contentUrl\":\"https:\/\/secure.gravatar.com\/avatar\/265b27cb2209af7bb3a1318f03305787d7981a5cc6e6cd08fe5a4ecdf99d4b48?s=96&d=mm&r=g\",\"caption\":\"Contenidos El Regional\"},\"url\":\"https:\/\/elregionalvm.com.ar\/noticias-villa-maria\/author\/contenido\/\"}]}<\/script>\n<!-- \/ Yoast SEO plugin. -->","yoast_head_json":{"title":"Hospital Pasteur: Habr\u00e1 paro por tiempo indeterminado desde este jueves - El Regional","robots":{"index":"index","follow":"follow","max-snippet":"max-snippet:-1","max-image-preview":"max-image-preview:large","max-video-preview":"max-video-preview:-1"},"canonical":"http:\/\/elregionalvm.com.ar\/noticias-villa-maria\/hospital-pasteur-habra-paro-por-tiempo-indeterminado-desde-este-jueves-23\/","og_locale":"es_ES","og_type":"article","og_title":"Hospital Pasteur: Habr\u00e1 paro por tiempo indeterminado desde este jueves - El Regional","og_description":"La asamblea de trabajadores del Hospital Regional Pasteur decidi\u00f3 realizar un paro por tiempo indeterminado desde este jueves 23 de marzo. En el tiempo que dure la medida de fuerza solamente habr\u00e1 atenci\u00f3n de urgencias y emergencias por guardia. El paro viene como respuesta a la falta de una propuesta \u201crazonable\u201d por parte del gobierno [&hellip;]","og_url":"http:\/\/elregionalvm.com.ar\/noticias-villa-maria\/hospital-pasteur-habra-paro-por-tiempo-indeterminado-desde-este-jueves-23\/","og_site_name":"El Regional","article_publisher":"https:\/\/www.facebook.com\/elregionalvm","article_published_time":"2023-03-21T17:31:16+00:00","article_modified_time":"2023-03-21T17:33:22+00:00","og_image":[{"width":1200,"height":1600,"url":"http:\/\/elregionalvm.com.ar\/noticias-villa-maria\/wp-content\/uploads\/2022\/11\/Marcha-trabajadores-de-salud-noviembre-3.jpeg","type":"image\/jpeg"}],"author":"Contenidos El Regional","twitter_card":"summary_large_image","twitter_creator":"@elregionalvm1","twitter_site":"@elregionalvm1","twitter_misc":{"Escrito por":"Contenidos El Regional","Tiempo de lectura":"1 minuto"},"schema":{"@context":"https:\/\/schema.org","@graph":[{"@type":"Article","@id":"http:\/\/elregionalvm.com.ar\/noticias-villa-maria\/hospital-pasteur-habra-paro-por-tiempo-indeterminado-desde-este-jueves-23\/#article","isPartOf":{"@id":"http:\/\/elregionalvm.com.ar\/noticias-villa-maria\/hospital-pasteur-habra-paro-por-tiempo-indeterminado-desde-este-jueves-23\/"},"author":{"name":"Contenidos El Regional","@id":"http:\/\/elregionalvm.com.ar\/noticias-villa-maria\/#\/schema\/person\/a0fb9c422317faca23d50163151bc354"},"headline":"Hospital Pasteur: Habr\u00e1 paro por tiempo indeterminado desde este jueves","datePublished":"2023-03-21T17:31:16+00:00","dateModified":"2023-03-21T17:33:22+00:00","mainEntityOfPage":{"@id":"http:\/\/elregionalvm.com.ar\/noticias-villa-maria\/hospital-pasteur-habra-paro-por-tiempo-indeterminado-desde-este-jueves-23\/"},"wordCount":135,"commentCount":0,"image":{"@id":"http:\/\/elregionalvm.com.ar\/noticias-villa-maria\/hospital-pasteur-habra-paro-por-tiempo-indeterminado-desde-este-jueves-23\/#primaryimage"},"thumbnailUrl":"https:\/\/i0.wp.com\/elregionalvm.com.ar\/noticias-villa-maria\/wp-content\/uploads\/2022\/11\/Marcha-trabajadores-de-salud-noviembre-3.jpeg?fit=1200%2C1600&ssl=1","keywords":["Hospital Pasteur","jueves","lucha","paro","personal de salud","Reclamo","salarios","tiempo indeterminado","trabajadores de la salud"],"articleSection":["destacado","Villa Mar\u00eda"],"inLanguage":"es","potentialAction":[{"@type":"CommentAction","name":"Comment","target":["http:\/\/elregionalvm.com.ar\/noticias-villa-maria\/hospital-pasteur-habra-paro-por-tiempo-indeterminado-desde-este-jueves-23\/#respond"]}]},{"@type":"WebPage","@id":"http:\/\/elregionalvm.com.ar\/noticias-villa-maria\/hospital-pasteur-habra-paro-por-tiempo-indeterminado-desde-este-jueves-23\/","url":"http:\/\/elregionalvm.com.ar\/noticias-villa-maria\/hospital-pasteur-habra-paro-por-tiempo-indeterminado-desde-este-jueves-23\/","name":"Hospital Pasteur: Habr\u00e1 paro por tiempo indeterminado desde este jueves - El Regional","isPartOf":{"@id":"http:\/\/elregionalvm.com.ar\/noticias-villa-maria\/#website"},"primaryImageOfPage":{"@id":"http:\/\/elregionalvm.com.ar\/noticias-villa-maria\/hospital-pasteur-habra-paro-por-tiempo-indeterminado-desde-este-jueves-23\/#primaryimage"},"image":{"@id":"http:\/\/elregionalvm.com.ar\/noticias-villa-maria\/hospital-pasteur-habra-paro-por-tiempo-indeterminado-desde-este-jueves-23\/#primaryimage"},"thumbnailUrl":"https:\/\/i0.wp.com\/elregionalvm.com.ar\/noticias-villa-maria\/wp-content\/uploads\/2022\/11\/Marcha-trabajadores-de-salud-noviembre-3.jpeg?fit=1200%2C1600&ssl=1","datePublished":"2023-03-21T17:31:16+00:00","dateModified":"2023-03-21T17:33:22+00:00","author":{"@id":"http:\/\/elregionalvm.com.ar\/noticias-villa-maria\/#\/schema\/person\/a0fb9c422317faca23d50163151bc354"},"breadcrumb":{"@id":"http:\/\/elregionalvm.com.ar\/noticias-villa-maria\/hospital-pasteur-habra-paro-por-tiempo-indeterminado-desde-este-jueves-23\/#breadcrumb"},"inLanguage":"es","potentialAction":[{"@type":"ReadAction","target":["http:\/\/elregionalvm.com.ar\/noticias-villa-maria\/hospital-pasteur-habra-paro-por-tiempo-indeterminado-desde-este-jueves-23\/"]}]},{"@type":"ImageObject","inLanguage":"es","@id":"http:\/\/elregionalvm.com.ar\/noticias-villa-maria\/hospital-pasteur-habra-paro-por-tiempo-indeterminado-desde-este-jueves-23\/#primaryimage","url":"https:\/\/i0.wp.com\/elregionalvm.com.ar\/noticias-villa-maria\/wp-content\/uploads\/2022\/11\/Marcha-trabajadores-de-salud-noviembre-3.jpeg?fit=1200%2C1600&ssl=1","contentUrl":"https:\/\/i0.wp.com\/elregionalvm.com.ar\/noticias-villa-maria\/wp-content\/uploads\/2022\/11\/Marcha-trabajadores-de-salud-noviembre-3.jpeg?fit=1200%2C1600&ssl=1","width":1200,"height":1600},{"@type":"BreadcrumbList","@id":"http:\/\/elregionalvm.com.ar\/noticias-villa-maria\/hospital-pasteur-habra-paro-por-tiempo-indeterminado-desde-este-jueves-23\/#breadcrumb","itemListElement":[{"@type":"ListItem","position":1,"name":"Portada","item":"https:\/\/elregionalvm.com.ar\/noticias-villa-maria\/"},{"@type":"ListItem","position":2,"name":"Hospital Pasteur: Habr\u00e1 paro por tiempo indeterminado desde este jueves"}]},{"@type":"WebSite","@id":"http:\/\/elregionalvm.com.ar\/noticias-villa-maria\/#website","url":"http:\/\/elregionalvm.com.ar\/noticias-villa-maria\/","name":"El Regional","description":"Mucho m\u00e1s que informaci\u00f3n","potentialAction":[{"@type":"SearchAction","target":{"@type":"EntryPoint","urlTemplate":"http:\/\/elregionalvm.com.ar\/noticias-villa-maria\/?s={search_term_string}"},"query-input":{"@type":"PropertyValueSpecification","valueRequired":true,"valueName":"search_term_string"}}],"inLanguage":"es"},{"@type":"Person","@id":"http:\/\/elregionalvm.com.ar\/noticias-villa-maria\/#\/schema\/person\/a0fb9c422317faca23d50163151bc354","name":"Contenidos El Regional","image":{"@type":"ImageObject","inLanguage":"es","@id":"http:\/\/elregionalvm.com.ar\/noticias-villa-maria\/#\/schema\/person\/image\/","url":"https:\/\/secure.gravatar.com\/avatar\/265b27cb2209af7bb3a1318f03305787d7981a5cc6e6cd08fe5a4ecdf99d4b48?s=96&d=mm&r=g","contentUrl":"https:\/\/secure.gravatar.com\/avatar\/265b27cb2209af7bb3a1318f03305787d7981a5cc6e6cd08fe5a4ecdf99d4b48?s=96&d=mm&r=g","caption":"Contenidos El Regional"},"url":"https:\/\/elregionalvm.com.ar\/noticias-villa-maria\/author\/contenido\/"}]}},"jetpack_featured_media_url":"https:\/\/i0.wp.com\/elregionalvm.com.ar\/noticias-villa-maria\/wp-content\/uploads\/2022\/11\/Marcha-trabajadores-de-salud-noviembre-3.jpeg?fit=1200%2C1600&ssl=1","jetpack_sharing_enabled":true,"_links":{"self":[{"href":"https:\/\/elregionalvm.com.ar\/noticias-villa-maria\/wp-json\/wp\/v2\/posts\/73514","targetHints":{"allow":["GET"]}}],"collection":[{"href":"https:\/\/elregionalvm.com.ar\/noticias-villa-maria\/wp-json\/wp\/v2\/posts"}],"about":[{"href":"https:\/\/elregionalvm.com.ar\/noticias-villa-maria\/wp-json\/wp\/v2\/types\/post"}],"author":[{"embeddable":true,"href":"https:\/\/elregionalvm.com.ar\/noticias-villa-maria\/wp-json\/wp\/v2\/users\/4"}],"replies":[{"embeddable":true,"href":"https:\/\/elregionalvm.com.ar\/noticias-villa-maria\/wp-json\/wp\/v2\/comments?post=73514"}],"version-history":[{"count":2,"href":"https:\/\/elregionalvm.com.ar\/noticias-villa-maria\/wp-json\/wp\/v2\/posts\/73514\/revisions"}],"predecessor-version":[{"id":73516,"href":"https:\/\/elregionalvm.com.ar\/noticias-villa-maria\/wp-json\/wp\/v2\/posts\/73514\/revisions\/73516"}],"wp:featuredmedia":[{"embeddable":true,"href":"https:\/\/elregionalvm.com.ar\/noticias-villa-maria\/wp-json\/wp\/v2\/media\/68003"}],"wp:attachment":[{"href":"https:\/\/elregionalvm.com.ar\/noticias-villa-maria\/wp-json\/wp\/v2\/media?parent=73514"}],"wp:term":[{"taxonomy":"category","embeddable":true,"href":"https:\/\/elregionalvm.com.ar\/noticias-villa-maria\/wp-json\/wp\/v2\/categories?post=73514"},{"taxonomy":"post_tag","embeddable":true,"href":"https:\/\/elregionalvm.com.ar\/noticias-villa-maria\/wp-json\/wp\/v2\/tags?post=73514"}],"curies":[{"name":"wp","href":"https:\/\/api.w.org\/{rel}","templated":true}]}}