{"id":73528,"date":"2023-03-21T20:52:06","date_gmt":"2023-03-21T20:52:06","guid":{"rendered":"https:\/\/elregionalvm.com.ar\/noticias-villa-maria\/?p=73528"},"modified":"2023-03-23T00:56:30","modified_gmt":"2023-03-23T00:56:30","slug":"denuncia-por-violencia-de-genero-gill-dijo-que-tiene-el-principal-interes-en-que-se-resuelva-la-situacion","status":"publish","type":"post","link":"https:\/\/elregionalvm.com.ar\/noticias-villa-maria\/denuncia-por-violencia-de-genero-gill-dijo-que-tiene-el-principal-interes-en-que-se-resuelva-la-situacion\/","title":{"rendered":"Denuncia por violencia de g\u00e9nero: Gill dijo que tiene el \u201cprincipal inter\u00e9s\u201d en que se resuelva la situaci\u00f3n"},"content":{"rendered":"\n<p><\/p>\n\n\n\n<p>El intendente Mart\u00edn Gill manifest\u00f3 que tiene el \u201cprincipal inter\u00e9s\u201d en aclarar y resolver de manera r\u00e1pida los hechos detr\u00e1s de la denuncia por violencia de g\u00e9nero realizada por su expareja.<\/p>\n\n\n\n<p>Gill se encuentra imputado por lesiones leves calificadas por el v\u00ednculo por la fiscal Juliana Companys, quien dispuso una orden de restricci\u00f3n de acercamiento para las dos partes.<\/p>\n\n\n\n<p>Adem\u00e1s, la funcionaria judicial dispuso custodia policial en el edificio donde reside la denunciante, por supuestas amenazas recibidas.<\/p>\n\n\n\n<p>En declaraciones period\u00edsticas, el mandatario villamariense indic\u00f3: \u201cSe trata de una cuesti\u00f3n de \u00edndole privada, que tengo, por supuesto, el principal inter\u00e9s en aclarar y resolver r\u00e1pidamente\u00bb.<\/p>\n\n\n\n<p><\/p>\n\n\n\n<figure class=\"wp-block-image size-large\"><img data-recalc-dims=\"1\" fetchpriority=\"high\" decoding=\"async\" width=\"1024\" height=\"546\" src=\"https:\/\/i0.wp.com\/elregionalvm.com.ar\/noticias-villa-maria\/wp-content\/uploads\/2021\/12\/gill-renuncio-banca.jpg?resize=1024%2C546&#038;ssl=1\" alt=\"\" class=\"wp-image-49275\" srcset=\"https:\/\/i0.wp.com\/elregionalvm.com.ar\/noticias-villa-maria\/wp-content\/uploads\/2021\/12\/gill-renuncio-banca.jpg?resize=1024%2C546&amp;ssl=1 1024w, https:\/\/i0.wp.com\/elregionalvm.com.ar\/noticias-villa-maria\/wp-content\/uploads\/2021\/12\/gill-renuncio-banca.jpg?resize=300%2C160&amp;ssl=1 300w, https:\/\/i0.wp.com\/elregionalvm.com.ar\/noticias-villa-maria\/wp-content\/uploads\/2021\/12\/gill-renuncio-banca.jpg?resize=768%2C410&amp;ssl=1 768w, https:\/\/i0.wp.com\/elregionalvm.com.ar\/noticias-villa-maria\/wp-content\/uploads\/2021\/12\/gill-renuncio-banca.jpg?w=1072&amp;ssl=1 1072w\" sizes=\"(max-width: 1000px) 100vw, 1000px\" \/><\/figure>\n\n\n\n<p><\/p>\n\n\n\n<p><strong>A disposici\u00f3n de la Justicia<\/strong><\/p>\n\n\n\n<p>En este sentido, expres\u00f3 que el domingo se puso a disposici\u00f3n de la Justicia, cuando fue acompa\u00f1ado por Eduardo \u201cTati\u201d Rodr\u00edguez en calidad de asesor legal.<\/p>\n\n\n\n<p>\u00abPor la \u00edndole privada y tambi\u00e9n por respeto a la otra persona, con la cual yo he tenido una relaci\u00f3n de afecto durante un tiempo y, por supuesto, por una cuesti\u00f3n de respeto, no voy a hablar cuestiones de esta \u00edndole de manera p\u00fablica o por los medios\u00bb, descart\u00f3 Gill.<\/p>\n\n\n\n<p>\u00abLo que tenga que decir, lo voy a tener que decir donde se tienen que decir las cosas, que es en el \u00e1mbito judicial. Confiado de que se resuelva lo m\u00e1s pronto posible\u00bb, finaliz\u00f3.<\/p>\n\n\n\n<p><\/p>\n\n\n\n<p><\/p>\n\n\n\n<h3 class=\"wp-block-heading\"><strong>Escuch\u00e1 las declaraciones de Gill: <\/strong><\/h3>\n\n\n\n<p><\/p>\n\n\n\n<p><\/p>\n\n\n\n<figure class=\"wp-block-audio\"><audio controls src=\"https:\/\/elregionalvm.com.ar\/noticias-villa-maria\/wp-content\/uploads\/2023\/03\/Martin-Gill-sobre-la-denuncia-por-lesiones.mp3\"><\/audio><figcaption><em>Gentileza La Posta Digital<\/em><\/figcaption><\/figure>\n\n\n\n<p><\/p>\n\n\n\n<p><\/p>\n\n\n\n<h3 class=\"wp-block-heading\"><strong>Tambi\u00e9n pod\u00e9s ver: <\/strong><\/h3>\n\n\n\n<p><\/p>\n\n\n\n<p><\/p>\n\n\n\n<figure class=\"wp-block-embed is-type-wp-embed is-provider-el-regional wp-block-embed-el-regional\"><div class=\"wp-block-embed__wrapper\">\n<blockquote class=\"wp-embedded-content\" data-secret=\"Uk1TZRNaXZ\"><a href=\"https:\/\/elregionalvm.com.ar\/noticias-villa-maria\/martin-gill-debio-acudir-a-tribunales-por-una-denuncia-de-su-expareja\/\">Mart\u00edn Gill debi\u00f3 acudir a Tribunales por una denuncia de su expareja<\/a><\/blockquote><iframe class=\"wp-embedded-content\" sandbox=\"allow-scripts\" security=\"restricted\" style=\"position: absolute; visibility: hidden;\" title=\"\u00abMart\u00edn Gill debi\u00f3 acudir a Tribunales por una denuncia de su expareja\u00bb \u2014 El Regional\" src=\"https:\/\/elregionalvm.com.ar\/noticias-villa-maria\/martin-gill-debio-acudir-a-tribunales-por-una-denuncia-de-su-expareja\/embed\/#?secret=52rKOlTwcD#?secret=Uk1TZRNaXZ\" data-secret=\"Uk1TZRNaXZ\" width=\"500\" height=\"282\" frameborder=\"0\" marginwidth=\"0\" marginheight=\"0\" scrolling=\"no\"><\/iframe>\n<\/div><\/figure>\n","protected":false},"excerpt":{"rendered":"<p>El intendente Mart\u00edn Gill manifest\u00f3 que tiene el \u201cprincipal inter\u00e9s\u201d en aclarar y resolver de manera r\u00e1pida los hechos detr\u00e1s de la denuncia por violencia de g\u00e9nero realizada por su expareja. Gill se encuentra imputado por lesiones leves calificadas por el v\u00ednculo por la fiscal Juliana Companys, quien dispuso una orden de restricci\u00f3n de acercamiento [&hellip;]<\/p>\n","protected":false},"author":4,"featured_media":58156,"comment_status":"open","ping_status":"open","sticky":false,"template":"","format":"standard","meta":{"site-sidebar-layout":"default","site-content-layout":"","ast-site-content-layout":"default","site-content-style":"default","site-sidebar-style":"default","ast-global-header-display":"","ast-banner-title-visibility":"","ast-main-header-display":"","ast-hfb-above-header-display":"","ast-hfb-below-header-display":"","ast-hfb-mobile-header-display":"","site-post-title":"","ast-breadcrumbs-content":"","ast-featured-img":"","footer-sml-layout":"","ast-disable-related-posts":"","theme-transparent-header-meta":"","adv-header-id-meta":"","stick-header-meta":"","header-above-stick-meta":"","header-main-stick-meta":"","header-below-stick-meta":"","astra-migrate-meta-layouts":"default","ast-page-background-enabled":"default","ast-page-background-meta":{"desktop":{"background-color":"","background-image":"","background-repeat":"repeat","background-position":"center center","background-size":"auto","background-attachment":"scroll","background-type":"","background-media":"","overlay-type":"","overlay-color":"","overlay-opacity":"","overlay-gradient":""},"tablet":{"background-color":"","background-image":"","background-repeat":"repeat","background-position":"center center","background-size":"auto","background-attachment":"scroll","background-type":"","background-media":"","overlay-type":"","overlay-color":"","overlay-opacity":"","overlay-gradient":""},"mobile":{"background-color":"","background-image":"","background-repeat":"repeat","background-position":"center center","background-size":"auto","background-attachment":"scroll","background-type":"","background-media":"","overlay-type":"","overlay-color":"","overlay-opacity":"","overlay-gradient":""}},"ast-content-background-meta":{"desktop":{"background-color":"var(--ast-global-color-5)","background-image":"","background-repeat":"repeat","background-position":"center center","background-size":"auto","background-attachment":"scroll","background-type":"","background-media":"","overlay-type":"","overlay-color":"","overlay-opacity":"","overlay-gradient":""},"tablet":{"background-color":"var(--ast-global-color-5)","background-image":"","background-repeat":"repeat","background-position":"center center","background-size":"auto","background-attachment":"scroll","background-type":"","background-media":"","overlay-type":"","overlay-color":"","overlay-opacity":"","overlay-gradient":""},"mobile":{"background-color":"var(--ast-global-color-5)","background-image":"","background-repeat":"repeat","background-position":"center center","background-size":"auto","background-attachment":"scroll","background-type":"","background-media":"","overlay-type":"","overlay-color":"","overlay-opacity":"","overlay-gradient":""}},"_jetpack_memberships_contains_paid_content":false,"_joinchat":[],"footnotes":""},"categories":[2234,3557,2],"tags":[1661,21675,13677,13436,2633,1125,157],"class_list":["post-73528","post","type-post","status-publish","format-standard","has-post-thumbnail","hentry","category-policiales","category-tercera","category-villa-maria","tag-denuncia","tag-eduardo-tati-rodriguez","tag-fiscal-juliana-companys","tag-interes","tag-lesiones-leves","tag-martin-gill","tag-violencia-de-genero"],"yoast_head":"<!-- This site is optimized with the Yoast SEO plugin v26.8 - https:\/\/yoast.com\/product\/yoast-seo-wordpress\/ -->\n<title>Denuncia por violencia de g\u00e9nero: Gill dijo que tiene el \u201cprincipal inter\u00e9s\u201d en que se resuelva la situaci\u00f3n - El Regional<\/title>\n<meta name=\"robots\" content=\"index, follow, max-snippet:-1, max-image-preview:large, max-video-preview:-1\" \/>\n<link rel=\"canonical\" href=\"http:\/\/elregionalvm.com.ar\/noticias-villa-maria\/denuncia-por-violencia-de-genero-gill-dijo-que-tiene-el-principal-interes-en-que-se-resuelva-la-situacion\/\" \/>\n<meta property=\"og:locale\" content=\"es_ES\" \/>\n<meta property=\"og:type\" content=\"article\" \/>\n<meta property=\"og:title\" content=\"Denuncia por violencia de g\u00e9nero: Gill dijo que tiene el \u201cprincipal inter\u00e9s\u201d en que se resuelva la situaci\u00f3n - El Regional\" \/>\n<meta property=\"og:description\" content=\"El intendente Mart\u00edn Gill manifest\u00f3 que tiene el \u201cprincipal inter\u00e9s\u201d en aclarar y resolver de manera r\u00e1pida los hechos detr\u00e1s de la denuncia por violencia de g\u00e9nero realizada por su expareja. Gill se encuentra imputado por lesiones leves calificadas por el v\u00ednculo por la fiscal Juliana Companys, quien dispuso una orden de restricci\u00f3n de acercamiento [&hellip;]\" \/>\n<meta property=\"og:url\" content=\"http:\/\/elregionalvm.com.ar\/noticias-villa-maria\/denuncia-por-violencia-de-genero-gill-dijo-que-tiene-el-principal-interes-en-que-se-resuelva-la-situacion\/\" \/>\n<meta property=\"og:site_name\" content=\"El Regional\" \/>\n<meta property=\"article:publisher\" content=\"https:\/\/www.facebook.com\/elregionalvm\" \/>\n<meta property=\"article:published_time\" content=\"2023-03-21T20:52:06+00:00\" \/>\n<meta property=\"article:modified_time\" content=\"2023-03-23T00:56:30+00:00\" \/>\n<meta property=\"og:image\" content=\"http:\/\/elregionalvm.com.ar\/noticias-villa-maria\/wp-content\/uploads\/2022\/05\/Martin-Gill-Nueva-2021.jpeg\" \/>\n\t<meta property=\"og:image:width\" content=\"1280\" \/>\n\t<meta property=\"og:image:height\" content=\"853\" \/>\n\t<meta property=\"og:image:type\" content=\"image\/jpeg\" \/>\n<meta name=\"author\" content=\"Contenidos El Regional\" \/>\n<meta name=\"twitter:card\" content=\"summary_large_image\" \/>\n<meta name=\"twitter:creator\" content=\"@elregionalvm1\" \/>\n<meta name=\"twitter:site\" content=\"@elregionalvm1\" \/>\n<meta name=\"twitter:label1\" content=\"Escrito por\" \/>\n\t<meta name=\"twitter:data1\" content=\"Contenidos El Regional\" \/>\n\t<meta name=\"twitter:label2\" content=\"Tiempo de lectura\" \/>\n\t<meta name=\"twitter:data2\" content=\"2 minutos\" \/>\n<script type=\"application\/ld+json\" class=\"yoast-schema-graph\">{\"@context\":\"https:\/\/schema.org\",\"@graph\":[{\"@type\":\"Article\",\"@id\":\"http:\/\/elregionalvm.com.ar\/noticias-villa-maria\/denuncia-por-violencia-de-genero-gill-dijo-que-tiene-el-principal-interes-en-que-se-resuelva-la-situacion\/#article\",\"isPartOf\":{\"@id\":\"http:\/\/elregionalvm.com.ar\/noticias-villa-maria\/denuncia-por-violencia-de-genero-gill-dijo-que-tiene-el-principal-interes-en-que-se-resuelva-la-situacion\/\"},\"author\":{\"name\":\"Contenidos El Regional\",\"@id\":\"http:\/\/elregionalvm.com.ar\/noticias-villa-maria\/#\/schema\/person\/a0fb9c422317faca23d50163151bc354\"},\"headline\":\"Denuncia por violencia de g\u00e9nero: Gill dijo que tiene el \u201cprincipal inter\u00e9s\u201d en que se resuelva la situaci\u00f3n\",\"datePublished\":\"2023-03-21T20:52:06+00:00\",\"dateModified\":\"2023-03-23T00:56:30+00:00\",\"mainEntityOfPage\":{\"@id\":\"http:\/\/elregionalvm.com.ar\/noticias-villa-maria\/denuncia-por-violencia-de-genero-gill-dijo-que-tiene-el-principal-interes-en-que-se-resuelva-la-situacion\/\"},\"wordCount\":281,\"commentCount\":0,\"image\":{\"@id\":\"http:\/\/elregionalvm.com.ar\/noticias-villa-maria\/denuncia-por-violencia-de-genero-gill-dijo-que-tiene-el-principal-interes-en-que-se-resuelva-la-situacion\/#primaryimage\"},\"thumbnailUrl\":\"https:\/\/i0.wp.com\/elregionalvm.com.ar\/noticias-villa-maria\/wp-content\/uploads\/2022\/05\/Martin-Gill-Nueva-2021.jpeg?fit=1280%2C853&ssl=1\",\"keywords\":[\"denuncia\",\"Eduardo Tati Rodr\u00edguez\",\"Fiscal Juliana Companys\",\"inter\u00e9s\",\"lesiones leves\",\"mart\u00edn gill\",\"violencia de g\u00e9nero\"],\"articleSection\":[\"Policiales\",\"tercera\",\"Villa Mar\u00eda\"],\"inLanguage\":\"es\",\"potentialAction\":[{\"@type\":\"CommentAction\",\"name\":\"Comment\",\"target\":[\"http:\/\/elregionalvm.com.ar\/noticias-villa-maria\/denuncia-por-violencia-de-genero-gill-dijo-que-tiene-el-principal-interes-en-que-se-resuelva-la-situacion\/#respond\"]}]},{\"@type\":\"WebPage\",\"@id\":\"http:\/\/elregionalvm.com.ar\/noticias-villa-maria\/denuncia-por-violencia-de-genero-gill-dijo-que-tiene-el-principal-interes-en-que-se-resuelva-la-situacion\/\",\"url\":\"http:\/\/elregionalvm.com.ar\/noticias-villa-maria\/denuncia-por-violencia-de-genero-gill-dijo-que-tiene-el-principal-interes-en-que-se-resuelva-la-situacion\/\",\"name\":\"Denuncia por violencia de g\u00e9nero: Gill dijo que tiene el \u201cprincipal inter\u00e9s\u201d en que se resuelva la situaci\u00f3n - El Regional\",\"isPartOf\":{\"@id\":\"http:\/\/elregionalvm.com.ar\/noticias-villa-maria\/#website\"},\"primaryImageOfPage\":{\"@id\":\"http:\/\/elregionalvm.com.ar\/noticias-villa-maria\/denuncia-por-violencia-de-genero-gill-dijo-que-tiene-el-principal-interes-en-que-se-resuelva-la-situacion\/#primaryimage\"},\"image\":{\"@id\":\"http:\/\/elregionalvm.com.ar\/noticias-villa-maria\/denuncia-por-violencia-de-genero-gill-dijo-que-tiene-el-principal-interes-en-que-se-resuelva-la-situacion\/#primaryimage\"},\"thumbnailUrl\":\"https:\/\/i0.wp.com\/elregionalvm.com.ar\/noticias-villa-maria\/wp-content\/uploads\/2022\/05\/Martin-Gill-Nueva-2021.jpeg?fit=1280%2C853&ssl=1\",\"datePublished\":\"2023-03-21T20:52:06+00:00\",\"dateModified\":\"2023-03-23T00:56:30+00:00\",\"author\":{\"@id\":\"http:\/\/elregionalvm.com.ar\/noticias-villa-maria\/#\/schema\/person\/a0fb9c422317faca23d50163151bc354\"},\"breadcrumb\":{\"@id\":\"http:\/\/elregionalvm.com.ar\/noticias-villa-maria\/denuncia-por-violencia-de-genero-gill-dijo-que-tiene-el-principal-interes-en-que-se-resuelva-la-situacion\/#breadcrumb\"},\"inLanguage\":\"es\",\"potentialAction\":[{\"@type\":\"ReadAction\",\"target\":[\"http:\/\/elregionalvm.com.ar\/noticias-villa-maria\/denuncia-por-violencia-de-genero-gill-dijo-que-tiene-el-principal-interes-en-que-se-resuelva-la-situacion\/\"]}]},{\"@type\":\"ImageObject\",\"inLanguage\":\"es\",\"@id\":\"http:\/\/elregionalvm.com.ar\/noticias-villa-maria\/denuncia-por-violencia-de-genero-gill-dijo-que-tiene-el-principal-interes-en-que-se-resuelva-la-situacion\/#primaryimage\",\"url\":\"https:\/\/i0.wp.com\/elregionalvm.com.ar\/noticias-villa-maria\/wp-content\/uploads\/2022\/05\/Martin-Gill-Nueva-2021.jpeg?fit=1280%2C853&ssl=1\",\"contentUrl\":\"https:\/\/i0.wp.com\/elregionalvm.com.ar\/noticias-villa-maria\/wp-content\/uploads\/2022\/05\/Martin-Gill-Nueva-2021.jpeg?fit=1280%2C853&ssl=1\",\"width\":1280,\"height\":853},{\"@type\":\"BreadcrumbList\",\"@id\":\"http:\/\/elregionalvm.com.ar\/noticias-villa-maria\/denuncia-por-violencia-de-genero-gill-dijo-que-tiene-el-principal-interes-en-que-se-resuelva-la-situacion\/#breadcrumb\",\"itemListElement\":[{\"@type\":\"ListItem\",\"position\":1,\"name\":\"Portada\",\"item\":\"https:\/\/elregionalvm.com.ar\/noticias-villa-maria\/\"},{\"@type\":\"ListItem\",\"position\":2,\"name\":\"Denuncia por violencia de g\u00e9nero: Gill dijo que tiene el \u201cprincipal inter\u00e9s\u201d en que se resuelva la situaci\u00f3n\"}]},{\"@type\":\"WebSite\",\"@id\":\"http:\/\/elregionalvm.com.ar\/noticias-villa-maria\/#website\",\"url\":\"http:\/\/elregionalvm.com.ar\/noticias-villa-maria\/\",\"name\":\"El Regional\",\"description\":\"Mucho m\u00e1s que informaci\u00f3n\",\"potentialAction\":[{\"@type\":\"SearchAction\",\"target\":{\"@type\":\"EntryPoint\",\"urlTemplate\":\"http:\/\/elregionalvm.com.ar\/noticias-villa-maria\/?s={search_term_string}\"},\"query-input\":{\"@type\":\"PropertyValueSpecification\",\"valueRequired\":true,\"valueName\":\"search_term_string\"}}],\"inLanguage\":\"es\"},{\"@type\":\"Person\",\"@id\":\"http:\/\/elregionalvm.com.ar\/noticias-villa-maria\/#\/schema\/person\/a0fb9c422317faca23d50163151bc354\",\"name\":\"Contenidos El Regional\",\"image\":{\"@type\":\"ImageObject\",\"inLanguage\":\"es\",\"@id\":\"http:\/\/elregionalvm.com.ar\/noticias-villa-maria\/#\/schema\/person\/image\/\",\"url\":\"https:\/\/secure.gravatar.com\/avatar\/265b27cb2209af7bb3a1318f03305787d7981a5cc6e6cd08fe5a4ecdf99d4b48?s=96&d=mm&r=g\",\"contentUrl\":\"https:\/\/secure.gravatar.com\/avatar\/265b27cb2209af7bb3a1318f03305787d7981a5cc6e6cd08fe5a4ecdf99d4b48?s=96&d=mm&r=g\",\"caption\":\"Contenidos El Regional\"},\"url\":\"https:\/\/elregionalvm.com.ar\/noticias-villa-maria\/author\/contenido\/\"}]}<\/script>\n<!-- \/ Yoast SEO plugin. -->","yoast_head_json":{"title":"Denuncia por violencia de g\u00e9nero: Gill dijo que tiene el \u201cprincipal inter\u00e9s\u201d en que se resuelva la situaci\u00f3n - El Regional","robots":{"index":"index","follow":"follow","max-snippet":"max-snippet:-1","max-image-preview":"max-image-preview:large","max-video-preview":"max-video-preview:-1"},"canonical":"http:\/\/elregionalvm.com.ar\/noticias-villa-maria\/denuncia-por-violencia-de-genero-gill-dijo-que-tiene-el-principal-interes-en-que-se-resuelva-la-situacion\/","og_locale":"es_ES","og_type":"article","og_title":"Denuncia por violencia de g\u00e9nero: Gill dijo que tiene el \u201cprincipal inter\u00e9s\u201d en que se resuelva la situaci\u00f3n - El Regional","og_description":"El intendente Mart\u00edn Gill manifest\u00f3 que tiene el \u201cprincipal inter\u00e9s\u201d en aclarar y resolver de manera r\u00e1pida los hechos detr\u00e1s de la denuncia por violencia de g\u00e9nero realizada por su expareja. Gill se encuentra imputado por lesiones leves calificadas por el v\u00ednculo por la fiscal Juliana Companys, quien dispuso una orden de restricci\u00f3n de acercamiento [&hellip;]","og_url":"http:\/\/elregionalvm.com.ar\/noticias-villa-maria\/denuncia-por-violencia-de-genero-gill-dijo-que-tiene-el-principal-interes-en-que-se-resuelva-la-situacion\/","og_site_name":"El Regional","article_publisher":"https:\/\/www.facebook.com\/elregionalvm","article_published_time":"2023-03-21T20:52:06+00:00","article_modified_time":"2023-03-23T00:56:30+00:00","og_image":[{"width":1280,"height":853,"url":"http:\/\/elregionalvm.com.ar\/noticias-villa-maria\/wp-content\/uploads\/2022\/05\/Martin-Gill-Nueva-2021.jpeg","type":"image\/jpeg"}],"author":"Contenidos El Regional","twitter_card":"summary_large_image","twitter_creator":"@elregionalvm1","twitter_site":"@elregionalvm1","twitter_misc":{"Escrito por":"Contenidos El Regional","Tiempo de lectura":"2 minutos"},"schema":{"@context":"https:\/\/schema.org","@graph":[{"@type":"Article","@id":"http:\/\/elregionalvm.com.ar\/noticias-villa-maria\/denuncia-por-violencia-de-genero-gill-dijo-que-tiene-el-principal-interes-en-que-se-resuelva-la-situacion\/#article","isPartOf":{"@id":"http:\/\/elregionalvm.com.ar\/noticias-villa-maria\/denuncia-por-violencia-de-genero-gill-dijo-que-tiene-el-principal-interes-en-que-se-resuelva-la-situacion\/"},"author":{"name":"Contenidos El Regional","@id":"http:\/\/elregionalvm.com.ar\/noticias-villa-maria\/#\/schema\/person\/a0fb9c422317faca23d50163151bc354"},"headline":"Denuncia por violencia de g\u00e9nero: Gill dijo que tiene el \u201cprincipal inter\u00e9s\u201d en que se resuelva la situaci\u00f3n","datePublished":"2023-03-21T20:52:06+00:00","dateModified":"2023-03-23T00:56:30+00:00","mainEntityOfPage":{"@id":"http:\/\/elregionalvm.com.ar\/noticias-villa-maria\/denuncia-por-violencia-de-genero-gill-dijo-que-tiene-el-principal-interes-en-que-se-resuelva-la-situacion\/"},"wordCount":281,"commentCount":0,"image":{"@id":"http:\/\/elregionalvm.com.ar\/noticias-villa-maria\/denuncia-por-violencia-de-genero-gill-dijo-que-tiene-el-principal-interes-en-que-se-resuelva-la-situacion\/#primaryimage"},"thumbnailUrl":"https:\/\/i0.wp.com\/elregionalvm.com.ar\/noticias-villa-maria\/wp-content\/uploads\/2022\/05\/Martin-Gill-Nueva-2021.jpeg?fit=1280%2C853&ssl=1","keywords":["denuncia","Eduardo Tati Rodr\u00edguez","Fiscal Juliana Companys","inter\u00e9s","lesiones leves","mart\u00edn gill","violencia de g\u00e9nero"],"articleSection":["Policiales","tercera","Villa Mar\u00eda"],"inLanguage":"es","potentialAction":[{"@type":"CommentAction","name":"Comment","target":["http:\/\/elregionalvm.com.ar\/noticias-villa-maria\/denuncia-por-violencia-de-genero-gill-dijo-que-tiene-el-principal-interes-en-que-se-resuelva-la-situacion\/#respond"]}]},{"@type":"WebPage","@id":"http:\/\/elregionalvm.com.ar\/noticias-villa-maria\/denuncia-por-violencia-de-genero-gill-dijo-que-tiene-el-principal-interes-en-que-se-resuelva-la-situacion\/","url":"http:\/\/elregionalvm.com.ar\/noticias-villa-maria\/denuncia-por-violencia-de-genero-gill-dijo-que-tiene-el-principal-interes-en-que-se-resuelva-la-situacion\/","name":"Denuncia por violencia de g\u00e9nero: Gill dijo que tiene el \u201cprincipal inter\u00e9s\u201d en que se resuelva la situaci\u00f3n - El Regional","isPartOf":{"@id":"http:\/\/elregionalvm.com.ar\/noticias-villa-maria\/#website"},"primaryImageOfPage":{"@id":"http:\/\/elregionalvm.com.ar\/noticias-villa-maria\/denuncia-por-violencia-de-genero-gill-dijo-que-tiene-el-principal-interes-en-que-se-resuelva-la-situacion\/#primaryimage"},"image":{"@id":"http:\/\/elregionalvm.com.ar\/noticias-villa-maria\/denuncia-por-violencia-de-genero-gill-dijo-que-tiene-el-principal-interes-en-que-se-resuelva-la-situacion\/#primaryimage"},"thumbnailUrl":"https:\/\/i0.wp.com\/elregionalvm.com.ar\/noticias-villa-maria\/wp-content\/uploads\/2022\/05\/Martin-Gill-Nueva-2021.jpeg?fit=1280%2C853&ssl=1","datePublished":"2023-03-21T20:52:06+00:00","dateModified":"2023-03-23T00:56:30+00:00","author":{"@id":"http:\/\/elregionalvm.com.ar\/noticias-villa-maria\/#\/schema\/person\/a0fb9c422317faca23d50163151bc354"},"breadcrumb":{"@id":"http:\/\/elregionalvm.com.ar\/noticias-villa-maria\/denuncia-por-violencia-de-genero-gill-dijo-que-tiene-el-principal-interes-en-que-se-resuelva-la-situacion\/#breadcrumb"},"inLanguage":"es","potentialAction":[{"@type":"ReadAction","target":["http:\/\/elregionalvm.com.ar\/noticias-villa-maria\/denuncia-por-violencia-de-genero-gill-dijo-que-tiene-el-principal-interes-en-que-se-resuelva-la-situacion\/"]}]},{"@type":"ImageObject","inLanguage":"es","@id":"http:\/\/elregionalvm.com.ar\/noticias-villa-maria\/denuncia-por-violencia-de-genero-gill-dijo-que-tiene-el-principal-interes-en-que-se-resuelva-la-situacion\/#primaryimage","url":"https:\/\/i0.wp.com\/elregionalvm.com.ar\/noticias-villa-maria\/wp-content\/uploads\/2022\/05\/Martin-Gill-Nueva-2021.jpeg?fit=1280%2C853&ssl=1","contentUrl":"https:\/\/i0.wp.com\/elregionalvm.com.ar\/noticias-villa-maria\/wp-content\/uploads\/2022\/05\/Martin-Gill-Nueva-2021.jpeg?fit=1280%2C853&ssl=1","width":1280,"height":853},{"@type":"BreadcrumbList","@id":"http:\/\/elregionalvm.com.ar\/noticias-villa-maria\/denuncia-por-violencia-de-genero-gill-dijo-que-tiene-el-principal-interes-en-que-se-resuelva-la-situacion\/#breadcrumb","itemListElement":[{"@type":"ListItem","position":1,"name":"Portada","item":"https:\/\/elregionalvm.com.ar\/noticias-villa-maria\/"},{"@type":"ListItem","position":2,"name":"Denuncia por violencia de g\u00e9nero: Gill dijo que tiene el \u201cprincipal inter\u00e9s\u201d en que se resuelva la situaci\u00f3n"}]},{"@type":"WebSite","@id":"http:\/\/elregionalvm.com.ar\/noticias-villa-maria\/#website","url":"http:\/\/elregionalvm.com.ar\/noticias-villa-maria\/","name":"El Regional","description":"Mucho m\u00e1s que informaci\u00f3n","potentialAction":[{"@type":"SearchAction","target":{"@type":"EntryPoint","urlTemplate":"http:\/\/elregionalvm.com.ar\/noticias-villa-maria\/?s={search_term_string}"},"query-input":{"@type":"PropertyValueSpecification","valueRequired":true,"valueName":"search_term_string"}}],"inLanguage":"es"},{"@type":"Person","@id":"http:\/\/elregionalvm.com.ar\/noticias-villa-maria\/#\/schema\/person\/a0fb9c422317faca23d50163151bc354","name":"Contenidos El Regional","image":{"@type":"ImageObject","inLanguage":"es","@id":"http:\/\/elregionalvm.com.ar\/noticias-villa-maria\/#\/schema\/person\/image\/","url":"https:\/\/secure.gravatar.com\/avatar\/265b27cb2209af7bb3a1318f03305787d7981a5cc6e6cd08fe5a4ecdf99d4b48?s=96&d=mm&r=g","contentUrl":"https:\/\/secure.gravatar.com\/avatar\/265b27cb2209af7bb3a1318f03305787d7981a5cc6e6cd08fe5a4ecdf99d4b48?s=96&d=mm&r=g","caption":"Contenidos El Regional"},"url":"https:\/\/elregionalvm.com.ar\/noticias-villa-maria\/author\/contenido\/"}]}},"jetpack_featured_media_url":"https:\/\/i0.wp.com\/elregionalvm.com.ar\/noticias-villa-maria\/wp-content\/uploads\/2022\/05\/Martin-Gill-Nueva-2021.jpeg?fit=1280%2C853&ssl=1","jetpack_sharing_enabled":true,"_links":{"self":[{"href":"https:\/\/elregionalvm.com.ar\/noticias-villa-maria\/wp-json\/wp\/v2\/posts\/73528","targetHints":{"allow":["GET"]}}],"collection":[{"href":"https:\/\/elregionalvm.com.ar\/noticias-villa-maria\/wp-json\/wp\/v2\/posts"}],"about":[{"href":"https:\/\/elregionalvm.com.ar\/noticias-villa-maria\/wp-json\/wp\/v2\/types\/post"}],"author":[{"embeddable":true,"href":"https:\/\/elregionalvm.com.ar\/noticias-villa-maria\/wp-json\/wp\/v2\/users\/4"}],"replies":[{"embeddable":true,"href":"https:\/\/elregionalvm.com.ar\/noticias-villa-maria\/wp-json\/wp\/v2\/comments?post=73528"}],"version-history":[{"count":2,"href":"https:\/\/elregionalvm.com.ar\/noticias-villa-maria\/wp-json\/wp\/v2\/posts\/73528\/revisions"}],"predecessor-version":[{"id":73532,"href":"https:\/\/elregionalvm.com.ar\/noticias-villa-maria\/wp-json\/wp\/v2\/posts\/73528\/revisions\/73532"}],"wp:featuredmedia":[{"embeddable":true,"href":"https:\/\/elregionalvm.com.ar\/noticias-villa-maria\/wp-json\/wp\/v2\/media\/58156"}],"wp:attachment":[{"href":"https:\/\/elregionalvm.com.ar\/noticias-villa-maria\/wp-json\/wp\/v2\/media?parent=73528"}],"wp:term":[{"taxonomy":"category","embeddable":true,"href":"https:\/\/elregionalvm.com.ar\/noticias-villa-maria\/wp-json\/wp\/v2\/categories?post=73528"},{"taxonomy":"post_tag","embeddable":true,"href":"https:\/\/elregionalvm.com.ar\/noticias-villa-maria\/wp-json\/wp\/v2\/tags?post=73528"}],"curies":[{"name":"wp","href":"https:\/\/api.w.org\/{rel}","templated":true}]}}