{"id":73539,"date":"2023-03-21T21:13:51","date_gmt":"2023-03-21T21:13:51","guid":{"rendered":"https:\/\/elregionalvm.com.ar\/noticias-villa-maria\/?p=73539"},"modified":"2023-03-21T22:30:24","modified_gmt":"2023-03-21T22:30:24","slug":"mas-de-una-treintena-de-instructores-reciben-capacitacion-para-renovar-la-matricula-que-los-habilita-a-otorgar-licencias-de-conducir","status":"publish","type":"post","link":"https:\/\/elregionalvm.com.ar\/noticias-villa-maria\/mas-de-una-treintena-de-instructores-reciben-capacitacion-para-renovar-la-matricula-que-los-habilita-a-otorgar-licencias-de-conducir\/","title":{"rendered":"M\u00e1s de una treintena de instructores de tr\u00e1nsito fueron capacitados"},"content":{"rendered":"\n<p>El municipio junto a la Agencia Nacional de Seguridad Vial brindar\u00e1n, entre hoy y ma\u00f1ana, un espacio de capacitaci\u00f3n destinado a Instructores y Evaluadores que otorgan las licencias de conducir en los centros emisores, tanto de Villa Mar\u00eda como la regi\u00f3n. <\/p>\n\n\n\n<p>En esta oportunidad, son 33 las personas que renovar\u00e1n su matr\u00edcula por un per\u00edodo de dos a\u00f1os.<\/p>\n\n\n\n<figure class=\"wp-block-image size-large\"><img data-recalc-dims=\"1\" fetchpriority=\"high\" decoding=\"async\" width=\"1024\" height=\"682\" src=\"https:\/\/i0.wp.com\/elregionalvm.com.ar\/noticias-villa-maria\/wp-content\/uploads\/2023\/03\/WhatsApp-Image-2023-03-21-at-14.43.01-1.jpeg?resize=1024%2C682&#038;ssl=1\" alt=\"\" class=\"wp-image-73540\" srcset=\"https:\/\/i0.wp.com\/elregionalvm.com.ar\/noticias-villa-maria\/wp-content\/uploads\/2023\/03\/WhatsApp-Image-2023-03-21-at-14.43.01-1.jpeg?resize=1024%2C682&amp;ssl=1 1024w, https:\/\/i0.wp.com\/elregionalvm.com.ar\/noticias-villa-maria\/wp-content\/uploads\/2023\/03\/WhatsApp-Image-2023-03-21-at-14.43.01-1.jpeg?resize=300%2C200&amp;ssl=1 300w, https:\/\/i0.wp.com\/elregionalvm.com.ar\/noticias-villa-maria\/wp-content\/uploads\/2023\/03\/WhatsApp-Image-2023-03-21-at-14.43.01-1.jpeg?resize=768%2C512&amp;ssl=1 768w, https:\/\/i0.wp.com\/elregionalvm.com.ar\/noticias-villa-maria\/wp-content\/uploads\/2023\/03\/WhatsApp-Image-2023-03-21-at-14.43.01-1.jpeg?resize=1536%2C1023&amp;ssl=1 1536w, https:\/\/i0.wp.com\/elregionalvm.com.ar\/noticias-villa-maria\/wp-content\/uploads\/2023\/03\/WhatsApp-Image-2023-03-21-at-14.43.01-1.jpeg?w=1600&amp;ssl=1 1600w\" sizes=\"(max-width: 1000px) 100vw, 1000px\" \/><\/figure>\n\n\n\n<p>El intendente Mart\u00edn Gill se hizo presente en la primera jornada, acompa\u00f1ado del titular de la Secretar\u00eda de Gobierno, Seguridad Ciudadana y Asuntos Legales, Eduardo Rodr\u00edguez; y a modo de bienvenida brind\u00f3 unas palabras sobre la importancia de la seguridad vial y su legislaci\u00f3n.<\/p>\n\n\n\n<p> \u201cLa Agencia vino a cumplir una funci\u00f3n de armonizar la legislaci\u00f3n frente a la disparidad que exist\u00eda de la norma entre los tres niveles del estado; y por esto son muy valiosas estas instancias formadoras ya que fortalecen la competencia que tienen la Naci\u00f3n, Provincia y municipio en materia vial\u201d, enfatiz\u00f3.<\/p>\n\n\n\n<p>A los fines de sostener los lineamientos establecidos por la entidad nacional, desde el municipio se diagramaron ambas jornadas de instrucci\u00f3n, a trav\u00e9s de la Secretar\u00eda de Gobierno, Seguridad Ciudadana y Asuntos Legales, mediante el \u00e1rea de Educaci\u00f3n Vial y de manera articulada con Vial Parking.<\/p>\n\n\n\n<p>En la misma l\u00ednea, la iniciativa constituye un espacio para trabajar de manera conjunta con el organismo e intercambiar propuestas e ideas que contribuyan a mejorar el sistema de software por el cual se otorgan las licencias. <\/p>\n\n\n\n<p>Adem\u00e1s se analizar\u00e1n las \u00faltimas actualizaciones de la Ley Nacional de Tr\u00e1nsito N\u00b0 24.449.<\/p>\n\n\n\n<p>Las jornadas de capacitaci\u00f3n se llevan a cabo en el auditorio del Centro Cultural Comunitario Leonardo Favio para 33 instructores de la ciudad y de las localidades de Alto Alegre, Capilla de los Remedios, Laborde, Monte Buey, Monte Ma\u00edz, Noetinger, Hernando, Oliva y Marcos Ju\u00e1rez.<\/p>\n\n\n\n<p>La instancia formativa se extender\u00e1 entre hoy y ma\u00f1ana, y luego de finalizada la etapa te\u00f3rica, los participantes deber\u00e1n aprobar una evaluaci\u00f3n para renovar su matr\u00edcula habilitante; la cual tendr\u00e1 vigencia por un per\u00edodo de dos a\u00f1os. <\/p>\n\n\n\n<p>Adem\u00e1s, durante este tiempo, deber\u00e1n participar de los cursos de capacitaci\u00f3n regionales, realizados de manera peri\u00f3dica por la entidad nacional reguladora.<\/p>\n","protected":false},"excerpt":{"rendered":"<p>El municipio junto a la Agencia Nacional de Seguridad Vial brindar\u00e1n, entre hoy y ma\u00f1ana, un espacio de capacitaci\u00f3n destinado a Instructores y Evaluadores que otorgan las licencias de conducir en los centros emisores, tanto de Villa Mar\u00eda como la regi\u00f3n. En esta oportunidad, son 33 las personas que renovar\u00e1n su matr\u00edcula por un per\u00edodo [&hellip;]<\/p>\n","protected":false},"author":4,"featured_media":73541,"comment_status":"open","ping_status":"open","sticky":false,"template":"","format":"standard","meta":{"site-sidebar-layout":"default","site-content-layout":"","ast-site-content-layout":"default","site-content-style":"default","site-sidebar-style":"default","ast-global-header-display":"","ast-banner-title-visibility":"","ast-main-header-display":"","ast-hfb-above-header-display":"","ast-hfb-below-header-display":"","ast-hfb-mobile-header-display":"","site-post-title":"","ast-breadcrumbs-content":"","ast-featured-img":"","footer-sml-layout":"","ast-disable-related-posts":"","theme-transparent-header-meta":"","adv-header-id-meta":"","stick-header-meta":"","header-above-stick-meta":"","header-main-stick-meta":"","header-below-stick-meta":"","astra-migrate-meta-layouts":"default","ast-page-background-enabled":"default","ast-page-background-meta":{"desktop":{"background-color":"","background-image":"","background-repeat":"repeat","background-position":"center center","background-size":"auto","background-attachment":"scroll","background-type":"","background-media":"","overlay-type":"","overlay-color":"","overlay-opacity":"","overlay-gradient":""},"tablet":{"background-color":"","background-image":"","background-repeat":"repeat","background-position":"center center","background-size":"auto","background-attachment":"scroll","background-type":"","background-media":"","overlay-type":"","overlay-color":"","overlay-opacity":"","overlay-gradient":""},"mobile":{"background-color":"","background-image":"","background-repeat":"repeat","background-position":"center center","background-size":"auto","background-attachment":"scroll","background-type":"","background-media":"","overlay-type":"","overlay-color":"","overlay-opacity":"","overlay-gradient":""}},"ast-content-background-meta":{"desktop":{"background-color":"var(--ast-global-color-5)","background-image":"","background-repeat":"repeat","background-position":"center center","background-size":"auto","background-attachment":"scroll","background-type":"","background-media":"","overlay-type":"","overlay-color":"","overlay-opacity":"","overlay-gradient":""},"tablet":{"background-color":"var(--ast-global-color-5)","background-image":"","background-repeat":"repeat","background-position":"center center","background-size":"auto","background-attachment":"scroll","background-type":"","background-media":"","overlay-type":"","overlay-color":"","overlay-opacity":"","overlay-gradient":""},"mobile":{"background-color":"var(--ast-global-color-5)","background-image":"","background-repeat":"repeat","background-position":"center center","background-size":"auto","background-attachment":"scroll","background-type":"","background-media":"","overlay-type":"","overlay-color":"","overlay-opacity":"","overlay-gradient":""}},"_jetpack_memberships_contains_paid_content":false,"_joinchat":[],"footnotes":""},"categories":[15302,2],"tags":[],"class_list":["post-73539","post","type-post","status-publish","format-standard","has-post-thumbnail","hentry","category-destacado","category-villa-maria"],"yoast_head":"<!-- This site is optimized with the Yoast SEO plugin v26.8 - https:\/\/yoast.com\/product\/yoast-seo-wordpress\/ -->\n<title>M\u00e1s de una treintena de instructores de tr\u00e1nsito fueron capacitados - El Regional<\/title>\n<meta name=\"robots\" content=\"index, follow, max-snippet:-1, max-image-preview:large, max-video-preview:-1\" \/>\n<link rel=\"canonical\" href=\"http:\/\/elregionalvm.com.ar\/noticias-villa-maria\/mas-de-una-treintena-de-instructores-reciben-capacitacion-para-renovar-la-matricula-que-los-habilita-a-otorgar-licencias-de-conducir\/\" \/>\n<meta property=\"og:locale\" content=\"es_ES\" \/>\n<meta property=\"og:type\" content=\"article\" \/>\n<meta property=\"og:title\" content=\"M\u00e1s de una treintena de instructores de tr\u00e1nsito fueron capacitados - El Regional\" \/>\n<meta property=\"og:description\" content=\"El municipio junto a la Agencia Nacional de Seguridad Vial brindar\u00e1n, entre hoy y ma\u00f1ana, un espacio de capacitaci\u00f3n destinado a Instructores y Evaluadores que otorgan las licencias de conducir en los centros emisores, tanto de Villa Mar\u00eda como la regi\u00f3n. En esta oportunidad, son 33 las personas que renovar\u00e1n su matr\u00edcula por un per\u00edodo [&hellip;]\" \/>\n<meta property=\"og:url\" content=\"http:\/\/elregionalvm.com.ar\/noticias-villa-maria\/mas-de-una-treintena-de-instructores-reciben-capacitacion-para-renovar-la-matricula-que-los-habilita-a-otorgar-licencias-de-conducir\/\" \/>\n<meta property=\"og:site_name\" content=\"El Regional\" \/>\n<meta property=\"article:publisher\" content=\"https:\/\/www.facebook.com\/elregionalvm\" \/>\n<meta property=\"article:published_time\" content=\"2023-03-21T21:13:51+00:00\" \/>\n<meta property=\"article:modified_time\" content=\"2023-03-21T22:30:24+00:00\" \/>\n<meta property=\"og:image\" content=\"http:\/\/elregionalvm.com.ar\/noticias-villa-maria\/wp-content\/uploads\/2023\/03\/WhatsApp-Image-2023-03-21-at-14.43.01.jpeg\" \/>\n\t<meta property=\"og:image:width\" content=\"1600\" \/>\n\t<meta property=\"og:image:height\" content=\"1066\" \/>\n\t<meta property=\"og:image:type\" content=\"image\/jpeg\" \/>\n<meta name=\"author\" content=\"Contenidos El Regional\" \/>\n<meta name=\"twitter:card\" content=\"summary_large_image\" \/>\n<meta name=\"twitter:creator\" content=\"@elregionalvm1\" \/>\n<meta name=\"twitter:site\" content=\"@elregionalvm1\" \/>\n<meta name=\"twitter:label1\" content=\"Escrito por\" \/>\n\t<meta name=\"twitter:data1\" content=\"Contenidos El Regional\" \/>\n\t<meta name=\"twitter:label2\" content=\"Tiempo de lectura\" \/>\n\t<meta name=\"twitter:data2\" content=\"2 minutos\" \/>\n<script type=\"application\/ld+json\" class=\"yoast-schema-graph\">{\"@context\":\"https:\/\/schema.org\",\"@graph\":[{\"@type\":\"Article\",\"@id\":\"http:\/\/elregionalvm.com.ar\/noticias-villa-maria\/mas-de-una-treintena-de-instructores-reciben-capacitacion-para-renovar-la-matricula-que-los-habilita-a-otorgar-licencias-de-conducir\/#article\",\"isPartOf\":{\"@id\":\"http:\/\/elregionalvm.com.ar\/noticias-villa-maria\/mas-de-una-treintena-de-instructores-reciben-capacitacion-para-renovar-la-matricula-que-los-habilita-a-otorgar-licencias-de-conducir\/\"},\"author\":{\"name\":\"Contenidos El Regional\",\"@id\":\"http:\/\/elregionalvm.com.ar\/noticias-villa-maria\/#\/schema\/person\/a0fb9c422317faca23d50163151bc354\"},\"headline\":\"M\u00e1s de una treintena de instructores de tr\u00e1nsito fueron capacitados\",\"datePublished\":\"2023-03-21T21:13:51+00:00\",\"dateModified\":\"2023-03-21T22:30:24+00:00\",\"mainEntityOfPage\":{\"@id\":\"http:\/\/elregionalvm.com.ar\/noticias-villa-maria\/mas-de-una-treintena-de-instructores-reciben-capacitacion-para-renovar-la-matricula-que-los-habilita-a-otorgar-licencias-de-conducir\/\"},\"wordCount\":402,\"commentCount\":0,\"image\":{\"@id\":\"http:\/\/elregionalvm.com.ar\/noticias-villa-maria\/mas-de-una-treintena-de-instructores-reciben-capacitacion-para-renovar-la-matricula-que-los-habilita-a-otorgar-licencias-de-conducir\/#primaryimage\"},\"thumbnailUrl\":\"https:\/\/i0.wp.com\/elregionalvm.com.ar\/noticias-villa-maria\/wp-content\/uploads\/2023\/03\/WhatsApp-Image-2023-03-21-at-14.43.01.jpeg?fit=1600%2C1066&ssl=1\",\"articleSection\":[\"destacado\",\"Villa Mar\u00eda\"],\"inLanguage\":\"es\",\"potentialAction\":[{\"@type\":\"CommentAction\",\"name\":\"Comment\",\"target\":[\"http:\/\/elregionalvm.com.ar\/noticias-villa-maria\/mas-de-una-treintena-de-instructores-reciben-capacitacion-para-renovar-la-matricula-que-los-habilita-a-otorgar-licencias-de-conducir\/#respond\"]}]},{\"@type\":\"WebPage\",\"@id\":\"http:\/\/elregionalvm.com.ar\/noticias-villa-maria\/mas-de-una-treintena-de-instructores-reciben-capacitacion-para-renovar-la-matricula-que-los-habilita-a-otorgar-licencias-de-conducir\/\",\"url\":\"http:\/\/elregionalvm.com.ar\/noticias-villa-maria\/mas-de-una-treintena-de-instructores-reciben-capacitacion-para-renovar-la-matricula-que-los-habilita-a-otorgar-licencias-de-conducir\/\",\"name\":\"M\u00e1s de una treintena de instructores de tr\u00e1nsito fueron capacitados - El Regional\",\"isPartOf\":{\"@id\":\"http:\/\/elregionalvm.com.ar\/noticias-villa-maria\/#website\"},\"primaryImageOfPage\":{\"@id\":\"http:\/\/elregionalvm.com.ar\/noticias-villa-maria\/mas-de-una-treintena-de-instructores-reciben-capacitacion-para-renovar-la-matricula-que-los-habilita-a-otorgar-licencias-de-conducir\/#primaryimage\"},\"image\":{\"@id\":\"http:\/\/elregionalvm.com.ar\/noticias-villa-maria\/mas-de-una-treintena-de-instructores-reciben-capacitacion-para-renovar-la-matricula-que-los-habilita-a-otorgar-licencias-de-conducir\/#primaryimage\"},\"thumbnailUrl\":\"https:\/\/i0.wp.com\/elregionalvm.com.ar\/noticias-villa-maria\/wp-content\/uploads\/2023\/03\/WhatsApp-Image-2023-03-21-at-14.43.01.jpeg?fit=1600%2C1066&ssl=1\",\"datePublished\":\"2023-03-21T21:13:51+00:00\",\"dateModified\":\"2023-03-21T22:30:24+00:00\",\"author\":{\"@id\":\"http:\/\/elregionalvm.com.ar\/noticias-villa-maria\/#\/schema\/person\/a0fb9c422317faca23d50163151bc354\"},\"breadcrumb\":{\"@id\":\"http:\/\/elregionalvm.com.ar\/noticias-villa-maria\/mas-de-una-treintena-de-instructores-reciben-capacitacion-para-renovar-la-matricula-que-los-habilita-a-otorgar-licencias-de-conducir\/#breadcrumb\"},\"inLanguage\":\"es\",\"potentialAction\":[{\"@type\":\"ReadAction\",\"target\":[\"http:\/\/elregionalvm.com.ar\/noticias-villa-maria\/mas-de-una-treintena-de-instructores-reciben-capacitacion-para-renovar-la-matricula-que-los-habilita-a-otorgar-licencias-de-conducir\/\"]}]},{\"@type\":\"ImageObject\",\"inLanguage\":\"es\",\"@id\":\"http:\/\/elregionalvm.com.ar\/noticias-villa-maria\/mas-de-una-treintena-de-instructores-reciben-capacitacion-para-renovar-la-matricula-que-los-habilita-a-otorgar-licencias-de-conducir\/#primaryimage\",\"url\":\"https:\/\/i0.wp.com\/elregionalvm.com.ar\/noticias-villa-maria\/wp-content\/uploads\/2023\/03\/WhatsApp-Image-2023-03-21-at-14.43.01.jpeg?fit=1600%2C1066&ssl=1\",\"contentUrl\":\"https:\/\/i0.wp.com\/elregionalvm.com.ar\/noticias-villa-maria\/wp-content\/uploads\/2023\/03\/WhatsApp-Image-2023-03-21-at-14.43.01.jpeg?fit=1600%2C1066&ssl=1\",\"width\":1600,\"height\":1066},{\"@type\":\"BreadcrumbList\",\"@id\":\"http:\/\/elregionalvm.com.ar\/noticias-villa-maria\/mas-de-una-treintena-de-instructores-reciben-capacitacion-para-renovar-la-matricula-que-los-habilita-a-otorgar-licencias-de-conducir\/#breadcrumb\",\"itemListElement\":[{\"@type\":\"ListItem\",\"position\":1,\"name\":\"Portada\",\"item\":\"https:\/\/elregionalvm.com.ar\/noticias-villa-maria\/\"},{\"@type\":\"ListItem\",\"position\":2,\"name\":\"M\u00e1s de una treintena de instructores de tr\u00e1nsito fueron capacitados\"}]},{\"@type\":\"WebSite\",\"@id\":\"http:\/\/elregionalvm.com.ar\/noticias-villa-maria\/#website\",\"url\":\"http:\/\/elregionalvm.com.ar\/noticias-villa-maria\/\",\"name\":\"El Regional\",\"description\":\"Mucho m\u00e1s que informaci\u00f3n\",\"potentialAction\":[{\"@type\":\"SearchAction\",\"target\":{\"@type\":\"EntryPoint\",\"urlTemplate\":\"http:\/\/elregionalvm.com.ar\/noticias-villa-maria\/?s={search_term_string}\"},\"query-input\":{\"@type\":\"PropertyValueSpecification\",\"valueRequired\":true,\"valueName\":\"search_term_string\"}}],\"inLanguage\":\"es\"},{\"@type\":\"Person\",\"@id\":\"http:\/\/elregionalvm.com.ar\/noticias-villa-maria\/#\/schema\/person\/a0fb9c422317faca23d50163151bc354\",\"name\":\"Contenidos El Regional\",\"image\":{\"@type\":\"ImageObject\",\"inLanguage\":\"es\",\"@id\":\"http:\/\/elregionalvm.com.ar\/noticias-villa-maria\/#\/schema\/person\/image\/\",\"url\":\"https:\/\/secure.gravatar.com\/avatar\/265b27cb2209af7bb3a1318f03305787d7981a5cc6e6cd08fe5a4ecdf99d4b48?s=96&d=mm&r=g\",\"contentUrl\":\"https:\/\/secure.gravatar.com\/avatar\/265b27cb2209af7bb3a1318f03305787d7981a5cc6e6cd08fe5a4ecdf99d4b48?s=96&d=mm&r=g\",\"caption\":\"Contenidos El Regional\"},\"url\":\"https:\/\/elregionalvm.com.ar\/noticias-villa-maria\/author\/contenido\/\"}]}<\/script>\n<!-- \/ Yoast SEO plugin. -->","yoast_head_json":{"title":"M\u00e1s de una treintena de instructores de tr\u00e1nsito fueron capacitados - El Regional","robots":{"index":"index","follow":"follow","max-snippet":"max-snippet:-1","max-image-preview":"max-image-preview:large","max-video-preview":"max-video-preview:-1"},"canonical":"http:\/\/elregionalvm.com.ar\/noticias-villa-maria\/mas-de-una-treintena-de-instructores-reciben-capacitacion-para-renovar-la-matricula-que-los-habilita-a-otorgar-licencias-de-conducir\/","og_locale":"es_ES","og_type":"article","og_title":"M\u00e1s de una treintena de instructores de tr\u00e1nsito fueron capacitados - El Regional","og_description":"El municipio junto a la Agencia Nacional de Seguridad Vial brindar\u00e1n, entre hoy y ma\u00f1ana, un espacio de capacitaci\u00f3n destinado a Instructores y Evaluadores que otorgan las licencias de conducir en los centros emisores, tanto de Villa Mar\u00eda como la regi\u00f3n. En esta oportunidad, son 33 las personas que renovar\u00e1n su matr\u00edcula por un per\u00edodo [&hellip;]","og_url":"http:\/\/elregionalvm.com.ar\/noticias-villa-maria\/mas-de-una-treintena-de-instructores-reciben-capacitacion-para-renovar-la-matricula-que-los-habilita-a-otorgar-licencias-de-conducir\/","og_site_name":"El Regional","article_publisher":"https:\/\/www.facebook.com\/elregionalvm","article_published_time":"2023-03-21T21:13:51+00:00","article_modified_time":"2023-03-21T22:30:24+00:00","og_image":[{"width":1600,"height":1066,"url":"http:\/\/elregionalvm.com.ar\/noticias-villa-maria\/wp-content\/uploads\/2023\/03\/WhatsApp-Image-2023-03-21-at-14.43.01.jpeg","type":"image\/jpeg"}],"author":"Contenidos El Regional","twitter_card":"summary_large_image","twitter_creator":"@elregionalvm1","twitter_site":"@elregionalvm1","twitter_misc":{"Escrito por":"Contenidos El Regional","Tiempo de lectura":"2 minutos"},"schema":{"@context":"https:\/\/schema.org","@graph":[{"@type":"Article","@id":"http:\/\/elregionalvm.com.ar\/noticias-villa-maria\/mas-de-una-treintena-de-instructores-reciben-capacitacion-para-renovar-la-matricula-que-los-habilita-a-otorgar-licencias-de-conducir\/#article","isPartOf":{"@id":"http:\/\/elregionalvm.com.ar\/noticias-villa-maria\/mas-de-una-treintena-de-instructores-reciben-capacitacion-para-renovar-la-matricula-que-los-habilita-a-otorgar-licencias-de-conducir\/"},"author":{"name":"Contenidos El Regional","@id":"http:\/\/elregionalvm.com.ar\/noticias-villa-maria\/#\/schema\/person\/a0fb9c422317faca23d50163151bc354"},"headline":"M\u00e1s de una treintena de instructores de tr\u00e1nsito fueron capacitados","datePublished":"2023-03-21T21:13:51+00:00","dateModified":"2023-03-21T22:30:24+00:00","mainEntityOfPage":{"@id":"http:\/\/elregionalvm.com.ar\/noticias-villa-maria\/mas-de-una-treintena-de-instructores-reciben-capacitacion-para-renovar-la-matricula-que-los-habilita-a-otorgar-licencias-de-conducir\/"},"wordCount":402,"commentCount":0,"image":{"@id":"http:\/\/elregionalvm.com.ar\/noticias-villa-maria\/mas-de-una-treintena-de-instructores-reciben-capacitacion-para-renovar-la-matricula-que-los-habilita-a-otorgar-licencias-de-conducir\/#primaryimage"},"thumbnailUrl":"https:\/\/i0.wp.com\/elregionalvm.com.ar\/noticias-villa-maria\/wp-content\/uploads\/2023\/03\/WhatsApp-Image-2023-03-21-at-14.43.01.jpeg?fit=1600%2C1066&ssl=1","articleSection":["destacado","Villa Mar\u00eda"],"inLanguage":"es","potentialAction":[{"@type":"CommentAction","name":"Comment","target":["http:\/\/elregionalvm.com.ar\/noticias-villa-maria\/mas-de-una-treintena-de-instructores-reciben-capacitacion-para-renovar-la-matricula-que-los-habilita-a-otorgar-licencias-de-conducir\/#respond"]}]},{"@type":"WebPage","@id":"http:\/\/elregionalvm.com.ar\/noticias-villa-maria\/mas-de-una-treintena-de-instructores-reciben-capacitacion-para-renovar-la-matricula-que-los-habilita-a-otorgar-licencias-de-conducir\/","url":"http:\/\/elregionalvm.com.ar\/noticias-villa-maria\/mas-de-una-treintena-de-instructores-reciben-capacitacion-para-renovar-la-matricula-que-los-habilita-a-otorgar-licencias-de-conducir\/","name":"M\u00e1s de una treintena de instructores de tr\u00e1nsito fueron capacitados - El Regional","isPartOf":{"@id":"http:\/\/elregionalvm.com.ar\/noticias-villa-maria\/#website"},"primaryImageOfPage":{"@id":"http:\/\/elregionalvm.com.ar\/noticias-villa-maria\/mas-de-una-treintena-de-instructores-reciben-capacitacion-para-renovar-la-matricula-que-los-habilita-a-otorgar-licencias-de-conducir\/#primaryimage"},"image":{"@id":"http:\/\/elregionalvm.com.ar\/noticias-villa-maria\/mas-de-una-treintena-de-instructores-reciben-capacitacion-para-renovar-la-matricula-que-los-habilita-a-otorgar-licencias-de-conducir\/#primaryimage"},"thumbnailUrl":"https:\/\/i0.wp.com\/elregionalvm.com.ar\/noticias-villa-maria\/wp-content\/uploads\/2023\/03\/WhatsApp-Image-2023-03-21-at-14.43.01.jpeg?fit=1600%2C1066&ssl=1","datePublished":"2023-03-21T21:13:51+00:00","dateModified":"2023-03-21T22:30:24+00:00","author":{"@id":"http:\/\/elregionalvm.com.ar\/noticias-villa-maria\/#\/schema\/person\/a0fb9c422317faca23d50163151bc354"},"breadcrumb":{"@id":"http:\/\/elregionalvm.com.ar\/noticias-villa-maria\/mas-de-una-treintena-de-instructores-reciben-capacitacion-para-renovar-la-matricula-que-los-habilita-a-otorgar-licencias-de-conducir\/#breadcrumb"},"inLanguage":"es","potentialAction":[{"@type":"ReadAction","target":["http:\/\/elregionalvm.com.ar\/noticias-villa-maria\/mas-de-una-treintena-de-instructores-reciben-capacitacion-para-renovar-la-matricula-que-los-habilita-a-otorgar-licencias-de-conducir\/"]}]},{"@type":"ImageObject","inLanguage":"es","@id":"http:\/\/elregionalvm.com.ar\/noticias-villa-maria\/mas-de-una-treintena-de-instructores-reciben-capacitacion-para-renovar-la-matricula-que-los-habilita-a-otorgar-licencias-de-conducir\/#primaryimage","url":"https:\/\/i0.wp.com\/elregionalvm.com.ar\/noticias-villa-maria\/wp-content\/uploads\/2023\/03\/WhatsApp-Image-2023-03-21-at-14.43.01.jpeg?fit=1600%2C1066&ssl=1","contentUrl":"https:\/\/i0.wp.com\/elregionalvm.com.ar\/noticias-villa-maria\/wp-content\/uploads\/2023\/03\/WhatsApp-Image-2023-03-21-at-14.43.01.jpeg?fit=1600%2C1066&ssl=1","width":1600,"height":1066},{"@type":"BreadcrumbList","@id":"http:\/\/elregionalvm.com.ar\/noticias-villa-maria\/mas-de-una-treintena-de-instructores-reciben-capacitacion-para-renovar-la-matricula-que-los-habilita-a-otorgar-licencias-de-conducir\/#breadcrumb","itemListElement":[{"@type":"ListItem","position":1,"name":"Portada","item":"https:\/\/elregionalvm.com.ar\/noticias-villa-maria\/"},{"@type":"ListItem","position":2,"name":"M\u00e1s de una treintena de instructores de tr\u00e1nsito fueron capacitados"}]},{"@type":"WebSite","@id":"http:\/\/elregionalvm.com.ar\/noticias-villa-maria\/#website","url":"http:\/\/elregionalvm.com.ar\/noticias-villa-maria\/","name":"El Regional","description":"Mucho m\u00e1s que informaci\u00f3n","potentialAction":[{"@type":"SearchAction","target":{"@type":"EntryPoint","urlTemplate":"http:\/\/elregionalvm.com.ar\/noticias-villa-maria\/?s={search_term_string}"},"query-input":{"@type":"PropertyValueSpecification","valueRequired":true,"valueName":"search_term_string"}}],"inLanguage":"es"},{"@type":"Person","@id":"http:\/\/elregionalvm.com.ar\/noticias-villa-maria\/#\/schema\/person\/a0fb9c422317faca23d50163151bc354","name":"Contenidos El Regional","image":{"@type":"ImageObject","inLanguage":"es","@id":"http:\/\/elregionalvm.com.ar\/noticias-villa-maria\/#\/schema\/person\/image\/","url":"https:\/\/secure.gravatar.com\/avatar\/265b27cb2209af7bb3a1318f03305787d7981a5cc6e6cd08fe5a4ecdf99d4b48?s=96&d=mm&r=g","contentUrl":"https:\/\/secure.gravatar.com\/avatar\/265b27cb2209af7bb3a1318f03305787d7981a5cc6e6cd08fe5a4ecdf99d4b48?s=96&d=mm&r=g","caption":"Contenidos El Regional"},"url":"https:\/\/elregionalvm.com.ar\/noticias-villa-maria\/author\/contenido\/"}]}},"jetpack_featured_media_url":"https:\/\/i0.wp.com\/elregionalvm.com.ar\/noticias-villa-maria\/wp-content\/uploads\/2023\/03\/WhatsApp-Image-2023-03-21-at-14.43.01.jpeg?fit=1600%2C1066&ssl=1","jetpack_sharing_enabled":true,"_links":{"self":[{"href":"https:\/\/elregionalvm.com.ar\/noticias-villa-maria\/wp-json\/wp\/v2\/posts\/73539","targetHints":{"allow":["GET"]}}],"collection":[{"href":"https:\/\/elregionalvm.com.ar\/noticias-villa-maria\/wp-json\/wp\/v2\/posts"}],"about":[{"href":"https:\/\/elregionalvm.com.ar\/noticias-villa-maria\/wp-json\/wp\/v2\/types\/post"}],"author":[{"embeddable":true,"href":"https:\/\/elregionalvm.com.ar\/noticias-villa-maria\/wp-json\/wp\/v2\/users\/4"}],"replies":[{"embeddable":true,"href":"https:\/\/elregionalvm.com.ar\/noticias-villa-maria\/wp-json\/wp\/v2\/comments?post=73539"}],"version-history":[{"count":3,"href":"https:\/\/elregionalvm.com.ar\/noticias-villa-maria\/wp-json\/wp\/v2\/posts\/73539\/revisions"}],"predecessor-version":[{"id":73577,"href":"https:\/\/elregionalvm.com.ar\/noticias-villa-maria\/wp-json\/wp\/v2\/posts\/73539\/revisions\/73577"}],"wp:featuredmedia":[{"embeddable":true,"href":"https:\/\/elregionalvm.com.ar\/noticias-villa-maria\/wp-json\/wp\/v2\/media\/73541"}],"wp:attachment":[{"href":"https:\/\/elregionalvm.com.ar\/noticias-villa-maria\/wp-json\/wp\/v2\/media?parent=73539"}],"wp:term":[{"taxonomy":"category","embeddable":true,"href":"https:\/\/elregionalvm.com.ar\/noticias-villa-maria\/wp-json\/wp\/v2\/categories?post=73539"},{"taxonomy":"post_tag","embeddable":true,"href":"https:\/\/elregionalvm.com.ar\/noticias-villa-maria\/wp-json\/wp\/v2\/tags?post=73539"}],"curies":[{"name":"wp","href":"https:\/\/api.w.org\/{rel}","templated":true}]}}