{"id":73543,"date":"2023-03-21T21:18:59","date_gmt":"2023-03-21T21:18:59","guid":{"rendered":"https:\/\/elregionalvm.com.ar\/noticias-villa-maria\/?p=73543"},"modified":"2023-03-21T22:30:51","modified_gmt":"2023-03-21T22:30:51","slug":"gill-acompano-al-ministro-busso-en-la-presentacion-del-programa-la-huerta-en-tu-hogar","status":"publish","type":"post","link":"https:\/\/elregionalvm.com.ar\/noticias-villa-maria\/gill-acompano-al-ministro-busso-en-la-presentacion-del-programa-la-huerta-en-tu-hogar\/","title":{"rendered":"Se present\u00f3 el programa La Huerta en Tu Hogar"},"content":{"rendered":"\n<p>El intendente Mart\u00edn Gill acompa\u00f1\u00f3 al ministro de Ganader\u00eda y Agricultura de la Provincia, Sergio Busso, en su paso por la ciudad para participar del lanzamiento de la nueva temporada oto\u00f1o &#8211; invierno 2023 del Programa La Huerta en Tu Hogar, mediante el cual se fortalece la econom\u00eda familiar a trav\u00e9s del desarrollo de huertas domiciliarias.<\/p>\n\n\n\n<p> Adem\u00e1s, la oportunidad fue tambi\u00e9n propicia para hacer entrega de beneficios a productores de la regi\u00f3n que forman parte del Programa de Buenas Pr\u00e1cticas Agr\u00edcolas (BPA), para el desarrollo de una actividad agropecuaria sostenible.<\/p>\n\n\n\n<p>El titular de la cartera agropecuaria provincial destac\u00f3, en el acto que se llev\u00f3 a cabo en la Sociedad Rural, que el programa \u201ctermina siendo una pol\u00edtica de estado\u201d, al adquirir la legitimidad y consenso del sector privado y p\u00fablico, \u201cencontrando una idea para que los productores puedan producir con un fuerte compromiso socioambiental\u201d.<\/p>\n\n\n\n<figure class=\"wp-block-image size-large\"><img data-recalc-dims=\"1\" fetchpriority=\"high\" decoding=\"async\" width=\"1024\" height=\"682\" src=\"https:\/\/i0.wp.com\/elregionalvm.com.ar\/noticias-villa-maria\/wp-content\/uploads\/2023\/03\/WhatsApp-Image-2023-03-21-at-15.16.07-1.jpeg?resize=1024%2C682&#038;ssl=1\" alt=\"\" class=\"wp-image-73545\" srcset=\"https:\/\/i0.wp.com\/elregionalvm.com.ar\/noticias-villa-maria\/wp-content\/uploads\/2023\/03\/WhatsApp-Image-2023-03-21-at-15.16.07-1.jpeg?resize=1024%2C682&amp;ssl=1 1024w, https:\/\/i0.wp.com\/elregionalvm.com.ar\/noticias-villa-maria\/wp-content\/uploads\/2023\/03\/WhatsApp-Image-2023-03-21-at-15.16.07-1.jpeg?resize=300%2C200&amp;ssl=1 300w, https:\/\/i0.wp.com\/elregionalvm.com.ar\/noticias-villa-maria\/wp-content\/uploads\/2023\/03\/WhatsApp-Image-2023-03-21-at-15.16.07-1.jpeg?resize=768%2C512&amp;ssl=1 768w, https:\/\/i0.wp.com\/elregionalvm.com.ar\/noticias-villa-maria\/wp-content\/uploads\/2023\/03\/WhatsApp-Image-2023-03-21-at-15.16.07-1.jpeg?resize=1536%2C1023&amp;ssl=1 1536w, https:\/\/i0.wp.com\/elregionalvm.com.ar\/noticias-villa-maria\/wp-content\/uploads\/2023\/03\/WhatsApp-Image-2023-03-21-at-15.16.07-1.jpeg?w=1600&amp;ssl=1 1600w\" sizes=\"(max-width: 1000px) 100vw, 1000px\" \/><\/figure>\n\n\n\n<p>Adem\u00e1s, Busso se hizo presente en la Universidad Nacional de Villa Mar\u00eda, donde tuvo lugar el lanzamiento a nivel provincial del Programa Integraci\u00f3n con la Comunidad. <\/p>\n\n\n\n<p>A trav\u00e9s de esta instancia, la casa de altos estudios desarrolla diagn\u00f3sticos para buscar soluciones integrales a las problem\u00e1ticas que se generan entre el sector urbano y el agropecuario, denominado zonas periurbanas, tanto de la ciudad como de localidades de la regi\u00f3n.<\/p>\n\n\n\n<p>Por su parte, el mandatario local se refiri\u00f3 al cambio de paradigma en cuanto a la actividad rural: \u201cEl Programa de BPA impulsa un cambio cultural en la producci\u00f3n hacia un modelo m\u00e1s rentable pero tambi\u00e9n sustentable, cuidando el recurso que se produce junto al entorno; generando una experiencia innovadora en el sector agropecuario\u201d.<\/p>\n\n\n\n<p> Adem\u00e1s se refiri\u00f3 a la iniciativa hort\u00edcola, destacando que es una \u201coportunidad para acompa\u00f1ar a la econom\u00eda familiar\u201d, mediante la producci\u00f3n de frutas y hortalizas desde \u201cuna cultura que respeta el entorno e impulsa la producci\u00f3n sostenible\u201d.<\/p>\n\n\n\n<figure class=\"wp-block-image size-large\"><img data-recalc-dims=\"1\" decoding=\"async\" width=\"1024\" height=\"682\" src=\"https:\/\/i0.wp.com\/elregionalvm.com.ar\/noticias-villa-maria\/wp-content\/uploads\/2023\/03\/WhatsApp-Image-2023-03-21-at-15.16.06.jpeg?resize=1024%2C682&#038;ssl=1\" alt=\"\" class=\"wp-image-73547\" srcset=\"https:\/\/i0.wp.com\/elregionalvm.com.ar\/noticias-villa-maria\/wp-content\/uploads\/2023\/03\/WhatsApp-Image-2023-03-21-at-15.16.06.jpeg?resize=1024%2C682&amp;ssl=1 1024w, https:\/\/i0.wp.com\/elregionalvm.com.ar\/noticias-villa-maria\/wp-content\/uploads\/2023\/03\/WhatsApp-Image-2023-03-21-at-15.16.06.jpeg?resize=300%2C200&amp;ssl=1 300w, https:\/\/i0.wp.com\/elregionalvm.com.ar\/noticias-villa-maria\/wp-content\/uploads\/2023\/03\/WhatsApp-Image-2023-03-21-at-15.16.06.jpeg?resize=768%2C512&amp;ssl=1 768w, https:\/\/i0.wp.com\/elregionalvm.com.ar\/noticias-villa-maria\/wp-content\/uploads\/2023\/03\/WhatsApp-Image-2023-03-21-at-15.16.06.jpeg?resize=1536%2C1023&amp;ssl=1 1536w, https:\/\/i0.wp.com\/elregionalvm.com.ar\/noticias-villa-maria\/wp-content\/uploads\/2023\/03\/WhatsApp-Image-2023-03-21-at-15.16.06.jpeg?w=1600&amp;ssl=1 1600w\" sizes=\"(max-width: 1000px) 100vw, 1000px\" \/><\/figure>\n\n\n\n<p>De la presentaci\u00f3n tambi\u00e9n participaron el secretario de Comercio, Juan Pablo Inglese; el jefe de Gabinete, H\u00e9ctor Mu\u00f1oz; el presidente de la Sociedad Rural de Villa Mar\u00eda, Juan Jos\u00e9 Reale, y las legisladoras provinciales Nora Bedano y Liliana Abraham.<\/p>\n","protected":false},"excerpt":{"rendered":"<p>El intendente Mart\u00edn Gill acompa\u00f1\u00f3 al ministro de Ganader\u00eda y Agricultura de la Provincia, Sergio Busso, en su paso por la ciudad para participar del lanzamiento de la nueva temporada oto\u00f1o &#8211; invierno 2023 del Programa La Huerta en Tu Hogar, mediante el cual se fortalece la econom\u00eda familiar a trav\u00e9s del desarrollo de huertas [&hellip;]<\/p>\n","protected":false},"author":4,"featured_media":73546,"comment_status":"open","ping_status":"open","sticky":false,"template":"","format":"standard","meta":{"site-sidebar-layout":"default","site-content-layout":"","ast-site-content-layout":"default","site-content-style":"default","site-sidebar-style":"default","ast-global-header-display":"","ast-banner-title-visibility":"","ast-main-header-display":"","ast-hfb-above-header-display":"","ast-hfb-below-header-display":"","ast-hfb-mobile-header-display":"","site-post-title":"","ast-breadcrumbs-content":"","ast-featured-img":"","footer-sml-layout":"","ast-disable-related-posts":"","theme-transparent-header-meta":"","adv-header-id-meta":"","stick-header-meta":"","header-above-stick-meta":"","header-main-stick-meta":"","header-below-stick-meta":"","astra-migrate-meta-layouts":"default","ast-page-background-enabled":"default","ast-page-background-meta":{"desktop":{"background-color":"","background-image":"","background-repeat":"repeat","background-position":"center center","background-size":"auto","background-attachment":"scroll","background-type":"","background-media":"","overlay-type":"","overlay-color":"","overlay-opacity":"","overlay-gradient":""},"tablet":{"background-color":"","background-image":"","background-repeat":"repeat","background-position":"center center","background-size":"auto","background-attachment":"scroll","background-type":"","background-media":"","overlay-type":"","overlay-color":"","overlay-opacity":"","overlay-gradient":""},"mobile":{"background-color":"","background-image":"","background-repeat":"repeat","background-position":"center center","background-size":"auto","background-attachment":"scroll","background-type":"","background-media":"","overlay-type":"","overlay-color":"","overlay-opacity":"","overlay-gradient":""}},"ast-content-background-meta":{"desktop":{"background-color":"var(--ast-global-color-5)","background-image":"","background-repeat":"repeat","background-position":"center center","background-size":"auto","background-attachment":"scroll","background-type":"","background-media":"","overlay-type":"","overlay-color":"","overlay-opacity":"","overlay-gradient":""},"tablet":{"background-color":"var(--ast-global-color-5)","background-image":"","background-repeat":"repeat","background-position":"center center","background-size":"auto","background-attachment":"scroll","background-type":"","background-media":"","overlay-type":"","overlay-color":"","overlay-opacity":"","overlay-gradient":""},"mobile":{"background-color":"var(--ast-global-color-5)","background-image":"","background-repeat":"repeat","background-position":"center center","background-size":"auto","background-attachment":"scroll","background-type":"","background-media":"","overlay-type":"","overlay-color":"","overlay-opacity":"","overlay-gradient":""}},"_jetpack_memberships_contains_paid_content":false,"_joinchat":[],"footnotes":""},"categories":[5,2],"tags":[],"class_list":["post-73543","post","type-post","status-publish","format-standard","has-post-thumbnail","hentry","category-sociedad","category-villa-maria"],"yoast_head":"<!-- This site is optimized with the Yoast SEO plugin v26.8 - https:\/\/yoast.com\/product\/yoast-seo-wordpress\/ -->\n<title>Se present\u00f3 el programa La Huerta en Tu Hogar - El Regional<\/title>\n<meta name=\"robots\" content=\"index, follow, max-snippet:-1, max-image-preview:large, max-video-preview:-1\" \/>\n<link rel=\"canonical\" href=\"http:\/\/elregionalvm.com.ar\/noticias-villa-maria\/gill-acompano-al-ministro-busso-en-la-presentacion-del-programa-la-huerta-en-tu-hogar\/\" \/>\n<meta property=\"og:locale\" content=\"es_ES\" \/>\n<meta property=\"og:type\" content=\"article\" \/>\n<meta property=\"og:title\" content=\"Se present\u00f3 el programa La Huerta en Tu Hogar - El Regional\" \/>\n<meta property=\"og:description\" content=\"El intendente Mart\u00edn Gill acompa\u00f1\u00f3 al ministro de Ganader\u00eda y Agricultura de la Provincia, Sergio Busso, en su paso por la ciudad para participar del lanzamiento de la nueva temporada oto\u00f1o &#8211; invierno 2023 del Programa La Huerta en Tu Hogar, mediante el cual se fortalece la econom\u00eda familiar a trav\u00e9s del desarrollo de huertas [&hellip;]\" \/>\n<meta property=\"og:url\" content=\"http:\/\/elregionalvm.com.ar\/noticias-villa-maria\/gill-acompano-al-ministro-busso-en-la-presentacion-del-programa-la-huerta-en-tu-hogar\/\" \/>\n<meta property=\"og:site_name\" content=\"El Regional\" \/>\n<meta property=\"article:publisher\" content=\"https:\/\/www.facebook.com\/elregionalvm\" \/>\n<meta property=\"article:published_time\" content=\"2023-03-21T21:18:59+00:00\" \/>\n<meta property=\"article:modified_time\" content=\"2023-03-21T22:30:51+00:00\" \/>\n<meta property=\"og:image\" content=\"http:\/\/elregionalvm.com.ar\/noticias-villa-maria\/wp-content\/uploads\/2023\/03\/WhatsApp-Image-2023-03-21-at-15.16.07.jpeg\" \/>\n\t<meta property=\"og:image:width\" content=\"1600\" \/>\n\t<meta property=\"og:image:height\" content=\"1066\" \/>\n\t<meta property=\"og:image:type\" content=\"image\/jpeg\" \/>\n<meta name=\"author\" content=\"Contenidos El Regional\" \/>\n<meta name=\"twitter:card\" content=\"summary_large_image\" \/>\n<meta name=\"twitter:creator\" content=\"@elregionalvm1\" \/>\n<meta name=\"twitter:site\" content=\"@elregionalvm1\" \/>\n<meta name=\"twitter:label1\" content=\"Escrito por\" \/>\n\t<meta name=\"twitter:data1\" content=\"Contenidos El Regional\" \/>\n\t<meta name=\"twitter:label2\" content=\"Tiempo de lectura\" \/>\n\t<meta name=\"twitter:data2\" content=\"2 minutos\" \/>\n<script type=\"application\/ld+json\" class=\"yoast-schema-graph\">{\"@context\":\"https:\/\/schema.org\",\"@graph\":[{\"@type\":\"Article\",\"@id\":\"http:\/\/elregionalvm.com.ar\/noticias-villa-maria\/gill-acompano-al-ministro-busso-en-la-presentacion-del-programa-la-huerta-en-tu-hogar\/#article\",\"isPartOf\":{\"@id\":\"http:\/\/elregionalvm.com.ar\/noticias-villa-maria\/gill-acompano-al-ministro-busso-en-la-presentacion-del-programa-la-huerta-en-tu-hogar\/\"},\"author\":{\"name\":\"Contenidos El Regional\",\"@id\":\"http:\/\/elregionalvm.com.ar\/noticias-villa-maria\/#\/schema\/person\/a0fb9c422317faca23d50163151bc354\"},\"headline\":\"Se present\u00f3 el programa La Huerta en Tu Hogar\",\"datePublished\":\"2023-03-21T21:18:59+00:00\",\"dateModified\":\"2023-03-21T22:30:51+00:00\",\"mainEntityOfPage\":{\"@id\":\"http:\/\/elregionalvm.com.ar\/noticias-villa-maria\/gill-acompano-al-ministro-busso-en-la-presentacion-del-programa-la-huerta-en-tu-hogar\/\"},\"wordCount\":383,\"commentCount\":0,\"image\":{\"@id\":\"http:\/\/elregionalvm.com.ar\/noticias-villa-maria\/gill-acompano-al-ministro-busso-en-la-presentacion-del-programa-la-huerta-en-tu-hogar\/#primaryimage\"},\"thumbnailUrl\":\"https:\/\/i0.wp.com\/elregionalvm.com.ar\/noticias-villa-maria\/wp-content\/uploads\/2023\/03\/WhatsApp-Image-2023-03-21-at-15.16.07.jpeg?fit=1600%2C1066&ssl=1\",\"articleSection\":[\"Sociedad\",\"Villa Mar\u00eda\"],\"inLanguage\":\"es\",\"potentialAction\":[{\"@type\":\"CommentAction\",\"name\":\"Comment\",\"target\":[\"http:\/\/elregionalvm.com.ar\/noticias-villa-maria\/gill-acompano-al-ministro-busso-en-la-presentacion-del-programa-la-huerta-en-tu-hogar\/#respond\"]}]},{\"@type\":\"WebPage\",\"@id\":\"http:\/\/elregionalvm.com.ar\/noticias-villa-maria\/gill-acompano-al-ministro-busso-en-la-presentacion-del-programa-la-huerta-en-tu-hogar\/\",\"url\":\"http:\/\/elregionalvm.com.ar\/noticias-villa-maria\/gill-acompano-al-ministro-busso-en-la-presentacion-del-programa-la-huerta-en-tu-hogar\/\",\"name\":\"Se present\u00f3 el programa La Huerta en Tu Hogar - El Regional\",\"isPartOf\":{\"@id\":\"http:\/\/elregionalvm.com.ar\/noticias-villa-maria\/#website\"},\"primaryImageOfPage\":{\"@id\":\"http:\/\/elregionalvm.com.ar\/noticias-villa-maria\/gill-acompano-al-ministro-busso-en-la-presentacion-del-programa-la-huerta-en-tu-hogar\/#primaryimage\"},\"image\":{\"@id\":\"http:\/\/elregionalvm.com.ar\/noticias-villa-maria\/gill-acompano-al-ministro-busso-en-la-presentacion-del-programa-la-huerta-en-tu-hogar\/#primaryimage\"},\"thumbnailUrl\":\"https:\/\/i0.wp.com\/elregionalvm.com.ar\/noticias-villa-maria\/wp-content\/uploads\/2023\/03\/WhatsApp-Image-2023-03-21-at-15.16.07.jpeg?fit=1600%2C1066&ssl=1\",\"datePublished\":\"2023-03-21T21:18:59+00:00\",\"dateModified\":\"2023-03-21T22:30:51+00:00\",\"author\":{\"@id\":\"http:\/\/elregionalvm.com.ar\/noticias-villa-maria\/#\/schema\/person\/a0fb9c422317faca23d50163151bc354\"},\"breadcrumb\":{\"@id\":\"http:\/\/elregionalvm.com.ar\/noticias-villa-maria\/gill-acompano-al-ministro-busso-en-la-presentacion-del-programa-la-huerta-en-tu-hogar\/#breadcrumb\"},\"inLanguage\":\"es\",\"potentialAction\":[{\"@type\":\"ReadAction\",\"target\":[\"http:\/\/elregionalvm.com.ar\/noticias-villa-maria\/gill-acompano-al-ministro-busso-en-la-presentacion-del-programa-la-huerta-en-tu-hogar\/\"]}]},{\"@type\":\"ImageObject\",\"inLanguage\":\"es\",\"@id\":\"http:\/\/elregionalvm.com.ar\/noticias-villa-maria\/gill-acompano-al-ministro-busso-en-la-presentacion-del-programa-la-huerta-en-tu-hogar\/#primaryimage\",\"url\":\"https:\/\/i0.wp.com\/elregionalvm.com.ar\/noticias-villa-maria\/wp-content\/uploads\/2023\/03\/WhatsApp-Image-2023-03-21-at-15.16.07.jpeg?fit=1600%2C1066&ssl=1\",\"contentUrl\":\"https:\/\/i0.wp.com\/elregionalvm.com.ar\/noticias-villa-maria\/wp-content\/uploads\/2023\/03\/WhatsApp-Image-2023-03-21-at-15.16.07.jpeg?fit=1600%2C1066&ssl=1\",\"width\":1600,\"height\":1066},{\"@type\":\"BreadcrumbList\",\"@id\":\"http:\/\/elregionalvm.com.ar\/noticias-villa-maria\/gill-acompano-al-ministro-busso-en-la-presentacion-del-programa-la-huerta-en-tu-hogar\/#breadcrumb\",\"itemListElement\":[{\"@type\":\"ListItem\",\"position\":1,\"name\":\"Portada\",\"item\":\"https:\/\/elregionalvm.com.ar\/noticias-villa-maria\/\"},{\"@type\":\"ListItem\",\"position\":2,\"name\":\"Se present\u00f3 el programa La Huerta en Tu Hogar\"}]},{\"@type\":\"WebSite\",\"@id\":\"http:\/\/elregionalvm.com.ar\/noticias-villa-maria\/#website\",\"url\":\"http:\/\/elregionalvm.com.ar\/noticias-villa-maria\/\",\"name\":\"El Regional\",\"description\":\"Mucho m\u00e1s que informaci\u00f3n\",\"potentialAction\":[{\"@type\":\"SearchAction\",\"target\":{\"@type\":\"EntryPoint\",\"urlTemplate\":\"http:\/\/elregionalvm.com.ar\/noticias-villa-maria\/?s={search_term_string}\"},\"query-input\":{\"@type\":\"PropertyValueSpecification\",\"valueRequired\":true,\"valueName\":\"search_term_string\"}}],\"inLanguage\":\"es\"},{\"@type\":\"Person\",\"@id\":\"http:\/\/elregionalvm.com.ar\/noticias-villa-maria\/#\/schema\/person\/a0fb9c422317faca23d50163151bc354\",\"name\":\"Contenidos El Regional\",\"image\":{\"@type\":\"ImageObject\",\"inLanguage\":\"es\",\"@id\":\"http:\/\/elregionalvm.com.ar\/noticias-villa-maria\/#\/schema\/person\/image\/\",\"url\":\"https:\/\/secure.gravatar.com\/avatar\/265b27cb2209af7bb3a1318f03305787d7981a5cc6e6cd08fe5a4ecdf99d4b48?s=96&d=mm&r=g\",\"contentUrl\":\"https:\/\/secure.gravatar.com\/avatar\/265b27cb2209af7bb3a1318f03305787d7981a5cc6e6cd08fe5a4ecdf99d4b48?s=96&d=mm&r=g\",\"caption\":\"Contenidos El Regional\"},\"url\":\"https:\/\/elregionalvm.com.ar\/noticias-villa-maria\/author\/contenido\/\"}]}<\/script>\n<!-- \/ Yoast SEO plugin. -->","yoast_head_json":{"title":"Se present\u00f3 el programa La Huerta en Tu Hogar - El Regional","robots":{"index":"index","follow":"follow","max-snippet":"max-snippet:-1","max-image-preview":"max-image-preview:large","max-video-preview":"max-video-preview:-1"},"canonical":"http:\/\/elregionalvm.com.ar\/noticias-villa-maria\/gill-acompano-al-ministro-busso-en-la-presentacion-del-programa-la-huerta-en-tu-hogar\/","og_locale":"es_ES","og_type":"article","og_title":"Se present\u00f3 el programa La Huerta en Tu Hogar - El Regional","og_description":"El intendente Mart\u00edn Gill acompa\u00f1\u00f3 al ministro de Ganader\u00eda y Agricultura de la Provincia, Sergio Busso, en su paso por la ciudad para participar del lanzamiento de la nueva temporada oto\u00f1o &#8211; invierno 2023 del Programa La Huerta en Tu Hogar, mediante el cual se fortalece la econom\u00eda familiar a trav\u00e9s del desarrollo de huertas [&hellip;]","og_url":"http:\/\/elregionalvm.com.ar\/noticias-villa-maria\/gill-acompano-al-ministro-busso-en-la-presentacion-del-programa-la-huerta-en-tu-hogar\/","og_site_name":"El Regional","article_publisher":"https:\/\/www.facebook.com\/elregionalvm","article_published_time":"2023-03-21T21:18:59+00:00","article_modified_time":"2023-03-21T22:30:51+00:00","og_image":[{"width":1600,"height":1066,"url":"http:\/\/elregionalvm.com.ar\/noticias-villa-maria\/wp-content\/uploads\/2023\/03\/WhatsApp-Image-2023-03-21-at-15.16.07.jpeg","type":"image\/jpeg"}],"author":"Contenidos El Regional","twitter_card":"summary_large_image","twitter_creator":"@elregionalvm1","twitter_site":"@elregionalvm1","twitter_misc":{"Escrito por":"Contenidos El Regional","Tiempo de lectura":"2 minutos"},"schema":{"@context":"https:\/\/schema.org","@graph":[{"@type":"Article","@id":"http:\/\/elregionalvm.com.ar\/noticias-villa-maria\/gill-acompano-al-ministro-busso-en-la-presentacion-del-programa-la-huerta-en-tu-hogar\/#article","isPartOf":{"@id":"http:\/\/elregionalvm.com.ar\/noticias-villa-maria\/gill-acompano-al-ministro-busso-en-la-presentacion-del-programa-la-huerta-en-tu-hogar\/"},"author":{"name":"Contenidos El Regional","@id":"http:\/\/elregionalvm.com.ar\/noticias-villa-maria\/#\/schema\/person\/a0fb9c422317faca23d50163151bc354"},"headline":"Se present\u00f3 el programa La Huerta en Tu Hogar","datePublished":"2023-03-21T21:18:59+00:00","dateModified":"2023-03-21T22:30:51+00:00","mainEntityOfPage":{"@id":"http:\/\/elregionalvm.com.ar\/noticias-villa-maria\/gill-acompano-al-ministro-busso-en-la-presentacion-del-programa-la-huerta-en-tu-hogar\/"},"wordCount":383,"commentCount":0,"image":{"@id":"http:\/\/elregionalvm.com.ar\/noticias-villa-maria\/gill-acompano-al-ministro-busso-en-la-presentacion-del-programa-la-huerta-en-tu-hogar\/#primaryimage"},"thumbnailUrl":"https:\/\/i0.wp.com\/elregionalvm.com.ar\/noticias-villa-maria\/wp-content\/uploads\/2023\/03\/WhatsApp-Image-2023-03-21-at-15.16.07.jpeg?fit=1600%2C1066&ssl=1","articleSection":["Sociedad","Villa Mar\u00eda"],"inLanguage":"es","potentialAction":[{"@type":"CommentAction","name":"Comment","target":["http:\/\/elregionalvm.com.ar\/noticias-villa-maria\/gill-acompano-al-ministro-busso-en-la-presentacion-del-programa-la-huerta-en-tu-hogar\/#respond"]}]},{"@type":"WebPage","@id":"http:\/\/elregionalvm.com.ar\/noticias-villa-maria\/gill-acompano-al-ministro-busso-en-la-presentacion-del-programa-la-huerta-en-tu-hogar\/","url":"http:\/\/elregionalvm.com.ar\/noticias-villa-maria\/gill-acompano-al-ministro-busso-en-la-presentacion-del-programa-la-huerta-en-tu-hogar\/","name":"Se present\u00f3 el programa La Huerta en Tu Hogar - El Regional","isPartOf":{"@id":"http:\/\/elregionalvm.com.ar\/noticias-villa-maria\/#website"},"primaryImageOfPage":{"@id":"http:\/\/elregionalvm.com.ar\/noticias-villa-maria\/gill-acompano-al-ministro-busso-en-la-presentacion-del-programa-la-huerta-en-tu-hogar\/#primaryimage"},"image":{"@id":"http:\/\/elregionalvm.com.ar\/noticias-villa-maria\/gill-acompano-al-ministro-busso-en-la-presentacion-del-programa-la-huerta-en-tu-hogar\/#primaryimage"},"thumbnailUrl":"https:\/\/i0.wp.com\/elregionalvm.com.ar\/noticias-villa-maria\/wp-content\/uploads\/2023\/03\/WhatsApp-Image-2023-03-21-at-15.16.07.jpeg?fit=1600%2C1066&ssl=1","datePublished":"2023-03-21T21:18:59+00:00","dateModified":"2023-03-21T22:30:51+00:00","author":{"@id":"http:\/\/elregionalvm.com.ar\/noticias-villa-maria\/#\/schema\/person\/a0fb9c422317faca23d50163151bc354"},"breadcrumb":{"@id":"http:\/\/elregionalvm.com.ar\/noticias-villa-maria\/gill-acompano-al-ministro-busso-en-la-presentacion-del-programa-la-huerta-en-tu-hogar\/#breadcrumb"},"inLanguage":"es","potentialAction":[{"@type":"ReadAction","target":["http:\/\/elregionalvm.com.ar\/noticias-villa-maria\/gill-acompano-al-ministro-busso-en-la-presentacion-del-programa-la-huerta-en-tu-hogar\/"]}]},{"@type":"ImageObject","inLanguage":"es","@id":"http:\/\/elregionalvm.com.ar\/noticias-villa-maria\/gill-acompano-al-ministro-busso-en-la-presentacion-del-programa-la-huerta-en-tu-hogar\/#primaryimage","url":"https:\/\/i0.wp.com\/elregionalvm.com.ar\/noticias-villa-maria\/wp-content\/uploads\/2023\/03\/WhatsApp-Image-2023-03-21-at-15.16.07.jpeg?fit=1600%2C1066&ssl=1","contentUrl":"https:\/\/i0.wp.com\/elregionalvm.com.ar\/noticias-villa-maria\/wp-content\/uploads\/2023\/03\/WhatsApp-Image-2023-03-21-at-15.16.07.jpeg?fit=1600%2C1066&ssl=1","width":1600,"height":1066},{"@type":"BreadcrumbList","@id":"http:\/\/elregionalvm.com.ar\/noticias-villa-maria\/gill-acompano-al-ministro-busso-en-la-presentacion-del-programa-la-huerta-en-tu-hogar\/#breadcrumb","itemListElement":[{"@type":"ListItem","position":1,"name":"Portada","item":"https:\/\/elregionalvm.com.ar\/noticias-villa-maria\/"},{"@type":"ListItem","position":2,"name":"Se present\u00f3 el programa La Huerta en Tu Hogar"}]},{"@type":"WebSite","@id":"http:\/\/elregionalvm.com.ar\/noticias-villa-maria\/#website","url":"http:\/\/elregionalvm.com.ar\/noticias-villa-maria\/","name":"El Regional","description":"Mucho m\u00e1s que informaci\u00f3n","potentialAction":[{"@type":"SearchAction","target":{"@type":"EntryPoint","urlTemplate":"http:\/\/elregionalvm.com.ar\/noticias-villa-maria\/?s={search_term_string}"},"query-input":{"@type":"PropertyValueSpecification","valueRequired":true,"valueName":"search_term_string"}}],"inLanguage":"es"},{"@type":"Person","@id":"http:\/\/elregionalvm.com.ar\/noticias-villa-maria\/#\/schema\/person\/a0fb9c422317faca23d50163151bc354","name":"Contenidos El Regional","image":{"@type":"ImageObject","inLanguage":"es","@id":"http:\/\/elregionalvm.com.ar\/noticias-villa-maria\/#\/schema\/person\/image\/","url":"https:\/\/secure.gravatar.com\/avatar\/265b27cb2209af7bb3a1318f03305787d7981a5cc6e6cd08fe5a4ecdf99d4b48?s=96&d=mm&r=g","contentUrl":"https:\/\/secure.gravatar.com\/avatar\/265b27cb2209af7bb3a1318f03305787d7981a5cc6e6cd08fe5a4ecdf99d4b48?s=96&d=mm&r=g","caption":"Contenidos El Regional"},"url":"https:\/\/elregionalvm.com.ar\/noticias-villa-maria\/author\/contenido\/"}]}},"jetpack_featured_media_url":"https:\/\/i0.wp.com\/elregionalvm.com.ar\/noticias-villa-maria\/wp-content\/uploads\/2023\/03\/WhatsApp-Image-2023-03-21-at-15.16.07.jpeg?fit=1600%2C1066&ssl=1","jetpack_sharing_enabled":true,"_links":{"self":[{"href":"https:\/\/elregionalvm.com.ar\/noticias-villa-maria\/wp-json\/wp\/v2\/posts\/73543","targetHints":{"allow":["GET"]}}],"collection":[{"href":"https:\/\/elregionalvm.com.ar\/noticias-villa-maria\/wp-json\/wp\/v2\/posts"}],"about":[{"href":"https:\/\/elregionalvm.com.ar\/noticias-villa-maria\/wp-json\/wp\/v2\/types\/post"}],"author":[{"embeddable":true,"href":"https:\/\/elregionalvm.com.ar\/noticias-villa-maria\/wp-json\/wp\/v2\/users\/4"}],"replies":[{"embeddable":true,"href":"https:\/\/elregionalvm.com.ar\/noticias-villa-maria\/wp-json\/wp\/v2\/comments?post=73543"}],"version-history":[{"count":3,"href":"https:\/\/elregionalvm.com.ar\/noticias-villa-maria\/wp-json\/wp\/v2\/posts\/73543\/revisions"}],"predecessor-version":[{"id":73575,"href":"https:\/\/elregionalvm.com.ar\/noticias-villa-maria\/wp-json\/wp\/v2\/posts\/73543\/revisions\/73575"}],"wp:featuredmedia":[{"embeddable":true,"href":"https:\/\/elregionalvm.com.ar\/noticias-villa-maria\/wp-json\/wp\/v2\/media\/73546"}],"wp:attachment":[{"href":"https:\/\/elregionalvm.com.ar\/noticias-villa-maria\/wp-json\/wp\/v2\/media?parent=73543"}],"wp:term":[{"taxonomy":"category","embeddable":true,"href":"https:\/\/elregionalvm.com.ar\/noticias-villa-maria\/wp-json\/wp\/v2\/categories?post=73543"},{"taxonomy":"post_tag","embeddable":true,"href":"https:\/\/elregionalvm.com.ar\/noticias-villa-maria\/wp-json\/wp\/v2\/tags?post=73543"}],"curies":[{"name":"wp","href":"https:\/\/api.w.org\/{rel}","templated":true}]}}