{"id":73544,"date":"2023-03-21T21:22:18","date_gmt":"2023-03-21T21:22:18","guid":{"rendered":"https:\/\/elregionalvm.com.ar\/noticias-villa-maria\/?p=73544"},"modified":"2023-03-21T21:22:20","modified_gmt":"2023-03-21T21:22:20","slug":"apertura-de-sesiones-pozo-del-molle-crece-porque-se-anima-a-sonar","status":"publish","type":"post","link":"https:\/\/elregionalvm.com.ar\/noticias-villa-maria\/apertura-de-sesiones-pozo-del-molle-crece-porque-se-anima-a-sonar\/","title":{"rendered":"Apertura de sesiones: \u201cPozo del Molle, crece porque se anima a so\u00f1ar\u201d"},"content":{"rendered":"\n<p><\/p>\n\n\n\n<p>El intendente interino de la localidad, Fernando Ruiz D\u00edaz, inici\u00f3 el periodo de sesiones ordinarias del Concejo Deliberante.<\/p>\n\n\n\n<p><\/p>\n\n\n\n<figure class=\"wp-block-image size-large\"><img data-recalc-dims=\"1\" fetchpriority=\"high\" decoding=\"async\" width=\"1024\" height=\"631\" src=\"https:\/\/i0.wp.com\/elregionalvm.com.ar\/noticias-villa-maria\/wp-content\/uploads\/2023\/03\/Molle-concejo-deliberante-2023.jpg?resize=1024%2C631&#038;ssl=1\" alt=\"\" class=\"wp-image-73552\" srcset=\"https:\/\/i0.wp.com\/elregionalvm.com.ar\/noticias-villa-maria\/wp-content\/uploads\/2023\/03\/Molle-concejo-deliberante-2023.jpg?resize=1024%2C631&amp;ssl=1 1024w, https:\/\/i0.wp.com\/elregionalvm.com.ar\/noticias-villa-maria\/wp-content\/uploads\/2023\/03\/Molle-concejo-deliberante-2023.jpg?resize=300%2C185&amp;ssl=1 300w, https:\/\/i0.wp.com\/elregionalvm.com.ar\/noticias-villa-maria\/wp-content\/uploads\/2023\/03\/Molle-concejo-deliberante-2023.jpg?resize=768%2C473&amp;ssl=1 768w, https:\/\/i0.wp.com\/elregionalvm.com.ar\/noticias-villa-maria\/wp-content\/uploads\/2023\/03\/Molle-concejo-deliberante-2023.jpg?resize=1536%2C947&amp;ssl=1 1536w, https:\/\/i0.wp.com\/elregionalvm.com.ar\/noticias-villa-maria\/wp-content\/uploads\/2023\/03\/Molle-concejo-deliberante-2023.jpg?w=2048&amp;ssl=1 2048w\" sizes=\"(max-width: 1000px) 100vw, 1000px\" \/><\/figure>\n\n\n\n<p><\/p>\n\n\n\n<p>En su discurso repas\u00f3 todas las obras y acciones de gobierno de los \u00faltimos tres a\u00f1os y las propuestas para este a\u00f1o.<\/p>\n\n\n\n<p>\u00abPozo del Molle, crece porque se anima a so\u00f1ar, cada sue\u00f1o y anhelo de los vecinos y vecinas es trabajando en unidad. Por eso les pido sigamos haciendo juntos\u00bb, enfatiz\u00f3 en su discurso el mandatario local.<\/p>\n\n\n\n<p><\/p>\n\n\n\n<p><strong>A continuaci\u00f3n, presentamos el discurso completo:<\/strong><\/p>\n\n\n\n<p><\/p>\n\n\n\n<p><\/p>\n\n\n\n<div data-wp-interactive=\"core\/file\" class=\"wp-block-file\"><object data-wp-bind--hidden=\"!state.hasPdfPreview\" hidden class=\"wp-block-file__embed\" data=\"https:\/\/elregionalvm.com.ar\/noticias-villa-maria\/wp-content\/uploads\/2023\/03\/DISCURSO-FERNANDO-RUIZ-DIAZ-APERTURA-DE-SESIONES-1.pdf\" type=\"application\/pdf\" style=\"width:100%;height:600px\" aria-label=\"Incrustado de PDF incrustado.\"><\/object><a href=\"https:\/\/elregionalvm.com.ar\/noticias-villa-maria\/wp-content\/uploads\/2023\/03\/DISCURSO-FERNANDO-RUIZ-DIAZ-APERTURA-DE-SESIONES-1.pdf\" class=\"wp-block-file__button\" download>Descarga<\/a><\/div>\n\n\n\n<p><\/p>\n","protected":false},"excerpt":{"rendered":"<p>El intendente interino de la localidad, Fernando Ruiz D\u00edaz, inici\u00f3 el periodo de sesiones ordinarias del Concejo Deliberante. En su discurso repas\u00f3 todas las obras y acciones de gobierno de los \u00faltimos tres a\u00f1os y las propuestas para este a\u00f1o. \u00abPozo del Molle, crece porque se anima a so\u00f1ar, cada sue\u00f1o y anhelo de los [&hellip;]<\/p>\n","protected":false},"author":4,"featured_media":73553,"comment_status":"open","ping_status":"open","sticky":false,"template":"","format":"standard","meta":{"site-sidebar-layout":"default","site-content-layout":"","ast-site-content-layout":"default","site-content-style":"default","site-sidebar-style":"default","ast-global-header-display":"","ast-banner-title-visibility":"","ast-main-header-display":"","ast-hfb-above-header-display":"","ast-hfb-below-header-display":"","ast-hfb-mobile-header-display":"","site-post-title":"","ast-breadcrumbs-content":"","ast-featured-img":"","footer-sml-layout":"","ast-disable-related-posts":"","theme-transparent-header-meta":"","adv-header-id-meta":"","stick-header-meta":"","header-above-stick-meta":"","header-main-stick-meta":"","header-below-stick-meta":"","astra-migrate-meta-layouts":"default","ast-page-background-enabled":"default","ast-page-background-meta":{"desktop":{"background-color":"","background-image":"","background-repeat":"repeat","background-position":"center center","background-size":"auto","background-attachment":"scroll","background-type":"","background-media":"","overlay-type":"","overlay-color":"","overlay-opacity":"","overlay-gradient":""},"tablet":{"background-color":"","background-image":"","background-repeat":"repeat","background-position":"center center","background-size":"auto","background-attachment":"scroll","background-type":"","background-media":"","overlay-type":"","overlay-color":"","overlay-opacity":"","overlay-gradient":""},"mobile":{"background-color":"","background-image":"","background-repeat":"repeat","background-position":"center center","background-size":"auto","background-attachment":"scroll","background-type":"","background-media":"","overlay-type":"","overlay-color":"","overlay-opacity":"","overlay-gradient":""}},"ast-content-background-meta":{"desktop":{"background-color":"var(--ast-global-color-5)","background-image":"","background-repeat":"repeat","background-position":"center center","background-size":"auto","background-attachment":"scroll","background-type":"","background-media":"","overlay-type":"","overlay-color":"","overlay-opacity":"","overlay-gradient":""},"tablet":{"background-color":"var(--ast-global-color-5)","background-image":"","background-repeat":"repeat","background-position":"center center","background-size":"auto","background-attachment":"scroll","background-type":"","background-media":"","overlay-type":"","overlay-color":"","overlay-opacity":"","overlay-gradient":""},"mobile":{"background-color":"var(--ast-global-color-5)","background-image":"","background-repeat":"repeat","background-position":"center center","background-size":"auto","background-attachment":"scroll","background-type":"","background-media":"","overlay-type":"","overlay-color":"","overlay-opacity":"","overlay-gradient":""}},"_jetpack_memberships_contains_paid_content":false,"_joinchat":[],"footnotes":""},"categories":[2091],"tags":[7375,1597,21421,685],"class_list":["post-73544","post","type-post","status-publish","format-standard","has-post-thumbnail","hentry","category-region","tag-apertura-de-sesiones","tag-concejo-deliberante","tag-fernando-ruiz-diaz","tag-pozo-del-molle"],"yoast_head":"<!-- This site is optimized with the Yoast SEO plugin v26.8 - https:\/\/yoast.com\/product\/yoast-seo-wordpress\/ -->\n<title>Apertura de sesiones: \u201cPozo del Molle, crece porque se anima a so\u00f1ar\u201d - El Regional<\/title>\n<meta name=\"robots\" content=\"index, follow, max-snippet:-1, max-image-preview:large, max-video-preview:-1\" \/>\n<link rel=\"canonical\" href=\"http:\/\/elregionalvm.com.ar\/noticias-villa-maria\/apertura-de-sesiones-pozo-del-molle-crece-porque-se-anima-a-sonar\/\" \/>\n<meta property=\"og:locale\" content=\"es_ES\" \/>\n<meta property=\"og:type\" content=\"article\" \/>\n<meta property=\"og:title\" content=\"Apertura de sesiones: \u201cPozo del Molle, crece porque se anima a so\u00f1ar\u201d - El Regional\" \/>\n<meta property=\"og:description\" content=\"El intendente interino de la localidad, Fernando Ruiz D\u00edaz, inici\u00f3 el periodo de sesiones ordinarias del Concejo Deliberante. En su discurso repas\u00f3 todas las obras y acciones de gobierno de los \u00faltimos tres a\u00f1os y las propuestas para este a\u00f1o. \u00abPozo del Molle, crece porque se anima a so\u00f1ar, cada sue\u00f1o y anhelo de los [&hellip;]\" \/>\n<meta property=\"og:url\" content=\"http:\/\/elregionalvm.com.ar\/noticias-villa-maria\/apertura-de-sesiones-pozo-del-molle-crece-porque-se-anima-a-sonar\/\" \/>\n<meta property=\"og:site_name\" content=\"El Regional\" \/>\n<meta property=\"article:publisher\" content=\"https:\/\/www.facebook.com\/elregionalvm\" \/>\n<meta property=\"article:published_time\" content=\"2023-03-21T21:22:18+00:00\" \/>\n<meta property=\"article:modified_time\" content=\"2023-03-21T21:22:20+00:00\" \/>\n<meta property=\"og:image\" content=\"http:\/\/elregionalvm.com.ar\/noticias-villa-maria\/wp-content\/uploads\/2023\/03\/molle-intendente-Ruiz-Diaz.jpeg\" \/>\n\t<meta property=\"og:image:width\" content=\"1000\" \/>\n\t<meta property=\"og:image:height\" content=\"751\" \/>\n\t<meta property=\"og:image:type\" content=\"image\/jpeg\" \/>\n<meta name=\"author\" content=\"Contenidos El Regional\" \/>\n<meta name=\"twitter:card\" content=\"summary_large_image\" \/>\n<meta name=\"twitter:creator\" content=\"@elregionalvm1\" \/>\n<meta name=\"twitter:site\" content=\"@elregionalvm1\" \/>\n<meta name=\"twitter:label1\" content=\"Escrito por\" \/>\n\t<meta name=\"twitter:data1\" content=\"Contenidos El Regional\" \/>\n\t<meta name=\"twitter:label2\" content=\"Tiempo de lectura\" \/>\n\t<meta name=\"twitter:data2\" content=\"1 minuto\" \/>\n<script type=\"application\/ld+json\" class=\"yoast-schema-graph\">{\"@context\":\"https:\/\/schema.org\",\"@graph\":[{\"@type\":\"Article\",\"@id\":\"http:\/\/elregionalvm.com.ar\/noticias-villa-maria\/apertura-de-sesiones-pozo-del-molle-crece-porque-se-anima-a-sonar\/#article\",\"isPartOf\":{\"@id\":\"http:\/\/elregionalvm.com.ar\/noticias-villa-maria\/apertura-de-sesiones-pozo-del-molle-crece-porque-se-anima-a-sonar\/\"},\"author\":{\"name\":\"Contenidos El Regional\",\"@id\":\"http:\/\/elregionalvm.com.ar\/noticias-villa-maria\/#\/schema\/person\/a0fb9c422317faca23d50163151bc354\"},\"headline\":\"Apertura de sesiones: \u201cPozo del Molle, crece porque se anima a so\u00f1ar\u201d\",\"datePublished\":\"2023-03-21T21:22:18+00:00\",\"dateModified\":\"2023-03-21T21:22:20+00:00\",\"mainEntityOfPage\":{\"@id\":\"http:\/\/elregionalvm.com.ar\/noticias-villa-maria\/apertura-de-sesiones-pozo-del-molle-crece-porque-se-anima-a-sonar\/\"},\"wordCount\":102,\"commentCount\":0,\"image\":{\"@id\":\"http:\/\/elregionalvm.com.ar\/noticias-villa-maria\/apertura-de-sesiones-pozo-del-molle-crece-porque-se-anima-a-sonar\/#primaryimage\"},\"thumbnailUrl\":\"https:\/\/i0.wp.com\/elregionalvm.com.ar\/noticias-villa-maria\/wp-content\/uploads\/2023\/03\/molle-intendente-Ruiz-Diaz.jpeg?fit=1000%2C751&ssl=1\",\"keywords\":[\"Apertura de sesiones\",\"Concejo Deliberante\",\"Fernando Ruiz D\u00edaz\",\"POZO DEL MOLLE\"],\"articleSection\":[\"Regi\u00f3n\"],\"inLanguage\":\"es\",\"potentialAction\":[{\"@type\":\"CommentAction\",\"name\":\"Comment\",\"target\":[\"http:\/\/elregionalvm.com.ar\/noticias-villa-maria\/apertura-de-sesiones-pozo-del-molle-crece-porque-se-anima-a-sonar\/#respond\"]}]},{\"@type\":\"WebPage\",\"@id\":\"http:\/\/elregionalvm.com.ar\/noticias-villa-maria\/apertura-de-sesiones-pozo-del-molle-crece-porque-se-anima-a-sonar\/\",\"url\":\"http:\/\/elregionalvm.com.ar\/noticias-villa-maria\/apertura-de-sesiones-pozo-del-molle-crece-porque-se-anima-a-sonar\/\",\"name\":\"Apertura de sesiones: \u201cPozo del Molle, crece porque se anima a so\u00f1ar\u201d - El Regional\",\"isPartOf\":{\"@id\":\"http:\/\/elregionalvm.com.ar\/noticias-villa-maria\/#website\"},\"primaryImageOfPage\":{\"@id\":\"http:\/\/elregionalvm.com.ar\/noticias-villa-maria\/apertura-de-sesiones-pozo-del-molle-crece-porque-se-anima-a-sonar\/#primaryimage\"},\"image\":{\"@id\":\"http:\/\/elregionalvm.com.ar\/noticias-villa-maria\/apertura-de-sesiones-pozo-del-molle-crece-porque-se-anima-a-sonar\/#primaryimage\"},\"thumbnailUrl\":\"https:\/\/i0.wp.com\/elregionalvm.com.ar\/noticias-villa-maria\/wp-content\/uploads\/2023\/03\/molle-intendente-Ruiz-Diaz.jpeg?fit=1000%2C751&ssl=1\",\"datePublished\":\"2023-03-21T21:22:18+00:00\",\"dateModified\":\"2023-03-21T21:22:20+00:00\",\"author\":{\"@id\":\"http:\/\/elregionalvm.com.ar\/noticias-villa-maria\/#\/schema\/person\/a0fb9c422317faca23d50163151bc354\"},\"breadcrumb\":{\"@id\":\"http:\/\/elregionalvm.com.ar\/noticias-villa-maria\/apertura-de-sesiones-pozo-del-molle-crece-porque-se-anima-a-sonar\/#breadcrumb\"},\"inLanguage\":\"es\",\"potentialAction\":[{\"@type\":\"ReadAction\",\"target\":[\"http:\/\/elregionalvm.com.ar\/noticias-villa-maria\/apertura-de-sesiones-pozo-del-molle-crece-porque-se-anima-a-sonar\/\"]}]},{\"@type\":\"ImageObject\",\"inLanguage\":\"es\",\"@id\":\"http:\/\/elregionalvm.com.ar\/noticias-villa-maria\/apertura-de-sesiones-pozo-del-molle-crece-porque-se-anima-a-sonar\/#primaryimage\",\"url\":\"https:\/\/i0.wp.com\/elregionalvm.com.ar\/noticias-villa-maria\/wp-content\/uploads\/2023\/03\/molle-intendente-Ruiz-Diaz.jpeg?fit=1000%2C751&ssl=1\",\"contentUrl\":\"https:\/\/i0.wp.com\/elregionalvm.com.ar\/noticias-villa-maria\/wp-content\/uploads\/2023\/03\/molle-intendente-Ruiz-Diaz.jpeg?fit=1000%2C751&ssl=1\",\"width\":1000,\"height\":751},{\"@type\":\"BreadcrumbList\",\"@id\":\"http:\/\/elregionalvm.com.ar\/noticias-villa-maria\/apertura-de-sesiones-pozo-del-molle-crece-porque-se-anima-a-sonar\/#breadcrumb\",\"itemListElement\":[{\"@type\":\"ListItem\",\"position\":1,\"name\":\"Portada\",\"item\":\"https:\/\/elregionalvm.com.ar\/noticias-villa-maria\/\"},{\"@type\":\"ListItem\",\"position\":2,\"name\":\"Apertura de sesiones: \u201cPozo del Molle, crece porque se anima a so\u00f1ar\u201d\"}]},{\"@type\":\"WebSite\",\"@id\":\"http:\/\/elregionalvm.com.ar\/noticias-villa-maria\/#website\",\"url\":\"http:\/\/elregionalvm.com.ar\/noticias-villa-maria\/\",\"name\":\"El Regional\",\"description\":\"Mucho m\u00e1s que informaci\u00f3n\",\"potentialAction\":[{\"@type\":\"SearchAction\",\"target\":{\"@type\":\"EntryPoint\",\"urlTemplate\":\"http:\/\/elregionalvm.com.ar\/noticias-villa-maria\/?s={search_term_string}\"},\"query-input\":{\"@type\":\"PropertyValueSpecification\",\"valueRequired\":true,\"valueName\":\"search_term_string\"}}],\"inLanguage\":\"es\"},{\"@type\":\"Person\",\"@id\":\"http:\/\/elregionalvm.com.ar\/noticias-villa-maria\/#\/schema\/person\/a0fb9c422317faca23d50163151bc354\",\"name\":\"Contenidos El Regional\",\"image\":{\"@type\":\"ImageObject\",\"inLanguage\":\"es\",\"@id\":\"http:\/\/elregionalvm.com.ar\/noticias-villa-maria\/#\/schema\/person\/image\/\",\"url\":\"https:\/\/secure.gravatar.com\/avatar\/265b27cb2209af7bb3a1318f03305787d7981a5cc6e6cd08fe5a4ecdf99d4b48?s=96&d=mm&r=g\",\"contentUrl\":\"https:\/\/secure.gravatar.com\/avatar\/265b27cb2209af7bb3a1318f03305787d7981a5cc6e6cd08fe5a4ecdf99d4b48?s=96&d=mm&r=g\",\"caption\":\"Contenidos El Regional\"},\"url\":\"https:\/\/elregionalvm.com.ar\/noticias-villa-maria\/author\/contenido\/\"}]}<\/script>\n<!-- \/ Yoast SEO plugin. -->","yoast_head_json":{"title":"Apertura de sesiones: \u201cPozo del Molle, crece porque se anima a so\u00f1ar\u201d - El Regional","robots":{"index":"index","follow":"follow","max-snippet":"max-snippet:-1","max-image-preview":"max-image-preview:large","max-video-preview":"max-video-preview:-1"},"canonical":"http:\/\/elregionalvm.com.ar\/noticias-villa-maria\/apertura-de-sesiones-pozo-del-molle-crece-porque-se-anima-a-sonar\/","og_locale":"es_ES","og_type":"article","og_title":"Apertura de sesiones: \u201cPozo del Molle, crece porque se anima a so\u00f1ar\u201d - El Regional","og_description":"El intendente interino de la localidad, Fernando Ruiz D\u00edaz, inici\u00f3 el periodo de sesiones ordinarias del Concejo Deliberante. En su discurso repas\u00f3 todas las obras y acciones de gobierno de los \u00faltimos tres a\u00f1os y las propuestas para este a\u00f1o. \u00abPozo del Molle, crece porque se anima a so\u00f1ar, cada sue\u00f1o y anhelo de los [&hellip;]","og_url":"http:\/\/elregionalvm.com.ar\/noticias-villa-maria\/apertura-de-sesiones-pozo-del-molle-crece-porque-se-anima-a-sonar\/","og_site_name":"El Regional","article_publisher":"https:\/\/www.facebook.com\/elregionalvm","article_published_time":"2023-03-21T21:22:18+00:00","article_modified_time":"2023-03-21T21:22:20+00:00","og_image":[{"width":1000,"height":751,"url":"http:\/\/elregionalvm.com.ar\/noticias-villa-maria\/wp-content\/uploads\/2023\/03\/molle-intendente-Ruiz-Diaz.jpeg","type":"image\/jpeg"}],"author":"Contenidos El Regional","twitter_card":"summary_large_image","twitter_creator":"@elregionalvm1","twitter_site":"@elregionalvm1","twitter_misc":{"Escrito por":"Contenidos El Regional","Tiempo de lectura":"1 minuto"},"schema":{"@context":"https:\/\/schema.org","@graph":[{"@type":"Article","@id":"http:\/\/elregionalvm.com.ar\/noticias-villa-maria\/apertura-de-sesiones-pozo-del-molle-crece-porque-se-anima-a-sonar\/#article","isPartOf":{"@id":"http:\/\/elregionalvm.com.ar\/noticias-villa-maria\/apertura-de-sesiones-pozo-del-molle-crece-porque-se-anima-a-sonar\/"},"author":{"name":"Contenidos El Regional","@id":"http:\/\/elregionalvm.com.ar\/noticias-villa-maria\/#\/schema\/person\/a0fb9c422317faca23d50163151bc354"},"headline":"Apertura de sesiones: \u201cPozo del Molle, crece porque se anima a so\u00f1ar\u201d","datePublished":"2023-03-21T21:22:18+00:00","dateModified":"2023-03-21T21:22:20+00:00","mainEntityOfPage":{"@id":"http:\/\/elregionalvm.com.ar\/noticias-villa-maria\/apertura-de-sesiones-pozo-del-molle-crece-porque-se-anima-a-sonar\/"},"wordCount":102,"commentCount":0,"image":{"@id":"http:\/\/elregionalvm.com.ar\/noticias-villa-maria\/apertura-de-sesiones-pozo-del-molle-crece-porque-se-anima-a-sonar\/#primaryimage"},"thumbnailUrl":"https:\/\/i0.wp.com\/elregionalvm.com.ar\/noticias-villa-maria\/wp-content\/uploads\/2023\/03\/molle-intendente-Ruiz-Diaz.jpeg?fit=1000%2C751&ssl=1","keywords":["Apertura de sesiones","Concejo Deliberante","Fernando Ruiz D\u00edaz","POZO DEL MOLLE"],"articleSection":["Regi\u00f3n"],"inLanguage":"es","potentialAction":[{"@type":"CommentAction","name":"Comment","target":["http:\/\/elregionalvm.com.ar\/noticias-villa-maria\/apertura-de-sesiones-pozo-del-molle-crece-porque-se-anima-a-sonar\/#respond"]}]},{"@type":"WebPage","@id":"http:\/\/elregionalvm.com.ar\/noticias-villa-maria\/apertura-de-sesiones-pozo-del-molle-crece-porque-se-anima-a-sonar\/","url":"http:\/\/elregionalvm.com.ar\/noticias-villa-maria\/apertura-de-sesiones-pozo-del-molle-crece-porque-se-anima-a-sonar\/","name":"Apertura de sesiones: \u201cPozo del Molle, crece porque se anima a so\u00f1ar\u201d - El Regional","isPartOf":{"@id":"http:\/\/elregionalvm.com.ar\/noticias-villa-maria\/#website"},"primaryImageOfPage":{"@id":"http:\/\/elregionalvm.com.ar\/noticias-villa-maria\/apertura-de-sesiones-pozo-del-molle-crece-porque-se-anima-a-sonar\/#primaryimage"},"image":{"@id":"http:\/\/elregionalvm.com.ar\/noticias-villa-maria\/apertura-de-sesiones-pozo-del-molle-crece-porque-se-anima-a-sonar\/#primaryimage"},"thumbnailUrl":"https:\/\/i0.wp.com\/elregionalvm.com.ar\/noticias-villa-maria\/wp-content\/uploads\/2023\/03\/molle-intendente-Ruiz-Diaz.jpeg?fit=1000%2C751&ssl=1","datePublished":"2023-03-21T21:22:18+00:00","dateModified":"2023-03-21T21:22:20+00:00","author":{"@id":"http:\/\/elregionalvm.com.ar\/noticias-villa-maria\/#\/schema\/person\/a0fb9c422317faca23d50163151bc354"},"breadcrumb":{"@id":"http:\/\/elregionalvm.com.ar\/noticias-villa-maria\/apertura-de-sesiones-pozo-del-molle-crece-porque-se-anima-a-sonar\/#breadcrumb"},"inLanguage":"es","potentialAction":[{"@type":"ReadAction","target":["http:\/\/elregionalvm.com.ar\/noticias-villa-maria\/apertura-de-sesiones-pozo-del-molle-crece-porque-se-anima-a-sonar\/"]}]},{"@type":"ImageObject","inLanguage":"es","@id":"http:\/\/elregionalvm.com.ar\/noticias-villa-maria\/apertura-de-sesiones-pozo-del-molle-crece-porque-se-anima-a-sonar\/#primaryimage","url":"https:\/\/i0.wp.com\/elregionalvm.com.ar\/noticias-villa-maria\/wp-content\/uploads\/2023\/03\/molle-intendente-Ruiz-Diaz.jpeg?fit=1000%2C751&ssl=1","contentUrl":"https:\/\/i0.wp.com\/elregionalvm.com.ar\/noticias-villa-maria\/wp-content\/uploads\/2023\/03\/molle-intendente-Ruiz-Diaz.jpeg?fit=1000%2C751&ssl=1","width":1000,"height":751},{"@type":"BreadcrumbList","@id":"http:\/\/elregionalvm.com.ar\/noticias-villa-maria\/apertura-de-sesiones-pozo-del-molle-crece-porque-se-anima-a-sonar\/#breadcrumb","itemListElement":[{"@type":"ListItem","position":1,"name":"Portada","item":"https:\/\/elregionalvm.com.ar\/noticias-villa-maria\/"},{"@type":"ListItem","position":2,"name":"Apertura de sesiones: \u201cPozo del Molle, crece porque se anima a so\u00f1ar\u201d"}]},{"@type":"WebSite","@id":"http:\/\/elregionalvm.com.ar\/noticias-villa-maria\/#website","url":"http:\/\/elregionalvm.com.ar\/noticias-villa-maria\/","name":"El Regional","description":"Mucho m\u00e1s que informaci\u00f3n","potentialAction":[{"@type":"SearchAction","target":{"@type":"EntryPoint","urlTemplate":"http:\/\/elregionalvm.com.ar\/noticias-villa-maria\/?s={search_term_string}"},"query-input":{"@type":"PropertyValueSpecification","valueRequired":true,"valueName":"search_term_string"}}],"inLanguage":"es"},{"@type":"Person","@id":"http:\/\/elregionalvm.com.ar\/noticias-villa-maria\/#\/schema\/person\/a0fb9c422317faca23d50163151bc354","name":"Contenidos El Regional","image":{"@type":"ImageObject","inLanguage":"es","@id":"http:\/\/elregionalvm.com.ar\/noticias-villa-maria\/#\/schema\/person\/image\/","url":"https:\/\/secure.gravatar.com\/avatar\/265b27cb2209af7bb3a1318f03305787d7981a5cc6e6cd08fe5a4ecdf99d4b48?s=96&d=mm&r=g","contentUrl":"https:\/\/secure.gravatar.com\/avatar\/265b27cb2209af7bb3a1318f03305787d7981a5cc6e6cd08fe5a4ecdf99d4b48?s=96&d=mm&r=g","caption":"Contenidos El Regional"},"url":"https:\/\/elregionalvm.com.ar\/noticias-villa-maria\/author\/contenido\/"}]}},"jetpack_featured_media_url":"https:\/\/i0.wp.com\/elregionalvm.com.ar\/noticias-villa-maria\/wp-content\/uploads\/2023\/03\/molle-intendente-Ruiz-Diaz.jpeg?fit=1000%2C751&ssl=1","jetpack_sharing_enabled":true,"_links":{"self":[{"href":"https:\/\/elregionalvm.com.ar\/noticias-villa-maria\/wp-json\/wp\/v2\/posts\/73544","targetHints":{"allow":["GET"]}}],"collection":[{"href":"https:\/\/elregionalvm.com.ar\/noticias-villa-maria\/wp-json\/wp\/v2\/posts"}],"about":[{"href":"https:\/\/elregionalvm.com.ar\/noticias-villa-maria\/wp-json\/wp\/v2\/types\/post"}],"author":[{"embeddable":true,"href":"https:\/\/elregionalvm.com.ar\/noticias-villa-maria\/wp-json\/wp\/v2\/users\/4"}],"replies":[{"embeddable":true,"href":"https:\/\/elregionalvm.com.ar\/noticias-villa-maria\/wp-json\/wp\/v2\/comments?post=73544"}],"version-history":[{"count":1,"href":"https:\/\/elregionalvm.com.ar\/noticias-villa-maria\/wp-json\/wp\/v2\/posts\/73544\/revisions"}],"predecessor-version":[{"id":73555,"href":"https:\/\/elregionalvm.com.ar\/noticias-villa-maria\/wp-json\/wp\/v2\/posts\/73544\/revisions\/73555"}],"wp:featuredmedia":[{"embeddable":true,"href":"https:\/\/elregionalvm.com.ar\/noticias-villa-maria\/wp-json\/wp\/v2\/media\/73553"}],"wp:attachment":[{"href":"https:\/\/elregionalvm.com.ar\/noticias-villa-maria\/wp-json\/wp\/v2\/media?parent=73544"}],"wp:term":[{"taxonomy":"category","embeddable":true,"href":"https:\/\/elregionalvm.com.ar\/noticias-villa-maria\/wp-json\/wp\/v2\/categories?post=73544"},{"taxonomy":"post_tag","embeddable":true,"href":"https:\/\/elregionalvm.com.ar\/noticias-villa-maria\/wp-json\/wp\/v2\/tags?post=73544"}],"curies":[{"name":"wp","href":"https:\/\/api.w.org\/{rel}","templated":true}]}}