{"id":73551,"date":"2023-03-21T21:22:20","date_gmt":"2023-03-21T21:22:20","guid":{"rendered":"https:\/\/elregionalvm.com.ar\/noticias-villa-maria\/?p=73551"},"modified":"2023-03-21T21:32:51","modified_gmt":"2023-03-21T21:32:51","slug":"red-ciudadana-impulsa-una-nueva-capacitacion-deportiva","status":"publish","type":"post","link":"https:\/\/elregionalvm.com.ar\/noticias-villa-maria\/red-ciudadana-impulsa-una-nueva-capacitacion-deportiva\/","title":{"rendered":"Red Ciudadana impulsa una nueva capacitaci\u00f3n deportiva"},"content":{"rendered":"\n<p>La ONG que preside el secretario de Comunicaciones de la Provincia, Marcos Bovo, llevar\u00e1 adelante una capacitaci\u00f3n que abordar\u00e1 la tem\u00e1tica: \u201c\u00bfQu\u00e9 nos pasa cuando vamos a la cancha? Repensando c\u00f3mo influyen nuestros comportamientos\u201d.<\/p>\n\n\n\n<p>El encuentro se desarrollar\u00e1 el jueves 23 de marzo a las 19:30hs en el Auditorio Antonio Sobral, ubicado en calle Mitre 130 y en el mismo se trabajar\u00e1 sobre la construcci\u00f3n de mensajes positivos en el deporte, estrategias comunicacionales de acompa\u00f1amiento a deportistas y los desaf\u00edos del deporte como veh\u00edculo de transformaci\u00f3n social.<\/p>\n\n\n\n<p>Cabe destacar que, la disertaci\u00f3n estar\u00e1 a cargo de C\u00e9sar y Germ\u00e1n Bernhardt, directivos de la Consultora Rindo, empresa dedicada a capacitar y entrenar personas y equipos de trabajo para optimizar su rendimiento tanto en el \u00e1mbito del deporte como en el de organizaciones privadas, p\u00fablicas y del tercer sector.<\/p>\n\n\n\n<p>La capacitaci\u00f3n est\u00e1 destinada a dirigentes deportivos, jugadores, \u00e1rbitros, familiares de deportistas y p\u00fablico en general y los interesados en participar deben inscribirse en el siguiente link: bit.ly\/CharlaRed, a la vez que se pueden realizar consultas al 353 4783612.<\/p>\n\n\n\n<p>Esta propuesta es impulsada por Red Ciudadana junto a la Liga Villamariense de F\u00fatbol, Liga Villamariense de Baby F\u00fatbol, Asociaci\u00f3n Villamariense de Basquet, Asociaci\u00f3n de V\u00f3ley del Sudeste Cordob\u00e9s, Asociaci\u00f3n Villamariense de Bochas, la Uni\u00f3n Departamental de \u00c1rbitros de F\u00fatbol (UDAF), el Registro \u00danico de \u00c1rbitros de F\u00fatbol (RUAF) y Asociaci\u00f3n Villamariense de \u00c1rbitros de F\u00fatbol (AVAF).<\/p>\n\n\n\n<p>Es importante resaltar que, la Asociaci\u00f3n Civil Red Ciudadana, dentro de los objetivos propuestos, contin\u00faa desarrollando capacitaciones y este nuevo encuentro de formaci\u00f3n permite potenciar esta l\u00ednea de trabajo que ya ha contado con formaciones en liderazgo, construcci\u00f3n de equipos, promoci\u00f3n del turismo local y regional, entre otros ejes abordados.<\/p>\n","protected":false},"excerpt":{"rendered":"<p>La ONG que preside el secretario de Comunicaciones de la Provincia, Marcos Bovo, llevar\u00e1 adelante una capacitaci\u00f3n que abordar\u00e1 la tem\u00e1tica: \u201c\u00bfQu\u00e9 nos pasa cuando vamos a la cancha? Repensando c\u00f3mo influyen nuestros comportamientos\u201d. El encuentro se desarrollar\u00e1 el jueves 23 de marzo a las 19:30hs en el Auditorio Antonio Sobral, ubicado en calle Mitre [&hellip;]<\/p>\n","protected":false},"author":4,"featured_media":73554,"comment_status":"open","ping_status":"open","sticky":false,"template":"","format":"standard","meta":{"site-sidebar-layout":"default","site-content-layout":"","ast-site-content-layout":"default","site-content-style":"default","site-sidebar-style":"default","ast-global-header-display":"","ast-banner-title-visibility":"","ast-main-header-display":"","ast-hfb-above-header-display":"","ast-hfb-below-header-display":"","ast-hfb-mobile-header-display":"","site-post-title":"","ast-breadcrumbs-content":"","ast-featured-img":"","footer-sml-layout":"","ast-disable-related-posts":"","theme-transparent-header-meta":"","adv-header-id-meta":"","stick-header-meta":"","header-above-stick-meta":"","header-main-stick-meta":"","header-below-stick-meta":"","astra-migrate-meta-layouts":"default","ast-page-background-enabled":"default","ast-page-background-meta":{"desktop":{"background-color":"","background-image":"","background-repeat":"repeat","background-position":"center center","background-size":"auto","background-attachment":"scroll","background-type":"","background-media":"","overlay-type":"","overlay-color":"","overlay-opacity":"","overlay-gradient":""},"tablet":{"background-color":"","background-image":"","background-repeat":"repeat","background-position":"center center","background-size":"auto","background-attachment":"scroll","background-type":"","background-media":"","overlay-type":"","overlay-color":"","overlay-opacity":"","overlay-gradient":""},"mobile":{"background-color":"","background-image":"","background-repeat":"repeat","background-position":"center center","background-size":"auto","background-attachment":"scroll","background-type":"","background-media":"","overlay-type":"","overlay-color":"","overlay-opacity":"","overlay-gradient":""}},"ast-content-background-meta":{"desktop":{"background-color":"var(--ast-global-color-5)","background-image":"","background-repeat":"repeat","background-position":"center center","background-size":"auto","background-attachment":"scroll","background-type":"","background-media":"","overlay-type":"","overlay-color":"","overlay-opacity":"","overlay-gradient":""},"tablet":{"background-color":"var(--ast-global-color-5)","background-image":"","background-repeat":"repeat","background-position":"center center","background-size":"auto","background-attachment":"scroll","background-type":"","background-media":"","overlay-type":"","overlay-color":"","overlay-opacity":"","overlay-gradient":""},"mobile":{"background-color":"var(--ast-global-color-5)","background-image":"","background-repeat":"repeat","background-position":"center center","background-size":"auto","background-attachment":"scroll","background-type":"","background-media":"","overlay-type":"","overlay-color":"","overlay-opacity":"","overlay-gradient":""}},"_jetpack_memberships_contains_paid_content":false,"_joinchat":[],"footnotes":""},"categories":[15158,15302,16095,5,2],"tags":[],"class_list":["post-73551","post","type-post","status-publish","format-standard","has-post-thumbnail","hentry","category-deporte","category-destacado","category-provinciales","category-sociedad","category-villa-maria"],"yoast_head":"<!-- This site is optimized with the Yoast SEO plugin v26.8 - https:\/\/yoast.com\/product\/yoast-seo-wordpress\/ -->\n<title>Red Ciudadana impulsa una nueva capacitaci\u00f3n deportiva - El Regional<\/title>\n<meta name=\"robots\" content=\"index, follow, max-snippet:-1, max-image-preview:large, max-video-preview:-1\" \/>\n<link rel=\"canonical\" href=\"http:\/\/elregionalvm.com.ar\/noticias-villa-maria\/red-ciudadana-impulsa-una-nueva-capacitacion-deportiva\/\" \/>\n<meta property=\"og:locale\" content=\"es_ES\" \/>\n<meta property=\"og:type\" content=\"article\" \/>\n<meta property=\"og:title\" content=\"Red Ciudadana impulsa una nueva capacitaci\u00f3n deportiva - El Regional\" \/>\n<meta property=\"og:description\" content=\"La ONG que preside el secretario de Comunicaciones de la Provincia, Marcos Bovo, llevar\u00e1 adelante una capacitaci\u00f3n que abordar\u00e1 la tem\u00e1tica: \u201c\u00bfQu\u00e9 nos pasa cuando vamos a la cancha? Repensando c\u00f3mo influyen nuestros comportamientos\u201d. El encuentro se desarrollar\u00e1 el jueves 23 de marzo a las 19:30hs en el Auditorio Antonio Sobral, ubicado en calle Mitre [&hellip;]\" \/>\n<meta property=\"og:url\" content=\"http:\/\/elregionalvm.com.ar\/noticias-villa-maria\/red-ciudadana-impulsa-una-nueva-capacitacion-deportiva\/\" \/>\n<meta property=\"og:site_name\" content=\"El Regional\" \/>\n<meta property=\"article:publisher\" content=\"https:\/\/www.facebook.com\/elregionalvm\" \/>\n<meta property=\"article:published_time\" content=\"2023-03-21T21:22:20+00:00\" \/>\n<meta property=\"article:modified_time\" content=\"2023-03-21T21:32:51+00:00\" \/>\n<meta property=\"og:image\" content=\"http:\/\/elregionalvm.com.ar\/noticias-villa-maria\/wp-content\/uploads\/2023\/03\/WhatsApp-Image-2023-03-21-at-15.25.51.jpeg\" \/>\n\t<meta property=\"og:image:width\" content=\"1080\" \/>\n\t<meta property=\"og:image:height\" content=\"1080\" \/>\n\t<meta property=\"og:image:type\" content=\"image\/jpeg\" \/>\n<meta name=\"author\" content=\"Contenidos El Regional\" \/>\n<meta name=\"twitter:card\" content=\"summary_large_image\" \/>\n<meta name=\"twitter:creator\" content=\"@elregionalvm1\" \/>\n<meta name=\"twitter:site\" content=\"@elregionalvm1\" \/>\n<meta name=\"twitter:label1\" content=\"Escrito por\" \/>\n\t<meta name=\"twitter:data1\" content=\"Contenidos El Regional\" \/>\n\t<meta name=\"twitter:label2\" content=\"Tiempo de lectura\" \/>\n\t<meta name=\"twitter:data2\" content=\"2 minutos\" \/>\n<script type=\"application\/ld+json\" class=\"yoast-schema-graph\">{\"@context\":\"https:\/\/schema.org\",\"@graph\":[{\"@type\":\"Article\",\"@id\":\"http:\/\/elregionalvm.com.ar\/noticias-villa-maria\/red-ciudadana-impulsa-una-nueva-capacitacion-deportiva\/#article\",\"isPartOf\":{\"@id\":\"http:\/\/elregionalvm.com.ar\/noticias-villa-maria\/red-ciudadana-impulsa-una-nueva-capacitacion-deportiva\/\"},\"author\":{\"name\":\"Contenidos El Regional\",\"@id\":\"http:\/\/elregionalvm.com.ar\/noticias-villa-maria\/#\/schema\/person\/a0fb9c422317faca23d50163151bc354\"},\"headline\":\"Red Ciudadana impulsa una nueva capacitaci\u00f3n deportiva\",\"datePublished\":\"2023-03-21T21:22:20+00:00\",\"dateModified\":\"2023-03-21T21:32:51+00:00\",\"mainEntityOfPage\":{\"@id\":\"http:\/\/elregionalvm.com.ar\/noticias-villa-maria\/red-ciudadana-impulsa-una-nueva-capacitacion-deportiva\/\"},\"wordCount\":321,\"commentCount\":0,\"image\":{\"@id\":\"http:\/\/elregionalvm.com.ar\/noticias-villa-maria\/red-ciudadana-impulsa-una-nueva-capacitacion-deportiva\/#primaryimage\"},\"thumbnailUrl\":\"https:\/\/i0.wp.com\/elregionalvm.com.ar\/noticias-villa-maria\/wp-content\/uploads\/2023\/03\/WhatsApp-Image-2023-03-21-at-15.25.51.jpeg?fit=1080%2C1080&ssl=1\",\"articleSection\":[\"Deporte\",\"destacado\",\"Provinciales\",\"Sociedad\",\"Villa Mar\u00eda\"],\"inLanguage\":\"es\",\"potentialAction\":[{\"@type\":\"CommentAction\",\"name\":\"Comment\",\"target\":[\"http:\/\/elregionalvm.com.ar\/noticias-villa-maria\/red-ciudadana-impulsa-una-nueva-capacitacion-deportiva\/#respond\"]}]},{\"@type\":\"WebPage\",\"@id\":\"http:\/\/elregionalvm.com.ar\/noticias-villa-maria\/red-ciudadana-impulsa-una-nueva-capacitacion-deportiva\/\",\"url\":\"http:\/\/elregionalvm.com.ar\/noticias-villa-maria\/red-ciudadana-impulsa-una-nueva-capacitacion-deportiva\/\",\"name\":\"Red Ciudadana impulsa una nueva capacitaci\u00f3n deportiva - El Regional\",\"isPartOf\":{\"@id\":\"http:\/\/elregionalvm.com.ar\/noticias-villa-maria\/#website\"},\"primaryImageOfPage\":{\"@id\":\"http:\/\/elregionalvm.com.ar\/noticias-villa-maria\/red-ciudadana-impulsa-una-nueva-capacitacion-deportiva\/#primaryimage\"},\"image\":{\"@id\":\"http:\/\/elregionalvm.com.ar\/noticias-villa-maria\/red-ciudadana-impulsa-una-nueva-capacitacion-deportiva\/#primaryimage\"},\"thumbnailUrl\":\"https:\/\/i0.wp.com\/elregionalvm.com.ar\/noticias-villa-maria\/wp-content\/uploads\/2023\/03\/WhatsApp-Image-2023-03-21-at-15.25.51.jpeg?fit=1080%2C1080&ssl=1\",\"datePublished\":\"2023-03-21T21:22:20+00:00\",\"dateModified\":\"2023-03-21T21:32:51+00:00\",\"author\":{\"@id\":\"http:\/\/elregionalvm.com.ar\/noticias-villa-maria\/#\/schema\/person\/a0fb9c422317faca23d50163151bc354\"},\"breadcrumb\":{\"@id\":\"http:\/\/elregionalvm.com.ar\/noticias-villa-maria\/red-ciudadana-impulsa-una-nueva-capacitacion-deportiva\/#breadcrumb\"},\"inLanguage\":\"es\",\"potentialAction\":[{\"@type\":\"ReadAction\",\"target\":[\"http:\/\/elregionalvm.com.ar\/noticias-villa-maria\/red-ciudadana-impulsa-una-nueva-capacitacion-deportiva\/\"]}]},{\"@type\":\"ImageObject\",\"inLanguage\":\"es\",\"@id\":\"http:\/\/elregionalvm.com.ar\/noticias-villa-maria\/red-ciudadana-impulsa-una-nueva-capacitacion-deportiva\/#primaryimage\",\"url\":\"https:\/\/i0.wp.com\/elregionalvm.com.ar\/noticias-villa-maria\/wp-content\/uploads\/2023\/03\/WhatsApp-Image-2023-03-21-at-15.25.51.jpeg?fit=1080%2C1080&ssl=1\",\"contentUrl\":\"https:\/\/i0.wp.com\/elregionalvm.com.ar\/noticias-villa-maria\/wp-content\/uploads\/2023\/03\/WhatsApp-Image-2023-03-21-at-15.25.51.jpeg?fit=1080%2C1080&ssl=1\",\"width\":1080,\"height\":1080},{\"@type\":\"BreadcrumbList\",\"@id\":\"http:\/\/elregionalvm.com.ar\/noticias-villa-maria\/red-ciudadana-impulsa-una-nueva-capacitacion-deportiva\/#breadcrumb\",\"itemListElement\":[{\"@type\":\"ListItem\",\"position\":1,\"name\":\"Portada\",\"item\":\"https:\/\/elregionalvm.com.ar\/noticias-villa-maria\/\"},{\"@type\":\"ListItem\",\"position\":2,\"name\":\"Red Ciudadana impulsa una nueva capacitaci\u00f3n deportiva\"}]},{\"@type\":\"WebSite\",\"@id\":\"http:\/\/elregionalvm.com.ar\/noticias-villa-maria\/#website\",\"url\":\"http:\/\/elregionalvm.com.ar\/noticias-villa-maria\/\",\"name\":\"El Regional\",\"description\":\"Mucho m\u00e1s que informaci\u00f3n\",\"potentialAction\":[{\"@type\":\"SearchAction\",\"target\":{\"@type\":\"EntryPoint\",\"urlTemplate\":\"http:\/\/elregionalvm.com.ar\/noticias-villa-maria\/?s={search_term_string}\"},\"query-input\":{\"@type\":\"PropertyValueSpecification\",\"valueRequired\":true,\"valueName\":\"search_term_string\"}}],\"inLanguage\":\"es\"},{\"@type\":\"Person\",\"@id\":\"http:\/\/elregionalvm.com.ar\/noticias-villa-maria\/#\/schema\/person\/a0fb9c422317faca23d50163151bc354\",\"name\":\"Contenidos El Regional\",\"image\":{\"@type\":\"ImageObject\",\"inLanguage\":\"es\",\"@id\":\"http:\/\/elregionalvm.com.ar\/noticias-villa-maria\/#\/schema\/person\/image\/\",\"url\":\"https:\/\/secure.gravatar.com\/avatar\/265b27cb2209af7bb3a1318f03305787d7981a5cc6e6cd08fe5a4ecdf99d4b48?s=96&d=mm&r=g\",\"contentUrl\":\"https:\/\/secure.gravatar.com\/avatar\/265b27cb2209af7bb3a1318f03305787d7981a5cc6e6cd08fe5a4ecdf99d4b48?s=96&d=mm&r=g\",\"caption\":\"Contenidos El Regional\"},\"url\":\"https:\/\/elregionalvm.com.ar\/noticias-villa-maria\/author\/contenido\/\"}]}<\/script>\n<!-- \/ Yoast SEO plugin. -->","yoast_head_json":{"title":"Red Ciudadana impulsa una nueva capacitaci\u00f3n deportiva - El Regional","robots":{"index":"index","follow":"follow","max-snippet":"max-snippet:-1","max-image-preview":"max-image-preview:large","max-video-preview":"max-video-preview:-1"},"canonical":"http:\/\/elregionalvm.com.ar\/noticias-villa-maria\/red-ciudadana-impulsa-una-nueva-capacitacion-deportiva\/","og_locale":"es_ES","og_type":"article","og_title":"Red Ciudadana impulsa una nueva capacitaci\u00f3n deportiva - El Regional","og_description":"La ONG que preside el secretario de Comunicaciones de la Provincia, Marcos Bovo, llevar\u00e1 adelante una capacitaci\u00f3n que abordar\u00e1 la tem\u00e1tica: \u201c\u00bfQu\u00e9 nos pasa cuando vamos a la cancha? Repensando c\u00f3mo influyen nuestros comportamientos\u201d. El encuentro se desarrollar\u00e1 el jueves 23 de marzo a las 19:30hs en el Auditorio Antonio Sobral, ubicado en calle Mitre [&hellip;]","og_url":"http:\/\/elregionalvm.com.ar\/noticias-villa-maria\/red-ciudadana-impulsa-una-nueva-capacitacion-deportiva\/","og_site_name":"El Regional","article_publisher":"https:\/\/www.facebook.com\/elregionalvm","article_published_time":"2023-03-21T21:22:20+00:00","article_modified_time":"2023-03-21T21:32:51+00:00","og_image":[{"width":1080,"height":1080,"url":"http:\/\/elregionalvm.com.ar\/noticias-villa-maria\/wp-content\/uploads\/2023\/03\/WhatsApp-Image-2023-03-21-at-15.25.51.jpeg","type":"image\/jpeg"}],"author":"Contenidos El Regional","twitter_card":"summary_large_image","twitter_creator":"@elregionalvm1","twitter_site":"@elregionalvm1","twitter_misc":{"Escrito por":"Contenidos El Regional","Tiempo de lectura":"2 minutos"},"schema":{"@context":"https:\/\/schema.org","@graph":[{"@type":"Article","@id":"http:\/\/elregionalvm.com.ar\/noticias-villa-maria\/red-ciudadana-impulsa-una-nueva-capacitacion-deportiva\/#article","isPartOf":{"@id":"http:\/\/elregionalvm.com.ar\/noticias-villa-maria\/red-ciudadana-impulsa-una-nueva-capacitacion-deportiva\/"},"author":{"name":"Contenidos El Regional","@id":"http:\/\/elregionalvm.com.ar\/noticias-villa-maria\/#\/schema\/person\/a0fb9c422317faca23d50163151bc354"},"headline":"Red Ciudadana impulsa una nueva capacitaci\u00f3n deportiva","datePublished":"2023-03-21T21:22:20+00:00","dateModified":"2023-03-21T21:32:51+00:00","mainEntityOfPage":{"@id":"http:\/\/elregionalvm.com.ar\/noticias-villa-maria\/red-ciudadana-impulsa-una-nueva-capacitacion-deportiva\/"},"wordCount":321,"commentCount":0,"image":{"@id":"http:\/\/elregionalvm.com.ar\/noticias-villa-maria\/red-ciudadana-impulsa-una-nueva-capacitacion-deportiva\/#primaryimage"},"thumbnailUrl":"https:\/\/i0.wp.com\/elregionalvm.com.ar\/noticias-villa-maria\/wp-content\/uploads\/2023\/03\/WhatsApp-Image-2023-03-21-at-15.25.51.jpeg?fit=1080%2C1080&ssl=1","articleSection":["Deporte","destacado","Provinciales","Sociedad","Villa Mar\u00eda"],"inLanguage":"es","potentialAction":[{"@type":"CommentAction","name":"Comment","target":["http:\/\/elregionalvm.com.ar\/noticias-villa-maria\/red-ciudadana-impulsa-una-nueva-capacitacion-deportiva\/#respond"]}]},{"@type":"WebPage","@id":"http:\/\/elregionalvm.com.ar\/noticias-villa-maria\/red-ciudadana-impulsa-una-nueva-capacitacion-deportiva\/","url":"http:\/\/elregionalvm.com.ar\/noticias-villa-maria\/red-ciudadana-impulsa-una-nueva-capacitacion-deportiva\/","name":"Red Ciudadana impulsa una nueva capacitaci\u00f3n deportiva - El Regional","isPartOf":{"@id":"http:\/\/elregionalvm.com.ar\/noticias-villa-maria\/#website"},"primaryImageOfPage":{"@id":"http:\/\/elregionalvm.com.ar\/noticias-villa-maria\/red-ciudadana-impulsa-una-nueva-capacitacion-deportiva\/#primaryimage"},"image":{"@id":"http:\/\/elregionalvm.com.ar\/noticias-villa-maria\/red-ciudadana-impulsa-una-nueva-capacitacion-deportiva\/#primaryimage"},"thumbnailUrl":"https:\/\/i0.wp.com\/elregionalvm.com.ar\/noticias-villa-maria\/wp-content\/uploads\/2023\/03\/WhatsApp-Image-2023-03-21-at-15.25.51.jpeg?fit=1080%2C1080&ssl=1","datePublished":"2023-03-21T21:22:20+00:00","dateModified":"2023-03-21T21:32:51+00:00","author":{"@id":"http:\/\/elregionalvm.com.ar\/noticias-villa-maria\/#\/schema\/person\/a0fb9c422317faca23d50163151bc354"},"breadcrumb":{"@id":"http:\/\/elregionalvm.com.ar\/noticias-villa-maria\/red-ciudadana-impulsa-una-nueva-capacitacion-deportiva\/#breadcrumb"},"inLanguage":"es","potentialAction":[{"@type":"ReadAction","target":["http:\/\/elregionalvm.com.ar\/noticias-villa-maria\/red-ciudadana-impulsa-una-nueva-capacitacion-deportiva\/"]}]},{"@type":"ImageObject","inLanguage":"es","@id":"http:\/\/elregionalvm.com.ar\/noticias-villa-maria\/red-ciudadana-impulsa-una-nueva-capacitacion-deportiva\/#primaryimage","url":"https:\/\/i0.wp.com\/elregionalvm.com.ar\/noticias-villa-maria\/wp-content\/uploads\/2023\/03\/WhatsApp-Image-2023-03-21-at-15.25.51.jpeg?fit=1080%2C1080&ssl=1","contentUrl":"https:\/\/i0.wp.com\/elregionalvm.com.ar\/noticias-villa-maria\/wp-content\/uploads\/2023\/03\/WhatsApp-Image-2023-03-21-at-15.25.51.jpeg?fit=1080%2C1080&ssl=1","width":1080,"height":1080},{"@type":"BreadcrumbList","@id":"http:\/\/elregionalvm.com.ar\/noticias-villa-maria\/red-ciudadana-impulsa-una-nueva-capacitacion-deportiva\/#breadcrumb","itemListElement":[{"@type":"ListItem","position":1,"name":"Portada","item":"https:\/\/elregionalvm.com.ar\/noticias-villa-maria\/"},{"@type":"ListItem","position":2,"name":"Red Ciudadana impulsa una nueva capacitaci\u00f3n deportiva"}]},{"@type":"WebSite","@id":"http:\/\/elregionalvm.com.ar\/noticias-villa-maria\/#website","url":"http:\/\/elregionalvm.com.ar\/noticias-villa-maria\/","name":"El Regional","description":"Mucho m\u00e1s que informaci\u00f3n","potentialAction":[{"@type":"SearchAction","target":{"@type":"EntryPoint","urlTemplate":"http:\/\/elregionalvm.com.ar\/noticias-villa-maria\/?s={search_term_string}"},"query-input":{"@type":"PropertyValueSpecification","valueRequired":true,"valueName":"search_term_string"}}],"inLanguage":"es"},{"@type":"Person","@id":"http:\/\/elregionalvm.com.ar\/noticias-villa-maria\/#\/schema\/person\/a0fb9c422317faca23d50163151bc354","name":"Contenidos El Regional","image":{"@type":"ImageObject","inLanguage":"es","@id":"http:\/\/elregionalvm.com.ar\/noticias-villa-maria\/#\/schema\/person\/image\/","url":"https:\/\/secure.gravatar.com\/avatar\/265b27cb2209af7bb3a1318f03305787d7981a5cc6e6cd08fe5a4ecdf99d4b48?s=96&d=mm&r=g","contentUrl":"https:\/\/secure.gravatar.com\/avatar\/265b27cb2209af7bb3a1318f03305787d7981a5cc6e6cd08fe5a4ecdf99d4b48?s=96&d=mm&r=g","caption":"Contenidos El Regional"},"url":"https:\/\/elregionalvm.com.ar\/noticias-villa-maria\/author\/contenido\/"}]}},"jetpack_featured_media_url":"https:\/\/i0.wp.com\/elregionalvm.com.ar\/noticias-villa-maria\/wp-content\/uploads\/2023\/03\/WhatsApp-Image-2023-03-21-at-15.25.51.jpeg?fit=1080%2C1080&ssl=1","jetpack_sharing_enabled":true,"_links":{"self":[{"href":"https:\/\/elregionalvm.com.ar\/noticias-villa-maria\/wp-json\/wp\/v2\/posts\/73551","targetHints":{"allow":["GET"]}}],"collection":[{"href":"https:\/\/elregionalvm.com.ar\/noticias-villa-maria\/wp-json\/wp\/v2\/posts"}],"about":[{"href":"https:\/\/elregionalvm.com.ar\/noticias-villa-maria\/wp-json\/wp\/v2\/types\/post"}],"author":[{"embeddable":true,"href":"https:\/\/elregionalvm.com.ar\/noticias-villa-maria\/wp-json\/wp\/v2\/users\/4"}],"replies":[{"embeddable":true,"href":"https:\/\/elregionalvm.com.ar\/noticias-villa-maria\/wp-json\/wp\/v2\/comments?post=73551"}],"version-history":[{"count":1,"href":"https:\/\/elregionalvm.com.ar\/noticias-villa-maria\/wp-json\/wp\/v2\/posts\/73551\/revisions"}],"predecessor-version":[{"id":73556,"href":"https:\/\/elregionalvm.com.ar\/noticias-villa-maria\/wp-json\/wp\/v2\/posts\/73551\/revisions\/73556"}],"wp:featuredmedia":[{"embeddable":true,"href":"https:\/\/elregionalvm.com.ar\/noticias-villa-maria\/wp-json\/wp\/v2\/media\/73554"}],"wp:attachment":[{"href":"https:\/\/elregionalvm.com.ar\/noticias-villa-maria\/wp-json\/wp\/v2\/media?parent=73551"}],"wp:term":[{"taxonomy":"category","embeddable":true,"href":"https:\/\/elregionalvm.com.ar\/noticias-villa-maria\/wp-json\/wp\/v2\/categories?post=73551"},{"taxonomy":"post_tag","embeddable":true,"href":"https:\/\/elregionalvm.com.ar\/noticias-villa-maria\/wp-json\/wp\/v2\/tags?post=73551"}],"curies":[{"name":"wp","href":"https:\/\/api.w.org\/{rel}","templated":true}]}}