{"id":73559,"date":"2023-03-21T21:30:13","date_gmt":"2023-03-21T21:30:13","guid":{"rendered":"https:\/\/elregionalvm.com.ar\/noticias-villa-maria\/?p=73559"},"modified":"2023-03-21T21:30:43","modified_gmt":"2023-03-21T21:30:43","slug":"darle-la-vuelta-al-mundo-llegaron-13-estudiantes-internacionales","status":"publish","type":"post","link":"https:\/\/elregionalvm.com.ar\/noticias-villa-maria\/darle-la-vuelta-al-mundo-llegaron-13-estudiantes-internacionales\/","title":{"rendered":"Llegaron 13 estudiantes internacionales a la UNVM"},"content":{"rendered":"\n<p>La Universidad promueve el desarrollo internacional de la Educaci\u00f3n Superior a trav\u00e9s de diferentes acciones y v\u00ednculos formales que permiten asociar esfuerzos para desarrollar proyectos culturales, cient\u00edficos y educativos. <\/p>\n\n\n\n<p>Desde la Secretar\u00eda de Internacionalizaci\u00f3n (SI) se implementan acuerdos espec\u00edficos que permiten realizar actividades y proyectos en todos los continentes, tales como los programas de movilidad e intercambio de docentes, investigadoras\/es, nodocentes y estudiantes.<\/p>\n\n\n\n<p>Esta semana, a trav\u00e9s de la Unidad de Movilidad e Intercambio (UMI), llegaron a Villa Mar\u00eda j\u00f3venes provenientes de M\u00e9xico, Colombia e Italia que cursar\u00e1n espacios curriculares de distintas carreras de los tres Institutos Acad\u00e9micos-Pedag\u00f3gicos.<\/p>\n\n\n\n<p> Incorpor\u00e1ndose bajo la figura de estudiantes plenos y podr\u00e1n integrarse a equipos de investigaci\u00f3n, intervenir en pr\u00e1cticas territoriales extensionistas y participar de diversas actividades deportivas, culturales, idiom\u00e1ticas y tur\u00edsticas con el objetivo de potenciar la experiencia de movilidad.<\/p>\n\n\n\n<p>En la ceremonia de bienvenida, el rector Luis Negretti consider\u00f3 que \u201cla internacionalizaci\u00f3n es un aprendizaje\u201d porque rinde \u201ctributo al origen mismo de la instituci\u00f3n universitaria\u201d. <\/p>\n\n\n\n<p>En tal sentido, asegur\u00f3 que \u201ctomar una decisi\u00f3n de este tipo es muy importante y requiere de un an\u00e1lisis profundo de aquellos elementos que llevan a elegir una universidad, en este caso la de Villa Mar\u00eda, para realizar su experiencia internacional\u201d.<\/p>\n\n\n\n<p>Durante el primer semestre del a\u00f1o, la UNVM integrar\u00e1 a su comunidad a Luisa Morena Carazas (Universidad de Mil\u00e1n, Italia); Wendy Alejandra Concha Campos (Universidad Aut\u00f3noma de Tlaxcala, M\u00e9xico); Irina Dorantes Torres, Ignacio Melo Trani, Britany Mu\u00f1oz y Brenda Itzayana Vargas G\u00f3mez (Universidad Aut\u00f3noma Chapingo, M\u00e9xico).<\/p>\n\n\n\n<p>Tambi\u00e9n a Valeria Flores Mart\u00ednez (Universidad Aut\u00f3noma de Zacatecas \u2013 \u201cFrancisco Garcia Salinas\u201d, Colombia); Mar\u00eda Camila Gonz\u00e1lez Correa (Universidad de Manizales, Colombia); Ulises Navarro G\u00f3mez y Brenda Guadalupe Sandoval Leal (Universidad de Guadalajara, M\u00e9xico)<\/p>\n\n\n\n<p>Se suman Andr\u00e9s Felipe Perea S\u00e1nchez (Fundaci\u00f3n Universitaria del \u00c1rea Andina, Colombia); Kevin Omar Ram\u00edrez Reza (Universidad Aut\u00f3noma de Baja California, M\u00e9xico); y Reinel Jair Romero Grajales (Universidad Pedag\u00f3gica y Tecnol\u00f3gica de Colombia \u2013 UPTC, Colombia).<\/p>\n\n\n\n<p><strong>El proyecto<\/strong><\/p>\n\n\n\n<p>En la Planificaci\u00f3n Estrat\u00e9gica Institucional de la Universidad la internacionalizaci\u00f3n ocupa un lugar de importancia definiendo una serie de objetivos tendientes a concretarlo, entre ellos promover el intercambio de investigadores, docentes, gestores y estudiantes, e impulsar una universidad sin fronteras.<\/p>\n\n\n\n<p>En virtud de estas premisas, desde el a\u00f1o 2007 comenz\u00f3 el camino hacia la interculturalidad acad\u00e9mica. <\/p>\n\n\n\n<p>Este crecimiento se sostuvo en el tiempo con participaci\u00f3n y compromiso de los distintos actores que se fueron sumando en el transcurso de los a\u00f1os.<\/p>\n\n\n\n<p>La movilidad e intercambio de estudiantes de grado se ha promovido a trav\u00e9s de diferentes programas y convocatorias.<\/p>\n\n\n\n<p> Con la misi\u00f3n de \u201cintegrar y estimular la dimensi\u00f3n internacional e intercultural en la ense\u00f1anza, la investigaci\u00f3n y el servicio de la instituci\u00f3n a la comunidad, consider\u00e1ndola como un ciclo de actos sucesivos e integrados a los procesos educativos cotidianos para el crecimiento, avance e integraci\u00f3n de la universidad a nivel local, regional e internacional\u201d.<\/p>\n\n\n\n<p>As\u00ed, los convenios bilaterales permitieron movilidades e intercambios de estudiantes con Espa\u00f1a, Alemania, Italia, Chile, Venezuela, Brasil, Bolivia. Tambi\u00e9n cuenta con el Programa de Intercambio Acad\u00e9mico Latinoamericano (PILA) y el Programa de Internacionalizaci\u00f3n en Artes (PIA).<\/p>\n","protected":false},"excerpt":{"rendered":"<p>La Universidad promueve el desarrollo internacional de la Educaci\u00f3n Superior a trav\u00e9s de diferentes acciones y v\u00ednculos formales que permiten asociar esfuerzos para desarrollar proyectos culturales, cient\u00edficos y educativos. Desde la Secretar\u00eda de Internacionalizaci\u00f3n (SI) se implementan acuerdos espec\u00edficos que permiten realizar actividades y proyectos en todos los continentes, tales como los programas de movilidad [&hellip;]<\/p>\n","protected":false},"author":4,"featured_media":73562,"comment_status":"open","ping_status":"open","sticky":false,"template":"","format":"standard","meta":{"site-sidebar-layout":"default","site-content-layout":"","ast-site-content-layout":"default","site-content-style":"default","site-sidebar-style":"default","ast-global-header-display":"","ast-banner-title-visibility":"","ast-main-header-display":"","ast-hfb-above-header-display":"","ast-hfb-below-header-display":"","ast-hfb-mobile-header-display":"","site-post-title":"","ast-breadcrumbs-content":"","ast-featured-img":"","footer-sml-layout":"","ast-disable-related-posts":"","theme-transparent-header-meta":"","adv-header-id-meta":"","stick-header-meta":"","header-above-stick-meta":"","header-main-stick-meta":"","header-below-stick-meta":"","astra-migrate-meta-layouts":"default","ast-page-background-enabled":"default","ast-page-background-meta":{"desktop":{"background-color":"","background-image":"","background-repeat":"repeat","background-position":"center center","background-size":"auto","background-attachment":"scroll","background-type":"","background-media":"","overlay-type":"","overlay-color":"","overlay-opacity":"","overlay-gradient":""},"tablet":{"background-color":"","background-image":"","background-repeat":"repeat","background-position":"center center","background-size":"auto","background-attachment":"scroll","background-type":"","background-media":"","overlay-type":"","overlay-color":"","overlay-opacity":"","overlay-gradient":""},"mobile":{"background-color":"","background-image":"","background-repeat":"repeat","background-position":"center center","background-size":"auto","background-attachment":"scroll","background-type":"","background-media":"","overlay-type":"","overlay-color":"","overlay-opacity":"","overlay-gradient":""}},"ast-content-background-meta":{"desktop":{"background-color":"var(--ast-global-color-5)","background-image":"","background-repeat":"repeat","background-position":"center center","background-size":"auto","background-attachment":"scroll","background-type":"","background-media":"","overlay-type":"","overlay-color":"","overlay-opacity":"","overlay-gradient":""},"tablet":{"background-color":"var(--ast-global-color-5)","background-image":"","background-repeat":"repeat","background-position":"center center","background-size":"auto","background-attachment":"scroll","background-type":"","background-media":"","overlay-type":"","overlay-color":"","overlay-opacity":"","overlay-gradient":""},"mobile":{"background-color":"var(--ast-global-color-5)","background-image":"","background-repeat":"repeat","background-position":"center center","background-size":"auto","background-attachment":"scroll","background-type":"","background-media":"","overlay-type":"","overlay-color":"","overlay-opacity":"","overlay-gradient":""}},"_jetpack_memberships_contains_paid_content":false,"_joinchat":[],"footnotes":""},"categories":[15302,2],"tags":[],"class_list":["post-73559","post","type-post","status-publish","format-standard","has-post-thumbnail","hentry","category-destacado","category-villa-maria"],"yoast_head":"<!-- This site is optimized with the Yoast SEO plugin v26.8 - https:\/\/yoast.com\/product\/yoast-seo-wordpress\/ -->\n<title>Llegaron 13 estudiantes internacionales a la UNVM - El Regional<\/title>\n<meta name=\"robots\" content=\"index, follow, max-snippet:-1, max-image-preview:large, max-video-preview:-1\" \/>\n<link rel=\"canonical\" href=\"http:\/\/elregionalvm.com.ar\/noticias-villa-maria\/darle-la-vuelta-al-mundo-llegaron-13-estudiantes-internacionales\/\" \/>\n<meta property=\"og:locale\" content=\"es_ES\" \/>\n<meta property=\"og:type\" content=\"article\" \/>\n<meta property=\"og:title\" content=\"Llegaron 13 estudiantes internacionales a la UNVM - El Regional\" \/>\n<meta property=\"og:description\" content=\"La Universidad promueve el desarrollo internacional de la Educaci\u00f3n Superior a trav\u00e9s de diferentes acciones y v\u00ednculos formales que permiten asociar esfuerzos para desarrollar proyectos culturales, cient\u00edficos y educativos. Desde la Secretar\u00eda de Internacionalizaci\u00f3n (SI) se implementan acuerdos espec\u00edficos que permiten realizar actividades y proyectos en todos los continentes, tales como los programas de movilidad [&hellip;]\" \/>\n<meta property=\"og:url\" content=\"http:\/\/elregionalvm.com.ar\/noticias-villa-maria\/darle-la-vuelta-al-mundo-llegaron-13-estudiantes-internacionales\/\" \/>\n<meta property=\"og:site_name\" content=\"El Regional\" \/>\n<meta property=\"article:publisher\" content=\"https:\/\/www.facebook.com\/elregionalvm\" \/>\n<meta property=\"article:published_time\" content=\"2023-03-21T21:30:13+00:00\" \/>\n<meta property=\"article:modified_time\" content=\"2023-03-21T21:30:43+00:00\" \/>\n<meta property=\"og:image\" content=\"http:\/\/elregionalvm.com.ar\/noticias-villa-maria\/wp-content\/uploads\/2023\/03\/DSC_0089-scaled-e1679313297896-980x551-1.jpg\" \/>\n\t<meta property=\"og:image:width\" content=\"980\" \/>\n\t<meta property=\"og:image:height\" content=\"551\" \/>\n\t<meta property=\"og:image:type\" content=\"image\/jpeg\" \/>\n<meta name=\"author\" content=\"Contenidos El Regional\" \/>\n<meta name=\"twitter:card\" content=\"summary_large_image\" \/>\n<meta name=\"twitter:creator\" content=\"@elregionalvm1\" \/>\n<meta name=\"twitter:site\" content=\"@elregionalvm1\" \/>\n<meta name=\"twitter:label1\" content=\"Escrito por\" \/>\n\t<meta name=\"twitter:data1\" content=\"Contenidos El Regional\" \/>\n\t<meta name=\"twitter:label2\" content=\"Tiempo de lectura\" \/>\n\t<meta name=\"twitter:data2\" content=\"3 minutos\" \/>\n<script type=\"application\/ld+json\" class=\"yoast-schema-graph\">{\"@context\":\"https:\/\/schema.org\",\"@graph\":[{\"@type\":\"Article\",\"@id\":\"http:\/\/elregionalvm.com.ar\/noticias-villa-maria\/darle-la-vuelta-al-mundo-llegaron-13-estudiantes-internacionales\/#article\",\"isPartOf\":{\"@id\":\"http:\/\/elregionalvm.com.ar\/noticias-villa-maria\/darle-la-vuelta-al-mundo-llegaron-13-estudiantes-internacionales\/\"},\"author\":{\"name\":\"Contenidos El Regional\",\"@id\":\"http:\/\/elregionalvm.com.ar\/noticias-villa-maria\/#\/schema\/person\/a0fb9c422317faca23d50163151bc354\"},\"headline\":\"Llegaron 13 estudiantes internacionales a la UNVM\",\"datePublished\":\"2023-03-21T21:30:13+00:00\",\"dateModified\":\"2023-03-21T21:30:43+00:00\",\"mainEntityOfPage\":{\"@id\":\"http:\/\/elregionalvm.com.ar\/noticias-villa-maria\/darle-la-vuelta-al-mundo-llegaron-13-estudiantes-internacionales\/\"},\"wordCount\":582,\"commentCount\":0,\"image\":{\"@id\":\"http:\/\/elregionalvm.com.ar\/noticias-villa-maria\/darle-la-vuelta-al-mundo-llegaron-13-estudiantes-internacionales\/#primaryimage\"},\"thumbnailUrl\":\"https:\/\/i0.wp.com\/elregionalvm.com.ar\/noticias-villa-maria\/wp-content\/uploads\/2023\/03\/DSC_0089-scaled-e1679313297896-980x551-1.jpg?fit=980%2C551&ssl=1\",\"articleSection\":[\"destacado\",\"Villa Mar\u00eda\"],\"inLanguage\":\"es\",\"potentialAction\":[{\"@type\":\"CommentAction\",\"name\":\"Comment\",\"target\":[\"http:\/\/elregionalvm.com.ar\/noticias-villa-maria\/darle-la-vuelta-al-mundo-llegaron-13-estudiantes-internacionales\/#respond\"]}]},{\"@type\":\"WebPage\",\"@id\":\"http:\/\/elregionalvm.com.ar\/noticias-villa-maria\/darle-la-vuelta-al-mundo-llegaron-13-estudiantes-internacionales\/\",\"url\":\"http:\/\/elregionalvm.com.ar\/noticias-villa-maria\/darle-la-vuelta-al-mundo-llegaron-13-estudiantes-internacionales\/\",\"name\":\"Llegaron 13 estudiantes internacionales a la UNVM - El Regional\",\"isPartOf\":{\"@id\":\"http:\/\/elregionalvm.com.ar\/noticias-villa-maria\/#website\"},\"primaryImageOfPage\":{\"@id\":\"http:\/\/elregionalvm.com.ar\/noticias-villa-maria\/darle-la-vuelta-al-mundo-llegaron-13-estudiantes-internacionales\/#primaryimage\"},\"image\":{\"@id\":\"http:\/\/elregionalvm.com.ar\/noticias-villa-maria\/darle-la-vuelta-al-mundo-llegaron-13-estudiantes-internacionales\/#primaryimage\"},\"thumbnailUrl\":\"https:\/\/i0.wp.com\/elregionalvm.com.ar\/noticias-villa-maria\/wp-content\/uploads\/2023\/03\/DSC_0089-scaled-e1679313297896-980x551-1.jpg?fit=980%2C551&ssl=1\",\"datePublished\":\"2023-03-21T21:30:13+00:00\",\"dateModified\":\"2023-03-21T21:30:43+00:00\",\"author\":{\"@id\":\"http:\/\/elregionalvm.com.ar\/noticias-villa-maria\/#\/schema\/person\/a0fb9c422317faca23d50163151bc354\"},\"breadcrumb\":{\"@id\":\"http:\/\/elregionalvm.com.ar\/noticias-villa-maria\/darle-la-vuelta-al-mundo-llegaron-13-estudiantes-internacionales\/#breadcrumb\"},\"inLanguage\":\"es\",\"potentialAction\":[{\"@type\":\"ReadAction\",\"target\":[\"http:\/\/elregionalvm.com.ar\/noticias-villa-maria\/darle-la-vuelta-al-mundo-llegaron-13-estudiantes-internacionales\/\"]}]},{\"@type\":\"ImageObject\",\"inLanguage\":\"es\",\"@id\":\"http:\/\/elregionalvm.com.ar\/noticias-villa-maria\/darle-la-vuelta-al-mundo-llegaron-13-estudiantes-internacionales\/#primaryimage\",\"url\":\"https:\/\/i0.wp.com\/elregionalvm.com.ar\/noticias-villa-maria\/wp-content\/uploads\/2023\/03\/DSC_0089-scaled-e1679313297896-980x551-1.jpg?fit=980%2C551&ssl=1\",\"contentUrl\":\"https:\/\/i0.wp.com\/elregionalvm.com.ar\/noticias-villa-maria\/wp-content\/uploads\/2023\/03\/DSC_0089-scaled-e1679313297896-980x551-1.jpg?fit=980%2C551&ssl=1\",\"width\":980,\"height\":551},{\"@type\":\"BreadcrumbList\",\"@id\":\"http:\/\/elregionalvm.com.ar\/noticias-villa-maria\/darle-la-vuelta-al-mundo-llegaron-13-estudiantes-internacionales\/#breadcrumb\",\"itemListElement\":[{\"@type\":\"ListItem\",\"position\":1,\"name\":\"Portada\",\"item\":\"https:\/\/elregionalvm.com.ar\/noticias-villa-maria\/\"},{\"@type\":\"ListItem\",\"position\":2,\"name\":\"Llegaron 13 estudiantes internacionales a la UNVM\"}]},{\"@type\":\"WebSite\",\"@id\":\"http:\/\/elregionalvm.com.ar\/noticias-villa-maria\/#website\",\"url\":\"http:\/\/elregionalvm.com.ar\/noticias-villa-maria\/\",\"name\":\"El Regional\",\"description\":\"Mucho m\u00e1s que informaci\u00f3n\",\"potentialAction\":[{\"@type\":\"SearchAction\",\"target\":{\"@type\":\"EntryPoint\",\"urlTemplate\":\"http:\/\/elregionalvm.com.ar\/noticias-villa-maria\/?s={search_term_string}\"},\"query-input\":{\"@type\":\"PropertyValueSpecification\",\"valueRequired\":true,\"valueName\":\"search_term_string\"}}],\"inLanguage\":\"es\"},{\"@type\":\"Person\",\"@id\":\"http:\/\/elregionalvm.com.ar\/noticias-villa-maria\/#\/schema\/person\/a0fb9c422317faca23d50163151bc354\",\"name\":\"Contenidos El Regional\",\"image\":{\"@type\":\"ImageObject\",\"inLanguage\":\"es\",\"@id\":\"http:\/\/elregionalvm.com.ar\/noticias-villa-maria\/#\/schema\/person\/image\/\",\"url\":\"https:\/\/secure.gravatar.com\/avatar\/265b27cb2209af7bb3a1318f03305787d7981a5cc6e6cd08fe5a4ecdf99d4b48?s=96&d=mm&r=g\",\"contentUrl\":\"https:\/\/secure.gravatar.com\/avatar\/265b27cb2209af7bb3a1318f03305787d7981a5cc6e6cd08fe5a4ecdf99d4b48?s=96&d=mm&r=g\",\"caption\":\"Contenidos El Regional\"},\"url\":\"https:\/\/elregionalvm.com.ar\/noticias-villa-maria\/author\/contenido\/\"}]}<\/script>\n<!-- \/ Yoast SEO plugin. -->","yoast_head_json":{"title":"Llegaron 13 estudiantes internacionales a la UNVM - El Regional","robots":{"index":"index","follow":"follow","max-snippet":"max-snippet:-1","max-image-preview":"max-image-preview:large","max-video-preview":"max-video-preview:-1"},"canonical":"http:\/\/elregionalvm.com.ar\/noticias-villa-maria\/darle-la-vuelta-al-mundo-llegaron-13-estudiantes-internacionales\/","og_locale":"es_ES","og_type":"article","og_title":"Llegaron 13 estudiantes internacionales a la UNVM - El Regional","og_description":"La Universidad promueve el desarrollo internacional de la Educaci\u00f3n Superior a trav\u00e9s de diferentes acciones y v\u00ednculos formales que permiten asociar esfuerzos para desarrollar proyectos culturales, cient\u00edficos y educativos. Desde la Secretar\u00eda de Internacionalizaci\u00f3n (SI) se implementan acuerdos espec\u00edficos que permiten realizar actividades y proyectos en todos los continentes, tales como los programas de movilidad [&hellip;]","og_url":"http:\/\/elregionalvm.com.ar\/noticias-villa-maria\/darle-la-vuelta-al-mundo-llegaron-13-estudiantes-internacionales\/","og_site_name":"El Regional","article_publisher":"https:\/\/www.facebook.com\/elregionalvm","article_published_time":"2023-03-21T21:30:13+00:00","article_modified_time":"2023-03-21T21:30:43+00:00","og_image":[{"width":980,"height":551,"url":"http:\/\/elregionalvm.com.ar\/noticias-villa-maria\/wp-content\/uploads\/2023\/03\/DSC_0089-scaled-e1679313297896-980x551-1.jpg","type":"image\/jpeg"}],"author":"Contenidos El Regional","twitter_card":"summary_large_image","twitter_creator":"@elregionalvm1","twitter_site":"@elregionalvm1","twitter_misc":{"Escrito por":"Contenidos El Regional","Tiempo de lectura":"3 minutos"},"schema":{"@context":"https:\/\/schema.org","@graph":[{"@type":"Article","@id":"http:\/\/elregionalvm.com.ar\/noticias-villa-maria\/darle-la-vuelta-al-mundo-llegaron-13-estudiantes-internacionales\/#article","isPartOf":{"@id":"http:\/\/elregionalvm.com.ar\/noticias-villa-maria\/darle-la-vuelta-al-mundo-llegaron-13-estudiantes-internacionales\/"},"author":{"name":"Contenidos El Regional","@id":"http:\/\/elregionalvm.com.ar\/noticias-villa-maria\/#\/schema\/person\/a0fb9c422317faca23d50163151bc354"},"headline":"Llegaron 13 estudiantes internacionales a la UNVM","datePublished":"2023-03-21T21:30:13+00:00","dateModified":"2023-03-21T21:30:43+00:00","mainEntityOfPage":{"@id":"http:\/\/elregionalvm.com.ar\/noticias-villa-maria\/darle-la-vuelta-al-mundo-llegaron-13-estudiantes-internacionales\/"},"wordCount":582,"commentCount":0,"image":{"@id":"http:\/\/elregionalvm.com.ar\/noticias-villa-maria\/darle-la-vuelta-al-mundo-llegaron-13-estudiantes-internacionales\/#primaryimage"},"thumbnailUrl":"https:\/\/i0.wp.com\/elregionalvm.com.ar\/noticias-villa-maria\/wp-content\/uploads\/2023\/03\/DSC_0089-scaled-e1679313297896-980x551-1.jpg?fit=980%2C551&ssl=1","articleSection":["destacado","Villa Mar\u00eda"],"inLanguage":"es","potentialAction":[{"@type":"CommentAction","name":"Comment","target":["http:\/\/elregionalvm.com.ar\/noticias-villa-maria\/darle-la-vuelta-al-mundo-llegaron-13-estudiantes-internacionales\/#respond"]}]},{"@type":"WebPage","@id":"http:\/\/elregionalvm.com.ar\/noticias-villa-maria\/darle-la-vuelta-al-mundo-llegaron-13-estudiantes-internacionales\/","url":"http:\/\/elregionalvm.com.ar\/noticias-villa-maria\/darle-la-vuelta-al-mundo-llegaron-13-estudiantes-internacionales\/","name":"Llegaron 13 estudiantes internacionales a la UNVM - El Regional","isPartOf":{"@id":"http:\/\/elregionalvm.com.ar\/noticias-villa-maria\/#website"},"primaryImageOfPage":{"@id":"http:\/\/elregionalvm.com.ar\/noticias-villa-maria\/darle-la-vuelta-al-mundo-llegaron-13-estudiantes-internacionales\/#primaryimage"},"image":{"@id":"http:\/\/elregionalvm.com.ar\/noticias-villa-maria\/darle-la-vuelta-al-mundo-llegaron-13-estudiantes-internacionales\/#primaryimage"},"thumbnailUrl":"https:\/\/i0.wp.com\/elregionalvm.com.ar\/noticias-villa-maria\/wp-content\/uploads\/2023\/03\/DSC_0089-scaled-e1679313297896-980x551-1.jpg?fit=980%2C551&ssl=1","datePublished":"2023-03-21T21:30:13+00:00","dateModified":"2023-03-21T21:30:43+00:00","author":{"@id":"http:\/\/elregionalvm.com.ar\/noticias-villa-maria\/#\/schema\/person\/a0fb9c422317faca23d50163151bc354"},"breadcrumb":{"@id":"http:\/\/elregionalvm.com.ar\/noticias-villa-maria\/darle-la-vuelta-al-mundo-llegaron-13-estudiantes-internacionales\/#breadcrumb"},"inLanguage":"es","potentialAction":[{"@type":"ReadAction","target":["http:\/\/elregionalvm.com.ar\/noticias-villa-maria\/darle-la-vuelta-al-mundo-llegaron-13-estudiantes-internacionales\/"]}]},{"@type":"ImageObject","inLanguage":"es","@id":"http:\/\/elregionalvm.com.ar\/noticias-villa-maria\/darle-la-vuelta-al-mundo-llegaron-13-estudiantes-internacionales\/#primaryimage","url":"https:\/\/i0.wp.com\/elregionalvm.com.ar\/noticias-villa-maria\/wp-content\/uploads\/2023\/03\/DSC_0089-scaled-e1679313297896-980x551-1.jpg?fit=980%2C551&ssl=1","contentUrl":"https:\/\/i0.wp.com\/elregionalvm.com.ar\/noticias-villa-maria\/wp-content\/uploads\/2023\/03\/DSC_0089-scaled-e1679313297896-980x551-1.jpg?fit=980%2C551&ssl=1","width":980,"height":551},{"@type":"BreadcrumbList","@id":"http:\/\/elregionalvm.com.ar\/noticias-villa-maria\/darle-la-vuelta-al-mundo-llegaron-13-estudiantes-internacionales\/#breadcrumb","itemListElement":[{"@type":"ListItem","position":1,"name":"Portada","item":"https:\/\/elregionalvm.com.ar\/noticias-villa-maria\/"},{"@type":"ListItem","position":2,"name":"Llegaron 13 estudiantes internacionales a la UNVM"}]},{"@type":"WebSite","@id":"http:\/\/elregionalvm.com.ar\/noticias-villa-maria\/#website","url":"http:\/\/elregionalvm.com.ar\/noticias-villa-maria\/","name":"El Regional","description":"Mucho m\u00e1s que informaci\u00f3n","potentialAction":[{"@type":"SearchAction","target":{"@type":"EntryPoint","urlTemplate":"http:\/\/elregionalvm.com.ar\/noticias-villa-maria\/?s={search_term_string}"},"query-input":{"@type":"PropertyValueSpecification","valueRequired":true,"valueName":"search_term_string"}}],"inLanguage":"es"},{"@type":"Person","@id":"http:\/\/elregionalvm.com.ar\/noticias-villa-maria\/#\/schema\/person\/a0fb9c422317faca23d50163151bc354","name":"Contenidos El Regional","image":{"@type":"ImageObject","inLanguage":"es","@id":"http:\/\/elregionalvm.com.ar\/noticias-villa-maria\/#\/schema\/person\/image\/","url":"https:\/\/secure.gravatar.com\/avatar\/265b27cb2209af7bb3a1318f03305787d7981a5cc6e6cd08fe5a4ecdf99d4b48?s=96&d=mm&r=g","contentUrl":"https:\/\/secure.gravatar.com\/avatar\/265b27cb2209af7bb3a1318f03305787d7981a5cc6e6cd08fe5a4ecdf99d4b48?s=96&d=mm&r=g","caption":"Contenidos El Regional"},"url":"https:\/\/elregionalvm.com.ar\/noticias-villa-maria\/author\/contenido\/"}]}},"jetpack_featured_media_url":"https:\/\/i0.wp.com\/elregionalvm.com.ar\/noticias-villa-maria\/wp-content\/uploads\/2023\/03\/DSC_0089-scaled-e1679313297896-980x551-1.jpg?fit=980%2C551&ssl=1","jetpack_sharing_enabled":true,"_links":{"self":[{"href":"https:\/\/elregionalvm.com.ar\/noticias-villa-maria\/wp-json\/wp\/v2\/posts\/73559","targetHints":{"allow":["GET"]}}],"collection":[{"href":"https:\/\/elregionalvm.com.ar\/noticias-villa-maria\/wp-json\/wp\/v2\/posts"}],"about":[{"href":"https:\/\/elregionalvm.com.ar\/noticias-villa-maria\/wp-json\/wp\/v2\/types\/post"}],"author":[{"embeddable":true,"href":"https:\/\/elregionalvm.com.ar\/noticias-villa-maria\/wp-json\/wp\/v2\/users\/4"}],"replies":[{"embeddable":true,"href":"https:\/\/elregionalvm.com.ar\/noticias-villa-maria\/wp-json\/wp\/v2\/comments?post=73559"}],"version-history":[{"count":2,"href":"https:\/\/elregionalvm.com.ar\/noticias-villa-maria\/wp-json\/wp\/v2\/posts\/73559\/revisions"}],"predecessor-version":[{"id":73565,"href":"https:\/\/elregionalvm.com.ar\/noticias-villa-maria\/wp-json\/wp\/v2\/posts\/73559\/revisions\/73565"}],"wp:featuredmedia":[{"embeddable":true,"href":"https:\/\/elregionalvm.com.ar\/noticias-villa-maria\/wp-json\/wp\/v2\/media\/73562"}],"wp:attachment":[{"href":"https:\/\/elregionalvm.com.ar\/noticias-villa-maria\/wp-json\/wp\/v2\/media?parent=73559"}],"wp:term":[{"taxonomy":"category","embeddable":true,"href":"https:\/\/elregionalvm.com.ar\/noticias-villa-maria\/wp-json\/wp\/v2\/categories?post=73559"},{"taxonomy":"post_tag","embeddable":true,"href":"https:\/\/elregionalvm.com.ar\/noticias-villa-maria\/wp-json\/wp\/v2\/tags?post=73559"}],"curies":[{"name":"wp","href":"https:\/\/api.w.org\/{rel}","templated":true}]}}