{"id":73566,"date":"2023-03-21T21:41:07","date_gmt":"2023-03-21T21:41:07","guid":{"rendered":"https:\/\/elregionalvm.com.ar\/noticias-villa-maria\/?p=73566"},"modified":"2023-03-21T22:29:18","modified_gmt":"2023-03-21T22:29:18","slug":"comunicado-del-pro-de-la-ciudad-por-la-obra-publica-del-centro-comercial","status":"publish","type":"post","link":"https:\/\/elregionalvm.com.ar\/noticias-villa-maria\/comunicado-del-pro-de-la-ciudad-por-la-obra-publica-del-centro-comercial\/","title":{"rendered":"Desde el PRO hubo quejas por la obra del Centro Comercial a cielo abierto"},"content":{"rendered":"\n<p>\u201cLa improvisaci\u00f3n es el material m\u00e1s utilizado en la obra p\u00fablica de la ciudad\u201d<\/p>\n\n\n\n<p>Remarcaron desde el PRO ante las anormalidades en el cumplimiento de plazos y posibles habilitaciones del desarrollo de obras en el centro de Villa Mar\u00eda, preocup\u00e1ndose por la situaci\u00f3n de los comerciantes.<\/p>\n\n\n\n<p>A m\u00e1s de 50 d\u00edas de comenzada la obra del Centro Comercial a Cielo Abierto sobre calle San Mart\u00edn entre Corrientes y Entre R\u00edos, \u201csiguen jugando con el tiempo y el dinero los vecinos\u201d, se\u00f1al\u00f3 el equipo partidario que tiene sede en 25 de Mayo 40.<br>El concejal y arquitecto, Carlos Primo, manifest\u00f3 que los plazos se incumplieron y \u201cpor lo menos faltan varios d\u00edas m\u00e1s para que terminen, afectando a los vecinos y comerciantes de la zona\u201d.<\/p>\n\n\n\n<p>Teniendo en cuenta que la obra se comenz\u00f3 el 23 de enero y que el \u00abplazo previsto es entre 45 a 50 d\u00edas por cuadra, bajo condiciones clim\u00e1ticas favorables\u00bb seg\u00fan la p\u00e1gina oficial de la Municipalidad, el trabajo se deber\u00eda haber terminado entre el 9 y 14 de marzo, confirmaron los funcionarios del PRO Villa Mar\u00eda que encabeza el legislador Dar\u00edo Capitani.<\/p>\n\n\n\n<p>\u201cSumada a la crisis econ\u00f3mica que todos los argentinos estamos padeciendo, el municipio, lejos de promover e incentivar la actividad productiva local, fomenta que las ventas se sigan cayendo y continuar con la tendencia nacional. <\/p>\n\n\n\n<p>Aparte de esto, la incertidumbre es total y ya lo tenemos normalizado. La regla no puede ser que las obras se entreguen a medias y fuera de tiempo, mientras inauguran de a tramos o tiran bombas de humo con otros proyectos para distraer de lo importante\u201d, remarc\u00f3 Primo.<\/p>\n\n\n\n<p>\u201cNo se trata de haberse demorado unos d\u00edas, porque suele pasar en la mayor\u00eda de las obras. Sino que son plazos previstos por el Estado, y est\u00e1n poniendo en juego 50 d\u00edas de trabajo de los comerciantes que bajan su frecuencia en \u00e9pocas econ\u00f3micas tan crueles como las actuales\u201d, explic\u00f3 el concejal del PRO.<\/p>\n\n\n\n<p>Adem\u00e1s se\u00f1al\u00f3: \u201cComo funcionarios p\u00fablicos es nuestro deber controlar la ejecuci\u00f3n del Presupuesto Municipal, m\u00e1s all\u00e1 de los 150.000.000 de pesos que aparecen puntualizados en el Presupuesto aprobado en diciembre del a\u00f1o pasado para esta obra, hay varias cuestiones difusas, indic\u00f3.<\/p>\n\n\n\n<p>\u201cLuego de comenzada la obra, a partir de noticias publicadas por los medios locales, nos enteramos que el aporte del Estado Nacional se trata de elementos de construcci\u00f3n que formar\u00e1n parte de la obra y que adem\u00e1s la mano de obra, en lugar de ser licitada va a ejecutarse por empleados municipales. <\/p>\n\n\n\n<p>En este sentido, no queda precisado la cantidad de empleados del municipio que se van a destinar a esta obra y qu\u00e9 tareas dejan de cumplir por cambiar sus tareas durante estos d\u00edas. <\/p>\n\n\n\n<p>Tampoco queda claro en cu\u00e1les otros gastos va a incurrir el Municipio y si esas labores se est\u00e1n haciendo a trav\u00e9s de compra directa o no, ya que no hubo ninguna otra licitaci\u00f3n para ning\u00fan servicio\u201d, dijo de manera contundente Primo.<\/p>\n\n\n\n<p>Y agreg\u00f3: \u201cAdem\u00e1s, por informaci\u00f3n p\u00fablica a la que pudimos acceder, hay bancos y adoquines para esta obra enviados por Naci\u00f3n guardados en el Parque Industrial desde el a\u00f1o 2021. Est\u00e1n utilizando un galp\u00f3n de nuestro mayor espacio productivo local como un dep\u00f3sito desde hace m\u00e1s de un a\u00f1o, cuando reci\u00e9n ahora empezaron las tareas\u201d.<\/p>\n\n\n\n<p>\u201cEl martes 14 de marzo recorrimos el lugar en donde est\u00e1 emplazada la obra, cubierta con chapas como pas\u00f3 con la Plaza Centenario, y observamos que adem\u00e1s de no estar culminada en tiempo y forma, restan varios detalles para poder habilitarla\u201d, mencion\u00f3 Primo.<\/p>\n\n\n\n<p>Adem\u00e1s, desde el equipo pol\u00edtico indicaron: \u201cEl plazo m\u00e1ximo pautado por el municipio para trabajar sobre esta cuadra no se cumpli\u00f3. Como oposici\u00f3n ejercemos nuestra funci\u00f3n de seguir las inversiones p\u00fablicas, el trabajo realizado, si se cumplen o no los objetivos pautados y relevar cuando algo no est\u00e1 funcionando como corresponde. Los vecinos merecen respuestas o, al menos, un aviso de que todo se va a demorar y por cu\u00e1nto\u201d.<\/p>\n\n\n\n<p>Tambi\u00e9n a\u00f1adieron: \u201cLos villamarienses ya tenemos como experiencia la Plaza Centenario y sabemos que pueden habilitar obras sin estar culminadas con tal de no superar el tiempo establecido. Lo vivimos durante toda la gesti\u00f3n de Gill\u201d. <\/p>\n\n\n\n<p>Mientras que el concejal remarc\u00f3: \u201cLo cierto es que adem\u00e1s de estar demorados, que puede pasar en cualquier proyecto, vemos que todav\u00eda faltan cuestiones m\u00ednimas de seguridad, tanto para los peatones como para la circulaci\u00f3n de autom\u00f3viles\u201d.<\/p>\n\n\n\n<p>\u201cTambi\u00e9n tememos que ante este llamado de atenci\u00f3n y por exponer la situaci\u00f3n, decidan habilitar esta cuadra. Hay incertidumbre de c\u00f3mo van a ser esas habilitaciones o aperturas parciales de obras. <\/p>\n\n\n\n<p>\u00abHacerlo sin estar debidamente terminada por \u2018capricho\u2019 y para demostrar \u2018hacer algo\u2019 ser\u00eda peligroso e ir\u00eda en contra de la calidad y terminaci\u00f3n de la obra, como pas\u00f3 anteriormente con planificaciones urbanas gestionadas por este gobierno\u201d, enfatiz\u00f3 Primo.<\/p>\n\n\n\n<p>Y explic\u00f3: \u201cEsto provocar\u00eda un caos en pleno centro de la ciudad sin las demarcaciones necesarias para transitar. No sabr\u00edamos d\u00f3nde estacionar o circular, y habr\u00eda confusi\u00f3n con los transe\u00fantes. <\/p>\n\n\n\n<p>Es una zona gris en donde no hay se\u00f1alizaci\u00f3n y los vecinos estar\u00edan a libre albedr\u00edo quedando liberados a circular por zonas peligrosas. Es importante remarcar que hay ductos y bocas de acceso por los pasan instalaciones y desagues pluviales en los cuales las personas pueden caerse y tener accidentes, como m\u00ednimo quebrarse\u201d.<\/p>\n\n\n\n<p>\u201cQuienes son los responsables de la obra tendr\u00edan que presentar un cuadro de avance de obra real y un esquema de usos previstos de manera de dar certezas no s\u00f3lo a los frentistas sino a todos los villamarienses que d\u00eda a d\u00eda transitan por esa calle. Seguiremos esperando a que el Gobierno cumpla con su deber\u201d, finaliz\u00f3 el concejal.<\/p>\n","protected":false},"excerpt":{"rendered":"<p>\u201cLa improvisaci\u00f3n es el material m\u00e1s utilizado en la obra p\u00fablica de la ciudad\u201d Remarcaron desde el PRO ante las anormalidades en el cumplimiento de plazos y posibles habilitaciones del desarrollo de obras en el centro de Villa Mar\u00eda, preocup\u00e1ndose por la situaci\u00f3n de los comerciantes. A m\u00e1s de 50 d\u00edas de comenzada la obra [&hellip;]<\/p>\n","protected":false},"author":4,"featured_media":73568,"comment_status":"open","ping_status":"open","sticky":false,"template":"","format":"standard","meta":{"site-sidebar-layout":"default","site-content-layout":"","ast-site-content-layout":"default","site-content-style":"default","site-sidebar-style":"default","ast-global-header-display":"","ast-banner-title-visibility":"","ast-main-header-display":"","ast-hfb-above-header-display":"","ast-hfb-below-header-display":"","ast-hfb-mobile-header-display":"","site-post-title":"","ast-breadcrumbs-content":"","ast-featured-img":"","footer-sml-layout":"","ast-disable-related-posts":"","theme-transparent-header-meta":"","adv-header-id-meta":"","stick-header-meta":"","header-above-stick-meta":"","header-main-stick-meta":"","header-below-stick-meta":"","astra-migrate-meta-layouts":"default","ast-page-background-enabled":"default","ast-page-background-meta":{"desktop":{"background-color":"","background-image":"","background-repeat":"repeat","background-position":"center center","background-size":"auto","background-attachment":"scroll","background-type":"","background-media":"","overlay-type":"","overlay-color":"","overlay-opacity":"","overlay-gradient":""},"tablet":{"background-color":"","background-image":"","background-repeat":"repeat","background-position":"center center","background-size":"auto","background-attachment":"scroll","background-type":"","background-media":"","overlay-type":"","overlay-color":"","overlay-opacity":"","overlay-gradient":""},"mobile":{"background-color":"","background-image":"","background-repeat":"repeat","background-position":"center center","background-size":"auto","background-attachment":"scroll","background-type":"","background-media":"","overlay-type":"","overlay-color":"","overlay-opacity":"","overlay-gradient":""}},"ast-content-background-meta":{"desktop":{"background-color":"var(--ast-global-color-5)","background-image":"","background-repeat":"repeat","background-position":"center center","background-size":"auto","background-attachment":"scroll","background-type":"","background-media":"","overlay-type":"","overlay-color":"","overlay-opacity":"","overlay-gradient":""},"tablet":{"background-color":"var(--ast-global-color-5)","background-image":"","background-repeat":"repeat","background-position":"center center","background-size":"auto","background-attachment":"scroll","background-type":"","background-media":"","overlay-type":"","overlay-color":"","overlay-opacity":"","overlay-gradient":""},"mobile":{"background-color":"var(--ast-global-color-5)","background-image":"","background-repeat":"repeat","background-position":"center center","background-size":"auto","background-attachment":"scroll","background-type":"","background-media":"","overlay-type":"","overlay-color":"","overlay-opacity":"","overlay-gradient":""}},"_jetpack_memberships_contains_paid_content":false,"_joinchat":[],"footnotes":""},"categories":[15302,2],"tags":[],"class_list":["post-73566","post","type-post","status-publish","format-standard","has-post-thumbnail","hentry","category-destacado","category-villa-maria"],"yoast_head":"<!-- This site is optimized with the Yoast SEO plugin v26.8 - https:\/\/yoast.com\/product\/yoast-seo-wordpress\/ -->\n<title>Desde el PRO hubo quejas por la obra del Centro Comercial a cielo abierto - El Regional<\/title>\n<meta name=\"robots\" content=\"index, follow, max-snippet:-1, max-image-preview:large, max-video-preview:-1\" \/>\n<link rel=\"canonical\" href=\"http:\/\/elregionalvm.com.ar\/noticias-villa-maria\/comunicado-del-pro-de-la-ciudad-por-la-obra-publica-del-centro-comercial\/\" \/>\n<meta property=\"og:locale\" content=\"es_ES\" \/>\n<meta property=\"og:type\" content=\"article\" \/>\n<meta property=\"og:title\" content=\"Desde el PRO hubo quejas por la obra del Centro Comercial a cielo abierto - El Regional\" \/>\n<meta property=\"og:description\" content=\"\u201cLa improvisaci\u00f3n es el material m\u00e1s utilizado en la obra p\u00fablica de la ciudad\u201d Remarcaron desde el PRO ante las anormalidades en el cumplimiento de plazos y posibles habilitaciones del desarrollo de obras en el centro de Villa Mar\u00eda, preocup\u00e1ndose por la situaci\u00f3n de los comerciantes. A m\u00e1s de 50 d\u00edas de comenzada la obra [&hellip;]\" \/>\n<meta property=\"og:url\" content=\"http:\/\/elregionalvm.com.ar\/noticias-villa-maria\/comunicado-del-pro-de-la-ciudad-por-la-obra-publica-del-centro-comercial\/\" \/>\n<meta property=\"og:site_name\" content=\"El Regional\" \/>\n<meta property=\"article:publisher\" content=\"https:\/\/www.facebook.com\/elregionalvm\" \/>\n<meta property=\"article:published_time\" content=\"2023-03-21T21:41:07+00:00\" \/>\n<meta property=\"article:modified_time\" content=\"2023-03-21T22:29:18+00:00\" \/>\n<meta property=\"og:image\" content=\"http:\/\/elregionalvm.com.ar\/noticias-villa-maria\/wp-content\/uploads\/2023\/03\/WhatsApp-Image-2023-03-21-at-09.28.40.jpeg\" \/>\n\t<meta property=\"og:image:width\" content=\"768\" \/>\n\t<meta property=\"og:image:height\" content=\"1024\" \/>\n\t<meta property=\"og:image:type\" content=\"image\/jpeg\" \/>\n<meta name=\"author\" content=\"Contenidos El Regional\" \/>\n<meta name=\"twitter:card\" content=\"summary_large_image\" \/>\n<meta name=\"twitter:creator\" content=\"@elregionalvm1\" \/>\n<meta name=\"twitter:site\" content=\"@elregionalvm1\" \/>\n<meta name=\"twitter:label1\" content=\"Escrito por\" \/>\n\t<meta name=\"twitter:data1\" content=\"Contenidos El Regional\" \/>\n\t<meta name=\"twitter:label2\" content=\"Tiempo de lectura\" \/>\n\t<meta name=\"twitter:data2\" content=\"5 minutos\" \/>\n<script type=\"application\/ld+json\" class=\"yoast-schema-graph\">{\"@context\":\"https:\/\/schema.org\",\"@graph\":[{\"@type\":\"Article\",\"@id\":\"http:\/\/elregionalvm.com.ar\/noticias-villa-maria\/comunicado-del-pro-de-la-ciudad-por-la-obra-publica-del-centro-comercial\/#article\",\"isPartOf\":{\"@id\":\"http:\/\/elregionalvm.com.ar\/noticias-villa-maria\/comunicado-del-pro-de-la-ciudad-por-la-obra-publica-del-centro-comercial\/\"},\"author\":{\"name\":\"Contenidos El Regional\",\"@id\":\"http:\/\/elregionalvm.com.ar\/noticias-villa-maria\/#\/schema\/person\/a0fb9c422317faca23d50163151bc354\"},\"headline\":\"Desde el PRO hubo quejas por la obra del Centro Comercial a cielo abierto\",\"datePublished\":\"2023-03-21T21:41:07+00:00\",\"dateModified\":\"2023-03-21T22:29:18+00:00\",\"mainEntityOfPage\":{\"@id\":\"http:\/\/elregionalvm.com.ar\/noticias-villa-maria\/comunicado-del-pro-de-la-ciudad-por-la-obra-publica-del-centro-comercial\/\"},\"wordCount\":1034,\"commentCount\":0,\"image\":{\"@id\":\"http:\/\/elregionalvm.com.ar\/noticias-villa-maria\/comunicado-del-pro-de-la-ciudad-por-la-obra-publica-del-centro-comercial\/#primaryimage\"},\"thumbnailUrl\":\"https:\/\/i0.wp.com\/elregionalvm.com.ar\/noticias-villa-maria\/wp-content\/uploads\/2023\/03\/WhatsApp-Image-2023-03-21-at-09.28.40.jpeg?fit=768%2C1024&ssl=1\",\"articleSection\":[\"destacado\",\"Villa Mar\u00eda\"],\"inLanguage\":\"es\",\"potentialAction\":[{\"@type\":\"CommentAction\",\"name\":\"Comment\",\"target\":[\"http:\/\/elregionalvm.com.ar\/noticias-villa-maria\/comunicado-del-pro-de-la-ciudad-por-la-obra-publica-del-centro-comercial\/#respond\"]}]},{\"@type\":\"WebPage\",\"@id\":\"http:\/\/elregionalvm.com.ar\/noticias-villa-maria\/comunicado-del-pro-de-la-ciudad-por-la-obra-publica-del-centro-comercial\/\",\"url\":\"http:\/\/elregionalvm.com.ar\/noticias-villa-maria\/comunicado-del-pro-de-la-ciudad-por-la-obra-publica-del-centro-comercial\/\",\"name\":\"Desde el PRO hubo quejas por la obra del Centro Comercial a cielo abierto - El Regional\",\"isPartOf\":{\"@id\":\"http:\/\/elregionalvm.com.ar\/noticias-villa-maria\/#website\"},\"primaryImageOfPage\":{\"@id\":\"http:\/\/elregionalvm.com.ar\/noticias-villa-maria\/comunicado-del-pro-de-la-ciudad-por-la-obra-publica-del-centro-comercial\/#primaryimage\"},\"image\":{\"@id\":\"http:\/\/elregionalvm.com.ar\/noticias-villa-maria\/comunicado-del-pro-de-la-ciudad-por-la-obra-publica-del-centro-comercial\/#primaryimage\"},\"thumbnailUrl\":\"https:\/\/i0.wp.com\/elregionalvm.com.ar\/noticias-villa-maria\/wp-content\/uploads\/2023\/03\/WhatsApp-Image-2023-03-21-at-09.28.40.jpeg?fit=768%2C1024&ssl=1\",\"datePublished\":\"2023-03-21T21:41:07+00:00\",\"dateModified\":\"2023-03-21T22:29:18+00:00\",\"author\":{\"@id\":\"http:\/\/elregionalvm.com.ar\/noticias-villa-maria\/#\/schema\/person\/a0fb9c422317faca23d50163151bc354\"},\"breadcrumb\":{\"@id\":\"http:\/\/elregionalvm.com.ar\/noticias-villa-maria\/comunicado-del-pro-de-la-ciudad-por-la-obra-publica-del-centro-comercial\/#breadcrumb\"},\"inLanguage\":\"es\",\"potentialAction\":[{\"@type\":\"ReadAction\",\"target\":[\"http:\/\/elregionalvm.com.ar\/noticias-villa-maria\/comunicado-del-pro-de-la-ciudad-por-la-obra-publica-del-centro-comercial\/\"]}]},{\"@type\":\"ImageObject\",\"inLanguage\":\"es\",\"@id\":\"http:\/\/elregionalvm.com.ar\/noticias-villa-maria\/comunicado-del-pro-de-la-ciudad-por-la-obra-publica-del-centro-comercial\/#primaryimage\",\"url\":\"https:\/\/i0.wp.com\/elregionalvm.com.ar\/noticias-villa-maria\/wp-content\/uploads\/2023\/03\/WhatsApp-Image-2023-03-21-at-09.28.40.jpeg?fit=768%2C1024&ssl=1\",\"contentUrl\":\"https:\/\/i0.wp.com\/elregionalvm.com.ar\/noticias-villa-maria\/wp-content\/uploads\/2023\/03\/WhatsApp-Image-2023-03-21-at-09.28.40.jpeg?fit=768%2C1024&ssl=1\",\"width\":768,\"height\":1024},{\"@type\":\"BreadcrumbList\",\"@id\":\"http:\/\/elregionalvm.com.ar\/noticias-villa-maria\/comunicado-del-pro-de-la-ciudad-por-la-obra-publica-del-centro-comercial\/#breadcrumb\",\"itemListElement\":[{\"@type\":\"ListItem\",\"position\":1,\"name\":\"Portada\",\"item\":\"https:\/\/elregionalvm.com.ar\/noticias-villa-maria\/\"},{\"@type\":\"ListItem\",\"position\":2,\"name\":\"Desde el PRO hubo quejas por la obra del Centro Comercial a cielo abierto\"}]},{\"@type\":\"WebSite\",\"@id\":\"http:\/\/elregionalvm.com.ar\/noticias-villa-maria\/#website\",\"url\":\"http:\/\/elregionalvm.com.ar\/noticias-villa-maria\/\",\"name\":\"El Regional\",\"description\":\"Mucho m\u00e1s que informaci\u00f3n\",\"potentialAction\":[{\"@type\":\"SearchAction\",\"target\":{\"@type\":\"EntryPoint\",\"urlTemplate\":\"http:\/\/elregionalvm.com.ar\/noticias-villa-maria\/?s={search_term_string}\"},\"query-input\":{\"@type\":\"PropertyValueSpecification\",\"valueRequired\":true,\"valueName\":\"search_term_string\"}}],\"inLanguage\":\"es\"},{\"@type\":\"Person\",\"@id\":\"http:\/\/elregionalvm.com.ar\/noticias-villa-maria\/#\/schema\/person\/a0fb9c422317faca23d50163151bc354\",\"name\":\"Contenidos El Regional\",\"image\":{\"@type\":\"ImageObject\",\"inLanguage\":\"es\",\"@id\":\"http:\/\/elregionalvm.com.ar\/noticias-villa-maria\/#\/schema\/person\/image\/\",\"url\":\"https:\/\/secure.gravatar.com\/avatar\/265b27cb2209af7bb3a1318f03305787d7981a5cc6e6cd08fe5a4ecdf99d4b48?s=96&d=mm&r=g\",\"contentUrl\":\"https:\/\/secure.gravatar.com\/avatar\/265b27cb2209af7bb3a1318f03305787d7981a5cc6e6cd08fe5a4ecdf99d4b48?s=96&d=mm&r=g\",\"caption\":\"Contenidos El Regional\"},\"url\":\"https:\/\/elregionalvm.com.ar\/noticias-villa-maria\/author\/contenido\/\"}]}<\/script>\n<!-- \/ Yoast SEO plugin. -->","yoast_head_json":{"title":"Desde el PRO hubo quejas por la obra del Centro Comercial a cielo abierto - El Regional","robots":{"index":"index","follow":"follow","max-snippet":"max-snippet:-1","max-image-preview":"max-image-preview:large","max-video-preview":"max-video-preview:-1"},"canonical":"http:\/\/elregionalvm.com.ar\/noticias-villa-maria\/comunicado-del-pro-de-la-ciudad-por-la-obra-publica-del-centro-comercial\/","og_locale":"es_ES","og_type":"article","og_title":"Desde el PRO hubo quejas por la obra del Centro Comercial a cielo abierto - El Regional","og_description":"\u201cLa improvisaci\u00f3n es el material m\u00e1s utilizado en la obra p\u00fablica de la ciudad\u201d Remarcaron desde el PRO ante las anormalidades en el cumplimiento de plazos y posibles habilitaciones del desarrollo de obras en el centro de Villa Mar\u00eda, preocup\u00e1ndose por la situaci\u00f3n de los comerciantes. A m\u00e1s de 50 d\u00edas de comenzada la obra [&hellip;]","og_url":"http:\/\/elregionalvm.com.ar\/noticias-villa-maria\/comunicado-del-pro-de-la-ciudad-por-la-obra-publica-del-centro-comercial\/","og_site_name":"El Regional","article_publisher":"https:\/\/www.facebook.com\/elregionalvm","article_published_time":"2023-03-21T21:41:07+00:00","article_modified_time":"2023-03-21T22:29:18+00:00","og_image":[{"width":768,"height":1024,"url":"http:\/\/elregionalvm.com.ar\/noticias-villa-maria\/wp-content\/uploads\/2023\/03\/WhatsApp-Image-2023-03-21-at-09.28.40.jpeg","type":"image\/jpeg"}],"author":"Contenidos El Regional","twitter_card":"summary_large_image","twitter_creator":"@elregionalvm1","twitter_site":"@elregionalvm1","twitter_misc":{"Escrito por":"Contenidos El Regional","Tiempo de lectura":"5 minutos"},"schema":{"@context":"https:\/\/schema.org","@graph":[{"@type":"Article","@id":"http:\/\/elregionalvm.com.ar\/noticias-villa-maria\/comunicado-del-pro-de-la-ciudad-por-la-obra-publica-del-centro-comercial\/#article","isPartOf":{"@id":"http:\/\/elregionalvm.com.ar\/noticias-villa-maria\/comunicado-del-pro-de-la-ciudad-por-la-obra-publica-del-centro-comercial\/"},"author":{"name":"Contenidos El Regional","@id":"http:\/\/elregionalvm.com.ar\/noticias-villa-maria\/#\/schema\/person\/a0fb9c422317faca23d50163151bc354"},"headline":"Desde el PRO hubo quejas por la obra del Centro Comercial a cielo abierto","datePublished":"2023-03-21T21:41:07+00:00","dateModified":"2023-03-21T22:29:18+00:00","mainEntityOfPage":{"@id":"http:\/\/elregionalvm.com.ar\/noticias-villa-maria\/comunicado-del-pro-de-la-ciudad-por-la-obra-publica-del-centro-comercial\/"},"wordCount":1034,"commentCount":0,"image":{"@id":"http:\/\/elregionalvm.com.ar\/noticias-villa-maria\/comunicado-del-pro-de-la-ciudad-por-la-obra-publica-del-centro-comercial\/#primaryimage"},"thumbnailUrl":"https:\/\/i0.wp.com\/elregionalvm.com.ar\/noticias-villa-maria\/wp-content\/uploads\/2023\/03\/WhatsApp-Image-2023-03-21-at-09.28.40.jpeg?fit=768%2C1024&ssl=1","articleSection":["destacado","Villa Mar\u00eda"],"inLanguage":"es","potentialAction":[{"@type":"CommentAction","name":"Comment","target":["http:\/\/elregionalvm.com.ar\/noticias-villa-maria\/comunicado-del-pro-de-la-ciudad-por-la-obra-publica-del-centro-comercial\/#respond"]}]},{"@type":"WebPage","@id":"http:\/\/elregionalvm.com.ar\/noticias-villa-maria\/comunicado-del-pro-de-la-ciudad-por-la-obra-publica-del-centro-comercial\/","url":"http:\/\/elregionalvm.com.ar\/noticias-villa-maria\/comunicado-del-pro-de-la-ciudad-por-la-obra-publica-del-centro-comercial\/","name":"Desde el PRO hubo quejas por la obra del Centro Comercial a cielo abierto - El Regional","isPartOf":{"@id":"http:\/\/elregionalvm.com.ar\/noticias-villa-maria\/#website"},"primaryImageOfPage":{"@id":"http:\/\/elregionalvm.com.ar\/noticias-villa-maria\/comunicado-del-pro-de-la-ciudad-por-la-obra-publica-del-centro-comercial\/#primaryimage"},"image":{"@id":"http:\/\/elregionalvm.com.ar\/noticias-villa-maria\/comunicado-del-pro-de-la-ciudad-por-la-obra-publica-del-centro-comercial\/#primaryimage"},"thumbnailUrl":"https:\/\/i0.wp.com\/elregionalvm.com.ar\/noticias-villa-maria\/wp-content\/uploads\/2023\/03\/WhatsApp-Image-2023-03-21-at-09.28.40.jpeg?fit=768%2C1024&ssl=1","datePublished":"2023-03-21T21:41:07+00:00","dateModified":"2023-03-21T22:29:18+00:00","author":{"@id":"http:\/\/elregionalvm.com.ar\/noticias-villa-maria\/#\/schema\/person\/a0fb9c422317faca23d50163151bc354"},"breadcrumb":{"@id":"http:\/\/elregionalvm.com.ar\/noticias-villa-maria\/comunicado-del-pro-de-la-ciudad-por-la-obra-publica-del-centro-comercial\/#breadcrumb"},"inLanguage":"es","potentialAction":[{"@type":"ReadAction","target":["http:\/\/elregionalvm.com.ar\/noticias-villa-maria\/comunicado-del-pro-de-la-ciudad-por-la-obra-publica-del-centro-comercial\/"]}]},{"@type":"ImageObject","inLanguage":"es","@id":"http:\/\/elregionalvm.com.ar\/noticias-villa-maria\/comunicado-del-pro-de-la-ciudad-por-la-obra-publica-del-centro-comercial\/#primaryimage","url":"https:\/\/i0.wp.com\/elregionalvm.com.ar\/noticias-villa-maria\/wp-content\/uploads\/2023\/03\/WhatsApp-Image-2023-03-21-at-09.28.40.jpeg?fit=768%2C1024&ssl=1","contentUrl":"https:\/\/i0.wp.com\/elregionalvm.com.ar\/noticias-villa-maria\/wp-content\/uploads\/2023\/03\/WhatsApp-Image-2023-03-21-at-09.28.40.jpeg?fit=768%2C1024&ssl=1","width":768,"height":1024},{"@type":"BreadcrumbList","@id":"http:\/\/elregionalvm.com.ar\/noticias-villa-maria\/comunicado-del-pro-de-la-ciudad-por-la-obra-publica-del-centro-comercial\/#breadcrumb","itemListElement":[{"@type":"ListItem","position":1,"name":"Portada","item":"https:\/\/elregionalvm.com.ar\/noticias-villa-maria\/"},{"@type":"ListItem","position":2,"name":"Desde el PRO hubo quejas por la obra del Centro Comercial a cielo abierto"}]},{"@type":"WebSite","@id":"http:\/\/elregionalvm.com.ar\/noticias-villa-maria\/#website","url":"http:\/\/elregionalvm.com.ar\/noticias-villa-maria\/","name":"El Regional","description":"Mucho m\u00e1s que informaci\u00f3n","potentialAction":[{"@type":"SearchAction","target":{"@type":"EntryPoint","urlTemplate":"http:\/\/elregionalvm.com.ar\/noticias-villa-maria\/?s={search_term_string}"},"query-input":{"@type":"PropertyValueSpecification","valueRequired":true,"valueName":"search_term_string"}}],"inLanguage":"es"},{"@type":"Person","@id":"http:\/\/elregionalvm.com.ar\/noticias-villa-maria\/#\/schema\/person\/a0fb9c422317faca23d50163151bc354","name":"Contenidos El Regional","image":{"@type":"ImageObject","inLanguage":"es","@id":"http:\/\/elregionalvm.com.ar\/noticias-villa-maria\/#\/schema\/person\/image\/","url":"https:\/\/secure.gravatar.com\/avatar\/265b27cb2209af7bb3a1318f03305787d7981a5cc6e6cd08fe5a4ecdf99d4b48?s=96&d=mm&r=g","contentUrl":"https:\/\/secure.gravatar.com\/avatar\/265b27cb2209af7bb3a1318f03305787d7981a5cc6e6cd08fe5a4ecdf99d4b48?s=96&d=mm&r=g","caption":"Contenidos El Regional"},"url":"https:\/\/elregionalvm.com.ar\/noticias-villa-maria\/author\/contenido\/"}]}},"jetpack_featured_media_url":"https:\/\/i0.wp.com\/elregionalvm.com.ar\/noticias-villa-maria\/wp-content\/uploads\/2023\/03\/WhatsApp-Image-2023-03-21-at-09.28.40.jpeg?fit=768%2C1024&ssl=1","jetpack_sharing_enabled":true,"_links":{"self":[{"href":"https:\/\/elregionalvm.com.ar\/noticias-villa-maria\/wp-json\/wp\/v2\/posts\/73566","targetHints":{"allow":["GET"]}}],"collection":[{"href":"https:\/\/elregionalvm.com.ar\/noticias-villa-maria\/wp-json\/wp\/v2\/posts"}],"about":[{"href":"https:\/\/elregionalvm.com.ar\/noticias-villa-maria\/wp-json\/wp\/v2\/types\/post"}],"author":[{"embeddable":true,"href":"https:\/\/elregionalvm.com.ar\/noticias-villa-maria\/wp-json\/wp\/v2\/users\/4"}],"replies":[{"embeddable":true,"href":"https:\/\/elregionalvm.com.ar\/noticias-villa-maria\/wp-json\/wp\/v2\/comments?post=73566"}],"version-history":[{"count":3,"href":"https:\/\/elregionalvm.com.ar\/noticias-villa-maria\/wp-json\/wp\/v2\/posts\/73566\/revisions"}],"predecessor-version":[{"id":73576,"href":"https:\/\/elregionalvm.com.ar\/noticias-villa-maria\/wp-json\/wp\/v2\/posts\/73566\/revisions\/73576"}],"wp:featuredmedia":[{"embeddable":true,"href":"https:\/\/elregionalvm.com.ar\/noticias-villa-maria\/wp-json\/wp\/v2\/media\/73568"}],"wp:attachment":[{"href":"https:\/\/elregionalvm.com.ar\/noticias-villa-maria\/wp-json\/wp\/v2\/media?parent=73566"}],"wp:term":[{"taxonomy":"category","embeddable":true,"href":"https:\/\/elregionalvm.com.ar\/noticias-villa-maria\/wp-json\/wp\/v2\/categories?post=73566"},{"taxonomy":"post_tag","embeddable":true,"href":"https:\/\/elregionalvm.com.ar\/noticias-villa-maria\/wp-json\/wp\/v2\/tags?post=73566"}],"curies":[{"name":"wp","href":"https:\/\/api.w.org\/{rel}","templated":true}]}}