{"id":73766,"date":"2023-03-27T00:01:28","date_gmt":"2023-03-27T00:01:28","guid":{"rendered":"https:\/\/elregionalvm.com.ar\/noticias-villa-maria\/?p=73766"},"modified":"2023-03-30T01:41:41","modified_gmt":"2023-03-30T01:41:41","slug":"desde-adentro-dario-capitani-el-municipio-debe-ser-un-polo-productivo-de-oportunidades-no-un-prestador-de-servicios-mediocre","status":"publish","type":"post","link":"https:\/\/elregionalvm.com.ar\/noticias-villa-maria\/desde-adentro-dario-capitani-el-municipio-debe-ser-un-polo-productivo-de-oportunidades-no-un-prestador-de-servicios-mediocre\/","title":{"rendered":"[Desde Adentro] Dar\u00edo Capitani: \u201cEl municipio debe ser un polo productivo de oportunidades, no un prestador de servicios mediocre\u201d"},"content":{"rendered":"\n<p><\/p>\n\n\n\n<p><strong>Entrevista: Carolina Durand<\/strong><\/p>\n\n\n\n<p>Dar\u00edo Capitani tiene 49 a\u00f1os, es hincha de River, est\u00e1 casado con Jacky hace 18 y este mes cumpli\u00f3 28 de haber iniciado una relaci\u00f3n con la madre de sus hijos, Ramiro (13) y Franco (10).<\/p>\n\n\n\n<p>La conoci\u00f3 de adolescente en una sala de videojuegos a trav\u00e9s de una amiga. \u201cAdem\u00e1s de tener una relaci\u00f3n consolidada, sin el apoyo de mi esposa no podr\u00eda desarrollar plenamente mi funci\u00f3n pol\u00edtica y afrontar los desaf\u00edos que conlleva. Ella me conoci\u00f3 haciendo esto y ha sido mi apoyo incondicional\u201d.<\/p>\n\n\n\n<p>Fue comerciante y emprendedor en distintos rubros y servicios y, en 2015, se aboc\u00f3 de lleno a la pol\u00edtica. Es legislador provincial, referente del PRO, actual vicepresidente del bloque Juntos por el Cambio. Tiene la convicci\u00f3n de que su fuerza ser\u00e1 gobierno de Villa Mar\u00eda y que, \u201cjunto a su equipo de trabajo har\u00e1n de la ciudad un polo productivo de empleo y oportunidades\u201d.<\/p>\n\n\n\n<p>Creci\u00f3 en barrio San Justo, hasta los 18 que se fue a vivir solo. Hijo de padres trabajadores de clase media, hermano de cuatro varones. \u201cMi pap\u00e1 hac\u00eda c\u00e1maras frigor\u00edficas, todo un desaf\u00edo para esa \u00e9poca\u201d.<\/p>\n\n\n\n<p><\/p>\n\n\n\n<figure class=\"wp-block-image size-large\"><img data-recalc-dims=\"1\" fetchpriority=\"high\" decoding=\"async\" width=\"1024\" height=\"683\" src=\"https:\/\/i0.wp.com\/elregionalvm.com.ar\/noticias-villa-maria\/wp-content\/uploads\/2023\/03\/Capitani-horizontal-.jpg?resize=1024%2C683&#038;ssl=1\" alt=\"\" class=\"wp-image-73775\" srcset=\"https:\/\/i0.wp.com\/elregionalvm.com.ar\/noticias-villa-maria\/wp-content\/uploads\/2023\/03\/Capitani-horizontal-.jpg?resize=1024%2C683&amp;ssl=1 1024w, https:\/\/i0.wp.com\/elregionalvm.com.ar\/noticias-villa-maria\/wp-content\/uploads\/2023\/03\/Capitani-horizontal-.jpg?resize=300%2C200&amp;ssl=1 300w, https:\/\/i0.wp.com\/elregionalvm.com.ar\/noticias-villa-maria\/wp-content\/uploads\/2023\/03\/Capitani-horizontal-.jpg?resize=768%2C512&amp;ssl=1 768w, https:\/\/i0.wp.com\/elregionalvm.com.ar\/noticias-villa-maria\/wp-content\/uploads\/2023\/03\/Capitani-horizontal-.jpg?w=1200&amp;ssl=1 1200w\" sizes=\"(max-width: 1000px) 100vw, 1000px\" \/><\/figure>\n\n\n\n<p><\/p>\n\n\n\n<p><strong>Si pudieras hablarle al Dar\u00edo del 2003 que asumi\u00f3 como concejal, \u00bfqu\u00e9 le dir\u00edas?<\/strong><\/p>\n\n\n\n<p>Lo alentar\u00eda a seguir haciendo lo que hizo, que se anime. Ese Dar\u00edo fue producto de la crisis del 2001 y, con la recuperaci\u00f3n de algunas herramientas, en el 2003 eligi\u00f3 participar en Juntos por Villa Mar\u00eda con el acompa\u00f1amiento de Enrique \u201cGato\u201d Sella. Era joven, arriesgado y quer\u00eda ser intendente. Termin\u00e9 con un primer periodo de concejal y un segundo en el 2011.<\/p>\n\n\n\n<p>Adherimos en ese momento (2003) a un espacio menor que era el de Macri, pero con gran proyecci\u00f3n y, armamos Compromiso para el Cambio.<\/p>\n\n\n\n<p>Estaba y estoy convencido de que, mi decisi\u00f3n en involucrarme, que era todo un interrogante para m\u00ed y una pasi\u00f3n por querer saber c\u00f3mo funcionaba internamente, me llevaron a tener la firme decisi\u00f3n de cambiar la realidad de la sociedad.<\/p>\n\n\n\n<p><strong>\u00bfTu acercamiento a la pol\u00edtica?<\/strong><\/p>\n\n\n\n<p>Fue en el \u00b493 de la mano de un amigo \u201cEl Negro\u201d L\u00f3pez (de L\u00f3pez y Reale) y con \u00e9l conoc\u00ed a Sella que hab\u00eda formado Partido PAIS y se hab\u00eda separado del PJ.<\/p>\n\n\n\n<p><strong>Opini\u00f3n sobre la frase \u201cLos pol\u00edticos son todos iguales\u201d \u2026<\/strong><\/p>\n\n\n\n<p>Nos atraviesan cuestiones personales y eso define el \u201cpor qu\u00e9 perduramos\u201d. &nbsp;Parad\u00f3jicamente acumulamos una carrera en materia pol\u00edtica y mientras uno habla de c\u00f3mo mejorar una gesti\u00f3n p\u00fablica, la sociedad lo condena.<\/p>\n\n\n\n<p>No obstante, no somos todos iguales, nosotros todav\u00eda no gobernamos, entonces no somos parte de lo que se hizo hasta ahora en t\u00e9rminos de gesti\u00f3n y administraci\u00f3n de las arcas p\u00fablicas.<\/p>\n\n\n\n<p><\/p>\n\n\n\n<figure class=\"wp-block-image size-full\"><img data-recalc-dims=\"1\" decoding=\"async\" width=\"667\" height=\"1000\" src=\"https:\/\/i0.wp.com\/elregionalvm.com.ar\/noticias-villa-maria\/wp-content\/uploads\/2023\/03\/Capitani-vertical-portada.jpg?resize=667%2C1000&#038;ssl=1\" alt=\"\" class=\"wp-image-73777\" srcset=\"https:\/\/i0.wp.com\/elregionalvm.com.ar\/noticias-villa-maria\/wp-content\/uploads\/2023\/03\/Capitani-vertical-portada.jpg?w=667&amp;ssl=1 667w, https:\/\/i0.wp.com\/elregionalvm.com.ar\/noticias-villa-maria\/wp-content\/uploads\/2023\/03\/Capitani-vertical-portada.jpg?resize=200%2C300&amp;ssl=1 200w\" sizes=\"(max-width: 667px) 100vw, 667px\" \/><\/figure>\n\n\n\n<p><\/p>\n\n\n\n<p><strong>\u00bfQu\u00e9 es el poder?<\/strong><\/p>\n\n\n\n<p>El lugar desde donde hay que transformar la realidad y se generan las decisiones. Buscamos el poder para resolver los rumbos y desarrollo de un pueblo. Las transformaciones se gestan en el Ejecutivo, las normas se discuten en el Concejo.<\/p>\n\n\n\n<p><strong>Una frustraci\u00f3n<\/strong><\/p>\n\n\n\n<p>Ser arquero. Amaba de chico el f\u00fatbol. En los a\u00f1os 80, Ernesto Echegaray, un s\u00edmbolo en el f\u00fatbol de inferiores, me reclut\u00f3 para ir a jugar al baby del Industrial. Despu\u00e9s, junto a Pedro Calder\u00f3n se fueron a dirigir al Club Argentino en barrio Santa Ana y me llevaron. Cuando empec\u00e9 en cancha grande, adquir\u00ed una gran experiencia como arquero.<\/p>\n\n\n\n<p>Una vez viajamos a Mendoza a un torneo y junto a tres jugadores fuimos convocados por Belgrano de C\u00f3rdoba para entrenar. En ese momento ten\u00eda 14 a\u00f1os y los cambios de vida para esos entrenamientos y viajes, eran marcadamente importantes. Mi pap\u00e1 no me firm\u00f3 la posibilidad de viajar para entrenar y perd\u00ed la oportunidad de ir. Eso marc\u00f3 un antes y un despu\u00e9s en mi vida y el f\u00fatbol.<\/p>\n\n\n\n<p><strong>\u00bfQu\u00e9 similitudes y diferencias encontr\u00e1s en el legislativo local de hace 20 a\u00f1os con el actual?<\/strong><\/p>\n\n\n\n<p>Es un excelente lugar para interiorizarse y discutir las normas. Pero, de hace 20 a\u00f1os, nada cambia. La oposici\u00f3n tiene limitaciones porque el peronismo siempre tuvo estrategias para obtener la mayor\u00eda e imponerse, por lo tanto, no deja prosperar las propuestas opositoras.<\/p>\n\n\n\n<p><\/p>\n\n\n\n<figure class=\"wp-block-pullquote\"><blockquote><p><strong>La gente est\u00e1 disconforme porque el oficialismo distorsiona las necesidades reales y las decisiones abordan prioridades cambiadas<\/strong><\/p><\/blockquote><\/figure>\n\n\n\n<p><\/p>\n\n\n\n<p><strong>\u00bfDisfrut\u00e1s m\u00e1s de la ciudad o el campo?<\/strong><\/p>\n\n\n\n<p>Soy urbano, me gusta mi ciudad. Mi ciudad y su potencial.<\/p>\n\n\n\n<p><strong>Cuando eras m\u00e1s joven, \u00bfqu\u00e9 boliches o pub frecuentabas?<\/strong><\/p>\n\n\n\n<p>Flop, Fancy, Metr\u00f3polis, Clapton, el tradicional Caf\u00e9 Argentino, me gustaba ir a todos.<\/p>\n\n\n\n<p><strong>\u00bfEras el que invitaba a bailar o esperabas a que te inviten?<\/strong><\/p>\n\n\n\n<p>Me quedaba observando, esperando que me inviten.<\/p>\n\n\n\n<p><strong>\u00bfCu\u00e1l fue tu primera experiencia en la cocina?<\/strong><\/p>\n\n\n\n<p>La tuve de grande, en mi matrimonio. Me gusta hacer asado y atender a la familia. Cuando viv\u00eda solo no cocinaba pr\u00e1cticamente.<\/p>\n\n\n\n<p><strong>\u00bfQu\u00e9 es la inclusi\u00f3n?<\/strong><\/p>\n\n\n\n<p>Poner adentro al que est\u00e1 afuera. Generar oportunidades. Es una realidad que hay que abordar. \u00a0Hay muchas necesidades que necesitan ser incluidas y reparadas.<\/p>\n\n\n\n<p><\/p>\n\n\n\n<figure class=\"wp-block-image size-full\"><img data-recalc-dims=\"1\" decoding=\"async\" width=\"667\" height=\"1000\" src=\"https:\/\/i0.wp.com\/elregionalvm.com.ar\/noticias-villa-maria\/wp-content\/uploads\/2023\/03\/Capitani-vertical-sentado-patio.jpg?resize=667%2C1000&#038;ssl=1\" alt=\"\" class=\"wp-image-73776\" srcset=\"https:\/\/i0.wp.com\/elregionalvm.com.ar\/noticias-villa-maria\/wp-content\/uploads\/2023\/03\/Capitani-vertical-sentado-patio.jpg?w=667&amp;ssl=1 667w, https:\/\/i0.wp.com\/elregionalvm.com.ar\/noticias-villa-maria\/wp-content\/uploads\/2023\/03\/Capitani-vertical-sentado-patio.jpg?resize=200%2C300&amp;ssl=1 200w\" sizes=\"(max-width: 667px) 100vw, 667px\" \/><\/figure>\n\n\n\n<p><\/p>\n\n\n\n<p><strong>\u00bfPor qu\u00e9 quer\u00e9s ser intendente?<\/strong><\/p>\n\n\n\n<p>No es un desaf\u00edo personal, es un desenlace para trabajar sobre ejes bien definidos desde nuestro partido. Sue\u00f1o con una ciudad que tenga un norte claro y bien definido.<\/p>\n\n\n\n<p>Villa Mar\u00eda tiene mucho potencial y debemos ser un polo productivo de empleo y oportunidades y no un mero estado administrador de la cosa p\u00fablica y prestador de servicios mediocre.<\/p>\n\n\n\n<p>El poder local debe generar mejoras en la calidad de vida y hay que generar condiciones para que eso ocurra. La gente est\u00e1 disconforme porque el oficialismo distorsiona las necesidades reales y las decisiones abordan prioridades cambiadas que no condicen con la realidad.<\/p>\n\n\n\n<p>El villamariense tiene la necesidad de cambio porque no se resuelven los problemas de los sectores puntuales, m\u00e1s all\u00e1 de lo transversal a todos. Necesitan respuestas permanentes que no hay.<\/p>\n\n\n\n<p><strong>Si ma\u00f1ana asumieras en el Ejecutivo, \u00bfqu\u00e9 es lo primero que har\u00edas estando en funci\u00f3n?<\/strong><\/p>\n\n\n\n<p>Convoco al dialogo a las patas fundamentales de la sociedad. Por ejemplo, al sector empresarial y productivo, para generar inversi\u00f3n local que estimule el desarrollo a trav\u00e9s de una planificaci\u00f3n y colaboraci\u00f3n mutua. Ese trabajo empieza mucho antes, ese d\u00eda se ejecuta. Nosotros construimos realidades, no utop\u00edas.<\/p>\n\n\n\n<p><strong>\u00bfTen\u00e9s personaje o superh\u00e9roe favorito?<\/strong><\/p>\n\n\n\n<p>No. Soy muy objetivo, no creo en las utop\u00edas. &nbsp;<\/p>\n\n\n\n<p><strong>\u00bfCine o pel\u00edcula en casa?<\/strong><\/p>\n\n\n\n<p>Pel\u00edcula en casa toda la vida.<\/p>\n\n\n\n<p><strong>\u00bfQu\u00e9 te dej\u00f3 en lo personal la pandemia?<\/strong><\/p>\n\n\n\n<p>La decisi\u00f3n pol\u00edtica de trabajar para ser intendente. Si no lo logro, me retiro de la construcci\u00f3n partidaria en la pol\u00edtica y vuelvo a mi actividad privada.<\/p>\n\n\n\n<p>Me sentaba en el living, frente a la ventana y, con muchas horas de laburo me focalic\u00e9 en construir el embudo de trabajo para gestar una propuesta de trabajo superadora.<\/p>\n\n\n\n<p>Adem\u00e1s, dej\u00f3 un aprendizaje importante y resalt\u00f3 a personas que pusieron lo mejor de s\u00ed para empatizar con quienes peor la pasaron.<\/p>\n\n\n\n<p><strong>\u00bfTe vacunaste enseguida cuando te toc\u00f3 o fuiste reticente?<\/strong><\/p>\n\n\n\n<p>Me vacun\u00e9 cuando me toc\u00f3. Hice la fila como todos los vecinos.<\/p>\n\n\n\n<p><strong>\u00bfA qu\u00e9 prenda de vestir le das mayor importancia?<\/strong><\/p>\n\n\n\n<p>A todas<strong>. <\/strong>Trato de poner en l\u00ednea toda la indumentaria, me gusta.<\/p>\n\n\n\n<p><strong>\u00bfQu\u00e9 perfume us\u00e1s?<\/strong><\/p>\n\n\n\n<p>Los voy variando, cada un par de meses voy rotando, no uso siempre el mismo.<\/p>\n\n\n\n<p><strong>\u00bfAz\u00facar o edulcorante?<\/strong><\/p>\n\n\n\n<p>Edulcorante.<\/p>\n\n\n\n<p><\/p>\n\n\n\n<figure class=\"wp-block-pullquote\"><blockquote><p><strong>Si no logro ser intendente, me retiro de la construcci\u00f3n partidaria en la pol\u00edtica y vuelvo a mi actividad privada<\/strong><\/p><\/blockquote><\/figure>\n\n\n\n<p><\/p>\n\n\n\n<p><strong>Tu opini\u00f3n sobre la educaci\u00f3n p\u00fablica local.<\/strong><\/p>\n\n\n\n<p>Hay falta de coordinaci\u00f3n entre el Municipio y la Provincia. Es tibia la intervenci\u00f3n, cubren los baches del d\u00e9ficit provincial.<\/p>\n\n\n\n<p>El oficialismo en la Legislatura no apuesta en darle a los municipios mayor participaci\u00f3n para resolver situaciones que hacen de base para a calidad educativa, falta de gas, agua, electricidad, cuestiones que llevan mucho tiempo en resolverse y el municipio no se involucra para acelerar los procesos.&nbsp;<\/p>\n\n\n\n<p>Adem\u00e1s, hay que generar mayores salidas laborales. El nivel universitario es de excelencia en todo sentido, sin embargo, el sistema medio educativo tiene un bache abismal y demuestran que no les interesa interceder con la provincia para dar soluciones a los estudiantes\/docentes.<\/p>\n\n\n\n<p><\/p>\n\n\n\n<figure class=\"wp-block-image size-full\"><img data-recalc-dims=\"1\" loading=\"lazy\" decoding=\"async\" width=\"667\" height=\"1000\" src=\"https:\/\/i0.wp.com\/elregionalvm.com.ar\/noticias-villa-maria\/wp-content\/uploads\/2023\/03\/Capitani-vertical.jpg?resize=667%2C1000&#038;ssl=1\" alt=\"\" class=\"wp-image-73773\" srcset=\"https:\/\/i0.wp.com\/elregionalvm.com.ar\/noticias-villa-maria\/wp-content\/uploads\/2023\/03\/Capitani-vertical.jpg?w=667&amp;ssl=1 667w, https:\/\/i0.wp.com\/elregionalvm.com.ar\/noticias-villa-maria\/wp-content\/uploads\/2023\/03\/Capitani-vertical.jpg?resize=200%2C300&amp;ssl=1 200w\" sizes=\"(max-width: 667px) 100vw, 667px\" \/><\/figure>\n\n\n\n<p><\/p>\n\n\n\n<p><strong>\u00bfQu\u00e9 es el cambio?<\/strong><\/p>\n\n\n\n<p>Es un impulso a buscar una mejor\u00eda. Cambiar lo que no funciona y dejar lo que s\u00ed. El que gobierna tiene que tener la capacidad de distinguir lo que no funciona. Los cambios generan temor e intriga, pero, cuando la situaci\u00f3n no da para m\u00e1s, el cambio llega. El gobierno actual est\u00e1 desgastado, aburguesado y han dejado de dar respuestas a los vecinos.<\/p>\n\n\n\n<p><strong>\u00bfVino o cerveza?<\/strong><\/p>\n\n\n\n<p>No me gusta el alcohol, pero, entre los dos me quedo con el vino. Con una buena copa de vino tinto.<\/p>\n\n\n\n<p><strong>\u00bfTen\u00e9s fobias?<\/strong><\/p>\n\n\n\n<p>No<strong>.<\/strong><\/p>\n\n\n\n<p><strong>\u00bfUna debilidad en la gastronom\u00eda?<\/strong><\/p>\n\n\n\n<p>(R\u00ede) me gusta comer, podr\u00eda decir muchas, asado, milanesas, embutidos.<\/p>\n\n\n\n<p><strong>\u00bfTraicionaste alguna vez a alg\u00fan amigo?<\/strong><\/p>\n\n\n\n<p>No. Soy leal conmigo mismo y, a partir de all\u00ed, es un principio que aplico en mi vida.<\/p>\n\n\n\n<p><strong>\u00bfC\u00f3mo est\u00e1 tu relaci\u00f3n con Juan Zazzetti?<\/strong><\/p>\n\n\n\n<p>Es mi amigo. Nos juntamos casi todos los fines de semana. Lo respeto mucho, hablamos de la pol\u00edtica, de los destinos de la ciudad.<\/p>\n\n\n\n<p><strong>\u00bfPor qu\u00e9 en los \u00faltimos a\u00f1os la interna de \u201cJuntos por el Cambio\u201d ha crecido tanto?<\/strong><\/p>\n\n\n\n<p>Porque vamos a ser gobierno y en esa posibilidad, la puja tiene que ver con liderar. Tenemos falta de un liderazgo fuerte y consolidado (como ocurri\u00f3 con Macri), porque hay algunos enfoques diferentes, pero es un espacio serio a diferencia de otros y, nos vamos a poner de acuerdo entendiendo la capacidad de gesti\u00f3n de todos nuestros referentes. Hay fortalezas y debilidades, pero el objetivo es claro, queremos gobernar para cambiar la realidad de la gente.<\/p>\n\n\n\n<p><strong>Frase de cabecera<\/strong><\/p>\n\n\n\n<p>\u201cLa firmeza absoluta de lidiar con los problemas que tenemos\u201d. Sabemos cu\u00e1les son, estamos esperando la oportunidad.<\/p>\n\n\n\n<p><\/p>\n\n\n\n<p><\/p>\n\n\n\n<h3 class=\"wp-block-heading\"><strong>Tambi\u00e9n pod\u00e9s ver: <\/strong><\/h3>\n\n\n\n<p><\/p>\n\n\n\n<p><\/p>\n\n\n\n<figure class=\"wp-block-embed is-type-wp-embed is-provider-el-regional wp-block-embed-el-regional\"><div class=\"wp-block-embed__wrapper\">\n<blockquote class=\"wp-embedded-content\" data-secret=\"gpjX0OjdQO\"><a href=\"https:\/\/elregionalvm.com.ar\/noticias-villa-maria\/desde-adentro-alicia-peresutti-muchas-veces-fui-perseguida-por-desbaratar-prostibulos-y-convivi-con-las-amenazas\/\">[Desde Adentro] Alicia Peresutti: \u201cMuchas veces fui perseguida por desbaratar prost\u00edbulos y conviv\u00eda con las amenazas\u201d<\/a><\/blockquote><iframe class=\"wp-embedded-content\" sandbox=\"allow-scripts\" security=\"restricted\" style=\"position: absolute; clip: rect(1px, 1px, 1px, 1px);\" title=\"\u00ab[Desde Adentro] Alicia Peresutti: \u201cMuchas veces fui perseguida por desbaratar prost\u00edbulos y conviv\u00eda con las amenazas\u201d\u00bb \u2014 El Regional\" src=\"https:\/\/elregionalvm.com.ar\/noticias-villa-maria\/desde-adentro-alicia-peresutti-muchas-veces-fui-perseguida-por-desbaratar-prostibulos-y-convivi-con-las-amenazas\/embed\/#?secret=P47JUsbjft#?secret=gpjX0OjdQO\" data-secret=\"gpjX0OjdQO\" width=\"500\" height=\"282\" frameborder=\"0\" marginwidth=\"0\" marginheight=\"0\" scrolling=\"no\"><\/iframe>\n<\/div><\/figure>\n","protected":false},"excerpt":{"rendered":"<p>Entrevista: Carolina Durand Dar\u00edo Capitani tiene 49 a\u00f1os, es hincha de River, est\u00e1 casado con Jacky hace 18 y este mes cumpli\u00f3 28 de haber iniciado una relaci\u00f3n con la madre de sus hijos, Ramiro (13) y Franco (10). La conoci\u00f3 de adolescente en una sala de videojuegos a trav\u00e9s de una amiga. \u201cAdem\u00e1s de [&hellip;]<\/p>\n","protected":false},"author":4,"featured_media":73774,"comment_status":"open","ping_status":"open","sticky":false,"template":"","format":"standard","meta":{"site-sidebar-layout":"default","site-content-layout":"","ast-site-content-layout":"default","site-content-style":"default","site-sidebar-style":"default","ast-global-header-display":"","ast-banner-title-visibility":"","ast-main-header-display":"","ast-hfb-above-header-display":"","ast-hfb-below-header-display":"","ast-hfb-mobile-header-display":"","site-post-title":"","ast-breadcrumbs-content":"","ast-featured-img":"","footer-sml-layout":"","ast-disable-related-posts":"","theme-transparent-header-meta":"","adv-header-id-meta":"","stick-header-meta":"","header-above-stick-meta":"","header-main-stick-meta":"","header-below-stick-meta":"","astra-migrate-meta-layouts":"default","ast-page-background-enabled":"default","ast-page-background-meta":{"desktop":{"background-color":"","background-image":"","background-repeat":"repeat","background-position":"center center","background-size":"auto","background-attachment":"scroll","background-type":"","background-media":"","overlay-type":"","overlay-color":"","overlay-opacity":"","overlay-gradient":""},"tablet":{"background-color":"","background-image":"","background-repeat":"repeat","background-position":"center center","background-size":"auto","background-attachment":"scroll","background-type":"","background-media":"","overlay-type":"","overlay-color":"","overlay-opacity":"","overlay-gradient":""},"mobile":{"background-color":"","background-image":"","background-repeat":"repeat","background-position":"center center","background-size":"auto","background-attachment":"scroll","background-type":"","background-media":"","overlay-type":"","overlay-color":"","overlay-opacity":"","overlay-gradient":""}},"ast-content-background-meta":{"desktop":{"background-color":"var(--ast-global-color-5)","background-image":"","background-repeat":"repeat","background-position":"center center","background-size":"auto","background-attachment":"scroll","background-type":"","background-media":"","overlay-type":"","overlay-color":"","overlay-opacity":"","overlay-gradient":""},"tablet":{"background-color":"var(--ast-global-color-5)","background-image":"","background-repeat":"repeat","background-position":"center center","background-size":"auto","background-attachment":"scroll","background-type":"","background-media":"","overlay-type":"","overlay-color":"","overlay-opacity":"","overlay-gradient":""},"mobile":{"background-color":"var(--ast-global-color-5)","background-image":"","background-repeat":"repeat","background-position":"center center","background-size":"auto","background-attachment":"scroll","background-type":"","background-media":"","overlay-type":"","overlay-color":"","overlay-opacity":"","overlay-gradient":""}},"_jetpack_memberships_contains_paid_content":false,"_joinchat":[],"footnotes":""},"categories":[2098,2089,3557,2],"tags":[63,9726,21332,268,1386,68,2780,7001,20756,1596,3949,2952],"class_list":["post-73766","post","type-post","status-publish","format-standard","has-post-thumbnail","hentry","category-historias","category-politica","category-tercera","category-villa-maria","tag-candidato","tag-dario-capitani","tag-desde-adentro","tag-elecciones","tag-historias","tag-intendente","tag-interna","tag-juntos-por-el-cambio","tag-legislador-provincial","tag-mauricio-macri","tag-municipio","tag-oficialismo"],"yoast_head":"<!-- This site is optimized with the Yoast SEO plugin v26.8 - https:\/\/yoast.com\/product\/yoast-seo-wordpress\/ -->\n<title>[Desde Adentro] Dar\u00edo Capitani: \u201cEl municipio debe ser un polo productivo de oportunidades, no un prestador de servicios mediocre\u201d - El Regional<\/title>\n<meta name=\"robots\" content=\"index, follow, max-snippet:-1, max-image-preview:large, max-video-preview:-1\" \/>\n<link rel=\"canonical\" href=\"http:\/\/elregionalvm.com.ar\/noticias-villa-maria\/desde-adentro-dario-capitani-el-municipio-debe-ser-un-polo-productivo-de-oportunidades-no-un-prestador-de-servicios-mediocre\/\" \/>\n<meta property=\"og:locale\" content=\"es_ES\" \/>\n<meta property=\"og:type\" content=\"article\" \/>\n<meta property=\"og:title\" content=\"[Desde Adentro] Dar\u00edo Capitani: \u201cEl municipio debe ser un polo productivo de oportunidades, no un prestador de servicios mediocre\u201d - El Regional\" \/>\n<meta property=\"og:description\" content=\"Entrevista: Carolina Durand Dar\u00edo Capitani tiene 49 a\u00f1os, es hincha de River, est\u00e1 casado con Jacky hace 18 y este mes cumpli\u00f3 28 de haber iniciado una relaci\u00f3n con la madre de sus hijos, Ramiro (13) y Franco (10). La conoci\u00f3 de adolescente en una sala de videojuegos a trav\u00e9s de una amiga. \u201cAdem\u00e1s de [&hellip;]\" \/>\n<meta property=\"og:url\" content=\"http:\/\/elregionalvm.com.ar\/noticias-villa-maria\/desde-adentro-dario-capitani-el-municipio-debe-ser-un-polo-productivo-de-oportunidades-no-un-prestador-de-servicios-mediocre\/\" \/>\n<meta property=\"og:site_name\" content=\"El Regional\" \/>\n<meta property=\"article:publisher\" content=\"https:\/\/www.facebook.com\/elregionalvm\" \/>\n<meta property=\"article:published_time\" content=\"2023-03-27T00:01:28+00:00\" \/>\n<meta property=\"article:modified_time\" content=\"2023-03-30T01:41:41+00:00\" \/>\n<meta property=\"og:image\" content=\"http:\/\/elregionalvm.com.ar\/noticias-villa-maria\/wp-content\/uploads\/2023\/03\/Capitani-pelota-futbol.jpg\" \/>\n\t<meta property=\"og:image:width\" content=\"1200\" \/>\n\t<meta property=\"og:image:height\" content=\"800\" \/>\n\t<meta property=\"og:image:type\" content=\"image\/jpeg\" \/>\n<meta name=\"author\" content=\"Contenidos El Regional\" \/>\n<meta name=\"twitter:card\" content=\"summary_large_image\" \/>\n<meta name=\"twitter:creator\" content=\"@elregionalvm1\" \/>\n<meta name=\"twitter:site\" content=\"@elregionalvm1\" \/>\n<meta name=\"twitter:label1\" content=\"Escrito por\" \/>\n\t<meta name=\"twitter:data1\" content=\"Contenidos El Regional\" \/>\n\t<meta name=\"twitter:label2\" content=\"Tiempo de lectura\" \/>\n\t<meta name=\"twitter:data2\" content=\"9 minutos\" \/>\n<script type=\"application\/ld+json\" class=\"yoast-schema-graph\">{\"@context\":\"https:\/\/schema.org\",\"@graph\":[{\"@type\":\"Article\",\"@id\":\"http:\/\/elregionalvm.com.ar\/noticias-villa-maria\/desde-adentro-dario-capitani-el-municipio-debe-ser-un-polo-productivo-de-oportunidades-no-un-prestador-de-servicios-mediocre\/#article\",\"isPartOf\":{\"@id\":\"http:\/\/elregionalvm.com.ar\/noticias-villa-maria\/desde-adentro-dario-capitani-el-municipio-debe-ser-un-polo-productivo-de-oportunidades-no-un-prestador-de-servicios-mediocre\/\"},\"author\":{\"name\":\"Contenidos El Regional\",\"@id\":\"http:\/\/elregionalvm.com.ar\/noticias-villa-maria\/#\/schema\/person\/a0fb9c422317faca23d50163151bc354\"},\"headline\":\"[Desde Adentro] Dar\u00edo Capitani: \u201cEl municipio debe ser un polo productivo de oportunidades, no un prestador de servicios mediocre\u201d\",\"datePublished\":\"2023-03-27T00:01:28+00:00\",\"dateModified\":\"2023-03-30T01:41:41+00:00\",\"mainEntityOfPage\":{\"@id\":\"http:\/\/elregionalvm.com.ar\/noticias-villa-maria\/desde-adentro-dario-capitani-el-municipio-debe-ser-un-polo-productivo-de-oportunidades-no-un-prestador-de-servicios-mediocre\/\"},\"wordCount\":1741,\"commentCount\":0,\"image\":{\"@id\":\"http:\/\/elregionalvm.com.ar\/noticias-villa-maria\/desde-adentro-dario-capitani-el-municipio-debe-ser-un-polo-productivo-de-oportunidades-no-un-prestador-de-servicios-mediocre\/#primaryimage\"},\"thumbnailUrl\":\"https:\/\/i0.wp.com\/elregionalvm.com.ar\/noticias-villa-maria\/wp-content\/uploads\/2023\/03\/Capitani-pelota-futbol.jpg?fit=1200%2C800&ssl=1\",\"keywords\":[\"candidato\",\"Dar\u00edo Capitani\",\"Desde Adentro\",\"elecciones\",\"historias\",\"intendente\",\"Interna\",\"Juntos por el Cambio\",\"legislador provincial\",\"Mauricio Macri\",\"Municipio\",\"oficialismo\"],\"articleSection\":[\"Historias\",\"Pol\u00edtica\",\"tercera\",\"Villa Mar\u00eda\"],\"inLanguage\":\"es\",\"potentialAction\":[{\"@type\":\"CommentAction\",\"name\":\"Comment\",\"target\":[\"http:\/\/elregionalvm.com.ar\/noticias-villa-maria\/desde-adentro-dario-capitani-el-municipio-debe-ser-un-polo-productivo-de-oportunidades-no-un-prestador-de-servicios-mediocre\/#respond\"]}]},{\"@type\":\"WebPage\",\"@id\":\"http:\/\/elregionalvm.com.ar\/noticias-villa-maria\/desde-adentro-dario-capitani-el-municipio-debe-ser-un-polo-productivo-de-oportunidades-no-un-prestador-de-servicios-mediocre\/\",\"url\":\"http:\/\/elregionalvm.com.ar\/noticias-villa-maria\/desde-adentro-dario-capitani-el-municipio-debe-ser-un-polo-productivo-de-oportunidades-no-un-prestador-de-servicios-mediocre\/\",\"name\":\"[Desde Adentro] Dar\u00edo Capitani: \u201cEl municipio debe ser un polo productivo de oportunidades, no un prestador de servicios mediocre\u201d - El Regional\",\"isPartOf\":{\"@id\":\"http:\/\/elregionalvm.com.ar\/noticias-villa-maria\/#website\"},\"primaryImageOfPage\":{\"@id\":\"http:\/\/elregionalvm.com.ar\/noticias-villa-maria\/desde-adentro-dario-capitani-el-municipio-debe-ser-un-polo-productivo-de-oportunidades-no-un-prestador-de-servicios-mediocre\/#primaryimage\"},\"image\":{\"@id\":\"http:\/\/elregionalvm.com.ar\/noticias-villa-maria\/desde-adentro-dario-capitani-el-municipio-debe-ser-un-polo-productivo-de-oportunidades-no-un-prestador-de-servicios-mediocre\/#primaryimage\"},\"thumbnailUrl\":\"https:\/\/i0.wp.com\/elregionalvm.com.ar\/noticias-villa-maria\/wp-content\/uploads\/2023\/03\/Capitani-pelota-futbol.jpg?fit=1200%2C800&ssl=1\",\"datePublished\":\"2023-03-27T00:01:28+00:00\",\"dateModified\":\"2023-03-30T01:41:41+00:00\",\"author\":{\"@id\":\"http:\/\/elregionalvm.com.ar\/noticias-villa-maria\/#\/schema\/person\/a0fb9c422317faca23d50163151bc354\"},\"breadcrumb\":{\"@id\":\"http:\/\/elregionalvm.com.ar\/noticias-villa-maria\/desde-adentro-dario-capitani-el-municipio-debe-ser-un-polo-productivo-de-oportunidades-no-un-prestador-de-servicios-mediocre\/#breadcrumb\"},\"inLanguage\":\"es\",\"potentialAction\":[{\"@type\":\"ReadAction\",\"target\":[\"http:\/\/elregionalvm.com.ar\/noticias-villa-maria\/desde-adentro-dario-capitani-el-municipio-debe-ser-un-polo-productivo-de-oportunidades-no-un-prestador-de-servicios-mediocre\/\"]}]},{\"@type\":\"ImageObject\",\"inLanguage\":\"es\",\"@id\":\"http:\/\/elregionalvm.com.ar\/noticias-villa-maria\/desde-adentro-dario-capitani-el-municipio-debe-ser-un-polo-productivo-de-oportunidades-no-un-prestador-de-servicios-mediocre\/#primaryimage\",\"url\":\"https:\/\/i0.wp.com\/elregionalvm.com.ar\/noticias-villa-maria\/wp-content\/uploads\/2023\/03\/Capitani-pelota-futbol.jpg?fit=1200%2C800&ssl=1\",\"contentUrl\":\"https:\/\/i0.wp.com\/elregionalvm.com.ar\/noticias-villa-maria\/wp-content\/uploads\/2023\/03\/Capitani-pelota-futbol.jpg?fit=1200%2C800&ssl=1\",\"width\":1200,\"height\":800},{\"@type\":\"BreadcrumbList\",\"@id\":\"http:\/\/elregionalvm.com.ar\/noticias-villa-maria\/desde-adentro-dario-capitani-el-municipio-debe-ser-un-polo-productivo-de-oportunidades-no-un-prestador-de-servicios-mediocre\/#breadcrumb\",\"itemListElement\":[{\"@type\":\"ListItem\",\"position\":1,\"name\":\"Portada\",\"item\":\"https:\/\/elregionalvm.com.ar\/noticias-villa-maria\/\"},{\"@type\":\"ListItem\",\"position\":2,\"name\":\"[Desde Adentro] Dar\u00edo Capitani: \u201cEl municipio debe ser un polo productivo de oportunidades, no un prestador de servicios mediocre\u201d\"}]},{\"@type\":\"WebSite\",\"@id\":\"http:\/\/elregionalvm.com.ar\/noticias-villa-maria\/#website\",\"url\":\"http:\/\/elregionalvm.com.ar\/noticias-villa-maria\/\",\"name\":\"El Regional\",\"description\":\"Mucho m\u00e1s que informaci\u00f3n\",\"potentialAction\":[{\"@type\":\"SearchAction\",\"target\":{\"@type\":\"EntryPoint\",\"urlTemplate\":\"http:\/\/elregionalvm.com.ar\/noticias-villa-maria\/?s={search_term_string}\"},\"query-input\":{\"@type\":\"PropertyValueSpecification\",\"valueRequired\":true,\"valueName\":\"search_term_string\"}}],\"inLanguage\":\"es\"},{\"@type\":\"Person\",\"@id\":\"http:\/\/elregionalvm.com.ar\/noticias-villa-maria\/#\/schema\/person\/a0fb9c422317faca23d50163151bc354\",\"name\":\"Contenidos El Regional\",\"image\":{\"@type\":\"ImageObject\",\"inLanguage\":\"es\",\"@id\":\"http:\/\/elregionalvm.com.ar\/noticias-villa-maria\/#\/schema\/person\/image\/\",\"url\":\"https:\/\/secure.gravatar.com\/avatar\/265b27cb2209af7bb3a1318f03305787d7981a5cc6e6cd08fe5a4ecdf99d4b48?s=96&d=mm&r=g\",\"contentUrl\":\"https:\/\/secure.gravatar.com\/avatar\/265b27cb2209af7bb3a1318f03305787d7981a5cc6e6cd08fe5a4ecdf99d4b48?s=96&d=mm&r=g\",\"caption\":\"Contenidos El Regional\"},\"url\":\"https:\/\/elregionalvm.com.ar\/noticias-villa-maria\/author\/contenido\/\"}]}<\/script>\n<!-- \/ Yoast SEO plugin. -->","yoast_head_json":{"title":"[Desde Adentro] Dar\u00edo Capitani: \u201cEl municipio debe ser un polo productivo de oportunidades, no un prestador de servicios mediocre\u201d - El Regional","robots":{"index":"index","follow":"follow","max-snippet":"max-snippet:-1","max-image-preview":"max-image-preview:large","max-video-preview":"max-video-preview:-1"},"canonical":"http:\/\/elregionalvm.com.ar\/noticias-villa-maria\/desde-adentro-dario-capitani-el-municipio-debe-ser-un-polo-productivo-de-oportunidades-no-un-prestador-de-servicios-mediocre\/","og_locale":"es_ES","og_type":"article","og_title":"[Desde Adentro] Dar\u00edo Capitani: \u201cEl municipio debe ser un polo productivo de oportunidades, no un prestador de servicios mediocre\u201d - El Regional","og_description":"Entrevista: Carolina Durand Dar\u00edo Capitani tiene 49 a\u00f1os, es hincha de River, est\u00e1 casado con Jacky hace 18 y este mes cumpli\u00f3 28 de haber iniciado una relaci\u00f3n con la madre de sus hijos, Ramiro (13) y Franco (10). La conoci\u00f3 de adolescente en una sala de videojuegos a trav\u00e9s de una amiga. \u201cAdem\u00e1s de [&hellip;]","og_url":"http:\/\/elregionalvm.com.ar\/noticias-villa-maria\/desde-adentro-dario-capitani-el-municipio-debe-ser-un-polo-productivo-de-oportunidades-no-un-prestador-de-servicios-mediocre\/","og_site_name":"El Regional","article_publisher":"https:\/\/www.facebook.com\/elregionalvm","article_published_time":"2023-03-27T00:01:28+00:00","article_modified_time":"2023-03-30T01:41:41+00:00","og_image":[{"width":1200,"height":800,"url":"http:\/\/elregionalvm.com.ar\/noticias-villa-maria\/wp-content\/uploads\/2023\/03\/Capitani-pelota-futbol.jpg","type":"image\/jpeg"}],"author":"Contenidos El Regional","twitter_card":"summary_large_image","twitter_creator":"@elregionalvm1","twitter_site":"@elregionalvm1","twitter_misc":{"Escrito por":"Contenidos El Regional","Tiempo de lectura":"9 minutos"},"schema":{"@context":"https:\/\/schema.org","@graph":[{"@type":"Article","@id":"http:\/\/elregionalvm.com.ar\/noticias-villa-maria\/desde-adentro-dario-capitani-el-municipio-debe-ser-un-polo-productivo-de-oportunidades-no-un-prestador-de-servicios-mediocre\/#article","isPartOf":{"@id":"http:\/\/elregionalvm.com.ar\/noticias-villa-maria\/desde-adentro-dario-capitani-el-municipio-debe-ser-un-polo-productivo-de-oportunidades-no-un-prestador-de-servicios-mediocre\/"},"author":{"name":"Contenidos El Regional","@id":"http:\/\/elregionalvm.com.ar\/noticias-villa-maria\/#\/schema\/person\/a0fb9c422317faca23d50163151bc354"},"headline":"[Desde Adentro] Dar\u00edo Capitani: \u201cEl municipio debe ser un polo productivo de oportunidades, no un prestador de servicios mediocre\u201d","datePublished":"2023-03-27T00:01:28+00:00","dateModified":"2023-03-30T01:41:41+00:00","mainEntityOfPage":{"@id":"http:\/\/elregionalvm.com.ar\/noticias-villa-maria\/desde-adentro-dario-capitani-el-municipio-debe-ser-un-polo-productivo-de-oportunidades-no-un-prestador-de-servicios-mediocre\/"},"wordCount":1741,"commentCount":0,"image":{"@id":"http:\/\/elregionalvm.com.ar\/noticias-villa-maria\/desde-adentro-dario-capitani-el-municipio-debe-ser-un-polo-productivo-de-oportunidades-no-un-prestador-de-servicios-mediocre\/#primaryimage"},"thumbnailUrl":"https:\/\/i0.wp.com\/elregionalvm.com.ar\/noticias-villa-maria\/wp-content\/uploads\/2023\/03\/Capitani-pelota-futbol.jpg?fit=1200%2C800&ssl=1","keywords":["candidato","Dar\u00edo Capitani","Desde Adentro","elecciones","historias","intendente","Interna","Juntos por el Cambio","legislador provincial","Mauricio Macri","Municipio","oficialismo"],"articleSection":["Historias","Pol\u00edtica","tercera","Villa Mar\u00eda"],"inLanguage":"es","potentialAction":[{"@type":"CommentAction","name":"Comment","target":["http:\/\/elregionalvm.com.ar\/noticias-villa-maria\/desde-adentro-dario-capitani-el-municipio-debe-ser-un-polo-productivo-de-oportunidades-no-un-prestador-de-servicios-mediocre\/#respond"]}]},{"@type":"WebPage","@id":"http:\/\/elregionalvm.com.ar\/noticias-villa-maria\/desde-adentro-dario-capitani-el-municipio-debe-ser-un-polo-productivo-de-oportunidades-no-un-prestador-de-servicios-mediocre\/","url":"http:\/\/elregionalvm.com.ar\/noticias-villa-maria\/desde-adentro-dario-capitani-el-municipio-debe-ser-un-polo-productivo-de-oportunidades-no-un-prestador-de-servicios-mediocre\/","name":"[Desde Adentro] Dar\u00edo Capitani: \u201cEl municipio debe ser un polo productivo de oportunidades, no un prestador de servicios mediocre\u201d - El Regional","isPartOf":{"@id":"http:\/\/elregionalvm.com.ar\/noticias-villa-maria\/#website"},"primaryImageOfPage":{"@id":"http:\/\/elregionalvm.com.ar\/noticias-villa-maria\/desde-adentro-dario-capitani-el-municipio-debe-ser-un-polo-productivo-de-oportunidades-no-un-prestador-de-servicios-mediocre\/#primaryimage"},"image":{"@id":"http:\/\/elregionalvm.com.ar\/noticias-villa-maria\/desde-adentro-dario-capitani-el-municipio-debe-ser-un-polo-productivo-de-oportunidades-no-un-prestador-de-servicios-mediocre\/#primaryimage"},"thumbnailUrl":"https:\/\/i0.wp.com\/elregionalvm.com.ar\/noticias-villa-maria\/wp-content\/uploads\/2023\/03\/Capitani-pelota-futbol.jpg?fit=1200%2C800&ssl=1","datePublished":"2023-03-27T00:01:28+00:00","dateModified":"2023-03-30T01:41:41+00:00","author":{"@id":"http:\/\/elregionalvm.com.ar\/noticias-villa-maria\/#\/schema\/person\/a0fb9c422317faca23d50163151bc354"},"breadcrumb":{"@id":"http:\/\/elregionalvm.com.ar\/noticias-villa-maria\/desde-adentro-dario-capitani-el-municipio-debe-ser-un-polo-productivo-de-oportunidades-no-un-prestador-de-servicios-mediocre\/#breadcrumb"},"inLanguage":"es","potentialAction":[{"@type":"ReadAction","target":["http:\/\/elregionalvm.com.ar\/noticias-villa-maria\/desde-adentro-dario-capitani-el-municipio-debe-ser-un-polo-productivo-de-oportunidades-no-un-prestador-de-servicios-mediocre\/"]}]},{"@type":"ImageObject","inLanguage":"es","@id":"http:\/\/elregionalvm.com.ar\/noticias-villa-maria\/desde-adentro-dario-capitani-el-municipio-debe-ser-un-polo-productivo-de-oportunidades-no-un-prestador-de-servicios-mediocre\/#primaryimage","url":"https:\/\/i0.wp.com\/elregionalvm.com.ar\/noticias-villa-maria\/wp-content\/uploads\/2023\/03\/Capitani-pelota-futbol.jpg?fit=1200%2C800&ssl=1","contentUrl":"https:\/\/i0.wp.com\/elregionalvm.com.ar\/noticias-villa-maria\/wp-content\/uploads\/2023\/03\/Capitani-pelota-futbol.jpg?fit=1200%2C800&ssl=1","width":1200,"height":800},{"@type":"BreadcrumbList","@id":"http:\/\/elregionalvm.com.ar\/noticias-villa-maria\/desde-adentro-dario-capitani-el-municipio-debe-ser-un-polo-productivo-de-oportunidades-no-un-prestador-de-servicios-mediocre\/#breadcrumb","itemListElement":[{"@type":"ListItem","position":1,"name":"Portada","item":"https:\/\/elregionalvm.com.ar\/noticias-villa-maria\/"},{"@type":"ListItem","position":2,"name":"[Desde Adentro] Dar\u00edo Capitani: \u201cEl municipio debe ser un polo productivo de oportunidades, no un prestador de servicios mediocre\u201d"}]},{"@type":"WebSite","@id":"http:\/\/elregionalvm.com.ar\/noticias-villa-maria\/#website","url":"http:\/\/elregionalvm.com.ar\/noticias-villa-maria\/","name":"El Regional","description":"Mucho m\u00e1s que informaci\u00f3n","potentialAction":[{"@type":"SearchAction","target":{"@type":"EntryPoint","urlTemplate":"http:\/\/elregionalvm.com.ar\/noticias-villa-maria\/?s={search_term_string}"},"query-input":{"@type":"PropertyValueSpecification","valueRequired":true,"valueName":"search_term_string"}}],"inLanguage":"es"},{"@type":"Person","@id":"http:\/\/elregionalvm.com.ar\/noticias-villa-maria\/#\/schema\/person\/a0fb9c422317faca23d50163151bc354","name":"Contenidos El Regional","image":{"@type":"ImageObject","inLanguage":"es","@id":"http:\/\/elregionalvm.com.ar\/noticias-villa-maria\/#\/schema\/person\/image\/","url":"https:\/\/secure.gravatar.com\/avatar\/265b27cb2209af7bb3a1318f03305787d7981a5cc6e6cd08fe5a4ecdf99d4b48?s=96&d=mm&r=g","contentUrl":"https:\/\/secure.gravatar.com\/avatar\/265b27cb2209af7bb3a1318f03305787d7981a5cc6e6cd08fe5a4ecdf99d4b48?s=96&d=mm&r=g","caption":"Contenidos El Regional"},"url":"https:\/\/elregionalvm.com.ar\/noticias-villa-maria\/author\/contenido\/"}]}},"jetpack_featured_media_url":"https:\/\/i0.wp.com\/elregionalvm.com.ar\/noticias-villa-maria\/wp-content\/uploads\/2023\/03\/Capitani-pelota-futbol.jpg?fit=1200%2C800&ssl=1","jetpack_sharing_enabled":true,"_links":{"self":[{"href":"https:\/\/elregionalvm.com.ar\/noticias-villa-maria\/wp-json\/wp\/v2\/posts\/73766","targetHints":{"allow":["GET"]}}],"collection":[{"href":"https:\/\/elregionalvm.com.ar\/noticias-villa-maria\/wp-json\/wp\/v2\/posts"}],"about":[{"href":"https:\/\/elregionalvm.com.ar\/noticias-villa-maria\/wp-json\/wp\/v2\/types\/post"}],"author":[{"embeddable":true,"href":"https:\/\/elregionalvm.com.ar\/noticias-villa-maria\/wp-json\/wp\/v2\/users\/4"}],"replies":[{"embeddable":true,"href":"https:\/\/elregionalvm.com.ar\/noticias-villa-maria\/wp-json\/wp\/v2\/comments?post=73766"}],"version-history":[{"count":3,"href":"https:\/\/elregionalvm.com.ar\/noticias-villa-maria\/wp-json\/wp\/v2\/posts\/73766\/revisions"}],"predecessor-version":[{"id":73779,"href":"https:\/\/elregionalvm.com.ar\/noticias-villa-maria\/wp-json\/wp\/v2\/posts\/73766\/revisions\/73779"}],"wp:featuredmedia":[{"embeddable":true,"href":"https:\/\/elregionalvm.com.ar\/noticias-villa-maria\/wp-json\/wp\/v2\/media\/73774"}],"wp:attachment":[{"href":"https:\/\/elregionalvm.com.ar\/noticias-villa-maria\/wp-json\/wp\/v2\/media?parent=73766"}],"wp:term":[{"taxonomy":"category","embeddable":true,"href":"https:\/\/elregionalvm.com.ar\/noticias-villa-maria\/wp-json\/wp\/v2\/categories?post=73766"},{"taxonomy":"post_tag","embeddable":true,"href":"https:\/\/elregionalvm.com.ar\/noticias-villa-maria\/wp-json\/wp\/v2\/tags?post=73766"}],"curies":[{"name":"wp","href":"https:\/\/api.w.org\/{rel}","templated":true}]}}