{"id":73868,"date":"2023-03-28T02:35:55","date_gmt":"2023-03-28T02:35:55","guid":{"rendered":"https:\/\/elregionalvm.com.ar\/noticias-villa-maria\/?p=73868"},"modified":"2023-03-29T01:40:50","modified_gmt":"2023-03-29T01:40:50","slug":"inedito-la-historia-detras-del-ovni-de-arroyo-cabral-que-gano-el-mundial-de-tanques-de-agua","status":"publish","type":"post","link":"https:\/\/elregionalvm.com.ar\/noticias-villa-maria\/inedito-la-historia-detras-del-ovni-de-arroyo-cabral-que-gano-el-mundial-de-tanques-de-agua\/","title":{"rendered":"[In\u00e9dito] La historia detr\u00e1s del \u201covni\u201d de Arroyo Cabral que gan\u00f3 el mundial de tanques de agua"},"content":{"rendered":"\n<p><\/p>\n\n\n\n<p>El tanque de agua de Arroyo Cabral, bautizado como \u201covni\u201d o \u201cplato volador\u201d por su particular forma se consagr\u00f3 campe\u00f3n mundial de un concurso organizado en redes sociales por la cuenta @tanques.deagua, de Mariana Sanguinetti.<\/p>\n\n\n\n<p>El tanque cabralense se impuso en la votaci\u00f3n final a otro denominado \u201cJurasick Tank\u201d, de la peque\u00f1a localidad de Serodino, provincia de Santa Fe. Un total de 32 dep\u00f3sitos de agua de distintas partes del planeta estuvieron incluidos en la competencia.<\/p>\n\n\n\n<p>La ventaja en los votos fue de 53% a 47%, con 5.188 votos contra 4.521 de su contrincante santafesino.<\/p>\n\n\n\n<p><\/p>\n\n\n\n<figure class=\"wp-block-image size-large\"><img data-recalc-dims=\"1\" fetchpriority=\"high\" decoding=\"async\" width=\"1024\" height=\"1024\" src=\"https:\/\/i0.wp.com\/elregionalvm.com.ar\/noticias-villa-maria\/wp-content\/uploads\/2023\/03\/Tanque-Cabral-paneles-solares.jpeg?resize=1024%2C1024&#038;ssl=1\" alt=\"\" class=\"wp-image-73871\" srcset=\"https:\/\/i0.wp.com\/elregionalvm.com.ar\/noticias-villa-maria\/wp-content\/uploads\/2023\/03\/Tanque-Cabral-paneles-solares.jpeg?resize=1024%2C1024&amp;ssl=1 1024w, https:\/\/i0.wp.com\/elregionalvm.com.ar\/noticias-villa-maria\/wp-content\/uploads\/2023\/03\/Tanque-Cabral-paneles-solares.jpeg?resize=300%2C300&amp;ssl=1 300w, https:\/\/i0.wp.com\/elregionalvm.com.ar\/noticias-villa-maria\/wp-content\/uploads\/2023\/03\/Tanque-Cabral-paneles-solares.jpeg?resize=768%2C768&amp;ssl=1 768w, https:\/\/i0.wp.com\/elregionalvm.com.ar\/noticias-villa-maria\/wp-content\/uploads\/2023\/03\/Tanque-Cabral-paneles-solares.jpeg?w=1080&amp;ssl=1 1080w\" sizes=\"(max-width: 1000px) 100vw, 1000px\" \/><figcaption><em>Parque Solar, responsable de abastecer el circuito de distribuci\u00f3n de agua potable. <\/em><\/figcaption><\/figure>\n\n\n\n<p><\/p>\n\n\n\n<p>\u201c\u00a1Un certamen muy especial que desat\u00f3 una revoluci\u00f3n digital! S\u00f3lo queda agradecer y festejar\u00bb, public\u00f3 en sus redes la Cooperativa de Obras y Servicios de Arroyo Cabral.<\/p>\n\n\n\n<p>Lo curioso del caso es que la distinci\u00f3n llega a pocos d\u00edas de conmemorarse el aniversario n\u00famero 50 del \u201cplato volador\u201d, inaugurado en abril de 1973.<\/p>\n\n\n\n<p><strong>La construcci\u00f3n<\/strong><\/p>\n\n\n\n<p>Pero, \u00bfc\u00f3mo se cre\u00f3 semejante estructura hace medio siglo? Seg\u00fan el libro \u201cHitos de una historia Cooperativa\u201d, en 1970 lleg\u00f3 una propuesta del \u00c1rea Ingenier\u00eda de Agua Potable Provincial, de la mano del Ingeniero Rub\u00e9n Figueroa, quien ofreci\u00f3 informaci\u00f3n sobre el proyecto de provisi\u00f3n de agua potable para la localidad.<\/p>\n\n\n\n<p><\/p>\n\n\n\n<figure class=\"wp-block-image size-large\"><img data-recalc-dims=\"1\" decoding=\"async\" width=\"1024\" height=\"1024\" src=\"https:\/\/i0.wp.com\/elregionalvm.com.ar\/noticias-villa-maria\/wp-content\/uploads\/2023\/03\/Tanque-Cabral-construccion.jpeg?resize=1024%2C1024&#038;ssl=1\" alt=\"\" class=\"wp-image-73870\" srcset=\"https:\/\/i0.wp.com\/elregionalvm.com.ar\/noticias-villa-maria\/wp-content\/uploads\/2023\/03\/Tanque-Cabral-construccion.jpeg?resize=1024%2C1024&amp;ssl=1 1024w, https:\/\/i0.wp.com\/elregionalvm.com.ar\/noticias-villa-maria\/wp-content\/uploads\/2023\/03\/Tanque-Cabral-construccion.jpeg?resize=300%2C300&amp;ssl=1 300w, https:\/\/i0.wp.com\/elregionalvm.com.ar\/noticias-villa-maria\/wp-content\/uploads\/2023\/03\/Tanque-Cabral-construccion.jpeg?resize=768%2C768&amp;ssl=1 768w, https:\/\/i0.wp.com\/elregionalvm.com.ar\/noticias-villa-maria\/wp-content\/uploads\/2023\/03\/Tanque-Cabral-construccion.jpeg?w=1080&amp;ssl=1 1080w\" sizes=\"(max-width: 1000px) 100vw, 1000px\" \/><figcaption><em>Una postal de las tareas de construcci\u00f3n del tanque cisterna (1972). <\/em><\/figcaption><\/figure>\n\n\n\n<p><\/p>\n\n\n\n<p>La empresa Ingenieros Civiles Nilo JH Toya \u2013 H\u00e9ctor San Pedro y Mar\u00eda Gastaldi, de San Pedro, se quedaron con la licitaci\u00f3n de la obra.<\/p>\n\n\n\n<p>Y luego de varios meses de ingenier\u00eda civil, \u201cse erigi\u00f3 ante el Arroyo Cabral pujante de la \u00e9poca, un hito h\u00eddrico de cemento que formar\u00e1 parte del paisaje identitario de la localidad\u201d.<\/p>\n\n\n\n<p><\/p>\n\n\n\n<figure class=\"wp-block-gallery has-nested-images columns-default is-cropped wp-block-gallery-1 is-layout-flex wp-block-gallery-is-layout-flex\">\n<figure class=\"wp-block-image size-large\"><img data-recalc-dims=\"1\" decoding=\"async\" width=\"1080\" height=\"1080\" data-id=\"73874\" src=\"https:\/\/i0.wp.com\/elregionalvm.com.ar\/noticias-villa-maria\/wp-content\/uploads\/2023\/03\/Tanque-Cabral-construccion-2.jpeg?resize=1080%2C1080&#038;ssl=1\" alt=\"\" class=\"wp-image-73874\" srcset=\"https:\/\/i0.wp.com\/elregionalvm.com.ar\/noticias-villa-maria\/wp-content\/uploads\/2023\/03\/Tanque-Cabral-construccion-2.jpeg?w=1080&amp;ssl=1 1080w, https:\/\/i0.wp.com\/elregionalvm.com.ar\/noticias-villa-maria\/wp-content\/uploads\/2023\/03\/Tanque-Cabral-construccion-2.jpeg?resize=300%2C300&amp;ssl=1 300w, https:\/\/i0.wp.com\/elregionalvm.com.ar\/noticias-villa-maria\/wp-content\/uploads\/2023\/03\/Tanque-Cabral-construccion-2.jpeg?resize=1024%2C1024&amp;ssl=1 1024w, https:\/\/i0.wp.com\/elregionalvm.com.ar\/noticias-villa-maria\/wp-content\/uploads\/2023\/03\/Tanque-Cabral-construccion-2.jpeg?resize=768%2C768&amp;ssl=1 768w\" sizes=\"(max-width: 1000px) 100vw, 1000px\" \/><\/figure>\n\n\n\n<figure class=\"wp-block-image size-large\"><img data-recalc-dims=\"1\" loading=\"lazy\" decoding=\"async\" width=\"1073\" height=\"894\" data-id=\"73873\" src=\"https:\/\/i0.wp.com\/elregionalvm.com.ar\/noticias-villa-maria\/wp-content\/uploads\/2023\/03\/Tanque-Cabral-construccion-3.jpeg?resize=1073%2C894&#038;ssl=1\" alt=\"\" class=\"wp-image-73873\" srcset=\"https:\/\/i0.wp.com\/elregionalvm.com.ar\/noticias-villa-maria\/wp-content\/uploads\/2023\/03\/Tanque-Cabral-construccion-3.jpeg?w=1073&amp;ssl=1 1073w, https:\/\/i0.wp.com\/elregionalvm.com.ar\/noticias-villa-maria\/wp-content\/uploads\/2023\/03\/Tanque-Cabral-construccion-3.jpeg?resize=300%2C250&amp;ssl=1 300w, https:\/\/i0.wp.com\/elregionalvm.com.ar\/noticias-villa-maria\/wp-content\/uploads\/2023\/03\/Tanque-Cabral-construccion-3.jpeg?resize=1024%2C853&amp;ssl=1 1024w, https:\/\/i0.wp.com\/elregionalvm.com.ar\/noticias-villa-maria\/wp-content\/uploads\/2023\/03\/Tanque-Cabral-construccion-3.jpeg?resize=768%2C640&amp;ssl=1 768w\" sizes=\"(max-width: 1000px) 100vw, 1000px\" \/><\/figure>\n<figcaption class=\"blocks-gallery-caption\"><em>A\u00f1o 1972, cuando se construy\u00f3 el c\u00e9lebre tanque. <\/em><\/figcaption><\/figure>\n\n\n\n<p><\/p>\n\n\n\n<p>\u201cEl Tanque Cisterna se construy\u00f3 con una forma particular que despert\u00f3 la curiosidad y la imaginaci\u00f3n de grandes y chicos que se sorprendieron con apenas levantar la vista para observarlo\u201d, explicaron en el libro.<\/p>\n\n\n\n<p>\u201cUna estructura cil\u00edndrica, con forma de plato volador, de m\u00e1s de 20 metros de alto, se transform\u00f3 en la responsable de almacenar cien mil litros de agua, favoreciendo el abastecimiento del recurso vital desde ese entonces y hasta la actualidad\u201d, continuaron.<\/p>\n\n\n\n<p>\u201cLa funcionalidad de esta estructura, demuestra su tama\u00f1a envergadura: un proyecto que se instal\u00f3 en un Arroyo Cabral que tan solo contaba con 66 conexiones, hoy sigue abasteciendo en su totalidad, haciendo llegar este recurso a m\u00e1s de 1500 hogares\u201d, destacaron.<\/p>\n\n\n\n<p>\u201cActualmente, junto a nuestro tanque y las bombas de extracci\u00f3n, se encuentra instalado el Parque Solar Comunitario, responsable de abastecer con energ\u00eda limpia y renovable el circuito de distribuci\u00f3n de agua potable\u201d, finalizaron.<\/p>\n\n\n\n<p><\/p>\n\n\n\n<p><\/p>\n\n\n\n<p><em>Fotos: Archivo de la Cooperativa de Obras y Servicios de Arroyo Cabral. <\/em><\/p>\n\n\n\n<p><\/p>\n\n\n\n<p><\/p>\n\n\n\n<h3 class=\"wp-block-heading\"><strong>Tambi\u00e9n pod\u00e9s ver: <\/strong><\/h3>\n\n\n\n<p><\/p>\n\n\n\n<p><\/p>\n\n\n\n<figure class=\"wp-block-embed is-type-wp-embed is-provider-el-regional wp-block-embed-el-regional\"><div class=\"wp-block-embed__wrapper\">\n<blockquote class=\"wp-embedded-content\" data-secret=\"gX2B8FK4yn\"><a href=\"https:\/\/elregionalvm.com.ar\/noticias-villa-maria\/argentina-campeon-carajo\/\">\u00a1Sean eternos los laureles! \u00a1Argentina Campe\u00f3n, carajo!<\/a><\/blockquote><iframe class=\"wp-embedded-content\" sandbox=\"allow-scripts\" security=\"restricted\" style=\"position: absolute; visibility: hidden;\" title=\"\u00ab\u00a1Sean eternos los laureles! \u00a1Argentina Campe\u00f3n, carajo!\u00bb \u2014 El Regional\" src=\"https:\/\/elregionalvm.com.ar\/noticias-villa-maria\/argentina-campeon-carajo\/embed\/#?secret=stcVCVpSz8#?secret=gX2B8FK4yn\" data-secret=\"gX2B8FK4yn\" width=\"500\" height=\"282\" frameborder=\"0\" marginwidth=\"0\" marginheight=\"0\" scrolling=\"no\"><\/iframe>\n<\/div><\/figure>\n","protected":false},"excerpt":{"rendered":"<p>El tanque de agua de Arroyo Cabral, bautizado como \u201covni\u201d o \u201cplato volador\u201d por su particular forma se consagr\u00f3 campe\u00f3n mundial de un concurso organizado en redes sociales por la cuenta @tanques.deagua, de Mariana Sanguinetti. El tanque cabralense se impuso en la votaci\u00f3n final a otro denominado \u201cJurasick Tank\u201d, de la peque\u00f1a localidad de Serodino, [&hellip;]<\/p>\n","protected":false},"author":4,"featured_media":73872,"comment_status":"open","ping_status":"open","sticky":false,"template":"","format":"standard","meta":{"site-sidebar-layout":"default","site-content-layout":"","ast-site-content-layout":"default","site-content-style":"default","site-sidebar-style":"default","ast-global-header-display":"","ast-banner-title-visibility":"","ast-main-header-display":"","ast-hfb-above-header-display":"","ast-hfb-below-header-display":"","ast-hfb-mobile-header-display":"","site-post-title":"","ast-breadcrumbs-content":"","ast-featured-img":"","footer-sml-layout":"","ast-disable-related-posts":"","theme-transparent-header-meta":"","adv-header-id-meta":"","stick-header-meta":"","header-above-stick-meta":"","header-main-stick-meta":"","header-below-stick-meta":"","astra-migrate-meta-layouts":"default","ast-page-background-enabled":"default","ast-page-background-meta":{"desktop":{"background-color":"","background-image":"","background-repeat":"repeat","background-position":"center center","background-size":"auto","background-attachment":"scroll","background-type":"","background-media":"","overlay-type":"","overlay-color":"","overlay-opacity":"","overlay-gradient":""},"tablet":{"background-color":"","background-image":"","background-repeat":"repeat","background-position":"center center","background-size":"auto","background-attachment":"scroll","background-type":"","background-media":"","overlay-type":"","overlay-color":"","overlay-opacity":"","overlay-gradient":""},"mobile":{"background-color":"","background-image":"","background-repeat":"repeat","background-position":"center center","background-size":"auto","background-attachment":"scroll","background-type":"","background-media":"","overlay-type":"","overlay-color":"","overlay-opacity":"","overlay-gradient":""}},"ast-content-background-meta":{"desktop":{"background-color":"var(--ast-global-color-5)","background-image":"","background-repeat":"repeat","background-position":"center center","background-size":"auto","background-attachment":"scroll","background-type":"","background-media":"","overlay-type":"","overlay-color":"","overlay-opacity":"","overlay-gradient":""},"tablet":{"background-color":"var(--ast-global-color-5)","background-image":"","background-repeat":"repeat","background-position":"center center","background-size":"auto","background-attachment":"scroll","background-type":"","background-media":"","overlay-type":"","overlay-color":"","overlay-opacity":"","overlay-gradient":""},"mobile":{"background-color":"var(--ast-global-color-5)","background-image":"","background-repeat":"repeat","background-position":"center center","background-size":"auto","background-attachment":"scroll","background-type":"","background-media":"","overlay-type":"","overlay-color":"","overlay-opacity":"","overlay-gradient":""}},"_jetpack_memberships_contains_paid_content":false,"_joinchat":[],"footnotes":""},"categories":[2098,2091,3557],"tags":[179,74,21991,21988,21989,21990,13525],"class_list":["post-73868","post","type-post","status-publish","format-standard","has-post-thumbnail","hentry","category-historias","category-region","category-tercera","tag-arroyo-cabral","tag-competencia","tag-cooperativa-de-obras-y-servicios-arroyo-cabral","tag-mundial-de-tanques-de-agua","tag-ovni","tag-plato-volador","tag-tanque-de-agua"],"yoast_head":"<!-- This site is optimized with the Yoast SEO plugin v26.8 - https:\/\/yoast.com\/product\/yoast-seo-wordpress\/ -->\n<title>[In\u00e9dito] La historia detr\u00e1s del \u201covni\u201d de Arroyo Cabral que gan\u00f3 el mundial de tanques de agua - El Regional<\/title>\n<meta name=\"robots\" content=\"index, follow, max-snippet:-1, max-image-preview:large, max-video-preview:-1\" \/>\n<link rel=\"canonical\" href=\"http:\/\/elregionalvm.com.ar\/noticias-villa-maria\/inedito-la-historia-detras-del-ovni-de-arroyo-cabral-que-gano-el-mundial-de-tanques-de-agua\/\" \/>\n<meta property=\"og:locale\" content=\"es_ES\" \/>\n<meta property=\"og:type\" content=\"article\" \/>\n<meta property=\"og:title\" content=\"[In\u00e9dito] La historia detr\u00e1s del \u201covni\u201d de Arroyo Cabral que gan\u00f3 el mundial de tanques de agua - El Regional\" \/>\n<meta property=\"og:description\" content=\"El tanque de agua de Arroyo Cabral, bautizado como \u201covni\u201d o \u201cplato volador\u201d por su particular forma se consagr\u00f3 campe\u00f3n mundial de un concurso organizado en redes sociales por la cuenta @tanques.deagua, de Mariana Sanguinetti. El tanque cabralense se impuso en la votaci\u00f3n final a otro denominado \u201cJurasick Tank\u201d, de la peque\u00f1a localidad de Serodino, [&hellip;]\" \/>\n<meta property=\"og:url\" content=\"http:\/\/elregionalvm.com.ar\/noticias-villa-maria\/inedito-la-historia-detras-del-ovni-de-arroyo-cabral-que-gano-el-mundial-de-tanques-de-agua\/\" \/>\n<meta property=\"og:site_name\" content=\"El Regional\" \/>\n<meta property=\"article:publisher\" content=\"https:\/\/www.facebook.com\/elregionalvm\" \/>\n<meta property=\"article:published_time\" content=\"2023-03-28T02:35:55+00:00\" \/>\n<meta property=\"article:modified_time\" content=\"2023-03-29T01:40:50+00:00\" \/>\n<meta property=\"og:image\" content=\"http:\/\/elregionalvm.com.ar\/noticias-villa-maria\/wp-content\/uploads\/2023\/03\/Tanque-Cabral.jpeg\" \/>\n\t<meta property=\"og:image:width\" content=\"1079\" \/>\n\t<meta property=\"og:image:height\" content=\"919\" \/>\n\t<meta property=\"og:image:type\" content=\"image\/jpeg\" \/>\n<meta name=\"author\" content=\"Contenidos El Regional\" \/>\n<meta name=\"twitter:card\" content=\"summary_large_image\" \/>\n<meta name=\"twitter:creator\" content=\"@elregionalvm1\" \/>\n<meta name=\"twitter:site\" content=\"@elregionalvm1\" \/>\n<meta name=\"twitter:label1\" content=\"Escrito por\" \/>\n\t<meta name=\"twitter:data1\" content=\"Contenidos El Regional\" \/>\n\t<meta name=\"twitter:label2\" content=\"Tiempo de lectura\" \/>\n\t<meta name=\"twitter:data2\" content=\"3 minutos\" \/>\n<script type=\"application\/ld+json\" class=\"yoast-schema-graph\">{\"@context\":\"https:\/\/schema.org\",\"@graph\":[{\"@type\":\"Article\",\"@id\":\"http:\/\/elregionalvm.com.ar\/noticias-villa-maria\/inedito-la-historia-detras-del-ovni-de-arroyo-cabral-que-gano-el-mundial-de-tanques-de-agua\/#article\",\"isPartOf\":{\"@id\":\"http:\/\/elregionalvm.com.ar\/noticias-villa-maria\/inedito-la-historia-detras-del-ovni-de-arroyo-cabral-que-gano-el-mundial-de-tanques-de-agua\/\"},\"author\":{\"name\":\"Contenidos El Regional\",\"@id\":\"http:\/\/elregionalvm.com.ar\/noticias-villa-maria\/#\/schema\/person\/a0fb9c422317faca23d50163151bc354\"},\"headline\":\"[In\u00e9dito] La historia detr\u00e1s del \u201covni\u201d de Arroyo Cabral que gan\u00f3 el mundial de tanques de agua\",\"datePublished\":\"2023-03-28T02:35:55+00:00\",\"dateModified\":\"2023-03-29T01:40:50+00:00\",\"mainEntityOfPage\":{\"@id\":\"http:\/\/elregionalvm.com.ar\/noticias-villa-maria\/inedito-la-historia-detras-del-ovni-de-arroyo-cabral-que-gano-el-mundial-de-tanques-de-agua\/\"},\"wordCount\":499,\"commentCount\":0,\"image\":{\"@id\":\"http:\/\/elregionalvm.com.ar\/noticias-villa-maria\/inedito-la-historia-detras-del-ovni-de-arroyo-cabral-que-gano-el-mundial-de-tanques-de-agua\/#primaryimage\"},\"thumbnailUrl\":\"https:\/\/i0.wp.com\/elregionalvm.com.ar\/noticias-villa-maria\/wp-content\/uploads\/2023\/03\/Tanque-Cabral.jpeg?fit=1079%2C919&ssl=1\",\"keywords\":[\"Arroyo Cabral\",\"competencia\",\"Cooperativa de Obras y Servicios Arroyo Cabral\",\"mundial de tanques de agua\",\"ovni\",\"plato volador\",\"tanque de agua\"],\"articleSection\":[\"Historias\",\"Regi\u00f3n\",\"tercera\"],\"inLanguage\":\"es\",\"potentialAction\":[{\"@type\":\"CommentAction\",\"name\":\"Comment\",\"target\":[\"http:\/\/elregionalvm.com.ar\/noticias-villa-maria\/inedito-la-historia-detras-del-ovni-de-arroyo-cabral-que-gano-el-mundial-de-tanques-de-agua\/#respond\"]}]},{\"@type\":\"WebPage\",\"@id\":\"http:\/\/elregionalvm.com.ar\/noticias-villa-maria\/inedito-la-historia-detras-del-ovni-de-arroyo-cabral-que-gano-el-mundial-de-tanques-de-agua\/\",\"url\":\"http:\/\/elregionalvm.com.ar\/noticias-villa-maria\/inedito-la-historia-detras-del-ovni-de-arroyo-cabral-que-gano-el-mundial-de-tanques-de-agua\/\",\"name\":\"[In\u00e9dito] La historia detr\u00e1s del \u201covni\u201d de Arroyo Cabral que gan\u00f3 el mundial de tanques de agua - El Regional\",\"isPartOf\":{\"@id\":\"http:\/\/elregionalvm.com.ar\/noticias-villa-maria\/#website\"},\"primaryImageOfPage\":{\"@id\":\"http:\/\/elregionalvm.com.ar\/noticias-villa-maria\/inedito-la-historia-detras-del-ovni-de-arroyo-cabral-que-gano-el-mundial-de-tanques-de-agua\/#primaryimage\"},\"image\":{\"@id\":\"http:\/\/elregionalvm.com.ar\/noticias-villa-maria\/inedito-la-historia-detras-del-ovni-de-arroyo-cabral-que-gano-el-mundial-de-tanques-de-agua\/#primaryimage\"},\"thumbnailUrl\":\"https:\/\/i0.wp.com\/elregionalvm.com.ar\/noticias-villa-maria\/wp-content\/uploads\/2023\/03\/Tanque-Cabral.jpeg?fit=1079%2C919&ssl=1\",\"datePublished\":\"2023-03-28T02:35:55+00:00\",\"dateModified\":\"2023-03-29T01:40:50+00:00\",\"author\":{\"@id\":\"http:\/\/elregionalvm.com.ar\/noticias-villa-maria\/#\/schema\/person\/a0fb9c422317faca23d50163151bc354\"},\"breadcrumb\":{\"@id\":\"http:\/\/elregionalvm.com.ar\/noticias-villa-maria\/inedito-la-historia-detras-del-ovni-de-arroyo-cabral-que-gano-el-mundial-de-tanques-de-agua\/#breadcrumb\"},\"inLanguage\":\"es\",\"potentialAction\":[{\"@type\":\"ReadAction\",\"target\":[\"http:\/\/elregionalvm.com.ar\/noticias-villa-maria\/inedito-la-historia-detras-del-ovni-de-arroyo-cabral-que-gano-el-mundial-de-tanques-de-agua\/\"]}]},{\"@type\":\"ImageObject\",\"inLanguage\":\"es\",\"@id\":\"http:\/\/elregionalvm.com.ar\/noticias-villa-maria\/inedito-la-historia-detras-del-ovni-de-arroyo-cabral-que-gano-el-mundial-de-tanques-de-agua\/#primaryimage\",\"url\":\"https:\/\/i0.wp.com\/elregionalvm.com.ar\/noticias-villa-maria\/wp-content\/uploads\/2023\/03\/Tanque-Cabral.jpeg?fit=1079%2C919&ssl=1\",\"contentUrl\":\"https:\/\/i0.wp.com\/elregionalvm.com.ar\/noticias-villa-maria\/wp-content\/uploads\/2023\/03\/Tanque-Cabral.jpeg?fit=1079%2C919&ssl=1\",\"width\":1079,\"height\":919},{\"@type\":\"BreadcrumbList\",\"@id\":\"http:\/\/elregionalvm.com.ar\/noticias-villa-maria\/inedito-la-historia-detras-del-ovni-de-arroyo-cabral-que-gano-el-mundial-de-tanques-de-agua\/#breadcrumb\",\"itemListElement\":[{\"@type\":\"ListItem\",\"position\":1,\"name\":\"Portada\",\"item\":\"https:\/\/elregionalvm.com.ar\/noticias-villa-maria\/\"},{\"@type\":\"ListItem\",\"position\":2,\"name\":\"[In\u00e9dito] La historia detr\u00e1s del \u201covni\u201d de Arroyo Cabral que gan\u00f3 el mundial de tanques de agua\"}]},{\"@type\":\"WebSite\",\"@id\":\"http:\/\/elregionalvm.com.ar\/noticias-villa-maria\/#website\",\"url\":\"http:\/\/elregionalvm.com.ar\/noticias-villa-maria\/\",\"name\":\"El Regional\",\"description\":\"Mucho m\u00e1s que informaci\u00f3n\",\"potentialAction\":[{\"@type\":\"SearchAction\",\"target\":{\"@type\":\"EntryPoint\",\"urlTemplate\":\"http:\/\/elregionalvm.com.ar\/noticias-villa-maria\/?s={search_term_string}\"},\"query-input\":{\"@type\":\"PropertyValueSpecification\",\"valueRequired\":true,\"valueName\":\"search_term_string\"}}],\"inLanguage\":\"es\"},{\"@type\":\"Person\",\"@id\":\"http:\/\/elregionalvm.com.ar\/noticias-villa-maria\/#\/schema\/person\/a0fb9c422317faca23d50163151bc354\",\"name\":\"Contenidos El Regional\",\"image\":{\"@type\":\"ImageObject\",\"inLanguage\":\"es\",\"@id\":\"http:\/\/elregionalvm.com.ar\/noticias-villa-maria\/#\/schema\/person\/image\/\",\"url\":\"https:\/\/secure.gravatar.com\/avatar\/265b27cb2209af7bb3a1318f03305787d7981a5cc6e6cd08fe5a4ecdf99d4b48?s=96&d=mm&r=g\",\"contentUrl\":\"https:\/\/secure.gravatar.com\/avatar\/265b27cb2209af7bb3a1318f03305787d7981a5cc6e6cd08fe5a4ecdf99d4b48?s=96&d=mm&r=g\",\"caption\":\"Contenidos El Regional\"},\"url\":\"https:\/\/elregionalvm.com.ar\/noticias-villa-maria\/author\/contenido\/\"}]}<\/script>\n<!-- \/ Yoast SEO plugin. -->","yoast_head_json":{"title":"[In\u00e9dito] La historia detr\u00e1s del \u201covni\u201d de Arroyo Cabral que gan\u00f3 el mundial de tanques de agua - El Regional","robots":{"index":"index","follow":"follow","max-snippet":"max-snippet:-1","max-image-preview":"max-image-preview:large","max-video-preview":"max-video-preview:-1"},"canonical":"http:\/\/elregionalvm.com.ar\/noticias-villa-maria\/inedito-la-historia-detras-del-ovni-de-arroyo-cabral-que-gano-el-mundial-de-tanques-de-agua\/","og_locale":"es_ES","og_type":"article","og_title":"[In\u00e9dito] La historia detr\u00e1s del \u201covni\u201d de Arroyo Cabral que gan\u00f3 el mundial de tanques de agua - El Regional","og_description":"El tanque de agua de Arroyo Cabral, bautizado como \u201covni\u201d o \u201cplato volador\u201d por su particular forma se consagr\u00f3 campe\u00f3n mundial de un concurso organizado en redes sociales por la cuenta @tanques.deagua, de Mariana Sanguinetti. El tanque cabralense se impuso en la votaci\u00f3n final a otro denominado \u201cJurasick Tank\u201d, de la peque\u00f1a localidad de Serodino, [&hellip;]","og_url":"http:\/\/elregionalvm.com.ar\/noticias-villa-maria\/inedito-la-historia-detras-del-ovni-de-arroyo-cabral-que-gano-el-mundial-de-tanques-de-agua\/","og_site_name":"El Regional","article_publisher":"https:\/\/www.facebook.com\/elregionalvm","article_published_time":"2023-03-28T02:35:55+00:00","article_modified_time":"2023-03-29T01:40:50+00:00","og_image":[{"width":1079,"height":919,"url":"http:\/\/elregionalvm.com.ar\/noticias-villa-maria\/wp-content\/uploads\/2023\/03\/Tanque-Cabral.jpeg","type":"image\/jpeg"}],"author":"Contenidos El Regional","twitter_card":"summary_large_image","twitter_creator":"@elregionalvm1","twitter_site":"@elregionalvm1","twitter_misc":{"Escrito por":"Contenidos El Regional","Tiempo de lectura":"3 minutos"},"schema":{"@context":"https:\/\/schema.org","@graph":[{"@type":"Article","@id":"http:\/\/elregionalvm.com.ar\/noticias-villa-maria\/inedito-la-historia-detras-del-ovni-de-arroyo-cabral-que-gano-el-mundial-de-tanques-de-agua\/#article","isPartOf":{"@id":"http:\/\/elregionalvm.com.ar\/noticias-villa-maria\/inedito-la-historia-detras-del-ovni-de-arroyo-cabral-que-gano-el-mundial-de-tanques-de-agua\/"},"author":{"name":"Contenidos El Regional","@id":"http:\/\/elregionalvm.com.ar\/noticias-villa-maria\/#\/schema\/person\/a0fb9c422317faca23d50163151bc354"},"headline":"[In\u00e9dito] La historia detr\u00e1s del \u201covni\u201d de Arroyo Cabral que gan\u00f3 el mundial de tanques de agua","datePublished":"2023-03-28T02:35:55+00:00","dateModified":"2023-03-29T01:40:50+00:00","mainEntityOfPage":{"@id":"http:\/\/elregionalvm.com.ar\/noticias-villa-maria\/inedito-la-historia-detras-del-ovni-de-arroyo-cabral-que-gano-el-mundial-de-tanques-de-agua\/"},"wordCount":499,"commentCount":0,"image":{"@id":"http:\/\/elregionalvm.com.ar\/noticias-villa-maria\/inedito-la-historia-detras-del-ovni-de-arroyo-cabral-que-gano-el-mundial-de-tanques-de-agua\/#primaryimage"},"thumbnailUrl":"https:\/\/i0.wp.com\/elregionalvm.com.ar\/noticias-villa-maria\/wp-content\/uploads\/2023\/03\/Tanque-Cabral.jpeg?fit=1079%2C919&ssl=1","keywords":["Arroyo Cabral","competencia","Cooperativa de Obras y Servicios Arroyo Cabral","mundial de tanques de agua","ovni","plato volador","tanque de agua"],"articleSection":["Historias","Regi\u00f3n","tercera"],"inLanguage":"es","potentialAction":[{"@type":"CommentAction","name":"Comment","target":["http:\/\/elregionalvm.com.ar\/noticias-villa-maria\/inedito-la-historia-detras-del-ovni-de-arroyo-cabral-que-gano-el-mundial-de-tanques-de-agua\/#respond"]}]},{"@type":"WebPage","@id":"http:\/\/elregionalvm.com.ar\/noticias-villa-maria\/inedito-la-historia-detras-del-ovni-de-arroyo-cabral-que-gano-el-mundial-de-tanques-de-agua\/","url":"http:\/\/elregionalvm.com.ar\/noticias-villa-maria\/inedito-la-historia-detras-del-ovni-de-arroyo-cabral-que-gano-el-mundial-de-tanques-de-agua\/","name":"[In\u00e9dito] La historia detr\u00e1s del \u201covni\u201d de Arroyo Cabral que gan\u00f3 el mundial de tanques de agua - El Regional","isPartOf":{"@id":"http:\/\/elregionalvm.com.ar\/noticias-villa-maria\/#website"},"primaryImageOfPage":{"@id":"http:\/\/elregionalvm.com.ar\/noticias-villa-maria\/inedito-la-historia-detras-del-ovni-de-arroyo-cabral-que-gano-el-mundial-de-tanques-de-agua\/#primaryimage"},"image":{"@id":"http:\/\/elregionalvm.com.ar\/noticias-villa-maria\/inedito-la-historia-detras-del-ovni-de-arroyo-cabral-que-gano-el-mundial-de-tanques-de-agua\/#primaryimage"},"thumbnailUrl":"https:\/\/i0.wp.com\/elregionalvm.com.ar\/noticias-villa-maria\/wp-content\/uploads\/2023\/03\/Tanque-Cabral.jpeg?fit=1079%2C919&ssl=1","datePublished":"2023-03-28T02:35:55+00:00","dateModified":"2023-03-29T01:40:50+00:00","author":{"@id":"http:\/\/elregionalvm.com.ar\/noticias-villa-maria\/#\/schema\/person\/a0fb9c422317faca23d50163151bc354"},"breadcrumb":{"@id":"http:\/\/elregionalvm.com.ar\/noticias-villa-maria\/inedito-la-historia-detras-del-ovni-de-arroyo-cabral-que-gano-el-mundial-de-tanques-de-agua\/#breadcrumb"},"inLanguage":"es","potentialAction":[{"@type":"ReadAction","target":["http:\/\/elregionalvm.com.ar\/noticias-villa-maria\/inedito-la-historia-detras-del-ovni-de-arroyo-cabral-que-gano-el-mundial-de-tanques-de-agua\/"]}]},{"@type":"ImageObject","inLanguage":"es","@id":"http:\/\/elregionalvm.com.ar\/noticias-villa-maria\/inedito-la-historia-detras-del-ovni-de-arroyo-cabral-que-gano-el-mundial-de-tanques-de-agua\/#primaryimage","url":"https:\/\/i0.wp.com\/elregionalvm.com.ar\/noticias-villa-maria\/wp-content\/uploads\/2023\/03\/Tanque-Cabral.jpeg?fit=1079%2C919&ssl=1","contentUrl":"https:\/\/i0.wp.com\/elregionalvm.com.ar\/noticias-villa-maria\/wp-content\/uploads\/2023\/03\/Tanque-Cabral.jpeg?fit=1079%2C919&ssl=1","width":1079,"height":919},{"@type":"BreadcrumbList","@id":"http:\/\/elregionalvm.com.ar\/noticias-villa-maria\/inedito-la-historia-detras-del-ovni-de-arroyo-cabral-que-gano-el-mundial-de-tanques-de-agua\/#breadcrumb","itemListElement":[{"@type":"ListItem","position":1,"name":"Portada","item":"https:\/\/elregionalvm.com.ar\/noticias-villa-maria\/"},{"@type":"ListItem","position":2,"name":"[In\u00e9dito] La historia detr\u00e1s del \u201covni\u201d de Arroyo Cabral que gan\u00f3 el mundial de tanques de agua"}]},{"@type":"WebSite","@id":"http:\/\/elregionalvm.com.ar\/noticias-villa-maria\/#website","url":"http:\/\/elregionalvm.com.ar\/noticias-villa-maria\/","name":"El Regional","description":"Mucho m\u00e1s que informaci\u00f3n","potentialAction":[{"@type":"SearchAction","target":{"@type":"EntryPoint","urlTemplate":"http:\/\/elregionalvm.com.ar\/noticias-villa-maria\/?s={search_term_string}"},"query-input":{"@type":"PropertyValueSpecification","valueRequired":true,"valueName":"search_term_string"}}],"inLanguage":"es"},{"@type":"Person","@id":"http:\/\/elregionalvm.com.ar\/noticias-villa-maria\/#\/schema\/person\/a0fb9c422317faca23d50163151bc354","name":"Contenidos El Regional","image":{"@type":"ImageObject","inLanguage":"es","@id":"http:\/\/elregionalvm.com.ar\/noticias-villa-maria\/#\/schema\/person\/image\/","url":"https:\/\/secure.gravatar.com\/avatar\/265b27cb2209af7bb3a1318f03305787d7981a5cc6e6cd08fe5a4ecdf99d4b48?s=96&d=mm&r=g","contentUrl":"https:\/\/secure.gravatar.com\/avatar\/265b27cb2209af7bb3a1318f03305787d7981a5cc6e6cd08fe5a4ecdf99d4b48?s=96&d=mm&r=g","caption":"Contenidos El Regional"},"url":"https:\/\/elregionalvm.com.ar\/noticias-villa-maria\/author\/contenido\/"}]}},"jetpack_featured_media_url":"https:\/\/i0.wp.com\/elregionalvm.com.ar\/noticias-villa-maria\/wp-content\/uploads\/2023\/03\/Tanque-Cabral.jpeg?fit=1079%2C919&ssl=1","jetpack_sharing_enabled":true,"_links":{"self":[{"href":"https:\/\/elregionalvm.com.ar\/noticias-villa-maria\/wp-json\/wp\/v2\/posts\/73868","targetHints":{"allow":["GET"]}}],"collection":[{"href":"https:\/\/elregionalvm.com.ar\/noticias-villa-maria\/wp-json\/wp\/v2\/posts"}],"about":[{"href":"https:\/\/elregionalvm.com.ar\/noticias-villa-maria\/wp-json\/wp\/v2\/types\/post"}],"author":[{"embeddable":true,"href":"https:\/\/elregionalvm.com.ar\/noticias-villa-maria\/wp-json\/wp\/v2\/users\/4"}],"replies":[{"embeddable":true,"href":"https:\/\/elregionalvm.com.ar\/noticias-villa-maria\/wp-json\/wp\/v2\/comments?post=73868"}],"version-history":[{"count":3,"href":"https:\/\/elregionalvm.com.ar\/noticias-villa-maria\/wp-json\/wp\/v2\/posts\/73868\/revisions"}],"predecessor-version":[{"id":73876,"href":"https:\/\/elregionalvm.com.ar\/noticias-villa-maria\/wp-json\/wp\/v2\/posts\/73868\/revisions\/73876"}],"wp:featuredmedia":[{"embeddable":true,"href":"https:\/\/elregionalvm.com.ar\/noticias-villa-maria\/wp-json\/wp\/v2\/media\/73872"}],"wp:attachment":[{"href":"https:\/\/elregionalvm.com.ar\/noticias-villa-maria\/wp-json\/wp\/v2\/media?parent=73868"}],"wp:term":[{"taxonomy":"category","embeddable":true,"href":"https:\/\/elregionalvm.com.ar\/noticias-villa-maria\/wp-json\/wp\/v2\/categories?post=73868"},{"taxonomy":"post_tag","embeddable":true,"href":"https:\/\/elregionalvm.com.ar\/noticias-villa-maria\/wp-json\/wp\/v2\/tags?post=73868"}],"curies":[{"name":"wp","href":"https:\/\/api.w.org\/{rel}","templated":true}]}}