{"id":73879,"date":"2023-03-28T03:07:55","date_gmt":"2023-03-28T03:07:55","guid":{"rendered":"https:\/\/elregionalvm.com.ar\/noticias-villa-maria\/?p=73879"},"modified":"2023-03-28T03:07:59","modified_gmt":"2023-03-28T03:07:59","slug":"nueva-jornada-de-protesta-reclamos-divididos-de-docentes-y-personal-de-salud","status":"publish","type":"post","link":"https:\/\/elregionalvm.com.ar\/noticias-villa-maria\/nueva-jornada-de-protesta-reclamos-divididos-de-docentes-y-personal-de-salud\/","title":{"rendered":"Nueva jornada de protesta: Reclamos divididos de docentes y personal de salud"},"content":{"rendered":"\n<p><\/p>\n\n\n\n<p>Docentes y trabajadores de salud de la provincia se manifestaron en distintos puntos de la ciudad en reclamo de mejoras salariales, entre otros puntos.<\/p>\n\n\n\n<p>Se trata de las pautas que forman parte de su plan de lucha ante una falta de respuesta adecuada a sus pedidos por parte del gobierno cordob\u00e9s.<\/p>\n\n\n\n<p>Por un lado, integrantes de la delegaci\u00f3n San Mart\u00edn de la Uni\u00f3n de Educadores de la Provincia de C\u00f3rdoba (UEPC) se concentr\u00f3 en Plaza Centenario para realizar una radio abierta y exponer sus reclamos.<\/p>\n\n\n\n<p><\/p>\n\n\n\n<figure class=\"wp-block-image size-full\"><img data-recalc-dims=\"1\" fetchpriority=\"high\" decoding=\"async\" width=\"1024\" height=\"683\" src=\"https:\/\/i0.wp.com\/elregionalvm.com.ar\/noticias-villa-maria\/wp-content\/uploads\/2023\/03\/Uepc-radio-abierta-plaza-centenario.jpg?resize=1024%2C683&#038;ssl=1\" alt=\"\" class=\"wp-image-73882\" srcset=\"https:\/\/i0.wp.com\/elregionalvm.com.ar\/noticias-villa-maria\/wp-content\/uploads\/2023\/03\/Uepc-radio-abierta-plaza-centenario.jpg?w=1024&amp;ssl=1 1024w, https:\/\/i0.wp.com\/elregionalvm.com.ar\/noticias-villa-maria\/wp-content\/uploads\/2023\/03\/Uepc-radio-abierta-plaza-centenario.jpg?resize=300%2C200&amp;ssl=1 300w, https:\/\/i0.wp.com\/elregionalvm.com.ar\/noticias-villa-maria\/wp-content\/uploads\/2023\/03\/Uepc-radio-abierta-plaza-centenario.jpg?resize=768%2C512&amp;ssl=1 768w\" sizes=\"(max-width: 1000px) 100vw, 1000px\" \/><figcaption><em>Radio abierta y volanteada de la UEPC (Villa Mar\u00eda Educativa).<\/em><\/figcaption><\/figure>\n\n\n\n<p><\/p>\n\n\n\n<p>Por el otro, en la zona de la costanera, docentes autoconvocados que no comparten los procedimientos ni las estrategias de negociaci\u00f3n del gremio se congregaron a la altura del puente Juan Domingo Per\u00f3n para luego marchar hacia el Anfiteatro.<\/p>\n\n\n\n<p>Lo hicieron acompa\u00f1ados por trabajadores del Hospital Regional Pasteur que contin\u00faan con sus medidas de fuerza.<\/p>\n\n\n\n<p>\u201cSalarios justos, mejores condiciones laborales y jubilaciones dignas\u201d forman parte del listado de requisitos dirigidos al gobierno de Juan Schiaretti.<\/p>\n\n\n\n<p>Desde ambos sectores adelantaron que continuar\u00e1n la lucha hasta obtener una respuesta favorable.<\/p>\n\n\n\n<p>Entre los docentes autoconvocados permanece la idea de supervisar la negociaci\u00f3n que lleve adelante UEPC con la Provincia.<\/p>\n","protected":false},"excerpt":{"rendered":"<p>Docentes y trabajadores de salud de la provincia se manifestaron en distintos puntos de la ciudad en reclamo de mejoras salariales, entre otros puntos. Se trata de las pautas que forman parte de su plan de lucha ante una falta de respuesta adecuada a sus pedidos por parte del gobierno cordob\u00e9s. Por un lado, integrantes [&hellip;]<\/p>\n","protected":false},"author":6,"featured_media":73881,"comment_status":"open","ping_status":"open","sticky":false,"template":"","format":"standard","meta":{"site-sidebar-layout":"default","site-content-layout":"","ast-site-content-layout":"default","site-content-style":"default","site-sidebar-style":"default","ast-global-header-display":"","ast-banner-title-visibility":"","ast-main-header-display":"","ast-hfb-above-header-display":"","ast-hfb-below-header-display":"","ast-hfb-mobile-header-display":"","site-post-title":"","ast-breadcrumbs-content":"","ast-featured-img":"","footer-sml-layout":"","ast-disable-related-posts":"","theme-transparent-header-meta":"","adv-header-id-meta":"","stick-header-meta":"","header-above-stick-meta":"","header-main-stick-meta":"","header-below-stick-meta":"","astra-migrate-meta-layouts":"default","ast-page-background-enabled":"default","ast-page-background-meta":{"desktop":{"background-color":"","background-image":"","background-repeat":"repeat","background-position":"center center","background-size":"auto","background-attachment":"scroll","background-type":"","background-media":"","overlay-type":"","overlay-color":"","overlay-opacity":"","overlay-gradient":""},"tablet":{"background-color":"","background-image":"","background-repeat":"repeat","background-position":"center center","background-size":"auto","background-attachment":"scroll","background-type":"","background-media":"","overlay-type":"","overlay-color":"","overlay-opacity":"","overlay-gradient":""},"mobile":{"background-color":"","background-image":"","background-repeat":"repeat","background-position":"center center","background-size":"auto","background-attachment":"scroll","background-type":"","background-media":"","overlay-type":"","overlay-color":"","overlay-opacity":"","overlay-gradient":""}},"ast-content-background-meta":{"desktop":{"background-color":"var(--ast-global-color-5)","background-image":"","background-repeat":"repeat","background-position":"center center","background-size":"auto","background-attachment":"scroll","background-type":"","background-media":"","overlay-type":"","overlay-color":"","overlay-opacity":"","overlay-gradient":""},"tablet":{"background-color":"var(--ast-global-color-5)","background-image":"","background-repeat":"repeat","background-position":"center center","background-size":"auto","background-attachment":"scroll","background-type":"","background-media":"","overlay-type":"","overlay-color":"","overlay-opacity":"","overlay-gradient":""},"mobile":{"background-color":"var(--ast-global-color-5)","background-image":"","background-repeat":"repeat","background-position":"center center","background-size":"auto","background-attachment":"scroll","background-type":"","background-media":"","overlay-type":"","overlay-color":"","overlay-opacity":"","overlay-gradient":""}},"_jetpack_memberships_contains_paid_content":false,"_joinchat":[],"footnotes":""},"categories":[15302,2],"tags":[1798,2008,21946,3040,2130,2919,199,5900,21993,12539],"class_list":["post-73879","post","type-post","status-publish","format-standard","has-post-thumbnail","hentry","category-destacado","category-villa-maria","tag-anfiteatro","tag-docentes","tag-docentes-autoconvocados","tag-gobierno-de-cordoba","tag-hospital-pasteur","tag-personal-de-salud","tag-plaza-centenario","tag-puente-juan-domingo-peron","tag-radio-abierta","tag-reclamo-salarial"],"yoast_head":"<!-- This site is optimized with the Yoast SEO plugin v26.8 - https:\/\/yoast.com\/product\/yoast-seo-wordpress\/ -->\n<title>Nueva jornada de protesta: Reclamos divididos de docentes y personal de salud - El Regional<\/title>\n<meta name=\"robots\" content=\"index, follow, max-snippet:-1, max-image-preview:large, max-video-preview:-1\" \/>\n<link rel=\"canonical\" href=\"http:\/\/elregionalvm.com.ar\/noticias-villa-maria\/nueva-jornada-de-protesta-reclamos-divididos-de-docentes-y-personal-de-salud\/\" \/>\n<meta property=\"og:locale\" content=\"es_ES\" \/>\n<meta property=\"og:type\" content=\"article\" \/>\n<meta property=\"og:title\" content=\"Nueva jornada de protesta: Reclamos divididos de docentes y personal de salud - El Regional\" \/>\n<meta property=\"og:description\" content=\"Docentes y trabajadores de salud de la provincia se manifestaron en distintos puntos de la ciudad en reclamo de mejoras salariales, entre otros puntos. Se trata de las pautas que forman parte de su plan de lucha ante una falta de respuesta adecuada a sus pedidos por parte del gobierno cordob\u00e9s. Por un lado, integrantes [&hellip;]\" \/>\n<meta property=\"og:url\" content=\"http:\/\/elregionalvm.com.ar\/noticias-villa-maria\/nueva-jornada-de-protesta-reclamos-divididos-de-docentes-y-personal-de-salud\/\" \/>\n<meta property=\"og:site_name\" content=\"El Regional\" \/>\n<meta property=\"article:publisher\" content=\"https:\/\/www.facebook.com\/elregionalvm\" \/>\n<meta property=\"article:published_time\" content=\"2023-03-28T03:07:55+00:00\" \/>\n<meta property=\"article:modified_time\" content=\"2023-03-28T03:07:59+00:00\" \/>\n<meta property=\"og:image\" content=\"http:\/\/elregionalvm.com.ar\/noticias-villa-maria\/wp-content\/uploads\/2023\/03\/docentes-autoconvocados-personal-salud-marcha-puente-peron.jpeg\" \/>\n\t<meta property=\"og:image:width\" content=\"1593\" \/>\n\t<meta property=\"og:image:height\" content=\"902\" \/>\n\t<meta property=\"og:image:type\" content=\"image\/jpeg\" \/>\n<meta name=\"author\" content=\"Germ\u00e1n Giacchero\" \/>\n<meta name=\"twitter:card\" content=\"summary_large_image\" \/>\n<meta name=\"twitter:creator\" content=\"@elregionalvm1\" \/>\n<meta name=\"twitter:site\" content=\"@elregionalvm1\" \/>\n<meta name=\"twitter:label1\" content=\"Escrito por\" \/>\n\t<meta name=\"twitter:data1\" content=\"Germ\u00e1n Giacchero\" \/>\n\t<meta name=\"twitter:label2\" content=\"Tiempo de lectura\" \/>\n\t<meta name=\"twitter:data2\" content=\"2 minutos\" \/>\n<script type=\"application\/ld+json\" class=\"yoast-schema-graph\">{\"@context\":\"https:\/\/schema.org\",\"@graph\":[{\"@type\":\"Article\",\"@id\":\"http:\/\/elregionalvm.com.ar\/noticias-villa-maria\/nueva-jornada-de-protesta-reclamos-divididos-de-docentes-y-personal-de-salud\/#article\",\"isPartOf\":{\"@id\":\"http:\/\/elregionalvm.com.ar\/noticias-villa-maria\/nueva-jornada-de-protesta-reclamos-divididos-de-docentes-y-personal-de-salud\/\"},\"author\":{\"name\":\"Germ\u00e1n Giacchero\",\"@id\":\"http:\/\/elregionalvm.com.ar\/noticias-villa-maria\/#\/schema\/person\/d5e4b04966154131701e52c45d3efec9\"},\"headline\":\"Nueva jornada de protesta: Reclamos divididos de docentes y personal de salud\",\"datePublished\":\"2023-03-28T03:07:55+00:00\",\"dateModified\":\"2023-03-28T03:07:59+00:00\",\"mainEntityOfPage\":{\"@id\":\"http:\/\/elregionalvm.com.ar\/noticias-villa-maria\/nueva-jornada-de-protesta-reclamos-divididos-de-docentes-y-personal-de-salud\/\"},\"wordCount\":225,\"commentCount\":0,\"image\":{\"@id\":\"http:\/\/elregionalvm.com.ar\/noticias-villa-maria\/nueva-jornada-de-protesta-reclamos-divididos-de-docentes-y-personal-de-salud\/#primaryimage\"},\"thumbnailUrl\":\"https:\/\/i0.wp.com\/elregionalvm.com.ar\/noticias-villa-maria\/wp-content\/uploads\/2023\/03\/docentes-autoconvocados-personal-salud-marcha-puente-peron.jpeg?fit=1593%2C902&ssl=1\",\"keywords\":[\"Anfiteatro\",\"docentes\",\"docentes autoconvocados\",\"Gobierno de C\u00f3rdoba\",\"Hospital Pasteur\",\"personal de salud\",\"plaza centenario\",\"Puente Juan Domingo Per\u00f3n\",\"radio abierta\",\"reclamo salarial\"],\"articleSection\":[\"destacado\",\"Villa Mar\u00eda\"],\"inLanguage\":\"es\",\"potentialAction\":[{\"@type\":\"CommentAction\",\"name\":\"Comment\",\"target\":[\"http:\/\/elregionalvm.com.ar\/noticias-villa-maria\/nueva-jornada-de-protesta-reclamos-divididos-de-docentes-y-personal-de-salud\/#respond\"]}]},{\"@type\":\"WebPage\",\"@id\":\"http:\/\/elregionalvm.com.ar\/noticias-villa-maria\/nueva-jornada-de-protesta-reclamos-divididos-de-docentes-y-personal-de-salud\/\",\"url\":\"http:\/\/elregionalvm.com.ar\/noticias-villa-maria\/nueva-jornada-de-protesta-reclamos-divididos-de-docentes-y-personal-de-salud\/\",\"name\":\"Nueva jornada de protesta: Reclamos divididos de docentes y personal de salud - El Regional\",\"isPartOf\":{\"@id\":\"http:\/\/elregionalvm.com.ar\/noticias-villa-maria\/#website\"},\"primaryImageOfPage\":{\"@id\":\"http:\/\/elregionalvm.com.ar\/noticias-villa-maria\/nueva-jornada-de-protesta-reclamos-divididos-de-docentes-y-personal-de-salud\/#primaryimage\"},\"image\":{\"@id\":\"http:\/\/elregionalvm.com.ar\/noticias-villa-maria\/nueva-jornada-de-protesta-reclamos-divididos-de-docentes-y-personal-de-salud\/#primaryimage\"},\"thumbnailUrl\":\"https:\/\/i0.wp.com\/elregionalvm.com.ar\/noticias-villa-maria\/wp-content\/uploads\/2023\/03\/docentes-autoconvocados-personal-salud-marcha-puente-peron.jpeg?fit=1593%2C902&ssl=1\",\"datePublished\":\"2023-03-28T03:07:55+00:00\",\"dateModified\":\"2023-03-28T03:07:59+00:00\",\"author\":{\"@id\":\"http:\/\/elregionalvm.com.ar\/noticias-villa-maria\/#\/schema\/person\/d5e4b04966154131701e52c45d3efec9\"},\"breadcrumb\":{\"@id\":\"http:\/\/elregionalvm.com.ar\/noticias-villa-maria\/nueva-jornada-de-protesta-reclamos-divididos-de-docentes-y-personal-de-salud\/#breadcrumb\"},\"inLanguage\":\"es\",\"potentialAction\":[{\"@type\":\"ReadAction\",\"target\":[\"http:\/\/elregionalvm.com.ar\/noticias-villa-maria\/nueva-jornada-de-protesta-reclamos-divididos-de-docentes-y-personal-de-salud\/\"]}]},{\"@type\":\"ImageObject\",\"inLanguage\":\"es\",\"@id\":\"http:\/\/elregionalvm.com.ar\/noticias-villa-maria\/nueva-jornada-de-protesta-reclamos-divididos-de-docentes-y-personal-de-salud\/#primaryimage\",\"url\":\"https:\/\/i0.wp.com\/elregionalvm.com.ar\/noticias-villa-maria\/wp-content\/uploads\/2023\/03\/docentes-autoconvocados-personal-salud-marcha-puente-peron.jpeg?fit=1593%2C902&ssl=1\",\"contentUrl\":\"https:\/\/i0.wp.com\/elregionalvm.com.ar\/noticias-villa-maria\/wp-content\/uploads\/2023\/03\/docentes-autoconvocados-personal-salud-marcha-puente-peron.jpeg?fit=1593%2C902&ssl=1\",\"width\":1593,\"height\":902},{\"@type\":\"BreadcrumbList\",\"@id\":\"http:\/\/elregionalvm.com.ar\/noticias-villa-maria\/nueva-jornada-de-protesta-reclamos-divididos-de-docentes-y-personal-de-salud\/#breadcrumb\",\"itemListElement\":[{\"@type\":\"ListItem\",\"position\":1,\"name\":\"Portada\",\"item\":\"https:\/\/elregionalvm.com.ar\/noticias-villa-maria\/\"},{\"@type\":\"ListItem\",\"position\":2,\"name\":\"Nueva jornada de protesta: Reclamos divididos de docentes y personal de salud\"}]},{\"@type\":\"WebSite\",\"@id\":\"http:\/\/elregionalvm.com.ar\/noticias-villa-maria\/#website\",\"url\":\"http:\/\/elregionalvm.com.ar\/noticias-villa-maria\/\",\"name\":\"El Regional\",\"description\":\"Mucho m\u00e1s que informaci\u00f3n\",\"potentialAction\":[{\"@type\":\"SearchAction\",\"target\":{\"@type\":\"EntryPoint\",\"urlTemplate\":\"http:\/\/elregionalvm.com.ar\/noticias-villa-maria\/?s={search_term_string}\"},\"query-input\":{\"@type\":\"PropertyValueSpecification\",\"valueRequired\":true,\"valueName\":\"search_term_string\"}}],\"inLanguage\":\"es\"},{\"@type\":\"Person\",\"@id\":\"http:\/\/elregionalvm.com.ar\/noticias-villa-maria\/#\/schema\/person\/d5e4b04966154131701e52c45d3efec9\",\"name\":\"Germ\u00e1n Giacchero\",\"image\":{\"@type\":\"ImageObject\",\"inLanguage\":\"es\",\"@id\":\"http:\/\/elregionalvm.com.ar\/noticias-villa-maria\/#\/schema\/person\/image\/\",\"url\":\"https:\/\/secure.gravatar.com\/avatar\/fda163ba5ef0307ee5be9846e10f83b6e83d0cfb260d3b2464830318894c6b04?s=96&d=mm&r=g\",\"contentUrl\":\"https:\/\/secure.gravatar.com\/avatar\/fda163ba5ef0307ee5be9846e10f83b6e83d0cfb260d3b2464830318894c6b04?s=96&d=mm&r=g\",\"caption\":\"Germ\u00e1n Giacchero\"},\"url\":\"https:\/\/elregionalvm.com.ar\/noticias-villa-maria\/author\/germangiacchero\/\"}]}<\/script>\n<!-- \/ Yoast SEO plugin. -->","yoast_head_json":{"title":"Nueva jornada de protesta: Reclamos divididos de docentes y personal de salud - El Regional","robots":{"index":"index","follow":"follow","max-snippet":"max-snippet:-1","max-image-preview":"max-image-preview:large","max-video-preview":"max-video-preview:-1"},"canonical":"http:\/\/elregionalvm.com.ar\/noticias-villa-maria\/nueva-jornada-de-protesta-reclamos-divididos-de-docentes-y-personal-de-salud\/","og_locale":"es_ES","og_type":"article","og_title":"Nueva jornada de protesta: Reclamos divididos de docentes y personal de salud - El Regional","og_description":"Docentes y trabajadores de salud de la provincia se manifestaron en distintos puntos de la ciudad en reclamo de mejoras salariales, entre otros puntos. Se trata de las pautas que forman parte de su plan de lucha ante una falta de respuesta adecuada a sus pedidos por parte del gobierno cordob\u00e9s. Por un lado, integrantes [&hellip;]","og_url":"http:\/\/elregionalvm.com.ar\/noticias-villa-maria\/nueva-jornada-de-protesta-reclamos-divididos-de-docentes-y-personal-de-salud\/","og_site_name":"El Regional","article_publisher":"https:\/\/www.facebook.com\/elregionalvm","article_published_time":"2023-03-28T03:07:55+00:00","article_modified_time":"2023-03-28T03:07:59+00:00","og_image":[{"width":1593,"height":902,"url":"http:\/\/elregionalvm.com.ar\/noticias-villa-maria\/wp-content\/uploads\/2023\/03\/docentes-autoconvocados-personal-salud-marcha-puente-peron.jpeg","type":"image\/jpeg"}],"author":"Germ\u00e1n Giacchero","twitter_card":"summary_large_image","twitter_creator":"@elregionalvm1","twitter_site":"@elregionalvm1","twitter_misc":{"Escrito por":"Germ\u00e1n Giacchero","Tiempo de lectura":"2 minutos"},"schema":{"@context":"https:\/\/schema.org","@graph":[{"@type":"Article","@id":"http:\/\/elregionalvm.com.ar\/noticias-villa-maria\/nueva-jornada-de-protesta-reclamos-divididos-de-docentes-y-personal-de-salud\/#article","isPartOf":{"@id":"http:\/\/elregionalvm.com.ar\/noticias-villa-maria\/nueva-jornada-de-protesta-reclamos-divididos-de-docentes-y-personal-de-salud\/"},"author":{"name":"Germ\u00e1n Giacchero","@id":"http:\/\/elregionalvm.com.ar\/noticias-villa-maria\/#\/schema\/person\/d5e4b04966154131701e52c45d3efec9"},"headline":"Nueva jornada de protesta: Reclamos divididos de docentes y personal de salud","datePublished":"2023-03-28T03:07:55+00:00","dateModified":"2023-03-28T03:07:59+00:00","mainEntityOfPage":{"@id":"http:\/\/elregionalvm.com.ar\/noticias-villa-maria\/nueva-jornada-de-protesta-reclamos-divididos-de-docentes-y-personal-de-salud\/"},"wordCount":225,"commentCount":0,"image":{"@id":"http:\/\/elregionalvm.com.ar\/noticias-villa-maria\/nueva-jornada-de-protesta-reclamos-divididos-de-docentes-y-personal-de-salud\/#primaryimage"},"thumbnailUrl":"https:\/\/i0.wp.com\/elregionalvm.com.ar\/noticias-villa-maria\/wp-content\/uploads\/2023\/03\/docentes-autoconvocados-personal-salud-marcha-puente-peron.jpeg?fit=1593%2C902&ssl=1","keywords":["Anfiteatro","docentes","docentes autoconvocados","Gobierno de C\u00f3rdoba","Hospital Pasteur","personal de salud","plaza centenario","Puente Juan Domingo Per\u00f3n","radio abierta","reclamo salarial"],"articleSection":["destacado","Villa Mar\u00eda"],"inLanguage":"es","potentialAction":[{"@type":"CommentAction","name":"Comment","target":["http:\/\/elregionalvm.com.ar\/noticias-villa-maria\/nueva-jornada-de-protesta-reclamos-divididos-de-docentes-y-personal-de-salud\/#respond"]}]},{"@type":"WebPage","@id":"http:\/\/elregionalvm.com.ar\/noticias-villa-maria\/nueva-jornada-de-protesta-reclamos-divididos-de-docentes-y-personal-de-salud\/","url":"http:\/\/elregionalvm.com.ar\/noticias-villa-maria\/nueva-jornada-de-protesta-reclamos-divididos-de-docentes-y-personal-de-salud\/","name":"Nueva jornada de protesta: Reclamos divididos de docentes y personal de salud - El Regional","isPartOf":{"@id":"http:\/\/elregionalvm.com.ar\/noticias-villa-maria\/#website"},"primaryImageOfPage":{"@id":"http:\/\/elregionalvm.com.ar\/noticias-villa-maria\/nueva-jornada-de-protesta-reclamos-divididos-de-docentes-y-personal-de-salud\/#primaryimage"},"image":{"@id":"http:\/\/elregionalvm.com.ar\/noticias-villa-maria\/nueva-jornada-de-protesta-reclamos-divididos-de-docentes-y-personal-de-salud\/#primaryimage"},"thumbnailUrl":"https:\/\/i0.wp.com\/elregionalvm.com.ar\/noticias-villa-maria\/wp-content\/uploads\/2023\/03\/docentes-autoconvocados-personal-salud-marcha-puente-peron.jpeg?fit=1593%2C902&ssl=1","datePublished":"2023-03-28T03:07:55+00:00","dateModified":"2023-03-28T03:07:59+00:00","author":{"@id":"http:\/\/elregionalvm.com.ar\/noticias-villa-maria\/#\/schema\/person\/d5e4b04966154131701e52c45d3efec9"},"breadcrumb":{"@id":"http:\/\/elregionalvm.com.ar\/noticias-villa-maria\/nueva-jornada-de-protesta-reclamos-divididos-de-docentes-y-personal-de-salud\/#breadcrumb"},"inLanguage":"es","potentialAction":[{"@type":"ReadAction","target":["http:\/\/elregionalvm.com.ar\/noticias-villa-maria\/nueva-jornada-de-protesta-reclamos-divididos-de-docentes-y-personal-de-salud\/"]}]},{"@type":"ImageObject","inLanguage":"es","@id":"http:\/\/elregionalvm.com.ar\/noticias-villa-maria\/nueva-jornada-de-protesta-reclamos-divididos-de-docentes-y-personal-de-salud\/#primaryimage","url":"https:\/\/i0.wp.com\/elregionalvm.com.ar\/noticias-villa-maria\/wp-content\/uploads\/2023\/03\/docentes-autoconvocados-personal-salud-marcha-puente-peron.jpeg?fit=1593%2C902&ssl=1","contentUrl":"https:\/\/i0.wp.com\/elregionalvm.com.ar\/noticias-villa-maria\/wp-content\/uploads\/2023\/03\/docentes-autoconvocados-personal-salud-marcha-puente-peron.jpeg?fit=1593%2C902&ssl=1","width":1593,"height":902},{"@type":"BreadcrumbList","@id":"http:\/\/elregionalvm.com.ar\/noticias-villa-maria\/nueva-jornada-de-protesta-reclamos-divididos-de-docentes-y-personal-de-salud\/#breadcrumb","itemListElement":[{"@type":"ListItem","position":1,"name":"Portada","item":"https:\/\/elregionalvm.com.ar\/noticias-villa-maria\/"},{"@type":"ListItem","position":2,"name":"Nueva jornada de protesta: Reclamos divididos de docentes y personal de salud"}]},{"@type":"WebSite","@id":"http:\/\/elregionalvm.com.ar\/noticias-villa-maria\/#website","url":"http:\/\/elregionalvm.com.ar\/noticias-villa-maria\/","name":"El Regional","description":"Mucho m\u00e1s que informaci\u00f3n","potentialAction":[{"@type":"SearchAction","target":{"@type":"EntryPoint","urlTemplate":"http:\/\/elregionalvm.com.ar\/noticias-villa-maria\/?s={search_term_string}"},"query-input":{"@type":"PropertyValueSpecification","valueRequired":true,"valueName":"search_term_string"}}],"inLanguage":"es"},{"@type":"Person","@id":"http:\/\/elregionalvm.com.ar\/noticias-villa-maria\/#\/schema\/person\/d5e4b04966154131701e52c45d3efec9","name":"Germ\u00e1n Giacchero","image":{"@type":"ImageObject","inLanguage":"es","@id":"http:\/\/elregionalvm.com.ar\/noticias-villa-maria\/#\/schema\/person\/image\/","url":"https:\/\/secure.gravatar.com\/avatar\/fda163ba5ef0307ee5be9846e10f83b6e83d0cfb260d3b2464830318894c6b04?s=96&d=mm&r=g","contentUrl":"https:\/\/secure.gravatar.com\/avatar\/fda163ba5ef0307ee5be9846e10f83b6e83d0cfb260d3b2464830318894c6b04?s=96&d=mm&r=g","caption":"Germ\u00e1n Giacchero"},"url":"https:\/\/elregionalvm.com.ar\/noticias-villa-maria\/author\/germangiacchero\/"}]}},"jetpack_featured_media_url":"https:\/\/i0.wp.com\/elregionalvm.com.ar\/noticias-villa-maria\/wp-content\/uploads\/2023\/03\/docentes-autoconvocados-personal-salud-marcha-puente-peron.jpeg?fit=1593%2C902&ssl=1","jetpack_sharing_enabled":true,"_links":{"self":[{"href":"https:\/\/elregionalvm.com.ar\/noticias-villa-maria\/wp-json\/wp\/v2\/posts\/73879","targetHints":{"allow":["GET"]}}],"collection":[{"href":"https:\/\/elregionalvm.com.ar\/noticias-villa-maria\/wp-json\/wp\/v2\/posts"}],"about":[{"href":"https:\/\/elregionalvm.com.ar\/noticias-villa-maria\/wp-json\/wp\/v2\/types\/post"}],"author":[{"embeddable":true,"href":"https:\/\/elregionalvm.com.ar\/noticias-villa-maria\/wp-json\/wp\/v2\/users\/6"}],"replies":[{"embeddable":true,"href":"https:\/\/elregionalvm.com.ar\/noticias-villa-maria\/wp-json\/wp\/v2\/comments?post=73879"}],"version-history":[{"count":2,"href":"https:\/\/elregionalvm.com.ar\/noticias-villa-maria\/wp-json\/wp\/v2\/posts\/73879\/revisions"}],"predecessor-version":[{"id":73883,"href":"https:\/\/elregionalvm.com.ar\/noticias-villa-maria\/wp-json\/wp\/v2\/posts\/73879\/revisions\/73883"}],"wp:featuredmedia":[{"embeddable":true,"href":"https:\/\/elregionalvm.com.ar\/noticias-villa-maria\/wp-json\/wp\/v2\/media\/73881"}],"wp:attachment":[{"href":"https:\/\/elregionalvm.com.ar\/noticias-villa-maria\/wp-json\/wp\/v2\/media?parent=73879"}],"wp:term":[{"taxonomy":"category","embeddable":true,"href":"https:\/\/elregionalvm.com.ar\/noticias-villa-maria\/wp-json\/wp\/v2\/categories?post=73879"},{"taxonomy":"post_tag","embeddable":true,"href":"https:\/\/elregionalvm.com.ar\/noticias-villa-maria\/wp-json\/wp\/v2\/tags?post=73879"}],"curies":[{"name":"wp","href":"https:\/\/api.w.org\/{rel}","templated":true}]}}