{"id":73896,"date":"2023-03-28T20:58:14","date_gmt":"2023-03-28T20:58:14","guid":{"rendered":"https:\/\/elregionalvm.com.ar\/noticias-villa-maria\/?p=73896"},"modified":"2023-04-04T02:17:29","modified_gmt":"2023-04-04T02:17:29","slug":"argentinadas-la-culpa-la-tiene-darwin","status":"publish","type":"post","link":"https:\/\/elregionalvm.com.ar\/noticias-villa-maria\/argentinadas-la-culpa-la-tiene-darwin\/","title":{"rendered":"[Argentinadas] La culpa la tiene Darwin"},"content":{"rendered":"\n<p><\/p>\n\n\n\n<p><strong>Escribe: Raquel Baratelli<\/strong><\/p>\n\n\n\n<p><\/p>\n\n\n\n<p>\u00bfA qui\u00e9n se le ocurre hablar de la evoluci\u00f3n de las especies y de la permanencia del m\u00e1s apto? Y \u00bfcreer que la naturaleza tiene sus leyes para equilibrar la vida y la salud del planeta?<\/p>\n\n\n\n<p>Desde la formulaci\u00f3n de la teor\u00eda de la evoluci\u00f3n, los humanos nos hemos ocupado de demostrar ser los m\u00e1s aptos para sobrevivir, resistiendo cualquier embate de la naturaleza.<\/p>\n\n\n\n<p>D\u00e9cada tras d\u00e9cada nos dedicamos a modificar y controlar nuestro entorno de acuerdo a nuestras necesidades, ya no adaptando la propia fisonom\u00eda, fisiolog\u00eda o anatom\u00eda para sobrevivir (piel oscura para resistir el calor, estatura baja, para las alturas, etc.) tal como indicar\u00edan las observaciones de Darwin.<\/p>\n\n\n\n<p>Hacemos de todo por perpetuar nuestra especie, o por lo menos por salvar a los m\u00e1s aptos de la especie humana, a\u00fan en los ambientes m\u00e1s hostiles.<\/p>\n\n\n\n<p><\/p>\n\n\n\n<figure class=\"wp-block-image size-large\"><img data-recalc-dims=\"1\" fetchpriority=\"high\" decoding=\"async\" width=\"1024\" height=\"657\" src=\"https:\/\/i0.wp.com\/elregionalvm.com.ar\/noticias-villa-maria\/wp-content\/uploads\/2023\/03\/abrazo-arbol.jpg?resize=1024%2C657&#038;ssl=1\" alt=\"\" class=\"wp-image-73898\" srcset=\"https:\/\/i0.wp.com\/elregionalvm.com.ar\/noticias-villa-maria\/wp-content\/uploads\/2023\/03\/abrazo-arbol.jpg?resize=1024%2C657&amp;ssl=1 1024w, https:\/\/i0.wp.com\/elregionalvm.com.ar\/noticias-villa-maria\/wp-content\/uploads\/2023\/03\/abrazo-arbol.jpg?resize=300%2C193&amp;ssl=1 300w, https:\/\/i0.wp.com\/elregionalvm.com.ar\/noticias-villa-maria\/wp-content\/uploads\/2023\/03\/abrazo-arbol.jpg?resize=768%2C493&amp;ssl=1 768w, https:\/\/i0.wp.com\/elregionalvm.com.ar\/noticias-villa-maria\/wp-content\/uploads\/2023\/03\/abrazo-arbol.jpg?resize=1536%2C986&amp;ssl=1 1536w, https:\/\/i0.wp.com\/elregionalvm.com.ar\/noticias-villa-maria\/wp-content\/uploads\/2023\/03\/abrazo-arbol.jpg?w=1960&amp;ssl=1 1960w\" sizes=\"(max-width: 1000px) 100vw, 1000px\" \/><\/figure>\n\n\n\n<p><\/p>\n\n\n\n<p>Creamos y desarrollamos ecosistemas varios: junglas de cemento, humedales de barro y basura; creamos desiertos donde hab\u00eda bosques y hasta selvas, secamos r\u00edos, hacemos lagos\u2026<\/p>\n\n\n\n<p><\/p>\n\n\n\n<figure class=\"wp-block-pullquote\"><blockquote><p><strong>El pobre de Darwin no contaba con nuestra astucia para desequilibrar todo<\/strong><\/p><\/blockquote><\/figure>\n\n\n\n<p><\/p>\n\n\n\n<p>En poco tiempo hemos convertido el planeta en un gran vivero con invernadero y todo, obligando a las dem\u00e1s especies, animales y vegetales a adaptarse a las condiciones que nosotros, como due\u00f1os del planeta, seres m\u00e1s evolucionados, les imponemos.<\/p>\n\n\n\n<p>Y el que no pueda seguirnos el ritmo\u2026 capot\u00f3n lloroso, a llorar al campito\u2026 que quede.<\/p>\n\n\n\n<p>El pobre de Darwin no contaba con nuestra astucia para desequilibrar todo.<a> <\/a>No imaginaba lo ingeniosos que resultamos ser no s\u00f3lo para sobrevivir sino tambi\u00e9n para ser fieles a sus descubrimientos y teor\u00edas.<\/p>\n\n\n\n<p>Hasta inventamos una tele, perd\u00f3n,<em> Smart TV,<\/em> en la cual podemos ver y disfrutar, como si fuera real y a\u00fan estuvieran ac\u00e1, toda la flora y la fauna naturales que alguna vez tuvimos.<\/p>\n\n\n\n<p>Artefacto gracias al cual perdurar\u00e1n algunas de las etnias y peque\u00f1as comunidades que alguna vez vivieron en armon\u00eda con la naturaleza y de las que nadie aprendi\u00f3 nada.<\/p>\n\n\n\n<p>As\u00ed es c\u00f3mo nos convencemos de ocuparnos de la conservaci\u00f3n de los ecosistemas para el equilibrio de la naturaleza.<\/p>\n\n\n\n<p>Todo mal. Chicos, creo que malinterpretamos al naturalista, se trataba de evolucionar,<em> en<\/em> o<em> con, <\/em>la naturaleza, no <em>en contra de <\/em>ella.<\/p>\n\n\n\n<p><\/p>\n\n\n\n<p><\/p>\n\n\n\n<h3 class=\"wp-block-heading\"><strong>Tambi\u00e9n pod\u00e9s ver:<\/strong><\/h3>\n\n\n\n<p><\/p>\n\n\n\n<p><\/p>\n\n\n\n<figure class=\"wp-block-embed is-type-wp-embed is-provider-el-regional wp-block-embed-el-regional\"><div class=\"wp-block-embed__wrapper\">\n<blockquote class=\"wp-embedded-content\" data-secret=\"Kb47tXjJoO\"><a href=\"https:\/\/elregionalvm.com.ar\/noticias-villa-maria\/argentinadas-la-nueva-normalidad-todo-pasa\/\">[Argentinadas] La nueva normalidad: Todo pasa<\/a><\/blockquote><iframe class=\"wp-embedded-content\" sandbox=\"allow-scripts\" security=\"restricted\" style=\"position: absolute; visibility: hidden;\" title=\"\u00ab[Argentinadas] La nueva normalidad: Todo pasa\u00bb \u2014 El Regional\" src=\"https:\/\/elregionalvm.com.ar\/noticias-villa-maria\/argentinadas-la-nueva-normalidad-todo-pasa\/embed\/#?secret=vguvQssejC#?secret=Kb47tXjJoO\" data-secret=\"Kb47tXjJoO\" width=\"500\" height=\"282\" frameborder=\"0\" marginwidth=\"0\" marginheight=\"0\" scrolling=\"no\"><\/iframe>\n<\/div><\/figure>\n","protected":false},"excerpt":{"rendered":"<p>Escribe: Raquel Baratelli \u00bfA qui\u00e9n se le ocurre hablar de la evoluci\u00f3n de las especies y de la permanencia del m\u00e1s apto? Y \u00bfcreer que la naturaleza tiene sus leyes para equilibrar la vida y la salud del planeta? Desde la formulaci\u00f3n de la teor\u00eda de la evoluci\u00f3n, los humanos nos hemos ocupado de demostrar [&hellip;]<\/p>\n","protected":false},"author":4,"featured_media":73899,"comment_status":"open","ping_status":"open","sticky":false,"template":"","format":"standard","meta":{"site-sidebar-layout":"default","site-content-layout":"","ast-site-content-layout":"default","site-content-style":"default","site-sidebar-style":"default","ast-global-header-display":"","ast-banner-title-visibility":"","ast-main-header-display":"","ast-hfb-above-header-display":"","ast-hfb-below-header-display":"","ast-hfb-mobile-header-display":"","site-post-title":"","ast-breadcrumbs-content":"","ast-featured-img":"","footer-sml-layout":"","ast-disable-related-posts":"","theme-transparent-header-meta":"","adv-header-id-meta":"","stick-header-meta":"","header-above-stick-meta":"","header-main-stick-meta":"","header-below-stick-meta":"","astra-migrate-meta-layouts":"default","ast-page-background-enabled":"default","ast-page-background-meta":{"desktop":{"background-color":"","background-image":"","background-repeat":"repeat","background-position":"center center","background-size":"auto","background-attachment":"scroll","background-type":"","background-media":"","overlay-type":"","overlay-color":"","overlay-opacity":"","overlay-gradient":""},"tablet":{"background-color":"","background-image":"","background-repeat":"repeat","background-position":"center center","background-size":"auto","background-attachment":"scroll","background-type":"","background-media":"","overlay-type":"","overlay-color":"","overlay-opacity":"","overlay-gradient":""},"mobile":{"background-color":"","background-image":"","background-repeat":"repeat","background-position":"center center","background-size":"auto","background-attachment":"scroll","background-type":"","background-media":"","overlay-type":"","overlay-color":"","overlay-opacity":"","overlay-gradient":""}},"ast-content-background-meta":{"desktop":{"background-color":"var(--ast-global-color-5)","background-image":"","background-repeat":"repeat","background-position":"center center","background-size":"auto","background-attachment":"scroll","background-type":"","background-media":"","overlay-type":"","overlay-color":"","overlay-opacity":"","overlay-gradient":""},"tablet":{"background-color":"var(--ast-global-color-5)","background-image":"","background-repeat":"repeat","background-position":"center center","background-size":"auto","background-attachment":"scroll","background-type":"","background-media":"","overlay-type":"","overlay-color":"","overlay-opacity":"","overlay-gradient":""},"mobile":{"background-color":"var(--ast-global-color-5)","background-image":"","background-repeat":"repeat","background-position":"center center","background-size":"auto","background-attachment":"scroll","background-type":"","background-media":"","overlay-type":"","overlay-color":"","overlay-opacity":"","overlay-gradient":""}},"_jetpack_memberships_contains_paid_content":false,"_joinchat":[],"footnotes":""},"categories":[365,3557],"tags":[9984,21602,6334,21996,19458,3223,5307,2123,109],"class_list":["post-73896","post","type-post","status-publish","format-standard","has-post-thumbnail","hentry","category-opinion","category-tercera","tag-culpa","tag-darwin","tag-destruccion","tag-especie","tag-evolucion","tag-medio-ambiente","tag-naturaleza","tag-raquel-baratelli","tag-tv"],"yoast_head":"<!-- This site is optimized with the Yoast SEO plugin v26.8 - https:\/\/yoast.com\/product\/yoast-seo-wordpress\/ -->\n<title>[Argentinadas] La culpa la tiene Darwin - El Regional<\/title>\n<meta name=\"robots\" content=\"index, follow, max-snippet:-1, max-image-preview:large, max-video-preview:-1\" \/>\n<link rel=\"canonical\" href=\"http:\/\/elregionalvm.com.ar\/noticias-villa-maria\/argentinadas-la-culpa-la-tiene-darwin\/\" \/>\n<meta property=\"og:locale\" content=\"es_ES\" \/>\n<meta property=\"og:type\" content=\"article\" \/>\n<meta property=\"og:title\" content=\"[Argentinadas] La culpa la tiene Darwin - El Regional\" \/>\n<meta property=\"og:description\" content=\"Escribe: Raquel Baratelli \u00bfA qui\u00e9n se le ocurre hablar de la evoluci\u00f3n de las especies y de la permanencia del m\u00e1s apto? Y \u00bfcreer que la naturaleza tiene sus leyes para equilibrar la vida y la salud del planeta? Desde la formulaci\u00f3n de la teor\u00eda de la evoluci\u00f3n, los humanos nos hemos ocupado de demostrar [&hellip;]\" \/>\n<meta property=\"og:url\" content=\"http:\/\/elregionalvm.com.ar\/noticias-villa-maria\/argentinadas-la-culpa-la-tiene-darwin\/\" \/>\n<meta property=\"og:site_name\" content=\"El Regional\" \/>\n<meta property=\"article:publisher\" content=\"https:\/\/www.facebook.com\/elregionalvm\" \/>\n<meta property=\"article:published_time\" content=\"2023-03-28T20:58:14+00:00\" \/>\n<meta property=\"article:modified_time\" content=\"2023-04-04T02:17:29+00:00\" \/>\n<meta property=\"og:image\" content=\"http:\/\/elregionalvm.com.ar\/noticias-villa-maria\/wp-content\/uploads\/2023\/03\/cambio-climatico-medio-ambiente-nino-arboles-secos.jpg\" \/>\n\t<meta property=\"og:image:width\" content=\"1040\" \/>\n\t<meta property=\"og:image:height\" content=\"780\" \/>\n\t<meta property=\"og:image:type\" content=\"image\/jpeg\" \/>\n<meta name=\"author\" content=\"Contenidos El Regional\" \/>\n<meta name=\"twitter:card\" content=\"summary_large_image\" \/>\n<meta name=\"twitter:creator\" content=\"@elregionalvm1\" \/>\n<meta name=\"twitter:site\" content=\"@elregionalvm1\" \/>\n<meta name=\"twitter:label1\" content=\"Escrito por\" \/>\n\t<meta name=\"twitter:data1\" content=\"Contenidos El Regional\" \/>\n\t<meta name=\"twitter:label2\" content=\"Tiempo de lectura\" \/>\n\t<meta name=\"twitter:data2\" content=\"2 minutos\" \/>\n<script type=\"application\/ld+json\" class=\"yoast-schema-graph\">{\"@context\":\"https:\/\/schema.org\",\"@graph\":[{\"@type\":\"Article\",\"@id\":\"http:\/\/elregionalvm.com.ar\/noticias-villa-maria\/argentinadas-la-culpa-la-tiene-darwin\/#article\",\"isPartOf\":{\"@id\":\"http:\/\/elregionalvm.com.ar\/noticias-villa-maria\/argentinadas-la-culpa-la-tiene-darwin\/\"},\"author\":{\"name\":\"Contenidos El Regional\",\"@id\":\"http:\/\/elregionalvm.com.ar\/noticias-villa-maria\/#\/schema\/person\/a0fb9c422317faca23d50163151bc354\"},\"headline\":\"[Argentinadas] La culpa la tiene Darwin\",\"datePublished\":\"2023-03-28T20:58:14+00:00\",\"dateModified\":\"2023-04-04T02:17:29+00:00\",\"mainEntityOfPage\":{\"@id\":\"http:\/\/elregionalvm.com.ar\/noticias-villa-maria\/argentinadas-la-culpa-la-tiene-darwin\/\"},\"wordCount\":416,\"commentCount\":0,\"image\":{\"@id\":\"http:\/\/elregionalvm.com.ar\/noticias-villa-maria\/argentinadas-la-culpa-la-tiene-darwin\/#primaryimage\"},\"thumbnailUrl\":\"https:\/\/i0.wp.com\/elregionalvm.com.ar\/noticias-villa-maria\/wp-content\/uploads\/2023\/03\/cambio-climatico-medio-ambiente-nino-arboles-secos.jpg?fit=1040%2C780&ssl=1\",\"keywords\":[\"Culpa\",\"Darwin\",\"destrucci\u00f3n\",\"especie\",\"evoluci\u00f3n\",\"Medio ambiente\",\"naturaleza\",\"Raquel Baratelli\",\"TV\"],\"articleSection\":[\"Opini\u00f3n\",\"tercera\"],\"inLanguage\":\"es\",\"potentialAction\":[{\"@type\":\"CommentAction\",\"name\":\"Comment\",\"target\":[\"http:\/\/elregionalvm.com.ar\/noticias-villa-maria\/argentinadas-la-culpa-la-tiene-darwin\/#respond\"]}]},{\"@type\":\"WebPage\",\"@id\":\"http:\/\/elregionalvm.com.ar\/noticias-villa-maria\/argentinadas-la-culpa-la-tiene-darwin\/\",\"url\":\"http:\/\/elregionalvm.com.ar\/noticias-villa-maria\/argentinadas-la-culpa-la-tiene-darwin\/\",\"name\":\"[Argentinadas] La culpa la tiene Darwin - El Regional\",\"isPartOf\":{\"@id\":\"http:\/\/elregionalvm.com.ar\/noticias-villa-maria\/#website\"},\"primaryImageOfPage\":{\"@id\":\"http:\/\/elregionalvm.com.ar\/noticias-villa-maria\/argentinadas-la-culpa-la-tiene-darwin\/#primaryimage\"},\"image\":{\"@id\":\"http:\/\/elregionalvm.com.ar\/noticias-villa-maria\/argentinadas-la-culpa-la-tiene-darwin\/#primaryimage\"},\"thumbnailUrl\":\"https:\/\/i0.wp.com\/elregionalvm.com.ar\/noticias-villa-maria\/wp-content\/uploads\/2023\/03\/cambio-climatico-medio-ambiente-nino-arboles-secos.jpg?fit=1040%2C780&ssl=1\",\"datePublished\":\"2023-03-28T20:58:14+00:00\",\"dateModified\":\"2023-04-04T02:17:29+00:00\",\"author\":{\"@id\":\"http:\/\/elregionalvm.com.ar\/noticias-villa-maria\/#\/schema\/person\/a0fb9c422317faca23d50163151bc354\"},\"breadcrumb\":{\"@id\":\"http:\/\/elregionalvm.com.ar\/noticias-villa-maria\/argentinadas-la-culpa-la-tiene-darwin\/#breadcrumb\"},\"inLanguage\":\"es\",\"potentialAction\":[{\"@type\":\"ReadAction\",\"target\":[\"http:\/\/elregionalvm.com.ar\/noticias-villa-maria\/argentinadas-la-culpa-la-tiene-darwin\/\"]}]},{\"@type\":\"ImageObject\",\"inLanguage\":\"es\",\"@id\":\"http:\/\/elregionalvm.com.ar\/noticias-villa-maria\/argentinadas-la-culpa-la-tiene-darwin\/#primaryimage\",\"url\":\"https:\/\/i0.wp.com\/elregionalvm.com.ar\/noticias-villa-maria\/wp-content\/uploads\/2023\/03\/cambio-climatico-medio-ambiente-nino-arboles-secos.jpg?fit=1040%2C780&ssl=1\",\"contentUrl\":\"https:\/\/i0.wp.com\/elregionalvm.com.ar\/noticias-villa-maria\/wp-content\/uploads\/2023\/03\/cambio-climatico-medio-ambiente-nino-arboles-secos.jpg?fit=1040%2C780&ssl=1\",\"width\":1040,\"height\":780},{\"@type\":\"BreadcrumbList\",\"@id\":\"http:\/\/elregionalvm.com.ar\/noticias-villa-maria\/argentinadas-la-culpa-la-tiene-darwin\/#breadcrumb\",\"itemListElement\":[{\"@type\":\"ListItem\",\"position\":1,\"name\":\"Portada\",\"item\":\"https:\/\/elregionalvm.com.ar\/noticias-villa-maria\/\"},{\"@type\":\"ListItem\",\"position\":2,\"name\":\"[Argentinadas] La culpa la tiene Darwin\"}]},{\"@type\":\"WebSite\",\"@id\":\"http:\/\/elregionalvm.com.ar\/noticias-villa-maria\/#website\",\"url\":\"http:\/\/elregionalvm.com.ar\/noticias-villa-maria\/\",\"name\":\"El Regional\",\"description\":\"Mucho m\u00e1s que informaci\u00f3n\",\"potentialAction\":[{\"@type\":\"SearchAction\",\"target\":{\"@type\":\"EntryPoint\",\"urlTemplate\":\"http:\/\/elregionalvm.com.ar\/noticias-villa-maria\/?s={search_term_string}\"},\"query-input\":{\"@type\":\"PropertyValueSpecification\",\"valueRequired\":true,\"valueName\":\"search_term_string\"}}],\"inLanguage\":\"es\"},{\"@type\":\"Person\",\"@id\":\"http:\/\/elregionalvm.com.ar\/noticias-villa-maria\/#\/schema\/person\/a0fb9c422317faca23d50163151bc354\",\"name\":\"Contenidos El Regional\",\"image\":{\"@type\":\"ImageObject\",\"inLanguage\":\"es\",\"@id\":\"http:\/\/elregionalvm.com.ar\/noticias-villa-maria\/#\/schema\/person\/image\/\",\"url\":\"https:\/\/secure.gravatar.com\/avatar\/265b27cb2209af7bb3a1318f03305787d7981a5cc6e6cd08fe5a4ecdf99d4b48?s=96&d=mm&r=g\",\"contentUrl\":\"https:\/\/secure.gravatar.com\/avatar\/265b27cb2209af7bb3a1318f03305787d7981a5cc6e6cd08fe5a4ecdf99d4b48?s=96&d=mm&r=g\",\"caption\":\"Contenidos El Regional\"},\"url\":\"https:\/\/elregionalvm.com.ar\/noticias-villa-maria\/author\/contenido\/\"}]}<\/script>\n<!-- \/ Yoast SEO plugin. -->","yoast_head_json":{"title":"[Argentinadas] La culpa la tiene Darwin - El Regional","robots":{"index":"index","follow":"follow","max-snippet":"max-snippet:-1","max-image-preview":"max-image-preview:large","max-video-preview":"max-video-preview:-1"},"canonical":"http:\/\/elregionalvm.com.ar\/noticias-villa-maria\/argentinadas-la-culpa-la-tiene-darwin\/","og_locale":"es_ES","og_type":"article","og_title":"[Argentinadas] La culpa la tiene Darwin - El Regional","og_description":"Escribe: Raquel Baratelli \u00bfA qui\u00e9n se le ocurre hablar de la evoluci\u00f3n de las especies y de la permanencia del m\u00e1s apto? Y \u00bfcreer que la naturaleza tiene sus leyes para equilibrar la vida y la salud del planeta? Desde la formulaci\u00f3n de la teor\u00eda de la evoluci\u00f3n, los humanos nos hemos ocupado de demostrar [&hellip;]","og_url":"http:\/\/elregionalvm.com.ar\/noticias-villa-maria\/argentinadas-la-culpa-la-tiene-darwin\/","og_site_name":"El Regional","article_publisher":"https:\/\/www.facebook.com\/elregionalvm","article_published_time":"2023-03-28T20:58:14+00:00","article_modified_time":"2023-04-04T02:17:29+00:00","og_image":[{"width":1040,"height":780,"url":"http:\/\/elregionalvm.com.ar\/noticias-villa-maria\/wp-content\/uploads\/2023\/03\/cambio-climatico-medio-ambiente-nino-arboles-secos.jpg","type":"image\/jpeg"}],"author":"Contenidos El Regional","twitter_card":"summary_large_image","twitter_creator":"@elregionalvm1","twitter_site":"@elregionalvm1","twitter_misc":{"Escrito por":"Contenidos El Regional","Tiempo de lectura":"2 minutos"},"schema":{"@context":"https:\/\/schema.org","@graph":[{"@type":"Article","@id":"http:\/\/elregionalvm.com.ar\/noticias-villa-maria\/argentinadas-la-culpa-la-tiene-darwin\/#article","isPartOf":{"@id":"http:\/\/elregionalvm.com.ar\/noticias-villa-maria\/argentinadas-la-culpa-la-tiene-darwin\/"},"author":{"name":"Contenidos El Regional","@id":"http:\/\/elregionalvm.com.ar\/noticias-villa-maria\/#\/schema\/person\/a0fb9c422317faca23d50163151bc354"},"headline":"[Argentinadas] La culpa la tiene Darwin","datePublished":"2023-03-28T20:58:14+00:00","dateModified":"2023-04-04T02:17:29+00:00","mainEntityOfPage":{"@id":"http:\/\/elregionalvm.com.ar\/noticias-villa-maria\/argentinadas-la-culpa-la-tiene-darwin\/"},"wordCount":416,"commentCount":0,"image":{"@id":"http:\/\/elregionalvm.com.ar\/noticias-villa-maria\/argentinadas-la-culpa-la-tiene-darwin\/#primaryimage"},"thumbnailUrl":"https:\/\/i0.wp.com\/elregionalvm.com.ar\/noticias-villa-maria\/wp-content\/uploads\/2023\/03\/cambio-climatico-medio-ambiente-nino-arboles-secos.jpg?fit=1040%2C780&ssl=1","keywords":["Culpa","Darwin","destrucci\u00f3n","especie","evoluci\u00f3n","Medio ambiente","naturaleza","Raquel Baratelli","TV"],"articleSection":["Opini\u00f3n","tercera"],"inLanguage":"es","potentialAction":[{"@type":"CommentAction","name":"Comment","target":["http:\/\/elregionalvm.com.ar\/noticias-villa-maria\/argentinadas-la-culpa-la-tiene-darwin\/#respond"]}]},{"@type":"WebPage","@id":"http:\/\/elregionalvm.com.ar\/noticias-villa-maria\/argentinadas-la-culpa-la-tiene-darwin\/","url":"http:\/\/elregionalvm.com.ar\/noticias-villa-maria\/argentinadas-la-culpa-la-tiene-darwin\/","name":"[Argentinadas] La culpa la tiene Darwin - El Regional","isPartOf":{"@id":"http:\/\/elregionalvm.com.ar\/noticias-villa-maria\/#website"},"primaryImageOfPage":{"@id":"http:\/\/elregionalvm.com.ar\/noticias-villa-maria\/argentinadas-la-culpa-la-tiene-darwin\/#primaryimage"},"image":{"@id":"http:\/\/elregionalvm.com.ar\/noticias-villa-maria\/argentinadas-la-culpa-la-tiene-darwin\/#primaryimage"},"thumbnailUrl":"https:\/\/i0.wp.com\/elregionalvm.com.ar\/noticias-villa-maria\/wp-content\/uploads\/2023\/03\/cambio-climatico-medio-ambiente-nino-arboles-secos.jpg?fit=1040%2C780&ssl=1","datePublished":"2023-03-28T20:58:14+00:00","dateModified":"2023-04-04T02:17:29+00:00","author":{"@id":"http:\/\/elregionalvm.com.ar\/noticias-villa-maria\/#\/schema\/person\/a0fb9c422317faca23d50163151bc354"},"breadcrumb":{"@id":"http:\/\/elregionalvm.com.ar\/noticias-villa-maria\/argentinadas-la-culpa-la-tiene-darwin\/#breadcrumb"},"inLanguage":"es","potentialAction":[{"@type":"ReadAction","target":["http:\/\/elregionalvm.com.ar\/noticias-villa-maria\/argentinadas-la-culpa-la-tiene-darwin\/"]}]},{"@type":"ImageObject","inLanguage":"es","@id":"http:\/\/elregionalvm.com.ar\/noticias-villa-maria\/argentinadas-la-culpa-la-tiene-darwin\/#primaryimage","url":"https:\/\/i0.wp.com\/elregionalvm.com.ar\/noticias-villa-maria\/wp-content\/uploads\/2023\/03\/cambio-climatico-medio-ambiente-nino-arboles-secos.jpg?fit=1040%2C780&ssl=1","contentUrl":"https:\/\/i0.wp.com\/elregionalvm.com.ar\/noticias-villa-maria\/wp-content\/uploads\/2023\/03\/cambio-climatico-medio-ambiente-nino-arboles-secos.jpg?fit=1040%2C780&ssl=1","width":1040,"height":780},{"@type":"BreadcrumbList","@id":"http:\/\/elregionalvm.com.ar\/noticias-villa-maria\/argentinadas-la-culpa-la-tiene-darwin\/#breadcrumb","itemListElement":[{"@type":"ListItem","position":1,"name":"Portada","item":"https:\/\/elregionalvm.com.ar\/noticias-villa-maria\/"},{"@type":"ListItem","position":2,"name":"[Argentinadas] La culpa la tiene Darwin"}]},{"@type":"WebSite","@id":"http:\/\/elregionalvm.com.ar\/noticias-villa-maria\/#website","url":"http:\/\/elregionalvm.com.ar\/noticias-villa-maria\/","name":"El Regional","description":"Mucho m\u00e1s que informaci\u00f3n","potentialAction":[{"@type":"SearchAction","target":{"@type":"EntryPoint","urlTemplate":"http:\/\/elregionalvm.com.ar\/noticias-villa-maria\/?s={search_term_string}"},"query-input":{"@type":"PropertyValueSpecification","valueRequired":true,"valueName":"search_term_string"}}],"inLanguage":"es"},{"@type":"Person","@id":"http:\/\/elregionalvm.com.ar\/noticias-villa-maria\/#\/schema\/person\/a0fb9c422317faca23d50163151bc354","name":"Contenidos El Regional","image":{"@type":"ImageObject","inLanguage":"es","@id":"http:\/\/elregionalvm.com.ar\/noticias-villa-maria\/#\/schema\/person\/image\/","url":"https:\/\/secure.gravatar.com\/avatar\/265b27cb2209af7bb3a1318f03305787d7981a5cc6e6cd08fe5a4ecdf99d4b48?s=96&d=mm&r=g","contentUrl":"https:\/\/secure.gravatar.com\/avatar\/265b27cb2209af7bb3a1318f03305787d7981a5cc6e6cd08fe5a4ecdf99d4b48?s=96&d=mm&r=g","caption":"Contenidos El Regional"},"url":"https:\/\/elregionalvm.com.ar\/noticias-villa-maria\/author\/contenido\/"}]}},"jetpack_featured_media_url":"https:\/\/i0.wp.com\/elregionalvm.com.ar\/noticias-villa-maria\/wp-content\/uploads\/2023\/03\/cambio-climatico-medio-ambiente-nino-arboles-secos.jpg?fit=1040%2C780&ssl=1","jetpack_sharing_enabled":true,"_links":{"self":[{"href":"https:\/\/elregionalvm.com.ar\/noticias-villa-maria\/wp-json\/wp\/v2\/posts\/73896","targetHints":{"allow":["GET"]}}],"collection":[{"href":"https:\/\/elregionalvm.com.ar\/noticias-villa-maria\/wp-json\/wp\/v2\/posts"}],"about":[{"href":"https:\/\/elregionalvm.com.ar\/noticias-villa-maria\/wp-json\/wp\/v2\/types\/post"}],"author":[{"embeddable":true,"href":"https:\/\/elregionalvm.com.ar\/noticias-villa-maria\/wp-json\/wp\/v2\/users\/4"}],"replies":[{"embeddable":true,"href":"https:\/\/elregionalvm.com.ar\/noticias-villa-maria\/wp-json\/wp\/v2\/comments?post=73896"}],"version-history":[{"count":2,"href":"https:\/\/elregionalvm.com.ar\/noticias-villa-maria\/wp-json\/wp\/v2\/posts\/73896\/revisions"}],"predecessor-version":[{"id":73900,"href":"https:\/\/elregionalvm.com.ar\/noticias-villa-maria\/wp-json\/wp\/v2\/posts\/73896\/revisions\/73900"}],"wp:featuredmedia":[{"embeddable":true,"href":"https:\/\/elregionalvm.com.ar\/noticias-villa-maria\/wp-json\/wp\/v2\/media\/73899"}],"wp:attachment":[{"href":"https:\/\/elregionalvm.com.ar\/noticias-villa-maria\/wp-json\/wp\/v2\/media?parent=73896"}],"wp:term":[{"taxonomy":"category","embeddable":true,"href":"https:\/\/elregionalvm.com.ar\/noticias-villa-maria\/wp-json\/wp\/v2\/categories?post=73896"},{"taxonomy":"post_tag","embeddable":true,"href":"https:\/\/elregionalvm.com.ar\/noticias-villa-maria\/wp-json\/wp\/v2\/tags?post=73896"}],"curies":[{"name":"wp","href":"https:\/\/api.w.org\/{rel}","templated":true}]}}