{"id":73902,"date":"2023-03-28T21:15:02","date_gmt":"2023-03-28T21:15:02","guid":{"rendered":"https:\/\/elregionalvm.com.ar\/noticias-villa-maria\/?p=73902"},"modified":"2023-03-28T21:15:04","modified_gmt":"2023-03-28T21:15:04","slug":"el-nuevo-caps-con-sede-en-el-hiper-amma-habilita-un-horario-especial-para-vacunacion-de-recien-nacidos","status":"publish","type":"post","link":"https:\/\/elregionalvm.com.ar\/noticias-villa-maria\/el-nuevo-caps-con-sede-en-el-hiper-amma-habilita-un-horario-especial-para-vacunacion-de-recien-nacidos\/","title":{"rendered":"El nuevo CAPS con sede en el H\u00edper Amma habilita un horario especial para vacunaci\u00f3n de reci\u00e9n nacidos"},"content":{"rendered":"\n<p>Tras la inauguraci\u00f3n del nuevo Centro de Atenci\u00f3n Primaria de la Salud (CAPS) con sede en el H\u00edper Amma, se ampl\u00eda la cobertura m\u00e9dica que el municipio ofrece en la ciudad; y puntualmente queda habilitado un nuevo punto de vacunaci\u00f3n, el cual ya comenz\u00f3 a funcionar de 8:00 a 18:0 horas. <\/p>\n\n\n\n<p>Adem\u00e1s, la nueva instituci\u00f3n descentralizada cuenta con un horario especial para la inmunizaci\u00f3n de reci\u00e9n nacidos, los martes y jueves de 8:00 a 13:00 horas.<\/p>\n\n\n\n<p>Entre las pol\u00edticas que lleva adelante el municipio, se destaca en materia sanitaria la posibilidad de trabajar en el territorio, a trav\u00e9s de los 14 CAPS ubicados en diferentes puntos de la ciudad para llegar a todos los vecinos y vecinas de la ciudad. <\/p>\n\n\n\n<p>De esta manera se ofrece una amplia gama de especialidades con un equipo profesional que trabaja de manera interdisciplinaria.<\/p>\n\n\n\n<p>Precisamente, el CAPS n\u00famero 14 cuenta con un vacunatorio que atiende de lunes a viernes de 8:00 a 18:00 horas, agregando una franja horaria especial para reci\u00e9n nacidos, que ser\u00e1 los martes y jueves de 8:00 a 13:00 horas. <\/p>\n\n\n\n<p>Vale recordar que los m\u00e1s peque\u00f1os deben contar con la dosis \u00fanica de BCG y la dosis neonatal de Hepatitis B.<\/p>\n\n\n\n<p> Adem\u00e1s es importante destacar que todas las vacunas correspondientes al Calendario de Vacunaci\u00f3n Nacional son obligatorias y de acceso gratuito para todas las personas.<\/p>\n\n\n\n<p>Por otra parte, en el edificio de la Asistencia P\u00fablica tambi\u00e9n se brindar\u00e1 un horario particular para reci\u00e9n nacidos, que ser\u00e1 los lunes y mi\u00e9rcoles de 8:00 a 13:00 horas.<\/p>\n\n\n\n<p>El servicio de vacunaci\u00f3n resulta esencial para proteger a toda la poblaci\u00f3n de enfermedades vir\u00f3sicas. <\/p>\n\n\n\n<p>Es por ello que la apertura de un nuevo punto de vacunaci\u00f3n permitir\u00e1 reforzar esta l\u00ednea de trabajo preventiva y, puntualmente con la inauguraci\u00f3n del CAPS con sede en el H\u00edper Amma, se alcanzar\u00e1 a la poblaci\u00f3n del sector noroeste de la ciudad.<\/p>\n","protected":false},"excerpt":{"rendered":"<p>Tras la inauguraci\u00f3n del nuevo Centro de Atenci\u00f3n Primaria de la Salud (CAPS) con sede en el H\u00edper Amma, se ampl\u00eda la cobertura m\u00e9dica que el municipio ofrece en la ciudad; y puntualmente queda habilitado un nuevo punto de vacunaci\u00f3n, el cual ya comenz\u00f3 a funcionar de 8:00 a 18:0 horas. Adem\u00e1s, la nueva instituci\u00f3n [&hellip;]<\/p>\n","protected":false},"author":4,"featured_media":73903,"comment_status":"open","ping_status":"open","sticky":false,"template":"","format":"standard","meta":{"site-sidebar-layout":"default","site-content-layout":"","ast-site-content-layout":"default","site-content-style":"default","site-sidebar-style":"default","ast-global-header-display":"","ast-banner-title-visibility":"","ast-main-header-display":"","ast-hfb-above-header-display":"","ast-hfb-below-header-display":"","ast-hfb-mobile-header-display":"","site-post-title":"","ast-breadcrumbs-content":"","ast-featured-img":"","footer-sml-layout":"","ast-disable-related-posts":"","theme-transparent-header-meta":"","adv-header-id-meta":"","stick-header-meta":"","header-above-stick-meta":"","header-main-stick-meta":"","header-below-stick-meta":"","astra-migrate-meta-layouts":"default","ast-page-background-enabled":"default","ast-page-background-meta":{"desktop":{"background-color":"","background-image":"","background-repeat":"repeat","background-position":"center center","background-size":"auto","background-attachment":"scroll","background-type":"","background-media":"","overlay-type":"","overlay-color":"","overlay-opacity":"","overlay-gradient":""},"tablet":{"background-color":"","background-image":"","background-repeat":"repeat","background-position":"center center","background-size":"auto","background-attachment":"scroll","background-type":"","background-media":"","overlay-type":"","overlay-color":"","overlay-opacity":"","overlay-gradient":""},"mobile":{"background-color":"","background-image":"","background-repeat":"repeat","background-position":"center center","background-size":"auto","background-attachment":"scroll","background-type":"","background-media":"","overlay-type":"","overlay-color":"","overlay-opacity":"","overlay-gradient":""}},"ast-content-background-meta":{"desktop":{"background-color":"var(--ast-global-color-5)","background-image":"","background-repeat":"repeat","background-position":"center center","background-size":"auto","background-attachment":"scroll","background-type":"","background-media":"","overlay-type":"","overlay-color":"","overlay-opacity":"","overlay-gradient":""},"tablet":{"background-color":"var(--ast-global-color-5)","background-image":"","background-repeat":"repeat","background-position":"center center","background-size":"auto","background-attachment":"scroll","background-type":"","background-media":"","overlay-type":"","overlay-color":"","overlay-opacity":"","overlay-gradient":""},"mobile":{"background-color":"var(--ast-global-color-5)","background-image":"","background-repeat":"repeat","background-position":"center center","background-size":"auto","background-attachment":"scroll","background-type":"","background-media":"","overlay-type":"","overlay-color":"","overlay-opacity":"","overlay-gradient":""}},"_jetpack_memberships_contains_paid_content":false,"_joinchat":[],"footnotes":""},"categories":[9869,15302,5,2],"tags":[],"class_list":["post-73902","post","type-post","status-publish","format-standard","has-post-thumbnail","hentry","category-buena-vida","category-destacado","category-sociedad","category-villa-maria"],"yoast_head":"<!-- This site is optimized with the Yoast SEO plugin v26.8 - https:\/\/yoast.com\/product\/yoast-seo-wordpress\/ -->\n<title>El nuevo CAPS con sede en el H\u00edper Amma habilita un horario especial para vacunaci\u00f3n de reci\u00e9n nacidos - El Regional<\/title>\n<meta name=\"robots\" content=\"index, follow, max-snippet:-1, max-image-preview:large, max-video-preview:-1\" \/>\n<link rel=\"canonical\" href=\"http:\/\/elregionalvm.com.ar\/noticias-villa-maria\/el-nuevo-caps-con-sede-en-el-hiper-amma-habilita-un-horario-especial-para-vacunacion-de-recien-nacidos\/\" \/>\n<meta property=\"og:locale\" content=\"es_ES\" \/>\n<meta property=\"og:type\" content=\"article\" \/>\n<meta property=\"og:title\" content=\"El nuevo CAPS con sede en el H\u00edper Amma habilita un horario especial para vacunaci\u00f3n de reci\u00e9n nacidos - El Regional\" \/>\n<meta property=\"og:description\" content=\"Tras la inauguraci\u00f3n del nuevo Centro de Atenci\u00f3n Primaria de la Salud (CAPS) con sede en el H\u00edper Amma, se ampl\u00eda la cobertura m\u00e9dica que el municipio ofrece en la ciudad; y puntualmente queda habilitado un nuevo punto de vacunaci\u00f3n, el cual ya comenz\u00f3 a funcionar de 8:00 a 18:0 horas. Adem\u00e1s, la nueva instituci\u00f3n [&hellip;]\" \/>\n<meta property=\"og:url\" content=\"http:\/\/elregionalvm.com.ar\/noticias-villa-maria\/el-nuevo-caps-con-sede-en-el-hiper-amma-habilita-un-horario-especial-para-vacunacion-de-recien-nacidos\/\" \/>\n<meta property=\"og:site_name\" content=\"El Regional\" \/>\n<meta property=\"article:publisher\" content=\"https:\/\/www.facebook.com\/elregionalvm\" \/>\n<meta property=\"article:published_time\" content=\"2023-03-28T21:15:02+00:00\" \/>\n<meta property=\"article:modified_time\" content=\"2023-03-28T21:15:04+00:00\" \/>\n<meta property=\"og:image\" content=\"http:\/\/elregionalvm.com.ar\/noticias-villa-maria\/wp-content\/uploads\/2023\/03\/14226893039d86f991ae501b2f52b244.jpg\" \/>\n\t<meta property=\"og:image:width\" content=\"848\" \/>\n\t<meta property=\"og:image:height\" content=\"564\" \/>\n\t<meta property=\"og:image:type\" content=\"image\/jpeg\" \/>\n<meta name=\"author\" content=\"Contenidos El Regional\" \/>\n<meta name=\"twitter:card\" content=\"summary_large_image\" \/>\n<meta name=\"twitter:creator\" content=\"@elregionalvm1\" \/>\n<meta name=\"twitter:site\" content=\"@elregionalvm1\" \/>\n<meta name=\"twitter:label1\" content=\"Escrito por\" \/>\n\t<meta name=\"twitter:data1\" content=\"Contenidos El Regional\" \/>\n\t<meta name=\"twitter:label2\" content=\"Tiempo de lectura\" \/>\n\t<meta name=\"twitter:data2\" content=\"2 minutos\" \/>\n<script type=\"application\/ld+json\" class=\"yoast-schema-graph\">{\"@context\":\"https:\/\/schema.org\",\"@graph\":[{\"@type\":\"Article\",\"@id\":\"http:\/\/elregionalvm.com.ar\/noticias-villa-maria\/el-nuevo-caps-con-sede-en-el-hiper-amma-habilita-un-horario-especial-para-vacunacion-de-recien-nacidos\/#article\",\"isPartOf\":{\"@id\":\"http:\/\/elregionalvm.com.ar\/noticias-villa-maria\/el-nuevo-caps-con-sede-en-el-hiper-amma-habilita-un-horario-especial-para-vacunacion-de-recien-nacidos\/\"},\"author\":{\"name\":\"Contenidos El Regional\",\"@id\":\"http:\/\/elregionalvm.com.ar\/noticias-villa-maria\/#\/schema\/person\/a0fb9c422317faca23d50163151bc354\"},\"headline\":\"El nuevo CAPS con sede en el H\u00edper Amma habilita un horario especial para vacunaci\u00f3n de reci\u00e9n nacidos\",\"datePublished\":\"2023-03-28T21:15:02+00:00\",\"dateModified\":\"2023-03-28T21:15:04+00:00\",\"mainEntityOfPage\":{\"@id\":\"http:\/\/elregionalvm.com.ar\/noticias-villa-maria\/el-nuevo-caps-con-sede-en-el-hiper-amma-habilita-un-horario-especial-para-vacunacion-de-recien-nacidos\/\"},\"wordCount\":350,\"commentCount\":0,\"image\":{\"@id\":\"http:\/\/elregionalvm.com.ar\/noticias-villa-maria\/el-nuevo-caps-con-sede-en-el-hiper-amma-habilita-un-horario-especial-para-vacunacion-de-recien-nacidos\/#primaryimage\"},\"thumbnailUrl\":\"https:\/\/i0.wp.com\/elregionalvm.com.ar\/noticias-villa-maria\/wp-content\/uploads\/2023\/03\/14226893039d86f991ae501b2f52b244.jpg?fit=848%2C564&ssl=1\",\"articleSection\":[\"Buena vida\",\"destacado\",\"Sociedad\",\"Villa Mar\u00eda\"],\"inLanguage\":\"es\",\"potentialAction\":[{\"@type\":\"CommentAction\",\"name\":\"Comment\",\"target\":[\"http:\/\/elregionalvm.com.ar\/noticias-villa-maria\/el-nuevo-caps-con-sede-en-el-hiper-amma-habilita-un-horario-especial-para-vacunacion-de-recien-nacidos\/#respond\"]}]},{\"@type\":\"WebPage\",\"@id\":\"http:\/\/elregionalvm.com.ar\/noticias-villa-maria\/el-nuevo-caps-con-sede-en-el-hiper-amma-habilita-un-horario-especial-para-vacunacion-de-recien-nacidos\/\",\"url\":\"http:\/\/elregionalvm.com.ar\/noticias-villa-maria\/el-nuevo-caps-con-sede-en-el-hiper-amma-habilita-un-horario-especial-para-vacunacion-de-recien-nacidos\/\",\"name\":\"El nuevo CAPS con sede en el H\u00edper Amma habilita un horario especial para vacunaci\u00f3n de reci\u00e9n nacidos - El Regional\",\"isPartOf\":{\"@id\":\"http:\/\/elregionalvm.com.ar\/noticias-villa-maria\/#website\"},\"primaryImageOfPage\":{\"@id\":\"http:\/\/elregionalvm.com.ar\/noticias-villa-maria\/el-nuevo-caps-con-sede-en-el-hiper-amma-habilita-un-horario-especial-para-vacunacion-de-recien-nacidos\/#primaryimage\"},\"image\":{\"@id\":\"http:\/\/elregionalvm.com.ar\/noticias-villa-maria\/el-nuevo-caps-con-sede-en-el-hiper-amma-habilita-un-horario-especial-para-vacunacion-de-recien-nacidos\/#primaryimage\"},\"thumbnailUrl\":\"https:\/\/i0.wp.com\/elregionalvm.com.ar\/noticias-villa-maria\/wp-content\/uploads\/2023\/03\/14226893039d86f991ae501b2f52b244.jpg?fit=848%2C564&ssl=1\",\"datePublished\":\"2023-03-28T21:15:02+00:00\",\"dateModified\":\"2023-03-28T21:15:04+00:00\",\"author\":{\"@id\":\"http:\/\/elregionalvm.com.ar\/noticias-villa-maria\/#\/schema\/person\/a0fb9c422317faca23d50163151bc354\"},\"breadcrumb\":{\"@id\":\"http:\/\/elregionalvm.com.ar\/noticias-villa-maria\/el-nuevo-caps-con-sede-en-el-hiper-amma-habilita-un-horario-especial-para-vacunacion-de-recien-nacidos\/#breadcrumb\"},\"inLanguage\":\"es\",\"potentialAction\":[{\"@type\":\"ReadAction\",\"target\":[\"http:\/\/elregionalvm.com.ar\/noticias-villa-maria\/el-nuevo-caps-con-sede-en-el-hiper-amma-habilita-un-horario-especial-para-vacunacion-de-recien-nacidos\/\"]}]},{\"@type\":\"ImageObject\",\"inLanguage\":\"es\",\"@id\":\"http:\/\/elregionalvm.com.ar\/noticias-villa-maria\/el-nuevo-caps-con-sede-en-el-hiper-amma-habilita-un-horario-especial-para-vacunacion-de-recien-nacidos\/#primaryimage\",\"url\":\"https:\/\/i0.wp.com\/elregionalvm.com.ar\/noticias-villa-maria\/wp-content\/uploads\/2023\/03\/14226893039d86f991ae501b2f52b244.jpg?fit=848%2C564&ssl=1\",\"contentUrl\":\"https:\/\/i0.wp.com\/elregionalvm.com.ar\/noticias-villa-maria\/wp-content\/uploads\/2023\/03\/14226893039d86f991ae501b2f52b244.jpg?fit=848%2C564&ssl=1\",\"width\":848,\"height\":564},{\"@type\":\"BreadcrumbList\",\"@id\":\"http:\/\/elregionalvm.com.ar\/noticias-villa-maria\/el-nuevo-caps-con-sede-en-el-hiper-amma-habilita-un-horario-especial-para-vacunacion-de-recien-nacidos\/#breadcrumb\",\"itemListElement\":[{\"@type\":\"ListItem\",\"position\":1,\"name\":\"Portada\",\"item\":\"https:\/\/elregionalvm.com.ar\/noticias-villa-maria\/\"},{\"@type\":\"ListItem\",\"position\":2,\"name\":\"El nuevo CAPS con sede en el H\u00edper Amma habilita un horario especial para vacunaci\u00f3n de reci\u00e9n nacidos\"}]},{\"@type\":\"WebSite\",\"@id\":\"http:\/\/elregionalvm.com.ar\/noticias-villa-maria\/#website\",\"url\":\"http:\/\/elregionalvm.com.ar\/noticias-villa-maria\/\",\"name\":\"El Regional\",\"description\":\"Mucho m\u00e1s que informaci\u00f3n\",\"potentialAction\":[{\"@type\":\"SearchAction\",\"target\":{\"@type\":\"EntryPoint\",\"urlTemplate\":\"http:\/\/elregionalvm.com.ar\/noticias-villa-maria\/?s={search_term_string}\"},\"query-input\":{\"@type\":\"PropertyValueSpecification\",\"valueRequired\":true,\"valueName\":\"search_term_string\"}}],\"inLanguage\":\"es\"},{\"@type\":\"Person\",\"@id\":\"http:\/\/elregionalvm.com.ar\/noticias-villa-maria\/#\/schema\/person\/a0fb9c422317faca23d50163151bc354\",\"name\":\"Contenidos El Regional\",\"image\":{\"@type\":\"ImageObject\",\"inLanguage\":\"es\",\"@id\":\"http:\/\/elregionalvm.com.ar\/noticias-villa-maria\/#\/schema\/person\/image\/\",\"url\":\"https:\/\/secure.gravatar.com\/avatar\/265b27cb2209af7bb3a1318f03305787d7981a5cc6e6cd08fe5a4ecdf99d4b48?s=96&d=mm&r=g\",\"contentUrl\":\"https:\/\/secure.gravatar.com\/avatar\/265b27cb2209af7bb3a1318f03305787d7981a5cc6e6cd08fe5a4ecdf99d4b48?s=96&d=mm&r=g\",\"caption\":\"Contenidos El Regional\"},\"url\":\"https:\/\/elregionalvm.com.ar\/noticias-villa-maria\/author\/contenido\/\"}]}<\/script>\n<!-- \/ Yoast SEO plugin. -->","yoast_head_json":{"title":"El nuevo CAPS con sede en el H\u00edper Amma habilita un horario especial para vacunaci\u00f3n de reci\u00e9n nacidos - El Regional","robots":{"index":"index","follow":"follow","max-snippet":"max-snippet:-1","max-image-preview":"max-image-preview:large","max-video-preview":"max-video-preview:-1"},"canonical":"http:\/\/elregionalvm.com.ar\/noticias-villa-maria\/el-nuevo-caps-con-sede-en-el-hiper-amma-habilita-un-horario-especial-para-vacunacion-de-recien-nacidos\/","og_locale":"es_ES","og_type":"article","og_title":"El nuevo CAPS con sede en el H\u00edper Amma habilita un horario especial para vacunaci\u00f3n de reci\u00e9n nacidos - El Regional","og_description":"Tras la inauguraci\u00f3n del nuevo Centro de Atenci\u00f3n Primaria de la Salud (CAPS) con sede en el H\u00edper Amma, se ampl\u00eda la cobertura m\u00e9dica que el municipio ofrece en la ciudad; y puntualmente queda habilitado un nuevo punto de vacunaci\u00f3n, el cual ya comenz\u00f3 a funcionar de 8:00 a 18:0 horas. Adem\u00e1s, la nueva instituci\u00f3n [&hellip;]","og_url":"http:\/\/elregionalvm.com.ar\/noticias-villa-maria\/el-nuevo-caps-con-sede-en-el-hiper-amma-habilita-un-horario-especial-para-vacunacion-de-recien-nacidos\/","og_site_name":"El Regional","article_publisher":"https:\/\/www.facebook.com\/elregionalvm","article_published_time":"2023-03-28T21:15:02+00:00","article_modified_time":"2023-03-28T21:15:04+00:00","og_image":[{"width":848,"height":564,"url":"http:\/\/elregionalvm.com.ar\/noticias-villa-maria\/wp-content\/uploads\/2023\/03\/14226893039d86f991ae501b2f52b244.jpg","type":"image\/jpeg"}],"author":"Contenidos El Regional","twitter_card":"summary_large_image","twitter_creator":"@elregionalvm1","twitter_site":"@elregionalvm1","twitter_misc":{"Escrito por":"Contenidos El Regional","Tiempo de lectura":"2 minutos"},"schema":{"@context":"https:\/\/schema.org","@graph":[{"@type":"Article","@id":"http:\/\/elregionalvm.com.ar\/noticias-villa-maria\/el-nuevo-caps-con-sede-en-el-hiper-amma-habilita-un-horario-especial-para-vacunacion-de-recien-nacidos\/#article","isPartOf":{"@id":"http:\/\/elregionalvm.com.ar\/noticias-villa-maria\/el-nuevo-caps-con-sede-en-el-hiper-amma-habilita-un-horario-especial-para-vacunacion-de-recien-nacidos\/"},"author":{"name":"Contenidos El Regional","@id":"http:\/\/elregionalvm.com.ar\/noticias-villa-maria\/#\/schema\/person\/a0fb9c422317faca23d50163151bc354"},"headline":"El nuevo CAPS con sede en el H\u00edper Amma habilita un horario especial para vacunaci\u00f3n de reci\u00e9n nacidos","datePublished":"2023-03-28T21:15:02+00:00","dateModified":"2023-03-28T21:15:04+00:00","mainEntityOfPage":{"@id":"http:\/\/elregionalvm.com.ar\/noticias-villa-maria\/el-nuevo-caps-con-sede-en-el-hiper-amma-habilita-un-horario-especial-para-vacunacion-de-recien-nacidos\/"},"wordCount":350,"commentCount":0,"image":{"@id":"http:\/\/elregionalvm.com.ar\/noticias-villa-maria\/el-nuevo-caps-con-sede-en-el-hiper-amma-habilita-un-horario-especial-para-vacunacion-de-recien-nacidos\/#primaryimage"},"thumbnailUrl":"https:\/\/i0.wp.com\/elregionalvm.com.ar\/noticias-villa-maria\/wp-content\/uploads\/2023\/03\/14226893039d86f991ae501b2f52b244.jpg?fit=848%2C564&ssl=1","articleSection":["Buena vida","destacado","Sociedad","Villa Mar\u00eda"],"inLanguage":"es","potentialAction":[{"@type":"CommentAction","name":"Comment","target":["http:\/\/elregionalvm.com.ar\/noticias-villa-maria\/el-nuevo-caps-con-sede-en-el-hiper-amma-habilita-un-horario-especial-para-vacunacion-de-recien-nacidos\/#respond"]}]},{"@type":"WebPage","@id":"http:\/\/elregionalvm.com.ar\/noticias-villa-maria\/el-nuevo-caps-con-sede-en-el-hiper-amma-habilita-un-horario-especial-para-vacunacion-de-recien-nacidos\/","url":"http:\/\/elregionalvm.com.ar\/noticias-villa-maria\/el-nuevo-caps-con-sede-en-el-hiper-amma-habilita-un-horario-especial-para-vacunacion-de-recien-nacidos\/","name":"El nuevo CAPS con sede en el H\u00edper Amma habilita un horario especial para vacunaci\u00f3n de reci\u00e9n nacidos - El Regional","isPartOf":{"@id":"http:\/\/elregionalvm.com.ar\/noticias-villa-maria\/#website"},"primaryImageOfPage":{"@id":"http:\/\/elregionalvm.com.ar\/noticias-villa-maria\/el-nuevo-caps-con-sede-en-el-hiper-amma-habilita-un-horario-especial-para-vacunacion-de-recien-nacidos\/#primaryimage"},"image":{"@id":"http:\/\/elregionalvm.com.ar\/noticias-villa-maria\/el-nuevo-caps-con-sede-en-el-hiper-amma-habilita-un-horario-especial-para-vacunacion-de-recien-nacidos\/#primaryimage"},"thumbnailUrl":"https:\/\/i0.wp.com\/elregionalvm.com.ar\/noticias-villa-maria\/wp-content\/uploads\/2023\/03\/14226893039d86f991ae501b2f52b244.jpg?fit=848%2C564&ssl=1","datePublished":"2023-03-28T21:15:02+00:00","dateModified":"2023-03-28T21:15:04+00:00","author":{"@id":"http:\/\/elregionalvm.com.ar\/noticias-villa-maria\/#\/schema\/person\/a0fb9c422317faca23d50163151bc354"},"breadcrumb":{"@id":"http:\/\/elregionalvm.com.ar\/noticias-villa-maria\/el-nuevo-caps-con-sede-en-el-hiper-amma-habilita-un-horario-especial-para-vacunacion-de-recien-nacidos\/#breadcrumb"},"inLanguage":"es","potentialAction":[{"@type":"ReadAction","target":["http:\/\/elregionalvm.com.ar\/noticias-villa-maria\/el-nuevo-caps-con-sede-en-el-hiper-amma-habilita-un-horario-especial-para-vacunacion-de-recien-nacidos\/"]}]},{"@type":"ImageObject","inLanguage":"es","@id":"http:\/\/elregionalvm.com.ar\/noticias-villa-maria\/el-nuevo-caps-con-sede-en-el-hiper-amma-habilita-un-horario-especial-para-vacunacion-de-recien-nacidos\/#primaryimage","url":"https:\/\/i0.wp.com\/elregionalvm.com.ar\/noticias-villa-maria\/wp-content\/uploads\/2023\/03\/14226893039d86f991ae501b2f52b244.jpg?fit=848%2C564&ssl=1","contentUrl":"https:\/\/i0.wp.com\/elregionalvm.com.ar\/noticias-villa-maria\/wp-content\/uploads\/2023\/03\/14226893039d86f991ae501b2f52b244.jpg?fit=848%2C564&ssl=1","width":848,"height":564},{"@type":"BreadcrumbList","@id":"http:\/\/elregionalvm.com.ar\/noticias-villa-maria\/el-nuevo-caps-con-sede-en-el-hiper-amma-habilita-un-horario-especial-para-vacunacion-de-recien-nacidos\/#breadcrumb","itemListElement":[{"@type":"ListItem","position":1,"name":"Portada","item":"https:\/\/elregionalvm.com.ar\/noticias-villa-maria\/"},{"@type":"ListItem","position":2,"name":"El nuevo CAPS con sede en el H\u00edper Amma habilita un horario especial para vacunaci\u00f3n de reci\u00e9n nacidos"}]},{"@type":"WebSite","@id":"http:\/\/elregionalvm.com.ar\/noticias-villa-maria\/#website","url":"http:\/\/elregionalvm.com.ar\/noticias-villa-maria\/","name":"El Regional","description":"Mucho m\u00e1s que informaci\u00f3n","potentialAction":[{"@type":"SearchAction","target":{"@type":"EntryPoint","urlTemplate":"http:\/\/elregionalvm.com.ar\/noticias-villa-maria\/?s={search_term_string}"},"query-input":{"@type":"PropertyValueSpecification","valueRequired":true,"valueName":"search_term_string"}}],"inLanguage":"es"},{"@type":"Person","@id":"http:\/\/elregionalvm.com.ar\/noticias-villa-maria\/#\/schema\/person\/a0fb9c422317faca23d50163151bc354","name":"Contenidos El Regional","image":{"@type":"ImageObject","inLanguage":"es","@id":"http:\/\/elregionalvm.com.ar\/noticias-villa-maria\/#\/schema\/person\/image\/","url":"https:\/\/secure.gravatar.com\/avatar\/265b27cb2209af7bb3a1318f03305787d7981a5cc6e6cd08fe5a4ecdf99d4b48?s=96&d=mm&r=g","contentUrl":"https:\/\/secure.gravatar.com\/avatar\/265b27cb2209af7bb3a1318f03305787d7981a5cc6e6cd08fe5a4ecdf99d4b48?s=96&d=mm&r=g","caption":"Contenidos El Regional"},"url":"https:\/\/elregionalvm.com.ar\/noticias-villa-maria\/author\/contenido\/"}]}},"jetpack_featured_media_url":"https:\/\/i0.wp.com\/elregionalvm.com.ar\/noticias-villa-maria\/wp-content\/uploads\/2023\/03\/14226893039d86f991ae501b2f52b244.jpg?fit=848%2C564&ssl=1","jetpack_sharing_enabled":true,"_links":{"self":[{"href":"https:\/\/elregionalvm.com.ar\/noticias-villa-maria\/wp-json\/wp\/v2\/posts\/73902","targetHints":{"allow":["GET"]}}],"collection":[{"href":"https:\/\/elregionalvm.com.ar\/noticias-villa-maria\/wp-json\/wp\/v2\/posts"}],"about":[{"href":"https:\/\/elregionalvm.com.ar\/noticias-villa-maria\/wp-json\/wp\/v2\/types\/post"}],"author":[{"embeddable":true,"href":"https:\/\/elregionalvm.com.ar\/noticias-villa-maria\/wp-json\/wp\/v2\/users\/4"}],"replies":[{"embeddable":true,"href":"https:\/\/elregionalvm.com.ar\/noticias-villa-maria\/wp-json\/wp\/v2\/comments?post=73902"}],"version-history":[{"count":1,"href":"https:\/\/elregionalvm.com.ar\/noticias-villa-maria\/wp-json\/wp\/v2\/posts\/73902\/revisions"}],"predecessor-version":[{"id":73904,"href":"https:\/\/elregionalvm.com.ar\/noticias-villa-maria\/wp-json\/wp\/v2\/posts\/73902\/revisions\/73904"}],"wp:featuredmedia":[{"embeddable":true,"href":"https:\/\/elregionalvm.com.ar\/noticias-villa-maria\/wp-json\/wp\/v2\/media\/73903"}],"wp:attachment":[{"href":"https:\/\/elregionalvm.com.ar\/noticias-villa-maria\/wp-json\/wp\/v2\/media?parent=73902"}],"wp:term":[{"taxonomy":"category","embeddable":true,"href":"https:\/\/elregionalvm.com.ar\/noticias-villa-maria\/wp-json\/wp\/v2\/categories?post=73902"},{"taxonomy":"post_tag","embeddable":true,"href":"https:\/\/elregionalvm.com.ar\/noticias-villa-maria\/wp-json\/wp\/v2\/tags?post=73902"}],"curies":[{"name":"wp","href":"https:\/\/api.w.org\/{rel}","templated":true}]}}