{"id":73945,"date":"2023-03-29T14:23:55","date_gmt":"2023-03-29T14:23:55","guid":{"rendered":"https:\/\/elregionalvm.com.ar\/noticias-villa-maria\/?p=73945"},"modified":"2023-03-29T14:23:57","modified_gmt":"2023-03-29T14:23:57","slug":"mira-como-quedo-la-plaza-espana-de-cordoba-ahora-luce-totalmente-recuperada","status":"publish","type":"post","link":"https:\/\/elregionalvm.com.ar\/noticias-villa-maria\/mira-como-quedo-la-plaza-espana-de-cordoba-ahora-luce-totalmente-recuperada\/","title":{"rendered":"Mir\u00e1 c\u00f3mo qued\u00f3: La Plaza Espa\u00f1a de C\u00f3rdoba ahora luce totalmente recuperada"},"content":{"rendered":"\n<p><\/p>\n\n\n\n<h3 class=\"wp-block-heading\"><strong>La Municipalidad de C\u00f3rdoba finaliz\u00f3 las obras del plan de remediaci\u00f3n que debi\u00f3 ejecutar para subsanar graves falencias. En el subsuelo de la monumental obra funcionar\u00e1 el Museo Metropolitano de Arte Urbano.<\/strong><\/h3>\n\n\n\n<p><\/p>\n\n\n\n<p>El t\u00e9rmino \u201celefante blanco\u201d refiere a aquellas obras arquitect\u00f3nicas en donde la administraci\u00f3n p\u00fablica destina recursos o capital humano a una edificaci\u00f3n que queda inconclusa.<\/p>\n\n\n\n<p>Esa era desde hace a\u00f1os la definici\u00f3n que m\u00e1s se ajustaba a la realidad de la Plaza Espa\u00f1a, espacio p\u00fablico que fue cerrado a principios de 2018 para la realizaci\u00f3n de obras de infraestructura.&nbsp;<\/p>\n\n\n\n<p>Su apresurada inauguraci\u00f3n por parte de la gesti\u00f3n anterior a fines de 2019 origin\u00f3 innumerables y graves problemas estructurales lo que provoc\u00f3 hundimientos y posteriores filtraciones de agua de lluvia en las instalaciones.<\/p>\n\n\n\n<p>Por tal motivo, la gesti\u00f3n del intendente Mart\u00edn Llaryora debi\u00f3 planificar, dise\u00f1ar y ejecutar un in\u00e9dito plan de remediaci\u00f3n que alcanz\u00f3 a todos los sectores de la plaza.<\/p>\n\n\n\n<p>La empresa constructora debi\u00f3 afrontar entonces los gastos econ\u00f3micos y destinar los recursos humanos necesarios para refuncionalizar este espacio.<\/p>\n\n\n\n<p>Al respecto, Llaryora durante la inauguraci\u00f3n manifest\u00f3: \u00abEstoy muy contento despu\u00e9s de tanto tiempo de trabajo, de esfuerzo, poder estar en este lugar recuperado para los vecinos, especialmente para el arte urbano, metropolitano, para la gente joven\u201d.<\/p>\n\n\n\n<p><\/p>\n\n\n\n<figure class=\"wp-block-image size-full\"><img data-recalc-dims=\"1\" fetchpriority=\"high\" decoding=\"async\" width=\"1000\" height=\"666\" src=\"https:\/\/i0.wp.com\/elregionalvm.com.ar\/noticias-villa-maria\/wp-content\/uploads\/2023\/03\/Llaryora-Plaza-Espana.jpeg?resize=1000%2C666&#038;ssl=1\" alt=\"\" class=\"wp-image-73949\" srcset=\"https:\/\/i0.wp.com\/elregionalvm.com.ar\/noticias-villa-maria\/wp-content\/uploads\/2023\/03\/Llaryora-Plaza-Espana.jpeg?w=1000&amp;ssl=1 1000w, https:\/\/i0.wp.com\/elregionalvm.com.ar\/noticias-villa-maria\/wp-content\/uploads\/2023\/03\/Llaryora-Plaza-Espana.jpeg?resize=300%2C200&amp;ssl=1 300w, https:\/\/i0.wp.com\/elregionalvm.com.ar\/noticias-villa-maria\/wp-content\/uploads\/2023\/03\/Llaryora-Plaza-Espana.jpeg?resize=768%2C511&amp;ssl=1 768w\" sizes=\"(max-width: 1000px) 100vw, 1000px\" \/><\/figure>\n\n\n\n<p><\/p>\n\n\n\n<p>\u201cY agreg\u00f3: \u201cFrente a esta situaci\u00f3n de abandono, nuestro compromiso fue dejar las mezquindades de lado y tomamos las obras empezadas por una intendencia anterior como lo es tambi\u00e9n el Teatro Comedia que se hab\u00eda incendiado o como el Concejo Deliberante, ambas vienen avanzando para terminar con esta desidia y ponerlo al disfrute de los vecinos, devolvi\u00e9ndole a los cordobeses algo que por mucho tiempo se les hab\u00eda privado\u00bb.<\/p>\n\n\n\n<p>En tanto, el intendente de la capital provincial anuncio, tambi\u00e9n: \u201cAbajo, en el subsuelo, funcionar\u00e1 un hermoso Museo de Arte Urbano Metropolitano que hoy le entregaremos a la Secretar\u00eda de Cultura y creemos que en 4 o 5 meses ya vamos a poder tener las primeras exposiciones\u00bb.<\/p>\n\n\n\n<p><strong>Recuperaci\u00f3n completa<\/strong><\/p>\n\n\n\n<p>La flamante Plaza Espa\u00f1a luce renovada. Las intervenciones incluyeron importantes arreglos en el techo ya que ingresaba agua hasta el subsuelo. Para &nbsp;su recuperaci\u00f3n fue necesario levantar cada una de las m\u00e1s de 200 placas de vidrio que lo componen.&nbsp;<\/p>\n\n\n\n<p>Junto con la recolocaci\u00f3n del piso se instal\u00f3 un sistema de canaletas y se realiz\u00f3 el sellado de fisuras. Tambi\u00e9n fueron recuperados y restaurados en la superficie, los 16 t\u00f3tems escult\u00f3ricos caracter\u00edsticos de la plaza. Adem\u00e1s, se construyeron veredas y rampas de accesibilidad, se coloc\u00f3 un nuevo sistema de riego por aspersi\u00f3n y se recuperaron las fuentes de agua, que ahora cuentan con luces subacu\u00e1ticas y m\u00e1s de 2500 picos.\u00a0\u00a0<\/p>\n\n\n\n<p><\/p>\n\n\n\n<figure class=\"wp-block-image size-full\"><img data-recalc-dims=\"1\" decoding=\"async\" width=\"1000\" height=\"563\" src=\"https:\/\/i0.wp.com\/elregionalvm.com.ar\/noticias-villa-maria\/wp-content\/uploads\/2023\/03\/Plaza-Espana-2.jpeg?resize=1000%2C563&#038;ssl=1\" alt=\"\" class=\"wp-image-73947\" srcset=\"https:\/\/i0.wp.com\/elregionalvm.com.ar\/noticias-villa-maria\/wp-content\/uploads\/2023\/03\/Plaza-Espana-2.jpeg?w=1000&amp;ssl=1 1000w, https:\/\/i0.wp.com\/elregionalvm.com.ar\/noticias-villa-maria\/wp-content\/uploads\/2023\/03\/Plaza-Espana-2.jpeg?resize=300%2C169&amp;ssl=1 300w, https:\/\/i0.wp.com\/elregionalvm.com.ar\/noticias-villa-maria\/wp-content\/uploads\/2023\/03\/Plaza-Espana-2.jpeg?resize=768%2C432&amp;ssl=1 768w\" sizes=\"(max-width: 1000px) 100vw, 1000px\" \/><\/figure>\n\n\n\n<p><\/p>\n\n\n\n<p>Tambi\u00e9n se desarrollaron tareas en el subsuelo: se aplic\u00f3 revestimiento en todas las paredes y el techo; se colocaron luces especialmente dise\u00f1adas, a lo que se sumaron obras en el ascensor, la escalera caracol y la instalaci\u00f3n de un sistema de refrigeraci\u00f3n y de alarmas antiincendios.<\/p>\n\n\n\n<p><strong>Museo Metropolitano de Arte Urbano<\/strong><\/p>\n\n\n\n<p>El nuevo museo albergar\u00e1 exposiciones, congresos, ciclos de m\u00fasica, conferencias y convenciones vinculadas a las expresiones urbanas, las nuevas tecnolog\u00edas y el arte digital.<\/p>\n\n\n\n<p>Cabe destacar que en este sector de la ciudad recupera su valor, como parte del patrimonio de la zona c\u00e9ntrica, junto con la Supermanzana del Buen Pastor, el Cantero Central del Bv. Chacabuco, la Plaza de las Am\u00e9ricas -que tambi\u00e9n est\u00e1 siendo renovada-, las bicisendas sobre Av. Hip\u00f3lito Yrigoyen y Bv. Chacabuco, la obra de recuperaci\u00f3n del Mercado Sud y la futura Ciclov\u00eda Elevada, todas obras impulsadas por la gesti\u00f3n actual.<\/p>\n","protected":false},"excerpt":{"rendered":"<p>La Municipalidad de C\u00f3rdoba finaliz\u00f3 las obras del plan de remediaci\u00f3n que debi\u00f3 ejecutar para subsanar graves falencias. En el subsuelo de la monumental obra funcionar\u00e1 el Museo Metropolitano de Arte Urbano. El t\u00e9rmino \u201celefante blanco\u201d refiere a aquellas obras arquitect\u00f3nicas en donde la administraci\u00f3n p\u00fablica destina recursos o capital humano a una edificaci\u00f3n que [&hellip;]<\/p>\n","protected":false},"author":6,"featured_media":73948,"comment_status":"open","ping_status":"open","sticky":false,"template":"","format":"standard","meta":{"site-sidebar-layout":"default","site-content-layout":"","ast-site-content-layout":"default","site-content-style":"default","site-sidebar-style":"default","ast-global-header-display":"","ast-banner-title-visibility":"","ast-main-header-display":"","ast-hfb-above-header-display":"","ast-hfb-below-header-display":"","ast-hfb-mobile-header-display":"","site-post-title":"","ast-breadcrumbs-content":"","ast-featured-img":"","footer-sml-layout":"","ast-disable-related-posts":"","theme-transparent-header-meta":"","adv-header-id-meta":"","stick-header-meta":"","header-above-stick-meta":"","header-main-stick-meta":"","header-below-stick-meta":"","astra-migrate-meta-layouts":"default","ast-page-background-enabled":"default","ast-page-background-meta":{"desktop":{"background-color":"","background-image":"","background-repeat":"repeat","background-position":"center center","background-size":"auto","background-attachment":"scroll","background-type":"","background-media":"","overlay-type":"","overlay-color":"","overlay-opacity":"","overlay-gradient":""},"tablet":{"background-color":"","background-image":"","background-repeat":"repeat","background-position":"center center","background-size":"auto","background-attachment":"scroll","background-type":"","background-media":"","overlay-type":"","overlay-color":"","overlay-opacity":"","overlay-gradient":""},"mobile":{"background-color":"","background-image":"","background-repeat":"repeat","background-position":"center center","background-size":"auto","background-attachment":"scroll","background-type":"","background-media":"","overlay-type":"","overlay-color":"","overlay-opacity":"","overlay-gradient":""}},"ast-content-background-meta":{"desktop":{"background-color":"var(--ast-global-color-5)","background-image":"","background-repeat":"repeat","background-position":"center center","background-size":"auto","background-attachment":"scroll","background-type":"","background-media":"","overlay-type":"","overlay-color":"","overlay-opacity":"","overlay-gradient":""},"tablet":{"background-color":"var(--ast-global-color-5)","background-image":"","background-repeat":"repeat","background-position":"center center","background-size":"auto","background-attachment":"scroll","background-type":"","background-media":"","overlay-type":"","overlay-color":"","overlay-opacity":"","overlay-gradient":""},"mobile":{"background-color":"var(--ast-global-color-5)","background-image":"","background-repeat":"repeat","background-position":"center center","background-size":"auto","background-attachment":"scroll","background-type":"","background-media":"","overlay-type":"","overlay-color":"","overlay-opacity":"","overlay-gradient":""}},"_jetpack_memberships_contains_paid_content":false,"_joinchat":[],"footnotes":""},"categories":[15302,16095],"tags":[22002,322,3232,16022,22001,22000,3929],"class_list":["post-73945","post","type-post","status-publish","format-standard","has-post-thumbnail","hentry","category-destacado","category-provinciales","tag-arte-urbano","tag-cordoba","tag-inauguracion","tag-martin-llaryora","tag-museo-metropolitano","tag-plaza-espana","tag-recuperacion"],"yoast_head":"<!-- This site is optimized with the Yoast SEO plugin v26.8 - https:\/\/yoast.com\/product\/yoast-seo-wordpress\/ -->\n<title>Mir\u00e1 c\u00f3mo qued\u00f3: La Plaza Espa\u00f1a de C\u00f3rdoba ahora luce totalmente recuperada - El Regional<\/title>\n<meta name=\"robots\" content=\"index, follow, max-snippet:-1, max-image-preview:large, max-video-preview:-1\" \/>\n<link rel=\"canonical\" href=\"http:\/\/elregionalvm.com.ar\/noticias-villa-maria\/mira-como-quedo-la-plaza-espana-de-cordoba-ahora-luce-totalmente-recuperada\/\" \/>\n<meta property=\"og:locale\" content=\"es_ES\" \/>\n<meta property=\"og:type\" content=\"article\" \/>\n<meta property=\"og:title\" content=\"Mir\u00e1 c\u00f3mo qued\u00f3: La Plaza Espa\u00f1a de C\u00f3rdoba ahora luce totalmente recuperada - El Regional\" \/>\n<meta property=\"og:description\" content=\"La Municipalidad de C\u00f3rdoba finaliz\u00f3 las obras del plan de remediaci\u00f3n que debi\u00f3 ejecutar para subsanar graves falencias. En el subsuelo de la monumental obra funcionar\u00e1 el Museo Metropolitano de Arte Urbano. El t\u00e9rmino \u201celefante blanco\u201d refiere a aquellas obras arquitect\u00f3nicas en donde la administraci\u00f3n p\u00fablica destina recursos o capital humano a una edificaci\u00f3n que [&hellip;]\" \/>\n<meta property=\"og:url\" content=\"http:\/\/elregionalvm.com.ar\/noticias-villa-maria\/mira-como-quedo-la-plaza-espana-de-cordoba-ahora-luce-totalmente-recuperada\/\" \/>\n<meta property=\"og:site_name\" content=\"El Regional\" \/>\n<meta property=\"article:publisher\" content=\"https:\/\/www.facebook.com\/elregionalvm\" \/>\n<meta property=\"article:published_time\" content=\"2023-03-29T14:23:55+00:00\" \/>\n<meta property=\"article:modified_time\" content=\"2023-03-29T14:23:57+00:00\" \/>\n<meta property=\"og:image\" content=\"http:\/\/elregionalvm.com.ar\/noticias-villa-maria\/wp-content\/uploads\/2023\/03\/Plaza-Espana.jpeg\" \/>\n\t<meta property=\"og:image:width\" content=\"1000\" \/>\n\t<meta property=\"og:image:height\" content=\"563\" \/>\n\t<meta property=\"og:image:type\" content=\"image\/jpeg\" \/>\n<meta name=\"author\" content=\"Germ\u00e1n Giacchero\" \/>\n<meta name=\"twitter:card\" content=\"summary_large_image\" \/>\n<meta name=\"twitter:creator\" content=\"@elregionalvm1\" \/>\n<meta name=\"twitter:site\" content=\"@elregionalvm1\" \/>\n<meta name=\"twitter:label1\" content=\"Escrito por\" \/>\n\t<meta name=\"twitter:data1\" content=\"Germ\u00e1n Giacchero\" \/>\n\t<meta name=\"twitter:label2\" content=\"Tiempo de lectura\" \/>\n\t<meta name=\"twitter:data2\" content=\"4 minutos\" \/>\n<script type=\"application\/ld+json\" class=\"yoast-schema-graph\">{\"@context\":\"https:\/\/schema.org\",\"@graph\":[{\"@type\":\"Article\",\"@id\":\"http:\/\/elregionalvm.com.ar\/noticias-villa-maria\/mira-como-quedo-la-plaza-espana-de-cordoba-ahora-luce-totalmente-recuperada\/#article\",\"isPartOf\":{\"@id\":\"http:\/\/elregionalvm.com.ar\/noticias-villa-maria\/mira-como-quedo-la-plaza-espana-de-cordoba-ahora-luce-totalmente-recuperada\/\"},\"author\":{\"name\":\"Germ\u00e1n Giacchero\",\"@id\":\"http:\/\/elregionalvm.com.ar\/noticias-villa-maria\/#\/schema\/person\/d5e4b04966154131701e52c45d3efec9\"},\"headline\":\"Mir\u00e1 c\u00f3mo qued\u00f3: La Plaza Espa\u00f1a de C\u00f3rdoba ahora luce totalmente recuperada\",\"datePublished\":\"2023-03-29T14:23:55+00:00\",\"dateModified\":\"2023-03-29T14:23:57+00:00\",\"mainEntityOfPage\":{\"@id\":\"http:\/\/elregionalvm.com.ar\/noticias-villa-maria\/mira-como-quedo-la-plaza-espana-de-cordoba-ahora-luce-totalmente-recuperada\/\"},\"wordCount\":649,\"commentCount\":0,\"image\":{\"@id\":\"http:\/\/elregionalvm.com.ar\/noticias-villa-maria\/mira-como-quedo-la-plaza-espana-de-cordoba-ahora-luce-totalmente-recuperada\/#primaryimage\"},\"thumbnailUrl\":\"https:\/\/i0.wp.com\/elregionalvm.com.ar\/noticias-villa-maria\/wp-content\/uploads\/2023\/03\/Plaza-Espana.jpeg?fit=1000%2C563&ssl=1\",\"keywords\":[\"arte urbano\",\"c\u00f3rdoba\",\"inauguraci\u00f3n\",\"Mart\u00edn Llaryora\",\"museo metropolitano\",\"Plaza Espa\u00f1a\",\"Recuperaci\u00f3n\"],\"articleSection\":[\"destacado\",\"Provinciales\"],\"inLanguage\":\"es\",\"potentialAction\":[{\"@type\":\"CommentAction\",\"name\":\"Comment\",\"target\":[\"http:\/\/elregionalvm.com.ar\/noticias-villa-maria\/mira-como-quedo-la-plaza-espana-de-cordoba-ahora-luce-totalmente-recuperada\/#respond\"]}]},{\"@type\":\"WebPage\",\"@id\":\"http:\/\/elregionalvm.com.ar\/noticias-villa-maria\/mira-como-quedo-la-plaza-espana-de-cordoba-ahora-luce-totalmente-recuperada\/\",\"url\":\"http:\/\/elregionalvm.com.ar\/noticias-villa-maria\/mira-como-quedo-la-plaza-espana-de-cordoba-ahora-luce-totalmente-recuperada\/\",\"name\":\"Mir\u00e1 c\u00f3mo qued\u00f3: La Plaza Espa\u00f1a de C\u00f3rdoba ahora luce totalmente recuperada - El Regional\",\"isPartOf\":{\"@id\":\"http:\/\/elregionalvm.com.ar\/noticias-villa-maria\/#website\"},\"primaryImageOfPage\":{\"@id\":\"http:\/\/elregionalvm.com.ar\/noticias-villa-maria\/mira-como-quedo-la-plaza-espana-de-cordoba-ahora-luce-totalmente-recuperada\/#primaryimage\"},\"image\":{\"@id\":\"http:\/\/elregionalvm.com.ar\/noticias-villa-maria\/mira-como-quedo-la-plaza-espana-de-cordoba-ahora-luce-totalmente-recuperada\/#primaryimage\"},\"thumbnailUrl\":\"https:\/\/i0.wp.com\/elregionalvm.com.ar\/noticias-villa-maria\/wp-content\/uploads\/2023\/03\/Plaza-Espana.jpeg?fit=1000%2C563&ssl=1\",\"datePublished\":\"2023-03-29T14:23:55+00:00\",\"dateModified\":\"2023-03-29T14:23:57+00:00\",\"author\":{\"@id\":\"http:\/\/elregionalvm.com.ar\/noticias-villa-maria\/#\/schema\/person\/d5e4b04966154131701e52c45d3efec9\"},\"breadcrumb\":{\"@id\":\"http:\/\/elregionalvm.com.ar\/noticias-villa-maria\/mira-como-quedo-la-plaza-espana-de-cordoba-ahora-luce-totalmente-recuperada\/#breadcrumb\"},\"inLanguage\":\"es\",\"potentialAction\":[{\"@type\":\"ReadAction\",\"target\":[\"http:\/\/elregionalvm.com.ar\/noticias-villa-maria\/mira-como-quedo-la-plaza-espana-de-cordoba-ahora-luce-totalmente-recuperada\/\"]}]},{\"@type\":\"ImageObject\",\"inLanguage\":\"es\",\"@id\":\"http:\/\/elregionalvm.com.ar\/noticias-villa-maria\/mira-como-quedo-la-plaza-espana-de-cordoba-ahora-luce-totalmente-recuperada\/#primaryimage\",\"url\":\"https:\/\/i0.wp.com\/elregionalvm.com.ar\/noticias-villa-maria\/wp-content\/uploads\/2023\/03\/Plaza-Espana.jpeg?fit=1000%2C563&ssl=1\",\"contentUrl\":\"https:\/\/i0.wp.com\/elregionalvm.com.ar\/noticias-villa-maria\/wp-content\/uploads\/2023\/03\/Plaza-Espana.jpeg?fit=1000%2C563&ssl=1\",\"width\":1000,\"height\":563},{\"@type\":\"BreadcrumbList\",\"@id\":\"http:\/\/elregionalvm.com.ar\/noticias-villa-maria\/mira-como-quedo-la-plaza-espana-de-cordoba-ahora-luce-totalmente-recuperada\/#breadcrumb\",\"itemListElement\":[{\"@type\":\"ListItem\",\"position\":1,\"name\":\"Portada\",\"item\":\"https:\/\/elregionalvm.com.ar\/noticias-villa-maria\/\"},{\"@type\":\"ListItem\",\"position\":2,\"name\":\"Mir\u00e1 c\u00f3mo qued\u00f3: La Plaza Espa\u00f1a de C\u00f3rdoba ahora luce totalmente recuperada\"}]},{\"@type\":\"WebSite\",\"@id\":\"http:\/\/elregionalvm.com.ar\/noticias-villa-maria\/#website\",\"url\":\"http:\/\/elregionalvm.com.ar\/noticias-villa-maria\/\",\"name\":\"El Regional\",\"description\":\"Mucho m\u00e1s que informaci\u00f3n\",\"potentialAction\":[{\"@type\":\"SearchAction\",\"target\":{\"@type\":\"EntryPoint\",\"urlTemplate\":\"http:\/\/elregionalvm.com.ar\/noticias-villa-maria\/?s={search_term_string}\"},\"query-input\":{\"@type\":\"PropertyValueSpecification\",\"valueRequired\":true,\"valueName\":\"search_term_string\"}}],\"inLanguage\":\"es\"},{\"@type\":\"Person\",\"@id\":\"http:\/\/elregionalvm.com.ar\/noticias-villa-maria\/#\/schema\/person\/d5e4b04966154131701e52c45d3efec9\",\"name\":\"Germ\u00e1n Giacchero\",\"image\":{\"@type\":\"ImageObject\",\"inLanguage\":\"es\",\"@id\":\"http:\/\/elregionalvm.com.ar\/noticias-villa-maria\/#\/schema\/person\/image\/\",\"url\":\"https:\/\/secure.gravatar.com\/avatar\/fda163ba5ef0307ee5be9846e10f83b6e83d0cfb260d3b2464830318894c6b04?s=96&d=mm&r=g\",\"contentUrl\":\"https:\/\/secure.gravatar.com\/avatar\/fda163ba5ef0307ee5be9846e10f83b6e83d0cfb260d3b2464830318894c6b04?s=96&d=mm&r=g\",\"caption\":\"Germ\u00e1n Giacchero\"},\"url\":\"https:\/\/elregionalvm.com.ar\/noticias-villa-maria\/author\/germangiacchero\/\"}]}<\/script>\n<!-- \/ Yoast SEO plugin. -->","yoast_head_json":{"title":"Mir\u00e1 c\u00f3mo qued\u00f3: La Plaza Espa\u00f1a de C\u00f3rdoba ahora luce totalmente recuperada - El Regional","robots":{"index":"index","follow":"follow","max-snippet":"max-snippet:-1","max-image-preview":"max-image-preview:large","max-video-preview":"max-video-preview:-1"},"canonical":"http:\/\/elregionalvm.com.ar\/noticias-villa-maria\/mira-como-quedo-la-plaza-espana-de-cordoba-ahora-luce-totalmente-recuperada\/","og_locale":"es_ES","og_type":"article","og_title":"Mir\u00e1 c\u00f3mo qued\u00f3: La Plaza Espa\u00f1a de C\u00f3rdoba ahora luce totalmente recuperada - El Regional","og_description":"La Municipalidad de C\u00f3rdoba finaliz\u00f3 las obras del plan de remediaci\u00f3n que debi\u00f3 ejecutar para subsanar graves falencias. En el subsuelo de la monumental obra funcionar\u00e1 el Museo Metropolitano de Arte Urbano. El t\u00e9rmino \u201celefante blanco\u201d refiere a aquellas obras arquitect\u00f3nicas en donde la administraci\u00f3n p\u00fablica destina recursos o capital humano a una edificaci\u00f3n que [&hellip;]","og_url":"http:\/\/elregionalvm.com.ar\/noticias-villa-maria\/mira-como-quedo-la-plaza-espana-de-cordoba-ahora-luce-totalmente-recuperada\/","og_site_name":"El Regional","article_publisher":"https:\/\/www.facebook.com\/elregionalvm","article_published_time":"2023-03-29T14:23:55+00:00","article_modified_time":"2023-03-29T14:23:57+00:00","og_image":[{"width":1000,"height":563,"url":"http:\/\/elregionalvm.com.ar\/noticias-villa-maria\/wp-content\/uploads\/2023\/03\/Plaza-Espana.jpeg","type":"image\/jpeg"}],"author":"Germ\u00e1n Giacchero","twitter_card":"summary_large_image","twitter_creator":"@elregionalvm1","twitter_site":"@elregionalvm1","twitter_misc":{"Escrito por":"Germ\u00e1n Giacchero","Tiempo de lectura":"4 minutos"},"schema":{"@context":"https:\/\/schema.org","@graph":[{"@type":"Article","@id":"http:\/\/elregionalvm.com.ar\/noticias-villa-maria\/mira-como-quedo-la-plaza-espana-de-cordoba-ahora-luce-totalmente-recuperada\/#article","isPartOf":{"@id":"http:\/\/elregionalvm.com.ar\/noticias-villa-maria\/mira-como-quedo-la-plaza-espana-de-cordoba-ahora-luce-totalmente-recuperada\/"},"author":{"name":"Germ\u00e1n Giacchero","@id":"http:\/\/elregionalvm.com.ar\/noticias-villa-maria\/#\/schema\/person\/d5e4b04966154131701e52c45d3efec9"},"headline":"Mir\u00e1 c\u00f3mo qued\u00f3: La Plaza Espa\u00f1a de C\u00f3rdoba ahora luce totalmente recuperada","datePublished":"2023-03-29T14:23:55+00:00","dateModified":"2023-03-29T14:23:57+00:00","mainEntityOfPage":{"@id":"http:\/\/elregionalvm.com.ar\/noticias-villa-maria\/mira-como-quedo-la-plaza-espana-de-cordoba-ahora-luce-totalmente-recuperada\/"},"wordCount":649,"commentCount":0,"image":{"@id":"http:\/\/elregionalvm.com.ar\/noticias-villa-maria\/mira-como-quedo-la-plaza-espana-de-cordoba-ahora-luce-totalmente-recuperada\/#primaryimage"},"thumbnailUrl":"https:\/\/i0.wp.com\/elregionalvm.com.ar\/noticias-villa-maria\/wp-content\/uploads\/2023\/03\/Plaza-Espana.jpeg?fit=1000%2C563&ssl=1","keywords":["arte urbano","c\u00f3rdoba","inauguraci\u00f3n","Mart\u00edn Llaryora","museo metropolitano","Plaza Espa\u00f1a","Recuperaci\u00f3n"],"articleSection":["destacado","Provinciales"],"inLanguage":"es","potentialAction":[{"@type":"CommentAction","name":"Comment","target":["http:\/\/elregionalvm.com.ar\/noticias-villa-maria\/mira-como-quedo-la-plaza-espana-de-cordoba-ahora-luce-totalmente-recuperada\/#respond"]}]},{"@type":"WebPage","@id":"http:\/\/elregionalvm.com.ar\/noticias-villa-maria\/mira-como-quedo-la-plaza-espana-de-cordoba-ahora-luce-totalmente-recuperada\/","url":"http:\/\/elregionalvm.com.ar\/noticias-villa-maria\/mira-como-quedo-la-plaza-espana-de-cordoba-ahora-luce-totalmente-recuperada\/","name":"Mir\u00e1 c\u00f3mo qued\u00f3: La Plaza Espa\u00f1a de C\u00f3rdoba ahora luce totalmente recuperada - El Regional","isPartOf":{"@id":"http:\/\/elregionalvm.com.ar\/noticias-villa-maria\/#website"},"primaryImageOfPage":{"@id":"http:\/\/elregionalvm.com.ar\/noticias-villa-maria\/mira-como-quedo-la-plaza-espana-de-cordoba-ahora-luce-totalmente-recuperada\/#primaryimage"},"image":{"@id":"http:\/\/elregionalvm.com.ar\/noticias-villa-maria\/mira-como-quedo-la-plaza-espana-de-cordoba-ahora-luce-totalmente-recuperada\/#primaryimage"},"thumbnailUrl":"https:\/\/i0.wp.com\/elregionalvm.com.ar\/noticias-villa-maria\/wp-content\/uploads\/2023\/03\/Plaza-Espana.jpeg?fit=1000%2C563&ssl=1","datePublished":"2023-03-29T14:23:55+00:00","dateModified":"2023-03-29T14:23:57+00:00","author":{"@id":"http:\/\/elregionalvm.com.ar\/noticias-villa-maria\/#\/schema\/person\/d5e4b04966154131701e52c45d3efec9"},"breadcrumb":{"@id":"http:\/\/elregionalvm.com.ar\/noticias-villa-maria\/mira-como-quedo-la-plaza-espana-de-cordoba-ahora-luce-totalmente-recuperada\/#breadcrumb"},"inLanguage":"es","potentialAction":[{"@type":"ReadAction","target":["http:\/\/elregionalvm.com.ar\/noticias-villa-maria\/mira-como-quedo-la-plaza-espana-de-cordoba-ahora-luce-totalmente-recuperada\/"]}]},{"@type":"ImageObject","inLanguage":"es","@id":"http:\/\/elregionalvm.com.ar\/noticias-villa-maria\/mira-como-quedo-la-plaza-espana-de-cordoba-ahora-luce-totalmente-recuperada\/#primaryimage","url":"https:\/\/i0.wp.com\/elregionalvm.com.ar\/noticias-villa-maria\/wp-content\/uploads\/2023\/03\/Plaza-Espana.jpeg?fit=1000%2C563&ssl=1","contentUrl":"https:\/\/i0.wp.com\/elregionalvm.com.ar\/noticias-villa-maria\/wp-content\/uploads\/2023\/03\/Plaza-Espana.jpeg?fit=1000%2C563&ssl=1","width":1000,"height":563},{"@type":"BreadcrumbList","@id":"http:\/\/elregionalvm.com.ar\/noticias-villa-maria\/mira-como-quedo-la-plaza-espana-de-cordoba-ahora-luce-totalmente-recuperada\/#breadcrumb","itemListElement":[{"@type":"ListItem","position":1,"name":"Portada","item":"https:\/\/elregionalvm.com.ar\/noticias-villa-maria\/"},{"@type":"ListItem","position":2,"name":"Mir\u00e1 c\u00f3mo qued\u00f3: La Plaza Espa\u00f1a de C\u00f3rdoba ahora luce totalmente recuperada"}]},{"@type":"WebSite","@id":"http:\/\/elregionalvm.com.ar\/noticias-villa-maria\/#website","url":"http:\/\/elregionalvm.com.ar\/noticias-villa-maria\/","name":"El Regional","description":"Mucho m\u00e1s que informaci\u00f3n","potentialAction":[{"@type":"SearchAction","target":{"@type":"EntryPoint","urlTemplate":"http:\/\/elregionalvm.com.ar\/noticias-villa-maria\/?s={search_term_string}"},"query-input":{"@type":"PropertyValueSpecification","valueRequired":true,"valueName":"search_term_string"}}],"inLanguage":"es"},{"@type":"Person","@id":"http:\/\/elregionalvm.com.ar\/noticias-villa-maria\/#\/schema\/person\/d5e4b04966154131701e52c45d3efec9","name":"Germ\u00e1n Giacchero","image":{"@type":"ImageObject","inLanguage":"es","@id":"http:\/\/elregionalvm.com.ar\/noticias-villa-maria\/#\/schema\/person\/image\/","url":"https:\/\/secure.gravatar.com\/avatar\/fda163ba5ef0307ee5be9846e10f83b6e83d0cfb260d3b2464830318894c6b04?s=96&d=mm&r=g","contentUrl":"https:\/\/secure.gravatar.com\/avatar\/fda163ba5ef0307ee5be9846e10f83b6e83d0cfb260d3b2464830318894c6b04?s=96&d=mm&r=g","caption":"Germ\u00e1n Giacchero"},"url":"https:\/\/elregionalvm.com.ar\/noticias-villa-maria\/author\/germangiacchero\/"}]}},"jetpack_featured_media_url":"https:\/\/i0.wp.com\/elregionalvm.com.ar\/noticias-villa-maria\/wp-content\/uploads\/2023\/03\/Plaza-Espana.jpeg?fit=1000%2C563&ssl=1","jetpack_sharing_enabled":true,"_links":{"self":[{"href":"https:\/\/elregionalvm.com.ar\/noticias-villa-maria\/wp-json\/wp\/v2\/posts\/73945","targetHints":{"allow":["GET"]}}],"collection":[{"href":"https:\/\/elregionalvm.com.ar\/noticias-villa-maria\/wp-json\/wp\/v2\/posts"}],"about":[{"href":"https:\/\/elregionalvm.com.ar\/noticias-villa-maria\/wp-json\/wp\/v2\/types\/post"}],"author":[{"embeddable":true,"href":"https:\/\/elregionalvm.com.ar\/noticias-villa-maria\/wp-json\/wp\/v2\/users\/6"}],"replies":[{"embeddable":true,"href":"https:\/\/elregionalvm.com.ar\/noticias-villa-maria\/wp-json\/wp\/v2\/comments?post=73945"}],"version-history":[{"count":3,"href":"https:\/\/elregionalvm.com.ar\/noticias-villa-maria\/wp-json\/wp\/v2\/posts\/73945\/revisions"}],"predecessor-version":[{"id":73951,"href":"https:\/\/elregionalvm.com.ar\/noticias-villa-maria\/wp-json\/wp\/v2\/posts\/73945\/revisions\/73951"}],"wp:featuredmedia":[{"embeddable":true,"href":"https:\/\/elregionalvm.com.ar\/noticias-villa-maria\/wp-json\/wp\/v2\/media\/73948"}],"wp:attachment":[{"href":"https:\/\/elregionalvm.com.ar\/noticias-villa-maria\/wp-json\/wp\/v2\/media?parent=73945"}],"wp:term":[{"taxonomy":"category","embeddable":true,"href":"https:\/\/elregionalvm.com.ar\/noticias-villa-maria\/wp-json\/wp\/v2\/categories?post=73945"},{"taxonomy":"post_tag","embeddable":true,"href":"https:\/\/elregionalvm.com.ar\/noticias-villa-maria\/wp-json\/wp\/v2\/tags?post=73945"}],"curies":[{"name":"wp","href":"https:\/\/api.w.org\/{rel}","templated":true}]}}