{"id":73989,"date":"2023-03-30T01:41:11","date_gmt":"2023-03-30T01:41:11","guid":{"rendered":"https:\/\/elregionalvm.com.ar\/noticias-villa-maria\/?p=73989"},"modified":"2023-04-05T02:44:37","modified_gmt":"2023-04-05T02:44:37","slug":"informe-las-preocupaciones-de-los-cordobeses-adicciones-en-villa-maria-y-el-interior-inseguridad-en-la-capital","status":"publish","type":"post","link":"https:\/\/elregionalvm.com.ar\/noticias-villa-maria\/informe-las-preocupaciones-de-los-cordobeses-adicciones-en-villa-maria-y-el-interior-inseguridad-en-la-capital\/","title":{"rendered":"[Informe] Las preocupaciones de los cordobeses: Adicciones en Villa Mar\u00eda y el interior; inseguridad, en la capital"},"content":{"rendered":"\n<p><\/p>\n\n\n\n<h3 class=\"wp-block-heading\"><strong>Un informe de la Justicia de C\u00f3rdoba expone las principales preocupaciones de quienes viven en la capital provincial como en el interior. Si bien a grandes rasgos, las problem\u00e1ticas se reiteran, existen diferencias en las percepciones de los capitalinos y los habitantes de resto de la provincia. Qu\u00e9 ocurre en particular con Villa Mar\u00eda y la regi\u00f3n.<\/strong><\/h3>\n\n\n\n<p><\/p>\n\n\n\n<p>Droga o el alcohol, inseguridad, violencia, empleo, conflictos familiares, pobreza, salud, educaci\u00f3n, falta de servicios. Con algunas coincidencias y variaciones, estas son las problem\u00e1ticas que mayor preocupaci\u00f3n causan a los cordobeses.<\/p>\n\n\n\n<p>El dato surge del relevamiento geolocalizado realizado por referentes judiciales en toda la provincia, acerca de las preocupaciones de la poblaci\u00f3n, su mirada frente a las personas m\u00e1s vulnerables y los espacios de contenci\u00f3n social.<\/p>\n\n\n\n<p>Durante el a\u00f1o 2022, los voluntarios del programa Referentes Judiciales Comunitarios realizaron m\u00e1s de 1.300 entrevistas, tanto en barrios de la ciudad de C\u00f3rdoba como en las distintas localidades del interior de la provincia.<\/p>\n\n\n\n<p>Los entrevistados fueron integrantes de 10 sectores diferentes de la sociedad: religioso, educativo, salud, ONG, prensa, administraci\u00f3n p\u00fablica, cultural, deportivo, Justicia local y centros vecinales.<\/p>\n\n\n\n<p><strong>Drogas e inseguridad<\/strong><\/p>\n\n\n\n<p>De los datos generales del relevamiento se obtuvo al consultarse cu\u00e1les son las principales preocupaciones de la sociedad, que el 70% de las personas entrevistadas vio con profunda preocupaci\u00f3n el flagelo de la \u201cdroga o el alcohol\u201d; el 60% se\u00f1al\u00f3 la \u201cinseguridad\u201d; y el 50% a la \u201cviolencia\u201d.<\/p>\n\n\n\n<p>A su vez, este mismo coeficiente le corresponde al problema del \u201cempleo\u201d y al de \u201cconflictos familiares\u201d.<\/p>\n\n\n\n<p>Adem\u00e1s, el 40% observa como principal preocupaci\u00f3n la \u201cpobreza\u201d y el 30%, la \u201csalud\u201d. Se encuentran en la misma proporci\u00f3n los \u201cconflictos vecinales\u201d, la \u201ceducaci\u00f3n\u201d y la \u201cfalta de servicios\u201d.\u00a0<\/p>\n\n\n\n<p><\/p>\n\n\n\n<figure class=\"wp-block-image size-full\"><img data-recalc-dims=\"1\" fetchpriority=\"high\" decoding=\"async\" width=\"917\" height=\"568\" src=\"https:\/\/i0.wp.com\/elregionalvm.com.ar\/noticias-villa-maria\/wp-content\/uploads\/2023\/03\/Justicia-informe-preocupaciones-principales-Provincia-Cordoba.jpg?resize=917%2C568&#038;ssl=1\" alt=\"\" class=\"wp-image-73993\" srcset=\"https:\/\/i0.wp.com\/elregionalvm.com.ar\/noticias-villa-maria\/wp-content\/uploads\/2023\/03\/Justicia-informe-preocupaciones-principales-Provincia-Cordoba.jpg?w=917&amp;ssl=1 917w, https:\/\/i0.wp.com\/elregionalvm.com.ar\/noticias-villa-maria\/wp-content\/uploads\/2023\/03\/Justicia-informe-preocupaciones-principales-Provincia-Cordoba.jpg?resize=300%2C186&amp;ssl=1 300w, https:\/\/i0.wp.com\/elregionalvm.com.ar\/noticias-villa-maria\/wp-content\/uploads\/2023\/03\/Justicia-informe-preocupaciones-principales-Provincia-Cordoba.jpg?resize=768%2C476&amp;ssl=1 768w\" sizes=\"(max-width: 917px) 100vw, 917px\" \/><\/figure>\n\n\n\n<p><\/p>\n\n\n\n<p>Como dato relevante, a nivel provincial, debe decirse que, en algunas categor\u00edas, el porcentaje de las opiniones emitidas no coincide de manera exacta entre los entrevistados de Capital y del interior.<\/p>\n\n\n\n<p>Es as\u00ed que la inseguridad se presenta con m\u00e1s fuerza en las opiniones de las personas que viven en Capital (86%) frente a las que habitan en el interior provincial (58%).<\/p>\n\n\n\n<p>A su vez, el problema de la droga se ve con m\u00e1s preocupaci\u00f3n en el interior (75% de los encuestados) ante el 60% de las opiniones de Capital.<\/p>\n\n\n\n<p><\/p>\n\n\n\n<figure class=\"wp-block-image size-full\"><img data-recalc-dims=\"1\" decoding=\"async\" width=\"920\" height=\"609\" src=\"https:\/\/i0.wp.com\/elregionalvm.com.ar\/noticias-villa-maria\/wp-content\/uploads\/2023\/03\/Justicia-informe-preocupaciones-principales-capital-e-interior.jpg?resize=920%2C609&#038;ssl=1\" alt=\"\" class=\"wp-image-73996\" srcset=\"https:\/\/i0.wp.com\/elregionalvm.com.ar\/noticias-villa-maria\/wp-content\/uploads\/2023\/03\/Justicia-informe-preocupaciones-principales-capital-e-interior.jpg?w=920&amp;ssl=1 920w, https:\/\/i0.wp.com\/elregionalvm.com.ar\/noticias-villa-maria\/wp-content\/uploads\/2023\/03\/Justicia-informe-preocupaciones-principales-capital-e-interior.jpg?resize=300%2C199&amp;ssl=1 300w, https:\/\/i0.wp.com\/elregionalvm.com.ar\/noticias-villa-maria\/wp-content\/uploads\/2023\/03\/Justicia-informe-preocupaciones-principales-capital-e-interior.jpg?resize=768%2C508&amp;ssl=1 768w\" sizes=\"(max-width: 920px) 100vw, 920px\" \/><\/figure>\n\n\n\n<p><\/p>\n\n\n\n<p><strong>Grupos sociales y contenci\u00f3n<\/strong><\/p>\n\n\n\n<p>En cuanto a los grupos sociales afectados en sus derechos, las opiniones de los entrevistados se\u00f1alan a ni\u00f1as, ni\u00f1os y adolescentes, y a personas mayores como los sectores que se ven m\u00e1s vulnerados.<\/p>\n\n\n\n<p>Finalmente, al ser consultados respecto de los lugares donde encuentran m\u00e1s contenci\u00f3n, las respuestas mayoritarias fueron las correspondientes a los centros deportivos, las iglesias o templos, las escuelas y los centro culturales o recreativos.<\/p>\n\n\n\n<p><strong>En Villa Mar\u00eda y zona<\/strong><\/p>\n\n\n\n<p>El relevamiento se realiz\u00f3 por circunscripciones judiciales. La cuarta comprende las sedes de Justicia de Villa Mar\u00eda y Oliva. Pero, la encuesta tambi\u00e9n se desarroll\u00f3 en otras localidades como Arroyo Cabral, Ausonia, La Palestina y Hernando.<\/p>\n\n\n\n<p>Esta circunscripci\u00f3n representa el 5% de las personas entrevistadas. Las principales preocupaciones indicadas son Droga o Alcohol (71%), Empleo (52%) y la Violencia (51%).<\/p>\n\n\n\n<p><\/p>\n\n\n\n<p><\/p>\n\n\n\n<figure class=\"wp-block-image size-full\"><img data-recalc-dims=\"1\" decoding=\"async\" width=\"925\" height=\"559\" src=\"https:\/\/i0.wp.com\/elregionalvm.com.ar\/noticias-villa-maria\/wp-content\/uploads\/2023\/03\/Justicia-informe-preocupaciones-principales-Villa-Maria-y-Oliva.jpg?resize=925%2C559&#038;ssl=1\" alt=\"\" class=\"wp-image-73994\" srcset=\"https:\/\/i0.wp.com\/elregionalvm.com.ar\/noticias-villa-maria\/wp-content\/uploads\/2023\/03\/Justicia-informe-preocupaciones-principales-Villa-Maria-y-Oliva.jpg?w=925&amp;ssl=1 925w, https:\/\/i0.wp.com\/elregionalvm.com.ar\/noticias-villa-maria\/wp-content\/uploads\/2023\/03\/Justicia-informe-preocupaciones-principales-Villa-Maria-y-Oliva.jpg?resize=300%2C181&amp;ssl=1 300w, https:\/\/i0.wp.com\/elregionalvm.com.ar\/noticias-villa-maria\/wp-content\/uploads\/2023\/03\/Justicia-informe-preocupaciones-principales-Villa-Maria-y-Oliva.jpg?resize=768%2C464&amp;ssl=1 768w\" sizes=\"(max-width: 925px) 100vw, 925px\" \/><\/figure>\n\n\n\n<p><\/p>\n\n\n\n<p><\/p>\n\n\n\n<p><\/p>\n\n\n\n<p>Puntualmente en Villa Mar\u00eda y zona (sin contar Oliva), les siguen los Conflictos Familiares (42%), Pobreza (35%), Inseguridad (33%), Educaci\u00f3n (27%) y Salud (25%).<\/p>\n\n\n\n<p>Entre las problem\u00e1ticas que menos preocupaci\u00f3n generan figuran la falta de servicios (19%) y los conflictos entre vecinos.<\/p>\n\n\n\n<p>La diferencia en materia de preocupaci\u00f3n por la inseguridad es notable respecto de los valores registrados en el total provincial y en la ciudad de C\u00f3rdoba.<\/p>\n\n\n\n<p>Mientras en Villa Mar\u00eda y otras localidades cercanas solo preocupa a 3 de cada 10 personas, en la provincia trepa a 6 de cada 10 y en la capital cordobesa, a casi 9 de cada 10 personas.<\/p>\n\n\n\n<p><\/p>\n\n\n\n<figure class=\"wp-block-image size-full\"><img data-recalc-dims=\"1\" loading=\"lazy\" decoding=\"async\" width=\"925\" height=\"633\" src=\"https:\/\/i0.wp.com\/elregionalvm.com.ar\/noticias-villa-maria\/wp-content\/uploads\/2023\/03\/Justicia-informe-preocupaciones-principales-Villa-Maria.jpg?resize=925%2C633&#038;ssl=1\" alt=\"\" class=\"wp-image-73995\" srcset=\"https:\/\/i0.wp.com\/elregionalvm.com.ar\/noticias-villa-maria\/wp-content\/uploads\/2023\/03\/Justicia-informe-preocupaciones-principales-Villa-Maria.jpg?w=925&amp;ssl=1 925w, https:\/\/i0.wp.com\/elregionalvm.com.ar\/noticias-villa-maria\/wp-content\/uploads\/2023\/03\/Justicia-informe-preocupaciones-principales-Villa-Maria.jpg?resize=300%2C205&amp;ssl=1 300w, https:\/\/i0.wp.com\/elregionalvm.com.ar\/noticias-villa-maria\/wp-content\/uploads\/2023\/03\/Justicia-informe-preocupaciones-principales-Villa-Maria.jpg?resize=768%2C526&amp;ssl=1 768w\" sizes=\"(max-width: 925px) 100vw, 925px\" \/><\/figure>\n\n\n\n<p><\/p>\n\n\n\n<p>Por otro lado, las personas o sectores m\u00e1s afectados en sus derechos son los adolescentes (73%), y ni\u00f1as y ni\u00f1os (67%). Tambi\u00e9n se se\u00f1ala a ancianos y ancianas (51%) y mujeres (48%).<\/p>\n\n\n\n<p>En cuanto a los lugares donde las personas reciben mayor contenci\u00f3n, se mencion\u00f3 los centros deportivos (62%), centros culturales y recreativos (60%) y las iglesias y templos (57%).<\/p>\n\n\n\n<p><\/p>\n\n\n\n<figure class=\"wp-block-pullquote\"><blockquote><p><strong>Inseguridad: Mientras en Villa Mar\u00eda y otras localidades cercanas solo preocupa a 3 de cada 10 personas, en la provincia trepa a 6 de cada 10 y en la capital cordobesa, a casi 9 de cada 10 personas<\/strong><\/p><\/blockquote><\/figure>\n\n\n\n<p><\/p>\n\n\n\n<p><strong>Relevamiento in\u00e9dito<\/strong><\/p>\n\n\n\n<p>Esta iniciativa resulta in\u00e9dita en Latinoam\u00e9rica y \u201cel procesamiento de los resultados de las entrevistas pretende buscar informaci\u00f3n valiosa para la toma de decisiones (tanto del Poder Judicial como de otros organismos del Estado), bajo el enfoque de Gobierno de Datos que impulsa el Tribunal Superior de Justicia\u201d, indicaron desde la Justicia cordobesa.<\/p>\n\n\n\n<p><\/p>\n\n\n\n<p><\/p>\n\n\n\n<h3 class=\"wp-block-heading\"><strong>Mir\u00e1 el informe completo:<\/strong><\/h3>\n\n\n\n<p><\/p>\n\n\n\n<p><\/p>\n\n\n\n<div data-wp-interactive=\"core\/file\" class=\"wp-block-file\"><object data-wp-bind--hidden=\"!state.hasPdfPreview\" hidden class=\"wp-block-file__embed\" data=\"https:\/\/elregionalvm.com.ar\/noticias-villa-maria\/wp-content\/uploads\/2023\/03\/Informe-preocupaciones-provincia-de-Cordoba-Justicia.pdf\" type=\"application\/pdf\" style=\"width:100%;height:600px\" aria-label=\"Incrustado de Incrustado de Informe sobre las preocupaciones principales en la provincia de Cordoba..\"><\/object><a id=\"wp-block-file--media-6e115a1f-eebc-4d5f-8d1b-7ec3e0d67fd6\" href=\"https:\/\/elregionalvm.com.ar\/noticias-villa-maria\/wp-content\/uploads\/2023\/03\/Informe-preocupaciones-provincia-de-Cordoba-Justicia.pdf\">Informe sobre las preocupaciones principales en la provincia de Cordoba<\/a><a href=\"https:\/\/elregionalvm.com.ar\/noticias-villa-maria\/wp-content\/uploads\/2023\/03\/Informe-preocupaciones-provincia-de-Cordoba-Justicia.pdf\" class=\"wp-block-file__button\" download aria-describedby=\"wp-block-file--media-6e115a1f-eebc-4d5f-8d1b-7ec3e0d67fd6\">Descarga<\/a><\/div>\n\n\n\n<p><\/p>\n","protected":false},"excerpt":{"rendered":"<p>Un informe de la Justicia de C\u00f3rdoba expone las principales preocupaciones de quienes viven en la capital provincial como en el interior. Si bien a grandes rasgos, las problem\u00e1ticas se reiteran, existen diferencias en las percepciones de los capitalinos y los habitantes de resto de la provincia. Qu\u00e9 ocurre en particular con Villa Mar\u00eda y [&hellip;]<\/p>\n","protected":false},"author":6,"featured_media":69487,"comment_status":"open","ping_status":"open","sticky":false,"template":"","format":"standard","meta":{"site-sidebar-layout":"default","site-content-layout":"","ast-site-content-layout":"default","site-content-style":"default","site-sidebar-style":"default","ast-global-header-display":"","ast-banner-title-visibility":"","ast-main-header-display":"","ast-hfb-above-header-display":"","ast-hfb-below-header-display":"","ast-hfb-mobile-header-display":"","site-post-title":"","ast-breadcrumbs-content":"","ast-featured-img":"","footer-sml-layout":"","ast-disable-related-posts":"","theme-transparent-header-meta":"","adv-header-id-meta":"","stick-header-meta":"","header-above-stick-meta":"","header-main-stick-meta":"","header-below-stick-meta":"","astra-migrate-meta-layouts":"default","ast-page-background-enabled":"default","ast-page-background-meta":{"desktop":{"background-color":"","background-image":"","background-repeat":"repeat","background-position":"center center","background-size":"auto","background-attachment":"scroll","background-type":"","background-media":"","overlay-type":"","overlay-color":"","overlay-opacity":"","overlay-gradient":""},"tablet":{"background-color":"","background-image":"","background-repeat":"repeat","background-position":"center center","background-size":"auto","background-attachment":"scroll","background-type":"","background-media":"","overlay-type":"","overlay-color":"","overlay-opacity":"","overlay-gradient":""},"mobile":{"background-color":"","background-image":"","background-repeat":"repeat","background-position":"center center","background-size":"auto","background-attachment":"scroll","background-type":"","background-media":"","overlay-type":"","overlay-color":"","overlay-opacity":"","overlay-gradient":""}},"ast-content-background-meta":{"desktop":{"background-color":"var(--ast-global-color-5)","background-image":"","background-repeat":"repeat","background-position":"center center","background-size":"auto","background-attachment":"scroll","background-type":"","background-media":"","overlay-type":"","overlay-color":"","overlay-opacity":"","overlay-gradient":""},"tablet":{"background-color":"var(--ast-global-color-5)","background-image":"","background-repeat":"repeat","background-position":"center center","background-size":"auto","background-attachment":"scroll","background-type":"","background-media":"","overlay-type":"","overlay-color":"","overlay-opacity":"","overlay-gradient":""},"mobile":{"background-color":"var(--ast-global-color-5)","background-image":"","background-repeat":"repeat","background-position":"center center","background-size":"auto","background-attachment":"scroll","background-type":"","background-media":"","overlay-type":"","overlay-color":"","overlay-opacity":"","overlay-gradient":""}},"_jetpack_memberships_contains_paid_content":false,"_joinchat":[],"footnotes":""},"categories":[16095,3557,2],"tags":[2340,242,12580,1331,269,3300,1469,99,609,22003,4745],"class_list":["post-73989","post","type-post","status-publish","format-standard","has-post-thumbnail","hentry","category-provinciales","category-tercera","category-villa-maria","tag-adicciones","tag-alcohol","tag-conflictos","tag-drogas","tag-encuesta","tag-informe","tag-inseguridad","tag-justicia","tag-pobreza","tag-preocupaciones-principales","tag-tribunal-superior-de-justicia-de-cordoba"],"yoast_head":"<!-- This site is optimized with the Yoast SEO plugin v26.8 - https:\/\/yoast.com\/product\/yoast-seo-wordpress\/ -->\n<title>[Informe] Las preocupaciones de los cordobeses: Adicciones en Villa Mar\u00eda y el interior; inseguridad, en la capital - El Regional<\/title>\n<meta name=\"robots\" content=\"index, follow, max-snippet:-1, max-image-preview:large, max-video-preview:-1\" \/>\n<link rel=\"canonical\" href=\"http:\/\/elregionalvm.com.ar\/noticias-villa-maria\/informe-las-preocupaciones-de-los-cordobeses-adicciones-en-villa-maria-y-el-interior-inseguridad-en-la-capital\/\" \/>\n<meta property=\"og:locale\" content=\"es_ES\" \/>\n<meta property=\"og:type\" content=\"article\" \/>\n<meta property=\"og:title\" content=\"[Informe] Las preocupaciones de los cordobeses: Adicciones en Villa Mar\u00eda y el interior; inseguridad, en la capital - El Regional\" \/>\n<meta property=\"og:description\" content=\"Un informe de la Justicia de C\u00f3rdoba expone las principales preocupaciones de quienes viven en la capital provincial como en el interior. Si bien a grandes rasgos, las problem\u00e1ticas se reiteran, existen diferencias en las percepciones de los capitalinos y los habitantes de resto de la provincia. Qu\u00e9 ocurre en particular con Villa Mar\u00eda y [&hellip;]\" \/>\n<meta property=\"og:url\" content=\"http:\/\/elregionalvm.com.ar\/noticias-villa-maria\/informe-las-preocupaciones-de-los-cordobeses-adicciones-en-villa-maria-y-el-interior-inseguridad-en-la-capital\/\" \/>\n<meta property=\"og:site_name\" content=\"El Regional\" \/>\n<meta property=\"article:publisher\" content=\"https:\/\/www.facebook.com\/elregionalvm\" \/>\n<meta property=\"article:published_time\" content=\"2023-03-30T01:41:11+00:00\" \/>\n<meta property=\"article:modified_time\" content=\"2023-04-05T02:44:37+00:00\" \/>\n<meta property=\"og:image\" content=\"http:\/\/elregionalvm.com.ar\/noticias-villa-maria\/wp-content\/uploads\/2022\/12\/Hombre-agarra-cabeza-manos-rostro.png\" \/>\n\t<meta property=\"og:image:width\" content=\"800\" \/>\n\t<meta property=\"og:image:height\" content=\"533\" \/>\n\t<meta property=\"og:image:type\" content=\"image\/png\" \/>\n<meta name=\"author\" content=\"Germ\u00e1n Giacchero\" \/>\n<meta name=\"twitter:card\" content=\"summary_large_image\" \/>\n<meta name=\"twitter:creator\" content=\"@elregionalvm1\" \/>\n<meta name=\"twitter:site\" content=\"@elregionalvm1\" \/>\n<meta name=\"twitter:label1\" content=\"Escrito por\" \/>\n\t<meta name=\"twitter:data1\" content=\"Germ\u00e1n Giacchero\" \/>\n\t<meta name=\"twitter:label2\" content=\"Tiempo de lectura\" \/>\n\t<meta name=\"twitter:data2\" content=\"5 minutos\" \/>\n<script type=\"application\/ld+json\" class=\"yoast-schema-graph\">{\"@context\":\"https:\/\/schema.org\",\"@graph\":[{\"@type\":\"Article\",\"@id\":\"http:\/\/elregionalvm.com.ar\/noticias-villa-maria\/informe-las-preocupaciones-de-los-cordobeses-adicciones-en-villa-maria-y-el-interior-inseguridad-en-la-capital\/#article\",\"isPartOf\":{\"@id\":\"http:\/\/elregionalvm.com.ar\/noticias-villa-maria\/informe-las-preocupaciones-de-los-cordobeses-adicciones-en-villa-maria-y-el-interior-inseguridad-en-la-capital\/\"},\"author\":{\"name\":\"Germ\u00e1n Giacchero\",\"@id\":\"http:\/\/elregionalvm.com.ar\/noticias-villa-maria\/#\/schema\/person\/d5e4b04966154131701e52c45d3efec9\"},\"headline\":\"[Informe] Las preocupaciones de los cordobeses: Adicciones en Villa Mar\u00eda y el interior; inseguridad, en la capital\",\"datePublished\":\"2023-03-30T01:41:11+00:00\",\"dateModified\":\"2023-04-05T02:44:37+00:00\",\"mainEntityOfPage\":{\"@id\":\"http:\/\/elregionalvm.com.ar\/noticias-villa-maria\/informe-las-preocupaciones-de-los-cordobeses-adicciones-en-villa-maria-y-el-interior-inseguridad-en-la-capital\/\"},\"wordCount\":811,\"commentCount\":0,\"image\":{\"@id\":\"http:\/\/elregionalvm.com.ar\/noticias-villa-maria\/informe-las-preocupaciones-de-los-cordobeses-adicciones-en-villa-maria-y-el-interior-inseguridad-en-la-capital\/#primaryimage\"},\"thumbnailUrl\":\"https:\/\/i0.wp.com\/elregionalvm.com.ar\/noticias-villa-maria\/wp-content\/uploads\/2022\/12\/Hombre-agarra-cabeza-manos-rostro.png?fit=800%2C533&ssl=1\",\"keywords\":[\"Adicciones\",\"alcohol\",\"conflictos\",\"Drogas\",\"encuesta\",\"Informe\",\"Inseguridad\",\"Justicia\",\"Pobreza\",\"preocupaciones principales\",\"Tribunal Superior de Justicia de C\u00f3rdoba\"],\"articleSection\":[\"Provinciales\",\"tercera\",\"Villa Mar\u00eda\"],\"inLanguage\":\"es\",\"potentialAction\":[{\"@type\":\"CommentAction\",\"name\":\"Comment\",\"target\":[\"http:\/\/elregionalvm.com.ar\/noticias-villa-maria\/informe-las-preocupaciones-de-los-cordobeses-adicciones-en-villa-maria-y-el-interior-inseguridad-en-la-capital\/#respond\"]}]},{\"@type\":\"WebPage\",\"@id\":\"http:\/\/elregionalvm.com.ar\/noticias-villa-maria\/informe-las-preocupaciones-de-los-cordobeses-adicciones-en-villa-maria-y-el-interior-inseguridad-en-la-capital\/\",\"url\":\"http:\/\/elregionalvm.com.ar\/noticias-villa-maria\/informe-las-preocupaciones-de-los-cordobeses-adicciones-en-villa-maria-y-el-interior-inseguridad-en-la-capital\/\",\"name\":\"[Informe] Las preocupaciones de los cordobeses: Adicciones en Villa Mar\u00eda y el interior; inseguridad, en la capital - El Regional\",\"isPartOf\":{\"@id\":\"http:\/\/elregionalvm.com.ar\/noticias-villa-maria\/#website\"},\"primaryImageOfPage\":{\"@id\":\"http:\/\/elregionalvm.com.ar\/noticias-villa-maria\/informe-las-preocupaciones-de-los-cordobeses-adicciones-en-villa-maria-y-el-interior-inseguridad-en-la-capital\/#primaryimage\"},\"image\":{\"@id\":\"http:\/\/elregionalvm.com.ar\/noticias-villa-maria\/informe-las-preocupaciones-de-los-cordobeses-adicciones-en-villa-maria-y-el-interior-inseguridad-en-la-capital\/#primaryimage\"},\"thumbnailUrl\":\"https:\/\/i0.wp.com\/elregionalvm.com.ar\/noticias-villa-maria\/wp-content\/uploads\/2022\/12\/Hombre-agarra-cabeza-manos-rostro.png?fit=800%2C533&ssl=1\",\"datePublished\":\"2023-03-30T01:41:11+00:00\",\"dateModified\":\"2023-04-05T02:44:37+00:00\",\"author\":{\"@id\":\"http:\/\/elregionalvm.com.ar\/noticias-villa-maria\/#\/schema\/person\/d5e4b04966154131701e52c45d3efec9\"},\"breadcrumb\":{\"@id\":\"http:\/\/elregionalvm.com.ar\/noticias-villa-maria\/informe-las-preocupaciones-de-los-cordobeses-adicciones-en-villa-maria-y-el-interior-inseguridad-en-la-capital\/#breadcrumb\"},\"inLanguage\":\"es\",\"potentialAction\":[{\"@type\":\"ReadAction\",\"target\":[\"http:\/\/elregionalvm.com.ar\/noticias-villa-maria\/informe-las-preocupaciones-de-los-cordobeses-adicciones-en-villa-maria-y-el-interior-inseguridad-en-la-capital\/\"]}]},{\"@type\":\"ImageObject\",\"inLanguage\":\"es\",\"@id\":\"http:\/\/elregionalvm.com.ar\/noticias-villa-maria\/informe-las-preocupaciones-de-los-cordobeses-adicciones-en-villa-maria-y-el-interior-inseguridad-en-la-capital\/#primaryimage\",\"url\":\"https:\/\/i0.wp.com\/elregionalvm.com.ar\/noticias-villa-maria\/wp-content\/uploads\/2022\/12\/Hombre-agarra-cabeza-manos-rostro.png?fit=800%2C533&ssl=1\",\"contentUrl\":\"https:\/\/i0.wp.com\/elregionalvm.com.ar\/noticias-villa-maria\/wp-content\/uploads\/2022\/12\/Hombre-agarra-cabeza-manos-rostro.png?fit=800%2C533&ssl=1\",\"width\":800,\"height\":533},{\"@type\":\"BreadcrumbList\",\"@id\":\"http:\/\/elregionalvm.com.ar\/noticias-villa-maria\/informe-las-preocupaciones-de-los-cordobeses-adicciones-en-villa-maria-y-el-interior-inseguridad-en-la-capital\/#breadcrumb\",\"itemListElement\":[{\"@type\":\"ListItem\",\"position\":1,\"name\":\"Portada\",\"item\":\"https:\/\/elregionalvm.com.ar\/noticias-villa-maria\/\"},{\"@type\":\"ListItem\",\"position\":2,\"name\":\"[Informe] Las preocupaciones de los cordobeses: Adicciones en Villa Mar\u00eda y el interior; inseguridad, en la capital\"}]},{\"@type\":\"WebSite\",\"@id\":\"http:\/\/elregionalvm.com.ar\/noticias-villa-maria\/#website\",\"url\":\"http:\/\/elregionalvm.com.ar\/noticias-villa-maria\/\",\"name\":\"El Regional\",\"description\":\"Mucho m\u00e1s que informaci\u00f3n\",\"potentialAction\":[{\"@type\":\"SearchAction\",\"target\":{\"@type\":\"EntryPoint\",\"urlTemplate\":\"http:\/\/elregionalvm.com.ar\/noticias-villa-maria\/?s={search_term_string}\"},\"query-input\":{\"@type\":\"PropertyValueSpecification\",\"valueRequired\":true,\"valueName\":\"search_term_string\"}}],\"inLanguage\":\"es\"},{\"@type\":\"Person\",\"@id\":\"http:\/\/elregionalvm.com.ar\/noticias-villa-maria\/#\/schema\/person\/d5e4b04966154131701e52c45d3efec9\",\"name\":\"Germ\u00e1n Giacchero\",\"image\":{\"@type\":\"ImageObject\",\"inLanguage\":\"es\",\"@id\":\"http:\/\/elregionalvm.com.ar\/noticias-villa-maria\/#\/schema\/person\/image\/\",\"url\":\"https:\/\/secure.gravatar.com\/avatar\/fda163ba5ef0307ee5be9846e10f83b6e83d0cfb260d3b2464830318894c6b04?s=96&d=mm&r=g\",\"contentUrl\":\"https:\/\/secure.gravatar.com\/avatar\/fda163ba5ef0307ee5be9846e10f83b6e83d0cfb260d3b2464830318894c6b04?s=96&d=mm&r=g\",\"caption\":\"Germ\u00e1n Giacchero\"},\"url\":\"https:\/\/elregionalvm.com.ar\/noticias-villa-maria\/author\/germangiacchero\/\"}]}<\/script>\n<!-- \/ Yoast SEO plugin. -->","yoast_head_json":{"title":"[Informe] Las preocupaciones de los cordobeses: Adicciones en Villa Mar\u00eda y el interior; inseguridad, en la capital - El Regional","robots":{"index":"index","follow":"follow","max-snippet":"max-snippet:-1","max-image-preview":"max-image-preview:large","max-video-preview":"max-video-preview:-1"},"canonical":"http:\/\/elregionalvm.com.ar\/noticias-villa-maria\/informe-las-preocupaciones-de-los-cordobeses-adicciones-en-villa-maria-y-el-interior-inseguridad-en-la-capital\/","og_locale":"es_ES","og_type":"article","og_title":"[Informe] Las preocupaciones de los cordobeses: Adicciones en Villa Mar\u00eda y el interior; inseguridad, en la capital - El Regional","og_description":"Un informe de la Justicia de C\u00f3rdoba expone las principales preocupaciones de quienes viven en la capital provincial como en el interior. Si bien a grandes rasgos, las problem\u00e1ticas se reiteran, existen diferencias en las percepciones de los capitalinos y los habitantes de resto de la provincia. Qu\u00e9 ocurre en particular con Villa Mar\u00eda y [&hellip;]","og_url":"http:\/\/elregionalvm.com.ar\/noticias-villa-maria\/informe-las-preocupaciones-de-los-cordobeses-adicciones-en-villa-maria-y-el-interior-inseguridad-en-la-capital\/","og_site_name":"El Regional","article_publisher":"https:\/\/www.facebook.com\/elregionalvm","article_published_time":"2023-03-30T01:41:11+00:00","article_modified_time":"2023-04-05T02:44:37+00:00","og_image":[{"width":800,"height":533,"url":"http:\/\/elregionalvm.com.ar\/noticias-villa-maria\/wp-content\/uploads\/2022\/12\/Hombre-agarra-cabeza-manos-rostro.png","type":"image\/png"}],"author":"Germ\u00e1n Giacchero","twitter_card":"summary_large_image","twitter_creator":"@elregionalvm1","twitter_site":"@elregionalvm1","twitter_misc":{"Escrito por":"Germ\u00e1n Giacchero","Tiempo de lectura":"5 minutos"},"schema":{"@context":"https:\/\/schema.org","@graph":[{"@type":"Article","@id":"http:\/\/elregionalvm.com.ar\/noticias-villa-maria\/informe-las-preocupaciones-de-los-cordobeses-adicciones-en-villa-maria-y-el-interior-inseguridad-en-la-capital\/#article","isPartOf":{"@id":"http:\/\/elregionalvm.com.ar\/noticias-villa-maria\/informe-las-preocupaciones-de-los-cordobeses-adicciones-en-villa-maria-y-el-interior-inseguridad-en-la-capital\/"},"author":{"name":"Germ\u00e1n Giacchero","@id":"http:\/\/elregionalvm.com.ar\/noticias-villa-maria\/#\/schema\/person\/d5e4b04966154131701e52c45d3efec9"},"headline":"[Informe] Las preocupaciones de los cordobeses: Adicciones en Villa Mar\u00eda y el interior; inseguridad, en la capital","datePublished":"2023-03-30T01:41:11+00:00","dateModified":"2023-04-05T02:44:37+00:00","mainEntityOfPage":{"@id":"http:\/\/elregionalvm.com.ar\/noticias-villa-maria\/informe-las-preocupaciones-de-los-cordobeses-adicciones-en-villa-maria-y-el-interior-inseguridad-en-la-capital\/"},"wordCount":811,"commentCount":0,"image":{"@id":"http:\/\/elregionalvm.com.ar\/noticias-villa-maria\/informe-las-preocupaciones-de-los-cordobeses-adicciones-en-villa-maria-y-el-interior-inseguridad-en-la-capital\/#primaryimage"},"thumbnailUrl":"https:\/\/i0.wp.com\/elregionalvm.com.ar\/noticias-villa-maria\/wp-content\/uploads\/2022\/12\/Hombre-agarra-cabeza-manos-rostro.png?fit=800%2C533&ssl=1","keywords":["Adicciones","alcohol","conflictos","Drogas","encuesta","Informe","Inseguridad","Justicia","Pobreza","preocupaciones principales","Tribunal Superior de Justicia de C\u00f3rdoba"],"articleSection":["Provinciales","tercera","Villa Mar\u00eda"],"inLanguage":"es","potentialAction":[{"@type":"CommentAction","name":"Comment","target":["http:\/\/elregionalvm.com.ar\/noticias-villa-maria\/informe-las-preocupaciones-de-los-cordobeses-adicciones-en-villa-maria-y-el-interior-inseguridad-en-la-capital\/#respond"]}]},{"@type":"WebPage","@id":"http:\/\/elregionalvm.com.ar\/noticias-villa-maria\/informe-las-preocupaciones-de-los-cordobeses-adicciones-en-villa-maria-y-el-interior-inseguridad-en-la-capital\/","url":"http:\/\/elregionalvm.com.ar\/noticias-villa-maria\/informe-las-preocupaciones-de-los-cordobeses-adicciones-en-villa-maria-y-el-interior-inseguridad-en-la-capital\/","name":"[Informe] Las preocupaciones de los cordobeses: Adicciones en Villa Mar\u00eda y el interior; inseguridad, en la capital - El Regional","isPartOf":{"@id":"http:\/\/elregionalvm.com.ar\/noticias-villa-maria\/#website"},"primaryImageOfPage":{"@id":"http:\/\/elregionalvm.com.ar\/noticias-villa-maria\/informe-las-preocupaciones-de-los-cordobeses-adicciones-en-villa-maria-y-el-interior-inseguridad-en-la-capital\/#primaryimage"},"image":{"@id":"http:\/\/elregionalvm.com.ar\/noticias-villa-maria\/informe-las-preocupaciones-de-los-cordobeses-adicciones-en-villa-maria-y-el-interior-inseguridad-en-la-capital\/#primaryimage"},"thumbnailUrl":"https:\/\/i0.wp.com\/elregionalvm.com.ar\/noticias-villa-maria\/wp-content\/uploads\/2022\/12\/Hombre-agarra-cabeza-manos-rostro.png?fit=800%2C533&ssl=1","datePublished":"2023-03-30T01:41:11+00:00","dateModified":"2023-04-05T02:44:37+00:00","author":{"@id":"http:\/\/elregionalvm.com.ar\/noticias-villa-maria\/#\/schema\/person\/d5e4b04966154131701e52c45d3efec9"},"breadcrumb":{"@id":"http:\/\/elregionalvm.com.ar\/noticias-villa-maria\/informe-las-preocupaciones-de-los-cordobeses-adicciones-en-villa-maria-y-el-interior-inseguridad-en-la-capital\/#breadcrumb"},"inLanguage":"es","potentialAction":[{"@type":"ReadAction","target":["http:\/\/elregionalvm.com.ar\/noticias-villa-maria\/informe-las-preocupaciones-de-los-cordobeses-adicciones-en-villa-maria-y-el-interior-inseguridad-en-la-capital\/"]}]},{"@type":"ImageObject","inLanguage":"es","@id":"http:\/\/elregionalvm.com.ar\/noticias-villa-maria\/informe-las-preocupaciones-de-los-cordobeses-adicciones-en-villa-maria-y-el-interior-inseguridad-en-la-capital\/#primaryimage","url":"https:\/\/i0.wp.com\/elregionalvm.com.ar\/noticias-villa-maria\/wp-content\/uploads\/2022\/12\/Hombre-agarra-cabeza-manos-rostro.png?fit=800%2C533&ssl=1","contentUrl":"https:\/\/i0.wp.com\/elregionalvm.com.ar\/noticias-villa-maria\/wp-content\/uploads\/2022\/12\/Hombre-agarra-cabeza-manos-rostro.png?fit=800%2C533&ssl=1","width":800,"height":533},{"@type":"BreadcrumbList","@id":"http:\/\/elregionalvm.com.ar\/noticias-villa-maria\/informe-las-preocupaciones-de-los-cordobeses-adicciones-en-villa-maria-y-el-interior-inseguridad-en-la-capital\/#breadcrumb","itemListElement":[{"@type":"ListItem","position":1,"name":"Portada","item":"https:\/\/elregionalvm.com.ar\/noticias-villa-maria\/"},{"@type":"ListItem","position":2,"name":"[Informe] Las preocupaciones de los cordobeses: Adicciones en Villa Mar\u00eda y el interior; inseguridad, en la capital"}]},{"@type":"WebSite","@id":"http:\/\/elregionalvm.com.ar\/noticias-villa-maria\/#website","url":"http:\/\/elregionalvm.com.ar\/noticias-villa-maria\/","name":"El Regional","description":"Mucho m\u00e1s que informaci\u00f3n","potentialAction":[{"@type":"SearchAction","target":{"@type":"EntryPoint","urlTemplate":"http:\/\/elregionalvm.com.ar\/noticias-villa-maria\/?s={search_term_string}"},"query-input":{"@type":"PropertyValueSpecification","valueRequired":true,"valueName":"search_term_string"}}],"inLanguage":"es"},{"@type":"Person","@id":"http:\/\/elregionalvm.com.ar\/noticias-villa-maria\/#\/schema\/person\/d5e4b04966154131701e52c45d3efec9","name":"Germ\u00e1n Giacchero","image":{"@type":"ImageObject","inLanguage":"es","@id":"http:\/\/elregionalvm.com.ar\/noticias-villa-maria\/#\/schema\/person\/image\/","url":"https:\/\/secure.gravatar.com\/avatar\/fda163ba5ef0307ee5be9846e10f83b6e83d0cfb260d3b2464830318894c6b04?s=96&d=mm&r=g","contentUrl":"https:\/\/secure.gravatar.com\/avatar\/fda163ba5ef0307ee5be9846e10f83b6e83d0cfb260d3b2464830318894c6b04?s=96&d=mm&r=g","caption":"Germ\u00e1n Giacchero"},"url":"https:\/\/elregionalvm.com.ar\/noticias-villa-maria\/author\/germangiacchero\/"}]}},"jetpack_featured_media_url":"https:\/\/i0.wp.com\/elregionalvm.com.ar\/noticias-villa-maria\/wp-content\/uploads\/2022\/12\/Hombre-agarra-cabeza-manos-rostro.png?fit=800%2C533&ssl=1","jetpack_sharing_enabled":true,"_links":{"self":[{"href":"https:\/\/elregionalvm.com.ar\/noticias-villa-maria\/wp-json\/wp\/v2\/posts\/73989","targetHints":{"allow":["GET"]}}],"collection":[{"href":"https:\/\/elregionalvm.com.ar\/noticias-villa-maria\/wp-json\/wp\/v2\/posts"}],"about":[{"href":"https:\/\/elregionalvm.com.ar\/noticias-villa-maria\/wp-json\/wp\/v2\/types\/post"}],"author":[{"embeddable":true,"href":"https:\/\/elregionalvm.com.ar\/noticias-villa-maria\/wp-json\/wp\/v2\/users\/6"}],"replies":[{"embeddable":true,"href":"https:\/\/elregionalvm.com.ar\/noticias-villa-maria\/wp-json\/wp\/v2\/comments?post=73989"}],"version-history":[{"count":3,"href":"https:\/\/elregionalvm.com.ar\/noticias-villa-maria\/wp-json\/wp\/v2\/posts\/73989\/revisions"}],"predecessor-version":[{"id":73997,"href":"https:\/\/elregionalvm.com.ar\/noticias-villa-maria\/wp-json\/wp\/v2\/posts\/73989\/revisions\/73997"}],"wp:featuredmedia":[{"embeddable":true,"href":"https:\/\/elregionalvm.com.ar\/noticias-villa-maria\/wp-json\/wp\/v2\/media\/69487"}],"wp:attachment":[{"href":"https:\/\/elregionalvm.com.ar\/noticias-villa-maria\/wp-json\/wp\/v2\/media?parent=73989"}],"wp:term":[{"taxonomy":"category","embeddable":true,"href":"https:\/\/elregionalvm.com.ar\/noticias-villa-maria\/wp-json\/wp\/v2\/categories?post=73989"},{"taxonomy":"post_tag","embeddable":true,"href":"https:\/\/elregionalvm.com.ar\/noticias-villa-maria\/wp-json\/wp\/v2\/tags?post=73989"}],"curies":[{"name":"wp","href":"https:\/\/api.w.org\/{rel}","templated":true}]}}