{"id":74011,"date":"2023-03-30T21:48:22","date_gmt":"2023-03-30T21:48:22","guid":{"rendered":"https:\/\/elregionalvm.com.ar\/noticias-villa-maria\/?p=74011"},"modified":"2023-03-30T21:48:24","modified_gmt":"2023-03-30T21:48:24","slug":"un-sobreviviente-de-la-tragedia-de-los-andes-abrira-las-jornadas-lecheras-2023-en-todolactea","status":"publish","type":"post","link":"https:\/\/elregionalvm.com.ar\/noticias-villa-maria\/un-sobreviviente-de-la-tragedia-de-los-andes-abrira-las-jornadas-lecheras-2023-en-todolactea\/","title":{"rendered":"Un sobreviviente de la Tragedia de los Andes abrir\u00e1 las Jornadas Lecheras 2023 en TodoL\u00e1ctea"},"content":{"rendered":"\n<p>Antonio \u201cTint\u00edn\u201d Vizint\u00edn brindar\u00e1 una charla enfocada en la resiliencia y la superaci\u00f3n de adversidades durante la apertura de las Jornadas Lecheras Nacionales 2023, que se desarrollar\u00e1n en el marco de la Expo TodoL\u00e1ctea.<\/p>\n\n\n\n<p>La organizaci\u00f3n de TodoL\u00e1ctea, la mayor muestra lechera del Cono Sur que se desarrollar\u00e1 en Esperanza (Santa Fe) del 9 al 11 de mayo, decidi\u00f3 incluir una charla enfocada en la resiliencia y la superaci\u00f3n de adversidades que brindar\u00e1 Antonio \u201cTint\u00edn\u201d Vizint\u00edn, uno de los 16 sobreviviente de la Tragedia de los Andes.<\/p>\n\n\n\n<p>Tendr\u00e1 lugar el martes 9 de mayo desde las 9.15 horas tras la apertura a cargo de autoridades locales y provinciales, y como antesala de las charlas t\u00e9cnicas que se desarrollar\u00e1n durante las 17\u00b0 Jornadas Lecheras Nacionales.<\/p>\n\n\n\n<p><\/p>\n\n\n\n<p><\/p>\n","protected":false},"excerpt":{"rendered":"<p>Antonio \u201cTint\u00edn\u201d Vizint\u00edn brindar\u00e1 una charla enfocada en la resiliencia y la superaci\u00f3n de adversidades durante la apertura de las Jornadas Lecheras Nacionales 2023, que se desarrollar\u00e1n en el marco de la Expo TodoL\u00e1ctea. La organizaci\u00f3n de TodoL\u00e1ctea, la mayor muestra lechera del Cono Sur que se desarrollar\u00e1 en Esperanza (Santa Fe) del 9 al [&hellip;]<\/p>\n","protected":false},"author":4,"featured_media":74012,"comment_status":"open","ping_status":"open","sticky":false,"template":"","format":"standard","meta":{"site-sidebar-layout":"default","site-content-layout":"","ast-site-content-layout":"default","site-content-style":"default","site-sidebar-style":"default","ast-global-header-display":"","ast-banner-title-visibility":"","ast-main-header-display":"","ast-hfb-above-header-display":"","ast-hfb-below-header-display":"","ast-hfb-mobile-header-display":"","site-post-title":"","ast-breadcrumbs-content":"","ast-featured-img":"","footer-sml-layout":"","ast-disable-related-posts":"","theme-transparent-header-meta":"","adv-header-id-meta":"","stick-header-meta":"","header-above-stick-meta":"","header-main-stick-meta":"","header-below-stick-meta":"","astra-migrate-meta-layouts":"default","ast-page-background-enabled":"default","ast-page-background-meta":{"desktop":{"background-color":"","background-image":"","background-repeat":"repeat","background-position":"center center","background-size":"auto","background-attachment":"scroll","background-type":"","background-media":"","overlay-type":"","overlay-color":"","overlay-opacity":"","overlay-gradient":""},"tablet":{"background-color":"","background-image":"","background-repeat":"repeat","background-position":"center center","background-size":"auto","background-attachment":"scroll","background-type":"","background-media":"","overlay-type":"","overlay-color":"","overlay-opacity":"","overlay-gradient":""},"mobile":{"background-color":"","background-image":"","background-repeat":"repeat","background-position":"center center","background-size":"auto","background-attachment":"scroll","background-type":"","background-media":"","overlay-type":"","overlay-color":"","overlay-opacity":"","overlay-gradient":""}},"ast-content-background-meta":{"desktop":{"background-color":"var(--ast-global-color-5)","background-image":"","background-repeat":"repeat","background-position":"center center","background-size":"auto","background-attachment":"scroll","background-type":"","background-media":"","overlay-type":"","overlay-color":"","overlay-opacity":"","overlay-gradient":""},"tablet":{"background-color":"var(--ast-global-color-5)","background-image":"","background-repeat":"repeat","background-position":"center center","background-size":"auto","background-attachment":"scroll","background-type":"","background-media":"","overlay-type":"","overlay-color":"","overlay-opacity":"","overlay-gradient":""},"mobile":{"background-color":"var(--ast-global-color-5)","background-image":"","background-repeat":"repeat","background-position":"center center","background-size":"auto","background-attachment":"scroll","background-type":"","background-media":"","overlay-type":"","overlay-color":"","overlay-opacity":"","overlay-gradient":""}},"_jetpack_memberships_contains_paid_content":false,"_joinchat":[],"footnotes":""},"categories":[15302,5],"tags":[],"class_list":["post-74011","post","type-post","status-publish","format-standard","has-post-thumbnail","hentry","category-destacado","category-sociedad"],"yoast_head":"<!-- This site is optimized with the Yoast SEO plugin v26.8 - https:\/\/yoast.com\/product\/yoast-seo-wordpress\/ -->\n<title>Un sobreviviente de la Tragedia de los Andes abrir\u00e1 las Jornadas Lecheras 2023 en TodoL\u00e1ctea - El Regional<\/title>\n<meta name=\"robots\" content=\"index, follow, max-snippet:-1, max-image-preview:large, max-video-preview:-1\" \/>\n<link rel=\"canonical\" href=\"http:\/\/elregionalvm.com.ar\/noticias-villa-maria\/un-sobreviviente-de-la-tragedia-de-los-andes-abrira-las-jornadas-lecheras-2023-en-todolactea\/\" \/>\n<meta property=\"og:locale\" content=\"es_ES\" \/>\n<meta property=\"og:type\" content=\"article\" \/>\n<meta property=\"og:title\" content=\"Un sobreviviente de la Tragedia de los Andes abrir\u00e1 las Jornadas Lecheras 2023 en TodoL\u00e1ctea - El Regional\" \/>\n<meta property=\"og:description\" content=\"Antonio \u201cTint\u00edn\u201d Vizint\u00edn brindar\u00e1 una charla enfocada en la resiliencia y la superaci\u00f3n de adversidades durante la apertura de las Jornadas Lecheras Nacionales 2023, que se desarrollar\u00e1n en el marco de la Expo TodoL\u00e1ctea. La organizaci\u00f3n de TodoL\u00e1ctea, la mayor muestra lechera del Cono Sur que se desarrollar\u00e1 en Esperanza (Santa Fe) del 9 al [&hellip;]\" \/>\n<meta property=\"og:url\" content=\"http:\/\/elregionalvm.com.ar\/noticias-villa-maria\/un-sobreviviente-de-la-tragedia-de-los-andes-abrira-las-jornadas-lecheras-2023-en-todolactea\/\" \/>\n<meta property=\"og:site_name\" content=\"El Regional\" \/>\n<meta property=\"article:publisher\" content=\"https:\/\/www.facebook.com\/elregionalvm\" \/>\n<meta property=\"article:published_time\" content=\"2023-03-30T21:48:22+00:00\" \/>\n<meta property=\"article:modified_time\" content=\"2023-03-30T21:48:24+00:00\" \/>\n<meta property=\"og:image\" content=\"http:\/\/elregionalvm.com.ar\/noticias-villa-maria\/wp-content\/uploads\/2023\/03\/WhatsApp-Image-2023-03-30-at-11.53.05.jpeg\" \/>\n\t<meta property=\"og:image:width\" content=\"670\" \/>\n\t<meta property=\"og:image:height\" content=\"382\" \/>\n\t<meta property=\"og:image:type\" content=\"image\/jpeg\" \/>\n<meta name=\"author\" content=\"Contenidos El Regional\" \/>\n<meta name=\"twitter:card\" content=\"summary_large_image\" \/>\n<meta name=\"twitter:creator\" content=\"@elregionalvm1\" \/>\n<meta name=\"twitter:site\" content=\"@elregionalvm1\" \/>\n<meta name=\"twitter:label1\" content=\"Escrito por\" \/>\n\t<meta name=\"twitter:data1\" content=\"Contenidos El Regional\" \/>\n\t<meta name=\"twitter:label2\" content=\"Tiempo de lectura\" \/>\n\t<meta name=\"twitter:data2\" content=\"1 minuto\" \/>\n<script type=\"application\/ld+json\" class=\"yoast-schema-graph\">{\"@context\":\"https:\/\/schema.org\",\"@graph\":[{\"@type\":\"Article\",\"@id\":\"http:\/\/elregionalvm.com.ar\/noticias-villa-maria\/un-sobreviviente-de-la-tragedia-de-los-andes-abrira-las-jornadas-lecheras-2023-en-todolactea\/#article\",\"isPartOf\":{\"@id\":\"http:\/\/elregionalvm.com.ar\/noticias-villa-maria\/un-sobreviviente-de-la-tragedia-de-los-andes-abrira-las-jornadas-lecheras-2023-en-todolactea\/\"},\"author\":{\"name\":\"Contenidos El Regional\",\"@id\":\"http:\/\/elregionalvm.com.ar\/noticias-villa-maria\/#\/schema\/person\/a0fb9c422317faca23d50163151bc354\"},\"headline\":\"Un sobreviviente de la Tragedia de los Andes abrir\u00e1 las Jornadas Lecheras 2023 en TodoL\u00e1ctea\",\"datePublished\":\"2023-03-30T21:48:22+00:00\",\"dateModified\":\"2023-03-30T21:48:24+00:00\",\"mainEntityOfPage\":{\"@id\":\"http:\/\/elregionalvm.com.ar\/noticias-villa-maria\/un-sobreviviente-de-la-tragedia-de-los-andes-abrira-las-jornadas-lecheras-2023-en-todolactea\/\"},\"wordCount\":144,\"commentCount\":0,\"image\":{\"@id\":\"http:\/\/elregionalvm.com.ar\/noticias-villa-maria\/un-sobreviviente-de-la-tragedia-de-los-andes-abrira-las-jornadas-lecheras-2023-en-todolactea\/#primaryimage\"},\"thumbnailUrl\":\"https:\/\/i0.wp.com\/elregionalvm.com.ar\/noticias-villa-maria\/wp-content\/uploads\/2023\/03\/WhatsApp-Image-2023-03-30-at-11.53.05.jpeg?fit=670%2C382&ssl=1\",\"articleSection\":[\"destacado\",\"Sociedad\"],\"inLanguage\":\"es\",\"potentialAction\":[{\"@type\":\"CommentAction\",\"name\":\"Comment\",\"target\":[\"http:\/\/elregionalvm.com.ar\/noticias-villa-maria\/un-sobreviviente-de-la-tragedia-de-los-andes-abrira-las-jornadas-lecheras-2023-en-todolactea\/#respond\"]}]},{\"@type\":\"WebPage\",\"@id\":\"http:\/\/elregionalvm.com.ar\/noticias-villa-maria\/un-sobreviviente-de-la-tragedia-de-los-andes-abrira-las-jornadas-lecheras-2023-en-todolactea\/\",\"url\":\"http:\/\/elregionalvm.com.ar\/noticias-villa-maria\/un-sobreviviente-de-la-tragedia-de-los-andes-abrira-las-jornadas-lecheras-2023-en-todolactea\/\",\"name\":\"Un sobreviviente de la Tragedia de los Andes abrir\u00e1 las Jornadas Lecheras 2023 en TodoL\u00e1ctea - El Regional\",\"isPartOf\":{\"@id\":\"http:\/\/elregionalvm.com.ar\/noticias-villa-maria\/#website\"},\"primaryImageOfPage\":{\"@id\":\"http:\/\/elregionalvm.com.ar\/noticias-villa-maria\/un-sobreviviente-de-la-tragedia-de-los-andes-abrira-las-jornadas-lecheras-2023-en-todolactea\/#primaryimage\"},\"image\":{\"@id\":\"http:\/\/elregionalvm.com.ar\/noticias-villa-maria\/un-sobreviviente-de-la-tragedia-de-los-andes-abrira-las-jornadas-lecheras-2023-en-todolactea\/#primaryimage\"},\"thumbnailUrl\":\"https:\/\/i0.wp.com\/elregionalvm.com.ar\/noticias-villa-maria\/wp-content\/uploads\/2023\/03\/WhatsApp-Image-2023-03-30-at-11.53.05.jpeg?fit=670%2C382&ssl=1\",\"datePublished\":\"2023-03-30T21:48:22+00:00\",\"dateModified\":\"2023-03-30T21:48:24+00:00\",\"author\":{\"@id\":\"http:\/\/elregionalvm.com.ar\/noticias-villa-maria\/#\/schema\/person\/a0fb9c422317faca23d50163151bc354\"},\"breadcrumb\":{\"@id\":\"http:\/\/elregionalvm.com.ar\/noticias-villa-maria\/un-sobreviviente-de-la-tragedia-de-los-andes-abrira-las-jornadas-lecheras-2023-en-todolactea\/#breadcrumb\"},\"inLanguage\":\"es\",\"potentialAction\":[{\"@type\":\"ReadAction\",\"target\":[\"http:\/\/elregionalvm.com.ar\/noticias-villa-maria\/un-sobreviviente-de-la-tragedia-de-los-andes-abrira-las-jornadas-lecheras-2023-en-todolactea\/\"]}]},{\"@type\":\"ImageObject\",\"inLanguage\":\"es\",\"@id\":\"http:\/\/elregionalvm.com.ar\/noticias-villa-maria\/un-sobreviviente-de-la-tragedia-de-los-andes-abrira-las-jornadas-lecheras-2023-en-todolactea\/#primaryimage\",\"url\":\"https:\/\/i0.wp.com\/elregionalvm.com.ar\/noticias-villa-maria\/wp-content\/uploads\/2023\/03\/WhatsApp-Image-2023-03-30-at-11.53.05.jpeg?fit=670%2C382&ssl=1\",\"contentUrl\":\"https:\/\/i0.wp.com\/elregionalvm.com.ar\/noticias-villa-maria\/wp-content\/uploads\/2023\/03\/WhatsApp-Image-2023-03-30-at-11.53.05.jpeg?fit=670%2C382&ssl=1\",\"width\":670,\"height\":382},{\"@type\":\"BreadcrumbList\",\"@id\":\"http:\/\/elregionalvm.com.ar\/noticias-villa-maria\/un-sobreviviente-de-la-tragedia-de-los-andes-abrira-las-jornadas-lecheras-2023-en-todolactea\/#breadcrumb\",\"itemListElement\":[{\"@type\":\"ListItem\",\"position\":1,\"name\":\"Portada\",\"item\":\"https:\/\/elregionalvm.com.ar\/noticias-villa-maria\/\"},{\"@type\":\"ListItem\",\"position\":2,\"name\":\"Un sobreviviente de la Tragedia de los Andes abrir\u00e1 las Jornadas Lecheras 2023 en TodoL\u00e1ctea\"}]},{\"@type\":\"WebSite\",\"@id\":\"http:\/\/elregionalvm.com.ar\/noticias-villa-maria\/#website\",\"url\":\"http:\/\/elregionalvm.com.ar\/noticias-villa-maria\/\",\"name\":\"El Regional\",\"description\":\"Mucho m\u00e1s que informaci\u00f3n\",\"potentialAction\":[{\"@type\":\"SearchAction\",\"target\":{\"@type\":\"EntryPoint\",\"urlTemplate\":\"http:\/\/elregionalvm.com.ar\/noticias-villa-maria\/?s={search_term_string}\"},\"query-input\":{\"@type\":\"PropertyValueSpecification\",\"valueRequired\":true,\"valueName\":\"search_term_string\"}}],\"inLanguage\":\"es\"},{\"@type\":\"Person\",\"@id\":\"http:\/\/elregionalvm.com.ar\/noticias-villa-maria\/#\/schema\/person\/a0fb9c422317faca23d50163151bc354\",\"name\":\"Contenidos El Regional\",\"image\":{\"@type\":\"ImageObject\",\"inLanguage\":\"es\",\"@id\":\"http:\/\/elregionalvm.com.ar\/noticias-villa-maria\/#\/schema\/person\/image\/\",\"url\":\"https:\/\/secure.gravatar.com\/avatar\/265b27cb2209af7bb3a1318f03305787d7981a5cc6e6cd08fe5a4ecdf99d4b48?s=96&d=mm&r=g\",\"contentUrl\":\"https:\/\/secure.gravatar.com\/avatar\/265b27cb2209af7bb3a1318f03305787d7981a5cc6e6cd08fe5a4ecdf99d4b48?s=96&d=mm&r=g\",\"caption\":\"Contenidos El Regional\"},\"url\":\"https:\/\/elregionalvm.com.ar\/noticias-villa-maria\/author\/contenido\/\"}]}<\/script>\n<!-- \/ Yoast SEO plugin. -->","yoast_head_json":{"title":"Un sobreviviente de la Tragedia de los Andes abrir\u00e1 las Jornadas Lecheras 2023 en TodoL\u00e1ctea - El Regional","robots":{"index":"index","follow":"follow","max-snippet":"max-snippet:-1","max-image-preview":"max-image-preview:large","max-video-preview":"max-video-preview:-1"},"canonical":"http:\/\/elregionalvm.com.ar\/noticias-villa-maria\/un-sobreviviente-de-la-tragedia-de-los-andes-abrira-las-jornadas-lecheras-2023-en-todolactea\/","og_locale":"es_ES","og_type":"article","og_title":"Un sobreviviente de la Tragedia de los Andes abrir\u00e1 las Jornadas Lecheras 2023 en TodoL\u00e1ctea - El Regional","og_description":"Antonio \u201cTint\u00edn\u201d Vizint\u00edn brindar\u00e1 una charla enfocada en la resiliencia y la superaci\u00f3n de adversidades durante la apertura de las Jornadas Lecheras Nacionales 2023, que se desarrollar\u00e1n en el marco de la Expo TodoL\u00e1ctea. La organizaci\u00f3n de TodoL\u00e1ctea, la mayor muestra lechera del Cono Sur que se desarrollar\u00e1 en Esperanza (Santa Fe) del 9 al [&hellip;]","og_url":"http:\/\/elregionalvm.com.ar\/noticias-villa-maria\/un-sobreviviente-de-la-tragedia-de-los-andes-abrira-las-jornadas-lecheras-2023-en-todolactea\/","og_site_name":"El Regional","article_publisher":"https:\/\/www.facebook.com\/elregionalvm","article_published_time":"2023-03-30T21:48:22+00:00","article_modified_time":"2023-03-30T21:48:24+00:00","og_image":[{"width":670,"height":382,"url":"http:\/\/elregionalvm.com.ar\/noticias-villa-maria\/wp-content\/uploads\/2023\/03\/WhatsApp-Image-2023-03-30-at-11.53.05.jpeg","type":"image\/jpeg"}],"author":"Contenidos El Regional","twitter_card":"summary_large_image","twitter_creator":"@elregionalvm1","twitter_site":"@elregionalvm1","twitter_misc":{"Escrito por":"Contenidos El Regional","Tiempo de lectura":"1 minuto"},"schema":{"@context":"https:\/\/schema.org","@graph":[{"@type":"Article","@id":"http:\/\/elregionalvm.com.ar\/noticias-villa-maria\/un-sobreviviente-de-la-tragedia-de-los-andes-abrira-las-jornadas-lecheras-2023-en-todolactea\/#article","isPartOf":{"@id":"http:\/\/elregionalvm.com.ar\/noticias-villa-maria\/un-sobreviviente-de-la-tragedia-de-los-andes-abrira-las-jornadas-lecheras-2023-en-todolactea\/"},"author":{"name":"Contenidos El Regional","@id":"http:\/\/elregionalvm.com.ar\/noticias-villa-maria\/#\/schema\/person\/a0fb9c422317faca23d50163151bc354"},"headline":"Un sobreviviente de la Tragedia de los Andes abrir\u00e1 las Jornadas Lecheras 2023 en TodoL\u00e1ctea","datePublished":"2023-03-30T21:48:22+00:00","dateModified":"2023-03-30T21:48:24+00:00","mainEntityOfPage":{"@id":"http:\/\/elregionalvm.com.ar\/noticias-villa-maria\/un-sobreviviente-de-la-tragedia-de-los-andes-abrira-las-jornadas-lecheras-2023-en-todolactea\/"},"wordCount":144,"commentCount":0,"image":{"@id":"http:\/\/elregionalvm.com.ar\/noticias-villa-maria\/un-sobreviviente-de-la-tragedia-de-los-andes-abrira-las-jornadas-lecheras-2023-en-todolactea\/#primaryimage"},"thumbnailUrl":"https:\/\/i0.wp.com\/elregionalvm.com.ar\/noticias-villa-maria\/wp-content\/uploads\/2023\/03\/WhatsApp-Image-2023-03-30-at-11.53.05.jpeg?fit=670%2C382&ssl=1","articleSection":["destacado","Sociedad"],"inLanguage":"es","potentialAction":[{"@type":"CommentAction","name":"Comment","target":["http:\/\/elregionalvm.com.ar\/noticias-villa-maria\/un-sobreviviente-de-la-tragedia-de-los-andes-abrira-las-jornadas-lecheras-2023-en-todolactea\/#respond"]}]},{"@type":"WebPage","@id":"http:\/\/elregionalvm.com.ar\/noticias-villa-maria\/un-sobreviviente-de-la-tragedia-de-los-andes-abrira-las-jornadas-lecheras-2023-en-todolactea\/","url":"http:\/\/elregionalvm.com.ar\/noticias-villa-maria\/un-sobreviviente-de-la-tragedia-de-los-andes-abrira-las-jornadas-lecheras-2023-en-todolactea\/","name":"Un sobreviviente de la Tragedia de los Andes abrir\u00e1 las Jornadas Lecheras 2023 en TodoL\u00e1ctea - El Regional","isPartOf":{"@id":"http:\/\/elregionalvm.com.ar\/noticias-villa-maria\/#website"},"primaryImageOfPage":{"@id":"http:\/\/elregionalvm.com.ar\/noticias-villa-maria\/un-sobreviviente-de-la-tragedia-de-los-andes-abrira-las-jornadas-lecheras-2023-en-todolactea\/#primaryimage"},"image":{"@id":"http:\/\/elregionalvm.com.ar\/noticias-villa-maria\/un-sobreviviente-de-la-tragedia-de-los-andes-abrira-las-jornadas-lecheras-2023-en-todolactea\/#primaryimage"},"thumbnailUrl":"https:\/\/i0.wp.com\/elregionalvm.com.ar\/noticias-villa-maria\/wp-content\/uploads\/2023\/03\/WhatsApp-Image-2023-03-30-at-11.53.05.jpeg?fit=670%2C382&ssl=1","datePublished":"2023-03-30T21:48:22+00:00","dateModified":"2023-03-30T21:48:24+00:00","author":{"@id":"http:\/\/elregionalvm.com.ar\/noticias-villa-maria\/#\/schema\/person\/a0fb9c422317faca23d50163151bc354"},"breadcrumb":{"@id":"http:\/\/elregionalvm.com.ar\/noticias-villa-maria\/un-sobreviviente-de-la-tragedia-de-los-andes-abrira-las-jornadas-lecheras-2023-en-todolactea\/#breadcrumb"},"inLanguage":"es","potentialAction":[{"@type":"ReadAction","target":["http:\/\/elregionalvm.com.ar\/noticias-villa-maria\/un-sobreviviente-de-la-tragedia-de-los-andes-abrira-las-jornadas-lecheras-2023-en-todolactea\/"]}]},{"@type":"ImageObject","inLanguage":"es","@id":"http:\/\/elregionalvm.com.ar\/noticias-villa-maria\/un-sobreviviente-de-la-tragedia-de-los-andes-abrira-las-jornadas-lecheras-2023-en-todolactea\/#primaryimage","url":"https:\/\/i0.wp.com\/elregionalvm.com.ar\/noticias-villa-maria\/wp-content\/uploads\/2023\/03\/WhatsApp-Image-2023-03-30-at-11.53.05.jpeg?fit=670%2C382&ssl=1","contentUrl":"https:\/\/i0.wp.com\/elregionalvm.com.ar\/noticias-villa-maria\/wp-content\/uploads\/2023\/03\/WhatsApp-Image-2023-03-30-at-11.53.05.jpeg?fit=670%2C382&ssl=1","width":670,"height":382},{"@type":"BreadcrumbList","@id":"http:\/\/elregionalvm.com.ar\/noticias-villa-maria\/un-sobreviviente-de-la-tragedia-de-los-andes-abrira-las-jornadas-lecheras-2023-en-todolactea\/#breadcrumb","itemListElement":[{"@type":"ListItem","position":1,"name":"Portada","item":"https:\/\/elregionalvm.com.ar\/noticias-villa-maria\/"},{"@type":"ListItem","position":2,"name":"Un sobreviviente de la Tragedia de los Andes abrir\u00e1 las Jornadas Lecheras 2023 en TodoL\u00e1ctea"}]},{"@type":"WebSite","@id":"http:\/\/elregionalvm.com.ar\/noticias-villa-maria\/#website","url":"http:\/\/elregionalvm.com.ar\/noticias-villa-maria\/","name":"El Regional","description":"Mucho m\u00e1s que informaci\u00f3n","potentialAction":[{"@type":"SearchAction","target":{"@type":"EntryPoint","urlTemplate":"http:\/\/elregionalvm.com.ar\/noticias-villa-maria\/?s={search_term_string}"},"query-input":{"@type":"PropertyValueSpecification","valueRequired":true,"valueName":"search_term_string"}}],"inLanguage":"es"},{"@type":"Person","@id":"http:\/\/elregionalvm.com.ar\/noticias-villa-maria\/#\/schema\/person\/a0fb9c422317faca23d50163151bc354","name":"Contenidos El Regional","image":{"@type":"ImageObject","inLanguage":"es","@id":"http:\/\/elregionalvm.com.ar\/noticias-villa-maria\/#\/schema\/person\/image\/","url":"https:\/\/secure.gravatar.com\/avatar\/265b27cb2209af7bb3a1318f03305787d7981a5cc6e6cd08fe5a4ecdf99d4b48?s=96&d=mm&r=g","contentUrl":"https:\/\/secure.gravatar.com\/avatar\/265b27cb2209af7bb3a1318f03305787d7981a5cc6e6cd08fe5a4ecdf99d4b48?s=96&d=mm&r=g","caption":"Contenidos El Regional"},"url":"https:\/\/elregionalvm.com.ar\/noticias-villa-maria\/author\/contenido\/"}]}},"jetpack_featured_media_url":"https:\/\/i0.wp.com\/elregionalvm.com.ar\/noticias-villa-maria\/wp-content\/uploads\/2023\/03\/WhatsApp-Image-2023-03-30-at-11.53.05.jpeg?fit=670%2C382&ssl=1","jetpack_sharing_enabled":true,"_links":{"self":[{"href":"https:\/\/elregionalvm.com.ar\/noticias-villa-maria\/wp-json\/wp\/v2\/posts\/74011","targetHints":{"allow":["GET"]}}],"collection":[{"href":"https:\/\/elregionalvm.com.ar\/noticias-villa-maria\/wp-json\/wp\/v2\/posts"}],"about":[{"href":"https:\/\/elregionalvm.com.ar\/noticias-villa-maria\/wp-json\/wp\/v2\/types\/post"}],"author":[{"embeddable":true,"href":"https:\/\/elregionalvm.com.ar\/noticias-villa-maria\/wp-json\/wp\/v2\/users\/4"}],"replies":[{"embeddable":true,"href":"https:\/\/elregionalvm.com.ar\/noticias-villa-maria\/wp-json\/wp\/v2\/comments?post=74011"}],"version-history":[{"count":1,"href":"https:\/\/elregionalvm.com.ar\/noticias-villa-maria\/wp-json\/wp\/v2\/posts\/74011\/revisions"}],"predecessor-version":[{"id":74013,"href":"https:\/\/elregionalvm.com.ar\/noticias-villa-maria\/wp-json\/wp\/v2\/posts\/74011\/revisions\/74013"}],"wp:featuredmedia":[{"embeddable":true,"href":"https:\/\/elregionalvm.com.ar\/noticias-villa-maria\/wp-json\/wp\/v2\/media\/74012"}],"wp:attachment":[{"href":"https:\/\/elregionalvm.com.ar\/noticias-villa-maria\/wp-json\/wp\/v2\/media?parent=74011"}],"wp:term":[{"taxonomy":"category","embeddable":true,"href":"https:\/\/elregionalvm.com.ar\/noticias-villa-maria\/wp-json\/wp\/v2\/categories?post=74011"},{"taxonomy":"post_tag","embeddable":true,"href":"https:\/\/elregionalvm.com.ar\/noticias-villa-maria\/wp-json\/wp\/v2\/tags?post=74011"}],"curies":[{"name":"wp","href":"https:\/\/api.w.org\/{rel}","templated":true}]}}