{"id":74018,"date":"2023-03-30T21:58:29","date_gmt":"2023-03-30T21:58:29","guid":{"rendered":"https:\/\/elregionalvm.com.ar\/noticias-villa-maria\/?p=74018"},"modified":"2023-03-30T21:58:30","modified_gmt":"2023-03-30T21:58:30","slug":"firmaron-un-convenio-de-adhesion-al-programa-provincial-de-asistencia-al-transporte-publico-de-pasajeros","status":"publish","type":"post","link":"https:\/\/elregionalvm.com.ar\/noticias-villa-maria\/firmaron-un-convenio-de-adhesion-al-programa-provincial-de-asistencia-al-transporte-publico-de-pasajeros\/","title":{"rendered":"Firmaron un convenio de adhesi\u00f3n al Programa Provincial de Asistencia al Transporte P\u00fablico de Pasajeros"},"content":{"rendered":"\n<p>El intendente Mart\u00edn Gill, junto al secretario de Transporte de la Provincia, Franco Mogetta Prevedello, firmaron un convenio por el que Villa Mar\u00eda adhiere nuevamente al Programa Provincial de Asistencia al Transporte P\u00fablico de Pasajeros.<\/p>\n\n\n\n<p>La r\u00fabrica tuvo lugar en el municipio, y entre otros lineamientos, la Provincia transferir\u00e1 a las empresas prestatarias del servicio de transporte urbano los importes que integran el Fondo Provincial de Asistencia al Transporte P\u00fablico de Pasajeros que correspondan, conforme a los criterios establecidos por la Provincia.<\/p>\n\n\n\n<p>Por otra parte, en esta oportunidad, el convenio tambi\u00e9n hace referencia a un acuerdo entre la Provincia y el Ministerio de Transporte de la Naci\u00f3n, solicitando la implementaci\u00f3n del Sistema \u00danico de Boleto Electr\u00f3nico SUBE. <\/p>\n\n\n\n<figure class=\"wp-block-image size-large\"><img data-recalc-dims=\"1\" fetchpriority=\"high\" decoding=\"async\" width=\"1024\" height=\"682\" src=\"https:\/\/i0.wp.com\/elregionalvm.com.ar\/noticias-villa-maria\/wp-content\/uploads\/2023\/03\/WhatsApp-Image-2023-03-30-at-11.12.39-1.jpeg?resize=1024%2C682&#038;ssl=1\" alt=\"\" class=\"wp-image-74019\" srcset=\"https:\/\/i0.wp.com\/elregionalvm.com.ar\/noticias-villa-maria\/wp-content\/uploads\/2023\/03\/WhatsApp-Image-2023-03-30-at-11.12.39-1.jpeg?resize=1024%2C682&amp;ssl=1 1024w, https:\/\/i0.wp.com\/elregionalvm.com.ar\/noticias-villa-maria\/wp-content\/uploads\/2023\/03\/WhatsApp-Image-2023-03-30-at-11.12.39-1.jpeg?resize=300%2C200&amp;ssl=1 300w, https:\/\/i0.wp.com\/elregionalvm.com.ar\/noticias-villa-maria\/wp-content\/uploads\/2023\/03\/WhatsApp-Image-2023-03-30-at-11.12.39-1.jpeg?resize=768%2C512&amp;ssl=1 768w, https:\/\/i0.wp.com\/elregionalvm.com.ar\/noticias-villa-maria\/wp-content\/uploads\/2023\/03\/WhatsApp-Image-2023-03-30-at-11.12.39-1.jpeg?w=1280&amp;ssl=1 1280w\" sizes=\"(max-width: 1000px) 100vw, 1000px\" \/><\/figure>\n\n\n\n<p>En ese sentido, el municipio ratifica su compromiso de implementar conjuntamente con las empresas de transporte p\u00fablico de pasajeros bajo su \u00f3rbita, el sistema de boleto \u00fanico electr\u00f3nico.<\/p>\n\n\n\n<p>Acompa\u00f1aron el jefe de Gabinete, H\u00e9ctor Mu\u00f1oz; el secretario de Gobierno, Seguridad Ciudadana y Asuntos Legales, Eduardo Rodr\u00edguez y su par de Planeamiento, Relaciones Institucionales y V\u00ednculos Comunitarios, Otto Wester. <\/p>\n\n\n\n<p>Tambi\u00e9n formaron parte la subsecretaria de Seguridad Ciudadana, Noelia Mateo; el presidente de la Empresa Municipal de Trasporte Urbano de Pasajeros Emtupse, Jos\u00e9 Fern\u00e1ndez; el director de Control de Transporte del municipio, Jos\u00e9 Bernab\u00e9, y representantes gremiales y de sindicatos ligados al transporte, entre otros.<\/p>\n","protected":false},"excerpt":{"rendered":"<p>El intendente Mart\u00edn Gill, junto al secretario de Transporte de la Provincia, Franco Mogetta Prevedello, firmaron un convenio por el que Villa Mar\u00eda adhiere nuevamente al Programa Provincial de Asistencia al Transporte P\u00fablico de Pasajeros. La r\u00fabrica tuvo lugar en el municipio, y entre otros lineamientos, la Provincia transferir\u00e1 a las empresas prestatarias del servicio [&hellip;]<\/p>\n","protected":false},"author":4,"featured_media":74020,"comment_status":"open","ping_status":"open","sticky":false,"template":"","format":"standard","meta":{"site-sidebar-layout":"default","site-content-layout":"","ast-site-content-layout":"default","site-content-style":"default","site-sidebar-style":"default","ast-global-header-display":"","ast-banner-title-visibility":"","ast-main-header-display":"","ast-hfb-above-header-display":"","ast-hfb-below-header-display":"","ast-hfb-mobile-header-display":"","site-post-title":"","ast-breadcrumbs-content":"","ast-featured-img":"","footer-sml-layout":"","ast-disable-related-posts":"","theme-transparent-header-meta":"","adv-header-id-meta":"","stick-header-meta":"","header-above-stick-meta":"","header-main-stick-meta":"","header-below-stick-meta":"","astra-migrate-meta-layouts":"default","ast-page-background-enabled":"default","ast-page-background-meta":{"desktop":{"background-color":"","background-image":"","background-repeat":"repeat","background-position":"center center","background-size":"auto","background-attachment":"scroll","background-type":"","background-media":"","overlay-type":"","overlay-color":"","overlay-opacity":"","overlay-gradient":""},"tablet":{"background-color":"","background-image":"","background-repeat":"repeat","background-position":"center center","background-size":"auto","background-attachment":"scroll","background-type":"","background-media":"","overlay-type":"","overlay-color":"","overlay-opacity":"","overlay-gradient":""},"mobile":{"background-color":"","background-image":"","background-repeat":"repeat","background-position":"center center","background-size":"auto","background-attachment":"scroll","background-type":"","background-media":"","overlay-type":"","overlay-color":"","overlay-opacity":"","overlay-gradient":""}},"ast-content-background-meta":{"desktop":{"background-color":"var(--ast-global-color-5)","background-image":"","background-repeat":"repeat","background-position":"center center","background-size":"auto","background-attachment":"scroll","background-type":"","background-media":"","overlay-type":"","overlay-color":"","overlay-opacity":"","overlay-gradient":""},"tablet":{"background-color":"var(--ast-global-color-5)","background-image":"","background-repeat":"repeat","background-position":"center center","background-size":"auto","background-attachment":"scroll","background-type":"","background-media":"","overlay-type":"","overlay-color":"","overlay-opacity":"","overlay-gradient":""},"mobile":{"background-color":"var(--ast-global-color-5)","background-image":"","background-repeat":"repeat","background-position":"center center","background-size":"auto","background-attachment":"scroll","background-type":"","background-media":"","overlay-type":"","overlay-color":"","overlay-opacity":"","overlay-gradient":""}},"_jetpack_memberships_contains_paid_content":false,"_joinchat":[],"footnotes":""},"categories":[15302,16095,5,2],"tags":[],"class_list":["post-74018","post","type-post","status-publish","format-standard","has-post-thumbnail","hentry","category-destacado","category-provinciales","category-sociedad","category-villa-maria"],"yoast_head":"<!-- This site is optimized with the Yoast SEO plugin v26.8 - https:\/\/yoast.com\/product\/yoast-seo-wordpress\/ -->\n<title>Firmaron un convenio de adhesi\u00f3n al Programa Provincial de Asistencia al Transporte P\u00fablico de Pasajeros - El Regional<\/title>\n<meta name=\"robots\" content=\"index, follow, max-snippet:-1, max-image-preview:large, max-video-preview:-1\" \/>\n<link rel=\"canonical\" href=\"http:\/\/elregionalvm.com.ar\/noticias-villa-maria\/firmaron-un-convenio-de-adhesion-al-programa-provincial-de-asistencia-al-transporte-publico-de-pasajeros\/\" \/>\n<meta property=\"og:locale\" content=\"es_ES\" \/>\n<meta property=\"og:type\" content=\"article\" \/>\n<meta property=\"og:title\" content=\"Firmaron un convenio de adhesi\u00f3n al Programa Provincial de Asistencia al Transporte P\u00fablico de Pasajeros - El Regional\" \/>\n<meta property=\"og:description\" content=\"El intendente Mart\u00edn Gill, junto al secretario de Transporte de la Provincia, Franco Mogetta Prevedello, firmaron un convenio por el que Villa Mar\u00eda adhiere nuevamente al Programa Provincial de Asistencia al Transporte P\u00fablico de Pasajeros. La r\u00fabrica tuvo lugar en el municipio, y entre otros lineamientos, la Provincia transferir\u00e1 a las empresas prestatarias del servicio [&hellip;]\" \/>\n<meta property=\"og:url\" content=\"http:\/\/elregionalvm.com.ar\/noticias-villa-maria\/firmaron-un-convenio-de-adhesion-al-programa-provincial-de-asistencia-al-transporte-publico-de-pasajeros\/\" \/>\n<meta property=\"og:site_name\" content=\"El Regional\" \/>\n<meta property=\"article:publisher\" content=\"https:\/\/www.facebook.com\/elregionalvm\" \/>\n<meta property=\"article:published_time\" content=\"2023-03-30T21:58:29+00:00\" \/>\n<meta property=\"article:modified_time\" content=\"2023-03-30T21:58:30+00:00\" \/>\n<meta property=\"og:image\" content=\"http:\/\/elregionalvm.com.ar\/noticias-villa-maria\/wp-content\/uploads\/2023\/03\/WhatsApp-Image-2023-03-30-at-11.12.39.jpeg\" \/>\n\t<meta property=\"og:image:width\" content=\"1280\" \/>\n\t<meta property=\"og:image:height\" content=\"853\" \/>\n\t<meta property=\"og:image:type\" content=\"image\/jpeg\" \/>\n<meta name=\"author\" content=\"Contenidos El Regional\" \/>\n<meta name=\"twitter:card\" content=\"summary_large_image\" \/>\n<meta name=\"twitter:creator\" content=\"@elregionalvm1\" \/>\n<meta name=\"twitter:site\" content=\"@elregionalvm1\" \/>\n<meta name=\"twitter:label1\" content=\"Escrito por\" \/>\n\t<meta name=\"twitter:data1\" content=\"Contenidos El Regional\" \/>\n\t<meta name=\"twitter:label2\" content=\"Tiempo de lectura\" \/>\n\t<meta name=\"twitter:data2\" content=\"2 minutos\" \/>\n<script type=\"application\/ld+json\" class=\"yoast-schema-graph\">{\"@context\":\"https:\/\/schema.org\",\"@graph\":[{\"@type\":\"Article\",\"@id\":\"http:\/\/elregionalvm.com.ar\/noticias-villa-maria\/firmaron-un-convenio-de-adhesion-al-programa-provincial-de-asistencia-al-transporte-publico-de-pasajeros\/#article\",\"isPartOf\":{\"@id\":\"http:\/\/elregionalvm.com.ar\/noticias-villa-maria\/firmaron-un-convenio-de-adhesion-al-programa-provincial-de-asistencia-al-transporte-publico-de-pasajeros\/\"},\"author\":{\"name\":\"Contenidos El Regional\",\"@id\":\"http:\/\/elregionalvm.com.ar\/noticias-villa-maria\/#\/schema\/person\/a0fb9c422317faca23d50163151bc354\"},\"headline\":\"Firmaron un convenio de adhesi\u00f3n al Programa Provincial de Asistencia al Transporte P\u00fablico de Pasajeros\",\"datePublished\":\"2023-03-30T21:58:29+00:00\",\"dateModified\":\"2023-03-30T21:58:30+00:00\",\"mainEntityOfPage\":{\"@id\":\"http:\/\/elregionalvm.com.ar\/noticias-villa-maria\/firmaron-un-convenio-de-adhesion-al-programa-provincial-de-asistencia-al-transporte-publico-de-pasajeros\/\"},\"wordCount\":255,\"commentCount\":0,\"image\":{\"@id\":\"http:\/\/elregionalvm.com.ar\/noticias-villa-maria\/firmaron-un-convenio-de-adhesion-al-programa-provincial-de-asistencia-al-transporte-publico-de-pasajeros\/#primaryimage\"},\"thumbnailUrl\":\"https:\/\/i0.wp.com\/elregionalvm.com.ar\/noticias-villa-maria\/wp-content\/uploads\/2023\/03\/WhatsApp-Image-2023-03-30-at-11.12.39.jpeg?fit=1280%2C853&ssl=1\",\"articleSection\":[\"destacado\",\"Provinciales\",\"Sociedad\",\"Villa Mar\u00eda\"],\"inLanguage\":\"es\",\"potentialAction\":[{\"@type\":\"CommentAction\",\"name\":\"Comment\",\"target\":[\"http:\/\/elregionalvm.com.ar\/noticias-villa-maria\/firmaron-un-convenio-de-adhesion-al-programa-provincial-de-asistencia-al-transporte-publico-de-pasajeros\/#respond\"]}]},{\"@type\":\"WebPage\",\"@id\":\"http:\/\/elregionalvm.com.ar\/noticias-villa-maria\/firmaron-un-convenio-de-adhesion-al-programa-provincial-de-asistencia-al-transporte-publico-de-pasajeros\/\",\"url\":\"http:\/\/elregionalvm.com.ar\/noticias-villa-maria\/firmaron-un-convenio-de-adhesion-al-programa-provincial-de-asistencia-al-transporte-publico-de-pasajeros\/\",\"name\":\"Firmaron un convenio de adhesi\u00f3n al Programa Provincial de Asistencia al Transporte P\u00fablico de Pasajeros - El Regional\",\"isPartOf\":{\"@id\":\"http:\/\/elregionalvm.com.ar\/noticias-villa-maria\/#website\"},\"primaryImageOfPage\":{\"@id\":\"http:\/\/elregionalvm.com.ar\/noticias-villa-maria\/firmaron-un-convenio-de-adhesion-al-programa-provincial-de-asistencia-al-transporte-publico-de-pasajeros\/#primaryimage\"},\"image\":{\"@id\":\"http:\/\/elregionalvm.com.ar\/noticias-villa-maria\/firmaron-un-convenio-de-adhesion-al-programa-provincial-de-asistencia-al-transporte-publico-de-pasajeros\/#primaryimage\"},\"thumbnailUrl\":\"https:\/\/i0.wp.com\/elregionalvm.com.ar\/noticias-villa-maria\/wp-content\/uploads\/2023\/03\/WhatsApp-Image-2023-03-30-at-11.12.39.jpeg?fit=1280%2C853&ssl=1\",\"datePublished\":\"2023-03-30T21:58:29+00:00\",\"dateModified\":\"2023-03-30T21:58:30+00:00\",\"author\":{\"@id\":\"http:\/\/elregionalvm.com.ar\/noticias-villa-maria\/#\/schema\/person\/a0fb9c422317faca23d50163151bc354\"},\"breadcrumb\":{\"@id\":\"http:\/\/elregionalvm.com.ar\/noticias-villa-maria\/firmaron-un-convenio-de-adhesion-al-programa-provincial-de-asistencia-al-transporte-publico-de-pasajeros\/#breadcrumb\"},\"inLanguage\":\"es\",\"potentialAction\":[{\"@type\":\"ReadAction\",\"target\":[\"http:\/\/elregionalvm.com.ar\/noticias-villa-maria\/firmaron-un-convenio-de-adhesion-al-programa-provincial-de-asistencia-al-transporte-publico-de-pasajeros\/\"]}]},{\"@type\":\"ImageObject\",\"inLanguage\":\"es\",\"@id\":\"http:\/\/elregionalvm.com.ar\/noticias-villa-maria\/firmaron-un-convenio-de-adhesion-al-programa-provincial-de-asistencia-al-transporte-publico-de-pasajeros\/#primaryimage\",\"url\":\"https:\/\/i0.wp.com\/elregionalvm.com.ar\/noticias-villa-maria\/wp-content\/uploads\/2023\/03\/WhatsApp-Image-2023-03-30-at-11.12.39.jpeg?fit=1280%2C853&ssl=1\",\"contentUrl\":\"https:\/\/i0.wp.com\/elregionalvm.com.ar\/noticias-villa-maria\/wp-content\/uploads\/2023\/03\/WhatsApp-Image-2023-03-30-at-11.12.39.jpeg?fit=1280%2C853&ssl=1\",\"width\":1280,\"height\":853},{\"@type\":\"BreadcrumbList\",\"@id\":\"http:\/\/elregionalvm.com.ar\/noticias-villa-maria\/firmaron-un-convenio-de-adhesion-al-programa-provincial-de-asistencia-al-transporte-publico-de-pasajeros\/#breadcrumb\",\"itemListElement\":[{\"@type\":\"ListItem\",\"position\":1,\"name\":\"Portada\",\"item\":\"https:\/\/elregionalvm.com.ar\/noticias-villa-maria\/\"},{\"@type\":\"ListItem\",\"position\":2,\"name\":\"Firmaron un convenio de adhesi\u00f3n al Programa Provincial de Asistencia al Transporte P\u00fablico de Pasajeros\"}]},{\"@type\":\"WebSite\",\"@id\":\"http:\/\/elregionalvm.com.ar\/noticias-villa-maria\/#website\",\"url\":\"http:\/\/elregionalvm.com.ar\/noticias-villa-maria\/\",\"name\":\"El Regional\",\"description\":\"Mucho m\u00e1s que informaci\u00f3n\",\"potentialAction\":[{\"@type\":\"SearchAction\",\"target\":{\"@type\":\"EntryPoint\",\"urlTemplate\":\"http:\/\/elregionalvm.com.ar\/noticias-villa-maria\/?s={search_term_string}\"},\"query-input\":{\"@type\":\"PropertyValueSpecification\",\"valueRequired\":true,\"valueName\":\"search_term_string\"}}],\"inLanguage\":\"es\"},{\"@type\":\"Person\",\"@id\":\"http:\/\/elregionalvm.com.ar\/noticias-villa-maria\/#\/schema\/person\/a0fb9c422317faca23d50163151bc354\",\"name\":\"Contenidos El Regional\",\"image\":{\"@type\":\"ImageObject\",\"inLanguage\":\"es\",\"@id\":\"http:\/\/elregionalvm.com.ar\/noticias-villa-maria\/#\/schema\/person\/image\/\",\"url\":\"https:\/\/secure.gravatar.com\/avatar\/265b27cb2209af7bb3a1318f03305787d7981a5cc6e6cd08fe5a4ecdf99d4b48?s=96&d=mm&r=g\",\"contentUrl\":\"https:\/\/secure.gravatar.com\/avatar\/265b27cb2209af7bb3a1318f03305787d7981a5cc6e6cd08fe5a4ecdf99d4b48?s=96&d=mm&r=g\",\"caption\":\"Contenidos El Regional\"},\"url\":\"https:\/\/elregionalvm.com.ar\/noticias-villa-maria\/author\/contenido\/\"}]}<\/script>\n<!-- \/ Yoast SEO plugin. -->","yoast_head_json":{"title":"Firmaron un convenio de adhesi\u00f3n al Programa Provincial de Asistencia al Transporte P\u00fablico de Pasajeros - El Regional","robots":{"index":"index","follow":"follow","max-snippet":"max-snippet:-1","max-image-preview":"max-image-preview:large","max-video-preview":"max-video-preview:-1"},"canonical":"http:\/\/elregionalvm.com.ar\/noticias-villa-maria\/firmaron-un-convenio-de-adhesion-al-programa-provincial-de-asistencia-al-transporte-publico-de-pasajeros\/","og_locale":"es_ES","og_type":"article","og_title":"Firmaron un convenio de adhesi\u00f3n al Programa Provincial de Asistencia al Transporte P\u00fablico de Pasajeros - El Regional","og_description":"El intendente Mart\u00edn Gill, junto al secretario de Transporte de la Provincia, Franco Mogetta Prevedello, firmaron un convenio por el que Villa Mar\u00eda adhiere nuevamente al Programa Provincial de Asistencia al Transporte P\u00fablico de Pasajeros. La r\u00fabrica tuvo lugar en el municipio, y entre otros lineamientos, la Provincia transferir\u00e1 a las empresas prestatarias del servicio [&hellip;]","og_url":"http:\/\/elregionalvm.com.ar\/noticias-villa-maria\/firmaron-un-convenio-de-adhesion-al-programa-provincial-de-asistencia-al-transporte-publico-de-pasajeros\/","og_site_name":"El Regional","article_publisher":"https:\/\/www.facebook.com\/elregionalvm","article_published_time":"2023-03-30T21:58:29+00:00","article_modified_time":"2023-03-30T21:58:30+00:00","og_image":[{"width":1280,"height":853,"url":"http:\/\/elregionalvm.com.ar\/noticias-villa-maria\/wp-content\/uploads\/2023\/03\/WhatsApp-Image-2023-03-30-at-11.12.39.jpeg","type":"image\/jpeg"}],"author":"Contenidos El Regional","twitter_card":"summary_large_image","twitter_creator":"@elregionalvm1","twitter_site":"@elregionalvm1","twitter_misc":{"Escrito por":"Contenidos El Regional","Tiempo de lectura":"2 minutos"},"schema":{"@context":"https:\/\/schema.org","@graph":[{"@type":"Article","@id":"http:\/\/elregionalvm.com.ar\/noticias-villa-maria\/firmaron-un-convenio-de-adhesion-al-programa-provincial-de-asistencia-al-transporte-publico-de-pasajeros\/#article","isPartOf":{"@id":"http:\/\/elregionalvm.com.ar\/noticias-villa-maria\/firmaron-un-convenio-de-adhesion-al-programa-provincial-de-asistencia-al-transporte-publico-de-pasajeros\/"},"author":{"name":"Contenidos El Regional","@id":"http:\/\/elregionalvm.com.ar\/noticias-villa-maria\/#\/schema\/person\/a0fb9c422317faca23d50163151bc354"},"headline":"Firmaron un convenio de adhesi\u00f3n al Programa Provincial de Asistencia al Transporte P\u00fablico de Pasajeros","datePublished":"2023-03-30T21:58:29+00:00","dateModified":"2023-03-30T21:58:30+00:00","mainEntityOfPage":{"@id":"http:\/\/elregionalvm.com.ar\/noticias-villa-maria\/firmaron-un-convenio-de-adhesion-al-programa-provincial-de-asistencia-al-transporte-publico-de-pasajeros\/"},"wordCount":255,"commentCount":0,"image":{"@id":"http:\/\/elregionalvm.com.ar\/noticias-villa-maria\/firmaron-un-convenio-de-adhesion-al-programa-provincial-de-asistencia-al-transporte-publico-de-pasajeros\/#primaryimage"},"thumbnailUrl":"https:\/\/i0.wp.com\/elregionalvm.com.ar\/noticias-villa-maria\/wp-content\/uploads\/2023\/03\/WhatsApp-Image-2023-03-30-at-11.12.39.jpeg?fit=1280%2C853&ssl=1","articleSection":["destacado","Provinciales","Sociedad","Villa Mar\u00eda"],"inLanguage":"es","potentialAction":[{"@type":"CommentAction","name":"Comment","target":["http:\/\/elregionalvm.com.ar\/noticias-villa-maria\/firmaron-un-convenio-de-adhesion-al-programa-provincial-de-asistencia-al-transporte-publico-de-pasajeros\/#respond"]}]},{"@type":"WebPage","@id":"http:\/\/elregionalvm.com.ar\/noticias-villa-maria\/firmaron-un-convenio-de-adhesion-al-programa-provincial-de-asistencia-al-transporte-publico-de-pasajeros\/","url":"http:\/\/elregionalvm.com.ar\/noticias-villa-maria\/firmaron-un-convenio-de-adhesion-al-programa-provincial-de-asistencia-al-transporte-publico-de-pasajeros\/","name":"Firmaron un convenio de adhesi\u00f3n al Programa Provincial de Asistencia al Transporte P\u00fablico de Pasajeros - El Regional","isPartOf":{"@id":"http:\/\/elregionalvm.com.ar\/noticias-villa-maria\/#website"},"primaryImageOfPage":{"@id":"http:\/\/elregionalvm.com.ar\/noticias-villa-maria\/firmaron-un-convenio-de-adhesion-al-programa-provincial-de-asistencia-al-transporte-publico-de-pasajeros\/#primaryimage"},"image":{"@id":"http:\/\/elregionalvm.com.ar\/noticias-villa-maria\/firmaron-un-convenio-de-adhesion-al-programa-provincial-de-asistencia-al-transporte-publico-de-pasajeros\/#primaryimage"},"thumbnailUrl":"https:\/\/i0.wp.com\/elregionalvm.com.ar\/noticias-villa-maria\/wp-content\/uploads\/2023\/03\/WhatsApp-Image-2023-03-30-at-11.12.39.jpeg?fit=1280%2C853&ssl=1","datePublished":"2023-03-30T21:58:29+00:00","dateModified":"2023-03-30T21:58:30+00:00","author":{"@id":"http:\/\/elregionalvm.com.ar\/noticias-villa-maria\/#\/schema\/person\/a0fb9c422317faca23d50163151bc354"},"breadcrumb":{"@id":"http:\/\/elregionalvm.com.ar\/noticias-villa-maria\/firmaron-un-convenio-de-adhesion-al-programa-provincial-de-asistencia-al-transporte-publico-de-pasajeros\/#breadcrumb"},"inLanguage":"es","potentialAction":[{"@type":"ReadAction","target":["http:\/\/elregionalvm.com.ar\/noticias-villa-maria\/firmaron-un-convenio-de-adhesion-al-programa-provincial-de-asistencia-al-transporte-publico-de-pasajeros\/"]}]},{"@type":"ImageObject","inLanguage":"es","@id":"http:\/\/elregionalvm.com.ar\/noticias-villa-maria\/firmaron-un-convenio-de-adhesion-al-programa-provincial-de-asistencia-al-transporte-publico-de-pasajeros\/#primaryimage","url":"https:\/\/i0.wp.com\/elregionalvm.com.ar\/noticias-villa-maria\/wp-content\/uploads\/2023\/03\/WhatsApp-Image-2023-03-30-at-11.12.39.jpeg?fit=1280%2C853&ssl=1","contentUrl":"https:\/\/i0.wp.com\/elregionalvm.com.ar\/noticias-villa-maria\/wp-content\/uploads\/2023\/03\/WhatsApp-Image-2023-03-30-at-11.12.39.jpeg?fit=1280%2C853&ssl=1","width":1280,"height":853},{"@type":"BreadcrumbList","@id":"http:\/\/elregionalvm.com.ar\/noticias-villa-maria\/firmaron-un-convenio-de-adhesion-al-programa-provincial-de-asistencia-al-transporte-publico-de-pasajeros\/#breadcrumb","itemListElement":[{"@type":"ListItem","position":1,"name":"Portada","item":"https:\/\/elregionalvm.com.ar\/noticias-villa-maria\/"},{"@type":"ListItem","position":2,"name":"Firmaron un convenio de adhesi\u00f3n al Programa Provincial de Asistencia al Transporte P\u00fablico de Pasajeros"}]},{"@type":"WebSite","@id":"http:\/\/elregionalvm.com.ar\/noticias-villa-maria\/#website","url":"http:\/\/elregionalvm.com.ar\/noticias-villa-maria\/","name":"El Regional","description":"Mucho m\u00e1s que informaci\u00f3n","potentialAction":[{"@type":"SearchAction","target":{"@type":"EntryPoint","urlTemplate":"http:\/\/elregionalvm.com.ar\/noticias-villa-maria\/?s={search_term_string}"},"query-input":{"@type":"PropertyValueSpecification","valueRequired":true,"valueName":"search_term_string"}}],"inLanguage":"es"},{"@type":"Person","@id":"http:\/\/elregionalvm.com.ar\/noticias-villa-maria\/#\/schema\/person\/a0fb9c422317faca23d50163151bc354","name":"Contenidos El Regional","image":{"@type":"ImageObject","inLanguage":"es","@id":"http:\/\/elregionalvm.com.ar\/noticias-villa-maria\/#\/schema\/person\/image\/","url":"https:\/\/secure.gravatar.com\/avatar\/265b27cb2209af7bb3a1318f03305787d7981a5cc6e6cd08fe5a4ecdf99d4b48?s=96&d=mm&r=g","contentUrl":"https:\/\/secure.gravatar.com\/avatar\/265b27cb2209af7bb3a1318f03305787d7981a5cc6e6cd08fe5a4ecdf99d4b48?s=96&d=mm&r=g","caption":"Contenidos El Regional"},"url":"https:\/\/elregionalvm.com.ar\/noticias-villa-maria\/author\/contenido\/"}]}},"jetpack_featured_media_url":"https:\/\/i0.wp.com\/elregionalvm.com.ar\/noticias-villa-maria\/wp-content\/uploads\/2023\/03\/WhatsApp-Image-2023-03-30-at-11.12.39.jpeg?fit=1280%2C853&ssl=1","jetpack_sharing_enabled":true,"_links":{"self":[{"href":"https:\/\/elregionalvm.com.ar\/noticias-villa-maria\/wp-json\/wp\/v2\/posts\/74018","targetHints":{"allow":["GET"]}}],"collection":[{"href":"https:\/\/elregionalvm.com.ar\/noticias-villa-maria\/wp-json\/wp\/v2\/posts"}],"about":[{"href":"https:\/\/elregionalvm.com.ar\/noticias-villa-maria\/wp-json\/wp\/v2\/types\/post"}],"author":[{"embeddable":true,"href":"https:\/\/elregionalvm.com.ar\/noticias-villa-maria\/wp-json\/wp\/v2\/users\/4"}],"replies":[{"embeddable":true,"href":"https:\/\/elregionalvm.com.ar\/noticias-villa-maria\/wp-json\/wp\/v2\/comments?post=74018"}],"version-history":[{"count":1,"href":"https:\/\/elregionalvm.com.ar\/noticias-villa-maria\/wp-json\/wp\/v2\/posts\/74018\/revisions"}],"predecessor-version":[{"id":74021,"href":"https:\/\/elregionalvm.com.ar\/noticias-villa-maria\/wp-json\/wp\/v2\/posts\/74018\/revisions\/74021"}],"wp:featuredmedia":[{"embeddable":true,"href":"https:\/\/elregionalvm.com.ar\/noticias-villa-maria\/wp-json\/wp\/v2\/media\/74020"}],"wp:attachment":[{"href":"https:\/\/elregionalvm.com.ar\/noticias-villa-maria\/wp-json\/wp\/v2\/media?parent=74018"}],"wp:term":[{"taxonomy":"category","embeddable":true,"href":"https:\/\/elregionalvm.com.ar\/noticias-villa-maria\/wp-json\/wp\/v2\/categories?post=74018"},{"taxonomy":"post_tag","embeddable":true,"href":"https:\/\/elregionalvm.com.ar\/noticias-villa-maria\/wp-json\/wp\/v2\/tags?post=74018"}],"curies":[{"name":"wp","href":"https:\/\/api.w.org\/{rel}","templated":true}]}}