{"id":74027,"date":"2023-03-30T22:12:14","date_gmt":"2023-03-30T22:12:14","guid":{"rendered":"https:\/\/elregionalvm.com.ar\/noticias-villa-maria\/?p=74027"},"modified":"2023-03-30T22:14:53","modified_gmt":"2023-03-30T22:14:53","slug":"en-el-jardin-municipal-de-barrio-las-playas-avanza-la-obra-de-ampliacion-y-refuncionalizacion-integral","status":"publish","type":"post","link":"https:\/\/elregionalvm.com.ar\/noticias-villa-maria\/en-el-jardin-municipal-de-barrio-las-playas-avanza-la-obra-de-ampliacion-y-refuncionalizacion-integral\/","title":{"rendered":"En el jard\u00edn municipal de barrio Las Playas, avanza la obra de ampliaci\u00f3n y refuncionalizaci\u00f3n integral"},"content":{"rendered":"\n<p>El intendente Mart\u00edn Gill recorri\u00f3 las distintas obras en materia de infraestructura educativa que el municipio lleva adelante a trav\u00e9s del Programa de Apoyo al Plan Nacional de Primera Infancia. <\/p>\n\n\n\n<p>En este marco, supervis\u00f3 los avances efectuados en el jard\u00edn maternal de barrio Las Playas, donde la obra de ampliaci\u00f3n alcanza casi la mitad de su ejecuci\u00f3n, en una intervenci\u00f3n integral que posibilitar\u00e1 ampliar la capacidad de contenci\u00f3n a un total de 60 ni\u00f1os y ni\u00f1as.<\/p>\n\n\n\n<p>Tras inspeccionar las labores a la par del equipo t\u00e9cnico de Obras P\u00fablicas del municipio, el jefe comunal expres\u00f3: \u201cUna vez concluido el nuevo edificio, el Centro de Promoci\u00f3n Familiar (CPF) Bichito de Luz contar\u00e1 con un mayor n\u00famero de salas que permitir\u00e1n recibir a peque\u00f1os desde los 45 d\u00edas y hasta los tres a\u00f1os de edad, en los turnos ma\u00f1ana y tarde\u201d.<\/p>\n\n\n\n<figure class=\"wp-block-image size-large\"><img data-recalc-dims=\"1\" fetchpriority=\"high\" decoding=\"async\" width=\"1024\" height=\"683\" src=\"https:\/\/i0.wp.com\/elregionalvm.com.ar\/noticias-villa-maria\/wp-content\/uploads\/2023\/03\/WhatsApp-Image-2023-03-30-at-14.40.07.jpeg?resize=1024%2C683&#038;ssl=1\" alt=\"\" class=\"wp-image-74029\" srcset=\"https:\/\/i0.wp.com\/elregionalvm.com.ar\/noticias-villa-maria\/wp-content\/uploads\/2023\/03\/WhatsApp-Image-2023-03-30-at-14.40.07.jpeg?resize=1024%2C683&amp;ssl=1 1024w, https:\/\/i0.wp.com\/elregionalvm.com.ar\/noticias-villa-maria\/wp-content\/uploads\/2023\/03\/WhatsApp-Image-2023-03-30-at-14.40.07.jpeg?resize=300%2C200&amp;ssl=1 300w, https:\/\/i0.wp.com\/elregionalvm.com.ar\/noticias-villa-maria\/wp-content\/uploads\/2023\/03\/WhatsApp-Image-2023-03-30-at-14.40.07.jpeg?resize=768%2C512&amp;ssl=1 768w, https:\/\/i0.wp.com\/elregionalvm.com.ar\/noticias-villa-maria\/wp-content\/uploads\/2023\/03\/WhatsApp-Image-2023-03-30-at-14.40.07.jpeg?resize=1536%2C1024&amp;ssl=1 1536w, https:\/\/i0.wp.com\/elregionalvm.com.ar\/noticias-villa-maria\/wp-content\/uploads\/2023\/03\/WhatsApp-Image-2023-03-30-at-14.40.07.jpeg?w=1599&amp;ssl=1 1599w\" sizes=\"(max-width: 1000px) 100vw, 1000px\" \/><\/figure>\n\n\n\n<p>Al mismo tiempo, Gill resalt\u00f3 que \u201cse trata de una m\u00e1s de las instituciones que nos permiten alcanzar en la ciudad una iniciaci\u00f3n del proceso de ense\u00f1anza-aprendizaje desde los primeros d\u00edas de vida, etapa que luego se podr\u00e1 complementar con el resto de las propuestas educativas que posee este querido barrio Las Playas\u201d. <\/p>\n\n\n\n<p>\u201cTrabajamos cada d\u00eda para que la educaci\u00f3n inicial y la estimulaci\u00f3n temprana de nuestros ni\u00f1os se construya con igualdad de oportunidades para todos\u201d, ponder\u00f3.<\/p>\n\n\n\n<p>En este orden, las principales tareas efectuadas en el lugar tienen como prop\u00f3sito la readecuaci\u00f3n de las instalaciones en pos de contar con mayores espacios y \u00f3ptimas condiciones para el desarrollo de los m\u00e1s peque\u00f1os. <\/p>\n\n\n\n<p>En este sentido, el proyecto prev\u00e9 la creaci\u00f3n de un sal\u00f3n de usos m\u00faltiples, cambiadores, m\u00f3dulos sanitarios de acceso universal y cocina con dep\u00f3sito de alimentos.<\/p>\n\n\n\n<p>Por el momento, las labores radican en terminaciones con revoques, colocaci\u00f3n de perfiler\u00eda de cielo raso, techado del sector de sanitarios, y colocaci\u00f3n de aberturas internas y externas. <\/p>\n\n\n\n<figure class=\"wp-block-image size-large\"><img data-recalc-dims=\"1\" decoding=\"async\" width=\"1024\" height=\"683\" src=\"https:\/\/i0.wp.com\/elregionalvm.com.ar\/noticias-villa-maria\/wp-content\/uploads\/2023\/03\/WhatsApp-Image-2023-03-30-at-14.40.08.jpeg?resize=1024%2C683&#038;ssl=1\" alt=\"\" class=\"wp-image-74033\" srcset=\"https:\/\/i0.wp.com\/elregionalvm.com.ar\/noticias-villa-maria\/wp-content\/uploads\/2023\/03\/WhatsApp-Image-2023-03-30-at-14.40.08.jpeg?resize=1024%2C683&amp;ssl=1 1024w, https:\/\/i0.wp.com\/elregionalvm.com.ar\/noticias-villa-maria\/wp-content\/uploads\/2023\/03\/WhatsApp-Image-2023-03-30-at-14.40.08.jpeg?resize=300%2C200&amp;ssl=1 300w, https:\/\/i0.wp.com\/elregionalvm.com.ar\/noticias-villa-maria\/wp-content\/uploads\/2023\/03\/WhatsApp-Image-2023-03-30-at-14.40.08.jpeg?resize=768%2C512&amp;ssl=1 768w, https:\/\/i0.wp.com\/elregionalvm.com.ar\/noticias-villa-maria\/wp-content\/uploads\/2023\/03\/WhatsApp-Image-2023-03-30-at-14.40.08.jpeg?resize=1536%2C1024&amp;ssl=1 1536w, https:\/\/i0.wp.com\/elregionalvm.com.ar\/noticias-villa-maria\/wp-content\/uploads\/2023\/03\/WhatsApp-Image-2023-03-30-at-14.40.08.jpeg?w=1600&amp;ssl=1 1600w\" sizes=\"(max-width: 1000px) 100vw, 1000px\" \/><\/figure>\n\n\n\n<p>Anteriormente, fueron dispuestas las instalaciones de agua, cloacas y la ejecuci\u00f3n de cubiertas met\u00e1licas, para dar luego lugar a revestimientos cer\u00e1micos, pintura interior y exterior, carpinter\u00eda, entre otras.<\/p>\n\n\n\n<p>Tambi\u00e9n, el sector del patio contar\u00e1 con espacios recreativos delimitados con piso blando y veredas con per\u00edmetro de cemento alisado. <\/p>\n\n\n\n<p>Asimismo, en el espacio verde ser\u00e1 construida una huerta y se emplazar\u00e1n juegos de mobiliario. <\/p>\n\n\n\n<p>Como en cada intervenci\u00f3n, la instituci\u00f3n ser\u00e1 dotada de salidas de emergencia, altos niveles de seguridad el\u00e9ctrica y renovados sistemas de desag\u00fce para mayores condiciones de salubridad e higiene.<\/p>\n","protected":false},"excerpt":{"rendered":"<p>El intendente Mart\u00edn Gill recorri\u00f3 las distintas obras en materia de infraestructura educativa que el municipio lleva adelante a trav\u00e9s del Programa de Apoyo al Plan Nacional de Primera Infancia. En este marco, supervis\u00f3 los avances efectuados en el jard\u00edn maternal de barrio Las Playas, donde la obra de ampliaci\u00f3n alcanza casi la mitad de [&hellip;]<\/p>\n","protected":false},"author":4,"featured_media":74028,"comment_status":"open","ping_status":"open","sticky":false,"template":"","format":"standard","meta":{"site-sidebar-layout":"default","site-content-layout":"","ast-site-content-layout":"default","site-content-style":"default","site-sidebar-style":"default","ast-global-header-display":"","ast-banner-title-visibility":"","ast-main-header-display":"","ast-hfb-above-header-display":"","ast-hfb-below-header-display":"","ast-hfb-mobile-header-display":"","site-post-title":"","ast-breadcrumbs-content":"","ast-featured-img":"","footer-sml-layout":"","ast-disable-related-posts":"","theme-transparent-header-meta":"","adv-header-id-meta":"","stick-header-meta":"","header-above-stick-meta":"","header-main-stick-meta":"","header-below-stick-meta":"","astra-migrate-meta-layouts":"default","ast-page-background-enabled":"default","ast-page-background-meta":{"desktop":{"background-color":"","background-image":"","background-repeat":"repeat","background-position":"center center","background-size":"auto","background-attachment":"scroll","background-type":"","background-media":"","overlay-type":"","overlay-color":"","overlay-opacity":"","overlay-gradient":""},"tablet":{"background-color":"","background-image":"","background-repeat":"repeat","background-position":"center center","background-size":"auto","background-attachment":"scroll","background-type":"","background-media":"","overlay-type":"","overlay-color":"","overlay-opacity":"","overlay-gradient":""},"mobile":{"background-color":"","background-image":"","background-repeat":"repeat","background-position":"center center","background-size":"auto","background-attachment":"scroll","background-type":"","background-media":"","overlay-type":"","overlay-color":"","overlay-opacity":"","overlay-gradient":""}},"ast-content-background-meta":{"desktop":{"background-color":"var(--ast-global-color-5)","background-image":"","background-repeat":"repeat","background-position":"center center","background-size":"auto","background-attachment":"scroll","background-type":"","background-media":"","overlay-type":"","overlay-color":"","overlay-opacity":"","overlay-gradient":""},"tablet":{"background-color":"var(--ast-global-color-5)","background-image":"","background-repeat":"repeat","background-position":"center center","background-size":"auto","background-attachment":"scroll","background-type":"","background-media":"","overlay-type":"","overlay-color":"","overlay-opacity":"","overlay-gradient":""},"mobile":{"background-color":"var(--ast-global-color-5)","background-image":"","background-repeat":"repeat","background-position":"center center","background-size":"auto","background-attachment":"scroll","background-type":"","background-media":"","overlay-type":"","overlay-color":"","overlay-opacity":"","overlay-gradient":""}},"_jetpack_memberships_contains_paid_content":false,"_joinchat":[],"footnotes":""},"categories":[15302,5,2],"tags":[],"class_list":["post-74027","post","type-post","status-publish","format-standard","has-post-thumbnail","hentry","category-destacado","category-sociedad","category-villa-maria"],"yoast_head":"<!-- This site is optimized with the Yoast SEO plugin v26.8 - https:\/\/yoast.com\/product\/yoast-seo-wordpress\/ -->\n<title>En el jard\u00edn municipal de barrio Las Playas, avanza la obra de ampliaci\u00f3n y refuncionalizaci\u00f3n integral - El Regional<\/title>\n<meta name=\"robots\" content=\"index, follow, max-snippet:-1, max-image-preview:large, max-video-preview:-1\" \/>\n<link rel=\"canonical\" href=\"http:\/\/elregionalvm.com.ar\/noticias-villa-maria\/en-el-jardin-municipal-de-barrio-las-playas-avanza-la-obra-de-ampliacion-y-refuncionalizacion-integral\/\" \/>\n<meta property=\"og:locale\" content=\"es_ES\" \/>\n<meta property=\"og:type\" content=\"article\" \/>\n<meta property=\"og:title\" content=\"En el jard\u00edn municipal de barrio Las Playas, avanza la obra de ampliaci\u00f3n y refuncionalizaci\u00f3n integral - El Regional\" \/>\n<meta property=\"og:description\" content=\"El intendente Mart\u00edn Gill recorri\u00f3 las distintas obras en materia de infraestructura educativa que el municipio lleva adelante a trav\u00e9s del Programa de Apoyo al Plan Nacional de Primera Infancia. En este marco, supervis\u00f3 los avances efectuados en el jard\u00edn maternal de barrio Las Playas, donde la obra de ampliaci\u00f3n alcanza casi la mitad de [&hellip;]\" \/>\n<meta property=\"og:url\" content=\"http:\/\/elregionalvm.com.ar\/noticias-villa-maria\/en-el-jardin-municipal-de-barrio-las-playas-avanza-la-obra-de-ampliacion-y-refuncionalizacion-integral\/\" \/>\n<meta property=\"og:site_name\" content=\"El Regional\" \/>\n<meta property=\"article:publisher\" content=\"https:\/\/www.facebook.com\/elregionalvm\" \/>\n<meta property=\"article:published_time\" content=\"2023-03-30T22:12:14+00:00\" \/>\n<meta property=\"article:modified_time\" content=\"2023-03-30T22:14:53+00:00\" \/>\n<meta property=\"og:image\" content=\"http:\/\/elregionalvm.com.ar\/noticias-villa-maria\/wp-content\/uploads\/2023\/03\/WhatsApp-Image-2023-03-30-at-14.40.07-1.jpeg\" \/>\n\t<meta property=\"og:image:width\" content=\"1600\" \/>\n\t<meta property=\"og:image:height\" content=\"1067\" \/>\n\t<meta property=\"og:image:type\" content=\"image\/jpeg\" \/>\n<meta name=\"author\" content=\"Contenidos El Regional\" \/>\n<meta name=\"twitter:card\" content=\"summary_large_image\" \/>\n<meta name=\"twitter:creator\" content=\"@elregionalvm1\" \/>\n<meta name=\"twitter:site\" content=\"@elregionalvm1\" \/>\n<meta name=\"twitter:label1\" content=\"Escrito por\" \/>\n\t<meta name=\"twitter:data1\" content=\"Contenidos El Regional\" \/>\n\t<meta name=\"twitter:label2\" content=\"Tiempo de lectura\" \/>\n\t<meta name=\"twitter:data2\" content=\"3 minutos\" \/>\n<script type=\"application\/ld+json\" class=\"yoast-schema-graph\">{\"@context\":\"https:\/\/schema.org\",\"@graph\":[{\"@type\":\"Article\",\"@id\":\"http:\/\/elregionalvm.com.ar\/noticias-villa-maria\/en-el-jardin-municipal-de-barrio-las-playas-avanza-la-obra-de-ampliacion-y-refuncionalizacion-integral\/#article\",\"isPartOf\":{\"@id\":\"http:\/\/elregionalvm.com.ar\/noticias-villa-maria\/en-el-jardin-municipal-de-barrio-las-playas-avanza-la-obra-de-ampliacion-y-refuncionalizacion-integral\/\"},\"author\":{\"name\":\"Contenidos El Regional\",\"@id\":\"http:\/\/elregionalvm.com.ar\/noticias-villa-maria\/#\/schema\/person\/a0fb9c422317faca23d50163151bc354\"},\"headline\":\"En el jard\u00edn municipal de barrio Las Playas, avanza la obra de ampliaci\u00f3n y refuncionalizaci\u00f3n integral\",\"datePublished\":\"2023-03-30T22:12:14+00:00\",\"dateModified\":\"2023-03-30T22:14:53+00:00\",\"mainEntityOfPage\":{\"@id\":\"http:\/\/elregionalvm.com.ar\/noticias-villa-maria\/en-el-jardin-municipal-de-barrio-las-playas-avanza-la-obra-de-ampliacion-y-refuncionalizacion-integral\/\"},\"wordCount\":463,\"commentCount\":0,\"image\":{\"@id\":\"http:\/\/elregionalvm.com.ar\/noticias-villa-maria\/en-el-jardin-municipal-de-barrio-las-playas-avanza-la-obra-de-ampliacion-y-refuncionalizacion-integral\/#primaryimage\"},\"thumbnailUrl\":\"https:\/\/i0.wp.com\/elregionalvm.com.ar\/noticias-villa-maria\/wp-content\/uploads\/2023\/03\/WhatsApp-Image-2023-03-30-at-14.40.07-1.jpeg?fit=1600%2C1067&ssl=1\",\"articleSection\":[\"destacado\",\"Sociedad\",\"Villa Mar\u00eda\"],\"inLanguage\":\"es\",\"potentialAction\":[{\"@type\":\"CommentAction\",\"name\":\"Comment\",\"target\":[\"http:\/\/elregionalvm.com.ar\/noticias-villa-maria\/en-el-jardin-municipal-de-barrio-las-playas-avanza-la-obra-de-ampliacion-y-refuncionalizacion-integral\/#respond\"]}]},{\"@type\":\"WebPage\",\"@id\":\"http:\/\/elregionalvm.com.ar\/noticias-villa-maria\/en-el-jardin-municipal-de-barrio-las-playas-avanza-la-obra-de-ampliacion-y-refuncionalizacion-integral\/\",\"url\":\"http:\/\/elregionalvm.com.ar\/noticias-villa-maria\/en-el-jardin-municipal-de-barrio-las-playas-avanza-la-obra-de-ampliacion-y-refuncionalizacion-integral\/\",\"name\":\"En el jard\u00edn municipal de barrio Las Playas, avanza la obra de ampliaci\u00f3n y refuncionalizaci\u00f3n integral - El Regional\",\"isPartOf\":{\"@id\":\"http:\/\/elregionalvm.com.ar\/noticias-villa-maria\/#website\"},\"primaryImageOfPage\":{\"@id\":\"http:\/\/elregionalvm.com.ar\/noticias-villa-maria\/en-el-jardin-municipal-de-barrio-las-playas-avanza-la-obra-de-ampliacion-y-refuncionalizacion-integral\/#primaryimage\"},\"image\":{\"@id\":\"http:\/\/elregionalvm.com.ar\/noticias-villa-maria\/en-el-jardin-municipal-de-barrio-las-playas-avanza-la-obra-de-ampliacion-y-refuncionalizacion-integral\/#primaryimage\"},\"thumbnailUrl\":\"https:\/\/i0.wp.com\/elregionalvm.com.ar\/noticias-villa-maria\/wp-content\/uploads\/2023\/03\/WhatsApp-Image-2023-03-30-at-14.40.07-1.jpeg?fit=1600%2C1067&ssl=1\",\"datePublished\":\"2023-03-30T22:12:14+00:00\",\"dateModified\":\"2023-03-30T22:14:53+00:00\",\"author\":{\"@id\":\"http:\/\/elregionalvm.com.ar\/noticias-villa-maria\/#\/schema\/person\/a0fb9c422317faca23d50163151bc354\"},\"breadcrumb\":{\"@id\":\"http:\/\/elregionalvm.com.ar\/noticias-villa-maria\/en-el-jardin-municipal-de-barrio-las-playas-avanza-la-obra-de-ampliacion-y-refuncionalizacion-integral\/#breadcrumb\"},\"inLanguage\":\"es\",\"potentialAction\":[{\"@type\":\"ReadAction\",\"target\":[\"http:\/\/elregionalvm.com.ar\/noticias-villa-maria\/en-el-jardin-municipal-de-barrio-las-playas-avanza-la-obra-de-ampliacion-y-refuncionalizacion-integral\/\"]}]},{\"@type\":\"ImageObject\",\"inLanguage\":\"es\",\"@id\":\"http:\/\/elregionalvm.com.ar\/noticias-villa-maria\/en-el-jardin-municipal-de-barrio-las-playas-avanza-la-obra-de-ampliacion-y-refuncionalizacion-integral\/#primaryimage\",\"url\":\"https:\/\/i0.wp.com\/elregionalvm.com.ar\/noticias-villa-maria\/wp-content\/uploads\/2023\/03\/WhatsApp-Image-2023-03-30-at-14.40.07-1.jpeg?fit=1600%2C1067&ssl=1\",\"contentUrl\":\"https:\/\/i0.wp.com\/elregionalvm.com.ar\/noticias-villa-maria\/wp-content\/uploads\/2023\/03\/WhatsApp-Image-2023-03-30-at-14.40.07-1.jpeg?fit=1600%2C1067&ssl=1\",\"width\":1600,\"height\":1067},{\"@type\":\"BreadcrumbList\",\"@id\":\"http:\/\/elregionalvm.com.ar\/noticias-villa-maria\/en-el-jardin-municipal-de-barrio-las-playas-avanza-la-obra-de-ampliacion-y-refuncionalizacion-integral\/#breadcrumb\",\"itemListElement\":[{\"@type\":\"ListItem\",\"position\":1,\"name\":\"Portada\",\"item\":\"https:\/\/elregionalvm.com.ar\/noticias-villa-maria\/\"},{\"@type\":\"ListItem\",\"position\":2,\"name\":\"En el jard\u00edn municipal de barrio Las Playas, avanza la obra de ampliaci\u00f3n y refuncionalizaci\u00f3n integral\"}]},{\"@type\":\"WebSite\",\"@id\":\"http:\/\/elregionalvm.com.ar\/noticias-villa-maria\/#website\",\"url\":\"http:\/\/elregionalvm.com.ar\/noticias-villa-maria\/\",\"name\":\"El Regional\",\"description\":\"Mucho m\u00e1s que informaci\u00f3n\",\"potentialAction\":[{\"@type\":\"SearchAction\",\"target\":{\"@type\":\"EntryPoint\",\"urlTemplate\":\"http:\/\/elregionalvm.com.ar\/noticias-villa-maria\/?s={search_term_string}\"},\"query-input\":{\"@type\":\"PropertyValueSpecification\",\"valueRequired\":true,\"valueName\":\"search_term_string\"}}],\"inLanguage\":\"es\"},{\"@type\":\"Person\",\"@id\":\"http:\/\/elregionalvm.com.ar\/noticias-villa-maria\/#\/schema\/person\/a0fb9c422317faca23d50163151bc354\",\"name\":\"Contenidos El Regional\",\"image\":{\"@type\":\"ImageObject\",\"inLanguage\":\"es\",\"@id\":\"http:\/\/elregionalvm.com.ar\/noticias-villa-maria\/#\/schema\/person\/image\/\",\"url\":\"https:\/\/secure.gravatar.com\/avatar\/265b27cb2209af7bb3a1318f03305787d7981a5cc6e6cd08fe5a4ecdf99d4b48?s=96&d=mm&r=g\",\"contentUrl\":\"https:\/\/secure.gravatar.com\/avatar\/265b27cb2209af7bb3a1318f03305787d7981a5cc6e6cd08fe5a4ecdf99d4b48?s=96&d=mm&r=g\",\"caption\":\"Contenidos El Regional\"},\"url\":\"https:\/\/elregionalvm.com.ar\/noticias-villa-maria\/author\/contenido\/\"}]}<\/script>\n<!-- \/ Yoast SEO plugin. -->","yoast_head_json":{"title":"En el jard\u00edn municipal de barrio Las Playas, avanza la obra de ampliaci\u00f3n y refuncionalizaci\u00f3n integral - El Regional","robots":{"index":"index","follow":"follow","max-snippet":"max-snippet:-1","max-image-preview":"max-image-preview:large","max-video-preview":"max-video-preview:-1"},"canonical":"http:\/\/elregionalvm.com.ar\/noticias-villa-maria\/en-el-jardin-municipal-de-barrio-las-playas-avanza-la-obra-de-ampliacion-y-refuncionalizacion-integral\/","og_locale":"es_ES","og_type":"article","og_title":"En el jard\u00edn municipal de barrio Las Playas, avanza la obra de ampliaci\u00f3n y refuncionalizaci\u00f3n integral - El Regional","og_description":"El intendente Mart\u00edn Gill recorri\u00f3 las distintas obras en materia de infraestructura educativa que el municipio lleva adelante a trav\u00e9s del Programa de Apoyo al Plan Nacional de Primera Infancia. En este marco, supervis\u00f3 los avances efectuados en el jard\u00edn maternal de barrio Las Playas, donde la obra de ampliaci\u00f3n alcanza casi la mitad de [&hellip;]","og_url":"http:\/\/elregionalvm.com.ar\/noticias-villa-maria\/en-el-jardin-municipal-de-barrio-las-playas-avanza-la-obra-de-ampliacion-y-refuncionalizacion-integral\/","og_site_name":"El Regional","article_publisher":"https:\/\/www.facebook.com\/elregionalvm","article_published_time":"2023-03-30T22:12:14+00:00","article_modified_time":"2023-03-30T22:14:53+00:00","og_image":[{"width":1600,"height":1067,"url":"http:\/\/elregionalvm.com.ar\/noticias-villa-maria\/wp-content\/uploads\/2023\/03\/WhatsApp-Image-2023-03-30-at-14.40.07-1.jpeg","type":"image\/jpeg"}],"author":"Contenidos El Regional","twitter_card":"summary_large_image","twitter_creator":"@elregionalvm1","twitter_site":"@elregionalvm1","twitter_misc":{"Escrito por":"Contenidos El Regional","Tiempo de lectura":"3 minutos"},"schema":{"@context":"https:\/\/schema.org","@graph":[{"@type":"Article","@id":"http:\/\/elregionalvm.com.ar\/noticias-villa-maria\/en-el-jardin-municipal-de-barrio-las-playas-avanza-la-obra-de-ampliacion-y-refuncionalizacion-integral\/#article","isPartOf":{"@id":"http:\/\/elregionalvm.com.ar\/noticias-villa-maria\/en-el-jardin-municipal-de-barrio-las-playas-avanza-la-obra-de-ampliacion-y-refuncionalizacion-integral\/"},"author":{"name":"Contenidos El Regional","@id":"http:\/\/elregionalvm.com.ar\/noticias-villa-maria\/#\/schema\/person\/a0fb9c422317faca23d50163151bc354"},"headline":"En el jard\u00edn municipal de barrio Las Playas, avanza la obra de ampliaci\u00f3n y refuncionalizaci\u00f3n integral","datePublished":"2023-03-30T22:12:14+00:00","dateModified":"2023-03-30T22:14:53+00:00","mainEntityOfPage":{"@id":"http:\/\/elregionalvm.com.ar\/noticias-villa-maria\/en-el-jardin-municipal-de-barrio-las-playas-avanza-la-obra-de-ampliacion-y-refuncionalizacion-integral\/"},"wordCount":463,"commentCount":0,"image":{"@id":"http:\/\/elregionalvm.com.ar\/noticias-villa-maria\/en-el-jardin-municipal-de-barrio-las-playas-avanza-la-obra-de-ampliacion-y-refuncionalizacion-integral\/#primaryimage"},"thumbnailUrl":"https:\/\/i0.wp.com\/elregionalvm.com.ar\/noticias-villa-maria\/wp-content\/uploads\/2023\/03\/WhatsApp-Image-2023-03-30-at-14.40.07-1.jpeg?fit=1600%2C1067&ssl=1","articleSection":["destacado","Sociedad","Villa Mar\u00eda"],"inLanguage":"es","potentialAction":[{"@type":"CommentAction","name":"Comment","target":["http:\/\/elregionalvm.com.ar\/noticias-villa-maria\/en-el-jardin-municipal-de-barrio-las-playas-avanza-la-obra-de-ampliacion-y-refuncionalizacion-integral\/#respond"]}]},{"@type":"WebPage","@id":"http:\/\/elregionalvm.com.ar\/noticias-villa-maria\/en-el-jardin-municipal-de-barrio-las-playas-avanza-la-obra-de-ampliacion-y-refuncionalizacion-integral\/","url":"http:\/\/elregionalvm.com.ar\/noticias-villa-maria\/en-el-jardin-municipal-de-barrio-las-playas-avanza-la-obra-de-ampliacion-y-refuncionalizacion-integral\/","name":"En el jard\u00edn municipal de barrio Las Playas, avanza la obra de ampliaci\u00f3n y refuncionalizaci\u00f3n integral - El Regional","isPartOf":{"@id":"http:\/\/elregionalvm.com.ar\/noticias-villa-maria\/#website"},"primaryImageOfPage":{"@id":"http:\/\/elregionalvm.com.ar\/noticias-villa-maria\/en-el-jardin-municipal-de-barrio-las-playas-avanza-la-obra-de-ampliacion-y-refuncionalizacion-integral\/#primaryimage"},"image":{"@id":"http:\/\/elregionalvm.com.ar\/noticias-villa-maria\/en-el-jardin-municipal-de-barrio-las-playas-avanza-la-obra-de-ampliacion-y-refuncionalizacion-integral\/#primaryimage"},"thumbnailUrl":"https:\/\/i0.wp.com\/elregionalvm.com.ar\/noticias-villa-maria\/wp-content\/uploads\/2023\/03\/WhatsApp-Image-2023-03-30-at-14.40.07-1.jpeg?fit=1600%2C1067&ssl=1","datePublished":"2023-03-30T22:12:14+00:00","dateModified":"2023-03-30T22:14:53+00:00","author":{"@id":"http:\/\/elregionalvm.com.ar\/noticias-villa-maria\/#\/schema\/person\/a0fb9c422317faca23d50163151bc354"},"breadcrumb":{"@id":"http:\/\/elregionalvm.com.ar\/noticias-villa-maria\/en-el-jardin-municipal-de-barrio-las-playas-avanza-la-obra-de-ampliacion-y-refuncionalizacion-integral\/#breadcrumb"},"inLanguage":"es","potentialAction":[{"@type":"ReadAction","target":["http:\/\/elregionalvm.com.ar\/noticias-villa-maria\/en-el-jardin-municipal-de-barrio-las-playas-avanza-la-obra-de-ampliacion-y-refuncionalizacion-integral\/"]}]},{"@type":"ImageObject","inLanguage":"es","@id":"http:\/\/elregionalvm.com.ar\/noticias-villa-maria\/en-el-jardin-municipal-de-barrio-las-playas-avanza-la-obra-de-ampliacion-y-refuncionalizacion-integral\/#primaryimage","url":"https:\/\/i0.wp.com\/elregionalvm.com.ar\/noticias-villa-maria\/wp-content\/uploads\/2023\/03\/WhatsApp-Image-2023-03-30-at-14.40.07-1.jpeg?fit=1600%2C1067&ssl=1","contentUrl":"https:\/\/i0.wp.com\/elregionalvm.com.ar\/noticias-villa-maria\/wp-content\/uploads\/2023\/03\/WhatsApp-Image-2023-03-30-at-14.40.07-1.jpeg?fit=1600%2C1067&ssl=1","width":1600,"height":1067},{"@type":"BreadcrumbList","@id":"http:\/\/elregionalvm.com.ar\/noticias-villa-maria\/en-el-jardin-municipal-de-barrio-las-playas-avanza-la-obra-de-ampliacion-y-refuncionalizacion-integral\/#breadcrumb","itemListElement":[{"@type":"ListItem","position":1,"name":"Portada","item":"https:\/\/elregionalvm.com.ar\/noticias-villa-maria\/"},{"@type":"ListItem","position":2,"name":"En el jard\u00edn municipal de barrio Las Playas, avanza la obra de ampliaci\u00f3n y refuncionalizaci\u00f3n integral"}]},{"@type":"WebSite","@id":"http:\/\/elregionalvm.com.ar\/noticias-villa-maria\/#website","url":"http:\/\/elregionalvm.com.ar\/noticias-villa-maria\/","name":"El Regional","description":"Mucho m\u00e1s que informaci\u00f3n","potentialAction":[{"@type":"SearchAction","target":{"@type":"EntryPoint","urlTemplate":"http:\/\/elregionalvm.com.ar\/noticias-villa-maria\/?s={search_term_string}"},"query-input":{"@type":"PropertyValueSpecification","valueRequired":true,"valueName":"search_term_string"}}],"inLanguage":"es"},{"@type":"Person","@id":"http:\/\/elregionalvm.com.ar\/noticias-villa-maria\/#\/schema\/person\/a0fb9c422317faca23d50163151bc354","name":"Contenidos El Regional","image":{"@type":"ImageObject","inLanguage":"es","@id":"http:\/\/elregionalvm.com.ar\/noticias-villa-maria\/#\/schema\/person\/image\/","url":"https:\/\/secure.gravatar.com\/avatar\/265b27cb2209af7bb3a1318f03305787d7981a5cc6e6cd08fe5a4ecdf99d4b48?s=96&d=mm&r=g","contentUrl":"https:\/\/secure.gravatar.com\/avatar\/265b27cb2209af7bb3a1318f03305787d7981a5cc6e6cd08fe5a4ecdf99d4b48?s=96&d=mm&r=g","caption":"Contenidos El Regional"},"url":"https:\/\/elregionalvm.com.ar\/noticias-villa-maria\/author\/contenido\/"}]}},"jetpack_featured_media_url":"https:\/\/i0.wp.com\/elregionalvm.com.ar\/noticias-villa-maria\/wp-content\/uploads\/2023\/03\/WhatsApp-Image-2023-03-30-at-14.40.07-1.jpeg?fit=1600%2C1067&ssl=1","jetpack_sharing_enabled":true,"_links":{"self":[{"href":"https:\/\/elregionalvm.com.ar\/noticias-villa-maria\/wp-json\/wp\/v2\/posts\/74027","targetHints":{"allow":["GET"]}}],"collection":[{"href":"https:\/\/elregionalvm.com.ar\/noticias-villa-maria\/wp-json\/wp\/v2\/posts"}],"about":[{"href":"https:\/\/elregionalvm.com.ar\/noticias-villa-maria\/wp-json\/wp\/v2\/types\/post"}],"author":[{"embeddable":true,"href":"https:\/\/elregionalvm.com.ar\/noticias-villa-maria\/wp-json\/wp\/v2\/users\/4"}],"replies":[{"embeddable":true,"href":"https:\/\/elregionalvm.com.ar\/noticias-villa-maria\/wp-json\/wp\/v2\/comments?post=74027"}],"version-history":[{"count":2,"href":"https:\/\/elregionalvm.com.ar\/noticias-villa-maria\/wp-json\/wp\/v2\/posts\/74027\/revisions"}],"predecessor-version":[{"id":74034,"href":"https:\/\/elregionalvm.com.ar\/noticias-villa-maria\/wp-json\/wp\/v2\/posts\/74027\/revisions\/74034"}],"wp:featuredmedia":[{"embeddable":true,"href":"https:\/\/elregionalvm.com.ar\/noticias-villa-maria\/wp-json\/wp\/v2\/media\/74028"}],"wp:attachment":[{"href":"https:\/\/elregionalvm.com.ar\/noticias-villa-maria\/wp-json\/wp\/v2\/media?parent=74027"}],"wp:term":[{"taxonomy":"category","embeddable":true,"href":"https:\/\/elregionalvm.com.ar\/noticias-villa-maria\/wp-json\/wp\/v2\/categories?post=74027"},{"taxonomy":"post_tag","embeddable":true,"href":"https:\/\/elregionalvm.com.ar\/noticias-villa-maria\/wp-json\/wp\/v2\/tags?post=74027"}],"curies":[{"name":"wp","href":"https:\/\/api.w.org\/{rel}","templated":true}]}}