{"id":74031,"date":"2023-03-30T22:20:02","date_gmt":"2023-03-30T22:20:02","guid":{"rendered":"https:\/\/elregionalvm.com.ar\/noticias-villa-maria\/?p=74031"},"modified":"2023-03-30T22:20:03","modified_gmt":"2023-03-30T22:20:03","slug":"provincia-y-municipio-se-reunieron-para-evaluar-la-situacion-del-rio-ctalamochita","status":"publish","type":"post","link":"https:\/\/elregionalvm.com.ar\/noticias-villa-maria\/provincia-y-municipio-se-reunieron-para-evaluar-la-situacion-del-rio-ctalamochita\/","title":{"rendered":"Provincia y municipio se reunieron para evaluar la situaci\u00f3n del r\u00edo Ctalamochita"},"content":{"rendered":"\n<p>Esta ma\u00f1ana, se reunieron el secretario de Recursos H\u00eddricos de la Provincia, Edgar Castell\u00f3, con el titular de la cartera local de Ambiente Obras y Servicios P\u00fablicos, Omar Regueira, y el responsable del \u00e1rea de Ambiente y Saneamiento, Germ\u00e1n Tissera.<\/p>\n\n\n\n<p>El objetivo del encuentro fue conocer detalles de las medidas preventivas que instrumenta la cartera provincial, en el marco de la situaci\u00f3n h\u00eddrica derivada de las \u00faltimas lluvias.<\/p>\n\n\n\n<p>Al respecto, Castell\u00f3 inform\u00f3 que en las actuales condiciones, no est\u00e1 previsto ning\u00fan incremento en los niveles de erogaci\u00f3n del dique Piedras Moras, por lo que no se esperan aumentos en los niveles del cauce del r\u00edo Ctalamochita.<\/p>\n","protected":false},"excerpt":{"rendered":"<p>Esta ma\u00f1ana, se reunieron el secretario de Recursos H\u00eddricos de la Provincia, Edgar Castell\u00f3, con el titular de la cartera local de Ambiente Obras y Servicios P\u00fablicos, Omar Regueira, y el responsable del \u00e1rea de Ambiente y Saneamiento, Germ\u00e1n Tissera. El objetivo del encuentro fue conocer detalles de las medidas preventivas que instrumenta la cartera [&hellip;]<\/p>\n","protected":false},"author":4,"featured_media":74036,"comment_status":"open","ping_status":"open","sticky":false,"template":"","format":"standard","meta":{"site-sidebar-layout":"default","site-content-layout":"","ast-site-content-layout":"default","site-content-style":"default","site-sidebar-style":"default","ast-global-header-display":"","ast-banner-title-visibility":"","ast-main-header-display":"","ast-hfb-above-header-display":"","ast-hfb-below-header-display":"","ast-hfb-mobile-header-display":"","site-post-title":"","ast-breadcrumbs-content":"","ast-featured-img":"","footer-sml-layout":"","ast-disable-related-posts":"","theme-transparent-header-meta":"","adv-header-id-meta":"","stick-header-meta":"","header-above-stick-meta":"","header-main-stick-meta":"","header-below-stick-meta":"","astra-migrate-meta-layouts":"default","ast-page-background-enabled":"default","ast-page-background-meta":{"desktop":{"background-color":"","background-image":"","background-repeat":"repeat","background-position":"center center","background-size":"auto","background-attachment":"scroll","background-type":"","background-media":"","overlay-type":"","overlay-color":"","overlay-opacity":"","overlay-gradient":""},"tablet":{"background-color":"","background-image":"","background-repeat":"repeat","background-position":"center center","background-size":"auto","background-attachment":"scroll","background-type":"","background-media":"","overlay-type":"","overlay-color":"","overlay-opacity":"","overlay-gradient":""},"mobile":{"background-color":"","background-image":"","background-repeat":"repeat","background-position":"center center","background-size":"auto","background-attachment":"scroll","background-type":"","background-media":"","overlay-type":"","overlay-color":"","overlay-opacity":"","overlay-gradient":""}},"ast-content-background-meta":{"desktop":{"background-color":"var(--ast-global-color-5)","background-image":"","background-repeat":"repeat","background-position":"center center","background-size":"auto","background-attachment":"scroll","background-type":"","background-media":"","overlay-type":"","overlay-color":"","overlay-opacity":"","overlay-gradient":""},"tablet":{"background-color":"var(--ast-global-color-5)","background-image":"","background-repeat":"repeat","background-position":"center center","background-size":"auto","background-attachment":"scroll","background-type":"","background-media":"","overlay-type":"","overlay-color":"","overlay-opacity":"","overlay-gradient":""},"mobile":{"background-color":"var(--ast-global-color-5)","background-image":"","background-repeat":"repeat","background-position":"center center","background-size":"auto","background-attachment":"scroll","background-type":"","background-media":"","overlay-type":"","overlay-color":"","overlay-opacity":"","overlay-gradient":""}},"_jetpack_memberships_contains_paid_content":false,"_joinchat":[],"footnotes":""},"categories":[15302,16095,5,2],"tags":[],"class_list":["post-74031","post","type-post","status-publish","format-standard","has-post-thumbnail","hentry","category-destacado","category-provinciales","category-sociedad","category-villa-maria"],"yoast_head":"<!-- This site is optimized with the Yoast SEO plugin v26.8 - https:\/\/yoast.com\/product\/yoast-seo-wordpress\/ -->\n<title>Provincia y municipio se reunieron para evaluar la situaci\u00f3n del r\u00edo Ctalamochita - El Regional<\/title>\n<meta name=\"robots\" content=\"index, follow, max-snippet:-1, max-image-preview:large, max-video-preview:-1\" \/>\n<link rel=\"canonical\" href=\"http:\/\/elregionalvm.com.ar\/noticias-villa-maria\/provincia-y-municipio-se-reunieron-para-evaluar-la-situacion-del-rio-ctalamochita\/\" \/>\n<meta property=\"og:locale\" content=\"es_ES\" \/>\n<meta property=\"og:type\" content=\"article\" \/>\n<meta property=\"og:title\" content=\"Provincia y municipio se reunieron para evaluar la situaci\u00f3n del r\u00edo Ctalamochita - El Regional\" \/>\n<meta property=\"og:description\" content=\"Esta ma\u00f1ana, se reunieron el secretario de Recursos H\u00eddricos de la Provincia, Edgar Castell\u00f3, con el titular de la cartera local de Ambiente Obras y Servicios P\u00fablicos, Omar Regueira, y el responsable del \u00e1rea de Ambiente y Saneamiento, Germ\u00e1n Tissera. El objetivo del encuentro fue conocer detalles de las medidas preventivas que instrumenta la cartera [&hellip;]\" \/>\n<meta property=\"og:url\" content=\"http:\/\/elregionalvm.com.ar\/noticias-villa-maria\/provincia-y-municipio-se-reunieron-para-evaluar-la-situacion-del-rio-ctalamochita\/\" \/>\n<meta property=\"og:site_name\" content=\"El Regional\" \/>\n<meta property=\"article:publisher\" content=\"https:\/\/www.facebook.com\/elregionalvm\" \/>\n<meta property=\"article:published_time\" content=\"2023-03-30T22:20:02+00:00\" \/>\n<meta property=\"article:modified_time\" content=\"2023-03-30T22:20:03+00:00\" \/>\n<meta property=\"og:image\" content=\"http:\/\/elregionalvm.com.ar\/noticias-villa-maria\/wp-content\/uploads\/2023\/03\/WhatsApp-Image-2023-03-30-at-17.23.59.jpeg\" \/>\n\t<meta property=\"og:image:width\" content=\"1023\" \/>\n\t<meta property=\"og:image:height\" content=\"533\" \/>\n\t<meta property=\"og:image:type\" content=\"image\/jpeg\" \/>\n<meta name=\"author\" content=\"Contenidos El Regional\" \/>\n<meta name=\"twitter:card\" content=\"summary_large_image\" \/>\n<meta name=\"twitter:creator\" content=\"@elregionalvm1\" \/>\n<meta name=\"twitter:site\" content=\"@elregionalvm1\" \/>\n<meta name=\"twitter:label1\" content=\"Escrito por\" \/>\n\t<meta name=\"twitter:data1\" content=\"Contenidos El Regional\" \/>\n\t<meta name=\"twitter:label2\" content=\"Tiempo de lectura\" \/>\n\t<meta name=\"twitter:data2\" content=\"1 minuto\" \/>\n<script type=\"application\/ld+json\" class=\"yoast-schema-graph\">{\"@context\":\"https:\/\/schema.org\",\"@graph\":[{\"@type\":\"Article\",\"@id\":\"http:\/\/elregionalvm.com.ar\/noticias-villa-maria\/provincia-y-municipio-se-reunieron-para-evaluar-la-situacion-del-rio-ctalamochita\/#article\",\"isPartOf\":{\"@id\":\"http:\/\/elregionalvm.com.ar\/noticias-villa-maria\/provincia-y-municipio-se-reunieron-para-evaluar-la-situacion-del-rio-ctalamochita\/\"},\"author\":{\"name\":\"Contenidos El Regional\",\"@id\":\"http:\/\/elregionalvm.com.ar\/noticias-villa-maria\/#\/schema\/person\/a0fb9c422317faca23d50163151bc354\"},\"headline\":\"Provincia y municipio se reunieron para evaluar la situaci\u00f3n del r\u00edo Ctalamochita\",\"datePublished\":\"2023-03-30T22:20:02+00:00\",\"dateModified\":\"2023-03-30T22:20:03+00:00\",\"mainEntityOfPage\":{\"@id\":\"http:\/\/elregionalvm.com.ar\/noticias-villa-maria\/provincia-y-municipio-se-reunieron-para-evaluar-la-situacion-del-rio-ctalamochita\/\"},\"wordCount\":129,\"commentCount\":0,\"image\":{\"@id\":\"http:\/\/elregionalvm.com.ar\/noticias-villa-maria\/provincia-y-municipio-se-reunieron-para-evaluar-la-situacion-del-rio-ctalamochita\/#primaryimage\"},\"thumbnailUrl\":\"https:\/\/i0.wp.com\/elregionalvm.com.ar\/noticias-villa-maria\/wp-content\/uploads\/2023\/03\/WhatsApp-Image-2023-03-30-at-17.23.59.jpeg?fit=1023%2C533&ssl=1\",\"articleSection\":[\"destacado\",\"Provinciales\",\"Sociedad\",\"Villa Mar\u00eda\"],\"inLanguage\":\"es\",\"potentialAction\":[{\"@type\":\"CommentAction\",\"name\":\"Comment\",\"target\":[\"http:\/\/elregionalvm.com.ar\/noticias-villa-maria\/provincia-y-municipio-se-reunieron-para-evaluar-la-situacion-del-rio-ctalamochita\/#respond\"]}]},{\"@type\":\"WebPage\",\"@id\":\"http:\/\/elregionalvm.com.ar\/noticias-villa-maria\/provincia-y-municipio-se-reunieron-para-evaluar-la-situacion-del-rio-ctalamochita\/\",\"url\":\"http:\/\/elregionalvm.com.ar\/noticias-villa-maria\/provincia-y-municipio-se-reunieron-para-evaluar-la-situacion-del-rio-ctalamochita\/\",\"name\":\"Provincia y municipio se reunieron para evaluar la situaci\u00f3n del r\u00edo Ctalamochita - El Regional\",\"isPartOf\":{\"@id\":\"http:\/\/elregionalvm.com.ar\/noticias-villa-maria\/#website\"},\"primaryImageOfPage\":{\"@id\":\"http:\/\/elregionalvm.com.ar\/noticias-villa-maria\/provincia-y-municipio-se-reunieron-para-evaluar-la-situacion-del-rio-ctalamochita\/#primaryimage\"},\"image\":{\"@id\":\"http:\/\/elregionalvm.com.ar\/noticias-villa-maria\/provincia-y-municipio-se-reunieron-para-evaluar-la-situacion-del-rio-ctalamochita\/#primaryimage\"},\"thumbnailUrl\":\"https:\/\/i0.wp.com\/elregionalvm.com.ar\/noticias-villa-maria\/wp-content\/uploads\/2023\/03\/WhatsApp-Image-2023-03-30-at-17.23.59.jpeg?fit=1023%2C533&ssl=1\",\"datePublished\":\"2023-03-30T22:20:02+00:00\",\"dateModified\":\"2023-03-30T22:20:03+00:00\",\"author\":{\"@id\":\"http:\/\/elregionalvm.com.ar\/noticias-villa-maria\/#\/schema\/person\/a0fb9c422317faca23d50163151bc354\"},\"breadcrumb\":{\"@id\":\"http:\/\/elregionalvm.com.ar\/noticias-villa-maria\/provincia-y-municipio-se-reunieron-para-evaluar-la-situacion-del-rio-ctalamochita\/#breadcrumb\"},\"inLanguage\":\"es\",\"potentialAction\":[{\"@type\":\"ReadAction\",\"target\":[\"http:\/\/elregionalvm.com.ar\/noticias-villa-maria\/provincia-y-municipio-se-reunieron-para-evaluar-la-situacion-del-rio-ctalamochita\/\"]}]},{\"@type\":\"ImageObject\",\"inLanguage\":\"es\",\"@id\":\"http:\/\/elregionalvm.com.ar\/noticias-villa-maria\/provincia-y-municipio-se-reunieron-para-evaluar-la-situacion-del-rio-ctalamochita\/#primaryimage\",\"url\":\"https:\/\/i0.wp.com\/elregionalvm.com.ar\/noticias-villa-maria\/wp-content\/uploads\/2023\/03\/WhatsApp-Image-2023-03-30-at-17.23.59.jpeg?fit=1023%2C533&ssl=1\",\"contentUrl\":\"https:\/\/i0.wp.com\/elregionalvm.com.ar\/noticias-villa-maria\/wp-content\/uploads\/2023\/03\/WhatsApp-Image-2023-03-30-at-17.23.59.jpeg?fit=1023%2C533&ssl=1\",\"width\":1023,\"height\":533},{\"@type\":\"BreadcrumbList\",\"@id\":\"http:\/\/elregionalvm.com.ar\/noticias-villa-maria\/provincia-y-municipio-se-reunieron-para-evaluar-la-situacion-del-rio-ctalamochita\/#breadcrumb\",\"itemListElement\":[{\"@type\":\"ListItem\",\"position\":1,\"name\":\"Portada\",\"item\":\"https:\/\/elregionalvm.com.ar\/noticias-villa-maria\/\"},{\"@type\":\"ListItem\",\"position\":2,\"name\":\"Provincia y municipio se reunieron para evaluar la situaci\u00f3n del r\u00edo Ctalamochita\"}]},{\"@type\":\"WebSite\",\"@id\":\"http:\/\/elregionalvm.com.ar\/noticias-villa-maria\/#website\",\"url\":\"http:\/\/elregionalvm.com.ar\/noticias-villa-maria\/\",\"name\":\"El Regional\",\"description\":\"Mucho m\u00e1s que informaci\u00f3n\",\"potentialAction\":[{\"@type\":\"SearchAction\",\"target\":{\"@type\":\"EntryPoint\",\"urlTemplate\":\"http:\/\/elregionalvm.com.ar\/noticias-villa-maria\/?s={search_term_string}\"},\"query-input\":{\"@type\":\"PropertyValueSpecification\",\"valueRequired\":true,\"valueName\":\"search_term_string\"}}],\"inLanguage\":\"es\"},{\"@type\":\"Person\",\"@id\":\"http:\/\/elregionalvm.com.ar\/noticias-villa-maria\/#\/schema\/person\/a0fb9c422317faca23d50163151bc354\",\"name\":\"Contenidos El Regional\",\"image\":{\"@type\":\"ImageObject\",\"inLanguage\":\"es\",\"@id\":\"http:\/\/elregionalvm.com.ar\/noticias-villa-maria\/#\/schema\/person\/image\/\",\"url\":\"https:\/\/secure.gravatar.com\/avatar\/265b27cb2209af7bb3a1318f03305787d7981a5cc6e6cd08fe5a4ecdf99d4b48?s=96&d=mm&r=g\",\"contentUrl\":\"https:\/\/secure.gravatar.com\/avatar\/265b27cb2209af7bb3a1318f03305787d7981a5cc6e6cd08fe5a4ecdf99d4b48?s=96&d=mm&r=g\",\"caption\":\"Contenidos El Regional\"},\"url\":\"https:\/\/elregionalvm.com.ar\/noticias-villa-maria\/author\/contenido\/\"}]}<\/script>\n<!-- \/ Yoast SEO plugin. -->","yoast_head_json":{"title":"Provincia y municipio se reunieron para evaluar la situaci\u00f3n del r\u00edo Ctalamochita - El Regional","robots":{"index":"index","follow":"follow","max-snippet":"max-snippet:-1","max-image-preview":"max-image-preview:large","max-video-preview":"max-video-preview:-1"},"canonical":"http:\/\/elregionalvm.com.ar\/noticias-villa-maria\/provincia-y-municipio-se-reunieron-para-evaluar-la-situacion-del-rio-ctalamochita\/","og_locale":"es_ES","og_type":"article","og_title":"Provincia y municipio se reunieron para evaluar la situaci\u00f3n del r\u00edo Ctalamochita - El Regional","og_description":"Esta ma\u00f1ana, se reunieron el secretario de Recursos H\u00eddricos de la Provincia, Edgar Castell\u00f3, con el titular de la cartera local de Ambiente Obras y Servicios P\u00fablicos, Omar Regueira, y el responsable del \u00e1rea de Ambiente y Saneamiento, Germ\u00e1n Tissera. El objetivo del encuentro fue conocer detalles de las medidas preventivas que instrumenta la cartera [&hellip;]","og_url":"http:\/\/elregionalvm.com.ar\/noticias-villa-maria\/provincia-y-municipio-se-reunieron-para-evaluar-la-situacion-del-rio-ctalamochita\/","og_site_name":"El Regional","article_publisher":"https:\/\/www.facebook.com\/elregionalvm","article_published_time":"2023-03-30T22:20:02+00:00","article_modified_time":"2023-03-30T22:20:03+00:00","og_image":[{"width":1023,"height":533,"url":"http:\/\/elregionalvm.com.ar\/noticias-villa-maria\/wp-content\/uploads\/2023\/03\/WhatsApp-Image-2023-03-30-at-17.23.59.jpeg","type":"image\/jpeg"}],"author":"Contenidos El Regional","twitter_card":"summary_large_image","twitter_creator":"@elregionalvm1","twitter_site":"@elregionalvm1","twitter_misc":{"Escrito por":"Contenidos El Regional","Tiempo de lectura":"1 minuto"},"schema":{"@context":"https:\/\/schema.org","@graph":[{"@type":"Article","@id":"http:\/\/elregionalvm.com.ar\/noticias-villa-maria\/provincia-y-municipio-se-reunieron-para-evaluar-la-situacion-del-rio-ctalamochita\/#article","isPartOf":{"@id":"http:\/\/elregionalvm.com.ar\/noticias-villa-maria\/provincia-y-municipio-se-reunieron-para-evaluar-la-situacion-del-rio-ctalamochita\/"},"author":{"name":"Contenidos El Regional","@id":"http:\/\/elregionalvm.com.ar\/noticias-villa-maria\/#\/schema\/person\/a0fb9c422317faca23d50163151bc354"},"headline":"Provincia y municipio se reunieron para evaluar la situaci\u00f3n del r\u00edo Ctalamochita","datePublished":"2023-03-30T22:20:02+00:00","dateModified":"2023-03-30T22:20:03+00:00","mainEntityOfPage":{"@id":"http:\/\/elregionalvm.com.ar\/noticias-villa-maria\/provincia-y-municipio-se-reunieron-para-evaluar-la-situacion-del-rio-ctalamochita\/"},"wordCount":129,"commentCount":0,"image":{"@id":"http:\/\/elregionalvm.com.ar\/noticias-villa-maria\/provincia-y-municipio-se-reunieron-para-evaluar-la-situacion-del-rio-ctalamochita\/#primaryimage"},"thumbnailUrl":"https:\/\/i0.wp.com\/elregionalvm.com.ar\/noticias-villa-maria\/wp-content\/uploads\/2023\/03\/WhatsApp-Image-2023-03-30-at-17.23.59.jpeg?fit=1023%2C533&ssl=1","articleSection":["destacado","Provinciales","Sociedad","Villa Mar\u00eda"],"inLanguage":"es","potentialAction":[{"@type":"CommentAction","name":"Comment","target":["http:\/\/elregionalvm.com.ar\/noticias-villa-maria\/provincia-y-municipio-se-reunieron-para-evaluar-la-situacion-del-rio-ctalamochita\/#respond"]}]},{"@type":"WebPage","@id":"http:\/\/elregionalvm.com.ar\/noticias-villa-maria\/provincia-y-municipio-se-reunieron-para-evaluar-la-situacion-del-rio-ctalamochita\/","url":"http:\/\/elregionalvm.com.ar\/noticias-villa-maria\/provincia-y-municipio-se-reunieron-para-evaluar-la-situacion-del-rio-ctalamochita\/","name":"Provincia y municipio se reunieron para evaluar la situaci\u00f3n del r\u00edo Ctalamochita - El Regional","isPartOf":{"@id":"http:\/\/elregionalvm.com.ar\/noticias-villa-maria\/#website"},"primaryImageOfPage":{"@id":"http:\/\/elregionalvm.com.ar\/noticias-villa-maria\/provincia-y-municipio-se-reunieron-para-evaluar-la-situacion-del-rio-ctalamochita\/#primaryimage"},"image":{"@id":"http:\/\/elregionalvm.com.ar\/noticias-villa-maria\/provincia-y-municipio-se-reunieron-para-evaluar-la-situacion-del-rio-ctalamochita\/#primaryimage"},"thumbnailUrl":"https:\/\/i0.wp.com\/elregionalvm.com.ar\/noticias-villa-maria\/wp-content\/uploads\/2023\/03\/WhatsApp-Image-2023-03-30-at-17.23.59.jpeg?fit=1023%2C533&ssl=1","datePublished":"2023-03-30T22:20:02+00:00","dateModified":"2023-03-30T22:20:03+00:00","author":{"@id":"http:\/\/elregionalvm.com.ar\/noticias-villa-maria\/#\/schema\/person\/a0fb9c422317faca23d50163151bc354"},"breadcrumb":{"@id":"http:\/\/elregionalvm.com.ar\/noticias-villa-maria\/provincia-y-municipio-se-reunieron-para-evaluar-la-situacion-del-rio-ctalamochita\/#breadcrumb"},"inLanguage":"es","potentialAction":[{"@type":"ReadAction","target":["http:\/\/elregionalvm.com.ar\/noticias-villa-maria\/provincia-y-municipio-se-reunieron-para-evaluar-la-situacion-del-rio-ctalamochita\/"]}]},{"@type":"ImageObject","inLanguage":"es","@id":"http:\/\/elregionalvm.com.ar\/noticias-villa-maria\/provincia-y-municipio-se-reunieron-para-evaluar-la-situacion-del-rio-ctalamochita\/#primaryimage","url":"https:\/\/i0.wp.com\/elregionalvm.com.ar\/noticias-villa-maria\/wp-content\/uploads\/2023\/03\/WhatsApp-Image-2023-03-30-at-17.23.59.jpeg?fit=1023%2C533&ssl=1","contentUrl":"https:\/\/i0.wp.com\/elregionalvm.com.ar\/noticias-villa-maria\/wp-content\/uploads\/2023\/03\/WhatsApp-Image-2023-03-30-at-17.23.59.jpeg?fit=1023%2C533&ssl=1","width":1023,"height":533},{"@type":"BreadcrumbList","@id":"http:\/\/elregionalvm.com.ar\/noticias-villa-maria\/provincia-y-municipio-se-reunieron-para-evaluar-la-situacion-del-rio-ctalamochita\/#breadcrumb","itemListElement":[{"@type":"ListItem","position":1,"name":"Portada","item":"https:\/\/elregionalvm.com.ar\/noticias-villa-maria\/"},{"@type":"ListItem","position":2,"name":"Provincia y municipio se reunieron para evaluar la situaci\u00f3n del r\u00edo Ctalamochita"}]},{"@type":"WebSite","@id":"http:\/\/elregionalvm.com.ar\/noticias-villa-maria\/#website","url":"http:\/\/elregionalvm.com.ar\/noticias-villa-maria\/","name":"El Regional","description":"Mucho m\u00e1s que informaci\u00f3n","potentialAction":[{"@type":"SearchAction","target":{"@type":"EntryPoint","urlTemplate":"http:\/\/elregionalvm.com.ar\/noticias-villa-maria\/?s={search_term_string}"},"query-input":{"@type":"PropertyValueSpecification","valueRequired":true,"valueName":"search_term_string"}}],"inLanguage":"es"},{"@type":"Person","@id":"http:\/\/elregionalvm.com.ar\/noticias-villa-maria\/#\/schema\/person\/a0fb9c422317faca23d50163151bc354","name":"Contenidos El Regional","image":{"@type":"ImageObject","inLanguage":"es","@id":"http:\/\/elregionalvm.com.ar\/noticias-villa-maria\/#\/schema\/person\/image\/","url":"https:\/\/secure.gravatar.com\/avatar\/265b27cb2209af7bb3a1318f03305787d7981a5cc6e6cd08fe5a4ecdf99d4b48?s=96&d=mm&r=g","contentUrl":"https:\/\/secure.gravatar.com\/avatar\/265b27cb2209af7bb3a1318f03305787d7981a5cc6e6cd08fe5a4ecdf99d4b48?s=96&d=mm&r=g","caption":"Contenidos El Regional"},"url":"https:\/\/elregionalvm.com.ar\/noticias-villa-maria\/author\/contenido\/"}]}},"jetpack_featured_media_url":"https:\/\/i0.wp.com\/elregionalvm.com.ar\/noticias-villa-maria\/wp-content\/uploads\/2023\/03\/WhatsApp-Image-2023-03-30-at-17.23.59.jpeg?fit=1023%2C533&ssl=1","jetpack_sharing_enabled":true,"_links":{"self":[{"href":"https:\/\/elregionalvm.com.ar\/noticias-villa-maria\/wp-json\/wp\/v2\/posts\/74031","targetHints":{"allow":["GET"]}}],"collection":[{"href":"https:\/\/elregionalvm.com.ar\/noticias-villa-maria\/wp-json\/wp\/v2\/posts"}],"about":[{"href":"https:\/\/elregionalvm.com.ar\/noticias-villa-maria\/wp-json\/wp\/v2\/types\/post"}],"author":[{"embeddable":true,"href":"https:\/\/elregionalvm.com.ar\/noticias-villa-maria\/wp-json\/wp\/v2\/users\/4"}],"replies":[{"embeddable":true,"href":"https:\/\/elregionalvm.com.ar\/noticias-villa-maria\/wp-json\/wp\/v2\/comments?post=74031"}],"version-history":[{"count":1,"href":"https:\/\/elregionalvm.com.ar\/noticias-villa-maria\/wp-json\/wp\/v2\/posts\/74031\/revisions"}],"predecessor-version":[{"id":74037,"href":"https:\/\/elregionalvm.com.ar\/noticias-villa-maria\/wp-json\/wp\/v2\/posts\/74031\/revisions\/74037"}],"wp:featuredmedia":[{"embeddable":true,"href":"https:\/\/elregionalvm.com.ar\/noticias-villa-maria\/wp-json\/wp\/v2\/media\/74036"}],"wp:attachment":[{"href":"https:\/\/elregionalvm.com.ar\/noticias-villa-maria\/wp-json\/wp\/v2\/media?parent=74031"}],"wp:term":[{"taxonomy":"category","embeddable":true,"href":"https:\/\/elregionalvm.com.ar\/noticias-villa-maria\/wp-json\/wp\/v2\/categories?post=74031"},{"taxonomy":"post_tag","embeddable":true,"href":"https:\/\/elregionalvm.com.ar\/noticias-villa-maria\/wp-json\/wp\/v2\/tags?post=74031"}],"curies":[{"name":"wp","href":"https:\/\/api.w.org\/{rel}","templated":true}]}}