{"id":74038,"date":"2023-03-30T22:32:43","date_gmt":"2023-03-30T22:32:43","guid":{"rendered":"https:\/\/elregionalvm.com.ar\/noticias-villa-maria\/?p=74038"},"modified":"2023-03-30T22:32:44","modified_gmt":"2023-03-30T22:32:44","slug":"encontraron-sin-vida-a-un-hombre-mayor-en-el-barrio-carlos-pellegrini","status":"publish","type":"post","link":"https:\/\/elregionalvm.com.ar\/noticias-villa-maria\/encontraron-sin-vida-a-un-hombre-mayor-en-el-barrio-carlos-pellegrini\/","title":{"rendered":"Encontraron sin vida a un hombre mayor en el barrio Carlos Pellegrini"},"content":{"rendered":"\n<p>En el d\u00eda de la fecha a la 11 horas personal policial informa que se constituye en calle Intendente Pe\u00f1a 750 de esta ciudad, con motivo del llamado realizado por un vecino al servicio de emergencia.<\/p>\n\n\n\n<p> Una vez en el lugar y previa colaboraci\u00f3n del servicio 107 se constata el deceso de quien en vida fuera Paulino Rito Rivero (70) DNI 6.598.610 por causas a determinar, por lo que se hace presente en el lugar el Sr. Fiscal de Instrucci\u00f3n Rene Bosio, su Secretario Pedro Diana y Prosecreatria Soledad Pepino.<\/p>\n\n\n\n<p> Los cuales convocan la presencia de personal de investigaciones, del m\u00e9dico policial y personal de polic\u00eda cient\u00edfica a los fines que efect\u00faen planimetr\u00eda, croquis e inspecci\u00f3n ocular, fotograf\u00edas, relevamiento de c\u00e1maras y recepci\u00f3n de declaraciones testimoniales. <\/p>\n\n\n\n<p>Seguidamente se procede el traslado de Rivero hasta la ciudad de C\u00f3rdoba para llevarse a cabo la autopsia correspondiente. <\/p>\n\n\n\n<p>Por otro lado, el magistrado refiere que no hab\u00eda signo de violencia en las puertas y ventanas de la casa, que todo estaba en orden y que no se constat\u00f3 el faltante alguno de elemento y\/o objetos de la casa.<\/p>\n\n\n\n<p> Asimismo conforme lo manifestado por el m\u00e9dico policial el cuerpo no presentaba ning\u00fan tipo de violencia labr\u00e1ndose las actuaciones correspondientes a cargo del mencionado magistrado.<\/p>\n","protected":false},"excerpt":{"rendered":"<p>En el d\u00eda de la fecha a la 11 horas personal policial informa que se constituye en calle Intendente Pe\u00f1a 750 de esta ciudad, con motivo del llamado realizado por un vecino al servicio de emergencia. Una vez en el lugar y previa colaboraci\u00f3n del servicio 107 se constata el deceso de quien en vida [&hellip;]<\/p>\n","protected":false},"author":4,"featured_media":74039,"comment_status":"open","ping_status":"open","sticky":false,"template":"","format":"standard","meta":{"site-sidebar-layout":"default","site-content-layout":"","ast-site-content-layout":"default","site-content-style":"default","site-sidebar-style":"default","ast-global-header-display":"","ast-banner-title-visibility":"","ast-main-header-display":"","ast-hfb-above-header-display":"","ast-hfb-below-header-display":"","ast-hfb-mobile-header-display":"","site-post-title":"","ast-breadcrumbs-content":"","ast-featured-img":"","footer-sml-layout":"","ast-disable-related-posts":"","theme-transparent-header-meta":"","adv-header-id-meta":"","stick-header-meta":"","header-above-stick-meta":"","header-main-stick-meta":"","header-below-stick-meta":"","astra-migrate-meta-layouts":"default","ast-page-background-enabled":"default","ast-page-background-meta":{"desktop":{"background-color":"","background-image":"","background-repeat":"repeat","background-position":"center center","background-size":"auto","background-attachment":"scroll","background-type":"","background-media":"","overlay-type":"","overlay-color":"","overlay-opacity":"","overlay-gradient":""},"tablet":{"background-color":"","background-image":"","background-repeat":"repeat","background-position":"center center","background-size":"auto","background-attachment":"scroll","background-type":"","background-media":"","overlay-type":"","overlay-color":"","overlay-opacity":"","overlay-gradient":""},"mobile":{"background-color":"","background-image":"","background-repeat":"repeat","background-position":"center center","background-size":"auto","background-attachment":"scroll","background-type":"","background-media":"","overlay-type":"","overlay-color":"","overlay-opacity":"","overlay-gradient":""}},"ast-content-background-meta":{"desktop":{"background-color":"var(--ast-global-color-5)","background-image":"","background-repeat":"repeat","background-position":"center center","background-size":"auto","background-attachment":"scroll","background-type":"","background-media":"","overlay-type":"","overlay-color":"","overlay-opacity":"","overlay-gradient":""},"tablet":{"background-color":"var(--ast-global-color-5)","background-image":"","background-repeat":"repeat","background-position":"center center","background-size":"auto","background-attachment":"scroll","background-type":"","background-media":"","overlay-type":"","overlay-color":"","overlay-opacity":"","overlay-gradient":""},"mobile":{"background-color":"var(--ast-global-color-5)","background-image":"","background-repeat":"repeat","background-position":"center center","background-size":"auto","background-attachment":"scroll","background-type":"","background-media":"","overlay-type":"","overlay-color":"","overlay-opacity":"","overlay-gradient":""}},"_jetpack_memberships_contains_paid_content":false,"_joinchat":[],"footnotes":""},"categories":[15302,2234,2],"tags":[],"class_list":["post-74038","post","type-post","status-publish","format-standard","has-post-thumbnail","hentry","category-destacado","category-policiales","category-villa-maria"],"yoast_head":"<!-- This site is optimized with the Yoast SEO plugin v26.8 - https:\/\/yoast.com\/product\/yoast-seo-wordpress\/ -->\n<title>Encontraron sin vida a un hombre mayor en el barrio Carlos Pellegrini - El Regional<\/title>\n<meta name=\"robots\" content=\"index, follow, max-snippet:-1, max-image-preview:large, max-video-preview:-1\" \/>\n<link rel=\"canonical\" href=\"http:\/\/elregionalvm.com.ar\/noticias-villa-maria\/encontraron-sin-vida-a-un-hombre-mayor-en-el-barrio-carlos-pellegrini\/\" \/>\n<meta property=\"og:locale\" content=\"es_ES\" \/>\n<meta property=\"og:type\" content=\"article\" \/>\n<meta property=\"og:title\" content=\"Encontraron sin vida a un hombre mayor en el barrio Carlos Pellegrini - El Regional\" \/>\n<meta property=\"og:description\" content=\"En el d\u00eda de la fecha a la 11 horas personal policial informa que se constituye en calle Intendente Pe\u00f1a 750 de esta ciudad, con motivo del llamado realizado por un vecino al servicio de emergencia. Una vez en el lugar y previa colaboraci\u00f3n del servicio 107 se constata el deceso de quien en vida [&hellip;]\" \/>\n<meta property=\"og:url\" content=\"http:\/\/elregionalvm.com.ar\/noticias-villa-maria\/encontraron-sin-vida-a-un-hombre-mayor-en-el-barrio-carlos-pellegrini\/\" \/>\n<meta property=\"og:site_name\" content=\"El Regional\" \/>\n<meta property=\"article:publisher\" content=\"https:\/\/www.facebook.com\/elregionalvm\" \/>\n<meta property=\"article:published_time\" content=\"2023-03-30T22:32:43+00:00\" \/>\n<meta property=\"article:modified_time\" content=\"2023-03-30T22:32:44+00:00\" \/>\n<meta property=\"og:image\" content=\"http:\/\/elregionalvm.com.ar\/noticias-villa-maria\/wp-content\/uploads\/2023\/03\/WhatsApp-Image-2023-03-30-at-19.12.39.jpeg\" \/>\n\t<meta property=\"og:image:width\" content=\"1156\" \/>\n\t<meta property=\"og:image:height\" content=\"521\" \/>\n\t<meta property=\"og:image:type\" content=\"image\/jpeg\" \/>\n<meta name=\"author\" content=\"Contenidos El Regional\" \/>\n<meta name=\"twitter:card\" content=\"summary_large_image\" \/>\n<meta name=\"twitter:creator\" content=\"@elregionalvm1\" \/>\n<meta name=\"twitter:site\" content=\"@elregionalvm1\" \/>\n<meta name=\"twitter:label1\" content=\"Escrito por\" \/>\n\t<meta name=\"twitter:data1\" content=\"Contenidos El Regional\" \/>\n\t<meta name=\"twitter:label2\" content=\"Tiempo de lectura\" \/>\n\t<meta name=\"twitter:data2\" content=\"1 minuto\" \/>\n<script type=\"application\/ld+json\" class=\"yoast-schema-graph\">{\"@context\":\"https:\/\/schema.org\",\"@graph\":[{\"@type\":\"Article\",\"@id\":\"http:\/\/elregionalvm.com.ar\/noticias-villa-maria\/encontraron-sin-vida-a-un-hombre-mayor-en-el-barrio-carlos-pellegrini\/#article\",\"isPartOf\":{\"@id\":\"http:\/\/elregionalvm.com.ar\/noticias-villa-maria\/encontraron-sin-vida-a-un-hombre-mayor-en-el-barrio-carlos-pellegrini\/\"},\"author\":{\"name\":\"Contenidos El Regional\",\"@id\":\"http:\/\/elregionalvm.com.ar\/noticias-villa-maria\/#\/schema\/person\/a0fb9c422317faca23d50163151bc354\"},\"headline\":\"Encontraron sin vida a un hombre mayor en el barrio Carlos Pellegrini\",\"datePublished\":\"2023-03-30T22:32:43+00:00\",\"dateModified\":\"2023-03-30T22:32:44+00:00\",\"mainEntityOfPage\":{\"@id\":\"http:\/\/elregionalvm.com.ar\/noticias-villa-maria\/encontraron-sin-vida-a-un-hombre-mayor-en-el-barrio-carlos-pellegrini\/\"},\"wordCount\":236,\"commentCount\":0,\"image\":{\"@id\":\"http:\/\/elregionalvm.com.ar\/noticias-villa-maria\/encontraron-sin-vida-a-un-hombre-mayor-en-el-barrio-carlos-pellegrini\/#primaryimage\"},\"thumbnailUrl\":\"https:\/\/i0.wp.com\/elregionalvm.com.ar\/noticias-villa-maria\/wp-content\/uploads\/2023\/03\/WhatsApp-Image-2023-03-30-at-19.12.39.jpeg?fit=1156%2C521&ssl=1\",\"articleSection\":[\"destacado\",\"Policiales\",\"Villa Mar\u00eda\"],\"inLanguage\":\"es\",\"potentialAction\":[{\"@type\":\"CommentAction\",\"name\":\"Comment\",\"target\":[\"http:\/\/elregionalvm.com.ar\/noticias-villa-maria\/encontraron-sin-vida-a-un-hombre-mayor-en-el-barrio-carlos-pellegrini\/#respond\"]}]},{\"@type\":\"WebPage\",\"@id\":\"http:\/\/elregionalvm.com.ar\/noticias-villa-maria\/encontraron-sin-vida-a-un-hombre-mayor-en-el-barrio-carlos-pellegrini\/\",\"url\":\"http:\/\/elregionalvm.com.ar\/noticias-villa-maria\/encontraron-sin-vida-a-un-hombre-mayor-en-el-barrio-carlos-pellegrini\/\",\"name\":\"Encontraron sin vida a un hombre mayor en el barrio Carlos Pellegrini - El Regional\",\"isPartOf\":{\"@id\":\"http:\/\/elregionalvm.com.ar\/noticias-villa-maria\/#website\"},\"primaryImageOfPage\":{\"@id\":\"http:\/\/elregionalvm.com.ar\/noticias-villa-maria\/encontraron-sin-vida-a-un-hombre-mayor-en-el-barrio-carlos-pellegrini\/#primaryimage\"},\"image\":{\"@id\":\"http:\/\/elregionalvm.com.ar\/noticias-villa-maria\/encontraron-sin-vida-a-un-hombre-mayor-en-el-barrio-carlos-pellegrini\/#primaryimage\"},\"thumbnailUrl\":\"https:\/\/i0.wp.com\/elregionalvm.com.ar\/noticias-villa-maria\/wp-content\/uploads\/2023\/03\/WhatsApp-Image-2023-03-30-at-19.12.39.jpeg?fit=1156%2C521&ssl=1\",\"datePublished\":\"2023-03-30T22:32:43+00:00\",\"dateModified\":\"2023-03-30T22:32:44+00:00\",\"author\":{\"@id\":\"http:\/\/elregionalvm.com.ar\/noticias-villa-maria\/#\/schema\/person\/a0fb9c422317faca23d50163151bc354\"},\"breadcrumb\":{\"@id\":\"http:\/\/elregionalvm.com.ar\/noticias-villa-maria\/encontraron-sin-vida-a-un-hombre-mayor-en-el-barrio-carlos-pellegrini\/#breadcrumb\"},\"inLanguage\":\"es\",\"potentialAction\":[{\"@type\":\"ReadAction\",\"target\":[\"http:\/\/elregionalvm.com.ar\/noticias-villa-maria\/encontraron-sin-vida-a-un-hombre-mayor-en-el-barrio-carlos-pellegrini\/\"]}]},{\"@type\":\"ImageObject\",\"inLanguage\":\"es\",\"@id\":\"http:\/\/elregionalvm.com.ar\/noticias-villa-maria\/encontraron-sin-vida-a-un-hombre-mayor-en-el-barrio-carlos-pellegrini\/#primaryimage\",\"url\":\"https:\/\/i0.wp.com\/elregionalvm.com.ar\/noticias-villa-maria\/wp-content\/uploads\/2023\/03\/WhatsApp-Image-2023-03-30-at-19.12.39.jpeg?fit=1156%2C521&ssl=1\",\"contentUrl\":\"https:\/\/i0.wp.com\/elregionalvm.com.ar\/noticias-villa-maria\/wp-content\/uploads\/2023\/03\/WhatsApp-Image-2023-03-30-at-19.12.39.jpeg?fit=1156%2C521&ssl=1\",\"width\":1156,\"height\":521},{\"@type\":\"BreadcrumbList\",\"@id\":\"http:\/\/elregionalvm.com.ar\/noticias-villa-maria\/encontraron-sin-vida-a-un-hombre-mayor-en-el-barrio-carlos-pellegrini\/#breadcrumb\",\"itemListElement\":[{\"@type\":\"ListItem\",\"position\":1,\"name\":\"Portada\",\"item\":\"https:\/\/elregionalvm.com.ar\/noticias-villa-maria\/\"},{\"@type\":\"ListItem\",\"position\":2,\"name\":\"Encontraron sin vida a un hombre mayor en el barrio Carlos Pellegrini\"}]},{\"@type\":\"WebSite\",\"@id\":\"http:\/\/elregionalvm.com.ar\/noticias-villa-maria\/#website\",\"url\":\"http:\/\/elregionalvm.com.ar\/noticias-villa-maria\/\",\"name\":\"El Regional\",\"description\":\"Mucho m\u00e1s que informaci\u00f3n\",\"potentialAction\":[{\"@type\":\"SearchAction\",\"target\":{\"@type\":\"EntryPoint\",\"urlTemplate\":\"http:\/\/elregionalvm.com.ar\/noticias-villa-maria\/?s={search_term_string}\"},\"query-input\":{\"@type\":\"PropertyValueSpecification\",\"valueRequired\":true,\"valueName\":\"search_term_string\"}}],\"inLanguage\":\"es\"},{\"@type\":\"Person\",\"@id\":\"http:\/\/elregionalvm.com.ar\/noticias-villa-maria\/#\/schema\/person\/a0fb9c422317faca23d50163151bc354\",\"name\":\"Contenidos El Regional\",\"image\":{\"@type\":\"ImageObject\",\"inLanguage\":\"es\",\"@id\":\"http:\/\/elregionalvm.com.ar\/noticias-villa-maria\/#\/schema\/person\/image\/\",\"url\":\"https:\/\/secure.gravatar.com\/avatar\/265b27cb2209af7bb3a1318f03305787d7981a5cc6e6cd08fe5a4ecdf99d4b48?s=96&d=mm&r=g\",\"contentUrl\":\"https:\/\/secure.gravatar.com\/avatar\/265b27cb2209af7bb3a1318f03305787d7981a5cc6e6cd08fe5a4ecdf99d4b48?s=96&d=mm&r=g\",\"caption\":\"Contenidos El Regional\"},\"url\":\"https:\/\/elregionalvm.com.ar\/noticias-villa-maria\/author\/contenido\/\"}]}<\/script>\n<!-- \/ Yoast SEO plugin. -->","yoast_head_json":{"title":"Encontraron sin vida a un hombre mayor en el barrio Carlos Pellegrini - El Regional","robots":{"index":"index","follow":"follow","max-snippet":"max-snippet:-1","max-image-preview":"max-image-preview:large","max-video-preview":"max-video-preview:-1"},"canonical":"http:\/\/elregionalvm.com.ar\/noticias-villa-maria\/encontraron-sin-vida-a-un-hombre-mayor-en-el-barrio-carlos-pellegrini\/","og_locale":"es_ES","og_type":"article","og_title":"Encontraron sin vida a un hombre mayor en el barrio Carlos Pellegrini - El Regional","og_description":"En el d\u00eda de la fecha a la 11 horas personal policial informa que se constituye en calle Intendente Pe\u00f1a 750 de esta ciudad, con motivo del llamado realizado por un vecino al servicio de emergencia. Una vez en el lugar y previa colaboraci\u00f3n del servicio 107 se constata el deceso de quien en vida [&hellip;]","og_url":"http:\/\/elregionalvm.com.ar\/noticias-villa-maria\/encontraron-sin-vida-a-un-hombre-mayor-en-el-barrio-carlos-pellegrini\/","og_site_name":"El Regional","article_publisher":"https:\/\/www.facebook.com\/elregionalvm","article_published_time":"2023-03-30T22:32:43+00:00","article_modified_time":"2023-03-30T22:32:44+00:00","og_image":[{"width":1156,"height":521,"url":"http:\/\/elregionalvm.com.ar\/noticias-villa-maria\/wp-content\/uploads\/2023\/03\/WhatsApp-Image-2023-03-30-at-19.12.39.jpeg","type":"image\/jpeg"}],"author":"Contenidos El Regional","twitter_card":"summary_large_image","twitter_creator":"@elregionalvm1","twitter_site":"@elregionalvm1","twitter_misc":{"Escrito por":"Contenidos El Regional","Tiempo de lectura":"1 minuto"},"schema":{"@context":"https:\/\/schema.org","@graph":[{"@type":"Article","@id":"http:\/\/elregionalvm.com.ar\/noticias-villa-maria\/encontraron-sin-vida-a-un-hombre-mayor-en-el-barrio-carlos-pellegrini\/#article","isPartOf":{"@id":"http:\/\/elregionalvm.com.ar\/noticias-villa-maria\/encontraron-sin-vida-a-un-hombre-mayor-en-el-barrio-carlos-pellegrini\/"},"author":{"name":"Contenidos El Regional","@id":"http:\/\/elregionalvm.com.ar\/noticias-villa-maria\/#\/schema\/person\/a0fb9c422317faca23d50163151bc354"},"headline":"Encontraron sin vida a un hombre mayor en el barrio Carlos Pellegrini","datePublished":"2023-03-30T22:32:43+00:00","dateModified":"2023-03-30T22:32:44+00:00","mainEntityOfPage":{"@id":"http:\/\/elregionalvm.com.ar\/noticias-villa-maria\/encontraron-sin-vida-a-un-hombre-mayor-en-el-barrio-carlos-pellegrini\/"},"wordCount":236,"commentCount":0,"image":{"@id":"http:\/\/elregionalvm.com.ar\/noticias-villa-maria\/encontraron-sin-vida-a-un-hombre-mayor-en-el-barrio-carlos-pellegrini\/#primaryimage"},"thumbnailUrl":"https:\/\/i0.wp.com\/elregionalvm.com.ar\/noticias-villa-maria\/wp-content\/uploads\/2023\/03\/WhatsApp-Image-2023-03-30-at-19.12.39.jpeg?fit=1156%2C521&ssl=1","articleSection":["destacado","Policiales","Villa Mar\u00eda"],"inLanguage":"es","potentialAction":[{"@type":"CommentAction","name":"Comment","target":["http:\/\/elregionalvm.com.ar\/noticias-villa-maria\/encontraron-sin-vida-a-un-hombre-mayor-en-el-barrio-carlos-pellegrini\/#respond"]}]},{"@type":"WebPage","@id":"http:\/\/elregionalvm.com.ar\/noticias-villa-maria\/encontraron-sin-vida-a-un-hombre-mayor-en-el-barrio-carlos-pellegrini\/","url":"http:\/\/elregionalvm.com.ar\/noticias-villa-maria\/encontraron-sin-vida-a-un-hombre-mayor-en-el-barrio-carlos-pellegrini\/","name":"Encontraron sin vida a un hombre mayor en el barrio Carlos Pellegrini - El Regional","isPartOf":{"@id":"http:\/\/elregionalvm.com.ar\/noticias-villa-maria\/#website"},"primaryImageOfPage":{"@id":"http:\/\/elregionalvm.com.ar\/noticias-villa-maria\/encontraron-sin-vida-a-un-hombre-mayor-en-el-barrio-carlos-pellegrini\/#primaryimage"},"image":{"@id":"http:\/\/elregionalvm.com.ar\/noticias-villa-maria\/encontraron-sin-vida-a-un-hombre-mayor-en-el-barrio-carlos-pellegrini\/#primaryimage"},"thumbnailUrl":"https:\/\/i0.wp.com\/elregionalvm.com.ar\/noticias-villa-maria\/wp-content\/uploads\/2023\/03\/WhatsApp-Image-2023-03-30-at-19.12.39.jpeg?fit=1156%2C521&ssl=1","datePublished":"2023-03-30T22:32:43+00:00","dateModified":"2023-03-30T22:32:44+00:00","author":{"@id":"http:\/\/elregionalvm.com.ar\/noticias-villa-maria\/#\/schema\/person\/a0fb9c422317faca23d50163151bc354"},"breadcrumb":{"@id":"http:\/\/elregionalvm.com.ar\/noticias-villa-maria\/encontraron-sin-vida-a-un-hombre-mayor-en-el-barrio-carlos-pellegrini\/#breadcrumb"},"inLanguage":"es","potentialAction":[{"@type":"ReadAction","target":["http:\/\/elregionalvm.com.ar\/noticias-villa-maria\/encontraron-sin-vida-a-un-hombre-mayor-en-el-barrio-carlos-pellegrini\/"]}]},{"@type":"ImageObject","inLanguage":"es","@id":"http:\/\/elregionalvm.com.ar\/noticias-villa-maria\/encontraron-sin-vida-a-un-hombre-mayor-en-el-barrio-carlos-pellegrini\/#primaryimage","url":"https:\/\/i0.wp.com\/elregionalvm.com.ar\/noticias-villa-maria\/wp-content\/uploads\/2023\/03\/WhatsApp-Image-2023-03-30-at-19.12.39.jpeg?fit=1156%2C521&ssl=1","contentUrl":"https:\/\/i0.wp.com\/elregionalvm.com.ar\/noticias-villa-maria\/wp-content\/uploads\/2023\/03\/WhatsApp-Image-2023-03-30-at-19.12.39.jpeg?fit=1156%2C521&ssl=1","width":1156,"height":521},{"@type":"BreadcrumbList","@id":"http:\/\/elregionalvm.com.ar\/noticias-villa-maria\/encontraron-sin-vida-a-un-hombre-mayor-en-el-barrio-carlos-pellegrini\/#breadcrumb","itemListElement":[{"@type":"ListItem","position":1,"name":"Portada","item":"https:\/\/elregionalvm.com.ar\/noticias-villa-maria\/"},{"@type":"ListItem","position":2,"name":"Encontraron sin vida a un hombre mayor en el barrio Carlos Pellegrini"}]},{"@type":"WebSite","@id":"http:\/\/elregionalvm.com.ar\/noticias-villa-maria\/#website","url":"http:\/\/elregionalvm.com.ar\/noticias-villa-maria\/","name":"El Regional","description":"Mucho m\u00e1s que informaci\u00f3n","potentialAction":[{"@type":"SearchAction","target":{"@type":"EntryPoint","urlTemplate":"http:\/\/elregionalvm.com.ar\/noticias-villa-maria\/?s={search_term_string}"},"query-input":{"@type":"PropertyValueSpecification","valueRequired":true,"valueName":"search_term_string"}}],"inLanguage":"es"},{"@type":"Person","@id":"http:\/\/elregionalvm.com.ar\/noticias-villa-maria\/#\/schema\/person\/a0fb9c422317faca23d50163151bc354","name":"Contenidos El Regional","image":{"@type":"ImageObject","inLanguage":"es","@id":"http:\/\/elregionalvm.com.ar\/noticias-villa-maria\/#\/schema\/person\/image\/","url":"https:\/\/secure.gravatar.com\/avatar\/265b27cb2209af7bb3a1318f03305787d7981a5cc6e6cd08fe5a4ecdf99d4b48?s=96&d=mm&r=g","contentUrl":"https:\/\/secure.gravatar.com\/avatar\/265b27cb2209af7bb3a1318f03305787d7981a5cc6e6cd08fe5a4ecdf99d4b48?s=96&d=mm&r=g","caption":"Contenidos El Regional"},"url":"https:\/\/elregionalvm.com.ar\/noticias-villa-maria\/author\/contenido\/"}]}},"jetpack_featured_media_url":"https:\/\/i0.wp.com\/elregionalvm.com.ar\/noticias-villa-maria\/wp-content\/uploads\/2023\/03\/WhatsApp-Image-2023-03-30-at-19.12.39.jpeg?fit=1156%2C521&ssl=1","jetpack_sharing_enabled":true,"_links":{"self":[{"href":"https:\/\/elregionalvm.com.ar\/noticias-villa-maria\/wp-json\/wp\/v2\/posts\/74038","targetHints":{"allow":["GET"]}}],"collection":[{"href":"https:\/\/elregionalvm.com.ar\/noticias-villa-maria\/wp-json\/wp\/v2\/posts"}],"about":[{"href":"https:\/\/elregionalvm.com.ar\/noticias-villa-maria\/wp-json\/wp\/v2\/types\/post"}],"author":[{"embeddable":true,"href":"https:\/\/elregionalvm.com.ar\/noticias-villa-maria\/wp-json\/wp\/v2\/users\/4"}],"replies":[{"embeddable":true,"href":"https:\/\/elregionalvm.com.ar\/noticias-villa-maria\/wp-json\/wp\/v2\/comments?post=74038"}],"version-history":[{"count":1,"href":"https:\/\/elregionalvm.com.ar\/noticias-villa-maria\/wp-json\/wp\/v2\/posts\/74038\/revisions"}],"predecessor-version":[{"id":74040,"href":"https:\/\/elregionalvm.com.ar\/noticias-villa-maria\/wp-json\/wp\/v2\/posts\/74038\/revisions\/74040"}],"wp:featuredmedia":[{"embeddable":true,"href":"https:\/\/elregionalvm.com.ar\/noticias-villa-maria\/wp-json\/wp\/v2\/media\/74039"}],"wp:attachment":[{"href":"https:\/\/elregionalvm.com.ar\/noticias-villa-maria\/wp-json\/wp\/v2\/media?parent=74038"}],"wp:term":[{"taxonomy":"category","embeddable":true,"href":"https:\/\/elregionalvm.com.ar\/noticias-villa-maria\/wp-json\/wp\/v2\/categories?post=74038"},{"taxonomy":"post_tag","embeddable":true,"href":"https:\/\/elregionalvm.com.ar\/noticias-villa-maria\/wp-json\/wp\/v2\/tags?post=74038"}],"curies":[{"name":"wp","href":"https:\/\/api.w.org\/{rel}","templated":true}]}}