{"id":74052,"date":"2023-03-31T21:49:55","date_gmt":"2023-03-31T21:49:55","guid":{"rendered":"https:\/\/elregionalvm.com.ar\/noticias-villa-maria\/?p=74052"},"modified":"2023-03-31T21:49:57","modified_gmt":"2023-03-31T21:49:57","slug":"acceso-norte-esta-en-marcha-la-repavimentacion-de-avenida-sucre","status":"publish","type":"post","link":"https:\/\/elregionalvm.com.ar\/noticias-villa-maria\/acceso-norte-esta-en-marcha-la-repavimentacion-de-avenida-sucre\/","title":{"rendered":"Acceso norte: Est\u00e1 en marcha la repavimentaci\u00f3n de avenida Sucre"},"content":{"rendered":"\n<p>La repavimentaci\u00f3n integral de las avenidas de acceso norte a la ciudad est\u00e1 pr\u00f3xima a ser una realidad, mediante la ejecuci\u00f3n de la repavimentaci\u00f3n de avenida Sucre. <\/p>\n\n\n\n<p>All\u00ed, se lleva adelante la intervenci\u00f3n de la arteria desde calle Larrabure en direcci\u00f3n a bulevar Espa\u00f1a, con el objetivo de completar la totalidad de hormigonado de la mega obra realizada por Vialidad Nacional, a trav\u00e9s del programa Redes Conexas.<\/p>\n\n\n\n<p>Con el objetivo de supervisar los avances, el intendente Mart\u00edn Gill recorri\u00f3 el sector y se\u00f1al\u00f3 que el sector estuvo \u201ccaracterizado por el tr\u00e1nsito de camiones que durante mucho tiempo han atravesado la ciudad\u201d. <\/p>\n\n\n\n<p>\u201cCon esta reparaci\u00f3n hist\u00f3rica hemos logrado transformar el espacio integralmente con obras de iluminaci\u00f3n, pavimentaci\u00f3n, nuevas veredas y desag\u00fces, que jerarquizar\u00e1n la calle Sucre y la vincular\u00e1n con las avenidas Larrabure, Alem, De\u00e1n Funes, Independencia y bulevar Espa\u00f1a\u201d, detall\u00f3.<\/p>\n\n\n\n<p>En este orden, una vez concluidas las labores de hormigonado se dar\u00e1 lugar a la disposici\u00f3n de nuevas luminarias bajo un renovado sistema de tecnolog\u00eda led, para el que ya se han instalado las columnas. <\/p>\n\n\n\n<p>Adem\u00e1s, las obras se complementar\u00e1n con la colocaci\u00f3n de se\u00f1al\u00e9tica horizontal y vertical, y forestaci\u00f3n de las veredas del sector.<\/p>\n\n\n\n<p>Cabe recordar que el proyecto en cuesti\u00f3n, contempl\u00f3 en una primera etapa la renovaci\u00f3n integral de avenidas Alem y Larrabure, que constituyen el punto de convergencia del flujo vehicular, tanto del que ingresa a la ciudad desde ruta 9 como tambi\u00e9n de la circulaci\u00f3n urbana y periurbana diaria. <\/p>\n\n\n\n<p>En tanto, en una segunda instancia se dio lugar a la repavimentaci\u00f3n de avenidas De\u00e1n Funes, Independencia y Sucre, para otorgar mayor resistencia y durabilidad a las v\u00edas de acceso a la ciudad. <\/p>\n\n\n\n<p>De esta manera, las intervenciones realizadas organizan el tr\u00e1nsito, garantizando seguridad, fluidez y mayor accesibilidad.<\/p>\n\n\n\n<p>Del recorrido, tambi\u00e9n formaron parte la directora del MuniCerca 8, Lucrecia Falco, junto a miembros del equipo t\u00e9cnico del \u00e1rea de Infraestructura del municipio.<\/p>\n\n\n\n<figure class=\"wp-block-image size-large\"><img data-recalc-dims=\"1\" fetchpriority=\"high\" decoding=\"async\" width=\"1024\" height=\"683\" src=\"https:\/\/i0.wp.com\/elregionalvm.com.ar\/noticias-villa-maria\/wp-content\/uploads\/2023\/03\/WhatsApp-Image-2023-03-31-at-14.13.07.jpeg?resize=1024%2C683&#038;ssl=1\" alt=\"\" class=\"wp-image-74055\" srcset=\"https:\/\/i0.wp.com\/elregionalvm.com.ar\/noticias-villa-maria\/wp-content\/uploads\/2023\/03\/WhatsApp-Image-2023-03-31-at-14.13.07.jpeg?resize=1024%2C683&amp;ssl=1 1024w, https:\/\/i0.wp.com\/elregionalvm.com.ar\/noticias-villa-maria\/wp-content\/uploads\/2023\/03\/WhatsApp-Image-2023-03-31-at-14.13.07.jpeg?resize=300%2C200&amp;ssl=1 300w, https:\/\/i0.wp.com\/elregionalvm.com.ar\/noticias-villa-maria\/wp-content\/uploads\/2023\/03\/WhatsApp-Image-2023-03-31-at-14.13.07.jpeg?resize=768%2C512&amp;ssl=1 768w, https:\/\/i0.wp.com\/elregionalvm.com.ar\/noticias-villa-maria\/wp-content\/uploads\/2023\/03\/WhatsApp-Image-2023-03-31-at-14.13.07.jpeg?resize=1536%2C1024&amp;ssl=1 1536w, https:\/\/i0.wp.com\/elregionalvm.com.ar\/noticias-villa-maria\/wp-content\/uploads\/2023\/03\/WhatsApp-Image-2023-03-31-at-14.13.07.jpeg?w=1599&amp;ssl=1 1599w\" sizes=\"(max-width: 1000px) 100vw, 1000px\" \/><\/figure>\n\n\n\n<figure class=\"wp-block-image size-large\"><img data-recalc-dims=\"1\" decoding=\"async\" width=\"1024\" height=\"683\" src=\"https:\/\/i0.wp.com\/elregionalvm.com.ar\/noticias-villa-maria\/wp-content\/uploads\/2023\/03\/WhatsApp-Image-2023-03-31-at-14.13.07-1.jpeg?resize=1024%2C683&#038;ssl=1\" alt=\"\" class=\"wp-image-74054\" srcset=\"https:\/\/i0.wp.com\/elregionalvm.com.ar\/noticias-villa-maria\/wp-content\/uploads\/2023\/03\/WhatsApp-Image-2023-03-31-at-14.13.07-1.jpeg?resize=1024%2C683&amp;ssl=1 1024w, https:\/\/i0.wp.com\/elregionalvm.com.ar\/noticias-villa-maria\/wp-content\/uploads\/2023\/03\/WhatsApp-Image-2023-03-31-at-14.13.07-1.jpeg?resize=300%2C200&amp;ssl=1 300w, https:\/\/i0.wp.com\/elregionalvm.com.ar\/noticias-villa-maria\/wp-content\/uploads\/2023\/03\/WhatsApp-Image-2023-03-31-at-14.13.07-1.jpeg?resize=768%2C512&amp;ssl=1 768w, https:\/\/i0.wp.com\/elregionalvm.com.ar\/noticias-villa-maria\/wp-content\/uploads\/2023\/03\/WhatsApp-Image-2023-03-31-at-14.13.07-1.jpeg?resize=1536%2C1024&amp;ssl=1 1536w, https:\/\/i0.wp.com\/elregionalvm.com.ar\/noticias-villa-maria\/wp-content\/uploads\/2023\/03\/WhatsApp-Image-2023-03-31-at-14.13.07-1.jpeg?w=1599&amp;ssl=1 1599w\" sizes=\"(max-width: 1000px) 100vw, 1000px\" \/><\/figure>\n\n\n\n<figure class=\"wp-block-image size-large\"><img data-recalc-dims=\"1\" decoding=\"async\" width=\"1024\" height=\"683\" src=\"https:\/\/i0.wp.com\/elregionalvm.com.ar\/noticias-villa-maria\/wp-content\/uploads\/2023\/03\/WhatsApp-Image-2023-03-31-at-14.13.07-2.jpeg?resize=1024%2C683&#038;ssl=1\" alt=\"\" class=\"wp-image-74053\" srcset=\"https:\/\/i0.wp.com\/elregionalvm.com.ar\/noticias-villa-maria\/wp-content\/uploads\/2023\/03\/WhatsApp-Image-2023-03-31-at-14.13.07-2.jpeg?resize=1024%2C683&amp;ssl=1 1024w, https:\/\/i0.wp.com\/elregionalvm.com.ar\/noticias-villa-maria\/wp-content\/uploads\/2023\/03\/WhatsApp-Image-2023-03-31-at-14.13.07-2.jpeg?resize=300%2C200&amp;ssl=1 300w, https:\/\/i0.wp.com\/elregionalvm.com.ar\/noticias-villa-maria\/wp-content\/uploads\/2023\/03\/WhatsApp-Image-2023-03-31-at-14.13.07-2.jpeg?resize=768%2C512&amp;ssl=1 768w, https:\/\/i0.wp.com\/elregionalvm.com.ar\/noticias-villa-maria\/wp-content\/uploads\/2023\/03\/WhatsApp-Image-2023-03-31-at-14.13.07-2.jpeg?resize=1536%2C1024&amp;ssl=1 1536w, https:\/\/i0.wp.com\/elregionalvm.com.ar\/noticias-villa-maria\/wp-content\/uploads\/2023\/03\/WhatsApp-Image-2023-03-31-at-14.13.07-2.jpeg?w=1599&amp;ssl=1 1599w\" sizes=\"(max-width: 1000px) 100vw, 1000px\" \/><\/figure>\n","protected":false},"excerpt":{"rendered":"<p>La repavimentaci\u00f3n integral de las avenidas de acceso norte a la ciudad est\u00e1 pr\u00f3xima a ser una realidad, mediante la ejecuci\u00f3n de la repavimentaci\u00f3n de avenida Sucre. All\u00ed, se lleva adelante la intervenci\u00f3n de la arteria desde calle Larrabure en direcci\u00f3n a bulevar Espa\u00f1a, con el objetivo de completar la totalidad de hormigonado de la [&hellip;]<\/p>\n","protected":false},"author":4,"featured_media":74056,"comment_status":"open","ping_status":"open","sticky":false,"template":"","format":"standard","meta":{"site-sidebar-layout":"default","site-content-layout":"","ast-site-content-layout":"default","site-content-style":"default","site-sidebar-style":"default","ast-global-header-display":"","ast-banner-title-visibility":"","ast-main-header-display":"","ast-hfb-above-header-display":"","ast-hfb-below-header-display":"","ast-hfb-mobile-header-display":"","site-post-title":"","ast-breadcrumbs-content":"","ast-featured-img":"","footer-sml-layout":"","ast-disable-related-posts":"","theme-transparent-header-meta":"","adv-header-id-meta":"","stick-header-meta":"","header-above-stick-meta":"","header-main-stick-meta":"","header-below-stick-meta":"","astra-migrate-meta-layouts":"default","ast-page-background-enabled":"default","ast-page-background-meta":{"desktop":{"background-color":"","background-image":"","background-repeat":"repeat","background-position":"center center","background-size":"auto","background-attachment":"scroll","background-type":"","background-media":"","overlay-type":"","overlay-color":"","overlay-opacity":"","overlay-gradient":""},"tablet":{"background-color":"","background-image":"","background-repeat":"repeat","background-position":"center center","background-size":"auto","background-attachment":"scroll","background-type":"","background-media":"","overlay-type":"","overlay-color":"","overlay-opacity":"","overlay-gradient":""},"mobile":{"background-color":"","background-image":"","background-repeat":"repeat","background-position":"center center","background-size":"auto","background-attachment":"scroll","background-type":"","background-media":"","overlay-type":"","overlay-color":"","overlay-opacity":"","overlay-gradient":""}},"ast-content-background-meta":{"desktop":{"background-color":"var(--ast-global-color-5)","background-image":"","background-repeat":"repeat","background-position":"center center","background-size":"auto","background-attachment":"scroll","background-type":"","background-media":"","overlay-type":"","overlay-color":"","overlay-opacity":"","overlay-gradient":""},"tablet":{"background-color":"var(--ast-global-color-5)","background-image":"","background-repeat":"repeat","background-position":"center center","background-size":"auto","background-attachment":"scroll","background-type":"","background-media":"","overlay-type":"","overlay-color":"","overlay-opacity":"","overlay-gradient":""},"mobile":{"background-color":"var(--ast-global-color-5)","background-image":"","background-repeat":"repeat","background-position":"center center","background-size":"auto","background-attachment":"scroll","background-type":"","background-media":"","overlay-type":"","overlay-color":"","overlay-opacity":"","overlay-gradient":""}},"_jetpack_memberships_contains_paid_content":false,"_joinchat":[],"footnotes":""},"categories":[15302,5,2],"tags":[],"class_list":["post-74052","post","type-post","status-publish","format-standard","has-post-thumbnail","hentry","category-destacado","category-sociedad","category-villa-maria"],"yoast_head":"<!-- This site is optimized with the Yoast SEO plugin v26.8 - https:\/\/yoast.com\/product\/yoast-seo-wordpress\/ -->\n<title>Acceso norte: Est\u00e1 en marcha la repavimentaci\u00f3n de avenida Sucre - El Regional<\/title>\n<meta name=\"robots\" content=\"index, follow, max-snippet:-1, max-image-preview:large, max-video-preview:-1\" \/>\n<link rel=\"canonical\" href=\"http:\/\/elregionalvm.com.ar\/noticias-villa-maria\/acceso-norte-esta-en-marcha-la-repavimentacion-de-avenida-sucre\/\" \/>\n<meta property=\"og:locale\" content=\"es_ES\" \/>\n<meta property=\"og:type\" content=\"article\" \/>\n<meta property=\"og:title\" content=\"Acceso norte: Est\u00e1 en marcha la repavimentaci\u00f3n de avenida Sucre - El Regional\" \/>\n<meta property=\"og:description\" content=\"La repavimentaci\u00f3n integral de las avenidas de acceso norte a la ciudad est\u00e1 pr\u00f3xima a ser una realidad, mediante la ejecuci\u00f3n de la repavimentaci\u00f3n de avenida Sucre. All\u00ed, se lleva adelante la intervenci\u00f3n de la arteria desde calle Larrabure en direcci\u00f3n a bulevar Espa\u00f1a, con el objetivo de completar la totalidad de hormigonado de la [&hellip;]\" \/>\n<meta property=\"og:url\" content=\"http:\/\/elregionalvm.com.ar\/noticias-villa-maria\/acceso-norte-esta-en-marcha-la-repavimentacion-de-avenida-sucre\/\" \/>\n<meta property=\"og:site_name\" content=\"El Regional\" \/>\n<meta property=\"article:publisher\" content=\"https:\/\/www.facebook.com\/elregionalvm\" \/>\n<meta property=\"article:published_time\" content=\"2023-03-31T21:49:55+00:00\" \/>\n<meta property=\"article:modified_time\" content=\"2023-03-31T21:49:57+00:00\" \/>\n<meta property=\"og:image\" content=\"http:\/\/elregionalvm.com.ar\/noticias-villa-maria\/wp-content\/uploads\/2023\/03\/WhatsApp-Image-2023-03-31-at-14.13.06.jpeg\" \/>\n\t<meta property=\"og:image:width\" content=\"1599\" \/>\n\t<meta property=\"og:image:height\" content=\"1066\" \/>\n\t<meta property=\"og:image:type\" content=\"image\/jpeg\" \/>\n<meta name=\"author\" content=\"Contenidos El Regional\" \/>\n<meta name=\"twitter:card\" content=\"summary_large_image\" \/>\n<meta name=\"twitter:creator\" content=\"@elregionalvm1\" \/>\n<meta name=\"twitter:site\" content=\"@elregionalvm1\" \/>\n<meta name=\"twitter:label1\" content=\"Escrito por\" \/>\n\t<meta name=\"twitter:data1\" content=\"Contenidos El Regional\" \/>\n\t<meta name=\"twitter:label2\" content=\"Tiempo de lectura\" \/>\n\t<meta name=\"twitter:data2\" content=\"3 minutos\" \/>\n<script type=\"application\/ld+json\" class=\"yoast-schema-graph\">{\"@context\":\"https:\/\/schema.org\",\"@graph\":[{\"@type\":\"Article\",\"@id\":\"http:\/\/elregionalvm.com.ar\/noticias-villa-maria\/acceso-norte-esta-en-marcha-la-repavimentacion-de-avenida-sucre\/#article\",\"isPartOf\":{\"@id\":\"http:\/\/elregionalvm.com.ar\/noticias-villa-maria\/acceso-norte-esta-en-marcha-la-repavimentacion-de-avenida-sucre\/\"},\"author\":{\"name\":\"Contenidos El Regional\",\"@id\":\"http:\/\/elregionalvm.com.ar\/noticias-villa-maria\/#\/schema\/person\/a0fb9c422317faca23d50163151bc354\"},\"headline\":\"Acceso norte: Est\u00e1 en marcha la repavimentaci\u00f3n de avenida Sucre\",\"datePublished\":\"2023-03-31T21:49:55+00:00\",\"dateModified\":\"2023-03-31T21:49:57+00:00\",\"mainEntityOfPage\":{\"@id\":\"http:\/\/elregionalvm.com.ar\/noticias-villa-maria\/acceso-norte-esta-en-marcha-la-repavimentacion-de-avenida-sucre\/\"},\"wordCount\":362,\"commentCount\":0,\"image\":{\"@id\":\"http:\/\/elregionalvm.com.ar\/noticias-villa-maria\/acceso-norte-esta-en-marcha-la-repavimentacion-de-avenida-sucre\/#primaryimage\"},\"thumbnailUrl\":\"https:\/\/i0.wp.com\/elregionalvm.com.ar\/noticias-villa-maria\/wp-content\/uploads\/2023\/03\/WhatsApp-Image-2023-03-31-at-14.13.06.jpeg?fit=1599%2C1066&ssl=1\",\"articleSection\":[\"destacado\",\"Sociedad\",\"Villa Mar\u00eda\"],\"inLanguage\":\"es\",\"potentialAction\":[{\"@type\":\"CommentAction\",\"name\":\"Comment\",\"target\":[\"http:\/\/elregionalvm.com.ar\/noticias-villa-maria\/acceso-norte-esta-en-marcha-la-repavimentacion-de-avenida-sucre\/#respond\"]}]},{\"@type\":\"WebPage\",\"@id\":\"http:\/\/elregionalvm.com.ar\/noticias-villa-maria\/acceso-norte-esta-en-marcha-la-repavimentacion-de-avenida-sucre\/\",\"url\":\"http:\/\/elregionalvm.com.ar\/noticias-villa-maria\/acceso-norte-esta-en-marcha-la-repavimentacion-de-avenida-sucre\/\",\"name\":\"Acceso norte: Est\u00e1 en marcha la repavimentaci\u00f3n de avenida Sucre - El Regional\",\"isPartOf\":{\"@id\":\"http:\/\/elregionalvm.com.ar\/noticias-villa-maria\/#website\"},\"primaryImageOfPage\":{\"@id\":\"http:\/\/elregionalvm.com.ar\/noticias-villa-maria\/acceso-norte-esta-en-marcha-la-repavimentacion-de-avenida-sucre\/#primaryimage\"},\"image\":{\"@id\":\"http:\/\/elregionalvm.com.ar\/noticias-villa-maria\/acceso-norte-esta-en-marcha-la-repavimentacion-de-avenida-sucre\/#primaryimage\"},\"thumbnailUrl\":\"https:\/\/i0.wp.com\/elregionalvm.com.ar\/noticias-villa-maria\/wp-content\/uploads\/2023\/03\/WhatsApp-Image-2023-03-31-at-14.13.06.jpeg?fit=1599%2C1066&ssl=1\",\"datePublished\":\"2023-03-31T21:49:55+00:00\",\"dateModified\":\"2023-03-31T21:49:57+00:00\",\"author\":{\"@id\":\"http:\/\/elregionalvm.com.ar\/noticias-villa-maria\/#\/schema\/person\/a0fb9c422317faca23d50163151bc354\"},\"breadcrumb\":{\"@id\":\"http:\/\/elregionalvm.com.ar\/noticias-villa-maria\/acceso-norte-esta-en-marcha-la-repavimentacion-de-avenida-sucre\/#breadcrumb\"},\"inLanguage\":\"es\",\"potentialAction\":[{\"@type\":\"ReadAction\",\"target\":[\"http:\/\/elregionalvm.com.ar\/noticias-villa-maria\/acceso-norte-esta-en-marcha-la-repavimentacion-de-avenida-sucre\/\"]}]},{\"@type\":\"ImageObject\",\"inLanguage\":\"es\",\"@id\":\"http:\/\/elregionalvm.com.ar\/noticias-villa-maria\/acceso-norte-esta-en-marcha-la-repavimentacion-de-avenida-sucre\/#primaryimage\",\"url\":\"https:\/\/i0.wp.com\/elregionalvm.com.ar\/noticias-villa-maria\/wp-content\/uploads\/2023\/03\/WhatsApp-Image-2023-03-31-at-14.13.06.jpeg?fit=1599%2C1066&ssl=1\",\"contentUrl\":\"https:\/\/i0.wp.com\/elregionalvm.com.ar\/noticias-villa-maria\/wp-content\/uploads\/2023\/03\/WhatsApp-Image-2023-03-31-at-14.13.06.jpeg?fit=1599%2C1066&ssl=1\",\"width\":1599,\"height\":1066},{\"@type\":\"BreadcrumbList\",\"@id\":\"http:\/\/elregionalvm.com.ar\/noticias-villa-maria\/acceso-norte-esta-en-marcha-la-repavimentacion-de-avenida-sucre\/#breadcrumb\",\"itemListElement\":[{\"@type\":\"ListItem\",\"position\":1,\"name\":\"Portada\",\"item\":\"https:\/\/elregionalvm.com.ar\/noticias-villa-maria\/\"},{\"@type\":\"ListItem\",\"position\":2,\"name\":\"Acceso norte: Est\u00e1 en marcha la repavimentaci\u00f3n de avenida Sucre\"}]},{\"@type\":\"WebSite\",\"@id\":\"http:\/\/elregionalvm.com.ar\/noticias-villa-maria\/#website\",\"url\":\"http:\/\/elregionalvm.com.ar\/noticias-villa-maria\/\",\"name\":\"El Regional\",\"description\":\"Mucho m\u00e1s que informaci\u00f3n\",\"potentialAction\":[{\"@type\":\"SearchAction\",\"target\":{\"@type\":\"EntryPoint\",\"urlTemplate\":\"http:\/\/elregionalvm.com.ar\/noticias-villa-maria\/?s={search_term_string}\"},\"query-input\":{\"@type\":\"PropertyValueSpecification\",\"valueRequired\":true,\"valueName\":\"search_term_string\"}}],\"inLanguage\":\"es\"},{\"@type\":\"Person\",\"@id\":\"http:\/\/elregionalvm.com.ar\/noticias-villa-maria\/#\/schema\/person\/a0fb9c422317faca23d50163151bc354\",\"name\":\"Contenidos El Regional\",\"image\":{\"@type\":\"ImageObject\",\"inLanguage\":\"es\",\"@id\":\"http:\/\/elregionalvm.com.ar\/noticias-villa-maria\/#\/schema\/person\/image\/\",\"url\":\"https:\/\/secure.gravatar.com\/avatar\/265b27cb2209af7bb3a1318f03305787d7981a5cc6e6cd08fe5a4ecdf99d4b48?s=96&d=mm&r=g\",\"contentUrl\":\"https:\/\/secure.gravatar.com\/avatar\/265b27cb2209af7bb3a1318f03305787d7981a5cc6e6cd08fe5a4ecdf99d4b48?s=96&d=mm&r=g\",\"caption\":\"Contenidos El Regional\"},\"url\":\"https:\/\/elregionalvm.com.ar\/noticias-villa-maria\/author\/contenido\/\"}]}<\/script>\n<!-- \/ Yoast SEO plugin. -->","yoast_head_json":{"title":"Acceso norte: Est\u00e1 en marcha la repavimentaci\u00f3n de avenida Sucre - El Regional","robots":{"index":"index","follow":"follow","max-snippet":"max-snippet:-1","max-image-preview":"max-image-preview:large","max-video-preview":"max-video-preview:-1"},"canonical":"http:\/\/elregionalvm.com.ar\/noticias-villa-maria\/acceso-norte-esta-en-marcha-la-repavimentacion-de-avenida-sucre\/","og_locale":"es_ES","og_type":"article","og_title":"Acceso norte: Est\u00e1 en marcha la repavimentaci\u00f3n de avenida Sucre - El Regional","og_description":"La repavimentaci\u00f3n integral de las avenidas de acceso norte a la ciudad est\u00e1 pr\u00f3xima a ser una realidad, mediante la ejecuci\u00f3n de la repavimentaci\u00f3n de avenida Sucre. All\u00ed, se lleva adelante la intervenci\u00f3n de la arteria desde calle Larrabure en direcci\u00f3n a bulevar Espa\u00f1a, con el objetivo de completar la totalidad de hormigonado de la [&hellip;]","og_url":"http:\/\/elregionalvm.com.ar\/noticias-villa-maria\/acceso-norte-esta-en-marcha-la-repavimentacion-de-avenida-sucre\/","og_site_name":"El Regional","article_publisher":"https:\/\/www.facebook.com\/elregionalvm","article_published_time":"2023-03-31T21:49:55+00:00","article_modified_time":"2023-03-31T21:49:57+00:00","og_image":[{"width":1599,"height":1066,"url":"http:\/\/elregionalvm.com.ar\/noticias-villa-maria\/wp-content\/uploads\/2023\/03\/WhatsApp-Image-2023-03-31-at-14.13.06.jpeg","type":"image\/jpeg"}],"author":"Contenidos El Regional","twitter_card":"summary_large_image","twitter_creator":"@elregionalvm1","twitter_site":"@elregionalvm1","twitter_misc":{"Escrito por":"Contenidos El Regional","Tiempo de lectura":"3 minutos"},"schema":{"@context":"https:\/\/schema.org","@graph":[{"@type":"Article","@id":"http:\/\/elregionalvm.com.ar\/noticias-villa-maria\/acceso-norte-esta-en-marcha-la-repavimentacion-de-avenida-sucre\/#article","isPartOf":{"@id":"http:\/\/elregionalvm.com.ar\/noticias-villa-maria\/acceso-norte-esta-en-marcha-la-repavimentacion-de-avenida-sucre\/"},"author":{"name":"Contenidos El Regional","@id":"http:\/\/elregionalvm.com.ar\/noticias-villa-maria\/#\/schema\/person\/a0fb9c422317faca23d50163151bc354"},"headline":"Acceso norte: Est\u00e1 en marcha la repavimentaci\u00f3n de avenida Sucre","datePublished":"2023-03-31T21:49:55+00:00","dateModified":"2023-03-31T21:49:57+00:00","mainEntityOfPage":{"@id":"http:\/\/elregionalvm.com.ar\/noticias-villa-maria\/acceso-norte-esta-en-marcha-la-repavimentacion-de-avenida-sucre\/"},"wordCount":362,"commentCount":0,"image":{"@id":"http:\/\/elregionalvm.com.ar\/noticias-villa-maria\/acceso-norte-esta-en-marcha-la-repavimentacion-de-avenida-sucre\/#primaryimage"},"thumbnailUrl":"https:\/\/i0.wp.com\/elregionalvm.com.ar\/noticias-villa-maria\/wp-content\/uploads\/2023\/03\/WhatsApp-Image-2023-03-31-at-14.13.06.jpeg?fit=1599%2C1066&ssl=1","articleSection":["destacado","Sociedad","Villa Mar\u00eda"],"inLanguage":"es","potentialAction":[{"@type":"CommentAction","name":"Comment","target":["http:\/\/elregionalvm.com.ar\/noticias-villa-maria\/acceso-norte-esta-en-marcha-la-repavimentacion-de-avenida-sucre\/#respond"]}]},{"@type":"WebPage","@id":"http:\/\/elregionalvm.com.ar\/noticias-villa-maria\/acceso-norte-esta-en-marcha-la-repavimentacion-de-avenida-sucre\/","url":"http:\/\/elregionalvm.com.ar\/noticias-villa-maria\/acceso-norte-esta-en-marcha-la-repavimentacion-de-avenida-sucre\/","name":"Acceso norte: Est\u00e1 en marcha la repavimentaci\u00f3n de avenida Sucre - El Regional","isPartOf":{"@id":"http:\/\/elregionalvm.com.ar\/noticias-villa-maria\/#website"},"primaryImageOfPage":{"@id":"http:\/\/elregionalvm.com.ar\/noticias-villa-maria\/acceso-norte-esta-en-marcha-la-repavimentacion-de-avenida-sucre\/#primaryimage"},"image":{"@id":"http:\/\/elregionalvm.com.ar\/noticias-villa-maria\/acceso-norte-esta-en-marcha-la-repavimentacion-de-avenida-sucre\/#primaryimage"},"thumbnailUrl":"https:\/\/i0.wp.com\/elregionalvm.com.ar\/noticias-villa-maria\/wp-content\/uploads\/2023\/03\/WhatsApp-Image-2023-03-31-at-14.13.06.jpeg?fit=1599%2C1066&ssl=1","datePublished":"2023-03-31T21:49:55+00:00","dateModified":"2023-03-31T21:49:57+00:00","author":{"@id":"http:\/\/elregionalvm.com.ar\/noticias-villa-maria\/#\/schema\/person\/a0fb9c422317faca23d50163151bc354"},"breadcrumb":{"@id":"http:\/\/elregionalvm.com.ar\/noticias-villa-maria\/acceso-norte-esta-en-marcha-la-repavimentacion-de-avenida-sucre\/#breadcrumb"},"inLanguage":"es","potentialAction":[{"@type":"ReadAction","target":["http:\/\/elregionalvm.com.ar\/noticias-villa-maria\/acceso-norte-esta-en-marcha-la-repavimentacion-de-avenida-sucre\/"]}]},{"@type":"ImageObject","inLanguage":"es","@id":"http:\/\/elregionalvm.com.ar\/noticias-villa-maria\/acceso-norte-esta-en-marcha-la-repavimentacion-de-avenida-sucre\/#primaryimage","url":"https:\/\/i0.wp.com\/elregionalvm.com.ar\/noticias-villa-maria\/wp-content\/uploads\/2023\/03\/WhatsApp-Image-2023-03-31-at-14.13.06.jpeg?fit=1599%2C1066&ssl=1","contentUrl":"https:\/\/i0.wp.com\/elregionalvm.com.ar\/noticias-villa-maria\/wp-content\/uploads\/2023\/03\/WhatsApp-Image-2023-03-31-at-14.13.06.jpeg?fit=1599%2C1066&ssl=1","width":1599,"height":1066},{"@type":"BreadcrumbList","@id":"http:\/\/elregionalvm.com.ar\/noticias-villa-maria\/acceso-norte-esta-en-marcha-la-repavimentacion-de-avenida-sucre\/#breadcrumb","itemListElement":[{"@type":"ListItem","position":1,"name":"Portada","item":"https:\/\/elregionalvm.com.ar\/noticias-villa-maria\/"},{"@type":"ListItem","position":2,"name":"Acceso norte: Est\u00e1 en marcha la repavimentaci\u00f3n de avenida Sucre"}]},{"@type":"WebSite","@id":"http:\/\/elregionalvm.com.ar\/noticias-villa-maria\/#website","url":"http:\/\/elregionalvm.com.ar\/noticias-villa-maria\/","name":"El Regional","description":"Mucho m\u00e1s que informaci\u00f3n","potentialAction":[{"@type":"SearchAction","target":{"@type":"EntryPoint","urlTemplate":"http:\/\/elregionalvm.com.ar\/noticias-villa-maria\/?s={search_term_string}"},"query-input":{"@type":"PropertyValueSpecification","valueRequired":true,"valueName":"search_term_string"}}],"inLanguage":"es"},{"@type":"Person","@id":"http:\/\/elregionalvm.com.ar\/noticias-villa-maria\/#\/schema\/person\/a0fb9c422317faca23d50163151bc354","name":"Contenidos El Regional","image":{"@type":"ImageObject","inLanguage":"es","@id":"http:\/\/elregionalvm.com.ar\/noticias-villa-maria\/#\/schema\/person\/image\/","url":"https:\/\/secure.gravatar.com\/avatar\/265b27cb2209af7bb3a1318f03305787d7981a5cc6e6cd08fe5a4ecdf99d4b48?s=96&d=mm&r=g","contentUrl":"https:\/\/secure.gravatar.com\/avatar\/265b27cb2209af7bb3a1318f03305787d7981a5cc6e6cd08fe5a4ecdf99d4b48?s=96&d=mm&r=g","caption":"Contenidos El Regional"},"url":"https:\/\/elregionalvm.com.ar\/noticias-villa-maria\/author\/contenido\/"}]}},"jetpack_featured_media_url":"https:\/\/i0.wp.com\/elregionalvm.com.ar\/noticias-villa-maria\/wp-content\/uploads\/2023\/03\/WhatsApp-Image-2023-03-31-at-14.13.06.jpeg?fit=1599%2C1066&ssl=1","jetpack_sharing_enabled":true,"_links":{"self":[{"href":"https:\/\/elregionalvm.com.ar\/noticias-villa-maria\/wp-json\/wp\/v2\/posts\/74052","targetHints":{"allow":["GET"]}}],"collection":[{"href":"https:\/\/elregionalvm.com.ar\/noticias-villa-maria\/wp-json\/wp\/v2\/posts"}],"about":[{"href":"https:\/\/elregionalvm.com.ar\/noticias-villa-maria\/wp-json\/wp\/v2\/types\/post"}],"author":[{"embeddable":true,"href":"https:\/\/elregionalvm.com.ar\/noticias-villa-maria\/wp-json\/wp\/v2\/users\/4"}],"replies":[{"embeddable":true,"href":"https:\/\/elregionalvm.com.ar\/noticias-villa-maria\/wp-json\/wp\/v2\/comments?post=74052"}],"version-history":[{"count":1,"href":"https:\/\/elregionalvm.com.ar\/noticias-villa-maria\/wp-json\/wp\/v2\/posts\/74052\/revisions"}],"predecessor-version":[{"id":74057,"href":"https:\/\/elregionalvm.com.ar\/noticias-villa-maria\/wp-json\/wp\/v2\/posts\/74052\/revisions\/74057"}],"wp:featuredmedia":[{"embeddable":true,"href":"https:\/\/elregionalvm.com.ar\/noticias-villa-maria\/wp-json\/wp\/v2\/media\/74056"}],"wp:attachment":[{"href":"https:\/\/elregionalvm.com.ar\/noticias-villa-maria\/wp-json\/wp\/v2\/media?parent=74052"}],"wp:term":[{"taxonomy":"category","embeddable":true,"href":"https:\/\/elregionalvm.com.ar\/noticias-villa-maria\/wp-json\/wp\/v2\/categories?post=74052"},{"taxonomy":"post_tag","embeddable":true,"href":"https:\/\/elregionalvm.com.ar\/noticias-villa-maria\/wp-json\/wp\/v2\/tags?post=74052"}],"curies":[{"name":"wp","href":"https:\/\/api.w.org\/{rel}","templated":true}]}}