{"id":74061,"date":"2023-03-31T22:05:20","date_gmt":"2023-03-31T22:05:20","guid":{"rendered":"https:\/\/elregionalvm.com.ar\/noticias-villa-maria\/?p=74061"},"modified":"2023-04-04T02:54:16","modified_gmt":"2023-04-04T02:54:16","slug":"el-municipio-adjudico-mas-de-20-licencias-de-taxis-y-capacito-a-los-permisionarios","status":"publish","type":"post","link":"https:\/\/elregionalvm.com.ar\/noticias-villa-maria\/el-municipio-adjudico-mas-de-20-licencias-de-taxis-y-capacito-a-los-permisionarios\/","title":{"rendered":"El municipio adjudic\u00f3 m\u00e1s de 20 licencias de taxis y capacit\u00f3 a los permisionarios"},"content":{"rendered":"\n<p>Tras concluir la convocatoria para la adjudicaci\u00f3n de nuevas licencias vacantes de taxis, el municipio design\u00f3 22 nuevos permisionarios que llevar\u00e1n adelante la prestaci\u00f3n del servicio local. <\/p>\n\n\n\n<p>En funci\u00f3n de ello, los conductores seleccionados fueron capacitados en materia vial a trav\u00e9s de la Secretar\u00eda de Gobierno, Seguridad Ciudadana y Asuntos Legales, en un encuentro que tuvo lugar en el auditorio de la Biblioteca Municipal Mariano Moreno.<\/p>\n\n\n\n<p>En detalle, la instancia formativa estuvo a cargo de la Direcci\u00f3n de Control de Transporte por intermedio de la Escuela Municipal de Seguridad Ciudadana, en cumplimiento a la Ordenanza Municipal n\u00b0 7.376 que establece la aprobaci\u00f3n del curso especial sobre atenci\u00f3n al usuario, normas de tr\u00e1nsito y circulaci\u00f3n para el desarrollo de la prestaci\u00f3n. <\/p>\n\n\n\n<p>Es as\u00ed que el personal seleccionado fue instruido mediante una capacitaci\u00f3n interdisciplinaria donde se abord\u00f3 la funcionalidad y el rol operativo del permisionario.<\/p>\n\n\n\n<p>Adem\u00e1s, como parte de los ejes formativos se destac\u00f3 el de conducci\u00f3n y perspectiva de g\u00e9nero, a cargo de la Coordinaci\u00f3n de G\u00e9nero de la Secretar\u00eda de Inclusi\u00f3n Social y Territorio, y el de derechos del consumidor dictado por personal de la Defensor\u00eda del Pueblo.<\/p>\n","protected":false},"excerpt":{"rendered":"<p>Tras concluir la convocatoria para la adjudicaci\u00f3n de nuevas licencias vacantes de taxis, el municipio design\u00f3 22 nuevos permisionarios que llevar\u00e1n adelante la prestaci\u00f3n del servicio local. En funci\u00f3n de ello, los conductores seleccionados fueron capacitados en materia vial a trav\u00e9s de la Secretar\u00eda de Gobierno, Seguridad Ciudadana y Asuntos Legales, en un encuentro que [&hellip;]<\/p>\n","protected":false},"author":4,"featured_media":74062,"comment_status":"open","ping_status":"open","sticky":false,"template":"","format":"standard","meta":{"site-sidebar-layout":"default","site-content-layout":"","ast-site-content-layout":"default","site-content-style":"default","site-sidebar-style":"default","ast-global-header-display":"","ast-banner-title-visibility":"","ast-main-header-display":"","ast-hfb-above-header-display":"","ast-hfb-below-header-display":"","ast-hfb-mobile-header-display":"","site-post-title":"","ast-breadcrumbs-content":"","ast-featured-img":"","footer-sml-layout":"","ast-disable-related-posts":"","theme-transparent-header-meta":"","adv-header-id-meta":"","stick-header-meta":"","header-above-stick-meta":"","header-main-stick-meta":"","header-below-stick-meta":"","astra-migrate-meta-layouts":"default","ast-page-background-enabled":"default","ast-page-background-meta":{"desktop":{"background-color":"","background-image":"","background-repeat":"repeat","background-position":"center center","background-size":"auto","background-attachment":"scroll","background-type":"","background-media":"","overlay-type":"","overlay-color":"","overlay-opacity":"","overlay-gradient":""},"tablet":{"background-color":"","background-image":"","background-repeat":"repeat","background-position":"center center","background-size":"auto","background-attachment":"scroll","background-type":"","background-media":"","overlay-type":"","overlay-color":"","overlay-opacity":"","overlay-gradient":""},"mobile":{"background-color":"","background-image":"","background-repeat":"repeat","background-position":"center center","background-size":"auto","background-attachment":"scroll","background-type":"","background-media":"","overlay-type":"","overlay-color":"","overlay-opacity":"","overlay-gradient":""}},"ast-content-background-meta":{"desktop":{"background-color":"var(--ast-global-color-5)","background-image":"","background-repeat":"repeat","background-position":"center center","background-size":"auto","background-attachment":"scroll","background-type":"","background-media":"","overlay-type":"","overlay-color":"","overlay-opacity":"","overlay-gradient":""},"tablet":{"background-color":"var(--ast-global-color-5)","background-image":"","background-repeat":"repeat","background-position":"center center","background-size":"auto","background-attachment":"scroll","background-type":"","background-media":"","overlay-type":"","overlay-color":"","overlay-opacity":"","overlay-gradient":""},"mobile":{"background-color":"var(--ast-global-color-5)","background-image":"","background-repeat":"repeat","background-position":"center center","background-size":"auto","background-attachment":"scroll","background-type":"","background-media":"","overlay-type":"","overlay-color":"","overlay-opacity":"","overlay-gradient":""}},"_jetpack_memberships_contains_paid_content":false,"_joinchat":[],"footnotes":""},"categories":[15302,2],"tags":[],"class_list":["post-74061","post","type-post","status-publish","format-standard","has-post-thumbnail","hentry","category-destacado","category-villa-maria"],"yoast_head":"<!-- This site is optimized with the Yoast SEO plugin v26.8 - https:\/\/yoast.com\/product\/yoast-seo-wordpress\/ -->\n<title>El municipio adjudic\u00f3 m\u00e1s de 20 licencias de taxis y capacit\u00f3 a los permisionarios - El Regional<\/title>\n<meta name=\"robots\" content=\"index, follow, max-snippet:-1, max-image-preview:large, max-video-preview:-1\" \/>\n<link rel=\"canonical\" href=\"http:\/\/elregionalvm.com.ar\/noticias-villa-maria\/el-municipio-adjudico-mas-de-20-licencias-de-taxis-y-capacito-a-los-permisionarios\/\" \/>\n<meta property=\"og:locale\" content=\"es_ES\" \/>\n<meta property=\"og:type\" content=\"article\" \/>\n<meta property=\"og:title\" content=\"El municipio adjudic\u00f3 m\u00e1s de 20 licencias de taxis y capacit\u00f3 a los permisionarios - El Regional\" \/>\n<meta property=\"og:description\" content=\"Tras concluir la convocatoria para la adjudicaci\u00f3n de nuevas licencias vacantes de taxis, el municipio design\u00f3 22 nuevos permisionarios que llevar\u00e1n adelante la prestaci\u00f3n del servicio local. En funci\u00f3n de ello, los conductores seleccionados fueron capacitados en materia vial a trav\u00e9s de la Secretar\u00eda de Gobierno, Seguridad Ciudadana y Asuntos Legales, en un encuentro que [&hellip;]\" \/>\n<meta property=\"og:url\" content=\"http:\/\/elregionalvm.com.ar\/noticias-villa-maria\/el-municipio-adjudico-mas-de-20-licencias-de-taxis-y-capacito-a-los-permisionarios\/\" \/>\n<meta property=\"og:site_name\" content=\"El Regional\" \/>\n<meta property=\"article:publisher\" content=\"https:\/\/www.facebook.com\/elregionalvm\" \/>\n<meta property=\"article:published_time\" content=\"2023-03-31T22:05:20+00:00\" \/>\n<meta property=\"article:modified_time\" content=\"2023-04-04T02:54:16+00:00\" \/>\n<meta property=\"og:image\" content=\"http:\/\/elregionalvm.com.ar\/noticias-villa-maria\/wp-content\/uploads\/2023\/03\/WhatsApp-Image-2023-03-31-at-14.48.09.jpeg\" \/>\n\t<meta property=\"og:image:width\" content=\"1024\" \/>\n\t<meta property=\"og:image:height\" content=\"450\" \/>\n\t<meta property=\"og:image:type\" content=\"image\/jpeg\" \/>\n<meta name=\"author\" content=\"Contenidos El Regional\" \/>\n<meta name=\"twitter:card\" content=\"summary_large_image\" \/>\n<meta name=\"twitter:creator\" content=\"@elregionalvm1\" \/>\n<meta name=\"twitter:site\" content=\"@elregionalvm1\" \/>\n<meta name=\"twitter:label1\" content=\"Escrito por\" \/>\n\t<meta name=\"twitter:data1\" content=\"Contenidos El Regional\" \/>\n\t<meta name=\"twitter:label2\" content=\"Tiempo de lectura\" \/>\n\t<meta name=\"twitter:data2\" content=\"1 minuto\" \/>\n<script type=\"application\/ld+json\" class=\"yoast-schema-graph\">{\"@context\":\"https:\/\/schema.org\",\"@graph\":[{\"@type\":\"Article\",\"@id\":\"http:\/\/elregionalvm.com.ar\/noticias-villa-maria\/el-municipio-adjudico-mas-de-20-licencias-de-taxis-y-capacito-a-los-permisionarios\/#article\",\"isPartOf\":{\"@id\":\"http:\/\/elregionalvm.com.ar\/noticias-villa-maria\/el-municipio-adjudico-mas-de-20-licencias-de-taxis-y-capacito-a-los-permisionarios\/\"},\"author\":{\"name\":\"Contenidos El Regional\",\"@id\":\"http:\/\/elregionalvm.com.ar\/noticias-villa-maria\/#\/schema\/person\/a0fb9c422317faca23d50163151bc354\"},\"headline\":\"El municipio adjudic\u00f3 m\u00e1s de 20 licencias de taxis y capacit\u00f3 a los permisionarios\",\"datePublished\":\"2023-03-31T22:05:20+00:00\",\"dateModified\":\"2023-04-04T02:54:16+00:00\",\"mainEntityOfPage\":{\"@id\":\"http:\/\/elregionalvm.com.ar\/noticias-villa-maria\/el-municipio-adjudico-mas-de-20-licencias-de-taxis-y-capacito-a-los-permisionarios\/\"},\"wordCount\":221,\"commentCount\":0,\"image\":{\"@id\":\"http:\/\/elregionalvm.com.ar\/noticias-villa-maria\/el-municipio-adjudico-mas-de-20-licencias-de-taxis-y-capacito-a-los-permisionarios\/#primaryimage\"},\"thumbnailUrl\":\"https:\/\/i0.wp.com\/elregionalvm.com.ar\/noticias-villa-maria\/wp-content\/uploads\/2023\/03\/WhatsApp-Image-2023-03-31-at-14.48.09.jpeg?fit=1024%2C450&ssl=1\",\"articleSection\":[\"destacado\",\"Villa Mar\u00eda\"],\"inLanguage\":\"es\",\"potentialAction\":[{\"@type\":\"CommentAction\",\"name\":\"Comment\",\"target\":[\"http:\/\/elregionalvm.com.ar\/noticias-villa-maria\/el-municipio-adjudico-mas-de-20-licencias-de-taxis-y-capacito-a-los-permisionarios\/#respond\"]}]},{\"@type\":\"WebPage\",\"@id\":\"http:\/\/elregionalvm.com.ar\/noticias-villa-maria\/el-municipio-adjudico-mas-de-20-licencias-de-taxis-y-capacito-a-los-permisionarios\/\",\"url\":\"http:\/\/elregionalvm.com.ar\/noticias-villa-maria\/el-municipio-adjudico-mas-de-20-licencias-de-taxis-y-capacito-a-los-permisionarios\/\",\"name\":\"El municipio adjudic\u00f3 m\u00e1s de 20 licencias de taxis y capacit\u00f3 a los permisionarios - El Regional\",\"isPartOf\":{\"@id\":\"http:\/\/elregionalvm.com.ar\/noticias-villa-maria\/#website\"},\"primaryImageOfPage\":{\"@id\":\"http:\/\/elregionalvm.com.ar\/noticias-villa-maria\/el-municipio-adjudico-mas-de-20-licencias-de-taxis-y-capacito-a-los-permisionarios\/#primaryimage\"},\"image\":{\"@id\":\"http:\/\/elregionalvm.com.ar\/noticias-villa-maria\/el-municipio-adjudico-mas-de-20-licencias-de-taxis-y-capacito-a-los-permisionarios\/#primaryimage\"},\"thumbnailUrl\":\"https:\/\/i0.wp.com\/elregionalvm.com.ar\/noticias-villa-maria\/wp-content\/uploads\/2023\/03\/WhatsApp-Image-2023-03-31-at-14.48.09.jpeg?fit=1024%2C450&ssl=1\",\"datePublished\":\"2023-03-31T22:05:20+00:00\",\"dateModified\":\"2023-04-04T02:54:16+00:00\",\"author\":{\"@id\":\"http:\/\/elregionalvm.com.ar\/noticias-villa-maria\/#\/schema\/person\/a0fb9c422317faca23d50163151bc354\"},\"breadcrumb\":{\"@id\":\"http:\/\/elregionalvm.com.ar\/noticias-villa-maria\/el-municipio-adjudico-mas-de-20-licencias-de-taxis-y-capacito-a-los-permisionarios\/#breadcrumb\"},\"inLanguage\":\"es\",\"potentialAction\":[{\"@type\":\"ReadAction\",\"target\":[\"http:\/\/elregionalvm.com.ar\/noticias-villa-maria\/el-municipio-adjudico-mas-de-20-licencias-de-taxis-y-capacito-a-los-permisionarios\/\"]}]},{\"@type\":\"ImageObject\",\"inLanguage\":\"es\",\"@id\":\"http:\/\/elregionalvm.com.ar\/noticias-villa-maria\/el-municipio-adjudico-mas-de-20-licencias-de-taxis-y-capacito-a-los-permisionarios\/#primaryimage\",\"url\":\"https:\/\/i0.wp.com\/elregionalvm.com.ar\/noticias-villa-maria\/wp-content\/uploads\/2023\/03\/WhatsApp-Image-2023-03-31-at-14.48.09.jpeg?fit=1024%2C450&ssl=1\",\"contentUrl\":\"https:\/\/i0.wp.com\/elregionalvm.com.ar\/noticias-villa-maria\/wp-content\/uploads\/2023\/03\/WhatsApp-Image-2023-03-31-at-14.48.09.jpeg?fit=1024%2C450&ssl=1\",\"width\":1024,\"height\":450},{\"@type\":\"BreadcrumbList\",\"@id\":\"http:\/\/elregionalvm.com.ar\/noticias-villa-maria\/el-municipio-adjudico-mas-de-20-licencias-de-taxis-y-capacito-a-los-permisionarios\/#breadcrumb\",\"itemListElement\":[{\"@type\":\"ListItem\",\"position\":1,\"name\":\"Portada\",\"item\":\"https:\/\/elregionalvm.com.ar\/noticias-villa-maria\/\"},{\"@type\":\"ListItem\",\"position\":2,\"name\":\"El municipio adjudic\u00f3 m\u00e1s de 20 licencias de taxis y capacit\u00f3 a los permisionarios\"}]},{\"@type\":\"WebSite\",\"@id\":\"http:\/\/elregionalvm.com.ar\/noticias-villa-maria\/#website\",\"url\":\"http:\/\/elregionalvm.com.ar\/noticias-villa-maria\/\",\"name\":\"El Regional\",\"description\":\"Mucho m\u00e1s que informaci\u00f3n\",\"potentialAction\":[{\"@type\":\"SearchAction\",\"target\":{\"@type\":\"EntryPoint\",\"urlTemplate\":\"http:\/\/elregionalvm.com.ar\/noticias-villa-maria\/?s={search_term_string}\"},\"query-input\":{\"@type\":\"PropertyValueSpecification\",\"valueRequired\":true,\"valueName\":\"search_term_string\"}}],\"inLanguage\":\"es\"},{\"@type\":\"Person\",\"@id\":\"http:\/\/elregionalvm.com.ar\/noticias-villa-maria\/#\/schema\/person\/a0fb9c422317faca23d50163151bc354\",\"name\":\"Contenidos El Regional\",\"image\":{\"@type\":\"ImageObject\",\"inLanguage\":\"es\",\"@id\":\"http:\/\/elregionalvm.com.ar\/noticias-villa-maria\/#\/schema\/person\/image\/\",\"url\":\"https:\/\/secure.gravatar.com\/avatar\/265b27cb2209af7bb3a1318f03305787d7981a5cc6e6cd08fe5a4ecdf99d4b48?s=96&d=mm&r=g\",\"contentUrl\":\"https:\/\/secure.gravatar.com\/avatar\/265b27cb2209af7bb3a1318f03305787d7981a5cc6e6cd08fe5a4ecdf99d4b48?s=96&d=mm&r=g\",\"caption\":\"Contenidos El Regional\"},\"url\":\"https:\/\/elregionalvm.com.ar\/noticias-villa-maria\/author\/contenido\/\"}]}<\/script>\n<!-- \/ Yoast SEO plugin. -->","yoast_head_json":{"title":"El municipio adjudic\u00f3 m\u00e1s de 20 licencias de taxis y capacit\u00f3 a los permisionarios - El Regional","robots":{"index":"index","follow":"follow","max-snippet":"max-snippet:-1","max-image-preview":"max-image-preview:large","max-video-preview":"max-video-preview:-1"},"canonical":"http:\/\/elregionalvm.com.ar\/noticias-villa-maria\/el-municipio-adjudico-mas-de-20-licencias-de-taxis-y-capacito-a-los-permisionarios\/","og_locale":"es_ES","og_type":"article","og_title":"El municipio adjudic\u00f3 m\u00e1s de 20 licencias de taxis y capacit\u00f3 a los permisionarios - El Regional","og_description":"Tras concluir la convocatoria para la adjudicaci\u00f3n de nuevas licencias vacantes de taxis, el municipio design\u00f3 22 nuevos permisionarios que llevar\u00e1n adelante la prestaci\u00f3n del servicio local. En funci\u00f3n de ello, los conductores seleccionados fueron capacitados en materia vial a trav\u00e9s de la Secretar\u00eda de Gobierno, Seguridad Ciudadana y Asuntos Legales, en un encuentro que [&hellip;]","og_url":"http:\/\/elregionalvm.com.ar\/noticias-villa-maria\/el-municipio-adjudico-mas-de-20-licencias-de-taxis-y-capacito-a-los-permisionarios\/","og_site_name":"El Regional","article_publisher":"https:\/\/www.facebook.com\/elregionalvm","article_published_time":"2023-03-31T22:05:20+00:00","article_modified_time":"2023-04-04T02:54:16+00:00","og_image":[{"width":1024,"height":450,"url":"http:\/\/elregionalvm.com.ar\/noticias-villa-maria\/wp-content\/uploads\/2023\/03\/WhatsApp-Image-2023-03-31-at-14.48.09.jpeg","type":"image\/jpeg"}],"author":"Contenidos El Regional","twitter_card":"summary_large_image","twitter_creator":"@elregionalvm1","twitter_site":"@elregionalvm1","twitter_misc":{"Escrito por":"Contenidos El Regional","Tiempo de lectura":"1 minuto"},"schema":{"@context":"https:\/\/schema.org","@graph":[{"@type":"Article","@id":"http:\/\/elregionalvm.com.ar\/noticias-villa-maria\/el-municipio-adjudico-mas-de-20-licencias-de-taxis-y-capacito-a-los-permisionarios\/#article","isPartOf":{"@id":"http:\/\/elregionalvm.com.ar\/noticias-villa-maria\/el-municipio-adjudico-mas-de-20-licencias-de-taxis-y-capacito-a-los-permisionarios\/"},"author":{"name":"Contenidos El Regional","@id":"http:\/\/elregionalvm.com.ar\/noticias-villa-maria\/#\/schema\/person\/a0fb9c422317faca23d50163151bc354"},"headline":"El municipio adjudic\u00f3 m\u00e1s de 20 licencias de taxis y capacit\u00f3 a los permisionarios","datePublished":"2023-03-31T22:05:20+00:00","dateModified":"2023-04-04T02:54:16+00:00","mainEntityOfPage":{"@id":"http:\/\/elregionalvm.com.ar\/noticias-villa-maria\/el-municipio-adjudico-mas-de-20-licencias-de-taxis-y-capacito-a-los-permisionarios\/"},"wordCount":221,"commentCount":0,"image":{"@id":"http:\/\/elregionalvm.com.ar\/noticias-villa-maria\/el-municipio-adjudico-mas-de-20-licencias-de-taxis-y-capacito-a-los-permisionarios\/#primaryimage"},"thumbnailUrl":"https:\/\/i0.wp.com\/elregionalvm.com.ar\/noticias-villa-maria\/wp-content\/uploads\/2023\/03\/WhatsApp-Image-2023-03-31-at-14.48.09.jpeg?fit=1024%2C450&ssl=1","articleSection":["destacado","Villa Mar\u00eda"],"inLanguage":"es","potentialAction":[{"@type":"CommentAction","name":"Comment","target":["http:\/\/elregionalvm.com.ar\/noticias-villa-maria\/el-municipio-adjudico-mas-de-20-licencias-de-taxis-y-capacito-a-los-permisionarios\/#respond"]}]},{"@type":"WebPage","@id":"http:\/\/elregionalvm.com.ar\/noticias-villa-maria\/el-municipio-adjudico-mas-de-20-licencias-de-taxis-y-capacito-a-los-permisionarios\/","url":"http:\/\/elregionalvm.com.ar\/noticias-villa-maria\/el-municipio-adjudico-mas-de-20-licencias-de-taxis-y-capacito-a-los-permisionarios\/","name":"El municipio adjudic\u00f3 m\u00e1s de 20 licencias de taxis y capacit\u00f3 a los permisionarios - El Regional","isPartOf":{"@id":"http:\/\/elregionalvm.com.ar\/noticias-villa-maria\/#website"},"primaryImageOfPage":{"@id":"http:\/\/elregionalvm.com.ar\/noticias-villa-maria\/el-municipio-adjudico-mas-de-20-licencias-de-taxis-y-capacito-a-los-permisionarios\/#primaryimage"},"image":{"@id":"http:\/\/elregionalvm.com.ar\/noticias-villa-maria\/el-municipio-adjudico-mas-de-20-licencias-de-taxis-y-capacito-a-los-permisionarios\/#primaryimage"},"thumbnailUrl":"https:\/\/i0.wp.com\/elregionalvm.com.ar\/noticias-villa-maria\/wp-content\/uploads\/2023\/03\/WhatsApp-Image-2023-03-31-at-14.48.09.jpeg?fit=1024%2C450&ssl=1","datePublished":"2023-03-31T22:05:20+00:00","dateModified":"2023-04-04T02:54:16+00:00","author":{"@id":"http:\/\/elregionalvm.com.ar\/noticias-villa-maria\/#\/schema\/person\/a0fb9c422317faca23d50163151bc354"},"breadcrumb":{"@id":"http:\/\/elregionalvm.com.ar\/noticias-villa-maria\/el-municipio-adjudico-mas-de-20-licencias-de-taxis-y-capacito-a-los-permisionarios\/#breadcrumb"},"inLanguage":"es","potentialAction":[{"@type":"ReadAction","target":["http:\/\/elregionalvm.com.ar\/noticias-villa-maria\/el-municipio-adjudico-mas-de-20-licencias-de-taxis-y-capacito-a-los-permisionarios\/"]}]},{"@type":"ImageObject","inLanguage":"es","@id":"http:\/\/elregionalvm.com.ar\/noticias-villa-maria\/el-municipio-adjudico-mas-de-20-licencias-de-taxis-y-capacito-a-los-permisionarios\/#primaryimage","url":"https:\/\/i0.wp.com\/elregionalvm.com.ar\/noticias-villa-maria\/wp-content\/uploads\/2023\/03\/WhatsApp-Image-2023-03-31-at-14.48.09.jpeg?fit=1024%2C450&ssl=1","contentUrl":"https:\/\/i0.wp.com\/elregionalvm.com.ar\/noticias-villa-maria\/wp-content\/uploads\/2023\/03\/WhatsApp-Image-2023-03-31-at-14.48.09.jpeg?fit=1024%2C450&ssl=1","width":1024,"height":450},{"@type":"BreadcrumbList","@id":"http:\/\/elregionalvm.com.ar\/noticias-villa-maria\/el-municipio-adjudico-mas-de-20-licencias-de-taxis-y-capacito-a-los-permisionarios\/#breadcrumb","itemListElement":[{"@type":"ListItem","position":1,"name":"Portada","item":"https:\/\/elregionalvm.com.ar\/noticias-villa-maria\/"},{"@type":"ListItem","position":2,"name":"El municipio adjudic\u00f3 m\u00e1s de 20 licencias de taxis y capacit\u00f3 a los permisionarios"}]},{"@type":"WebSite","@id":"http:\/\/elregionalvm.com.ar\/noticias-villa-maria\/#website","url":"http:\/\/elregionalvm.com.ar\/noticias-villa-maria\/","name":"El Regional","description":"Mucho m\u00e1s que informaci\u00f3n","potentialAction":[{"@type":"SearchAction","target":{"@type":"EntryPoint","urlTemplate":"http:\/\/elregionalvm.com.ar\/noticias-villa-maria\/?s={search_term_string}"},"query-input":{"@type":"PropertyValueSpecification","valueRequired":true,"valueName":"search_term_string"}}],"inLanguage":"es"},{"@type":"Person","@id":"http:\/\/elregionalvm.com.ar\/noticias-villa-maria\/#\/schema\/person\/a0fb9c422317faca23d50163151bc354","name":"Contenidos El Regional","image":{"@type":"ImageObject","inLanguage":"es","@id":"http:\/\/elregionalvm.com.ar\/noticias-villa-maria\/#\/schema\/person\/image\/","url":"https:\/\/secure.gravatar.com\/avatar\/265b27cb2209af7bb3a1318f03305787d7981a5cc6e6cd08fe5a4ecdf99d4b48?s=96&d=mm&r=g","contentUrl":"https:\/\/secure.gravatar.com\/avatar\/265b27cb2209af7bb3a1318f03305787d7981a5cc6e6cd08fe5a4ecdf99d4b48?s=96&d=mm&r=g","caption":"Contenidos El Regional"},"url":"https:\/\/elregionalvm.com.ar\/noticias-villa-maria\/author\/contenido\/"}]}},"jetpack_featured_media_url":"https:\/\/i0.wp.com\/elregionalvm.com.ar\/noticias-villa-maria\/wp-content\/uploads\/2023\/03\/WhatsApp-Image-2023-03-31-at-14.48.09.jpeg?fit=1024%2C450&ssl=1","jetpack_sharing_enabled":true,"_links":{"self":[{"href":"https:\/\/elregionalvm.com.ar\/noticias-villa-maria\/wp-json\/wp\/v2\/posts\/74061","targetHints":{"allow":["GET"]}}],"collection":[{"href":"https:\/\/elregionalvm.com.ar\/noticias-villa-maria\/wp-json\/wp\/v2\/posts"}],"about":[{"href":"https:\/\/elregionalvm.com.ar\/noticias-villa-maria\/wp-json\/wp\/v2\/types\/post"}],"author":[{"embeddable":true,"href":"https:\/\/elregionalvm.com.ar\/noticias-villa-maria\/wp-json\/wp\/v2\/users\/4"}],"replies":[{"embeddable":true,"href":"https:\/\/elregionalvm.com.ar\/noticias-villa-maria\/wp-json\/wp\/v2\/comments?post=74061"}],"version-history":[{"count":1,"href":"https:\/\/elregionalvm.com.ar\/noticias-villa-maria\/wp-json\/wp\/v2\/posts\/74061\/revisions"}],"predecessor-version":[{"id":74063,"href":"https:\/\/elregionalvm.com.ar\/noticias-villa-maria\/wp-json\/wp\/v2\/posts\/74061\/revisions\/74063"}],"wp:featuredmedia":[{"embeddable":true,"href":"https:\/\/elregionalvm.com.ar\/noticias-villa-maria\/wp-json\/wp\/v2\/media\/74062"}],"wp:attachment":[{"href":"https:\/\/elregionalvm.com.ar\/noticias-villa-maria\/wp-json\/wp\/v2\/media?parent=74061"}],"wp:term":[{"taxonomy":"category","embeddable":true,"href":"https:\/\/elregionalvm.com.ar\/noticias-villa-maria\/wp-json\/wp\/v2\/categories?post=74061"},{"taxonomy":"post_tag","embeddable":true,"href":"https:\/\/elregionalvm.com.ar\/noticias-villa-maria\/wp-json\/wp\/v2\/tags?post=74061"}],"curies":[{"name":"wp","href":"https:\/\/api.w.org\/{rel}","templated":true}]}}