{"id":74064,"date":"2023-03-31T22:16:50","date_gmt":"2023-03-31T22:16:50","guid":{"rendered":"https:\/\/elregionalvm.com.ar\/noticias-villa-maria\/?p=74064"},"modified":"2023-03-31T22:16:52","modified_gmt":"2023-03-31T22:16:52","slug":"pro-villa-maria-diserto-una-arquitecta-acerca-del-uso-en-los-espacios-publicos","status":"publish","type":"post","link":"https:\/\/elregionalvm.com.ar\/noticias-villa-maria\/pro-villa-maria-diserto-una-arquitecta-acerca-del-uso-en-los-espacios-publicos\/","title":{"rendered":"PRO Villa Mar\u00eda: disert\u00f3 una arquitecta acerca del uso en los espacios p\u00fablicos"},"content":{"rendered":"\n<p>La arquitecta Florencia Costas a cargo del \u00e1rea de Planificaci\u00f3n Urbana del partido local, disert\u00f3 el jueves a la noche en la sede del PRO Villa Mar\u00eda invitando a pensar sobre una ciudad accesible y sustentable a trav\u00e9s de la urbanizaci\u00f3n.<\/p>\n\n\n\n<p>La profesional estuvo en el local partidario PRO de la mano del legislador provincial Dar\u00edo Capitani, los concejales Karina Bruno, Natalia Gonz\u00e1lez y Carlos Primo.<br>All\u00ed, frente a los vecinos que se congregaron, abord\u00f3 primeramente la concientizaci\u00f3n, asesoramiento y ayuda necesarios para eliminar las barreras f\u00edsicas que existen para lograr una Villa Mar\u00eda accesible.<\/p>\n\n\n\n<p>\u201cEl objetivo es que sea transitable para todos, y que los villamarienses se sientan incluidos en cada rinc\u00f3n donde est\u00e9n\u201d, coment\u00f3 Costas. <\/p>\n\n\n\n<figure class=\"wp-block-image size-full\"><img data-recalc-dims=\"1\" fetchpriority=\"high\" decoding=\"async\" width=\"768\" height=\"1024\" src=\"https:\/\/i0.wp.com\/elregionalvm.com.ar\/noticias-villa-maria\/wp-content\/uploads\/2023\/03\/WhatsApp-Image-2023-03-31-at-10.27.14.jpeg?resize=768%2C1024&#038;ssl=1\" alt=\"\" class=\"wp-image-74065\" srcset=\"https:\/\/i0.wp.com\/elregionalvm.com.ar\/noticias-villa-maria\/wp-content\/uploads\/2023\/03\/WhatsApp-Image-2023-03-31-at-10.27.14.jpeg?w=768&amp;ssl=1 768w, https:\/\/i0.wp.com\/elregionalvm.com.ar\/noticias-villa-maria\/wp-content\/uploads\/2023\/03\/WhatsApp-Image-2023-03-31-at-10.27.14.jpeg?resize=225%2C300&amp;ssl=1 225w\" sizes=\"(max-width: 768px) 100vw, 768px\" \/><\/figure>\n\n\n\n<p>Y aclar\u00f3: \u201cEsto no le compete solo al \u00e1rea de urbanizaci\u00f3n, ingenier\u00eda civil o arquitectura. Se trata de un proyecto transversal en el que interviene todo el Gobierno con el fin de comprometerse en la mejora de los espacios p\u00fablicos\u201d.<\/p>\n\n\n\n<p>\u201cSe trata de transformar el ejido urbano para conseguir la completa inclusi\u00f3n, no s\u00f3lo desde lo funcional, sino tambi\u00e9n desde lo psicol\u00f3gico y social, abordando personas con discapacidad, movilidad reducida y comunicaci\u00f3n limitada. Son convenciones, pactos y tratados que establecen el derecho de todos y nos compete como sociedad\u201d, indic\u00f3.<\/p>\n\n\n\n<p>\u201cEl tema principal de la accesibilidad es generar un entorno m\u00e1s emp\u00e1tico. Este t\u00e9rmino es muy nuevo y se empez\u00f3 a trabajar reci\u00e9n en la \u00faltima d\u00e9cada. No s\u00f3lo son rampas, sino un conjunto de cosas que conforman a la arquitectura y el urbanismo\u201d, explic\u00f3 la profesional.<\/p>\n\n\n\n<p>Y declar\u00f3: \u201cAunque parezca indiferente, el dise\u00f1o es \u00fatil y deber\u00eda llegar a las personas con discapacidad para garantizar la igualdad de uso, sin tener ninguna complejidad, que sea funcional para todos los rangos de alfabetizaci\u00f3n, conocimiento, experiencia o habilidad y minimice los riesgos o accidentes\u201d.<\/p>\n\n\n\n<p>En el marco del mes de la mujer, la arquitecta tambi\u00e9n plante\u00f3 la necesidad de comenzar a tener corredores seguros para mujeres, \u201csobre todo en el contexto de inseguridad que estamos sufriendo en el \u00faltimo tiempo los villamarienses\u201d, dijo Costas.<\/p>\n\n\n\n<p>\u201cCon respecto a una ciudad m\u00e1s sustentable, insisto en que tiene que intervenir el Estado en pol\u00edticas p\u00fablicas para tomar conciencia y compromiso. <\/p>\n\n\n\n<p>Pero antes de pensar m\u00e1s all\u00e1, hay que empezar con lo b\u00e1sico, que es recolectar los residuos. <\/p>\n\n\n\n<p>Es uno de los problemas que tenemos porque los espacios verdes como la Costanera est\u00e1n llenos de basura, lo mismo pasa con los barrios de la periferia\u201d, sostuvo. <\/p>\n\n\n\n<p>\u201cHace falta un sistema de reciclado que funcione y podamos tener en n\u00fameros el resultado de ello para incentivar tambi\u00e9n a la poblaci\u00f3n; con optimizaci\u00f3n en la separaci\u00f3n en origen y sobre todo una mejor disposici\u00f3n en el espacio p\u00fablico\u201d, plante\u00f3.<\/p>\n\n\n\n<p>\u201cDespu\u00e9s de recorrer la ciudad con Dar\u00edo y el equipo, considero que es fundamental la presencia estatal, pero tambi\u00e9n es importante la parte que le toca al vecino, porque conoce su barrio, sus necesidades y es quien mejor sabe cuidarlo.\u201d, sentenci\u00f3 Costas.<\/p>\n\n\n\n<p>Pensando en el futuro de la ciudad<\/p>\n\n\n\n<p>Por su parte, la concejal Natalia Gonz\u00e1lez manifest\u00f3: \u201cdebemos salir de la estigmatizaci\u00f3n de lo que significa la discapacidad. El Gobierno es quien tiene las facultades para transformar el espacio de las unidades urbanas para fomentar la movilidad sustentable, la accesibilidad a plazas y edificios estatales, incrementando la cohesi\u00f3n social. Se trata tambi\u00e9n de respetar la normativa municipal que establece la Ordenanza N\u00b0 6402\u201d.<\/p>\n\n\n\n<p>\u201cNosotros queremos mejorar la calidad de vida de los vecinos de Villa Mar\u00eda transformando nuestra ciudad en un espacio sustentable y accesible que sea capaz de gestionar responsablemente sus recursos y residuos y que tenga la edificaci\u00f3n urbana necesaria para lograr incluir\u201d, agreg\u00f3 la edil.<\/p>\n\n\n\n<p>\u201cLas prioridades son todas porque hay presupuesto para hacer eso y mucho m\u00e1s. El funcionario no recorre m\u00e1s la ciudad, es algo que se perdi\u00f3 y nosotros retomamos porque lo m\u00e1s importante es hablar con la gente y hacerla part\u00edcipe, porque as\u00ed va a validar cada una de las obras que se realicen\u201d, intervino Carlos Primo quien tambi\u00e9n estuvo presente.<\/p>\n\n\n\n<p>\u201cCreemos que debemos utilizar tanto la infraestructura como los servicios de transporte, para ofrecer las oportunidades que tiene Villa Mar\u00eda en relaci\u00f3n a las distintas actividades econ\u00f3mico sociales a toda la poblaci\u00f3n sin que se impida su plena participaci\u00f3n\u201d, expres\u00f3 Gonz\u00e1lez.<\/p>\n\n\n\n<p>\u201cLos verdaderos problemas est\u00e1n en el entorno. No cabe la justificaci\u00f3n de la discapacidad de salud, funcional, motriz o neurol\u00f3gica. Lo que discapacita es el entorno, responsable de generar la exclusi\u00f3n, o por el contrario, fomentar la inclusi\u00f3n\u201d, enunci\u00f3.<\/p>\n\n\n\n<p>Y asever\u00f3: \u201cEstamos trabajando desde adentro en pol\u00edticas p\u00fablicas que el d\u00eda de ma\u00f1ana fortalezcan la gesti\u00f3n social. Sabemos que ese es el camino para crecer y ubicarnos en el centro de las miradas como ejemplo de desarrollo y modernizaci\u00f3n de una ciudad que sea totalmente accesible y sustentable. <\/p>\n\n\n\n<p>Proponemos estos espacios de debate para definir un plan desde una visi\u00f3n integral y participativa para mejorar la calidad de vida de la poblaci\u00f3n\u201d.<\/p>\n","protected":false},"excerpt":{"rendered":"<p>La arquitecta Florencia Costas a cargo del \u00e1rea de Planificaci\u00f3n Urbana del partido local, disert\u00f3 el jueves a la noche en la sede del PRO Villa Mar\u00eda invitando a pensar sobre una ciudad accesible y sustentable a trav\u00e9s de la urbanizaci\u00f3n. La profesional estuvo en el local partidario PRO de la mano del legislador provincial [&hellip;]<\/p>\n","protected":false},"author":4,"featured_media":74066,"comment_status":"open","ping_status":"open","sticky":false,"template":"","format":"standard","meta":{"site-sidebar-layout":"default","site-content-layout":"","ast-site-content-layout":"default","site-content-style":"default","site-sidebar-style":"default","ast-global-header-display":"","ast-banner-title-visibility":"","ast-main-header-display":"","ast-hfb-above-header-display":"","ast-hfb-below-header-display":"","ast-hfb-mobile-header-display":"","site-post-title":"","ast-breadcrumbs-content":"","ast-featured-img":"","footer-sml-layout":"","ast-disable-related-posts":"","theme-transparent-header-meta":"","adv-header-id-meta":"","stick-header-meta":"","header-above-stick-meta":"","header-main-stick-meta":"","header-below-stick-meta":"","astra-migrate-meta-layouts":"default","ast-page-background-enabled":"default","ast-page-background-meta":{"desktop":{"background-color":"","background-image":"","background-repeat":"repeat","background-position":"center center","background-size":"auto","background-attachment":"scroll","background-type":"","background-media":"","overlay-type":"","overlay-color":"","overlay-opacity":"","overlay-gradient":""},"tablet":{"background-color":"","background-image":"","background-repeat":"repeat","background-position":"center center","background-size":"auto","background-attachment":"scroll","background-type":"","background-media":"","overlay-type":"","overlay-color":"","overlay-opacity":"","overlay-gradient":""},"mobile":{"background-color":"","background-image":"","background-repeat":"repeat","background-position":"center center","background-size":"auto","background-attachment":"scroll","background-type":"","background-media":"","overlay-type":"","overlay-color":"","overlay-opacity":"","overlay-gradient":""}},"ast-content-background-meta":{"desktop":{"background-color":"var(--ast-global-color-5)","background-image":"","background-repeat":"repeat","background-position":"center center","background-size":"auto","background-attachment":"scroll","background-type":"","background-media":"","overlay-type":"","overlay-color":"","overlay-opacity":"","overlay-gradient":""},"tablet":{"background-color":"var(--ast-global-color-5)","background-image":"","background-repeat":"repeat","background-position":"center center","background-size":"auto","background-attachment":"scroll","background-type":"","background-media":"","overlay-type":"","overlay-color":"","overlay-opacity":"","overlay-gradient":""},"mobile":{"background-color":"var(--ast-global-color-5)","background-image":"","background-repeat":"repeat","background-position":"center center","background-size":"auto","background-attachment":"scroll","background-type":"","background-media":"","overlay-type":"","overlay-color":"","overlay-opacity":"","overlay-gradient":""}},"_jetpack_memberships_contains_paid_content":false,"_joinchat":[],"footnotes":""},"categories":[15302,5,2],"tags":[],"class_list":["post-74064","post","type-post","status-publish","format-standard","has-post-thumbnail","hentry","category-destacado","category-sociedad","category-villa-maria"],"yoast_head":"<!-- This site is optimized with the Yoast SEO plugin v26.8 - https:\/\/yoast.com\/product\/yoast-seo-wordpress\/ -->\n<title>PRO Villa Mar\u00eda: disert\u00f3 una arquitecta acerca del uso en los espacios p\u00fablicos - El Regional<\/title>\n<meta name=\"robots\" content=\"index, follow, max-snippet:-1, max-image-preview:large, max-video-preview:-1\" \/>\n<link rel=\"canonical\" href=\"http:\/\/elregionalvm.com.ar\/noticias-villa-maria\/pro-villa-maria-diserto-una-arquitecta-acerca-del-uso-en-los-espacios-publicos\/\" \/>\n<meta property=\"og:locale\" content=\"es_ES\" \/>\n<meta property=\"og:type\" content=\"article\" \/>\n<meta property=\"og:title\" content=\"PRO Villa Mar\u00eda: disert\u00f3 una arquitecta acerca del uso en los espacios p\u00fablicos - El Regional\" \/>\n<meta property=\"og:description\" content=\"La arquitecta Florencia Costas a cargo del \u00e1rea de Planificaci\u00f3n Urbana del partido local, disert\u00f3 el jueves a la noche en la sede del PRO Villa Mar\u00eda invitando a pensar sobre una ciudad accesible y sustentable a trav\u00e9s de la urbanizaci\u00f3n. La profesional estuvo en el local partidario PRO de la mano del legislador provincial [&hellip;]\" \/>\n<meta property=\"og:url\" content=\"http:\/\/elregionalvm.com.ar\/noticias-villa-maria\/pro-villa-maria-diserto-una-arquitecta-acerca-del-uso-en-los-espacios-publicos\/\" \/>\n<meta property=\"og:site_name\" content=\"El Regional\" \/>\n<meta property=\"article:publisher\" content=\"https:\/\/www.facebook.com\/elregionalvm\" \/>\n<meta property=\"article:published_time\" content=\"2023-03-31T22:16:50+00:00\" \/>\n<meta property=\"article:modified_time\" content=\"2023-03-31T22:16:52+00:00\" \/>\n<meta property=\"og:image\" content=\"http:\/\/elregionalvm.com.ar\/noticias-villa-maria\/wp-content\/uploads\/2023\/03\/WhatsApp-Image-2023-03-31-at-10.27.07.jpeg\" \/>\n\t<meta property=\"og:image:width\" content=\"768\" \/>\n\t<meta property=\"og:image:height\" content=\"1024\" \/>\n\t<meta property=\"og:image:type\" content=\"image\/jpeg\" \/>\n<meta name=\"author\" content=\"Contenidos El Regional\" \/>\n<meta name=\"twitter:card\" content=\"summary_large_image\" \/>\n<meta name=\"twitter:creator\" content=\"@elregionalvm1\" \/>\n<meta name=\"twitter:site\" content=\"@elregionalvm1\" \/>\n<meta name=\"twitter:label1\" content=\"Escrito por\" \/>\n\t<meta name=\"twitter:data1\" content=\"Contenidos El Regional\" \/>\n\t<meta name=\"twitter:label2\" content=\"Tiempo de lectura\" \/>\n\t<meta name=\"twitter:data2\" content=\"4 minutos\" \/>\n<script type=\"application\/ld+json\" class=\"yoast-schema-graph\">{\"@context\":\"https:\/\/schema.org\",\"@graph\":[{\"@type\":\"Article\",\"@id\":\"http:\/\/elregionalvm.com.ar\/noticias-villa-maria\/pro-villa-maria-diserto-una-arquitecta-acerca-del-uso-en-los-espacios-publicos\/#article\",\"isPartOf\":{\"@id\":\"http:\/\/elregionalvm.com.ar\/noticias-villa-maria\/pro-villa-maria-diserto-una-arquitecta-acerca-del-uso-en-los-espacios-publicos\/\"},\"author\":{\"name\":\"Contenidos El Regional\",\"@id\":\"http:\/\/elregionalvm.com.ar\/noticias-villa-maria\/#\/schema\/person\/a0fb9c422317faca23d50163151bc354\"},\"headline\":\"PRO Villa Mar\u00eda: disert\u00f3 una arquitecta acerca del uso en los espacios p\u00fablicos\",\"datePublished\":\"2023-03-31T22:16:50+00:00\",\"dateModified\":\"2023-03-31T22:16:52+00:00\",\"mainEntityOfPage\":{\"@id\":\"http:\/\/elregionalvm.com.ar\/noticias-villa-maria\/pro-villa-maria-diserto-una-arquitecta-acerca-del-uso-en-los-espacios-publicos\/\"},\"wordCount\":909,\"commentCount\":0,\"image\":{\"@id\":\"http:\/\/elregionalvm.com.ar\/noticias-villa-maria\/pro-villa-maria-diserto-una-arquitecta-acerca-del-uso-en-los-espacios-publicos\/#primaryimage\"},\"thumbnailUrl\":\"https:\/\/i0.wp.com\/elregionalvm.com.ar\/noticias-villa-maria\/wp-content\/uploads\/2023\/03\/WhatsApp-Image-2023-03-31-at-10.27.07.jpeg?fit=768%2C1024&ssl=1\",\"articleSection\":[\"destacado\",\"Sociedad\",\"Villa Mar\u00eda\"],\"inLanguage\":\"es\",\"potentialAction\":[{\"@type\":\"CommentAction\",\"name\":\"Comment\",\"target\":[\"http:\/\/elregionalvm.com.ar\/noticias-villa-maria\/pro-villa-maria-diserto-una-arquitecta-acerca-del-uso-en-los-espacios-publicos\/#respond\"]}]},{\"@type\":\"WebPage\",\"@id\":\"http:\/\/elregionalvm.com.ar\/noticias-villa-maria\/pro-villa-maria-diserto-una-arquitecta-acerca-del-uso-en-los-espacios-publicos\/\",\"url\":\"http:\/\/elregionalvm.com.ar\/noticias-villa-maria\/pro-villa-maria-diserto-una-arquitecta-acerca-del-uso-en-los-espacios-publicos\/\",\"name\":\"PRO Villa Mar\u00eda: disert\u00f3 una arquitecta acerca del uso en los espacios p\u00fablicos - El Regional\",\"isPartOf\":{\"@id\":\"http:\/\/elregionalvm.com.ar\/noticias-villa-maria\/#website\"},\"primaryImageOfPage\":{\"@id\":\"http:\/\/elregionalvm.com.ar\/noticias-villa-maria\/pro-villa-maria-diserto-una-arquitecta-acerca-del-uso-en-los-espacios-publicos\/#primaryimage\"},\"image\":{\"@id\":\"http:\/\/elregionalvm.com.ar\/noticias-villa-maria\/pro-villa-maria-diserto-una-arquitecta-acerca-del-uso-en-los-espacios-publicos\/#primaryimage\"},\"thumbnailUrl\":\"https:\/\/i0.wp.com\/elregionalvm.com.ar\/noticias-villa-maria\/wp-content\/uploads\/2023\/03\/WhatsApp-Image-2023-03-31-at-10.27.07.jpeg?fit=768%2C1024&ssl=1\",\"datePublished\":\"2023-03-31T22:16:50+00:00\",\"dateModified\":\"2023-03-31T22:16:52+00:00\",\"author\":{\"@id\":\"http:\/\/elregionalvm.com.ar\/noticias-villa-maria\/#\/schema\/person\/a0fb9c422317faca23d50163151bc354\"},\"breadcrumb\":{\"@id\":\"http:\/\/elregionalvm.com.ar\/noticias-villa-maria\/pro-villa-maria-diserto-una-arquitecta-acerca-del-uso-en-los-espacios-publicos\/#breadcrumb\"},\"inLanguage\":\"es\",\"potentialAction\":[{\"@type\":\"ReadAction\",\"target\":[\"http:\/\/elregionalvm.com.ar\/noticias-villa-maria\/pro-villa-maria-diserto-una-arquitecta-acerca-del-uso-en-los-espacios-publicos\/\"]}]},{\"@type\":\"ImageObject\",\"inLanguage\":\"es\",\"@id\":\"http:\/\/elregionalvm.com.ar\/noticias-villa-maria\/pro-villa-maria-diserto-una-arquitecta-acerca-del-uso-en-los-espacios-publicos\/#primaryimage\",\"url\":\"https:\/\/i0.wp.com\/elregionalvm.com.ar\/noticias-villa-maria\/wp-content\/uploads\/2023\/03\/WhatsApp-Image-2023-03-31-at-10.27.07.jpeg?fit=768%2C1024&ssl=1\",\"contentUrl\":\"https:\/\/i0.wp.com\/elregionalvm.com.ar\/noticias-villa-maria\/wp-content\/uploads\/2023\/03\/WhatsApp-Image-2023-03-31-at-10.27.07.jpeg?fit=768%2C1024&ssl=1\",\"width\":768,\"height\":1024},{\"@type\":\"BreadcrumbList\",\"@id\":\"http:\/\/elregionalvm.com.ar\/noticias-villa-maria\/pro-villa-maria-diserto-una-arquitecta-acerca-del-uso-en-los-espacios-publicos\/#breadcrumb\",\"itemListElement\":[{\"@type\":\"ListItem\",\"position\":1,\"name\":\"Portada\",\"item\":\"https:\/\/elregionalvm.com.ar\/noticias-villa-maria\/\"},{\"@type\":\"ListItem\",\"position\":2,\"name\":\"PRO Villa Mar\u00eda: disert\u00f3 una arquitecta acerca del uso en los espacios p\u00fablicos\"}]},{\"@type\":\"WebSite\",\"@id\":\"http:\/\/elregionalvm.com.ar\/noticias-villa-maria\/#website\",\"url\":\"http:\/\/elregionalvm.com.ar\/noticias-villa-maria\/\",\"name\":\"El Regional\",\"description\":\"Mucho m\u00e1s que informaci\u00f3n\",\"potentialAction\":[{\"@type\":\"SearchAction\",\"target\":{\"@type\":\"EntryPoint\",\"urlTemplate\":\"http:\/\/elregionalvm.com.ar\/noticias-villa-maria\/?s={search_term_string}\"},\"query-input\":{\"@type\":\"PropertyValueSpecification\",\"valueRequired\":true,\"valueName\":\"search_term_string\"}}],\"inLanguage\":\"es\"},{\"@type\":\"Person\",\"@id\":\"http:\/\/elregionalvm.com.ar\/noticias-villa-maria\/#\/schema\/person\/a0fb9c422317faca23d50163151bc354\",\"name\":\"Contenidos El Regional\",\"image\":{\"@type\":\"ImageObject\",\"inLanguage\":\"es\",\"@id\":\"http:\/\/elregionalvm.com.ar\/noticias-villa-maria\/#\/schema\/person\/image\/\",\"url\":\"https:\/\/secure.gravatar.com\/avatar\/265b27cb2209af7bb3a1318f03305787d7981a5cc6e6cd08fe5a4ecdf99d4b48?s=96&d=mm&r=g\",\"contentUrl\":\"https:\/\/secure.gravatar.com\/avatar\/265b27cb2209af7bb3a1318f03305787d7981a5cc6e6cd08fe5a4ecdf99d4b48?s=96&d=mm&r=g\",\"caption\":\"Contenidos El Regional\"},\"url\":\"https:\/\/elregionalvm.com.ar\/noticias-villa-maria\/author\/contenido\/\"}]}<\/script>\n<!-- \/ Yoast SEO plugin. -->","yoast_head_json":{"title":"PRO Villa Mar\u00eda: disert\u00f3 una arquitecta acerca del uso en los espacios p\u00fablicos - El Regional","robots":{"index":"index","follow":"follow","max-snippet":"max-snippet:-1","max-image-preview":"max-image-preview:large","max-video-preview":"max-video-preview:-1"},"canonical":"http:\/\/elregionalvm.com.ar\/noticias-villa-maria\/pro-villa-maria-diserto-una-arquitecta-acerca-del-uso-en-los-espacios-publicos\/","og_locale":"es_ES","og_type":"article","og_title":"PRO Villa Mar\u00eda: disert\u00f3 una arquitecta acerca del uso en los espacios p\u00fablicos - El Regional","og_description":"La arquitecta Florencia Costas a cargo del \u00e1rea de Planificaci\u00f3n Urbana del partido local, disert\u00f3 el jueves a la noche en la sede del PRO Villa Mar\u00eda invitando a pensar sobre una ciudad accesible y sustentable a trav\u00e9s de la urbanizaci\u00f3n. La profesional estuvo en el local partidario PRO de la mano del legislador provincial [&hellip;]","og_url":"http:\/\/elregionalvm.com.ar\/noticias-villa-maria\/pro-villa-maria-diserto-una-arquitecta-acerca-del-uso-en-los-espacios-publicos\/","og_site_name":"El Regional","article_publisher":"https:\/\/www.facebook.com\/elregionalvm","article_published_time":"2023-03-31T22:16:50+00:00","article_modified_time":"2023-03-31T22:16:52+00:00","og_image":[{"width":768,"height":1024,"url":"http:\/\/elregionalvm.com.ar\/noticias-villa-maria\/wp-content\/uploads\/2023\/03\/WhatsApp-Image-2023-03-31-at-10.27.07.jpeg","type":"image\/jpeg"}],"author":"Contenidos El Regional","twitter_card":"summary_large_image","twitter_creator":"@elregionalvm1","twitter_site":"@elregionalvm1","twitter_misc":{"Escrito por":"Contenidos El Regional","Tiempo de lectura":"4 minutos"},"schema":{"@context":"https:\/\/schema.org","@graph":[{"@type":"Article","@id":"http:\/\/elregionalvm.com.ar\/noticias-villa-maria\/pro-villa-maria-diserto-una-arquitecta-acerca-del-uso-en-los-espacios-publicos\/#article","isPartOf":{"@id":"http:\/\/elregionalvm.com.ar\/noticias-villa-maria\/pro-villa-maria-diserto-una-arquitecta-acerca-del-uso-en-los-espacios-publicos\/"},"author":{"name":"Contenidos El Regional","@id":"http:\/\/elregionalvm.com.ar\/noticias-villa-maria\/#\/schema\/person\/a0fb9c422317faca23d50163151bc354"},"headline":"PRO Villa Mar\u00eda: disert\u00f3 una arquitecta acerca del uso en los espacios p\u00fablicos","datePublished":"2023-03-31T22:16:50+00:00","dateModified":"2023-03-31T22:16:52+00:00","mainEntityOfPage":{"@id":"http:\/\/elregionalvm.com.ar\/noticias-villa-maria\/pro-villa-maria-diserto-una-arquitecta-acerca-del-uso-en-los-espacios-publicos\/"},"wordCount":909,"commentCount":0,"image":{"@id":"http:\/\/elregionalvm.com.ar\/noticias-villa-maria\/pro-villa-maria-diserto-una-arquitecta-acerca-del-uso-en-los-espacios-publicos\/#primaryimage"},"thumbnailUrl":"https:\/\/i0.wp.com\/elregionalvm.com.ar\/noticias-villa-maria\/wp-content\/uploads\/2023\/03\/WhatsApp-Image-2023-03-31-at-10.27.07.jpeg?fit=768%2C1024&ssl=1","articleSection":["destacado","Sociedad","Villa Mar\u00eda"],"inLanguage":"es","potentialAction":[{"@type":"CommentAction","name":"Comment","target":["http:\/\/elregionalvm.com.ar\/noticias-villa-maria\/pro-villa-maria-diserto-una-arquitecta-acerca-del-uso-en-los-espacios-publicos\/#respond"]}]},{"@type":"WebPage","@id":"http:\/\/elregionalvm.com.ar\/noticias-villa-maria\/pro-villa-maria-diserto-una-arquitecta-acerca-del-uso-en-los-espacios-publicos\/","url":"http:\/\/elregionalvm.com.ar\/noticias-villa-maria\/pro-villa-maria-diserto-una-arquitecta-acerca-del-uso-en-los-espacios-publicos\/","name":"PRO Villa Mar\u00eda: disert\u00f3 una arquitecta acerca del uso en los espacios p\u00fablicos - El Regional","isPartOf":{"@id":"http:\/\/elregionalvm.com.ar\/noticias-villa-maria\/#website"},"primaryImageOfPage":{"@id":"http:\/\/elregionalvm.com.ar\/noticias-villa-maria\/pro-villa-maria-diserto-una-arquitecta-acerca-del-uso-en-los-espacios-publicos\/#primaryimage"},"image":{"@id":"http:\/\/elregionalvm.com.ar\/noticias-villa-maria\/pro-villa-maria-diserto-una-arquitecta-acerca-del-uso-en-los-espacios-publicos\/#primaryimage"},"thumbnailUrl":"https:\/\/i0.wp.com\/elregionalvm.com.ar\/noticias-villa-maria\/wp-content\/uploads\/2023\/03\/WhatsApp-Image-2023-03-31-at-10.27.07.jpeg?fit=768%2C1024&ssl=1","datePublished":"2023-03-31T22:16:50+00:00","dateModified":"2023-03-31T22:16:52+00:00","author":{"@id":"http:\/\/elregionalvm.com.ar\/noticias-villa-maria\/#\/schema\/person\/a0fb9c422317faca23d50163151bc354"},"breadcrumb":{"@id":"http:\/\/elregionalvm.com.ar\/noticias-villa-maria\/pro-villa-maria-diserto-una-arquitecta-acerca-del-uso-en-los-espacios-publicos\/#breadcrumb"},"inLanguage":"es","potentialAction":[{"@type":"ReadAction","target":["http:\/\/elregionalvm.com.ar\/noticias-villa-maria\/pro-villa-maria-diserto-una-arquitecta-acerca-del-uso-en-los-espacios-publicos\/"]}]},{"@type":"ImageObject","inLanguage":"es","@id":"http:\/\/elregionalvm.com.ar\/noticias-villa-maria\/pro-villa-maria-diserto-una-arquitecta-acerca-del-uso-en-los-espacios-publicos\/#primaryimage","url":"https:\/\/i0.wp.com\/elregionalvm.com.ar\/noticias-villa-maria\/wp-content\/uploads\/2023\/03\/WhatsApp-Image-2023-03-31-at-10.27.07.jpeg?fit=768%2C1024&ssl=1","contentUrl":"https:\/\/i0.wp.com\/elregionalvm.com.ar\/noticias-villa-maria\/wp-content\/uploads\/2023\/03\/WhatsApp-Image-2023-03-31-at-10.27.07.jpeg?fit=768%2C1024&ssl=1","width":768,"height":1024},{"@type":"BreadcrumbList","@id":"http:\/\/elregionalvm.com.ar\/noticias-villa-maria\/pro-villa-maria-diserto-una-arquitecta-acerca-del-uso-en-los-espacios-publicos\/#breadcrumb","itemListElement":[{"@type":"ListItem","position":1,"name":"Portada","item":"https:\/\/elregionalvm.com.ar\/noticias-villa-maria\/"},{"@type":"ListItem","position":2,"name":"PRO Villa Mar\u00eda: disert\u00f3 una arquitecta acerca del uso en los espacios p\u00fablicos"}]},{"@type":"WebSite","@id":"http:\/\/elregionalvm.com.ar\/noticias-villa-maria\/#website","url":"http:\/\/elregionalvm.com.ar\/noticias-villa-maria\/","name":"El Regional","description":"Mucho m\u00e1s que informaci\u00f3n","potentialAction":[{"@type":"SearchAction","target":{"@type":"EntryPoint","urlTemplate":"http:\/\/elregionalvm.com.ar\/noticias-villa-maria\/?s={search_term_string}"},"query-input":{"@type":"PropertyValueSpecification","valueRequired":true,"valueName":"search_term_string"}}],"inLanguage":"es"},{"@type":"Person","@id":"http:\/\/elregionalvm.com.ar\/noticias-villa-maria\/#\/schema\/person\/a0fb9c422317faca23d50163151bc354","name":"Contenidos El Regional","image":{"@type":"ImageObject","inLanguage":"es","@id":"http:\/\/elregionalvm.com.ar\/noticias-villa-maria\/#\/schema\/person\/image\/","url":"https:\/\/secure.gravatar.com\/avatar\/265b27cb2209af7bb3a1318f03305787d7981a5cc6e6cd08fe5a4ecdf99d4b48?s=96&d=mm&r=g","contentUrl":"https:\/\/secure.gravatar.com\/avatar\/265b27cb2209af7bb3a1318f03305787d7981a5cc6e6cd08fe5a4ecdf99d4b48?s=96&d=mm&r=g","caption":"Contenidos El Regional"},"url":"https:\/\/elregionalvm.com.ar\/noticias-villa-maria\/author\/contenido\/"}]}},"jetpack_featured_media_url":"https:\/\/i0.wp.com\/elregionalvm.com.ar\/noticias-villa-maria\/wp-content\/uploads\/2023\/03\/WhatsApp-Image-2023-03-31-at-10.27.07.jpeg?fit=768%2C1024&ssl=1","jetpack_sharing_enabled":true,"_links":{"self":[{"href":"https:\/\/elregionalvm.com.ar\/noticias-villa-maria\/wp-json\/wp\/v2\/posts\/74064","targetHints":{"allow":["GET"]}}],"collection":[{"href":"https:\/\/elregionalvm.com.ar\/noticias-villa-maria\/wp-json\/wp\/v2\/posts"}],"about":[{"href":"https:\/\/elregionalvm.com.ar\/noticias-villa-maria\/wp-json\/wp\/v2\/types\/post"}],"author":[{"embeddable":true,"href":"https:\/\/elregionalvm.com.ar\/noticias-villa-maria\/wp-json\/wp\/v2\/users\/4"}],"replies":[{"embeddable":true,"href":"https:\/\/elregionalvm.com.ar\/noticias-villa-maria\/wp-json\/wp\/v2\/comments?post=74064"}],"version-history":[{"count":1,"href":"https:\/\/elregionalvm.com.ar\/noticias-villa-maria\/wp-json\/wp\/v2\/posts\/74064\/revisions"}],"predecessor-version":[{"id":74067,"href":"https:\/\/elregionalvm.com.ar\/noticias-villa-maria\/wp-json\/wp\/v2\/posts\/74064\/revisions\/74067"}],"wp:featuredmedia":[{"embeddable":true,"href":"https:\/\/elregionalvm.com.ar\/noticias-villa-maria\/wp-json\/wp\/v2\/media\/74066"}],"wp:attachment":[{"href":"https:\/\/elregionalvm.com.ar\/noticias-villa-maria\/wp-json\/wp\/v2\/media?parent=74064"}],"wp:term":[{"taxonomy":"category","embeddable":true,"href":"https:\/\/elregionalvm.com.ar\/noticias-villa-maria\/wp-json\/wp\/v2\/categories?post=74064"},{"taxonomy":"post_tag","embeddable":true,"href":"https:\/\/elregionalvm.com.ar\/noticias-villa-maria\/wp-json\/wp\/v2\/tags?post=74064"}],"curies":[{"name":"wp","href":"https:\/\/api.w.org\/{rel}","templated":true}]}}