{"id":74068,"date":"2023-03-31T22:23:56","date_gmt":"2023-03-31T22:23:56","guid":{"rendered":"https:\/\/elregionalvm.com.ar\/noticias-villa-maria\/?p=74068"},"modified":"2023-03-31T22:23:58","modified_gmt":"2023-03-31T22:23:58","slug":"suegro-y-yerno-administraban-dos-puntos-de-ventas-contiguos-en-rio-cuarto","status":"publish","type":"post","link":"https:\/\/elregionalvm.com.ar\/noticias-villa-maria\/suegro-y-yerno-administraban-dos-puntos-de-ventas-contiguos-en-rio-cuarto\/","title":{"rendered":"Suegro y yerno administraban dos puntos de ventas contiguos en R\u00edo Cuarto"},"content":{"rendered":"\n<p>Tras llamados al Centro de Denuncias An\u00f3nimas del Ministerio P\u00fablico Fiscal (0800 888 8080) dotaciones de la Fuerza Policial Antinarcotr\u00e1fico efectuaron un operativo en R\u00edo Cuarto en el marco de una investigaci\u00f3n por venta de drogas en dicha ciudad.<\/p>\n\n\n\n<p>El dispositivo tuvo lugar en dos viviendas ubicadas en pasaje S\u00e1nchez de Loria al 1100 de barrio Alberdi de la ciudad del departamento hom\u00f3nimo. <\/p>\n\n\n\n<p>Personal de la Compa\u00f1\u00eda de Intervenciones Especiales (C.I.E) cont\u00f3 con la colaboraci\u00f3n de Polic\u00eda de C\u00f3rdoba en la seguridad del anillo exterior a las moradas.<\/p>\n\n\n\n<p>En los domicilios, investigadores y canes detectores de narc\u00f3ticos de la Divisi\u00f3n K-9 de la Fuerza, incautaron varias dosis de coca\u00edna, marihuana, dos armas de fuego, munici\u00f3n y dinero en efectivo ($281.000) y elementos que estar\u00edan relacionados a la venta y fraccionamiento de sustancias il\u00edcitas.<\/p>\n\n\n\n<p>Cabe destacar que, seg\u00fan investigaciones, los detenidos ser\u00edan suegro (56 a\u00f1os) y su yerno (27) quienes se val\u00edan de dos kioscos de expendio de estupefacientes ubicados uno al lado del otro para la venta de coca\u00edna y marihuana en el sector.<\/p>\n\n\n\n<p>Autoridades de la Fiscal\u00eda de Lucha Contra el Narcotr\u00e1fico supervisaron la totalidad del dispositivo y ordenaron la remisi\u00f3n de lo incautado y el traslado de los investigados a sede judicial por infracci\u00f3n a la Ley Nacional de Estupefacientes 23.737.<\/p>\n","protected":false},"excerpt":{"rendered":"<p>Tras llamados al Centro de Denuncias An\u00f3nimas del Ministerio P\u00fablico Fiscal (0800 888 8080) dotaciones de la Fuerza Policial Antinarcotr\u00e1fico efectuaron un operativo en R\u00edo Cuarto en el marco de una investigaci\u00f3n por venta de drogas en dicha ciudad. El dispositivo tuvo lugar en dos viviendas ubicadas en pasaje S\u00e1nchez de Loria al 1100 de [&hellip;]<\/p>\n","protected":false},"author":4,"featured_media":74069,"comment_status":"open","ping_status":"open","sticky":false,"template":"","format":"standard","meta":{"site-sidebar-layout":"default","site-content-layout":"","ast-site-content-layout":"default","site-content-style":"default","site-sidebar-style":"default","ast-global-header-display":"","ast-banner-title-visibility":"","ast-main-header-display":"","ast-hfb-above-header-display":"","ast-hfb-below-header-display":"","ast-hfb-mobile-header-display":"","site-post-title":"","ast-breadcrumbs-content":"","ast-featured-img":"","footer-sml-layout":"","ast-disable-related-posts":"","theme-transparent-header-meta":"","adv-header-id-meta":"","stick-header-meta":"","header-above-stick-meta":"","header-main-stick-meta":"","header-below-stick-meta":"","astra-migrate-meta-layouts":"default","ast-page-background-enabled":"default","ast-page-background-meta":{"desktop":{"background-color":"","background-image":"","background-repeat":"repeat","background-position":"center center","background-size":"auto","background-attachment":"scroll","background-type":"","background-media":"","overlay-type":"","overlay-color":"","overlay-opacity":"","overlay-gradient":""},"tablet":{"background-color":"","background-image":"","background-repeat":"repeat","background-position":"center center","background-size":"auto","background-attachment":"scroll","background-type":"","background-media":"","overlay-type":"","overlay-color":"","overlay-opacity":"","overlay-gradient":""},"mobile":{"background-color":"","background-image":"","background-repeat":"repeat","background-position":"center center","background-size":"auto","background-attachment":"scroll","background-type":"","background-media":"","overlay-type":"","overlay-color":"","overlay-opacity":"","overlay-gradient":""}},"ast-content-background-meta":{"desktop":{"background-color":"var(--ast-global-color-5)","background-image":"","background-repeat":"repeat","background-position":"center center","background-size":"auto","background-attachment":"scroll","background-type":"","background-media":"","overlay-type":"","overlay-color":"","overlay-opacity":"","overlay-gradient":""},"tablet":{"background-color":"var(--ast-global-color-5)","background-image":"","background-repeat":"repeat","background-position":"center center","background-size":"auto","background-attachment":"scroll","background-type":"","background-media":"","overlay-type":"","overlay-color":"","overlay-opacity":"","overlay-gradient":""},"mobile":{"background-color":"var(--ast-global-color-5)","background-image":"","background-repeat":"repeat","background-position":"center center","background-size":"auto","background-attachment":"scroll","background-type":"","background-media":"","overlay-type":"","overlay-color":"","overlay-opacity":"","overlay-gradient":""}},"_jetpack_memberships_contains_paid_content":false,"_joinchat":[],"footnotes":""},"categories":[15302,2234,2091],"tags":[],"class_list":["post-74068","post","type-post","status-publish","format-standard","has-post-thumbnail","hentry","category-destacado","category-policiales","category-region"],"yoast_head":"<!-- This site is optimized with the Yoast SEO plugin v26.8 - https:\/\/yoast.com\/product\/yoast-seo-wordpress\/ -->\n<title>Suegro y yerno administraban dos puntos de ventas contiguos en R\u00edo Cuarto - El Regional<\/title>\n<meta name=\"robots\" content=\"index, follow, max-snippet:-1, max-image-preview:large, max-video-preview:-1\" \/>\n<link rel=\"canonical\" href=\"http:\/\/elregionalvm.com.ar\/noticias-villa-maria\/suegro-y-yerno-administraban-dos-puntos-de-ventas-contiguos-en-rio-cuarto\/\" \/>\n<meta property=\"og:locale\" content=\"es_ES\" \/>\n<meta property=\"og:type\" content=\"article\" \/>\n<meta property=\"og:title\" content=\"Suegro y yerno administraban dos puntos de ventas contiguos en R\u00edo Cuarto - El Regional\" \/>\n<meta property=\"og:description\" content=\"Tras llamados al Centro de Denuncias An\u00f3nimas del Ministerio P\u00fablico Fiscal (0800 888 8080) dotaciones de la Fuerza Policial Antinarcotr\u00e1fico efectuaron un operativo en R\u00edo Cuarto en el marco de una investigaci\u00f3n por venta de drogas en dicha ciudad. El dispositivo tuvo lugar en dos viviendas ubicadas en pasaje S\u00e1nchez de Loria al 1100 de [&hellip;]\" \/>\n<meta property=\"og:url\" content=\"http:\/\/elregionalvm.com.ar\/noticias-villa-maria\/suegro-y-yerno-administraban-dos-puntos-de-ventas-contiguos-en-rio-cuarto\/\" \/>\n<meta property=\"og:site_name\" content=\"El Regional\" \/>\n<meta property=\"article:publisher\" content=\"https:\/\/www.facebook.com\/elregionalvm\" \/>\n<meta property=\"article:published_time\" content=\"2023-03-31T22:23:56+00:00\" \/>\n<meta property=\"article:modified_time\" content=\"2023-03-31T22:23:58+00:00\" \/>\n<meta property=\"og:image\" content=\"http:\/\/elregionalvm.com.ar\/noticias-villa-maria\/wp-content\/uploads\/2023\/03\/WhatsApp-Image-2023-03-31-at-00.37.29-940x653-1.jpeg\" \/>\n\t<meta property=\"og:image:width\" content=\"940\" \/>\n\t<meta property=\"og:image:height\" content=\"653\" \/>\n\t<meta property=\"og:image:type\" content=\"image\/jpeg\" \/>\n<meta name=\"author\" content=\"Contenidos El Regional\" \/>\n<meta name=\"twitter:card\" content=\"summary_large_image\" \/>\n<meta name=\"twitter:creator\" content=\"@elregionalvm1\" \/>\n<meta name=\"twitter:site\" content=\"@elregionalvm1\" \/>\n<meta name=\"twitter:label1\" content=\"Escrito por\" \/>\n\t<meta name=\"twitter:data1\" content=\"Contenidos El Regional\" \/>\n\t<meta name=\"twitter:label2\" content=\"Tiempo de lectura\" \/>\n\t<meta name=\"twitter:data2\" content=\"1 minuto\" \/>\n<script type=\"application\/ld+json\" class=\"yoast-schema-graph\">{\"@context\":\"https:\/\/schema.org\",\"@graph\":[{\"@type\":\"Article\",\"@id\":\"http:\/\/elregionalvm.com.ar\/noticias-villa-maria\/suegro-y-yerno-administraban-dos-puntos-de-ventas-contiguos-en-rio-cuarto\/#article\",\"isPartOf\":{\"@id\":\"http:\/\/elregionalvm.com.ar\/noticias-villa-maria\/suegro-y-yerno-administraban-dos-puntos-de-ventas-contiguos-en-rio-cuarto\/\"},\"author\":{\"name\":\"Contenidos El Regional\",\"@id\":\"http:\/\/elregionalvm.com.ar\/noticias-villa-maria\/#\/schema\/person\/a0fb9c422317faca23d50163151bc354\"},\"headline\":\"Suegro y yerno administraban dos puntos de ventas contiguos en R\u00edo Cuarto\",\"datePublished\":\"2023-03-31T22:23:56+00:00\",\"dateModified\":\"2023-03-31T22:23:58+00:00\",\"mainEntityOfPage\":{\"@id\":\"http:\/\/elregionalvm.com.ar\/noticias-villa-maria\/suegro-y-yerno-administraban-dos-puntos-de-ventas-contiguos-en-rio-cuarto\/\"},\"wordCount\":246,\"commentCount\":0,\"image\":{\"@id\":\"http:\/\/elregionalvm.com.ar\/noticias-villa-maria\/suegro-y-yerno-administraban-dos-puntos-de-ventas-contiguos-en-rio-cuarto\/#primaryimage\"},\"thumbnailUrl\":\"https:\/\/i0.wp.com\/elregionalvm.com.ar\/noticias-villa-maria\/wp-content\/uploads\/2023\/03\/WhatsApp-Image-2023-03-31-at-00.37.29-940x653-1.jpeg?fit=940%2C653&ssl=1\",\"articleSection\":[\"destacado\",\"Policiales\",\"Regi\u00f3n\"],\"inLanguage\":\"es\",\"potentialAction\":[{\"@type\":\"CommentAction\",\"name\":\"Comment\",\"target\":[\"http:\/\/elregionalvm.com.ar\/noticias-villa-maria\/suegro-y-yerno-administraban-dos-puntos-de-ventas-contiguos-en-rio-cuarto\/#respond\"]}]},{\"@type\":\"WebPage\",\"@id\":\"http:\/\/elregionalvm.com.ar\/noticias-villa-maria\/suegro-y-yerno-administraban-dos-puntos-de-ventas-contiguos-en-rio-cuarto\/\",\"url\":\"http:\/\/elregionalvm.com.ar\/noticias-villa-maria\/suegro-y-yerno-administraban-dos-puntos-de-ventas-contiguos-en-rio-cuarto\/\",\"name\":\"Suegro y yerno administraban dos puntos de ventas contiguos en R\u00edo Cuarto - El Regional\",\"isPartOf\":{\"@id\":\"http:\/\/elregionalvm.com.ar\/noticias-villa-maria\/#website\"},\"primaryImageOfPage\":{\"@id\":\"http:\/\/elregionalvm.com.ar\/noticias-villa-maria\/suegro-y-yerno-administraban-dos-puntos-de-ventas-contiguos-en-rio-cuarto\/#primaryimage\"},\"image\":{\"@id\":\"http:\/\/elregionalvm.com.ar\/noticias-villa-maria\/suegro-y-yerno-administraban-dos-puntos-de-ventas-contiguos-en-rio-cuarto\/#primaryimage\"},\"thumbnailUrl\":\"https:\/\/i0.wp.com\/elregionalvm.com.ar\/noticias-villa-maria\/wp-content\/uploads\/2023\/03\/WhatsApp-Image-2023-03-31-at-00.37.29-940x653-1.jpeg?fit=940%2C653&ssl=1\",\"datePublished\":\"2023-03-31T22:23:56+00:00\",\"dateModified\":\"2023-03-31T22:23:58+00:00\",\"author\":{\"@id\":\"http:\/\/elregionalvm.com.ar\/noticias-villa-maria\/#\/schema\/person\/a0fb9c422317faca23d50163151bc354\"},\"breadcrumb\":{\"@id\":\"http:\/\/elregionalvm.com.ar\/noticias-villa-maria\/suegro-y-yerno-administraban-dos-puntos-de-ventas-contiguos-en-rio-cuarto\/#breadcrumb\"},\"inLanguage\":\"es\",\"potentialAction\":[{\"@type\":\"ReadAction\",\"target\":[\"http:\/\/elregionalvm.com.ar\/noticias-villa-maria\/suegro-y-yerno-administraban-dos-puntos-de-ventas-contiguos-en-rio-cuarto\/\"]}]},{\"@type\":\"ImageObject\",\"inLanguage\":\"es\",\"@id\":\"http:\/\/elregionalvm.com.ar\/noticias-villa-maria\/suegro-y-yerno-administraban-dos-puntos-de-ventas-contiguos-en-rio-cuarto\/#primaryimage\",\"url\":\"https:\/\/i0.wp.com\/elregionalvm.com.ar\/noticias-villa-maria\/wp-content\/uploads\/2023\/03\/WhatsApp-Image-2023-03-31-at-00.37.29-940x653-1.jpeg?fit=940%2C653&ssl=1\",\"contentUrl\":\"https:\/\/i0.wp.com\/elregionalvm.com.ar\/noticias-villa-maria\/wp-content\/uploads\/2023\/03\/WhatsApp-Image-2023-03-31-at-00.37.29-940x653-1.jpeg?fit=940%2C653&ssl=1\",\"width\":940,\"height\":653},{\"@type\":\"BreadcrumbList\",\"@id\":\"http:\/\/elregionalvm.com.ar\/noticias-villa-maria\/suegro-y-yerno-administraban-dos-puntos-de-ventas-contiguos-en-rio-cuarto\/#breadcrumb\",\"itemListElement\":[{\"@type\":\"ListItem\",\"position\":1,\"name\":\"Portada\",\"item\":\"https:\/\/elregionalvm.com.ar\/noticias-villa-maria\/\"},{\"@type\":\"ListItem\",\"position\":2,\"name\":\"Suegro y yerno administraban dos puntos de ventas contiguos en R\u00edo Cuarto\"}]},{\"@type\":\"WebSite\",\"@id\":\"http:\/\/elregionalvm.com.ar\/noticias-villa-maria\/#website\",\"url\":\"http:\/\/elregionalvm.com.ar\/noticias-villa-maria\/\",\"name\":\"El Regional\",\"description\":\"Mucho m\u00e1s que informaci\u00f3n\",\"potentialAction\":[{\"@type\":\"SearchAction\",\"target\":{\"@type\":\"EntryPoint\",\"urlTemplate\":\"http:\/\/elregionalvm.com.ar\/noticias-villa-maria\/?s={search_term_string}\"},\"query-input\":{\"@type\":\"PropertyValueSpecification\",\"valueRequired\":true,\"valueName\":\"search_term_string\"}}],\"inLanguage\":\"es\"},{\"@type\":\"Person\",\"@id\":\"http:\/\/elregionalvm.com.ar\/noticias-villa-maria\/#\/schema\/person\/a0fb9c422317faca23d50163151bc354\",\"name\":\"Contenidos El Regional\",\"image\":{\"@type\":\"ImageObject\",\"inLanguage\":\"es\",\"@id\":\"http:\/\/elregionalvm.com.ar\/noticias-villa-maria\/#\/schema\/person\/image\/\",\"url\":\"https:\/\/secure.gravatar.com\/avatar\/265b27cb2209af7bb3a1318f03305787d7981a5cc6e6cd08fe5a4ecdf99d4b48?s=96&d=mm&r=g\",\"contentUrl\":\"https:\/\/secure.gravatar.com\/avatar\/265b27cb2209af7bb3a1318f03305787d7981a5cc6e6cd08fe5a4ecdf99d4b48?s=96&d=mm&r=g\",\"caption\":\"Contenidos El Regional\"},\"url\":\"https:\/\/elregionalvm.com.ar\/noticias-villa-maria\/author\/contenido\/\"}]}<\/script>\n<!-- \/ Yoast SEO plugin. -->","yoast_head_json":{"title":"Suegro y yerno administraban dos puntos de ventas contiguos en R\u00edo Cuarto - El Regional","robots":{"index":"index","follow":"follow","max-snippet":"max-snippet:-1","max-image-preview":"max-image-preview:large","max-video-preview":"max-video-preview:-1"},"canonical":"http:\/\/elregionalvm.com.ar\/noticias-villa-maria\/suegro-y-yerno-administraban-dos-puntos-de-ventas-contiguos-en-rio-cuarto\/","og_locale":"es_ES","og_type":"article","og_title":"Suegro y yerno administraban dos puntos de ventas contiguos en R\u00edo Cuarto - El Regional","og_description":"Tras llamados al Centro de Denuncias An\u00f3nimas del Ministerio P\u00fablico Fiscal (0800 888 8080) dotaciones de la Fuerza Policial Antinarcotr\u00e1fico efectuaron un operativo en R\u00edo Cuarto en el marco de una investigaci\u00f3n por venta de drogas en dicha ciudad. El dispositivo tuvo lugar en dos viviendas ubicadas en pasaje S\u00e1nchez de Loria al 1100 de [&hellip;]","og_url":"http:\/\/elregionalvm.com.ar\/noticias-villa-maria\/suegro-y-yerno-administraban-dos-puntos-de-ventas-contiguos-en-rio-cuarto\/","og_site_name":"El Regional","article_publisher":"https:\/\/www.facebook.com\/elregionalvm","article_published_time":"2023-03-31T22:23:56+00:00","article_modified_time":"2023-03-31T22:23:58+00:00","og_image":[{"width":940,"height":653,"url":"http:\/\/elregionalvm.com.ar\/noticias-villa-maria\/wp-content\/uploads\/2023\/03\/WhatsApp-Image-2023-03-31-at-00.37.29-940x653-1.jpeg","type":"image\/jpeg"}],"author":"Contenidos El Regional","twitter_card":"summary_large_image","twitter_creator":"@elregionalvm1","twitter_site":"@elregionalvm1","twitter_misc":{"Escrito por":"Contenidos El Regional","Tiempo de lectura":"1 minuto"},"schema":{"@context":"https:\/\/schema.org","@graph":[{"@type":"Article","@id":"http:\/\/elregionalvm.com.ar\/noticias-villa-maria\/suegro-y-yerno-administraban-dos-puntos-de-ventas-contiguos-en-rio-cuarto\/#article","isPartOf":{"@id":"http:\/\/elregionalvm.com.ar\/noticias-villa-maria\/suegro-y-yerno-administraban-dos-puntos-de-ventas-contiguos-en-rio-cuarto\/"},"author":{"name":"Contenidos El Regional","@id":"http:\/\/elregionalvm.com.ar\/noticias-villa-maria\/#\/schema\/person\/a0fb9c422317faca23d50163151bc354"},"headline":"Suegro y yerno administraban dos puntos de ventas contiguos en R\u00edo Cuarto","datePublished":"2023-03-31T22:23:56+00:00","dateModified":"2023-03-31T22:23:58+00:00","mainEntityOfPage":{"@id":"http:\/\/elregionalvm.com.ar\/noticias-villa-maria\/suegro-y-yerno-administraban-dos-puntos-de-ventas-contiguos-en-rio-cuarto\/"},"wordCount":246,"commentCount":0,"image":{"@id":"http:\/\/elregionalvm.com.ar\/noticias-villa-maria\/suegro-y-yerno-administraban-dos-puntos-de-ventas-contiguos-en-rio-cuarto\/#primaryimage"},"thumbnailUrl":"https:\/\/i0.wp.com\/elregionalvm.com.ar\/noticias-villa-maria\/wp-content\/uploads\/2023\/03\/WhatsApp-Image-2023-03-31-at-00.37.29-940x653-1.jpeg?fit=940%2C653&ssl=1","articleSection":["destacado","Policiales","Regi\u00f3n"],"inLanguage":"es","potentialAction":[{"@type":"CommentAction","name":"Comment","target":["http:\/\/elregionalvm.com.ar\/noticias-villa-maria\/suegro-y-yerno-administraban-dos-puntos-de-ventas-contiguos-en-rio-cuarto\/#respond"]}]},{"@type":"WebPage","@id":"http:\/\/elregionalvm.com.ar\/noticias-villa-maria\/suegro-y-yerno-administraban-dos-puntos-de-ventas-contiguos-en-rio-cuarto\/","url":"http:\/\/elregionalvm.com.ar\/noticias-villa-maria\/suegro-y-yerno-administraban-dos-puntos-de-ventas-contiguos-en-rio-cuarto\/","name":"Suegro y yerno administraban dos puntos de ventas contiguos en R\u00edo Cuarto - El Regional","isPartOf":{"@id":"http:\/\/elregionalvm.com.ar\/noticias-villa-maria\/#website"},"primaryImageOfPage":{"@id":"http:\/\/elregionalvm.com.ar\/noticias-villa-maria\/suegro-y-yerno-administraban-dos-puntos-de-ventas-contiguos-en-rio-cuarto\/#primaryimage"},"image":{"@id":"http:\/\/elregionalvm.com.ar\/noticias-villa-maria\/suegro-y-yerno-administraban-dos-puntos-de-ventas-contiguos-en-rio-cuarto\/#primaryimage"},"thumbnailUrl":"https:\/\/i0.wp.com\/elregionalvm.com.ar\/noticias-villa-maria\/wp-content\/uploads\/2023\/03\/WhatsApp-Image-2023-03-31-at-00.37.29-940x653-1.jpeg?fit=940%2C653&ssl=1","datePublished":"2023-03-31T22:23:56+00:00","dateModified":"2023-03-31T22:23:58+00:00","author":{"@id":"http:\/\/elregionalvm.com.ar\/noticias-villa-maria\/#\/schema\/person\/a0fb9c422317faca23d50163151bc354"},"breadcrumb":{"@id":"http:\/\/elregionalvm.com.ar\/noticias-villa-maria\/suegro-y-yerno-administraban-dos-puntos-de-ventas-contiguos-en-rio-cuarto\/#breadcrumb"},"inLanguage":"es","potentialAction":[{"@type":"ReadAction","target":["http:\/\/elregionalvm.com.ar\/noticias-villa-maria\/suegro-y-yerno-administraban-dos-puntos-de-ventas-contiguos-en-rio-cuarto\/"]}]},{"@type":"ImageObject","inLanguage":"es","@id":"http:\/\/elregionalvm.com.ar\/noticias-villa-maria\/suegro-y-yerno-administraban-dos-puntos-de-ventas-contiguos-en-rio-cuarto\/#primaryimage","url":"https:\/\/i0.wp.com\/elregionalvm.com.ar\/noticias-villa-maria\/wp-content\/uploads\/2023\/03\/WhatsApp-Image-2023-03-31-at-00.37.29-940x653-1.jpeg?fit=940%2C653&ssl=1","contentUrl":"https:\/\/i0.wp.com\/elregionalvm.com.ar\/noticias-villa-maria\/wp-content\/uploads\/2023\/03\/WhatsApp-Image-2023-03-31-at-00.37.29-940x653-1.jpeg?fit=940%2C653&ssl=1","width":940,"height":653},{"@type":"BreadcrumbList","@id":"http:\/\/elregionalvm.com.ar\/noticias-villa-maria\/suegro-y-yerno-administraban-dos-puntos-de-ventas-contiguos-en-rio-cuarto\/#breadcrumb","itemListElement":[{"@type":"ListItem","position":1,"name":"Portada","item":"https:\/\/elregionalvm.com.ar\/noticias-villa-maria\/"},{"@type":"ListItem","position":2,"name":"Suegro y yerno administraban dos puntos de ventas contiguos en R\u00edo Cuarto"}]},{"@type":"WebSite","@id":"http:\/\/elregionalvm.com.ar\/noticias-villa-maria\/#website","url":"http:\/\/elregionalvm.com.ar\/noticias-villa-maria\/","name":"El Regional","description":"Mucho m\u00e1s que informaci\u00f3n","potentialAction":[{"@type":"SearchAction","target":{"@type":"EntryPoint","urlTemplate":"http:\/\/elregionalvm.com.ar\/noticias-villa-maria\/?s={search_term_string}"},"query-input":{"@type":"PropertyValueSpecification","valueRequired":true,"valueName":"search_term_string"}}],"inLanguage":"es"},{"@type":"Person","@id":"http:\/\/elregionalvm.com.ar\/noticias-villa-maria\/#\/schema\/person\/a0fb9c422317faca23d50163151bc354","name":"Contenidos El Regional","image":{"@type":"ImageObject","inLanguage":"es","@id":"http:\/\/elregionalvm.com.ar\/noticias-villa-maria\/#\/schema\/person\/image\/","url":"https:\/\/secure.gravatar.com\/avatar\/265b27cb2209af7bb3a1318f03305787d7981a5cc6e6cd08fe5a4ecdf99d4b48?s=96&d=mm&r=g","contentUrl":"https:\/\/secure.gravatar.com\/avatar\/265b27cb2209af7bb3a1318f03305787d7981a5cc6e6cd08fe5a4ecdf99d4b48?s=96&d=mm&r=g","caption":"Contenidos El Regional"},"url":"https:\/\/elregionalvm.com.ar\/noticias-villa-maria\/author\/contenido\/"}]}},"jetpack_featured_media_url":"https:\/\/i0.wp.com\/elregionalvm.com.ar\/noticias-villa-maria\/wp-content\/uploads\/2023\/03\/WhatsApp-Image-2023-03-31-at-00.37.29-940x653-1.jpeg?fit=940%2C653&ssl=1","jetpack_sharing_enabled":true,"_links":{"self":[{"href":"https:\/\/elregionalvm.com.ar\/noticias-villa-maria\/wp-json\/wp\/v2\/posts\/74068","targetHints":{"allow":["GET"]}}],"collection":[{"href":"https:\/\/elregionalvm.com.ar\/noticias-villa-maria\/wp-json\/wp\/v2\/posts"}],"about":[{"href":"https:\/\/elregionalvm.com.ar\/noticias-villa-maria\/wp-json\/wp\/v2\/types\/post"}],"author":[{"embeddable":true,"href":"https:\/\/elregionalvm.com.ar\/noticias-villa-maria\/wp-json\/wp\/v2\/users\/4"}],"replies":[{"embeddable":true,"href":"https:\/\/elregionalvm.com.ar\/noticias-villa-maria\/wp-json\/wp\/v2\/comments?post=74068"}],"version-history":[{"count":1,"href":"https:\/\/elregionalvm.com.ar\/noticias-villa-maria\/wp-json\/wp\/v2\/posts\/74068\/revisions"}],"predecessor-version":[{"id":74070,"href":"https:\/\/elregionalvm.com.ar\/noticias-villa-maria\/wp-json\/wp\/v2\/posts\/74068\/revisions\/74070"}],"wp:featuredmedia":[{"embeddable":true,"href":"https:\/\/elregionalvm.com.ar\/noticias-villa-maria\/wp-json\/wp\/v2\/media\/74069"}],"wp:attachment":[{"href":"https:\/\/elregionalvm.com.ar\/noticias-villa-maria\/wp-json\/wp\/v2\/media?parent=74068"}],"wp:term":[{"taxonomy":"category","embeddable":true,"href":"https:\/\/elregionalvm.com.ar\/noticias-villa-maria\/wp-json\/wp\/v2\/categories?post=74068"},{"taxonomy":"post_tag","embeddable":true,"href":"https:\/\/elregionalvm.com.ar\/noticias-villa-maria\/wp-json\/wp\/v2\/tags?post=74068"}],"curies":[{"name":"wp","href":"https:\/\/api.w.org\/{rel}","templated":true}]}}