{"id":74087,"date":"2023-03-31T23:22:37","date_gmt":"2023-03-31T23:22:37","guid":{"rendered":"https:\/\/elregionalvm.com.ar\/noticias-villa-maria\/?p=74087"},"modified":"2023-04-01T02:00:48","modified_gmt":"2023-04-01T02:00:48","slug":"elecciones-provinciales-2023-en-que-fecha-son-las-votaciones","status":"publish","type":"post","link":"https:\/\/elregionalvm.com.ar\/noticias-villa-maria\/elecciones-provinciales-2023-en-que-fecha-son-las-votaciones\/","title":{"rendered":"Elecciones municipales: En qu\u00e9 fecha vas a votar en tu pueblo o ciudad"},"content":{"rendered":"\n<p>La provincia fue una de las \u00faltimas en oficializar la fecha de comicios locales, que se desdoblar\u00e1n de los nacionales y se desarrollar\u00e1n con el sistema de boleta \u00fanica.<\/p>\n\n\n\n<p>Las\u00a0elecciones 2023\u00a0tendr\u00e1n un cap\u00edtulo especial en\u00a0C\u00f3rdoba. La provincia se suma a otras 15 jurisdicciones del territorio nacional que decidieron\u00a0desdoblar sus comicios de los nacionales\u00a0para elegir presidente, vicepresidente, diputados y senadores del Congreso de la Naci\u00f3n, que ser\u00e1n el\u00a013 de agosto\u00a0y el\u00a022 de octubre.<\/p>\n\n\n\n<p>En C\u00f3rdoba, los electores deben votar autoridades del Poder Ejecutivo. El actual gobernador y principal exponente de \u201cHacemos por C\u00f3rdoba\u201d,\u00a0Juan Schiaretti no puede volver a ser elegido, ya que en diciembre terminar\u00e1 su segundo mandato consecutivo, el tope que permite la legislaci\u00f3n provincial.<\/p>\n\n\n\n<p>ELECCIONES PROVINCIALES<\/p>\n\n\n\n<p>DOMINGO 16 DE ABRIL<\/p>\n\n\n\n<ul class=\"wp-block-list\"><li>Gral. Cabrera<\/li><\/ul>\n\n\n\n<p>DOMINGO 28 DE MAYO<\/p>\n\n\n\n<ul class=\"wp-block-list\"><li>Alcira Gigena<\/li><li>Bulnes<\/li><li>Idiazabal<\/li><li>Laguna Larga<\/li><li>Las Isletillas<\/li><li>Las Vertientes<\/li><li>Leones<\/li><li>Losada<\/li><li>Pampayasta Sud<\/li><li>Potrero de Garay<\/li><li>Punta del Agua<\/li><\/ul>\n\n\n\n<p>DOMINGO 04 DE JUNIO<\/p>\n\n\n\n<ul class=\"wp-block-list\"><li>Anisacate<\/li><li>Arroyo Cabral<\/li><li>Bouwer<\/li><li>Cabalango<\/li><li>Capilla del Monte<\/li><li>Colazo<\/li><li>Coronel Baigorria (Dpto Rio Cuarto)<\/li><li>Cosqu\u00edn<\/li><li>Estancia Vieja<\/li><li>Huinca Renanc\u00f3 (Dto Roca)<\/li><li>Jovita (Gral Roca)<\/li><li>La Cautiva<\/li><li>La Cumbre<\/li><li>Sampacho<\/li><li>San Jos\u00e9 de la Dormida<\/li><li>Santa Catalina<\/li><li>Santa Mar\u00eda de Punilla<\/li><li>Santa Rosa de Calamuchita<\/li><li>Serrezuela<\/li><li>Tanti<\/li><li>Unquillo<\/li><li>Valle Hermoso<\/li><li>Villa Ciudad Parque<\/li><li>Villa Giardino<\/li><\/ul>\n\n\n\n<p>DOMINGO 11 DE JUNIO<\/p>\n\n\n\n<ul class=\"wp-block-list\"><li>Ballesteros Sud<\/li><li>Comuna km 658 Pedro E. vivas (Dto R\u00edo Primero)<\/li><li>Comuna El Crisp\u00edn<\/li><li>Cumbrecita<\/li><li>Dique Chico<\/li><li>Embalse<\/li><li>General Fotheringham<\/li><li>Inriville (Dto Marcos Ju\u00e1rez)<\/li><li>Los Reartes<\/li><li>Monte Buey<\/li><li>Monte Cristo<\/li><li>Villa Dolores<\/li><\/ul>\n\n\n\n<p>DOMINGO 18 DE JUNIO<\/p>\n\n\n\n<ul class=\"wp-block-list\"><li>Santiago Temple<\/li><\/ul>\n\n\n\n<p>DOMINGO 25 DE JUNIO<\/p>\n\n\n\n<ul class=\"wp-block-list\"><li>Pcia de Cba (Gob y Legisladores)<\/li><li>Adelia Mar\u00eda<\/li><li>Alicia<\/li><li>Altos de Chipi\u00f3n<\/li><li>Balnearia<\/li><li>Brinkmann<\/li><li>Ca\u00f1ada de Machado<\/li><li>Capilla de Los Remedios<\/li><li>Chalacea<\/li><li>Colonia San Bartolom\u00e9<\/li><li>Corralito<\/li><li>Despe\u00f1aderos<\/li><li>Diego de Rojas<\/li><li>El Ara\u00f1ado<\/li><li>El Fort\u00edn<\/li><li>Elena<\/li><li>Del Campillo<\/li><li>Esquina<\/li><li>Estaci\u00f3n Ju\u00e1rez Celman<\/li><li>Falda del Carmen<\/li><li>Freyre<\/li><li>La Francia<\/li><li>La Paquita<\/li><li>La Para<\/li><li>La Posta<\/li><li>La Rancherita<\/li><li>La Tordilla<\/li><li>Las Gramillas-Dto R\u00edo I<\/li><li>Las Pe\u00f1as Sud<\/li><li>Las Perdices<\/li><li>La Puerta<\/li><li>Las Varas<\/li><li>Los Cedros<\/li><li>Los Surgentes<\/li><li>Manfredi<\/li><li>Marull<\/li><li>Mendiolaza<\/li><li>Miramar de Ansenuza<\/li><li>Monte Ma\u00edz<\/li><li>Obispo Trejo<\/li><li>Oncativo<\/li><li>Plaza de Mercedes<\/li><li>Porte\u00f1a<\/li><li>Quebracho Herrado<\/li><li>Rinc\u00f3n (Dto R\u00edo II)<\/li><li>Rio Segundo<\/li><li>Saira<\/li><li>Seeber<\/li><li>Sinsacate<\/li><li>Tr\u00e1nsito<\/li><li>Villa Ascasubi<\/li><li>Villa Carlos Paz<\/li><li>Villa Ciudad de Am\u00e9rica<\/li><li>Villa Concepci\u00f3n del T\u00edo<\/li><li>Villa Huidobro<\/li><li>Villa de Las Rosas<\/li><li>Villa del Prado<\/li><li>Villa Fontana<\/li><li>Villa La Bolsa<\/li><li>Villa Nueva<\/li><li>Villa San Esteban<\/li><li>Villa Santa Cruz del Lago<\/li><li>Villa Santa Rosa<\/li><\/ul>\n\n\n\n<p>DOMINGO 02 DE JULIO<\/p>\n\n\n\n<ul class=\"wp-block-list\"><li>Colonia Caroya<\/li><\/ul>\n\n\n\n<p>DOMINGO 17 DE SEPTIEMBRE<\/p>\n\n\n\n<ul class=\"wp-block-list\"><li>Alta Gracia<\/li><\/ul>\n\n\n\n<p>ELECCIONES REALIZADAS<br>La Falda (JxC)<br>Hernando (JxC)<\/p>\n\n\n\n<p><\/p>\n\n\n\n<p><\/p>\n","protected":false},"excerpt":{"rendered":"<p>La provincia fue una de las \u00faltimas en oficializar la fecha de comicios locales, que se desdoblar\u00e1n de los nacionales y se desarrollar\u00e1n con el sistema de boleta \u00fanica. Las\u00a0elecciones 2023\u00a0tendr\u00e1n un cap\u00edtulo especial en\u00a0C\u00f3rdoba. La provincia se suma a otras 15 jurisdicciones del territorio nacional que decidieron\u00a0desdoblar sus comicios de los nacionales\u00a0para elegir presidente, [&hellip;]<\/p>\n","protected":false},"author":4,"featured_media":43511,"comment_status":"open","ping_status":"open","sticky":false,"template":"","format":"standard","meta":{"site-sidebar-layout":"default","site-content-layout":"","ast-site-content-layout":"default","site-content-style":"default","site-sidebar-style":"default","ast-global-header-display":"","ast-banner-title-visibility":"","ast-main-header-display":"","ast-hfb-above-header-display":"","ast-hfb-below-header-display":"","ast-hfb-mobile-header-display":"","site-post-title":"","ast-breadcrumbs-content":"","ast-featured-img":"","footer-sml-layout":"","ast-disable-related-posts":"","theme-transparent-header-meta":"","adv-header-id-meta":"","stick-header-meta":"","header-above-stick-meta":"","header-main-stick-meta":"","header-below-stick-meta":"","astra-migrate-meta-layouts":"default","ast-page-background-enabled":"default","ast-page-background-meta":{"desktop":{"background-color":"","background-image":"","background-repeat":"repeat","background-position":"center center","background-size":"auto","background-attachment":"scroll","background-type":"","background-media":"","overlay-type":"","overlay-color":"","overlay-opacity":"","overlay-gradient":""},"tablet":{"background-color":"","background-image":"","background-repeat":"repeat","background-position":"center center","background-size":"auto","background-attachment":"scroll","background-type":"","background-media":"","overlay-type":"","overlay-color":"","overlay-opacity":"","overlay-gradient":""},"mobile":{"background-color":"","background-image":"","background-repeat":"repeat","background-position":"center center","background-size":"auto","background-attachment":"scroll","background-type":"","background-media":"","overlay-type":"","overlay-color":"","overlay-opacity":"","overlay-gradient":""}},"ast-content-background-meta":{"desktop":{"background-color":"var(--ast-global-color-5)","background-image":"","background-repeat":"repeat","background-position":"center center","background-size":"auto","background-attachment":"scroll","background-type":"","background-media":"","overlay-type":"","overlay-color":"","overlay-opacity":"","overlay-gradient":""},"tablet":{"background-color":"var(--ast-global-color-5)","background-image":"","background-repeat":"repeat","background-position":"center center","background-size":"auto","background-attachment":"scroll","background-type":"","background-media":"","overlay-type":"","overlay-color":"","overlay-opacity":"","overlay-gradient":""},"mobile":{"background-color":"var(--ast-global-color-5)","background-image":"","background-repeat":"repeat","background-position":"center center","background-size":"auto","background-attachment":"scroll","background-type":"","background-media":"","overlay-type":"","overlay-color":"","overlay-opacity":"","overlay-gradient":""}},"_jetpack_memberships_contains_paid_content":false,"_joinchat":[],"footnotes":""},"categories":[15302,2089,16095],"tags":[],"class_list":["post-74087","post","type-post","status-publish","format-standard","has-post-thumbnail","hentry","category-destacado","category-politica","category-provinciales"],"yoast_head":"<!-- This site is optimized with the Yoast SEO plugin v26.8 - https:\/\/yoast.com\/product\/yoast-seo-wordpress\/ -->\n<title>Elecciones municipales: En qu\u00e9 fecha vas a votar en tu pueblo o ciudad - El Regional<\/title>\n<meta name=\"robots\" content=\"index, follow, max-snippet:-1, max-image-preview:large, max-video-preview:-1\" \/>\n<link rel=\"canonical\" href=\"http:\/\/elregionalvm.com.ar\/noticias-villa-maria\/elecciones-provinciales-2023-en-que-fecha-son-las-votaciones\/\" \/>\n<meta property=\"og:locale\" content=\"es_ES\" \/>\n<meta property=\"og:type\" content=\"article\" \/>\n<meta property=\"og:title\" content=\"Elecciones municipales: En qu\u00e9 fecha vas a votar en tu pueblo o ciudad - El Regional\" \/>\n<meta property=\"og:description\" content=\"La provincia fue una de las \u00faltimas en oficializar la fecha de comicios locales, que se desdoblar\u00e1n de los nacionales y se desarrollar\u00e1n con el sistema de boleta \u00fanica. Las\u00a0elecciones 2023\u00a0tendr\u00e1n un cap\u00edtulo especial en\u00a0C\u00f3rdoba. La provincia se suma a otras 15 jurisdicciones del territorio nacional que decidieron\u00a0desdoblar sus comicios de los nacionales\u00a0para elegir presidente, [&hellip;]\" \/>\n<meta property=\"og:url\" content=\"http:\/\/elregionalvm.com.ar\/noticias-villa-maria\/elecciones-provinciales-2023-en-que-fecha-son-las-votaciones\/\" \/>\n<meta property=\"og:site_name\" content=\"El Regional\" \/>\n<meta property=\"article:publisher\" content=\"https:\/\/www.facebook.com\/elregionalvm\" \/>\n<meta property=\"article:published_time\" content=\"2023-03-31T23:22:37+00:00\" \/>\n<meta property=\"article:modified_time\" content=\"2023-04-01T02:00:48+00:00\" \/>\n<meta property=\"og:image\" content=\"http:\/\/elregionalvm.com.ar\/noticias-villa-maria\/wp-content\/uploads\/2021\/08\/Elecciones-urnas-Villa-Maria.jpg\" \/>\n\t<meta property=\"og:image:width\" content=\"848\" \/>\n\t<meta property=\"og:image:height\" content=\"533\" \/>\n\t<meta property=\"og:image:type\" content=\"image\/jpeg\" \/>\n<meta name=\"author\" content=\"Contenidos El Regional\" \/>\n<meta name=\"twitter:card\" content=\"summary_large_image\" \/>\n<meta name=\"twitter:creator\" content=\"@elregionalvm1\" \/>\n<meta name=\"twitter:site\" content=\"@elregionalvm1\" \/>\n<meta name=\"twitter:label1\" content=\"Escrito por\" \/>\n\t<meta name=\"twitter:data1\" content=\"Contenidos El Regional\" \/>\n\t<meta name=\"twitter:label2\" content=\"Tiempo de lectura\" \/>\n\t<meta name=\"twitter:data2\" content=\"2 minutos\" \/>\n<script type=\"application\/ld+json\" class=\"yoast-schema-graph\">{\"@context\":\"https:\/\/schema.org\",\"@graph\":[{\"@type\":\"Article\",\"@id\":\"http:\/\/elregionalvm.com.ar\/noticias-villa-maria\/elecciones-provinciales-2023-en-que-fecha-son-las-votaciones\/#article\",\"isPartOf\":{\"@id\":\"http:\/\/elregionalvm.com.ar\/noticias-villa-maria\/elecciones-provinciales-2023-en-que-fecha-son-las-votaciones\/\"},\"author\":{\"name\":\"Contenidos El Regional\",\"@id\":\"http:\/\/elregionalvm.com.ar\/noticias-villa-maria\/#\/schema\/person\/a0fb9c422317faca23d50163151bc354\"},\"headline\":\"Elecciones municipales: En qu\u00e9 fecha vas a votar en tu pueblo o ciudad\",\"datePublished\":\"2023-03-31T23:22:37+00:00\",\"dateModified\":\"2023-04-01T02:00:48+00:00\",\"mainEntityOfPage\":{\"@id\":\"http:\/\/elregionalvm.com.ar\/noticias-villa-maria\/elecciones-provinciales-2023-en-que-fecha-son-las-votaciones\/\"},\"wordCount\":452,\"commentCount\":0,\"image\":{\"@id\":\"http:\/\/elregionalvm.com.ar\/noticias-villa-maria\/elecciones-provinciales-2023-en-que-fecha-son-las-votaciones\/#primaryimage\"},\"thumbnailUrl\":\"https:\/\/i0.wp.com\/elregionalvm.com.ar\/noticias-villa-maria\/wp-content\/uploads\/2021\/08\/Elecciones-urnas-Villa-Maria.jpg?fit=848%2C533&ssl=1\",\"articleSection\":[\"destacado\",\"Pol\u00edtica\",\"Provinciales\"],\"inLanguage\":\"es\",\"potentialAction\":[{\"@type\":\"CommentAction\",\"name\":\"Comment\",\"target\":[\"http:\/\/elregionalvm.com.ar\/noticias-villa-maria\/elecciones-provinciales-2023-en-que-fecha-son-las-votaciones\/#respond\"]}]},{\"@type\":\"WebPage\",\"@id\":\"http:\/\/elregionalvm.com.ar\/noticias-villa-maria\/elecciones-provinciales-2023-en-que-fecha-son-las-votaciones\/\",\"url\":\"http:\/\/elregionalvm.com.ar\/noticias-villa-maria\/elecciones-provinciales-2023-en-que-fecha-son-las-votaciones\/\",\"name\":\"Elecciones municipales: En qu\u00e9 fecha vas a votar en tu pueblo o ciudad - El Regional\",\"isPartOf\":{\"@id\":\"http:\/\/elregionalvm.com.ar\/noticias-villa-maria\/#website\"},\"primaryImageOfPage\":{\"@id\":\"http:\/\/elregionalvm.com.ar\/noticias-villa-maria\/elecciones-provinciales-2023-en-que-fecha-son-las-votaciones\/#primaryimage\"},\"image\":{\"@id\":\"http:\/\/elregionalvm.com.ar\/noticias-villa-maria\/elecciones-provinciales-2023-en-que-fecha-son-las-votaciones\/#primaryimage\"},\"thumbnailUrl\":\"https:\/\/i0.wp.com\/elregionalvm.com.ar\/noticias-villa-maria\/wp-content\/uploads\/2021\/08\/Elecciones-urnas-Villa-Maria.jpg?fit=848%2C533&ssl=1\",\"datePublished\":\"2023-03-31T23:22:37+00:00\",\"dateModified\":\"2023-04-01T02:00:48+00:00\",\"author\":{\"@id\":\"http:\/\/elregionalvm.com.ar\/noticias-villa-maria\/#\/schema\/person\/a0fb9c422317faca23d50163151bc354\"},\"breadcrumb\":{\"@id\":\"http:\/\/elregionalvm.com.ar\/noticias-villa-maria\/elecciones-provinciales-2023-en-que-fecha-son-las-votaciones\/#breadcrumb\"},\"inLanguage\":\"es\",\"potentialAction\":[{\"@type\":\"ReadAction\",\"target\":[\"http:\/\/elregionalvm.com.ar\/noticias-villa-maria\/elecciones-provinciales-2023-en-que-fecha-son-las-votaciones\/\"]}]},{\"@type\":\"ImageObject\",\"inLanguage\":\"es\",\"@id\":\"http:\/\/elregionalvm.com.ar\/noticias-villa-maria\/elecciones-provinciales-2023-en-que-fecha-son-las-votaciones\/#primaryimage\",\"url\":\"https:\/\/i0.wp.com\/elregionalvm.com.ar\/noticias-villa-maria\/wp-content\/uploads\/2021\/08\/Elecciones-urnas-Villa-Maria.jpg?fit=848%2C533&ssl=1\",\"contentUrl\":\"https:\/\/i0.wp.com\/elregionalvm.com.ar\/noticias-villa-maria\/wp-content\/uploads\/2021\/08\/Elecciones-urnas-Villa-Maria.jpg?fit=848%2C533&ssl=1\",\"width\":848,\"height\":533},{\"@type\":\"BreadcrumbList\",\"@id\":\"http:\/\/elregionalvm.com.ar\/noticias-villa-maria\/elecciones-provinciales-2023-en-que-fecha-son-las-votaciones\/#breadcrumb\",\"itemListElement\":[{\"@type\":\"ListItem\",\"position\":1,\"name\":\"Portada\",\"item\":\"https:\/\/elregionalvm.com.ar\/noticias-villa-maria\/\"},{\"@type\":\"ListItem\",\"position\":2,\"name\":\"Elecciones municipales: En qu\u00e9 fecha vas a votar en tu pueblo o ciudad\"}]},{\"@type\":\"WebSite\",\"@id\":\"http:\/\/elregionalvm.com.ar\/noticias-villa-maria\/#website\",\"url\":\"http:\/\/elregionalvm.com.ar\/noticias-villa-maria\/\",\"name\":\"El Regional\",\"description\":\"Mucho m\u00e1s que informaci\u00f3n\",\"potentialAction\":[{\"@type\":\"SearchAction\",\"target\":{\"@type\":\"EntryPoint\",\"urlTemplate\":\"http:\/\/elregionalvm.com.ar\/noticias-villa-maria\/?s={search_term_string}\"},\"query-input\":{\"@type\":\"PropertyValueSpecification\",\"valueRequired\":true,\"valueName\":\"search_term_string\"}}],\"inLanguage\":\"es\"},{\"@type\":\"Person\",\"@id\":\"http:\/\/elregionalvm.com.ar\/noticias-villa-maria\/#\/schema\/person\/a0fb9c422317faca23d50163151bc354\",\"name\":\"Contenidos El Regional\",\"image\":{\"@type\":\"ImageObject\",\"inLanguage\":\"es\",\"@id\":\"http:\/\/elregionalvm.com.ar\/noticias-villa-maria\/#\/schema\/person\/image\/\",\"url\":\"https:\/\/secure.gravatar.com\/avatar\/265b27cb2209af7bb3a1318f03305787d7981a5cc6e6cd08fe5a4ecdf99d4b48?s=96&d=mm&r=g\",\"contentUrl\":\"https:\/\/secure.gravatar.com\/avatar\/265b27cb2209af7bb3a1318f03305787d7981a5cc6e6cd08fe5a4ecdf99d4b48?s=96&d=mm&r=g\",\"caption\":\"Contenidos El Regional\"},\"url\":\"https:\/\/elregionalvm.com.ar\/noticias-villa-maria\/author\/contenido\/\"}]}<\/script>\n<!-- \/ Yoast SEO plugin. -->","yoast_head_json":{"title":"Elecciones municipales: En qu\u00e9 fecha vas a votar en tu pueblo o ciudad - El Regional","robots":{"index":"index","follow":"follow","max-snippet":"max-snippet:-1","max-image-preview":"max-image-preview:large","max-video-preview":"max-video-preview:-1"},"canonical":"http:\/\/elregionalvm.com.ar\/noticias-villa-maria\/elecciones-provinciales-2023-en-que-fecha-son-las-votaciones\/","og_locale":"es_ES","og_type":"article","og_title":"Elecciones municipales: En qu\u00e9 fecha vas a votar en tu pueblo o ciudad - El Regional","og_description":"La provincia fue una de las \u00faltimas en oficializar la fecha de comicios locales, que se desdoblar\u00e1n de los nacionales y se desarrollar\u00e1n con el sistema de boleta \u00fanica. Las\u00a0elecciones 2023\u00a0tendr\u00e1n un cap\u00edtulo especial en\u00a0C\u00f3rdoba. La provincia se suma a otras 15 jurisdicciones del territorio nacional que decidieron\u00a0desdoblar sus comicios de los nacionales\u00a0para elegir presidente, [&hellip;]","og_url":"http:\/\/elregionalvm.com.ar\/noticias-villa-maria\/elecciones-provinciales-2023-en-que-fecha-son-las-votaciones\/","og_site_name":"El Regional","article_publisher":"https:\/\/www.facebook.com\/elregionalvm","article_published_time":"2023-03-31T23:22:37+00:00","article_modified_time":"2023-04-01T02:00:48+00:00","og_image":[{"width":848,"height":533,"url":"http:\/\/elregionalvm.com.ar\/noticias-villa-maria\/wp-content\/uploads\/2021\/08\/Elecciones-urnas-Villa-Maria.jpg","type":"image\/jpeg"}],"author":"Contenidos El Regional","twitter_card":"summary_large_image","twitter_creator":"@elregionalvm1","twitter_site":"@elregionalvm1","twitter_misc":{"Escrito por":"Contenidos El Regional","Tiempo de lectura":"2 minutos"},"schema":{"@context":"https:\/\/schema.org","@graph":[{"@type":"Article","@id":"http:\/\/elregionalvm.com.ar\/noticias-villa-maria\/elecciones-provinciales-2023-en-que-fecha-son-las-votaciones\/#article","isPartOf":{"@id":"http:\/\/elregionalvm.com.ar\/noticias-villa-maria\/elecciones-provinciales-2023-en-que-fecha-son-las-votaciones\/"},"author":{"name":"Contenidos El Regional","@id":"http:\/\/elregionalvm.com.ar\/noticias-villa-maria\/#\/schema\/person\/a0fb9c422317faca23d50163151bc354"},"headline":"Elecciones municipales: En qu\u00e9 fecha vas a votar en tu pueblo o ciudad","datePublished":"2023-03-31T23:22:37+00:00","dateModified":"2023-04-01T02:00:48+00:00","mainEntityOfPage":{"@id":"http:\/\/elregionalvm.com.ar\/noticias-villa-maria\/elecciones-provinciales-2023-en-que-fecha-son-las-votaciones\/"},"wordCount":452,"commentCount":0,"image":{"@id":"http:\/\/elregionalvm.com.ar\/noticias-villa-maria\/elecciones-provinciales-2023-en-que-fecha-son-las-votaciones\/#primaryimage"},"thumbnailUrl":"https:\/\/i0.wp.com\/elregionalvm.com.ar\/noticias-villa-maria\/wp-content\/uploads\/2021\/08\/Elecciones-urnas-Villa-Maria.jpg?fit=848%2C533&ssl=1","articleSection":["destacado","Pol\u00edtica","Provinciales"],"inLanguage":"es","potentialAction":[{"@type":"CommentAction","name":"Comment","target":["http:\/\/elregionalvm.com.ar\/noticias-villa-maria\/elecciones-provinciales-2023-en-que-fecha-son-las-votaciones\/#respond"]}]},{"@type":"WebPage","@id":"http:\/\/elregionalvm.com.ar\/noticias-villa-maria\/elecciones-provinciales-2023-en-que-fecha-son-las-votaciones\/","url":"http:\/\/elregionalvm.com.ar\/noticias-villa-maria\/elecciones-provinciales-2023-en-que-fecha-son-las-votaciones\/","name":"Elecciones municipales: En qu\u00e9 fecha vas a votar en tu pueblo o ciudad - El Regional","isPartOf":{"@id":"http:\/\/elregionalvm.com.ar\/noticias-villa-maria\/#website"},"primaryImageOfPage":{"@id":"http:\/\/elregionalvm.com.ar\/noticias-villa-maria\/elecciones-provinciales-2023-en-que-fecha-son-las-votaciones\/#primaryimage"},"image":{"@id":"http:\/\/elregionalvm.com.ar\/noticias-villa-maria\/elecciones-provinciales-2023-en-que-fecha-son-las-votaciones\/#primaryimage"},"thumbnailUrl":"https:\/\/i0.wp.com\/elregionalvm.com.ar\/noticias-villa-maria\/wp-content\/uploads\/2021\/08\/Elecciones-urnas-Villa-Maria.jpg?fit=848%2C533&ssl=1","datePublished":"2023-03-31T23:22:37+00:00","dateModified":"2023-04-01T02:00:48+00:00","author":{"@id":"http:\/\/elregionalvm.com.ar\/noticias-villa-maria\/#\/schema\/person\/a0fb9c422317faca23d50163151bc354"},"breadcrumb":{"@id":"http:\/\/elregionalvm.com.ar\/noticias-villa-maria\/elecciones-provinciales-2023-en-que-fecha-son-las-votaciones\/#breadcrumb"},"inLanguage":"es","potentialAction":[{"@type":"ReadAction","target":["http:\/\/elregionalvm.com.ar\/noticias-villa-maria\/elecciones-provinciales-2023-en-que-fecha-son-las-votaciones\/"]}]},{"@type":"ImageObject","inLanguage":"es","@id":"http:\/\/elregionalvm.com.ar\/noticias-villa-maria\/elecciones-provinciales-2023-en-que-fecha-son-las-votaciones\/#primaryimage","url":"https:\/\/i0.wp.com\/elregionalvm.com.ar\/noticias-villa-maria\/wp-content\/uploads\/2021\/08\/Elecciones-urnas-Villa-Maria.jpg?fit=848%2C533&ssl=1","contentUrl":"https:\/\/i0.wp.com\/elregionalvm.com.ar\/noticias-villa-maria\/wp-content\/uploads\/2021\/08\/Elecciones-urnas-Villa-Maria.jpg?fit=848%2C533&ssl=1","width":848,"height":533},{"@type":"BreadcrumbList","@id":"http:\/\/elregionalvm.com.ar\/noticias-villa-maria\/elecciones-provinciales-2023-en-que-fecha-son-las-votaciones\/#breadcrumb","itemListElement":[{"@type":"ListItem","position":1,"name":"Portada","item":"https:\/\/elregionalvm.com.ar\/noticias-villa-maria\/"},{"@type":"ListItem","position":2,"name":"Elecciones municipales: En qu\u00e9 fecha vas a votar en tu pueblo o ciudad"}]},{"@type":"WebSite","@id":"http:\/\/elregionalvm.com.ar\/noticias-villa-maria\/#website","url":"http:\/\/elregionalvm.com.ar\/noticias-villa-maria\/","name":"El Regional","description":"Mucho m\u00e1s que informaci\u00f3n","potentialAction":[{"@type":"SearchAction","target":{"@type":"EntryPoint","urlTemplate":"http:\/\/elregionalvm.com.ar\/noticias-villa-maria\/?s={search_term_string}"},"query-input":{"@type":"PropertyValueSpecification","valueRequired":true,"valueName":"search_term_string"}}],"inLanguage":"es"},{"@type":"Person","@id":"http:\/\/elregionalvm.com.ar\/noticias-villa-maria\/#\/schema\/person\/a0fb9c422317faca23d50163151bc354","name":"Contenidos El Regional","image":{"@type":"ImageObject","inLanguage":"es","@id":"http:\/\/elregionalvm.com.ar\/noticias-villa-maria\/#\/schema\/person\/image\/","url":"https:\/\/secure.gravatar.com\/avatar\/265b27cb2209af7bb3a1318f03305787d7981a5cc6e6cd08fe5a4ecdf99d4b48?s=96&d=mm&r=g","contentUrl":"https:\/\/secure.gravatar.com\/avatar\/265b27cb2209af7bb3a1318f03305787d7981a5cc6e6cd08fe5a4ecdf99d4b48?s=96&d=mm&r=g","caption":"Contenidos El Regional"},"url":"https:\/\/elregionalvm.com.ar\/noticias-villa-maria\/author\/contenido\/"}]}},"jetpack_featured_media_url":"https:\/\/i0.wp.com\/elregionalvm.com.ar\/noticias-villa-maria\/wp-content\/uploads\/2021\/08\/Elecciones-urnas-Villa-Maria.jpg?fit=848%2C533&ssl=1","jetpack_sharing_enabled":true,"_links":{"self":[{"href":"https:\/\/elregionalvm.com.ar\/noticias-villa-maria\/wp-json\/wp\/v2\/posts\/74087","targetHints":{"allow":["GET"]}}],"collection":[{"href":"https:\/\/elregionalvm.com.ar\/noticias-villa-maria\/wp-json\/wp\/v2\/posts"}],"about":[{"href":"https:\/\/elregionalvm.com.ar\/noticias-villa-maria\/wp-json\/wp\/v2\/types\/post"}],"author":[{"embeddable":true,"href":"https:\/\/elregionalvm.com.ar\/noticias-villa-maria\/wp-json\/wp\/v2\/users\/4"}],"replies":[{"embeddable":true,"href":"https:\/\/elregionalvm.com.ar\/noticias-villa-maria\/wp-json\/wp\/v2\/comments?post=74087"}],"version-history":[{"count":2,"href":"https:\/\/elregionalvm.com.ar\/noticias-villa-maria\/wp-json\/wp\/v2\/posts\/74087\/revisions"}],"predecessor-version":[{"id":74089,"href":"https:\/\/elregionalvm.com.ar\/noticias-villa-maria\/wp-json\/wp\/v2\/posts\/74087\/revisions\/74089"}],"wp:featuredmedia":[{"embeddable":true,"href":"https:\/\/elregionalvm.com.ar\/noticias-villa-maria\/wp-json\/wp\/v2\/media\/43511"}],"wp:attachment":[{"href":"https:\/\/elregionalvm.com.ar\/noticias-villa-maria\/wp-json\/wp\/v2\/media?parent=74087"}],"wp:term":[{"taxonomy":"category","embeddable":true,"href":"https:\/\/elregionalvm.com.ar\/noticias-villa-maria\/wp-json\/wp\/v2\/categories?post=74087"},{"taxonomy":"post_tag","embeddable":true,"href":"https:\/\/elregionalvm.com.ar\/noticias-villa-maria\/wp-json\/wp\/v2\/tags?post=74087"}],"curies":[{"name":"wp","href":"https:\/\/api.w.org\/{rel}","templated":true}]}}