{"id":74116,"date":"2023-04-02T23:15:13","date_gmt":"2023-04-02T23:15:13","guid":{"rendered":"https:\/\/elregionalvm.com.ar\/noticias-villa-maria\/?p=74116"},"modified":"2023-04-02T23:15:16","modified_gmt":"2023-04-02T23:15:16","slug":"video-les-robaron-por-segunda-vez-en-diez-dias-vecinos-atraparon-a-uno-de-los-delincuentes","status":"publish","type":"post","link":"https:\/\/elregionalvm.com.ar\/noticias-villa-maria\/video-les-robaron-por-segunda-vez-en-diez-dias-vecinos-atraparon-a-uno-de-los-delincuentes\/","title":{"rendered":"[Video] Les robaron por segunda vez en diez d\u00edas: Vecinos atraparon a uno de los delincuentes"},"content":{"rendered":"\n<p><\/p>\n\n\n\n<figure class=\"wp-block-embed is-type-video is-provider-youtube wp-block-embed-youtube wp-embed-aspect-16-9 wp-has-aspect-ratio\"><div class=\"wp-block-embed__wrapper\">\n<iframe title=\"Robo en Barrio Industrial: As\u00ed hu\u00eda el delincuente luego de sustraer dinero de una vivienda\" width=\"500\" height=\"281\" src=\"https:\/\/www.youtube.com\/embed\/NjeVZLqOP5k?feature=oembed\" frameborder=\"0\" allow=\"accelerometer; autoplay; clipboard-write; encrypted-media; gyroscope; picture-in-picture; web-share\" referrerpolicy=\"strict-origin-when-cross-origin\" allowfullscreen><\/iframe>\n<\/div><figcaption><em>El momento de la huida del ladr\u00f3n que se llev\u00f3 dinero de una casa de Barrio Industrial.<\/em><\/figcaption><\/figure>\n\n\n\n<p><\/p>\n\n\n\n<p>Una familia de Barrio Industrial fue v\u00edctima de robos en su vivienda en menos de diez d\u00edas.<\/p>\n\n\n\n<p>En la primera ocasi\u00f3n, ingresaron a la casa ubicada en calle Puerto Rico al 1600 y se llevaron una computadora y bolsos.<\/p>\n\n\n\n<p>La segunda ocurri\u00f3 alrededor de las 13.30 horas de este domingo 2 de abril, cuando le sustrajeron una alta cifra en dinero.<\/p>\n\n\n\n<p>\u201cEran ahorros que guard\u00e1bamos producto de nuestro trabajo y esfuerzo, por las horas que renunciamos a nuestros hijos\u201d, expres\u00f3 la damnificada a <strong><a href=\"http:\/\/www.elregionalvm.com.ar\">EL REGIONAL<\/a><\/strong>.<\/p>\n\n\n\n<p>Algunos momentos del hecho delictivo quedaron retratados por la c\u00e1mara de seguridad de una vivienda colindante al domicilio, donde forzaron una reja y rompieron una ventana que da al patio.<\/p>\n\n\n\n<p><\/p>\n\n\n\n<figure class=\"wp-block-gallery has-nested-images columns-default is-cropped wp-block-gallery-1 is-layout-flex wp-block-gallery-is-layout-flex\">\n<figure class=\"wp-block-image size-large\"><img data-recalc-dims=\"1\" fetchpriority=\"high\" decoding=\"async\" width=\"1280\" height=\"720\" data-id=\"74120\" src=\"https:\/\/i0.wp.com\/elregionalvm.com.ar\/noticias-villa-maria\/wp-content\/uploads\/2023\/04\/Robo-Barrio-Industrial-4.jpeg?resize=1280%2C720&#038;ssl=1\" alt=\"\" class=\"wp-image-74120\" srcset=\"https:\/\/i0.wp.com\/elregionalvm.com.ar\/noticias-villa-maria\/wp-content\/uploads\/2023\/04\/Robo-Barrio-Industrial-4.jpeg?w=1280&amp;ssl=1 1280w, https:\/\/i0.wp.com\/elregionalvm.com.ar\/noticias-villa-maria\/wp-content\/uploads\/2023\/04\/Robo-Barrio-Industrial-4.jpeg?resize=300%2C169&amp;ssl=1 300w, https:\/\/i0.wp.com\/elregionalvm.com.ar\/noticias-villa-maria\/wp-content\/uploads\/2023\/04\/Robo-Barrio-Industrial-4.jpeg?resize=1024%2C576&amp;ssl=1 1024w, https:\/\/i0.wp.com\/elregionalvm.com.ar\/noticias-villa-maria\/wp-content\/uploads\/2023\/04\/Robo-Barrio-Industrial-4.jpeg?resize=768%2C432&amp;ssl=1 768w\" sizes=\"(max-width: 1000px) 100vw, 1000px\" \/><\/figure>\n\n\n\n<figure class=\"wp-block-image size-large\"><img data-recalc-dims=\"1\" decoding=\"async\" width=\"1280\" height=\"720\" data-id=\"74121\" src=\"https:\/\/i0.wp.com\/elregionalvm.com.ar\/noticias-villa-maria\/wp-content\/uploads\/2023\/04\/Robo-Barrio-Industrial-7.jpeg?resize=1280%2C720&#038;ssl=1\" alt=\"\" class=\"wp-image-74121\" srcset=\"https:\/\/i0.wp.com\/elregionalvm.com.ar\/noticias-villa-maria\/wp-content\/uploads\/2023\/04\/Robo-Barrio-Industrial-7.jpeg?w=1280&amp;ssl=1 1280w, https:\/\/i0.wp.com\/elregionalvm.com.ar\/noticias-villa-maria\/wp-content\/uploads\/2023\/04\/Robo-Barrio-Industrial-7.jpeg?resize=300%2C169&amp;ssl=1 300w, https:\/\/i0.wp.com\/elregionalvm.com.ar\/noticias-villa-maria\/wp-content\/uploads\/2023\/04\/Robo-Barrio-Industrial-7.jpeg?resize=1024%2C576&amp;ssl=1 1024w, https:\/\/i0.wp.com\/elregionalvm.com.ar\/noticias-villa-maria\/wp-content\/uploads\/2023\/04\/Robo-Barrio-Industrial-7.jpeg?resize=768%2C432&amp;ssl=1 768w\" sizes=\"(max-width: 1000px) 100vw, 1000px\" \/><\/figure>\n<figcaption class=\"blocks-gallery-caption\"><em>El delincuente guard\u00f3 el dinero entre sus ropas y huy\u00f3 por el vecindario.<\/em><\/figcaption><\/figure>\n\n\n\n<p><\/p>\n\n\n\n<p>En el video se observa c\u00f3mo uno de los dos delincuentes que intervinieron en el robo guarda el dinero sustra\u00eddo entre sus prendas de vestir y salta a un tapial desde el techo de un auto.<\/p>\n\n\n\n<p>A ra\u00edz del apuro, se observa que se le caen algunos billetes al suelo, pero no intenta levantarlos.<\/p>\n\n\n\n<p>Junto con su acompa\u00f1ante hab\u00edan llegado en una moto, aparentemente robada con anterioridad. Seg\u00fan coment\u00f3 la v\u00edctima, el segundo delincuente fue detenido por los propios vecinos.<\/p>\n\n\n\n<p>El otro, en tanto, pudo escapar entre las casas del vecindario, seg\u00fan el testimonio de la damnificada que realiz\u00f3 la denuncia en la sede policial.<\/p>\n\n\n\n<p><\/p>\n\n\n\n<figure class=\"wp-block-image size-large\"><img data-recalc-dims=\"1\" decoding=\"async\" width=\"576\" height=\"1024\" src=\"https:\/\/i0.wp.com\/elregionalvm.com.ar\/noticias-villa-maria\/wp-content\/uploads\/2023\/04\/Robo-Barrio-Industrial-9.jpeg?resize=576%2C1024&#038;ssl=1\" alt=\"\" class=\"wp-image-74119\" srcset=\"https:\/\/i0.wp.com\/elregionalvm.com.ar\/noticias-villa-maria\/wp-content\/uploads\/2023\/04\/Robo-Barrio-Industrial-9.jpeg?resize=576%2C1024&amp;ssl=1 576w, https:\/\/i0.wp.com\/elregionalvm.com.ar\/noticias-villa-maria\/wp-content\/uploads\/2023\/04\/Robo-Barrio-Industrial-9.jpeg?resize=169%2C300&amp;ssl=1 169w, https:\/\/i0.wp.com\/elregionalvm.com.ar\/noticias-villa-maria\/wp-content\/uploads\/2023\/04\/Robo-Barrio-Industrial-9.jpeg?w=720&amp;ssl=1 720w\" sizes=\"(max-width: 576px) 100vw, 576px\" \/><figcaption><em>Ventana y rejas forzadas, m\u00e1s vidrios rotos para ingresar a robar. <\/em><\/figcaption><\/figure>\n\n\n\n<p><\/p>\n\n\n\n<p>\u201cEs tierra de nadie este lugar. Por ac\u00e1 nunca pasa Seguridad Ciudadana ni la Polic\u00eda. Hay poca iluminaci\u00f3n en el barrio. Ya hemos ido al centro vecinal y al municipio, pero no hemos obtenido respuestas\u201d, se lament\u00f3 la v\u00edctima.<\/p>\n","protected":false},"excerpt":{"rendered":"<p>Una familia de Barrio Industrial fue v\u00edctima de robos en su vivienda en menos de diez d\u00edas. En la primera ocasi\u00f3n, ingresaron a la casa ubicada en calle Puerto Rico al 1600 y se llevaron una computadora y bolsos. La segunda ocurri\u00f3 alrededor de las 13.30 horas de este domingo 2 de abril, cuando le [&hellip;]<\/p>\n","protected":false},"author":6,"featured_media":74118,"comment_status":"open","ping_status":"open","sticky":false,"template":"","format":"standard","meta":{"site-sidebar-layout":"default","site-content-layout":"","ast-site-content-layout":"default","site-content-style":"default","site-sidebar-style":"default","ast-global-header-display":"","ast-banner-title-visibility":"","ast-main-header-display":"","ast-hfb-above-header-display":"","ast-hfb-below-header-display":"","ast-hfb-mobile-header-display":"","site-post-title":"","ast-breadcrumbs-content":"","ast-featured-img":"","footer-sml-layout":"","ast-disable-related-posts":"","theme-transparent-header-meta":"","adv-header-id-meta":"","stick-header-meta":"","header-above-stick-meta":"","header-main-stick-meta":"","header-below-stick-meta":"","astra-migrate-meta-layouts":"default","ast-page-background-enabled":"default","ast-page-background-meta":{"desktop":{"background-color":"","background-image":"","background-repeat":"repeat","background-position":"center center","background-size":"auto","background-attachment":"scroll","background-type":"","background-media":"","overlay-type":"","overlay-color":"","overlay-opacity":"","overlay-gradient":""},"tablet":{"background-color":"","background-image":"","background-repeat":"repeat","background-position":"center center","background-size":"auto","background-attachment":"scroll","background-type":"","background-media":"","overlay-type":"","overlay-color":"","overlay-opacity":"","overlay-gradient":""},"mobile":{"background-color":"","background-image":"","background-repeat":"repeat","background-position":"center center","background-size":"auto","background-attachment":"scroll","background-type":"","background-media":"","overlay-type":"","overlay-color":"","overlay-opacity":"","overlay-gradient":""}},"ast-content-background-meta":{"desktop":{"background-color":"var(--ast-global-color-5)","background-image":"","background-repeat":"repeat","background-position":"center center","background-size":"auto","background-attachment":"scroll","background-type":"","background-media":"","overlay-type":"","overlay-color":"","overlay-opacity":"","overlay-gradient":""},"tablet":{"background-color":"var(--ast-global-color-5)","background-image":"","background-repeat":"repeat","background-position":"center center","background-size":"auto","background-attachment":"scroll","background-type":"","background-media":"","overlay-type":"","overlay-color":"","overlay-opacity":"","overlay-gradient":""},"mobile":{"background-color":"var(--ast-global-color-5)","background-image":"","background-repeat":"repeat","background-position":"center center","background-size":"auto","background-attachment":"scroll","background-type":"","background-media":"","overlay-type":"","overlay-color":"","overlay-opacity":"","overlay-gradient":""}},"_jetpack_memberships_contains_paid_content":false,"_joinchat":[],"footnotes":""},"categories":[15302,2234,2],"tags":[4833,22004,19340,2572,303,1469,741,1160,3462],"class_list":["post-74116","post","type-post","status-publish","format-standard","has-post-thumbnail","hentry","category-destacado","category-policiales","category-villa-maria","tag-barrio-industrial","tag-calle-puerto-rico","tag-computadora","tag-delincuentes","tag-dinero","tag-inseguridad","tag-policiales","tag-robo","tag-victima"],"yoast_head":"<!-- This site is optimized with the Yoast SEO plugin v26.8 - https:\/\/yoast.com\/product\/yoast-seo-wordpress\/ -->\n<title>[Video] Les robaron por segunda vez en diez d\u00edas: Vecinos atraparon a uno de los delincuentes - El Regional<\/title>\n<meta name=\"robots\" content=\"index, follow, max-snippet:-1, max-image-preview:large, max-video-preview:-1\" \/>\n<link rel=\"canonical\" href=\"http:\/\/elregionalvm.com.ar\/noticias-villa-maria\/video-les-robaron-por-segunda-vez-en-diez-dias-vecinos-atraparon-a-uno-de-los-delincuentes\/\" \/>\n<meta property=\"og:locale\" content=\"es_ES\" \/>\n<meta property=\"og:type\" content=\"article\" \/>\n<meta property=\"og:title\" content=\"[Video] Les robaron por segunda vez en diez d\u00edas: Vecinos atraparon a uno de los delincuentes - El Regional\" \/>\n<meta property=\"og:description\" content=\"Una familia de Barrio Industrial fue v\u00edctima de robos en su vivienda en menos de diez d\u00edas. En la primera ocasi\u00f3n, ingresaron a la casa ubicada en calle Puerto Rico al 1600 y se llevaron una computadora y bolsos. La segunda ocurri\u00f3 alrededor de las 13.30 horas de este domingo 2 de abril, cuando le [&hellip;]\" \/>\n<meta property=\"og:url\" content=\"http:\/\/elregionalvm.com.ar\/noticias-villa-maria\/video-les-robaron-por-segunda-vez-en-diez-dias-vecinos-atraparon-a-uno-de-los-delincuentes\/\" \/>\n<meta property=\"og:site_name\" content=\"El Regional\" \/>\n<meta property=\"article:publisher\" content=\"https:\/\/www.facebook.com\/elregionalvm\" \/>\n<meta property=\"article:published_time\" content=\"2023-04-02T23:15:13+00:00\" \/>\n<meta property=\"article:modified_time\" content=\"2023-04-02T23:15:16+00:00\" \/>\n<meta property=\"og:image\" content=\"http:\/\/elregionalvm.com.ar\/noticias-villa-maria\/wp-content\/uploads\/2023\/04\/Robo-Barrio-Industrial-ojos-tapados.jpg\" \/>\n\t<meta property=\"og:image:width\" content=\"1280\" \/>\n\t<meta property=\"og:image:height\" content=\"720\" \/>\n\t<meta property=\"og:image:type\" content=\"image\/jpeg\" \/>\n<meta name=\"author\" content=\"Germ\u00e1n Giacchero\" \/>\n<meta name=\"twitter:card\" content=\"summary_large_image\" \/>\n<meta name=\"twitter:creator\" content=\"@elregionalvm1\" \/>\n<meta name=\"twitter:site\" content=\"@elregionalvm1\" \/>\n<meta name=\"twitter:label1\" content=\"Escrito por\" \/>\n\t<meta name=\"twitter:data1\" content=\"Germ\u00e1n Giacchero\" \/>\n\t<meta name=\"twitter:label2\" content=\"Tiempo de lectura\" \/>\n\t<meta name=\"twitter:data2\" content=\"2 minutos\" \/>\n<script type=\"application\/ld+json\" class=\"yoast-schema-graph\">{\"@context\":\"https:\/\/schema.org\",\"@graph\":[{\"@type\":\"Article\",\"@id\":\"http:\/\/elregionalvm.com.ar\/noticias-villa-maria\/video-les-robaron-por-segunda-vez-en-diez-dias-vecinos-atraparon-a-uno-de-los-delincuentes\/#article\",\"isPartOf\":{\"@id\":\"http:\/\/elregionalvm.com.ar\/noticias-villa-maria\/video-les-robaron-por-segunda-vez-en-diez-dias-vecinos-atraparon-a-uno-de-los-delincuentes\/\"},\"author\":{\"name\":\"Germ\u00e1n Giacchero\",\"@id\":\"http:\/\/elregionalvm.com.ar\/noticias-villa-maria\/#\/schema\/person\/d5e4b04966154131701e52c45d3efec9\"},\"headline\":\"[Video] Les robaron por segunda vez en diez d\u00edas: Vecinos atraparon a uno de los delincuentes\",\"datePublished\":\"2023-04-02T23:15:13+00:00\",\"dateModified\":\"2023-04-02T23:15:16+00:00\",\"mainEntityOfPage\":{\"@id\":\"http:\/\/elregionalvm.com.ar\/noticias-villa-maria\/video-les-robaron-por-segunda-vez-en-diez-dias-vecinos-atraparon-a-uno-de-los-delincuentes\/\"},\"wordCount\":337,\"commentCount\":0,\"image\":{\"@id\":\"http:\/\/elregionalvm.com.ar\/noticias-villa-maria\/video-les-robaron-por-segunda-vez-en-diez-dias-vecinos-atraparon-a-uno-de-los-delincuentes\/#primaryimage\"},\"thumbnailUrl\":\"https:\/\/i0.wp.com\/elregionalvm.com.ar\/noticias-villa-maria\/wp-content\/uploads\/2023\/04\/Robo-Barrio-Industrial-ojos-tapados.jpg?fit=1280%2C720&ssl=1\",\"keywords\":[\"Barrio Industrial\",\"calle Puerto Rico\",\"computadora\",\"delincuentes\",\"dinero\",\"Inseguridad\",\"Policiales\",\"Robo\",\"v\u00edctima\"],\"articleSection\":[\"destacado\",\"Policiales\",\"Villa Mar\u00eda\"],\"inLanguage\":\"es\",\"potentialAction\":[{\"@type\":\"CommentAction\",\"name\":\"Comment\",\"target\":[\"http:\/\/elregionalvm.com.ar\/noticias-villa-maria\/video-les-robaron-por-segunda-vez-en-diez-dias-vecinos-atraparon-a-uno-de-los-delincuentes\/#respond\"]}]},{\"@type\":\"WebPage\",\"@id\":\"http:\/\/elregionalvm.com.ar\/noticias-villa-maria\/video-les-robaron-por-segunda-vez-en-diez-dias-vecinos-atraparon-a-uno-de-los-delincuentes\/\",\"url\":\"http:\/\/elregionalvm.com.ar\/noticias-villa-maria\/video-les-robaron-por-segunda-vez-en-diez-dias-vecinos-atraparon-a-uno-de-los-delincuentes\/\",\"name\":\"[Video] Les robaron por segunda vez en diez d\u00edas: Vecinos atraparon a uno de los delincuentes - El Regional\",\"isPartOf\":{\"@id\":\"http:\/\/elregionalvm.com.ar\/noticias-villa-maria\/#website\"},\"primaryImageOfPage\":{\"@id\":\"http:\/\/elregionalvm.com.ar\/noticias-villa-maria\/video-les-robaron-por-segunda-vez-en-diez-dias-vecinos-atraparon-a-uno-de-los-delincuentes\/#primaryimage\"},\"image\":{\"@id\":\"http:\/\/elregionalvm.com.ar\/noticias-villa-maria\/video-les-robaron-por-segunda-vez-en-diez-dias-vecinos-atraparon-a-uno-de-los-delincuentes\/#primaryimage\"},\"thumbnailUrl\":\"https:\/\/i0.wp.com\/elregionalvm.com.ar\/noticias-villa-maria\/wp-content\/uploads\/2023\/04\/Robo-Barrio-Industrial-ojos-tapados.jpg?fit=1280%2C720&ssl=1\",\"datePublished\":\"2023-04-02T23:15:13+00:00\",\"dateModified\":\"2023-04-02T23:15:16+00:00\",\"author\":{\"@id\":\"http:\/\/elregionalvm.com.ar\/noticias-villa-maria\/#\/schema\/person\/d5e4b04966154131701e52c45d3efec9\"},\"breadcrumb\":{\"@id\":\"http:\/\/elregionalvm.com.ar\/noticias-villa-maria\/video-les-robaron-por-segunda-vez-en-diez-dias-vecinos-atraparon-a-uno-de-los-delincuentes\/#breadcrumb\"},\"inLanguage\":\"es\",\"potentialAction\":[{\"@type\":\"ReadAction\",\"target\":[\"http:\/\/elregionalvm.com.ar\/noticias-villa-maria\/video-les-robaron-por-segunda-vez-en-diez-dias-vecinos-atraparon-a-uno-de-los-delincuentes\/\"]}]},{\"@type\":\"ImageObject\",\"inLanguage\":\"es\",\"@id\":\"http:\/\/elregionalvm.com.ar\/noticias-villa-maria\/video-les-robaron-por-segunda-vez-en-diez-dias-vecinos-atraparon-a-uno-de-los-delincuentes\/#primaryimage\",\"url\":\"https:\/\/i0.wp.com\/elregionalvm.com.ar\/noticias-villa-maria\/wp-content\/uploads\/2023\/04\/Robo-Barrio-Industrial-ojos-tapados.jpg?fit=1280%2C720&ssl=1\",\"contentUrl\":\"https:\/\/i0.wp.com\/elregionalvm.com.ar\/noticias-villa-maria\/wp-content\/uploads\/2023\/04\/Robo-Barrio-Industrial-ojos-tapados.jpg?fit=1280%2C720&ssl=1\",\"width\":1280,\"height\":720},{\"@type\":\"BreadcrumbList\",\"@id\":\"http:\/\/elregionalvm.com.ar\/noticias-villa-maria\/video-les-robaron-por-segunda-vez-en-diez-dias-vecinos-atraparon-a-uno-de-los-delincuentes\/#breadcrumb\",\"itemListElement\":[{\"@type\":\"ListItem\",\"position\":1,\"name\":\"Portada\",\"item\":\"https:\/\/elregionalvm.com.ar\/noticias-villa-maria\/\"},{\"@type\":\"ListItem\",\"position\":2,\"name\":\"[Video] Les robaron por segunda vez en diez d\u00edas: Vecinos atraparon a uno de los delincuentes\"}]},{\"@type\":\"WebSite\",\"@id\":\"http:\/\/elregionalvm.com.ar\/noticias-villa-maria\/#website\",\"url\":\"http:\/\/elregionalvm.com.ar\/noticias-villa-maria\/\",\"name\":\"El Regional\",\"description\":\"Mucho m\u00e1s que informaci\u00f3n\",\"potentialAction\":[{\"@type\":\"SearchAction\",\"target\":{\"@type\":\"EntryPoint\",\"urlTemplate\":\"http:\/\/elregionalvm.com.ar\/noticias-villa-maria\/?s={search_term_string}\"},\"query-input\":{\"@type\":\"PropertyValueSpecification\",\"valueRequired\":true,\"valueName\":\"search_term_string\"}}],\"inLanguage\":\"es\"},{\"@type\":\"Person\",\"@id\":\"http:\/\/elregionalvm.com.ar\/noticias-villa-maria\/#\/schema\/person\/d5e4b04966154131701e52c45d3efec9\",\"name\":\"Germ\u00e1n Giacchero\",\"image\":{\"@type\":\"ImageObject\",\"inLanguage\":\"es\",\"@id\":\"http:\/\/elregionalvm.com.ar\/noticias-villa-maria\/#\/schema\/person\/image\/\",\"url\":\"https:\/\/secure.gravatar.com\/avatar\/fda163ba5ef0307ee5be9846e10f83b6e83d0cfb260d3b2464830318894c6b04?s=96&d=mm&r=g\",\"contentUrl\":\"https:\/\/secure.gravatar.com\/avatar\/fda163ba5ef0307ee5be9846e10f83b6e83d0cfb260d3b2464830318894c6b04?s=96&d=mm&r=g\",\"caption\":\"Germ\u00e1n Giacchero\"},\"url\":\"https:\/\/elregionalvm.com.ar\/noticias-villa-maria\/author\/germangiacchero\/\"}]}<\/script>\n<!-- \/ Yoast SEO plugin. -->","yoast_head_json":{"title":"[Video] Les robaron por segunda vez en diez d\u00edas: Vecinos atraparon a uno de los delincuentes - El Regional","robots":{"index":"index","follow":"follow","max-snippet":"max-snippet:-1","max-image-preview":"max-image-preview:large","max-video-preview":"max-video-preview:-1"},"canonical":"http:\/\/elregionalvm.com.ar\/noticias-villa-maria\/video-les-robaron-por-segunda-vez-en-diez-dias-vecinos-atraparon-a-uno-de-los-delincuentes\/","og_locale":"es_ES","og_type":"article","og_title":"[Video] Les robaron por segunda vez en diez d\u00edas: Vecinos atraparon a uno de los delincuentes - El Regional","og_description":"Una familia de Barrio Industrial fue v\u00edctima de robos en su vivienda en menos de diez d\u00edas. En la primera ocasi\u00f3n, ingresaron a la casa ubicada en calle Puerto Rico al 1600 y se llevaron una computadora y bolsos. La segunda ocurri\u00f3 alrededor de las 13.30 horas de este domingo 2 de abril, cuando le [&hellip;]","og_url":"http:\/\/elregionalvm.com.ar\/noticias-villa-maria\/video-les-robaron-por-segunda-vez-en-diez-dias-vecinos-atraparon-a-uno-de-los-delincuentes\/","og_site_name":"El Regional","article_publisher":"https:\/\/www.facebook.com\/elregionalvm","article_published_time":"2023-04-02T23:15:13+00:00","article_modified_time":"2023-04-02T23:15:16+00:00","og_image":[{"width":1280,"height":720,"url":"http:\/\/elregionalvm.com.ar\/noticias-villa-maria\/wp-content\/uploads\/2023\/04\/Robo-Barrio-Industrial-ojos-tapados.jpg","type":"image\/jpeg"}],"author":"Germ\u00e1n Giacchero","twitter_card":"summary_large_image","twitter_creator":"@elregionalvm1","twitter_site":"@elregionalvm1","twitter_misc":{"Escrito por":"Germ\u00e1n Giacchero","Tiempo de lectura":"2 minutos"},"schema":{"@context":"https:\/\/schema.org","@graph":[{"@type":"Article","@id":"http:\/\/elregionalvm.com.ar\/noticias-villa-maria\/video-les-robaron-por-segunda-vez-en-diez-dias-vecinos-atraparon-a-uno-de-los-delincuentes\/#article","isPartOf":{"@id":"http:\/\/elregionalvm.com.ar\/noticias-villa-maria\/video-les-robaron-por-segunda-vez-en-diez-dias-vecinos-atraparon-a-uno-de-los-delincuentes\/"},"author":{"name":"Germ\u00e1n Giacchero","@id":"http:\/\/elregionalvm.com.ar\/noticias-villa-maria\/#\/schema\/person\/d5e4b04966154131701e52c45d3efec9"},"headline":"[Video] Les robaron por segunda vez en diez d\u00edas: Vecinos atraparon a uno de los delincuentes","datePublished":"2023-04-02T23:15:13+00:00","dateModified":"2023-04-02T23:15:16+00:00","mainEntityOfPage":{"@id":"http:\/\/elregionalvm.com.ar\/noticias-villa-maria\/video-les-robaron-por-segunda-vez-en-diez-dias-vecinos-atraparon-a-uno-de-los-delincuentes\/"},"wordCount":337,"commentCount":0,"image":{"@id":"http:\/\/elregionalvm.com.ar\/noticias-villa-maria\/video-les-robaron-por-segunda-vez-en-diez-dias-vecinos-atraparon-a-uno-de-los-delincuentes\/#primaryimage"},"thumbnailUrl":"https:\/\/i0.wp.com\/elregionalvm.com.ar\/noticias-villa-maria\/wp-content\/uploads\/2023\/04\/Robo-Barrio-Industrial-ojos-tapados.jpg?fit=1280%2C720&ssl=1","keywords":["Barrio Industrial","calle Puerto Rico","computadora","delincuentes","dinero","Inseguridad","Policiales","Robo","v\u00edctima"],"articleSection":["destacado","Policiales","Villa Mar\u00eda"],"inLanguage":"es","potentialAction":[{"@type":"CommentAction","name":"Comment","target":["http:\/\/elregionalvm.com.ar\/noticias-villa-maria\/video-les-robaron-por-segunda-vez-en-diez-dias-vecinos-atraparon-a-uno-de-los-delincuentes\/#respond"]}]},{"@type":"WebPage","@id":"http:\/\/elregionalvm.com.ar\/noticias-villa-maria\/video-les-robaron-por-segunda-vez-en-diez-dias-vecinos-atraparon-a-uno-de-los-delincuentes\/","url":"http:\/\/elregionalvm.com.ar\/noticias-villa-maria\/video-les-robaron-por-segunda-vez-en-diez-dias-vecinos-atraparon-a-uno-de-los-delincuentes\/","name":"[Video] Les robaron por segunda vez en diez d\u00edas: Vecinos atraparon a uno de los delincuentes - El Regional","isPartOf":{"@id":"http:\/\/elregionalvm.com.ar\/noticias-villa-maria\/#website"},"primaryImageOfPage":{"@id":"http:\/\/elregionalvm.com.ar\/noticias-villa-maria\/video-les-robaron-por-segunda-vez-en-diez-dias-vecinos-atraparon-a-uno-de-los-delincuentes\/#primaryimage"},"image":{"@id":"http:\/\/elregionalvm.com.ar\/noticias-villa-maria\/video-les-robaron-por-segunda-vez-en-diez-dias-vecinos-atraparon-a-uno-de-los-delincuentes\/#primaryimage"},"thumbnailUrl":"https:\/\/i0.wp.com\/elregionalvm.com.ar\/noticias-villa-maria\/wp-content\/uploads\/2023\/04\/Robo-Barrio-Industrial-ojos-tapados.jpg?fit=1280%2C720&ssl=1","datePublished":"2023-04-02T23:15:13+00:00","dateModified":"2023-04-02T23:15:16+00:00","author":{"@id":"http:\/\/elregionalvm.com.ar\/noticias-villa-maria\/#\/schema\/person\/d5e4b04966154131701e52c45d3efec9"},"breadcrumb":{"@id":"http:\/\/elregionalvm.com.ar\/noticias-villa-maria\/video-les-robaron-por-segunda-vez-en-diez-dias-vecinos-atraparon-a-uno-de-los-delincuentes\/#breadcrumb"},"inLanguage":"es","potentialAction":[{"@type":"ReadAction","target":["http:\/\/elregionalvm.com.ar\/noticias-villa-maria\/video-les-robaron-por-segunda-vez-en-diez-dias-vecinos-atraparon-a-uno-de-los-delincuentes\/"]}]},{"@type":"ImageObject","inLanguage":"es","@id":"http:\/\/elregionalvm.com.ar\/noticias-villa-maria\/video-les-robaron-por-segunda-vez-en-diez-dias-vecinos-atraparon-a-uno-de-los-delincuentes\/#primaryimage","url":"https:\/\/i0.wp.com\/elregionalvm.com.ar\/noticias-villa-maria\/wp-content\/uploads\/2023\/04\/Robo-Barrio-Industrial-ojos-tapados.jpg?fit=1280%2C720&ssl=1","contentUrl":"https:\/\/i0.wp.com\/elregionalvm.com.ar\/noticias-villa-maria\/wp-content\/uploads\/2023\/04\/Robo-Barrio-Industrial-ojos-tapados.jpg?fit=1280%2C720&ssl=1","width":1280,"height":720},{"@type":"BreadcrumbList","@id":"http:\/\/elregionalvm.com.ar\/noticias-villa-maria\/video-les-robaron-por-segunda-vez-en-diez-dias-vecinos-atraparon-a-uno-de-los-delincuentes\/#breadcrumb","itemListElement":[{"@type":"ListItem","position":1,"name":"Portada","item":"https:\/\/elregionalvm.com.ar\/noticias-villa-maria\/"},{"@type":"ListItem","position":2,"name":"[Video] Les robaron por segunda vez en diez d\u00edas: Vecinos atraparon a uno de los delincuentes"}]},{"@type":"WebSite","@id":"http:\/\/elregionalvm.com.ar\/noticias-villa-maria\/#website","url":"http:\/\/elregionalvm.com.ar\/noticias-villa-maria\/","name":"El Regional","description":"Mucho m\u00e1s que informaci\u00f3n","potentialAction":[{"@type":"SearchAction","target":{"@type":"EntryPoint","urlTemplate":"http:\/\/elregionalvm.com.ar\/noticias-villa-maria\/?s={search_term_string}"},"query-input":{"@type":"PropertyValueSpecification","valueRequired":true,"valueName":"search_term_string"}}],"inLanguage":"es"},{"@type":"Person","@id":"http:\/\/elregionalvm.com.ar\/noticias-villa-maria\/#\/schema\/person\/d5e4b04966154131701e52c45d3efec9","name":"Germ\u00e1n Giacchero","image":{"@type":"ImageObject","inLanguage":"es","@id":"http:\/\/elregionalvm.com.ar\/noticias-villa-maria\/#\/schema\/person\/image\/","url":"https:\/\/secure.gravatar.com\/avatar\/fda163ba5ef0307ee5be9846e10f83b6e83d0cfb260d3b2464830318894c6b04?s=96&d=mm&r=g","contentUrl":"https:\/\/secure.gravatar.com\/avatar\/fda163ba5ef0307ee5be9846e10f83b6e83d0cfb260d3b2464830318894c6b04?s=96&d=mm&r=g","caption":"Germ\u00e1n Giacchero"},"url":"https:\/\/elregionalvm.com.ar\/noticias-villa-maria\/author\/germangiacchero\/"}]}},"jetpack_featured_media_url":"https:\/\/i0.wp.com\/elregionalvm.com.ar\/noticias-villa-maria\/wp-content\/uploads\/2023\/04\/Robo-Barrio-Industrial-ojos-tapados.jpg?fit=1280%2C720&ssl=1","jetpack_sharing_enabled":true,"_links":{"self":[{"href":"https:\/\/elregionalvm.com.ar\/noticias-villa-maria\/wp-json\/wp\/v2\/posts\/74116","targetHints":{"allow":["GET"]}}],"collection":[{"href":"https:\/\/elregionalvm.com.ar\/noticias-villa-maria\/wp-json\/wp\/v2\/posts"}],"about":[{"href":"https:\/\/elregionalvm.com.ar\/noticias-villa-maria\/wp-json\/wp\/v2\/types\/post"}],"author":[{"embeddable":true,"href":"https:\/\/elregionalvm.com.ar\/noticias-villa-maria\/wp-json\/wp\/v2\/users\/6"}],"replies":[{"embeddable":true,"href":"https:\/\/elregionalvm.com.ar\/noticias-villa-maria\/wp-json\/wp\/v2\/comments?post=74116"}],"version-history":[{"count":2,"href":"https:\/\/elregionalvm.com.ar\/noticias-villa-maria\/wp-json\/wp\/v2\/posts\/74116\/revisions"}],"predecessor-version":[{"id":74122,"href":"https:\/\/elregionalvm.com.ar\/noticias-villa-maria\/wp-json\/wp\/v2\/posts\/74116\/revisions\/74122"}],"wp:featuredmedia":[{"embeddable":true,"href":"https:\/\/elregionalvm.com.ar\/noticias-villa-maria\/wp-json\/wp\/v2\/media\/74118"}],"wp:attachment":[{"href":"https:\/\/elregionalvm.com.ar\/noticias-villa-maria\/wp-json\/wp\/v2\/media?parent=74116"}],"wp:term":[{"taxonomy":"category","embeddable":true,"href":"https:\/\/elregionalvm.com.ar\/noticias-villa-maria\/wp-json\/wp\/v2\/categories?post=74116"},{"taxonomy":"post_tag","embeddable":true,"href":"https:\/\/elregionalvm.com.ar\/noticias-villa-maria\/wp-json\/wp\/v2\/tags?post=74116"}],"curies":[{"name":"wp","href":"https:\/\/api.w.org\/{rel}","templated":true}]}}