{"id":74126,"date":"2023-04-03T01:39:28","date_gmt":"2023-04-03T01:39:28","guid":{"rendered":"https:\/\/elregionalvm.com.ar\/noticias-villa-maria\/?p=74126"},"modified":"2023-04-06T03:27:46","modified_gmt":"2023-04-06T03:27:46","slug":"desde-adentro-marcelo-silvano-no-me-interesa-tener-cargos-de-funcionario-en-la-politica","status":"publish","type":"post","link":"https:\/\/elregionalvm.com.ar\/noticias-villa-maria\/desde-adentro-marcelo-silvano-no-me-interesa-tener-cargos-de-funcionario-en-la-politica\/","title":{"rendered":"[Desde Adentro] Marcelo Silvano: \u201cNo me interesa tener cargos de funcionario en la pol\u00edtica\u201d"},"content":{"rendered":"\n<p><\/p>\n\n\n\n<h3 class=\"wp-block-heading\"><strong>Mientras espera a ser entrevistado, toma un expediente y empieza a recorrerlo r\u00e1pidamente. En un momento se detiene y lanza una sonrisa, levanta la mirada y desliza: \u201cCuando se me escapa la sonrisa es porque encontr\u00e9 algo interesante\u201d.<\/strong><\/h3>\n\n\n\n<h3 class=\"wp-block-heading\"><strong>Macelo Jos\u00e9 Mart\u00edn Silvano (58 a\u00f1os) tiene 3 hijos, de los cuales, los dos mayores integran parte del bufete de abogados, Alfonso (30), Mar\u00eda Victoria (31) y Felipe Manuel (23).<\/strong><\/h3>\n\n\n\n<h3 class=\"wp-block-heading\"><strong>Es abogado egresado de la Universidad Nacional de C\u00f3rdoba desde hace 35 a\u00f1os. Ejerce como secretario Legal y T\u00e9cnico en Villa Nueva y Asesor Letrado. Especialista en Derecho Penal (2000), Especialista en Procesal Penal (2002) y Dr. en Derecho (2016). Adem\u00e1s, es docente en la materia derecho penal desde 1996 en la Universidad Cat\u00f3lica de Salta.<\/strong><\/h3>\n\n\n\n<p><\/p>\n\n\n\n<p><strong>Entrevista: Carolina Durand<\/strong><\/p>\n\n\n\n<p><\/p>\n\n\n\n<p><strong>\u00bfMotivaci\u00f3n para inclinarte por la abogac\u00eda?<\/strong><\/p>\n\n\n\n<p>En primer lugar, mi pap\u00e1 era abogado civil, laboral. En mi \u00faltimo a\u00f1o de secundaria, en el Instituto Rivadavia, me preguntaron si iba a seguir estudiando y ten\u00eda que decidir una carrera. &nbsp;Descart\u00e9 medicina porque no me gusta la sangre y las agujas; tampoco me interesaba pasarme la vida detr\u00e1s de un escritorio sentado, por eso descart\u00e9 contador y termin\u00e9 optando por abogac\u00eda.<\/p>\n\n\n\n<p><strong>\u00bfTe fue dif\u00edcil?<\/strong><\/p>\n\n\n\n<p>No, me era muy f\u00e1cil, de hecho, la carrera duraba 6 a\u00f1os y la hice en 3 a\u00f1os y 10 meses, adelant\u00e9 13 materias de 30. &nbsp;En 1984 hice el curso de ingreso, junto a 4.500 inscriptos, en ese momento no hab\u00eda l\u00edmite de cupo. Hab\u00eda que rendir dos materias, filosof\u00eda e historia del derecho, con un m\u00ednimo de 80 puntos sobre 100. Yo aprob\u00e9 con 175 puntos y estuve entre los 15 primeros.<\/p>\n\n\n\n<p><strong>\u00bfSiempre supiste que quer\u00edas ser penalista?<\/strong><\/p>\n\n\n\n<p>No. Mi intenci\u00f3n era recibirme pronto porque mi pap\u00e1 estaba enfermo y le cost\u00f3 mucho enviarme a estudiar a C\u00f3rdoba. Eso me llev\u00f3 a terminar la carrera en la mitad del tiempo estimado.<\/p>\n\n\n\n<p>Por otro lado, me resultaba muy simple estudiar, entend\u00eda muy r\u00e1pido. En la secundaria no recuerdo haber estudiado, excepto una vez, en una sola materia porque tuve mala nota, y levant\u00e9 promedio con el examen. Nunca me llev\u00e9 una materia.<\/p>\n\n\n\n<p>Desde pibe fui muy pensante. Utilic\u00e9 el pensamiento y el razonamiento, en el sentido de preguntarme \u00bfd\u00f3nde estoy parado?, \u00bfqu\u00e9 es lo que hay?, \u00bfqui\u00e9n es la otra parte y c\u00f3mo piensa?, \u00bfqu\u00e9 quiere y que quiero yo? Siempre hay que llegar al punto medio.<\/p>\n\n\n\n<p><\/p>\n\n\n\n<figure class=\"wp-block-image size-full\"><img data-recalc-dims=\"1\" fetchpriority=\"high\" decoding=\"async\" width=\"1000\" height=\"667\" src=\"https:\/\/i0.wp.com\/elregionalvm.com.ar\/noticias-villa-maria\/wp-content\/uploads\/2023\/04\/Marcelo-Silvano-1.jpg?resize=1000%2C667&#038;ssl=1\" alt=\"\" class=\"wp-image-74133\" srcset=\"https:\/\/i0.wp.com\/elregionalvm.com.ar\/noticias-villa-maria\/wp-content\/uploads\/2023\/04\/Marcelo-Silvano-1.jpg?w=1000&amp;ssl=1 1000w, https:\/\/i0.wp.com\/elregionalvm.com.ar\/noticias-villa-maria\/wp-content\/uploads\/2023\/04\/Marcelo-Silvano-1.jpg?resize=300%2C200&amp;ssl=1 300w, https:\/\/i0.wp.com\/elregionalvm.com.ar\/noticias-villa-maria\/wp-content\/uploads\/2023\/04\/Marcelo-Silvano-1.jpg?resize=768%2C512&amp;ssl=1 768w\" sizes=\"(max-width: 1000px) 100vw, 1000px\" \/><\/figure>\n\n\n\n<p><\/p>\n\n\n\n<p><strong>\u00bfQu\u00e9 es lo que m\u00e1s te gusta de tu profesi\u00f3n?<\/strong><\/p>\n\n\n\n<p>El diferente tratamiento en las cuestiones en las que uno interviene, nunca nada es igual. Pueden ser casos parecidos, pero, siempre son diferentes. Cada proceso penal tiene caracter\u00edsticas particulares. Cambian las pruebas, las declaraciones. Al ser denominado de \u201c\u00faltima ratio\u201d (\u00faltima raz\u00f3n para funcionar), permite elaborar o pensar de una manera diferente a como se piensa en las dem\u00e1s ramas del derecho.<\/p>\n\n\n\n<p><strong>Mesa de caf\u00e9 o asados<\/strong><\/p>\n\n\n\n<p>Ambos.<\/p>\n\n\n\n<p><strong>Hobbies o deportes<\/strong><\/p>\n\n\n\n<p>No tengo actualmente. Jugaba al f\u00fatbol en el Club Sarmiento. En la Liga Villamariense estuve en inferiores y jugu\u00e9 algunos partidos en primera. Me di cuenta de que no iba a llegar a nada con el deporte, consecuentemente era conveniente estudiar y no patear una pelota. No val\u00eda la pena porque no me aseguraba un futuro.<\/p>\n\n\n\n<p><strong>\u00bfHiciste terapia alguna vez?<\/strong><\/p>\n\n\n\n<p>No. S\u00ed he tenido charlas con psic\u00f3logos, pero, no por m\u00ed, sino por la profesi\u00f3n que te lleva a consultarles, para entender algunos casos y cuestiones de los representados.<\/p>\n\n\n\n<p><strong>\u00bfEl primer contacto con tus clientes?<\/strong><\/p>\n\n\n\n<p>Siempre digo las cosas tal cual son, a quien sea. Me caracterizo por decir la verdad. No miento. A mi cliente le digo la verdad desde el primer momento. No juego con la libertad de la persona sabiendo que no puede hacer nada y su \u00fanico anhelo es obtenerla.<\/p>\n\n\n\n<p>Siempre les digo lo mismo: \u201cNo me mientan y conf\u00eden en m\u00ed. Si me mienten, no puedo ayudarlos\u201d. Me doy cuenta cuando me mienten. El 90% de los detenidos mienten. Cuentan la verdad a medias y con las pruebas se pisan solos. Ante la Justicia, la \u00fanica verdad es la del expediente, aunque tengan raz\u00f3n.<\/p>\n\n\n\n<p>La libertad no tiene precio, despu\u00e9s de la vida. De qu\u00e9 sirve ser multimillonario si no lo pod\u00e9s gastar. \u00bfVale la pena?<\/p>\n\n\n\n<p><strong>\u00bfQu\u00e9 no toler\u00e1s?<\/strong><\/p>\n\n\n\n<p>Escuchar que me expliquen derecho. Por lo general es un colega quien lo hace y siempre les digo, \u201cNo me importa el derecho, yo lo conozco\u201d. Hay que hablar de los hechos, no de la raz\u00f3n individual. Por otro lado, no tolero la gente que cambia su posici\u00f3n.<\/p>\n\n\n\n<p><\/p>\n\n\n\n<figure class=\"wp-block-pullquote\"><blockquote><p><strong>La mediatizaci\u00f3n de las causas judiciales no es buena. Se pierde la imparcialidad por parte de todos<\/strong><\/p><\/blockquote><\/figure>\n\n\n\n<p><\/p>\n\n\n\n<p><strong>\u00bfNuestras leyes est\u00e1n acordes?<\/strong><\/p>\n\n\n\n<p>Argentina tiene un c\u00f3digo de 1921, merece una reforma. Tiene desproporcionalidad en las penas. Por enviar un video de pedofilia la condena tiene pena de 4 a 12 a\u00f1os y, alguien que manosea a una persona tiene una pena de 6 meses a 4 a\u00f1os. Se necesita razonabilidad en las penas y una reforma general.<\/p>\n\n\n\n<p><strong>\u00bfLa c\u00e1rcel sirve para resocializar?<\/strong><\/p>\n\n\n\n<p>S\u00ed, si el reo quiere y el estado le brinda los medios para hacerlo. El estado no los tiene, entonces hay una contradicci\u00f3n en las leyes, el sistema da oportunidades de manera muy escasa y la c\u00e1rcel en nuestro ordenamiento jur\u00eddico deber\u00eda cumplir la funci\u00f3n de resocializar a los privados de su libertad para que al salir puedan reinsertarse.<\/p>\n\n\n\n<p><\/p>\n\n\n\n<figure class=\"wp-block-image size-full\"><img data-recalc-dims=\"1\" decoding=\"async\" width=\"1000\" height=\"667\" src=\"https:\/\/i0.wp.com\/elregionalvm.com.ar\/noticias-villa-maria\/wp-content\/uploads\/2023\/04\/Marcelo-Silvano-3.jpg?resize=1000%2C667&#038;ssl=1\" alt=\"\" class=\"wp-image-74132\" srcset=\"https:\/\/i0.wp.com\/elregionalvm.com.ar\/noticias-villa-maria\/wp-content\/uploads\/2023\/04\/Marcelo-Silvano-3.jpg?w=1000&amp;ssl=1 1000w, https:\/\/i0.wp.com\/elregionalvm.com.ar\/noticias-villa-maria\/wp-content\/uploads\/2023\/04\/Marcelo-Silvano-3.jpg?resize=300%2C200&amp;ssl=1 300w, https:\/\/i0.wp.com\/elregionalvm.com.ar\/noticias-villa-maria\/wp-content\/uploads\/2023\/04\/Marcelo-Silvano-3.jpg?resize=768%2C512&amp;ssl=1 768w\" sizes=\"(max-width: 1000px) 100vw, 1000px\" \/><\/figure>\n\n\n\n<p><\/p>\n\n\n\n<p><strong>Tu opini\u00f3n de Fernando Burlando\u2026<\/strong><\/p>\n\n\n\n<p>En su momento, fue un gran abogado. En lo personal me pareci\u00f3 feo que leyera el alegato del caso de B\u00e1ez Sosa, en el alegato uno explica c\u00f3mo ves las pruebas, pod\u00e9s leer doctrina en todo caso, pero, si ten\u00e9s conocimiento del caso desde el principio, lo conoc\u00e9s de memoria y no hace falta leerlo. No s\u00e9 si es el mejor, puede estar entre los mejores 50, en Buenos Aires hay excelentes abogados, solo que no son medi\u00e1ticos.&nbsp;<\/p>\n\n\n\n<p><strong>\u00bfC\u00f3mo vez la mediatizaci\u00f3n de los casos jur\u00eddicos?<\/strong><\/p>\n\n\n\n<p>No es buena. Se pierde la imparcialidad por parte de todos, de los abogados, los fiscales, el jurado y la sociedad.&nbsp;<\/p>\n\n\n\n<p><strong>\u00bfAlg\u00fan profesor que te haya marcado cuando cursabas abogac\u00eda?<\/strong><\/p>\n\n\n\n<p>Nada en particular. Tuve excelentes profesores. Me llamo la atenci\u00f3n el Dr. Oscar Roger, me daba Derecho Penal 2, \u00e9l impon\u00eda su presencia de una manera magistral.<\/p>\n\n\n\n<p>(Se desempe\u00f1\u00f3 como&nbsp;Procurador General de la Naci\u00f3n&nbsp;designado por&nbsp;Carlos Sa\u00fal Menem&nbsp;entre 1989 y 1991. Conoci\u00f3 a Menem cuando este era alumno de abogac\u00eda, habi\u00e9ndolo defendido cuando este abandon\u00f3 la presidencia. \u200b Fue convencional constituyente para la reforma constitucional de C\u00f3rdoba en 1987 y Fiscal General de C\u00f3rdoba. Se desempe\u00f1\u00f3 como Embajador argentino en Grecia).<\/p>\n\n\n\n<p><strong>\u00bfL\u00e1piz y papel o computadora?<\/strong><\/p>\n\n\n\n<p>Computadora.<\/p>\n\n\n\n<p><strong>\u00bfGuard\u00e1s alguna foto en tu billetera?<\/strong><\/p>\n\n\n\n<p>Tengo una foto de Felipe de cuando era chiquito. Me gust\u00f3, la guarde una vez y ah\u00ed qued\u00f3.<\/p>\n\n\n\n<p><\/p>\n\n\n\n<figure class=\"wp-block-pullquote\"><blockquote><p><strong>El \u00e9xito es una mera satisfacci\u00f3n de un momento determinado en el cual uno se siente feliz y dura muy poco.<\/strong><\/p><\/blockquote><\/figure>\n\n\n\n<p><\/p>\n\n\n\n<p><strong>\u00bfQu\u00e9 admirabas de tu pap\u00e1?<\/strong><\/p>\n\n\n\n<p>La memoria y la inteligencia, recordaba hasta los detalles m\u00e1s m\u00ednimos, y su honestidad. Adem\u00e1s de ser un gran abogado, hizo pol\u00edtica y nunca toc\u00f3 un peso. \u00c9l cre\u00eda que en la funci\u00f3n p\u00fablica hab\u00eda que poner plata, no sacarle al estado y ser oportunista. Eso le trajo muchas decepciones.<\/p>\n\n\n\n<p>Naci\u00f3 en Etruria, conoci\u00f3 a mi mam\u00e1, se cas\u00f3 y se vino a vivir a Villa Mar\u00eda. Fue asesor letrado en Villa Nueva, en La Playosa y en muchas localidades ad honorem. En cuanto a la administraci\u00f3n provincial fue secretario General de Coordinaci\u00f3n y Programaci\u00f3n en C\u00f3rdoba. (Lo que hoy ser\u00eda Ministerio de Coordinaci\u00f3n General).<\/p>\n\n\n\n<p>\u00c9l integraba el gabinete de ministros que, en ese tiempo estaba constituido por el Gobernador, tres ministros, el Fiscal de Estado y el Secretario General de Coordinaci\u00f3n.<\/p>\n\n\n\n<p><\/p>\n\n\n\n<figure class=\"wp-block-image size-large\"><img data-recalc-dims=\"1\" decoding=\"async\" width=\"1024\" height=\"683\" src=\"https:\/\/i0.wp.com\/elregionalvm.com.ar\/noticias-villa-maria\/wp-content\/uploads\/2023\/04\/Marcelo-Silvano-5.jpg?resize=1024%2C683&#038;ssl=1\" alt=\"\" class=\"wp-image-74130\" srcset=\"https:\/\/i0.wp.com\/elregionalvm.com.ar\/noticias-villa-maria\/wp-content\/uploads\/2023\/04\/Marcelo-Silvano-5-scaled.jpg?resize=1024%2C683&amp;ssl=1 1024w, https:\/\/i0.wp.com\/elregionalvm.com.ar\/noticias-villa-maria\/wp-content\/uploads\/2023\/04\/Marcelo-Silvano-5-scaled.jpg?resize=300%2C200&amp;ssl=1 300w, https:\/\/i0.wp.com\/elregionalvm.com.ar\/noticias-villa-maria\/wp-content\/uploads\/2023\/04\/Marcelo-Silvano-5-scaled.jpg?resize=768%2C512&amp;ssl=1 768w, https:\/\/i0.wp.com\/elregionalvm.com.ar\/noticias-villa-maria\/wp-content\/uploads\/2023\/04\/Marcelo-Silvano-5-scaled.jpg?resize=1536%2C1024&amp;ssl=1 1536w, https:\/\/i0.wp.com\/elregionalvm.com.ar\/noticias-villa-maria\/wp-content\/uploads\/2023\/04\/Marcelo-Silvano-5-scaled.jpg?resize=2048%2C1365&amp;ssl=1 2048w\" sizes=\"(max-width: 1000px) 100vw, 1000px\" \/><\/figure>\n\n\n\n<p><\/p>\n\n\n\n<p><strong>\u00bfQu\u00e9 es el \u00e9xito?<\/strong><\/p>\n\n\n\n<p>Es una mera satisfacci\u00f3n de un momento determinado en el cual uno se siente feliz y dura muy poco.<\/p>\n\n\n\n<p><strong>\u00bfAlgunas vacaciones inolvidables por algo en particular?<\/strong><\/p>\n\n\n\n<p>Cada viaje tienes sus particularidades, pero, todos fueros siempre lindos. Ir a Pampayasta con plata en el bolsillo, estar al divino bot\u00f3n y comer un asado a orillas del r\u00edo, vale la pena igual que hacerlo en otro rinc\u00f3n del mundo. Es tu estado de \u00e1nimo el que te hace disfrutar. No es el lugar, sino la posibilidad de estar tranquilo.<\/p>\n\n\n\n<p>Existen las vacaciones y las vacaciones del boludo. Me quedo con las dos y ambas se disfrutan de alg\u00fan modo, pero, hay que saberlas diferenciar. Las primeras son las que recorr\u00e9s y apreci\u00e1s cada lugar, cada detalle, te nutr\u00eds de su historia. Las segundas son las que en 10 d\u00edas recorres 432 iglesias, 15 parques, posas para las fotos en los lugares emblem\u00e1ticos y, te dejan lo superfluo. No adquir\u00eds conocimiento real de sus or\u00edgenes, museos, lo que te permite conocer realmente una cultura diferente. Adem\u00e1s, volv\u00e9s m\u00e1s cansado de c\u00f3mo te fuiste.<\/p>\n\n\n\n<p><\/p>\n\n\n\n<figure class=\"wp-block-pullquote\"><blockquote><p><strong>A veces, es m\u00e1s dif\u00edcil abordar temas religiosos que pol\u00edticos<\/strong><\/p><\/blockquote><\/figure>\n\n\n\n<p><\/p>\n\n\n\n<p><strong>\u00bfDe pol\u00edtica y religi\u00f3n se habla?<\/strong><\/p>\n\n\n\n<p>De pol\u00edtica se puede hablar si los que hablan no tratan de imponer su posici\u00f3n. En general, se puede dialogar y debatir si toc\u00e1s temas generales como la pol\u00edtica educativa, la econ\u00f3mica, la de exterior, la de obras p\u00fablicas.<\/p>\n\n\n\n<p>En cuanto a religi\u00f3n soy cat\u00f3lico apost\u00f3lico romano, mi gu\u00eda espiritual se llama Francisco, pero, no puedo decir lo que quiero porque el estado me ha privado de mi derecho a la libertad de expresi\u00f3n. Si digo lo que siento y pienso, me se\u00f1alan. Me coarta la libertad, inclusive para ejercer la profesi\u00f3n de abogado.<\/p>\n\n\n\n<p>A veces, es m\u00e1s dif\u00edcil abordar temas religiosos que pol\u00edticos.<\/p>\n\n\n\n<p><strong>\u00bfPel\u00edcula o documental?<\/strong><\/p>\n\n\n\n<p>Los dos. Las pel\u00edculas, principalmente, las que no me hagan pensar. Y documental, depende\u2026<\/p>\n\n\n\n<p><strong>\u00bfEn qu\u00e9 contexto llega la propuesta para trabajar en la gesti\u00f3n p\u00fablica de Villa Nueva?<\/strong><\/p>\n\n\n\n<p>Soy peronista y vot\u00e9 a Graglia porque consider\u00e9 que era la mejor opci\u00f3n y no me equivoqu\u00e9. La ciudad creci\u00f3 much\u00edsimo en los \u00faltimos siete a\u00f1os. Adem\u00e1s, mucho se dec\u00eda de \u00e9l, pero, todo sin fundamento.<\/p>\n\n\n\n<p>Natalio me invit\u00f3 un caf\u00e9 y me ofreci\u00f3 ser secretario Legal y T\u00e9cnico. \u00c9l quer\u00eda poner una persona con mis caracter\u00edsticas para llevar adelante su gesti\u00f3n. Habl\u00e9 con mi familia y lo aceptaron. Eso es muy importante. Si bien mi funci\u00f3n es t\u00e9cnica como abogado, tambi\u00e9n roza la pol\u00edtica y eso involucra de manera colateral a la familia.<\/p>\n\n\n\n<p>Me llamaron para ser secretario Legal y T\u00e9cnico, luego me nombraron Asesor Letrado.<\/p>\n\n\n\n<p><strong>\u00bfTrabajar\u00edas en la funci\u00f3n p\u00fablica con un cargo pol\u00edtico no jur\u00eddico?<\/strong><\/p>\n\n\n\n<p>No me interesa tener cargos de funcionario en la pol\u00edtica.<\/p>\n\n\n\n<p><\/p>\n\n\n\n<figure class=\"wp-block-image size-full\"><img data-recalc-dims=\"1\" loading=\"lazy\" decoding=\"async\" width=\"1000\" height=\"667\" src=\"https:\/\/i0.wp.com\/elregionalvm.com.ar\/noticias-villa-maria\/wp-content\/uploads\/2023\/04\/Marcelo-Silvano-4.jpg?resize=1000%2C667&#038;ssl=1\" alt=\"\" class=\"wp-image-74131\" srcset=\"https:\/\/i0.wp.com\/elregionalvm.com.ar\/noticias-villa-maria\/wp-content\/uploads\/2023\/04\/Marcelo-Silvano-4.jpg?w=1000&amp;ssl=1 1000w, https:\/\/i0.wp.com\/elregionalvm.com.ar\/noticias-villa-maria\/wp-content\/uploads\/2023\/04\/Marcelo-Silvano-4.jpg?resize=300%2C200&amp;ssl=1 300w, https:\/\/i0.wp.com\/elregionalvm.com.ar\/noticias-villa-maria\/wp-content\/uploads\/2023\/04\/Marcelo-Silvano-4.jpg?resize=768%2C512&amp;ssl=1 768w\" sizes=\"(max-width: 1000px) 100vw, 1000px\" \/><\/figure>\n\n\n\n<p><\/p>\n\n\n\n<p><strong>Un fil\u00f3sofo\u2026<\/strong><\/p>\n\n\n\n<p>Immanuel Kant, fue una eminencia en su momento en cuanto al \u201cdeber ser\u201d, al contrario de Heggel con su teor\u00eda de \u201cel ser\u201d.<\/p>\n\n\n\n<p><strong>Una canci\u00f3n<\/strong><\/p>\n\n\n\n<p>Ninguna en particular.<\/p>\n\n\n\n<p><strong>Una asignatura pendiente<\/strong><\/p>\n\n\n\n<p>No tengo. Estoy contento con mi vida, hice y hago todo lo que quiero. Pude ingresar al poder judicial, me lo ofrecieron hace unos a\u00f1os, sin embargo, no me interes\u00f3. La libertad no tiene precio. &nbsp;<\/p>\n\n\n\n<p><strong>\u00bfSos orgulloso?<\/strong><\/p>\n\n\n\n<p>S\u00ed.<\/p>\n\n\n\n<p><strong>\u00bfLa justicia es\u2026?<\/strong><\/p>\n\n\n\n<p>Tratar de ver que haya una composici\u00f3n de intereses en la que todas las partes salgan beneficiadas. Pedir 80 a\u00f1os no es justicia, es venganza pura.<\/p>\n\n\n\n<p>Como dijo Kelsen, la justicia es un mero ideal. \u201cNo vayas a buscar nunca eso que quer\u00e9s de justicia al palacio de tribunales, porque probablemente no lo vas a encontrar\u201d.\u00a0<\/p>\n\n\n\n<p><\/p>\n\n\n\n<p><\/p>\n\n\n\n<p><\/p>\n\n\n\n<h3 class=\"wp-block-heading\"><strong>Tambi\u00e9n pod\u00e9s ver:<\/strong><\/h3>\n\n\n\n<p><\/p>\n\n\n\n<figure class=\"wp-block-embed is-type-wp-embed is-provider-el-regional wp-block-embed-el-regional\"><div class=\"wp-block-embed__wrapper\">\n<blockquote class=\"wp-embedded-content\" data-secret=\"CCc6VpkGcy\"><a href=\"https:\/\/elregionalvm.com.ar\/noticias-villa-maria\/desde-adentro-dario-capitani-el-municipio-debe-ser-un-polo-productivo-de-oportunidades-no-un-prestador-de-servicios-mediocre\/\">[Desde Adentro] Dar\u00edo Capitani: \u201cEl municipio debe ser un polo productivo de oportunidades, no un prestador de servicios mediocre\u201d<\/a><\/blockquote><iframe class=\"wp-embedded-content\" sandbox=\"allow-scripts\" security=\"restricted\" style=\"position: absolute; clip: rect(1px, 1px, 1px, 1px);\" title=\"\u00ab[Desde Adentro] Dar\u00edo Capitani: \u201cEl municipio debe ser un polo productivo de oportunidades, no un prestador de servicios mediocre\u201d\u00bb \u2014 El Regional\" src=\"https:\/\/elregionalvm.com.ar\/noticias-villa-maria\/desde-adentro-dario-capitani-el-municipio-debe-ser-un-polo-productivo-de-oportunidades-no-un-prestador-de-servicios-mediocre\/embed\/#?secret=bxIQB1cNo3#?secret=CCc6VpkGcy\" data-secret=\"CCc6VpkGcy\" width=\"500\" height=\"282\" frameborder=\"0\" marginwidth=\"0\" marginheight=\"0\" scrolling=\"no\"><\/iframe>\n<\/div><\/figure>\n","protected":false},"excerpt":{"rendered":"<p>Mientras espera a ser entrevistado, toma un expediente y empieza a recorrerlo r\u00e1pidamente. En un momento se detiene y lanza una sonrisa, levanta la mirada y desliza: \u201cCuando se me escapa la sonrisa es porque encontr\u00e9 algo interesante\u201d. Macelo Jos\u00e9 Mart\u00edn Silvano (58 a\u00f1os) tiene 3 hijos, de los cuales, los dos mayores integran parte [&hellip;]<\/p>\n","protected":false},"author":6,"featured_media":74128,"comment_status":"open","ping_status":"open","sticky":false,"template":"","format":"standard","meta":{"site-sidebar-layout":"default","site-content-layout":"","ast-site-content-layout":"default","site-content-style":"default","site-sidebar-style":"default","ast-global-header-display":"","ast-banner-title-visibility":"","ast-main-header-display":"","ast-hfb-above-header-display":"","ast-hfb-below-header-display":"","ast-hfb-mobile-header-display":"","site-post-title":"","ast-breadcrumbs-content":"","ast-featured-img":"","footer-sml-layout":"","ast-disable-related-posts":"","theme-transparent-header-meta":"","adv-header-id-meta":"","stick-header-meta":"","header-above-stick-meta":"","header-main-stick-meta":"","header-below-stick-meta":"","astra-migrate-meta-layouts":"default","ast-page-background-enabled":"default","ast-page-background-meta":{"desktop":{"background-color":"","background-image":"","background-repeat":"repeat","background-position":"center center","background-size":"auto","background-attachment":"scroll","background-type":"","background-media":"","overlay-type":"","overlay-color":"","overlay-opacity":"","overlay-gradient":""},"tablet":{"background-color":"","background-image":"","background-repeat":"repeat","background-position":"center center","background-size":"auto","background-attachment":"scroll","background-type":"","background-media":"","overlay-type":"","overlay-color":"","overlay-opacity":"","overlay-gradient":""},"mobile":{"background-color":"","background-image":"","background-repeat":"repeat","background-position":"center center","background-size":"auto","background-attachment":"scroll","background-type":"","background-media":"","overlay-type":"","overlay-color":"","overlay-opacity":"","overlay-gradient":""}},"ast-content-background-meta":{"desktop":{"background-color":"var(--ast-global-color-5)","background-image":"","background-repeat":"repeat","background-position":"center center","background-size":"auto","background-attachment":"scroll","background-type":"","background-media":"","overlay-type":"","overlay-color":"","overlay-opacity":"","overlay-gradient":""},"tablet":{"background-color":"var(--ast-global-color-5)","background-image":"","background-repeat":"repeat","background-position":"center center","background-size":"auto","background-attachment":"scroll","background-type":"","background-media":"","overlay-type":"","overlay-color":"","overlay-opacity":"","overlay-gradient":""},"mobile":{"background-color":"var(--ast-global-color-5)","background-image":"","background-repeat":"repeat","background-position":"center center","background-size":"auto","background-attachment":"scroll","background-type":"","background-media":"","overlay-type":"","overlay-color":"","overlay-opacity":"","overlay-gradient":""}},"_jetpack_memberships_contains_paid_content":false,"_joinchat":[],"footnotes":""},"categories":[2098,3557,2],"tags":[150,22005,21332,688,99,12367,1097,3390,7480,277,103],"class_list":["post-74126","post","type-post","status-publish","format-standard","has-post-thumbnail","hentry","category-historias","category-tercera","category-villa-maria","tag-carcel","tag-derecho-penal","tag-desde-adentro","tag-entrevista","tag-justicia","tag-leyes","tag-libertad","tag-marcelo-silvano","tag-poder-judicial","tag-tribunales","tag-vida"],"yoast_head":"<!-- This site is optimized with the Yoast SEO plugin v26.8 - https:\/\/yoast.com\/product\/yoast-seo-wordpress\/ -->\n<title>[Desde Adentro] Marcelo Silvano: \u201cNo me interesa tener cargos de funcionario en la pol\u00edtica\u201d - El Regional<\/title>\n<meta name=\"robots\" content=\"index, follow, max-snippet:-1, max-image-preview:large, max-video-preview:-1\" \/>\n<link rel=\"canonical\" href=\"http:\/\/elregionalvm.com.ar\/noticias-villa-maria\/desde-adentro-marcelo-silvano-no-me-interesa-tener-cargos-de-funcionario-en-la-politica\/\" \/>\n<meta property=\"og:locale\" content=\"es_ES\" \/>\n<meta property=\"og:type\" content=\"article\" \/>\n<meta property=\"og:title\" content=\"[Desde Adentro] Marcelo Silvano: \u201cNo me interesa tener cargos de funcionario en la pol\u00edtica\u201d - El Regional\" \/>\n<meta property=\"og:description\" content=\"Mientras espera a ser entrevistado, toma un expediente y empieza a recorrerlo r\u00e1pidamente. En un momento se detiene y lanza una sonrisa, levanta la mirada y desliza: \u201cCuando se me escapa la sonrisa es porque encontr\u00e9 algo interesante\u201d. Macelo Jos\u00e9 Mart\u00edn Silvano (58 a\u00f1os) tiene 3 hijos, de los cuales, los dos mayores integran parte [&hellip;]\" \/>\n<meta property=\"og:url\" content=\"http:\/\/elregionalvm.com.ar\/noticias-villa-maria\/desde-adentro-marcelo-silvano-no-me-interesa-tener-cargos-de-funcionario-en-la-politica\/\" \/>\n<meta property=\"og:site_name\" content=\"El Regional\" \/>\n<meta property=\"article:publisher\" content=\"https:\/\/www.facebook.com\/elregionalvm\" \/>\n<meta property=\"article:published_time\" content=\"2023-04-03T01:39:28+00:00\" \/>\n<meta property=\"article:modified_time\" content=\"2023-04-06T03:27:46+00:00\" \/>\n<meta property=\"og:image\" content=\"http:\/\/elregionalvm.com.ar\/noticias-villa-maria\/wp-content\/uploads\/2023\/04\/Marcelo-Silvano.jpg\" \/>\n\t<meta property=\"og:image:width\" content=\"1200\" \/>\n\t<meta property=\"og:image:height\" content=\"800\" \/>\n\t<meta property=\"og:image:type\" content=\"image\/jpeg\" \/>\n<meta name=\"author\" content=\"Germ\u00e1n Giacchero\" \/>\n<meta name=\"twitter:card\" content=\"summary_large_image\" \/>\n<meta name=\"twitter:creator\" content=\"@elregionalvm1\" \/>\n<meta name=\"twitter:site\" content=\"@elregionalvm1\" \/>\n<meta name=\"twitter:label1\" content=\"Escrito por\" \/>\n\t<meta name=\"twitter:data1\" content=\"Germ\u00e1n Giacchero\" \/>\n\t<meta name=\"twitter:label2\" content=\"Tiempo de lectura\" \/>\n\t<meta name=\"twitter:data2\" content=\"10 minutos\" \/>\n<script type=\"application\/ld+json\" class=\"yoast-schema-graph\">{\"@context\":\"https:\/\/schema.org\",\"@graph\":[{\"@type\":\"Article\",\"@id\":\"http:\/\/elregionalvm.com.ar\/noticias-villa-maria\/desde-adentro-marcelo-silvano-no-me-interesa-tener-cargos-de-funcionario-en-la-politica\/#article\",\"isPartOf\":{\"@id\":\"http:\/\/elregionalvm.com.ar\/noticias-villa-maria\/desde-adentro-marcelo-silvano-no-me-interesa-tener-cargos-de-funcionario-en-la-politica\/\"},\"author\":{\"name\":\"Germ\u00e1n Giacchero\",\"@id\":\"http:\/\/elregionalvm.com.ar\/noticias-villa-maria\/#\/schema\/person\/d5e4b04966154131701e52c45d3efec9\"},\"headline\":\"[Desde Adentro] Marcelo Silvano: \u201cNo me interesa tener cargos de funcionario en la pol\u00edtica\u201d\",\"datePublished\":\"2023-04-03T01:39:28+00:00\",\"dateModified\":\"2023-04-06T03:27:46+00:00\",\"mainEntityOfPage\":{\"@id\":\"http:\/\/elregionalvm.com.ar\/noticias-villa-maria\/desde-adentro-marcelo-silvano-no-me-interesa-tener-cargos-de-funcionario-en-la-politica\/\"},\"wordCount\":2041,\"commentCount\":0,\"image\":{\"@id\":\"http:\/\/elregionalvm.com.ar\/noticias-villa-maria\/desde-adentro-marcelo-silvano-no-me-interesa-tener-cargos-de-funcionario-en-la-politica\/#primaryimage\"},\"thumbnailUrl\":\"https:\/\/i0.wp.com\/elregionalvm.com.ar\/noticias-villa-maria\/wp-content\/uploads\/2023\/04\/Marcelo-Silvano.jpg?fit=1200%2C800&ssl=1\",\"keywords\":[\"c\u00e1rcel\",\"derecho penal\",\"Desde Adentro\",\"Entrevista\",\"Justicia\",\"leyes\",\"Libertad\",\"Marcelo Silvano\",\"Poder Judicial\",\"tribunales\",\"vida\"],\"articleSection\":[\"Historias\",\"tercera\",\"Villa Mar\u00eda\"],\"inLanguage\":\"es\",\"potentialAction\":[{\"@type\":\"CommentAction\",\"name\":\"Comment\",\"target\":[\"http:\/\/elregionalvm.com.ar\/noticias-villa-maria\/desde-adentro-marcelo-silvano-no-me-interesa-tener-cargos-de-funcionario-en-la-politica\/#respond\"]}]},{\"@type\":\"WebPage\",\"@id\":\"http:\/\/elregionalvm.com.ar\/noticias-villa-maria\/desde-adentro-marcelo-silvano-no-me-interesa-tener-cargos-de-funcionario-en-la-politica\/\",\"url\":\"http:\/\/elregionalvm.com.ar\/noticias-villa-maria\/desde-adentro-marcelo-silvano-no-me-interesa-tener-cargos-de-funcionario-en-la-politica\/\",\"name\":\"[Desde Adentro] Marcelo Silvano: \u201cNo me interesa tener cargos de funcionario en la pol\u00edtica\u201d - El Regional\",\"isPartOf\":{\"@id\":\"http:\/\/elregionalvm.com.ar\/noticias-villa-maria\/#website\"},\"primaryImageOfPage\":{\"@id\":\"http:\/\/elregionalvm.com.ar\/noticias-villa-maria\/desde-adentro-marcelo-silvano-no-me-interesa-tener-cargos-de-funcionario-en-la-politica\/#primaryimage\"},\"image\":{\"@id\":\"http:\/\/elregionalvm.com.ar\/noticias-villa-maria\/desde-adentro-marcelo-silvano-no-me-interesa-tener-cargos-de-funcionario-en-la-politica\/#primaryimage\"},\"thumbnailUrl\":\"https:\/\/i0.wp.com\/elregionalvm.com.ar\/noticias-villa-maria\/wp-content\/uploads\/2023\/04\/Marcelo-Silvano.jpg?fit=1200%2C800&ssl=1\",\"datePublished\":\"2023-04-03T01:39:28+00:00\",\"dateModified\":\"2023-04-06T03:27:46+00:00\",\"author\":{\"@id\":\"http:\/\/elregionalvm.com.ar\/noticias-villa-maria\/#\/schema\/person\/d5e4b04966154131701e52c45d3efec9\"},\"breadcrumb\":{\"@id\":\"http:\/\/elregionalvm.com.ar\/noticias-villa-maria\/desde-adentro-marcelo-silvano-no-me-interesa-tener-cargos-de-funcionario-en-la-politica\/#breadcrumb\"},\"inLanguage\":\"es\",\"potentialAction\":[{\"@type\":\"ReadAction\",\"target\":[\"http:\/\/elregionalvm.com.ar\/noticias-villa-maria\/desde-adentro-marcelo-silvano-no-me-interesa-tener-cargos-de-funcionario-en-la-politica\/\"]}]},{\"@type\":\"ImageObject\",\"inLanguage\":\"es\",\"@id\":\"http:\/\/elregionalvm.com.ar\/noticias-villa-maria\/desde-adentro-marcelo-silvano-no-me-interesa-tener-cargos-de-funcionario-en-la-politica\/#primaryimage\",\"url\":\"https:\/\/i0.wp.com\/elregionalvm.com.ar\/noticias-villa-maria\/wp-content\/uploads\/2023\/04\/Marcelo-Silvano.jpg?fit=1200%2C800&ssl=1\",\"contentUrl\":\"https:\/\/i0.wp.com\/elregionalvm.com.ar\/noticias-villa-maria\/wp-content\/uploads\/2023\/04\/Marcelo-Silvano.jpg?fit=1200%2C800&ssl=1\",\"width\":1200,\"height\":800},{\"@type\":\"BreadcrumbList\",\"@id\":\"http:\/\/elregionalvm.com.ar\/noticias-villa-maria\/desde-adentro-marcelo-silvano-no-me-interesa-tener-cargos-de-funcionario-en-la-politica\/#breadcrumb\",\"itemListElement\":[{\"@type\":\"ListItem\",\"position\":1,\"name\":\"Portada\",\"item\":\"https:\/\/elregionalvm.com.ar\/noticias-villa-maria\/\"},{\"@type\":\"ListItem\",\"position\":2,\"name\":\"[Desde Adentro] Marcelo Silvano: \u201cNo me interesa tener cargos de funcionario en la pol\u00edtica\u201d\"}]},{\"@type\":\"WebSite\",\"@id\":\"http:\/\/elregionalvm.com.ar\/noticias-villa-maria\/#website\",\"url\":\"http:\/\/elregionalvm.com.ar\/noticias-villa-maria\/\",\"name\":\"El Regional\",\"description\":\"Mucho m\u00e1s que informaci\u00f3n\",\"potentialAction\":[{\"@type\":\"SearchAction\",\"target\":{\"@type\":\"EntryPoint\",\"urlTemplate\":\"http:\/\/elregionalvm.com.ar\/noticias-villa-maria\/?s={search_term_string}\"},\"query-input\":{\"@type\":\"PropertyValueSpecification\",\"valueRequired\":true,\"valueName\":\"search_term_string\"}}],\"inLanguage\":\"es\"},{\"@type\":\"Person\",\"@id\":\"http:\/\/elregionalvm.com.ar\/noticias-villa-maria\/#\/schema\/person\/d5e4b04966154131701e52c45d3efec9\",\"name\":\"Germ\u00e1n Giacchero\",\"image\":{\"@type\":\"ImageObject\",\"inLanguage\":\"es\",\"@id\":\"http:\/\/elregionalvm.com.ar\/noticias-villa-maria\/#\/schema\/person\/image\/\",\"url\":\"https:\/\/secure.gravatar.com\/avatar\/fda163ba5ef0307ee5be9846e10f83b6e83d0cfb260d3b2464830318894c6b04?s=96&d=mm&r=g\",\"contentUrl\":\"https:\/\/secure.gravatar.com\/avatar\/fda163ba5ef0307ee5be9846e10f83b6e83d0cfb260d3b2464830318894c6b04?s=96&d=mm&r=g\",\"caption\":\"Germ\u00e1n Giacchero\"},\"url\":\"https:\/\/elregionalvm.com.ar\/noticias-villa-maria\/author\/germangiacchero\/\"}]}<\/script>\n<!-- \/ Yoast SEO plugin. -->","yoast_head_json":{"title":"[Desde Adentro] Marcelo Silvano: \u201cNo me interesa tener cargos de funcionario en la pol\u00edtica\u201d - El Regional","robots":{"index":"index","follow":"follow","max-snippet":"max-snippet:-1","max-image-preview":"max-image-preview:large","max-video-preview":"max-video-preview:-1"},"canonical":"http:\/\/elregionalvm.com.ar\/noticias-villa-maria\/desde-adentro-marcelo-silvano-no-me-interesa-tener-cargos-de-funcionario-en-la-politica\/","og_locale":"es_ES","og_type":"article","og_title":"[Desde Adentro] Marcelo Silvano: \u201cNo me interesa tener cargos de funcionario en la pol\u00edtica\u201d - El Regional","og_description":"Mientras espera a ser entrevistado, toma un expediente y empieza a recorrerlo r\u00e1pidamente. En un momento se detiene y lanza una sonrisa, levanta la mirada y desliza: \u201cCuando se me escapa la sonrisa es porque encontr\u00e9 algo interesante\u201d. Macelo Jos\u00e9 Mart\u00edn Silvano (58 a\u00f1os) tiene 3 hijos, de los cuales, los dos mayores integran parte [&hellip;]","og_url":"http:\/\/elregionalvm.com.ar\/noticias-villa-maria\/desde-adentro-marcelo-silvano-no-me-interesa-tener-cargos-de-funcionario-en-la-politica\/","og_site_name":"El Regional","article_publisher":"https:\/\/www.facebook.com\/elregionalvm","article_published_time":"2023-04-03T01:39:28+00:00","article_modified_time":"2023-04-06T03:27:46+00:00","og_image":[{"width":1200,"height":800,"url":"http:\/\/elregionalvm.com.ar\/noticias-villa-maria\/wp-content\/uploads\/2023\/04\/Marcelo-Silvano.jpg","type":"image\/jpeg"}],"author":"Germ\u00e1n Giacchero","twitter_card":"summary_large_image","twitter_creator":"@elregionalvm1","twitter_site":"@elregionalvm1","twitter_misc":{"Escrito por":"Germ\u00e1n Giacchero","Tiempo de lectura":"10 minutos"},"schema":{"@context":"https:\/\/schema.org","@graph":[{"@type":"Article","@id":"http:\/\/elregionalvm.com.ar\/noticias-villa-maria\/desde-adentro-marcelo-silvano-no-me-interesa-tener-cargos-de-funcionario-en-la-politica\/#article","isPartOf":{"@id":"http:\/\/elregionalvm.com.ar\/noticias-villa-maria\/desde-adentro-marcelo-silvano-no-me-interesa-tener-cargos-de-funcionario-en-la-politica\/"},"author":{"name":"Germ\u00e1n Giacchero","@id":"http:\/\/elregionalvm.com.ar\/noticias-villa-maria\/#\/schema\/person\/d5e4b04966154131701e52c45d3efec9"},"headline":"[Desde Adentro] Marcelo Silvano: \u201cNo me interesa tener cargos de funcionario en la pol\u00edtica\u201d","datePublished":"2023-04-03T01:39:28+00:00","dateModified":"2023-04-06T03:27:46+00:00","mainEntityOfPage":{"@id":"http:\/\/elregionalvm.com.ar\/noticias-villa-maria\/desde-adentro-marcelo-silvano-no-me-interesa-tener-cargos-de-funcionario-en-la-politica\/"},"wordCount":2041,"commentCount":0,"image":{"@id":"http:\/\/elregionalvm.com.ar\/noticias-villa-maria\/desde-adentro-marcelo-silvano-no-me-interesa-tener-cargos-de-funcionario-en-la-politica\/#primaryimage"},"thumbnailUrl":"https:\/\/i0.wp.com\/elregionalvm.com.ar\/noticias-villa-maria\/wp-content\/uploads\/2023\/04\/Marcelo-Silvano.jpg?fit=1200%2C800&ssl=1","keywords":["c\u00e1rcel","derecho penal","Desde Adentro","Entrevista","Justicia","leyes","Libertad","Marcelo Silvano","Poder Judicial","tribunales","vida"],"articleSection":["Historias","tercera","Villa Mar\u00eda"],"inLanguage":"es","potentialAction":[{"@type":"CommentAction","name":"Comment","target":["http:\/\/elregionalvm.com.ar\/noticias-villa-maria\/desde-adentro-marcelo-silvano-no-me-interesa-tener-cargos-de-funcionario-en-la-politica\/#respond"]}]},{"@type":"WebPage","@id":"http:\/\/elregionalvm.com.ar\/noticias-villa-maria\/desde-adentro-marcelo-silvano-no-me-interesa-tener-cargos-de-funcionario-en-la-politica\/","url":"http:\/\/elregionalvm.com.ar\/noticias-villa-maria\/desde-adentro-marcelo-silvano-no-me-interesa-tener-cargos-de-funcionario-en-la-politica\/","name":"[Desde Adentro] Marcelo Silvano: \u201cNo me interesa tener cargos de funcionario en la pol\u00edtica\u201d - El Regional","isPartOf":{"@id":"http:\/\/elregionalvm.com.ar\/noticias-villa-maria\/#website"},"primaryImageOfPage":{"@id":"http:\/\/elregionalvm.com.ar\/noticias-villa-maria\/desde-adentro-marcelo-silvano-no-me-interesa-tener-cargos-de-funcionario-en-la-politica\/#primaryimage"},"image":{"@id":"http:\/\/elregionalvm.com.ar\/noticias-villa-maria\/desde-adentro-marcelo-silvano-no-me-interesa-tener-cargos-de-funcionario-en-la-politica\/#primaryimage"},"thumbnailUrl":"https:\/\/i0.wp.com\/elregionalvm.com.ar\/noticias-villa-maria\/wp-content\/uploads\/2023\/04\/Marcelo-Silvano.jpg?fit=1200%2C800&ssl=1","datePublished":"2023-04-03T01:39:28+00:00","dateModified":"2023-04-06T03:27:46+00:00","author":{"@id":"http:\/\/elregionalvm.com.ar\/noticias-villa-maria\/#\/schema\/person\/d5e4b04966154131701e52c45d3efec9"},"breadcrumb":{"@id":"http:\/\/elregionalvm.com.ar\/noticias-villa-maria\/desde-adentro-marcelo-silvano-no-me-interesa-tener-cargos-de-funcionario-en-la-politica\/#breadcrumb"},"inLanguage":"es","potentialAction":[{"@type":"ReadAction","target":["http:\/\/elregionalvm.com.ar\/noticias-villa-maria\/desde-adentro-marcelo-silvano-no-me-interesa-tener-cargos-de-funcionario-en-la-politica\/"]}]},{"@type":"ImageObject","inLanguage":"es","@id":"http:\/\/elregionalvm.com.ar\/noticias-villa-maria\/desde-adentro-marcelo-silvano-no-me-interesa-tener-cargos-de-funcionario-en-la-politica\/#primaryimage","url":"https:\/\/i0.wp.com\/elregionalvm.com.ar\/noticias-villa-maria\/wp-content\/uploads\/2023\/04\/Marcelo-Silvano.jpg?fit=1200%2C800&ssl=1","contentUrl":"https:\/\/i0.wp.com\/elregionalvm.com.ar\/noticias-villa-maria\/wp-content\/uploads\/2023\/04\/Marcelo-Silvano.jpg?fit=1200%2C800&ssl=1","width":1200,"height":800},{"@type":"BreadcrumbList","@id":"http:\/\/elregionalvm.com.ar\/noticias-villa-maria\/desde-adentro-marcelo-silvano-no-me-interesa-tener-cargos-de-funcionario-en-la-politica\/#breadcrumb","itemListElement":[{"@type":"ListItem","position":1,"name":"Portada","item":"https:\/\/elregionalvm.com.ar\/noticias-villa-maria\/"},{"@type":"ListItem","position":2,"name":"[Desde Adentro] Marcelo Silvano: \u201cNo me interesa tener cargos de funcionario en la pol\u00edtica\u201d"}]},{"@type":"WebSite","@id":"http:\/\/elregionalvm.com.ar\/noticias-villa-maria\/#website","url":"http:\/\/elregionalvm.com.ar\/noticias-villa-maria\/","name":"El Regional","description":"Mucho m\u00e1s que informaci\u00f3n","potentialAction":[{"@type":"SearchAction","target":{"@type":"EntryPoint","urlTemplate":"http:\/\/elregionalvm.com.ar\/noticias-villa-maria\/?s={search_term_string}"},"query-input":{"@type":"PropertyValueSpecification","valueRequired":true,"valueName":"search_term_string"}}],"inLanguage":"es"},{"@type":"Person","@id":"http:\/\/elregionalvm.com.ar\/noticias-villa-maria\/#\/schema\/person\/d5e4b04966154131701e52c45d3efec9","name":"Germ\u00e1n Giacchero","image":{"@type":"ImageObject","inLanguage":"es","@id":"http:\/\/elregionalvm.com.ar\/noticias-villa-maria\/#\/schema\/person\/image\/","url":"https:\/\/secure.gravatar.com\/avatar\/fda163ba5ef0307ee5be9846e10f83b6e83d0cfb260d3b2464830318894c6b04?s=96&d=mm&r=g","contentUrl":"https:\/\/secure.gravatar.com\/avatar\/fda163ba5ef0307ee5be9846e10f83b6e83d0cfb260d3b2464830318894c6b04?s=96&d=mm&r=g","caption":"Germ\u00e1n Giacchero"},"url":"https:\/\/elregionalvm.com.ar\/noticias-villa-maria\/author\/germangiacchero\/"}]}},"jetpack_featured_media_url":"https:\/\/i0.wp.com\/elregionalvm.com.ar\/noticias-villa-maria\/wp-content\/uploads\/2023\/04\/Marcelo-Silvano.jpg?fit=1200%2C800&ssl=1","jetpack_sharing_enabled":true,"_links":{"self":[{"href":"https:\/\/elregionalvm.com.ar\/noticias-villa-maria\/wp-json\/wp\/v2\/posts\/74126","targetHints":{"allow":["GET"]}}],"collection":[{"href":"https:\/\/elregionalvm.com.ar\/noticias-villa-maria\/wp-json\/wp\/v2\/posts"}],"about":[{"href":"https:\/\/elregionalvm.com.ar\/noticias-villa-maria\/wp-json\/wp\/v2\/types\/post"}],"author":[{"embeddable":true,"href":"https:\/\/elregionalvm.com.ar\/noticias-villa-maria\/wp-json\/wp\/v2\/users\/6"}],"replies":[{"embeddable":true,"href":"https:\/\/elregionalvm.com.ar\/noticias-villa-maria\/wp-json\/wp\/v2\/comments?post=74126"}],"version-history":[{"count":2,"href":"https:\/\/elregionalvm.com.ar\/noticias-villa-maria\/wp-json\/wp\/v2\/posts\/74126\/revisions"}],"predecessor-version":[{"id":74134,"href":"https:\/\/elregionalvm.com.ar\/noticias-villa-maria\/wp-json\/wp\/v2\/posts\/74126\/revisions\/74134"}],"wp:featuredmedia":[{"embeddable":true,"href":"https:\/\/elregionalvm.com.ar\/noticias-villa-maria\/wp-json\/wp\/v2\/media\/74128"}],"wp:attachment":[{"href":"https:\/\/elregionalvm.com.ar\/noticias-villa-maria\/wp-json\/wp\/v2\/media?parent=74126"}],"wp:term":[{"taxonomy":"category","embeddable":true,"href":"https:\/\/elregionalvm.com.ar\/noticias-villa-maria\/wp-json\/wp\/v2\/categories?post=74126"},{"taxonomy":"post_tag","embeddable":true,"href":"https:\/\/elregionalvm.com.ar\/noticias-villa-maria\/wp-json\/wp\/v2\/tags?post=74126"}],"curies":[{"name":"wp","href":"https:\/\/api.w.org\/{rel}","templated":true}]}}