{"id":74141,"date":"2023-04-03T21:20:47","date_gmt":"2023-04-03T21:20:47","guid":{"rendered":"https:\/\/elregionalvm.com.ar\/noticias-villa-maria\/?p=74141"},"modified":"2023-04-03T21:20:48","modified_gmt":"2023-04-03T21:20:48","slug":"durante-marzo-se-aplicaron-1-688-dosis-en-la-campana-de-vacunacion-antirrabica","status":"publish","type":"post","link":"https:\/\/elregionalvm.com.ar\/noticias-villa-maria\/durante-marzo-se-aplicaron-1-688-dosis-en-la-campana-de-vacunacion-antirrabica\/","title":{"rendered":"Durante marzo se aplicaron 1.688 dosis en la Campa\u00f1a de Vacunaci\u00f3n Antirr\u00e1bica"},"content":{"rendered":"\n<p>La Campa\u00f1a de Vacunaci\u00f3n Antirr\u00e1bica avanza con resultados positivos, ya que durante marzo alcanz\u00f3 las 1.688 dosis aplicadas, entre caninos y felinos. <\/p>\n\n\n\n<p>La iniciativa se mantiene vigente hasta fines de abril con un perfil descentralizado y territorial, ya que el equipo de profesionales del Centro de Adopci\u00f3n Municipal (CAM) lleva adelante las inmunizaciones tanto en los MuniCerca como en los barrios con visitas a domicilio.<\/p>\n\n\n\n<p>La actividad es impulsada por el la Secretar\u00eda de Gobierno, Seguridad Ciudadana y Asuntos Legales, en coordinaci\u00f3n con su par de Inclusi\u00f3n Social y Territorio. <\/p>\n\n\n\n<p>Mediante el trabajo en territorio se busca promover el cuidado responsable de los animales dom\u00e9sticos, acercando a vecinos y vecinas de la ciudad la posibilidad de vacunar a sus mascotas de manera totalmente gratuita. <\/p>\n\n\n\n<p>Es importante aclarar que la inmunizaci\u00f3n contra la rabia se realiza en animales de m\u00e1s de tres meses de edad para recibir su dosis anual correspondiente.<\/p>\n\n\n\n<p>A partir de la propuesta, que comenz\u00f3 a mediados de marzo, el equipo del CAM realiz\u00f3 1.688 inmunizaciones, entre caninos y felinos. <\/p>\n\n\n\n<p>El mayor n\u00famero de inmunizaciones se alcanz\u00f3 en el MuniCerca 8 y en barrio Botta, alcanzando 193 y 151 dosis aplicadas, respectivamente.<\/p>\n\n\n\n<p>A los efectos de continuar con la campa\u00f1a de manera descentralizada, la estrategia seguir\u00e1 vigente durante abril bajo el siguiente esquema de d\u00edas y horarios, en los que vecinos y vecinas podr\u00e1n acercarse junto a sus mascotas:<\/p>\n\n\n\n<p>Recorridos barriales de 9:00 a 13:00 horas<br>Parque Norte: Lunes 3 de abril.<br>Sarmiento y Barrancas del R\u00edo: Martes 4 de abril.<br>Malvinas Argentinas: Mi\u00e9rcoles 5 de abril y lunes 10 de abril.<br>Industrial: Martes 11 de abril.<br>Rivadavia y Santa Ana: Mi\u00e9rcoles 12 de abril.<br>Centro: Jueves 13 de abril.<br>Industrial (zona del Mercado de Abasto): Viernes 14 de abril.<br>Los Olmos (Centro Vecinal): S\u00e1bado 15 de abril.<br>Sector Costanera frente a MuniCerca 5: S\u00e1bado 29 de abril.<\/p>\n\n\n\n<p>Es oportuno aclarar que los recorridos en barrio Las Playas, San Nicol\u00e1s y Nicol\u00e1s Avellaneda, se reprogramaron para el final de la campa\u00f1a, con fechas a confirmar, debido a que los d\u00edas en los que estaba previsto, las condiciones clim\u00e1ticas desfavorables no permitieron su normal desarrollo.<\/p>\n","protected":false},"excerpt":{"rendered":"<p>La Campa\u00f1a de Vacunaci\u00f3n Antirr\u00e1bica avanza con resultados positivos, ya que durante marzo alcanz\u00f3 las 1.688 dosis aplicadas, entre caninos y felinos. La iniciativa se mantiene vigente hasta fines de abril con un perfil descentralizado y territorial, ya que el equipo de profesionales del Centro de Adopci\u00f3n Municipal (CAM) lleva adelante las inmunizaciones tanto en [&hellip;]<\/p>\n","protected":false},"author":4,"featured_media":74142,"comment_status":"open","ping_status":"open","sticky":false,"template":"","format":"standard","meta":{"site-sidebar-layout":"default","site-content-layout":"","ast-site-content-layout":"default","site-content-style":"default","site-sidebar-style":"default","ast-global-header-display":"","ast-banner-title-visibility":"","ast-main-header-display":"","ast-hfb-above-header-display":"","ast-hfb-below-header-display":"","ast-hfb-mobile-header-display":"","site-post-title":"","ast-breadcrumbs-content":"","ast-featured-img":"","footer-sml-layout":"","ast-disable-related-posts":"","theme-transparent-header-meta":"","adv-header-id-meta":"","stick-header-meta":"","header-above-stick-meta":"","header-main-stick-meta":"","header-below-stick-meta":"","astra-migrate-meta-layouts":"default","ast-page-background-enabled":"default","ast-page-background-meta":{"desktop":{"background-color":"","background-image":"","background-repeat":"repeat","background-position":"center center","background-size":"auto","background-attachment":"scroll","background-type":"","background-media":"","overlay-type":"","overlay-color":"","overlay-opacity":"","overlay-gradient":""},"tablet":{"background-color":"","background-image":"","background-repeat":"repeat","background-position":"center center","background-size":"auto","background-attachment":"scroll","background-type":"","background-media":"","overlay-type":"","overlay-color":"","overlay-opacity":"","overlay-gradient":""},"mobile":{"background-color":"","background-image":"","background-repeat":"repeat","background-position":"center center","background-size":"auto","background-attachment":"scroll","background-type":"","background-media":"","overlay-type":"","overlay-color":"","overlay-opacity":"","overlay-gradient":""}},"ast-content-background-meta":{"desktop":{"background-color":"var(--ast-global-color-5)","background-image":"","background-repeat":"repeat","background-position":"center center","background-size":"auto","background-attachment":"scroll","background-type":"","background-media":"","overlay-type":"","overlay-color":"","overlay-opacity":"","overlay-gradient":""},"tablet":{"background-color":"var(--ast-global-color-5)","background-image":"","background-repeat":"repeat","background-position":"center center","background-size":"auto","background-attachment":"scroll","background-type":"","background-media":"","overlay-type":"","overlay-color":"","overlay-opacity":"","overlay-gradient":""},"mobile":{"background-color":"var(--ast-global-color-5)","background-image":"","background-repeat":"repeat","background-position":"center center","background-size":"auto","background-attachment":"scroll","background-type":"","background-media":"","overlay-type":"","overlay-color":"","overlay-opacity":"","overlay-gradient":""}},"_jetpack_memberships_contains_paid_content":false,"_joinchat":[],"footnotes":""},"categories":[15302,5,2],"tags":[],"class_list":["post-74141","post","type-post","status-publish","format-standard","has-post-thumbnail","hentry","category-destacado","category-sociedad","category-villa-maria"],"yoast_head":"<!-- This site is optimized with the Yoast SEO plugin v26.8 - https:\/\/yoast.com\/product\/yoast-seo-wordpress\/ -->\n<title>Durante marzo se aplicaron 1.688 dosis en la Campa\u00f1a de Vacunaci\u00f3n Antirr\u00e1bica - El Regional<\/title>\n<meta name=\"robots\" content=\"index, follow, max-snippet:-1, max-image-preview:large, max-video-preview:-1\" \/>\n<link rel=\"canonical\" href=\"http:\/\/elregionalvm.com.ar\/noticias-villa-maria\/durante-marzo-se-aplicaron-1-688-dosis-en-la-campana-de-vacunacion-antirrabica\/\" \/>\n<meta property=\"og:locale\" content=\"es_ES\" \/>\n<meta property=\"og:type\" content=\"article\" \/>\n<meta property=\"og:title\" content=\"Durante marzo se aplicaron 1.688 dosis en la Campa\u00f1a de Vacunaci\u00f3n Antirr\u00e1bica - El Regional\" \/>\n<meta property=\"og:description\" content=\"La Campa\u00f1a de Vacunaci\u00f3n Antirr\u00e1bica avanza con resultados positivos, ya que durante marzo alcanz\u00f3 las 1.688 dosis aplicadas, entre caninos y felinos. La iniciativa se mantiene vigente hasta fines de abril con un perfil descentralizado y territorial, ya que el equipo de profesionales del Centro de Adopci\u00f3n Municipal (CAM) lleva adelante las inmunizaciones tanto en [&hellip;]\" \/>\n<meta property=\"og:url\" content=\"http:\/\/elregionalvm.com.ar\/noticias-villa-maria\/durante-marzo-se-aplicaron-1-688-dosis-en-la-campana-de-vacunacion-antirrabica\/\" \/>\n<meta property=\"og:site_name\" content=\"El Regional\" \/>\n<meta property=\"article:publisher\" content=\"https:\/\/www.facebook.com\/elregionalvm\" \/>\n<meta property=\"article:published_time\" content=\"2023-04-03T21:20:47+00:00\" \/>\n<meta property=\"article:modified_time\" content=\"2023-04-03T21:20:48+00:00\" \/>\n<meta property=\"og:image\" content=\"http:\/\/elregionalvm.com.ar\/noticias-villa-maria\/wp-content\/uploads\/2023\/04\/WhatsApp-Image-2023-04-03-at-12.29.10.jpeg\" \/>\n\t<meta property=\"og:image:width\" content=\"1599\" \/>\n\t<meta property=\"og:image:height\" content=\"1066\" \/>\n\t<meta property=\"og:image:type\" content=\"image\/jpeg\" \/>\n<meta name=\"author\" content=\"Contenidos El Regional\" \/>\n<meta name=\"twitter:card\" content=\"summary_large_image\" \/>\n<meta name=\"twitter:creator\" content=\"@elregionalvm1\" \/>\n<meta name=\"twitter:site\" content=\"@elregionalvm1\" \/>\n<meta name=\"twitter:label1\" content=\"Escrito por\" \/>\n\t<meta name=\"twitter:data1\" content=\"Contenidos El Regional\" \/>\n\t<meta name=\"twitter:label2\" content=\"Tiempo de lectura\" \/>\n\t<meta name=\"twitter:data2\" content=\"2 minutos\" \/>\n<script type=\"application\/ld+json\" class=\"yoast-schema-graph\">{\"@context\":\"https:\/\/schema.org\",\"@graph\":[{\"@type\":\"Article\",\"@id\":\"http:\/\/elregionalvm.com.ar\/noticias-villa-maria\/durante-marzo-se-aplicaron-1-688-dosis-en-la-campana-de-vacunacion-antirrabica\/#article\",\"isPartOf\":{\"@id\":\"http:\/\/elregionalvm.com.ar\/noticias-villa-maria\/durante-marzo-se-aplicaron-1-688-dosis-en-la-campana-de-vacunacion-antirrabica\/\"},\"author\":{\"name\":\"Contenidos El Regional\",\"@id\":\"http:\/\/elregionalvm.com.ar\/noticias-villa-maria\/#\/schema\/person\/a0fb9c422317faca23d50163151bc354\"},\"headline\":\"Durante marzo se aplicaron 1.688 dosis en la Campa\u00f1a de Vacunaci\u00f3n Antirr\u00e1bica\",\"datePublished\":\"2023-04-03T21:20:47+00:00\",\"dateModified\":\"2023-04-03T21:20:48+00:00\",\"mainEntityOfPage\":{\"@id\":\"http:\/\/elregionalvm.com.ar\/noticias-villa-maria\/durante-marzo-se-aplicaron-1-688-dosis-en-la-campana-de-vacunacion-antirrabica\/\"},\"wordCount\":375,\"commentCount\":0,\"image\":{\"@id\":\"http:\/\/elregionalvm.com.ar\/noticias-villa-maria\/durante-marzo-se-aplicaron-1-688-dosis-en-la-campana-de-vacunacion-antirrabica\/#primaryimage\"},\"thumbnailUrl\":\"https:\/\/i0.wp.com\/elregionalvm.com.ar\/noticias-villa-maria\/wp-content\/uploads\/2023\/04\/WhatsApp-Image-2023-04-03-at-12.29.10.jpeg?fit=1599%2C1066&ssl=1\",\"articleSection\":[\"destacado\",\"Sociedad\",\"Villa Mar\u00eda\"],\"inLanguage\":\"es\",\"potentialAction\":[{\"@type\":\"CommentAction\",\"name\":\"Comment\",\"target\":[\"http:\/\/elregionalvm.com.ar\/noticias-villa-maria\/durante-marzo-se-aplicaron-1-688-dosis-en-la-campana-de-vacunacion-antirrabica\/#respond\"]}]},{\"@type\":\"WebPage\",\"@id\":\"http:\/\/elregionalvm.com.ar\/noticias-villa-maria\/durante-marzo-se-aplicaron-1-688-dosis-en-la-campana-de-vacunacion-antirrabica\/\",\"url\":\"http:\/\/elregionalvm.com.ar\/noticias-villa-maria\/durante-marzo-se-aplicaron-1-688-dosis-en-la-campana-de-vacunacion-antirrabica\/\",\"name\":\"Durante marzo se aplicaron 1.688 dosis en la Campa\u00f1a de Vacunaci\u00f3n Antirr\u00e1bica - El Regional\",\"isPartOf\":{\"@id\":\"http:\/\/elregionalvm.com.ar\/noticias-villa-maria\/#website\"},\"primaryImageOfPage\":{\"@id\":\"http:\/\/elregionalvm.com.ar\/noticias-villa-maria\/durante-marzo-se-aplicaron-1-688-dosis-en-la-campana-de-vacunacion-antirrabica\/#primaryimage\"},\"image\":{\"@id\":\"http:\/\/elregionalvm.com.ar\/noticias-villa-maria\/durante-marzo-se-aplicaron-1-688-dosis-en-la-campana-de-vacunacion-antirrabica\/#primaryimage\"},\"thumbnailUrl\":\"https:\/\/i0.wp.com\/elregionalvm.com.ar\/noticias-villa-maria\/wp-content\/uploads\/2023\/04\/WhatsApp-Image-2023-04-03-at-12.29.10.jpeg?fit=1599%2C1066&ssl=1\",\"datePublished\":\"2023-04-03T21:20:47+00:00\",\"dateModified\":\"2023-04-03T21:20:48+00:00\",\"author\":{\"@id\":\"http:\/\/elregionalvm.com.ar\/noticias-villa-maria\/#\/schema\/person\/a0fb9c422317faca23d50163151bc354\"},\"breadcrumb\":{\"@id\":\"http:\/\/elregionalvm.com.ar\/noticias-villa-maria\/durante-marzo-se-aplicaron-1-688-dosis-en-la-campana-de-vacunacion-antirrabica\/#breadcrumb\"},\"inLanguage\":\"es\",\"potentialAction\":[{\"@type\":\"ReadAction\",\"target\":[\"http:\/\/elregionalvm.com.ar\/noticias-villa-maria\/durante-marzo-se-aplicaron-1-688-dosis-en-la-campana-de-vacunacion-antirrabica\/\"]}]},{\"@type\":\"ImageObject\",\"inLanguage\":\"es\",\"@id\":\"http:\/\/elregionalvm.com.ar\/noticias-villa-maria\/durante-marzo-se-aplicaron-1-688-dosis-en-la-campana-de-vacunacion-antirrabica\/#primaryimage\",\"url\":\"https:\/\/i0.wp.com\/elregionalvm.com.ar\/noticias-villa-maria\/wp-content\/uploads\/2023\/04\/WhatsApp-Image-2023-04-03-at-12.29.10.jpeg?fit=1599%2C1066&ssl=1\",\"contentUrl\":\"https:\/\/i0.wp.com\/elregionalvm.com.ar\/noticias-villa-maria\/wp-content\/uploads\/2023\/04\/WhatsApp-Image-2023-04-03-at-12.29.10.jpeg?fit=1599%2C1066&ssl=1\",\"width\":1599,\"height\":1066},{\"@type\":\"BreadcrumbList\",\"@id\":\"http:\/\/elregionalvm.com.ar\/noticias-villa-maria\/durante-marzo-se-aplicaron-1-688-dosis-en-la-campana-de-vacunacion-antirrabica\/#breadcrumb\",\"itemListElement\":[{\"@type\":\"ListItem\",\"position\":1,\"name\":\"Portada\",\"item\":\"https:\/\/elregionalvm.com.ar\/noticias-villa-maria\/\"},{\"@type\":\"ListItem\",\"position\":2,\"name\":\"Durante marzo se aplicaron 1.688 dosis en la Campa\u00f1a de Vacunaci\u00f3n Antirr\u00e1bica\"}]},{\"@type\":\"WebSite\",\"@id\":\"http:\/\/elregionalvm.com.ar\/noticias-villa-maria\/#website\",\"url\":\"http:\/\/elregionalvm.com.ar\/noticias-villa-maria\/\",\"name\":\"El Regional\",\"description\":\"Mucho m\u00e1s que informaci\u00f3n\",\"potentialAction\":[{\"@type\":\"SearchAction\",\"target\":{\"@type\":\"EntryPoint\",\"urlTemplate\":\"http:\/\/elregionalvm.com.ar\/noticias-villa-maria\/?s={search_term_string}\"},\"query-input\":{\"@type\":\"PropertyValueSpecification\",\"valueRequired\":true,\"valueName\":\"search_term_string\"}}],\"inLanguage\":\"es\"},{\"@type\":\"Person\",\"@id\":\"http:\/\/elregionalvm.com.ar\/noticias-villa-maria\/#\/schema\/person\/a0fb9c422317faca23d50163151bc354\",\"name\":\"Contenidos El Regional\",\"image\":{\"@type\":\"ImageObject\",\"inLanguage\":\"es\",\"@id\":\"http:\/\/elregionalvm.com.ar\/noticias-villa-maria\/#\/schema\/person\/image\/\",\"url\":\"https:\/\/secure.gravatar.com\/avatar\/265b27cb2209af7bb3a1318f03305787d7981a5cc6e6cd08fe5a4ecdf99d4b48?s=96&d=mm&r=g\",\"contentUrl\":\"https:\/\/secure.gravatar.com\/avatar\/265b27cb2209af7bb3a1318f03305787d7981a5cc6e6cd08fe5a4ecdf99d4b48?s=96&d=mm&r=g\",\"caption\":\"Contenidos El Regional\"},\"url\":\"https:\/\/elregionalvm.com.ar\/noticias-villa-maria\/author\/contenido\/\"}]}<\/script>\n<!-- \/ Yoast SEO plugin. -->","yoast_head_json":{"title":"Durante marzo se aplicaron 1.688 dosis en la Campa\u00f1a de Vacunaci\u00f3n Antirr\u00e1bica - El Regional","robots":{"index":"index","follow":"follow","max-snippet":"max-snippet:-1","max-image-preview":"max-image-preview:large","max-video-preview":"max-video-preview:-1"},"canonical":"http:\/\/elregionalvm.com.ar\/noticias-villa-maria\/durante-marzo-se-aplicaron-1-688-dosis-en-la-campana-de-vacunacion-antirrabica\/","og_locale":"es_ES","og_type":"article","og_title":"Durante marzo se aplicaron 1.688 dosis en la Campa\u00f1a de Vacunaci\u00f3n Antirr\u00e1bica - El Regional","og_description":"La Campa\u00f1a de Vacunaci\u00f3n Antirr\u00e1bica avanza con resultados positivos, ya que durante marzo alcanz\u00f3 las 1.688 dosis aplicadas, entre caninos y felinos. La iniciativa se mantiene vigente hasta fines de abril con un perfil descentralizado y territorial, ya que el equipo de profesionales del Centro de Adopci\u00f3n Municipal (CAM) lleva adelante las inmunizaciones tanto en [&hellip;]","og_url":"http:\/\/elregionalvm.com.ar\/noticias-villa-maria\/durante-marzo-se-aplicaron-1-688-dosis-en-la-campana-de-vacunacion-antirrabica\/","og_site_name":"El Regional","article_publisher":"https:\/\/www.facebook.com\/elregionalvm","article_published_time":"2023-04-03T21:20:47+00:00","article_modified_time":"2023-04-03T21:20:48+00:00","og_image":[{"width":1599,"height":1066,"url":"http:\/\/elregionalvm.com.ar\/noticias-villa-maria\/wp-content\/uploads\/2023\/04\/WhatsApp-Image-2023-04-03-at-12.29.10.jpeg","type":"image\/jpeg"}],"author":"Contenidos El Regional","twitter_card":"summary_large_image","twitter_creator":"@elregionalvm1","twitter_site":"@elregionalvm1","twitter_misc":{"Escrito por":"Contenidos El Regional","Tiempo de lectura":"2 minutos"},"schema":{"@context":"https:\/\/schema.org","@graph":[{"@type":"Article","@id":"http:\/\/elregionalvm.com.ar\/noticias-villa-maria\/durante-marzo-se-aplicaron-1-688-dosis-en-la-campana-de-vacunacion-antirrabica\/#article","isPartOf":{"@id":"http:\/\/elregionalvm.com.ar\/noticias-villa-maria\/durante-marzo-se-aplicaron-1-688-dosis-en-la-campana-de-vacunacion-antirrabica\/"},"author":{"name":"Contenidos El Regional","@id":"http:\/\/elregionalvm.com.ar\/noticias-villa-maria\/#\/schema\/person\/a0fb9c422317faca23d50163151bc354"},"headline":"Durante marzo se aplicaron 1.688 dosis en la Campa\u00f1a de Vacunaci\u00f3n Antirr\u00e1bica","datePublished":"2023-04-03T21:20:47+00:00","dateModified":"2023-04-03T21:20:48+00:00","mainEntityOfPage":{"@id":"http:\/\/elregionalvm.com.ar\/noticias-villa-maria\/durante-marzo-se-aplicaron-1-688-dosis-en-la-campana-de-vacunacion-antirrabica\/"},"wordCount":375,"commentCount":0,"image":{"@id":"http:\/\/elregionalvm.com.ar\/noticias-villa-maria\/durante-marzo-se-aplicaron-1-688-dosis-en-la-campana-de-vacunacion-antirrabica\/#primaryimage"},"thumbnailUrl":"https:\/\/i0.wp.com\/elregionalvm.com.ar\/noticias-villa-maria\/wp-content\/uploads\/2023\/04\/WhatsApp-Image-2023-04-03-at-12.29.10.jpeg?fit=1599%2C1066&ssl=1","articleSection":["destacado","Sociedad","Villa Mar\u00eda"],"inLanguage":"es","potentialAction":[{"@type":"CommentAction","name":"Comment","target":["http:\/\/elregionalvm.com.ar\/noticias-villa-maria\/durante-marzo-se-aplicaron-1-688-dosis-en-la-campana-de-vacunacion-antirrabica\/#respond"]}]},{"@type":"WebPage","@id":"http:\/\/elregionalvm.com.ar\/noticias-villa-maria\/durante-marzo-se-aplicaron-1-688-dosis-en-la-campana-de-vacunacion-antirrabica\/","url":"http:\/\/elregionalvm.com.ar\/noticias-villa-maria\/durante-marzo-se-aplicaron-1-688-dosis-en-la-campana-de-vacunacion-antirrabica\/","name":"Durante marzo se aplicaron 1.688 dosis en la Campa\u00f1a de Vacunaci\u00f3n Antirr\u00e1bica - El Regional","isPartOf":{"@id":"http:\/\/elregionalvm.com.ar\/noticias-villa-maria\/#website"},"primaryImageOfPage":{"@id":"http:\/\/elregionalvm.com.ar\/noticias-villa-maria\/durante-marzo-se-aplicaron-1-688-dosis-en-la-campana-de-vacunacion-antirrabica\/#primaryimage"},"image":{"@id":"http:\/\/elregionalvm.com.ar\/noticias-villa-maria\/durante-marzo-se-aplicaron-1-688-dosis-en-la-campana-de-vacunacion-antirrabica\/#primaryimage"},"thumbnailUrl":"https:\/\/i0.wp.com\/elregionalvm.com.ar\/noticias-villa-maria\/wp-content\/uploads\/2023\/04\/WhatsApp-Image-2023-04-03-at-12.29.10.jpeg?fit=1599%2C1066&ssl=1","datePublished":"2023-04-03T21:20:47+00:00","dateModified":"2023-04-03T21:20:48+00:00","author":{"@id":"http:\/\/elregionalvm.com.ar\/noticias-villa-maria\/#\/schema\/person\/a0fb9c422317faca23d50163151bc354"},"breadcrumb":{"@id":"http:\/\/elregionalvm.com.ar\/noticias-villa-maria\/durante-marzo-se-aplicaron-1-688-dosis-en-la-campana-de-vacunacion-antirrabica\/#breadcrumb"},"inLanguage":"es","potentialAction":[{"@type":"ReadAction","target":["http:\/\/elregionalvm.com.ar\/noticias-villa-maria\/durante-marzo-se-aplicaron-1-688-dosis-en-la-campana-de-vacunacion-antirrabica\/"]}]},{"@type":"ImageObject","inLanguage":"es","@id":"http:\/\/elregionalvm.com.ar\/noticias-villa-maria\/durante-marzo-se-aplicaron-1-688-dosis-en-la-campana-de-vacunacion-antirrabica\/#primaryimage","url":"https:\/\/i0.wp.com\/elregionalvm.com.ar\/noticias-villa-maria\/wp-content\/uploads\/2023\/04\/WhatsApp-Image-2023-04-03-at-12.29.10.jpeg?fit=1599%2C1066&ssl=1","contentUrl":"https:\/\/i0.wp.com\/elregionalvm.com.ar\/noticias-villa-maria\/wp-content\/uploads\/2023\/04\/WhatsApp-Image-2023-04-03-at-12.29.10.jpeg?fit=1599%2C1066&ssl=1","width":1599,"height":1066},{"@type":"BreadcrumbList","@id":"http:\/\/elregionalvm.com.ar\/noticias-villa-maria\/durante-marzo-se-aplicaron-1-688-dosis-en-la-campana-de-vacunacion-antirrabica\/#breadcrumb","itemListElement":[{"@type":"ListItem","position":1,"name":"Portada","item":"https:\/\/elregionalvm.com.ar\/noticias-villa-maria\/"},{"@type":"ListItem","position":2,"name":"Durante marzo se aplicaron 1.688 dosis en la Campa\u00f1a de Vacunaci\u00f3n Antirr\u00e1bica"}]},{"@type":"WebSite","@id":"http:\/\/elregionalvm.com.ar\/noticias-villa-maria\/#website","url":"http:\/\/elregionalvm.com.ar\/noticias-villa-maria\/","name":"El Regional","description":"Mucho m\u00e1s que informaci\u00f3n","potentialAction":[{"@type":"SearchAction","target":{"@type":"EntryPoint","urlTemplate":"http:\/\/elregionalvm.com.ar\/noticias-villa-maria\/?s={search_term_string}"},"query-input":{"@type":"PropertyValueSpecification","valueRequired":true,"valueName":"search_term_string"}}],"inLanguage":"es"},{"@type":"Person","@id":"http:\/\/elregionalvm.com.ar\/noticias-villa-maria\/#\/schema\/person\/a0fb9c422317faca23d50163151bc354","name":"Contenidos El Regional","image":{"@type":"ImageObject","inLanguage":"es","@id":"http:\/\/elregionalvm.com.ar\/noticias-villa-maria\/#\/schema\/person\/image\/","url":"https:\/\/secure.gravatar.com\/avatar\/265b27cb2209af7bb3a1318f03305787d7981a5cc6e6cd08fe5a4ecdf99d4b48?s=96&d=mm&r=g","contentUrl":"https:\/\/secure.gravatar.com\/avatar\/265b27cb2209af7bb3a1318f03305787d7981a5cc6e6cd08fe5a4ecdf99d4b48?s=96&d=mm&r=g","caption":"Contenidos El Regional"},"url":"https:\/\/elregionalvm.com.ar\/noticias-villa-maria\/author\/contenido\/"}]}},"jetpack_featured_media_url":"https:\/\/i0.wp.com\/elregionalvm.com.ar\/noticias-villa-maria\/wp-content\/uploads\/2023\/04\/WhatsApp-Image-2023-04-03-at-12.29.10.jpeg?fit=1599%2C1066&ssl=1","jetpack_sharing_enabled":true,"_links":{"self":[{"href":"https:\/\/elregionalvm.com.ar\/noticias-villa-maria\/wp-json\/wp\/v2\/posts\/74141","targetHints":{"allow":["GET"]}}],"collection":[{"href":"https:\/\/elregionalvm.com.ar\/noticias-villa-maria\/wp-json\/wp\/v2\/posts"}],"about":[{"href":"https:\/\/elregionalvm.com.ar\/noticias-villa-maria\/wp-json\/wp\/v2\/types\/post"}],"author":[{"embeddable":true,"href":"https:\/\/elregionalvm.com.ar\/noticias-villa-maria\/wp-json\/wp\/v2\/users\/4"}],"replies":[{"embeddable":true,"href":"https:\/\/elregionalvm.com.ar\/noticias-villa-maria\/wp-json\/wp\/v2\/comments?post=74141"}],"version-history":[{"count":1,"href":"https:\/\/elregionalvm.com.ar\/noticias-villa-maria\/wp-json\/wp\/v2\/posts\/74141\/revisions"}],"predecessor-version":[{"id":74143,"href":"https:\/\/elregionalvm.com.ar\/noticias-villa-maria\/wp-json\/wp\/v2\/posts\/74141\/revisions\/74143"}],"wp:featuredmedia":[{"embeddable":true,"href":"https:\/\/elregionalvm.com.ar\/noticias-villa-maria\/wp-json\/wp\/v2\/media\/74142"}],"wp:attachment":[{"href":"https:\/\/elregionalvm.com.ar\/noticias-villa-maria\/wp-json\/wp\/v2\/media?parent=74141"}],"wp:term":[{"taxonomy":"category","embeddable":true,"href":"https:\/\/elregionalvm.com.ar\/noticias-villa-maria\/wp-json\/wp\/v2\/categories?post=74141"},{"taxonomy":"post_tag","embeddable":true,"href":"https:\/\/elregionalvm.com.ar\/noticias-villa-maria\/wp-json\/wp\/v2\/tags?post=74141"}],"curies":[{"name":"wp","href":"https:\/\/api.w.org\/{rel}","templated":true}]}}